{"id":38960,"date":"2025-07-09T18:59:56","date_gmt":"2025-07-10T00:59:56","guid":{"rendered":"https:\/\/soymigrante.com\/revista\/?p=38960"},"modified":"2025-07-30T10:20:53","modified_gmt":"2025-07-30T16:20:53","slug":"como-fue-vencido-cabrakan-el-gigante-de-los-terremotos-en-el-popol-vuh","status":"publish","type":"post","link":"https:\/\/soymigrante.com\/revista\/como-fue-vencido-cabrakan-el-gigante-de-los-terremotos-en-el-popol-vuh\/","title":{"rendered":"\u00bfC\u00f3mo fue vencido Cabrak\u00e1n, el gigante de los terremotos en el Popol Vuh?"},"content":{"rendered":"\t\t<div data-elementor-type=\"wp-post\" data-elementor-id=\"38960\" class=\"elementor elementor-38960\" data-elementor-post-type=\"post\">\n\t\t\t\t<div data-particle_enable=\"false\" data-particle-mobile-disabled=\"false\" class=\"elementor-element elementor-element-bac4622 e-flex e-con-boxed e-con e-parent\" data-id=\"bac4622\" data-element_type=\"container\" data-e-type=\"container\">\n\t\t\t\t\t<div class=\"e-con-inner\">\n\t\t\t\t<div class=\"elementor-element elementor-element-0e8991d elementor-widget elementor-widget-heading\" data-id=\"0e8991d\" data-element_type=\"widget\" data-e-type=\"widget\" data-widget_type=\"heading.default\">\n\t\t\t\t\t<h2 class=\"elementor-heading-title elementor-size-default\"><span style=\"font-size: 31.2px\">Cabrak\u00e1n, Kabraq'an o Cabrac\u00e1n era un poderoso personaje divino, causante de sismos y terremotos, seg\u00fan el Popol Vuh. Era hijo de Vucub Caquil y hermano de Zipacn\u00e1. Sus caracter\u00edsticas y c\u00f3mo fue vencido, te lo contamos aqu\u00ed.<\/span><\/h2>\t\t\t\t<\/div>\n\t\t\t\t<div class=\"elementor-element elementor-element-e7e5786 elementor-widget elementor-widget-html\" data-id=\"e7e5786\" data-element_type=\"widget\" data-e-type=\"widget\" data-widget_type=\"html.default\">\n\t\t\t\t\t<div id=\"buzzsprout-player-17484163\"><\/div><script src=\"https:\/\/www.buzzsprout.com\/2444168\/episodes\/17484163-cabrakan-el-gigante-de-los-terremotos-del-popol-vuh.js?container_id=buzzsprout-player-17484163&player=small\" type=\"text\/javascript\" charset=\"utf-8\"><\/script>\t\t\t\t<\/div>\n\t\t\t\t\t<\/div>\n\t\t\t\t<\/div>\n\t\t<div data-particle_enable=\"false\" data-particle-mobile-disabled=\"false\" class=\"elementor-element elementor-element-7b68459 e-flex e-con-boxed e-con e-parent\" data-id=\"7b68459\" data-element_type=\"container\" data-e-type=\"container\">\n\t\t\t\t\t<div class=\"e-con-inner\">\n\t\t\t\t<div class=\"elementor-element elementor-element-651f27f elementor-widget elementor-widget-text-editor\" data-id=\"651f27f\" data-element_type=\"widget\" data-e-type=\"widget\" data-widget_type=\"text-editor.default\">\n\t\t\t\t\t\t\t\t\t<p>En la cosmogon\u00eda maya del <a href=\"https:\/\/soymigrante.com\/revista\/el-popol-vuh-es-migrante-esta-en-chicago-y-8-datos-que-quiza-no-sabias\/\">Popol Vuh<\/a>, el personaje Cabrac\u00e1n, Kabraq&#8217;an o Cabrak\u00e1n. es el dios responsable de los temblores y terremotos. Su nombre en lengua k\u2019iche\u2019 significa &#8220;Dos Piernas&#8221;, y cuyos pasos colosales hac\u00edan sacudir la tierra y destru\u00eda monta\u00f1as, lo cual hac\u00eda para dificultar la vida de los humanos.<\/p><p>Hijo de Vucub Caquix y hermano de Zipacn\u00e1,\u00a0 Cabrac\u00e1n representa la fuerza bruta y descontrolada de la naturaleza, que a menudo causa da\u00f1o a las comunidades. Seg\u00fan el <a href=\"https:\/\/soymigrante.com\/revista\/el-popol-vuh-es-migrante-esta-en-chicago-y-8-datos-que-quiza-no-sabias\/\">Popol Vuh,<\/a> su arrogancia lo llev\u00f3 a desafiar a los dioses, presumiendo su capacidad de derribar cualquier cerro.\u00a0<\/p>\t\t\t\t\t\t\t\t<\/div>\n\t\t\t\t\t<\/div>\n\t\t\t\t<\/div>\n\t\t<div data-particle_enable=\"false\" data-particle-mobile-disabled=\"false\" class=\"elementor-element elementor-element-2d77f34 e-flex e-con-boxed e-con e-parent\" data-id=\"2d77f34\" data-element_type=\"container\" data-e-type=\"container\">\n\t\t\t\t\t<div class=\"e-con-inner\">\n\t\t\t\t<div class=\"elementor-element elementor-element-c81c360 elementor-widget elementor-widget-image\" data-id=\"c81c360\" data-element_type=\"widget\" data-e-type=\"widget\" data-widget_type=\"image.default\">\n\t\t\t\t\t\t\t\t\t\t\t\t<figure class=\"wp-caption\">\n\t\t\t\t\t\t\t\t\t\t<img fetchpriority=\"high\" decoding=\"async\" width=\"768\" height=\"419\" src=\"https:\/\/soymigrante.com\/revista\/wp-content\/uploads\/2025\/07\/vucub-caquix-y-sus-hijos-popol-vuh-1024x559.jpg\" class=\"attachment-large size-large wp-image-38964\" alt=\"Brujo ancestral azteca en una selva misteriosa con las caras de tecuani y naturaleza selv\u00e1tica, en un estilo ilustraci\u00f3n digital colorida y detallada para temas culturales y mitol\u00f3gicos.\" srcset=\"https:\/\/soymigrante.com\/revista\/wp-content\/uploads\/2025\/07\/vucub-caquix-y-sus-hijos-popol-vuh-1024x559.jpg 1024w, https:\/\/soymigrante.com\/revista\/wp-content\/uploads\/2025\/07\/vucub-caquix-y-sus-hijos-popol-vuh-300x164.jpg 300w, https:\/\/soymigrante.com\/revista\/wp-content\/uploads\/2025\/07\/vucub-caquix-y-sus-hijos-popol-vuh-768x419.jpg 768w, https:\/\/soymigrante.com\/revista\/wp-content\/uploads\/2025\/07\/vucub-caquix-y-sus-hijos-popol-vuh-750x409.jpg 750w, https:\/\/soymigrante.com\/revista\/wp-content\/uploads\/2025\/07\/vucub-caquix-y-sus-hijos-popol-vuh-1140x622.jpg 1140w, https:\/\/soymigrante.com\/revista\/wp-content\/uploads\/2025\/07\/vucub-caquix-y-sus-hijos-popol-vuh.webp 1408w\" sizes=\"(max-width: 768px) 100vw, 768px\" title=\"&quot;Vucub-ca-quix ten\u00eda dos hijos, el primero se llamaba Zipacn\u00e1 y el segundo se llamaba Cabrac\u00e1n. La madre de ellos se llamaba Chimalmat&quot;: Popol Vuh \u2013 SoyMigrante.com REVISTA\" \/>\t\t\t\t\t\t\t\t\t\t\t<figcaption class=\"widget-image-caption wp-caption-text\">Hombre mitol\u00f3gico con m\u00e1scara azteca gigante en una selva, rodeado de naturaleza y monta\u00f1as, representando cultura y tradici\u00f3n ind\u00edgena, en ilustraci\u00f3n digital.<\/figcaption>\n\t\t\t\t\t\t\t\t\t\t<\/figure>\n\t\t\t\t\t\t\t\t\t<\/div>\n\t\t\t\t\t<\/div>\n\t\t\t\t<\/div>\n\t\t<div data-particle_enable=\"false\" data-particle-mobile-disabled=\"false\" class=\"elementor-element elementor-element-0694c55 e-flex e-con-boxed e-con e-parent\" data-id=\"0694c55\" data-element_type=\"container\" data-e-type=\"container\">\n\t\t\t\t\t<div class=\"e-con-inner\">\n\t\t\t\t<div class=\"elementor-element elementor-element-d9bb449 elementor-widget elementor-widget-text-editor\" data-id=\"d9bb449\" data-element_type=\"widget\" data-e-type=\"widget\" data-widget_type=\"text-editor.default\">\n\t\t\t\t\t\t\t\t\t<p>Entonces los gemelos Hunahp\u00fa e Ixbalanqu\u00e9, buscaron la forma de derrotarlo. Sab\u00edan que su punto d\u00e9bil era la arena blanca.\u00a0 Como era muy voraz y se tragaba todo, los hermanos le ofrecieron un p\u00e1jaro asado en cuyo interior hab\u00edan ocultado un poco de tierra blanca.\u00a0<\/p><p>Al comer esto, Cabrac\u00e1n empez\u00f3 a debilitarse y ya no pudo mover las monta\u00f1as. En ese momento, los gemelos aprovecharon para amarrarlo y lo metieron en un agujero, luego lo enterraron con m\u00e1s arena blanca.\u00a0 <b>Pero t\u00fa puedes leer el relato tal como lo presenta el <a href=\"https:\/\/mcd.gob.gt\/wp-content\/uploads\/2022\/05\/1-Popol-Vuh-Traduccio%E2%95%A0un-de-Francisco-Xime%E2%95%A0unez-Lecturas-Bicentenarias.pdf\">Popol Vuh<\/a> a continuaci\u00f3n<\/b><\/p>\t\t\t\t\t\t\t\t<\/div>\n\t\t\t\t\t<\/div>\n\t\t\t\t<\/div>\n\t\t<div data-particle_enable=\"false\" data-particle-mobile-disabled=\"false\" class=\"elementor-element elementor-element-2ed777d e-flex e-con-boxed e-con e-parent\" data-id=\"2ed777d\" data-element_type=\"container\" data-e-type=\"container\">\n\t\t\t\t\t<div class=\"e-con-inner\">\n\t\t\t\t<div class=\"elementor-element elementor-element-10146ca elementor-widget elementor-widget-image\" data-id=\"10146ca\" data-element_type=\"widget\" data-e-type=\"widget\" data-widget_type=\"image.default\">\n\t\t\t\t\t\t\t\t\t\t\t\t<figure class=\"wp-caption\">\n\t\t\t\t\t\t\t\t\t\t<img decoding=\"async\" width=\"768\" height=\"419\" src=\"https:\/\/soymigrante.com\/revista\/wp-content\/uploads\/2025\/07\/cabracan-o-cabrakan-dios-maya-de-los-terremotos-5-1024x559.jpg\" class=\"attachment-large size-large wp-image-38965\" alt=\"Gigante mexica en toda su gloria en un paisaje monta\u00f1oso con cascada y \u00e1rboles en el fondo, ilustraci\u00f3n de cultura ind\u00edgena mexicana para revista SoyMigrante.com REVISTA alt text.\" srcset=\"https:\/\/soymigrante.com\/revista\/wp-content\/uploads\/2025\/07\/cabracan-o-cabrakan-dios-maya-de-los-terremotos-5-1024x559.jpg 1024w, https:\/\/soymigrante.com\/revista\/wp-content\/uploads\/2025\/07\/cabracan-o-cabrakan-dios-maya-de-los-terremotos-5-300x164.jpg 300w, https:\/\/soymigrante.com\/revista\/wp-content\/uploads\/2025\/07\/cabracan-o-cabrakan-dios-maya-de-los-terremotos-5-768x419.jpg 768w, https:\/\/soymigrante.com\/revista\/wp-content\/uploads\/2025\/07\/cabracan-o-cabrakan-dios-maya-de-los-terremotos-5-750x409.webp 750w, https:\/\/soymigrante.com\/revista\/wp-content\/uploads\/2025\/07\/cabracan-o-cabrakan-dios-maya-de-los-terremotos-5-1140x622.webp 1140w, https:\/\/soymigrante.com\/revista\/wp-content\/uploads\/2025\/07\/cabracan-o-cabrakan-dios-maya-de-los-terremotos-5.webp 1408w\" sizes=\"(max-width: 768px) 100vw, 768px\" title=\"&quot;Cabrac\u00e1n meneaba y hac\u00eda temblar los montes grandes y chicos, y as\u00ed tambi\u00e9n se ensoberbecieron estos dos hijos de Vucub-ca-quix&quot;: Popol Vuh \u2013 SoyMigrante.com REVISTA\" \/>\t\t\t\t\t\t\t\t\t\t\t<figcaption class=\"widget-image-caption wp-caption-text\">Gobierno, cultura prehisp\u00e1nica, historia, arte ind\u00edgena, mitolog\u00eda, civilizaci\u00f3n ancestral, leyendas, patrimonio cultural, mural, ilustraci\u00f3n digital.<\/figcaption>\n\t\t\t\t\t\t\t\t\t\t<\/figure>\n\t\t\t\t\t\t\t\t\t<\/div>\n\t\t\t\t\t<\/div>\n\t\t\t\t<\/div>\n\t\t<div data-particle_enable=\"false\" data-particle-mobile-disabled=\"false\" class=\"elementor-element elementor-element-7735660 e-flex e-con-boxed e-con e-parent\" data-id=\"7735660\" data-element_type=\"container\" data-e-type=\"container\">\n\t\t\t\t\t<div class=\"e-con-inner\">\n\t\t\t\t<div class=\"elementor-element elementor-element-7407e39 elementor-widget elementor-widget-heading\" data-id=\"7407e39\" data-element_type=\"widget\" data-e-type=\"widget\" data-widget_type=\"heading.default\">\n\t\t\t\t\t<h3 class=\"elementor-heading-title elementor-size-default\">Relato del Popol Vuh de la derrota de Cabrac\u00e1n<\/h3>\t\t\t\t<\/div>\n\t\t\t\t\t<\/div>\n\t\t\t\t<\/div>\n\t\t<div data-particle_enable=\"false\" data-particle-mobile-disabled=\"false\" class=\"elementor-element elementor-element-2abd5b0 e-flex e-con-boxed e-con e-parent\" data-id=\"2abd5b0\" data-element_type=\"container\" data-e-type=\"container\">\n\t\t\t\t\t<div class=\"e-con-inner\">\n\t\t\t\t<div class=\"elementor-element elementor-element-2aa5999 elementor-widget elementor-widget-text-editor\" data-id=\"2aa5999\" data-element_type=\"widget\" data-e-type=\"widget\" data-widget_type=\"text-editor.default\">\n\t\t\t\t\t\t\t\t\t<p><i>\u201cYo soy el que destruyo los cerros\u201d dec\u00eda Cabrac\u00e1n, quien actualmente estaba meneando los montes, apenas los meneaba un poco, dando golpes con los pies en la tierra: luego se desgajaban los peque\u00f1os y grandes montes, y siendo entonces encontrado por los dos muchachos le preguntaron: \u201c\u00bfA d\u00f3nde vas, muchacho?\u201d.\u00a0<\/i><\/p><p><i>\u201cNo voy a parte alguna\u201d, dijo \u00e9l, \u201csolo estoy derribando cerros aqu\u00ed y as\u00ed estar\u00e9 para siempre derrib\u00e1ndolos\u201d. Entonces Cabrac\u00e1n le dijo a Hunahp\u00fa y Xbalanqu\u00e9: \u201c\u00bfA qu\u00e9 ven\u00eds, no os conozco, ni s\u00e9 a qu\u00e9 es vuestra venida; c\u00f3mo os llam\u00e1is?\u201d.<\/i><\/p><p><i>\u201cNo tenemos nombre\u201d, dijeron ellos, \u201csolo somos tiradores de cerbatana y cazadores de liga por los montes, somos pobres y no tenemos cosa alguna, andamos por los montes grandes y chicos; all\u00e1 en el nacimiento del Sol vimos un cerro grande y es muy fragante su dulzura, es tan alto que se sube sobre todos los cerros y as\u00ed no hemos podido, como es tan alto, coger p\u00e1jaro alguno. Si es verdad que t\u00fa derribas los cerros ahora nos ayudar\u00e1s\u201d, dijeron Hunahp\u00fa y Xbalanqu\u00e9.<\/i><\/p><p><i>\u201cEso es verdad\u201d, dijo Cabrac\u00e1n. \u201c\u00bfHab\u00e9is visto ese cerro que dec\u00eds?\u201d. \u201c\u00bfD\u00f3nde est\u00e1?, lo ver\u00e9 y lo echar\u00e9 abajo. \u00bfD\u00f3nde lo visteis?\u201d. \u201cAll\u00e1\u201d, dijeron ellos, \u201cest\u00e1 donde el Sol nace\u201d.\u00a0<\/i><\/p>\t\t\t\t\t\t\t\t<\/div>\n\t\t\t\t\t<\/div>\n\t\t\t\t<\/div>\n\t\t<div data-particle_enable=\"false\" data-particle-mobile-disabled=\"false\" class=\"elementor-element elementor-element-90d5779 e-flex e-con-boxed e-con e-parent\" data-id=\"90d5779\" data-element_type=\"container\" data-e-type=\"container\">\n\t\t\t\t\t<div class=\"e-con-inner\">\n\t\t\t\t<div class=\"elementor-element elementor-element-1a23f14 elementor-widget elementor-widget-image\" data-id=\"1a23f14\" data-element_type=\"widget\" data-e-type=\"widget\" data-widget_type=\"image.default\">\n\t\t\t\t\t\t\t\t\t\t\t\t<figure class=\"wp-caption\">\n\t\t\t\t\t\t\t\t\t\t<img decoding=\"async\" width=\"768\" height=\"768\" src=\"https:\/\/soymigrante.com\/revista\/wp-content\/uploads\/2025\/07\/cabracan-y-los-gemelos-hunahpu-e-ixbalanque.webp\" class=\"attachment-large size-large wp-image-38966\" alt=\"Gigante mitol\u00f3gico en un paisaje monta\u00f1oso, interacci\u00f3n con dos figuras humanas, cultura ind\u00edgena y leyendas, escenario dram\u00e1tico y misterioso, representaci\u00f3n de mitos ancestrales, arte digital fantasy, relevante para contenidos culturales y mitol\u00f3gicos.\" srcset=\"https:\/\/soymigrante.com\/revista\/wp-content\/uploads\/2025\/07\/cabracan-y-los-gemelos-hunahpu-e-ixbalanque.webp 1024w, https:\/\/soymigrante.com\/revista\/wp-content\/uploads\/2025\/07\/cabracan-y-los-gemelos-hunahpu-e-ixbalanque-300x300.jpg 300w, https:\/\/soymigrante.com\/revista\/wp-content\/uploads\/2025\/07\/cabracan-y-los-gemelos-hunahpu-e-ixbalanque-150x150.jpg 150w, https:\/\/soymigrante.com\/revista\/wp-content\/uploads\/2025\/07\/cabracan-y-los-gemelos-hunahpu-e-ixbalanque-768x768.jpg 768w, https:\/\/soymigrante.com\/revista\/wp-content\/uploads\/2025\/07\/cabracan-y-los-gemelos-hunahpu-e-ixbalanque-75x75.webp 75w, https:\/\/soymigrante.com\/revista\/wp-content\/uploads\/2025\/07\/cabracan-y-los-gemelos-hunahpu-e-ixbalanque-750x750.webp 750w\" sizes=\"(max-width: 768px) 100vw, 768px\" title=\"Los gemelos Hunahpu e Ixbalanqu\u00e9 idearon un plan para enga\u00f1ar a Cabrac\u00e1n y hacerlo comer cierto tipo de tierra blanca que lo debilitaba. \u2013 SoyMigrante.com REVISTA\" \/>\t\t\t\t\t\t\t\t\t\t\t<figcaption class=\"widget-image-caption wp-caption-text\">Imponente gigante monstruo de cultura y mitolog\u00eda andina en un escenario monta\u00f1oso, con exploradores ind\u00edgenas en primer plano, evocando leyendas y tradiciones de Am\u00e9rica Latina.<\/figcaption>\n\t\t\t\t\t\t\t\t\t\t<\/figure>\n\t\t\t\t\t\t\t\t\t<\/div>\n\t\t\t\t\t<\/div>\n\t\t\t\t<\/div>\n\t\t<div data-particle_enable=\"false\" data-particle-mobile-disabled=\"false\" class=\"elementor-element elementor-element-5578abd e-flex e-con-boxed e-con e-parent\" data-id=\"5578abd\" data-element_type=\"container\" data-e-type=\"container\">\n\t\t\t\t\t<div class=\"e-con-inner\">\n\t\t\t\t<div class=\"elementor-element elementor-element-0992e84 elementor-widget elementor-widget-text-editor\" data-id=\"0992e84\" data-element_type=\"widget\" data-e-type=\"widget\" data-widget_type=\"text-editor.default\">\n\t\t\t\t\t\t\t\t\t<p><i>\u201cEst\u00e1 bien, tomad el camino\u201d, dijo Cabrac\u00e1n. \u201cNo ha de ser as\u00ed, sino que tenemos dividirnos; uno ir\u00e1 a mano derecha y otro a mano izquierda porque llevamos nuestras cerbatanas, y si hubiere alg\u00fan p\u00e1jaro, le tiraremos\u201d.\u00a0<\/i><\/p><p><i>As\u00ed iban alegres tirando a los p\u00e1jaros iba maravillado Cabrac\u00e1n; entonces los muchachos sacaron fuego y se pusieron a asar los p\u00e1jaros; a un p\u00e1jaro le untaron tierra blanca.\u00a0 \u201cEste le daremos cuando le insista el deseo oliendo su fragancia, este p\u00e1jaro nuestro le ha de vencer\u201d, dijeron ellos y le untaron ellos la tierra, \u201cporque venci\u00e9ndolo ha de caer en la tierra y en la tierra ha de ser enterrado\u201d.\u00a0<\/i><\/p><p><i>Entonces le daban vueltas sobre el fuego al p\u00e1jaro y ya estaba amarillo y le chorreaba el pringue a los p\u00e1jaros, les sal\u00eda el olor muy fragante y Cabrac\u00e1n estaba deseos\u00edsimo de comerlos, la boca se le hac\u00eda agua, la baba y la saliva se le ca\u00edan por la fragancia, que de los p\u00e1jaros sal\u00eda. Y entonces pregunt\u00f3: \u00bfDe qu\u00e9 es esta comida vuestra, que de verdad es muy suave el olor que siento, dadme un poco\u201d. Esto dijo y entonces le fue dando un p\u00e1jaro a Cabrac\u00e1n para su destrucci\u00f3n.\u00a0<\/i><\/p><p><i>Luego se acab\u00f3 el p\u00e1jaro y entonces se fueron y llegaron al nacimiento del Sol, donde estaba aquel gran cerro. Ya entonces Cabrac\u00e1n\u00a0 no ten\u00eda fuerza en sus manos y pies por aquella tierra que le untaron al p\u00e1jaro que comi\u00f3, ya no pudo hacer cosa alguna a los montes, ni pudo derribarlos. Entonces los muchachos le ataron las manos atr\u00e1s, y tambi\u00e9n los pies, entre los dos; luego lo arrojaron al suelo y lo enterraron, y as\u00ed fue vencido Cabrac\u00e1n por Hunahp\u00fa y Xbalanqu\u00e9&#8221;.<\/i><\/p>\t\t\t\t\t\t\t\t<\/div>\n\t\t\t\t\t<\/div>\n\t\t\t\t<\/div>\n\t\t<div data-particle_enable=\"false\" data-particle-mobile-disabled=\"false\" class=\"elementor-element elementor-element-f8f256f e-flex e-con-boxed e-con e-parent\" data-id=\"f8f256f\" data-element_type=\"container\" data-e-type=\"container\">\n\t\t\t\t\t<div class=\"e-con-inner\">\n\t\t\t\t<div class=\"elementor-element elementor-element-6f66f51 elementor-widget elementor-widget-image\" data-id=\"6f66f51\" data-element_type=\"widget\" data-e-type=\"widget\" data-widget_type=\"image.default\">\n\t\t\t\t\t\t\t\t\t\t\t\t<figure class=\"wp-caption\">\n\t\t\t\t\t\t\t\t\t\t<img loading=\"lazy\" decoding=\"async\" width=\"768\" height=\"497\" src=\"https:\/\/soymigrante.com\/revista\/wp-content\/uploads\/2025\/07\/cabracan-o-cabrakan-dios-maya-de-los-terremotos-4.webp\" class=\"attachment-large size-large wp-image-38967\" alt=\"Ancestro mesoamericano con m\u00e1scara y penacho de plumas, sosteniendo una antorcha y una bola de fuego, en un paisaje monta\u00f1oso con cielo estrellado y tonalidades vibrantes, representando cultura ind\u00edgena.\" srcset=\"https:\/\/soymigrante.com\/revista\/wp-content\/uploads\/2025\/07\/cabracan-o-cabrakan-dios-maya-de-los-terremotos-4.webp 1024w, https:\/\/soymigrante.com\/revista\/wp-content\/uploads\/2025\/07\/cabracan-o-cabrakan-dios-maya-de-los-terremotos-4-300x194.jpg 300w, https:\/\/soymigrante.com\/revista\/wp-content\/uploads\/2025\/07\/cabracan-o-cabrakan-dios-maya-de-los-terremotos-4-768x497.jpg 768w, https:\/\/soymigrante.com\/revista\/wp-content\/uploads\/2025\/07\/cabracan-o-cabrakan-dios-maya-de-los-terremotos-4-750x485.webp 750w\" sizes=\"(max-width: 768px) 100vw, 768px\" title=\"Cabrac\u00e1n sigui\u00f3 a los gemelos, que iban cazando p\u00e1jaros con sus cerbatanas. Ellos se pusieron a asar una de las aves que desped\u00eda un olor delicioso. \u2013 SoyMigrante.com REVISTA\" \/>\t\t\t\t\t\t\t\t\t\t\t<figcaption class=\"widget-image-caption wp-caption-text\">Una ilustraci\u00f3n digital de una m\u00e1scara azteca con dioses m\u00e1gicos, en un paisaje monta\u00f1oso con cielo estrellado, para reforzar contenido cultural y migrante en Revista SoyMigrante.com.<\/figcaption>\n\t\t\t\t\t\t\t\t\t\t<\/figure>\n\t\t\t\t\t\t\t\t\t<\/div>\n\t\t\t\t\t<\/div>\n\t\t\t\t<\/div>\n\t\t<div data-particle_enable=\"false\" data-particle-mobile-disabled=\"false\" class=\"elementor-element elementor-element-1935fc8 e-flex e-con-boxed e-con e-parent\" data-id=\"1935fc8\" data-element_type=\"container\" data-e-type=\"container\">\n\t\t\t\t\t<div class=\"e-con-inner\">\n\t\t\t\t<div class=\"elementor-element elementor-element-c275b3d elementor-widget elementor-widget-text-editor\" data-id=\"c275b3d\" data-element_type=\"widget\" data-e-type=\"widget\" data-widget_type=\"text-editor.default\">\n\t\t\t\t\t\t\t\t\t<p>Sin embargo, la tradici\u00f3n oral maya sostiene que cada temblor o terremoto se produce cuando Cabrac\u00e1n, enterrado, se mueve o intenta salir del agujero en el que se encuentra en lo profundo de la tierra.\u00a0<\/p><p>Esta visi\u00f3n ancestral no niega<a href=\"https:\/\/soymigrante.com\/revista\/por-que-tiembla-tanto-en-guatemala-una-explicacion-tecnica-y-comprensible\/\"> la explicaci\u00f3n cient\u00edfica \u2014basada en placas tect\u00f3nicas y fallas geol\u00f3gicas\u2014,<\/a> sino que ofrece una interpretaci\u00f3n simb\u00f3lica del poder natural.<\/p><p>Para muchos pueblos mayas, Cabrac\u00e1n no solo explica los sismos, sino que recuerda el respeto que debe tenerse hacia la tierra. As\u00ed tambi\u00e9n la soluci\u00f3n encontrada por los gemelos para atraparlo demuestra el poder de la inteligencia sobre la fuerza bruta y la naturaleza, a la cual siempre se debe respetar. En tiempos de crisis ambiental, Cabrac\u00e1n es m\u00e1s que un mito puesto que constituye un llamado a la humildad ante la fuerza del planeta.<\/p>\t\t\t\t\t\t\t\t<\/div>\n\t\t\t\t\t<\/div>\n\t\t\t\t<\/div>\n\t\t<div data-particle_enable=\"false\" data-particle-mobile-disabled=\"false\" class=\"elementor-element elementor-element-e563e1b e-flex e-con-boxed e-con e-parent\" data-id=\"e563e1b\" data-element_type=\"container\" data-e-type=\"container\">\n\t\t\t\t\t<div class=\"e-con-inner\">\n\t\t\t\t<div class=\"elementor-element elementor-element-b5dbae5 elementor-widget elementor-widget-heading\" data-id=\"b5dbae5\" data-element_type=\"widget\" data-e-type=\"widget\" data-widget_type=\"heading.default\">\n\t\t\t\t\t<h2 class=\"elementor-heading-title elementor-size-default\">Cosmovisi\u00f3n y legado ancestral<\/h2>\t\t\t\t<\/div>\n\t\t\t\t\t<\/div>\n\t\t\t\t<\/div>\n\t\t<div data-particle_enable=\"false\" data-particle-mobile-disabled=\"false\" class=\"elementor-element elementor-element-95ffe1a e-flex e-con-boxed e-con e-parent\" data-id=\"95ffe1a\" data-element_type=\"container\" data-e-type=\"container\">\n\t\t\t\t\t<div class=\"e-con-inner\">\n\t\t\t\t<div class=\"elementor-element elementor-element-fdbf710 elementor-grid-eael-col-3 elementor-grid-tablet-eael-col-2 elementor-grid-mobile-eael-col-1 elementor-invisible elementor-widget elementor-widget-eael-post-grid\" data-id=\"fdbf710\" data-element_type=\"widget\" data-e-type=\"widget\" data-settings=\"{&quot;eael_post_grid_columns&quot;:&quot;eael-col-3&quot;,&quot;_animation&quot;:&quot;rollIn&quot;,&quot;eael_post_grid_columns_tablet&quot;:&quot;eael-col-2&quot;,&quot;eael_post_grid_columns_mobile&quot;:&quot;eael-col-1&quot;}\" data-widget_type=\"eael-post-grid.default\">\n\t\t\t\t\t<div id=\"eael-post-grid-fdbf710\" class=\"eael-post-grid-container\">\n            <div class=\"eael-post-grid eael-post-appender eael-post-appender-fdbf710 eael-post-grid-style-one\" data-layout-mode=\"masonry\"><article class=\"eael-grid-post  eael-post-grid-column eael-pg-post-38855 category-guate-nuestra\" data-id=\"38855\">\n        <div class=\"eael-grid-post-holder\">\n            <div class=\"eael-grid-post-holder-inner\"><div class=\"eael-entry-media\"><div class=\"eael-entry-overlay fade-in\"><i class=\"far fa-hand-pointer\" aria-hidden=\"true\"><\/i><a href=\"https:\/\/soymigrante.com\/revista\/santa-maria-de-jesus-al-pie-del-volcan-de-agua-o-hunahpu\/\"><\/a><\/div><div class=\"eael-entry-thumbnail \">\n                <img loading=\"lazy\" decoding=\"async\" width=\"459\" height=\"459\" src=\"https:\/\/soymigrante.com\/revista\/wp-content\/uploads\/2025\/07\/Santa-maria-de-jesus-4-e1752080652762.webp\" class=\"attachment-large size-large wp-image-38856\" alt=\"Paisaje urbano y monta\u00f1as en una vista a\u00e9rea del pueblo en un entorno rural y natural en M\u00e9xico.\" srcset=\"https:\/\/soymigrante.com\/revista\/wp-content\/uploads\/2025\/07\/Santa-maria-de-jesus-4-e1752080652762.webp 459w, https:\/\/soymigrante.com\/revista\/wp-content\/uploads\/2025\/07\/Santa-maria-de-jesus-4-e1752080652762-300x300.jpg 300w, https:\/\/soymigrante.com\/revista\/wp-content\/uploads\/2025\/07\/Santa-maria-de-jesus-4-e1752080652762-150x150.jpg 150w, https:\/\/soymigrante.com\/revista\/wp-content\/uploads\/2025\/07\/Santa-maria-de-jesus-4-e1752080652762-75x75.webp 75w\" sizes=\"(max-width: 459px) 100vw, 459px\" \/>\n            <\/div>\n        <\/div><div class=\"eael-entry-wrapper\"><header class=\"eael-entry-header\"><h2 class=\"eael-entry-title\"><a class=\"eael-grid-post-link\" href=\"https:\/\/soymigrante.com\/revista\/santa-maria-de-jesus-al-pie-del-volcan-de-agua-o-hunahpu\/\" title=\"Santa Mar\u00eda de Jes\u00fas, al pie del Volc\u00e1n de Agua o Hunahp\u00fa\">Santa Mar\u00eda de Jes\u00fas, al pie del Volc\u00e1n de Agua o Hunahp\u00fa<\/a><\/h2><\/header><div class=\"eael-entry-content\">\n                        <div class=\"eael-grid-post-excerpt\"><a href=\"https:\/\/soymigrante.com\/revista\/santa-maria-de-jesus-al-pie-del-volcan-de-agua-o-hunahpu\/\" class=\"eael-post-elements-readmore-btn\">CONOCE SU HISTORIA <\/a><\/div>\n                    <\/div><\/div><\/div>\n        <\/div>\n    <\/article><article class=\"eael-grid-post  eael-post-grid-column eael-pg-post-38842 category-guate-nuestra\" data-id=\"38842\">\n        <div class=\"eael-grid-post-holder\">\n            <div class=\"eael-grid-post-holder-inner\"><div class=\"eael-entry-media\"><div class=\"eael-entry-overlay fade-in\"><i class=\"far fa-hand-pointer\" aria-hidden=\"true\"><\/i><a href=\"https:\/\/soymigrante.com\/revista\/por-que-tiembla-tanto-en-guatemala-una-explicacion-tecnica-y-comprensible\/\"><\/a><\/div><div class=\"eael-entry-thumbnail \">\n                <img loading=\"lazy\" decoding=\"async\" width=\"1024\" height=\"582\" src=\"https:\/\/soymigrante.com\/revista\/wp-content\/uploads\/2025\/07\/Por-que-tiembla-tanto-en-Guatemala-Una-explicacion-tecnica-y-comprensible-1-1024x582.jpeg\" class=\"attachment-large size-large wp-image-38843\" alt=\"Por qu\u00e9 tiembla tanto en Guatemala Una explicaci\u00f3n t\u00e9cnica y comprensible 1\" \/>\n            <\/div>\n        <\/div><div class=\"eael-entry-wrapper\"><header class=\"eael-entry-header\"><h2 class=\"eael-entry-title\"><a class=\"eael-grid-post-link\" href=\"https:\/\/soymigrante.com\/revista\/por-que-tiembla-tanto-en-guatemala-una-explicacion-tecnica-y-comprensible\/\" title=\"\u00bfPor qu\u00e9 hay tantos sismos en Guatemala? Una explicaci\u00f3n t\u00e9cnica y comprensible\">\u00bfPor qu\u00e9 hay tantos sismos en Guatemala? Una explicaci\u00f3n t\u00e9cnica y comprensible<\/a><\/h2><\/header><div class=\"eael-entry-content\">\n                        <div class=\"eael-grid-post-excerpt\"><a href=\"https:\/\/soymigrante.com\/revista\/por-que-tiembla-tanto-en-guatemala-una-explicacion-tecnica-y-comprensible\/\" class=\"eael-post-elements-readmore-btn\">CONOCE SU HISTORIA <\/a><\/div>\n                    <\/div><\/div><\/div>\n        <\/div>\n    <\/article><article class=\"eael-grid-post  eael-post-grid-column eael-pg-post-5754 category-guate-nuestra\" data-id=\"5754\">\n        <div class=\"eael-grid-post-holder\">\n            <div class=\"eael-grid-post-holder-inner\"><div class=\"eael-entry-media\"><div class=\"eael-entry-overlay fade-in\"><i class=\"far fa-hand-pointer\" aria-hidden=\"true\"><\/i><a href=\"https:\/\/soymigrante.com\/revista\/el-popol-vuh-es-migrante-esta-en-chicago-y-8-datos-que-quiza-no-sabias\/\"><\/a><\/div><div class=\"eael-entry-thumbnail \">\n                <img loading=\"lazy\" decoding=\"async\" width=\"805\" height=\"805\" src=\"https:\/\/soymigrante.com\/revista\/wp-content\/uploads\/2025\/05\/popol-vuh-feature-image.webp\" class=\"attachment-large size-large wp-image-35111\" alt=\"Popol Vuh, acuarela del maestro Maugdo V\u00e1squez. \u00bfEn donde est\u00e1 el manuscrito original del Popol Vuh, libro del pueblo maya k&#039;iche&#039; y Patrimonio Cultural de Guatemala?\" srcset=\"https:\/\/soymigrante.com\/revista\/wp-content\/uploads\/2025\/05\/popol-vuh-feature-image.webp 805w, https:\/\/soymigrante.com\/revista\/wp-content\/uploads\/2025\/05\/popol-vuh-feature-image-300x300.jpg 300w, https:\/\/soymigrante.com\/revista\/wp-content\/uploads\/2025\/05\/popol-vuh-feature-image-150x150.jpg 150w, https:\/\/soymigrante.com\/revista\/wp-content\/uploads\/2025\/05\/popol-vuh-feature-image-768x768.jpg 768w, https:\/\/soymigrante.com\/revista\/wp-content\/uploads\/2025\/05\/popol-vuh-feature-image-75x75.webp 75w, https:\/\/soymigrante.com\/revista\/wp-content\/uploads\/2025\/05\/popol-vuh-feature-image-750x750.jpg 750w\" sizes=\"(max-width: 805px) 100vw, 805px\" \/>\n            <\/div>\n        <\/div><div class=\"eael-entry-wrapper\"><header class=\"eael-entry-header\"><h2 class=\"eael-entry-title\"><a class=\"eael-grid-post-link\" href=\"https:\/\/soymigrante.com\/revista\/el-popol-vuh-es-migrante-esta-en-chicago-y-8-datos-que-quiza-no-sabias\/\" title=\"\u00bfEn donde est\u00e1  el manuscrito original del Popol Vuh, libro del pueblo maya k&#8217;iche&#8217; y Patrimonio Cultural de Guatemala?\">\u00bfEn donde est\u00e1  el manuscrito original del Popol Vuh, libro del pueblo maya k&#8217;iche&#8217; y Patrimonio Cultural de Guatemala?<\/a><\/h2><\/header><div class=\"eael-entry-content\">\n                        <div class=\"eael-grid-post-excerpt\"><a href=\"https:\/\/soymigrante.com\/revista\/el-popol-vuh-es-migrante-esta-en-chicago-y-8-datos-que-quiza-no-sabias\/\" class=\"eael-post-elements-readmore-btn\">CONOCE SU HISTORIA <\/a><\/div>\n                    <\/div><\/div><\/div>\n        <\/div>\n    <\/article><\/div>\n            <div class=\"clearfix\"><\/div>\n        <\/div>\t\t\t\t<\/div>\n\t\t\t\t\t<\/div>\n\t\t\t\t<\/div>\n\t\t\t\t<\/div>\n\t\t","protected":false},"excerpt":{"rendered":"<p>Cabrak\u00e1n, Kabraq&#8217;an o Cabrac\u00e1n era un poderoso personaje divino, causante de sismos y terremotos, seg\u00fan el Popol Vuh. Era hijo de Vucub Caquil y hermano de Zipacn\u00e1. Sus caracter\u00edsticas y c\u00f3mo fue vencido, te lo contamos aqu\u00ed. En la cosmogon\u00eda maya del Popol Vuh, el personaje Cabrac\u00e1n, Kabraq&#8217;an o Cabrak\u00e1n. es el dios responsable de [&hellip;]<\/p>\n","protected":false},"author":1,"featured_media":38961,"comment_status":"open","ping_status":"open","sticky":false,"template":"","format":"standard","meta":{"_acf_changed":false,"_eb_attr":"","footnotes":""},"categories":[58],"tags":[257],"class_list":["post-38960","post","type-post","status-publish","format-standard","has-post-thumbnail","hentry","category-guate-nuestra","tag-personajes-del-popol-vuh"],"acf":[],"aioseo_notices":[],"aioseo_head":"\n\t\t<!-- All in One SEO Pro 4.9.6.2 - aioseo.com -->\n\t<meta name=\"description\" content=\"El Popol Vuh es Libro Nacional de Guatemala desde 1972 y su d\u00eda se celebra cada 30 de mayo. El manuscrito original a\u00fan existe. \u00bfSabes en d\u00f3nde se encuentra?\" \/>\n\t<meta name=\"robots\" content=\"max-snippet:-1, max-image-preview:large, max-video-preview:-1\" \/>\n\t<meta name=\"author\" content=\"Gustavo Montenegro\"\/>\n\t<link rel=\"canonical\" href=\"https:\/\/soymigrante.com\/revista\/el-popol-vuh-es-migrante-esta-en-chicago-y-8-datos-que-quiza-no-sabias\/\" \/>\n\t<meta name=\"generator\" content=\"All in One SEO Pro (AIOSEO) 4.9.6.2\" \/>\n\n\t\t<link rel=\"preconnect\" href=\"https:\/\/fonts.googleapis.com\" crossorigin>\n<link rel=\"preconnect\" href=\"https:\/\/fonts.gstatic.com\" crossorigin>\n\t\t<meta property=\"og:locale\" content=\"es_ES\" \/>\n\t\t<meta property=\"og:site_name\" content=\"SoyMigrante.com REVISTA \u2013 Nuestra misi\u00f3n es reconocer y dignificar al migrante.\" \/>\n\t\t<meta property=\"og:type\" content=\"article\" \/>\n\t\t<meta property=\"og:title\" content=\"\u00bfEn d\u00f3nde est\u00e1 el manuscrito original del Popol Vuh?\" \/>\n\t\t<meta property=\"og:description\" content=\"El Popol Vuh es Libro Nacional de Guatemala desde 1972 y su d\u00eda se celebra cada 30 de mayo. El manuscrito original a\u00fan existe. \u00bfSabes en d\u00f3nde se encuentra?\" \/>\n\t\t<meta property=\"og:url\" content=\"https:\/\/soymigrante.com\/revista\/el-popol-vuh-es-migrante-esta-en-chicago-y-8-datos-que-quiza-no-sabias\/\" \/>\n\t\t<meta property=\"og:image\" content=\"https:\/\/soymigrante.com\/revista\/wp-content\/uploads\/2025\/05\/popol-vuh-feature-image.webp\" \/>\n\t\t<meta property=\"og:image:secure_url\" content=\"https:\/\/soymigrante.com\/revista\/wp-content\/uploads\/2025\/05\/popol-vuh-feature-image.webp\" \/>\n\t\t<meta property=\"og:image:width\" content=\"805\" \/>\n\t\t<meta property=\"og:image:height\" content=\"805\" \/>\n\t\t<meta property=\"article:published_time\" content=\"2025-05-30T15:32:46+00:00\" \/>\n\t\t<meta property=\"article:modified_time\" content=\"2025-09-17T14:09:27+00:00\" \/>\n\t\t<meta property=\"article:publisher\" content=\"https:\/\/www.facebook.com\/soymigrantecom\" \/>\n\t\t<meta name=\"twitter:card\" content=\"summary_large_image\" \/>\n\t\t<meta name=\"twitter:site\" content=\"@SoyMigrante_com\" \/>\n\t\t<meta name=\"twitter:title\" content=\"\u00bfEn d\u00f3nde est\u00e1 el manuscrito original del Popol Vuh?\" \/>\n\t\t<meta name=\"twitter:description\" content=\"El Popol Vuh es Libro Nacional de Guatemala desde 1972 y su d\u00eda se celebra cada 30 de mayo. El manuscrito original a\u00fan existe. \u00bfSabes en d\u00f3nde se encuentra?\" \/>\n\t\t<meta name=\"twitter:creator\" content=\"@SoyMigrante_com\" \/>\n\t\t<meta name=\"twitter:image\" content=\"https:\/\/soymigrante.com\/revista\/wp-content\/uploads\/2025\/05\/popol-vuh-feature-image.webp\" \/>\n\t\t<!-- All in One SEO Pro -->\r\n\t\t<title>\u00bfEn d\u00f3nde est\u00e1 el manuscrito original del Popol Vuh?<\/title>\n\n","aioseo_head_json":{"title":"\u00bfEn d\u00f3nde est\u00e1 el manuscrito original del Popol Vuh?","description":"El Popol Vuh es Libro Nacional de Guatemala desde 1972 y su d\u00eda se celebra cada 30 de mayo. El manuscrito original a\u00fan existe. \u00bfSabes en d\u00f3nde se encuentra?","canonical_url":"https:\/\/soymigrante.com\/revista\/el-popol-vuh-es-migrante-esta-en-chicago-y-8-datos-que-quiza-no-sabias\/","robots":"max-snippet:-1, max-image-preview:large, max-video-preview:-1","keywords":"","webmasterTools":{"miscellaneous":"&lt;link rel=\"preconnect\" href=\"https:\/\/fonts.googleapis.com\" crossorigin&gt;\n&lt;link rel=\"preconnect\" href=\"https:\/\/fonts.gstatic.com\" crossorigin&gt;"},"schema":null,"og:locale":"es_ES","og:site_name":"SoyMigrante.com REVISTA \u2013 Nuestra misi\u00f3n es reconocer y dignificar al migrante.","og:type":"article","og:title":"\u00bfEn d\u00f3nde est\u00e1 el manuscrito original del Popol Vuh?","og:description":"El Popol Vuh es Libro Nacional de Guatemala desde 1972 y su d\u00eda se celebra cada 30 de mayo. El manuscrito original a\u00fan existe. \u00bfSabes en d\u00f3nde se encuentra?","og:url":"https:\/\/soymigrante.com\/revista\/el-popol-vuh-es-migrante-esta-en-chicago-y-8-datos-que-quiza-no-sabias\/","og:image":"https:\/\/soymigrante.com\/revista\/wp-content\/uploads\/2025\/05\/popol-vuh-feature-image.webp","og:image:secure_url":"https:\/\/soymigrante.com\/revista\/wp-content\/uploads\/2025\/05\/popol-vuh-feature-image.webp","og:image:width":805,"og:image:height":805,"article:published_time":"2025-05-30T15:32:46+00:00","article:modified_time":"2025-09-17T14:09:27+00:00","article:publisher":"https:\/\/www.facebook.com\/soymigrantecom","twitter:card":"summary_large_image","twitter:site":"@SoyMigrante_com","twitter:title":"\u00bfEn d\u00f3nde est\u00e1 el manuscrito original del Popol Vuh?","twitter:description":"El Popol Vuh es Libro Nacional de Guatemala desde 1972 y su d\u00eda se celebra cada 30 de mayo. El manuscrito original a\u00fan existe. \u00bfSabes en d\u00f3nde se encuentra?","twitter:creator":"@SoyMigrante_com","twitter:image":"https:\/\/soymigrante.com\/revista\/wp-content\/uploads\/2025\/05\/popol-vuh-feature-image.webp"},"aioseo_meta_data":{"post_id":"38960","title":"\u00bfC\u00f3mo fue vencido Cabrak\u00e1n, el gigante de los terremotos?","description":"Este poderoso personaje figura en el Popol Vuh, libro sagrado maya, como el causante de fuertes terremotos. Huhahp\u00fa e Ixbalanqu\u00e9 lo derrotaron, as\u00ed","keywords":null,"keyphrases":{"focus":{"keyphrase":"Cabrak\u00e1n","score":60,"analysis":{"keyphraseInTitle":{"score":9,"maxScore":9,"error":0},"keyphraseInDescription":{"score":3,"maxScore":9,"error":1},"keyphraseLength":{"score":9,"maxScore":9,"error":0,"length":2},"keyphraseInURL":{"score":5,"maxScore":5,"error":0},"keyphraseInIntroduction":{"score":9,"maxScore":9,"error":0},"keyphraseInSubHeadings":{"score":3,"maxScore":9,"error":1},"keyphraseInImageAlt":{"score":3,"maxScore":9,"error":1},"keywordDensity":{"score":0,"type":"low","maxScore":9,"error":1}}},"additional":[{"keyphrase":"Cabrac\u00e1n","score":87,"analysis":{"keyphraseInDescription":{"score":3,"maxScore":9,"error":1},"keyphraseLength":{"score":9,"maxScore":9,"error":0,"length":2},"keyphraseInIntroduction":{"score":9,"maxScore":9,"error":0},"keyphraseInImageAlt":{"score":9,"maxScore":9,"error":0},"keywordDensity":{"type":"best","score":9,"maxScore":9,"error":0}}},{"keyphrase":"maya","score":67,"analysis":{"keyphraseInDescription":{"score":9,"maxScore":9,"error":0},"keyphraseLength":{"score":9,"maxScore":9,"error":0,"length":1},"keyphraseInIntroduction":{"score":9,"maxScore":9,"error":0},"keyphraseInImageAlt":{"score":3,"maxScore":9,"error":1},"keywordDensity":{"score":0,"type":"low","maxScore":9,"error":1}}}]},"primary_term":null,"canonical_url":null,"og_title":null,"og_description":null,"og_object_type":"default","og_image_type":"default","og_image_url":null,"og_image_width":null,"og_image_height":null,"og_image_custom_url":null,"og_image_custom_fields":null,"og_video":"","og_custom_url":null,"og_article_section":null,"og_article_tags":null,"twitter_use_og":false,"twitter_card":"default","twitter_image_type":"default","twitter_image_url":null,"twitter_image_custom_url":null,"twitter_image_custom_fields":null,"twitter_title":null,"twitter_description":null,"schema":{"blockGraphs":[],"customGraphs":[],"default":{"data":{"Article":[],"Course":[],"Dataset":[],"FAQPage":[],"Movie":[],"Person":[],"Product":[],"ProductReview":[],"Car":[],"Recipe":[],"Service":[],"SoftwareApplication":[],"WebPage":[]},"graphName":"none","isEnabled":true},"graphs":[]},"schema_type":"default","schema_type_options":null,"pillar_content":false,"robots_default":true,"robots_noindex":false,"robots_noarchive":false,"robots_nosnippet":false,"robots_nofollow":false,"robots_noimageindex":false,"robots_noodp":false,"robots_notranslate":false,"robots_max_snippet":"-1","robots_max_videopreview":"-1","robots_max_imagepreview":"large","priority":null,"frequency":"default","local_seo":null,"seo_analyzer_scan_date":"2025-10-09 06:41:39","breadcrumb_settings":null,"limit_modified_date":false,"reviewed_by":"0","open_ai":null,"ai":{"faqs":[],"keyPoints":[],"titles":[],"descriptions":[],"socialPosts":{"email":[],"linkedin":[],"twitter":[],"facebook":[],"instagram":[]}},"created":"2025-07-10 00:01:03","updated":"2026-02-05 02:53:50"},"aioseo_breadcrumb":"<div class=\"aioseo-breadcrumbs\"><span class=\"aioseo-breadcrumb\">\n\t<a href=\"https:\/\/soymigrante.com\/revista\" title=\"Home\">Home<\/a>\n<\/span><span class=\"aioseo-breadcrumb-separator\">\u00bb<\/span><span class=\"aioseo-breadcrumb\">\n\t<a href=\"https:\/\/soymigrante.com\/revista\/category\/guate-nuestra\/\" title=\"Guate Nuestra\">Guate Nuestra<\/a>\n<\/span><span class=\"aioseo-breadcrumb-separator\">\u00bb<\/span><span class=\"aioseo-breadcrumb\">\n\t\u00bfC\u00f3mo fue vencido Cabrak\u00e1n, el gigante de los terremotos en el Popol Vuh?\n<\/span><\/div>","aioseo_breadcrumb_json":[{"label":"Home","link":"https:\/\/soymigrante.com\/revista"},{"label":"Guate Nuestra","link":"https:\/\/soymigrante.com\/revista\/category\/guate-nuestra\/"},{"label":"\u00bfC\u00f3mo fue vencido Cabrak\u00e1n, el gigante de los terremotos en el Popol Vuh?","link":"https:\/\/soymigrante.com\/revista\/como-fue-vencido-cabrakan-el-gigante-de-los-terremotos-en-el-popol-vuh\/"}],"_links":{"self":[{"href":"https:\/\/soymigrante.com\/revista\/wp-json\/wp\/v2\/posts\/38960","targetHints":{"allow":["GET"]}}],"collection":[{"href":"https:\/\/soymigrante.com\/revista\/wp-json\/wp\/v2\/posts"}],"about":[{"href":"https:\/\/soymigrante.com\/revista\/wp-json\/wp\/v2\/types\/post"}],"author":[{"embeddable":true,"href":"https:\/\/soymigrante.com\/revista\/wp-json\/wp\/v2\/users\/1"}],"replies":[{"embeddable":true,"href":"https:\/\/soymigrante.com\/revista\/wp-json\/wp\/v2\/comments?post=38960"}],"version-history":[{"count":13,"href":"https:\/\/soymigrante.com\/revista\/wp-json\/wp\/v2\/posts\/38960\/revisions"}],"predecessor-version":[{"id":40810,"href":"https:\/\/soymigrante.com\/revista\/wp-json\/wp\/v2\/posts\/38960\/revisions\/40810"}],"wp:featuredmedia":[{"embeddable":true,"href":"https:\/\/soymigrante.com\/revista\/wp-json\/wp\/v2\/media\/38961"}],"wp:attachment":[{"href":"https:\/\/soymigrante.com\/revista\/wp-json\/wp\/v2\/media?parent=38960"}],"wp:term":[{"taxonomy":"category","embeddable":true,"href":"https:\/\/soymigrante.com\/revista\/wp-json\/wp\/v2\/categories?post=38960"},{"taxonomy":"post_tag","embeddable":true,"href":"https:\/\/soymigrante.com\/revista\/wp-json\/wp\/v2\/tags?post=38960"}],"curies":[{"name":"wp","href":"https:\/\/api.w.org\/{rel}","templated":true}]}}