{"id":38875,"date":"2025-07-10T17:43:37","date_gmt":"2025-07-10T23:43:37","guid":{"rendered":"https:\/\/soymigrante.com\/revista\/?p=38875"},"modified":"2025-07-10T17:53:40","modified_gmt":"2025-07-10T23:53:40","slug":"asi-era-por-dentro-el-calvario-de-santa-maria-de-jesus-y-un-plan-de-restauracion-que-no-ocurrio","status":"publish","type":"post","link":"https:\/\/soymigrante.com\/revista\/asi-era-por-dentro-el-calvario-de-santa-maria-de-jesus-y-un-plan-de-restauracion-que-no-ocurrio\/","title":{"rendered":"As\u00ed era por dentro El Calvario de Santa Mar\u00eda de Jes\u00fas y un plan de restauraci\u00f3n que no ocurri\u00f3"},"content":{"rendered":"\t\t<div data-elementor-type=\"wp-post\" data-elementor-id=\"38875\" class=\"elementor elementor-38875\" data-elementor-post-type=\"post\">\n\t\t\t\t<div data-particle_enable=\"false\" data-particle-mobile-disabled=\"false\" class=\"elementor-element elementor-element-bede47a e-flex e-con-boxed e-con e-parent\" data-id=\"bede47a\" data-element_type=\"container\" data-e-type=\"container\">\n\t\t\t\t\t<div class=\"e-con-inner\">\n\t\t\t\t<div class=\"elementor-element elementor-element-ac663cf elementor-widget elementor-widget-heading\" data-id=\"ac663cf\" data-element_type=\"widget\" data-e-type=\"widget\" data-widget_type=\"heading.default\">\n\t\t\t\t\t<h2 class=\"elementor-heading-title elementor-size-default\">La iglesia El Calvario en Santa Mar\u00eda de Jes\u00fas, Sacatep\u00e9quez, albergaba historia y ahora ha quedado destruida. Hace dos d\u00e9cadas, una tesis planteaba su restauraci\u00f3n y la de sus alrededores.\n<\/h2>\t\t\t\t<\/div>\n\t\t\t\t\t<\/div>\n\t\t\t\t<\/div>\n\t\t<div data-particle_enable=\"false\" data-particle-mobile-disabled=\"false\" class=\"elementor-element elementor-element-0ef8e6c e-flex e-con-boxed e-con e-parent\" data-id=\"0ef8e6c\" data-element_type=\"container\" data-e-type=\"container\">\n\t\t\t\t\t<div class=\"e-con-inner\">\n\t\t\t\t<div class=\"elementor-element elementor-element-0f4ccc6 elementor-widget elementor-widget-text-editor\" data-id=\"0f4ccc6\" data-element_type=\"widget\" data-e-type=\"widget\" data-widget_type=\"text-editor.default\">\n\t\t\t\t\t\t\t\t\t<p>La iglesia El Calvario de Santa Mar\u00eda de Jes\u00fas se alz\u00f3 por primera vez en el siglo\u202fXVII en<a href=\"https:\/\/soymigrante.com\/revista\/departamentos-de-guatemala-sacatepequez-surgio-en-1839-y-alguna-vez-tuvo-hasta-24-municipios\/\" target=\"_blank\" rel=\"noopener\"> las faldas del Volc\u00e1n de Agua,<\/a> arraigada a la devoci\u00f3n del Viacrucis. Seg\u00fan documentos coloniales, el templo fue fundado en 1618 y concluido hacia 1655 por los franciscanos, con un impresionante esquema manierista, triple p\u00f3rtico y tres espada\u00f1as caracter\u00edsticas.\u00a0<\/p><p>Esos 400 a\u00f1os de historia quedaron derru\u00eddos por los sismos del 8 de julio de 2025, que derribaron el atrio de esta joya colonial que se encontraba en mal estado. Hace 20 a\u00f1os, en 2005, <a href=\"http:\/\/biblioteca.usac.edu.gt\/tesis\/02\/02_1353.pdf\">la tesis del arquitecto Abraham P\u00e9rez Quan,<\/a> de la Universidad de San Carlos, hizo los an\u00e1lisis, proyecci\u00f3n y gr\u00e1ficos de \u00e7omo pod\u00eda revitalizarse este recinto y sus alrededores.\u00a0<\/p>\t\t\t\t\t\t\t\t<\/div>\n\t\t\t\t\t<\/div>\n\t\t\t\t<\/div>\n\t\t<div data-particle_enable=\"false\" data-particle-mobile-disabled=\"false\" class=\"elementor-element elementor-element-741b77c e-flex e-con-boxed e-con e-parent\" data-id=\"741b77c\" data-element_type=\"container\" data-e-type=\"container\">\n\t\t\t\t\t<div class=\"e-con-inner\">\n\t\t\t\t<div class=\"elementor-element elementor-element-33e0a39 elementor-widget elementor-widget-heading\" data-id=\"33e0a39\" data-element_type=\"widget\" data-e-type=\"widget\" data-widget_type=\"heading.default\">\n\t\t\t\t\t<h3 class=\"elementor-heading-title elementor-size-default\">Arquitectura y evoluci\u00f3n hist\u00f3rica<\/h3>\t\t\t\t<\/div>\n\t\t\t\t\t<\/div>\n\t\t\t\t<\/div>\n\t\t<div data-particle_enable=\"false\" data-particle-mobile-disabled=\"false\" class=\"elementor-element elementor-element-48b08a5 e-flex e-con-boxed e-con e-parent\" data-id=\"48b08a5\" data-element_type=\"container\" data-e-type=\"container\">\n\t\t\t\t\t<div class=\"e-con-inner\">\n\t\t\t\t<div class=\"elementor-element elementor-element-e4ff88c elementor-widget elementor-widget-text-editor\" data-id=\"e4ff88c\" data-element_type=\"widget\" data-e-type=\"widget\" data-widget_type=\"text-editor.default\">\n\t\t\t\t\t\t\t\t\t<p><strong>\u2022 Dise\u00f1o elegante<\/strong>: Su fachada y c\u00fapula presentaban influencias del barroco tard\u00edo mexicano, con columnas salom\u00f3nicas y b\u00f3vedas abocinadas que embellec\u00edan el atrio del Viacrucis.<br \/><strong>\u2022 Reconstrucciones tras sismos:<\/strong> Sufri\u00f3 da\u00f1os importantes despu\u00e9s <a href=\"https:\/\/soymigrante.com\/revista\/departamentos-de-guatemala-sacatepequez-surgio-en-1839-y-alguna-vez-tuvo-hasta-24-municipios\/\" target=\"_blank\" rel=\"noopener\">del terremoto de 1717, y nuevamente tras los de Santa Marta en 1773.<\/a> Fue restaurada en 1720 gracias al financiamiento del capit\u00e1n general Francisco Rodr\u00edguez de Rivas.<br \/><strong>\u2022 Materiales y t\u00e9cnicas<\/strong>: Su construcci\u00f3n incluy\u00f3 piedra volc\u00e1nica, ladrillo y mortero, y el fortalecimiento moderno incluy\u00f3 muros contrafuertes y estructuras de concreto armado tras sismos posteriores.<\/p>\t\t\t\t\t\t\t\t<\/div>\n\t\t\t\t\t<\/div>\n\t\t\t\t<\/div>\n\t\t<div data-particle_enable=\"false\" data-particle-mobile-disabled=\"false\" class=\"elementor-element elementor-element-17c9391 e-flex e-con-boxed e-con e-parent\" data-id=\"17c9391\" data-element_type=\"container\" data-e-type=\"container\">\n\t\t\t\t\t<div class=\"e-con-inner\">\n\t\t\t\t<div class=\"elementor-element elementor-element-f58c509 elementor-widget elementor-widget-heading\" data-id=\"f58c509\" data-element_type=\"widget\" data-e-type=\"widget\" data-widget_type=\"heading.default\">\n\t\t\t\t\t<h4 class=\"elementor-heading-title elementor-size-default\">Fotos dle interior del Calvario de Santa Mar\u00eda de Jes\u00fas en 2005. Tesis del arquitecto Abraham P\u00e9rez Quan<\/h4>\t\t\t\t<\/div>\n\t\t\t\t\t<\/div>\n\t\t\t\t<\/div>\n\t\t<div data-particle_enable=\"false\" data-particle-mobile-disabled=\"false\" class=\"elementor-element elementor-element-e3f89c8 e-flex e-con-boxed e-con e-parent\" data-id=\"e3f89c8\" data-element_type=\"container\" data-e-type=\"container\">\n\t\t\t\t\t<div class=\"e-con-inner\">\n\t\t\t\t<div class=\"elementor-element elementor-element-9f7f3b2 elementor-widget elementor-widget-image\" data-id=\"9f7f3b2\" data-element_type=\"widget\" data-e-type=\"widget\" data-widget_type=\"image.default\">\n\t\t\t\t\t\t\t\t\t\t\t\t\t\t\t<img fetchpriority=\"high\" decoding=\"async\" width=\"300\" height=\"231\" src=\"https:\/\/soymigrante.com\/revista\/wp-content\/uploads\/2025\/07\/el-calvario-santa-maria-de-jesus-2-300x231.jpeg\" class=\"attachment-medium size-medium wp-image-38885\" alt=\"Puerta de madera antigua en una habitaci\u00f3n deteriorada, en el contexto de historia y migraci\u00f3n, resaltando patrimonio cultural y condiciones de vida.\" srcset=\"https:\/\/soymigrante.com\/revista\/wp-content\/uploads\/2025\/07\/el-calvario-santa-maria-de-jesus-2-300x231.jpeg 300w, https:\/\/soymigrante.com\/revista\/wp-content\/uploads\/2025\/07\/el-calvario-santa-maria-de-jesus-2.webp 670w\" sizes=\"(max-width: 300px) 100vw, 300px\" \/>\t\t\t\t\t\t\t\t\t\t\t\t\t\t\t<\/div>\n\t\t\t\t\t<\/div>\n\t\t\t\t<\/div>\n\t\t<div data-particle_enable=\"false\" data-particle-mobile-disabled=\"false\" class=\"elementor-element elementor-element-63dcfcc e-flex e-con-boxed e-con e-parent\" data-id=\"63dcfcc\" data-element_type=\"container\" data-e-type=\"container\">\n\t\t\t\t\t<div class=\"e-con-inner\">\n\t\t\t\t<div class=\"elementor-element elementor-element-8e1e72e elementor-widget elementor-widget-image\" data-id=\"8e1e72e\" data-element_type=\"widget\" data-e-type=\"widget\" data-widget_type=\"image.default\">\n\t\t\t\t\t\t\t\t\t\t\t\t\t\t\t<img decoding=\"async\" width=\"228\" height=\"300\" src=\"https:\/\/soymigrante.com\/revista\/wp-content\/uploads\/2025\/07\/Captura-de-pantalla-2025-07-10-173932-228x300.png\" class=\"attachment-medium size-medium wp-image-39021\" alt=\"Pared de ladrillos y ventanas en interior de vivienda antigua, construcci\u00f3n simple y paredes sin acabado, ambiente r\u00fastico y desgastado.\" srcset=\"https:\/\/soymigrante.com\/revista\/wp-content\/uploads\/2025\/07\/Captura-de-pantalla-2025-07-10-173932-228x300.png 228w, https:\/\/soymigrante.com\/revista\/wp-content\/uploads\/2025\/07\/Captura-de-pantalla-2025-07-10-173932.webp 526w\" sizes=\"(max-width: 228px) 100vw, 228px\" \/>\t\t\t\t\t\t\t\t\t\t\t\t\t\t\t<\/div>\n\t\t\t\t\t<\/div>\n\t\t\t\t<\/div>\n\t\t<div data-particle_enable=\"false\" data-particle-mobile-disabled=\"false\" class=\"elementor-element elementor-element-f0450eb e-flex e-con-boxed e-con e-parent\" data-id=\"f0450eb\" data-element_type=\"container\" data-e-type=\"container\">\n\t\t\t\t\t<div class=\"e-con-inner\">\n\t\t\t\t<div class=\"elementor-element elementor-element-eb0b72f elementor-widget elementor-widget-image\" data-id=\"eb0b72f\" data-element_type=\"widget\" data-e-type=\"widget\" data-widget_type=\"image.default\">\n\t\t\t\t\t\t\t\t\t\t\t\t\t\t\t<img decoding=\"async\" width=\"300\" height=\"226\" src=\"https:\/\/soymigrante.com\/revista\/wp-content\/uploads\/2025\/07\/Captura-de-pantalla-2025-07-10-173920-300x226.png\" class=\"attachment-medium size-medium wp-image-39022\" alt=\"Tejado de madera en una construcci\u00f3n tradicional, con estructura de vigas y techo de madera, en un espacio rural o en proceso de construcci\u00f3n.\" srcset=\"https:\/\/soymigrante.com\/revista\/wp-content\/uploads\/2025\/07\/Captura-de-pantalla-2025-07-10-173920-300x226.png 300w, https:\/\/soymigrante.com\/revista\/wp-content\/uploads\/2025\/07\/Captura-de-pantalla-2025-07-10-173920.webp 719w\" sizes=\"(max-width: 300px) 100vw, 300px\" \/>\t\t\t\t\t\t\t\t\t\t\t\t\t\t\t<\/div>\n\t\t\t\t\t<\/div>\n\t\t\t\t<\/div>\n\t\t<div data-particle_enable=\"false\" data-particle-mobile-disabled=\"false\" class=\"elementor-element elementor-element-89e5ec4 e-flex e-con-boxed e-con e-parent\" data-id=\"89e5ec4\" data-element_type=\"container\" data-e-type=\"container\">\n\t\t\t\t\t<div class=\"e-con-inner\">\n\t\t\t\t<div class=\"elementor-element elementor-element-16250bc elementor-widget elementor-widget-image\" data-id=\"16250bc\" data-element_type=\"widget\" data-e-type=\"widget\" data-widget_type=\"image.default\">\n\t\t\t\t\t\t\t\t\t\t\t\t\t\t\t<img loading=\"lazy\" decoding=\"async\" width=\"228\" height=\"300\" src=\"https:\/\/soymigrante.com\/revista\/wp-content\/uploads\/2025\/07\/Captura-de-pantalla-2025-07-10-173940-228x300.png\" class=\"attachment-medium size-medium wp-image-39031\" alt=\"Puertas y ventanas en una casa en construcci\u00f3n o en estado de deterioro, con paredes de cemento sin acabados y estructura de madera en el techo.\" srcset=\"https:\/\/soymigrante.com\/revista\/wp-content\/uploads\/2025\/07\/Captura-de-pantalla-2025-07-10-173940-228x300.png 228w, https:\/\/soymigrante.com\/revista\/wp-content\/uploads\/2025\/07\/Captura-de-pantalla-2025-07-10-173940.webp 527w\" sizes=\"(max-width: 228px) 100vw, 228px\" \/>\t\t\t\t\t\t\t\t\t\t\t\t\t\t\t<\/div>\n\t\t\t\t\t<\/div>\n\t\t\t\t<\/div>\n\t\t<div data-particle_enable=\"false\" data-particle-mobile-disabled=\"false\" class=\"elementor-element elementor-element-a35bbfb e-flex e-con-boxed e-con e-parent\" data-id=\"a35bbfb\" data-element_type=\"container\" data-e-type=\"container\">\n\t\t\t\t\t<div class=\"e-con-inner\">\n\t\t\t\t<div class=\"elementor-element elementor-element-416eb4c elementor-widget elementor-widget-heading\" data-id=\"416eb4c\" data-element_type=\"widget\" data-e-type=\"widget\" data-widget_type=\"heading.default\">\n\t\t\t\t\t<h3 class=\"elementor-heading-title elementor-size-default\">Remodelaciones y vida contempor\u00e1nea<\/h3>\t\t\t\t<\/div>\n\t\t\t\t\t<\/div>\n\t\t\t\t<\/div>\n\t\t<div data-particle_enable=\"false\" data-particle-mobile-disabled=\"false\" class=\"elementor-element elementor-element-2d81040 e-flex e-con-boxed e-con e-parent\" data-id=\"2d81040\" data-element_type=\"container\" data-e-type=\"container\">\n\t\t\t\t\t<div class=\"e-con-inner\">\n\t\t\t\t<div class=\"elementor-element elementor-element-f5895e5 elementor-widget elementor-widget-text-editor\" data-id=\"f5895e5\" data-element_type=\"widget\" data-e-type=\"widget\" data-widget_type=\"text-editor.default\">\n\t\t\t\t\t\t\t\t\t<p>\u2022 Si bien muchas obras se han centrado en otros templos con mayor patrimonio,<a href=\"https:\/\/soymigrante.com\/revista\/departamentos-de-guatemala-sacatepequez-surgio-en-1839-y-alguna-vez-tuvo-hasta-24-municipios\/\" target=\"_blank\" rel=\"noopener\"> El Calvario tambi\u00e9n recibi\u00f3 atenci\u00f3n. Se han realizado intervenciones como el cambio de techado y restauraciones supervisadas<\/a> por entidades como CNPAG y religiosos franciscanos.<br \/>\u2022 En el siglo XX, el templo original fue modificado y parte reutilizada como museo temporal, mientras otro edificio nuevo se levant\u00f3 en 1926\u201332; en la d\u00e9cada de los 40, parte fue demolido durante la expansi\u00f3n urbana, salv\u00e1ndose gracias a traslado de piezas valiosas. <br \/>\u2022 <a href=\"http:\/\/biblioteca.usac.edu.gt\/tesis\/02\/02_1353.pdf\" target=\"_blank\" rel=\"noopener\">En el a\u00f1o 2005 se present\u00f3 una propuesta por parte de Augusto Abraham Perez Quan<\/a>, quien planteo en su tesis de arquitectura la reconstrucci\u00f3n de la iglesia y de varias zonas del municipio, esta iniciativa fue recibida por el Ministerio de Cultura y Deportes.<br \/>Nunca se hizo la restauraci\u00f3n que a su vez trazaba la transformaci\u00f3n de la calle de acceso al Calvario, para tener mayor atractivo tur\u00edstico.\u00a0<\/p>\t\t\t\t\t\t\t\t<\/div>\n\t\t\t\t\t<\/div>\n\t\t\t\t<\/div>\n\t\t<div data-particle_enable=\"false\" data-particle-mobile-disabled=\"false\" class=\"elementor-element elementor-element-7927087 e-flex e-con-boxed e-con e-parent\" data-id=\"7927087\" data-element_type=\"container\" data-e-type=\"container\">\n\t\t\t\t\t<div class=\"e-con-inner\">\n\t\t\t\t<div class=\"elementor-element elementor-element-efba3d4 elementor-widget elementor-widget-image\" data-id=\"efba3d4\" data-element_type=\"widget\" data-e-type=\"widget\" data-widget_type=\"image.default\">\n\t\t\t\t\t\t\t\t\t\t\t\t<figure class=\"wp-caption\">\n\t\t\t\t\t\t\t\t\t\t<img loading=\"lazy\" decoding=\"async\" width=\"1024\" height=\"595\" src=\"https:\/\/soymigrante.com\/revista\/wp-content\/uploads\/2025\/07\/Captura-de-pantalla-2025-07-09-140326-1024x595.png\" class=\"attachment-large size-large wp-image-38901\" alt=\"Im\u00e1genes de una iglesia colonial en construcci\u00f3n, detalles arquitect\u00f3nicos en estilo barroco, vistas tridimensionales para proyecto arquitect\u00f3nico, con cielo azul de fondo y personas en la plaza.\" srcset=\"https:\/\/soymigrante.com\/revista\/wp-content\/uploads\/2025\/07\/Captura-de-pantalla-2025-07-09-140326-1024x595.png 1024w, https:\/\/soymigrante.com\/revista\/wp-content\/uploads\/2025\/07\/Captura-de-pantalla-2025-07-09-140326-300x174.png 300w, https:\/\/soymigrante.com\/revista\/wp-content\/uploads\/2025\/07\/Captura-de-pantalla-2025-07-09-140326-768x446.png 768w, https:\/\/soymigrante.com\/revista\/wp-content\/uploads\/2025\/07\/Captura-de-pantalla-2025-07-09-140326-750x436.webp 750w, https:\/\/soymigrante.com\/revista\/wp-content\/uploads\/2025\/07\/Captura-de-pantalla-2025-07-09-140326.webp 1136w\" sizes=\"(max-width: 1024px) 100vw, 1024px\" \/>\t\t\t\t\t\t\t\t\t\t\t<figcaption class=\"widget-image-caption wp-caption-text\">Iglesia colonial en construcci\u00f3n con dise\u00f1o arquitect\u00f3nico barroco, vista 3D para proyecto, detalles arquitect\u00f3nicos y entorno urbano, destacando su estructura y entorno.<\/figcaption>\n\t\t\t\t\t\t\t\t\t\t<\/figure>\n\t\t\t\t\t\t\t\t\t<\/div>\n\t\t\t\t\t<\/div>\n\t\t\t\t<\/div>\n\t\t<div data-particle_enable=\"false\" data-particle-mobile-disabled=\"false\" class=\"elementor-element elementor-element-579670a e-flex e-con-boxed e-con e-parent\" data-id=\"579670a\" data-element_type=\"container\" data-e-type=\"container\">\n\t\t\t\t\t<div class=\"e-con-inner\">\n\t\t\t\t<div class=\"elementor-element elementor-element-27085a6 elementor-widget elementor-widget-image\" data-id=\"27085a6\" data-element_type=\"widget\" data-e-type=\"widget\" data-widget_type=\"image.default\">\n\t\t\t\t\t\t\t\t\t\t\t\t<figure class=\"wp-caption\">\n\t\t\t\t\t\t\t\t\t\t<img loading=\"lazy\" decoding=\"async\" width=\"957\" height=\"622\" src=\"https:\/\/soymigrante.com\/revista\/wp-content\/uploads\/2025\/07\/Captura-de-pantalla-2025-07-10-174040.webp\" class=\"attachment-large size-large wp-image-39024\" alt=\"Calle empedrada con casas tradicionales y personas caminando en un entorno colonial en un destino tur\u00edstico en M\u00e9xico.\" srcset=\"https:\/\/soymigrante.com\/revista\/wp-content\/uploads\/2025\/07\/Captura-de-pantalla-2025-07-10-174040.webp 957w, https:\/\/soymigrante.com\/revista\/wp-content\/uploads\/2025\/07\/Captura-de-pantalla-2025-07-10-174040-300x195.png 300w, https:\/\/soymigrante.com\/revista\/wp-content\/uploads\/2025\/07\/Captura-de-pantalla-2025-07-10-174040-768x499.png 768w, https:\/\/soymigrante.com\/revista\/wp-content\/uploads\/2025\/07\/Captura-de-pantalla-2025-07-10-174040-750x487.webp 750w\" sizes=\"(max-width: 957px) 100vw, 957px\" \/>\t\t\t\t\t\t\t\t\t\t\t<figcaption class=\"widget-image-caption wp-caption-text\">Paseo colonial en M\u00e9xico con calles empedradas y arquitectura hist\u00f3rica, ideal para turismo cultural en pa\u00edses hispanohablantes, promocionando destinos tradicionales y patrimonio.<\/figcaption>\n\t\t\t\t\t\t\t\t\t\t<\/figure>\n\t\t\t\t\t\t\t\t\t<\/div>\n\t\t\t\t\t<\/div>\n\t\t\t\t<\/div>\n\t\t<div data-particle_enable=\"false\" data-particle-mobile-disabled=\"false\" class=\"elementor-element elementor-element-6f1c352 e-flex e-con-boxed e-con e-parent\" data-id=\"6f1c352\" data-element_type=\"container\" data-e-type=\"container\">\n\t\t\t\t\t<div class=\"e-con-inner\">\n\t\t\t\t<div class=\"elementor-element elementor-element-2189216 elementor-widget elementor-widget-heading\" data-id=\"2189216\" data-element_type=\"widget\" data-e-type=\"widget\" data-widget_type=\"heading.default\">\n\t\t\t\t\t<h3 class=\"elementor-heading-title elementor-size-default\">Centro de espiritualidad y cultura derru\u00eddo<\/h3>\t\t\t\t<\/div>\n\t\t\t\t\t<\/div>\n\t\t\t\t<\/div>\n\t\t<div data-particle_enable=\"false\" data-particle-mobile-disabled=\"false\" class=\"elementor-element elementor-element-384f0ff e-flex e-con-boxed e-con e-parent\" data-id=\"384f0ff\" data-element_type=\"container\" data-e-type=\"container\">\n\t\t\t\t\t<div class=\"e-con-inner\">\n\t\t\t\t<div class=\"elementor-element elementor-element-a711baf elementor-widget elementor-widget-text-editor\" data-id=\"a711baf\" data-element_type=\"widget\" data-e-type=\"widget\" data-widget_type=\"text-editor.default\">\n\t\t\t\t\t\t\t\t\t<div><strong>\u2022 Herencia viva:<\/strong> No solo fue lugar de culto, sino epicentro de ceremonias de Semana Santa. El ambiente sagrado del sitio atra\u00eda iglesias, devotos y turistas, as\u00ed como conecta a comunidad con siglos de tradici\u00f3n.<\/div><div><strong>\u2022Decoraci\u00f3n distintiva:<\/strong> En sus mejores a\u00f1os, en la \u00e9poca colonial, en este templo hab\u00edaretablos, pinturas de los evangelistas y una imagen venerada del Cristo del Calvario, seg\u00fan detalla la tesis de P\u00e9rez Quan, aunque todo el ornamento original se extravi\u00f3 tras ruinas y traslados de la capital.<\/div>\t\t\t\t\t\t\t\t<\/div>\n\t\t\t\t\t<\/div>\n\t\t\t\t<\/div>\n\t\t<div data-particle_enable=\"false\" data-particle-mobile-disabled=\"false\" class=\"elementor-element elementor-element-f9a9622 e-flex e-con-boxed e-con e-parent\" data-id=\"f9a9622\" data-element_type=\"container\" data-e-type=\"container\">\n\t\t\t\t\t<div class=\"e-con-inner\">\n\t\t\t\t<div class=\"elementor-element elementor-element-3522ad8 elementor-widget elementor-widget-image\" data-id=\"3522ad8\" data-element_type=\"widget\" data-e-type=\"widget\" data-widget_type=\"image.default\">\n\t\t\t\t\t\t\t\t\t\t\t\t\t\t\t<img loading=\"lazy\" decoding=\"async\" width=\"480\" height=\"316\" src=\"https:\/\/soymigrante.com\/revista\/wp-content\/uploads\/2025\/07\/1990.webp\" class=\"attachment-large size-large wp-image-39025\" alt=\"Una vista de un pueblo rural con camino de tierra, casas sencillas y una iglesia al fondo, en un entorno tranquilo y tradicional de M\u00e9xico.\" srcset=\"https:\/\/soymigrante.com\/revista\/wp-content\/uploads\/2025\/07\/1990.webp 480w, https:\/\/soymigrante.com\/revista\/wp-content\/uploads\/2025\/07\/1990-300x198.jpg 300w\" sizes=\"(max-width: 480px) 100vw, 480px\" \/>\t\t\t\t\t\t\t\t\t\t\t\t\t\t\t<\/div>\n\t\t\t\t\t<\/div>\n\t\t\t\t<\/div>\n\t\t<div data-particle_enable=\"false\" data-particle-mobile-disabled=\"false\" class=\"elementor-element elementor-element-28748a9 e-flex e-con-boxed e-con e-parent\" data-id=\"28748a9\" data-element_type=\"container\" data-e-type=\"container\">\n\t\t\t\t\t<div class=\"e-con-inner\">\n\t\t\t\t<div class=\"elementor-element elementor-element-ec99b80 elementor-widget elementor-widget-heading\" data-id=\"ec99b80\" data-element_type=\"widget\" data-e-type=\"widget\" data-widget_type=\"heading.default\">\n\t\t\t\t\t<h3 class=\"elementor-heading-title elementor-size-default\">Sismo de julio 2025: colapso  <\/h3>\t\t\t\t<\/div>\n\t\t\t\t\t<\/div>\n\t\t\t\t<\/div>\n\t\t<div data-particle_enable=\"false\" data-particle-mobile-disabled=\"false\" class=\"elementor-element elementor-element-f48efea e-flex e-con-boxed e-con e-parent\" data-id=\"f48efea\" data-element_type=\"container\" data-e-type=\"container\">\n\t\t\t\t\t<div class=\"e-con-inner\">\n\t\t\t\t<div class=\"elementor-element elementor-element-f3f7123 elementor-widget elementor-widget-text-editor\" data-id=\"f3f7123\" data-element_type=\"widget\" data-e-type=\"widget\" data-widget_type=\"text-editor.default\">\n\t\t\t\t\t\t\t\t\t<p>Las intensas r\u00e9plicas del enjambre s\u00edsmico del 8 y 9 de julio impactaron con fuerza en Santa Mar\u00eda de Jes\u00fas. Dos periodistas descentralizados captaron el colapso total de la iglesia El Calvario: la estructura qued\u00f3 reducida a escombros, y vecinos afirmaron nunca haber visto una destrucci\u00f3n similar.<\/p><p><a href=\"https:\/\/soymigrante.com\/revista\/departamentos-de-guatemala-sacatepequez-surgio-en-1839-y-alguna-vez-tuvo-hasta-24-municipios\/\" target=\"_blank\" rel=\"noopener\">La Coordinadora Nacional para la Reducci\u00f3n de Desastres (CONRED) restringi\u00f3 el acceso por riesgo de m\u00e1s derrumbes.<\/a> La comunidad, profundamente afectada, se encuentra en estado de alerta, sin servicios b\u00e1sicos y a la espera de evaluaciones estructurales.<\/p>\t\t\t\t\t\t\t\t<\/div>\n\t\t\t\t\t<\/div>\n\t\t\t\t<\/div>\n\t\t<div data-particle_enable=\"false\" data-particle-mobile-disabled=\"false\" class=\"elementor-element elementor-element-92113c2 e-flex e-con-boxed e-con e-parent\" data-id=\"92113c2\" data-element_type=\"container\" data-e-type=\"container\">\n\t\t\t\t\t<div class=\"e-con-inner\">\n\t\t\t\t<div class=\"elementor-element elementor-element-685bddd elementor-widget elementor-widget-image\" data-id=\"685bddd\" data-element_type=\"widget\" data-e-type=\"widget\" data-widget_type=\"image.default\">\n\t\t\t\t\t\t\t\t\t\t\t\t<figure class=\"wp-caption\">\n\t\t\t\t\t\t\t\t\t\t<img loading=\"lazy\" decoding=\"async\" width=\"1024\" height=\"544\" src=\"https:\/\/soymigrante.com\/revista\/wp-content\/uploads\/2025\/07\/el-calvario-santa-maria-de-jesus-4-1024x544.jpeg\" class=\"attachment-large size-large wp-image-38883\" alt=\"Destrucci\u00f3n y da\u00f1os en un edificio tras un sismo, afectados observan la estructura derrumbada, con un autob\u00fas escolar en primer plano y cables el\u00e9ctricos en el fondo, reflejando una emergencia por desastre natural en M\u00e9xico.\" srcset=\"https:\/\/soymigrante.com\/revista\/wp-content\/uploads\/2025\/07\/el-calvario-santa-maria-de-jesus-4-1024x544.jpeg 1024w, https:\/\/soymigrante.com\/revista\/wp-content\/uploads\/2025\/07\/el-calvario-santa-maria-de-jesus-4-300x159.jpeg 300w, https:\/\/soymigrante.com\/revista\/wp-content\/uploads\/2025\/07\/el-calvario-santa-maria-de-jesus-4-768x408.jpeg 768w, https:\/\/soymigrante.com\/revista\/wp-content\/uploads\/2025\/07\/el-calvario-santa-maria-de-jesus-4-750x398.webp 750w, https:\/\/soymigrante.com\/revista\/wp-content\/uploads\/2025\/07\/el-calvario-santa-maria-de-jesus-4-1140x605.webp 1140w, https:\/\/soymigrante.com\/revista\/wp-content\/uploads\/2025\/07\/el-calvario-santa-maria-de-jesus-4.webp 1290w\" sizes=\"(max-width: 1024px) 100vw, 1024px\" \/>\t\t\t\t\t\t\t\t\t\t\t<figcaption class=\"widget-image-caption wp-caption-text\">Desastre natural y reconstrucci\u00f3n en comunidades afectadas por sismos en M\u00e9xico.<\/figcaption>\n\t\t\t\t\t\t\t\t\t\t<\/figure>\n\t\t\t\t\t\t\t\t\t<\/div>\n\t\t\t\t\t<\/div>\n\t\t\t\t<\/div>\n\t\t<div data-particle_enable=\"false\" data-particle-mobile-disabled=\"false\" class=\"elementor-element elementor-element-4107eff e-flex e-con-boxed e-con e-parent\" data-id=\"4107eff\" data-element_type=\"container\" data-e-type=\"container\">\n\t\t\t\t\t<div class=\"e-con-inner\">\n\t\t\t\t<div class=\"elementor-element elementor-element-d2a8795 elementor-widget elementor-widget-heading\" data-id=\"d2a8795\" data-element_type=\"widget\" data-e-type=\"widget\" data-widget_type=\"heading.default\">\n\t\t\t\t\t<h3 class=\"elementor-heading-title elementor-size-default\">Un s\u00edmbolo perdido\u2026 \u00bfo a recuperar?<\/h3>\t\t\t\t<\/div>\n\t\t\t\t\t<\/div>\n\t\t\t\t<\/div>\n\t\t<div data-particle_enable=\"false\" data-particle-mobile-disabled=\"false\" class=\"elementor-element elementor-element-261cad6 e-flex e-con-boxed e-con e-parent\" data-id=\"261cad6\" data-element_type=\"container\" data-e-type=\"container\">\n\t\t\t\t\t<div class=\"e-con-inner\">\n\t\t\t\t<div class=\"elementor-element elementor-element-785a462 elementor-widget elementor-widget-text-editor\" data-id=\"785a462\" data-element_type=\"widget\" data-e-type=\"widget\" data-widget_type=\"text-editor.default\">\n\t\t\t\t\t\t\t\t\t<p>La iglesia El Calvario, que resisti\u00f3 siglos de terremotos \u20141717, 1773, 1976\u2014 y fue remozada por generaciones, ahora enfrenta una prueba hist\u00f3rica. <a href=\"https:\/\/soymigrante.com\/revista\/departamentos-de-guatemala-sacatepequez-surgio-en-1839-y-alguna-vez-tuvo-hasta-24-municipios\/\" target=\"_blank\" rel=\"noopener\">Estas ruinas representan no solo la p\u00e9rdida de un monumento arquitect\u00f3nico,<\/a> sino la interrupci\u00f3n de un espacio que acompa\u00f1\u00f3 la vida comunitaria y espiritual de Santa Mar\u00eda de Jes\u00fas.<\/p>\n<p>Lo que sigue: evaluar la posibilidad de una reconstrucci\u00f3n fiel que permita el rescate de la memoria colectiva. Muchas voces en el municipio piden preservar los vestigios coloniales y volver a erigir un templo que honre las ra\u00edces y la fe de su gente. Quiz\u00e1 pudo hacerse 20 a\u00f1os&#8230; quiz\u00e1 pueda hacerse ahora.<\/p>\t\t\t\t\t\t\t\t<\/div>\n\t\t\t\t\t<\/div>\n\t\t\t\t<\/div>\n\t\t<div data-particle_enable=\"false\" data-particle-mobile-disabled=\"false\" class=\"elementor-element elementor-element-5a6151d e-flex e-con-boxed e-con e-parent\" data-id=\"5a6151d\" data-element_type=\"container\" data-e-type=\"container\">\n\t\t\t\t\t<div class=\"e-con-inner\">\n\t\t\t\t<div class=\"elementor-element elementor-element-1fd64f8 elementor-widget elementor-widget-image\" data-id=\"1fd64f8\" data-element_type=\"widget\" data-e-type=\"widget\" data-widget_type=\"image.default\">\n\t\t\t\t\t\t\t\t\t\t\t\t<figure class=\"wp-caption\">\n\t\t\t\t\t\t\t\t\t\t<img loading=\"lazy\" decoding=\"async\" width=\"550\" height=\"550\" src=\"https:\/\/soymigrante.com\/revista\/wp-content\/uploads\/2025\/07\/Santa-maria-de-jesus-el-calvario-1.webp\" class=\"attachment-large size-large wp-image-38886\" alt=\"Arquitectura colonial en una iglesia antigua en un pueblo de monta\u00f1a, con cables el\u00e9ctricos en el cielo, ambiente nublado, en una calle empedrada con personas caminando y veh\u00edculos cl\u00e1sicos.\" srcset=\"https:\/\/soymigrante.com\/revista\/wp-content\/uploads\/2025\/07\/Santa-maria-de-jesus-el-calvario-1.webp 550w, https:\/\/soymigrante.com\/revista\/wp-content\/uploads\/2025\/07\/Santa-maria-de-jesus-el-calvario-1-300x300.jpg 300w, https:\/\/soymigrante.com\/revista\/wp-content\/uploads\/2025\/07\/Santa-maria-de-jesus-el-calvario-1-150x150.jpg 150w, https:\/\/soymigrante.com\/revista\/wp-content\/uploads\/2025\/07\/Santa-maria-de-jesus-el-calvario-1-75x75.webp 75w\" sizes=\"(max-width: 550px) 100vw, 550px\" \/>\t\t\t\t\t\t\t\t\t\t\t<figcaption class=\"widget-image-caption wp-caption-text\">Vieja iglesia colonial en una calle empedrada en un \u00e1rea rural, con cables el\u00e9ctricos y movilidad en la calle, en un entorno urbano en Guatemala.<\/figcaption>\n\t\t\t\t\t\t\t\t\t\t<\/figure>\n\t\t\t\t\t\t\t\t\t<\/div>\n\t\t\t\t\t<\/div>\n\t\t\t\t<\/div>\n\t\t<div data-particle_enable=\"false\" data-particle-mobile-disabled=\"false\" class=\"elementor-element elementor-element-a4b8393 e-flex e-con-boxed e-con e-parent\" data-id=\"a4b8393\" data-element_type=\"container\" data-e-type=\"container\">\n\t\t\t\t\t<div class=\"e-con-inner\">\n\t\t\t\t<div class=\"elementor-element elementor-element-457f898 elementor-widget elementor-widget-text-editor\" data-id=\"457f898\" data-element_type=\"widget\" data-e-type=\"widget\" data-widget_type=\"text-editor.default\">\n\t\t\t\t\t\t\t\t\t<p><a href=\"https:\/\/soymigrante.com\/revista\/departamentos-de-guatemala-sacatepequez-surgio-en-1839-y-alguna-vez-tuvo-hasta-24-municipios\/\" target=\"_blank\" rel=\"noopener\">El Calvario fue testigo y ejemplo de resistencia durante siglos: se levant\u00f3, colaps\u00f3 y volvi\u00f3 a renacer en m\u00faltiples ocasiones.<\/a> Hoy, tras quedar destruido por los sismos de julio 2025, su recuperaci\u00f3n ser\u00e1 clave para la identidad espiritual y patrimonial de Santa Mar\u00eda de Jes\u00fas.<\/p>\t\t\t\t\t\t\t\t<\/div>\n\t\t\t\t\t<\/div>\n\t\t\t\t<\/div>\n\t\t<div data-particle_enable=\"false\" data-particle-mobile-disabled=\"false\" class=\"elementor-element elementor-element-1b29eaf e-flex e-con-boxed e-con e-parent\" data-id=\"1b29eaf\" data-element_type=\"container\" data-e-type=\"container\">\n\t\t\t\t\t<div class=\"e-con-inner\">\n\t\t\t\t<div class=\"elementor-element elementor-element-a5e7743 elementor-widget elementor-widget-heading\" data-id=\"a5e7743\" data-element_type=\"widget\" data-e-type=\"widget\" data-widget_type=\"heading.default\">\n\t\t\t\t\t<h2 class=\"elementor-heading-title elementor-size-default\">Conoce m\u00e1s de lugares, ac\u00e1...<\/h2>\t\t\t\t<\/div>\n\t\t\t\t\t<\/div>\n\t\t\t\t<\/div>\n\t\t<div data-particle_enable=\"false\" data-particle-mobile-disabled=\"false\" class=\"elementor-element elementor-element-a08cdc0 e-flex e-con-boxed e-con e-parent\" data-id=\"a08cdc0\" data-element_type=\"container\" data-e-type=\"container\">\n\t\t\t\t\t<div class=\"e-con-inner\">\n\t\t\t\t<div class=\"elementor-element elementor-element-638bac7 elementor-grid-eael-col-3 elementor-grid-tablet-eael-col-2 elementor-grid-mobile-eael-col-1 elementor-invisible elementor-widget elementor-widget-eael-post-grid\" data-id=\"638bac7\" data-element_type=\"widget\" data-e-type=\"widget\" data-settings=\"{&quot;eael_post_grid_columns&quot;:&quot;eael-col-3&quot;,&quot;_animation&quot;:&quot;rollIn&quot;,&quot;eael_post_grid_columns_tablet&quot;:&quot;eael-col-2&quot;,&quot;eael_post_grid_columns_mobile&quot;:&quot;eael-col-1&quot;}\" data-widget_type=\"eael-post-grid.default\">\n\t\t\t\t\t<div id=\"eael-post-grid-638bac7\" class=\"eael-post-grid-container\">\n            <div class=\"eael-post-grid eael-post-appender eael-post-appender-638bac7 eael-post-grid-style-one\" data-layout-mode=\"masonry\"><article class=\"eael-grid-post  eael-post-grid-column eael-pg-post-37741 category-guate-nuestra\" data-id=\"37741\">\n        <div class=\"eael-grid-post-holder\">\n            <div class=\"eael-grid-post-holder-inner\"><div class=\"eael-entry-media\"><div class=\"eael-entry-overlay fade-in\"><i class=\"far fa-hand-pointer\" aria-hidden=\"true\"><\/i><a href=\"https:\/\/soymigrante.com\/revista\/el-calvario-de-antigua-guatemala-una-joya-de-fe\/\"><\/a><\/div><div class=\"eael-entry-thumbnail \">\n                <img loading=\"lazy\" decoding=\"async\" width=\"316\" height=\"316\" src=\"https:\/\/soymigrante.com\/revista\/wp-content\/uploads\/2025\/06\/el-calvario-1-e1750872413599.webp\" class=\"attachment-large size-large wp-image-37742\" alt=\"Fachada de una iglesia colonial en Guatemala con monta\u00f1as en el fondo, resaltando su arquitectura colorida y historia cultural.\" srcset=\"https:\/\/soymigrante.com\/revista\/wp-content\/uploads\/2025\/06\/el-calvario-1-e1750872413599.webp 316w, https:\/\/soymigrante.com\/revista\/wp-content\/uploads\/2025\/06\/el-calvario-1-e1750872413599-300x300.webp 300w, https:\/\/soymigrante.com\/revista\/wp-content\/uploads\/2025\/06\/el-calvario-1-e1750872413599-150x150.webp 150w, https:\/\/soymigrante.com\/revista\/wp-content\/uploads\/2025\/06\/el-calvario-1-e1750872413599-75x75.webp 75w\" sizes=\"(max-width: 316px) 100vw, 316px\" \/>\n            <\/div>\n        <\/div><div class=\"eael-entry-wrapper\"><header class=\"eael-entry-header\"><h2 class=\"eael-entry-title\"><a class=\"eael-grid-post-link\" href=\"https:\/\/soymigrante.com\/revista\/el-calvario-de-antigua-guatemala-una-joya-de-fe\/\" title=\"El Calvario de Antigua Guatemala: una joya de fe\">El Calvario de Antigua Guatemala: una joya de fe<\/a><\/h2><\/header><div class=\"eael-entry-content\">\n                        <div class=\"eael-grid-post-excerpt\"><a href=\"https:\/\/soymigrante.com\/revista\/el-calvario-de-antigua-guatemala-una-joya-de-fe\/\" class=\"eael-post-elements-readmore-btn\">CONOCE SU HISTORIA <\/a><\/div>\n                    <\/div><\/div><\/div>\n        <\/div>\n    <\/article><article class=\"eael-grid-post  eael-post-grid-column eael-pg-post-26750 category-guate-nuestra tags-departamentos-de-guatemala\" data-id=\"26750\">\n        <div class=\"eael-grid-post-holder\">\n            <div class=\"eael-grid-post-holder-inner\"><div class=\"eael-entry-media\"><div class=\"eael-entry-overlay fade-in\"><i class=\"far fa-hand-pointer\" aria-hidden=\"true\"><\/i><a href=\"https:\/\/soymigrante.com\/revista\/departamentos-de-guatemala-santa-rosa-es-considerado-el-centro-de-las-americas\/\"><\/a><\/div><div class=\"eael-entry-thumbnail \">\n                <img loading=\"lazy\" decoding=\"async\" width=\"1024\" height=\"1024\" src=\"https:\/\/soymigrante.com\/revista\/wp-content\/uploads\/2025\/03\/Santa-Rosa-2-e1741027930671-1024x1024.webp\" class=\"attachment-large size-large wp-image-26751\" alt=\"Vacaciones en la playa de M\u00e9xico, belleza natural y costa del Pac\u00edfico, paisaje costero y arena volc\u00e1nica, destino tur\u00edstico ideal para migrantes y viajeros.\" srcset=\"https:\/\/soymigrante.com\/revista\/wp-content\/uploads\/2025\/03\/Santa-Rosa-2-e1741027930671-1024x1024.webp 1024w, https:\/\/soymigrante.com\/revista\/wp-content\/uploads\/2025\/03\/Santa-Rosa-2-e1741027930671-300x300.webp 300w, https:\/\/soymigrante.com\/revista\/wp-content\/uploads\/2025\/03\/Santa-Rosa-2-e1741027930671-150x150.webp 150w, https:\/\/soymigrante.com\/revista\/wp-content\/uploads\/2025\/03\/Santa-Rosa-2-e1741027930671-768x768.webp 768w, https:\/\/soymigrante.com\/revista\/wp-content\/uploads\/2025\/03\/Santa-Rosa-2-e1741027930671-75x75.webp 75w, https:\/\/soymigrante.com\/revista\/wp-content\/uploads\/2025\/03\/Santa-Rosa-2-e1741027930671-750x750.webp 750w, https:\/\/soymigrante.com\/revista\/wp-content\/uploads\/2025\/03\/Santa-Rosa-2-e1741027930671.webp 1075w\" sizes=\"(max-width: 1024px) 100vw, 1024px\" \/>\n            <\/div>\n        <\/div><div class=\"eael-entry-wrapper\"><header class=\"eael-entry-header\"><h2 class=\"eael-entry-title\"><a class=\"eael-grid-post-link\" href=\"https:\/\/soymigrante.com\/revista\/departamentos-de-guatemala-santa-rosa-es-considerado-el-centro-de-las-americas\/\" title=\"Departamentos de Guatemala: Santa Rosa es considerado el Centro de las Am\u00e9ricas\">Departamentos de Guatemala: Santa Rosa es considerado el Centro de las Am\u00e9ricas<\/a><\/h2><\/header><div class=\"eael-entry-content\">\n                        <div class=\"eael-grid-post-excerpt\"><a href=\"https:\/\/soymigrante.com\/revista\/departamentos-de-guatemala-santa-rosa-es-considerado-el-centro-de-las-americas\/\" class=\"eael-post-elements-readmore-btn\">CONOCE SU HISTORIA <\/a><\/div>\n                    <\/div><\/div><\/div>\n        <\/div>\n    <\/article><article class=\"eael-grid-post  eael-post-grid-column eael-pg-post-383 category-guate-nuestra\" data-id=\"383\">\n        <div class=\"eael-grid-post-holder\">\n            <div class=\"eael-grid-post-holder-inner\"><div class=\"eael-entry-media\"><div class=\"eael-entry-overlay fade-in\"><i class=\"far fa-hand-pointer\" aria-hidden=\"true\"><\/i><a href=\"https:\/\/soymigrante.com\/revista\/los-mas-famosos-anfitriones-de-antigua-guatemala-uno-tranquilo-y-el-otro-impredecible\/\"><\/a><\/div><div class=\"eael-entry-thumbnail \">\n                <img loading=\"lazy\" decoding=\"async\" width=\"1024\" height=\"629\" src=\"https:\/\/soymigrante.com\/revista\/wp-content\/uploads\/2024\/02\/Captura-de-pantalla-2024-02-24-231728-1024x629.webp\" class=\"attachment-large size-large wp-image-5040\" alt=\"Vplc\u00e1n de Agua en primer plano y a la derecha, el volc\u00e1n de Fuego, desde Antigua Guatemala.\" srcset=\"https:\/\/soymigrante.com\/revista\/wp-content\/uploads\/2024\/02\/Captura-de-pantalla-2024-02-24-231728-1024x629.webp 1024w, https:\/\/soymigrante.com\/revista\/wp-content\/uploads\/2024\/02\/Captura-de-pantalla-2024-02-24-231728-300x184.webp 300w, https:\/\/soymigrante.com\/revista\/wp-content\/uploads\/2024\/02\/Captura-de-pantalla-2024-02-24-231728-768x472.webp 768w, https:\/\/soymigrante.com\/revista\/wp-content\/uploads\/2024\/02\/Captura-de-pantalla-2024-02-24-231728-750x461.webp 750w, https:\/\/soymigrante.com\/revista\/wp-content\/uploads\/2024\/02\/Captura-de-pantalla-2024-02-24-231728-1140x700.webp 1140w, https:\/\/soymigrante.com\/revista\/wp-content\/uploads\/2024\/02\/Captura-de-pantalla-2024-02-24-231728.webp 1216w\" sizes=\"(max-width: 1024px) 100vw, 1024px\" \/>\n            <\/div>\n        <\/div><div class=\"eael-entry-wrapper\"><header class=\"eael-entry-header\"><h2 class=\"eael-entry-title\"><a class=\"eael-grid-post-link\" href=\"https:\/\/soymigrante.com\/revista\/los-mas-famosos-anfitriones-de-antigua-guatemala-uno-tranquilo-y-el-otro-impredecible\/\" title=\"Los m\u00e1s famosos anfitriones de Antigua Guatemala: volc\u00e1n de Agua y volc\u00e1n de Fuego\">Los m\u00e1s famosos anfitriones de Antigua Guatemala: volc\u00e1n de Agua y volc\u00e1n de Fuego<\/a><\/h2><\/header><div class=\"eael-entry-content\">\n                        <div class=\"eael-grid-post-excerpt\"><a href=\"https:\/\/soymigrante.com\/revista\/los-mas-famosos-anfitriones-de-antigua-guatemala-uno-tranquilo-y-el-otro-impredecible\/\" class=\"eael-post-elements-readmore-btn\">CONOCE SU HISTORIA <\/a><\/div>\n                    <\/div><\/div><\/div>\n        <\/div>\n    <\/article><\/div>\n            <div class=\"clearfix\"><\/div>\n        <\/div>\t\t\t\t<\/div>\n\t\t\t\t\t<\/div>\n\t\t\t\t<\/div>\n\t\t\t\t<\/div>\n\t\t","protected":false},"excerpt":{"rendered":"<p>La iglesia El Calvario en Santa Mar\u00eda de Jes\u00fas, Sacatep\u00e9quez, albergaba historia y ahora ha quedado destruida. Hace dos d\u00e9cadas, una tesis planteaba su restauraci\u00f3n y la de sus alrededores. La iglesia El Calvario de Santa Mar\u00eda de Jes\u00fas se alz\u00f3 por primera vez en el siglo\u202fXVII en las faldas del Volc\u00e1n de Agua, arraigada [&hellip;]<\/p>\n","protected":false},"author":19,"featured_media":39019,"comment_status":"open","ping_status":"open","sticky":false,"template":"","format":"standard","meta":{"_acf_changed":false,"_eb_attr":"","footnotes":""},"categories":[58],"tags":[],"class_list":["post-38875","post","type-post","status-publish","format-standard","has-post-thumbnail","hentry","category-guate-nuestra"],"acf":[],"aioseo_notices":[],"aioseo_head":"\n\t\t<!-- All in One SEO Pro 4.9.6.2 - aioseo.com -->\n\t<meta name=\"description\" content=\"La presencia de los volcanes de Agua y Fuego marca el paisaje guatemalteco de manera \u00fanica e impresionante. Los nombres de dos elementos opuestos lo dice todo y el reciente incendio contrapuso significados. Volc\u00e1n de Agua Desde las referencias prehisp\u00e1nicas ten\u00edan hombres opuestos en antiguo mayak kaqchikel: Hun Ajp\u00fa, el de \u201cAgua\u201d y Chi Kaak,\" \/>\n\t<meta name=\"robots\" content=\"max-snippet:-1, max-image-preview:large, max-video-preview:-1\" \/>\n\t<meta name=\"author\" content=\"Gustavo Montenegro\"\/>\n\t<link rel=\"canonical\" href=\"https:\/\/soymigrante.com\/revista\/los-mas-famosos-anfitriones-de-antigua-guatemala-uno-tranquilo-y-el-otro-impredecible\/\" \/>\n\t<meta name=\"generator\" content=\"All in One SEO Pro (AIOSEO) 4.9.6.2\" \/>\n\n\t\t<link rel=\"preconnect\" href=\"https:\/\/fonts.googleapis.com\" crossorigin>\n<link rel=\"preconnect\" href=\"https:\/\/fonts.gstatic.com\" crossorigin>\n\t\t<meta property=\"og:locale\" content=\"es_ES\" \/>\n\t\t<meta property=\"og:site_name\" content=\"SoyMigrante.com REVISTA \u2013 Nuestra misi\u00f3n es reconocer y dignificar al migrante.\" \/>\n\t\t<meta property=\"og:type\" content=\"article\" \/>\n\t\t<meta property=\"og:title\" content=\"Los m\u00e1s famosos anfitriones de Antigua Guatemala: volc\u00e1n de Agua y volc\u00e1n de Fuego\" \/>\n\t\t<meta property=\"og:description\" content=\"La presencia de los volcanes de Agua y Fuego marca el paisaje guatemalteco de manera \u00fanica e impresionante. Los nombres de dos elementos opuestos lo dice todo y el reciente incendio contrapuso significados. Volc\u00e1n de Agua Desde las referencias prehisp\u00e1nicas ten\u00edan hombres opuestos en antiguo mayak kaqchikel: Hun Ajp\u00fa, el de \u201cAgua\u201d y Chi Kaak,\" \/>\n\t\t<meta property=\"og:url\" content=\"https:\/\/soymigrante.com\/revista\/los-mas-famosos-anfitriones-de-antigua-guatemala-uno-tranquilo-y-el-otro-impredecible\/\" \/>\n\t\t<meta property=\"og:image\" content=\"https:\/\/soymigrante.com\/revista\/wp-content\/uploads\/2024\/02\/Captura-de-pantalla-2024-02-24-231728.webp\" \/>\n\t\t<meta property=\"og:image:secure_url\" content=\"https:\/\/soymigrante.com\/revista\/wp-content\/uploads\/2024\/02\/Captura-de-pantalla-2024-02-24-231728.webp\" \/>\n\t\t<meta property=\"og:image:width\" content=\"1216\" \/>\n\t\t<meta property=\"og:image:height\" content=\"747\" \/>\n\t\t<meta property=\"article:published_time\" content=\"2024-02-25T05:37:00+00:00\" \/>\n\t\t<meta property=\"article:modified_time\" content=\"2024-02-25T05:50:50+00:00\" \/>\n\t\t<meta property=\"article:publisher\" content=\"https:\/\/www.facebook.com\/soymigrantecom\" \/>\n\t\t<meta name=\"twitter:card\" content=\"summary_large_image\" \/>\n\t\t<meta name=\"twitter:site\" content=\"@SoyMigrante_com\" \/>\n\t\t<meta name=\"twitter:title\" content=\"Los m\u00e1s famosos anfitriones de Antigua Guatemala: volc\u00e1n de Agua y volc\u00e1n de Fuego\" \/>\n\t\t<meta name=\"twitter:description\" content=\"La presencia de los volcanes de Agua y Fuego marca el paisaje guatemalteco de manera \u00fanica e impresionante. Los nombres de dos elementos opuestos lo dice todo y el reciente incendio contrapuso significados. Volc\u00e1n de Agua Desde las referencias prehisp\u00e1nicas ten\u00edan hombres opuestos en antiguo mayak kaqchikel: Hun Ajp\u00fa, el de \u201cAgua\u201d y Chi Kaak,\" \/>\n\t\t<meta name=\"twitter:creator\" content=\"@SoyMigrante_com\" \/>\n\t\t<meta name=\"twitter:image\" content=\"https:\/\/soymigrante.com\/revista\/wp-content\/uploads\/2024\/02\/Captura-de-pantalla-2024-02-24-231728.webp\" \/>\n\t\t<!-- All in One SEO Pro -->\r\n\t\t<title>Los m\u00e1s famosos anfitriones de Antigua Guatemala: volc\u00e1n de Agua y volc\u00e1n de Fuego<\/title>\n\n","aioseo_head_json":{"title":"Los m\u00e1s famosos anfitriones de Antigua Guatemala: volc\u00e1n de Agua y volc\u00e1n de Fuego","description":"La presencia de los volcanes de Agua y Fuego marca el paisaje guatemalteco de manera \u00fanica e impresionante. Los nombres de dos elementos opuestos lo dice todo y el reciente incendio contrapuso significados. Volc\u00e1n de Agua Desde las referencias prehisp\u00e1nicas ten\u00edan hombres opuestos en antiguo mayak kaqchikel: Hun Ajp\u00fa, el de \u201cAgua\u201d y Chi Kaak,","canonical_url":"https:\/\/soymigrante.com\/revista\/los-mas-famosos-anfitriones-de-antigua-guatemala-uno-tranquilo-y-el-otro-impredecible\/","robots":"max-snippet:-1, max-image-preview:large, max-video-preview:-1","keywords":"","webmasterTools":{"miscellaneous":"&lt;link rel=\"preconnect\" href=\"https:\/\/fonts.googleapis.com\" crossorigin&gt;\n&lt;link rel=\"preconnect\" href=\"https:\/\/fonts.gstatic.com\" crossorigin&gt;"},"schema":null,"og:locale":"es_ES","og:site_name":"SoyMigrante.com REVISTA \u2013 Nuestra misi\u00f3n es reconocer y dignificar al migrante.","og:type":"article","og:title":"Los m\u00e1s famosos anfitriones de Antigua Guatemala: volc\u00e1n de Agua y volc\u00e1n de Fuego","og:description":"La presencia de los volcanes de Agua y Fuego marca el paisaje guatemalteco de manera \u00fanica e impresionante. Los nombres de dos elementos opuestos lo dice todo y el reciente incendio contrapuso significados. Volc\u00e1n de Agua Desde las referencias prehisp\u00e1nicas ten\u00edan hombres opuestos en antiguo mayak kaqchikel: Hun Ajp\u00fa, el de \u201cAgua\u201d y Chi Kaak,","og:url":"https:\/\/soymigrante.com\/revista\/los-mas-famosos-anfitriones-de-antigua-guatemala-uno-tranquilo-y-el-otro-impredecible\/","og:image":"https:\/\/soymigrante.com\/revista\/wp-content\/uploads\/2024\/02\/Captura-de-pantalla-2024-02-24-231728.webp","og:image:secure_url":"https:\/\/soymigrante.com\/revista\/wp-content\/uploads\/2024\/02\/Captura-de-pantalla-2024-02-24-231728.webp","og:image:width":1216,"og:image:height":747,"article:published_time":"2024-02-25T05:37:00+00:00","article:modified_time":"2024-02-25T05:50:50+00:00","article:publisher":"https:\/\/www.facebook.com\/soymigrantecom","twitter:card":"summary_large_image","twitter:site":"@SoyMigrante_com","twitter:title":"Los m\u00e1s famosos anfitriones de Antigua Guatemala: volc\u00e1n de Agua y volc\u00e1n de Fuego","twitter:description":"La presencia de los volcanes de Agua y Fuego marca el paisaje guatemalteco de manera \u00fanica e impresionante. Los nombres de dos elementos opuestos lo dice todo y el reciente incendio contrapuso significados. Volc\u00e1n de Agua Desde las referencias prehisp\u00e1nicas ten\u00edan hombres opuestos en antiguo mayak kaqchikel: Hun Ajp\u00fa, el de \u201cAgua\u201d y Chi Kaak,","twitter:creator":"@SoyMigrante_com","twitter:image":"https:\/\/soymigrante.com\/revista\/wp-content\/uploads\/2024\/02\/Captura-de-pantalla-2024-02-24-231728.webp"},"aioseo_meta_data":{"post_id":"38875","title":"As\u00ed se propuso rescatar El Calvario de Santa Ma. de Jes\u00fas","description":"Patrimonio colonial fue destruido por sismos el 8 de julio de 2025. En 2004 una tesis de arquitectura propuso restaurarlo y sus alrededores. As\u00ed era por dentro.","keywords":null,"keyphrases":{"focus":{"keyphrase":"El calvario","score":82,"analysis":{"keyphraseInTitle":{"score":9,"maxScore":9,"error":0},"keyphraseInDescription":{"score":3,"maxScore":9,"error":1},"keyphraseLength":{"score":9,"maxScore":9,"error":0,"length":2},"keyphraseInURL":{"score":5,"maxScore":5,"error":0},"keyphraseInIntroduction":{"score":9,"maxScore":9,"error":0},"keyphraseInSubHeadings":{"score":3,"maxScore":9,"error":1},"keyphraseInImageAlt":{"score":9,"maxScore":9,"error":0},"keywordDensity":{"type":"best","score":9,"maxScore":9,"error":0}}},"additional":[{"keyphrase":"Santa Mar\u00eda de Jes\u00fas","score":53,"analysis":{"keyphraseInDescription":{"score":3,"maxScore":9,"error":1},"keyphraseLength":{"score":6,"maxScore":9,"error":1,"length":6},"keyphraseInIntroduction":{"score":3,"maxScore":9,"error":1},"keyphraseInImageAlt":{"score":3,"maxScore":9,"error":1},"keywordDensity":{"type":"best","score":9,"maxScore":9,"error":0}}},{"keyphrase":"Patrimonio","score":53,"analysis":{"keyphraseInDescription":{"score":9,"maxScore":9,"error":0},"keyphraseLength":{"score":9,"maxScore":9,"error":0,"length":1},"keyphraseInIntroduction":{"score":3,"maxScore":9,"error":1},"keyphraseInImageAlt":{"score":3,"maxScore":9,"error":1},"keywordDensity":{"score":0,"type":"low","maxScore":9,"error":1}}}]},"primary_term":null,"canonical_url":null,"og_title":null,"og_description":null,"og_object_type":"default","og_image_type":"default","og_image_url":null,"og_image_width":null,"og_image_height":null,"og_image_custom_url":null,"og_image_custom_fields":null,"og_video":"","og_custom_url":null,"og_article_section":null,"og_article_tags":null,"twitter_use_og":false,"twitter_card":"default","twitter_image_type":"default","twitter_image_url":null,"twitter_image_custom_url":null,"twitter_image_custom_fields":null,"twitter_title":null,"twitter_description":null,"schema":{"blockGraphs":[],"customGraphs":[],"default":{"data":{"Article":[],"Course":[],"Dataset":[],"FAQPage":[],"Movie":[],"Person":[],"Product":[],"ProductReview":[],"Car":[],"Recipe":[],"Service":[],"SoftwareApplication":[],"WebPage":[]},"graphName":"none","isEnabled":true},"graphs":[]},"schema_type":"default","schema_type_options":null,"pillar_content":false,"robots_default":true,"robots_noindex":false,"robots_noarchive":false,"robots_nosnippet":false,"robots_nofollow":false,"robots_noimageindex":false,"robots_noodp":false,"robots_notranslate":false,"robots_max_snippet":"-1","robots_max_videopreview":"-1","robots_max_imagepreview":"large","priority":null,"frequency":"default","local_seo":null,"seo_analyzer_scan_date":"2025-10-09 06:46:02","breadcrumb_settings":null,"limit_modified_date":false,"reviewed_by":"0","open_ai":null,"ai":{"faqs":[],"keyPoints":[],"titles":[],"descriptions":[],"socialPosts":{"email":[],"linkedin":[],"twitter":[],"facebook":[],"instagram":[]}},"created":"2025-07-09 18:14:10","updated":"2026-02-05 02:56:17"},"aioseo_breadcrumb":"<div class=\"aioseo-breadcrumbs\"><span class=\"aioseo-breadcrumb\">\n\t<a href=\"https:\/\/soymigrante.com\/revista\" title=\"Home\">Home<\/a>\n<\/span><span class=\"aioseo-breadcrumb-separator\">\u00bb<\/span><span class=\"aioseo-breadcrumb\">\n\t<a href=\"https:\/\/soymigrante.com\/revista\/category\/guate-nuestra\/\" title=\"Guate Nuestra\">Guate Nuestra<\/a>\n<\/span><span class=\"aioseo-breadcrumb-separator\">\u00bb<\/span><span class=\"aioseo-breadcrumb\">\n\tAs\u00ed era por dentro El Calvario de Santa Mar\u00eda de Jes\u00fas y un plan de restauraci\u00f3n que no ocurri\u00f3\n<\/span><\/div>","aioseo_breadcrumb_json":[{"label":"Home","link":"https:\/\/soymigrante.com\/revista"},{"label":"Guate Nuestra","link":"https:\/\/soymigrante.com\/revista\/category\/guate-nuestra\/"},{"label":"As\u00ed era por dentro El Calvario de Santa Mar\u00eda de Jes\u00fas y un plan de restauraci\u00f3n que no ocurri\u00f3","link":"https:\/\/soymigrante.com\/revista\/asi-era-por-dentro-el-calvario-de-santa-maria-de-jesus-y-un-plan-de-restauracion-que-no-ocurrio\/"}],"_links":{"self":[{"href":"https:\/\/soymigrante.com\/revista\/wp-json\/wp\/v2\/posts\/38875","targetHints":{"allow":["GET"]}}],"collection":[{"href":"https:\/\/soymigrante.com\/revista\/wp-json\/wp\/v2\/posts"}],"about":[{"href":"https:\/\/soymigrante.com\/revista\/wp-json\/wp\/v2\/types\/post"}],"author":[{"embeddable":true,"href":"https:\/\/soymigrante.com\/revista\/wp-json\/wp\/v2\/users\/19"}],"replies":[{"embeddable":true,"href":"https:\/\/soymigrante.com\/revista\/wp-json\/wp\/v2\/comments?post=38875"}],"version-history":[{"count":27,"href":"https:\/\/soymigrante.com\/revista\/wp-json\/wp\/v2\/posts\/38875\/revisions"}],"predecessor-version":[{"id":39038,"href":"https:\/\/soymigrante.com\/revista\/wp-json\/wp\/v2\/posts\/38875\/revisions\/39038"}],"wp:featuredmedia":[{"embeddable":true,"href":"https:\/\/soymigrante.com\/revista\/wp-json\/wp\/v2\/media\/39019"}],"wp:attachment":[{"href":"https:\/\/soymigrante.com\/revista\/wp-json\/wp\/v2\/media?parent=38875"}],"wp:term":[{"taxonomy":"category","embeddable":true,"href":"https:\/\/soymigrante.com\/revista\/wp-json\/wp\/v2\/categories?post=38875"},{"taxonomy":"post_tag","embeddable":true,"href":"https:\/\/soymigrante.com\/revista\/wp-json\/wp\/v2\/tags?post=38875"}],"curies":[{"name":"wp","href":"https:\/\/api.w.org\/{rel}","templated":true}]}}