{"id":38873,"date":"2025-07-09T15:11:52","date_gmt":"2025-07-09T21:11:52","guid":{"rendered":"https:\/\/soymigrante.com\/revista\/?p=38873"},"modified":"2025-07-09T15:23:54","modified_gmt":"2025-07-09T21:23:54","slug":"los-libros-de-carmen-alicia-tienen-alma-de-pueblo-guatemalteco-y-estan-en-mercado","status":"publish","type":"post","link":"https:\/\/soymigrante.com\/revista\/los-libros-de-carmen-alicia-tienen-alma-de-pueblo-guatemalteco-y-estan-en-mercado\/","title":{"rendered":"Los libros de Carmen Alicia tienen alma de pueblo guatemalteco y est\u00e1n en MERCADO"},"content":{"rendered":"\t\t<div data-elementor-type=\"wp-post\" data-elementor-id=\"38873\" class=\"elementor elementor-38873\" data-elementor-post-type=\"post\">\n\t\t\t\t<div data-particle_enable=\"false\" data-particle-mobile-disabled=\"false\" class=\"elementor-element elementor-element-3b64bea e-flex e-con-boxed e-con e-parent\" data-id=\"3b64bea\" data-element_type=\"container\" data-e-type=\"container\">\n\t\t\t\t\t<div class=\"e-con-inner\">\n\t\t\t\t<div class=\"elementor-element elementor-element-92a6167 elementor-widget elementor-widget-heading\" data-id=\"92a6167\" data-element_type=\"widget\" data-e-type=\"widget\" data-widget_type=\"heading.default\">\n\t\t\t\t\t<h2 class=\"elementor-heading-title elementor-size-default\">En las novelas y relatos de Carmen Alicia Ar\u00e9valo hay coraz\u00f3n, memoria, dulzura y mucho amor por la vida en los pueblos de Guatemala.  Sus libros ya est\u00e1n en su tienda digital de MERCADO.  Seguro te fascinar\u00e1n.<\/h2>\t\t\t\t<\/div>\n\t\t\t\t\t<\/div>\n\t\t\t\t<\/div>\n\t\t<div data-particle_enable=\"false\" data-particle-mobile-disabled=\"false\" class=\"elementor-element elementor-element-9abac7c e-flex e-con-boxed e-con e-parent\" data-id=\"9abac7c\" data-element_type=\"container\" data-e-type=\"container\">\n\t\t\t\t\t<div class=\"e-con-inner\">\n\t\t\t\t<div class=\"elementor-element elementor-element-1900d17 elementor-widget elementor-widget-text-editor\" data-id=\"1900d17\" data-element_type=\"widget\" data-e-type=\"widget\" data-widget_type=\"text-editor.default\">\n\t\t\t\t\t\t\t\t\t<p>La escritora guatemalteca Carmen Alicia Ar\u00e9valo y Ar\u00e9valo de Orellana tiene el encanto, la dulzura y la creatividad literaria para plasmar relatos entra\u00f1ables. En sus cinco libros relata, con gran amor por Guatemala y por su pueblo natal: Chich\u00e9, <a href=\"https:\/\/soymigrante.com\/revista\/departamentos-de-guatemala-quiche-tierra-de-rios-arboles-montanas-y-el-popol-vuh\/\">Quich\u00e9<\/a> la esencia de sus ra\u00edces, la vida cotidiana de su gente y la riqueza emocional de su entorno familiar.\u00a0<\/p><p>Sus publicaciones llenas de valores y an\u00e9cdotas con las que se identificar\u00e1n muchos guatemaltecos est\u00e1n disponibles en <a href=\"https:\/\/soymigrante.com\/mercado\/marketplace\/seller\/profile\/arcasavi\">la tienda digital ARCASAVI<\/a>, en\u00a0<a href=\"https:\/\/soymigrante.com\/mercado\/\" target=\"_blank\" rel=\"noopener\">SoyMigrante.com MERCADO<\/a>. Son m\u00e1s que libros: testimonio aut\u00e9ntico que narra el cari\u00f1o a su familia y a su tierra a trav\u00e9s del poder evocador de la memoria.<\/p><p><a href=\"https:\/\/soymigrante.com\/mercado\/\" target=\"_blank\" rel=\"noopener\">SoyMigrante.com MERCADO\u00a0<\/a>\u00a0es la plataforma que une a emprendedores con compradores, a creadores con un p\u00fablico interesado en la originalidad, lo hecho a mano, con inspiraci\u00f3n e identidad. Y aqu\u00ed esta es la historia de Carmen Alicia:<\/p>\t\t\t\t\t\t\t\t<\/div>\n\t\t\t\t\t<\/div>\n\t\t\t\t<\/div>\n\t\t<div data-particle_enable=\"false\" data-particle-mobile-disabled=\"false\" class=\"elementor-element elementor-element-c82e5fa e-flex e-con-boxed e-con e-parent\" data-id=\"c82e5fa\" data-element_type=\"container\" data-e-type=\"container\">\n\t\t\t\t\t<div class=\"e-con-inner\">\n\t\t\t\t<div class=\"elementor-element elementor-element-14fdc35 elementor-widget elementor-widget-image\" data-id=\"14fdc35\" data-element_type=\"widget\" data-e-type=\"widget\" data-widget_type=\"image.default\">\n\t\t\t\t\t\t\t\t\t\t\t\t<figure class=\"wp-caption\">\n\t\t\t\t\t\t\t\t\t\t\t<a href=\"https:\/\/soymigrante.com\/mercado\/marketplace\/seller\/profile\/arcasavi\">\n\t\t\t\t\t\t\t<img fetchpriority=\"high\" decoding=\"async\" width=\"768\" height=\"317\" src=\"https:\/\/soymigrante.com\/revista\/wp-content\/uploads\/2025\/07\/carmen-alicia-arevalo-escritora-emprendedora-mercado-1024x422.png\" class=\"attachment-large size-large wp-image-38909\" alt=\"Arcasavi libro infantil educativo con cuentos y relatos para ni\u00f1os y j\u00f3venes en la revista SoyMigrante.com.\" srcset=\"https:\/\/soymigrante.com\/revista\/wp-content\/uploads\/2025\/07\/carmen-alicia-arevalo-escritora-emprendedora-mercado-1024x422.png 1024w, https:\/\/soymigrante.com\/revista\/wp-content\/uploads\/2025\/07\/carmen-alicia-arevalo-escritora-emprendedora-mercado-300x124.png 300w, https:\/\/soymigrante.com\/revista\/wp-content\/uploads\/2025\/07\/carmen-alicia-arevalo-escritora-emprendedora-mercado-768x317.png 768w, https:\/\/soymigrante.com\/revista\/wp-content\/uploads\/2025\/07\/carmen-alicia-arevalo-escritora-emprendedora-mercado-1536x633.png 1536w, https:\/\/soymigrante.com\/revista\/wp-content\/uploads\/2025\/07\/carmen-alicia-arevalo-escritora-emprendedora-mercado-2048x844.png 2048w, https:\/\/soymigrante.com\/revista\/wp-content\/uploads\/2025\/07\/carmen-alicia-arevalo-escritora-emprendedora-mercado-750x309.png 750w, https:\/\/soymigrante.com\/revista\/wp-content\/uploads\/2025\/07\/carmen-alicia-arevalo-escritora-emprendedora-mercado-1140x470.png 1140w, https:\/\/soymigrante.com\/revista\/wp-content\/uploads\/2025\/07\/carmen-alicia-arevalo-escritora-emprendedora-mercado.webp 1920w\" sizes=\"(max-width: 768px) 100vw, 768px\" title=\"Los libros de Carmen Alicia Ar\u00e9valo y Ar\u00e9valo de Orellana est\u00e1n ahora en SoyMigrante.com MERCADO. Puedes adquirirlo y te los llevan hasta la puerta de tu casa \u2013 SoyMigrante.com REVISTA\" \/>\t\t\t\t\t\t\t\t<\/a>\n\t\t\t\t\t\t\t\t\t\t\t<figcaption class=\"widget-image-caption wp-caption-text\">Revista SoyMigrante.com presenta libros infantiles y educativos de Arcasavi, con historias para ni\u00f1os, j\u00f3venes y adultos, promoviendo la cultura y la educaci\u00f3n en Guatemala.<\/figcaption>\n\t\t\t\t\t\t\t\t\t\t<\/figure>\n\t\t\t\t\t\t\t\t\t<\/div>\n\t\t\t\t\t<\/div>\n\t\t\t\t<\/div>\n\t\t<div data-particle_enable=\"false\" data-particle-mobile-disabled=\"false\" class=\"elementor-element elementor-element-53a93d5 e-flex e-con-boxed e-con e-parent\" data-id=\"53a93d5\" data-element_type=\"container\" data-e-type=\"container\">\n\t\t\t\t\t<div class=\"e-con-inner\">\n\t\t\t\t<div class=\"elementor-element elementor-element-f27059d elementor-widget elementor-widget-heading\" data-id=\"f27059d\" data-element_type=\"widget\" data-e-type=\"widget\" data-widget_type=\"heading.default\">\n\t\t\t\t\t<h3 class=\"elementor-heading-title elementor-size-default\">Testimonio de superaci\u00f3n, amor e identidad<\/h3>\t\t\t\t<\/div>\n\t\t\t\t\t<\/div>\n\t\t\t\t<\/div>\n\t\t<div data-particle_enable=\"false\" data-particle-mobile-disabled=\"false\" class=\"elementor-element elementor-element-2479a3e e-flex e-con-boxed e-con e-parent\" data-id=\"2479a3e\" data-element_type=\"container\" data-e-type=\"container\">\n\t\t\t\t\t<div class=\"e-con-inner\">\n\t\t\t\t<div class=\"elementor-element elementor-element-3843cb7 elementor-widget elementor-widget-text-editor\" data-id=\"3843cb7\" data-element_type=\"widget\" data-e-type=\"widget\" data-widget_type=\"text-editor.default\">\n\t\t\t\t\t\t\t\t\t<p><span style=\"font-family: Roboto, sans-serif; font-size: 16px; font-style: normal; font-variant-ligatures: normal; font-variant-caps: normal; font-weight: 400;\">&#8220;Me considero\u00a0<\/span><a href=\"https:\/\/marcosantil.com\/mi-historia\/\" target=\"_blank\" rel=\"noopener\">Migrante,<\/a><span style=\"font-family: Roboto, sans-serif; font-size: 16px; font-style: normal; font-variant-ligatures: normal; font-variant-caps: normal; font-weight: 400;\">\u00a0porque sal\u00ed de mi pueblo en busca de oportunidades&#8221;, expresa Alicia. Ella posee una brillante carrera universitaria en Comunicaci\u00f3n Social y un destacado desempe\u00f1o como periodista, correctora de estilo y editora de revistas y libros. Sin embargo Carmen Alicia nunca se olvida de ese rinc\u00f3n del altiplano guatemalteco, que sigue habitando su escritura y sus sue\u00f1os.<\/span><\/p><p><span style=\"font-family: Roboto, sans-serif; font-size: 16px; font-style: normal; font-variant-ligatures: normal; font-variant-caps: normal; font-weight: 400;\">&#8220;Yo siempre quise superarme. Estudi\u00e9 becada desde b\u00e1sicos hasta la universidad. No fue f\u00e1cil, pero se fueron abriendo oportunidades. En una ocasi\u00f3n, haciendo mi tesis, surgi\u00f3 una oportunidad para realizar una revista, pero era el d\u00eda 3 y deb\u00eda estar lista el 15. Se ten\u00eda que entregar a imprenta el 6. Entonces solo ten\u00eda tres d\u00edas para\u00a0 hacerla. Pero me las ingeni\u00e9, tom\u00e9 fotograf\u00edas, escrib\u00ed y eso me ense\u00f1\u00f3 que ten\u00eda la capacidad de lograr cualquier meta&#8221;.<\/span><\/p>\t\t\t\t\t\t\t\t<\/div>\n\t\t\t\t\t<\/div>\n\t\t\t\t<\/div>\n\t\t<div data-particle_enable=\"false\" data-particle-mobile-disabled=\"false\" class=\"elementor-element elementor-element-be502e8 e-flex e-con-boxed e-con e-parent\" data-id=\"be502e8\" data-element_type=\"container\" data-e-type=\"container\">\n\t\t\t\t\t<div class=\"e-con-inner\">\n\t\t\t\t<div class=\"elementor-element elementor-element-2ea39f4 elementor-widget elementor-widget-heading\" data-id=\"2ea39f4\" data-element_type=\"widget\" data-e-type=\"widget\" data-widget_type=\"heading.default\">\n\t\t\t\t\t<h3 class=\"elementor-heading-title elementor-size-default\">Conoce sus libros, elige y p\u00eddelo en MERCADO<\/h3>\t\t\t\t<\/div>\n\t\t\t\t\t<\/div>\n\t\t\t\t<\/div>\n\t\t<div data-particle_enable=\"false\" data-particle-mobile-disabled=\"false\" class=\"elementor-element elementor-element-19b26b2 e-flex e-con-boxed e-con e-parent\" data-id=\"19b26b2\" data-element_type=\"container\" data-e-type=\"container\">\n\t\t\t\t\t<div class=\"e-con-inner\">\n\t\t\t\t<div class=\"elementor-element elementor-element-551636d elementor-widget elementor-widget-image\" data-id=\"551636d\" data-element_type=\"widget\" data-e-type=\"widget\" data-widget_type=\"image.default\">\n\t\t\t\t\t\t\t\t\t\t\t\t\t\t\t\t<a href=\"https:\/\/soymigrante.com\/mercado\/marketplace\/seller\/profile\/arcasavi\">\n\t\t\t\t\t\t\t<img decoding=\"async\" width=\"480\" height=\"440\" src=\"https:\/\/soymigrante.com\/revista\/wp-content\/uploads\/2025\/07\/soymigrante-mercado-libros-carmen-alicia-arevalo-emprendedora-5.webp\" class=\"attachment-large size-large wp-image-38910\" alt=\"Casa rural tradicional con jard\u00edn y flores en primera plana, ilustrada en la portada de la revista SoyMigrante.com REVISTA, destacando temas culturales y migrantes en comunidad hispana.\" srcset=\"https:\/\/soymigrante.com\/revista\/wp-content\/uploads\/2025\/07\/soymigrante-mercado-libros-carmen-alicia-arevalo-emprendedora-5.webp 480w, https:\/\/soymigrante.com\/revista\/wp-content\/uploads\/2025\/07\/soymigrante-mercado-libros-carmen-alicia-arevalo-emprendedora-5-300x275.png 300w\" sizes=\"(max-width: 480px) 100vw, 480px\" title=\"soymigrante mercado libros carmen alicia arevalo emprendedora 5 \u2013 SoyMigrante.com REVISTA\" \/>\t\t\t\t\t\t\t\t<\/a>\n\t\t\t\t\t\t\t\t\t\t\t\t\t\t\t<\/div>\n\t\t\t\t\t<\/div>\n\t\t\t\t<\/div>\n\t\t<div data-particle_enable=\"false\" data-particle-mobile-disabled=\"false\" class=\"elementor-element elementor-element-0a13b69 e-flex e-con-boxed e-con e-parent\" data-id=\"0a13b69\" data-element_type=\"container\" data-e-type=\"container\">\n\t\t\t\t\t<div class=\"e-con-inner\">\n\t\t\t\t<div class=\"elementor-element elementor-element-d2162ab elementor-widget elementor-widget-text-editor\" data-id=\"d2162ab\" data-element_type=\"widget\" data-e-type=\"widget\" data-widget_type=\"text-editor.default\">\n\t\t\t\t\t\t\t\t\t<p>El primero de sus libros publicados fue <i><b>Aqu\u00ed vivo yo<\/b><\/i>, el cual surgi\u00f3 hacia el a\u00f1o 2005 como una novela para un concurso.\u00a0 &#8220;No gan\u00f3 el certamen literario al que fue enviada, pero fue recibida con entusiasmo por colegas, familiares y amigos que me animaron a publicarla&#8221;. La primera edici\u00f3n surgi\u00f3 con el apoyo de una colega de la Escuela de Ciencias de la Comunicaci\u00f3n de la Universidad de San Carlos, donde Alicia trabaj\u00f3. En 2010 edit\u00f3 una segunda edici\u00f3n de Aqu\u00ed vivo yo, bajo su propio sello editorial ARCASAVI. (un nombre muy curioso cuyo significado veremos adelante).<\/p>\t\t\t\t\t\t\t\t<\/div>\n\t\t\t\t\t<\/div>\n\t\t\t\t<\/div>\n\t\t<div data-particle_enable=\"false\" data-particle-mobile-disabled=\"false\" class=\"elementor-element elementor-element-f5cd52f e-flex e-con-boxed e-con e-parent\" data-id=\"f5cd52f\" data-element_type=\"container\" data-e-type=\"container\">\n\t\t\t\t\t<div class=\"e-con-inner\">\n\t\t\t\t<div class=\"elementor-element elementor-element-91146de elementor-widget elementor-widget-image\" data-id=\"91146de\" data-element_type=\"widget\" data-e-type=\"widget\" data-widget_type=\"image.default\">\n\t\t\t\t\t\t\t\t\t\t\t\t\t\t\t\t<a href=\"https:\/\/soymigrante.com\/mercado\/marketplace\/seller\/profile\/arcasavi\">\n\t\t\t\t\t\t\t<img decoding=\"async\" width=\"480\" height=\"440\" src=\"https:\/\/soymigrante.com\/revista\/wp-content\/uploads\/2025\/07\/soymigrante-mercado-libros-carmen-alicia-arevalo-emprendedora-4.webp\" class=\"attachment-large size-large wp-image-38911\" alt=\"Una imagen de la portada del libro &quot;Aqu\u00ed... sigue la historia&quot; de Carmen Alicia Ar\u00e9valo, destacando el tema de historia y cultura migrante en Am\u00e9rica Latina.\" srcset=\"https:\/\/soymigrante.com\/revista\/wp-content\/uploads\/2025\/07\/soymigrante-mercado-libros-carmen-alicia-arevalo-emprendedora-4.webp 480w, https:\/\/soymigrante.com\/revista\/wp-content\/uploads\/2025\/07\/soymigrante-mercado-libros-carmen-alicia-arevalo-emprendedora-4-300x275.png 300w\" sizes=\"(max-width: 480px) 100vw, 480px\" title=\"soymigrante mercado libros carmen alicia arevalo emprendedora 4 \u2013 SoyMigrante.com REVISTA\" \/>\t\t\t\t\t\t\t\t<\/a>\n\t\t\t\t\t\t\t\t\t\t\t\t\t\t\t<\/div>\n\t\t\t\t\t<\/div>\n\t\t\t\t<\/div>\n\t\t<div data-particle_enable=\"false\" data-particle-mobile-disabled=\"false\" class=\"elementor-element elementor-element-1aacc79 e-flex e-con-boxed e-con e-parent\" data-id=\"1aacc79\" data-element_type=\"container\" data-e-type=\"container\">\n\t\t\t\t\t<div class=\"e-con-inner\">\n\t\t\t\t<div class=\"elementor-element elementor-element-83ca655 elementor-widget elementor-widget-text-editor\" data-id=\"83ca655\" data-element_type=\"widget\" data-e-type=\"widget\" data-widget_type=\"text-editor.default\">\n\t\t\t\t\t\t\t\t\t<p>El segundo libro fue <i><b>Aqu\u00ed sigue la historia<\/b><\/i>. &#8220;Cuando uno hace el ejercicio de memoria hay tantos detalles que quedan fuera o de los cuales uno se acuerda despu\u00e9s. Adem\u00e1s, al salir uno del pueblo se encuentra con m\u00e1s gente, desaf\u00edos. Y fue ese af\u00e1n de plasmar un testimonio lo que origin\u00f3 esta continuaci\u00f3n&#8221;, cuenta Alicia.\u00a0<\/p>\t\t\t\t\t\t\t\t<\/div>\n\t\t\t\t\t<\/div>\n\t\t\t\t<\/div>\n\t\t<div data-particle_enable=\"false\" data-particle-mobile-disabled=\"false\" class=\"elementor-element elementor-element-95d2301 e-flex e-con-boxed e-con e-parent\" data-id=\"95d2301\" data-element_type=\"container\" data-e-type=\"container\">\n\t\t\t\t\t<div class=\"e-con-inner\">\n\t\t\t\t<div class=\"elementor-element elementor-element-4f2457a elementor-widget elementor-widget-image\" data-id=\"4f2457a\" data-element_type=\"widget\" data-e-type=\"widget\" data-widget_type=\"image.default\">\n\t\t\t\t\t\t\t\t\t\t\t\t\t\t\t\t<a href=\"https:\/\/soymigrante.com\/mercado\/marketplace\/seller\/profile\/arcasavi\">\n\t\t\t\t\t\t\t<img loading=\"lazy\" decoding=\"async\" width=\"480\" height=\"440\" src=\"https:\/\/soymigrante.com\/revista\/wp-content\/uploads\/2025\/07\/soymigrante-mercado-libros-carmen-alicia-arevalo-emprendedora-3.webp\" class=\"attachment-large size-large wp-image-38912\" alt=\"Chich\u00e9 en fiesta, celebraci\u00f3n tradicional de Guatemala con trajes coloridos, m\u00fasica y cultura ind\u00edgena, resaltando la diversidad y riqueza de sus comunidades rurales.\" srcset=\"https:\/\/soymigrante.com\/revista\/wp-content\/uploads\/2025\/07\/soymigrante-mercado-libros-carmen-alicia-arevalo-emprendedora-3.webp 480w, https:\/\/soymigrante.com\/revista\/wp-content\/uploads\/2025\/07\/soymigrante-mercado-libros-carmen-alicia-arevalo-emprendedora-3-300x275.png 300w\" sizes=\"(max-width: 480px) 100vw, 480px\" title=\"soymigrante mercado libros carmen alicia arevalo emprendedora 3 \u2013 SoyMigrante.com REVISTA\" \/>\t\t\t\t\t\t\t\t<\/a>\n\t\t\t\t\t\t\t\t\t\t\t\t\t\t\t<\/div>\n\t\t\t\t\t<\/div>\n\t\t\t\t<\/div>\n\t\t<div data-particle_enable=\"false\" data-particle-mobile-disabled=\"false\" class=\"elementor-element elementor-element-e58a56e e-flex e-con-boxed e-con e-parent\" data-id=\"e58a56e\" data-element_type=\"container\" data-e-type=\"container\">\n\t\t\t\t\t<div class=\"e-con-inner\">\n\t\t\t\t<div class=\"elementor-element elementor-element-e2de410 elementor-widget elementor-widget-text-editor\" data-id=\"e2de410\" data-element_type=\"widget\" data-e-type=\"widget\" data-widget_type=\"text-editor.default\">\n\t\t\t\t\t\t\t\t\t<p><i><b>Chich\u00e9 en fiesta<\/b><\/i>, escrito en 2015, rinde homenaje a las celebraciones tradicionales de su pueblo. Con lenguaje accesible y formato gr\u00e1fico, busca acercar la lectura a nuevas audiencias. \u201cNo tenemos mucha cultura de lectura\u201d, afirma, raz\u00f3n por la que opt\u00f3 por un enfoque visual, fotogr\u00e1fico lleno de colorido y emoci\u00f3n.<\/p>\t\t\t\t\t\t\t\t<\/div>\n\t\t\t\t\t<\/div>\n\t\t\t\t<\/div>\n\t\t<div data-particle_enable=\"false\" data-particle-mobile-disabled=\"false\" class=\"elementor-element elementor-element-4ee4682 e-flex e-con-boxed e-con e-parent\" data-id=\"4ee4682\" data-element_type=\"container\" data-e-type=\"container\">\n\t\t\t\t\t<div class=\"e-con-inner\">\n\t\t\t\t<div class=\"elementor-element elementor-element-cfe20ea elementor-widget elementor-widget-image\" data-id=\"cfe20ea\" data-element_type=\"widget\" data-e-type=\"widget\" data-widget_type=\"image.default\">\n\t\t\t\t\t\t\t\t\t\t\t\t\t\t\t\t<a href=\"https:\/\/soymigrante.com\/mercado\/marketplace\/seller\/profile\/arcasavi\">\n\t\t\t\t\t\t\t<img loading=\"lazy\" decoding=\"async\" width=\"480\" height=\"440\" src=\"https:\/\/soymigrante.com\/revista\/wp-content\/uploads\/2025\/07\/soymigrante-mercado-libros-carmen-alicia-arevalo-emprendedora-2.webp\" class=\"attachment-large size-large wp-image-38913\" alt=\"Oficios tradicionales y historia en un libro ilustrado para ni\u00f1os, destacando la cultura y las labores ancestrales mexicanas con personajes coloridos y escenas de trabajo rural y urbano.\" srcset=\"https:\/\/soymigrante.com\/revista\/wp-content\/uploads\/2025\/07\/soymigrante-mercado-libros-carmen-alicia-arevalo-emprendedora-2.webp 480w, https:\/\/soymigrante.com\/revista\/wp-content\/uploads\/2025\/07\/soymigrante-mercado-libros-carmen-alicia-arevalo-emprendedora-2-300x275.png 300w\" sizes=\"(max-width: 480px) 100vw, 480px\" title=\"soymigrante mercado libros carmen alicia arevalo emprendedora 2 \u2013 SoyMigrante.com REVISTA\" \/>\t\t\t\t\t\t\t\t<\/a>\n\t\t\t\t\t\t\t\t\t\t\t\t\t\t\t<\/div>\n\t\t\t\t\t<\/div>\n\t\t\t\t<\/div>\n\t\t<div data-particle_enable=\"false\" data-particle-mobile-disabled=\"false\" class=\"elementor-element elementor-element-121d5fc e-flex e-con-boxed e-con e-parent\" data-id=\"121d5fc\" data-element_type=\"container\" data-e-type=\"container\">\n\t\t\t\t\t<div class=\"e-con-inner\">\n\t\t\t\t<div class=\"elementor-element elementor-element-a58595b elementor-widget elementor-widget-text-editor\" data-id=\"a58595b\" data-element_type=\"widget\" data-e-type=\"widget\" data-widget_type=\"text-editor.default\">\n\t\t\t\t\t\t\t\t\t<p>Siempre con otros elementos de la memoria personal y colectiva de su pueblo, Carmen Alicia construy\u00f3 <b><i>Oficios maxe\u00f1os,<\/i><\/b> en el cual rescata ocupaciones artesanales y tradicionales a trav\u00e9s de personajes inspirados en la vida real, como su propio padre, quien labor\u00f3 como curtidor de pieles.\u00a0<\/p><p>El libro incluye ilustraciones y retratos que celebran la diversidad de labores que dan vida a las comunidades rurales. \u201cEste libro ha sido bastante apreciado&#8230; hasta alguien de Chimaltenango me dijo que se deber\u00eda hacer uno de cada municipio del pa\u00eds\u201d, relata.<\/p>\t\t\t\t\t\t\t\t<\/div>\n\t\t\t\t\t<\/div>\n\t\t\t\t<\/div>\n\t\t<div data-particle_enable=\"false\" data-particle-mobile-disabled=\"false\" class=\"elementor-element elementor-element-627b175 e-flex e-con-boxed e-con e-parent\" data-id=\"627b175\" data-element_type=\"container\" data-e-type=\"container\">\n\t\t\t\t\t<div class=\"e-con-inner\">\n\t\t\t\t<div class=\"elementor-element elementor-element-c189338 elementor-widget elementor-widget-image\" data-id=\"c189338\" data-element_type=\"widget\" data-e-type=\"widget\" data-widget_type=\"image.default\">\n\t\t\t\t\t\t\t\t\t\t\t\t\t\t\t\t<a href=\"https:\/\/soymigrante.com\/mercado\/marketplace\/seller\/profile\/arcasavi\">\n\t\t\t\t\t\t\t<img loading=\"lazy\" decoding=\"async\" width=\"480\" height=\"440\" src=\"https:\/\/soymigrante.com\/revista\/wp-content\/uploads\/2025\/07\/soymigrante-mercado-libros-carmen-alicia-arevalo-emprendedora-1.webp\" class=\"attachment-large size-large wp-image-38914\" alt=\"Relatos cotidianos en formato de revista con historias breves que reflejan experiencias y vivencias diarias de migrantes y comunidades hispanas.\" srcset=\"https:\/\/soymigrante.com\/revista\/wp-content\/uploads\/2025\/07\/soymigrante-mercado-libros-carmen-alicia-arevalo-emprendedora-1.webp 480w, https:\/\/soymigrante.com\/revista\/wp-content\/uploads\/2025\/07\/soymigrante-mercado-libros-carmen-alicia-arevalo-emprendedora-1-300x275.png 300w\" sizes=\"(max-width: 480px) 100vw, 480px\" title=\"soymigrante mercado libros carmen alicia arevalo emprendedora 3 \u2013 SoyMigrante.com REVISTA\" \/>\t\t\t\t\t\t\t\t<\/a>\n\t\t\t\t\t\t\t\t\t\t\t\t\t\t\t<\/div>\n\t\t\t\t\t<\/div>\n\t\t\t\t<\/div>\n\t\t<div data-particle_enable=\"false\" data-particle-mobile-disabled=\"false\" class=\"elementor-element elementor-element-26abaa8 e-flex e-con-boxed e-con e-parent\" data-id=\"26abaa8\" data-element_type=\"container\" data-e-type=\"container\">\n\t\t\t\t\t<div class=\"e-con-inner\">\n\t\t\t\t<div class=\"elementor-element elementor-element-87c3079 elementor-widget elementor-widget-text-editor\" data-id=\"87c3079\" data-element_type=\"widget\" data-e-type=\"widget\" data-widget_type=\"text-editor.default\">\n\t\t\t\t\t\t\t\t\t<p>La creatividad ese interminable y as\u00ed lo demuestra <i><b>Breves relatos cotidianos,<\/b><\/i> que\u00a0 re\u00fane historias breves inspiradas en recuerdos familiares, conversaciones y vivencias personales. Son relatos sencillos, todos con una ense\u00f1anza \u201cTodo lo que publico all\u00ed es de la vida real. Son historias cortas, pero agradables y did\u00e1cticas\u201d, explica.<\/p>\t\t\t\t\t\t\t\t<\/div>\n\t\t\t\t\t<\/div>\n\t\t\t\t<\/div>\n\t\t<div data-particle_enable=\"false\" data-particle-mobile-disabled=\"false\" class=\"elementor-element elementor-element-9c5486c e-flex e-con-boxed e-con e-parent\" data-id=\"9c5486c\" data-element_type=\"container\" data-e-type=\"container\">\n\t\t\t\t\t<div class=\"e-con-inner\">\n\t\t\t\t<div class=\"elementor-element elementor-element-c28bd5d elementor-invisible elementor-widget elementor-widget-testimonial\" data-id=\"c28bd5d\" data-element_type=\"widget\" data-e-type=\"widget\" data-settings=\"{&quot;_animation&quot;:&quot;rotateInUpRight&quot;}\" data-widget_type=\"testimonial.default\">\n\t\t\t\t\t\t\t<div class=\"elementor-testimonial-wrapper\">\n\t\t\t\t\t\t\t<div class=\"elementor-testimonial-content\">\"En todos mis libros hay una valoraci\u00f3n de los guatemaltecos. Todos tenemos talento. Por ejemplo en Oficios Maxe\u00f1os destaco al piloto, a la costurera, mi pap\u00e1 era curtidor de pieles: ha sido un libro bastante apreciado porque muchas personas se identifican con esas vivencias\"<\/div>\n\t\t\t\n\t\t\t\t\t\t<div class=\"elementor-testimonial-meta elementor-has-image elementor-testimonial-image-position-aside\">\n\t\t\t\t<div class=\"elementor-testimonial-meta-inner\">\n\t\t\t\t\t\t\t\t\t\t\t<div class=\"elementor-testimonial-image\">\n\t\t\t\t\t\t\t<img loading=\"lazy\" decoding=\"async\" width=\"1500\" height=\"1500\" src=\"https:\/\/soymigrante.com\/revista\/wp-content\/uploads\/2025\/07\/mercado-emprendedora-escritora-carmen-alicia-arevalo-libros-1.webp\" class=\"attachment-full size-full wp-image-38922\" alt=\"Fotograf\u00eda de una mujer con gafas, vestida con un vestido azul, sosteniendo un libro y sonriendo, en un contexto relacionado con literatura y migrantes, ideal para contenido de revista SoyMigrante.com REVISTA.\" title=\"mercado emprendedora escritora carmen alicia arevalo libros 1 \u2013 SoyMigrante.com REVISTA\" srcset=\"https:\/\/soymigrante.com\/revista\/wp-content\/uploads\/2025\/07\/mercado-emprendedora-escritora-carmen-alicia-arevalo-libros-1.webp 1500w, https:\/\/soymigrante.com\/revista\/wp-content\/uploads\/2025\/07\/mercado-emprendedora-escritora-carmen-alicia-arevalo-libros-1-300x300.jpg 300w, https:\/\/soymigrante.com\/revista\/wp-content\/uploads\/2025\/07\/mercado-emprendedora-escritora-carmen-alicia-arevalo-libros-1-1024x1024.jpg 1024w, https:\/\/soymigrante.com\/revista\/wp-content\/uploads\/2025\/07\/mercado-emprendedora-escritora-carmen-alicia-arevalo-libros-1-150x150.jpg 150w, https:\/\/soymigrante.com\/revista\/wp-content\/uploads\/2025\/07\/mercado-emprendedora-escritora-carmen-alicia-arevalo-libros-1-768x768.jpg 768w, https:\/\/soymigrante.com\/revista\/wp-content\/uploads\/2025\/07\/mercado-emprendedora-escritora-carmen-alicia-arevalo-libros-1-75x75.jpg 75w, https:\/\/soymigrante.com\/revista\/wp-content\/uploads\/2025\/07\/mercado-emprendedora-escritora-carmen-alicia-arevalo-libros-1-750x750.jpg 750w, https:\/\/soymigrante.com\/revista\/wp-content\/uploads\/2025\/07\/mercado-emprendedora-escritora-carmen-alicia-arevalo-libros-1-1140x1140.jpg 1140w\" sizes=\"(max-width: 1500px) 100vw, 1500px\" \/>\t\t\t\t\t\t<\/div>\n\t\t\t\t\t\n\t\t\t\t\t\t\t\t\t\t<div class=\"elementor-testimonial-details\">\n\t\t\t\t\t\t\t\t\t\t\t\t\t\t<div class=\"elementor-testimonial-name\">Carmen Alicia Ar\u00e9valo de Orellana<\/div>\n\t\t\t\t\t\t\t\t\t\t\t\t\t\t\t\t\t\t\t\t\t\t<div class=\"elementor-testimonial-job\">Comunicadora Social y escritora guatemalteca,\noriginaria de Chich\u00e9, Quich\u00e9<\/div>\n\t\t\t\t\t\t\t\t\t\t\t\t\t<\/div>\n\t\t\t\t\t\t\t\t\t<\/div>\n\t\t\t<\/div>\n\t\t\t\t\t<\/div>\n\t\t\t\t\t\t<\/div>\n\t\t\t\t\t<\/div>\n\t\t\t\t<\/div>\n\t\t<div data-particle_enable=\"false\" data-particle-mobile-disabled=\"false\" class=\"elementor-element elementor-element-63c473d e-flex e-con-boxed e-con e-parent\" data-id=\"63c473d\" data-element_type=\"container\" data-e-type=\"container\">\n\t\t\t\t\t<div class=\"e-con-inner\">\n\t\t\t\t<div class=\"elementor-element elementor-element-23169da elementor-widget elementor-widget-heading\" data-id=\"23169da\" data-element_type=\"widget\" data-e-type=\"widget\" data-widget_type=\"heading.default\">\n\t\t\t\t\t<h3 class=\"elementor-heading-title elementor-size-default\">\u00bfQu\u00e9 le motiv\u00f3 a abrir su tienda en SoyMigrante.com MERCADO?<\/h3>\t\t\t\t<\/div>\n\t\t\t\t\t<\/div>\n\t\t\t\t<\/div>\n\t\t<div data-particle_enable=\"false\" data-particle-mobile-disabled=\"false\" class=\"elementor-element elementor-element-f35623b e-flex e-con-boxed e-con e-parent\" data-id=\"f35623b\" data-element_type=\"container\" data-e-type=\"container\">\n\t\t\t\t\t<div class=\"e-con-inner\">\n\t\t\t\t<div class=\"elementor-element elementor-element-ec7dc91 elementor-widget elementor-widget-text-editor\" data-id=\"ec7dc91\" data-element_type=\"widget\" data-e-type=\"widget\" data-widget_type=\"text-editor.default\">\n\t\t\t\t\t\t\t\t\t<p>Carmen Alicia Ar\u00e9valo se identifica profundamente con otros migrantes guatemaltecos que, como ella, han tenido que dejar su pueblo natal en busca de superaci\u00f3n. Por ello siente conexi\u00f3n e inspiraci\u00f3n con el emprendedor tecnol\u00f3gico Marcos Antil,\u00a0 CEO de SoyMigrante.com. \u201cLos dos somos migrantes. Nuestras historias son distintas, pero similares. Me gusta c\u00f3mo \u00e9l comparte su vida con honestidad e inspiraci\u00f3n\u201d.\u00a0<\/p><p>Recuerda que ley\u00f3 el libro <a href=\"https:\/\/marcosantil.com\/wp-content\/uploads\/2022\/01\/marcosantil-migrante-prologo-y-capitulo1.pdf\">MIGRANTE de Marcos Antil<\/a> en pocas horas. &#8220;Me apasion\u00f3 su manera de contar, con tanta sinceridad y apertura y por eso al abrir SoyMigrante.com MERCADO, yo quer\u00eda estar ac\u00e1 para que m\u00e1s personas conozcan estas historias y valores&#8221;.<\/p>\t\t\t\t\t\t\t\t<\/div>\n\t\t\t\t\t<\/div>\n\t\t\t\t<\/div>\n\t\t<div data-particle_enable=\"false\" data-particle-mobile-disabled=\"false\" class=\"elementor-element elementor-element-0f63061 e-flex e-con-boxed e-con e-parent\" data-id=\"0f63061\" data-element_type=\"container\" data-e-type=\"container\">\n\t\t\t\t\t<div class=\"e-con-inner\">\n\t\t\t\t<div class=\"elementor-element elementor-element-d8213bd elementor-widget elementor-widget-image\" data-id=\"d8213bd\" data-element_type=\"widget\" data-e-type=\"widget\" data-widget_type=\"image.default\">\n\t\t\t\t\t\t\t\t\t\t\t\t<figure class=\"wp-caption\">\n\t\t\t\t\t\t\t\t\t\t<img loading=\"lazy\" decoding=\"async\" width=\"768\" height=\"940\" src=\"https:\/\/soymigrante.com\/revista\/wp-content\/uploads\/2025\/07\/CARMEN-ALICIA-AREVALO-EMPRENDEDORA-MERCADO-ESCRITORA-LIBROS.webp\" class=\"attachment-large size-large wp-image-38932\" alt=\"V\u00ednculo entre la comunidad y la memoria de Carmen Alicia Anevado de Orellana en una marcha escolar en M\u00e9xico. Ni\u00f1os con uniforme desfilando en una calle colorida con un cartel homenaje en su honor.\" srcset=\"https:\/\/soymigrante.com\/revista\/wp-content\/uploads\/2025\/07\/CARMEN-ALICIA-AREVALO-EMPRENDEDORA-MERCADO-ESCRITORA-LIBROS.webp 784w, https:\/\/soymigrante.com\/revista\/wp-content\/uploads\/2025\/07\/CARMEN-ALICIA-AREVALO-EMPRENDEDORA-MERCADO-ESCRITORA-LIBROS-245x300.jpg 245w, https:\/\/soymigrante.com\/revista\/wp-content\/uploads\/2025\/07\/CARMEN-ALICIA-AREVALO-EMPRENDEDORA-MERCADO-ESCRITORA-LIBROS-768x940.jpg 768w, https:\/\/soymigrante.com\/revista\/wp-content\/uploads\/2025\/07\/CARMEN-ALICIA-AREVALO-EMPRENDEDORA-MERCADO-ESCRITORA-LIBROS-750x918.webp 750w\" sizes=\"(max-width: 768px) 100vw, 768px\" title=\"Los libros de Carmen Alicia Ar\u00e9valo han sido reconocidos como material adecuado de lectura para estudiantes de primaria y secundaria, por su car\u00e1cter edificante, nacionalista y creativo. La autora ha presentado su obra en planteles donde le han invitado. \u2013 SoyMigrante.com REVISTA\" \/>\t\t\t\t\t\t\t\t\t\t\t<figcaption class=\"widget-image-caption wp-caption-text\">Una marcha escolar en una calle de M\u00e9xico, donde ni\u00f1os con uniforme llevan un cartel en homenaje a Carmen Alicia Anevado de Orellana, destacando el sentido de comunidad y memoria en eventos culturales y sociales.<\/figcaption>\n\t\t\t\t\t\t\t\t\t\t<\/figure>\n\t\t\t\t\t\t\t\t\t<\/div>\n\t\t\t\t\t<\/div>\n\t\t\t\t<\/div>\n\t\t<div data-particle_enable=\"false\" data-particle-mobile-disabled=\"false\" class=\"elementor-element elementor-element-5047dd5 e-flex e-con-boxed e-con e-parent\" data-id=\"5047dd5\" data-element_type=\"container\" data-e-type=\"container\">\n\t\t\t\t\t<div class=\"e-con-inner\">\n\t\t\t\t<div class=\"elementor-element elementor-element-34a7dca elementor-widget elementor-widget-heading\" data-id=\"34a7dca\" data-element_type=\"widget\" data-e-type=\"widget\" data-widget_type=\"heading.default\">\n\t\t\t\t\t<h3 class=\"elementor-heading-title elementor-size-default\">\u00bfPor qu\u00e9 ARCASAVI? <\/h3>\t\t\t\t<\/div>\n\t\t\t\t\t<\/div>\n\t\t\t\t<\/div>\n\t\t<div data-particle_enable=\"false\" data-particle-mobile-disabled=\"false\" class=\"elementor-element elementor-element-7dd6dd0 e-flex e-con-boxed e-con e-parent\" data-id=\"7dd6dd0\" data-element_type=\"container\" data-e-type=\"container\">\n\t\t\t\t\t<div class=\"e-con-inner\">\n\t\t\t\t<div class=\"elementor-element elementor-element-e8e4f0b elementor-widget elementor-widget-text-editor\" data-id=\"e8e4f0b\" data-element_type=\"widget\" data-e-type=\"widget\" data-widget_type=\"text-editor.default\">\n\t\t\t\t\t\t\t\t\t<p>El nombre de su sello editorial ARCASAVI, es tambi\u00e9n una declaraci\u00f3n de afecto: Es un acr\u00f3nimo que toma el nombre de las iniciales de ella, su esposo y sus hijas: ARmando, Carmen Alicia, SAmanta y VIaceli. Con ello reafirma que su escritura est\u00e1 profundamente ligada a su historia personal como expresi\u00f3n de autenticidad.<\/p><p>Hoy, sus libros pueden ser adquiridos desde cualquier parte de Guatemala para tener un pedazo de esa alma popular hasta cualquier rinc\u00f3n donde haya un lector dispuesto a reencontrarse con sus ra\u00edces, o simplemente disfrutar de la belleza de lo cotidiano, contado por una pluma brillante, creativa y con amor de mam\u00e1.<\/p>\t\t\t\t\t\t\t\t<\/div>\n\t\t\t\t\t<\/div>\n\t\t\t\t<\/div>\n\t\t<div data-particle_enable=\"false\" data-particle-mobile-disabled=\"false\" class=\"elementor-element elementor-element-4539e70 e-flex e-con-boxed e-con e-parent\" data-id=\"4539e70\" data-element_type=\"container\" data-e-type=\"container\">\n\t\t\t\t\t<div class=\"e-con-inner\">\n\t\t\t\t<div class=\"elementor-element elementor-element-3f962c4 elementor-widget elementor-widget-image\" data-id=\"3f962c4\" data-element_type=\"widget\" data-e-type=\"widget\" data-widget_type=\"image.default\">\n\t\t\t\t\t\t\t\t\t\t\t\t<figure class=\"wp-caption\">\n\t\t\t\t\t\t\t\t\t\t<img loading=\"lazy\" decoding=\"async\" width=\"768\" height=\"781\" src=\"https:\/\/soymigrante.com\/revista\/wp-content\/uploads\/2025\/07\/arcasavi-representa-a-su-familia-emprendedora-mercado-1007x1024.jpg\" class=\"attachment-large size-large wp-image-38924\" alt=\"Personas en evento de la revista SoyMigrante.com, reflejando comunidad migrante y temas de integraci\u00f3n y derechos. Fotograf\u00eda destacada para contenido sobre redes sociales y cultura migrante en Am\u00e9rica Latina.\" srcset=\"https:\/\/soymigrante.com\/revista\/wp-content\/uploads\/2025\/07\/arcasavi-representa-a-su-familia-emprendedora-mercado-1007x1024.jpg 1007w, https:\/\/soymigrante.com\/revista\/wp-content\/uploads\/2025\/07\/arcasavi-representa-a-su-familia-emprendedora-mercado-295x300.jpg 295w, https:\/\/soymigrante.com\/revista\/wp-content\/uploads\/2025\/07\/arcasavi-representa-a-su-familia-emprendedora-mercado-768x781.jpg 768w, https:\/\/soymigrante.com\/revista\/wp-content\/uploads\/2025\/07\/arcasavi-representa-a-su-familia-emprendedora-mercado-75x75.webp 75w, https:\/\/soymigrante.com\/revista\/wp-content\/uploads\/2025\/07\/arcasavi-representa-a-su-familia-emprendedora-mercado-750x762.webp 750w, https:\/\/soymigrante.com\/revista\/wp-content\/uploads\/2025\/07\/arcasavi-representa-a-su-familia-emprendedora-mercado-1140x1159.webp 1140w, https:\/\/soymigrante.com\/revista\/wp-content\/uploads\/2025\/07\/arcasavi-representa-a-su-familia-emprendedora-mercado.webp 1398w\" sizes=\"(max-width: 768px) 100vw, 768px\" title=\"El nombre del sello editorial ARCASAVI en el cual se han publicado todos los libros de Carmen Alicia Ar\u00e9valo, representa la uni\u00f3n y el amor de su familia. Es un acr\u00f3nimo integrado por los nombres de ella, su esposo e hijas: ARmando, Carmen Alicia, SAmanta y VIaceli. Un homenaje de cari\u00f1o a su familia. \u2013 SoyMigrante.com REVISTA\" \/>\t\t\t\t\t\t\t\t\t\t\t<figcaption class=\"widget-image-caption wp-caption-text\">El nombre del sello editorial ARCASAVI en el cual se han publicado todos los libros de Carmen Alicia Ar\u00e9valo, representa la uni\u00f3n y el amor de su familia. Es un acr\u00f3nimo integrado por los nombres de ella, su esposo e hijas: ARmando, Carmen Alicia, SAmanta y VIaceli. Un homenaje de cari\u00f1o a su familia.<\/figcaption>\n\t\t\t\t\t\t\t\t\t\t<\/figure>\n\t\t\t\t\t\t\t\t\t<\/div>\n\t\t\t\t\t<\/div>\n\t\t\t\t<\/div>\n\t\t<div data-particle_enable=\"false\" data-particle-mobile-disabled=\"false\" class=\"elementor-element elementor-element-964b40a e-flex e-con-boxed e-con e-parent\" data-id=\"964b40a\" data-element_type=\"container\" data-e-type=\"container\">\n\t\t\t\t\t<div class=\"e-con-inner\">\n\t\t\t\t<div class=\"elementor-element elementor-element-7e0db35 elementor-widget elementor-widget-heading\" data-id=\"7e0db35\" data-element_type=\"widget\" data-e-type=\"widget\" data-widget_type=\"heading.default\">\n\t\t\t\t\t<h2 class=\"elementor-heading-title elementor-size-default\">M\u00e1s creatividad literaria en MERCADO<\/h2>\t\t\t\t<\/div>\n\t\t\t\t\t<\/div>\n\t\t\t\t<\/div>\n\t\t<div data-particle_enable=\"false\" data-particle-mobile-disabled=\"false\" class=\"elementor-element elementor-element-2f72baf e-flex e-con-boxed e-con e-parent\" data-id=\"2f72baf\" data-element_type=\"container\" data-e-type=\"container\">\n\t\t\t\t\t<div class=\"e-con-inner\">\n\t\t\t\t<div class=\"elementor-element elementor-element-90fe6cf elementor-grid-eael-col-3 elementor-grid-tablet-eael-col-2 elementor-grid-mobile-eael-col-1 elementor-invisible elementor-widget elementor-widget-eael-post-grid\" data-id=\"90fe6cf\" data-element_type=\"widget\" data-e-type=\"widget\" data-settings=\"{&quot;eael_post_grid_columns&quot;:&quot;eael-col-3&quot;,&quot;_animation&quot;:&quot;rollIn&quot;,&quot;eael_post_grid_columns_tablet&quot;:&quot;eael-col-2&quot;,&quot;eael_post_grid_columns_mobile&quot;:&quot;eael-col-1&quot;}\" data-widget_type=\"eael-post-grid.default\">\n\t\t\t\t\t<div id=\"eael-post-grid-90fe6cf\" class=\"eael-post-grid-container\">\n            <div class=\"eael-post-grid eael-post-appender eael-post-appender-90fe6cf eael-post-grid-style-one\" data-layout-mode=\"masonry\"><article class=\"eael-grid-post  eael-post-grid-column eael-pg-post-29515 category-estamos-unidos\" data-id=\"29515\">\n        <div class=\"eael-grid-post-holder\">\n            <div class=\"eael-grid-post-holder-inner\"><div class=\"eael-entry-media\"><div class=\"eael-entry-overlay fade-in\"><i class=\"far fa-hand-pointer\" aria-hidden=\"true\"><\/i><a href=\"https:\/\/soymigrante.com\/revista\/asi-fue-la-presentacion-del-libro-immigrant-de-marcos-antil-en-la-biblioteca-de-penn-yan-ny\/\"><\/a><\/div><div class=\"eael-entry-thumbnail \">\n                <img loading=\"lazy\" decoding=\"async\" width=\"1024\" height=\"1024\" src=\"https:\/\/soymigrante.com\/revista\/wp-content\/uploads\/2025\/03\/libro-migrante-marcos-antil-penn-yan-NY-1-1024x1024.jpg\" class=\"attachment-large size-large wp-image-29516\" alt=\"Autoras y autores en una lectura de la revista SoyMigrante.com REVISTA en una iglesia con vitrales coloridos al fondo.\" srcset=\"https:\/\/soymigrante.com\/revista\/wp-content\/uploads\/2025\/03\/libro-migrante-marcos-antil-penn-yan-NY-1-1024x1024.jpg 1024w, https:\/\/soymigrante.com\/revista\/wp-content\/uploads\/2025\/03\/libro-migrante-marcos-antil-penn-yan-NY-1-300x300.jpg 300w, https:\/\/soymigrante.com\/revista\/wp-content\/uploads\/2025\/03\/libro-migrante-marcos-antil-penn-yan-NY-1-150x150.jpg 150w, https:\/\/soymigrante.com\/revista\/wp-content\/uploads\/2025\/03\/libro-migrante-marcos-antil-penn-yan-NY-1-768x768.jpg 768w, https:\/\/soymigrante.com\/revista\/wp-content\/uploads\/2025\/03\/libro-migrante-marcos-antil-penn-yan-NY-1-75x75.webp 75w, https:\/\/soymigrante.com\/revista\/wp-content\/uploads\/2025\/03\/libro-migrante-marcos-antil-penn-yan-NY-1-750x750.webp 750w, https:\/\/soymigrante.com\/revista\/wp-content\/uploads\/2025\/03\/libro-migrante-marcos-antil-penn-yan-NY-1-1140x1140.webp 1140w, https:\/\/soymigrante.com\/revista\/wp-content\/uploads\/2025\/03\/libro-migrante-marcos-antil-penn-yan-NY-1.webp 1200w\" sizes=\"(max-width: 1024px) 100vw, 1024px\" \/>\n            <\/div>\n        <\/div><div class=\"eael-entry-wrapper\"><header class=\"eael-entry-header\"><h2 class=\"eael-entry-title\"><a class=\"eael-grid-post-link\" href=\"https:\/\/soymigrante.com\/revista\/asi-fue-la-presentacion-del-libro-immigrant-de-marcos-antil-en-la-biblioteca-de-penn-yan-ny\/\" title=\"As\u00ed fue la presentaci\u00f3n del libro Immigrant de Marcos Antil en la biblioteca de Penn Yan, NY\">As\u00ed fue la presentaci\u00f3n del libro Immigrant de Marcos Antil en la biblioteca de Penn Yan, NY<\/a><\/h2><\/header><div class=\"eael-entry-content\">\n                        <div class=\"eael-grid-post-excerpt\"><a href=\"https:\/\/soymigrante.com\/revista\/asi-fue-la-presentacion-del-libro-immigrant-de-marcos-antil-en-la-biblioteca-de-penn-yan-ny\/\" class=\"eael-post-elements-readmore-btn\">CONOCE SU HISTORIA <\/a><\/div>\n                    <\/div><\/div><\/div>\n        <\/div>\n    <\/article><article class=\"eael-grid-post  eael-post-grid-column eael-pg-post-13457 category-guate-nuestra tags-mercado-emprendedores\" data-id=\"13457\">\n        <div class=\"eael-grid-post-holder\">\n            <div class=\"eael-grid-post-holder-inner\"><div class=\"eael-entry-media\"><div class=\"eael-entry-overlay fade-in\"><i class=\"far fa-hand-pointer\" aria-hidden=\"true\"><\/i><a href=\"https:\/\/soymigrante.com\/revista\/impulsar-la-sabiduria-e-idiomas-mayas-es-el-hilo-del-esfuerzo-de-raxche-rodriguez-en-maya-wuj\/\"><\/a><\/div><div class=\"eael-entry-thumbnail \">\n                <img loading=\"lazy\" decoding=\"async\" width=\"1024\" height=\"1024\" src=\"https:\/\/soymigrante.com\/revista\/wp-content\/uploads\/2024\/11\/Raxche-Rodriguez-1024x1024.jpg\" class=\"attachment-large size-large wp-image-13686\" alt=\"Imagen de un hombre con vestimenta tradicional mexicana frente al logo de la revista SoyMigrante.com, destacando temas de migraci\u00f3n, cultura y derechos migrantes en M\u00e9xico.\" srcset=\"https:\/\/soymigrante.com\/revista\/wp-content\/uploads\/2024\/11\/Raxche-Rodriguez-1024x1024.jpg 1024w, https:\/\/soymigrante.com\/revista\/wp-content\/uploads\/2024\/11\/Raxche-Rodriguez-300x300.jpg 300w, https:\/\/soymigrante.com\/revista\/wp-content\/uploads\/2024\/11\/Raxche-Rodriguez-150x150.jpg 150w, https:\/\/soymigrante.com\/revista\/wp-content\/uploads\/2024\/11\/Raxche-Rodriguez-768x768.jpg 768w, https:\/\/soymigrante.com\/revista\/wp-content\/uploads\/2024\/11\/Raxche-Rodriguez-75x75.webp 75w, https:\/\/soymigrante.com\/revista\/wp-content\/uploads\/2024\/11\/Raxche-Rodriguez-750x750.webp 750w, https:\/\/soymigrante.com\/revista\/wp-content\/uploads\/2024\/11\/Raxche-Rodriguez.webp 1046w\" sizes=\"(max-width: 1024px) 100vw, 1024px\" \/>\n            <\/div>\n        <\/div><div class=\"eael-entry-wrapper\"><header class=\"eael-entry-header\"><h2 class=\"eael-entry-title\"><a class=\"eael-grid-post-link\" href=\"https:\/\/soymigrante.com\/revista\/impulsar-la-sabiduria-e-idiomas-mayas-es-el-hilo-del-esfuerzo-de-raxche-rodriguez-en-maya-wuj\/\" title=\"Impulsar la sabidur\u00eda e idiomas mayas es el hilo que teje el esfuerzo de Raxche&#8217; Rodr\u00edguez en Maya&#8217; Wuj\">Impulsar la sabidur\u00eda e idiomas mayas es el hilo que teje el esfuerzo de Raxche&#8217; Rodr\u00edguez en Maya&#8217; Wuj<\/a><\/h2><\/header><div class=\"eael-entry-content\">\n                        <div class=\"eael-grid-post-excerpt\"><a href=\"https:\/\/soymigrante.com\/revista\/impulsar-la-sabiduria-e-idiomas-mayas-es-el-hilo-del-esfuerzo-de-raxche-rodriguez-en-maya-wuj\/\" class=\"eael-post-elements-readmore-btn\">CONOCE SU HISTORIA <\/a><\/div>\n                    <\/div><\/div><\/div>\n        <\/div>\n    <\/article><article class=\"eael-grid-post  eael-post-grid-column eael-pg-post-10466 category-guate-nuestra tags-mercado-emprendedores\" data-id=\"10466\">\n        <div class=\"eael-grid-post-holder\">\n            <div class=\"eael-grid-post-holder-inner\"><div class=\"eael-entry-media\"><div class=\"eael-entry-overlay fade-in\"><i class=\"far fa-hand-pointer\" aria-hidden=\"true\"><\/i><a href=\"https:\/\/soymigrante.com\/revista\/escritor-manuel-orantes-alvarez-confecciona-relatos-que-invitan-al-cambio\/\"><\/a><\/div><div class=\"eael-entry-thumbnail \">\n                <img loading=\"lazy\" decoding=\"async\" width=\"860\" height=\"860\" src=\"https:\/\/soymigrante.com\/revista\/wp-content\/uploads\/2024\/10\/manuel-orantes-guatemalteco-escritor-migrante-3.webp\" class=\"attachment-large size-large wp-image-10542\" alt=\"Discurso de migrante latinoamericano en parque p\u00fablico, promoviendo integraci\u00f3n y cultura, con libro en mano, vestido con camiseta azul y sombrero colorido.\" srcset=\"https:\/\/soymigrante.com\/revista\/wp-content\/uploads\/2024\/10\/manuel-orantes-guatemalteco-escritor-migrante-3.webp 860w, https:\/\/soymigrante.com\/revista\/wp-content\/uploads\/2024\/10\/manuel-orantes-guatemalteco-escritor-migrante-3-300x300.webp 300w, https:\/\/soymigrante.com\/revista\/wp-content\/uploads\/2024\/10\/manuel-orantes-guatemalteco-escritor-migrante-3-150x150.webp 150w, https:\/\/soymigrante.com\/revista\/wp-content\/uploads\/2024\/10\/manuel-orantes-guatemalteco-escritor-migrante-3-768x768.webp 768w, https:\/\/soymigrante.com\/revista\/wp-content\/uploads\/2024\/10\/manuel-orantes-guatemalteco-escritor-migrante-3-75x75.webp 75w, https:\/\/soymigrante.com\/revista\/wp-content\/uploads\/2024\/10\/manuel-orantes-guatemalteco-escritor-migrante-3-750x750.webp 750w\" sizes=\"(max-width: 860px) 100vw, 860px\" \/>\n            <\/div>\n        <\/div><div class=\"eael-entry-wrapper\"><header class=\"eael-entry-header\"><h2 class=\"eael-entry-title\"><a class=\"eael-grid-post-link\" href=\"https:\/\/soymigrante.com\/revista\/escritor-manuel-orantes-alvarez-confecciona-relatos-que-invitan-al-cambio\/\" title=\"Escritor Manuel Orantes-\u00c1lvarez crea relatos que invitan a la transformaci\u00f3n personal\">Escritor Manuel Orantes-\u00c1lvarez crea relatos que invitan a la transformaci\u00f3n personal<\/a><\/h2><\/header><div class=\"eael-entry-content\">\n                        <div class=\"eael-grid-post-excerpt\"><a href=\"https:\/\/soymigrante.com\/revista\/escritor-manuel-orantes-alvarez-confecciona-relatos-que-invitan-al-cambio\/\" class=\"eael-post-elements-readmore-btn\">CONOCE SU HISTORIA <\/a><\/div>\n                    <\/div><\/div><\/div>\n        <\/div>\n    <\/article><\/div>\n            <div class=\"clearfix\"><\/div>\n        <\/div>\t\t\t\t<\/div>\n\t\t\t\t\t<\/div>\n\t\t\t\t<\/div>\n\t\t\t\t<\/div>\n\t\t","protected":false},"excerpt":{"rendered":"<p>En las novelas y relatos de Carmen Alicia Ar\u00e9valo hay coraz\u00f3n, memoria, dulzura y mucho amor por la vida en los pueblos de Guatemala. Sus libros ya est\u00e1n en su tienda digital de MERCADO. Seguro te fascinar\u00e1n. La escritora guatemalteca Carmen Alicia Ar\u00e9valo y Ar\u00e9valo de Orellana tiene el encanto, la dulzura y la creatividad [&hellip;]<\/p>\n","protected":false},"author":7,"featured_media":38874,"comment_status":"open","ping_status":"open","sticky":false,"template":"","format":"standard","meta":{"_acf_changed":false,"_eb_attr":"","footnotes":""},"categories":[58],"tags":[130],"class_list":["post-38873","post","type-post","status-publish","format-standard","has-post-thumbnail","hentry","category-guate-nuestra","tag-mercado-emprendedores"],"acf":[],"aioseo_notices":[],"aioseo_head":"\n\t\t<!-- All in One SEO Pro 4.9.6.2 - aioseo.com -->\n\t<meta name=\"description\" content=\"Escritor guatemalteco Carlos Orantes-\u00c1lvarez fue migrante en EE.UU. y vendr\u00e1 su libro Historia de un amor expatriado en SoyMigrante.comMERCADO.\" \/>\n\t<meta name=\"robots\" content=\"max-snippet:-1, max-image-preview:large, max-video-preview:-1\" \/>\n\t<meta name=\"author\" content=\"Gustavo Montenegro\"\/>\n\t<link rel=\"canonical\" href=\"https:\/\/soymigrante.com\/revista\/escritor-manuel-orantes-alvarez-confecciona-relatos-que-invitan-al-cambio\/\" \/>\n\t<meta name=\"generator\" content=\"All in One SEO Pro (AIOSEO) 4.9.6.2\" \/>\n\n\t\t<link rel=\"preconnect\" href=\"https:\/\/fonts.googleapis.com\" crossorigin>\n<link rel=\"preconnect\" href=\"https:\/\/fonts.gstatic.com\" crossorigin>\n\t\t<meta property=\"og:locale\" content=\"es_ES\" \/>\n\t\t<meta property=\"og:site_name\" content=\"SoyMigrante.com REVISTA \u2013 Nuestra misi\u00f3n es reconocer y dignificar al migrante.\" \/>\n\t\t<meta property=\"og:type\" content=\"article\" \/>\n\t\t<meta property=\"og:title\" content=\"Escritor Manuel Orantes-\u00c1lvarez crea relatos de transformaci\u00f3n\" \/>\n\t\t<meta property=\"og:description\" content=\"Escritor guatemalteco Carlos Orantes-\u00c1lvarez fue migrante en EE.UU. y vendr\u00e1 su libro Historia de un amor expatriado en SoyMigrante.comMERCADO.\" \/>\n\t\t<meta property=\"og:url\" content=\"https:\/\/soymigrante.com\/revista\/escritor-manuel-orantes-alvarez-confecciona-relatos-que-invitan-al-cambio\/\" \/>\n\t\t<meta property=\"og:image\" content=\"https:\/\/soymigrante.com\/revista\/wp-content\/uploads\/2024\/10\/manuel-orantes-guatemalteco-escritor-migrante-3.webp\" \/>\n\t\t<meta property=\"og:image:secure_url\" content=\"https:\/\/soymigrante.com\/revista\/wp-content\/uploads\/2024\/10\/manuel-orantes-guatemalteco-escritor-migrante-3.webp\" \/>\n\t\t<meta property=\"og:image:width\" content=\"860\" \/>\n\t\t<meta property=\"og:image:height\" content=\"860\" \/>\n\t\t<meta property=\"article:published_time\" content=\"2024-10-18T18:15:26+00:00\" \/>\n\t\t<meta property=\"article:modified_time\" content=\"2025-01-21T20:21:48+00:00\" \/>\n\t\t<meta property=\"article:publisher\" content=\"https:\/\/www.facebook.com\/soymigrantecom\" \/>\n\t\t<meta name=\"twitter:card\" content=\"summary_large_image\" \/>\n\t\t<meta name=\"twitter:site\" content=\"@SoyMigrante_com\" \/>\n\t\t<meta name=\"twitter:title\" content=\"Escritor Manuel Orantes-\u00c1lvarez crea relatos de transformaci\u00f3n\" \/>\n\t\t<meta name=\"twitter:description\" content=\"Escritor guatemalteco Carlos Orantes-\u00c1lvarez fue migrante en EE.UU. y vendr\u00e1 su libro Historia de un amor expatriado en SoyMigrante.comMERCADO.\" \/>\n\t\t<meta name=\"twitter:creator\" content=\"@SoyMigrante_com\" \/>\n\t\t<meta name=\"twitter:image\" content=\"https:\/\/soymigrante.com\/revista\/wp-content\/uploads\/2024\/10\/manuel-orantes-guatemalteco-escritor-migrante-3.webp\" \/>\n\t\t<!-- All in One SEO Pro -->\r\n\t\t<title>Escritor Manuel Orantes-\u00c1lvarez crea relatos de transformaci\u00f3n<\/title>\n\n","aioseo_head_json":{"title":"Escritor Manuel Orantes-\u00c1lvarez crea relatos de transformaci\u00f3n","description":"Escritor guatemalteco Carlos Orantes-\u00c1lvarez fue migrante en EE.UU. y vendr\u00e1 su libro Historia de un amor expatriado en SoyMigrante.comMERCADO.","canonical_url":"https:\/\/soymigrante.com\/revista\/escritor-manuel-orantes-alvarez-confecciona-relatos-que-invitan-al-cambio\/","robots":"max-snippet:-1, max-image-preview:large, max-video-preview:-1","keywords":"","webmasterTools":{"miscellaneous":"&lt;link rel=\"preconnect\" href=\"https:\/\/fonts.googleapis.com\" crossorigin&gt;\n&lt;link rel=\"preconnect\" href=\"https:\/\/fonts.gstatic.com\" crossorigin&gt;"},"schema":null,"og:locale":"es_ES","og:site_name":"SoyMigrante.com REVISTA \u2013 Nuestra misi\u00f3n es reconocer y dignificar al migrante.","og:type":"article","og:title":"Escritor Manuel Orantes-\u00c1lvarez crea relatos de transformaci\u00f3n","og:description":"Escritor guatemalteco Carlos Orantes-\u00c1lvarez fue migrante en EE.UU. y vendr\u00e1 su libro Historia de un amor expatriado en SoyMigrante.comMERCADO.","og:url":"https:\/\/soymigrante.com\/revista\/escritor-manuel-orantes-alvarez-confecciona-relatos-que-invitan-al-cambio\/","og:image":"https:\/\/soymigrante.com\/revista\/wp-content\/uploads\/2024\/10\/manuel-orantes-guatemalteco-escritor-migrante-3.webp","og:image:secure_url":"https:\/\/soymigrante.com\/revista\/wp-content\/uploads\/2024\/10\/manuel-orantes-guatemalteco-escritor-migrante-3.webp","og:image:width":860,"og:image:height":860,"article:published_time":"2024-10-18T18:15:26+00:00","article:modified_time":"2025-01-21T20:21:48+00:00","article:publisher":"https:\/\/www.facebook.com\/soymigrantecom","twitter:card":"summary_large_image","twitter:site":"@SoyMigrante_com","twitter:title":"Escritor Manuel Orantes-\u00c1lvarez crea relatos de transformaci\u00f3n","twitter:description":"Escritor guatemalteco Carlos Orantes-\u00c1lvarez fue migrante en EE.UU. y vendr\u00e1 su libro Historia de un amor expatriado en SoyMigrante.comMERCADO.","twitter:creator":"@SoyMigrante_com","twitter:image":"https:\/\/soymigrante.com\/revista\/wp-content\/uploads\/2024\/10\/manuel-orantes-guatemalteco-escritor-migrante-3.webp"},"aioseo_meta_data":{"post_id":"38873","title":"Alicia escribe libros con alma de pueblo guatemalteco","description":"La escritora guatemalteca Alicia Ar\u00e9valo de Orellana ya abri\u00f3 su tienda digital en SoyMigrante.com MERCADO. Novelas, relatos y fotograf\u00edas en sus libros.","keywords":null,"keyphrases":{"focus":{"keyphrase":"Libros","score":91,"analysis":{"keyphraseInTitle":{"score":9,"maxScore":9,"error":0},"keyphraseInDescription":{"score":9,"maxScore":9,"error":0},"keyphraseLength":{"score":9,"maxScore":9,"error":0,"length":1},"keyphraseInURL":{"score":5,"maxScore":5,"error":0},"keyphraseInIntroduction":{"score":9,"maxScore":9,"error":0},"keyphraseInSubHeadings":{"score":3,"maxScore":9,"error":1},"keyphraseInImageAlt":{"score":9,"maxScore":9,"error":0},"keywordDensity":{"type":"best","score":9,"maxScore":9,"error":0}}},"additional":[{"keyphrase":"Escritora","score":80,"analysis":{"keyphraseInDescription":{"score":9,"maxScore":9,"error":0},"keyphraseLength":{"score":9,"maxScore":9,"error":0,"length":1},"keyphraseInIntroduction":{"score":9,"maxScore":9,"error":0},"keyphraseInImageAlt":{"score":9,"maxScore":9,"error":0},"keywordDensity":{"score":0,"type":"low","maxScore":9,"error":1}}},{"keyphrase":"Mercado","score":87,"analysis":{"keyphraseInDescription":{"score":9,"maxScore":9,"error":0},"keyphraseLength":{"score":9,"maxScore":9,"error":0,"length":1},"keyphraseInIntroduction":{"score":3,"maxScore":9,"error":1},"keyphraseInImageAlt":{"score":9,"maxScore":9,"error":0},"keywordDensity":{"type":"best","score":9,"maxScore":9,"error":0}}},{"keyphrase":"Emprendedora","score":53,"analysis":{"keyphraseInDescription":{"score":3,"maxScore":9,"error":1},"keyphraseLength":{"score":9,"maxScore":9,"error":0,"length":1},"keyphraseInIntroduction":{"score":3,"maxScore":9,"error":1},"keyphraseInImageAlt":{"score":9,"maxScore":9,"error":0},"keywordDensity":{"score":0,"type":"low","maxScore":9,"error":1}}},{"keyphrase":"Guatemala","score":53,"analysis":{"keyphraseInDescription":{"score":3,"maxScore":9,"error":1},"keyphraseLength":{"score":9,"maxScore":9,"error":0,"length":1},"keyphraseInIntroduction":{"score":9,"maxScore":9,"error":0},"keyphraseInImageAlt":{"score":3,"maxScore":9,"error":1},"keywordDensity":{"score":0,"type":"low","maxScore":9,"error":1}}}]},"primary_term":null,"canonical_url":null,"og_title":null,"og_description":null,"og_object_type":"default","og_image_type":"default","og_image_url":null,"og_image_width":null,"og_image_height":null,"og_image_custom_url":null,"og_image_custom_fields":null,"og_video":"","og_custom_url":null,"og_article_section":null,"og_article_tags":null,"twitter_use_og":false,"twitter_card":"default","twitter_image_type":"default","twitter_image_url":null,"twitter_image_custom_url":null,"twitter_image_custom_fields":null,"twitter_title":null,"twitter_description":null,"schema":{"blockGraphs":[],"customGraphs":[],"default":{"data":{"Article":[],"Course":[],"Dataset":[],"FAQPage":[],"Movie":[],"Person":[],"Product":[],"ProductReview":[],"Car":[],"Recipe":[],"Service":[],"SoftwareApplication":[],"WebPage":[]},"graphName":"none","isEnabled":true},"graphs":[]},"schema_type":"default","schema_type_options":null,"pillar_content":false,"robots_default":true,"robots_noindex":false,"robots_noarchive":false,"robots_nosnippet":false,"robots_nofollow":false,"robots_noimageindex":false,"robots_noodp":false,"robots_notranslate":false,"robots_max_snippet":"-1","robots_max_videopreview":"-1","robots_max_imagepreview":"large","priority":null,"frequency":"default","local_seo":null,"seo_analyzer_scan_date":"2025-10-09 06:39:10","breadcrumb_settings":null,"limit_modified_date":false,"reviewed_by":"0","open_ai":null,"ai":{"faqs":[],"keyPoints":[],"titles":[],"descriptions":[],"socialPosts":{"email":[],"linkedin":[],"twitter":[],"facebook":[],"instagram":[]}},"created":"2025-07-09 18:59:11","updated":"2026-02-05 02:53:49"},"aioseo_breadcrumb":"<div class=\"aioseo-breadcrumbs\"><span class=\"aioseo-breadcrumb\">\n\t<a href=\"https:\/\/soymigrante.com\/revista\" title=\"Home\">Home<\/a>\n<\/span><span class=\"aioseo-breadcrumb-separator\">\u00bb<\/span><span class=\"aioseo-breadcrumb\">\n\t<a href=\"https:\/\/soymigrante.com\/revista\/category\/guate-nuestra\/\" title=\"Guate Nuestra\">Guate Nuestra<\/a>\n<\/span><span class=\"aioseo-breadcrumb-separator\">\u00bb<\/span><span class=\"aioseo-breadcrumb\">\n\tLos libros de Carmen Alicia tienen alma de pueblo guatemalteco y est\u00e1n en MERCADO\n<\/span><\/div>","aioseo_breadcrumb_json":[{"label":"Home","link":"https:\/\/soymigrante.com\/revista"},{"label":"Guate Nuestra","link":"https:\/\/soymigrante.com\/revista\/category\/guate-nuestra\/"},{"label":"Los libros de Carmen Alicia tienen alma de pueblo guatemalteco y est\u00e1n en MERCADO","link":"https:\/\/soymigrante.com\/revista\/los-libros-de-carmen-alicia-tienen-alma-de-pueblo-guatemalteco-y-estan-en-mercado\/"}],"_links":{"self":[{"href":"https:\/\/soymigrante.com\/revista\/wp-json\/wp\/v2\/posts\/38873","targetHints":{"allow":["GET"]}}],"collection":[{"href":"https:\/\/soymigrante.com\/revista\/wp-json\/wp\/v2\/posts"}],"about":[{"href":"https:\/\/soymigrante.com\/revista\/wp-json\/wp\/v2\/types\/post"}],"author":[{"embeddable":true,"href":"https:\/\/soymigrante.com\/revista\/wp-json\/wp\/v2\/users\/7"}],"replies":[{"embeddable":true,"href":"https:\/\/soymigrante.com\/revista\/wp-json\/wp\/v2\/comments?post=38873"}],"version-history":[{"count":20,"href":"https:\/\/soymigrante.com\/revista\/wp-json\/wp\/v2\/posts\/38873\/revisions"}],"predecessor-version":[{"id":38951,"href":"https:\/\/soymigrante.com\/revista\/wp-json\/wp\/v2\/posts\/38873\/revisions\/38951"}],"wp:featuredmedia":[{"embeddable":true,"href":"https:\/\/soymigrante.com\/revista\/wp-json\/wp\/v2\/media\/38874"}],"wp:attachment":[{"href":"https:\/\/soymigrante.com\/revista\/wp-json\/wp\/v2\/media?parent=38873"}],"wp:term":[{"taxonomy":"category","embeddable":true,"href":"https:\/\/soymigrante.com\/revista\/wp-json\/wp\/v2\/categories?post=38873"},{"taxonomy":"post_tag","embeddable":true,"href":"https:\/\/soymigrante.com\/revista\/wp-json\/wp\/v2\/tags?post=38873"}],"curies":[{"name":"wp","href":"https:\/\/api.w.org\/{rel}","templated":true}]}}