{"id":38842,"date":"2025-07-09T13:21:50","date_gmt":"2025-07-09T19:21:50","guid":{"rendered":"https:\/\/soymigrante.com\/revista\/?p=38842"},"modified":"2025-09-15T17:39:20","modified_gmt":"2025-09-15T23:39:20","slug":"por-que-tiembla-tanto-en-guatemala-una-explicacion-tecnica-y-comprensible","status":"publish","type":"post","link":"https:\/\/soymigrante.com\/revista\/por-que-tiembla-tanto-en-guatemala-una-explicacion-tecnica-y-comprensible\/","title":{"rendered":"\u00bfPor qu\u00e9 hay tantos sismos en Guatemala? Una explicaci\u00f3n t\u00e9cnica y comprensible"},"content":{"rendered":"\t\t<div data-elementor-type=\"wp-post\" data-elementor-id=\"38842\" class=\"elementor elementor-38842\" data-elementor-post-type=\"post\">\n\t\t\t\t<div data-particle_enable=\"false\" data-particle-mobile-disabled=\"false\" class=\"elementor-element elementor-element-8ae18d2 e-flex e-con-boxed e-con e-parent\" data-id=\"8ae18d2\" data-element_type=\"container\" data-e-type=\"container\">\n\t\t\t\t\t<div class=\"e-con-inner\">\n\t\t\t\t<div class=\"elementor-element elementor-element-8ba807b elementor-widget elementor-widget-heading\" data-id=\"8ba807b\" data-element_type=\"widget\" data-e-type=\"widget\" data-widget_type=\"heading.default\">\n\t\t\t\t\t<h2 class=\"elementor-heading-title elementor-size-default\">Guatemala es uno de los pa\u00edses con mayor actividad s\u00edsmica en Am\u00e9rica Central. Los temblores son frecuentes y, en algunos casos, destructivos. \n<\/h2>\t\t\t\t<\/div>\n\t\t\t\t\t<\/div>\n\t\t\t\t<\/div>\n\t\t<div data-particle_enable=\"false\" data-particle-mobile-disabled=\"false\" class=\"elementor-element elementor-element-1499ec4 e-flex e-con-boxed e-con e-parent\" data-id=\"1499ec4\" data-element_type=\"container\" data-e-type=\"container\">\n\t\t\t\t\t<div class=\"e-con-inner\">\n\t\t\t\t<div class=\"elementor-element elementor-element-03ddfc3 elementor-widget elementor-widget-text-editor\" data-id=\"03ddfc3\" data-element_type=\"widget\" data-e-type=\"widget\" data-widget_type=\"text-editor.default\">\n\t\t\t\t\t\t\t\t\t<p>Para comprender el porque <a href=\"https:\/\/soymigrante.com\/revista\/sismos-en-guatemala-hoy-pais-esta-en-alerta-naranja-por-temblores\/\" target=\"_blank\" rel=\"noopener\">tiembla tanto en Guatemala, que es una realidad desde cientos de a\u00f1os<\/a>, es necesario conocer los factores geol\u00f3gicos que causan esta actividad constante.<\/p><p>Los antiguos mayas consideraban que un enorme ser divino llamado Cabrac\u00e1n era el causante de los terremotos, de hecho era un villano y fue destruido por los gemelos Hunahpu e Ixbalanqu\u00e9.<\/p><p>Los sismos en Guatemala han sido una realidad hist\u00f3rica desde tiempos prehisp\u00e1nicos&#8230; Grandes terremotos como los de Antigua Guatemala cuando fue capital, los de 1917 y 1918, o el de 1976,&#8230; as\u00ed como enjambres s\u00edsmicos como los del 8 de julio de 2025 tienen una explicaci\u00f3n cient\u00edfica.<\/p>\t\t\t\t\t\t\t\t<\/div>\n\t\t\t\t\t<\/div>\n\t\t\t\t<\/div>\n\t\t<div data-particle_enable=\"false\" data-particle-mobile-disabled=\"false\" class=\"elementor-element elementor-element-d27b82e e-flex e-con-boxed e-con e-parent\" data-id=\"d27b82e\" data-element_type=\"container\" data-e-type=\"container\">\n\t\t\t\t\t<div class=\"e-con-inner\">\n\t\t\t\t<div class=\"elementor-element elementor-element-ae7e18f elementor-widget elementor-widget-heading\" data-id=\"ae7e18f\" data-element_type=\"widget\" data-e-type=\"widget\" data-widget_type=\"heading.default\">\n\t\t\t\t\t<h3 class=\"elementor-heading-title elementor-size-default\">1. Guatemala se encuentra en una zona de contacto de placas tect\u00f3nicas<\/h3>\t\t\t\t<\/div>\n\t\t\t\t\t<\/div>\n\t\t\t\t<\/div>\n\t\t<div data-particle_enable=\"false\" data-particle-mobile-disabled=\"false\" class=\"elementor-element elementor-element-8bd8b9b e-flex e-con-boxed e-con e-parent\" data-id=\"8bd8b9b\" data-element_type=\"container\" data-e-type=\"container\">\n\t\t\t\t\t<div class=\"e-con-inner\">\n\t\t\t\t<div class=\"elementor-element elementor-element-c0f1644 elementor-widget elementor-widget-text-editor\" data-id=\"c0f1644\" data-element_type=\"widget\" data-e-type=\"widget\" data-widget_type=\"text-editor.default\">\n\t\t\t\t\t\t\t\t\t<p><a href=\"https:\/\/soymigrante.com\/revista\/sismos-en-guatemala-hoy-pais-esta-en-alerta-naranja-por-temblores\/\" target=\"_blank\" rel=\"noopener\">La corteza terrestre est\u00e1 formada por bloques llamados placas tect\u00f3nicas,<\/a> que se mueven de forma lenta pero constante. Guatemala se encuentra en el punto de encuentro de tres de estas placas:<\/p><p><strong>Placa de Cocos (oc\u00e9ano Pac\u00edfico)<\/strong><\/p><p><strong>Placa del Caribe (sobre la que est\u00e1 gran parte del territorio guatemalteco)<\/strong><\/p><p><strong>Placa de Norteam\u00e9rica (al norte del pa\u00eds)<\/strong><\/p><p>El principal fen\u00f3meno que genera sismos en Guatemala es la subducci\u00f3n, que ocurre cuando la placa de Cocos se desliza por debajo de la placa del Caribe en direcci\u00f3n noreste. Esta subducci\u00f3n tiene lugar frente a la costa del Pac\u00edfico, a lo largo de la llamada zona de subducci\u00f3n Mesoamericana.<\/p><p>Este proceso genera una gran acumulaci\u00f3n de energ\u00eda a lo largo del tiempo. Cuando esta energ\u00eda se libera de forma repentina, se produce un terremoto.<\/p>\t\t\t\t\t\t\t\t<\/div>\n\t\t\t\t\t<\/div>\n\t\t\t\t<\/div>\n\t\t<div data-particle_enable=\"false\" data-particle-mobile-disabled=\"false\" class=\"elementor-element elementor-element-b8b5344 e-flex e-con-boxed e-con e-parent\" data-id=\"b8b5344\" data-element_type=\"container\" data-e-type=\"container\">\n\t\t\t\t\t<div class=\"e-con-inner\">\n\t\t\t\t<div class=\"elementor-element elementor-element-1d2ac3b elementor-widget elementor-widget-image\" data-id=\"1d2ac3b\" data-element_type=\"widget\" data-e-type=\"widget\" data-widget_type=\"image.default\">\n\t\t\t\t\t\t\t\t\t\t\t\t<figure class=\"wp-caption\">\n\t\t\t\t\t\t\t\t\t\t<img fetchpriority=\"high\" decoding=\"async\" width=\"1024\" height=\"576\" src=\"https:\/\/soymigrante.com\/revista\/wp-content\/uploads\/2025\/07\/Por-que-tiembla-tanto-en-Guatemala-Una-explicacion-tecnica-y-comprensible-2-1024x576.jpeg\" class=\"attachment-large size-large wp-image-38849\" alt=\"Fosas tect\u00f3nicas y placas de la regi\u00f3n centroamericana en mapa geol\u00f3gico, destacando la placa del Cocos, Caribe, del Pac\u00edfico, Nazca y su impacto en la tect\u00f3nica de placas de Am\u00e9rica Central.\" srcset=\"https:\/\/soymigrante.com\/revista\/wp-content\/uploads\/2025\/07\/Por-que-tiembla-tanto-en-Guatemala-Una-explicacion-tecnica-y-comprensible-2-1024x576.jpeg 1024w, https:\/\/soymigrante.com\/revista\/wp-content\/uploads\/2025\/07\/Por-que-tiembla-tanto-en-Guatemala-Una-explicacion-tecnica-y-comprensible-2-300x169.jpeg 300w, https:\/\/soymigrante.com\/revista\/wp-content\/uploads\/2025\/07\/Por-que-tiembla-tanto-en-Guatemala-Una-explicacion-tecnica-y-comprensible-2-768x432.jpeg 768w, https:\/\/soymigrante.com\/revista\/wp-content\/uploads\/2025\/07\/Por-que-tiembla-tanto-en-Guatemala-Una-explicacion-tecnica-y-comprensible-2-750x422.webp 750w, https:\/\/soymigrante.com\/revista\/wp-content\/uploads\/2025\/07\/Por-que-tiembla-tanto-en-Guatemala-Una-explicacion-tecnica-y-comprensible-2-1140x641.webp 1140w, https:\/\/soymigrante.com\/revista\/wp-content\/uploads\/2025\/07\/Por-que-tiembla-tanto-en-Guatemala-Una-explicacion-tecnica-y-comprensible-2.webp 1280w\" sizes=\"(max-width: 1024px) 100vw, 1024px\" title=\"Guatemala se encuentra en varias fallas, lo que hace que sea un pa\u00eds s\u00edsmico. (Foto: CONRED) \u2013 SoyMigrante.com REVISTA\" \/>\t\t\t\t\t\t\t\t\t\t\t<figcaption class=\"widget-image-caption wp-caption-text\">Guatemala se encuentra en varias fallas, lo que hace que sea un pa\u00eds s\u00edsmico. (Foto: CONRED)<\/figcaption>\n\t\t\t\t\t\t\t\t\t\t<\/figure>\n\t\t\t\t\t\t\t\t\t<\/div>\n\t\t\t\t\t<\/div>\n\t\t\t\t<\/div>\n\t\t<div data-particle_enable=\"false\" data-particle-mobile-disabled=\"false\" class=\"elementor-element elementor-element-969b476 e-flex e-con-boxed e-con e-parent\" data-id=\"969b476\" data-element_type=\"container\" data-e-type=\"container\">\n\t\t\t\t\t<div class=\"e-con-inner\">\n\t\t\t\t<div class=\"elementor-element elementor-element-f5e5ce4 elementor-widget elementor-widget-heading\" data-id=\"f5e5ce4\" data-element_type=\"widget\" data-e-type=\"widget\" data-widget_type=\"heading.default\">\n\t\t\t\t\t<h3 class=\"elementor-heading-title elementor-size-default\">2. Fallas geol\u00f3gicas activas dentro del territorio<\/h3>\t\t\t\t<\/div>\n\t\t\t\t\t<\/div>\n\t\t\t\t<\/div>\n\t\t<div data-particle_enable=\"false\" data-particle-mobile-disabled=\"false\" class=\"elementor-element elementor-element-47ef9bc e-flex e-con-boxed e-con e-parent\" data-id=\"47ef9bc\" data-element_type=\"container\" data-e-type=\"container\">\n\t\t\t\t\t<div class=\"e-con-inner\">\n\t\t\t\t<div class=\"elementor-element elementor-element-b57536e elementor-widget elementor-widget-text-editor\" data-id=\"b57536e\" data-element_type=\"widget\" data-e-type=\"widget\" data-widget_type=\"text-editor.default\">\n\t\t\t\t\t\t\t\t\t<p>Adem\u00e1s de la subducci\u00f3n, <a href=\"https:\/\/soymigrante.com\/revista\/sismos-en-guatemala-hoy-pais-esta-en-alerta-naranja-por-temblores\/\" target=\"_blank\" rel=\"noopener\">Guatemala tiene numerosas fallas geol\u00f3gicas internas, que tambi\u00e9n generan sismos.<\/a> Estas fallas son fracturas en la corteza terrestre a lo largo de las cuales se produce movimiento de masas rocosas.<\/p><p>La m\u00e1s importante es la Falla de Motagua, que recorre el pa\u00eds de oeste a este y marca el l\u00edmite entre la placa del Caribe y la de Norteam\u00e9rica. Esta falla fue responsable del terremoto de magnitud 7.5 ocurrido en 1976.<\/p><p>Otras fallas activas en el pa\u00eds incluyen:<\/p><p><strong>Falla de Jalpatagua<\/strong><\/p><p><strong>Falla de Mixco<\/strong><\/p><p><strong>Falla de Santa Catarina Pinula<\/strong><\/p><p><strong>Falla del Polochic<\/strong><\/p><p>Estas fallas generan sismos corticales, generalmente m\u00e1s superficiales que los de subducci\u00f3n, pero potencialmente destructivos por su proximidad a la superficie y a zonas pobladas.<\/p>\t\t\t\t\t\t\t\t<\/div>\n\t\t\t\t\t<\/div>\n\t\t\t\t<\/div>\n\t\t<div data-particle_enable=\"false\" data-particle-mobile-disabled=\"false\" class=\"elementor-element elementor-element-9181e9e e-flex e-con-boxed e-con e-parent\" data-id=\"9181e9e\" data-element_type=\"container\" data-e-type=\"container\">\n\t\t\t\t\t<div class=\"e-con-inner\">\n\t\t\t\t<div class=\"elementor-element elementor-element-f23106a elementor-widget elementor-widget-heading\" data-id=\"f23106a\" data-element_type=\"widget\" data-e-type=\"widget\" data-widget_type=\"heading.default\">\n\t\t\t\t\t<h3 class=\"elementor-heading-title elementor-size-default\">3. Influencia volc\u00e1nica: sismos asociados a actividad magm\u00e1tica<\/h3>\t\t\t\t<\/div>\n\t\t\t\t\t<\/div>\n\t\t\t\t<\/div>\n\t\t<div data-particle_enable=\"false\" data-particle-mobile-disabled=\"false\" class=\"elementor-element elementor-element-36888e6 e-flex e-con-boxed e-con e-parent\" data-id=\"36888e6\" data-element_type=\"container\" data-e-type=\"container\">\n\t\t\t\t\t<div class=\"e-con-inner\">\n\t\t\t\t<div class=\"elementor-element elementor-element-c4bdb0e elementor-widget elementor-widget-text-editor\" data-id=\"c4bdb0e\" data-element_type=\"widget\" data-e-type=\"widget\" data-widget_type=\"text-editor.default\">\n\t\t\t\t\t\t\t\t\t<p><a href=\"https:\/\/soymigrante.com\/revista\/sismos-en-guatemala-hoy-pais-esta-en-alerta-naranja-por-temblores\/\" target=\"_blank\" rel=\"noopener\">Guatemala forma parte del Cintur\u00f3n de Fuego del Pac\u00edfico, una regi\u00f3n caracterizada por intensa actividad s\u00edsmica y volc\u00e1nica.<\/a> El pa\u00eds tiene m\u00e1s de 30 volcanes, de los cuales al menos 3 est\u00e1n activos: el Volc\u00e1n de Fuego, el Pacaya y el Santiaguito.<\/p><p>La actividad volc\u00e1nica tambi\u00e9n puede generar sismos volc\u00e1nicos, causados por el movimiento del magma, la presi\u00f3n de gases o peque\u00f1as fracturas internas en el volc\u00e1n. Estos sismos suelen ser de baja magnitud, pero son un indicador importante del comportamiento de los volcanes.<\/p>\t\t\t\t\t\t\t\t<\/div>\n\t\t\t\t\t<\/div>\n\t\t\t\t<\/div>\n\t\t<div data-particle_enable=\"false\" data-particle-mobile-disabled=\"false\" class=\"elementor-element elementor-element-0ef2541 e-flex e-con-boxed e-con e-parent\" data-id=\"0ef2541\" data-element_type=\"container\" data-e-type=\"container\">\n\t\t\t\t\t<div class=\"e-con-inner\">\n\t\t\t\t<div class=\"elementor-element elementor-element-d494d60 elementor-widget elementor-widget-image\" data-id=\"d494d60\" data-element_type=\"widget\" data-e-type=\"widget\" data-widget_type=\"image.default\">\n\t\t\t\t\t\t\t\t\t\t\t\t<figure class=\"wp-caption\">\n\t\t\t\t\t\t\t\t\t\t<img decoding=\"async\" width=\"1024\" height=\"1024\" src=\"https:\/\/soymigrante.com\/revista\/wp-content\/uploads\/2025\/07\/Por-que-tiembla-tanto-en-Guatemala-Una-explicacion-tecnica-y-comprensible-3-1024x1024.jpeg\" class=\"attachment-large size-large wp-image-38850\" alt=\"Placa tect\u00f3nica de Guatemala con fallas principales y secundarias, resaltando las \u00e1reas de actividad s\u00edsmica y la formaci\u00f3n de pliegues en la corteza terrestre mediante ilustraciones educativas.\" srcset=\"https:\/\/soymigrante.com\/revista\/wp-content\/uploads\/2025\/07\/Por-que-tiembla-tanto-en-Guatemala-Una-explicacion-tecnica-y-comprensible-3-1024x1024.jpeg 1024w, https:\/\/soymigrante.com\/revista\/wp-content\/uploads\/2025\/07\/Por-que-tiembla-tanto-en-Guatemala-Una-explicacion-tecnica-y-comprensible-3-300x300.jpeg 300w, https:\/\/soymigrante.com\/revista\/wp-content\/uploads\/2025\/07\/Por-que-tiembla-tanto-en-Guatemala-Una-explicacion-tecnica-y-comprensible-3-150x150.jpeg 150w, https:\/\/soymigrante.com\/revista\/wp-content\/uploads\/2025\/07\/Por-que-tiembla-tanto-en-Guatemala-Una-explicacion-tecnica-y-comprensible-3-768x768.jpeg 768w, https:\/\/soymigrante.com\/revista\/wp-content\/uploads\/2025\/07\/Por-que-tiembla-tanto-en-Guatemala-Una-explicacion-tecnica-y-comprensible-3-75x75.webp 75w, https:\/\/soymigrante.com\/revista\/wp-content\/uploads\/2025\/07\/Por-que-tiembla-tanto-en-Guatemala-Una-explicacion-tecnica-y-comprensible-3-750x750.webp 750w, https:\/\/soymigrante.com\/revista\/wp-content\/uploads\/2025\/07\/Por-que-tiembla-tanto-en-Guatemala-Una-explicacion-tecnica-y-comprensible-3-1140x1140.webp 1140w, https:\/\/soymigrante.com\/revista\/wp-content\/uploads\/2025\/07\/Por-que-tiembla-tanto-en-Guatemala-Una-explicacion-tecnica-y-comprensible-3.webp 1280w\" sizes=\"(max-width: 1024px) 100vw, 1024px\" title=\"Los temblores son constantes en Guatemala. (Foto: Universidad Mariano Galvez) \u2013 SoyMigrante.com REVISTA\" \/>\t\t\t\t\t\t\t\t\t\t\t<figcaption class=\"widget-image-caption wp-caption-text\">Placa tect\u00f3nica de Guatemala con fallas principales y secundarias, resaltando las \u00e1reas de actividad s\u00edsmica y la formaci\u00f3n de pliegues en la corteza terrestre mediante ilustraciones educativas.<\/figcaption>\n\t\t\t\t\t\t\t\t\t\t<\/figure>\n\t\t\t\t\t\t\t\t\t<\/div>\n\t\t\t\t\t<\/div>\n\t\t\t\t<\/div>\n\t\t<div data-particle_enable=\"false\" data-particle-mobile-disabled=\"false\" class=\"elementor-element elementor-element-7e1ea77 e-flex e-con-boxed e-con e-parent\" data-id=\"7e1ea77\" data-element_type=\"container\" data-e-type=\"container\">\n\t\t\t\t\t<div class=\"e-con-inner\">\n\t\t\t\t<div class=\"elementor-element elementor-element-2dd9b1c elementor-widget elementor-widget-heading\" data-id=\"2dd9b1c\" data-element_type=\"widget\" data-e-type=\"widget\" data-widget_type=\"heading.default\">\n\t\t\t\t\t<h3 class=\"elementor-heading-title elementor-size-default\">4. Frecuencia s\u00edsmica: qu\u00e9 tan com\u00fan es que tiemble<\/h3>\t\t\t\t<\/div>\n\t\t\t\t\t<\/div>\n\t\t\t\t<\/div>\n\t\t<div data-particle_enable=\"false\" data-particle-mobile-disabled=\"false\" class=\"elementor-element elementor-element-7d1ed47 e-flex e-con-boxed e-con e-parent\" data-id=\"7d1ed47\" data-element_type=\"container\" data-e-type=\"container\">\n\t\t\t\t\t<div class=\"e-con-inner\">\n\t\t\t\t<div class=\"elementor-element elementor-element-1341b67 elementor-widget elementor-widget-text-editor\" data-id=\"1341b67\" data-element_type=\"widget\" data-e-type=\"widget\" data-widget_type=\"text-editor.default\">\n\t\t\t\t\t\t\t\t\t<p><a href=\"https:\/\/soymigrante.com\/revista\/sismos-en-guatemala-hoy-pais-esta-en-alerta-naranja-por-temblores\/\" target=\"_blank\" rel=\"noopener\">En Guatemala, se registran miles de sismos al a\u00f1o, aunque la mayor\u00eda no se perciben porque son de baja magnitud.<\/a> Seg\u00fan el INSIVUMEH, se detectan en promedio entre 300 y 800 sismos por mes, aunque solo una peque\u00f1a fracci\u00f3n es sentida por la poblaci\u00f3n.<\/p><p>Las zonas con mayor actividad s\u00edsmica son:<\/p><p><strong>La costa sur del pa\u00eds (por la subducci\u00f3n)<\/strong><\/p><p><strong>El valle central (incluida la Ciudad de Guatemala)<\/strong><\/p><p><strong>El occidente y altiplano central (por fallas activas)<\/strong><\/p>\t\t\t\t\t\t\t\t<\/div>\n\t\t\t\t\t<\/div>\n\t\t\t\t<\/div>\n\t\t<div data-particle_enable=\"false\" data-particle-mobile-disabled=\"false\" class=\"elementor-element elementor-element-ee88d88 e-flex e-con-boxed e-con e-parent\" data-id=\"ee88d88\" data-element_type=\"container\" data-e-type=\"container\">\n\t\t\t\t\t<div class=\"e-con-inner\">\n\t\t\t\t<div class=\"elementor-element elementor-element-567db73 elementor-grid-eael-col-1 elementor-grid-tablet-eael-col-2 elementor-grid-mobile-eael-col-1 elementor-invisible elementor-widget elementor-widget-eael-post-grid\" data-id=\"567db73\" data-element_type=\"widget\" data-e-type=\"widget\" data-settings=\"{&quot;eael_post_grid_columns&quot;:&quot;eael-col-1&quot;,&quot;_animation&quot;:&quot;rollIn&quot;,&quot;eael_post_grid_columns_tablet&quot;:&quot;eael-col-2&quot;,&quot;eael_post_grid_columns_mobile&quot;:&quot;eael-col-1&quot;}\" data-widget_type=\"eael-post-grid.default\">\n\t\t\t\t\t<div id=\"eael-post-grid-567db73\" class=\"eael-post-grid-container\">\n            <div class=\"eael-post-grid eael-post-appender eael-post-appender-567db73 eael-post-grid-style-one\" data-layout-mode=\"masonry\"><article class=\"eael-grid-post  eael-post-grid-column eael-pg-post-38734 category-estamos-unidos\" data-id=\"38734\">\n        <div class=\"eael-grid-post-holder\">\n            <div class=\"eael-grid-post-holder-inner\"><div class=\"eael-entry-media\"><div class=\"eael-entry-overlay fade-in\"><i class=\"far fa-hand-pointer\" aria-hidden=\"true\"><\/i><a href=\"https:\/\/soymigrante.com\/revista\/sismos-en-guatemala-hoy-pais-esta-en-alerta-naranja-por-temblores\/\"><\/a><\/div><div class=\"eael-entry-thumbnail eael-image-ratio\">\n                <img decoding=\"async\" width=\"776\" height=\"776\" src=\"https:\/\/soymigrante.com\/revista\/wp-content\/uploads\/2025\/07\/sismos-en-guatemala-temblores-en-guatemala.webp\" class=\"attachment-large size-large wp-image-38737\" alt=\"Sismos en Guatemala : cifras actualizadas de r\u00e9plicas, afectados y da\u00f1os\" srcset=\"https:\/\/soymigrante.com\/revista\/wp-content\/uploads\/2025\/07\/sismos-en-guatemala-temblores-en-guatemala.webp 776w, https:\/\/soymigrante.com\/revista\/wp-content\/uploads\/2025\/07\/sismos-en-guatemala-temblores-en-guatemala-300x300.png 300w, https:\/\/soymigrante.com\/revista\/wp-content\/uploads\/2025\/07\/sismos-en-guatemala-temblores-en-guatemala-150x150.png 150w, https:\/\/soymigrante.com\/revista\/wp-content\/uploads\/2025\/07\/sismos-en-guatemala-temblores-en-guatemala-768x768.png 768w, https:\/\/soymigrante.com\/revista\/wp-content\/uploads\/2025\/07\/sismos-en-guatemala-temblores-en-guatemala-75x75.webp 75w, https:\/\/soymigrante.com\/revista\/wp-content\/uploads\/2025\/07\/sismos-en-guatemala-temblores-en-guatemala-750x750.webp 750w\" sizes=\"(max-width: 776px) 100vw, 776px\" \/>\n            <\/div>\n        <\/div><div class=\"eael-entry-wrapper\"><header class=\"eael-entry-header\"><h2 class=\"eael-entry-title\"><a class=\"eael-grid-post-link\" href=\"https:\/\/soymigrante.com\/revista\/sismos-en-guatemala-hoy-pais-esta-en-alerta-naranja-por-temblores\/\" title=\"Sismos en Guatemala : cifras actualizadas de r\u00e9plicas, afectados y da\u00f1os\">Sismos en Guatemala : cifras actualizadas de r\u00e9plicas, afectados y da\u00f1os<\/a><\/h2><\/header><div class=\"eael-entry-content\">\n                        <div class=\"eael-grid-post-excerpt\"><a href=\"https:\/\/soymigrante.com\/revista\/sismos-en-guatemala-hoy-pais-esta-en-alerta-naranja-por-temblores\/\" class=\"eael-post-elements-readmore-btn\">CONOCE SU HISTORIA <\/a><\/div>\n                    <\/div><\/div><\/div>\n        <\/div>\n    <\/article><\/div>\n            <div class=\"clearfix\"><\/div>\n        <\/div>\t\t\t\t<\/div>\n\t\t\t\t\t<\/div>\n\t\t\t\t<\/div>\n\t\t<div data-particle_enable=\"false\" data-particle-mobile-disabled=\"false\" class=\"elementor-element elementor-element-bf1cb5d e-flex e-con-boxed e-con e-parent\" data-id=\"bf1cb5d\" data-element_type=\"container\" data-e-type=\"container\">\n\t\t\t\t\t<div class=\"e-con-inner\">\n\t\t\t\t<div class=\"elementor-element elementor-element-1ff8d21 elementor-widget elementor-widget-heading\" data-id=\"1ff8d21\" data-element_type=\"widget\" data-e-type=\"widget\" data-widget_type=\"heading.default\">\n\t\t\t\t\t<h3 class=\"elementor-heading-title elementor-size-default\">5. Monitoreo y prevenci\u00f3n<\/h3>\t\t\t\t<\/div>\n\t\t\t\t\t<\/div>\n\t\t\t\t<\/div>\n\t\t<div data-particle_enable=\"false\" data-particle-mobile-disabled=\"false\" class=\"elementor-element elementor-element-d18fd17 e-flex e-con-boxed e-con e-parent\" data-id=\"d18fd17\" data-element_type=\"container\" data-e-type=\"container\">\n\t\t\t\t\t<div class=\"e-con-inner\">\n\t\t\t\t<div class=\"elementor-element elementor-element-190ba6f elementor-widget elementor-widget-text-editor\" data-id=\"190ba6f\" data-element_type=\"widget\" data-e-type=\"widget\" data-widget_type=\"text-editor.default\">\n\t\t\t\t\t\t\t\t\t<p>El pa\u00eds cuenta con una red de estaciones sismol\u00f3gicas operadas por el INSIVUMEH, que permite monitorear la actividad s\u00edsmica en tiempo real. Adem\u00e1s, existen mapas de amenaza s\u00edsmica que indican las zonas con mayor probabilidad de sufrir movimientos fuertes.<\/p><p>Aunque los sismos no se pueden predecir, s\u00ed es posible:<\/p><p><strong>Estimar zonas de alto riesgo<\/strong><\/p><p><strong>Dise\u00f1ar construcciones sismo-resistentes<\/strong><\/p><p><strong>Implementar planes de evacuaci\u00f3n y respuesta<\/strong><\/p>\t\t\t\t\t\t\t\t<\/div>\n\t\t\t\t\t<\/div>\n\t\t\t\t<\/div>\n\t\t<div data-particle_enable=\"false\" data-particle-mobile-disabled=\"false\" class=\"elementor-element elementor-element-bd8f04e e-flex e-con-boxed e-con e-parent\" data-id=\"bd8f04e\" data-element_type=\"container\" data-e-type=\"container\">\n\t\t\t\t\t<div class=\"e-con-inner\">\n\t\t\t\t<div class=\"elementor-element elementor-element-e553005 elementor-widget elementor-widget-text-editor\" data-id=\"e553005\" data-element_type=\"widget\" data-e-type=\"widget\" data-widget_type=\"text-editor.default\">\n\t\t\t\t\t\t\t\t\t<p><a href=\"https:\/\/soymigrante.com\/revista\/sismos-en-guatemala-hoy-pais-esta-en-alerta-naranja-por-temblores\/\" target=\"_blank\" rel=\"noopener\">La alta actividad s\u00edsmica en Guatemala se debe a su posici\u00f3n geol\u00f3gica entre placas tect\u00f3nicas activas, a la presencia de fallas internas y a la actividad volc\u00e1nica<\/a>. Estos factores no se pueden eliminar, pero s\u00ed se pueden gestionar mediante vigilancia cient\u00edfica, educaci\u00f3n y prevenci\u00f3n. Comprender por qu\u00e9 tiembla en Guatemala es el primer paso para prepararse mejor ante futuros eventos s\u00edsmicos.<\/p>\t\t\t\t\t\t\t\t<\/div>\n\t\t\t\t\t<\/div>\n\t\t\t\t<\/div>\n\t\t<div data-particle_enable=\"false\" data-particle-mobile-disabled=\"false\" class=\"elementor-element elementor-element-b7f2427 e-flex e-con-boxed e-con e-parent\" data-id=\"b7f2427\" data-element_type=\"container\" data-e-type=\"container\">\n\t\t\t\t\t<div class=\"e-con-inner\">\n\t\t\t\t<div class=\"elementor-element elementor-element-39206dc elementor-invisible elementor-widget elementor-widget-facebook-embed\" data-id=\"39206dc\" data-element_type=\"widget\" data-e-type=\"widget\" data-settings=\"{&quot;_animation&quot;:&quot;zoomInDown&quot;}\" data-widget_type=\"facebook-embed.default\">\n\t\t\t\t\t<div style=\"min-height: 1px\" class=\"elementor-facebook-widget fb-post\" data-href=\"https:\/\/www.facebook.com\/photo\/?fbid=1057564539833648&#038;set=pb.100067403363467.-2207520000https:\/\/www.facebook.com\/elemntor\/posts\/2624214124556197\" data-show-text=\"false\"><\/div>\t\t\t\t<\/div>\n\t\t\t\t\t<\/div>\n\t\t\t\t<\/div>\n\t\t<div data-particle_enable=\"false\" data-particle-mobile-disabled=\"false\" class=\"elementor-element elementor-element-c5d8970 e-flex e-con-boxed e-con e-parent\" data-id=\"c5d8970\" data-element_type=\"container\" data-e-type=\"container\">\n\t\t\t\t\t<div class=\"e-con-inner\">\n\t\t\t\t<div class=\"elementor-element elementor-element-823734c elementor-widget elementor-widget-heading\" data-id=\"823734c\" data-element_type=\"widget\" data-e-type=\"widget\" data-widget_type=\"heading.default\">\n\t\t\t\t\t<h2 class=\"elementor-heading-title elementor-size-default\">Conoce m\u00e1s de Guatemala, ac\u00e1...<\/h2>\t\t\t\t<\/div>\n\t\t\t\t\t<\/div>\n\t\t\t\t<\/div>\n\t\t<div data-particle_enable=\"false\" data-particle-mobile-disabled=\"false\" class=\"elementor-element elementor-element-aebfcea e-flex e-con-boxed e-con e-parent\" data-id=\"aebfcea\" data-element_type=\"container\" data-e-type=\"container\">\n\t\t\t\t\t<div class=\"e-con-inner\">\n\t\t\t\t<div class=\"elementor-element elementor-element-1ad5012 elementor-grid-eael-col-3 elementor-grid-tablet-eael-col-2 elementor-grid-mobile-eael-col-1 elementor-invisible elementor-widget elementor-widget-eael-post-grid\" data-id=\"1ad5012\" data-element_type=\"widget\" data-e-type=\"widget\" data-settings=\"{&quot;eael_post_grid_columns&quot;:&quot;eael-col-3&quot;,&quot;_animation&quot;:&quot;rollIn&quot;,&quot;eael_post_grid_columns_tablet&quot;:&quot;eael-col-2&quot;,&quot;eael_post_grid_columns_mobile&quot;:&quot;eael-col-1&quot;}\" data-widget_type=\"eael-post-grid.default\">\n\t\t\t\t\t<div id=\"eael-post-grid-1ad5012\" class=\"eael-post-grid-container\">\n            <div class=\"eael-post-grid eael-post-appender eael-post-appender-1ad5012 eael-post-grid-style-one\" data-layout-mode=\"masonry\"><article class=\"eael-grid-post  eael-post-grid-column eael-pg-post-16311 category-guate-nuestra\" data-id=\"16311\">\n        <div class=\"eael-grid-post-holder\">\n            <div class=\"eael-grid-post-holder-inner\"><div class=\"eael-entry-media\"><div class=\"eael-entry-overlay fade-in\"><i class=\"far fa-hand-pointer\" aria-hidden=\"true\"><\/i><a href=\"https:\/\/soymigrante.com\/revista\/san-juan-del-obispo-pueblo-vecino-de-antigua-guatemala-reconocido-en-best-tourism-village-2024\/\"><\/a><\/div><div class=\"eael-entry-thumbnail \">\n                <img loading=\"lazy\" decoding=\"async\" width=\"1024\" height=\"1024\" src=\"https:\/\/soymigrante.com\/revista\/wp-content\/uploads\/2024\/12\/san-juan-del-obispo-1024x1024.jpg\" class=\"attachment-large size-large wp-image-16335\" alt=\"Antigua iglesia colonial en un pueblo mexicano, arquitectura hist\u00f3rica y cultural, turismo en M\u00e9xico, patrimonio arquitect\u00f3nico, iglesias coloniales mexicanas.\" srcset=\"https:\/\/soymigrante.com\/revista\/wp-content\/uploads\/2024\/12\/san-juan-del-obispo-1024x1024.jpg 1024w, https:\/\/soymigrante.com\/revista\/wp-content\/uploads\/2024\/12\/san-juan-del-obispo-300x300.jpg 300w, https:\/\/soymigrante.com\/revista\/wp-content\/uploads\/2024\/12\/san-juan-del-obispo-150x150.jpg 150w, https:\/\/soymigrante.com\/revista\/wp-content\/uploads\/2024\/12\/san-juan-del-obispo-768x768.jpg 768w, https:\/\/soymigrante.com\/revista\/wp-content\/uploads\/2024\/12\/san-juan-del-obispo-75x75.webp 75w, https:\/\/soymigrante.com\/revista\/wp-content\/uploads\/2024\/12\/san-juan-del-obispo-750x750.webp 750w, https:\/\/soymigrante.com\/revista\/wp-content\/uploads\/2024\/12\/san-juan-del-obispo-1140x1140.webp 1140w, https:\/\/soymigrante.com\/revista\/wp-content\/uploads\/2024\/12\/san-juan-del-obispo.webp 1173w\" sizes=\"(max-width: 1024px) 100vw, 1024px\" \/>\n            <\/div>\n        <\/div><div class=\"eael-entry-wrapper\"><header class=\"eael-entry-header\"><h2 class=\"eael-entry-title\"><a class=\"eael-grid-post-link\" href=\"https:\/\/soymigrante.com\/revista\/san-juan-del-obispo-pueblo-vecino-de-antigua-guatemala-reconocido-en-best-tourism-village-2024\/\" title=\"San Juan del Obispo,  cerca de Antigua Guatemala, es reconocido en Best Tourism Villages 2024\">San Juan del Obispo,  cerca de Antigua Guatemala, es reconocido en Best Tourism Villages 2024<\/a><\/h2><\/header><div class=\"eael-entry-content\">\n                        <div class=\"eael-grid-post-excerpt\"><a href=\"https:\/\/soymigrante.com\/revista\/san-juan-del-obispo-pueblo-vecino-de-antigua-guatemala-reconocido-en-best-tourism-village-2024\/\" class=\"eael-post-elements-readmore-btn\">CONOCE SU HISTORIA <\/a><\/div>\n                    <\/div><\/div><\/div>\n        <\/div>\n    <\/article><article class=\"eael-grid-post  eael-post-grid-column eael-pg-post-7600 category-guate-nuestra\" data-id=\"7600\">\n        <div class=\"eael-grid-post-holder\">\n            <div class=\"eael-grid-post-holder-inner\"><div class=\"eael-entry-media\"><div class=\"eael-entry-overlay fade-in\"><i class=\"far fa-hand-pointer\" aria-hidden=\"true\"><\/i><a href=\"https:\/\/soymigrante.com\/revista\/7-datos-de-antigua-guatemala-que-seguro-ya-sabias-o-quiza-no\/\"><\/a><\/div><div class=\"eael-entry-thumbnail \">\n                <img loading=\"lazy\" decoding=\"async\" width=\"661\" height=\"662\" src=\"https:\/\/soymigrante.com\/revista\/wp-content\/uploads\/2024\/07\/Antigua-Guatemala-Danny-Gamboa.webp\" class=\"attachment-large size-large wp-image-7610\" alt=\"Vivienda antigua decorada con proyecciones de luz y color en la noche, destacando detalles arquitect\u00f3nicos y efectos visuales para eventos culturales y festivales en M\u00e9xico.\" srcset=\"https:\/\/soymigrante.com\/revista\/wp-content\/uploads\/2024\/07\/Antigua-Guatemala-Danny-Gamboa.webp 661w, https:\/\/soymigrante.com\/revista\/wp-content\/uploads\/2024\/07\/Antigua-Guatemala-Danny-Gamboa-300x300.webp 300w, https:\/\/soymigrante.com\/revista\/wp-content\/uploads\/2024\/07\/Antigua-Guatemala-Danny-Gamboa-150x150.webp 150w, https:\/\/soymigrante.com\/revista\/wp-content\/uploads\/2024\/07\/Antigua-Guatemala-Danny-Gamboa-75x75.webp 75w\" sizes=\"(max-width: 661px) 100vw, 661px\" \/>\n            <\/div>\n        <\/div><div class=\"eael-entry-wrapper\"><header class=\"eael-entry-header\"><h2 class=\"eael-entry-title\"><a class=\"eael-grid-post-link\" href=\"https:\/\/soymigrante.com\/revista\/7-datos-de-antigua-guatemala-que-seguro-ya-sabias-o-quiza-no\/\" title=\"Antigua Guatemala: 7 datos que seguro ya conoc\u00edas (\u00a1O quiz\u00e1 no!) Aver\u00edgualo\">Antigua Guatemala: 7 datos que seguro ya conoc\u00edas (\u00a1O quiz\u00e1 no!) Aver\u00edgualo<\/a><\/h2><\/header><div class=\"eael-entry-content\">\n                        <div class=\"eael-grid-post-excerpt\"><a href=\"https:\/\/soymigrante.com\/revista\/7-datos-de-antigua-guatemala-que-seguro-ya-sabias-o-quiza-no\/\" class=\"eael-post-elements-readmore-btn\">CONOCE SU HISTORIA <\/a><\/div>\n                    <\/div><\/div><\/div>\n        <\/div>\n    <\/article><article class=\"eael-grid-post  eael-post-grid-column eael-pg-post-383 category-guate-nuestra\" data-id=\"383\">\n        <div class=\"eael-grid-post-holder\">\n            <div class=\"eael-grid-post-holder-inner\"><div class=\"eael-entry-media\"><div class=\"eael-entry-overlay fade-in\"><i class=\"far fa-hand-pointer\" aria-hidden=\"true\"><\/i><a href=\"https:\/\/soymigrante.com\/revista\/los-mas-famosos-anfitriones-de-antigua-guatemala-uno-tranquilo-y-el-otro-impredecible\/\"><\/a><\/div><div class=\"eael-entry-thumbnail \">\n                <img loading=\"lazy\" decoding=\"async\" width=\"1024\" height=\"629\" src=\"https:\/\/soymigrante.com\/revista\/wp-content\/uploads\/2024\/02\/Captura-de-pantalla-2024-02-24-231728-1024x629.webp\" class=\"attachment-large size-large wp-image-5040\" alt=\"Vplc\u00e1n de Agua en primer plano y a la derecha, el volc\u00e1n de Fuego, desde Antigua Guatemala.\" srcset=\"https:\/\/soymigrante.com\/revista\/wp-content\/uploads\/2024\/02\/Captura-de-pantalla-2024-02-24-231728-1024x629.webp 1024w, https:\/\/soymigrante.com\/revista\/wp-content\/uploads\/2024\/02\/Captura-de-pantalla-2024-02-24-231728-300x184.webp 300w, https:\/\/soymigrante.com\/revista\/wp-content\/uploads\/2024\/02\/Captura-de-pantalla-2024-02-24-231728-768x472.webp 768w, https:\/\/soymigrante.com\/revista\/wp-content\/uploads\/2024\/02\/Captura-de-pantalla-2024-02-24-231728-750x461.webp 750w, https:\/\/soymigrante.com\/revista\/wp-content\/uploads\/2024\/02\/Captura-de-pantalla-2024-02-24-231728-1140x700.webp 1140w, https:\/\/soymigrante.com\/revista\/wp-content\/uploads\/2024\/02\/Captura-de-pantalla-2024-02-24-231728.webp 1216w\" sizes=\"(max-width: 1024px) 100vw, 1024px\" \/>\n            <\/div>\n        <\/div><div class=\"eael-entry-wrapper\"><header class=\"eael-entry-header\"><h2 class=\"eael-entry-title\"><a class=\"eael-grid-post-link\" href=\"https:\/\/soymigrante.com\/revista\/los-mas-famosos-anfitriones-de-antigua-guatemala-uno-tranquilo-y-el-otro-impredecible\/\" title=\"Los m\u00e1s famosos anfitriones de Antigua Guatemala: volc\u00e1n de Agua y volc\u00e1n de Fuego\">Los m\u00e1s famosos anfitriones de Antigua Guatemala: volc\u00e1n de Agua y volc\u00e1n de Fuego<\/a><\/h2><\/header><div class=\"eael-entry-content\">\n                        <div class=\"eael-grid-post-excerpt\"><a href=\"https:\/\/soymigrante.com\/revista\/los-mas-famosos-anfitriones-de-antigua-guatemala-uno-tranquilo-y-el-otro-impredecible\/\" class=\"eael-post-elements-readmore-btn\">CONOCE SU HISTORIA <\/a><\/div>\n                    <\/div><\/div><\/div>\n        <\/div>\n    <\/article><\/div>\n            <div class=\"clearfix\"><\/div>\n        <\/div>\t\t\t\t<\/div>\n\t\t\t\t\t<\/div>\n\t\t\t\t<\/div>\n\t\t\t\t<\/div>\n\t\t","protected":false},"excerpt":{"rendered":"<p>Guatemala es uno de los pa\u00edses con mayor actividad s\u00edsmica en Am\u00e9rica Central. Los temblores son frecuentes y, en algunos casos, destructivos. Para comprender el porque tiembla tanto en Guatemala, que es una realidad desde cientos de a\u00f1os, es necesario conocer los factores geol\u00f3gicos que causan esta actividad constante. Los antiguos mayas consideraban que un [&hellip;]<\/p>\n","protected":false},"author":19,"featured_media":38843,"comment_status":"open","ping_status":"open","sticky":false,"template":"","format":"standard","meta":{"_acf_changed":false,"_eb_attr":"","footnotes":""},"categories":[58],"tags":[],"class_list":["post-38842","post","type-post","status-publish","format-standard","has-post-thumbnail","hentry","category-guate-nuestra"],"acf":[],"aioseo_notices":[],"aioseo_head":"\n\t\t<!-- All in One SEO Pro 4.9.6.2 - aioseo.com -->\n\t<meta name=\"description\" content=\"La presencia de los volcanes de Agua y Fuego marca el paisaje guatemalteco de manera \u00fanica e impresionante. Los nombres de dos elementos opuestos lo dice todo y el reciente incendio contrapuso significados. Volc\u00e1n de Agua Desde las referencias prehisp\u00e1nicas ten\u00edan hombres opuestos en antiguo mayak kaqchikel: Hun Ajp\u00fa, el de \u201cAgua\u201d y Chi Kaak,\" \/>\n\t<meta name=\"robots\" content=\"max-snippet:-1, max-image-preview:large, max-video-preview:-1\" \/>\n\t<meta name=\"author\" content=\"Gustavo Montenegro\"\/>\n\t<link rel=\"canonical\" href=\"https:\/\/soymigrante.com\/revista\/los-mas-famosos-anfitriones-de-antigua-guatemala-uno-tranquilo-y-el-otro-impredecible\/\" \/>\n\t<meta name=\"generator\" content=\"All in One SEO Pro (AIOSEO) 4.9.6.2\" \/>\n\n\t\t<link rel=\"preconnect\" href=\"https:\/\/fonts.googleapis.com\" crossorigin>\n<link rel=\"preconnect\" href=\"https:\/\/fonts.gstatic.com\" crossorigin>\n\t\t<meta property=\"og:locale\" content=\"es_ES\" \/>\n\t\t<meta property=\"og:site_name\" content=\"SoyMigrante.com REVISTA \u2013 Nuestra misi\u00f3n es reconocer y dignificar al migrante.\" \/>\n\t\t<meta property=\"og:type\" content=\"article\" \/>\n\t\t<meta property=\"og:title\" content=\"Los m\u00e1s famosos anfitriones de Antigua Guatemala: volc\u00e1n de Agua y volc\u00e1n de Fuego\" \/>\n\t\t<meta property=\"og:description\" content=\"La presencia de los volcanes de Agua y Fuego marca el paisaje guatemalteco de manera \u00fanica e impresionante. Los nombres de dos elementos opuestos lo dice todo y el reciente incendio contrapuso significados. Volc\u00e1n de Agua Desde las referencias prehisp\u00e1nicas ten\u00edan hombres opuestos en antiguo mayak kaqchikel: Hun Ajp\u00fa, el de \u201cAgua\u201d y Chi Kaak,\" \/>\n\t\t<meta property=\"og:url\" content=\"https:\/\/soymigrante.com\/revista\/los-mas-famosos-anfitriones-de-antigua-guatemala-uno-tranquilo-y-el-otro-impredecible\/\" \/>\n\t\t<meta property=\"og:image\" content=\"https:\/\/soymigrante.com\/revista\/wp-content\/uploads\/2024\/02\/Captura-de-pantalla-2024-02-24-231728.webp\" \/>\n\t\t<meta property=\"og:image:secure_url\" content=\"https:\/\/soymigrante.com\/revista\/wp-content\/uploads\/2024\/02\/Captura-de-pantalla-2024-02-24-231728.webp\" \/>\n\t\t<meta property=\"og:image:width\" content=\"1216\" \/>\n\t\t<meta property=\"og:image:height\" content=\"747\" \/>\n\t\t<meta property=\"article:published_time\" content=\"2024-02-25T05:37:00+00:00\" \/>\n\t\t<meta property=\"article:modified_time\" content=\"2024-02-25T05:50:50+00:00\" \/>\n\t\t<meta property=\"article:publisher\" content=\"https:\/\/www.facebook.com\/soymigrantecom\" \/>\n\t\t<meta name=\"twitter:card\" content=\"summary_large_image\" \/>\n\t\t<meta name=\"twitter:site\" content=\"@SoyMigrante_com\" \/>\n\t\t<meta name=\"twitter:title\" content=\"Los m\u00e1s famosos anfitriones de Antigua Guatemala: volc\u00e1n de Agua y volc\u00e1n de Fuego\" \/>\n\t\t<meta name=\"twitter:description\" content=\"La presencia de los volcanes de Agua y Fuego marca el paisaje guatemalteco de manera \u00fanica e impresionante. Los nombres de dos elementos opuestos lo dice todo y el reciente incendio contrapuso significados. Volc\u00e1n de Agua Desde las referencias prehisp\u00e1nicas ten\u00edan hombres opuestos en antiguo mayak kaqchikel: Hun Ajp\u00fa, el de \u201cAgua\u201d y Chi Kaak,\" \/>\n\t\t<meta name=\"twitter:creator\" content=\"@SoyMigrante_com\" \/>\n\t\t<meta name=\"twitter:image\" content=\"https:\/\/soymigrante.com\/revista\/wp-content\/uploads\/2024\/02\/Captura-de-pantalla-2024-02-24-231728.webp\" \/>\n\t\t<!-- All in One SEO Pro -->\r\n\t\t<title>Los m\u00e1s famosos anfitriones de Antigua Guatemala: volc\u00e1n de Agua y volc\u00e1n de Fuego<\/title>\n\n","aioseo_head_json":{"title":"Los m\u00e1s famosos anfitriones de Antigua Guatemala: volc\u00e1n de Agua y volc\u00e1n de Fuego","description":"La presencia de los volcanes de Agua y Fuego marca el paisaje guatemalteco de manera \u00fanica e impresionante. Los nombres de dos elementos opuestos lo dice todo y el reciente incendio contrapuso significados. Volc\u00e1n de Agua Desde las referencias prehisp\u00e1nicas ten\u00edan hombres opuestos en antiguo mayak kaqchikel: Hun Ajp\u00fa, el de \u201cAgua\u201d y Chi Kaak,","canonical_url":"https:\/\/soymigrante.com\/revista\/los-mas-famosos-anfitriones-de-antigua-guatemala-uno-tranquilo-y-el-otro-impredecible\/","robots":"max-snippet:-1, max-image-preview:large, max-video-preview:-1","keywords":"","webmasterTools":{"miscellaneous":"&lt;link rel=\"preconnect\" href=\"https:\/\/fonts.googleapis.com\" crossorigin&gt;\n&lt;link rel=\"preconnect\" href=\"https:\/\/fonts.gstatic.com\" crossorigin&gt;"},"schema":null,"og:locale":"es_ES","og:site_name":"SoyMigrante.com REVISTA \u2013 Nuestra misi\u00f3n es reconocer y dignificar al migrante.","og:type":"article","og:title":"Los m\u00e1s famosos anfitriones de Antigua Guatemala: volc\u00e1n de Agua y volc\u00e1n de Fuego","og:description":"La presencia de los volcanes de Agua y Fuego marca el paisaje guatemalteco de manera \u00fanica e impresionante. Los nombres de dos elementos opuestos lo dice todo y el reciente incendio contrapuso significados. Volc\u00e1n de Agua Desde las referencias prehisp\u00e1nicas ten\u00edan hombres opuestos en antiguo mayak kaqchikel: Hun Ajp\u00fa, el de \u201cAgua\u201d y Chi Kaak,","og:url":"https:\/\/soymigrante.com\/revista\/los-mas-famosos-anfitriones-de-antigua-guatemala-uno-tranquilo-y-el-otro-impredecible\/","og:image":"https:\/\/soymigrante.com\/revista\/wp-content\/uploads\/2024\/02\/Captura-de-pantalla-2024-02-24-231728.webp","og:image:secure_url":"https:\/\/soymigrante.com\/revista\/wp-content\/uploads\/2024\/02\/Captura-de-pantalla-2024-02-24-231728.webp","og:image:width":1216,"og:image:height":747,"article:published_time":"2024-02-25T05:37:00+00:00","article:modified_time":"2024-02-25T05:50:50+00:00","article:publisher":"https:\/\/www.facebook.com\/soymigrantecom","twitter:card":"summary_large_image","twitter:site":"@SoyMigrante_com","twitter:title":"Los m\u00e1s famosos anfitriones de Antigua Guatemala: volc\u00e1n de Agua y volc\u00e1n de Fuego","twitter:description":"La presencia de los volcanes de Agua y Fuego marca el paisaje guatemalteco de manera \u00fanica e impresionante. Los nombres de dos elementos opuestos lo dice todo y el reciente incendio contrapuso significados. Volc\u00e1n de Agua Desde las referencias prehisp\u00e1nicas ten\u00edan hombres opuestos en antiguo mayak kaqchikel: Hun Ajp\u00fa, el de \u201cAgua\u201d y Chi Kaak,","twitter:creator":"@SoyMigrante_com","twitter:image":"https:\/\/soymigrante.com\/revista\/wp-content\/uploads\/2024\/02\/Captura-de-pantalla-2024-02-24-231728.webp"},"aioseo_meta_data":{"post_id":"38842","title":"\u00bfPor qu\u00e9 tiembla tanto en Guatemala? Se preguntan muchos","description":"Guatemala es uno de los pa\u00edses con mayor actividad s\u00edsmica en Am\u00e9rica Central y por eso tiembla. Los temblores son frecuentes y, en algunos casos, destructivos.","keywords":null,"keyphrases":{"focus":{"keyphrase":"Guatemala","score":100,"analysis":{"keyphraseInTitle":{"score":9,"maxScore":9,"error":0},"keyphraseInDescription":{"score":9,"maxScore":9,"error":0},"keyphraseLength":{"score":9,"maxScore":9,"error":0,"length":1},"keyphraseInURL":{"score":5,"maxScore":5,"error":0},"keyphraseInIntroduction":{"score":9,"maxScore":9,"error":0},"keyphraseInSubHeadings":{"score":9,"maxScore":9,"error":0},"keyphraseInImageAlt":{"score":9,"maxScore":9,"error":0},"keywordDensity":{"type":"best","score":9,"maxScore":9,"error":0}}},"additional":[{"keyphrase":"tiembla","score":67,"analysis":{"keyphraseInDescription":{"score":9,"maxScore":9,"error":0},"keyphraseLength":{"score":9,"maxScore":9,"error":0,"length":1},"keyphraseInIntroduction":{"score":9,"maxScore":9,"error":0},"keyphraseInImageAlt":{"score":3,"maxScore":9,"error":1},"keywordDensity":{"score":0,"type":"low","maxScore":9,"error":1}}}]},"primary_term":null,"canonical_url":null,"og_title":null,"og_description":null,"og_object_type":"default","og_image_type":"default","og_image_url":null,"og_image_width":null,"og_image_height":null,"og_image_custom_url":null,"og_image_custom_fields":null,"og_video":"","og_custom_url":null,"og_article_section":null,"og_article_tags":null,"twitter_use_og":false,"twitter_card":"default","twitter_image_type":"default","twitter_image_url":null,"twitter_image_custom_url":null,"twitter_image_custom_fields":null,"twitter_title":null,"twitter_description":null,"schema":{"blockGraphs":[],"customGraphs":[],"default":{"data":{"Article":[],"Course":[],"Dataset":[],"FAQPage":[],"Movie":[],"Person":[],"Product":[],"ProductReview":[],"Car":[],"Recipe":[],"Service":[],"SoftwareApplication":[],"WebPage":[]},"graphName":"none","isEnabled":true},"graphs":[]},"schema_type":"default","schema_type_options":null,"pillar_content":false,"robots_default":true,"robots_noindex":false,"robots_noarchive":false,"robots_nosnippet":false,"robots_nofollow":false,"robots_noimageindex":false,"robots_noodp":false,"robots_notranslate":false,"robots_max_snippet":"-1","robots_max_videopreview":"-1","robots_max_imagepreview":"large","priority":null,"frequency":"default","local_seo":null,"seo_analyzer_scan_date":"2025-10-09 06:39:10","breadcrumb_settings":null,"limit_modified_date":false,"reviewed_by":"0","open_ai":null,"ai":{"faqs":[],"keyPoints":[],"titles":[],"descriptions":[],"socialPosts":{"email":[],"linkedin":[],"twitter":[],"facebook":[],"instagram":[]}},"created":"2025-07-09 16:04:29","updated":"2026-02-05 02:53:49"},"aioseo_breadcrumb":"<div class=\"aioseo-breadcrumbs\"><span class=\"aioseo-breadcrumb\">\n\t<a href=\"https:\/\/soymigrante.com\/revista\" title=\"Home\">Home<\/a>\n<\/span><span class=\"aioseo-breadcrumb-separator\">\u00bb<\/span><span class=\"aioseo-breadcrumb\">\n\t<a href=\"https:\/\/soymigrante.com\/revista\/category\/guate-nuestra\/\" title=\"Guate Nuestra\">Guate Nuestra<\/a>\n<\/span><span class=\"aioseo-breadcrumb-separator\">\u00bb<\/span><span class=\"aioseo-breadcrumb\">\n\t\u00bfPor qu\u00e9 hay tantos sismos en Guatemala? Una explicaci\u00f3n t\u00e9cnica y comprensible\n<\/span><\/div>","aioseo_breadcrumb_json":[{"label":"Home","link":"https:\/\/soymigrante.com\/revista"},{"label":"Guate Nuestra","link":"https:\/\/soymigrante.com\/revista\/category\/guate-nuestra\/"},{"label":"\u00bfPor qu\u00e9 hay tantos sismos en Guatemala? Una explicaci\u00f3n t\u00e9cnica y comprensible","link":"https:\/\/soymigrante.com\/revista\/por-que-tiembla-tanto-en-guatemala-una-explicacion-tecnica-y-comprensible\/"}],"_links":{"self":[{"href":"https:\/\/soymigrante.com\/revista\/wp-json\/wp\/v2\/posts\/38842","targetHints":{"allow":["GET"]}}],"collection":[{"href":"https:\/\/soymigrante.com\/revista\/wp-json\/wp\/v2\/posts"}],"about":[{"href":"https:\/\/soymigrante.com\/revista\/wp-json\/wp\/v2\/types\/post"}],"author":[{"embeddable":true,"href":"https:\/\/soymigrante.com\/revista\/wp-json\/wp\/v2\/users\/19"}],"replies":[{"embeddable":true,"href":"https:\/\/soymigrante.com\/revista\/wp-json\/wp\/v2\/comments?post=38842"}],"version-history":[{"count":15,"href":"https:\/\/soymigrante.com\/revista\/wp-json\/wp\/v2\/posts\/38842\/revisions"}],"predecessor-version":[{"id":44781,"href":"https:\/\/soymigrante.com\/revista\/wp-json\/wp\/v2\/posts\/38842\/revisions\/44781"}],"wp:featuredmedia":[{"embeddable":true,"href":"https:\/\/soymigrante.com\/revista\/wp-json\/wp\/v2\/media\/38843"}],"wp:attachment":[{"href":"https:\/\/soymigrante.com\/revista\/wp-json\/wp\/v2\/media?parent=38842"}],"wp:term":[{"taxonomy":"category","embeddable":true,"href":"https:\/\/soymigrante.com\/revista\/wp-json\/wp\/v2\/categories?post=38842"},{"taxonomy":"post_tag","embeddable":true,"href":"https:\/\/soymigrante.com\/revista\/wp-json\/wp\/v2\/tags?post=38842"}],"curies":[{"name":"wp","href":"https:\/\/api.w.org\/{rel}","templated":true}]}}