{"id":38795,"date":"2025-07-09T03:00:00","date_gmt":"2025-07-09T09:00:00","guid":{"rendered":"https:\/\/soymigrante.com\/revista\/?p=38795"},"modified":"2025-07-08T23:22:30","modified_gmt":"2025-07-09T05:22:30","slug":"deslumbrantes-expresiones-de-aspirantes-a-princesa-chnabjul-en-huehuetenango","status":"publish","type":"post","link":"https:\/\/soymigrante.com\/revista\/deslumbrantes-expresiones-de-aspirantes-a-princesa-chnabjul-en-huehuetenango\/","title":{"rendered":"Deslumbrantes estampas culturales de aspirantes a Princesa Chnab&#8217;jul en Huehuetenango"},"content":{"rendered":"\t\t<div data-elementor-type=\"wp-post\" data-elementor-id=\"38795\" class=\"elementor elementor-38795\" data-elementor-post-type=\"post\">\n\t\t\t\t<div data-particle_enable=\"false\" data-particle-mobile-disabled=\"false\" class=\"elementor-element elementor-element-77e952c e-flex e-con-boxed e-con e-parent\" data-id=\"77e952c\" data-element_type=\"container\" data-e-type=\"container\">\n\t\t\t\t\t<div class=\"e-con-inner\">\n\t\t\t\t<div class=\"elementor-element elementor-element-ded6014 elementor-widget elementor-widget-heading\" data-id=\"ded6014\" data-element_type=\"widget\" data-e-type=\"widget\" data-widget_type=\"heading.default\">\n\t\t\t\t\t<h2 class=\"elementor-heading-title elementor-size-default\">A trav\u00e9s de ilustrativas y deslumbrantes estampas tradiconales sobre valores, tradiciones y costumbres de sus comunidades, las j\u00f3venes aspirantes exaltan la identidad multicultural de Huehuetenango. <\/h2>\t\t\t\t<\/div>\n\t\t\t\t\t<\/div>\n\t\t\t\t<\/div>\n\t\t<div data-particle_enable=\"false\" data-particle-mobile-disabled=\"false\" class=\"elementor-element elementor-element-986d6af e-flex e-con-boxed e-con e-parent\" data-id=\"986d6af\" data-element_type=\"container\" data-e-type=\"container\">\n\t\t\t\t\t<div class=\"e-con-inner\">\n\t\t\t\t<div class=\"elementor-element elementor-element-590359e elementor-widget elementor-widget-text-editor\" data-id=\"590359e\" data-element_type=\"widget\" data-e-type=\"widget\" data-widget_type=\"text-editor.default\">\n\t\t\t\t\t\t\t\t\t<p>En este a\u00f1o 2025, la elecci\u00f3n de la Princesa Chbnaj&#8217;ul tiene un motivo muy especial: conmemorar los 500 a\u00f1os de la resistencia de la ciudad de Zaculeu, antigua capital del imperio mam. Y todas las aspirantes a esta corona, participaron en la elaboraci\u00f3n de deslumbrantes estampas tradicionales en video, en las cuales exponen el valor de sus indumentarias tradicionales, de la espiritualidad maya y de los grandes valores de sus pueblos.<\/p><p>La velada de elecci\u00f3n y discursos de las participantes ser\u00e1 el viernes 11 de julio en las ruinas de Zaculeu. Pero m\u00e1s que un certamen ser\u00e1 una verdadera fiesta de hermandad de los pueblos de Huehuetenango. A continuaci\u00f3n la galer\u00eda de videos.\u00a0<\/p><p>Cada uno tiene su encanto especial y en el idioma maya de cada municipio, con subt\u00edtulos en espa\u00f1ol.<\/p>\t\t\t\t\t\t\t\t<\/div>\n\t\t\t\t\t<\/div>\n\t\t\t\t<\/div>\n\t\t<div data-particle_enable=\"false\" data-particle-mobile-disabled=\"false\" class=\"elementor-element elementor-element-d02555a e-flex e-con-boxed e-con e-parent\" data-id=\"d02555a\" data-element_type=\"container\" data-e-type=\"container\">\n\t\t\t\t\t<div class=\"e-con-inner\">\n\t\t\t\t<div class=\"elementor-element elementor-element-3141b63 elementor-widget elementor-widget-heading\" data-id=\"3141b63\" data-element_type=\"widget\" data-e-type=\"widget\" data-widget_type=\"heading.default\">\n\t\t\t\t\t<h3 class=\"elementor-heading-title elementor-size-default\">San Pedro Soloma<\/h3>\t\t\t\t<\/div>\n\t\t\t\t\t<\/div>\n\t\t\t\t<\/div>\n\t\t<div data-particle_enable=\"false\" data-particle-mobile-disabled=\"false\" class=\"elementor-element elementor-element-02da233 e-flex e-con-boxed e-con e-parent\" data-id=\"02da233\" data-element_type=\"container\" data-e-type=\"container\">\n\t\t\t\t\t<div class=\"e-con-inner\">\n\t\t\t\t<div class=\"elementor-element elementor-element-ea74fe4 elementor-widget elementor-widget-image\" data-id=\"ea74fe4\" data-element_type=\"widget\" data-e-type=\"widget\" data-widget_type=\"image.default\">\n\t\t\t\t\t\t\t\t\t\t\t\t<figure class=\"wp-caption\">\n\t\t\t\t\t\t\t\t\t\t\t<a href=\"https:\/\/www.facebook.com\/ComisionPrincesaChnabjul\/videos\/698550433020801\">\n\t\t\t\t\t\t\t<img fetchpriority=\"high\" decoding=\"async\" width=\"768\" height=\"521\" src=\"https:\/\/soymigrante.com\/revista\/wp-content\/uploads\/2025\/07\/SAN-PEDRO-SOLOMA-princesa-chbnajul-huehuetenango-1024x694.png\" class=\"attachment-large size-large wp-image-38802\" alt=\"Ni\u00f1a y ni\u00f1os con vestimenta tradicional ind\u00edgena en un entorno rural, s\u00edmbolo de cultura y ra\u00edces ancestrales en M\u00e9xico y Am\u00e9rica Central.\" srcset=\"https:\/\/soymigrante.com\/revista\/wp-content\/uploads\/2025\/07\/SAN-PEDRO-SOLOMA-princesa-chbnajul-huehuetenango-1024x694.png 1024w, https:\/\/soymigrante.com\/revista\/wp-content\/uploads\/2025\/07\/SAN-PEDRO-SOLOMA-princesa-chbnajul-huehuetenango-300x203.png 300w, https:\/\/soymigrante.com\/revista\/wp-content\/uploads\/2025\/07\/SAN-PEDRO-SOLOMA-princesa-chbnajul-huehuetenango-768x520.png 768w, https:\/\/soymigrante.com\/revista\/wp-content\/uploads\/2025\/07\/SAN-PEDRO-SOLOMA-princesa-chbnajul-huehuetenango-750x508.webp 750w, https:\/\/soymigrante.com\/revista\/wp-content\/uploads\/2025\/07\/SAN-PEDRO-SOLOMA-princesa-chbnajul-huehuetenango-1140x772.webp 1140w, https:\/\/soymigrante.com\/revista\/wp-content\/uploads\/2025\/07\/SAN-PEDRO-SOLOMA-princesa-chbnajul-huehuetenango.webp 1184w\" sizes=\"(max-width: 768px) 100vw, 768px\" title=\"Sof\u00eda Gaspar, de San Pedro Soloma, Huehuetenango, expone la tradici\u00f3n de la indumentaria tradicional. PARA VER EL VIDEO CLIC EN LA IMAGEN. \u2013 SoyMigrante.com REVISTA\" \/>\t\t\t\t\t\t\t\t<\/a>\n\t\t\t\t\t\t\t\t\t\t\t<figcaption class=\"widget-image-caption wp-caption-text\">Tres ni\u00f1os y una mujer ind\u00edgena vestida con ropa t\u00edpica, compartiendo un momento cultural al aire libre frente a una casa de barro.<\/figcaption>\n\t\t\t\t\t\t\t\t\t\t<\/figure>\n\t\t\t\t\t\t\t\t\t<\/div>\n\t\t\t\t\t<\/div>\n\t\t\t\t<\/div>\n\t\t<div data-particle_enable=\"false\" data-particle-mobile-disabled=\"false\" class=\"elementor-element elementor-element-74377bc e-flex e-con-boxed e-con e-parent\" data-id=\"74377bc\" data-element_type=\"container\" data-e-type=\"container\">\n\t\t\t\t\t<div class=\"e-con-inner\">\n\t\t\t\t<div class=\"elementor-element elementor-element-261f674 elementor-widget elementor-widget-heading\" data-id=\"261f674\" data-element_type=\"widget\" data-e-type=\"widget\" data-widget_type=\"heading.default\">\n\t\t\t\t\t<h3 class=\"elementor-heading-title elementor-size-default\">San Rafael P\u00e9tzal<\/h3>\t\t\t\t<\/div>\n\t\t\t\t\t<\/div>\n\t\t\t\t<\/div>\n\t\t<div data-particle_enable=\"false\" data-particle-mobile-disabled=\"false\" class=\"elementor-element elementor-element-2ca7d03 e-flex e-con-boxed e-con e-parent\" data-id=\"2ca7d03\" data-element_type=\"container\" data-e-type=\"container\">\n\t\t\t\t\t<div class=\"e-con-inner\">\n\t\t\t\t<div class=\"elementor-element elementor-element-d15cce2 elementor-widget elementor-widget-image\" data-id=\"d15cce2\" data-element_type=\"widget\" data-e-type=\"widget\" data-widget_type=\"image.default\">\n\t\t\t\t\t\t\t\t\t\t\t\t<figure class=\"wp-caption\">\n\t\t\t\t\t\t\t\t\t\t\t<a href=\"https:\/\/www.facebook.com\/ComisionPrincesaChnabjul\/videos\/4023759111275730\">\n\t\t\t\t\t\t\t<img decoding=\"async\" width=\"768\" height=\"483\" src=\"https:\/\/soymigrante.com\/revista\/wp-content\/uploads\/2025\/07\/san-rafael-petzal-princesa-chbnajul-huehuetenando-divnia-garcia-1024x644.png\" class=\"attachment-large size-large wp-image-38811\" alt=\"Tradicionales mujeres mayas en Guatemala, vestidas con huipiles coloridos, participando en una ceremonia ancestral en el contexto de las historias de migrantes en SoyMigrante.com.\" srcset=\"https:\/\/soymigrante.com\/revista\/wp-content\/uploads\/2025\/07\/san-rafael-petzal-princesa-chbnajul-huehuetenando-divnia-garcia-1024x644.png 1024w, https:\/\/soymigrante.com\/revista\/wp-content\/uploads\/2025\/07\/san-rafael-petzal-princesa-chbnajul-huehuetenando-divnia-garcia-300x189.png 300w, https:\/\/soymigrante.com\/revista\/wp-content\/uploads\/2025\/07\/san-rafael-petzal-princesa-chbnajul-huehuetenando-divnia-garcia-768x483.png 768w, https:\/\/soymigrante.com\/revista\/wp-content\/uploads\/2025\/07\/san-rafael-petzal-princesa-chbnajul-huehuetenando-divnia-garcia-750x472.webp 750w, https:\/\/soymigrante.com\/revista\/wp-content\/uploads\/2025\/07\/san-rafael-petzal-princesa-chbnajul-huehuetenando-divnia-garcia-1140x717.webp 1140w, https:\/\/soymigrante.com\/revista\/wp-content\/uploads\/2025\/07\/san-rafael-petzal-princesa-chbnajul-huehuetenando-divnia-garcia.webp 1512w\" sizes=\"(max-width: 768px) 100vw, 768px\" title=\"Disvia Garc\u00eda, de San Rafael P\u00e9tzal, Huehuetenango presenta la estampa tradicional La elaboraci\u00f3n de la indumentaria. PARA VER EL VIDEO DAR CLIC EN LA IMAGEN. \u2013 SoyMigrante.com REVISTA\" \/>\t\t\t\t\t\t\t\t<\/a>\n\t\t\t\t\t\t\t\t\t\t\t<figcaption class=\"widget-image-caption wp-caption-text\">Celebraci\u00f3n cultural ind\u00edgena en comunidad rural, mostrando vestimenta t\u00edpica y pr\u00e1cticas ancestrales en Guatemala, tem\u00e1tica central en la revista SoyMigrante.<\/figcaption>\n\t\t\t\t\t\t\t\t\t\t<\/figure>\n\t\t\t\t\t\t\t\t\t<\/div>\n\t\t\t\t\t<\/div>\n\t\t\t\t<\/div>\n\t\t<div data-particle_enable=\"false\" data-particle-mobile-disabled=\"false\" class=\"elementor-element elementor-element-407926a e-flex e-con-boxed e-con e-parent\" data-id=\"407926a\" data-element_type=\"container\" data-e-type=\"container\">\n\t\t\t\t\t<div class=\"e-con-inner\">\n\t\t\t\t<div class=\"elementor-element elementor-element-ae5b8fd elementor-widget elementor-widget-heading\" data-id=\"ae5b8fd\" data-element_type=\"widget\" data-e-type=\"widget\" data-widget_type=\"heading.default\">\n\t\t\t\t\t<h3 class=\"elementor-heading-title elementor-size-default\">Jacaltenango<\/h3>\t\t\t\t<\/div>\n\t\t\t\t\t<\/div>\n\t\t\t\t<\/div>\n\t\t<div data-particle_enable=\"false\" data-particle-mobile-disabled=\"false\" class=\"elementor-element elementor-element-0989538 e-flex e-con-boxed e-con e-parent\" data-id=\"0989538\" data-element_type=\"container\" data-e-type=\"container\">\n\t\t\t\t\t<div class=\"e-con-inner\">\n\t\t\t\t<div class=\"elementor-element elementor-element-a6bc61d elementor-widget elementor-widget-image\" data-id=\"a6bc61d\" data-element_type=\"widget\" data-e-type=\"widget\" data-widget_type=\"image.default\">\n\t\t\t\t\t\t\t\t\t\t\t\t<figure class=\"wp-caption\">\n\t\t\t\t\t\t\t\t\t\t\t<a href=\"https:\/\/www.facebook.com\/ComisionPrincesaChnabjul\/videos\/698550433020801\">\n\t\t\t\t\t\t\t<img decoding=\"async\" width=\"768\" height=\"463\" src=\"https:\/\/soymigrante.com\/revista\/wp-content\/uploads\/2025\/07\/jacaltenango-princesa-chbnajul-huehuetenango-aspirantes-2025-1024x617.png\" class=\"attachment-large size-large wp-image-38803\" alt=\"Diversa maestra ense\u00f1ando cultura ind\u00edgena en clase con foto de ni\u00f1os en trajes tradicionales en fondo de pizarra.\" srcset=\"https:\/\/soymigrante.com\/revista\/wp-content\/uploads\/2025\/07\/jacaltenango-princesa-chbnajul-huehuetenango-aspirantes-2025-1024x617.png 1024w, https:\/\/soymigrante.com\/revista\/wp-content\/uploads\/2025\/07\/jacaltenango-princesa-chbnajul-huehuetenango-aspirantes-2025-300x181.png 300w, https:\/\/soymigrante.com\/revista\/wp-content\/uploads\/2025\/07\/jacaltenango-princesa-chbnajul-huehuetenango-aspirantes-2025-768x463.png 768w, https:\/\/soymigrante.com\/revista\/wp-content\/uploads\/2025\/07\/jacaltenango-princesa-chbnajul-huehuetenango-aspirantes-2025-750x452.png 750w, https:\/\/soymigrante.com\/revista\/wp-content\/uploads\/2025\/07\/jacaltenango-princesa-chbnajul-huehuetenango-aspirantes-2025.webp 1065w\" sizes=\"(max-width: 768px) 100vw, 768px\" title=\"Concepci\u00f3n Morales, representativa del municipio de Jacaltenango, presenta su estampa cultural Mi indumentaria y tejidos de mi Tierra: un legado ancestral. PARA VER EL VIDEO CLIC EN LA FOTOGRAF\u00cdA. \u2013 SoyMigrante.com REVISTA\" \/>\t\t\t\t\t\t\t\t<\/a>\n\t\t\t\t\t\t\t\t\t\t\t<figcaption class=\"widget-image-caption wp-caption-text\">Maestra en clase con alumnos, presentando cultura ind\u00edgena en escuela, promoviendo la identidad y diversidad cultural en educaci\u00f3n prehisp\u00e1nica.<\/figcaption>\n\t\t\t\t\t\t\t\t\t\t<\/figure>\n\t\t\t\t\t\t\t\t\t<\/div>\n\t\t\t\t\t<\/div>\n\t\t\t\t<\/div>\n\t\t<div data-particle_enable=\"false\" data-particle-mobile-disabled=\"false\" class=\"elementor-element elementor-element-e1a5281 e-flex e-con-boxed e-con e-parent\" data-id=\"e1a5281\" data-element_type=\"container\" data-e-type=\"container\">\n\t\t\t\t\t<div class=\"e-con-inner\">\n\t\t\t\t<div class=\"elementor-element elementor-element-5eb69ce elementor-widget elementor-widget-heading\" data-id=\"5eb69ce\" data-element_type=\"widget\" data-e-type=\"widget\" data-widget_type=\"heading.default\">\n\t\t\t\t\t<h3 class=\"elementor-heading-title elementor-size-default\">San Juan Atit\u00e1n<\/h3>\t\t\t\t<\/div>\n\t\t\t\t\t<\/div>\n\t\t\t\t<\/div>\n\t\t<div data-particle_enable=\"false\" data-particle-mobile-disabled=\"false\" class=\"elementor-element elementor-element-547e019 e-flex e-con-boxed e-con e-parent\" data-id=\"547e019\" data-element_type=\"container\" data-e-type=\"container\">\n\t\t\t\t\t<div class=\"e-con-inner\">\n\t\t\t\t<div class=\"elementor-element elementor-element-e0f90ec elementor-widget elementor-widget-image\" data-id=\"e0f90ec\" data-element_type=\"widget\" data-e-type=\"widget\" data-widget_type=\"image.default\">\n\t\t\t\t\t\t\t\t\t\t\t\t<figure class=\"wp-caption\">\n\t\t\t\t\t\t\t\t\t\t\t<a href=\"https:\/\/www.facebook.com\/ComisionPrincesaChnabjul\/videos\/2481017798923264\">\n\t\t\t\t\t\t\t<img loading=\"lazy\" decoding=\"async\" width=\"768\" height=\"481\" src=\"https:\/\/soymigrante.com\/revista\/wp-content\/uploads\/2025\/07\/San-Juan-Atitan-Huehuetenango-Nallely-Ramirez-Princesa-Chbnajul-1024x641.png\" class=\"attachment-large size-large wp-image-38818\" alt=\"Traje tradicional ind\u00edgena en comunidad rural, mujer y ni\u00f1os con vestimenta t\u00edpica, intercambio cultural, homenaje a las ra\u00edces culturales en M\u00e9xico, comunidad ind\u00edgena, vestimenta ancestral, patrimonio cultural.\" srcset=\"https:\/\/soymigrante.com\/revista\/wp-content\/uploads\/2025\/07\/San-Juan-Atitan-Huehuetenango-Nallely-Ramirez-Princesa-Chbnajul-1024x641.png 1024w, https:\/\/soymigrante.com\/revista\/wp-content\/uploads\/2025\/07\/San-Juan-Atitan-Huehuetenango-Nallely-Ramirez-Princesa-Chbnajul-300x188.png 300w, https:\/\/soymigrante.com\/revista\/wp-content\/uploads\/2025\/07\/San-Juan-Atitan-Huehuetenango-Nallely-Ramirez-Princesa-Chbnajul-768x481.png 768w, https:\/\/soymigrante.com\/revista\/wp-content\/uploads\/2025\/07\/San-Juan-Atitan-Huehuetenango-Nallely-Ramirez-Princesa-Chbnajul-1536x961.png 1536w, https:\/\/soymigrante.com\/revista\/wp-content\/uploads\/2025\/07\/San-Juan-Atitan-Huehuetenango-Nallely-Ramirez-Princesa-Chbnajul-750x469.webp 750w, https:\/\/soymigrante.com\/revista\/wp-content\/uploads\/2025\/07\/San-Juan-Atitan-Huehuetenango-Nallely-Ramirez-Princesa-Chbnajul-1140x713.webp 1140w, https:\/\/soymigrante.com\/revista\/wp-content\/uploads\/2025\/07\/San-Juan-Atitan-Huehuetenango-Nallely-Ramirez-Princesa-Chbnajul.webp 1614w\" sizes=\"(max-width: 768px) 100vw, 768px\" title=\"Nallely Ram\u00edrez del municipio de San Juan Atit\u00e1n, Huehuetenango, presenta la estampa tradicional: La importancia de conservar la vestimenta ancestral. PARA VER EL VIDEO COMPLETO, DAR CLIC EN LA IMAGEN \u2013 SoyMigrante.com REVISTA\" \/>\t\t\t\t\t\t\t\t<\/a>\n\t\t\t\t\t\t\t\t\t\t\t<figcaption class=\"widget-image-caption wp-caption-text\">Mujeres ind\u00edgenas con trajes t\u00edpicos en reuni\u00f3n cultural de Guatemala, preservando tradiciones ancestrales.<\/figcaption>\n\t\t\t\t\t\t\t\t\t\t<\/figure>\n\t\t\t\t\t\t\t\t\t<\/div>\n\t\t\t\t\t<\/div>\n\t\t\t\t<\/div>\n\t\t<div data-particle_enable=\"false\" data-particle-mobile-disabled=\"false\" class=\"elementor-element elementor-element-57605d7 e-flex e-con-boxed e-con e-parent\" data-id=\"57605d7\" data-element_type=\"container\" data-e-type=\"container\">\n\t\t\t\t\t<div class=\"e-con-inner\">\n\t\t\t\t<div class=\"elementor-element elementor-element-f8d2a9b elementor-widget elementor-widget-heading\" data-id=\"f8d2a9b\" data-element_type=\"widget\" data-e-type=\"widget\" data-widget_type=\"heading.default\">\n\t\t\t\t\t<h3 class=\"elementor-heading-title elementor-size-default\">San Sebasti\u00e1n Coat\u00e1n<\/h3>\t\t\t\t<\/div>\n\t\t\t\t\t<\/div>\n\t\t\t\t<\/div>\n\t\t<div data-particle_enable=\"false\" data-particle-mobile-disabled=\"false\" class=\"elementor-element elementor-element-cfebe56 e-flex e-con-boxed e-con e-parent\" data-id=\"cfebe56\" data-element_type=\"container\" data-e-type=\"container\">\n\t\t\t\t\t<div class=\"e-con-inner\">\n\t\t\t\t<div class=\"elementor-element elementor-element-de881f5 elementor-widget elementor-widget-image\" data-id=\"de881f5\" data-element_type=\"widget\" data-e-type=\"widget\" data-widget_type=\"image.default\">\n\t\t\t\t\t\t\t\t\t\t\t\t<figure class=\"wp-caption\">\n\t\t\t\t\t\t\t\t\t\t\t<a href=\"https:\/\/www.facebook.com\/ComisionPrincesaChnabjul\/videos\/1234297647913727\">\n\t\t\t\t\t\t\t<img loading=\"lazy\" decoding=\"async\" width=\"768\" height=\"455\" src=\"https:\/\/soymigrante.com\/revista\/wp-content\/uploads\/2025\/07\/san-ssebastian-coatan-1024x607.png\" class=\"attachment-large size-large wp-image-38812\" alt=\"Producci\u00f3n de textiles tradicionales en M\u00e9xico conocida como telar artesanal por mujeres ind\u00edgenas.\" srcset=\"https:\/\/soymigrante.com\/revista\/wp-content\/uploads\/2025\/07\/san-ssebastian-coatan-1024x607.png 1024w, https:\/\/soymigrante.com\/revista\/wp-content\/uploads\/2025\/07\/san-ssebastian-coatan-300x178.png 300w, https:\/\/soymigrante.com\/revista\/wp-content\/uploads\/2025\/07\/san-ssebastian-coatan-768x455.png 768w, https:\/\/soymigrante.com\/revista\/wp-content\/uploads\/2025\/07\/san-ssebastian-coatan-1536x911.png 1536w, https:\/\/soymigrante.com\/revista\/wp-content\/uploads\/2025\/07\/san-ssebastian-coatan-750x445.webp 750w, https:\/\/soymigrante.com\/revista\/wp-content\/uploads\/2025\/07\/san-ssebastian-coatan-1140x676.webp 1140w, https:\/\/soymigrante.com\/revista\/wp-content\/uploads\/2025\/07\/san-ssebastian-coatan.webp 1646w\" sizes=\"(max-width: 768px) 100vw, 768px\" title=\"Isabel Ortega rdel municipio de San Sebasti\u00e1n Coat\u00e1n, Huehuetenango, presenta su estampa cultural Elaboraci\u00f3n del Capixhay. (PARA VER EL VIDEO, CLIC EN LA IMAGEN) \u2013 SoyMigrante.com REVISTA\" \/>\t\t\t\t\t\t\t\t<\/a>\n\t\t\t\t\t\t\t\t\t\t\t<figcaption class=\"widget-image-caption wp-caption-text\">Mujeres ind\u00edgenas tejiendo en un telar tradicional en un entorno rural, resaltando la cultura y el trabajo artesanal.<\/figcaption>\n\t\t\t\t\t\t\t\t\t\t<\/figure>\n\t\t\t\t\t\t\t\t\t<\/div>\n\t\t\t\t\t<\/div>\n\t\t\t\t<\/div>\n\t\t<div data-particle_enable=\"false\" data-particle-mobile-disabled=\"false\" class=\"elementor-element elementor-element-de2be44 e-flex e-con-boxed e-con e-parent\" data-id=\"de2be44\" data-element_type=\"container\" data-e-type=\"container\">\n\t\t\t\t\t<div class=\"e-con-inner\">\n\t\t\t\t<div class=\"elementor-element elementor-element-50763d2 elementor-widget elementor-widget-heading\" data-id=\"50763d2\" data-element_type=\"widget\" data-e-type=\"widget\" data-widget_type=\"heading.default\">\n\t\t\t\t\t<h3 class=\"elementor-heading-title elementor-size-default\">Aguacat\u00e1n<\/h3>\t\t\t\t<\/div>\n\t\t\t\t\t<\/div>\n\t\t\t\t<\/div>\n\t\t<div data-particle_enable=\"false\" data-particle-mobile-disabled=\"false\" class=\"elementor-element elementor-element-b426d51 e-flex e-con-boxed e-con e-parent\" data-id=\"b426d51\" data-element_type=\"container\" data-e-type=\"container\">\n\t\t\t\t\t<div class=\"e-con-inner\">\n\t\t\t\t<div class=\"elementor-element elementor-element-71d7347 elementor-widget elementor-widget-image\" data-id=\"71d7347\" data-element_type=\"widget\" data-e-type=\"widget\" data-widget_type=\"image.default\">\n\t\t\t\t\t\t\t\t\t\t\t\t<figure class=\"wp-caption\">\n\t\t\t\t\t\t\t\t\t\t\t<a href=\"https:\/\/www.facebook.com\/ComisionPrincesaChnabjul\/videos\/1381473659612921\">\n\t\t\t\t\t\t\t<img loading=\"lazy\" decoding=\"async\" width=\"768\" height=\"408\" src=\"https:\/\/soymigrante.com\/revista\/wp-content\/uploads\/2025\/07\/princesa-chbnajul-huehuetenango-silvia-mendoza-de-Aguacatan-Huehuetenango-1024x544.png\" class=\"attachment-large size-large wp-image-38813\" alt=\"Palos de madera tradicionales, cultura ind\u00edgena, artesan\u00eda mexicana, ceremonia ancestral, comunidad ind\u00edgena, interpretaci\u00f3n cultural, vestimenta t\u00edpica, mujer ind\u00edgena, tradiciones mexicanas, celebraci\u00f3n cultural, tradiciones mexicanas, cultura pueblo originario.\" srcset=\"https:\/\/soymigrante.com\/revista\/wp-content\/uploads\/2025\/07\/princesa-chbnajul-huehuetenango-silvia-mendoza-de-Aguacatan-Huehuetenango-1024x544.png 1024w, https:\/\/soymigrante.com\/revista\/wp-content\/uploads\/2025\/07\/princesa-chbnajul-huehuetenango-silvia-mendoza-de-Aguacatan-Huehuetenango-300x159.png 300w, https:\/\/soymigrante.com\/revista\/wp-content\/uploads\/2025\/07\/princesa-chbnajul-huehuetenango-silvia-mendoza-de-Aguacatan-Huehuetenango-768x408.png 768w, https:\/\/soymigrante.com\/revista\/wp-content\/uploads\/2025\/07\/princesa-chbnajul-huehuetenango-silvia-mendoza-de-Aguacatan-Huehuetenango-750x398.webp 750w, https:\/\/soymigrante.com\/revista\/wp-content\/uploads\/2025\/07\/princesa-chbnajul-huehuetenango-silvia-mendoza-de-Aguacatan-Huehuetenango-1140x605.webp 1140w, https:\/\/soymigrante.com\/revista\/wp-content\/uploads\/2025\/07\/princesa-chbnajul-huehuetenango-silvia-mendoza-de-Aguacatan-Huehuetenango.webp 1467w\" sizes=\"(max-width: 768px) 100vw, 768px\" title=\"Silvia Mendoza, de Aguacat\u00e1n, presenta en video su estampa tradiconal Elaboraci\u00f3n del tejido tradicional ancestral. PARA VER EL VIDEO DAR CLIC EN LA IMAGEN. \u2013 SoyMigrante.com REVISTA\" \/>\t\t\t\t\t\t\t\t<\/a>\n\t\t\t\t\t\t\t\t\t\t\t<figcaption class=\"widget-image-caption wp-caption-text\">Silvia Mendoza, de Aguacat\u00e1n, presenta en video su estampa tradiconal Elaboraci\u00f3n del tejido tradicional ancestral. PARA VER EL VIDEO DAR CLIC EN LA IMAGEN.<\/figcaption>\n\t\t\t\t\t\t\t\t\t\t<\/figure>\n\t\t\t\t\t\t\t\t\t<\/div>\n\t\t\t\t\t<\/div>\n\t\t\t\t<\/div>\n\t\t<div data-particle_enable=\"false\" data-particle-mobile-disabled=\"false\" class=\"elementor-element elementor-element-4983706 e-flex e-con-boxed e-con e-parent\" data-id=\"4983706\" data-element_type=\"container\" data-e-type=\"container\">\n\t\t\t\t\t<div class=\"e-con-inner\">\n\t\t\t\t<div class=\"elementor-element elementor-element-cf62269 elementor-widget elementor-widget-heading\" data-id=\"cf62269\" data-element_type=\"widget\" data-e-type=\"widget\" data-widget_type=\"heading.default\">\n\t\t\t\t\t<h3 class=\"elementor-heading-title elementor-size-default\">San Gaspar Ixhil<\/h3>\t\t\t\t<\/div>\n\t\t\t\t\t<\/div>\n\t\t\t\t<\/div>\n\t\t<div data-particle_enable=\"false\" data-particle-mobile-disabled=\"false\" class=\"elementor-element elementor-element-4f0a9a7 e-flex e-con-boxed e-con e-parent\" data-id=\"4f0a9a7\" data-element_type=\"container\" data-e-type=\"container\">\n\t\t\t\t\t<div class=\"e-con-inner\">\n\t\t\t\t<div class=\"elementor-element elementor-element-23a8a6d elementor-widget elementor-widget-image\" data-id=\"23a8a6d\" data-element_type=\"widget\" data-e-type=\"widget\" data-widget_type=\"image.default\">\n\t\t\t\t\t\t\t\t\t\t\t\t<figure class=\"wp-caption\">\n\t\t\t\t\t\t\t\t\t\t\t<a href=\"https:\/\/www.facebook.com\/share\/v\/1AwhzekM4E\/\">\n\t\t\t\t\t\t\t<img loading=\"lazy\" decoding=\"async\" width=\"768\" height=\"497\" src=\"https:\/\/soymigrante.com\/revista\/wp-content\/uploads\/2025\/07\/SAN-GASPAR-ixhil-Huehuetenango-princesa-chbnajul-heidy-garcia-1024x663.png\" class=\"attachment-large size-large wp-image-38816\" alt=\"J\u00f3venes ind\u00edgenas en un campo cultivando ma\u00edz, vestidos con ropa tradicional colorida, participando en actividades agr\u00edcolas en un entorno natural y rural, representando cultura y sostenibilidad ind\u00edgena.\" srcset=\"https:\/\/soymigrante.com\/revista\/wp-content\/uploads\/2025\/07\/SAN-GASPAR-ixhil-Huehuetenango-princesa-chbnajul-heidy-garcia-1024x663.png 1024w, https:\/\/soymigrante.com\/revista\/wp-content\/uploads\/2025\/07\/SAN-GASPAR-ixhil-Huehuetenango-princesa-chbnajul-heidy-garcia-300x194.png 300w, https:\/\/soymigrante.com\/revista\/wp-content\/uploads\/2025\/07\/SAN-GASPAR-ixhil-Huehuetenango-princesa-chbnajul-heidy-garcia-768x498.png 768w, https:\/\/soymigrante.com\/revista\/wp-content\/uploads\/2025\/07\/SAN-GASPAR-ixhil-Huehuetenango-princesa-chbnajul-heidy-garcia-750x486.webp 750w, https:\/\/soymigrante.com\/revista\/wp-content\/uploads\/2025\/07\/SAN-GASPAR-ixhil-Huehuetenango-princesa-chbnajul-heidy-garcia-1140x739.webp 1140w, https:\/\/soymigrante.com\/revista\/wp-content\/uploads\/2025\/07\/SAN-GASPAR-ixhil-Huehuetenango-princesa-chbnajul-heidy-garcia.webp 1494w\" sizes=\"(max-width: 768px) 100vw, 768px\" title=\"Heidy Garc\u00eda, del municipio de  San Gaspar Ixhil, Huehuetenango, presenta la estampa La limpieza de la milpa. PARA VER EL VIDEO COMPLEDO, DAR CLIC EN LA IMAGEN. \u2013 SoyMigrante.com REVISTA\" \/>\t\t\t\t\t\t\t\t<\/a>\n\t\t\t\t\t\t\t\t\t\t\t<figcaption class=\"widget-image-caption wp-caption-text\">Diversas mujeres ind\u00edgenas en un campo de ma\u00edz participando en actividades agr\u00edcolas tradicionales, vestidas con trajes folcl\u00f3ricos coloridos y adornos culturales, en un entorno rural con vegetaci\u00f3n abundante, destacando su cultura y ra\u00edces ancestrales.<\/figcaption>\n\t\t\t\t\t\t\t\t\t\t<\/figure>\n\t\t\t\t\t\t\t\t\t<\/div>\n\t\t\t\t\t<\/div>\n\t\t\t\t<\/div>\n\t\t<div data-particle_enable=\"false\" data-particle-mobile-disabled=\"false\" class=\"elementor-element elementor-element-e4e82ff e-flex e-con-boxed e-con e-parent\" data-id=\"e4e82ff\" data-element_type=\"container\" data-e-type=\"container\">\n\t\t\t\t\t<div class=\"e-con-inner\">\n\t\t\t\t<div class=\"elementor-element elementor-element-b674480 elementor-widget elementor-widget-heading\" data-id=\"b674480\" data-element_type=\"widget\" data-e-type=\"widget\" data-widget_type=\"heading.default\">\n\t\t\t\t\t<h3 class=\"elementor-heading-title elementor-size-default\">Santa Eulalia<\/h3>\t\t\t\t<\/div>\n\t\t\t\t\t<\/div>\n\t\t\t\t<\/div>\n\t\t<div data-particle_enable=\"false\" data-particle-mobile-disabled=\"false\" class=\"elementor-element elementor-element-2edb34a e-flex e-con-boxed e-con e-parent\" data-id=\"2edb34a\" data-element_type=\"container\" data-e-type=\"container\">\n\t\t\t\t\t<div class=\"e-con-inner\">\n\t\t\t\t<div class=\"elementor-element elementor-element-6b71bc6 elementor-widget elementor-widget-image\" data-id=\"6b71bc6\" data-element_type=\"widget\" data-e-type=\"widget\" data-widget_type=\"image.default\">\n\t\t\t\t\t\t\t\t\t\t\t\t<figure class=\"wp-caption\">\n\t\t\t\t\t\t\t\t\t\t\t<a href=\"https:\/\/www.facebook.com\/ComisionPrincesaChnabjul\/videos\/1436556074158962\">\n\t\t\t\t\t\t\t<img loading=\"lazy\" decoding=\"async\" width=\"768\" height=\"475\" src=\"https:\/\/soymigrante.com\/revista\/wp-content\/uploads\/2025\/07\/Santa-Eulalia-Huehuetenango-Rosalinda-Juan-Princesa-Chbnajul-1024x633.png\" class=\"attachment-large size-large wp-image-38819\" alt=\"Ni\u00f1a de la abuela en celebraci\u00f3n tradicional ind\u00edgena en campo abierto, vestidas con ornamentos culturales, participando en ceremonia ancestral, reflejando identidad y cultura originaria en M\u00e9xico.\" srcset=\"https:\/\/soymigrante.com\/revista\/wp-content\/uploads\/2025\/07\/Santa-Eulalia-Huehuetenango-Rosalinda-Juan-Princesa-Chbnajul-1024x633.png 1024w, https:\/\/soymigrante.com\/revista\/wp-content\/uploads\/2025\/07\/Santa-Eulalia-Huehuetenango-Rosalinda-Juan-Princesa-Chbnajul-300x185.png 300w, https:\/\/soymigrante.com\/revista\/wp-content\/uploads\/2025\/07\/Santa-Eulalia-Huehuetenango-Rosalinda-Juan-Princesa-Chbnajul-768x475.png 768w, https:\/\/soymigrante.com\/revista\/wp-content\/uploads\/2025\/07\/Santa-Eulalia-Huehuetenango-Rosalinda-Juan-Princesa-Chbnajul-1536x949.png 1536w, https:\/\/soymigrante.com\/revista\/wp-content\/uploads\/2025\/07\/Santa-Eulalia-Huehuetenango-Rosalinda-Juan-Princesa-Chbnajul-750x463.png 750w, https:\/\/soymigrante.com\/revista\/wp-content\/uploads\/2025\/07\/Santa-Eulalia-Huehuetenango-Rosalinda-Juan-Princesa-Chbnajul-1140x704.png 1140w, https:\/\/soymigrante.com\/revista\/wp-content\/uploads\/2025\/07\/Santa-Eulalia-Huehuetenango-Rosalinda-Juan-Princesa-Chbnajul.webp 1586w\" sizes=\"(max-width: 768px) 100vw, 768px\" title=\"Rosalinda Juan, del municipio de Santa Eulalia, Huehuetenango presenta la estampa An kolej K&#039;al no ropile (Indumentaria Q&#039;anjob&#039;al). PARA VER EL VIDEO, CLIC EN LA IMAGEN \u2013 SoyMigrante.com REVISTA\" \/>\t\t\t\t\t\t\t\t<\/a>\n\t\t\t\t\t\t\t\t\t\t\t<figcaption class=\"widget-image-caption wp-caption-text\">Rosalinda Juan, del municipio de Santa Eulalia, Huehuetenango presenta la estampa An kolej K'al no ropile (Indumentaria Q'anjob'al). PARA VER EL VIDEO, CLIC EN LA IMAGEN<\/figcaption>\n\t\t\t\t\t\t\t\t\t\t<\/figure>\n\t\t\t\t\t\t\t\t\t<\/div>\n\t\t\t\t\t<\/div>\n\t\t\t\t<\/div>\n\t\t<div data-particle_enable=\"false\" data-particle-mobile-disabled=\"false\" class=\"elementor-element elementor-element-f3d5b3c e-flex e-con-boxed e-con e-parent\" data-id=\"f3d5b3c\" data-element_type=\"container\" data-e-type=\"container\">\n\t\t\t\t\t<div class=\"e-con-inner\">\n\t\t\t\t<div class=\"elementor-element elementor-element-d19b52d elementor-widget elementor-widget-heading\" data-id=\"d19b52d\" data-element_type=\"widget\" data-e-type=\"widget\" data-widget_type=\"heading.default\">\n\t\t\t\t\t<h3 class=\"elementor-heading-title elementor-size-default\">San Miguel Acat\u00e1n<\/h3>\t\t\t\t<\/div>\n\t\t\t\t\t<\/div>\n\t\t\t\t<\/div>\n\t\t<div data-particle_enable=\"false\" data-particle-mobile-disabled=\"false\" class=\"elementor-element elementor-element-c793ed5 e-flex e-con-boxed e-con e-parent\" data-id=\"c793ed5\" data-element_type=\"container\" data-e-type=\"container\">\n\t\t\t\t\t<div class=\"e-con-inner\">\n\t\t\t\t<div class=\"elementor-element elementor-element-2959f3a elementor-widget elementor-widget-image\" data-id=\"2959f3a\" data-element_type=\"widget\" data-e-type=\"widget\" data-widget_type=\"image.default\">\n\t\t\t\t\t\t\t\t\t\t\t\t<figure class=\"wp-caption\">\n\t\t\t\t\t\t\t\t\t\t\t<a href=\"https:\/\/www.facebook.com\/ComisionPrincesaChnabjul\/videos\/1128218665797753\">\n\t\t\t\t\t\t\t<img loading=\"lazy\" decoding=\"async\" width=\"768\" height=\"462\" src=\"https:\/\/soymigrante.com\/revista\/wp-content\/uploads\/2025\/07\/San-Miguel-Acatan-Huehuetenango-Wendy-Pascual-Princesa-Chbnajul-1024x616.png\" class=\"attachment-large size-large wp-image-38820\" alt=\"Agujas de coser tradicionales utilizadas por comunidades ind\u00edgenas en procesos culturales y sociales.\" srcset=\"https:\/\/soymigrante.com\/revista\/wp-content\/uploads\/2025\/07\/San-Miguel-Acatan-Huehuetenango-Wendy-Pascual-Princesa-Chbnajul-1024x616.png 1024w, https:\/\/soymigrante.com\/revista\/wp-content\/uploads\/2025\/07\/San-Miguel-Acatan-Huehuetenango-Wendy-Pascual-Princesa-Chbnajul-300x180.png 300w, https:\/\/soymigrante.com\/revista\/wp-content\/uploads\/2025\/07\/San-Miguel-Acatan-Huehuetenango-Wendy-Pascual-Princesa-Chbnajul-768x462.png 768w, https:\/\/soymigrante.com\/revista\/wp-content\/uploads\/2025\/07\/San-Miguel-Acatan-Huehuetenango-Wendy-Pascual-Princesa-Chbnajul-750x451.png 750w, https:\/\/soymigrante.com\/revista\/wp-content\/uploads\/2025\/07\/San-Miguel-Acatan-Huehuetenango-Wendy-Pascual-Princesa-Chbnajul-1140x686.png 1140w, https:\/\/soymigrante.com\/revista\/wp-content\/uploads\/2025\/07\/San-Miguel-Acatan-Huehuetenango-Wendy-Pascual-Princesa-Chbnajul.webp 1491w\" sizes=\"(max-width: 768px) 100vw, 768px\" title=\"Wendy Pascual del municipio de San Miguel Acat\u00e1n presenta La verdadera elaboraci\u00f3n de la indumentaria miguele\u00f1a. PARA VER EL VIDEO DAR CLIC EN LA IMAGEN. \u2013 SoyMigrante.com REVISTA\" \/>\t\t\t\t\t\t\t\t<\/a>\n\t\t\t\t\t\t\t\t\t\t\t<figcaption class=\"widget-image-caption wp-caption-text\">Retrato de dos mujeres ind\u00edgenas en di\u00e1logo, vestidas con ropa colorida y accesorios tradicionales, en un entorno rural con paredes de barro.<\/figcaption>\n\t\t\t\t\t\t\t\t\t\t<\/figure>\n\t\t\t\t\t\t\t\t\t<\/div>\n\t\t\t\t\t<\/div>\n\t\t\t\t<\/div>\n\t\t<div data-particle_enable=\"false\" data-particle-mobile-disabled=\"false\" class=\"elementor-element elementor-element-64eb748 e-flex e-con-boxed e-con e-parent\" data-id=\"64eb748\" data-element_type=\"container\" data-e-type=\"container\">\n\t\t\t\t\t<div class=\"e-con-inner\">\n\t\t\t\t<div class=\"elementor-element elementor-element-4e68093 elementor-widget elementor-widget-heading\" data-id=\"4e68093\" data-element_type=\"widget\" data-e-type=\"widget\" data-widget_type=\"heading.default\">\n\t\t\t\t\t<h3 class=\"elementor-heading-title elementor-size-default\">Colotenango<\/h3>\t\t\t\t<\/div>\n\t\t\t\t\t<\/div>\n\t\t\t\t<\/div>\n\t\t<div data-particle_enable=\"false\" data-particle-mobile-disabled=\"false\" class=\"elementor-element elementor-element-a5a651d e-flex e-con-boxed e-con e-parent\" data-id=\"a5a651d\" data-element_type=\"container\" data-e-type=\"container\">\n\t\t\t\t\t<div class=\"e-con-inner\">\n\t\t\t\t<div class=\"elementor-element elementor-element-b309ca5 elementor-widget elementor-widget-image\" data-id=\"b309ca5\" data-element_type=\"widget\" data-e-type=\"widget\" data-widget_type=\"image.default\">\n\t\t\t\t\t\t\t\t\t\t\t\t<figure class=\"wp-caption\">\n\t\t\t\t\t\t\t\t\t\t\t<a href=\"https:\/\/www.facebook.com\/ComisionPrincesaChnabjul\/videos\/614108081718361\">\n\t\t\t\t\t\t\t<img loading=\"lazy\" decoding=\"async\" width=\"768\" height=\"488\" src=\"https:\/\/soymigrante.com\/revista\/wp-content\/uploads\/2025\/07\/Colotenango-Huehuetenango-Beberly-Gomez-princesa-Chbnajul-1024x650.png\" class=\"attachment-large size-large wp-image-38821\" alt=\"Beberly G\u00f3mez del municipio de Colotenango, Huehuetenango, presenta el proceso de hilado, te\u00f1ido y tejido del traje tradicional. (PARA VER EL VIDEO COMPLETO DAR CLIC EN LA IMAGEN)\" srcset=\"https:\/\/soymigrante.com\/revista\/wp-content\/uploads\/2025\/07\/Colotenango-Huehuetenango-Beberly-Gomez-princesa-Chbnajul-1024x650.png 1024w, https:\/\/soymigrante.com\/revista\/wp-content\/uploads\/2025\/07\/Colotenango-Huehuetenango-Beberly-Gomez-princesa-Chbnajul-300x190.png 300w, https:\/\/soymigrante.com\/revista\/wp-content\/uploads\/2025\/07\/Colotenango-Huehuetenango-Beberly-Gomez-princesa-Chbnajul-768x487.png 768w, https:\/\/soymigrante.com\/revista\/wp-content\/uploads\/2025\/07\/Colotenango-Huehuetenango-Beberly-Gomez-princesa-Chbnajul-750x476.png 750w, https:\/\/soymigrante.com\/revista\/wp-content\/uploads\/2025\/07\/Colotenango-Huehuetenango-Beberly-Gomez-princesa-Chbnajul-1140x723.png 1140w, https:\/\/soymigrante.com\/revista\/wp-content\/uploads\/2025\/07\/Colotenango-Huehuetenango-Beberly-Gomez-princesa-Chbnajul.webp 1513w\" sizes=\"(max-width: 768px) 100vw, 768px\" title=\"Beberly G\u00f3mez del municipio de Colotenango, Huehuetenango, presenta el proceso de hilado, te\u00f1ido y tejido del  traje tradicional. (PARA VER EL VIDEO COMPLETO DAR CLIC EN LA IMAGEN) \u2013 SoyMigrante.com REVISTA\" \/>\t\t\t\t\t\t\t\t<\/a>\n\t\t\t\t\t\t\t\t\t\t\t<figcaption class=\"widget-image-caption wp-caption-text\">Beberly G\u00f3mez del municipio de Colotenango, Huehuetenango, presenta el proceso de hilado, te\u00f1ido y tejido del  traje tradicional. (PARA VER EL VIDEO COMPLETO DAR CLIC EN LA IMAGEN)<\/figcaption>\n\t\t\t\t\t\t\t\t\t\t<\/figure>\n\t\t\t\t\t\t\t\t\t<\/div>\n\t\t\t\t\t<\/div>\n\t\t\t\t<\/div>\n\t\t<div data-particle_enable=\"false\" data-particle-mobile-disabled=\"false\" class=\"elementor-element elementor-element-465bf94 e-flex e-con-boxed e-con e-parent\" data-id=\"465bf94\" data-element_type=\"container\" data-e-type=\"container\">\n\t\t\t\t\t<div class=\"e-con-inner\">\n\t\t\t\t<div class=\"elementor-element elementor-element-44f1514 elementor-widget elementor-widget-heading\" data-id=\"44f1514\" data-element_type=\"widget\" data-e-type=\"widget\" data-widget_type=\"heading.default\">\n\t\t\t\t\t<h3 class=\"elementor-heading-title elementor-size-default\">Concepci\u00f3n Huista<\/h3>\t\t\t\t<\/div>\n\t\t\t\t\t<\/div>\n\t\t\t\t<\/div>\n\t\t<div data-particle_enable=\"false\" data-particle-mobile-disabled=\"false\" class=\"elementor-element elementor-element-ba3dddc e-flex e-con-boxed e-con e-parent\" data-id=\"ba3dddc\" data-element_type=\"container\" data-e-type=\"container\">\n\t\t\t\t\t<div class=\"e-con-inner\">\n\t\t\t\t<div class=\"elementor-element elementor-element-4b7fc46 elementor-widget elementor-widget-image\" data-id=\"4b7fc46\" data-element_type=\"widget\" data-e-type=\"widget\" data-widget_type=\"image.default\">\n\t\t\t\t\t\t\t\t\t\t\t\t<figure class=\"wp-caption\">\n\t\t\t\t\t\t\t\t\t\t\t<a href=\"https:\/\/www.facebook.com\/ComisionPrincesaChnabjul\/videos\/1279499690560640\">\n\t\t\t\t\t\t\t<img loading=\"lazy\" decoding=\"async\" width=\"768\" height=\"434\" src=\"https:\/\/soymigrante.com\/revista\/wp-content\/uploads\/2025\/07\/MANUELA-LOPEZ-concepcion-huista-princesa-chbnajul-huehuetenango-1024x579.png\" class=\"attachment-large size-large wp-image-38822\" alt=\"Ni\u00f1as y mujer ind\u00edgena en un entorno natural, s\u00edmbolo de cultura, tradiciones y resistencia en comunidades rurales | Revive las historias y derechos de los migrantes en SoyMigrante.com REVISTA.\" srcset=\"https:\/\/soymigrante.com\/revista\/wp-content\/uploads\/2025\/07\/MANUELA-LOPEZ-concepcion-huista-princesa-chbnajul-huehuetenango-1024x579.png 1024w, https:\/\/soymigrante.com\/revista\/wp-content\/uploads\/2025\/07\/MANUELA-LOPEZ-concepcion-huista-princesa-chbnajul-huehuetenango-300x170.png 300w, https:\/\/soymigrante.com\/revista\/wp-content\/uploads\/2025\/07\/MANUELA-LOPEZ-concepcion-huista-princesa-chbnajul-huehuetenango-768x434.png 768w, https:\/\/soymigrante.com\/revista\/wp-content\/uploads\/2025\/07\/MANUELA-LOPEZ-concepcion-huista-princesa-chbnajul-huehuetenango-1536x868.png 1536w, https:\/\/soymigrante.com\/revista\/wp-content\/uploads\/2025\/07\/MANUELA-LOPEZ-concepcion-huista-princesa-chbnajul-huehuetenango-750x424.webp 750w, https:\/\/soymigrante.com\/revista\/wp-content\/uploads\/2025\/07\/MANUELA-LOPEZ-concepcion-huista-princesa-chbnajul-huehuetenango-1140x645.webp 1140w, https:\/\/soymigrante.com\/revista\/wp-content\/uploads\/2025\/07\/MANUELA-LOPEZ-concepcion-huista-princesa-chbnajul-huehuetenango.webp 1705w\" sizes=\"(max-width: 768px) 100vw, 768px\" title=\"Manuela L\u00f3pez, representativa del municipio de Concepci\u00f3n Huista, Huehuetenango, presenta una valoraci\u00f3n del traje tradicional, su simbolismo y la hermandad de todos en el pueblo. PARA VER EL VIDEO COMPLETO CLIC EN LA IMAGEN. \u2013 SoyMigrante.com REVISTA\" \/>\t\t\t\t\t\t\t\t<\/a>\n\t\t\t\t\t\t\t\t\t\t\t<figcaption class=\"widget-image-caption wp-caption-text\">Descripci\u00f3n de la imagen: Mujeres y ni\u00f1as ind\u00edgenas en un paisaje natural junto a un r\u00edo, vestidas con ropa tradicional y colores vivos, representando la diversidad cultural y la importancia de la identidad en comunidades rurales en M\u00e9xico y Am\u00e9rica Latina.<\/figcaption>\n\t\t\t\t\t\t\t\t\t\t<\/figure>\n\t\t\t\t\t\t\t\t\t<\/div>\n\t\t\t\t\t<\/div>\n\t\t\t\t<\/div>\n\t\t<div data-particle_enable=\"false\" data-particle-mobile-disabled=\"false\" class=\"elementor-element elementor-element-376be66 e-flex e-con-boxed e-con e-parent\" data-id=\"376be66\" data-element_type=\"container\" data-e-type=\"container\">\n\t\t\t\t\t<div class=\"e-con-inner\">\n\t\t\t\t<div class=\"elementor-element elementor-element-2430a19 elementor-widget elementor-widget-heading\" data-id=\"2430a19\" data-element_type=\"widget\" data-e-type=\"widget\" data-widget_type=\"heading.default\">\n\t\t\t\t\t<h3 class=\"elementor-heading-title elementor-size-default\">San Ildefonso Ixtahuac\u00e1n<\/h3>\t\t\t\t<\/div>\n\t\t\t\t\t<\/div>\n\t\t\t\t<\/div>\n\t\t<div data-particle_enable=\"false\" data-particle-mobile-disabled=\"false\" class=\"elementor-element elementor-element-7672721 e-flex e-con-boxed e-con e-parent\" data-id=\"7672721\" data-element_type=\"container\" data-e-type=\"container\">\n\t\t\t\t\t<div class=\"e-con-inner\">\n\t\t\t\t<div class=\"elementor-element elementor-element-0a35df5 elementor-widget elementor-widget-image\" data-id=\"0a35df5\" data-element_type=\"widget\" data-e-type=\"widget\" data-widget_type=\"image.default\">\n\t\t\t\t\t\t\t\t\t\t\t\t<figure class=\"wp-caption\">\n\t\t\t\t\t\t\t\t\t\t\t<a href=\"https:\/\/www.facebook.com\/ComisionPrincesaChnabjul\/videos\/634976989708779\">\n\t\t\t\t\t\t\t<img loading=\"lazy\" decoding=\"async\" width=\"768\" height=\"464\" src=\"https:\/\/soymigrante.com\/revista\/wp-content\/uploads\/2025\/07\/melissa-sales-san-ildefonso-ixtahuacan-princesa-chbnajul-huehuetenango-1024x618.png\" class=\"attachment-large size-large wp-image-38825\" alt=\"Tradici\u00f3n ind\u00edgena y costura en comunidad originaria en M\u00e9xico, mujeres artesanas con trajes tradicionales y bordados coloridos.\" srcset=\"https:\/\/soymigrante.com\/revista\/wp-content\/uploads\/2025\/07\/melissa-sales-san-ildefonso-ixtahuacan-princesa-chbnajul-huehuetenango-1024x618.png 1024w, https:\/\/soymigrante.com\/revista\/wp-content\/uploads\/2025\/07\/melissa-sales-san-ildefonso-ixtahuacan-princesa-chbnajul-huehuetenango-300x181.png 300w, https:\/\/soymigrante.com\/revista\/wp-content\/uploads\/2025\/07\/melissa-sales-san-ildefonso-ixtahuacan-princesa-chbnajul-huehuetenango-768x464.png 768w, https:\/\/soymigrante.com\/revista\/wp-content\/uploads\/2025\/07\/melissa-sales-san-ildefonso-ixtahuacan-princesa-chbnajul-huehuetenango-1536x927.png 1536w, https:\/\/soymigrante.com\/revista\/wp-content\/uploads\/2025\/07\/melissa-sales-san-ildefonso-ixtahuacan-princesa-chbnajul-huehuetenango-750x453.webp 750w, https:\/\/soymigrante.com\/revista\/wp-content\/uploads\/2025\/07\/melissa-sales-san-ildefonso-ixtahuacan-princesa-chbnajul-huehuetenango-1140x688.webp 1140w, https:\/\/soymigrante.com\/revista\/wp-content\/uploads\/2025\/07\/melissa-sales-san-ildefonso-ixtahuacan-princesa-chbnajul-huehuetenango.webp 1580w\" sizes=\"(max-width: 768px) 100vw, 768px\" title=\"Melissa Sales, representativa de San Ildefonso Ixtahuac\u00e1n, muestra como se aprende a confeccionar el huipil tradicional de su pueblo. PARA VER EL VIDEO DAR CLIC EN LA IMAGEN. \u2013 SoyMigrante.com REVISTA\" \/>\t\t\t\t\t\t\t\t<\/a>\n\t\t\t\t\t\t\t\t\t\t\t<figcaption class=\"widget-image-caption wp-caption-text\">Mujeres ind\u00edgenas trabajando en costura tradicional, vestuario t\u00edpico y comunidad en M\u00e9xico, ejemplo de cultura y tradici\u00f3n en la elaboraci\u00f3n de bordados y prendas aut\u00f3ctonas.<\/figcaption>\n\t\t\t\t\t\t\t\t\t\t<\/figure>\n\t\t\t\t\t\t\t\t\t<\/div>\n\t\t\t\t\t<\/div>\n\t\t\t\t<\/div>\n\t\t<div data-particle_enable=\"false\" data-particle-mobile-disabled=\"false\" class=\"elementor-element elementor-element-ef30483 e-flex e-con-boxed e-con e-parent\" data-id=\"ef30483\" data-element_type=\"container\" data-e-type=\"container\">\n\t\t\t\t\t<div class=\"e-con-inner\">\n\t\t\t\t<div class=\"elementor-element elementor-element-bf4224f elementor-widget elementor-widget-heading\" data-id=\"bf4224f\" data-element_type=\"widget\" data-e-type=\"widget\" data-widget_type=\"heading.default\">\n\t\t\t\t\t<h3 class=\"elementor-heading-title elementor-size-default\">Barillas<\/h3>\t\t\t\t<\/div>\n\t\t\t\t\t<\/div>\n\t\t\t\t<\/div>\n\t\t<div data-particle_enable=\"false\" data-particle-mobile-disabled=\"false\" class=\"elementor-element elementor-element-e1b3a8f e-flex e-con-boxed e-con e-parent\" data-id=\"e1b3a8f\" data-element_type=\"container\" data-e-type=\"container\">\n\t\t\t\t\t<div class=\"e-con-inner\">\n\t\t\t\t<div class=\"elementor-element elementor-element-8f8b947 elementor-widget elementor-widget-image\" data-id=\"8f8b947\" data-element_type=\"widget\" data-e-type=\"widget\" data-widget_type=\"image.default\">\n\t\t\t\t\t\t\t\t\t\t\t\t<figure class=\"wp-caption\">\n\t\t\t\t\t\t\t\t\t\t\t<a href=\"https:\/\/www.facebook.com\/ComisionPrincesaChnabjul\/videos\/4023759111275730\">\n\t\t\t\t\t\t\t<img loading=\"lazy\" decoding=\"async\" width=\"768\" height=\"473\" src=\"https:\/\/soymigrante.com\/revista\/wp-content\/uploads\/2025\/07\/Josefa-Mateo-municipio-Barillas-Huehuetenango-princesa-chbnajul-Huehuetenango-1024x630.png\" class=\"attachment-large size-large wp-image-38827\" alt=\"Nativos ind\u00edgenas en vestimenta tradicional representando la cultura y la vegetaci\u00f3n de los Cerros en una comunidad rural mexicana.\" srcset=\"https:\/\/soymigrante.com\/revista\/wp-content\/uploads\/2025\/07\/Josefa-Mateo-municipio-Barillas-Huehuetenango-princesa-chbnajul-Huehuetenango-1024x630.png 1024w, https:\/\/soymigrante.com\/revista\/wp-content\/uploads\/2025\/07\/Josefa-Mateo-municipio-Barillas-Huehuetenango-princesa-chbnajul-Huehuetenango-300x185.png 300w, https:\/\/soymigrante.com\/revista\/wp-content\/uploads\/2025\/07\/Josefa-Mateo-municipio-Barillas-Huehuetenango-princesa-chbnajul-Huehuetenango-768x473.png 768w, https:\/\/soymigrante.com\/revista\/wp-content\/uploads\/2025\/07\/Josefa-Mateo-municipio-Barillas-Huehuetenango-princesa-chbnajul-Huehuetenango-1536x946.png 1536w, https:\/\/soymigrante.com\/revista\/wp-content\/uploads\/2025\/07\/Josefa-Mateo-municipio-Barillas-Huehuetenango-princesa-chbnajul-Huehuetenango-750x462.webp 750w, https:\/\/soymigrante.com\/revista\/wp-content\/uploads\/2025\/07\/Josefa-Mateo-municipio-Barillas-Huehuetenango-princesa-chbnajul-Huehuetenango-1140x702.webp 1140w, https:\/\/soymigrante.com\/revista\/wp-content\/uploads\/2025\/07\/Josefa-Mateo-municipio-Barillas-Huehuetenango-princesa-chbnajul-Huehuetenango.webp 1543w\" sizes=\"(max-width: 768px) 100vw, 768px\" title=\"Josefa Mateo, representativa del municipio de Barillas, Huehuetenango, presenta el valor simb\u00f3lico y tradicional de la indumentaria masculina y femenina de su pueblo. PARA VER EL VIDEO DAR CLIC EN LA IMAGEN \u2013 SoyMigrante.com REVISTA\" \/>\t\t\t\t\t\t\t\t<\/a>\n\t\t\t\t\t\t\t\t\t\t\t<figcaption class=\"widget-image-caption wp-caption-text\">Las personas en la imagen llevan prendas tradicionales y disfrutan de un momento cultural, reflejando la identidad y costumbres de los pueblos originarios de los Cerros en M\u00e9xico.<\/figcaption>\n\t\t\t\t\t\t\t\t\t\t<\/figure>\n\t\t\t\t\t\t\t\t\t<\/div>\n\t\t\t\t\t<\/div>\n\t\t\t\t<\/div>\n\t\t<div data-particle_enable=\"false\" data-particle-mobile-disabled=\"false\" class=\"elementor-element elementor-element-936e3ac e-flex e-con-boxed e-con e-parent\" data-id=\"936e3ac\" data-element_type=\"container\" data-e-type=\"container\">\n\t\t\t\t\t<div class=\"e-con-inner\">\n\t\t\t\t<div class=\"elementor-element elementor-element-ac610b7 elementor-widget elementor-widget-heading\" data-id=\"ac610b7\" data-element_type=\"widget\" data-e-type=\"widget\" data-widget_type=\"heading.default\">\n\t\t\t\t\t<h3 class=\"elementor-heading-title elementor-size-default\">Tectit\u00e1n<\/h3>\t\t\t\t<\/div>\n\t\t\t\t\t<\/div>\n\t\t\t\t<\/div>\n\t\t<div data-particle_enable=\"false\" data-particle-mobile-disabled=\"false\" class=\"elementor-element elementor-element-7a7bf1c e-flex e-con-boxed e-con e-parent\" data-id=\"7a7bf1c\" data-element_type=\"container\" data-e-type=\"container\">\n\t\t\t\t\t<div class=\"e-con-inner\">\n\t\t\t\t<div class=\"elementor-element elementor-element-65110ea elementor-invisible elementor-widget elementor-widget-facebook-embed\" data-id=\"65110ea\" data-element_type=\"widget\" data-e-type=\"widget\" data-settings=\"{&quot;_animation&quot;:&quot;zoomInDown&quot;}\" data-widget_type=\"facebook-embed.default\">\n\t\t\t\t\t<div style=\"min-height: 1px\" class=\"elementor-facebook-widget fb-video\" data-href=\"https:\/\/www.facebook.com\/ComisionPrincesaChnabjul\/videos\/1276861367561970\" data-show-text=\"true\" data-allowfullscreen=\"false\" data-autoplay=\"false\" data-show-captions=\"false\"><\/div>\t\t\t\t<\/div>\n\t\t\t\t\t<\/div>\n\t\t\t\t<\/div>\n\t\t<div data-particle_enable=\"false\" data-particle-mobile-disabled=\"false\" class=\"elementor-element elementor-element-2b755a8 e-flex e-con-boxed e-con e-parent\" data-id=\"2b755a8\" data-element_type=\"container\" data-e-type=\"container\">\n\t\t\t\t\t<div class=\"e-con-inner\">\n\t\t\t\t<div class=\"elementor-element elementor-element-3d4be3d elementor-widget elementor-widget-heading\" data-id=\"3d4be3d\" data-element_type=\"widget\" data-e-type=\"widget\" data-widget_type=\"heading.default\">\n\t\t\t\t\t<h3 class=\"elementor-heading-title elementor-size-default\">San Juan Ixcoy<\/h3>\t\t\t\t<\/div>\n\t\t\t\t\t<\/div>\n\t\t\t\t<\/div>\n\t\t<div data-particle_enable=\"false\" data-particle-mobile-disabled=\"false\" class=\"elementor-element elementor-element-fe52d0d e-flex e-con-boxed e-con e-parent\" data-id=\"fe52d0d\" data-element_type=\"container\" data-e-type=\"container\">\n\t\t\t\t\t<div class=\"e-con-inner\">\n\t\t\t\t<div class=\"elementor-element elementor-element-6dde5c9 elementor-invisible elementor-widget elementor-widget-facebook-embed\" data-id=\"6dde5c9\" data-element_type=\"widget\" data-e-type=\"widget\" data-settings=\"{&quot;_animation&quot;:&quot;zoomInDown&quot;}\" data-widget_type=\"facebook-embed.default\">\n\t\t\t\t\t<div style=\"min-height: 1px\" class=\"elementor-facebook-widget fb-video\" data-href=\"https:\/\/www.facebook.com\/ComisionPrincesaChnabjul\/videos\/1126016186013347\" data-show-text=\"true\" data-allowfullscreen=\"false\" data-autoplay=\"false\" data-show-captions=\"false\"><\/div>\t\t\t\t<\/div>\n\t\t\t\t\t<\/div>\n\t\t\t\t<\/div>\n\t\t<div data-particle_enable=\"false\" data-particle-mobile-disabled=\"false\" class=\"elementor-element elementor-element-f8908c5 e-flex e-con-boxed e-con e-parent\" data-id=\"f8908c5\" data-element_type=\"container\" data-e-type=\"container\">\n\t\t\t\t\t<div class=\"e-con-inner\">\n\t\t\t\t<div class=\"elementor-element elementor-element-cfa662d elementor-widget elementor-widget-heading\" data-id=\"cfa662d\" data-element_type=\"widget\" data-e-type=\"widget\" data-widget_type=\"heading.default\">\n\t\t\t\t\t<h3 class=\"elementor-heading-title elementor-size-default\">Todos Santos Cuchumat\u00e1n<\/h3>\t\t\t\t<\/div>\n\t\t\t\t\t<\/div>\n\t\t\t\t<\/div>\n\t\t<div data-particle_enable=\"false\" data-particle-mobile-disabled=\"false\" class=\"elementor-element elementor-element-248cb1e e-flex e-con-boxed e-con e-parent\" data-id=\"248cb1e\" data-element_type=\"container\" data-e-type=\"container\">\n\t\t\t\t\t<div class=\"e-con-inner\">\n\t\t\t\t<div class=\"elementor-element elementor-element-b61c40e elementor-invisible elementor-widget elementor-widget-facebook-embed\" data-id=\"b61c40e\" data-element_type=\"widget\" data-e-type=\"widget\" data-settings=\"{&quot;_animation&quot;:&quot;zoomInDown&quot;}\" data-widget_type=\"facebook-embed.default\">\n\t\t\t\t\t<div style=\"min-height: 1px\" class=\"elementor-facebook-widget fb-video\" data-href=\"https:\/\/www.facebook.com\/ComisionPrincesaChnabjul\/videos\/1425565225253068\" data-show-text=\"true\" data-allowfullscreen=\"false\" data-autoplay=\"false\" data-show-captions=\"false\"><\/div>\t\t\t\t<\/div>\n\t\t\t\t\t<\/div>\n\t\t\t\t<\/div>\n\t\t<div data-particle_enable=\"false\" data-particle-mobile-disabled=\"false\" class=\"elementor-element elementor-element-9f03bc4 e-flex e-con-boxed e-con e-parent\" data-id=\"9f03bc4\" data-element_type=\"container\" data-e-type=\"container\">\n\t\t\t\t\t<div class=\"e-con-inner\">\n\t\t\t\t<div class=\"elementor-element elementor-element-75e47bf elementor-widget elementor-widget-heading\" data-id=\"75e47bf\" data-element_type=\"widget\" data-e-type=\"widget\" data-widget_type=\"heading.default\">\n\t\t\t\t\t<h3 class=\"elementor-heading-title elementor-size-default\">Santa B\u00e1rbara<\/h3>\t\t\t\t<\/div>\n\t\t\t\t\t<\/div>\n\t\t\t\t<\/div>\n\t\t<div data-particle_enable=\"false\" data-particle-mobile-disabled=\"false\" class=\"elementor-element elementor-element-c99053e e-flex e-con-boxed e-con e-parent\" data-id=\"c99053e\" data-element_type=\"container\" data-e-type=\"container\">\n\t\t\t\t\t<div class=\"e-con-inner\">\n\t\t\t\t<div class=\"elementor-element elementor-element-006a3aa elementor-invisible elementor-widget elementor-widget-facebook-embed\" data-id=\"006a3aa\" data-element_type=\"widget\" data-e-type=\"widget\" data-settings=\"{&quot;_animation&quot;:&quot;zoomInDown&quot;}\" data-widget_type=\"facebook-embed.default\">\n\t\t\t\t\t<div style=\"min-height: 1px\" class=\"elementor-facebook-widget fb-video\" data-href=\"https:\/\/www.facebook.com\/ComisionPrincesaChnabjul\/videos\/633884499760129\" data-show-text=\"true\" data-allowfullscreen=\"false\" data-autoplay=\"false\" data-show-captions=\"false\"><\/div>\t\t\t\t<\/div>\n\t\t\t\t\t<\/div>\n\t\t\t\t<\/div>\n\t\t<div data-particle_enable=\"false\" data-particle-mobile-disabled=\"false\" class=\"elementor-element elementor-element-3945c4b e-flex e-con-boxed e-con e-parent\" data-id=\"3945c4b\" data-element_type=\"container\" data-e-type=\"container\">\n\t\t\t\t\t<div class=\"e-con-inner\">\n\t\t\t\t<div class=\"elementor-element elementor-element-0562367 elementor-widget elementor-widget-heading\" data-id=\"0562367\" data-element_type=\"widget\" data-e-type=\"widget\" data-widget_type=\"heading.default\">\n\t\t\t\t\t<h3 class=\"elementor-heading-title elementor-size-default\">San Sebasti\u00e1n<\/h3>\t\t\t\t<\/div>\n\t\t\t\t\t<\/div>\n\t\t\t\t<\/div>\n\t\t<div data-particle_enable=\"false\" data-particle-mobile-disabled=\"false\" class=\"elementor-element elementor-element-6d0ce25 e-flex e-con-boxed e-con e-parent\" data-id=\"6d0ce25\" data-element_type=\"container\" data-e-type=\"container\">\n\t\t\t\t\t<div class=\"e-con-inner\">\n\t\t\t\t<div class=\"elementor-element elementor-element-487bf93 elementor-invisible elementor-widget elementor-widget-facebook-embed\" data-id=\"487bf93\" data-element_type=\"widget\" data-e-type=\"widget\" data-settings=\"{&quot;_animation&quot;:&quot;zoomInDown&quot;}\" data-widget_type=\"facebook-embed.default\">\n\t\t\t\t\t<div style=\"min-height: 1px\" class=\"elementor-facebook-widget fb-video\" data-href=\"https:\/\/www.facebook.com\/ComisionPrincesaChnabjul\/videos\/2178786892600517\" data-show-text=\"true\" data-allowfullscreen=\"false\" data-autoplay=\"false\" data-show-captions=\"false\"><\/div>\t\t\t\t<\/div>\n\t\t\t\t\t<\/div>\n\t\t\t\t<\/div>\n\t\t<div data-particle_enable=\"false\" data-particle-mobile-disabled=\"false\" class=\"elementor-element elementor-element-a675683 e-flex e-con-boxed e-con e-parent\" data-id=\"a675683\" data-element_type=\"container\" data-e-type=\"container\">\n\t\t\t\t\t<div class=\"e-con-inner\">\n\t\t\t\t<div class=\"elementor-element elementor-element-d3f3882 elementor-widget elementor-widget-heading\" data-id=\"d3f3882\" data-element_type=\"widget\" data-e-type=\"widget\" data-widget_type=\"heading.default\">\n\t\t\t\t\t<h3 class=\"elementor-heading-title elementor-size-default\">San Rafael La Independencia<\/h3>\t\t\t\t<\/div>\n\t\t\t\t\t<\/div>\n\t\t\t\t<\/div>\n\t\t<div data-particle_enable=\"false\" data-particle-mobile-disabled=\"false\" class=\"elementor-element elementor-element-e5dabe5 e-flex e-con-boxed e-con e-parent\" data-id=\"e5dabe5\" data-element_type=\"container\" data-e-type=\"container\">\n\t\t\t\t\t<div class=\"e-con-inner\">\n\t\t\t\t<div class=\"elementor-element elementor-element-6c3eadc elementor-invisible elementor-widget elementor-widget-facebook-embed\" data-id=\"6c3eadc\" data-element_type=\"widget\" data-e-type=\"widget\" data-settings=\"{&quot;_animation&quot;:&quot;zoomInDown&quot;}\" data-widget_type=\"facebook-embed.default\">\n\t\t\t\t\t<div style=\"min-height: 1px\" class=\"elementor-facebook-widget fb-video\" data-href=\"https:\/\/www.facebook.com\/ComisionPrincesaChnabjul\/videos\/755807943508942\" data-show-text=\"true\" data-allowfullscreen=\"false\" data-autoplay=\"false\" data-show-captions=\"false\"><\/div>\t\t\t\t<\/div>\n\t\t\t\t\t<\/div>\n\t\t\t\t<\/div>\n\t\t\t\t<\/div>\n\t\t","protected":false},"excerpt":{"rendered":"<p>A trav\u00e9s de ilustrativas y deslumbrantes estampas tradiconales sobre valores, tradiciones y costumbres de sus comunidades, las j\u00f3venes aspirantes exaltan la identidad multicultural de Huehuetenango. En este a\u00f1o 2025, la elecci\u00f3n de la Princesa Chbnaj&#8217;ul tiene un motivo muy especial: conmemorar los 500 a\u00f1os de la resistencia de la ciudad de Zaculeu, antigua capital del [&hellip;]<\/p>\n","protected":false},"author":1,"featured_media":38797,"comment_status":"open","ping_status":"open","sticky":false,"template":"","format":"standard","meta":{"_acf_changed":false,"_eb_attr":"","footnotes":""},"categories":[58],"tags":[],"class_list":["post-38795","post","type-post","status-publish","format-standard","has-post-thumbnail","hentry","category-guate-nuestra"],"acf":[],"aioseo_notices":[],"aioseo_head":"\n\t\t<!-- All in One SEO Pro 4.9.6.2 - aioseo.com -->\n\t<meta name=\"description\" content=\"J\u00f3venes mayas de todos los municipios de Huehuetenango aspiran al cetro Princesa Chnab&#039;jul presentan su riqueza cultural. Admira la galer\u00eda de videos.\" \/>\n\t<meta name=\"robots\" content=\"max-snippet:-1, max-image-preview:large, max-video-preview:-1\" \/>\n\t<meta name=\"author\" content=\"SoyMigrante.com REVISTA\"\/>\n\t<link rel=\"canonical\" href=\"https:\/\/soymigrante.com\/revista\/deslumbrantes-expresiones-de-aspirantes-a-princesa-chnabjul-en-huehuetenango\/\" \/>\n\t<meta name=\"generator\" content=\"All in One SEO Pro (AIOSEO) 4.9.6.2\" \/>\n\n\t\t<link rel=\"preconnect\" href=\"https:\/\/fonts.googleapis.com\" crossorigin>\n<link rel=\"preconnect\" href=\"https:\/\/fonts.gstatic.com\" crossorigin>\n\t\t<meta property=\"og:locale\" content=\"es_ES\" \/>\n\t\t<meta property=\"og:site_name\" content=\"SoyMigrante.com REVISTA \u2013 Nuestra misi\u00f3n es reconocer y dignificar al migrante.\" \/>\n\t\t<meta property=\"og:type\" content=\"article\" \/>\n\t\t<meta property=\"og:title\" content=\"Asi expresan su cultura las aspirantes a Princesa Chnab&#039;jul\" \/>\n\t\t<meta property=\"og:description\" content=\"J\u00f3venes mayas de todos los municipios de Huehuetenango aspiran al cetro Princesa Chnab&#039;jul presentan su riqueza cultural. Admira la galer\u00eda de videos.\" \/>\n\t\t<meta property=\"og:url\" content=\"https:\/\/soymigrante.com\/revista\/deslumbrantes-expresiones-de-aspirantes-a-princesa-chnabjul-en-huehuetenango\/\" \/>\n\t\t<meta property=\"og:image\" content=\"https:\/\/soymigrante.com\/revista\/wp-content\/uploads\/2025\/07\/princesa-xinabajul-chbnajul-huehuetenango.webp\" \/>\n\t\t<meta property=\"og:image:secure_url\" content=\"https:\/\/soymigrante.com\/revista\/wp-content\/uploads\/2025\/07\/princesa-xinabajul-chbnajul-huehuetenango.webp\" \/>\n\t\t<meta property=\"og:image:width\" content=\"921\" \/>\n\t\t<meta property=\"og:image:height\" content=\"921\" \/>\n\t\t<meta property=\"article:published_time\" content=\"2025-07-09T09:00:00+00:00\" \/>\n\t\t<meta property=\"article:modified_time\" content=\"2025-07-09T05:22:30+00:00\" \/>\n\t\t<meta property=\"article:publisher\" content=\"https:\/\/www.facebook.com\/soymigrantecom\" \/>\n\t\t<meta name=\"twitter:card\" content=\"summary_large_image\" \/>\n\t\t<meta name=\"twitter:site\" content=\"@SoyMigrante_com\" \/>\n\t\t<meta name=\"twitter:title\" content=\"Asi expresan su cultura las aspirantes a Princesa Chnab&#039;jul\" \/>\n\t\t<meta name=\"twitter:description\" content=\"J\u00f3venes mayas de todos los municipios de Huehuetenango aspiran al cetro Princesa Chnab&#039;jul presentan su riqueza cultural. Admira la galer\u00eda de videos.\" \/>\n\t\t<meta name=\"twitter:creator\" content=\"@SoyMigrante_com\" \/>\n\t\t<meta name=\"twitter:image\" content=\"https:\/\/soymigrante.com\/revista\/wp-content\/uploads\/2025\/07\/princesa-xinabajul-chbnajul-huehuetenango.webp\" \/>\n\t\t<!-- All in One SEO Pro -->\r\n\t\t<title>Asi expresan su cultura las aspirantes a Princesa Chnab'jul<\/title>\n\n","aioseo_head_json":{"title":"Asi expresan su cultura las aspirantes a Princesa Chnab'jul","description":"J\u00f3venes mayas de todos los municipios de Huehuetenango aspiran al cetro Princesa Chnab'jul presentan su riqueza cultural. Admira la galer\u00eda de videos.","canonical_url":"https:\/\/soymigrante.com\/revista\/deslumbrantes-expresiones-de-aspirantes-a-princesa-chnabjul-en-huehuetenango\/","robots":"max-snippet:-1, max-image-preview:large, max-video-preview:-1","keywords":"","webmasterTools":{"miscellaneous":"&lt;link rel=\"preconnect\" href=\"https:\/\/fonts.googleapis.com\" crossorigin&gt;\n&lt;link rel=\"preconnect\" href=\"https:\/\/fonts.gstatic.com\" crossorigin&gt;"},"schema":null,"og:locale":"es_ES","og:site_name":"SoyMigrante.com REVISTA \u2013 Nuestra misi\u00f3n es reconocer y dignificar al migrante.","og:type":"article","og:title":"Asi expresan su cultura las aspirantes a Princesa Chnab'jul","og:description":"J\u00f3venes mayas de todos los municipios de Huehuetenango aspiran al cetro Princesa Chnab'jul presentan su riqueza cultural. Admira la galer\u00eda de videos.","og:url":"https:\/\/soymigrante.com\/revista\/deslumbrantes-expresiones-de-aspirantes-a-princesa-chnabjul-en-huehuetenango\/","og:image":"https:\/\/soymigrante.com\/revista\/wp-content\/uploads\/2025\/07\/princesa-xinabajul-chbnajul-huehuetenango.webp","og:image:secure_url":"https:\/\/soymigrante.com\/revista\/wp-content\/uploads\/2025\/07\/princesa-xinabajul-chbnajul-huehuetenango.webp","og:image:width":921,"og:image:height":921,"article:published_time":"2025-07-09T09:00:00+00:00","article:modified_time":"2025-07-09T05:22:30+00:00","article:publisher":"https:\/\/www.facebook.com\/soymigrantecom","twitter:card":"summary_large_image","twitter:site":"@SoyMigrante_com","twitter:title":"Asi expresan su cultura las aspirantes a Princesa Chnab'jul","twitter:description":"J\u00f3venes mayas de todos los municipios de Huehuetenango aspiran al cetro Princesa Chnab'jul presentan su riqueza cultural. Admira la galer\u00eda de videos.","twitter:creator":"@SoyMigrante_com","twitter:image":"https:\/\/soymigrante.com\/revista\/wp-content\/uploads\/2025\/07\/princesa-xinabajul-chbnajul-huehuetenango.webp"},"aioseo_meta_data":{"post_id":"38795","title":"Asi expresan su cultura las aspirantes a Princesa Chnab'jul","description":"J\u00f3venes mayas de todos los municipios de Huehuetenango aspiran al cetro Princesa Chnab'jul presentan su riqueza cultural. Admira la galer\u00eda de videos.","keywords":null,"keyphrases":{"focus":{"keyphrase":"Princesa Chnab'jul","score":0,"analysis":[]}},"primary_term":null,"canonical_url":null,"og_title":null,"og_description":null,"og_object_type":"default","og_image_type":"default","og_image_url":null,"og_image_width":null,"og_image_height":null,"og_image_custom_url":null,"og_image_custom_fields":null,"og_video":"","og_custom_url":null,"og_article_section":null,"og_article_tags":null,"twitter_use_og":false,"twitter_card":"default","twitter_image_type":"default","twitter_image_url":null,"twitter_image_custom_url":null,"twitter_image_custom_fields":null,"twitter_title":null,"twitter_description":null,"schema":{"blockGraphs":[],"customGraphs":[],"default":{"data":{"Article":[],"Course":[],"Dataset":[],"FAQPage":[],"Movie":[],"Person":[],"Product":[],"ProductReview":[],"Car":[],"Recipe":[],"Service":[],"SoftwareApplication":[],"WebPage":[]},"graphName":"none","isEnabled":true},"graphs":[]},"schema_type":"default","schema_type_options":null,"pillar_content":false,"robots_default":true,"robots_noindex":false,"robots_noarchive":false,"robots_nosnippet":false,"robots_nofollow":false,"robots_noimageindex":false,"robots_noodp":false,"robots_notranslate":false,"robots_max_snippet":"-1","robots_max_videopreview":"-1","robots_max_imagepreview":"large","priority":null,"frequency":"default","local_seo":null,"seo_analyzer_scan_date":"2026-01-12 20:32:44","breadcrumb_settings":null,"limit_modified_date":false,"reviewed_by":"0","open_ai":null,"ai":{"faqs":[],"keyPoints":[],"titles":[],"descriptions":[],"socialPosts":{"email":[],"linkedin":[],"twitter":[],"facebook":[],"instagram":[]}},"created":"2025-07-09 02:28:00","updated":"2026-02-05 02:53:48"},"aioseo_breadcrumb":"<div class=\"aioseo-breadcrumbs\"><span class=\"aioseo-breadcrumb\">\n\t<a href=\"https:\/\/soymigrante.com\/revista\" title=\"Home\">Home<\/a>\n<\/span><span class=\"aioseo-breadcrumb-separator\">\u00bb<\/span><span class=\"aioseo-breadcrumb\">\n\t<a href=\"https:\/\/soymigrante.com\/revista\/category\/guate-nuestra\/\" title=\"Guate Nuestra\">Guate Nuestra<\/a>\n<\/span><span class=\"aioseo-breadcrumb-separator\">\u00bb<\/span><span class=\"aioseo-breadcrumb\">\n\tDeslumbrantes estampas culturales de aspirantes a Princesa Chnab\u2019jul en Huehuetenango\n<\/span><\/div>","aioseo_breadcrumb_json":[{"label":"Home","link":"https:\/\/soymigrante.com\/revista"},{"label":"Guate Nuestra","link":"https:\/\/soymigrante.com\/revista\/category\/guate-nuestra\/"},{"label":"Deslumbrantes estampas culturales de aspirantes a Princesa Chnab&#8217;jul en Huehuetenango","link":"https:\/\/soymigrante.com\/revista\/deslumbrantes-expresiones-de-aspirantes-a-princesa-chnabjul-en-huehuetenango\/"}],"_links":{"self":[{"href":"https:\/\/soymigrante.com\/revista\/wp-json\/wp\/v2\/posts\/38795","targetHints":{"allow":["GET"]}}],"collection":[{"href":"https:\/\/soymigrante.com\/revista\/wp-json\/wp\/v2\/posts"}],"about":[{"href":"https:\/\/soymigrante.com\/revista\/wp-json\/wp\/v2\/types\/post"}],"author":[{"embeddable":true,"href":"https:\/\/soymigrante.com\/revista\/wp-json\/wp\/v2\/users\/1"}],"replies":[{"embeddable":true,"href":"https:\/\/soymigrante.com\/revista\/wp-json\/wp\/v2\/comments?post=38795"}],"version-history":[{"count":19,"href":"https:\/\/soymigrante.com\/revista\/wp-json\/wp\/v2\/posts\/38795\/revisions"}],"predecessor-version":[{"id":38839,"href":"https:\/\/soymigrante.com\/revista\/wp-json\/wp\/v2\/posts\/38795\/revisions\/38839"}],"wp:featuredmedia":[{"embeddable":true,"href":"https:\/\/soymigrante.com\/revista\/wp-json\/wp\/v2\/media\/38797"}],"wp:attachment":[{"href":"https:\/\/soymigrante.com\/revista\/wp-json\/wp\/v2\/media?parent=38795"}],"wp:term":[{"taxonomy":"category","embeddable":true,"href":"https:\/\/soymigrante.com\/revista\/wp-json\/wp\/v2\/categories?post=38795"},{"taxonomy":"post_tag","embeddable":true,"href":"https:\/\/soymigrante.com\/revista\/wp-json\/wp\/v2\/tags?post=38795"}],"curies":[{"name":"wp","href":"https:\/\/api.w.org\/{rel}","templated":true}]}}