{"id":3877,"date":"2023-12-18T00:22:42","date_gmt":"2023-12-18T06:22:42","guid":{"rendered":"https:\/\/soymigrante.com\/revista\/?p=3877"},"modified":"2024-07-28T16:06:14","modified_gmt":"2024-07-28T22:06:14","slug":"editorial-dia-internacional-del-migrante","status":"publish","type":"post","link":"https:\/\/soymigrante.com\/revista\/editorial-dia-internacional-del-migrante\/","title":{"rendered":"EDITORIAL: Guatemaltecos migrantes merecen ser una prioridad de Estado"},"content":{"rendered":"\t\t<div data-elementor-type=\"wp-post\" data-elementor-id=\"3877\" class=\"elementor elementor-3877\" data-elementor-post-type=\"post\">\n\t\t\t\t\t\t<section data-particle_enable=\"false\" data-particle-mobile-disabled=\"false\" class=\"elementor-section elementor-top-section elementor-element elementor-element-674b478 elementor-section-boxed elementor-section-height-default elementor-section-height-default\" data-id=\"674b478\" data-element_type=\"section\" data-e-type=\"section\">\n\t\t\t\t\t\t<div class=\"elementor-container elementor-column-gap-default\">\n\t\t\t\t\t<div class=\"elementor-column elementor-col-100 elementor-top-column elementor-element elementor-element-697f8c0\" data-id=\"697f8c0\" data-element_type=\"column\" data-e-type=\"column\">\n\t\t\t<div class=\"elementor-widget-wrap elementor-element-populated\">\n\t\t\t\t\t\t<div class=\"elementor-element elementor-element-2f5d926 elementor-widget elementor-widget-heading\" data-id=\"2f5d926\" data-element_type=\"widget\" data-e-type=\"widget\" data-widget_type=\"heading.default\">\n\t\t\t\t\t<h1 class=\"elementor-heading-title elementor-size-default\">Millones de guatemaltecos han salido de su pa\u00eds en busca de oportunidades a causa de la exclusi\u00f3n, la pobreza y la violencia;  hoy aportan con sus remesas el 20% de la econom\u00eda guatemalteca, pero a pesar de eso, la exclusi\u00f3n contin\u00faa en otras formas.<\/h1>\t\t\t\t<\/div>\n\t\t\t\t\t<\/div>\n\t\t<\/div>\n\t\t\t\t\t<\/div>\n\t\t<\/section>\n\t\t\t\t<section data-particle_enable=\"false\" data-particle-mobile-disabled=\"false\" class=\"elementor-section elementor-top-section elementor-element elementor-element-033ec53 elementor-section-boxed elementor-section-height-default elementor-section-height-default\" data-id=\"033ec53\" data-element_type=\"section\" data-e-type=\"section\">\n\t\t\t\t\t\t<div class=\"elementor-container elementor-column-gap-default\">\n\t\t\t\t\t<div class=\"elementor-column elementor-col-100 elementor-top-column elementor-element elementor-element-504abe5\" data-id=\"504abe5\" data-element_type=\"column\" data-e-type=\"column\">\n\t\t\t<div class=\"elementor-widget-wrap elementor-element-populated\">\n\t\t\t\t\t\t<div class=\"elementor-element elementor-element-522d884 elementor-widget elementor-widget-image\" data-id=\"522d884\" data-element_type=\"widget\" data-e-type=\"widget\" data-widget_type=\"image.default\">\n\t\t\t\t\t\t\t\t\t\t\t\t<figure class=\"wp-caption\">\n\t\t\t\t\t\t\t\t\t\t<img fetchpriority=\"high\" decoding=\"async\" width=\"632\" height=\"415\" src=\"https:\/\/soymigrante.com\/revista\/wp-content\/uploads\/2023\/12\/kp.webp\" class=\"attachment-large size-large wp-image-3878\" alt=\"\" srcset=\"https:\/\/soymigrante.com\/revista\/wp-content\/uploads\/2023\/12\/kp.webp 632w, https:\/\/soymigrante.com\/revista\/wp-content\/uploads\/2023\/12\/kp-300x197.webp 300w\" sizes=\"(max-width: 632px) 100vw, 632px\" \/>\t\t\t\t\t\t\t\t\t\t\t<figcaption class=\"widget-image-caption wp-caption-text\">El artista quetzalteco Josu\u00e9 Hern\u00e1ndez plasm\u00f3 el drama de la migraci\u00f3n guatemalteca con la imagen de aves que se van de su tierra, hacia  otro lugar en busca de sus metas y sue\u00f1os.<\/figcaption>\n\t\t\t\t\t\t\t\t\t\t<\/figure>\n\t\t\t\t\t\t\t\t\t<\/div>\n\t\t\t\t\t<\/div>\n\t\t<\/div>\n\t\t\t\t\t<\/div>\n\t\t<\/section>\n\t\t\t\t<section data-particle_enable=\"false\" data-particle-mobile-disabled=\"false\" class=\"elementor-section elementor-top-section elementor-element elementor-element-3140208 elementor-section-boxed elementor-section-height-default elementor-section-height-default\" data-id=\"3140208\" data-element_type=\"section\" data-e-type=\"section\">\n\t\t\t\t\t\t<div class=\"elementor-container elementor-column-gap-default\">\n\t\t\t\t\t<div class=\"elementor-column elementor-col-100 elementor-top-column elementor-element elementor-element-3bb6d5b\" data-id=\"3bb6d5b\" data-element_type=\"column\" data-e-type=\"column\">\n\t\t\t<div class=\"elementor-widget-wrap elementor-element-populated\">\n\t\t\t\t\t\t<div class=\"elementor-element elementor-element-c787f8e elementor-widget elementor-widget-text-editor\" data-id=\"c787f8e\" data-element_type=\"widget\" data-e-type=\"widget\" data-widget_type=\"text-editor.default\">\n\t\t\t\t\t\t\t\t\t<p><b>Los migrantes guatemaltecos estamos lejos de nuestra patria, pero nuestra patria sigue y seguir\u00e1 dentro de nuestro coraz\u00f3n:<\/b> as\u00ed se puede resumir una expresi\u00f3n frecuente entre compatriotas en diversas ciudades de Estados Unidos, de incontables ocupaciones, verdaderas odiseas para llegar hasta all\u00ed, duras historias de esfuerzo, dedicaci\u00f3n, perseverancia, sufrimiento y esperanza.\u00a0<\/p>\t\t\t\t\t\t\t\t<\/div>\n\t\t\t\t\t<\/div>\n\t\t<\/div>\n\t\t\t\t\t<\/div>\n\t\t<\/section>\n\t\t\t\t<section data-particle_enable=\"false\" data-particle-mobile-disabled=\"false\" class=\"elementor-section elementor-top-section elementor-element elementor-element-01cd2d6 elementor-section-boxed elementor-section-height-default elementor-section-height-default\" data-id=\"01cd2d6\" data-element_type=\"section\" data-e-type=\"section\">\n\t\t\t\t\t\t<div class=\"elementor-container elementor-column-gap-default\">\n\t\t\t\t\t<div class=\"elementor-column elementor-col-100 elementor-top-column elementor-element elementor-element-dd06a4d\" data-id=\"dd06a4d\" data-element_type=\"column\" data-e-type=\"column\">\n\t\t\t<div class=\"elementor-widget-wrap elementor-element-populated\">\n\t\t\t\t\t\t<div class=\"elementor-element elementor-element-eecfcc6 elementor-widget elementor-widget-image\" data-id=\"eecfcc6\" data-element_type=\"widget\" data-e-type=\"widget\" data-widget_type=\"image.default\">\n\t\t\t\t\t\t\t\t\t\t\t\t<figure class=\"wp-caption\">\n\t\t\t\t\t\t\t\t\t\t<img decoding=\"async\" width=\"1024\" height=\"698\" src=\"https:\/\/soymigrante.com\/revista\/wp-content\/uploads\/2023\/12\/22-1024x698.webp\" class=\"attachment-large size-large wp-image-3882\" alt=\"\" srcset=\"https:\/\/soymigrante.com\/revista\/wp-content\/uploads\/2023\/12\/22-1024x698.webp 1024w, https:\/\/soymigrante.com\/revista\/wp-content\/uploads\/2023\/12\/22-300x204.webp 300w, https:\/\/soymigrante.com\/revista\/wp-content\/uploads\/2023\/12\/22-768x523.webp 768w, https:\/\/soymigrante.com\/revista\/wp-content\/uploads\/2023\/12\/22-750x511.webp 750w, https:\/\/soymigrante.com\/revista\/wp-content\/uploads\/2023\/12\/22.webp 1111w\" sizes=\"(max-width: 1024px) 100vw, 1024px\" \/>\t\t\t\t\t\t\t\t\t\t\t<figcaption class=\"widget-image-caption wp-caption-text\">Con su ingenio expresivo, el artista Josu\u00e9 Eduardo Hern\u00e1ndez sugiere una silueta como la del mapa de Guatemala, e la cual parten pajaritos con rumbo norte.<\/figcaption>\n\t\t\t\t\t\t\t\t\t\t<\/figure>\n\t\t\t\t\t\t\t\t\t<\/div>\n\t\t\t\t\t<\/div>\n\t\t<\/div>\n\t\t\t\t\t<\/div>\n\t\t<\/section>\n\t\t\t\t<section data-particle_enable=\"false\" data-particle-mobile-disabled=\"false\" class=\"elementor-section elementor-top-section elementor-element elementor-element-7a9f7ed elementor-section-boxed elementor-section-height-default elementor-section-height-default\" data-id=\"7a9f7ed\" data-element_type=\"section\" data-e-type=\"section\">\n\t\t\t\t\t\t<div class=\"elementor-container elementor-column-gap-default\">\n\t\t\t\t\t<div class=\"elementor-column elementor-col-100 elementor-top-column elementor-element elementor-element-84c1c55\" data-id=\"84c1c55\" data-element_type=\"column\" data-e-type=\"column\">\n\t\t\t<div class=\"elementor-widget-wrap elementor-element-populated\">\n\t\t\t\t\t\t<div class=\"elementor-element elementor-element-c39cef5 elementor-widget elementor-widget-text-editor\" data-id=\"c39cef5\" data-element_type=\"widget\" data-e-type=\"widget\" data-widget_type=\"text-editor.default\">\n\t\t\t\t\t\t\t\t\t<p><span style=\"color: var( --e-global-color-text );\">Las causas que les llevaron a emprender el vuelo son m\u00faltiples: salvar la vida durante la guerra,\u00a0 escapar de la delincuencia, luchar contra la pobreza. el desempleo y la falta de oportunidades.\u00a0<\/span><span style=\"color: var( --e-global-color-text );\">Es proverbial el esp\u00edritu trabajador del migrante guatemalteco en Estados Unidos. Es una capacidad instalada que le distingue, junto con la\u00a0 creatividad, alegr\u00eda, hondo sentido de solidaridad y profundo amor a la patria de la cual sali\u00f3, pero que nunca saldr\u00e1 de su mente y coraz\u00f3n.<\/span><\/p><p><span style=\"color: var( --e-global-color-text );\">En efecto, los migrantes\u00a0<\/span><span style=\"color: var( --e-global-color-text );\">comparten el fruto de su trabajo (o trabajos), con sus seres amados en Guatemala, a trav\u00e9s del env\u00edo de remesas: un ejercicio de responsabilidad pero sobre todo de afecto y ternura.\u00a0<\/span><\/p><p><span style=\"color: var( --e-global-color-text );\">A menudo necesitan\u00a0 desempe\u00f1ar dos y hasta tres empleos para poder mantener esta ayuda concreta que permite a miles de familias una mejor alimentaci\u00f3n, mejor educaci\u00f3n, mejor vivienda, mejor porvenir. Aunque con un costo muy alto.<\/span><\/p><p>\u00a0<\/p>\t\t\t\t\t\t\t\t<\/div>\n\t\t\t\t\t<\/div>\n\t\t<\/div>\n\t\t\t\t\t<\/div>\n\t\t<\/section>\n\t\t\t\t<section data-particle_enable=\"false\" data-particle-mobile-disabled=\"false\" class=\"elementor-section elementor-top-section elementor-element elementor-element-e7043d5 elementor-section-boxed elementor-section-height-default elementor-section-height-default\" data-id=\"e7043d5\" data-element_type=\"section\" data-e-type=\"section\">\n\t\t\t\t\t\t<div class=\"elementor-container elementor-column-gap-default\">\n\t\t\t\t\t<div class=\"elementor-column elementor-col-100 elementor-top-column elementor-element elementor-element-7cb17a7\" data-id=\"7cb17a7\" data-element_type=\"column\" data-e-type=\"column\">\n\t\t\t<div class=\"elementor-widget-wrap elementor-element-populated\">\n\t\t\t\t\t\t<div class=\"elementor-element elementor-element-d01a1ea elementor-widget elementor-widget-image\" data-id=\"d01a1ea\" data-element_type=\"widget\" data-e-type=\"widget\" data-widget_type=\"image.default\">\n\t\t\t\t\t\t\t\t\t\t\t\t<figure class=\"wp-caption\">\n\t\t\t\t\t\t\t\t\t\t<img decoding=\"async\" width=\"1007\" height=\"782\" src=\"https:\/\/soymigrante.com\/revista\/wp-content\/uploads\/2023\/12\/33.webp\" class=\"attachment-large size-large wp-image-3881\" alt=\"\" srcset=\"https:\/\/soymigrante.com\/revista\/wp-content\/uploads\/2023\/12\/33.webp 1007w, https:\/\/soymigrante.com\/revista\/wp-content\/uploads\/2023\/12\/33-300x233.webp 300w, https:\/\/soymigrante.com\/revista\/wp-content\/uploads\/2023\/12\/33-768x596.webp 768w, https:\/\/soymigrante.com\/revista\/wp-content\/uploads\/2023\/12\/33-750x582.jpg 750w\" sizes=\"(max-width: 1007px) 100vw, 1007px\" \/>\t\t\t\t\t\t\t\t\t\t\t<figcaption class=\"widget-image-caption wp-caption-text\">En un \u00e1rbol lleno de color que representa a Guatemala, se producen duras despedidas de migrantes que emprenden el vuelo en busca de oportunidades. Detalle de la obra del pintor quetzalteco Josu\u00e9 Eduardo Hern\u00e1ndez<\/figcaption>\n\t\t\t\t\t\t\t\t\t\t<\/figure>\n\t\t\t\t\t\t\t\t\t<\/div>\n\t\t\t\t\t<\/div>\n\t\t<\/div>\n\t\t\t\t\t<\/div>\n\t\t<\/section>\n\t\t\t\t<section data-particle_enable=\"false\" data-particle-mobile-disabled=\"false\" class=\"elementor-section elementor-top-section elementor-element elementor-element-90a69ca elementor-section-boxed elementor-section-height-default elementor-section-height-default\" data-id=\"90a69ca\" data-element_type=\"section\" data-e-type=\"section\">\n\t\t\t\t\t\t<div class=\"elementor-container elementor-column-gap-default\">\n\t\t\t\t\t<div class=\"elementor-column elementor-col-100 elementor-top-column elementor-element elementor-element-025dad2\" data-id=\"025dad2\" data-element_type=\"column\" data-e-type=\"column\">\n\t\t\t<div class=\"elementor-widget-wrap elementor-element-populated\">\n\t\t\t\t\t\t<div class=\"elementor-element elementor-element-f794800 elementor-widget elementor-widget-text-editor\" data-id=\"f794800\" data-element_type=\"widget\" data-e-type=\"widget\" data-widget_type=\"text-editor.default\">\n\t\t\t\t\t\t\t\t\t<p><span style=\"color: var( --e-global-color-text );\">El env\u00edo de remesas marca nuevos r\u00e9cords cada a\u00f1o. <a href=\"https:\/\/soymigrante.com\/revista\/remesas-migrantes-guatemaltecos-noviembre-superan-2023\/\">En 11 meses de 2023 ya igualaron a todo el a\u00f1o 2022.<\/a>\u00a0<\/span><span style=\"color: var( --e-global-color-text );\">Los gobiernos los elogian; los candidatos en campa\u00f1a les visitan y ofrecen mejoras en la atenci\u00f3n consular, en el apoyo legal, en la provisi\u00f3n de documentos, en la defensa de sus derechos. Se inventan planes que no se concretan. Y al final de cada per\u00edodo, tambi\u00e9n se inventan excusas, justificaciones. Promocionan logros que no son lo ofrecido y que no alcanzan a compensar el constante aporte a la estabilidad financiera de la Naci\u00f3n.<\/span><\/p><p><span style=\"color: var( --e-global-color-text );\">Como se dijo antes, este ingreso de divisas tiene un costo muy alto: la separaci\u00f3n familiar, la nostalgia perenne por la casa natal, el recuerdo de una \u00e9poca navide\u00f1a lejana,\u00a0 distante, a\u00f1orada.\u00a0<\/span><\/p><p><span style=\"color: var( --e-global-color-text );\">Pero sin duda esl mayor costo es una inmensa tragedia colectiva: cientos de vidas\u00a0 de migrantes guatemaltecos\u00a0 que encuentran la muerte en el camino a Norteam\u00e9rica, v\u00edctimas de atracos, accidentes viales, agresiones armadas, el sofocante cruce del desierto y el cruel asedio de bandas criminales.\u00a0<\/span><\/p>\t\t\t\t\t\t\t\t<\/div>\n\t\t\t\t\t<\/div>\n\t\t<\/div>\n\t\t\t\t\t<\/div>\n\t\t<\/section>\n\t\t\t\t<section data-particle_enable=\"false\" data-particle-mobile-disabled=\"false\" class=\"elementor-section elementor-top-section elementor-element elementor-element-4bb4def elementor-section-boxed elementor-section-height-default elementor-section-height-default\" data-id=\"4bb4def\" data-element_type=\"section\" data-e-type=\"section\">\n\t\t\t\t\t\t<div class=\"elementor-container elementor-column-gap-default\">\n\t\t\t\t\t<div class=\"elementor-column elementor-col-100 elementor-top-column elementor-element elementor-element-6bf3ee3\" data-id=\"6bf3ee3\" data-element_type=\"column\" data-e-type=\"column\">\n\t\t\t<div class=\"elementor-widget-wrap elementor-element-populated\">\n\t\t\t\t\t\t<div class=\"elementor-element elementor-element-850de74 elementor-widget elementor-widget-image\" data-id=\"850de74\" data-element_type=\"widget\" data-e-type=\"widget\" data-widget_type=\"image.default\">\n\t\t\t\t\t\t\t\t\t\t\t\t<figure class=\"wp-caption\">\n\t\t\t\t\t\t\t\t\t\t<img loading=\"lazy\" decoding=\"async\" width=\"1024\" height=\"735\" src=\"https:\/\/soymigrante.com\/revista\/wp-content\/uploads\/2023\/12\/migrantios.webp\" class=\"attachment-large size-large wp-image-3879\" alt=\"\" srcset=\"https:\/\/soymigrante.com\/revista\/wp-content\/uploads\/2023\/12\/migrantios.webp 1024w, https:\/\/soymigrante.com\/revista\/wp-content\/uploads\/2023\/12\/migrantios-300x215.webp 300w, https:\/\/soymigrante.com\/revista\/wp-content\/uploads\/2023\/12\/migrantios-768x551.webp 768w, https:\/\/soymigrante.com\/revista\/wp-content\/uploads\/2023\/12\/migrantios-120x86.webp 120w, https:\/\/soymigrante.com\/revista\/wp-content\/uploads\/2023\/12\/migrantios-350x250.webp 350w, https:\/\/soymigrante.com\/revista\/wp-content\/uploads\/2023\/12\/migrantios-750x538.webp 750w\" sizes=\"(max-width: 1024px) 100vw, 1024px\" \/>\t\t\t\t\t\t\t\t\t\t\t<figcaption class=\"widget-image-caption wp-caption-text\">Vista completa de la pintura de Josu\u00e9 Eduardo Hern\u00e1ndez, quien represent\u00f3 la migraci\u00f3n como el vuelo de p\u00e1jaros desde su \u00e1rbol hasta una gran jaula dorada.<\/figcaption>\n\t\t\t\t\t\t\t\t\t\t<\/figure>\n\t\t\t\t\t\t\t\t\t<\/div>\n\t\t\t\t\t<\/div>\n\t\t<\/div>\n\t\t\t\t\t<\/div>\n\t\t<\/section>\n\t\t\t\t<section data-particle_enable=\"false\" data-particle-mobile-disabled=\"false\" class=\"elementor-section elementor-top-section elementor-element elementor-element-ff91f83 elementor-section-boxed elementor-section-height-default elementor-section-height-default\" data-id=\"ff91f83\" data-element_type=\"section\" data-e-type=\"section\">\n\t\t\t\t\t\t<div class=\"elementor-container elementor-column-gap-default\">\n\t\t\t\t\t<div class=\"elementor-column elementor-col-100 elementor-top-column elementor-element elementor-element-b6401ac\" data-id=\"b6401ac\" data-element_type=\"column\" data-e-type=\"column\">\n\t\t\t<div class=\"elementor-widget-wrap elementor-element-populated\">\n\t\t\t\t\t\t<div class=\"elementor-element elementor-element-713316a elementor-headline--style-highlight elementor-widget elementor-widget-animated-headline\" data-id=\"713316a\" data-element_type=\"widget\" data-e-type=\"widget\" data-settings=\"{&quot;marker&quot;:&quot;double_underline&quot;,&quot;highlighted_text&quot;:&quot;ser prioridad del Estado de Guatemala&quot;,&quot;headline_style&quot;:&quot;highlight&quot;,&quot;loop&quot;:&quot;yes&quot;,&quot;highlight_animation_duration&quot;:1200,&quot;highlight_iteration_delay&quot;:8000}\" data-widget_type=\"animated-headline.default\">\n\t\t\t\t\t\t\t<h4 class=\"elementor-headline\">\n\t\t\t\t\t<span class=\"elementor-headline-plain-text elementor-headline-text-wrapper\">Hoy 18 de diciembre se conmemora el D\u00eda Internacional del Migrante y aqu\u00ed en SoyMigrante.com reiteramos nuestro objetivo fundacional: dignificar al migrante guatemalteco a trav\u00e9s del registro de historias, justipreciar sus esfuerzos tesoneros y la convicci\u00f3n de seguir siendo siempre guatemaltecos a pesar de la lejan\u00eda. La atenci\u00f3n digna a estos 3 millones de connacionales merece<\/span>\n\t\t\t\t<span class=\"elementor-headline-dynamic-wrapper elementor-headline-text-wrapper\">\n\t\t\t\t\t<span class=\"elementor-headline-dynamic-text elementor-headline-text-active\">ser prioridad del Estado de Guatemala<\/span>\n\t\t\t\t<\/span>\n\t\t\t\t\t<span class=\"elementor-headline-plain-text elementor-headline-text-wrapper\"> para ponerle fin a la exclusi\u00f3n que le oblig\u00f3 a salir pero que lamentablemente contin\u00faa.<\/span>\n\t\t\t\t\t<\/h4>\n\t\t\t\t\t\t<\/div>\n\t\t\t\t\t<\/div>\n\t\t<\/div>\n\t\t\t\t\t<\/div>\n\t\t<\/section>\n\t\t\t\t<section data-particle_enable=\"false\" data-particle-mobile-disabled=\"false\" class=\"elementor-section elementor-top-section elementor-element elementor-element-c711bb2 elementor-section-boxed elementor-section-height-default elementor-section-height-default\" data-id=\"c711bb2\" data-element_type=\"section\" data-e-type=\"section\">\n\t\t\t\t\t\t<div class=\"elementor-container elementor-column-gap-default\">\n\t\t\t\t\t<div class=\"elementor-column elementor-col-100 elementor-top-column elementor-element elementor-element-06bd354\" data-id=\"06bd354\" data-element_type=\"column\" data-e-type=\"column\">\n\t\t\t<div class=\"elementor-widget-wrap elementor-element-populated\">\n\t\t\t\t\t\t<div class=\"elementor-element elementor-element-e35b4a8 elementor-widget elementor-widget-video\" data-id=\"e35b4a8\" data-element_type=\"widget\" data-e-type=\"widget\" data-settings=\"{&quot;youtube_url&quot;:&quot;https:\\\/\\\/www.youtube.com\\\/watch?v=xqSzMnoseoo&quot;,&quot;autoplay&quot;:&quot;yes&quot;,&quot;loop&quot;:&quot;yes&quot;,&quot;start&quot;:4,&quot;video_type&quot;:&quot;youtube&quot;,&quot;controls&quot;:&quot;yes&quot;}\" data-widget_type=\"video.default\">\n\t\t\t\t\t\t\t<div class=\"elementor-wrapper elementor-open-inline\">\n\t\t\t<div class=\"elementor-video\"><\/div>\t\t<\/div>\n\t\t\t\t\t\t<\/div>\n\t\t\t\t\t<\/div>\n\t\t<\/div>\n\t\t\t\t\t<\/div>\n\t\t<\/section>\n\t\t\t\t<\/div>\n\t\t","protected":false},"excerpt":{"rendered":"<p>Millones de guatemaltecos han salido de su pa\u00eds en busca de oportunidades a causa de la exclusi\u00f3n, la pobreza y la violencia; hoy aportan con sus remesas el 20% de la econom\u00eda guatemalteca, pero a pesar de eso, la exclusi\u00f3n contin\u00faa en otras formas. El artista quetzalteco Josu\u00e9 Hern\u00e1ndez plasm\u00f3 el drama de la migraci\u00f3n [&hellip;]<\/p>\n","protected":false},"author":1,"featured_media":1686,"comment_status":"open","ping_status":"open","sticky":false,"template":"","format":"standard","meta":{"_acf_changed":false,"_eb_attr":"","footnotes":""},"categories":[54],"tags":[98],"class_list":["post-3877","post","type-post","status-publish","format-standard","has-post-thumbnail","hentry","category-estamos-unidos","tag-18-diciembre-dia-del-migrante"],"acf":[],"aioseo_notices":[],"aioseo_head":"\n\t\t<!-- All in One SEO Pro 4.9.6.2 - aioseo.com -->\n\t<meta name=\"description\" content=\"Millones de guatemaltecos han salido de su pa\u00eds en busca de oportunidades a causa de la exclusi\u00f3n, la pobreza y la violencia; hoy aportan con sus remesas el 20% de la econom\u00eda guatemalteca, pero a pesar de eso, la exclusi\u00f3n contin\u00faa en otras formas. Los migrantes guatemaltecos estamos lejos de nuestra patria, pero nuestra patria\" \/>\n\t<meta name=\"robots\" content=\"max-snippet:-1, max-image-preview:large, max-video-preview:-1\" \/>\n\t<meta name=\"author\" content=\"SoyMigrante.com REVISTA\"\/>\n\t<link rel=\"canonical\" href=\"https:\/\/soymigrante.com\/revista\/editorial-dia-internacional-del-migrante\/\" \/>\n\t<meta name=\"generator\" content=\"All in One SEO Pro (AIOSEO) 4.9.6.2\" \/>\n\n\t\t<link rel=\"preconnect\" href=\"https:\/\/fonts.googleapis.com\" crossorigin>\n<link rel=\"preconnect\" href=\"https:\/\/fonts.gstatic.com\" crossorigin>\n\t\t<meta property=\"og:locale\" content=\"es_ES\" \/>\n\t\t<meta property=\"og:site_name\" content=\"SoyMigrante.com REVISTA \u2013 Nuestra misi\u00f3n es reconocer y dignificar al migrante.\" \/>\n\t\t<meta property=\"og:type\" content=\"article\" \/>\n\t\t<meta property=\"og:title\" content=\"EDITORIAL: Guatemaltecos migrantes merecen ser una prioridad de Estado\" \/>\n\t\t<meta property=\"og:description\" content=\"Millones de guatemaltecos han salido de su pa\u00eds en busca de oportunidades a causa de la exclusi\u00f3n, la pobreza y la violencia; hoy aportan con sus remesas el 20% de la econom\u00eda guatemalteca, pero a pesar de eso, la exclusi\u00f3n contin\u00faa en otras formas. Los migrantes guatemaltecos estamos lejos de nuestra patria, pero nuestra patria\" \/>\n\t\t<meta property=\"og:url\" content=\"https:\/\/soymigrante.com\/revista\/editorial-dia-internacional-del-migrante\/\" \/>\n\t\t<meta property=\"og:image\" content=\"https:\/\/soymigrante.com\/revista\/wp-content\/uploads\/2023\/06\/protesta.webp\" \/>\n\t\t<meta property=\"og:image:secure_url\" content=\"https:\/\/soymigrante.com\/revista\/wp-content\/uploads\/2023\/06\/protesta.webp\" \/>\n\t\t<meta property=\"og:image:width\" content=\"1561\" \/>\n\t\t<meta property=\"og:image:height\" content=\"914\" \/>\n\t\t<meta property=\"article:published_time\" content=\"2023-12-18T06:22:42+00:00\" \/>\n\t\t<meta property=\"article:modified_time\" content=\"2024-07-28T22:06:14+00:00\" \/>\n\t\t<meta property=\"article:publisher\" content=\"https:\/\/www.facebook.com\/soymigrantecom\" \/>\n\t\t<meta name=\"twitter:card\" content=\"summary_large_image\" \/>\n\t\t<meta name=\"twitter:site\" content=\"@SoyMigrante_com\" \/>\n\t\t<meta name=\"twitter:title\" content=\"EDITORIAL: Guatemaltecos migrantes merecen ser una prioridad de Estado\" \/>\n\t\t<meta name=\"twitter:description\" content=\"Millones de guatemaltecos han salido de su pa\u00eds en busca de oportunidades a causa de la exclusi\u00f3n, la pobreza y la violencia; hoy aportan con sus remesas el 20% de la econom\u00eda guatemalteca, pero a pesar de eso, la exclusi\u00f3n contin\u00faa en otras formas. Los migrantes guatemaltecos estamos lejos de nuestra patria, pero nuestra patria\" \/>\n\t\t<meta name=\"twitter:creator\" content=\"@SoyMigrante_com\" \/>\n\t\t<meta name=\"twitter:image\" content=\"https:\/\/soymigrante.com\/revista\/wp-content\/uploads\/2023\/06\/protesta.webp\" \/>\n\t\t<!-- All in One SEO Pro -->\r\n\t\t<title>EDITORIAL: Guatemaltecos migrantes merecen ser una prioridad de Estado<\/title>\n\n","aioseo_head_json":{"title":"EDITORIAL: Guatemaltecos migrantes merecen ser una prioridad de Estado","description":"Millones de guatemaltecos han salido de su pa\u00eds en busca de oportunidades a causa de la exclusi\u00f3n, la pobreza y la violencia; hoy aportan con sus remesas el 20% de la econom\u00eda guatemalteca, pero a pesar de eso, la exclusi\u00f3n contin\u00faa en otras formas. Los migrantes guatemaltecos estamos lejos de nuestra patria, pero nuestra patria","canonical_url":"https:\/\/soymigrante.com\/revista\/editorial-dia-internacional-del-migrante\/","robots":"max-snippet:-1, max-image-preview:large, max-video-preview:-1","keywords":"","webmasterTools":{"miscellaneous":"&lt;link rel=\"preconnect\" href=\"https:\/\/fonts.googleapis.com\" crossorigin&gt;\n&lt;link rel=\"preconnect\" href=\"https:\/\/fonts.gstatic.com\" crossorigin&gt;"},"schema":null,"og:locale":"es_ES","og:site_name":"SoyMigrante.com REVISTA \u2013 Nuestra misi\u00f3n es reconocer y dignificar al migrante.","og:type":"article","og:title":"EDITORIAL: Guatemaltecos migrantes merecen ser una prioridad de Estado","og:description":"Millones de guatemaltecos han salido de su pa\u00eds en busca de oportunidades a causa de la exclusi\u00f3n, la pobreza y la violencia; hoy aportan con sus remesas el 20% de la econom\u00eda guatemalteca, pero a pesar de eso, la exclusi\u00f3n contin\u00faa en otras formas. Los migrantes guatemaltecos estamos lejos de nuestra patria, pero nuestra patria","og:url":"https:\/\/soymigrante.com\/revista\/editorial-dia-internacional-del-migrante\/","og:image":"https:\/\/soymigrante.com\/revista\/wp-content\/uploads\/2023\/06\/protesta.webp","og:image:secure_url":"https:\/\/soymigrante.com\/revista\/wp-content\/uploads\/2023\/06\/protesta.webp","og:image:width":1561,"og:image:height":914,"article:published_time":"2023-12-18T06:22:42+00:00","article:modified_time":"2024-07-28T22:06:14+00:00","article:publisher":"https:\/\/www.facebook.com\/soymigrantecom","twitter:card":"summary_large_image","twitter:site":"@SoyMigrante_com","twitter:title":"EDITORIAL: Guatemaltecos migrantes merecen ser una prioridad de Estado","twitter:description":"Millones de guatemaltecos han salido de su pa\u00eds en busca de oportunidades a causa de la exclusi\u00f3n, la pobreza y la violencia; hoy aportan con sus remesas el 20% de la econom\u00eda guatemalteca, pero a pesar de eso, la exclusi\u00f3n contin\u00faa en otras formas. Los migrantes guatemaltecos estamos lejos de nuestra patria, pero nuestra patria","twitter:creator":"@SoyMigrante_com","twitter:image":"https:\/\/soymigrante.com\/revista\/wp-content\/uploads\/2023\/06\/protesta.webp"},"aioseo_meta_data":{"post_id":"3877","title":null,"description":null,"keywords":[],"keyphrases":{"focus":{"keyphrase":"Migrantes","score":76,"analysis":{"keyphraseInTitle":{"score":9,"maxScore":9,"error":0},"keyphraseInDescription":{"score":9,"maxScore":9,"error":0},"keyphraseLength":{"score":9,"maxScore":9,"error":0,"length":1},"keyphraseInURL":{"score":1,"maxScore":5,"error":1},"keyphraseInIntroduction":{"score":3,"maxScore":9,"error":1},"keyphraseInSubHeadings":{"score":9,"maxScore":9,"error":0},"keyphraseInImageAlt":{"score":3,"maxScore":9,"error":1},"keywordDensity":{"type":"best","score":9,"maxScore":9,"error":0}}},"additional":[]},"primary_term":null,"canonical_url":null,"og_title":null,"og_description":null,"og_object_type":"default","og_image_type":"default","og_image_url":null,"og_image_width":null,"og_image_height":null,"og_image_custom_url":null,"og_image_custom_fields":null,"og_video":"","og_custom_url":null,"og_article_section":null,"og_article_tags":[],"twitter_use_og":false,"twitter_card":"default","twitter_image_type":"default","twitter_image_url":null,"twitter_image_custom_url":null,"twitter_image_custom_fields":null,"twitter_title":null,"twitter_description":null,"schema":{"blockGraphs":[],"customGraphs":[],"default":{"data":{"Article":[],"Course":[],"Dataset":[],"FAQPage":[],"Movie":[],"Person":[],"Product":[],"ProductReview":[],"Car":[],"Recipe":[],"Service":[],"SoftwareApplication":[],"WebPage":[]},"graphName":"BlogPosting","isEnabled":true},"graphs":[]},"schema_type":"default","schema_type_options":null,"pillar_content":false,"robots_default":true,"robots_noindex":false,"robots_noarchive":false,"robots_nosnippet":false,"robots_nofollow":false,"robots_noimageindex":false,"robots_noodp":false,"robots_notranslate":false,"robots_max_snippet":"-1","robots_max_videopreview":"-1","robots_max_imagepreview":"large","priority":null,"frequency":"default","local_seo":null,"seo_analyzer_scan_date":"2025-10-08 20:51:36","breadcrumb_settings":null,"limit_modified_date":false,"reviewed_by":null,"open_ai":null,"ai":null,"created":"2023-12-18 05:25:22","updated":"2026-02-04 10:04:30"},"aioseo_breadcrumb":"<div class=\"aioseo-breadcrumbs\"><span class=\"aioseo-breadcrumb\">\n\t<a href=\"https:\/\/soymigrante.com\/revista\" title=\"Home\">Home<\/a>\n<\/span><span class=\"aioseo-breadcrumb-separator\">\u00bb<\/span><span class=\"aioseo-breadcrumb\">\n\t<a href=\"https:\/\/soymigrante.com\/revista\/category\/estamos-unidos\/\" title=\"Estamos Unidos\">Estamos Unidos<\/a>\n<\/span><span class=\"aioseo-breadcrumb-separator\">\u00bb<\/span><span class=\"aioseo-breadcrumb\">\n\tEDITORIAL: Guatemaltecos migrantes merecen ser una prioridad de Estado\n<\/span><\/div>","aioseo_breadcrumb_json":[{"label":"Home","link":"https:\/\/soymigrante.com\/revista"},{"label":"Estamos Unidos","link":"https:\/\/soymigrante.com\/revista\/category\/estamos-unidos\/"},{"label":"EDITORIAL: Guatemaltecos migrantes merecen ser una prioridad de Estado","link":"https:\/\/soymigrante.com\/revista\/editorial-dia-internacional-del-migrante\/"}],"_links":{"self":[{"href":"https:\/\/soymigrante.com\/revista\/wp-json\/wp\/v2\/posts\/3877","targetHints":{"allow":["GET"]}}],"collection":[{"href":"https:\/\/soymigrante.com\/revista\/wp-json\/wp\/v2\/posts"}],"about":[{"href":"https:\/\/soymigrante.com\/revista\/wp-json\/wp\/v2\/types\/post"}],"author":[{"embeddable":true,"href":"https:\/\/soymigrante.com\/revista\/wp-json\/wp\/v2\/users\/1"}],"replies":[{"embeddable":true,"href":"https:\/\/soymigrante.com\/revista\/wp-json\/wp\/v2\/comments?post=3877"}],"version-history":[{"count":0,"href":"https:\/\/soymigrante.com\/revista\/wp-json\/wp\/v2\/posts\/3877\/revisions"}],"wp:featuredmedia":[{"embeddable":true,"href":"https:\/\/soymigrante.com\/revista\/wp-json\/wp\/v2\/media\/1686"}],"wp:attachment":[{"href":"https:\/\/soymigrante.com\/revista\/wp-json\/wp\/v2\/media?parent=3877"}],"wp:term":[{"taxonomy":"category","embeddable":true,"href":"https:\/\/soymigrante.com\/revista\/wp-json\/wp\/v2\/categories?post=3877"},{"taxonomy":"post_tag","embeddable":true,"href":"https:\/\/soymigrante.com\/revista\/wp-json\/wp\/v2\/tags?post=3877"}],"curies":[{"name":"wp","href":"https:\/\/api.w.org\/{rel}","templated":true}]}}