{"id":38734,"date":"2025-07-08T18:15:48","date_gmt":"2025-07-09T00:15:48","guid":{"rendered":"https:\/\/soymigrante.com\/revista\/?p=38734"},"modified":"2025-09-16T08:21:05","modified_gmt":"2025-09-16T14:21:05","slug":"sismos-en-guatemala-hoy-pais-esta-en-alerta-naranja-por-temblores","status":"publish","type":"post","link":"https:\/\/soymigrante.com\/revista\/sismos-en-guatemala-hoy-pais-esta-en-alerta-naranja-por-temblores\/","title":{"rendered":"Sismos en Guatemala : cifras actualizadas de r\u00e9plicas, afectados y da\u00f1os"},"content":{"rendered":"\t\t<div data-elementor-type=\"wp-post\" data-elementor-id=\"38734\" class=\"elementor elementor-38734\" data-elementor-post-type=\"post\">\n\t\t\t\t<div data-particle_enable=\"false\" data-particle-mobile-disabled=\"false\" class=\"elementor-element elementor-element-f2b9ec9 e-flex e-con-boxed e-con e-parent\" data-id=\"f2b9ec9\" data-element_type=\"container\" data-e-type=\"container\">\n\t\t\t\t\t<div class=\"e-con-inner\">\n\t\t\t\t<div class=\"elementor-element elementor-element-8c50aa8 elementor-widget elementor-widget-heading\" data-id=\"8c50aa8\" data-element_type=\"widget\" data-e-type=\"widget\" data-widget_type=\"heading.default\">\n\t\t\t\t\t<h2 class=\"elementor-heading-title elementor-size-default\">M\u00e1s de 560 r\u00e9plicas de sismos se reportan entre el 8 y 11 de julio en Guatemala pero solo 29 han sido sensibles. Hasta ahora se registran cinco personas fallecidas. Cifras de da\u00f1os aqu\u00ed:  <\/h2>\t\t\t\t<\/div>\n\t\t\t\t\t<\/div>\n\t\t\t\t<\/div>\n\t\t<div data-particle_enable=\"false\" data-particle-mobile-disabled=\"false\" class=\"elementor-element elementor-element-b285950 e-flex e-con-boxed e-con e-parent\" data-id=\"b285950\" data-element_type=\"container\" data-e-type=\"container\">\n\t\t\t\t\t<div class=\"e-con-inner\">\n\t\t\t\t<div class=\"elementor-element elementor-element-6469d06 elementor-widget elementor-widget-text-editor\" data-id=\"6469d06\" data-element_type=\"widget\" data-e-type=\"widget\" data-widget_type=\"text-editor.default\">\n\t\t\t\t\t\t\t\t\t<p><b>Nota publicada el 8 de julio y actualizada el 12 de julio a las 0.00 horas<\/b><\/p>\t\t\t\t\t\t\t\t<\/div>\n\t\t\t\t\t<\/div>\n\t\t\t\t<\/div>\n\t\t<div data-particle_enable=\"false\" data-particle-mobile-disabled=\"false\" class=\"elementor-element elementor-element-660d1e1 e-flex e-con-boxed e-con e-parent\" data-id=\"660d1e1\" data-element_type=\"container\" data-e-type=\"container\">\n\t\t\t\t\t<div class=\"e-con-inner\">\n\t\t\t\t<div class=\"elementor-element elementor-element-21df894 elementor-widget elementor-widget-text-editor\" data-id=\"21df894\" data-element_type=\"widget\" data-e-type=\"widget\" data-widget_type=\"text-editor.default\">\n\t\t\t\t\t\t\t\t\t<p>Guatemala se encuentra en alerta naranja por la secuencia de sismos ocurridos la tarde del martes 8 de julio de 2025. Entre las 15 y las 19 horas de ese d\u00eda se reportaron 37 sismos registrados, de los cuales nueve fueron sensibles y tres muy fuertes, que causaron mayores da\u00f1os en tres localidades: Santa Mar\u00eda de Jes\u00fas, Sacatep\u00e9quez; Pal\u00edn y San Vicente Pacaya, en Escuintla.<\/p><p>\u00a0La actividad ha proseguido\u00a0 el 11 de julio, cuando ya se contabilizaban 560 sismos registrados pero solo 29 fueron perceptibles.<\/p><p>Todos tiene epicentro entre los departamentos de Sacatep\u00e9quez y Escuintla. Hay 5 fallecidos: Los primeros dos fueron padre e hijo que iban en un veh\u00edculo sobre el cual cayu\u00f3 una roca, en la carretera entre Pal\u00edn, <a href=\"https:\/\/soymigrante.com\/revista\/departamentos-de-guatemala-escuintla-es-corredor-economico-destino-turistico-y-puerta-al-pacifico\/\">Escuintla<\/a> y Santa Mar\u00eda de Jes\u00fas, <a href=\"https:\/\/soymigrante.com\/revista\/departamentos-de-guatemala-sacatepequez-surgio-en-1839-y-alguna-vez-tuvo-hasta-24-municipios\/\">Sacatep\u00e9quez<\/a>. Dos personas fueron soterradas por aludes, una se\u00f1ora en Villa Nueva y un joven en Santa Mar\u00eda de Jes\u00fas. Un quinto fallecido fue por paro card\u00edaco.\u00a0<\/p><p>Los fallecidos podr\u00edan subir a siete, porque hay dos personas desaparecidas.<\/p>\t\t\t\t\t\t\t\t<\/div>\n\t\t\t\t\t<\/div>\n\t\t\t\t<\/div>\n\t\t<div data-particle_enable=\"false\" data-particle-mobile-disabled=\"false\" class=\"elementor-element elementor-element-0bbda9b e-flex e-con-boxed e-con e-parent\" data-id=\"0bbda9b\" data-element_type=\"container\" data-e-type=\"container\">\n\t\t\t\t\t<div class=\"e-con-inner\">\n\t\t\t\t<div class=\"elementor-element elementor-element-c8425d9 elementor-widget elementor-widget-image\" data-id=\"c8425d9\" data-element_type=\"widget\" data-e-type=\"widget\" data-widget_type=\"image.default\">\n\t\t\t\t\t\t\t\t\t\t\t\t<figure class=\"wp-caption\">\n\t\t\t\t\t\t\t\t\t\t<img fetchpriority=\"high\" decoding=\"async\" width=\"1024\" height=\"758\" src=\"https:\/\/soymigrante.com\/revista\/wp-content\/uploads\/2025\/07\/sismos-en-guatemala-1024x758.png\" class=\"attachment-large size-large wp-image-39214\" alt=\"Sismos en Guatemala : cifras actualizadas de r\u00e9plicas, afectados y da\u00f1os. sismo sismos temblor temblores en Guatemala 2025\" srcset=\"https:\/\/soymigrante.com\/revista\/wp-content\/uploads\/2025\/07\/sismos-en-guatemala-1024x758.png 1024w, https:\/\/soymigrante.com\/revista\/wp-content\/uploads\/2025\/07\/sismos-en-guatemala-300x222.png 300w, https:\/\/soymigrante.com\/revista\/wp-content\/uploads\/2025\/07\/sismos-en-guatemala-768x568.png 768w, https:\/\/soymigrante.com\/revista\/wp-content\/uploads\/2025\/07\/sismos-en-guatemala-750x555.webp 750w, https:\/\/soymigrante.com\/revista\/wp-content\/uploads\/2025\/07\/sismos-en-guatemala.webp 1127w\" sizes=\"(max-width: 1024px) 100vw, 1024px\" title=\"Epicentros de los sismos se concentran entre Sacatep\u00e9quez y Escuintla, sobre todo en los alrededores del volc\u00e1n de Agua y el de Pacaya. Los puntos verdes son epicentros y seg\u00fan el tama\u00f1o as\u00ed ha sido la magnitud de tales sismos entre el 8 y el 11 de julio de 2025. \u2013 SoyMigrante.com REVISTA\" \/>\t\t\t\t\t\t\t\t\t\t\t<figcaption class=\"widget-image-caption wp-caption-text\">Sismos en Guatemala : cifras actualizadas de r\u00e9plicas, afectados y da\u00f1os. sismo sismos temblor temblores en Guatemala 2025<\/figcaption>\n\t\t\t\t\t\t\t\t\t\t<\/figure>\n\t\t\t\t\t\t\t\t\t<\/div>\n\t\t\t\t\t<\/div>\n\t\t\t\t<\/div>\n\t\t<div data-particle_enable=\"false\" data-particle-mobile-disabled=\"false\" class=\"elementor-element elementor-element-7d49bce e-flex e-con-boxed e-con e-parent\" data-id=\"7d49bce\" data-element_type=\"container\" data-e-type=\"container\">\n\t\t\t\t\t<div class=\"e-con-inner\">\n\t\t\t\t<div class=\"elementor-element elementor-element-267ee6d elementor-widget elementor-widget-text-editor\" data-id=\"267ee6d\" data-element_type=\"widget\" data-e-type=\"widget\" data-widget_type=\"text-editor.default\">\n\t\t\t\t\t\t\t\t\t<p><span style=\"color: #000000; font-family: Mulish, sans-serif; font-size: 1.56em; font-weight: bold;\">Da\u00f1os en cifras<\/span><\/p><p>Hasta la noche del 11 de julio la Coordinadora Nacional para la Reducci\u00f3n de Desastres (CONRED) reporta atenci\u00f3n a 223 emergencias relacionadas con la secuencia s\u00edsmica de cuatro d\u00edas.\u00a0 Se contabilizan tambi\u00e9n algunos da\u00f1os en Baja Verapaz, Chimaltenango, Quich\u00e9 y Retalhuleu.\u00a0<\/p><ul><li>Hay 1,006 personas damnificadas y 3,697 evacuadas, por derrumbe parcial o da\u00f1os en sus viviendas. De estas, 958 se encuentran actualmente albergadas.\u00a0 Hay nueve hospitalizadas y cinco fallecidas.<\/li><li>Se reportan 290 viviendas con da\u00f1o leve, 420 con da\u00f1o moderado y 296 con da\u00f1o severo.<\/li><li>Hay 53 centros educativos que reportan da\u00f1os.<\/li><li>Hay 31 tramos de carretera y 1 puente bajo responsabilidad del CIV fueron afectados por derrumbes.<\/li><li>Hay 15 edificios de uso p\u00fablico que presentan da\u00f1os.<\/li><\/ul><div><span style=\"color: #000000; font-family: Mulish, sans-serif; font-size: 1.56em; font-weight: bold;\">El primer sismo<\/span><\/div><p>Registrado a las 15:11 con epicentro en Escuintla, a unos 23\u202fkm de la ciudad de Guatemala. Se pudo sentir fuertemente en los departamentos de Escuintla, Sacatep\u00e9quez, Chimaltenango y la Ciudad de Guatemala<\/p><h3>El segundo sismo fue m\u00e1s fuerte<\/h3><p>A las 15.41 horas del 8 de juoio se registr\u00f3 un segundo sismo de magnitud 5.6, tambi\u00e9n con epicentro en Escuintla\u00a0 Despu\u00e9s hubo al menos tres r\u00e9plicas adicionales con magnitudes entre 3.2 y 4.6, reportadas en Escuintla y Sacatep\u00e9quez\u00a0\u00a0<\/p>\t\t\t\t\t\t\t\t<\/div>\n\t\t\t\t\t<\/div>\n\t\t\t\t<\/div>\n\t\t<div data-particle_enable=\"false\" data-particle-mobile-disabled=\"false\" class=\"elementor-element elementor-element-0594308 e-flex e-con-boxed e-con e-parent\" data-id=\"0594308\" data-element_type=\"container\" data-e-type=\"container\">\n\t\t\t\t\t<div class=\"e-con-inner\">\n\t\t\t\t<div class=\"elementor-element elementor-element-924c5f5 elementor-widget elementor-widget-image\" data-id=\"924c5f5\" data-element_type=\"widget\" data-e-type=\"widget\" data-widget_type=\"image.default\">\n\t\t\t\t\t\t\t\t\t\t\t\t<figure class=\"wp-caption\">\n\t\t\t\t\t\t\t\t\t\t<img decoding=\"async\" width=\"462\" height=\"451\" src=\"https:\/\/soymigrante.com\/revista\/wp-content\/uploads\/2025\/07\/sismos-en-guatemala-temblores-en-guatemala.jpg\" class=\"attachment-large size-large wp-image-38774\" alt=\"Mapa del Instituto Nacio\u00b4nal de Sismolog\u00eda de Guatemala en el cual se identifican los epicentros de los sismos de este 8 de julio en Guatemala. Los marcados en caranja son los sensibles y los verdes son los registrados pero cuya intensidad no se sinti\u00f3.\" srcset=\"https:\/\/soymigrante.com\/revista\/wp-content\/uploads\/2025\/07\/sismos-en-guatemala-temblores-en-guatemala.jpg 462w, https:\/\/soymigrante.com\/revista\/wp-content\/uploads\/2025\/07\/sismos-en-guatemala-temblores-en-guatemala-300x293.jpg 300w\" sizes=\"(max-width: 462px) 100vw, 462px\" title=\"Mapa del Instituto Nacio\u00b4nal de Sismolog\u00eda de Guatemala en el cual se identifican los epicentros de los sismos de este 8 de julio en Guatemala. Los marcados en caranja son los sensibles y los verdes son los registrados pero cuya intensidad  no se sinti\u00f3. \u2013 SoyMigrante.com REVISTA\" \/>\t\t\t\t\t\t\t\t\t\t\t<figcaption class=\"widget-image-caption wp-caption-text\">Mapa del Instituto Nacio\u00b4nal de Sismolog\u00eda de Guatemala en el cual se identifican los epicentros de los sismos de este 8 de julio en Guatemala. Los marcados en caranja son los sensibles y los verdes son los registrados pero cuya intensidad  no se sinti\u00f3.<\/figcaption>\n\t\t\t\t\t\t\t\t\t\t<\/figure>\n\t\t\t\t\t\t\t\t\t<\/div>\n\t\t\t\t\t<\/div>\n\t\t\t\t<\/div>\n\t\t<div data-particle_enable=\"false\" data-particle-mobile-disabled=\"false\" class=\"elementor-element elementor-element-fa4ae9a e-flex e-con-boxed e-con e-parent\" data-id=\"fa4ae9a\" data-element_type=\"container\" data-e-type=\"container\">\n\t\t\t\t\t<div class=\"e-con-inner\">\n\t\t\t\t<div class=\"elementor-element elementor-element-6229374 elementor-widget elementor-widget-text-editor\" data-id=\"6229374\" data-element_type=\"widget\" data-e-type=\"widget\" data-widget_type=\"text-editor.default\">\n\t\t\t\t\t\t\t\t\t<p><span style=\"color: #000000; font-family: Mulish, sans-serif; font-size: 1.56em; font-weight: bold;\">Evacuaciones, da\u00f1os y v\u00edctimas<\/span><\/p><p>Se activaron alarmas s\u00edsmicas y se evacuaron edificios p\u00fablicos y privados en la Ciudad de Guatemala, incluyendo el Organismo Judicial, Ministerio de Finanzas y Palacio Nacional. El hospital de Amatitl\u00e1n sufri\u00f3 da\u00f1os menores y se evacu\u00f3 a pacientes y personal\u00a0<\/p><p>Reportes indican colapsos parciales en viviendas de Amatitl\u00e1n, derrumbes en San Vicente Pacaya y ca\u00edda de rocas en la ruta a Pal\u00edn y en la carretera de Antigua Guatemala a Milpas Altas.\u00a0\u00a0<\/p><p><b>Fallecidos: <\/b>En la carretera entre Pal\u00edn y Santa Mar\u00eda de Jes\u00fas, cay\u00f3 una enorme roca sobre un veh\u00edculo tipo pick up que iba transitando.<a href=\"https:\/\/www.prensalibre.com\/guatemala\/comunitario\/temblores-en-guatemala-se-confirman-los-primeros-dos-muertos-gigantesca-roca-aplasta-a-padre-e-hijo-breaking\/\"> Los dos tripulantes fallecieron.<\/a>\u00a0Tambi\u00e9n se reporta el fallecimiento de una mujer y de un joven de 16 a\u00f1os soterrados en dos derrumbes distintos.<\/p><p>En Santa Mar\u00eda de Jes\u00fas, Sacatep\u00e9quez\u00a0 viviendas sufrieron da\u00f1os y el atrio del antiguo templo del Calvario se derrumb\u00f3 en este municipio, en las faldas del Volc\u00e1n de Agua. El gobierno ha llevado raciones alimenticias.<\/p><p>Conred declar\u00f3 alerta naranja nacional, invitando a la poblaci\u00f3n a preparar mochila de 72\u202fhrs y activar sus planes familiares de emergencia\u00a0<\/p>\t\t\t\t\t\t\t\t<\/div>\n\t\t\t\t\t<\/div>\n\t\t\t\t<\/div>\n\t\t<div data-particle_enable=\"false\" data-particle-mobile-disabled=\"false\" class=\"elementor-element elementor-element-ffb3be1 e-flex e-con-boxed e-con e-parent\" data-id=\"ffb3be1\" data-element_type=\"container\" data-e-type=\"container\">\n\t\t\t\t\t<div class=\"e-con-inner\">\n\t\t\t\t<div class=\"elementor-element elementor-element-16fca64 elementor-widget elementor-widget-image\" data-id=\"16fca64\" data-element_type=\"widget\" data-e-type=\"widget\" data-widget_type=\"image.default\">\n\t\t\t\t\t\t\t\t\t\t\t\t<figure class=\"wp-caption\">\n\t\t\t\t\t\t\t\t\t\t<img decoding=\"async\" width=\"790\" height=\"1024\" src=\"https:\/\/soymigrante.com\/revista\/wp-content\/uploads\/2025\/07\/sismo-en-guatemala-temblores-en-guatemala-790x1024.jpg\" class=\"attachment-large size-large wp-image-38783\" alt=\"Sismo Guatemala, bolet\u00edn sismol\u00f3gico, eventos s\u00edsmicos sensibels, reporte de terremotos, monitoreo en tiempo real, catalogaci\u00f3n de sismos, Instituto Nacional de Sismolog\u00eda, volc\u00e1nolog\u00eda, meteorolog\u00eda.\" srcset=\"https:\/\/soymigrante.com\/revista\/wp-content\/uploads\/2025\/07\/sismo-en-guatemala-temblores-en-guatemala-790x1024.jpg 790w, https:\/\/soymigrante.com\/revista\/wp-content\/uploads\/2025\/07\/sismo-en-guatemala-temblores-en-guatemala-232x300.jpg 232w, https:\/\/soymigrante.com\/revista\/wp-content\/uploads\/2025\/07\/sismo-en-guatemala-temblores-en-guatemala-768x995.jpg 768w, https:\/\/soymigrante.com\/revista\/wp-content\/uploads\/2025\/07\/sismo-en-guatemala-temblores-en-guatemala-750x972.webp 750w, https:\/\/soymigrante.com\/revista\/wp-content\/uploads\/2025\/07\/sismo-en-guatemala-temblores-en-guatemala.webp 795w\" sizes=\"(max-width: 790px) 100vw, 790px\" title=\"Listado de todos los sismos registrados la tarde del 8 de julio, hasta las 18 horas. Los marcados en naranja son los sensibles. \u2013 SoyMigrante.com REVISTA\" \/>\t\t\t\t\t\t\t\t\t\t\t<figcaption class=\"widget-image-caption wp-caption-text\">Sismo Guatemala, bolet\u00edn sismol\u00f3gico, eventos s\u00edsmicos sensibels, reporte de terremotos, monitoreo en tiempo real, catalogaci\u00f3n de sismos, Instituto Nacional de Sismolog\u00eda, volc\u00e1nolog\u00eda, meteorolog\u00eda.<\/figcaption>\n\t\t\t\t\t\t\t\t\t\t<\/figure>\n\t\t\t\t\t\t\t\t\t<\/div>\n\t\t\t\t\t<\/div>\n\t\t\t\t<\/div>\n\t\t<div data-particle_enable=\"false\" data-particle-mobile-disabled=\"false\" class=\"elementor-element elementor-element-5ee6d51 e-flex e-con-boxed e-con e-parent\" data-id=\"5ee6d51\" data-element_type=\"container\" data-e-type=\"container\">\n\t\t\t\t\t<div class=\"e-con-inner\">\n\t\t\t\t<div class=\"elementor-element elementor-element-c987f74 elementor-widget elementor-widget-video\" data-id=\"c987f74\" data-element_type=\"widget\" data-e-type=\"widget\" data-settings=\"{&quot;youtube_url&quot;:&quot;https:\\\/\\\/www.youtube.com\\\/watch?v=7s007tBRZqo&quot;,&quot;start&quot;:240,&quot;video_type&quot;:&quot;youtube&quot;,&quot;controls&quot;:&quot;yes&quot;}\" data-widget_type=\"video.default\">\n\t\t\t\t\t\t\t<div class=\"elementor-wrapper elementor-open-inline\">\n\t\t\t<div class=\"elementor-video\"><\/div>\t\t<\/div>\n\t\t\t\t\t\t<\/div>\n\t\t\t\t\t<\/div>\n\t\t\t\t<\/div>\n\t\t<div data-particle_enable=\"false\" data-particle-mobile-disabled=\"false\" class=\"elementor-element elementor-element-de02206 e-flex e-con-boxed e-con e-parent\" data-id=\"de02206\" data-element_type=\"container\" data-e-type=\"container\">\n\t\t\t\t\t<div class=\"e-con-inner\">\n\t\t\t\t<div class=\"elementor-element elementor-element-7cfdf23 elementor-widget elementor-widget-heading\" data-id=\"7cfdf23\" data-element_type=\"widget\" data-e-type=\"widget\" data-widget_type=\"heading.default\">\n\t\t\t\t\t<h3 class=\"elementor-heading-title elementor-size-default\">Mapas y epicentros de los sismos m\u00e1s fuertes <\/h3>\t\t\t\t<\/div>\n\t\t\t\t\t<\/div>\n\t\t\t\t<\/div>\n\t\t<div data-particle_enable=\"false\" data-particle-mobile-disabled=\"false\" class=\"elementor-element elementor-element-5d0d785 e-flex e-con-boxed e-con e-parent\" data-id=\"5d0d785\" data-element_type=\"container\" data-e-type=\"container\">\n\t\t\t\t\t<div class=\"e-con-inner\">\n\t\t\t\t<div class=\"elementor-element elementor-element-e4ae19f elementor-widget elementor-widget-image\" data-id=\"e4ae19f\" data-element_type=\"widget\" data-e-type=\"widget\" data-widget_type=\"image.default\">\n\t\t\t\t\t\t\t\t\t\t\t\t<figure class=\"wp-caption\">\n\t\t\t\t\t\t\t\t\t\t<img loading=\"lazy\" decoding=\"async\" width=\"1024\" height=\"1024\" src=\"https:\/\/soymigrante.com\/revista\/wp-content\/uploads\/2025\/07\/sismo-1549-1024x1024.jpg\" class=\"attachment-large size-large wp-image-38753\" alt=\"Terremoto registrado en Guatemala con magnitud 4.6, localizado en el departamento de Sacatepequez, informaci\u00f3n preliminar y sujeta a cambios, con coordenadas 14.452\u00b0 latitud y -90.738\u00b0 longitud.\" srcset=\"https:\/\/soymigrante.com\/revista\/wp-content\/uploads\/2025\/07\/sismo-1549-1024x1024.jpg 1024w, https:\/\/soymigrante.com\/revista\/wp-content\/uploads\/2025\/07\/sismo-1549-300x300.jpg 300w, https:\/\/soymigrante.com\/revista\/wp-content\/uploads\/2025\/07\/sismo-1549-150x150.jpg 150w, https:\/\/soymigrante.com\/revista\/wp-content\/uploads\/2025\/07\/sismo-1549-768x768.jpg 768w, https:\/\/soymigrante.com\/revista\/wp-content\/uploads\/2025\/07\/sismo-1549-1536x1536.jpg 1536w, https:\/\/soymigrante.com\/revista\/wp-content\/uploads\/2025\/07\/sismo-1549-75x75.webp 75w, https:\/\/soymigrante.com\/revista\/wp-content\/uploads\/2025\/07\/sismo-1549-750x750.webp 750w, https:\/\/soymigrante.com\/revista\/wp-content\/uploads\/2025\/07\/sismo-1549-1140x1140.webp 1140w, https:\/\/soymigrante.com\/revista\/wp-content\/uploads\/2025\/07\/sismo-1549.webp 1920w\" sizes=\"(max-width: 1024px) 100vw, 1024px\" title=\"Segundo sismo fue a\u00fan m\u00e1s sensible en el pa\u00eds \u2013 SoyMigrante.com REVISTA\" \/>\t\t\t\t\t\t\t\t\t\t\t<figcaption class=\"widget-image-caption wp-caption-text\">Terremoto registrado en Guatemala con magnitud 4.6, localizado en el departamento de Sacatepequez, informaci\u00f3n preliminar y sujeta a cambios, con coordenadas 14.452\u00b0 latitud y -90.738\u00b0 longitud.<\/figcaption>\n\t\t\t\t\t\t\t\t\t\t<\/figure>\n\t\t\t\t\t\t\t\t\t<\/div>\n\t\t\t\t\t<\/div>\n\t\t\t\t<\/div>\n\t\t<div data-particle_enable=\"false\" data-particle-mobile-disabled=\"false\" class=\"elementor-element elementor-element-296e31b e-flex e-con-boxed e-con e-parent\" data-id=\"296e31b\" data-element_type=\"container\" data-e-type=\"container\">\n\t\t\t\t\t<div class=\"e-con-inner\">\n\t\t\t\t<div class=\"elementor-element elementor-element-6b93f94 elementor-widget elementor-widget-image\" data-id=\"6b93f94\" data-element_type=\"widget\" data-e-type=\"widget\" data-widget_type=\"image.default\">\n\t\t\t\t\t\t\t\t\t\t\t\t<figure class=\"wp-caption\">\n\t\t\t\t\t\t\t\t\t\t<img loading=\"lazy\" decoding=\"async\" width=\"1024\" height=\"1024\" src=\"https:\/\/soymigrante.com\/revista\/wp-content\/uploads\/2025\/07\/sismo-1610-1024x1024.jpg\" class=\"attachment-large size-large wp-image-38758\" alt=\"Sismo registrado en Guatemala, magnitud 4.1, localizado en Santa Rosa, con profundidad de 14.32 km, evento s\u00edsmico preliminar afectando la regi\u00f3n epicentral del departamento de Santa Rosa.\" srcset=\"https:\/\/soymigrante.com\/revista\/wp-content\/uploads\/2025\/07\/sismo-1610-1024x1024.jpg 1024w, https:\/\/soymigrante.com\/revista\/wp-content\/uploads\/2025\/07\/sismo-1610-300x300.jpg 300w, https:\/\/soymigrante.com\/revista\/wp-content\/uploads\/2025\/07\/sismo-1610-150x150.jpg 150w, https:\/\/soymigrante.com\/revista\/wp-content\/uploads\/2025\/07\/sismo-1610-768x768.jpg 768w, https:\/\/soymigrante.com\/revista\/wp-content\/uploads\/2025\/07\/sismo-1610-1536x1536.jpg 1536w, https:\/\/soymigrante.com\/revista\/wp-content\/uploads\/2025\/07\/sismo-1610-75x75.webp 75w, https:\/\/soymigrante.com\/revista\/wp-content\/uploads\/2025\/07\/sismo-1610-750x750.webp 750w, https:\/\/soymigrante.com\/revista\/wp-content\/uploads\/2025\/07\/sismo-1610-1140x1140.webp 1140w, https:\/\/soymigrante.com\/revista\/wp-content\/uploads\/2025\/07\/sismo-1610.webp 1920w\" sizes=\"(max-width: 1024px) 100vw, 1024px\" title=\"Tercer sismo sensible en Guatemala la tarde del 8 de julio de 2025 \u2013 SoyMigrante.com REVISTA\" \/>\t\t\t\t\t\t\t\t\t\t\t<figcaption class=\"widget-image-caption wp-caption-text\">Sismo registrado en Guatemala, magnitud 4.1, localizado en Santa Rosa, con profundidad de 14.32 km, evento s\u00edsmico preliminar afectando la regi\u00f3n epicentral del departamento de Santa Rosa.<\/figcaption>\n\t\t\t\t\t\t\t\t\t\t<\/figure>\n\t\t\t\t\t\t\t\t\t<\/div>\n\t\t\t\t\t<\/div>\n\t\t\t\t<\/div>\n\t\t<div data-particle_enable=\"false\" data-particle-mobile-disabled=\"false\" class=\"elementor-element elementor-element-2f3f59b e-flex e-con-boxed e-con e-parent\" data-id=\"2f3f59b\" data-element_type=\"container\" data-e-type=\"container\">\n\t\t\t\t\t<div class=\"e-con-inner\">\n\t\t\t\t<div class=\"elementor-element elementor-element-9cd6df5 elementor-widget elementor-widget-image\" data-id=\"9cd6df5\" data-element_type=\"widget\" data-e-type=\"widget\" data-widget_type=\"image.default\">\n\t\t\t\t\t\t\t\t\t\t\t\t<figure class=\"wp-caption\">\n\t\t\t\t\t\t\t\t\t\t<img loading=\"lazy\" decoding=\"async\" width=\"1024\" height=\"1024\" src=\"https:\/\/soymigrante.com\/revista\/wp-content\/uploads\/2025\/07\/sismo-1646-1024x1024.jpg\" class=\"attachment-large size-large wp-image-38760\" alt=\"Registrado sismo de magnitud 3.3 en la regi\u00f3n epicentral del departamento de Escuintla en Guatemala, con coordenadas 14.432\u00b0 latitud y -90.717\u00b0 longitud, a 2.02 km de profundidad, registrado el 8 de julio de 2025 a las 16:46.\" srcset=\"https:\/\/soymigrante.com\/revista\/wp-content\/uploads\/2025\/07\/sismo-1646-1024x1024.jpg 1024w, https:\/\/soymigrante.com\/revista\/wp-content\/uploads\/2025\/07\/sismo-1646-300x300.jpg 300w, https:\/\/soymigrante.com\/revista\/wp-content\/uploads\/2025\/07\/sismo-1646-150x150.jpg 150w, https:\/\/soymigrante.com\/revista\/wp-content\/uploads\/2025\/07\/sismo-1646-768x768.jpg 768w, https:\/\/soymigrante.com\/revista\/wp-content\/uploads\/2025\/07\/sismo-1646-1536x1536.jpg 1536w, https:\/\/soymigrante.com\/revista\/wp-content\/uploads\/2025\/07\/sismo-1646-75x75.webp 75w, https:\/\/soymigrante.com\/revista\/wp-content\/uploads\/2025\/07\/sismo-1646-750x750.webp 750w, https:\/\/soymigrante.com\/revista\/wp-content\/uploads\/2025\/07\/sismo-1646-1140x1140.webp 1140w, https:\/\/soymigrante.com\/revista\/wp-content\/uploads\/2025\/07\/sismo-1646.webp 1920w\" sizes=\"(max-width: 1024px) 100vw, 1024px\" title=\"Cuarto sismo sensible en el pa\u00eds, a las 16.46 \u2013 SoyMigrante.com REVISTA\" \/>\t\t\t\t\t\t\t\t\t\t\t<figcaption class=\"widget-image-caption wp-caption-text\">Registrado sismo de magnitud 3.3 en la regi\u00f3n epicentral del departamento de Escuintla en Guatemala, con coordenadas 14.432\u00b0 latitud y -90.717\u00b0 longitud, a 2.02 km de profundidad, registrado el 8 de julio de 2025 a las 16:46.<\/figcaption>\n\t\t\t\t\t\t\t\t\t\t<\/figure>\n\t\t\t\t\t\t\t\t\t<\/div>\n\t\t\t\t\t<\/div>\n\t\t\t\t<\/div>\n\t\t<div data-particle_enable=\"false\" data-particle-mobile-disabled=\"false\" class=\"elementor-element elementor-element-5384a23 e-flex e-con-boxed e-con e-parent\" data-id=\"5384a23\" data-element_type=\"container\" data-e-type=\"container\">\n\t\t\t\t\t<div class=\"e-con-inner\">\n\t\t\t\t<div class=\"elementor-element elementor-element-8d9ffb3 elementor-widget elementor-widget-image\" data-id=\"8d9ffb3\" data-element_type=\"widget\" data-e-type=\"widget\" data-widget_type=\"image.default\">\n\t\t\t\t\t\t\t\t\t\t\t\t<figure class=\"wp-caption\">\n\t\t\t\t\t\t\t\t\t\t<img loading=\"lazy\" decoding=\"async\" width=\"1024\" height=\"1024\" src=\"https:\/\/soymigrante.com\/revista\/wp-content\/uploads\/2025\/07\/sismo-17-59-1024x1024.jpg\" class=\"attachment-large size-large wp-image-38775\" alt=\"Alto contenido s\u00edsmico en Escuintla, Guatemala, con magnitud 3.5, seg\u00fan el reporte del Departamento de Sismolog\u00eda de Guatemala, emitido el 8 de julio de 2025.\" srcset=\"https:\/\/soymigrante.com\/revista\/wp-content\/uploads\/2025\/07\/sismo-17-59-1024x1024.jpg 1024w, https:\/\/soymigrante.com\/revista\/wp-content\/uploads\/2025\/07\/sismo-17-59-300x300.jpg 300w, https:\/\/soymigrante.com\/revista\/wp-content\/uploads\/2025\/07\/sismo-17-59-150x150.jpg 150w, https:\/\/soymigrante.com\/revista\/wp-content\/uploads\/2025\/07\/sismo-17-59-768x768.jpg 768w, https:\/\/soymigrante.com\/revista\/wp-content\/uploads\/2025\/07\/sismo-17-59-1536x1536.jpg 1536w, https:\/\/soymigrante.com\/revista\/wp-content\/uploads\/2025\/07\/sismo-17-59-75x75.webp 75w, https:\/\/soymigrante.com\/revista\/wp-content\/uploads\/2025\/07\/sismo-17-59-750x750.webp 750w, https:\/\/soymigrante.com\/revista\/wp-content\/uploads\/2025\/07\/sismo-17-59-1140x1140.webp 1140w, https:\/\/soymigrante.com\/revista\/wp-content\/uploads\/2025\/07\/sismo-17-59.webp 1920w\" sizes=\"(max-width: 1024px) 100vw, 1024px\" title=\"Al final de la tarde hubo otro sismo sensible, con epicentro en la misma \u00e1rea entre Sacatep\u00e9quez y Escuintla \u2013 SoyMigrante.com REVISTA\" \/>\t\t\t\t\t\t\t\t\t\t\t<figcaption class=\"widget-image-caption wp-caption-text\">Consulta el informe preliminar sobre el sismo registrado en la regi\u00f3n epicentral de Escuintla, Guatemala, con magnitud 3.5, detallando la ubicaci\u00f3n y las caracter\u00edsticas del evento s\u00edsmico.<\/figcaption>\n\t\t\t\t\t\t\t\t\t\t<\/figure>\n\t\t\t\t\t\t\t\t\t<\/div>\n\t\t\t\t\t<\/div>\n\t\t\t\t<\/div>\n\t\t<div data-particle_enable=\"false\" data-particle-mobile-disabled=\"false\" class=\"elementor-element elementor-element-b28ed64 e-flex e-con-boxed e-con e-parent\" data-id=\"b28ed64\" data-element_type=\"container\" data-e-type=\"container\">\n\t\t\t\t\t<div class=\"e-con-inner\">\n\t\t\t\t<div class=\"elementor-element elementor-element-83410e5 elementor-grid-eael-col-3 elementor-grid-tablet-eael-col-2 elementor-grid-mobile-eael-col-1 elementor-invisible elementor-widget elementor-widget-eael-post-grid\" data-id=\"83410e5\" data-element_type=\"widget\" data-e-type=\"widget\" data-settings=\"{&quot;eael_post_grid_columns&quot;:&quot;eael-col-3&quot;,&quot;_animation&quot;:&quot;rollIn&quot;,&quot;eael_post_grid_columns_tablet&quot;:&quot;eael-col-2&quot;,&quot;eael_post_grid_columns_mobile&quot;:&quot;eael-col-1&quot;}\" data-widget_type=\"eael-post-grid.default\">\n\t\t\t\t\t<div id=\"eael-post-grid-83410e5\" class=\"eael-post-grid-container\">\n            <div class=\"eael-post-grid eael-post-appender eael-post-appender-83410e5 eael-post-grid-style-one\" data-layout-mode=\"masonry\"><article class=\"eael-grid-post  eael-post-grid-column eael-pg-post-18069 category-guate-nuestra\" data-id=\"18069\">\n        <div class=\"eael-grid-post-holder\">\n            <div class=\"eael-grid-post-holder-inner\"><div class=\"eael-entry-media\"><div class=\"eael-entry-overlay fade-in\"><i class=\"far fa-hand-pointer\" aria-hidden=\"true\"><\/i><a href=\"https:\/\/soymigrante.com\/revista\/en-la-navidad-de-1917-terremotos-azotan-a-guatemala-un-testigo-migrante-relata-lo-que-vivio\/\"><\/a><\/div><div class=\"eael-entry-thumbnail \">\n                <img loading=\"lazy\" decoding=\"async\" width=\"460\" height=\"460\" src=\"https:\/\/soymigrante.com\/revista\/wp-content\/uploads\/2024\/12\/terremoto-1917-18.jpg\" class=\"attachment-large size-large wp-image-50246\" alt=\"terremoto 1917 18\" srcset=\"https:\/\/soymigrante.com\/revista\/wp-content\/uploads\/2024\/12\/terremoto-1917-18.jpg 460w, https:\/\/soymigrante.com\/revista\/wp-content\/uploads\/2024\/12\/terremoto-1917-18-300x300.jpg 300w, https:\/\/soymigrante.com\/revista\/wp-content\/uploads\/2024\/12\/terremoto-1917-18-150x150.jpg 150w, https:\/\/soymigrante.com\/revista\/wp-content\/uploads\/2024\/12\/terremoto-1917-18-75x75.jpg 75w\" sizes=\"(max-width: 460px) 100vw, 460px\" \/>\n            <\/div>\n        <\/div><div class=\"eael-entry-wrapper\"><header class=\"eael-entry-header\"><h2 class=\"eael-entry-title\"><a class=\"eael-grid-post-link\" href=\"https:\/\/soymigrante.com\/revista\/en-la-navidad-de-1917-terremotos-azotan-a-guatemala-un-testigo-migrante-relata-lo-que-vivio\/\" title=\"As\u00ed relata un testigo los devastadores terremotos de diciembre 1917-18 en Guatemala\">As\u00ed relata un testigo los devastadores terremotos de diciembre 1917-18 en Guatemala<\/a><\/h2><\/header><div class=\"eael-entry-content\">\n                        <div class=\"eael-grid-post-excerpt\"><a href=\"https:\/\/soymigrante.com\/revista\/en-la-navidad-de-1917-terremotos-azotan-a-guatemala-un-testigo-migrante-relata-lo-que-vivio\/\" class=\"eael-post-elements-readmore-btn\">CONOCE SU HISTORIA <\/a><\/div>\n                    <\/div><\/div><\/div>\n        <\/div>\n    <\/article><article class=\"eael-grid-post  eael-post-grid-column eael-pg-post-36783 category-estamos-unidos\" data-id=\"36783\">\n        <div class=\"eael-grid-post-holder\">\n            <div class=\"eael-grid-post-holder-inner\"><div class=\"eael-entry-media\"><div class=\"eael-entry-overlay fade-in\"><i class=\"far fa-hand-pointer\" aria-hidden=\"true\"><\/i><a href=\"https:\/\/soymigrante.com\/revista\/actuar-con-serenidad-en-una-emergencia-puede-salvar-vidas-en-usa-y-guatemala\/\"><\/a><\/div><div class=\"eael-entry-thumbnail \">\n                <img loading=\"lazy\" decoding=\"async\" width=\"1024\" height=\"461\" src=\"https:\/\/soymigrante.com\/revista\/wp-content\/uploads\/2025\/06\/desastre-natural-portada-1024x461.jpg\" class=\"attachment-large size-large wp-image-36784\" alt=\"Da\u00f1os por inundaciones en comunidad rural con rescatistas en agua.\" srcset=\"https:\/\/soymigrante.com\/revista\/wp-content\/uploads\/2025\/06\/desastre-natural-portada-1024x461.jpg 1024w, https:\/\/soymigrante.com\/revista\/wp-content\/uploads\/2025\/06\/desastre-natural-portada-300x135.jpg 300w, https:\/\/soymigrante.com\/revista\/wp-content\/uploads\/2025\/06\/desastre-natural-portada-768x346.jpg 768w, https:\/\/soymigrante.com\/revista\/wp-content\/uploads\/2025\/06\/desastre-natural-portada-1536x691.jpg 1536w, https:\/\/soymigrante.com\/revista\/wp-content\/uploads\/2025\/06\/desastre-natural-portada-750x338.jpg 750w, https:\/\/soymigrante.com\/revista\/wp-content\/uploads\/2025\/06\/desastre-natural-portada-1140x513.jpg 1140w, https:\/\/soymigrante.com\/revista\/wp-content\/uploads\/2025\/06\/desastre-natural-portada.webp 1600w\" sizes=\"(max-width: 1024px) 100vw, 1024px\" \/>\n            <\/div>\n        <\/div><div class=\"eael-entry-wrapper\"><header class=\"eael-entry-header\"><h2 class=\"eael-entry-title\"><a class=\"eael-grid-post-link\" href=\"https:\/\/soymigrante.com\/revista\/actuar-con-serenidad-en-una-emergencia-puede-salvar-vidas-en-usa-y-guatemala\/\" title=\"Actuar con serenidad en una emergencia por sismo o clima puede salvar vidas en USA y Guatemala\">Actuar con serenidad en una emergencia por sismo o clima puede salvar vidas en USA y Guatemala<\/a><\/h2><\/header><div class=\"eael-entry-content\">\n                        <div class=\"eael-grid-post-excerpt\"><a href=\"https:\/\/soymigrante.com\/revista\/actuar-con-serenidad-en-una-emergencia-puede-salvar-vidas-en-usa-y-guatemala\/\" class=\"eael-post-elements-readmore-btn\">CONOCE SU HISTORIA <\/a><\/div>\n                    <\/div><\/div><\/div>\n        <\/div>\n    <\/article><article class=\"eael-grid-post  eael-post-grid-column eael-pg-post-12593 category-bienestar\" data-id=\"12593\">\n        <div class=\"eael-grid-post-holder\">\n            <div class=\"eael-grid-post-holder-inner\"><div class=\"eael-entry-media\"><div class=\"eael-entry-overlay fade-in\"><i class=\"far fa-hand-pointer\" aria-hidden=\"true\"><\/i><a href=\"https:\/\/soymigrante.com\/revista\/con-inquietud-o-incertidumbre-claves-para-mantener-la-serenidad\/\"><\/a><\/div><div class=\"eael-entry-thumbnail \">\n                <img loading=\"lazy\" decoding=\"async\" width=\"683\" height=\"687\" src=\"https:\/\/soymigrante.com\/revista\/wp-content\/uploads\/2024\/11\/hispano-sereno.webp\" class=\"attachment-large size-large wp-image-12604\" alt=\"Estudiante inmigrante revisando noticias en su tel\u00e9fono en un entorno moderno, promoviendo la integraci\u00f3n y el talento de los migrantes.\" srcset=\"https:\/\/soymigrante.com\/revista\/wp-content\/uploads\/2024\/11\/hispano-sereno.webp 683w, https:\/\/soymigrante.com\/revista\/wp-content\/uploads\/2024\/11\/hispano-sereno-298x300.webp 298w, https:\/\/soymigrante.com\/revista\/wp-content\/uploads\/2024\/11\/hispano-sereno-150x150.webp 150w, https:\/\/soymigrante.com\/revista\/wp-content\/uploads\/2024\/11\/hispano-sereno-75x75.webp 75w\" sizes=\"(max-width: 683px) 100vw, 683px\" \/>\n            <\/div>\n        <\/div><div class=\"eael-entry-wrapper\"><header class=\"eael-entry-header\"><h2 class=\"eael-entry-title\"><a class=\"eael-grid-post-link\" href=\"https:\/\/soymigrante.com\/revista\/con-inquietud-o-incertidumbre-claves-para-mantener-la-serenidad\/\" title=\"\u00bfCon inquietud o incertidumbre? Claves para mantener la serenidad\">\u00bfCon inquietud o incertidumbre? Claves para mantener la serenidad<\/a><\/h2><\/header><div class=\"eael-entry-content\">\n                        <div class=\"eael-grid-post-excerpt\"><a href=\"https:\/\/soymigrante.com\/revista\/con-inquietud-o-incertidumbre-claves-para-mantener-la-serenidad\/\" class=\"eael-post-elements-readmore-btn\">CONOCE SU HISTORIA <\/a><\/div>\n                    <\/div><\/div><\/div>\n        <\/div>\n    <\/article><\/div>\n            <div class=\"clearfix\"><\/div>\n        <\/div>\t\t\t\t<\/div>\n\t\t\t\t\t<\/div>\n\t\t\t\t<\/div>\n\t\t\t\t<\/div>\n\t\t","protected":false},"excerpt":{"rendered":"<p>M\u00e1s de 560 r\u00e9plicas de sismos se reportan entre el 8 y 11 de julio en Guatemala pero solo 29 han sido sensibles. Hasta ahora se registran cinco personas fallecidas. Cifras de da\u00f1os aqu\u00ed: Nota publicada el 8 de julio y actualizada el 12 de julio a las 0.00 horas Guatemala se encuentra en alerta [&hellip;]<\/p>\n","protected":false},"author":7,"featured_media":38737,"comment_status":"open","ping_status":"open","sticky":false,"template":"","format":"standard","meta":{"_acf_changed":false,"_eb_attr":"","footnotes":""},"categories":[54],"tags":[],"class_list":["post-38734","post","type-post","status-publish","format-standard","has-post-thumbnail","hentry","category-estamos-unidos"],"acf":[],"aioseo_notices":[],"aioseo_head":"\n\t\t<!-- All in One SEO Pro 4.9.6.2 - aioseo.com -->\n\t<meta name=\"description\" content=\"Mantener la calma en la incertidumbre no es f\u00e1cil, pero es posible con estrategias adecuadas que fortalezcan el bienestar mental y emocional. En un mundo cada vez m\u00e1s impredecible, enfrentarse a la incertidumbre se ha convertido en parte de la vida cotidiana. La falta de control sobre el futuro, los cambios econ\u00f3micos, y las transformaciones\" \/>\n\t<meta name=\"robots\" content=\"max-snippet:-1, max-image-preview:large, max-video-preview:-1\" \/>\n\t<meta name=\"author\" content=\"Gustavo Montenegro\"\/>\n\t<link rel=\"canonical\" href=\"https:\/\/soymigrante.com\/revista\/sismos-en-guatemala-hoy-pais-esta-en-alerta-naranja-por-temblores\/\" \/>\n\t<meta name=\"generator\" content=\"All in One SEO Pro (AIOSEO) 4.9.6.2\" \/>\n\n\t\t<link rel=\"preconnect\" href=\"https:\/\/fonts.googleapis.com\" crossorigin>\n<link rel=\"preconnect\" href=\"https:\/\/fonts.gstatic.com\" crossorigin>\n\t\t<meta property=\"og:locale\" content=\"es_ES\" \/>\n\t\t<meta property=\"og:site_name\" content=\"SoyMigrante.com REVISTA \u2013 Nuestra misi\u00f3n es reconocer y dignificar al migrante.\" \/>\n\t\t<meta property=\"og:type\" content=\"article\" \/>\n\t\t<meta property=\"og:title\" content=\"Sismos en Guatemala : cifras actualizadas de r\u00e9plicas, afectados y da\u00f1os\" \/>\n\t\t<meta property=\"og:description\" content=\"M\u00e1s de 500 r\u00e9plicas de sismos en cuatro d\u00edas. Epicentros siguen entre Escuintla y Sacatep\u00e9quez. Datos actualizados de afectados seg\u00fan Conred\" \/>\n\t\t<meta property=\"og:url\" content=\"https:\/\/soymigrante.com\/revista\/sismos-en-guatemala-hoy-pais-esta-en-alerta-naranja-por-temblores\/\" \/>\n\t\t<meta property=\"og:image\" content=\"https:\/\/soymigrante.com\/revista\/wp-content\/uploads\/2025\/07\/sismos-en-guatemala-temblores-en-guatemala.webp\" \/>\n\t\t<meta property=\"og:image:secure_url\" content=\"https:\/\/soymigrante.com\/revista\/wp-content\/uploads\/2025\/07\/sismos-en-guatemala-temblores-en-guatemala.webp\" \/>\n\t\t<meta property=\"og:image:width\" content=\"776\" \/>\n\t\t<meta property=\"og:image:height\" content=\"776\" \/>\n\t\t<meta property=\"article:published_time\" content=\"2025-07-09T00:15:48+00:00\" \/>\n\t\t<meta property=\"article:modified_time\" content=\"2025-09-16T14:21:05+00:00\" \/>\n\t\t<meta property=\"article:publisher\" content=\"https:\/\/www.facebook.com\/soymigrantecom\" \/>\n\t\t<meta name=\"twitter:card\" content=\"summary_large_image\" \/>\n\t\t<meta name=\"twitter:site\" content=\"@SoyMigrante_com\" \/>\n\t\t<meta name=\"twitter:title\" content=\"Sismos en Guatemala : cifras actualizadas de r\u00e9plicas, afectados y da\u00f1os\" \/>\n\t\t<meta name=\"twitter:description\" content=\"M\u00e1s de 500 r\u00e9plicas de sismos en cuatro d\u00edas. Epicentros siguen entre Escuintla y Sacatep\u00e9quez. Datos actualizados de afectados seg\u00fan Conred\" \/>\n\t\t<meta name=\"twitter:creator\" content=\"@SoyMigrante_com\" \/>\n\t\t<meta name=\"twitter:image\" content=\"https:\/\/soymigrante.com\/revista\/wp-content\/uploads\/2025\/07\/sismos-en-guatemala-temblores-en-guatemala.webp\" \/>\n\t\t<!-- All in One SEO Pro -->\r\n\t\t<title>Sismos en Guatemala : cifras actualizadas de r\u00e9plicas, afectados y da\u00f1os<\/title>\n\n","aioseo_head_json":{"title":"Sismos en Guatemala : cifras actualizadas de r\u00e9plicas, afectados y da\u00f1os","description":"M\u00e1s de 500 r\u00e9plicas de sismos en cuatro d\u00edas. Epicentros siguen entre Escuintla y Sacatep\u00e9quez. Datos actualizados de afectados seg\u00fan Conred","canonical_url":"https:\/\/soymigrante.com\/revista\/sismos-en-guatemala-hoy-pais-esta-en-alerta-naranja-por-temblores\/","robots":"max-snippet:-1, max-image-preview:large, max-video-preview:-1","keywords":"","webmasterTools":{"miscellaneous":"&lt;link rel=\"preconnect\" href=\"https:\/\/fonts.googleapis.com\" crossorigin&gt;\n&lt;link rel=\"preconnect\" href=\"https:\/\/fonts.gstatic.com\" crossorigin&gt;"},"schema":null,"og:locale":"es_ES","og:site_name":"SoyMigrante.com REVISTA \u2013 Nuestra misi\u00f3n es reconocer y dignificar al migrante.","og:type":"article","og:title":"Sismos en Guatemala : cifras actualizadas de r\u00e9plicas, afectados y da\u00f1os","og:description":"M\u00e1s de 500 r\u00e9plicas de sismos en cuatro d\u00edas. Epicentros siguen entre Escuintla y Sacatep\u00e9quez. Datos actualizados de afectados seg\u00fan Conred","og:url":"https:\/\/soymigrante.com\/revista\/sismos-en-guatemala-hoy-pais-esta-en-alerta-naranja-por-temblores\/","og:image":"https:\/\/soymigrante.com\/revista\/wp-content\/uploads\/2025\/07\/sismos-en-guatemala-temblores-en-guatemala.webp","og:image:secure_url":"https:\/\/soymigrante.com\/revista\/wp-content\/uploads\/2025\/07\/sismos-en-guatemala-temblores-en-guatemala.webp","og:image:width":776,"og:image:height":776,"article:published_time":"2025-07-09T00:15:48+00:00","article:modified_time":"2025-09-16T14:21:05+00:00","article:publisher":"https:\/\/www.facebook.com\/soymigrantecom","twitter:card":"summary_large_image","twitter:site":"@SoyMigrante_com","twitter:title":"Sismos en Guatemala : cifras actualizadas de r\u00e9plicas, afectados y da\u00f1os","twitter:description":"M\u00e1s de 500 r\u00e9plicas de sismos en cuatro d\u00edas. Epicentros siguen entre Escuintla y Sacatep\u00e9quez. Datos actualizados de afectados seg\u00fan Conred","twitter:creator":"@SoyMigrante_com","twitter:image":"https:\/\/soymigrante.com\/revista\/wp-content\/uploads\/2025\/07\/sismos-en-guatemala-temblores-en-guatemala.webp"},"aioseo_meta_data":{"post_id":"38734","title":null,"description":"M\u00e1s de 500 r\u00e9plicas de sismos en cuatro d\u00edas. Epicentros siguen entre Escuintla y Sacatep\u00e9quez. Datos actualizados de afectados seg\u00fan Conred","keywords":null,"keyphrases":{"focus":{"keyphrase":"Sismos","score":91,"analysis":{"keyphraseInTitle":{"score":9,"maxScore":9,"error":0},"keyphraseInDescription":{"score":9,"maxScore":9,"error":0},"keyphraseLength":{"score":9,"maxScore":9,"error":0,"length":1},"keyphraseInURL":{"score":5,"maxScore":5,"error":0},"keyphraseInIntroduction":{"score":3,"maxScore":9,"error":1},"keyphraseInSubHeadings":{"score":9,"maxScore":9,"error":0},"keyphraseInImageAlt":{"score":9,"maxScore":9,"error":0},"keywordDensity":{"type":"best","score":9,"maxScore":9,"error":0}}},"additional":[{"keyphrase":"sismo","score":73,"analysis":{"keyphraseInDescription":{"score":3,"maxScore":9,"error":1},"keyphraseLength":{"score":9,"maxScore":9,"error":0,"length":1},"keyphraseInIntroduction":{"score":3,"maxScore":9,"error":1},"keyphraseInImageAlt":{"score":9,"maxScore":9,"error":0},"keywordDensity":{"type":"best","score":9,"maxScore":9,"error":0}}},{"keyphrase":"Guatemala","score":73,"analysis":{"keyphraseInDescription":{"score":3,"maxScore":9,"error":1},"keyphraseLength":{"score":9,"maxScore":9,"error":0,"length":1},"keyphraseInIntroduction":{"score":3,"maxScore":9,"error":1},"keyphraseInImageAlt":{"score":9,"maxScore":9,"error":0},"keywordDensity":{"type":"best","score":9,"maxScore":9,"error":0}}}]},"primary_term":null,"canonical_url":null,"og_title":null,"og_description":null,"og_object_type":"default","og_image_type":"default","og_image_url":null,"og_image_width":null,"og_image_height":null,"og_image_custom_url":null,"og_image_custom_fields":null,"og_video":"","og_custom_url":null,"og_article_section":null,"og_article_tags":null,"twitter_use_og":false,"twitter_card":"default","twitter_image_type":"default","twitter_image_url":null,"twitter_image_custom_url":null,"twitter_image_custom_fields":null,"twitter_title":null,"twitter_description":null,"schema":{"blockGraphs":[],"customGraphs":[],"default":{"data":{"Article":[],"Course":[],"Dataset":[],"FAQPage":[],"Movie":[],"Person":[],"Product":[],"ProductReview":[],"Car":[],"Recipe":[],"Service":[],"SoftwareApplication":[],"WebPage":[]},"graphName":"none","isEnabled":true},"graphs":[]},"schema_type":"default","schema_type_options":null,"pillar_content":false,"robots_default":true,"robots_noindex":false,"robots_noarchive":false,"robots_nosnippet":false,"robots_nofollow":false,"robots_noimageindex":false,"robots_noodp":false,"robots_notranslate":false,"robots_max_snippet":"-1","robots_max_videopreview":"-1","robots_max_imagepreview":"large","priority":null,"frequency":"default","local_seo":null,"seo_analyzer_scan_date":"2025-10-09 06:38:08","breadcrumb_settings":null,"limit_modified_date":false,"reviewed_by":"0","open_ai":null,"ai":{"faqs":[],"keyPoints":[],"titles":[],"descriptions":[],"socialPosts":{"email":[],"linkedin":[],"twitter":[],"facebook":[],"instagram":[]}},"created":"2025-07-08 23:56:49","updated":"2026-02-05 02:53:47"},"aioseo_breadcrumb":"<div class=\"aioseo-breadcrumbs\"><span class=\"aioseo-breadcrumb\">\n\t<a href=\"https:\/\/soymigrante.com\/revista\" title=\"Home\">Home<\/a>\n<\/span><span class=\"aioseo-breadcrumb-separator\">\u00bb<\/span><span class=\"aioseo-breadcrumb\">\n\t<a href=\"https:\/\/soymigrante.com\/revista\/category\/estamos-unidos\/\" title=\"Estamos Unidos\">Estamos Unidos<\/a>\n<\/span><span class=\"aioseo-breadcrumb-separator\">\u00bb<\/span><span class=\"aioseo-breadcrumb\">\n\tSismos en Guatemala : cifras actualizadas de r\u00e9plicas, afectados y da\u00f1os\n<\/span><\/div>","aioseo_breadcrumb_json":[{"label":"Home","link":"https:\/\/soymigrante.com\/revista"},{"label":"Estamos Unidos","link":"https:\/\/soymigrante.com\/revista\/category\/estamos-unidos\/"},{"label":"Sismos en Guatemala : cifras actualizadas de r\u00e9plicas, afectados y da\u00f1os","link":"https:\/\/soymigrante.com\/revista\/sismos-en-guatemala-hoy-pais-esta-en-alerta-naranja-por-temblores\/"}],"_links":{"self":[{"href":"https:\/\/soymigrante.com\/revista\/wp-json\/wp\/v2\/posts\/38734","targetHints":{"allow":["GET"]}}],"collection":[{"href":"https:\/\/soymigrante.com\/revista\/wp-json\/wp\/v2\/posts"}],"about":[{"href":"https:\/\/soymigrante.com\/revista\/wp-json\/wp\/v2\/types\/post"}],"author":[{"embeddable":true,"href":"https:\/\/soymigrante.com\/revista\/wp-json\/wp\/v2\/users\/7"}],"replies":[{"embeddable":true,"href":"https:\/\/soymigrante.com\/revista\/wp-json\/wp\/v2\/comments?post=38734"}],"version-history":[{"count":64,"href":"https:\/\/soymigrante.com\/revista\/wp-json\/wp\/v2\/posts\/38734\/revisions"}],"predecessor-version":[{"id":44898,"href":"https:\/\/soymigrante.com\/revista\/wp-json\/wp\/v2\/posts\/38734\/revisions\/44898"}],"wp:featuredmedia":[{"embeddable":true,"href":"https:\/\/soymigrante.com\/revista\/wp-json\/wp\/v2\/media\/38737"}],"wp:attachment":[{"href":"https:\/\/soymigrante.com\/revista\/wp-json\/wp\/v2\/media?parent=38734"}],"wp:term":[{"taxonomy":"category","embeddable":true,"href":"https:\/\/soymigrante.com\/revista\/wp-json\/wp\/v2\/categories?post=38734"},{"taxonomy":"post_tag","embeddable":true,"href":"https:\/\/soymigrante.com\/revista\/wp-json\/wp\/v2\/tags?post=38734"}],"curies":[{"name":"wp","href":"https:\/\/api.w.org\/{rel}","templated":true}]}}