{"id":38714,"date":"2025-07-13T09:16:13","date_gmt":"2025-07-13T15:16:13","guid":{"rendered":"https:\/\/soymigrante.com\/revista\/?p=38714"},"modified":"2025-07-13T09:16:21","modified_gmt":"2025-07-13T15:16:21","slug":"el-palacio-de-los-capitanes-generales-de-antigua-guatemala-es-un-icono-del-pais","status":"publish","type":"post","link":"https:\/\/soymigrante.com\/revista\/el-palacio-de-los-capitanes-generales-de-antigua-guatemala-es-un-icono-del-pais\/","title":{"rendered":"El Palacio de los Capitanes Generales de Antigua Guatemala es un \u00edcono del pa\u00eds"},"content":{"rendered":"\t\t<div data-elementor-type=\"wp-post\" data-elementor-id=\"38714\" class=\"elementor elementor-38714\" data-elementor-post-type=\"post\">\n\t\t\t\t<div data-particle_enable=\"false\" data-particle-mobile-disabled=\"false\" class=\"elementor-element elementor-element-b09807b e-flex e-con-boxed e-con e-parent\" data-id=\"b09807b\" data-element_type=\"container\" data-e-type=\"container\">\n\t\t\t\t\t<div class=\"e-con-inner\">\n\t\t\t\t<div class=\"elementor-element elementor-element-f35310b elementor-widget elementor-widget-heading\" data-id=\"f35310b\" data-element_type=\"widget\" data-e-type=\"widget\" data-widget_type=\"heading.default\">\n\t\t\t\t\t<h2 class=\"elementor-heading-title elementor-size-default\">El Palacio de los Capitanes Generales de Antigua Guatemala es un lugar lleno de historia.<\/h2>\t\t\t\t<\/div>\n\t\t\t\t\t<\/div>\n\t\t\t\t<\/div>\n\t\t<div data-particle_enable=\"false\" data-particle-mobile-disabled=\"false\" class=\"elementor-element elementor-element-7ba0444 e-flex e-con-boxed e-con e-parent\" data-id=\"7ba0444\" data-element_type=\"container\" data-e-type=\"container\">\n\t\t\t\t\t<div class=\"e-con-inner\">\n\t\t\t\t<div class=\"elementor-element elementor-element-ca63e5b elementor-widget elementor-widget-text-editor\" data-id=\"ca63e5b\" data-element_type=\"widget\" data-e-type=\"widget\" data-widget_type=\"text-editor.default\">\n\t\t\t\t\t\t\t\t\t<p><a href=\"https:\/\/soymigrante.com\/revista\/san-juan-del-obispo-pueblo-vecino-de-antigua-guatemala-reconocido-en-best-tourism-village-2024\/\" target=\"_blank\" rel=\"noopener\">Ubicado en el coraz\u00f3n de Antigua Guatemala<\/a>, frente al Parque Central, el Palacio de los Capitanes Generales es uno de los edificios coloniales m\u00e1s imponentes y emblem\u00e1ticos del pa\u00eds.<\/p><p>Con una historia que se remonta al siglo XVI, este inmueble fue durante m\u00e1s de 200 a\u00f1os el centro del poder pol\u00edtico, militar y administrativo del Reino de Guatemala, cuando esta ciudad era la capital de la Capitan\u00eda General que abarcaba desde Chiapas hasta Costa Rica.<\/p>\t\t\t\t\t\t\t\t<\/div>\n\t\t\t\t\t<\/div>\n\t\t\t\t<\/div>\n\t\t<div data-particle_enable=\"false\" data-particle-mobile-disabled=\"false\" class=\"elementor-element elementor-element-b5ce712 e-flex e-con-boxed e-con e-parent\" data-id=\"b5ce712\" data-element_type=\"container\" data-e-type=\"container\">\n\t\t\t\t\t<div class=\"e-con-inner\">\n\t\t\t\t<div class=\"elementor-element elementor-element-727f8a1 elementor-widget elementor-widget-heading\" data-id=\"727f8a1\" data-element_type=\"widget\" data-e-type=\"widget\" data-widget_type=\"heading.default\">\n\t\t\t\t\t<h3 class=\"elementor-heading-title elementor-size-default\">Una joya del per\u00edodo colonial<\/h3>\t\t\t\t<\/div>\n\t\t\t\t\t<\/div>\n\t\t\t\t<\/div>\n\t\t<div data-particle_enable=\"false\" data-particle-mobile-disabled=\"false\" class=\"elementor-element elementor-element-1128200 e-flex e-con-boxed e-con e-parent\" data-id=\"1128200\" data-element_type=\"container\" data-e-type=\"container\">\n\t\t\t\t\t<div class=\"e-con-inner\">\n\t\t\t\t<div class=\"elementor-element elementor-element-201fb75 elementor-widget elementor-widget-text-editor\" data-id=\"201fb75\" data-element_type=\"widget\" data-e-type=\"widget\" data-widget_type=\"text-editor.default\">\n\t\t\t\t\t\t\t\t\t<p><a href=\"https:\/\/soymigrante.com\/revista\/san-juan-del-obispo-pueblo-vecino-de-antigua-guatemala-reconocido-en-best-tourism-village-2024\/\" target=\"_blank\" rel=\"noopener\">La construcci\u00f3n del palacio inici\u00f3 alrededor de 1558, aunque fue finalizado en distintas etapas.<\/a> Su arquitectura refleja la grandeza del poder espa\u00f1ol en Am\u00e9rica Central, con una fachada de dos niveles de arcos de medio punto que hoy en d\u00eda sigue capturando la atenci\u00f3n de miles de visitantes nacionales e internacionales.<\/p><p>El edificio funcionaba como sede del Gobierno de la Capitan\u00eda General de Guatemala, desde donde despachaban los capitanes generales \u2014figuras que ten\u00edan autoridad militar, judicial y pol\u00edtica sobre toda la regi\u00f3n centroamericana durante el dominio espa\u00f1ol\u2014. Fue tambi\u00e9n sede de la Real Audiencia, el m\u00e1ximo tribunal de justicia en la \u00e9poca colonial.<\/p>\t\t\t\t\t\t\t\t<\/div>\n\t\t\t\t\t<\/div>\n\t\t\t\t<\/div>\n\t\t<div data-particle_enable=\"false\" data-particle-mobile-disabled=\"false\" class=\"elementor-element elementor-element-c42573a e-flex e-con-boxed e-con e-parent\" data-id=\"c42573a\" data-element_type=\"container\" data-e-type=\"container\">\n\t\t\t\t\t<div class=\"e-con-inner\">\n\t\t\t\t<div class=\"elementor-element elementor-element-8e18d23 elementor-widget elementor-widget-image\" data-id=\"8e18d23\" data-element_type=\"widget\" data-e-type=\"widget\" data-widget_type=\"image.default\">\n\t\t\t\t\t\t\t\t\t\t\t\t<figure class=\"wp-caption\">\n\t\t\t\t\t\t\t\t\t\t<img fetchpriority=\"high\" decoding=\"async\" width=\"768\" height=\"808\" src=\"https:\/\/soymigrante.com\/revista\/wp-content\/uploads\/2025\/07\/palacio-de-los-capitanes-3.webp\" class=\"attachment-large size-large wp-image-38724\" alt=\"Palacio colonial en Guatemala con banderas de M\u00e9xico y Guatemala, arquitectura cl\u00e1sica, cielo nublado en fondo de monta\u00f1as, s\u00edmbolo de relaci\u00f3n cultural y migrante entre ambos pa\u00edses, en el contexto de la revista SoyMigrante.com.\" srcset=\"https:\/\/soymigrante.com\/revista\/wp-content\/uploads\/2025\/07\/palacio-de-los-capitanes-3.webp 973w, https:\/\/soymigrante.com\/revista\/wp-content\/uploads\/2025\/07\/palacio-de-los-capitanes-3-285x300.png 285w, https:\/\/soymigrante.com\/revista\/wp-content\/uploads\/2025\/07\/palacio-de-los-capitanes-3-768x808.png 768w, https:\/\/soymigrante.com\/revista\/wp-content\/uploads\/2025\/07\/palacio-de-los-capitanes-3-750x789.webp 750w\" sizes=\"(max-width: 768px) 100vw, 768px\" title=\"El Palacio de los Capitanes de Antigua Guatemala, es conocido como una joya de la Antigua Guatemala. (Foto: INGUAT) \u2013 SoyMigrante.com REVISTA\" \/>\t\t\t\t\t\t\t\t\t\t\t<figcaption class=\"widget-image-caption wp-caption-text\">Este destacado edificio en Quetzaltenango, Guatemala, presenta arquitectura colonial con arcos y columnas, ondeando banderas nacionales en su fachada, s\u00edmbolo de historia y cultura. Ideal para temas de patrimonio cultural y turismo en Guatemala.<\/figcaption>\n\t\t\t\t\t\t\t\t\t\t<\/figure>\n\t\t\t\t\t\t\t\t\t<\/div>\n\t\t\t\t\t<\/div>\n\t\t\t\t<\/div>\n\t\t<div data-particle_enable=\"false\" data-particle-mobile-disabled=\"false\" class=\"elementor-element elementor-element-3972181 e-flex e-con-boxed e-con e-parent\" data-id=\"3972181\" data-element_type=\"container\" data-e-type=\"container\">\n\t\t\t\t\t<div class=\"e-con-inner\">\n\t\t\t\t<div class=\"elementor-element elementor-element-cc8884a elementor-widget elementor-widget-heading\" data-id=\"cc8884a\" data-element_type=\"widget\" data-e-type=\"widget\" data-widget_type=\"heading.default\">\n\t\t\t\t\t<h3 class=\"elementor-heading-title elementor-size-default\">Da\u00f1os por terremotos y restauraciones<\/h3>\t\t\t\t<\/div>\n\t\t\t\t\t<\/div>\n\t\t\t\t<\/div>\n\t\t<div data-particle_enable=\"false\" data-particle-mobile-disabled=\"false\" class=\"elementor-element elementor-element-bfd7e0d e-flex e-con-boxed e-con e-parent\" data-id=\"bfd7e0d\" data-element_type=\"container\" data-e-type=\"container\">\n\t\t\t\t\t<div class=\"e-con-inner\">\n\t\t\t\t<div class=\"elementor-element elementor-element-0b5e70c elementor-widget elementor-widget-text-editor\" data-id=\"0b5e70c\" data-element_type=\"widget\" data-e-type=\"widget\" data-widget_type=\"text-editor.default\">\n\t\t\t\t\t\t\t\t\t<p>El palacio fue testigo de varios terremotos que afectaron a la ciudad, especialmente los de 1717, 1751 y 1773, este \u00faltimo conocido como el Terremoto de Santa Marta, que caus\u00f3 graves da\u00f1os a Antigua Guatemala y provoc\u00f3 la decisi\u00f3n de trasladar la capital a lo que hoy es la Ciudad de Guatemala.<\/p><p><a href=\"https:\/\/soymigrante.com\/revista\/san-juan-del-obispo-pueblo-vecino-de-antigua-guatemala-reconocido-en-best-tourism-village-2024\/\" target=\"_blank\" rel=\"noopener\">Desde entonces, el Palacio de los Capitanes qued\u00f3 parcialmente en ruinas durante m\u00e1s de dos siglos.<\/a> Fue hasta el siglo XX que comenzaron los esfuerzos de restauraci\u00f3n. Entre los trabajos m\u00e1s destacados est\u00e1n los realizados por el Consejo Nacional para la Protecci\u00f3n de Antigua Guatemala (CNPAG), entidad que ha impulsado la recuperaci\u00f3n del patrimonio arquitect\u00f3nico y cultural de la ciudad.<\/p>\t\t\t\t\t\t\t\t<\/div>\n\t\t\t\t\t<\/div>\n\t\t\t\t<\/div>\n\t\t<div data-particle_enable=\"false\" data-particle-mobile-disabled=\"false\" class=\"elementor-element elementor-element-593c9ee e-flex e-con-boxed e-con e-parent\" data-id=\"593c9ee\" data-element_type=\"container\" data-e-type=\"container\">\n\t\t\t\t\t<div class=\"e-con-inner\">\n\t\t\t\t<div class=\"elementor-element elementor-element-4830e72 elementor-widget elementor-widget-heading\" data-id=\"4830e72\" data-element_type=\"widget\" data-e-type=\"widget\" data-widget_type=\"heading.default\">\n\t\t\t\t\t<h3 class=\"elementor-heading-title elementor-size-default\">Datos relevantes que debes conocer<\/h3>\t\t\t\t<\/div>\n\t\t\t\t\t<\/div>\n\t\t\t\t<\/div>\n\t\t<div data-particle_enable=\"false\" data-particle-mobile-disabled=\"false\" class=\"elementor-element elementor-element-5d23900 e-flex e-con-boxed e-con e-parent\" data-id=\"5d23900\" data-element_type=\"container\" data-e-type=\"container\">\n\t\t\t\t\t<div class=\"e-con-inner\">\n\t\t\t\t<div class=\"elementor-element elementor-element-328f845 elementor-widget elementor-widget-text-editor\" data-id=\"328f845\" data-element_type=\"widget\" data-e-type=\"widget\" data-widget_type=\"text-editor.default\">\n\t\t\t\t\t\t\t\t\t<div><strong>\u2022 Ubicaci\u00f3n:<\/strong> Calle del Arco, frente al Parque Central de Antigua Guatemala.<\/div><div><strong>\u2022Construcci\u00f3n original:<\/strong> Comenz\u00f3 en 1558 y fue modificada en varias ocasiones hasta el siglo XVIII.<\/div><div><strong>\u2022Estilo arquitect\u00f3nico:<\/strong> Colonial espa\u00f1ol, con influencia barroca. Su fachada de arcos dobles es uno de los elementos m\u00e1s distintivos.<\/div><div><strong>\u2022Materiales usados:<\/strong> Piedra, ladrillo, cal y canto, con columnas de piedra tallada.<\/div><div><strong>\u2022Uso actual:<\/strong> Alberga oficinas gubernamentales, culturales y de turismo. En ocasiones tambi\u00e9n sirve como espacio para exposiciones temporales y actividades culturales.<\/div><div><strong>\u2022Patrimonio de la Humanidad:<\/strong> Antigua Guatemala, incluyendo el Palacio de los Capitanes, fue declarada por la UNESCO como Patrimonio Cultural de la Humanidad en 1979.<\/div>\t\t\t\t\t\t\t\t<\/div>\n\t\t\t\t\t<\/div>\n\t\t\t\t<\/div>\n\t\t<div data-particle_enable=\"false\" data-particle-mobile-disabled=\"false\" class=\"elementor-element elementor-element-c8dafe5 e-flex e-con-boxed e-con e-parent\" data-id=\"c8dafe5\" data-element_type=\"container\" data-e-type=\"container\">\n\t\t\t\t\t<div class=\"e-con-inner\">\n\t\t\t\t<div class=\"elementor-element elementor-element-ae3eb37 elementor-widget elementor-widget-image\" data-id=\"ae3eb37\" data-element_type=\"widget\" data-e-type=\"widget\" data-widget_type=\"image.default\">\n\t\t\t\t\t\t\t\t\t\t\t\t<figure class=\"wp-caption\">\n\t\t\t\t\t\t\t\t\t\t<img decoding=\"async\" width=\"768\" height=\"512\" src=\"https:\/\/soymigrante.com\/revista\/wp-content\/uploads\/2025\/07\/palacio-de-los-capitanes-5-1024x682.jpg\" class=\"attachment-large size-large wp-image-38725\" alt=\"Edificio hist\u00f3rico con arquitectura colonial en Guatemala, banderas nacionales en lo alto, rodeado de \u00e1rboles y \u00e1reas verdes, reflejando cultura y patrimonio en Centroam\u00e9rica.\" srcset=\"https:\/\/soymigrante.com\/revista\/wp-content\/uploads\/2025\/07\/palacio-de-los-capitanes-5-1024x682.jpg 1024w, https:\/\/soymigrante.com\/revista\/wp-content\/uploads\/2025\/07\/palacio-de-los-capitanes-5-300x200.jpg 300w, https:\/\/soymigrante.com\/revista\/wp-content\/uploads\/2025\/07\/palacio-de-los-capitanes-5-768x512.jpg 768w, https:\/\/soymigrante.com\/revista\/wp-content\/uploads\/2025\/07\/palacio-de-los-capitanes-5-1536x1024.jpg 1536w, https:\/\/soymigrante.com\/revista\/wp-content\/uploads\/2025\/07\/palacio-de-los-capitanes-5-750x500.webp 750w, https:\/\/soymigrante.com\/revista\/wp-content\/uploads\/2025\/07\/palacio-de-los-capitanes-5-1140x760.webp 1140w, https:\/\/soymigrante.com\/revista\/wp-content\/uploads\/2025\/07\/palacio-de-los-capitanes-5.webp 1920w\" sizes=\"(max-width: 768px) 100vw, 768px\" title=\"El Palacio de los Capitanes es ahora un museo. (Foto: INGUAT) \u2013 SoyMigrante.com REVISTA\" \/>\t\t\t\t\t\t\t\t\t\t\t<figcaption class=\"widget-image-caption wp-caption-text\">Edificio colonial con arquitectura hist\u00f3rica y banderas nacionales en Guatemala, rodeado de \u00e1rboles y \u00e1reas verdes, s\u00edmbolo del patrimonio cultural en Centroam\u00e9rica.<\/figcaption>\n\t\t\t\t\t\t\t\t\t\t<\/figure>\n\t\t\t\t\t\t\t\t\t<\/div>\n\t\t\t\t\t<\/div>\n\t\t\t\t<\/div>\n\t\t<div data-particle_enable=\"false\" data-particle-mobile-disabled=\"false\" class=\"elementor-element elementor-element-2518742 e-flex e-con-boxed e-con e-parent\" data-id=\"2518742\" data-element_type=\"container\" data-e-type=\"container\">\n\t\t\t\t\t<div class=\"e-con-inner\">\n\t\t\t\t<div class=\"elementor-element elementor-element-15ee1e3 elementor-widget elementor-widget-heading\" data-id=\"15ee1e3\" data-element_type=\"widget\" data-e-type=\"widget\" data-widget_type=\"heading.default\">\n\t\t\t\t\t<h3 class=\"elementor-heading-title elementor-size-default\">Un punto obligado para el turismo cultural<\/h3>\t\t\t\t<\/div>\n\t\t\t\t\t<\/div>\n\t\t\t\t<\/div>\n\t\t<div data-particle_enable=\"false\" data-particle-mobile-disabled=\"false\" class=\"elementor-element elementor-element-ca3b8b3 e-flex e-con-boxed e-con e-parent\" data-id=\"ca3b8b3\" data-element_type=\"container\" data-e-type=\"container\">\n\t\t\t\t\t<div class=\"e-con-inner\">\n\t\t\t\t<div class=\"elementor-element elementor-element-baf0e4b elementor-widget elementor-widget-text-editor\" data-id=\"baf0e4b\" data-element_type=\"widget\" data-e-type=\"widget\" data-widget_type=\"text-editor.default\">\n\t\t\t\t\t\t\t\t\t<p><a href=\"https:\/\/soymigrante.com\/revista\/san-juan-del-obispo-pueblo-vecino-de-antigua-guatemala-reconocido-en-best-tourism-village-2024\/\" target=\"_blank\" rel=\"noopener\">Hoy en d\u00eda, el palacio no solo es un testimonio de la historia pol\u00edtica del pa\u00eds, sino tambi\u00e9n un punto de referencia en los recorridos tur\u00edsticos de Antigua.<\/a> Su fachada es una de las m\u00e1s fotografiadas y admiradas por turistas que pasean por el centro hist\u00f3rico. Caminar por sus pasillos permite imaginar el poder y la influencia que alberg\u00f3 este edificio durante m\u00e1s de dos siglos.<\/p><p>Adem\u00e1s, su ubicaci\u00f3n estrat\u00e9gica \u2014frente a la Catedral de San Jos\u00e9 y rodeado de caf\u00e9s, museos y comercios\u2014 lo convierte en un sitio ideal para iniciar un recorrido por el casco antiguo de la ciudad.<\/p>\t\t\t\t\t\t\t\t<\/div>\n\t\t\t\t\t<\/div>\n\t\t\t\t<\/div>\n\t\t<div data-particle_enable=\"false\" data-particle-mobile-disabled=\"false\" class=\"elementor-element elementor-element-4007007 e-flex e-con-boxed e-con e-parent\" data-id=\"4007007\" data-element_type=\"container\" data-e-type=\"container\">\n\t\t\t\t\t<div class=\"e-con-inner\">\n\t\t\t\t<div class=\"elementor-element elementor-element-bc348ee elementor-widget elementor-widget-image\" data-id=\"bc348ee\" data-element_type=\"widget\" data-e-type=\"widget\" data-widget_type=\"image.default\">\n\t\t\t\t\t\t\t\t\t\t\t\t<figure class=\"wp-caption\">\n\t\t\t\t\t\t\t\t\t\t<img decoding=\"async\" width=\"768\" height=\"512\" src=\"https:\/\/soymigrante.com\/revista\/wp-content\/uploads\/2025\/07\/palacio-de-los-capitanes-4-1024x682.jpg\" class=\"attachment-large size-large wp-image-38726\" alt=\"Palacio colonial en Guatemala con la bandera guatemalteca en el techo y jard\u00edn con flores en primer plano.\" srcset=\"https:\/\/soymigrante.com\/revista\/wp-content\/uploads\/2025\/07\/palacio-de-los-capitanes-4-1024x682.jpg 1024w, https:\/\/soymigrante.com\/revista\/wp-content\/uploads\/2025\/07\/palacio-de-los-capitanes-4-300x200.jpg 300w, https:\/\/soymigrante.com\/revista\/wp-content\/uploads\/2025\/07\/palacio-de-los-capitanes-4-768x512.jpg 768w, https:\/\/soymigrante.com\/revista\/wp-content\/uploads\/2025\/07\/palacio-de-los-capitanes-4-1536x1024.jpg 1536w, https:\/\/soymigrante.com\/revista\/wp-content\/uploads\/2025\/07\/palacio-de-los-capitanes-4-750x500.jpg 750w, https:\/\/soymigrante.com\/revista\/wp-content\/uploads\/2025\/07\/palacio-de-los-capitanes-4-1140x760.jpg 1140w, https:\/\/soymigrante.com\/revista\/wp-content\/uploads\/2025\/07\/palacio-de-los-capitanes-4.webp 1920w\" sizes=\"(max-width: 768px) 100vw, 768px\" title=\"El Palacio de los Capitanes es uno de los monumentos m\u00e1s apreciados de Antigua Guatemala. (Foto: INGUAT) \u2013 SoyMigrante.com REVISTA\" \/>\t\t\t\t\t\t\t\t\t\t\t<figcaption class=\"widget-image-caption wp-caption-text\">Sitio hist\u00f3rico y cultural en Guatemala, destacando arquitectura colonial y entorno natural, ideal para art\u00edculos sobre patrimonio y turismo en Revista SoyMigrante.com.<\/figcaption>\n\t\t\t\t\t\t\t\t\t\t<\/figure>\n\t\t\t\t\t\t\t\t\t<\/div>\n\t\t\t\t\t<\/div>\n\t\t\t\t<\/div>\n\t\t<div data-particle_enable=\"false\" data-particle-mobile-disabled=\"false\" class=\"elementor-element elementor-element-7bc4a05 e-flex e-con-boxed e-con e-parent\" data-id=\"7bc4a05\" data-element_type=\"container\" data-e-type=\"container\">\n\t\t\t\t\t<div class=\"e-con-inner\">\n\t\t\t\t<div class=\"elementor-element elementor-element-5dd3de7 elementor-widget elementor-widget-heading\" data-id=\"5dd3de7\" data-element_type=\"widget\" data-e-type=\"widget\" data-widget_type=\"heading.default\">\n\t\t\t\t\t<h3 class=\"elementor-heading-title elementor-size-default\">S\u00edmbolo de poder y resistencia<\/h3>\t\t\t\t<\/div>\n\t\t\t\t\t<\/div>\n\t\t\t\t<\/div>\n\t\t<div data-particle_enable=\"false\" data-particle-mobile-disabled=\"false\" class=\"elementor-element elementor-element-901dfda e-flex e-con-boxed e-con e-parent\" data-id=\"901dfda\" data-element_type=\"container\" data-e-type=\"container\">\n\t\t\t\t\t<div class=\"e-con-inner\">\n\t\t\t\t<div class=\"elementor-element elementor-element-9dfc1d6 elementor-widget elementor-widget-text-editor\" data-id=\"9dfc1d6\" data-element_type=\"widget\" data-e-type=\"widget\" data-widget_type=\"text-editor.default\">\n\t\t\t\t\t\t\t\t\t<p><a href=\"https:\/\/soymigrante.com\/revista\/san-juan-del-obispo-pueblo-vecino-de-antigua-guatemala-reconocido-en-best-tourism-village-2024\/\" target=\"_blank\" rel=\"noopener\">El Palacio de los Capitanes Generales es mucho m\u00e1s que una construcci\u00f3n majestuosa;<\/a> es un s\u00edmbolo del pasado colonial, de los conflictos sociales, pol\u00edticos y naturales que han marcado la historia de Guatemala. Su permanencia, pese a terremotos y al paso del tiempo, representa la resiliencia del patrimonio hist\u00f3rico nacional.<\/p><p>Quien visite Antigua Guatemala no puede dejar de conocer este monumento, que guarda entre sus arcos y columnas siglos de historia, poder y transformaci\u00f3n.<\/p>\t\t\t\t\t\t\t\t<\/div>\n\t\t\t\t\t<\/div>\n\t\t\t\t<\/div>\n\t\t<div data-particle_enable=\"false\" data-particle-mobile-disabled=\"false\" class=\"elementor-element elementor-element-8b44009 e-flex e-con-boxed e-con e-parent\" data-id=\"8b44009\" data-element_type=\"container\" data-e-type=\"container\">\n\t\t\t\t\t<div class=\"e-con-inner\">\n\t\t\t\t<div class=\"elementor-element elementor-element-172c91d elementor-widget elementor-widget-heading\" data-id=\"172c91d\" data-element_type=\"widget\" data-e-type=\"widget\" data-widget_type=\"heading.default\">\n\t\t\t\t\t<h2 class=\"elementor-heading-title elementor-size-default\">Conoce m\u00e1s de los lugares de Guatemala, ac\u00e1...<\/h2>\t\t\t\t<\/div>\n\t\t\t\t\t<\/div>\n\t\t\t\t<\/div>\n\t\t<div data-particle_enable=\"false\" data-particle-mobile-disabled=\"false\" class=\"elementor-element elementor-element-d46e847 e-flex e-con-boxed e-con e-parent\" data-id=\"d46e847\" data-element_type=\"container\" data-e-type=\"container\">\n\t\t\t\t\t<div class=\"e-con-inner\">\n\t\t\t\t<div class=\"elementor-element elementor-element-224ec69 elementor-grid-eael-col-3 elementor-grid-tablet-eael-col-2 elementor-grid-mobile-eael-col-1 elementor-invisible elementor-widget elementor-widget-eael-post-grid\" data-id=\"224ec69\" data-element_type=\"widget\" data-e-type=\"widget\" data-settings=\"{&quot;eael_post_grid_columns&quot;:&quot;eael-col-3&quot;,&quot;_animation&quot;:&quot;rollIn&quot;,&quot;eael_post_grid_columns_tablet&quot;:&quot;eael-col-2&quot;,&quot;eael_post_grid_columns_mobile&quot;:&quot;eael-col-1&quot;}\" data-widget_type=\"eael-post-grid.default\">\n\t\t\t\t\t<div id=\"eael-post-grid-224ec69\" class=\"eael-post-grid-container\">\n            <div class=\"eael-post-grid eael-post-appender eael-post-appender-224ec69 eael-post-grid-style-one\" data-layout-mode=\"masonry\"><article class=\"eael-grid-post  eael-post-grid-column eael-pg-post-38501 category-guate-nuestra\" data-id=\"38501\">\n        <div class=\"eael-grid-post-holder\">\n            <div class=\"eael-grid-post-holder-inner\"><div class=\"eael-entry-media\"><div class=\"eael-entry-overlay fade-in\"><i class=\"far fa-hand-pointer\" aria-hidden=\"true\"><\/i><a href=\"https:\/\/soymigrante.com\/revista\/palacio-maya-de-san-marcos-7-datos-fascinantes\/\"><\/a><\/div><div class=\"eael-entry-thumbnail \">\n                <img loading=\"lazy\" decoding=\"async\" width=\"885\" height=\"500\" src=\"https:\/\/soymigrante.com\/revista\/wp-content\/uploads\/2025\/07\/palacio-maya-e1751655372494.webp\" class=\"attachment-large size-large wp-image-38502\" alt=\"Edificio hist\u00f3rico con reloj en fachada y detalles arquitect\u00f3nicos ornamentales, en un d\u00eda soleado con cielo parcialmente nublado en la ciudad.\" \/>\n            <\/div>\n        <\/div><div class=\"eael-entry-wrapper\"><header class=\"eael-entry-header\"><h2 class=\"eael-entry-title\"><a class=\"eael-grid-post-link\" href=\"https:\/\/soymigrante.com\/revista\/palacio-maya-de-san-marcos-7-datos-fascinantes\/\" title=\"Palacio Maya de San Marcos: 7 datos fascinantes\">Palacio Maya de San Marcos: 7 datos fascinantes<\/a><\/h2><\/header><div class=\"eael-entry-content\">\n                        <div class=\"eael-grid-post-excerpt\"><a href=\"https:\/\/soymigrante.com\/revista\/palacio-maya-de-san-marcos-7-datos-fascinantes\/\" class=\"eael-post-elements-readmore-btn\">CONOCE SU HISTORIA <\/a><\/div>\n                    <\/div><\/div><\/div>\n        <\/div>\n    <\/article><article class=\"eael-grid-post  eael-post-grid-column eael-pg-post-26472 category-guate-nuestra\" data-id=\"26472\">\n        <div class=\"eael-grid-post-holder\">\n            <div class=\"eael-grid-post-holder-inner\"><div class=\"eael-entry-media\"><div class=\"eael-entry-overlay fade-in\"><i class=\"far fa-hand-pointer\" aria-hidden=\"true\"><\/i><a href=\"https:\/\/soymigrante.com\/revista\/cuando-se-descubrio-tikal-y-cual-era-su-nombre-prehispanico\/\"><\/a><\/div><div class=\"eael-entry-thumbnail \">\n                <img loading=\"lazy\" decoding=\"async\" width=\"766\" height=\"766\" src=\"https:\/\/soymigrante.com\/revista\/wp-content\/uploads\/2025\/02\/Boda-tikal--e1740608132635.webp\" class=\"attachment-large size-large wp-image-24930\" alt=\"Gran pir\u00e1mide maya en ruinas en un entorno selv\u00e1tico, s\u00edmbolo de la cultura ancestral y el turismo en M\u00e9xico.\" srcset=\"https:\/\/soymigrante.com\/revista\/wp-content\/uploads\/2025\/02\/Boda-tikal--e1740608132635.webp 766w, https:\/\/soymigrante.com\/revista\/wp-content\/uploads\/2025\/02\/Boda-tikal--e1740608132635-300x300.jpeg 300w, https:\/\/soymigrante.com\/revista\/wp-content\/uploads\/2025\/02\/Boda-tikal--e1740608132635-150x150.jpeg 150w, https:\/\/soymigrante.com\/revista\/wp-content\/uploads\/2025\/02\/Boda-tikal--e1740608132635-75x75.webp 75w, https:\/\/soymigrante.com\/revista\/wp-content\/uploads\/2025\/02\/Boda-tikal--e1740608132635-750x750.webp 750w\" sizes=\"(max-width: 766px) 100vw, 766px\" \/>\n            <\/div>\n        <\/div><div class=\"eael-entry-wrapper\"><header class=\"eael-entry-header\"><h2 class=\"eael-entry-title\"><a class=\"eael-grid-post-link\" href=\"https:\/\/soymigrante.com\/revista\/cuando-se-descubrio-tikal-y-cual-era-su-nombre-prehispanico\/\" title=\"\u00bfCu\u00e1ndo se descubri\u00f3 Tikal y cu\u00e1l era su nombre prehisp\u00e1nico?\">\u00bfCu\u00e1ndo se descubri\u00f3 Tikal y cu\u00e1l era su nombre prehisp\u00e1nico?<\/a><\/h2><\/header><div class=\"eael-entry-content\">\n                        <div class=\"eael-grid-post-excerpt\"><a href=\"https:\/\/soymigrante.com\/revista\/cuando-se-descubrio-tikal-y-cual-era-su-nombre-prehispanico\/\" class=\"eael-post-elements-readmore-btn\">CONOCE SU HISTORIA <\/a><\/div>\n                    <\/div><\/div><\/div>\n        <\/div>\n    <\/article><article class=\"eael-grid-post  eael-post-grid-column eael-pg-post-6872 category-guate-nuestra\" data-id=\"6872\">\n        <div class=\"eael-grid-post-holder\">\n            <div class=\"eael-grid-post-holder-inner\"><div class=\"eael-entry-media\"><div class=\"eael-entry-overlay fade-in\"><i class=\"far fa-hand-pointer\" aria-hidden=\"true\"><\/i><a href=\"https:\/\/soymigrante.com\/revista\/un-domingo-cualquiera-es-especial-en-la-antigua-guatemala\/\"><\/a><\/div><div class=\"eael-entry-thumbnail \">\n                <img loading=\"lazy\" decoding=\"async\" width=\"798\" height=\"798\" src=\"https:\/\/soymigrante.com\/revista\/wp-content\/uploads\/2024\/06\/antigua-guatemala.webp\" class=\"attachment-large size-large wp-image-6873\" alt=\"Bast\u00f3n de algod\u00f3n de az\u00facar multicolor en el parque, rodeado de personas disfrutando del evento y la feria, s\u00edmbolo tradicional de dulzura y celebraciones populares en M\u00e9xico.\" srcset=\"https:\/\/soymigrante.com\/revista\/wp-content\/uploads\/2024\/06\/antigua-guatemala.webp 798w, https:\/\/soymigrante.com\/revista\/wp-content\/uploads\/2024\/06\/antigua-guatemala-300x300.webp 300w, https:\/\/soymigrante.com\/revista\/wp-content\/uploads\/2024\/06\/antigua-guatemala-150x150.webp 150w, https:\/\/soymigrante.com\/revista\/wp-content\/uploads\/2024\/06\/antigua-guatemala-768x768.webp 768w, https:\/\/soymigrante.com\/revista\/wp-content\/uploads\/2024\/06\/antigua-guatemala-75x75.webp 75w, https:\/\/soymigrante.com\/revista\/wp-content\/uploads\/2024\/06\/antigua-guatemala-750x750.webp 750w\" sizes=\"(max-width: 798px) 100vw, 798px\" \/>\n            <\/div>\n        <\/div><div class=\"eael-entry-wrapper\"><header class=\"eael-entry-header\"><h2 class=\"eael-entry-title\"><a class=\"eael-grid-post-link\" href=\"https:\/\/soymigrante.com\/revista\/un-domingo-cualquiera-es-especial-en-la-antigua-guatemala\/\" title=\"Un domingo cualquiera es tan especial en La Antigua Guatemala\">Un domingo cualquiera es tan especial en La Antigua Guatemala<\/a><\/h2><\/header><div class=\"eael-entry-content\">\n                        <div class=\"eael-grid-post-excerpt\"><a href=\"https:\/\/soymigrante.com\/revista\/un-domingo-cualquiera-es-especial-en-la-antigua-guatemala\/\" class=\"eael-post-elements-readmore-btn\">CONOCE SU HISTORIA <\/a><\/div>\n                    <\/div><\/div><\/div>\n        <\/div>\n    <\/article><\/div>\n            <div class=\"clearfix\"><\/div>\n        <\/div>\t\t\t\t<\/div>\n\t\t\t\t\t<\/div>\n\t\t\t\t<\/div>\n\t\t\t\t<\/div>\n\t\t","protected":false},"excerpt":{"rendered":"<p>El Palacio de los Capitanes Generales de Antigua Guatemala es un lugar lleno de historia. Ubicado en el coraz\u00f3n de Antigua Guatemala, frente al Parque Central, el Palacio de los Capitanes Generales es uno de los edificios coloniales m\u00e1s imponentes y emblem\u00e1ticos del pa\u00eds. Con una historia que se remonta al siglo XVI, este inmueble [&hellip;]<\/p>\n","protected":false},"author":19,"featured_media":38715,"comment_status":"open","ping_status":"open","sticky":false,"template":"","format":"standard","meta":{"_acf_changed":false,"_eb_attr":"","footnotes":""},"categories":[58],"tags":[],"class_list":["post-38714","post","type-post","status-publish","format-standard","has-post-thumbnail","hentry","category-guate-nuestra"],"acf":[],"aioseo_notices":[],"aioseo_head":"\n\t\t<!-- All in One SEO Pro 4.9.6.2 - aioseo.com -->\n\t<meta name=\"description\" content=\"Todos los d\u00edas son perfectos en La Antigua Guatemala. Instantes, y pensamientos salen de las piedras y detras; la ciudad colonial es tambi\u00e9n moderna y casual.\" \/>\n\t<meta name=\"robots\" content=\"max-snippet:-1, max-image-preview:large, max-video-preview:-1\" \/>\n\t<meta name=\"author\" content=\"Gustavo Montenegro\"\/>\n\t<link rel=\"canonical\" href=\"https:\/\/soymigrante.com\/revista\/un-domingo-cualquiera-es-especial-en-la-antigua-guatemala\/\" \/>\n\t<meta name=\"generator\" content=\"All in One SEO Pro (AIOSEO) 4.9.6.2\" \/>\n\n\t\t<link rel=\"preconnect\" href=\"https:\/\/fonts.googleapis.com\" crossorigin>\n<link rel=\"preconnect\" href=\"https:\/\/fonts.gstatic.com\" crossorigin>\n\t\t<meta property=\"og:locale\" content=\"es_ES\" \/>\n\t\t<meta property=\"og:site_name\" content=\"SoyMigrante.com REVISTA \u2013 Nuestra misi\u00f3n es reconocer y dignificar al migrante.\" \/>\n\t\t<meta property=\"og:type\" content=\"article\" \/>\n\t\t<meta property=\"og:title\" content=\"Un domingo cualquiera es tan especial en La Antigua Guatemala\" \/>\n\t\t<meta property=\"og:description\" content=\"Todos los d\u00edas son perfectos en La Antigua Guatemala. Instantes, y pensamientos salen de las piedras y detras; la ciudad colonial es tambi\u00e9n moderna y casual.\" \/>\n\t\t<meta property=\"og:url\" content=\"https:\/\/soymigrante.com\/revista\/un-domingo-cualquiera-es-especial-en-la-antigua-guatemala\/\" \/>\n\t\t<meta property=\"og:image\" content=\"https:\/\/soymigrante.com\/revista\/wp-content\/uploads\/2024\/06\/antigua-guatemala.webp\" \/>\n\t\t<meta property=\"og:image:secure_url\" content=\"https:\/\/soymigrante.com\/revista\/wp-content\/uploads\/2024\/06\/antigua-guatemala.webp\" \/>\n\t\t<meta property=\"og:image:width\" content=\"798\" \/>\n\t\t<meta property=\"og:image:height\" content=\"798\" \/>\n\t\t<meta property=\"article:published_time\" content=\"2024-06-07T23:35:58+00:00\" \/>\n\t\t<meta property=\"article:modified_time\" content=\"2024-07-27T10:29:41+00:00\" \/>\n\t\t<meta property=\"article:publisher\" content=\"https:\/\/www.facebook.com\/soymigrantecom\" \/>\n\t\t<meta name=\"twitter:card\" content=\"summary_large_image\" \/>\n\t\t<meta name=\"twitter:site\" content=\"@SoyMigrante_com\" \/>\n\t\t<meta name=\"twitter:title\" content=\"Un domingo cualquiera es tan especial en La Antigua Guatemala\" \/>\n\t\t<meta name=\"twitter:description\" content=\"Todos los d\u00edas son perfectos en La Antigua Guatemala. Instantes, y pensamientos salen de las piedras y detras; la ciudad colonial es tambi\u00e9n moderna y casual.\" \/>\n\t\t<meta name=\"twitter:creator\" content=\"@SoyMigrante_com\" \/>\n\t\t<meta name=\"twitter:image\" content=\"https:\/\/soymigrante.com\/revista\/wp-content\/uploads\/2024\/06\/antigua-guatemala.webp\" \/>\n\t\t<!-- All in One SEO Pro -->\r\n\t\t<title>Un domingo cualquiera es tan especial en La Antigua Guatemala<\/title>\n\n","aioseo_head_json":{"title":"Un domingo cualquiera es tan especial en La Antigua Guatemala","description":"Todos los d\u00edas son perfectos en La Antigua Guatemala. Instantes, y pensamientos salen de las piedras y detras; la ciudad colonial es tambi\u00e9n moderna y casual.","canonical_url":"https:\/\/soymigrante.com\/revista\/un-domingo-cualquiera-es-especial-en-la-antigua-guatemala\/","robots":"max-snippet:-1, max-image-preview:large, max-video-preview:-1","keywords":"","webmasterTools":{"miscellaneous":"&lt;link rel=\"preconnect\" href=\"https:\/\/fonts.googleapis.com\" crossorigin&gt;\n&lt;link rel=\"preconnect\" href=\"https:\/\/fonts.gstatic.com\" crossorigin&gt;"},"schema":null,"og:locale":"es_ES","og:site_name":"SoyMigrante.com REVISTA \u2013 Nuestra misi\u00f3n es reconocer y dignificar al migrante.","og:type":"article","og:title":"Un domingo cualquiera es tan especial en La Antigua Guatemala","og:description":"Todos los d\u00edas son perfectos en La Antigua Guatemala. Instantes, y pensamientos salen de las piedras y detras; la ciudad colonial es tambi\u00e9n moderna y casual.","og:url":"https:\/\/soymigrante.com\/revista\/un-domingo-cualquiera-es-especial-en-la-antigua-guatemala\/","og:image":"https:\/\/soymigrante.com\/revista\/wp-content\/uploads\/2024\/06\/antigua-guatemala.webp","og:image:secure_url":"https:\/\/soymigrante.com\/revista\/wp-content\/uploads\/2024\/06\/antigua-guatemala.webp","og:image:width":798,"og:image:height":798,"article:published_time":"2024-06-07T23:35:58+00:00","article:modified_time":"2024-07-27T10:29:41+00:00","article:publisher":"https:\/\/www.facebook.com\/soymigrantecom","twitter:card":"summary_large_image","twitter:site":"@SoyMigrante_com","twitter:title":"Un domingo cualquiera es tan especial en La Antigua Guatemala","twitter:description":"Todos los d\u00edas son perfectos en La Antigua Guatemala. Instantes, y pensamientos salen de las piedras y detras; la ciudad colonial es tambi\u00e9n moderna y casual.","twitter:creator":"@SoyMigrante_com","twitter:image":"https:\/\/soymigrante.com\/revista\/wp-content\/uploads\/2024\/06\/antigua-guatemala.webp"},"aioseo_meta_data":{"post_id":"38714","title":null,"description":"El Palacio de los Capitanes Generales de Antigua Guatemala es un lugar lleno de historia.","keywords":null,"keyphrases":{"focus":{"keyphrase":"Palacio de los capitanes","score":91,"analysis":{"keyphraseInTitle":{"score":9,"maxScore":9,"error":0},"keyphraseInDescription":{"score":9,"maxScore":9,"error":0},"keyphraseLength":{"score":9,"maxScore":9,"error":0,"length":4},"keyphraseInURL":{"score":5,"maxScore":5,"error":0},"keyphraseInIntroduction":{"score":9,"maxScore":9,"error":0},"keyphraseInSubHeadings":{"score":3,"maxScore":9,"error":1},"keyphraseInImageAlt":{"score":9,"maxScore":9,"error":0},"keywordDensity":{"type":"best","score":9,"maxScore":9,"error":0}}},"additional":[{"keyphrase":"Antigua Guatemala","score":100,"analysis":{"keyphraseInDescription":{"score":9,"maxScore":9,"error":0},"keyphraseLength":{"score":9,"maxScore":9,"error":0,"length":2},"keyphraseInIntroduction":{"score":9,"maxScore":9,"error":0},"keyphraseInImageAlt":{"score":9,"maxScore":9,"error":0},"keywordDensity":{"type":"best","score":9,"maxScore":9,"error":0}}}]},"primary_term":null,"canonical_url":null,"og_title":null,"og_description":null,"og_object_type":"default","og_image_type":"default","og_image_url":null,"og_image_width":null,"og_image_height":null,"og_image_custom_url":null,"og_image_custom_fields":null,"og_video":"","og_custom_url":null,"og_article_section":null,"og_article_tags":null,"twitter_use_og":false,"twitter_card":"default","twitter_image_type":"default","twitter_image_url":null,"twitter_image_custom_url":null,"twitter_image_custom_fields":null,"twitter_title":null,"twitter_description":null,"schema":{"blockGraphs":[],"customGraphs":[],"default":{"data":{"Article":[],"Course":[],"Dataset":[],"FAQPage":[],"Movie":[],"Person":[],"Product":[],"ProductReview":[],"Car":[],"Recipe":[],"Service":[],"SoftwareApplication":[],"WebPage":[]},"graphName":"none","isEnabled":true},"graphs":[]},"schema_type":"default","schema_type_options":null,"pillar_content":false,"robots_default":true,"robots_noindex":false,"robots_noarchive":false,"robots_nosnippet":false,"robots_nofollow":false,"robots_noimageindex":false,"robots_noodp":false,"robots_notranslate":false,"robots_max_snippet":"-1","robots_max_videopreview":"-1","robots_max_imagepreview":"large","priority":null,"frequency":"default","local_seo":null,"seo_analyzer_scan_date":"2025-10-09 06:48:10","breadcrumb_settings":null,"limit_modified_date":false,"reviewed_by":"0","open_ai":null,"ai":{"faqs":[],"keyPoints":[],"titles":[],"descriptions":[],"socialPosts":{"email":[],"linkedin":[],"twitter":[],"facebook":[],"instagram":[]}},"created":"2025-07-08 22:44:16","updated":"2026-02-05 02:56:20"},"aioseo_breadcrumb":"<div class=\"aioseo-breadcrumbs\"><span class=\"aioseo-breadcrumb\">\n\t<a href=\"https:\/\/soymigrante.com\/revista\" title=\"Home\">Home<\/a>\n<\/span><span class=\"aioseo-breadcrumb-separator\">\u00bb<\/span><span class=\"aioseo-breadcrumb\">\n\t<a href=\"https:\/\/soymigrante.com\/revista\/category\/guate-nuestra\/\" title=\"Guate Nuestra\">Guate Nuestra<\/a>\n<\/span><span class=\"aioseo-breadcrumb-separator\">\u00bb<\/span><span class=\"aioseo-breadcrumb\">\n\tEl Palacio de los Capitanes Generales de Antigua Guatemala es un \u00edcono del pa\u00eds\n<\/span><\/div>","aioseo_breadcrumb_json":[{"label":"Home","link":"https:\/\/soymigrante.com\/revista"},{"label":"Guate Nuestra","link":"https:\/\/soymigrante.com\/revista\/category\/guate-nuestra\/"},{"label":"El Palacio de los Capitanes Generales de Antigua Guatemala es un \u00edcono del pa\u00eds","link":"https:\/\/soymigrante.com\/revista\/el-palacio-de-los-capitanes-generales-de-antigua-guatemala-es-un-icono-del-pais\/"}],"_links":{"self":[{"href":"https:\/\/soymigrante.com\/revista\/wp-json\/wp\/v2\/posts\/38714","targetHints":{"allow":["GET"]}}],"collection":[{"href":"https:\/\/soymigrante.com\/revista\/wp-json\/wp\/v2\/posts"}],"about":[{"href":"https:\/\/soymigrante.com\/revista\/wp-json\/wp\/v2\/types\/post"}],"author":[{"embeddable":true,"href":"https:\/\/soymigrante.com\/revista\/wp-json\/wp\/v2\/users\/19"}],"replies":[{"embeddable":true,"href":"https:\/\/soymigrante.com\/revista\/wp-json\/wp\/v2\/comments?post=38714"}],"version-history":[{"count":13,"href":"https:\/\/soymigrante.com\/revista\/wp-json\/wp\/v2\/posts\/38714\/revisions"}],"predecessor-version":[{"id":39230,"href":"https:\/\/soymigrante.com\/revista\/wp-json\/wp\/v2\/posts\/38714\/revisions\/39230"}],"wp:featuredmedia":[{"embeddable":true,"href":"https:\/\/soymigrante.com\/revista\/wp-json\/wp\/v2\/media\/38715"}],"wp:attachment":[{"href":"https:\/\/soymigrante.com\/revista\/wp-json\/wp\/v2\/media?parent=38714"}],"wp:term":[{"taxonomy":"category","embeddable":true,"href":"https:\/\/soymigrante.com\/revista\/wp-json\/wp\/v2\/categories?post=38714"},{"taxonomy":"post_tag","embeddable":true,"href":"https:\/\/soymigrante.com\/revista\/wp-json\/wp\/v2\/tags?post=38714"}],"curies":[{"name":"wp","href":"https:\/\/api.w.org\/{rel}","templated":true}]}}