{"id":3867,"date":"2023-12-15T12:08:51","date_gmt":"2023-12-15T18:08:51","guid":{"rendered":"https:\/\/soymigrante.com\/revista\/?p=3867"},"modified":"2024-07-31T10:42:09","modified_gmt":"2024-07-31T16:42:09","slug":"necesidades-esperanzas-migrantes-guatemaltecos-en-estados-unidos","status":"publish","type":"post","link":"https:\/\/soymigrante.com\/revista\/necesidades-esperanzas-migrantes-guatemaltecos-en-estados-unidos\/","title":{"rendered":"Los migrantes guatemaltecos tambi\u00e9n necesitan (y much\u00edsimo) de su pa\u00eds"},"content":{"rendered":"\t\t<div data-elementor-type=\"wp-post\" data-elementor-id=\"3867\" class=\"elementor elementor-3867\" data-elementor-post-type=\"post\">\n\t\t\t\t\t\t<section data-particle_enable=\"false\" data-particle-mobile-disabled=\"false\" class=\"elementor-section elementor-top-section elementor-element elementor-element-e3b6a60 elementor-section-boxed elementor-section-height-default elementor-section-height-default\" data-id=\"e3b6a60\" data-element_type=\"section\" data-e-type=\"section\">\n\t\t\t\t\t\t<div class=\"elementor-container elementor-column-gap-default\">\n\t\t\t\t\t<div class=\"elementor-column elementor-col-100 elementor-top-column elementor-element elementor-element-f0d2000\" data-id=\"f0d2000\" data-element_type=\"column\" data-e-type=\"column\">\n\t\t\t<div class=\"elementor-widget-wrap elementor-element-populated\">\n\t\t\t\t\t\t<div class=\"elementor-element elementor-element-9b44e36 elementor-widget elementor-widget-heading\" data-id=\"9b44e36\" data-element_type=\"widget\" data-e-type=\"widget\" data-widget_type=\"heading.default\">\n\t\t\t\t\t<h1 class=\"elementor-heading-title elementor-size-default\">Los migrantes guatemaltecos salieron en busca de las oportunidades que no encontraron en su pa\u00eds y aportan el 20% de la econom\u00eda nacional: pero con todo y eso, ellos tambi\u00e9n necesitan de Guatemala. As\u00ed lo expresan:<\/h1>\t\t\t\t<\/div>\n\t\t\t\t\t<\/div>\n\t\t<\/div>\n\t\t\t\t\t<\/div>\n\t\t<\/section>\n\t\t\t\t<section data-particle_enable=\"false\" data-particle-mobile-disabled=\"false\" class=\"elementor-section elementor-top-section elementor-element elementor-element-edca444 elementor-section-boxed elementor-section-height-default elementor-section-height-default\" data-id=\"edca444\" data-element_type=\"section\" data-e-type=\"section\">\n\t\t\t\t\t\t<div class=\"elementor-container elementor-column-gap-default\">\n\t\t\t\t\t<div class=\"elementor-column elementor-col-100 elementor-top-column elementor-element elementor-element-6ec4c8a\" data-id=\"6ec4c8a\" data-element_type=\"column\" data-e-type=\"column\">\n\t\t\t<div class=\"elementor-widget-wrap elementor-element-populated\">\n\t\t\t\t\t\t<div class=\"elementor-element elementor-element-2323f19 elementor-widget elementor-widget-text-editor\" data-id=\"2323f19\" data-element_type=\"widget\" data-e-type=\"widget\" data-widget_type=\"text-editor.default\">\n\t\t\t\t\t\t\t\t\t<p>&#8220;Lamentablamente tenemos un gobierno \u00e1spero, que jam\u00e1s se recuerda de los migrantes&#8221;, expresa Julio Alvarado, quien visita a su familia en Sacatep\u00e9quez por Navidad y A\u00f1o Nuevo. &#8220;De los migrantes comen, por las remesas; si no fuera por las remesas el pa\u00eds estar\u00eda peor, pero a\u00fan as\u00ed no nos dan mejora de servicios (consulares), agrega Alvarado.<\/p>\t\t\t\t\t\t\t\t<\/div>\n\t\t\t\t\t<\/div>\n\t\t<\/div>\n\t\t\t\t\t<\/div>\n\t\t<\/section>\n\t\t\t\t<section data-particle_enable=\"false\" data-particle-mobile-disabled=\"false\" class=\"elementor-section elementor-top-section elementor-element elementor-element-649a02b elementor-section-boxed elementor-section-height-default elementor-section-height-default\" data-id=\"649a02b\" data-element_type=\"section\" data-e-type=\"section\">\n\t\t\t\t\t\t<div class=\"elementor-container elementor-column-gap-default\">\n\t\t\t\t\t<div class=\"elementor-column elementor-col-100 elementor-top-column elementor-element elementor-element-bfd7f00\" data-id=\"bfd7f00\" data-element_type=\"column\" data-e-type=\"column\">\n\t\t\t<div class=\"elementor-widget-wrap elementor-element-populated\">\n\t\t\t\t\t\t<div class=\"elementor-element elementor-element-d02a907 elementor-widget elementor-widget-image\" data-id=\"d02a907\" data-element_type=\"widget\" data-e-type=\"widget\" data-widget_type=\"image.default\">\n\t\t\t\t\t\t\t\t\t\t\t\t<figure class=\"wp-caption\">\n\t\t\t\t\t\t\t\t\t\t<img fetchpriority=\"high\" decoding=\"async\" width=\"1024\" height=\"768\" src=\"https:\/\/soymigrante.com\/revista\/wp-content\/uploads\/2023\/07\/IMG-20230704-WA0035-1024x768.webp\" class=\"attachment-large size-large wp-image-1957\" alt=\"Julio Alvarado se siente orgulloso de ser antig\u00fce\u00f1o de pura cepa. Hospedarse en su pueblo le regresa a aquellos a\u00f1os de ni\u00f1ez y juventud, aunque extra\u00f1a el clima y el silencio de anta\u00f1o.\" srcset=\"https:\/\/soymigrante.com\/revista\/wp-content\/uploads\/2023\/07\/IMG-20230704-WA0035-1024x768.webp 1024w, https:\/\/soymigrante.com\/revista\/wp-content\/uploads\/2023\/07\/IMG-20230704-WA0035-300x225.webp 300w, https:\/\/soymigrante.com\/revista\/wp-content\/uploads\/2023\/07\/IMG-20230704-WA0035-768x576.webp 768w, https:\/\/soymigrante.com\/revista\/wp-content\/uploads\/2023\/07\/IMG-20230704-WA0035-750x563.webp 750w, https:\/\/soymigrante.com\/revista\/wp-content\/uploads\/2023\/07\/IMG-20230704-WA0035-1140x855.webp 1140w, https:\/\/soymigrante.com\/revista\/wp-content\/uploads\/2023\/07\/IMG-20230704-WA0035.webp 1296w\" sizes=\"(max-width: 1024px) 100vw, 1024px\" \/>\t\t\t\t\t\t\t\t\t\t\t<figcaption class=\"widget-image-caption wp-caption-text\">Julio Alvarado se siente orgulloso de ser antig\u00fce\u00f1o de pura cepa. Hospedarse en su pueblo le regresa a aquellos a\u00f1os de ni\u00f1ez y juventud, aunque extra\u00f1a el clima y el silencio de anta\u00f1o.<\/figcaption>\n\t\t\t\t\t\t\t\t\t\t<\/figure>\n\t\t\t\t\t\t\t\t\t<\/div>\n\t\t\t\t\t<\/div>\n\t\t<\/div>\n\t\t\t\t\t<\/div>\n\t\t<\/section>\n\t\t\t\t<section data-particle_enable=\"false\" data-particle-mobile-disabled=\"false\" class=\"elementor-section elementor-top-section elementor-element elementor-element-4afdfff elementor-section-boxed elementor-section-height-default elementor-section-height-default\" data-id=\"4afdfff\" data-element_type=\"section\" data-e-type=\"section\">\n\t\t\t\t\t\t<div class=\"elementor-container elementor-column-gap-default\">\n\t\t\t\t\t<div class=\"elementor-column elementor-col-100 elementor-top-column elementor-element elementor-element-0c39b09\" data-id=\"0c39b09\" data-element_type=\"column\" data-e-type=\"column\">\n\t\t\t<div class=\"elementor-widget-wrap elementor-element-populated\">\n\t\t\t\t\t\t<div class=\"elementor-element elementor-element-e10bbb5 elementor-widget elementor-widget-text-editor\" data-id=\"e10bbb5\" data-element_type=\"widget\" data-e-type=\"widget\" data-widget_type=\"text-editor.default\">\n\t\t\t\t\t\t\t\t\t<p>Su voz se suma a la de otros migrantes que aceptaron aportar en este sondeo efectuado con motivo del ya proximo<a href=\"https:\/\/www.un.org\/es\/observances\/migrants-day\"> D\u00eda Internacional del Migrante, el 18 de diciembre.<\/a><\/p><p>\u00a0Mejor atenci\u00f3n consular, mejora econ\u00f3mica en Guatemala para poder volver a vivir alg\u00fan d\u00eda en la tierra natal, el contacto con la familia y con las ra\u00edces culturales son algunos de los elementos que los migrantes chapines consideran necesitar m\u00e1s de su pa\u00eds.<\/p>\t\t\t\t\t\t\t\t<\/div>\n\t\t\t\t\t<\/div>\n\t\t<\/div>\n\t\t\t\t\t<\/div>\n\t\t<\/section>\n\t\t\t\t<section data-particle_enable=\"false\" data-particle-mobile-disabled=\"false\" class=\"elementor-section elementor-top-section elementor-element elementor-element-7512536 elementor-section-boxed elementor-section-height-default elementor-section-height-default\" data-id=\"7512536\" data-element_type=\"section\" data-e-type=\"section\">\n\t\t\t\t\t\t<div class=\"elementor-container elementor-column-gap-default\">\n\t\t\t\t\t<div class=\"elementor-column elementor-col-100 elementor-top-column elementor-element elementor-element-f906c28\" data-id=\"f906c28\" data-element_type=\"column\" data-e-type=\"column\">\n\t\t\t<div class=\"elementor-widget-wrap elementor-element-populated\">\n\t\t\t\t\t\t<div class=\"elementor-element elementor-element-94a52f8 elementor-widget elementor-widget-testimonial\" data-id=\"94a52f8\" data-element_type=\"widget\" data-e-type=\"widget\" data-widget_type=\"testimonial.default\">\n\t\t\t\t\t\t\t<div class=\"elementor-testimonial-wrapper\">\n\t\t\t\t\t\t\t<div class=\"elementor-testimonial-content\">\"El migrante guatemalteco anhela principalmente el apoyo de su familia y amigos, mantener sus tradiciones y sentir el calor del hogar para superar los desaf\u00edos de vivir lejos de su pa\u00eds\"<\/div>\n\t\t\t\n\t\t\t\t\t\t<div class=\"elementor-testimonial-meta elementor-has-image elementor-testimonial-image-position-top\">\n\t\t\t\t<div class=\"elementor-testimonial-meta-inner\">\n\t\t\t\t\t\t\t\t\t\t\t<div class=\"elementor-testimonial-image\">\n\t\t\t\t\t\t\t<img decoding=\"async\" width=\"1078\" height=\"1092\" src=\"https:\/\/soymigrante.com\/revista\/wp-content\/uploads\/2023\/11\/Portada-2.webp\" class=\"attachment-full size-full wp-image-3449\" alt=\"Migrante guatemalteca Dadiana Cabrera\" srcset=\"https:\/\/soymigrante.com\/revista\/wp-content\/uploads\/2023\/11\/Portada-2.webp 1078w, https:\/\/soymigrante.com\/revista\/wp-content\/uploads\/2023\/11\/Portada-2-296x300.webp 296w, https:\/\/soymigrante.com\/revista\/wp-content\/uploads\/2023\/11\/Portada-2-1011x1024.webp 1011w, https:\/\/soymigrante.com\/revista\/wp-content\/uploads\/2023\/11\/Portada-2-768x778.webp 768w, https:\/\/soymigrante.com\/revista\/wp-content\/uploads\/2023\/11\/Portada-2-75x75.webp 75w, https:\/\/soymigrante.com\/revista\/wp-content\/uploads\/2023\/11\/Portada-2-750x760.webp 750w\" sizes=\"(max-width: 1078px) 100vw, 1078px\" \/>\t\t\t\t\t\t<\/div>\n\t\t\t\t\t\n\t\t\t\t\t\t\t\t\t\t<div class=\"elementor-testimonial-details\">\n\t\t\t\t\t\t\t\t\t\t\t\t\t\t<div class=\"elementor-testimonial-name\">Dadiana Cabrera<\/div>\n\t\t\t\t\t\t\t\t\t\t\t\t\t\t\t\t\t\t\t\t\t\t<div class=\"elementor-testimonial-job\">Bombera y comunicadora social en Maryland<\/div>\n\t\t\t\t\t\t\t\t\t\t\t\t\t<\/div>\n\t\t\t\t\t\t\t\t\t<\/div>\n\t\t\t<\/div>\n\t\t\t\t\t<\/div>\n\t\t\t\t\t\t<\/div>\n\t\t\t\t\t<\/div>\n\t\t<\/div>\n\t\t\t\t\t<\/div>\n\t\t<\/section>\n\t\t\t\t<section data-particle_enable=\"false\" data-particle-mobile-disabled=\"false\" class=\"elementor-section elementor-top-section elementor-element elementor-element-cb56f7b elementor-section-boxed elementor-section-height-default elementor-section-height-default\" data-id=\"cb56f7b\" data-element_type=\"section\" data-e-type=\"section\">\n\t\t\t\t\t\t<div class=\"elementor-container elementor-column-gap-default\">\n\t\t\t\t\t<div class=\"elementor-column elementor-col-100 elementor-top-column elementor-element elementor-element-d3e8a2f\" data-id=\"d3e8a2f\" data-element_type=\"column\" data-e-type=\"column\">\n\t\t\t<div class=\"elementor-widget-wrap elementor-element-populated\">\n\t\t\t\t\t\t<div class=\"elementor-element elementor-element-50f0982 elementor-invisible elementor-widget elementor-widget-testimonial\" data-id=\"50f0982\" data-element_type=\"widget\" data-e-type=\"widget\" data-settings=\"{&quot;_animation&quot;:&quot;slideInRight&quot;}\" data-widget_type=\"testimonial.default\">\n\t\t\t\t\t\t\t<div class=\"elementor-testimonial-wrapper\">\n\t\t\t\t\t\t\t<div class=\"elementor-testimonial-content\">\"Lo que m\u00e1s se necesita de Guatemala es a la familia, estar en compa\u00f1\u00eda de los que amas abuelos, primos, t\u00edos, t\u00edas, amistades\".\"<\/div>\n\t\t\t\n\t\t\t\t\t\t<div class=\"elementor-testimonial-meta elementor-has-image elementor-testimonial-image-position-top\">\n\t\t\t\t<div class=\"elementor-testimonial-meta-inner\">\n\t\t\t\t\t\t\t\t\t\t\t<div class=\"elementor-testimonial-image\">\n\t\t\t\t\t\t\t<img decoding=\"async\" width=\"960\" height=\"956\" src=\"https:\/\/soymigrante.com\/revista\/wp-content\/uploads\/2023\/12\/yarushka.webp\" class=\"attachment-full size-full wp-image-3873\" alt=\"\" srcset=\"https:\/\/soymigrante.com\/revista\/wp-content\/uploads\/2023\/12\/yarushka.webp 960w, https:\/\/soymigrante.com\/revista\/wp-content\/uploads\/2023\/12\/yarushka-300x300.webp 300w, https:\/\/soymigrante.com\/revista\/wp-content\/uploads\/2023\/12\/yarushka-150x150.webp 150w, https:\/\/soymigrante.com\/revista\/wp-content\/uploads\/2023\/12\/yarushka-768x765.webp 768w, https:\/\/soymigrante.com\/revista\/wp-content\/uploads\/2023\/12\/yarushka-75x75.jpg 75w, https:\/\/soymigrante.com\/revista\/wp-content\/uploads\/2023\/12\/yarushka-750x747.jpg 750w\" sizes=\"(max-width: 960px) 100vw, 960px\" \/>\t\t\t\t\t\t<\/div>\n\t\t\t\t\t\n\t\t\t\t\t\t\t\t\t\t<div class=\"elementor-testimonial-details\">\n\t\t\t\t\t\t\t\t\t\t\t\t\t\t<div class=\"elementor-testimonial-name\">Yara Reynolds<\/div>\n\t\t\t\t\t\t\t\t\t\t\t\t\t\t\t\t\t\t\t\t\t\t<div class=\"elementor-testimonial-job\">Emprendedora en Alabama<\/div>\n\t\t\t\t\t\t\t\t\t\t\t\t\t<\/div>\n\t\t\t\t\t\t\t\t\t<\/div>\n\t\t\t<\/div>\n\t\t\t\t\t<\/div>\n\t\t\t\t\t\t<\/div>\n\t\t\t\t\t<\/div>\n\t\t<\/div>\n\t\t\t\t\t<\/div>\n\t\t<\/section>\n\t\t\t\t<section data-particle_enable=\"false\" data-particle-mobile-disabled=\"false\" class=\"elementor-section elementor-top-section elementor-element elementor-element-89b6968 elementor-section-boxed elementor-section-height-default elementor-section-height-default\" data-id=\"89b6968\" data-element_type=\"section\" data-e-type=\"section\">\n\t\t\t\t\t\t<div class=\"elementor-container elementor-column-gap-default\">\n\t\t\t\t\t<div class=\"elementor-column elementor-col-100 elementor-top-column elementor-element elementor-element-dbcae3c\" data-id=\"dbcae3c\" data-element_type=\"column\" data-e-type=\"column\">\n\t\t\t<div class=\"elementor-widget-wrap elementor-element-populated\">\n\t\t\t\t\t\t<div class=\"elementor-element elementor-element-1c72e01 elementor-widget elementor-widget-testimonial\" data-id=\"1c72e01\" data-element_type=\"widget\" data-e-type=\"widget\" data-widget_type=\"testimonial.default\">\n\t\t\t\t\t\t\t<div class=\"elementor-testimonial-wrapper\">\n\t\t\t\t\t\t\t<div class=\"elementor-testimonial-content\">\"Lo principal ser\u00eda la ayuda de parte de los consulados, ya que all\u00ed siempre es un p\u00e9simo servicio a nuestra misma gente, las citas para tramitar pasaporte son dif\u00edciles y no existe apoyo para los peque\u00f1os emprendedores\".<\/div>\n\t\t\t\n\t\t\t\t\t\t<div class=\"elementor-testimonial-meta elementor-has-image elementor-testimonial-image-position-top\">\n\t\t\t\t<div class=\"elementor-testimonial-meta-inner\">\n\t\t\t\t\t\t\t\t\t\t\t<div class=\"elementor-testimonial-image\">\n\t\t\t\t\t\t\t<img loading=\"lazy\" decoding=\"async\" width=\"720\" height=\"780\" src=\"https:\/\/soymigrante.com\/revista\/wp-content\/uploads\/2023\/11\/Doris-Yohana-1-e1700031993644.webp\" class=\"attachment-full size-full wp-image-3357\" alt=\"\" srcset=\"https:\/\/soymigrante.com\/revista\/wp-content\/uploads\/2023\/11\/Doris-Yohana-1-e1700031993644.webp 720w, https:\/\/soymigrante.com\/revista\/wp-content\/uploads\/2023\/11\/Doris-Yohana-1-e1700031993644-277x300.webp 277w\" sizes=\"(max-width: 720px) 100vw, 720px\" \/>\t\t\t\t\t\t<\/div>\n\t\t\t\t\t\n\t\t\t\t\t\t\t\t\t\t<div class=\"elementor-testimonial-details\">\n\t\t\t\t\t\t\t\t\t\t\t\t\t\t<div class=\"elementor-testimonial-name\">Yohana Vicente<\/div>\n\t\t\t\t\t\t\t\t\t\t\t\t\t\t\t\t\t\t\t\t\t\t<div class=\"elementor-testimonial-job\">Migrante que tiene una empresa familiar en Virginia.<\/div>\n\t\t\t\t\t\t\t\t\t\t\t\t\t<\/div>\n\t\t\t\t\t\t\t\t\t<\/div>\n\t\t\t<\/div>\n\t\t\t\t\t<\/div>\n\t\t\t\t\t\t<\/div>\n\t\t\t\t\t<\/div>\n\t\t<\/div>\n\t\t\t\t\t<\/div>\n\t\t<\/section>\n\t\t\t\t<section data-particle_enable=\"false\" data-particle-mobile-disabled=\"false\" class=\"elementor-section elementor-top-section elementor-element elementor-element-504f4de elementor-section-boxed elementor-section-height-default elementor-section-height-default\" data-id=\"504f4de\" data-element_type=\"section\" data-e-type=\"section\">\n\t\t\t\t\t\t<div class=\"elementor-container elementor-column-gap-default\">\n\t\t\t\t\t<div class=\"elementor-column elementor-col-100 elementor-top-column elementor-element elementor-element-b1c8c26\" data-id=\"b1c8c26\" data-element_type=\"column\" data-e-type=\"column\">\n\t\t\t<div class=\"elementor-widget-wrap elementor-element-populated\">\n\t\t\t\t\t\t<div class=\"elementor-element elementor-element-d4b806d elementor-invisible elementor-widget elementor-widget-testimonial\" data-id=\"d4b806d\" data-element_type=\"widget\" data-e-type=\"widget\" data-settings=\"{&quot;_animation&quot;:&quot;fadeInRight&quot;}\" data-widget_type=\"testimonial.default\">\n\t\t\t\t\t\t\t<div class=\"elementor-testimonial-wrapper\">\n\t\t\t\t\t\t\t<div class=\"elementor-testimonial-content\">\"\"Necesitamos tener un nuevo presidente y gobierno que se preocupe de las necesidades del migrante\", declara.\"<\/div>\n\t\t\t\n\t\t\t\t\t\t<div class=\"elementor-testimonial-meta elementor-has-image elementor-testimonial-image-position-top\">\n\t\t\t\t<div class=\"elementor-testimonial-meta-inner\">\n\t\t\t\t\t\t\t\t\t\t\t<div class=\"elementor-testimonial-image\">\n\t\t\t\t\t\t\t<img loading=\"lazy\" decoding=\"async\" width=\"380\" height=\"470\" src=\"https:\/\/soymigrante.com\/revista\/wp-content\/uploads\/2023\/12\/familias--e1701746294436.webp\" class=\"attachment-full size-full wp-image-3635\" alt=\"\" srcset=\"https:\/\/soymigrante.com\/revista\/wp-content\/uploads\/2023\/12\/familias--e1701746294436.webp 380w, https:\/\/soymigrante.com\/revista\/wp-content\/uploads\/2023\/12\/familias--e1701746294436-243x300.webp 243w\" sizes=\"(max-width: 380px) 100vw, 380px\" \/>\t\t\t\t\t\t<\/div>\n\t\t\t\t\t\n\t\t\t\t\t\t\t\t\t\t<div class=\"elementor-testimonial-details\">\n\t\t\t\t\t\t\t\t\t\t\t\t\t\t<div class=\"elementor-testimonial-name\">Vinicio Cabrera<\/div>\n\t\t\t\t\t\t\t\t\t\t\t\t\t\t\t\t\t\t\t\t\t\t<div class=\"elementor-testimonial-job\">Promotor cultural a trav\u00e9s del grupo\nde danza <\/div>\n\t\t\t\t\t\t\t\t\t\t\t\t\t<\/div>\n\t\t\t\t\t\t\t\t\t<\/div>\n\t\t\t<\/div>\n\t\t\t\t\t<\/div>\n\t\t\t\t\t\t<\/div>\n\t\t\t\t\t<\/div>\n\t\t<\/div>\n\t\t\t\t\t<\/div>\n\t\t<\/section>\n\t\t\t\t<section data-particle_enable=\"false\" data-particle-mobile-disabled=\"false\" class=\"elementor-section elementor-top-section elementor-element elementor-element-08e4e7e elementor-section-boxed elementor-section-height-default elementor-section-height-default\" data-id=\"08e4e7e\" data-element_type=\"section\" data-e-type=\"section\">\n\t\t\t\t\t\t<div class=\"elementor-container elementor-column-gap-default\">\n\t\t\t\t\t<div class=\"elementor-column elementor-col-100 elementor-top-column elementor-element elementor-element-adb0d45\" data-id=\"adb0d45\" data-element_type=\"column\" data-e-type=\"column\">\n\t\t\t<div class=\"elementor-widget-wrap elementor-element-populated\">\n\t\t\t\t\t\t<div class=\"elementor-element elementor-element-a3bc639 elementor-widget elementor-widget-testimonial\" data-id=\"a3bc639\" data-element_type=\"widget\" data-e-type=\"widget\" data-widget_type=\"testimonial.default\">\n\t\t\t\t\t\t\t<div class=\"elementor-testimonial-wrapper\">\n\t\t\t\t\t\t\t<div class=\"elementor-testimonial-content\">\"\"El migrante necesita conservar el amor a la tierra que lo vio nacer, no debe de olvidarse nunca de sus ra\u00edces para poder vivir con alegr\u00eda\"<\/div>\n\t\t\t\n\t\t\t\t\t\t<div class=\"elementor-testimonial-meta elementor-has-image elementor-testimonial-image-position-top\">\n\t\t\t\t<div class=\"elementor-testimonial-meta-inner\">\n\t\t\t\t\t\t\t\t\t\t\t<div class=\"elementor-testimonial-image\">\n\t\t\t\t\t\t\t<img loading=\"lazy\" decoding=\"async\" width=\"521\" height=\"508\" src=\"https:\/\/soymigrante.com\/revista\/wp-content\/uploads\/2023\/12\/Captura-de-pantalla-2023-12-15-124619.webp\" class=\"attachment-full size-full wp-image-3874\" alt=\"\" srcset=\"https:\/\/soymigrante.com\/revista\/wp-content\/uploads\/2023\/12\/Captura-de-pantalla-2023-12-15-124619.webp 521w, https:\/\/soymigrante.com\/revista\/wp-content\/uploads\/2023\/12\/Captura-de-pantalla-2023-12-15-124619-300x293.webp 300w\" sizes=\"(max-width: 521px) 100vw, 521px\" \/>\t\t\t\t\t\t<\/div>\n\t\t\t\t\t\n\t\t\t\t\t\t\t\t\t\t<div class=\"elementor-testimonial-details\">\n\t\t\t\t\t\t\t\t\t\t\t\t\t\t<div class=\"elementor-testimonial-name\">Anna Halliday <\/div>\n\t\t\t\t\t\t\t\t\t\t\t\t\t\t\t\t\t\t\t\t\t\t<div class=\"elementor-testimonial-job\">Empresaria y transportista radicada\nen Miami, originaria de Izabal<\/div>\n\t\t\t\t\t\t\t\t\t\t\t\t\t<\/div>\n\t\t\t\t\t\t\t\t\t<\/div>\n\t\t\t<\/div>\n\t\t\t\t\t<\/div>\n\t\t\t\t\t\t<\/div>\n\t\t\t\t\t<\/div>\n\t\t<\/div>\n\t\t\t\t\t<\/div>\n\t\t<\/section>\n\t\t\t\t<section data-particle_enable=\"false\" data-particle-mobile-disabled=\"false\" class=\"elementor-section elementor-top-section elementor-element elementor-element-3ab9249 elementor-section-boxed elementor-section-height-default elementor-section-height-default\" data-id=\"3ab9249\" data-element_type=\"section\" data-e-type=\"section\">\n\t\t\t\t\t\t<div class=\"elementor-container elementor-column-gap-default\">\n\t\t\t\t\t<div class=\"elementor-column elementor-col-100 elementor-top-column elementor-element elementor-element-64a7ad1\" data-id=\"64a7ad1\" data-element_type=\"column\" data-e-type=\"column\">\n\t\t\t<div class=\"elementor-widget-wrap elementor-element-populated\">\n\t\t\t\t\t\t<div class=\"elementor-element elementor-element-b6663b0 elementor-invisible elementor-widget elementor-widget-testimonial\" data-id=\"b6663b0\" data-element_type=\"widget\" data-e-type=\"widget\" data-settings=\"{&quot;_animation&quot;:&quot;fadeInLeft&quot;}\" data-widget_type=\"testimonial.default\">\n\t\t\t\t\t\t\t<div class=\"elementor-testimonial-wrapper\">\n\t\t\t\t\t\t\t<div class=\"elementor-testimonial-content\">\"Lo que necesitamos en nuestro pa\u00eds es que la econom\u00eda mejore y haya paz en nuestra tierra, para poder volver un d\u00eda\"\"<\/div>\n\t\t\t\n\t\t\t\t\t\t<div class=\"elementor-testimonial-meta elementor-has-image elementor-testimonial-image-position-top\">\n\t\t\t\t<div class=\"elementor-testimonial-meta-inner\">\n\t\t\t\t\t\t\t\t\t\t\t<div class=\"elementor-testimonial-image\">\n\t\t\t\t\t\t\t<img loading=\"lazy\" decoding=\"async\" width=\"1920\" height=\"1920\" src=\"https:\/\/soymigrante.com\/revista\/wp-content\/uploads\/2023\/10\/Despues-de-varios-anos-han-logrado-reunificarse-sus-hijos-trabajan-y-estudian-mientras-apoyan-los-fines-de-semana-en-el-negocio-familiar-el-hijo-mayo-de-Juana-se-graduo-de-la-universidad-en-Guatemala-scaled.webp\" class=\"attachment-full size-full wp-image-3105\" alt=\"Despu\u00e9s de varios a\u00f1os han logrado reunificarse, sus hijos trabajan y estudian mientras apoyan los fines de semana en el negocio familiar, el hijo mayo de Juana se gradu\u00f3 de la universidad en Guatemala\" srcset=\"https:\/\/soymigrante.com\/revista\/wp-content\/uploads\/2023\/10\/Despues-de-varios-anos-han-logrado-reunificarse-sus-hijos-trabajan-y-estudian-mientras-apoyan-los-fines-de-semana-en-el-negocio-familiar-el-hijo-mayo-de-Juana-se-graduo-de-la-universidad-en-Guatemala-scaled.webp 1920w, https:\/\/soymigrante.com\/revista\/wp-content\/uploads\/2023\/10\/Despues-de-varios-anos-han-logrado-reunificarse-sus-hijos-trabajan-y-estudian-mientras-apoyan-los-fines-de-semana-en-el-negocio-familiar-el-hijo-mayo-de-Juana-se-graduo-de-la-universidad-en-Guatemala-300x300.webp 300w, https:\/\/soymigrante.com\/revista\/wp-content\/uploads\/2023\/10\/Despues-de-varios-anos-han-logrado-reunificarse-sus-hijos-trabajan-y-estudian-mientras-apoyan-los-fines-de-semana-en-el-negocio-familiar-el-hijo-mayo-de-Juana-se-graduo-de-la-universidad-en-Guatemala-1024x1024.webp 1024w, https:\/\/soymigrante.com\/revista\/wp-content\/uploads\/2023\/10\/Despues-de-varios-anos-han-logrado-reunificarse-sus-hijos-trabajan-y-estudian-mientras-apoyan-los-fines-de-semana-en-el-negocio-familiar-el-hijo-mayo-de-Juana-se-graduo-de-la-universidad-en-Guatemala-150x150.webp 150w, https:\/\/soymigrante.com\/revista\/wp-content\/uploads\/2023\/10\/Despues-de-varios-anos-han-logrado-reunificarse-sus-hijos-trabajan-y-estudian-mientras-apoyan-los-fines-de-semana-en-el-negocio-familiar-el-hijo-mayo-de-Juana-se-graduo-de-la-universidad-en-Guatemala-768x768.webp 768w, https:\/\/soymigrante.com\/revista\/wp-content\/uploads\/2023\/10\/Despues-de-varios-anos-han-logrado-reunificarse-sus-hijos-trabajan-y-estudian-mientras-apoyan-los-fines-de-semana-en-el-negocio-familiar-el-hijo-mayo-de-Juana-se-graduo-de-la-universidad-en-Guatemala-1536x1536.webp 1536w, https:\/\/soymigrante.com\/revista\/wp-content\/uploads\/2023\/10\/Despues-de-varios-anos-han-logrado-reunificarse-sus-hijos-trabajan-y-estudian-mientras-apoyan-los-fines-de-semana-en-el-negocio-familiar-el-hijo-mayo-de-Juana-se-graduo-de-la-universidad-en-Guatemala-75x75.webp 75w, https:\/\/soymigrante.com\/revista\/wp-content\/uploads\/2023\/10\/Despues-de-varios-anos-han-logrado-reunificarse-sus-hijos-trabajan-y-estudian-mientras-apoyan-los-fines-de-semana-en-el-negocio-familiar-el-hijo-mayo-de-Juana-se-graduo-de-la-universidad-en-Guatemala-750x750.webp 750w, https:\/\/soymigrante.com\/revista\/wp-content\/uploads\/2023\/10\/Despues-de-varios-anos-han-logrado-reunificarse-sus-hijos-trabajan-y-estudian-mientras-apoyan-los-fines-de-semana-en-el-negocio-familiar-el-hijo-mayo-de-Juana-se-graduo-de-la-universidad-en-Guatemala-1140x1140.webp 1140w, https:\/\/soymigrante.com\/revista\/wp-content\/uploads\/2023\/10\/Despues-de-varios-anos-han-logrado-reunificarse-sus-hijos-trabajan-y-estudian-mientras-apoyan-los-fines-de-semana-en-el-negocio-familiar-el-hijo-mayo-de-Juana-se-graduo-de-la-universidad-en-Guatemala-600x600.webp 600w\" sizes=\"(max-width: 1920px) 100vw, 1920px\" \/>\t\t\t\t\t\t<\/div>\n\t\t\t\t\t\n\t\t\t\t\t\t\t\t\t\t<div class=\"elementor-testimonial-details\">\n\t\t\t\t\t\t\t\t\t\t\t\t\t\t<div class=\"elementor-testimonial-name\">Juana L\u00f3pez S\u00e1nchez <\/div>\n\t\t\t\t\t\t\t\t\t\t\t\t\t\t\t\t\t\t\t\t\t\t<div class=\"elementor-testimonial-job\">Madre de familia y emprendedora, con una\nventa de tamales y pan en el \u00e1rea urbana\nde Washington D.C.<\/div>\n\t\t\t\t\t\t\t\t\t\t\t\t\t<\/div>\n\t\t\t\t\t\t\t\t\t<\/div>\n\t\t\t<\/div>\n\t\t\t\t\t<\/div>\n\t\t\t\t\t\t<\/div>\n\t\t\t\t\t<\/div>\n\t\t<\/div>\n\t\t\t\t\t<\/div>\n\t\t<\/section>\n\t\t\t\t<section data-particle_enable=\"false\" data-particle-mobile-disabled=\"false\" class=\"elementor-section elementor-top-section elementor-element elementor-element-dd13acf elementor-section-boxed elementor-section-height-default elementor-section-height-default\" data-id=\"dd13acf\" data-element_type=\"section\" data-e-type=\"section\">\n\t\t\t\t\t\t<div class=\"elementor-container elementor-column-gap-default\">\n\t\t\t\t\t<div class=\"elementor-column elementor-col-100 elementor-top-column elementor-element elementor-element-d166f24\" data-id=\"d166f24\" data-element_type=\"column\" data-e-type=\"column\">\n\t\t\t<div class=\"elementor-widget-wrap elementor-element-populated\">\n\t\t\t\t\t\t<div class=\"elementor-element elementor-element-7c72206 elementor-widget elementor-widget-testimonial\" data-id=\"7c72206\" data-element_type=\"widget\" data-e-type=\"widget\" data-widget_type=\"testimonial.default\">\n\t\t\t\t\t\t\t<div class=\"elementor-testimonial-wrapper\">\n\t\t\t\t\t\t\t<div class=\"elementor-testimonial-content\">\"\"Pienso que necesita mas ayuda en lo de salud, aqui  es caro ir a doctores. Una consulta cuesta como 100 dolares y es solo a una clinica donde uno va cuando estamos enfermos de la gripa. Ahora ir a un Hospital es m\u00e1s caro\".  <\/div>\n\t\t\t\n\t\t\t\t\t\t<div class=\"elementor-testimonial-meta elementor-has-image elementor-testimonial-image-position-top\">\n\t\t\t\t<div class=\"elementor-testimonial-meta-inner\">\n\t\t\t\t\t\t\t\t\t\t\t<div class=\"elementor-testimonial-image\">\n\t\t\t\t\t\t\t<img loading=\"lazy\" decoding=\"async\" width=\"1080\" height=\"1111\" src=\"https:\/\/soymigrante.com\/revista\/wp-content\/uploads\/2023\/09\/Hilda-De-Leon-es-originaria-de-Quetzaltenango-Guatemala-llego-a-Estados-Unidos-en-el-ano-1992-impulsa-proyectos-culturales-y-sociales-para-no-olvidar-sus-raices-.webp\" class=\"attachment-full size-full wp-image-2575\" alt=\"Hilda De Le\u00f3n es originaria de Quetzaltenango, Guatemala, lleg\u00f3 a Estados Unidos en el a\u00f1o 1992, impulsa proyectos culturales y sociales para no olvidar sus ra\u00edces\" srcset=\"https:\/\/soymigrante.com\/revista\/wp-content\/uploads\/2023\/09\/Hilda-De-Leon-es-originaria-de-Quetzaltenango-Guatemala-llego-a-Estados-Unidos-en-el-ano-1992-impulsa-proyectos-culturales-y-sociales-para-no-olvidar-sus-raices-.webp 1080w, https:\/\/soymigrante.com\/revista\/wp-content\/uploads\/2023\/09\/Hilda-De-Leon-es-originaria-de-Quetzaltenango-Guatemala-llego-a-Estados-Unidos-en-el-ano-1992-impulsa-proyectos-culturales-y-sociales-para-no-olvidar-sus-raices--292x300.webp 292w, https:\/\/soymigrante.com\/revista\/wp-content\/uploads\/2023\/09\/Hilda-De-Leon-es-originaria-de-Quetzaltenango-Guatemala-llego-a-Estados-Unidos-en-el-ano-1992-impulsa-proyectos-culturales-y-sociales-para-no-olvidar-sus-raices--995x1024.webp 995w, https:\/\/soymigrante.com\/revista\/wp-content\/uploads\/2023\/09\/Hilda-De-Leon-es-originaria-de-Quetzaltenango-Guatemala-llego-a-Estados-Unidos-en-el-ano-1992-impulsa-proyectos-culturales-y-sociales-para-no-olvidar-sus-raices--768x790.webp 768w, https:\/\/soymigrante.com\/revista\/wp-content\/uploads\/2023\/09\/Hilda-De-Leon-es-originaria-de-Quetzaltenango-Guatemala-llego-a-Estados-Unidos-en-el-ano-1992-impulsa-proyectos-culturales-y-sociales-para-no-olvidar-sus-raices--750x772.webp 750w\" sizes=\"(max-width: 1080px) 100vw, 1080px\" \/>\t\t\t\t\t\t<\/div>\n\t\t\t\t\t\n\t\t\t\t\t\t\t\t\t\t<div class=\"elementor-testimonial-details\">\n\t\t\t\t\t\t\t\t\t\t\t\t\t\t<div class=\"elementor-testimonial-name\">Hilda de Le\u00f3n<\/div>\n\t\t\t\t\t\t\t\t\t\t\t\t\t\t\t\t\t\t\t\t\t\t<div class=\"elementor-testimonial-job\">Trabajadora migrante guatemalteca\nradicada en Oklahoma<\/div>\n\t\t\t\t\t\t\t\t\t\t\t\t\t<\/div>\n\t\t\t\t\t\t\t\t\t<\/div>\n\t\t\t<\/div>\n\t\t\t\t\t<\/div>\n\t\t\t\t\t\t<\/div>\n\t\t\t\t\t<\/div>\n\t\t<\/div>\n\t\t\t\t\t<\/div>\n\t\t<\/section>\n\t\t\t\t<section data-particle_enable=\"false\" data-particle-mobile-disabled=\"false\" class=\"elementor-section elementor-top-section elementor-element elementor-element-24609cc elementor-section-boxed elementor-section-height-default elementor-section-height-default\" data-id=\"24609cc\" data-element_type=\"section\" data-e-type=\"section\">\n\t\t\t\t\t\t<div class=\"elementor-container elementor-column-gap-default\">\n\t\t\t\t\t<div class=\"elementor-column elementor-col-100 elementor-top-column elementor-element elementor-element-f273526\" data-id=\"f273526\" data-element_type=\"column\" data-e-type=\"column\">\n\t\t\t<div class=\"elementor-widget-wrap elementor-element-populated\">\n\t\t\t\t\t\t<div class=\"elementor-element elementor-element-69e7ad2 elementor-widget elementor-widget-testimonial\" data-id=\"69e7ad2\" data-element_type=\"widget\" data-e-type=\"widget\" data-widget_type=\"testimonial.default\">\n\t\t\t\t\t\t\t<div class=\"elementor-testimonial-wrapper\">\n\t\t\t\t\t\t\t<div class=\"elementor-testimonial-content\">\"Atenci\u00f2n eficiente en servicios consulares y asistencia legal, que hasta ahora es muy lenta y con muchas limitaciones\"<\/div>\n\t\t\t\n\t\t\t\t\t\t<div class=\"elementor-testimonial-meta elementor-has-image elementor-testimonial-image-position-top\">\n\t\t\t\t<div class=\"elementor-testimonial-meta-inner\">\n\t\t\t\t\t\t\t\t\t\t\t<div class=\"elementor-testimonial-image\">\n\t\t\t\t\t\t\t<img loading=\"lazy\" decoding=\"async\" width=\"704\" height=\"699\" src=\"https:\/\/soymigrante.com\/revista\/wp-content\/uploads\/2023\/11\/MYNOR-AGUIRRE-1.webp\" class=\"attachment-full size-full wp-image-3567\" alt=\"\" srcset=\"https:\/\/soymigrante.com\/revista\/wp-content\/uploads\/2023\/11\/MYNOR-AGUIRRE-1.webp 704w, https:\/\/soymigrante.com\/revista\/wp-content\/uploads\/2023\/11\/MYNOR-AGUIRRE-1-300x298.webp 300w, https:\/\/soymigrante.com\/revista\/wp-content\/uploads\/2023\/11\/MYNOR-AGUIRRE-1-150x150.webp 150w, https:\/\/soymigrante.com\/revista\/wp-content\/uploads\/2023\/11\/MYNOR-AGUIRRE-1-75x75.webp 75w\" sizes=\"(max-width: 704px) 100vw, 704px\" \/>\t\t\t\t\t\t<\/div>\n\t\t\t\t\t\n\t\t\t\t\t\t\t\t\t\t<div class=\"elementor-testimonial-details\">\n\t\t\t\t\t\t\t\t\t\t\t\t\t\t<div class=\"elementor-testimonial-name\">Mynor Aguirre<\/div>\n\t\t\t\t\t\t\t\t\t\t\t\t\t\t\t\t\t\t\t\t\t\t<div class=\"elementor-testimonial-job\">L\u00edder migrante y licenciado\nen relaciones internacionales<\/div>\n\t\t\t\t\t\t\t\t\t\t\t\t\t<\/div>\n\t\t\t\t\t\t\t\t\t<\/div>\n\t\t\t<\/div>\n\t\t\t\t\t<\/div>\n\t\t\t\t\t\t<\/div>\n\t\t\t\t\t<\/div>\n\t\t<\/div>\n\t\t\t\t\t<\/div>\n\t\t<\/section>\n\t\t\t\t<section data-particle_enable=\"false\" data-particle-mobile-disabled=\"false\" class=\"elementor-section elementor-top-section elementor-element elementor-element-83e9ba2 elementor-section-boxed elementor-section-height-default elementor-section-height-default\" data-id=\"83e9ba2\" data-element_type=\"section\" data-e-type=\"section\">\n\t\t\t\t\t\t<div class=\"elementor-container elementor-column-gap-default\">\n\t\t\t\t\t<div class=\"elementor-column elementor-col-100 elementor-top-column elementor-element elementor-element-9f8751c\" data-id=\"9f8751c\" data-element_type=\"column\" data-e-type=\"column\">\n\t\t\t<div class=\"elementor-widget-wrap elementor-element-populated\">\n\t\t\t\t\t\t<div class=\"elementor-element elementor-element-7d67e35 elementor-widget elementor-widget-heading\" data-id=\"7d67e35\" data-element_type=\"widget\" data-e-type=\"widget\" data-widget_type=\"heading.default\">\n\t\t\t\t\t<h2 class=\"elementor-heading-title elementor-size-default\">Algo m\u00e1s sobre el gran aporte migrante <\/h2>\t\t\t\t<\/div>\n\t\t\t\t\t<\/div>\n\t\t<\/div>\n\t\t\t\t\t<\/div>\n\t\t<\/section>\n\t\t\t\t<section data-particle_enable=\"false\" data-particle-mobile-disabled=\"false\" class=\"elementor-section elementor-top-section elementor-element elementor-element-e7182a5 elementor-section-boxed elementor-section-height-default elementor-section-height-default\" data-id=\"e7182a5\" data-element_type=\"section\" data-e-type=\"section\">\n\t\t\t\t\t\t<div class=\"elementor-container elementor-column-gap-default\">\n\t\t\t\t\t<div class=\"elementor-column elementor-col-100 elementor-top-column elementor-element elementor-element-56443e8\" data-id=\"56443e8\" data-element_type=\"column\" data-e-type=\"column\">\n\t\t\t<div class=\"elementor-widget-wrap elementor-element-populated\">\n\t\t\t\t\t\t<div class=\"elementor-element elementor-element-81579e5 elementor-grid-eael-col-2 elementor-grid-tablet-eael-col-2 elementor-grid-mobile-eael-col-1 elementor-widget elementor-widget-eael-post-grid\" data-id=\"81579e5\" data-element_type=\"widget\" data-e-type=\"widget\" data-settings=\"{&quot;eael_post_grid_columns&quot;:&quot;eael-col-2&quot;,&quot;eael_post_grid_columns_tablet&quot;:&quot;eael-col-2&quot;,&quot;eael_post_grid_columns_mobile&quot;:&quot;eael-col-1&quot;}\" data-widget_type=\"eael-post-grid.default\">\n\t\t\t\t\t<div id=\"eael-post-grid-81579e5\" class=\"eael-post-grid-container\">\n            <div class=\"eael-post-grid eael-post-appender eael-post-appender-81579e5 eael-post-grid-style-one\" data-layout-mode=\"grid\"><article class=\"eael-grid-post  eael-post-grid-column eael-pg-post-3663 category-estamos-unidos tags-remesas-migrantes\" data-id=\"3663\">\n        <div class=\"eael-grid-post-holder\">\n            <div class=\"eael-grid-post-holder-inner\"><div class=\"eael-entry-media\"><div class=\"eael-entry-overlay fade-in\"><i class=\"fas fa-long-arrow-alt-right\" aria-hidden=\"true\"><\/i><a href=\"https:\/\/soymigrante.com\/revista\/remesas-migrantes-guatemaltecos-noviembre-superan-2023\/\"><\/a><\/div><div class=\"eael-entry-thumbnail \">\n                <img loading=\"lazy\" decoding=\"async\" width=\"300\" height=\"217\" src=\"https:\/\/soymigrante.com\/revista\/wp-content\/uploads\/2023\/12\/DOLARITOS-TRABAJADOR-e1701789218849-300x217.webp\" class=\"attachment-medium size-medium wp-image-3665\" alt=\"\" srcset=\"https:\/\/soymigrante.com\/revista\/wp-content\/uploads\/2023\/12\/DOLARITOS-TRABAJADOR-e1701789218849-300x217.webp 300w, https:\/\/soymigrante.com\/revista\/wp-content\/uploads\/2023\/12\/DOLARITOS-TRABAJADOR-e1701789218849-768x555.webp 768w, https:\/\/soymigrante.com\/revista\/wp-content\/uploads\/2023\/12\/DOLARITOS-TRABAJADOR-e1701789218849-120x86.webp 120w, https:\/\/soymigrante.com\/revista\/wp-content\/uploads\/2023\/12\/DOLARITOS-TRABAJADOR-e1701789218849-750x542.webp 750w, https:\/\/soymigrante.com\/revista\/wp-content\/uploads\/2023\/12\/DOLARITOS-TRABAJADOR-e1701789218849.webp 855w\" sizes=\"(max-width: 300px) 100vw, 300px\" \/>\n            <\/div>\n        <\/div><div class=\"eael-entry-wrapper\"><header class=\"eael-entry-header\"><h2 class=\"eael-entry-title\"><a class=\"eael-grid-post-link\" href=\"https:\/\/soymigrante.com\/revista\/remesas-migrantes-guatemaltecos-noviembre-superan-2023\/\" title=\"Migrantes guatemaltecos igualan remesas de 2022 en solo 11 meses de 2023\">Migrantes guatemaltecos igualan remesas de 2022 en solo 11 meses de 2023<\/a><\/h2><\/header><div class=\"eael-entry-content\">\n                        <div class=\"eael-grid-post-excerpt\"><a href=\"https:\/\/soymigrante.com\/revista\/remesas-migrantes-guatemaltecos-noviembre-superan-2023\/\" class=\"eael-post-elements-readmore-btn\">Leer m\u00e1s<\/a><\/div>\n                    <\/div><\/div><\/div>\n        <\/div>\n    <\/article><article class=\"eael-grid-post  eael-post-grid-column eael-pg-post-1756 category-estamos-unidos\" data-id=\"1756\">\n        <div class=\"eael-grid-post-holder\">\n            <div class=\"eael-grid-post-holder-inner\"><div class=\"eael-entry-media\"><div class=\"eael-entry-overlay fade-in\"><i class=\"fas fa-long-arrow-alt-right\" aria-hidden=\"true\"><\/i><a href=\"https:\/\/soymigrante.com\/revista\/aporte-economico-migrantes-guatemala\/\"><\/a><\/div><div class=\"eael-entry-thumbnail \">\n                <img loading=\"lazy\" decoding=\"async\" width=\"300\" height=\"200\" src=\"https:\/\/soymigrante.com\/revista\/wp-content\/uploads\/2023\/07\/mural-seb-300x200.webp\" class=\"attachment-medium size-medium wp-image-1760\" alt=\"Mural del artista huehueteco Armando Seb\" srcset=\"https:\/\/soymigrante.com\/revista\/wp-content\/uploads\/2023\/07\/mural-seb-300x200.webp 300w, https:\/\/soymigrante.com\/revista\/wp-content\/uploads\/2023\/07\/mural-seb-1024x684.webp 1024w, https:\/\/soymigrante.com\/revista\/wp-content\/uploads\/2023\/07\/mural-seb-768x513.webp 768w, https:\/\/soymigrante.com\/revista\/wp-content\/uploads\/2023\/07\/mural-seb-1536x1025.webp 1536w, https:\/\/soymigrante.com\/revista\/wp-content\/uploads\/2023\/07\/mural-seb-750x501.webp 750w, https:\/\/soymigrante.com\/revista\/wp-content\/uploads\/2023\/07\/mural-seb-1140x761.webp 1140w, https:\/\/soymigrante.com\/revista\/wp-content\/uploads\/2023\/07\/mural-seb-600x400.webp 600w, https:\/\/soymigrante.com\/revista\/wp-content\/uploads\/2023\/07\/mural-seb.webp 1920w\" sizes=\"(max-width: 300px) 100vw, 300px\" \/>\n            <\/div>\n        <\/div><div class=\"eael-entry-wrapper\"><header class=\"eael-entry-header\"><h2 class=\"eael-entry-title\"><a class=\"eael-grid-post-link\" href=\"https:\/\/soymigrante.com\/revista\/aporte-economico-migrantes-guatemala\/\" title=\"EDITORIAL: Noble gesto de amor migrante fortalece econom\u00eda de todo un pa\u00eds\">EDITORIAL: Noble gesto de amor migrante fortalece econom\u00eda de todo un pa\u00eds<\/a><\/h2><\/header><div class=\"eael-entry-content\">\n                        <div class=\"eael-grid-post-excerpt\"><a href=\"https:\/\/soymigrante.com\/revista\/aporte-economico-migrantes-guatemala\/\" class=\"eael-post-elements-readmore-btn\">Leer m\u00e1s<\/a><\/div>\n                    <\/div><\/div><\/div>\n        <\/div>\n    <\/article><\/div>\n            <div class=\"clearfix\"><\/div>\n        <\/div>\t\t\t\t<\/div>\n\t\t\t\t\t<\/div>\n\t\t<\/div>\n\t\t\t\t\t<\/div>\n\t\t<\/section>\n\t\t\t\t<\/div>\n\t\t","protected":false},"excerpt":{"rendered":"<p>Los migrantes guatemaltecos salieron en busca de las oportunidades que no encontraron en su pa\u00eds y aportan el 20% de la econom\u00eda nacional: pero con todo y eso, ellos tambi\u00e9n necesitan de Guatemala. As\u00ed lo expresan: &#8220;Lamentablamente tenemos un gobierno \u00e1spero, que jam\u00e1s se recuerda de los migrantes&#8221;, expresa Julio Alvarado, quien visita a su [&hellip;]<\/p>\n","protected":false},"author":7,"featured_media":3868,"comment_status":"open","ping_status":"open","sticky":false,"template":"","format":"standard","meta":{"_acf_changed":false,"_eb_attr":"","footnotes":""},"categories":[54],"tags":[98],"class_list":["post-3867","post","type-post","status-publish","format-standard","has-post-thumbnail","hentry","category-estamos-unidos","tag-18-diciembre-dia-del-migrante"],"acf":[],"aioseo_notices":[],"aioseo_head":"\n\t\t<!-- All in One SEO Pro 4.9.6.2 - aioseo.com -->\n\t<meta name=\"description\" content=\"Remesas de migrantes guatemaltecos reflejan su esfuerzo y amor, siendo el principal pilar econ\u00f3mico de Guatemala y superando marcas mes tras mes\" \/>\n\t<meta name=\"robots\" content=\"max-snippet:-1, max-image-preview:large, max-video-preview:-1\" \/>\n\t<meta name=\"author\" content=\"Gustavo Montenegro\"\/>\n\t<link rel=\"canonical\" href=\"https:\/\/soymigrante.com\/revista\/aporte-economico-migrantes-guatemala\/\" \/>\n\t<meta name=\"generator\" content=\"All in One SEO Pro (AIOSEO) 4.9.6.2\" \/>\n\n\t\t<link rel=\"preconnect\" href=\"https:\/\/fonts.googleapis.com\" crossorigin>\n<link rel=\"preconnect\" href=\"https:\/\/fonts.gstatic.com\" crossorigin>\n\t\t<meta property=\"og:locale\" content=\"es_ES\" \/>\n\t\t<meta property=\"og:site_name\" content=\"SoyMigrante.com REVISTA \u2013 Nuestra misi\u00f3n es reconocer y dignificar al migrante.\" \/>\n\t\t<meta property=\"og:type\" content=\"article\" \/>\n\t\t<meta property=\"og:title\" content=\"EDITORIAL: Noble gesto de amor migrante fortalece econom\u00eda de todo un pa\u00eds\" \/>\n\t\t<meta property=\"og:description\" content=\"Remesas de migrantes guatemaltecos reflejan su esfuerzo y amor, siendo el principal pilar econ\u00f3mico de Guatemala y superando marcas mes tras mes\" \/>\n\t\t<meta property=\"og:url\" content=\"https:\/\/soymigrante.com\/revista\/aporte-economico-migrantes-guatemala\/\" \/>\n\t\t<meta property=\"og:image\" content=\"https:\/\/soymigrante.com\/revista\/wp-content\/uploads\/2023\/07\/mural-seb.webp\" \/>\n\t\t<meta property=\"og:image:secure_url\" content=\"https:\/\/soymigrante.com\/revista\/wp-content\/uploads\/2023\/07\/mural-seb.webp\" \/>\n\t\t<meta property=\"og:image:width\" content=\"1920\" \/>\n\t\t<meta property=\"og:image:height\" content=\"1282\" \/>\n\t\t<meta property=\"article:published_time\" content=\"2023-07-06T22:41:36+00:00\" \/>\n\t\t<meta property=\"article:modified_time\" content=\"2024-07-31T17:50:42+00:00\" \/>\n\t\t<meta property=\"article:publisher\" content=\"https:\/\/www.facebook.com\/soymigrantecom\" \/>\n\t\t<meta name=\"twitter:card\" content=\"summary_large_image\" \/>\n\t\t<meta name=\"twitter:site\" content=\"@SoyMigrante_com\" \/>\n\t\t<meta name=\"twitter:title\" content=\"EDITORIAL: Noble gesto de amor migrante fortalece econom\u00eda de todo un pa\u00eds\" \/>\n\t\t<meta name=\"twitter:description\" content=\"Remesas de migrantes guatemaltecos reflejan su esfuerzo y amor, siendo el principal pilar econ\u00f3mico de Guatemala y superando marcas mes tras mes\" \/>\n\t\t<meta name=\"twitter:creator\" content=\"@SoyMigrante_com\" \/>\n\t\t<meta name=\"twitter:image\" content=\"https:\/\/soymigrante.com\/revista\/wp-content\/uploads\/2023\/07\/mural-seb.webp\" \/>\n\t\t<!-- All in One SEO Pro -->\r\n\t\t<title>EDITORIAL: Noble gesto de amor migrante fortalece econom\u00eda de todo un pa\u00eds<\/title>\n\n","aioseo_head_json":{"title":"EDITORIAL: Noble gesto de amor migrante fortalece econom\u00eda de todo un pa\u00eds","description":"Remesas de migrantes guatemaltecos reflejan su esfuerzo y amor, siendo el principal pilar econ\u00f3mico de Guatemala y superando marcas mes tras mes","canonical_url":"https:\/\/soymigrante.com\/revista\/aporte-economico-migrantes-guatemala\/","robots":"max-snippet:-1, max-image-preview:large, max-video-preview:-1","keywords":"","webmasterTools":{"miscellaneous":"&lt;link rel=\"preconnect\" href=\"https:\/\/fonts.googleapis.com\" crossorigin&gt;\n&lt;link rel=\"preconnect\" href=\"https:\/\/fonts.gstatic.com\" crossorigin&gt;"},"schema":null,"og:locale":"es_ES","og:site_name":"SoyMigrante.com REVISTA \u2013 Nuestra misi\u00f3n es reconocer y dignificar al migrante.","og:type":"article","og:title":"EDITORIAL: Noble gesto de amor migrante fortalece econom\u00eda de todo un pa\u00eds","og:description":"Remesas de migrantes guatemaltecos reflejan su esfuerzo y amor, siendo el principal pilar econ\u00f3mico de Guatemala y superando marcas mes tras mes","og:url":"https:\/\/soymigrante.com\/revista\/aporte-economico-migrantes-guatemala\/","og:image":"https:\/\/soymigrante.com\/revista\/wp-content\/uploads\/2023\/07\/mural-seb.webp","og:image:secure_url":"https:\/\/soymigrante.com\/revista\/wp-content\/uploads\/2023\/07\/mural-seb.webp","og:image:width":1920,"og:image:height":1282,"article:published_time":"2023-07-06T22:41:36+00:00","article:modified_time":"2024-07-31T17:50:42+00:00","article:publisher":"https:\/\/www.facebook.com\/soymigrantecom","twitter:card":"summary_large_image","twitter:site":"@SoyMigrante_com","twitter:title":"EDITORIAL: Noble gesto de amor migrante fortalece econom\u00eda de todo un pa\u00eds","twitter:description":"Remesas de migrantes guatemaltecos reflejan su esfuerzo y amor, siendo el principal pilar econ\u00f3mico de Guatemala y superando marcas mes tras mes","twitter:creator":"@SoyMigrante_com","twitter:image":"https:\/\/soymigrante.com\/revista\/wp-content\/uploads\/2023\/07\/mural-seb.webp"},"aioseo_meta_data":{"post_id":"3867","title":null,"description":null,"keywords":[],"keyphrases":{"focus":{"keyphrase":"Migrantes","score":82,"analysis":{"keyphraseInTitle":{"score":9,"maxScore":9,"error":0},"keyphraseInDescription":{"score":9,"maxScore":9,"error":0},"keyphraseLength":{"score":9,"maxScore":9,"error":0,"length":1},"keyphraseInURL":{"score":5,"maxScore":5,"error":0},"keyphraseInIntroduction":{"score":9,"maxScore":9,"error":0},"keyphraseInSubHeadings":[],"keyphraseInImageAlt":[],"keywordDensity":{"type":"high","score":0,"maxScore":9,"error":1}}},"additional":[]},"primary_term":null,"canonical_url":null,"og_title":null,"og_description":null,"og_object_type":"default","og_image_type":"default","og_image_url":null,"og_image_width":null,"og_image_height":null,"og_image_custom_url":null,"og_image_custom_fields":null,"og_video":"","og_custom_url":null,"og_article_section":null,"og_article_tags":[],"twitter_use_og":false,"twitter_card":"default","twitter_image_type":"default","twitter_image_url":null,"twitter_image_custom_url":null,"twitter_image_custom_fields":null,"twitter_title":null,"twitter_description":null,"schema":{"blockGraphs":[],"customGraphs":[],"default":{"data":{"Article":[],"Course":[],"Dataset":[],"FAQPage":[],"Movie":[],"Person":[],"Product":[],"ProductReview":[],"Car":[],"Recipe":[],"Service":[],"SoftwareApplication":[],"WebPage":[]},"graphName":"BlogPosting","isEnabled":true},"graphs":[]},"schema_type":"default","schema_type_options":null,"pillar_content":false,"robots_default":true,"robots_noindex":false,"robots_noarchive":false,"robots_nosnippet":false,"robots_nofollow":false,"robots_noimageindex":false,"robots_noodp":false,"robots_notranslate":false,"robots_max_snippet":"-1","robots_max_videopreview":"-1","robots_max_imagepreview":"large","priority":null,"frequency":"default","local_seo":null,"seo_analyzer_scan_date":"2025-10-08 20:51:35","breadcrumb_settings":null,"limit_modified_date":false,"reviewed_by":null,"open_ai":null,"ai":null,"created":"2023-12-15 13:54:57","updated":"2026-02-04 10:04:29"},"aioseo_breadcrumb":"<div class=\"aioseo-breadcrumbs\"><span class=\"aioseo-breadcrumb\">\n\t<a href=\"https:\/\/soymigrante.com\/revista\" title=\"Home\">Home<\/a>\n<\/span><span class=\"aioseo-breadcrumb-separator\">\u00bb<\/span><span class=\"aioseo-breadcrumb\">\n\t<a href=\"https:\/\/soymigrante.com\/revista\/category\/estamos-unidos\/\" title=\"Estamos Unidos\">Estamos Unidos<\/a>\n<\/span><span class=\"aioseo-breadcrumb-separator\">\u00bb<\/span><span class=\"aioseo-breadcrumb\">\n\tLos migrantes guatemaltecos tambi\u00e9n necesitan (y much\u00edsimo) de su pa\u00eds\n<\/span><\/div>","aioseo_breadcrumb_json":[{"label":"Home","link":"https:\/\/soymigrante.com\/revista"},{"label":"Estamos Unidos","link":"https:\/\/soymigrante.com\/revista\/category\/estamos-unidos\/"},{"label":"Los migrantes guatemaltecos tambi\u00e9n necesitan (y much\u00edsimo) de su pa\u00eds","link":"https:\/\/soymigrante.com\/revista\/necesidades-esperanzas-migrantes-guatemaltecos-en-estados-unidos\/"}],"_links":{"self":[{"href":"https:\/\/soymigrante.com\/revista\/wp-json\/wp\/v2\/posts\/3867","targetHints":{"allow":["GET"]}}],"collection":[{"href":"https:\/\/soymigrante.com\/revista\/wp-json\/wp\/v2\/posts"}],"about":[{"href":"https:\/\/soymigrante.com\/revista\/wp-json\/wp\/v2\/types\/post"}],"author":[{"embeddable":true,"href":"https:\/\/soymigrante.com\/revista\/wp-json\/wp\/v2\/users\/7"}],"replies":[{"embeddable":true,"href":"https:\/\/soymigrante.com\/revista\/wp-json\/wp\/v2\/comments?post=3867"}],"version-history":[{"count":0,"href":"https:\/\/soymigrante.com\/revista\/wp-json\/wp\/v2\/posts\/3867\/revisions"}],"wp:featuredmedia":[{"embeddable":true,"href":"https:\/\/soymigrante.com\/revista\/wp-json\/wp\/v2\/media\/3868"}],"wp:attachment":[{"href":"https:\/\/soymigrante.com\/revista\/wp-json\/wp\/v2\/media?parent=3867"}],"wp:term":[{"taxonomy":"category","embeddable":true,"href":"https:\/\/soymigrante.com\/revista\/wp-json\/wp\/v2\/categories?post=3867"},{"taxonomy":"post_tag","embeddable":true,"href":"https:\/\/soymigrante.com\/revista\/wp-json\/wp\/v2\/tags?post=3867"}],"curies":[{"name":"wp","href":"https:\/\/api.w.org\/{rel}","templated":true}]}}