{"id":38639,"date":"2025-07-08T07:00:00","date_gmt":"2025-07-08T13:00:00","guid":{"rendered":"https:\/\/soymigrante.com\/revista\/?p=38639"},"modified":"2025-07-07T23:10:08","modified_gmt":"2025-07-08T05:10:08","slug":"el-arco-de-correos-un-icono-historico-en-la-capital","status":"publish","type":"post","link":"https:\/\/soymigrante.com\/revista\/el-arco-de-correos-un-icono-historico-en-la-capital\/","title":{"rendered":"El Arco de Correos: un \u00edcono hist\u00f3rico en la capital"},"content":{"rendered":"\t\t<div data-elementor-type=\"wp-post\" data-elementor-id=\"38639\" class=\"elementor elementor-38639\" data-elementor-post-type=\"post\">\n\t\t\t\t<div data-particle_enable=\"false\" data-particle-mobile-disabled=\"false\" class=\"elementor-element elementor-element-197baea e-flex e-con-boxed e-con e-parent\" data-id=\"197baea\" data-element_type=\"container\" data-e-type=\"container\">\n\t\t\t\t\t<div class=\"e-con-inner\">\n\t\t\t\t<div class=\"elementor-element elementor-element-e5922d1 elementor-widget elementor-widget-heading\" data-id=\"e5922d1\" data-element_type=\"widget\" data-e-type=\"widget\" data-widget_type=\"heading.default\">\n\t\t\t\t\t<h2 class=\"elementor-heading-title elementor-size-default\">Ubicado en la Zona 1 de Ciudad de Guatemala, el Arco de Correos es uno de los monumentos m\u00e1s emblem\u00e1ticos del Centro Hist\u00f3rico.\n\n<\/h2>\t\t\t\t<\/div>\n\t\t\t\t\t<\/div>\n\t\t\t\t<\/div>\n\t\t<div data-particle_enable=\"false\" data-particle-mobile-disabled=\"false\" class=\"elementor-element elementor-element-c0120e0 e-flex e-con-boxed e-con e-parent\" data-id=\"c0120e0\" data-element_type=\"container\" data-e-type=\"container\">\n\t\t\t\t\t<div class=\"e-con-inner\">\n\t\t\t\t<div class=\"elementor-element elementor-element-2c758b4 elementor-widget elementor-widget-text-editor\" data-id=\"2c758b4\" data-element_type=\"widget\" data-e-type=\"widget\" data-widget_type=\"text-editor.default\">\n\t\t\t\t\t\t\t\t\t<p>M\u00e1s que una estructura arquitect\u00f3nica, representa la conexi\u00f3n entre \u00e9pocas, funciones postales y el desarrollo urbano del pa\u00eds. <a href=\"https:\/\/soymigrante.com\/revista\/descubre-la-ruta-historica-de-la-ciudad-de-guatemala-un-viaje-de-memorias\/\" target=\"_blank\" rel=\"noopener\">El Arco de Correos fue construido en 1915 como parte del conjunto del edificio de la Direcci\u00f3n General de Correos y Tel\u00e9grafos de Guatemala.<\/a> Su dise\u00f1o, influenciado por la arquitectura neocl\u00e1sica europea, fue concebido como un puente que conectara las dos secciones del edificio \u2014una a cada lado de la 12 calle de la Zona 1\u2014 sin interrumpir el tr\u00e1nsito vehicular y peatonal.<\/p><p>Este tipo de estructura es poco com\u00fan en Latinoam\u00e9rica, lo que le otorga un valor arquitect\u00f3nico particular. <a href=\"https:\/\/soymigrante.com\/revista\/descubre-la-ruta-historica-de-la-ciudad-de-guatemala-un-viaje-de-memorias\/\" target=\"_blank\" rel=\"noopener\">La edificaci\u00f3n fue ordenada durante el gobierno del presidente Manuel Estrada Cabrera, quien apostaba por modernizar la infraestructura de la capital.<\/a><\/p>\t\t\t\t\t\t\t\t<\/div>\n\t\t\t\t\t<\/div>\n\t\t\t\t<\/div>\n\t\t<div data-particle_enable=\"false\" data-particle-mobile-disabled=\"false\" class=\"elementor-element elementor-element-6553468 e-flex e-con-boxed e-con e-parent\" data-id=\"6553468\" data-element_type=\"container\" data-e-type=\"container\">\n\t\t\t\t\t<div class=\"e-con-inner\">\n\t\t\t\t<div class=\"elementor-element elementor-element-883bcc1 elementor-widget elementor-widget-heading\" data-id=\"883bcc1\" data-element_type=\"widget\" data-e-type=\"widget\" data-widget_type=\"heading.default\">\n\t\t\t\t\t<h3 class=\"elementor-heading-title elementor-size-default\">S\u00edmbolo de comunicaci\u00f3n y unidad<\/h3>\t\t\t\t<\/div>\n\t\t\t\t\t<\/div>\n\t\t\t\t<\/div>\n\t\t<div data-particle_enable=\"false\" data-particle-mobile-disabled=\"false\" class=\"elementor-element elementor-element-42b9734 e-flex e-con-boxed e-con e-parent\" data-id=\"42b9734\" data-element_type=\"container\" data-e-type=\"container\">\n\t\t\t\t\t<div class=\"e-con-inner\">\n\t\t\t\t<div class=\"elementor-element elementor-element-548a6a8 elementor-widget elementor-widget-text-editor\" data-id=\"548a6a8\" data-element_type=\"widget\" data-e-type=\"widget\" data-widget_type=\"text-editor.default\">\n\t\t\t\t\t\t\t\t\t<p><a href=\"https:\/\/soymigrante.com\/revista\/descubre-la-ruta-historica-de-la-ciudad-de-guatemala-un-viaje-de-memorias\/\" target=\"_blank\" rel=\"noopener\">M\u00e1s all\u00e1 de su valor visual, el arco simboliz\u00f3 durante d\u00e9cadas el avance de las telecomunicaciones y el servicio postal en Guatemala.<\/a> En su interior funcionaban oficinas clave del sistema de correos, desde donde se organizaban env\u00edos nacionales e internacionales, cuando el correo era uno de los principales medios de conexi\u00f3n entre personas y regiones.<\/p>\t\t\t\t\t\t\t\t<\/div>\n\t\t\t\t\t<\/div>\n\t\t\t\t<\/div>\n\t\t<div data-particle_enable=\"false\" data-particle-mobile-disabled=\"false\" class=\"elementor-element elementor-element-1447ff1 e-flex e-con-boxed e-con e-parent\" data-id=\"1447ff1\" data-element_type=\"container\" data-e-type=\"container\">\n\t\t\t\t\t<div class=\"e-con-inner\">\n\t\t\t\t<div class=\"elementor-element elementor-element-ad6a24a elementor-widget elementor-widget-image\" data-id=\"ad6a24a\" data-element_type=\"widget\" data-e-type=\"widget\" data-widget_type=\"image.default\">\n\t\t\t\t\t\t\t\t\t\t\t\t<figure class=\"wp-caption\">\n\t\t\t\t\t\t\t\t\t\t<img fetchpriority=\"high\" decoding=\"async\" width=\"736\" height=\"981\" src=\"https:\/\/soymigrante.com\/revista\/wp-content\/uploads\/2025\/07\/arco-de-correos-2.webp\" class=\"attachment-large size-large wp-image-38646\" alt=\"Fachada hist\u00f3rica iluminada con banderas y arquitectura colonial, cultura y tradiciones mexicanas, celebraci\u00f3n nacional, monumento emblem\u00e1tico, noche en ciudad colonial, turismo cultural, patrimonio arquitect\u00f3nico mexicano, evento c\u00edvico.\" srcset=\"https:\/\/soymigrante.com\/revista\/wp-content\/uploads\/2025\/07\/arco-de-correos-2.webp 736w, https:\/\/soymigrante.com\/revista\/wp-content\/uploads\/2025\/07\/arco-de-correos-2-225x300.jpg 225w\" sizes=\"(max-width: 736px) 100vw, 736px\" title=\"El Arco de Correos es emblem\u00e1tico por su historia e importancia. (Foto: INGUAT) \u2013 SoyMigrante.com REVISTA\" \/>\t\t\t\t\t\t\t\t\t\t\t<figcaption class=\"widget-image-caption wp-caption-text\">El Arco de Correos es emblem\u00e1tico por su historia e importancia. (Foto: INGUAT)<\/figcaption>\n\t\t\t\t\t\t\t\t\t\t<\/figure>\n\t\t\t\t\t\t\t\t\t<\/div>\n\t\t\t\t\t<\/div>\n\t\t\t\t<\/div>\n\t\t<div data-particle_enable=\"false\" data-particle-mobile-disabled=\"false\" class=\"elementor-element elementor-element-e67deea e-flex e-con-boxed e-con e-parent\" data-id=\"e67deea\" data-element_type=\"container\" data-e-type=\"container\">\n\t\t\t\t\t<div class=\"e-con-inner\">\n\t\t\t\t<div class=\"elementor-element elementor-element-9f27f02 elementor-widget elementor-widget-heading\" data-id=\"9f27f02\" data-element_type=\"widget\" data-e-type=\"widget\" data-widget_type=\"heading.default\">\n\t\t\t\t\t<h3 class=\"elementor-heading-title elementor-size-default\">Importancia cultural y patrimonial<\/h3>\t\t\t\t<\/div>\n\t\t\t\t\t<\/div>\n\t\t\t\t<\/div>\n\t\t<div data-particle_enable=\"false\" data-particle-mobile-disabled=\"false\" class=\"elementor-element elementor-element-d5a1960 e-flex e-con-boxed e-con e-parent\" data-id=\"d5a1960\" data-element_type=\"container\" data-e-type=\"container\">\n\t\t\t\t\t<div class=\"e-con-inner\">\n\t\t\t\t<div class=\"elementor-element elementor-element-7feb647 elementor-widget elementor-widget-text-editor\" data-id=\"7feb647\" data-element_type=\"widget\" data-e-type=\"widget\" data-widget_type=\"text-editor.default\">\n\t\t\t\t\t\t\t\t\t<p>El Arco de Correos ha sido testigo de protestas, desfiles, cambios de gobierno, terremotos y transformaciones sociales. Su relevancia ha trascendido lo funcional para convertirse en un s\u00edmbolo de la ciudad. <a href=\"https:\/\/soymigrante.com\/revista\/descubre-la-ruta-historica-de-la-ciudad-de-guatemala-un-viaje-de-memorias\/\" target=\"_blank\" rel=\"noopener\">Es uno de los puntos m\u00e1s fotografiados por turistas y un emblema del Centro Hist\u00f3rico junto con la Catedral Metropolitana, el Palacio Nacional y el Parque Central.<\/a><\/p><p>Est\u00e1 catalogado como patrimonio hist\u00f3rico y cultural de la naci\u00f3n, y forma parte de los recorridos tur\u00edsticos y escolares que exploran el legado arquitect\u00f3nico de la zona.<\/p>\t\t\t\t\t\t\t\t<\/div>\n\t\t\t\t\t<\/div>\n\t\t\t\t<\/div>\n\t\t<div data-particle_enable=\"false\" data-particle-mobile-disabled=\"false\" class=\"elementor-element elementor-element-94f1184 e-flex e-con-boxed e-con e-parent\" data-id=\"94f1184\" data-element_type=\"container\" data-e-type=\"container\">\n\t\t\t\t\t<div class=\"e-con-inner\">\n\t\t\t\t<div class=\"elementor-element elementor-element-d7e4a75 elementor-widget elementor-widget-heading\" data-id=\"d7e4a75\" data-element_type=\"widget\" data-e-type=\"widget\" data-widget_type=\"heading.default\">\n\t\t\t\t\t<h3 class=\"elementor-heading-title elementor-size-default\">\u00bfPara qu\u00e9 se usa hoy?<\/h3>\t\t\t\t<\/div>\n\t\t\t\t\t<\/div>\n\t\t\t\t<\/div>\n\t\t<div data-particle_enable=\"false\" data-particle-mobile-disabled=\"false\" class=\"elementor-element elementor-element-5145fc4 e-flex e-con-boxed e-con e-parent\" data-id=\"5145fc4\" data-element_type=\"container\" data-e-type=\"container\">\n\t\t\t\t\t<div class=\"e-con-inner\">\n\t\t\t\t<div class=\"elementor-element elementor-element-3bd798a elementor-widget elementor-widget-text-editor\" data-id=\"3bd798a\" data-element_type=\"widget\" data-e-type=\"widget\" data-widget_type=\"text-editor.default\">\n\t\t\t\t\t\t\t\t\t<p>Actualmente, <a href=\"https:\/\/soymigrante.com\/revista\/descubre-la-ruta-historica-de-la-ciudad-de-guatemala-un-viaje-de-memorias\/\" target=\"_blank\" rel=\"noopener\">el Arco de Correos sigue en pie como un paso elevado entre oficinas de la alcald\u00eda de Guatemala.<\/a> El edificio de Correos contin\u00faa brindando algunos servicios postales, aunque en menor escala debido al auge del correo electr\u00f3nico y los servicios privados de mensajer\u00eda.<\/p><p>Sin embargo, el arco mantiene su funci\u00f3n original: unir ambos lados del edificio. Tambi\u00e9n se ha convertido en un espacio simb\u00f3lico para actividades culturales, sesiones fotogr\u00e1ficas, grabaciones audiovisuales y conmemoraciones.<\/p>\t\t\t\t\t\t\t\t<\/div>\n\t\t\t\t\t<\/div>\n\t\t\t\t<\/div>\n\t\t<div data-particle_enable=\"false\" data-particle-mobile-disabled=\"false\" class=\"elementor-element elementor-element-74e9f6b e-flex e-con-boxed e-con e-parent\" data-id=\"74e9f6b\" data-element_type=\"container\" data-e-type=\"container\">\n\t\t\t\t\t<div class=\"e-con-inner\">\n\t\t\t\t<div class=\"elementor-element elementor-element-47e0c59 elementor-widget elementor-widget-image\" data-id=\"47e0c59\" data-element_type=\"widget\" data-e-type=\"widget\" data-widget_type=\"image.default\">\n\t\t\t\t\t\t\t\t\t\t\t\t<figure class=\"wp-caption\">\n\t\t\t\t\t\t\t\t\t\t<img decoding=\"async\" width=\"640\" height=\"800\" src=\"https:\/\/soymigrante.com\/revista\/wp-content\/uploads\/2025\/07\/arco-de-correos-4.webp\" class=\"attachment-large size-large wp-image-38647\" alt=\"Puerta de la Ciudad de M\u00e9xico iluminada de noche con luces decorativas y tr\u00e1fico en movimiento.\" srcset=\"https:\/\/soymigrante.com\/revista\/wp-content\/uploads\/2025\/07\/arco-de-correos-4.webp 640w, https:\/\/soymigrante.com\/revista\/wp-content\/uploads\/2025\/07\/arco-de-correos-4-240x300.jpg 240w\" sizes=\"(max-width: 640px) 100vw, 640px\" title=\"El Arco de Correos actualmente se dedica a ser museo. (Foto: INGUAT) \u2013 SoyMigrante.com REVISTA\" \/>\t\t\t\t\t\t\t\t\t\t\t<figcaption class=\"widget-image-caption wp-caption-text\">Puerta monumental en la Ciudad de M\u00e9xico decorada con luces LED y arquitectura cl\u00e1sica en la noche, capturando la vibrante vida urbana.<\/figcaption>\n\t\t\t\t\t\t\t\t\t\t<\/figure>\n\t\t\t\t\t\t\t\t\t<\/div>\n\t\t\t\t\t<\/div>\n\t\t\t\t<\/div>\n\t\t<div data-particle_enable=\"false\" data-particle-mobile-disabled=\"false\" class=\"elementor-element elementor-element-4eca6c8 e-flex e-con-boxed e-con e-parent\" data-id=\"4eca6c8\" data-element_type=\"container\" data-e-type=\"container\">\n\t\t\t\t\t<div class=\"e-con-inner\">\n\t\t\t\t<div class=\"elementor-element elementor-element-548286f elementor-widget elementor-widget-heading\" data-id=\"548286f\" data-element_type=\"widget\" data-e-type=\"widget\" data-widget_type=\"heading.default\">\n\t\t\t\t\t<h3 class=\"elementor-heading-title elementor-size-default\">Un monumento vivo<\/h3>\t\t\t\t<\/div>\n\t\t\t\t\t<\/div>\n\t\t\t\t<\/div>\n\t\t<div data-particle_enable=\"false\" data-particle-mobile-disabled=\"false\" class=\"elementor-element elementor-element-6227256 e-flex e-con-boxed e-con e-parent\" data-id=\"6227256\" data-element_type=\"container\" data-e-type=\"container\">\n\t\t\t\t\t<div class=\"e-con-inner\">\n\t\t\t\t<div class=\"elementor-element elementor-element-ff6abd2 elementor-widget elementor-widget-text-editor\" data-id=\"ff6abd2\" data-element_type=\"widget\" data-e-type=\"widget\" data-widget_type=\"text-editor.default\">\n\t\t\t\t\t\t\t\t\t<p>Aunque su funci\u00f3n postal ha cambiado, el Arco de Correos permanece como una pieza viva del pasado que convive con el presente. <a href=\"https:\/\/soymigrante.com\/revista\/descubre-la-ruta-historica-de-la-ciudad-de-guatemala-un-viaje-de-memorias\/\" target=\"_blank\" rel=\"noopener\">Representa la memoria de una ciudad que evoluciona, pero que a\u00fan conserva sus ra\u00edces.<\/a><\/p>\t\t\t\t\t\t\t\t<\/div>\n\t\t\t\t\t<\/div>\n\t\t\t\t<\/div>\n\t\t<div data-particle_enable=\"false\" data-particle-mobile-disabled=\"false\" class=\"elementor-element elementor-element-68759d2 e-flex e-con-boxed e-con e-parent\" data-id=\"68759d2\" data-element_type=\"container\" data-e-type=\"container\">\n\t\t\t\t\t<div class=\"e-con-inner\">\n\t\t\t\t<div class=\"elementor-element elementor-element-829e778 elementor-widget elementor-widget-heading\" data-id=\"829e778\" data-element_type=\"widget\" data-e-type=\"widget\" data-widget_type=\"heading.default\">\n\t\t\t\t\t<h2 class=\"elementor-heading-title elementor-size-default\">Conoce m\u00e1s de Guatemala, ac\u00e1...<\/h2>\t\t\t\t<\/div>\n\t\t\t\t\t<\/div>\n\t\t\t\t<\/div>\n\t\t<div data-particle_enable=\"false\" data-particle-mobile-disabled=\"false\" class=\"elementor-element elementor-element-549c2ab e-flex e-con-boxed e-con e-parent\" data-id=\"549c2ab\" data-element_type=\"container\" data-e-type=\"container\">\n\t\t\t\t\t<div class=\"e-con-inner\">\n\t\t\t\t<div class=\"elementor-element elementor-element-97d7cfb elementor-grid-eael-col-3 elementor-grid-tablet-eael-col-2 elementor-grid-mobile-eael-col-1 elementor-invisible elementor-widget elementor-widget-eael-post-grid\" data-id=\"97d7cfb\" data-element_type=\"widget\" data-e-type=\"widget\" data-settings=\"{&quot;eael_post_grid_columns&quot;:&quot;eael-col-3&quot;,&quot;_animation&quot;:&quot;rollIn&quot;,&quot;eael_post_grid_columns_tablet&quot;:&quot;eael-col-2&quot;,&quot;eael_post_grid_columns_mobile&quot;:&quot;eael-col-1&quot;}\" data-widget_type=\"eael-post-grid.default\">\n\t\t\t\t\t<div id=\"eael-post-grid-97d7cfb\" class=\"eael-post-grid-container\">\n            <div class=\"eael-post-grid eael-post-appender eael-post-appender-97d7cfb eael-post-grid-style-one\" data-layout-mode=\"masonry\"><article class=\"eael-grid-post  eael-post-grid-column eael-pg-post-5538 category-arte-cultura-guate-nuestra tags-joyas-de-antigua-guatemala\" data-id=\"5538\">\n        <div class=\"eael-grid-post-holder\">\n            <div class=\"eael-grid-post-holder-inner\"><div class=\"eael-entry-media\"><div class=\"eael-entry-overlay fade-in\"><i class=\"far fa-hand-pointer\" aria-hidden=\"true\"><\/i><a href=\"https:\/\/soymigrante.com\/revista\/antigua-guatemala-arco-de-santa-catalina-tesoro-colonial-patrimonio\/\"><\/a><\/div><div class=\"eael-entry-thumbnail \">\n                <img decoding=\"async\" width=\"1024\" height=\"760\" src=\"https:\/\/soymigrante.com\/revista\/wp-content\/uploads\/2024\/03\/copia-copia-1024x760.webp\" class=\"attachment-large size-large wp-image-5539\" alt=\"Arco de Santa Catalina cumple 330 a\u00f1os en 2024, se encuentra en Antigua Guatemala, ciudad colonial Patrimonio de la Humanidad.\" srcset=\"https:\/\/soymigrante.com\/revista\/wp-content\/uploads\/2024\/03\/copia-copia-1024x760.webp 1024w, https:\/\/soymigrante.com\/revista\/wp-content\/uploads\/2024\/03\/copia-copia-300x223.webp 300w, https:\/\/soymigrante.com\/revista\/wp-content\/uploads\/2024\/03\/copia-copia-768x570.webp 768w, https:\/\/soymigrante.com\/revista\/wp-content\/uploads\/2024\/03\/copia-copia-750x557.webp 750w, https:\/\/soymigrante.com\/revista\/wp-content\/uploads\/2024\/03\/copia-copia.webp 1048w\" sizes=\"(max-width: 1024px) 100vw, 1024px\" \/>\n            <\/div>\n        <\/div><div class=\"eael-entry-wrapper\"><header class=\"eael-entry-header\"><h2 class=\"eael-entry-title\"><a class=\"eael-grid-post-link\" href=\"https:\/\/soymigrante.com\/revista\/antigua-guatemala-arco-de-santa-catalina-tesoro-colonial-patrimonio\/\" title=\"Joyas de Antigua Guatemala: \u00bfCu\u00e1ndo se construy\u00f3 el ic\u00f3nico Arco de Santa Catalina y por qu\u00e9?\">Joyas de Antigua Guatemala: \u00bfCu\u00e1ndo se construy\u00f3 el ic\u00f3nico Arco de Santa Catalina y por qu\u00e9?<\/a><\/h2><\/header><div class=\"eael-entry-content\">\n                        <div class=\"eael-grid-post-excerpt\"><a href=\"https:\/\/soymigrante.com\/revista\/antigua-guatemala-arco-de-santa-catalina-tesoro-colonial-patrimonio\/\" class=\"eael-post-elements-readmore-btn\">CONOCE SU HISTORIA <\/a><\/div>\n                    <\/div><\/div><\/div>\n        <\/div>\n    <\/article><article class=\"eael-grid-post  eael-post-grid-column eael-pg-post-38394 category-guate-nuestra\" data-id=\"38394\">\n        <div class=\"eael-grid-post-holder\">\n            <div class=\"eael-grid-post-holder-inner\"><div class=\"eael-entry-media\"><div class=\"eael-entry-overlay fade-in\"><i class=\"far fa-hand-pointer\" aria-hidden=\"true\"><\/i><a href=\"https:\/\/soymigrante.com\/revista\/lugares-emblematicos-de-guatemala-el-palacio-nacional-de-la-cultura\/\"><\/a><\/div><div class=\"eael-entry-thumbnail \">\n                <img loading=\"lazy\" decoding=\"async\" width=\"940\" height=\"627\" src=\"https:\/\/soymigrante.com\/revista\/wp-content\/uploads\/2025\/07\/palacio-nacional-de-la-cultura-e1751579496903.webp\" class=\"attachment-large size-large wp-image-38395\" alt=\"Palacio del Congreso de Guatemala con bandera nacional y vista del edificio hist\u00f3rico en el centro de la ciudad.\" \/>\n            <\/div>\n        <\/div><div class=\"eael-entry-wrapper\"><header class=\"eael-entry-header\"><h2 class=\"eael-entry-title\"><a class=\"eael-grid-post-link\" href=\"https:\/\/soymigrante.com\/revista\/lugares-emblematicos-de-guatemala-el-palacio-nacional-de-la-cultura\/\" title=\"Lugares emblem\u00e1ticos de Guatemala: el Palacio Nacional de la Cultura\">Lugares emblem\u00e1ticos de Guatemala: el Palacio Nacional de la Cultura<\/a><\/h2><\/header><div class=\"eael-entry-content\">\n                        <div class=\"eael-grid-post-excerpt\"><a href=\"https:\/\/soymigrante.com\/revista\/lugares-emblematicos-de-guatemala-el-palacio-nacional-de-la-cultura\/\" class=\"eael-post-elements-readmore-btn\">CONOCE SU HISTORIA <\/a><\/div>\n                    <\/div><\/div><\/div>\n        <\/div>\n    <\/article><article class=\"eael-grid-post  eael-post-grid-column eael-pg-post-38501 category-guate-nuestra\" data-id=\"38501\">\n        <div class=\"eael-grid-post-holder\">\n            <div class=\"eael-grid-post-holder-inner\"><div class=\"eael-entry-media\"><div class=\"eael-entry-overlay fade-in\"><i class=\"far fa-hand-pointer\" aria-hidden=\"true\"><\/i><a href=\"https:\/\/soymigrante.com\/revista\/palacio-maya-de-san-marcos-7-datos-fascinantes\/\"><\/a><\/div><div class=\"eael-entry-thumbnail \">\n                <img loading=\"lazy\" decoding=\"async\" width=\"885\" height=\"500\" src=\"https:\/\/soymigrante.com\/revista\/wp-content\/uploads\/2025\/07\/palacio-maya-e1751655372494.webp\" class=\"attachment-large size-large wp-image-38502\" alt=\"Edificio hist\u00f3rico con reloj en fachada y detalles arquitect\u00f3nicos ornamentales, en un d\u00eda soleado con cielo parcialmente nublado en la ciudad.\" \/>\n            <\/div>\n        <\/div><div class=\"eael-entry-wrapper\"><header class=\"eael-entry-header\"><h2 class=\"eael-entry-title\"><a class=\"eael-grid-post-link\" href=\"https:\/\/soymigrante.com\/revista\/palacio-maya-de-san-marcos-7-datos-fascinantes\/\" title=\"Palacio Maya de San Marcos: 7 datos fascinantes\">Palacio Maya de San Marcos: 7 datos fascinantes<\/a><\/h2><\/header><div class=\"eael-entry-content\">\n                        <div class=\"eael-grid-post-excerpt\"><a href=\"https:\/\/soymigrante.com\/revista\/palacio-maya-de-san-marcos-7-datos-fascinantes\/\" class=\"eael-post-elements-readmore-btn\">CONOCE SU HISTORIA <\/a><\/div>\n                    <\/div><\/div><\/div>\n        <\/div>\n    <\/article><\/div>\n            <div class=\"clearfix\"><\/div>\n        <\/div>\t\t\t\t<\/div>\n\t\t\t\t\t<\/div>\n\t\t\t\t<\/div>\n\t\t\t\t<\/div>\n\t\t","protected":false},"excerpt":{"rendered":"<p>Ubicado en la Zona 1 de Ciudad de Guatemala, el Arco de Correos es uno de los monumentos m\u00e1s emblem\u00e1ticos del Centro Hist\u00f3rico. M\u00e1s que una estructura arquitect\u00f3nica, representa la conexi\u00f3n entre \u00e9pocas, funciones postales y el desarrollo urbano del pa\u00eds. El Arco de Correos fue construido en 1915 como parte del conjunto del edificio [&hellip;]<\/p>\n","protected":false},"author":19,"featured_media":38640,"comment_status":"open","ping_status":"open","sticky":false,"template":"","format":"standard","meta":{"_acf_changed":false,"_eb_attr":"","footnotes":""},"categories":[58],"tags":[],"class_list":["post-38639","post","type-post","status-publish","format-standard","has-post-thumbnail","hentry","category-guate-nuestra"],"acf":[],"aioseo_notices":[],"aioseo_head":"\n\t\t<!-- All in One SEO Pro 4.9.6.2 - aioseo.com -->\n\t<meta name=\"description\" content=\"El Palacio Maya de San Marcos une historia, arte y cultura guatemalteca, es un monumento \u00fanico. Entre serpientes emplumadas, glifos mayas y un reloj ancestral, el Palacio Maya de San Marcos se erige como un s\u00edmbolo de reconciliaci\u00f3n, arte y resistencia cultural en el occidente de Guatemala. Ubicado en el coraz\u00f3n de San Marcos, este\" \/>\n\t<meta name=\"robots\" content=\"max-snippet:-1, max-image-preview:large, max-video-preview:-1\" \/>\n\t<meta name=\"author\" content=\"Marysabel Aldana\"\/>\n\t<link rel=\"canonical\" href=\"https:\/\/soymigrante.com\/revista\/el-arco-de-correos-un-icono-historico-en-la-capital\/\" \/>\n\t<meta name=\"generator\" content=\"All in One SEO Pro (AIOSEO) 4.9.6.2\" \/>\n\n\t\t<link rel=\"preconnect\" href=\"https:\/\/fonts.googleapis.com\" crossorigin>\n<link rel=\"preconnect\" href=\"https:\/\/fonts.gstatic.com\" crossorigin>\n\t\t<meta property=\"og:locale\" content=\"es_ES\" \/>\n\t\t<meta property=\"og:site_name\" content=\"SoyMigrante.com REVISTA \u2013 Nuestra misi\u00f3n es reconocer y dignificar al migrante.\" \/>\n\t\t<meta property=\"og:type\" content=\"article\" \/>\n\t\t<meta property=\"og:title\" content=\"El Arco de Correos: un \u00edcono hist\u00f3rico en la capital\" \/>\n\t\t<meta property=\"og:description\" content=\"Ubicado en la Zona 1 de Ciudad de Guatemala, el Arco del Palacio de Correos es uno de los monumentos m\u00e1s emblem\u00e1ticos de la capital.\" \/>\n\t\t<meta property=\"og:url\" content=\"https:\/\/soymigrante.com\/revista\/el-arco-de-correos-un-icono-historico-en-la-capital\/\" \/>\n\t\t<meta property=\"og:image\" content=\"https:\/\/soymigrante.com\/revista\/wp-content\/uploads\/2025\/07\/arco-de-correos-1.webp\" \/>\n\t\t<meta property=\"og:image:secure_url\" content=\"https:\/\/soymigrante.com\/revista\/wp-content\/uploads\/2025\/07\/arco-de-correos-1.webp\" \/>\n\t\t<meta property=\"og:image:width\" content=\"1080\" \/>\n\t\t<meta property=\"og:image:height\" content=\"1080\" \/>\n\t\t<meta property=\"article:published_time\" content=\"2025-07-08T13:00:00+00:00\" \/>\n\t\t<meta property=\"article:modified_time\" content=\"2025-07-08T05:10:08+00:00\" \/>\n\t\t<meta property=\"article:publisher\" content=\"https:\/\/www.facebook.com\/soymigrantecom\" \/>\n\t\t<meta name=\"twitter:card\" content=\"summary_large_image\" \/>\n\t\t<meta name=\"twitter:site\" content=\"@SoyMigrante_com\" \/>\n\t\t<meta name=\"twitter:title\" content=\"El Arco de Correos: un \u00edcono hist\u00f3rico en la capital\" \/>\n\t\t<meta name=\"twitter:description\" content=\"Ubicado en la Zona 1 de Ciudad de Guatemala, el Arco del Palacio de Correos es uno de los monumentos m\u00e1s emblem\u00e1ticos de la capital.\" \/>\n\t\t<meta name=\"twitter:creator\" content=\"@SoyMigrante_com\" \/>\n\t\t<meta name=\"twitter:image\" content=\"https:\/\/soymigrante.com\/revista\/wp-content\/uploads\/2025\/07\/arco-de-correos-1.webp\" \/>\n\t\t<!-- All in One SEO Pro -->\r\n\t\t<title>El Arco de Correos: un \u00edcono hist\u00f3rico en la capital<\/title>\n\n","aioseo_head_json":{"title":"El Arco de Correos: un \u00edcono hist\u00f3rico en la capital","description":"Ubicado en la Zona 1 de Ciudad de Guatemala, el Arco del Palacio de Correos es uno de los monumentos m\u00e1s emblem\u00e1ticos de la capital.","canonical_url":"https:\/\/soymigrante.com\/revista\/el-arco-de-correos-un-icono-historico-en-la-capital\/","robots":"max-snippet:-1, max-image-preview:large, max-video-preview:-1","keywords":"","webmasterTools":{"miscellaneous":"&lt;link rel=\"preconnect\" href=\"https:\/\/fonts.googleapis.com\" crossorigin&gt;\n&lt;link rel=\"preconnect\" href=\"https:\/\/fonts.gstatic.com\" crossorigin&gt;"},"schema":null,"og:locale":"es_ES","og:site_name":"SoyMigrante.com REVISTA \u2013 Nuestra misi\u00f3n es reconocer y dignificar al migrante.","og:type":"article","og:title":"El Arco de Correos: un \u00edcono hist\u00f3rico en la capital","og:description":"Ubicado en la Zona 1 de Ciudad de Guatemala, el Arco del Palacio de Correos es uno de los monumentos m\u00e1s emblem\u00e1ticos de la capital.","og:url":"https:\/\/soymigrante.com\/revista\/el-arco-de-correos-un-icono-historico-en-la-capital\/","og:image":"https:\/\/soymigrante.com\/revista\/wp-content\/uploads\/2025\/07\/arco-de-correos-1.webp","og:image:secure_url":"https:\/\/soymigrante.com\/revista\/wp-content\/uploads\/2025\/07\/arco-de-correos-1.webp","og:image:width":1080,"og:image:height":1080,"article:published_time":"2025-07-08T13:00:00+00:00","article:modified_time":"2025-07-08T05:10:08+00:00","article:publisher":"https:\/\/www.facebook.com\/soymigrantecom","twitter:card":"summary_large_image","twitter:site":"@SoyMigrante_com","twitter:title":"El Arco de Correos: un \u00edcono hist\u00f3rico en la capital","twitter:description":"Ubicado en la Zona 1 de Ciudad de Guatemala, el Arco del Palacio de Correos es uno de los monumentos m\u00e1s emblem\u00e1ticos de la capital.","twitter:creator":"@SoyMigrante_com","twitter:image":"https:\/\/soymigrante.com\/revista\/wp-content\/uploads\/2025\/07\/arco-de-correos-1.webp"},"aioseo_meta_data":{"post_id":"38639","title":null,"description":"Ubicado en la Zona 1 de Ciudad de Guatemala, el Arco del Palacio de Correos es uno de los monumentos m\u00e1s emblem\u00e1ticos de la capital.","keywords":null,"keyphrases":{"focus":{"keyphrase":"Arco de correos","score":82,"analysis":{"keyphraseInTitle":{"score":9,"maxScore":9,"error":0},"keyphraseInDescription":{"score":3,"maxScore":9,"error":1},"keyphraseLength":{"score":9,"maxScore":9,"error":0,"length":3},"keyphraseInURL":{"score":5,"maxScore":5,"error":0},"keyphraseInIntroduction":{"score":9,"maxScore":9,"error":0},"keyphraseInSubHeadings":{"score":3,"maxScore":9,"error":1},"keyphraseInImageAlt":{"score":9,"maxScore":9,"error":0},"keywordDensity":{"type":"best","score":9,"maxScore":9,"error":0}}},"additional":[{"keyphrase":"capital","score":53,"analysis":{"keyphraseInDescription":{"score":9,"maxScore":9,"error":0},"keyphraseLength":{"score":9,"maxScore":9,"error":0,"length":1},"keyphraseInIntroduction":{"score":3,"maxScore":9,"error":1},"keyphraseInImageAlt":{"score":3,"maxScore":9,"error":1},"keywordDensity":{"score":0,"type":"low","maxScore":9,"error":1}}}]},"primary_term":null,"canonical_url":null,"og_title":null,"og_description":null,"og_object_type":"default","og_image_type":"default","og_image_url":null,"og_image_width":null,"og_image_height":null,"og_image_custom_url":null,"og_image_custom_fields":null,"og_video":"","og_custom_url":null,"og_article_section":null,"og_article_tags":null,"twitter_use_og":false,"twitter_card":"default","twitter_image_type":"default","twitter_image_url":null,"twitter_image_custom_url":null,"twitter_image_custom_fields":null,"twitter_title":null,"twitter_description":null,"schema":{"blockGraphs":[],"customGraphs":[],"default":{"data":{"Article":[],"Course":[],"Dataset":[],"FAQPage":[],"Movie":[],"Person":[],"Product":[],"ProductReview":[],"Car":[],"Recipe":[],"Service":[],"SoftwareApplication":[],"WebPage":[]},"graphName":"none","isEnabled":true},"graphs":[]},"schema_type":"default","schema_type_options":null,"pillar_content":false,"robots_default":true,"robots_noindex":false,"robots_noarchive":false,"robots_nosnippet":false,"robots_nofollow":false,"robots_noimageindex":false,"robots_noodp":false,"robots_notranslate":false,"robots_max_snippet":"-1","robots_max_videopreview":"-1","robots_max_imagepreview":"large","priority":null,"frequency":"default","local_seo":null,"seo_analyzer_scan_date":"2025-10-09 06:36:31","breadcrumb_settings":null,"limit_modified_date":false,"reviewed_by":"0","open_ai":null,"ai":{"faqs":[],"keyPoints":[],"titles":[],"descriptions":[],"socialPosts":{"email":[],"linkedin":[],"twitter":[],"facebook":[],"instagram":[]}},"created":"2025-07-07 20:35:49","updated":"2026-02-05 02:49:49"},"aioseo_breadcrumb":"<div class=\"aioseo-breadcrumbs\"><span class=\"aioseo-breadcrumb\">\n\t<a href=\"https:\/\/soymigrante.com\/revista\" title=\"Home\">Home<\/a>\n<\/span><span class=\"aioseo-breadcrumb-separator\">\u00bb<\/span><span class=\"aioseo-breadcrumb\">\n\t<a href=\"https:\/\/soymigrante.com\/revista\/category\/guate-nuestra\/\" title=\"Guate Nuestra\">Guate Nuestra<\/a>\n<\/span><span class=\"aioseo-breadcrumb-separator\">\u00bb<\/span><span class=\"aioseo-breadcrumb\">\n\tEl Arco de Correos: un \u00edcono hist\u00f3rico en la capital\n<\/span><\/div>","aioseo_breadcrumb_json":[{"label":"Home","link":"https:\/\/soymigrante.com\/revista"},{"label":"Guate Nuestra","link":"https:\/\/soymigrante.com\/revista\/category\/guate-nuestra\/"},{"label":"El Arco de Correos: un \u00edcono hist\u00f3rico en la capital","link":"https:\/\/soymigrante.com\/revista\/el-arco-de-correos-un-icono-historico-en-la-capital\/"}],"_links":{"self":[{"href":"https:\/\/soymigrante.com\/revista\/wp-json\/wp\/v2\/posts\/38639","targetHints":{"allow":["GET"]}}],"collection":[{"href":"https:\/\/soymigrante.com\/revista\/wp-json\/wp\/v2\/posts"}],"about":[{"href":"https:\/\/soymigrante.com\/revista\/wp-json\/wp\/v2\/types\/post"}],"author":[{"embeddable":true,"href":"https:\/\/soymigrante.com\/revista\/wp-json\/wp\/v2\/users\/19"}],"replies":[{"embeddable":true,"href":"https:\/\/soymigrante.com\/revista\/wp-json\/wp\/v2\/comments?post=38639"}],"version-history":[{"count":8,"href":"https:\/\/soymigrante.com\/revista\/wp-json\/wp\/v2\/posts\/38639\/revisions"}],"predecessor-version":[{"id":38681,"href":"https:\/\/soymigrante.com\/revista\/wp-json\/wp\/v2\/posts\/38639\/revisions\/38681"}],"wp:featuredmedia":[{"embeddable":true,"href":"https:\/\/soymigrante.com\/revista\/wp-json\/wp\/v2\/media\/38640"}],"wp:attachment":[{"href":"https:\/\/soymigrante.com\/revista\/wp-json\/wp\/v2\/media?parent=38639"}],"wp:term":[{"taxonomy":"category","embeddable":true,"href":"https:\/\/soymigrante.com\/revista\/wp-json\/wp\/v2\/categories?post=38639"},{"taxonomy":"post_tag","embeddable":true,"href":"https:\/\/soymigrante.com\/revista\/wp-json\/wp\/v2\/tags?post=38639"}],"curies":[{"name":"wp","href":"https:\/\/api.w.org\/{rel}","templated":true}]}}