{"id":38577,"date":"2025-07-07T12:03:30","date_gmt":"2025-07-07T18:03:30","guid":{"rendered":"https:\/\/soymigrante.com\/revista\/?p=38577"},"modified":"2025-10-03T14:44:36","modified_gmt":"2025-10-03T20:44:36","slug":"migrante-guatemalteco-fredy-lopez-los-angeles-gualan-accion-con-amor","status":"publish","type":"post","link":"https:\/\/soymigrante.com\/revista\/migrante-guatemalteco-fredy-lopez-los-angeles-gualan-accion-con-amor\/","title":{"rendered":"El coraz\u00f3n del migrante Fredy Aroldo L\u00f3pez late por Gual\u00e1n desde Los Angeles"},"content":{"rendered":"\t\t<div data-elementor-type=\"wp-post\" data-elementor-id=\"38577\" class=\"elementor elementor-38577\" data-elementor-post-type=\"post\">\n\t\t\t\t<div data-particle_enable=\"false\" data-particle-mobile-disabled=\"false\" class=\"elementor-element elementor-element-ee54041 e-flex e-con-boxed e-con e-parent\" data-id=\"ee54041\" data-element_type=\"container\" data-e-type=\"container\">\n\t\t\t\t\t<div class=\"e-con-inner\">\n\t\t\t\t<div class=\"elementor-element elementor-element-858e2b8 elementor-widget elementor-widget-heading\" data-id=\"858e2b8\" data-element_type=\"widget\" data-e-type=\"widget\" data-widget_type=\"heading.default\">\n\t\t\t\t\t<h2 class=\"elementor-heading-title elementor-size-default\">Con el apoyo incondicional de su esposa y su mam\u00e1, as\u00ed como de amigos migrantes, el guatemalteco Fredy L\u00f3pez contribuye desde Los Angeles, California con la salud, la educaci\u00f3n y la nutrici\u00f3n de la ni\u00f1ez rural de Gual\u00e1n.<br><\/h2>\t\t\t\t<\/div>\n\t\t\t\t<div class=\"elementor-element elementor-element-ace7c76 elementor-widget elementor-widget-html\" data-id=\"ace7c76\" data-element_type=\"widget\" data-e-type=\"widget\" data-widget_type=\"html.default\">\n\t\t\t\t\t<div id=\"buzzsprout-player-17467729\"><\/div><script src=\"https:\/\/www.buzzsprout.com\/2444168\/episodes\/17467729-migrante-fredy-lopez-ayuda-a-la-ninez-de-su-natal-gualan-desde-los-angeles.js?container_id=buzzsprout-player-17467729&player=small\" type=\"text\/javascript\" charset=\"utf-8\"><\/script>\t\t\t\t<\/div>\n\t\t\t\t\t<\/div>\n\t\t\t\t<\/div>\n\t\t<div data-particle_enable=\"false\" data-particle-mobile-disabled=\"false\" class=\"elementor-element elementor-element-2f277c0 e-flex e-con-boxed e-con e-parent\" data-id=\"2f277c0\" data-element_type=\"container\" data-e-type=\"container\">\n\t\t\t\t\t<div class=\"e-con-inner\">\n\t\t\t\t<div class=\"elementor-element elementor-element-913f1c3 elementor-widget elementor-widget-text-editor\" data-id=\"913f1c3\" data-element_type=\"widget\" data-e-type=\"widget\" data-widget_type=\"text-editor.default\">\n\t\t\t\t\t\t\t\t\t<p>&#8220;El d\u00eda 5 de febrero de 2024 sufr\u00ed un infarto que estuvo a punto de llevarme de esta vida y que me dej\u00f3 el coraz\u00f3n trabajando a un treinta por ciento de su capacidad&#8221;, cuenta Fredy Aroldo L\u00f3pez Casta\u00f1eda, quien tiene 25 a\u00f1os de vivir en Los Angeles, California pero quien nunca se olvida del terru\u00f1o querido.<\/p>\n<p>Fredy, originario de Gual\u00e1n, <a href=\"https:\/\/soymigrante.com\/revista\/departamentos-de-guatemala-zacapa-calurosa-tierra-de-altas-montanas-y-fertiles-valles\/\">Zacapa<\/a>, ha dedicado m\u00e1s de una d\u00e9cada a sembrar esperanza en su comunidad de origen. Actualmente lo efect\u00faa a trav\u00e9s de su organizaci\u00f3n Acci\u00f3n con Amor, que distribuye aportes a la salud, la educaci\u00f3n escolar y el combate a la desnutrici\u00f3n en 7 escuelas rurales de dicho municipio.<\/p>\n<p>La recuperaci\u00f3n de Fredy ha sido lenta pero constante. &#8220;El coraz\u00f3n ya va por el 60% de rendimiento&#8221;, dice. Considera que su vida (y la de toda persona) es un milagro de Dios. &#8220;Pero ese milagro tiene sentido solo si se pone al servicio de los dem\u00e1s&#8221;.<\/p>\n<p>Esta es su historia.<\/p>\t\t\t\t\t\t\t\t<\/div>\n\t\t\t\t\t<\/div>\n\t\t\t\t<\/div>\n\t\t<div data-particle_enable=\"false\" data-particle-mobile-disabled=\"false\" class=\"elementor-element elementor-element-36b03a7 e-flex e-con-boxed e-con e-parent\" data-id=\"36b03a7\" data-element_type=\"container\" data-e-type=\"container\">\n\t\t\t\t\t<div class=\"e-con-inner\">\n\t\t\t\t<div class=\"elementor-element elementor-element-c42b3c4 elementor-widget elementor-widget-image\" data-id=\"c42b3c4\" data-element_type=\"widget\" data-e-type=\"widget\" data-widget_type=\"image.default\">\n\t\t\t\t\t\t\t\t\t\t\t\t<figure class=\"wp-caption\">\n\t\t\t\t\t\t\t\t\t\t<img fetchpriority=\"high\" decoding=\"async\" width=\"904\" height=\"1008\" src=\"https:\/\/soymigrante.com\/revista\/wp-content\/uploads\/2025\/07\/Imagen-de-WhatsApp-2025-06-28-a-las-222415_88359e86.webp\" class=\"attachment-large size-large wp-image-38582\" alt=\"Voz en off: D\u00eda Mundial del Humanitario, evento importante para la comunidad migrante y organizaciones humanitarias en el D\u00eda Mundial del Humanitarian Day.\" srcset=\"https:\/\/soymigrante.com\/revista\/wp-content\/uploads\/2025\/07\/Imagen-de-WhatsApp-2025-06-28-a-las-222415_88359e86.webp 904w, https:\/\/soymigrante.com\/revista\/wp-content\/uploads\/2025\/07\/Imagen-de-WhatsApp-2025-06-28-a-las-222415_88359e86-269x300.jpg 269w, https:\/\/soymigrante.com\/revista\/wp-content\/uploads\/2025\/07\/Imagen-de-WhatsApp-2025-06-28-a-las-222415_88359e86-768x856.jpg 768w, https:\/\/soymigrante.com\/revista\/wp-content\/uploads\/2025\/07\/Imagen-de-WhatsApp-2025-06-28-a-las-222415_88359e86-750x836.jpg 750w\" sizes=\"(max-width: 904px) 100vw, 904px\" title=\"Junto a su esposa Sandra y su mam\u00e1, Fredy Aroldo L\u00f3pez Casta\u00f1eda fue reconocido en la Semana del Guatemalteco 2024, por sus aportes a la comunidad guatemalteca migrante y tambi\u00e9n a su tierra natal, Gual\u00e1n Zacapa. \u2013 SoyMigrante.com REVISTA\" \/>\t\t\t\t\t\t\t\t\t\t\t<figcaption class=\"widget-image-caption wp-caption-text\">D\u00eda Mundial del Humanitario en evento significativo con reconocimiento a la labor humanitaria en la comunidad migrante.<\/figcaption>\n\t\t\t\t\t\t\t\t\t\t<\/figure>\n\t\t\t\t\t\t\t\t\t<\/div>\n\t\t\t\t\t<\/div>\n\t\t\t\t<\/div>\n\t\t<div data-particle_enable=\"false\" data-particle-mobile-disabled=\"false\" class=\"elementor-element elementor-element-f4f95a6 e-flex e-con-boxed e-con e-parent\" data-id=\"f4f95a6\" data-element_type=\"container\" data-e-type=\"container\">\n\t\t\t\t\t<div class=\"e-con-inner\">\n\t\t\t\t<div class=\"elementor-element elementor-element-15c0a3d elementor-widget elementor-widget-heading\" data-id=\"15c0a3d\" data-element_type=\"widget\" data-e-type=\"widget\" data-widget_type=\"heading.default\">\n\t\t\t\t\t<h3 class=\"elementor-heading-title elementor-size-default\">De maestro a repartir pizzas y conducir Uber<\/h3>\t\t\t\t<\/div>\n\t\t\t\t\t<\/div>\n\t\t\t\t<\/div>\n\t\t<div data-particle_enable=\"false\" data-particle-mobile-disabled=\"false\" class=\"elementor-element elementor-element-693b9c5 e-flex e-con-boxed e-con e-parent\" data-id=\"693b9c5\" data-element_type=\"container\" data-e-type=\"container\">\n\t\t\t\t\t<div class=\"e-con-inner\">\n\t\t\t\t<div class=\"elementor-element elementor-element-33e0970 elementor-widget elementor-widget-text-editor\" data-id=\"33e0970\" data-element_type=\"widget\" data-e-type=\"widget\" data-widget_type=\"text-editor.default\">\n\t\t\t\t\t\t\t\t\t<p>Fredy es maestro de primaria y en eso trabaj\u00f3 bastantes a\u00f1os en Gual\u00e1n. &#8220;Decidir migrar a Los Angeles,en febrero del a\u00f1o 2000, ya con 38 a\u00f1os no fue sencillo. Ya no iba a ejercer mi profesi\u00f3n, no estaba acostumbrado a trabajos pesados, y aqu\u00ed los f\u00edsicos son los m\u00e1s comunes\u201d, recuerda.\u00a0<\/p><p>Trabaj\u00f3 en el \u00e1rea administrativa de un taller mec\u00e1nico de su hermano, para completar ingresos reparti\u00f3 pizzas y fue conductor de Uber. Su verdadera vocaci\u00f3n, sin embargo,\u00a0 era la de ser maestro: \u201cFui maestro durante 10 a\u00f1os en Guatemala, pero me apart\u00e9 de ello por una huelga mal conducida. Me decepcion\u00f3&#8221;. No obstante, la educaci\u00f3n y la ni\u00f1ez nunca salieron de su horizonte.<\/p>\t\t\t\t\t\t\t\t<\/div>\n\t\t\t\t\t<\/div>\n\t\t\t\t<\/div>\n\t\t<div data-particle_enable=\"false\" data-particle-mobile-disabled=\"false\" class=\"elementor-element elementor-element-87e5b2a e-flex e-con-boxed e-con e-parent\" data-id=\"87e5b2a\" data-element_type=\"container\" data-e-type=\"container\">\n\t\t\t\t\t<div class=\"e-con-inner\">\n\t\t\t\t<div class=\"elementor-element elementor-element-5301ded elementor-invisible elementor-widget elementor-widget-testimonial\" data-id=\"5301ded\" data-element_type=\"widget\" data-e-type=\"widget\" data-settings=\"{&quot;_animation&quot;:&quot;rotateInUpRight&quot;}\" data-widget_type=\"testimonial.default\">\n\t\t\t\t\t\t\t<div class=\"elementor-testimonial-wrapper\">\n\t\t\t\t\t\t\t<div class=\"elementor-testimonial-content\">\"Fui profesor de primaria por 10 a\u00f1os en el \u00e1rea rural de Zacapa. Entonces conozco el futuro que van a tener estos ni\u00f1os si no los ayudamos. De esas aulas pueden salir profesionales que ayuden a desarrollar la comunidad, pero debemos ayudarlos, para empezar, a pasar de primaria a secundaria\"<\/div>\n\t\t\t\n\t\t\t\t\t\t<div class=\"elementor-testimonial-meta elementor-has-image elementor-testimonial-image-position-aside\">\n\t\t\t\t<div class=\"elementor-testimonial-meta-inner\">\n\t\t\t\t\t\t\t\t\t\t\t<div class=\"elementor-testimonial-image\">\n\t\t\t\t\t\t\t<img decoding=\"async\" width=\"894\" height=\"906\" src=\"https:\/\/soymigrante.com\/revista\/wp-content\/uploads\/2025\/07\/migrante-guatemalteco-fredy-lopez-castaneda-los-angeles-7.webp\" class=\"attachment-full size-full wp-image-38584\" alt=\"Reconocido dirigente con banda presidencial en ceremonia oficial, s\u00edmbolo de liderazgo y compromiso en eventos c\u00edvicos y diplom\u00e1ticos en Rep\u00fablica Guatemala.\" title=\"migrante guatemalteco fredy lopez casta\u00f1eda los angeles 7 \u2013 SoyMigrante.com REVISTA\" srcset=\"https:\/\/soymigrante.com\/revista\/wp-content\/uploads\/2025\/07\/migrante-guatemalteco-fredy-lopez-castaneda-los-angeles-7.webp 894w, https:\/\/soymigrante.com\/revista\/wp-content\/uploads\/2025\/07\/migrante-guatemalteco-fredy-lopez-castaneda-los-angeles-7-296x300.jpg 296w, https:\/\/soymigrante.com\/revista\/wp-content\/uploads\/2025\/07\/migrante-guatemalteco-fredy-lopez-castaneda-los-angeles-7-768x778.jpg 768w, https:\/\/soymigrante.com\/revista\/wp-content\/uploads\/2025\/07\/migrante-guatemalteco-fredy-lopez-castaneda-los-angeles-7-75x75.webp 75w, https:\/\/soymigrante.com\/revista\/wp-content\/uploads\/2025\/07\/migrante-guatemalteco-fredy-lopez-castaneda-los-angeles-7-750x760.webp 750w\" sizes=\"(max-width: 894px) 100vw, 894px\" \/>\t\t\t\t\t\t<\/div>\n\t\t\t\t\t\n\t\t\t\t\t\t\t\t\t\t<div class=\"elementor-testimonial-details\">\n\t\t\t\t\t\t\t\t\t\t\t\t\t\t<div class=\"elementor-testimonial-name\">Fredy Aroldo L\u00f3pez Casta\u00f1eda<\/div>\n\t\t\t\t\t\t\t\t\t\t\t\t\t\t\t\t\t\t\t\t\t\t<div class=\"elementor-testimonial-job\">Migrante guatemalteco originario de\nGual\u00e1n, Zacapa y fundador de Acci\u00f3n\ncon Amor, entidad no lucrativa que \ndona recursos para mejorar la salud, la\neducaci\u00f3n y la nutrici\u00f3n de la ni\u00f1ez\nde 7 escuelas rurales de ese municipio<\/div>\n\t\t\t\t\t\t\t\t\t\t\t\t\t<\/div>\n\t\t\t\t\t\t\t\t\t<\/div>\n\t\t\t<\/div>\n\t\t\t\t\t<\/div>\n\t\t\t\t\t\t<\/div>\n\t\t\t\t\t<\/div>\n\t\t\t\t<\/div>\n\t\t<div data-particle_enable=\"false\" data-particle-mobile-disabled=\"false\" class=\"elementor-element elementor-element-fed3d40 e-flex e-con-boxed e-con e-parent\" data-id=\"fed3d40\" data-element_type=\"container\" data-e-type=\"container\">\n\t\t\t\t\t<div class=\"e-con-inner\">\n\t\t\t\t<div class=\"elementor-element elementor-element-f302378 elementor-widget elementor-widget-heading\" data-id=\"f302378\" data-element_type=\"widget\" data-e-type=\"widget\" data-widget_type=\"heading.default\">\n\t\t\t\t\t<h3 class=\"elementor-heading-title elementor-size-default\">Acci\u00f3n con amor, honradez y mucho coraz\u00f3n<\/h3>\t\t\t\t<\/div>\n\t\t\t\t\t<\/div>\n\t\t\t\t<\/div>\n\t\t<div data-particle_enable=\"false\" data-particle-mobile-disabled=\"false\" class=\"elementor-element elementor-element-59ea9a0 e-flex e-con-boxed e-con e-parent\" data-id=\"59ea9a0\" data-element_type=\"container\" data-e-type=\"container\">\n\t\t\t\t\t<div class=\"e-con-inner\">\n\t\t\t\t<div class=\"elementor-element elementor-element-e108f89 elementor-widget elementor-widget-text-editor\" data-id=\"e108f89\" data-element_type=\"widget\" data-e-type=\"widget\" data-widget_type=\"text-editor.default\">\n\t\t\t\t\t\t\t\t\t<p>Inspirado por su antiguo maestro Jos\u00e9 Miguel Jord\u00e1n Casasola, en 2014 Fredy fund\u00f3 junto a su esposa la \u201cCasa del Diab\u00e9tico Gual\u00e1n USA\u201d, que brind\u00f3 apoyo m\u00e9dico a personas con diabetes en el \u00e1rea de <a href=\"https:\/\/soymigrante.com\/revista\/departamentos-de-guatemala-zacapa-calurosa-tierra-de-altas-montanas-y-fertiles-valles\/\">Zacapa<\/a>. \u201cPag\u00e1bamos de nuestra bolsa a una enfermera de medio tiempo; mand\u00e1bamos sillas de ruedas, leche en polvo, muletas, hasta m\u00e1quinas de ox\u00edgeno que all\u00e1 cuestan como 14 mil quetzales\u201d, relata.<\/p><p>Actualmente, Fredy ha reenfocado su aporte y por ello fund\u00f3 la organizaci\u00f3n no lucrativa Acci\u00f3n con Amor, centrada en apoyar a la ni\u00f1ez, las mujeres y los adultos mayores. Efect\u00faan donativos a siete escuelas rurales de aldeas de Gual\u00e1n con \u00fatiles escolares, juegos did\u00e1cticos, kits con mochilas y hasta microscopios.\u00a0<\/p><p>\u201cUna vez nos\u00a0 parti\u00f3 el alma ver que los ni\u00f1os guardaban sus l\u00e1pices en las botas de hule porque no ten\u00edan bolsitas. Vamos identificando necesidades, reunimos fondos y actuamos\u201d, recuerda Fredy.<\/p>\t\t\t\t\t\t\t\t<\/div>\n\t\t\t\t\t<\/div>\n\t\t\t\t<\/div>\n\t\t<div data-particle_enable=\"false\" data-particle-mobile-disabled=\"false\" class=\"elementor-element elementor-element-0e5a501 e-flex e-con-boxed e-con e-parent\" data-id=\"0e5a501\" data-element_type=\"container\" data-e-type=\"container\">\n\t\t\t\t\t<div class=\"e-con-inner\">\n\t\t\t\t<div class=\"elementor-element elementor-element-d893324 elementor-arrows-position-inside elementor-pagination-position-outside elementor-widget elementor-widget-image-carousel\" data-id=\"d893324\" data-element_type=\"widget\" data-e-type=\"widget\" data-settings=\"{&quot;slides_to_show&quot;:&quot;1&quot;,&quot;navigation&quot;:&quot;both&quot;,&quot;autoplay&quot;:&quot;yes&quot;,&quot;pause_on_hover&quot;:&quot;yes&quot;,&quot;pause_on_interaction&quot;:&quot;yes&quot;,&quot;autoplay_speed&quot;:5000,&quot;infinite&quot;:&quot;yes&quot;,&quot;effect&quot;:&quot;slide&quot;,&quot;speed&quot;:500}\" data-widget_type=\"image-carousel.default\">\n\t\t\t\t\t\t\t<div class=\"elementor-image-carousel-wrapper swiper\" role=\"region\" aria-roledescription=\"carousel\" aria-label=\"Carrusel de im\u00e1genes\" dir=\"ltr\">\n\t\t\t<div class=\"elementor-image-carousel swiper-wrapper\" aria-live=\"off\">\n\t\t\t\t\t\t\t\t<div class=\"swiper-slide\" role=\"group\" aria-roledescription=\"slide\" aria-label=\"1 de 6\"><figure class=\"swiper-slide-inner\"><img decoding=\"async\" class=\"swiper-slide-image\" src=\"https:\/\/soymigrante.com\/revista\/wp-content\/uploads\/2025\/07\/migrante-guatemalteco-fredy-lopez-castaneda-los-angeles-22-1024x576.jpg\" alt=\"Juegos y \u00fatiles escolares en mesa, variedad de libros, rompecabezas y l\u00e1pices, en un puesto de venta en contexto de migrantes, promoviendo educaci\u00f3n y cultura en comunidades migrantes.\" \/><figcaption class=\"elementor-image-carousel-caption\">Juegos y \u00fatiles escolares, rompecabezas, cuadernos y l\u00e1pices en mercado ind\u00edgena, promoviendo la educaci\u00f3n y el desarrollo infantil en comunidades rurales mexicanas.<\/figcaption><\/figure><\/div><div class=\"swiper-slide\" role=\"group\" aria-roledescription=\"slide\" aria-label=\"2 de 6\"><figure class=\"swiper-slide-inner\"><img decoding=\"async\" class=\"swiper-slide-image\" src=\"https:\/\/soymigrante.com\/revista\/wp-content\/uploads\/2025\/07\/migrante-guatemalteco-fredy-lopez-castaneda-los-angeles-21-1024x768.jpg\" alt=\"Donaci\u00f3n para ni\u00f1os y comunidades, colecci\u00f3n de juguetes, libros y art\u00edculos de paz, promoviendo acci\u00f3n con amor en campa\u00f1as solidarias. Espacio de ayuda y apoyo comunitario en Movimiento Soy Migrante.\" \/><figcaption class=\"elementor-image-carousel-caption\">Donaciones infantiles, juguetes y libros para ayudar en campa\u00f1as solidarias en comunidad.<\/figcaption><\/figure><\/div><div class=\"swiper-slide\" role=\"group\" aria-roledescription=\"slide\" aria-label=\"3 de 6\"><figure class=\"swiper-slide-inner\"><img decoding=\"async\" class=\"swiper-slide-image\" src=\"https:\/\/soymigrante.com\/revista\/wp-content\/uploads\/2025\/07\/migrante-guatemalteco-fredy-lopez-castaneda-los-angeles-20-1024x576.jpg\" alt=\"Jovenes en un aula escolar rural recibiendo materiales educativos, promoviendo la educaci\u00f3n y el desarrollo infantil en comunidades vulnerables.\" \/><figcaption class=\"elementor-image-carousel-caption\">Ni\u00f1os en clase en una escuela rural con materiales escolares, promoviendo la educaci\u00f3n inclusiva y el acceso a recursos en zonas rurales de M\u00e9xico.<\/figcaption><\/figure><\/div><div class=\"swiper-slide\" role=\"group\" aria-roledescription=\"slide\" aria-label=\"4 de 6\"><figure class=\"swiper-slide-inner\"><img decoding=\"async\" class=\"swiper-slide-image\" src=\"https:\/\/soymigrante.com\/revista\/wp-content\/uploads\/2025\/07\/migrante-guatemalteco-fredy-lopez-castaneda-los-angeles-12-1024x671.jpg\" alt=\"Ni\u00f1os pintando letras y palabras en una actividad educativa en un aula escolar.\" \/><figcaption class=\"elementor-image-carousel-caption\">Ni\u00f1os participando en una actividad art\u00edstica y educativa en el aula, usando pintura para decorar carteles con letras, promoviendo la creatividad y aprendizaje infantil.<\/figcaption><\/figure><\/div><div class=\"swiper-slide\" role=\"group\" aria-roledescription=\"slide\" aria-label=\"5 de 6\"><figure class=\"swiper-slide-inner\"><img decoding=\"async\" class=\"swiper-slide-image\" src=\"https:\/\/soymigrante.com\/revista\/wp-content\/uploads\/2025\/07\/migrante-guatemalteco-fredy-lopez-castaneda-los-angeles-8-1024x768.jpg\" alt=\"Ni\u00f1os jugando y aprendiendo en un sal\u00f3n de clases con mesas y sillas coloridas, fomentando la educaci\u00f3n infantil y el desarrollo escolar en un entorno inclusivo.\" \/><figcaption class=\"elementor-image-carousel-caption\">Ni\u00f1os en aula infantil participando en actividades educativas y recreativas, promoviendo la formaci\u00f3n acad\u00e9mica y social en la educaci\u00f3n temprana.<\/figcaption><\/figure><\/div><div class=\"swiper-slide\" role=\"group\" aria-roledescription=\"slide\" aria-label=\"6 de 6\"><figure class=\"swiper-slide-inner\"><img decoding=\"async\" class=\"swiper-slide-image\" src=\"https:\/\/soymigrante.com\/revista\/wp-content\/uploads\/2025\/07\/migrante-guatemalteco-fredy-lopez-castaneda-los-angeles-5-1024x768.jpg\" alt=\"Ni\u00f1os migrantes con mochilas de colores en una escuela rural en M\u00e9xico, participando en actividades educativas y culturales para fortalecer su integraci\u00f3n y derechos.\" \/><figcaption class=\"elementor-image-carousel-caption\">Coloridas mochilas de migrantes ni\u00f1os en evento escolar en M\u00e9xico, promoviendo derechos y educaci\u00f3n para la infancia migrante en comunidades rurales.<\/figcaption><\/figure><\/div>\t\t\t<\/div>\n\t\t\t\t\t\t\t\t\t\t\t\t<div class=\"elementor-swiper-button elementor-swiper-button-prev\" role=\"button\" tabindex=\"0\">\n\t\t\t\t\t\t<i aria-hidden=\"true\" class=\"eicon-chevron-left\"><\/i>\t\t\t\t\t<\/div>\n\t\t\t\t\t<div class=\"elementor-swiper-button elementor-swiper-button-next\" role=\"button\" tabindex=\"0\">\n\t\t\t\t\t\t<i aria-hidden=\"true\" class=\"eicon-chevron-right\"><\/i>\t\t\t\t\t<\/div>\n\t\t\t\t\n\t\t\t\t\t\t\t\t\t<div class=\"swiper-pagination\"><\/div>\n\t\t\t\t\t\t\t\t\t<\/div>\n\t\t\t\t\t\t<\/div>\n\t\t\t\t\t<\/div>\n\t\t\t\t<\/div>\n\t\t<div data-particle_enable=\"false\" data-particle-mobile-disabled=\"false\" class=\"elementor-element elementor-element-bac45f1 e-flex e-con-boxed e-con e-parent\" data-id=\"bac45f1\" data-element_type=\"container\" data-e-type=\"container\">\n\t\t\t\t\t<div class=\"e-con-inner\">\n\t\t\t\t<div class=\"elementor-element elementor-element-76d0a8c elementor-widget elementor-widget-heading\" data-id=\"76d0a8c\" data-element_type=\"widget\" data-e-type=\"widget\" data-widget_type=\"heading.default\">\n\t\t\t\t\t<h3 class=\"elementor-heading-title elementor-size-default\">Efectivo programa contra la desnutrici\u00f3n infantil<\/h3>\t\t\t\t<\/div>\n\t\t\t\t\t<\/div>\n\t\t\t\t<\/div>\n\t\t<div data-particle_enable=\"false\" data-particle-mobile-disabled=\"false\" class=\"elementor-element elementor-element-25c5275 e-flex e-con-boxed e-con e-parent\" data-id=\"25c5275\" data-element_type=\"container\" data-e-type=\"container\">\n\t\t\t\t\t<div class=\"e-con-inner\">\n\t\t\t\t<div class=\"elementor-element elementor-element-2a6ca41 elementor-widget elementor-widget-text-editor\" data-id=\"2a6ca41\" data-element_type=\"widget\" data-e-type=\"widget\" data-widget_type=\"text-editor.default\">\n\t\t\t\t\t\t\t\t\t<p>Acci\u00f3n con Amor impulsa actualmente un programa de recuperaci\u00f3n nutricional para m\u00e1s de 40 ni\u00f1os de aldeas en Gual\u00e1n, <a href=\"https:\/\/soymigrante.com\/revista\/departamentos-de-guatemala-zacapa-calurosa-tierra-de-altas-montanas-y-fertiles-valles\/\">Zacapa<\/a>. &#8220;Hemos tenido buenos resultados porque hacemos uso eficiente de los fondos. Yo quisiera presentarle este m\u00e9todo al gobierno, para que de verdad rescaten a ni\u00f1os de la nutrici\u00f3n. \u00bfCu\u00e1ndo cree que gastamos al a\u00f1o? Q5 mil 40 quetzales&#8221;, relata.<\/p><p>Le pregunto \u00bfpor ni\u00f1o? &#8220;No por todo un grupo de ni\u00f1os que ya est\u00e1n en recuperaci\u00f3n&#8221;, exclama. &#8220;Los programas estatales gastan m\u00e1s en plazas que en atender a la ni\u00f1ez. Nosotros respetamos el dinero que nos aportan, rendimos cuentas y damos resultados porque queremos rescatar a esa ni\u00f1ez del hambre&#8221;, dice.<\/p><p>Su esposa y su mam\u00e1 son las principales part\u00edcipes de la recaudaci\u00f3n de fondos: elaboran comidas, organizan rifas y ventas ben\u00e9ficas para recaudar recursos. Tambi\u00e9n hay algunos donantes en Los Angeles. En Gual\u00e1n cuentan con apoyo de iglesias y voluntarios.\u00a0 \u201cNo se trata de cu\u00e1nto se tiene, sino de cu\u00e1nto provecho se le saca a cada centavo\u201d, dice Fredy<\/p>\t\t\t\t\t\t\t\t<\/div>\n\t\t\t\t\t<\/div>\n\t\t\t\t<\/div>\n\t\t<div data-particle_enable=\"false\" data-particle-mobile-disabled=\"false\" class=\"elementor-element elementor-element-3902ec4 e-flex e-con-boxed e-con e-parent\" data-id=\"3902ec4\" data-element_type=\"container\" data-e-type=\"container\">\n\t\t\t\t\t<div class=\"e-con-inner\">\n\t\t\t\t<div class=\"elementor-element elementor-element-b502797 elementor-widget elementor-widget-html\" data-id=\"b502797\" data-element_type=\"widget\" data-e-type=\"widget\" data-widget_type=\"html.default\">\n\t\t\t\t\t<iframe width=\"560\" height=\"315\" src=\"https:\/\/www.youtube.com\/embed\/JZYbRO0e-2I?si=6iagAlBXUydXg1Fe\" title=\"YouTube video player\" frameborder=\"0\" allow=\"accelerometer; autoplay; clipboard-write; encrypted-media; gyroscope; picture-in-picture; web-share\" referrerpolicy=\"strict-origin-when-cross-origin\" allowfullscreen><\/iframe>\t\t\t\t<\/div>\n\t\t\t\t\t<\/div>\n\t\t\t\t<\/div>\n\t\t<div data-particle_enable=\"false\" data-particle-mobile-disabled=\"false\" class=\"elementor-element elementor-element-01410ba e-flex e-con-boxed e-con e-parent\" data-id=\"01410ba\" data-element_type=\"container\" data-e-type=\"container\">\n\t\t\t\t\t<div class=\"e-con-inner\">\n\t\t\t\t<div class=\"elementor-element elementor-element-67a3f75 elementor-widget elementor-widget-heading\" data-id=\"67a3f75\" data-element_type=\"widget\" data-e-type=\"widget\" data-widget_type=\"heading.default\">\n\t\t\t\t\t<h3 class=\"elementor-heading-title elementor-size-default\">Transformar la comunidad con su propia ni\u00f1ez<\/h3>\t\t\t\t<\/div>\n\t\t\t\t\t<\/div>\n\t\t\t\t<\/div>\n\t\t<div data-particle_enable=\"false\" data-particle-mobile-disabled=\"false\" class=\"elementor-element elementor-element-6e82a3b e-flex e-con-boxed e-con e-parent\" data-id=\"6e82a3b\" data-element_type=\"container\" data-e-type=\"container\">\n\t\t\t\t\t<div class=\"e-con-inner\">\n\t\t\t\t<div class=\"elementor-element elementor-element-36b92a9 elementor-widget elementor-widget-text-editor\" data-id=\"36b92a9\" data-element_type=\"widget\" data-e-type=\"widget\" data-widget_type=\"text-editor.default\">\n\t\t\t\t\t\t\t\t\t<p>Como buen maestro, Fredy conoce las limitaciones que enfrenta la ni\u00f1ez en \u00e1reas rurales: \u201cLas ni\u00f1as se casan muy jovencitas; los ni\u00f1os est\u00e1n predestinados al machete y al azad\u00f3n. Todo trabajo es digno, pero hay que mostrarles que existe vida y futuro m\u00e1s all\u00e1 del sexto grado\u201d.\u00a0<\/p><p>Por eso, su meta es clara: &#8220;Llegar a formar profesionales conscientes, agradecidos, y que alg\u00fan d\u00eda regresen a transformar su comunidad&#8221;.\u00a0<\/p><p>Pero visi\u00f3n de <a href=\"https:\/\/www.facebook.com\/profile.php?id=100080894493045\">Acci\u00f3n con Amor<\/a> no es solo asistencialista; es formativa y comunitaria. Por ello, Fredy propone modelos replicables: que las universidades integren a sus estudiantes en proyectos sociales reales, que se invierta el 100% del presupuesto en impacto directo. \u201cLo \u00fanico que se necesita es voluntad\u2026 y que no haya corrupci\u00f3n\u201d, insiste.<\/p>\t\t\t\t\t\t\t\t<\/div>\n\t\t\t\t\t<\/div>\n\t\t\t\t<\/div>\n\t\t<div data-particle_enable=\"false\" data-particle-mobile-disabled=\"false\" class=\"elementor-element elementor-element-c09cfaf e-flex e-con-boxed e-con e-parent\" data-id=\"c09cfaf\" data-element_type=\"container\" data-e-type=\"container\">\n\t\t\t\t\t<div class=\"e-con-inner\">\n\t\t\t\t<div class=\"elementor-element elementor-element-1637d83 elementor-widget elementor-widget-facebook-page\" data-id=\"1637d83\" data-element_type=\"widget\" data-e-type=\"widget\" data-widget_type=\"facebook-page.default\">\n\t\t\t\t\t<div class=\"elementor-facebook-widget fb-page\" data-href=\"https:\/\/www.facebook.com\/profile.php?id=100080894493045\" data-tabs=\"timeline\" data-height=\"500px\" data-width=\"500px\" data-small-header=\"false\" data-hide-cover=\"false\" data-show-facepile=\"true\" data-hide-cta=\"false\" style=\"min-height: 1px;height:500px\"><\/div>\t\t\t\t<\/div>\n\t\t\t\t\t<\/div>\n\t\t\t\t<\/div>\n\t\t<div data-particle_enable=\"false\" data-particle-mobile-disabled=\"false\" class=\"elementor-element elementor-element-e6651e1 e-flex e-con-boxed e-con e-parent\" data-id=\"e6651e1\" data-element_type=\"container\" data-e-type=\"container\">\n\t\t\t\t\t<div class=\"e-con-inner\">\n\t\t\t\t<div class=\"elementor-element elementor-element-1f53a54 elementor-widget elementor-widget-heading\" data-id=\"1f53a54\" data-element_type=\"widget\" data-e-type=\"widget\" data-widget_type=\"heading.default\">\n\t\t\t\t\t<h3 class=\"elementor-heading-title elementor-size-default\">Esperanza en el presente para un futuro mejor<\/h3>\t\t\t\t<\/div>\n\t\t\t\t\t<\/div>\n\t\t\t\t<\/div>\n\t\t<div data-particle_enable=\"false\" data-particle-mobile-disabled=\"false\" class=\"elementor-element elementor-element-738101a e-flex e-con-boxed e-con e-parent\" data-id=\"738101a\" data-element_type=\"container\" data-e-type=\"container\">\n\t\t\t\t\t<div class=\"e-con-inner\">\n\t\t\t\t<div class=\"elementor-element elementor-element-1b06fcc elementor-widget elementor-widget-text-editor\" data-id=\"1b06fcc\" data-element_type=\"widget\" data-e-type=\"widget\" data-widget_type=\"text-editor.default\">\n\t\t\t\t\t\t\t\t\t<p>A trav\u00e9s del certamen cultural Miss Gual\u00e1n USA, tambi\u00e9n ha promovido la identidad entre <a href=\"https:\/\/soymigrante.com\/revista\/remesas-migrantes-reducen-pobreza-guatemala-efectos-desarrollo\/\">migrant<\/a>es. \u201cEn cada rinc\u00f3n de Guatemala hay algo hermoso\u201d, afirma. En 2023, \u00e9l y su esposa fueron nombrados \u201cCiudadanos distinguidos del a\u00f1o\u201d por la <a href=\"https:\/\/soymigrante.com\/revista\/historico-la-ciudad-de-los-angeles-proclama-la-semana-del-guatemalteco\/\">Semana del Guatemalteco<\/a> en <a href=\"https:\/\/soymigrante.com\/revista\/los-angeles-nacio-con-alma-hispana-10-datos-y-anecdotas-sobre-su-historia\/\">Los Angeles,<\/a> California, siendo la primera pareja en recibir ese honor.<\/p><p>Con un coraz\u00f3n a\u00fan en recuperaci\u00f3n, pero lleno de amor y prop\u00f3sito, Fredy Aroldo L\u00f3pez contin\u00faa regalando vida y futuro a los suyos. Porque, como \u00e9l mismo dice, \u201cen cualquier rinc\u00f3n del mundo puede nacer un genio\u2026 solo hay que darle el impulso\u201d.<\/p><p>Es un gran ideal, aunque por su padecimiento card\u00edaco Fredy dice: \u201cTal vez yo no vea ese d\u00eda, pero tengo fe en que alguien nos diga: \u2018Aqu\u00ed est\u00e1 mi t\u00edtulo, gracias a esa ayuda que recibimos\u201d. Con convicci\u00f3n, quien escribe esta nota le dice: &#8220;No solo ver\u00e1 ese d\u00eda, sino que lo celebrar\u00e1 y sabr\u00e1 que el anhelo de su <a href=\"https:\/\/soymigrante.com\/revista\/corazon-migrante-vuela-alto-trabaja-duro-y-suena-una-patria-mejor\/\">coraz\u00f3n<\/a> tiene frutos&#8221;.<\/p><div>\u00a0<\/div>\t\t\t\t\t\t\t\t<\/div>\n\t\t\t\t<div class=\"elementor-element elementor-element-1cca462 elementor-widget elementor-widget-heading\" data-id=\"1cca462\" data-element_type=\"widget\" data-e-type=\"widget\" data-widget_type=\"heading.default\">\n\t\t\t\t\t<h3 class=\"elementor-heading-title elementor-size-default\">Efectivo programa contra la desnutrici\u00f3n infantil<\/h3>\t\t\t\t<\/div>\n\t\t\t\t\t<\/div>\n\t\t\t\t<\/div>\n\t\t<div data-particle_enable=\"false\" data-particle-mobile-disabled=\"false\" class=\"elementor-element elementor-element-2e3cf34 e-flex e-con-boxed e-con e-parent\" data-id=\"2e3cf34\" data-element_type=\"container\" data-e-type=\"container\">\n\t\t\t\t\t<div class=\"e-con-inner\">\n\t\t\t\t<div class=\"elementor-element elementor-element-f89dcb7 elementor-widget elementor-widget-image\" data-id=\"f89dcb7\" data-element_type=\"widget\" data-e-type=\"widget\" data-widget_type=\"image.default\">\n\t\t\t\t\t\t\t\t\t\t\t\t<figure class=\"wp-caption\">\n\t\t\t\t\t\t\t\t\t\t<img decoding=\"async\" width=\"960\" height=\"960\" src=\"https:\/\/soymigrante.com\/revista\/wp-content\/uploads\/2025\/07\/migrante-guatemalteco-fredy-lopez-castaneda-los-angeles-17.webp\" class=\"attachment-large size-large wp-image-38593\" alt=\"Estudiante observando con microscopio en aula escolar para promover la educaci\u00f3n en ciencias y la motivaci\u00f3n por la investigaci\u00f3n en el contexto de migrantes.\" srcset=\"https:\/\/soymigrante.com\/revista\/wp-content\/uploads\/2025\/07\/migrante-guatemalteco-fredy-lopez-castaneda-los-angeles-17.webp 960w, https:\/\/soymigrante.com\/revista\/wp-content\/uploads\/2025\/07\/migrante-guatemalteco-fredy-lopez-castaneda-los-angeles-17-300x300.jpg 300w, https:\/\/soymigrante.com\/revista\/wp-content\/uploads\/2025\/07\/migrante-guatemalteco-fredy-lopez-castaneda-los-angeles-17-150x150.jpg 150w, https:\/\/soymigrante.com\/revista\/wp-content\/uploads\/2025\/07\/migrante-guatemalteco-fredy-lopez-castaneda-los-angeles-17-768x768.jpg 768w, https:\/\/soymigrante.com\/revista\/wp-content\/uploads\/2025\/07\/migrante-guatemalteco-fredy-lopez-castaneda-los-angeles-17-75x75.webp 75w, https:\/\/soymigrante.com\/revista\/wp-content\/uploads\/2025\/07\/migrante-guatemalteco-fredy-lopez-castaneda-los-angeles-17-750x750.webp 750w\" sizes=\"(max-width: 960px) 100vw, 960px\" title=\"Una de las m\u00e1s recientes y visionarias donaciones de Fredy L\u00f3pez y Acci\u00f3n con Amor fue la compra de microscopios escolares, para despertar el inter\u00e9s por la ciencia en los ni\u00f1os de escuelas rurales de Gual\u00e1n. Foto cortes\u00eda Acci\u00f3n con Amor. \u2013 SoyMigrante.com REVISTA\" \/>\t\t\t\t\t\t\t\t\t\t\t<figcaption class=\"widget-image-caption wp-caption-text\">Ni\u00f1os en clase participando en actividades educativas relacionadas con la ciencia y la migraci\u00f3n.<\/figcaption>\n\t\t\t\t\t\t\t\t\t\t<\/figure>\n\t\t\t\t\t\t\t\t\t<\/div>\n\t\t\t\t\t<\/div>\n\t\t\t\t<\/div>\n\t\t<div data-particle_enable=\"false\" data-particle-mobile-disabled=\"false\" class=\"elementor-element elementor-element-eadec3e e-flex e-con-boxed e-con e-parent\" data-id=\"eadec3e\" data-element_type=\"container\" data-e-type=\"container\">\n\t\t\t\t\t<div class=\"e-con-inner\">\n\t\t\t\t<div class=\"elementor-element elementor-element-16194c4 elementor-widget elementor-widget-heading\" data-id=\"16194c4\" data-element_type=\"widget\" data-e-type=\"widget\" data-widget_type=\"heading.default\">\n\t\t\t\t\t<h2 class=\"elementor-heading-title elementor-size-default\">Guatemaltecos migrantes con el coraz\u00f3n puesto en su tierra<\/h2>\t\t\t\t<\/div>\n\t\t\t\t\t<\/div>\n\t\t\t\t<\/div>\n\t\t<div data-particle_enable=\"false\" data-particle-mobile-disabled=\"false\" class=\"elementor-element elementor-element-eba3285 e-flex e-con-boxed e-con e-parent\" data-id=\"eba3285\" data-element_type=\"container\" data-e-type=\"container\">\n\t\t\t\t\t<div class=\"e-con-inner\">\n\t\t\t\t<div class=\"elementor-element elementor-element-9fc7762 elementor-grid-eael-col-3 elementor-grid-tablet-eael-col-2 elementor-grid-mobile-eael-col-1 elementor-invisible elementor-widget elementor-widget-eael-post-grid\" data-id=\"9fc7762\" data-element_type=\"widget\" data-e-type=\"widget\" data-settings=\"{&quot;eael_post_grid_columns&quot;:&quot;eael-col-3&quot;,&quot;_animation&quot;:&quot;rollIn&quot;,&quot;eael_post_grid_columns_tablet&quot;:&quot;eael-col-2&quot;,&quot;eael_post_grid_columns_mobile&quot;:&quot;eael-col-1&quot;}\" data-widget_type=\"eael-post-grid.default\">\n\t\t\t\t\t<div id=\"eael-post-grid-9fc7762\" class=\"eael-post-grid-container\">\n            <div class=\"eael-post-grid eael-post-appender eael-post-appender-9fc7762 eael-post-grid-style-one\" data-layout-mode=\"masonry\"><article class=\"eael-grid-post  eael-post-grid-column eael-pg-post-38529 category-estamos-unidos tags-remesas-migrantes\" data-id=\"38529\">\n        <div class=\"eael-grid-post-holder\">\n            <div class=\"eael-grid-post-holder-inner\"><div class=\"eael-entry-media\"><div class=\"eael-entry-overlay fade-in\"><i class=\"far fa-hand-pointer\" aria-hidden=\"true\"><\/i><a href=\"https:\/\/soymigrante.com\/revista\/remesas-migrantes-superan-us12-mil-millones-en-primera-mitad-de-2025\/\"><\/a><\/div><div class=\"eael-entry-thumbnail \">\n                <img loading=\"lazy\" decoding=\"async\" width=\"1024\" height=\"1024\" src=\"https:\/\/soymigrante.com\/revista\/wp-content\/uploads\/2025\/07\/trabajadora-hispana-remesas-migrantes-1024x1024.jpg\" class=\"attachment-large size-large wp-image-38541\" alt=\"Trabajadora mexicana confeccionando en una f\u00e1brica, destacando la labor de las mujeres migrantes en el sector textil y de manufactura en M\u00e9xico.\" srcset=\"https:\/\/soymigrante.com\/revista\/wp-content\/uploads\/2025\/07\/trabajadora-hispana-remesas-migrantes-1024x1024.jpg 1024w, https:\/\/soymigrante.com\/revista\/wp-content\/uploads\/2025\/07\/trabajadora-hispana-remesas-migrantes-300x300.jpg 300w, https:\/\/soymigrante.com\/revista\/wp-content\/uploads\/2025\/07\/trabajadora-hispana-remesas-migrantes-150x150.jpg 150w, https:\/\/soymigrante.com\/revista\/wp-content\/uploads\/2025\/07\/trabajadora-hispana-remesas-migrantes-768x768.jpg 768w, https:\/\/soymigrante.com\/revista\/wp-content\/uploads\/2025\/07\/trabajadora-hispana-remesas-migrantes-1536x1536.jpg 1536w, https:\/\/soymigrante.com\/revista\/wp-content\/uploads\/2025\/07\/trabajadora-hispana-remesas-migrantes-75x75.webp 75w, https:\/\/soymigrante.com\/revista\/wp-content\/uploads\/2025\/07\/trabajadora-hispana-remesas-migrantes-750x750.webp 750w, https:\/\/soymigrante.com\/revista\/wp-content\/uploads\/2025\/07\/trabajadora-hispana-remesas-migrantes-1140x1140.webp 1140w, https:\/\/soymigrante.com\/revista\/wp-content\/uploads\/2025\/07\/trabajadora-hispana-remesas-migrantes.webp 1920w\" sizes=\"(max-width: 1024px) 100vw, 1024px\" \/>\n            <\/div>\n        <\/div><div class=\"eael-entry-wrapper\"><header class=\"eael-entry-header\"><h2 class=\"eael-entry-title\"><a class=\"eael-grid-post-link\" href=\"https:\/\/soymigrante.com\/revista\/remesas-migrantes-superan-us12-mil-millones-en-primera-mitad-de-2025\/\" title=\"Remesas migrantes superan los US$12 mil millones a mitad de 2025\">Remesas migrantes superan los US$12 mil millones a mitad de 2025<\/a><\/h2><\/header><div class=\"eael-entry-content\">\n                        <div class=\"eael-grid-post-excerpt\"><a href=\"https:\/\/soymigrante.com\/revista\/remesas-migrantes-superan-us12-mil-millones-en-primera-mitad-de-2025\/\" class=\"eael-post-elements-readmore-btn\">CONOCE SU HISTORIA <\/a><\/div>\n                    <\/div><\/div><\/div>\n        <\/div>\n    <\/article><article class=\"eael-grid-post  eael-post-grid-column eael-pg-post-38359 category-guate-nuestra\" data-id=\"38359\">\n        <div class=\"eael-grid-post-holder\">\n            <div class=\"eael-grid-post-holder-inner\"><div class=\"eael-entry-media\"><div class=\"eael-entry-overlay fade-in\"><i class=\"far fa-hand-pointer\" aria-hidden=\"true\"><\/i><a href=\"https:\/\/soymigrante.com\/revista\/envio-gratis-compras-soymigrante-mercado-julio-2025\/\"><\/a><\/div><div class=\"eael-entry-thumbnail \">\n                <img loading=\"lazy\" decoding=\"async\" width=\"1024\" height=\"1024\" src=\"https:\/\/soymigrante.com\/revista\/wp-content\/uploads\/2025\/07\/entrega-gratis-envios-soymigrante-mercado-1024x1024.png\" class=\"attachment-large size-large wp-image-38377\" alt=\"Entrega de ayuda humanitaria a migrantes; mujer sonriendo al recibir un paquete con el logotipo del colibr\u00ed, s\u00edmbolo de esperanza y migraci\u00f3n, en un contexto de asistencia y apoyo a la comunidad migrante.\" srcset=\"https:\/\/soymigrante.com\/revista\/wp-content\/uploads\/2025\/07\/entrega-gratis-envios-soymigrante-mercado-1024x1024.png 1024w, https:\/\/soymigrante.com\/revista\/wp-content\/uploads\/2025\/07\/entrega-gratis-envios-soymigrante-mercado-300x300.png 300w, https:\/\/soymigrante.com\/revista\/wp-content\/uploads\/2025\/07\/entrega-gratis-envios-soymigrante-mercado-150x150.png 150w, https:\/\/soymigrante.com\/revista\/wp-content\/uploads\/2025\/07\/entrega-gratis-envios-soymigrante-mercado-768x768.png 768w, https:\/\/soymigrante.com\/revista\/wp-content\/uploads\/2025\/07\/entrega-gratis-envios-soymigrante-mercado-75x75.webp 75w, https:\/\/soymigrante.com\/revista\/wp-content\/uploads\/2025\/07\/entrega-gratis-envios-soymigrante-mercado-750x750.webp 750w, https:\/\/soymigrante.com\/revista\/wp-content\/uploads\/2025\/07\/entrega-gratis-envios-soymigrante-mercado.webp 1080w\" sizes=\"(max-width: 1024px) 100vw, 1024px\" \/>\n            <\/div>\n        <\/div><div class=\"eael-entry-wrapper\"><header class=\"eael-entry-header\"><h2 class=\"eael-entry-title\"><a class=\"eael-grid-post-link\" href=\"https:\/\/soymigrante.com\/revista\/envio-gratis-compras-soymigrante-mercado-julio-2025\/\" title=\"Env\u00edo gratis en tus compras de SoyMigrante.com MERCADO durante el mes de julio\">Env\u00edo gratis en tus compras de SoyMigrante.com MERCADO durante el mes de julio<\/a><\/h2><\/header><div class=\"eael-entry-content\">\n                        <div class=\"eael-grid-post-excerpt\"><a href=\"https:\/\/soymigrante.com\/revista\/envio-gratis-compras-soymigrante-mercado-julio-2025\/\" class=\"eael-post-elements-readmore-btn\">CONOCE SU HISTORIA <\/a><\/div>\n                    <\/div><\/div><\/div>\n        <\/div>\n    <\/article><article class=\"eael-grid-post  eael-post-grid-column eael-pg-post-21088 category-estamos-unidos\" data-id=\"21088\">\n        <div class=\"eael-grid-post-holder\">\n            <div class=\"eael-grid-post-holder-inner\"><div class=\"eael-entry-media\"><div class=\"eael-entry-overlay fade-in\"><i class=\"far fa-hand-pointer\" aria-hidden=\"true\"><\/i><a href=\"https:\/\/soymigrante.com\/revista\/como-ha-cambiado-la-vida-del-biologo-migrante-rene-corado-a-10-anos-de-su-libro-el-lustrador\/\"><\/a><\/div><div class=\"eael-entry-thumbnail \">\n                <img loading=\"lazy\" decoding=\"async\" width=\"1024\" height=\"1024\" src=\"https:\/\/soymigrante.com\/revista\/wp-content\/uploads\/2025\/01\/rene-corado-el-lustrador-1024x1024.jpg\" class=\"attachment-large size-large wp-image-21108\" alt=\"Campos de girasoles en M\u00e9xico, cultura migrante y trabajo agr\u00edcola en Am\u00e9rica Latina.\" srcset=\"https:\/\/soymigrante.com\/revista\/wp-content\/uploads\/2025\/01\/rene-corado-el-lustrador-1024x1024.jpg 1024w, https:\/\/soymigrante.com\/revista\/wp-content\/uploads\/2025\/01\/rene-corado-el-lustrador-300x300.jpg 300w, https:\/\/soymigrante.com\/revista\/wp-content\/uploads\/2025\/01\/rene-corado-el-lustrador-150x150.jpg 150w, https:\/\/soymigrante.com\/revista\/wp-content\/uploads\/2025\/01\/rene-corado-el-lustrador-768x768.jpg 768w, https:\/\/soymigrante.com\/revista\/wp-content\/uploads\/2025\/01\/rene-corado-el-lustrador-75x75.webp 75w, https:\/\/soymigrante.com\/revista\/wp-content\/uploads\/2025\/01\/rene-corado-el-lustrador-750x750.webp 750w, https:\/\/soymigrante.com\/revista\/wp-content\/uploads\/2025\/01\/rene-corado-el-lustrador-1140x1140.webp 1140w, https:\/\/soymigrante.com\/revista\/wp-content\/uploads\/2025\/01\/rene-corado-el-lustrador.webp 1305w\" sizes=\"(max-width: 1024px) 100vw, 1024px\" \/>\n            <\/div>\n        <\/div><div class=\"eael-entry-wrapper\"><header class=\"eael-entry-header\"><h2 class=\"eael-entry-title\"><a class=\"eael-grid-post-link\" href=\"https:\/\/soymigrante.com\/revista\/como-ha-cambiado-la-vida-del-biologo-migrante-rene-corado-a-10-anos-de-su-libro-el-lustrador\/\" title=\"\u00bfC\u00f3mo ha cambiado la vida del bi\u00f3logo migrante Ren\u00e9 Corado a 10 a\u00f1os de su libro El Lustrador?\">\u00bfC\u00f3mo ha cambiado la vida del bi\u00f3logo migrante Ren\u00e9 Corado a 10 a\u00f1os de su libro El Lustrador?<\/a><\/h2><\/header><div class=\"eael-entry-content\">\n                        <div class=\"eael-grid-post-excerpt\"><a href=\"https:\/\/soymigrante.com\/revista\/como-ha-cambiado-la-vida-del-biologo-migrante-rene-corado-a-10-anos-de-su-libro-el-lustrador\/\" class=\"eael-post-elements-readmore-btn\">CONOCE SU HISTORIA <\/a><\/div>\n                    <\/div><\/div><\/div>\n        <\/div>\n    <\/article><\/div>\n            <div class=\"clearfix\"><\/div>\n        <\/div>\t\t\t\t<\/div>\n\t\t\t\t\t<\/div>\n\t\t\t\t<\/div>\n\t\t\t\t<\/div>\n\t\t","protected":false},"excerpt":{"rendered":"<p>Con el apoyo incondicional de su esposa y su mam\u00e1, as\u00ed como de amigos migrantes, el guatemalteco Fredy L\u00f3pez contribuye desde Los Angeles, California con la salud, la educaci\u00f3n y la nutrici\u00f3n de la ni\u00f1ez rural de Gual\u00e1n. &#8220;El d\u00eda 5 de febrero de 2024 sufr\u00ed un infarto que estuvo a punto de llevarme de [&hellip;]<\/p>\n","protected":false},"author":7,"featured_media":38600,"comment_status":"open","ping_status":"open","sticky":false,"template":"","format":"standard","meta":{"_acf_changed":false,"_eb_attr":"","footnotes":""},"categories":[50,274],"tags":[],"class_list":["post-38577","post","type-post","status-publish","format-standard","has-post-thumbnail","hentry","category-exitos","category-guatemala"],"acf":[],"aioseo_notices":[],"aioseo_head":"\n\t\t<!-- All in One SEO Pro 4.9.6.2 - aioseo.com -->\n\t<meta name=\"description\" content=\"\u00bfC\u00f3mo ha cambiado la vida del bi\u00f3logo migrante guatemalteco Ren\u00e9 Corado a 10 a\u00f1os del lanzamiento de su libro El Lustrador? Esa y otras preguntas responde aqu\u00ed\" \/>\n\t<meta name=\"robots\" content=\"max-snippet:-1, max-image-preview:large, max-video-preview:-1\" \/>\n\t<meta name=\"author\" content=\"Gustavo Montenegro\"\/>\n\t<link rel=\"canonical\" href=\"https:\/\/soymigrante.com\/revista\/como-ha-cambiado-la-vida-del-biologo-migrante-rene-corado-a-10-anos-de-su-libro-el-lustrador\/\" \/>\n\t<meta name=\"generator\" content=\"All in One SEO Pro (AIOSEO) 4.9.6.2\" \/>\n\n\t\t<link rel=\"preconnect\" href=\"https:\/\/fonts.googleapis.com\" crossorigin>\n<link rel=\"preconnect\" href=\"https:\/\/fonts.gstatic.com\" crossorigin>\n\t\t<meta property=\"og:locale\" content=\"es_ES\" \/>\n\t\t<meta property=\"og:site_name\" content=\"SoyMigrante.com REVISTA \u2013 Nuestra misi\u00f3n es reconocer y dignificar al migrante.\" \/>\n\t\t<meta property=\"og:type\" content=\"article\" \/>\n\t\t<meta property=\"og:title\" content=\"Bi\u00f3logo migrante Ren\u00e9 Corado celebra 10 a\u00f1os de El Lustrador\" \/>\n\t\t<meta property=\"og:description\" content=\"\u00bfC\u00f3mo ha cambiado la vida del bi\u00f3logo migrante guatemalteco Ren\u00e9 Corado a 10 a\u00f1os del lanzamiento de su libro El Lustrador? Esa y otras preguntas responde aqu\u00ed\" \/>\n\t\t<meta property=\"og:url\" content=\"https:\/\/soymigrante.com\/revista\/como-ha-cambiado-la-vida-del-biologo-migrante-rene-corado-a-10-anos-de-su-libro-el-lustrador\/\" \/>\n\t\t<meta property=\"og:image\" content=\"https:\/\/soymigrante.com\/revista\/wp-content\/uploads\/2025\/01\/rene-corado-el-lustrador.webp\" \/>\n\t\t<meta property=\"og:image:secure_url\" content=\"https:\/\/soymigrante.com\/revista\/wp-content\/uploads\/2025\/01\/rene-corado-el-lustrador.webp\" \/>\n\t\t<meta property=\"og:image:width\" content=\"1305\" \/>\n\t\t<meta property=\"og:image:height\" content=\"1305\" \/>\n\t\t<meta property=\"article:published_time\" content=\"2025-01-23T15:58:27+00:00\" \/>\n\t\t<meta property=\"article:modified_time\" content=\"2025-01-23T15:58:29+00:00\" \/>\n\t\t<meta property=\"article:publisher\" content=\"https:\/\/www.facebook.com\/soymigrantecom\" \/>\n\t\t<meta name=\"twitter:card\" content=\"summary_large_image\" \/>\n\t\t<meta name=\"twitter:site\" content=\"@SoyMigrante_com\" \/>\n\t\t<meta name=\"twitter:title\" content=\"Bi\u00f3logo migrante Ren\u00e9 Corado celebra 10 a\u00f1os de El Lustrador\" \/>\n\t\t<meta name=\"twitter:description\" content=\"\u00bfC\u00f3mo ha cambiado la vida del bi\u00f3logo migrante guatemalteco Ren\u00e9 Corado a 10 a\u00f1os del lanzamiento de su libro El Lustrador? Esa y otras preguntas responde aqu\u00ed\" \/>\n\t\t<meta name=\"twitter:creator\" content=\"@SoyMigrante_com\" \/>\n\t\t<meta name=\"twitter:image\" content=\"https:\/\/soymigrante.com\/revista\/wp-content\/uploads\/2025\/01\/rene-corado-el-lustrador.webp\" \/>\n\t\t<!-- All in One SEO Pro -->\r\n\t\t<title>Bi\u00f3logo migrante Ren\u00e9 Corado celebra 10 a\u00f1os de El Lustrador<\/title>\n\n","aioseo_head_json":{"title":"Bi\u00f3logo migrante Ren\u00e9 Corado celebra 10 a\u00f1os de El Lustrador","description":"\u00bfC\u00f3mo ha cambiado la vida del bi\u00f3logo migrante guatemalteco Ren\u00e9 Corado a 10 a\u00f1os del lanzamiento de su libro El Lustrador? Esa y otras preguntas responde aqu\u00ed","canonical_url":"https:\/\/soymigrante.com\/revista\/como-ha-cambiado-la-vida-del-biologo-migrante-rene-corado-a-10-anos-de-su-libro-el-lustrador\/","robots":"max-snippet:-1, max-image-preview:large, max-video-preview:-1","keywords":"","webmasterTools":{"miscellaneous":"&lt;link rel=\"preconnect\" href=\"https:\/\/fonts.googleapis.com\" crossorigin&gt;\n&lt;link rel=\"preconnect\" href=\"https:\/\/fonts.gstatic.com\" crossorigin&gt;"},"schema":null,"og:locale":"es_ES","og:site_name":"SoyMigrante.com REVISTA \u2013 Nuestra misi\u00f3n es reconocer y dignificar al migrante.","og:type":"article","og:title":"Bi\u00f3logo migrante Ren\u00e9 Corado celebra 10 a\u00f1os de El Lustrador","og:description":"\u00bfC\u00f3mo ha cambiado la vida del bi\u00f3logo migrante guatemalteco Ren\u00e9 Corado a 10 a\u00f1os del lanzamiento de su libro El Lustrador? Esa y otras preguntas responde aqu\u00ed","og:url":"https:\/\/soymigrante.com\/revista\/como-ha-cambiado-la-vida-del-biologo-migrante-rene-corado-a-10-anos-de-su-libro-el-lustrador\/","og:image":"https:\/\/soymigrante.com\/revista\/wp-content\/uploads\/2025\/01\/rene-corado-el-lustrador.webp","og:image:secure_url":"https:\/\/soymigrante.com\/revista\/wp-content\/uploads\/2025\/01\/rene-corado-el-lustrador.webp","og:image:width":1305,"og:image:height":1305,"article:published_time":"2025-01-23T15:58:27+00:00","article:modified_time":"2025-01-23T15:58:29+00:00","article:publisher":"https:\/\/www.facebook.com\/soymigrantecom","twitter:card":"summary_large_image","twitter:site":"@SoyMigrante_com","twitter:title":"Bi\u00f3logo migrante Ren\u00e9 Corado celebra 10 a\u00f1os de El Lustrador","twitter:description":"\u00bfC\u00f3mo ha cambiado la vida del bi\u00f3logo migrante guatemalteco Ren\u00e9 Corado a 10 a\u00f1os del lanzamiento de su libro El Lustrador? Esa y otras preguntas responde aqu\u00ed","twitter:creator":"@SoyMigrante_com","twitter:image":"https:\/\/soymigrante.com\/revista\/wp-content\/uploads\/2025\/01\/rene-corado-el-lustrador.webp"},"aioseo_meta_data":{"post_id":"38577","title":"Coraz\u00f3n migrante late por Guatemala desde Los Angeles","description":"Desde Los \u00c1ngeles, el migrante guatemalteco Fredy Aroldo L\u00f3pez aporta proyectos de salud, nutrici\u00f3n y educaci\u00f3n en Gual\u00e1n, Zacapa a trav\u00e9s de Acci\u00f3n con Amor","keywords":null,"keyphrases":{"focus":{"keyphrase":"Migrante","score":69,"analysis":{"keyphraseInTitle":{"score":9,"maxScore":9,"error":0},"keyphraseInDescription":{"score":9,"maxScore":9,"error":0},"keyphraseLength":{"score":9,"maxScore":9,"error":0,"length":1},"keyphraseInURL":{"score":5,"maxScore":5,"error":0},"keyphraseInIntroduction":{"score":3,"maxScore":9,"error":1},"keyphraseInSubHeadings":{"score":3,"maxScore":9,"error":1},"keyphraseInImageAlt":{"score":9,"maxScore":9,"error":0},"keywordDensity":{"score":0,"type":"low","maxScore":9,"error":1}}},"additional":[{"keyphrase":"Guatemalteco","score":67,"analysis":{"keyphraseInDescription":{"score":9,"maxScore":9,"error":0},"keyphraseLength":{"score":9,"maxScore":9,"error":0,"length":1},"keyphraseInIntroduction":{"score":3,"maxScore":9,"error":1},"keyphraseInImageAlt":{"score":9,"maxScore":9,"error":0},"keywordDensity":{"score":0,"type":"low","maxScore":9,"error":1}}},{"keyphrase":"Gual\u00e1n","score":87,"analysis":{"keyphraseInDescription":{"score":9,"maxScore":9,"error":0},"keyphraseLength":{"score":9,"maxScore":9,"error":0,"length":2},"keyphraseInIntroduction":{"score":3,"maxScore":9,"error":1},"keyphraseInImageAlt":{"score":9,"maxScore":9,"error":0},"keywordDensity":{"type":"best","score":9,"maxScore":9,"error":0}}},{"keyphrase":"Los angeles","score":67,"analysis":{"keyphraseInDescription":{"score":3,"maxScore":9,"error":1},"keyphraseLength":{"score":9,"maxScore":9,"error":0,"length":2},"keyphraseInIntroduction":{"score":9,"maxScore":9,"error":0},"keyphraseInImageAlt":{"score":9,"maxScore":9,"error":0},"keywordDensity":{"score":0,"type":"low","maxScore":9,"error":1}}},{"keyphrase":"Los Angeles","score":67,"analysis":{"keyphraseInDescription":{"score":3,"maxScore":9,"error":1},"keyphraseLength":{"score":9,"maxScore":9,"error":0,"length":2},"keyphraseInIntroduction":{"score":9,"maxScore":9,"error":0},"keyphraseInImageAlt":{"score":9,"maxScore":9,"error":0},"keywordDensity":{"score":0,"type":"low","maxScore":9,"error":1}}},{"keyphrase":"Guatemala","score":40,"analysis":{"keyphraseInDescription":{"score":3,"maxScore":9,"error":1},"keyphraseLength":{"score":9,"maxScore":9,"error":0,"length":1},"keyphraseInIntroduction":{"score":3,"maxScore":9,"error":1},"keyphraseInImageAlt":{"score":3,"maxScore":9,"error":1},"keywordDensity":{"score":0,"type":"low","maxScore":9,"error":1}}},{"keyphrase":"Coraz\u00f3n","score":53,"analysis":{"keyphraseInDescription":{"score":3,"maxScore":9,"error":1},"keyphraseLength":{"score":9,"maxScore":9,"error":0,"length":2},"keyphraseInIntroduction":{"score":9,"maxScore":9,"error":0},"keyphraseInImageAlt":{"score":3,"maxScore":9,"error":1},"keywordDensity":{"score":0,"type":"low","maxScore":9,"error":1}}}]},"primary_term":null,"canonical_url":null,"og_title":null,"og_description":null,"og_object_type":"default","og_image_type":"default","og_image_url":null,"og_image_width":null,"og_image_height":null,"og_image_custom_url":null,"og_image_custom_fields":null,"og_video":"","og_custom_url":null,"og_article_section":null,"og_article_tags":null,"twitter_use_og":false,"twitter_card":"default","twitter_image_type":"default","twitter_image_url":null,"twitter_image_custom_url":null,"twitter_image_custom_fields":null,"twitter_title":null,"twitter_description":null,"schema":{"blockGraphs":[],"customGraphs":[],"default":{"data":{"Article":[],"Course":[],"Dataset":[],"FAQPage":[],"Movie":[],"Person":[],"Product":[],"ProductReview":[],"Car":[],"Recipe":[],"Service":[],"SoftwareApplication":[],"WebPage":[]},"graphName":"none","isEnabled":true},"graphs":[]},"schema_type":"default","schema_type_options":null,"pillar_content":false,"robots_default":true,"robots_noindex":false,"robots_noarchive":false,"robots_nosnippet":false,"robots_nofollow":false,"robots_noimageindex":false,"robots_noodp":false,"robots_notranslate":false,"robots_max_snippet":"-1","robots_max_videopreview":"-1","robots_max_imagepreview":"large","priority":null,"frequency":"default","local_seo":null,"seo_analyzer_scan_date":"2025-10-09 06:36:30","breadcrumb_settings":null,"limit_modified_date":false,"reviewed_by":"0","open_ai":null,"ai":{"faqs":[],"keyPoints":[],"titles":[],"descriptions":[],"socialPosts":{"email":[],"linkedin":[],"twitter":[],"facebook":[],"instagram":[]}},"created":"2025-07-07 17:20:50","updated":"2026-02-05 02:49:48"},"aioseo_breadcrumb":"<div class=\"aioseo-breadcrumbs\"><span class=\"aioseo-breadcrumb\">\n\t<a href=\"https:\/\/soymigrante.com\/revista\" title=\"Home\">Home<\/a>\n<\/span><span class=\"aioseo-breadcrumb-separator\">\u00bb<\/span><span class=\"aioseo-breadcrumb\">\n\t<a href=\"https:\/\/soymigrante.com\/revista\/category\/exitos\/\" title=\"\u00c9xitos\">\u00c9xitos<\/a>\n<\/span><span class=\"aioseo-breadcrumb-separator\">\u00bb<\/span><span class=\"aioseo-breadcrumb\">\n\t<a href=\"https:\/\/soymigrante.com\/revista\/category\/exitos\/guatemala\/\" title=\"Guatemala\">Guatemala<\/a>\n<\/span><span class=\"aioseo-breadcrumb-separator\">\u00bb<\/span><span class=\"aioseo-breadcrumb\">\n\tEl coraz\u00f3n del migrante Fredy Aroldo L\u00f3pez late por Gual\u00e1n desde Los Angeles\n<\/span><\/div>","aioseo_breadcrumb_json":[{"label":"Home","link":"https:\/\/soymigrante.com\/revista"},{"label":"\u00c9xitos","link":"https:\/\/soymigrante.com\/revista\/category\/exitos\/"},{"label":"Guatemala","link":"https:\/\/soymigrante.com\/revista\/category\/exitos\/guatemala\/"},{"label":"El coraz\u00f3n del migrante Fredy Aroldo L\u00f3pez late por Gual\u00e1n desde Los Angeles","link":"https:\/\/soymigrante.com\/revista\/migrante-guatemalteco-fredy-lopez-los-angeles-gualan-accion-con-amor\/"}],"_links":{"self":[{"href":"https:\/\/soymigrante.com\/revista\/wp-json\/wp\/v2\/posts\/38577","targetHints":{"allow":["GET"]}}],"collection":[{"href":"https:\/\/soymigrante.com\/revista\/wp-json\/wp\/v2\/posts"}],"about":[{"href":"https:\/\/soymigrante.com\/revista\/wp-json\/wp\/v2\/types\/post"}],"author":[{"embeddable":true,"href":"https:\/\/soymigrante.com\/revista\/wp-json\/wp\/v2\/users\/7"}],"replies":[{"embeddable":true,"href":"https:\/\/soymigrante.com\/revista\/wp-json\/wp\/v2\/comments?post=38577"}],"version-history":[{"count":31,"href":"https:\/\/soymigrante.com\/revista\/wp-json\/wp\/v2\/posts\/38577\/revisions"}],"predecessor-version":[{"id":46673,"href":"https:\/\/soymigrante.com\/revista\/wp-json\/wp\/v2\/posts\/38577\/revisions\/46673"}],"wp:featuredmedia":[{"embeddable":true,"href":"https:\/\/soymigrante.com\/revista\/wp-json\/wp\/v2\/media\/38600"}],"wp:attachment":[{"href":"https:\/\/soymigrante.com\/revista\/wp-json\/wp\/v2\/media?parent=38577"}],"wp:term":[{"taxonomy":"category","embeddable":true,"href":"https:\/\/soymigrante.com\/revista\/wp-json\/wp\/v2\/categories?post=38577"},{"taxonomy":"post_tag","embeddable":true,"href":"https:\/\/soymigrante.com\/revista\/wp-json\/wp\/v2\/tags?post=38577"}],"curies":[{"name":"wp","href":"https:\/\/api.w.org\/{rel}","templated":true}]}}