{"id":38544,"date":"2025-07-05T14:02:39","date_gmt":"2025-07-05T20:02:39","guid":{"rendered":"https:\/\/soymigrante.com\/revista\/?p=38544"},"modified":"2025-07-05T14:22:22","modified_gmt":"2025-07-05T20:22:22","slug":"remesas-migrantes-reducen-pobreza-guatemala-efectos-desarrollo","status":"publish","type":"post","link":"https:\/\/soymigrante.com\/revista\/remesas-migrantes-reducen-pobreza-guatemala-efectos-desarrollo\/","title":{"rendered":"Estudio se\u00f1ala que las remesas migrantes s\u00ed reducen la pobreza, aunque\u2026"},"content":{"rendered":"\t\t<div data-elementor-type=\"wp-post\" data-elementor-id=\"38544\" class=\"elementor elementor-38544\" data-elementor-post-type=\"post\">\n\t\t\t\t<div data-particle_enable=\"false\" data-particle-mobile-disabled=\"false\" class=\"elementor-element elementor-element-b4fbae1 e-flex e-con-boxed e-con e-parent\" data-id=\"b4fbae1\" data-element_type=\"container\" data-e-type=\"container\">\n\t\t\t\t\t<div class=\"e-con-inner\">\n\t\t\t\t<div class=\"elementor-element elementor-element-dd8de6c elementor-widget elementor-widget-heading\" data-id=\"dd8de6c\" data-element_type=\"widget\" data-e-type=\"widget\" data-widget_type=\"heading.default\">\n\t\t\t\t\t<h2 class=\"elementor-heading-title elementor-size-default\"><span style=\"font-size: 31.2px\">Env\u00edo de remesas migrantes a Guatemala mejora condiciones de vida en hogares y municipios, se\u00f1alan investigadores de Guatemala y Estados Unidos, pero no es un fen\u00f3meno sostenible si no se impulsa desarrollo.<br><\/span><\/h2>\t\t\t\t<\/div>\n\t\t\t\t\t<\/div>\n\t\t\t\t<\/div>\n\t\t<div data-particle_enable=\"false\" data-particle-mobile-disabled=\"false\" class=\"elementor-element elementor-element-0a1777a e-flex e-con-boxed e-con e-parent\" data-id=\"0a1777a\" data-element_type=\"container\" data-e-type=\"container\">\n\t\t\t\t\t<div class=\"e-con-inner\">\n\t\t\t\t<div class=\"elementor-element elementor-element-deb8db4 elementor-widget elementor-widget-text-editor\" data-id=\"deb8db4\" data-element_type=\"widget\" data-e-type=\"widget\" data-widget_type=\"text-editor.default\">\n\t\t\t\t\t\t\t\t\t<p>&#8220;Las remesas tienen un efecto significativo y marcado en la reducci\u00f3n de pobreza, en t\u00e9rminos de mejora del nivel de las necesidades b\u00e1sicas de la poblaci\u00f3n&#8221;, es una de las conclusiones de un estudio elaborado por el economista guatemalteco Guillermo D\u00edaz y la acad\u00e9mica estadounidense Natalie Burg.<\/p><p>Dicho an\u00e1lisis econ\u00f3mico y estadistico, titulado <a href=\"https:\/\/www.apostadigital.com\/revistav3\/hemeroteca\/godiaz2.pdf\">Impacto de las remesas en la reducci\u00f3n de la pobreza a nivel territorial en Guatemala<\/a> se public\u00f3 en 2024 con base en estad\u00edsticas desde el a\u00f1o 2000. Los expertos afirman que los env\u00edos de dinero de migrantes guatemaltecos desde Estados Unidos tienen un mayor impacto que la inversi\u00f3n p\u00fablica estatal, la mejora educativa o el empleo formal, pero no son un fen\u00f3meno sostenible a largo plazo si no hay mejoras de pol\u00edtica de desarrollo en Guatemala.<\/p><p>Esta conclusi\u00f3n es importante si se toma en cuenta la pol\u00edtica antimigrantes actual en Estados Unidos, la reducci\u00f3n de flujo de migrantes y la posibilidad de reducci\u00f3n a futuro en el flujo de remesas, que en <a href=\"https:\/\/soymigrante.com\/revista\/remesas-migrantes-superan-us12-mil-millones-en-primera-mitad-de-2025\/\">este 2025 sigue marcando cifras r\u00e9cord.<\/a><\/p>\t\t\t\t\t\t\t\t<\/div>\n\t\t\t\t\t<\/div>\n\t\t\t\t<\/div>\n\t\t<div data-particle_enable=\"false\" data-particle-mobile-disabled=\"false\" class=\"elementor-element elementor-element-b1224eb e-flex e-con-boxed e-con e-parent\" data-id=\"b1224eb\" data-element_type=\"container\" data-e-type=\"container\">\n\t\t\t\t\t<div class=\"e-con-inner\">\n\t\t\t\t<div class=\"elementor-element elementor-element-454a63d elementor-grid-eael-col-1 elementor-grid-tablet-eael-col-2 elementor-grid-mobile-eael-col-1 elementor-invisible elementor-widget elementor-widget-eael-post-grid\" data-id=\"454a63d\" data-element_type=\"widget\" data-e-type=\"widget\" data-settings=\"{&quot;eael_post_grid_columns&quot;:&quot;eael-col-1&quot;,&quot;_animation&quot;:&quot;rollIn&quot;,&quot;eael_post_grid_columns_tablet&quot;:&quot;eael-col-2&quot;,&quot;eael_post_grid_columns_mobile&quot;:&quot;eael-col-1&quot;}\" data-widget_type=\"eael-post-grid.default\">\n\t\t\t\t\t<div id=\"eael-post-grid-454a63d\" class=\"eael-post-grid-container\">\n            <div class=\"eael-post-grid eael-post-appender eael-post-appender-454a63d eael-post-grid-style-two\" data-layout-mode=\"masonry\"><article class=\"eael-grid-post  eael-post-grid-column eael-pg-post-38529 category-estamos-unidos tags-remesas-migrantes\" data-id=\"38529\">\n    <div class=\"eael-grid-post-holder\">\n        <div class=\"eael-grid-post-holder-inner\"><div class=\"eael-entry-media\"><div class=\"eael-entry-overlay fade-in\"><i class=\"far fa-hand-pointer\" aria-hidden=\"true\"><\/i><a href=\"https:\/\/soymigrante.com\/revista\/remesas-migrantes-superan-us12-mil-millones-en-primera-mitad-de-2025\/\"><\/a><\/div><div class=\"eael-entry-thumbnail eael-image-ratio\">\n                            <img fetchpriority=\"high\" decoding=\"async\" width=\"1024\" height=\"1024\" src=\"https:\/\/soymigrante.com\/revista\/wp-content\/uploads\/2025\/07\/trabajadora-hispana-remesas-migrantes-1024x1024.jpg\" class=\"attachment-large size-large wp-image-38541\" alt=\"Trabajadora mexicana confeccionando en una f\u00e1brica, destacando la labor de las mujeres migrantes en el sector textil y de manufactura en M\u00e9xico.\" srcset=\"https:\/\/soymigrante.com\/revista\/wp-content\/uploads\/2025\/07\/trabajadora-hispana-remesas-migrantes-1024x1024.jpg 1024w, https:\/\/soymigrante.com\/revista\/wp-content\/uploads\/2025\/07\/trabajadora-hispana-remesas-migrantes-300x300.jpg 300w, https:\/\/soymigrante.com\/revista\/wp-content\/uploads\/2025\/07\/trabajadora-hispana-remesas-migrantes-150x150.jpg 150w, https:\/\/soymigrante.com\/revista\/wp-content\/uploads\/2025\/07\/trabajadora-hispana-remesas-migrantes-768x768.jpg 768w, https:\/\/soymigrante.com\/revista\/wp-content\/uploads\/2025\/07\/trabajadora-hispana-remesas-migrantes-1536x1536.jpg 1536w, https:\/\/soymigrante.com\/revista\/wp-content\/uploads\/2025\/07\/trabajadora-hispana-remesas-migrantes-75x75.webp 75w, https:\/\/soymigrante.com\/revista\/wp-content\/uploads\/2025\/07\/trabajadora-hispana-remesas-migrantes-750x750.webp 750w, https:\/\/soymigrante.com\/revista\/wp-content\/uploads\/2025\/07\/trabajadora-hispana-remesas-migrantes-1140x1140.webp 1140w, https:\/\/soymigrante.com\/revista\/wp-content\/uploads\/2025\/07\/trabajadora-hispana-remesas-migrantes.webp 1920w\" sizes=\"(max-width: 1024px) 100vw, 1024px\" \/>\n                            <\/div>\n                    <\/div><div class=\"eael-entry-wrapper\"><header class=\"eael-entry-header\"><h2 class=\"eael-entry-title\"><a class=\"eael-grid-post-link\" href=\"https:\/\/soymigrante.com\/revista\/remesas-migrantes-superan-us12-mil-millones-en-primera-mitad-de-2025\/\" title=\"Remesas migrantes superan los US$12 mil millones a mitad de 2025\">Remesas migrantes superan los US$12 mil millones a mitad de 2025<\/a><\/h2><\/header><div class=\"eael-entry-content\">\n                                <div class=\"eael-grid-post-excerpt\"><a href=\"https:\/\/soymigrante.com\/revista\/remesas-migrantes-superan-us12-mil-millones-en-primera-mitad-de-2025\/\" class=\"eael-post-elements-readmore-btn\">CONOCE LA CIFRA EXACTA  DE JUNIO 2025 Y DE TODO EL PRIMER SEMESTRE<\/a><\/div>\n                            <\/div><\/div><\/div>\n    <\/div>\n<\/article><\/div>\n            <div class=\"clearfix\"><\/div>\n        <\/div>\t\t\t\t<\/div>\n\t\t\t\t\t<\/div>\n\t\t\t\t<\/div>\n\t\t<div data-particle_enable=\"false\" data-particle-mobile-disabled=\"false\" class=\"elementor-element elementor-element-cc113a1 e-flex e-con-boxed e-con e-parent\" data-id=\"cc113a1\" data-element_type=\"container\" data-e-type=\"container\">\n\t\t\t\t\t<div class=\"e-con-inner\">\n\t\t\t\t<div class=\"elementor-element elementor-element-259759a elementor-widget elementor-widget-heading\" data-id=\"259759a\" data-element_type=\"widget\" data-e-type=\"widget\" data-widget_type=\"heading.default\">\n\t\t\t\t\t<h3 class=\"elementor-heading-title elementor-size-default\">Remesas migrantes: factor decisivo<\/h3>\t\t\t\t<\/div>\n\t\t\t\t\t<\/div>\n\t\t\t\t<\/div>\n\t\t<div data-particle_enable=\"false\" data-particle-mobile-disabled=\"false\" class=\"elementor-element elementor-element-c16cac1 e-flex e-con-boxed e-con e-parent\" data-id=\"c16cac1\" data-element_type=\"container\" data-e-type=\"container\">\n\t\t\t\t\t<div class=\"e-con-inner\">\n\t\t\t\t<div class=\"elementor-element elementor-element-9317ee5 elementor-widget elementor-widget-text-editor\" data-id=\"9317ee5\" data-element_type=\"widget\" data-e-type=\"widget\" data-widget_type=\"text-editor.default\">\n\t\t\t\t\t\t\t\t\t<p>Las remesas son causa de mejoras en las condiciones de vida de familias receptoras: permiten un mejor acceso a la educaci\u00f3n y a la salud. &#8220;Un 25% de las personas que reciben remesas dependen en su totalidad de ellas y en 27% constituye la mitad de sus ingresos&#8221;, dice el estudio citando\u00a0<a href=\"https:\/\/soymigrante.com\/revista\/impacto-remesas-guatemala-desde-eeuu\/\" target=\"_blank\" rel=\"noopener\">la Encuesta de Remesas 2023 de la Organizaci\u00f3n Internacional de las Migraciones, OIM.<\/a><\/p><p>Al analizar datos hist\u00f3ricos Las remesas tuvieron un impacto 3 veces m\u00e1s grandes que la cobertura educativa y 10 veces m\u00e1s efectivo que la inversi\u00f3n p\u00fablica. Sin embargo, las deficiencias educativas y de inversi\u00f3n p\u00fablica, a causa de malas pol\u00edticas gubernamentales &#8220;explican en 83% el nivel de la pobreza de los municipios&#8221;, evaluados.<\/p><p>En otras palabras, las remesas contribuyen a reducir la pobreza, pero se necesitan mejores pol\u00edticas de desarrollo gubernamental para que esta reducci\u00f3n sea mayor y que no dependa del env\u00edo de d\u00f3lares desde Estados Unidos. En todo caso, las remesas han crecido\u00a0<a href=\"https:\/\/soymigrante.com\/revista\/las-remesas-son-el-vinculo-mas-tangible-del-migrante-su-familia-y-su-pais-lizbeth-gramajo-bauer-experta-en-migracion\/\" target=\"_blank\" rel=\"noopener\">por ser un v\u00ednculo tangible del migrante con su familia<\/a>, cono afirma la experta Lizbeth Gramajo, tambi\u00e9n investigadora de la Universidad Rafael Land\u00edvar.<\/p>\t\t\t\t\t\t\t\t<\/div>\n\t\t\t\t\t<\/div>\n\t\t\t\t<\/div>\n\t\t<div data-particle_enable=\"false\" data-particle-mobile-disabled=\"false\" class=\"elementor-element elementor-element-147773f e-flex e-con-boxed e-con e-parent\" data-id=\"147773f\" data-element_type=\"container\" data-e-type=\"container\">\n\t\t\t\t\t<div class=\"e-con-inner\">\n\t\t\t\t<div class=\"elementor-element elementor-element-466456f elementor-grid-eael-col-1 elementor-grid-tablet-eael-col-2 elementor-grid-mobile-eael-col-1 elementor-invisible elementor-widget elementor-widget-eael-post-grid\" data-id=\"466456f\" data-element_type=\"widget\" data-e-type=\"widget\" data-settings=\"{&quot;eael_post_grid_columns&quot;:&quot;eael-col-1&quot;,&quot;_animation&quot;:&quot;rollIn&quot;,&quot;eael_post_grid_columns_tablet&quot;:&quot;eael-col-2&quot;,&quot;eael_post_grid_columns_mobile&quot;:&quot;eael-col-1&quot;}\" data-widget_type=\"eael-post-grid.default\">\n\t\t\t\t\t<div id=\"eael-post-grid-466456f\" class=\"eael-post-grid-container\">\n            <div class=\"eael-post-grid eael-post-appender eael-post-appender-466456f eael-post-grid-style-two\" data-layout-mode=\"masonry\"><article class=\"eael-grid-post  eael-post-grid-column eael-pg-post-10038 category-editorial\" data-id=\"10038\">\n    <div class=\"eael-grid-post-holder\">\n        <div class=\"eael-grid-post-holder-inner\"><div class=\"eael-entry-media\"><div class=\"eael-entry-overlay fade-in\"><i class=\"far fa-hand-pointer\" aria-hidden=\"true\"><\/i><a href=\"https:\/\/soymigrante.com\/revista\/mercado-es-una-comunidad-digital-para-emprendedores-guatemaltecos\/\"><\/a><\/div><div class=\"eael-entry-thumbnail eael-image-ratio\">\n                            <img decoding=\"async\" width=\"823\" height=\"823\" src=\"https:\/\/soymigrante.com\/revista\/wp-content\/uploads\/2024\/10\/empren.webp\" class=\"attachment-large size-large wp-image-10041\" alt=\"Colaborador mostrando su obra art\u00edstica en una exposici\u00f3n de la revista SoyMigrante.com REVISTA en Guatemala. Destaca la cultura y el talento migrante a trav\u00e9s del arte y la fotograf\u00eda.\" srcset=\"https:\/\/soymigrante.com\/revista\/wp-content\/uploads\/2024\/10\/empren.webp 823w, https:\/\/soymigrante.com\/revista\/wp-content\/uploads\/2024\/10\/empren-300x300.webp 300w, https:\/\/soymigrante.com\/revista\/wp-content\/uploads\/2024\/10\/empren-150x150.webp 150w, https:\/\/soymigrante.com\/revista\/wp-content\/uploads\/2024\/10\/empren-768x768.webp 768w, https:\/\/soymigrante.com\/revista\/wp-content\/uploads\/2024\/10\/empren-75x75.webp 75w, https:\/\/soymigrante.com\/revista\/wp-content\/uploads\/2024\/10\/empren-750x750.webp 750w\" sizes=\"(max-width: 823px) 100vw, 823px\" \/>\n                            <\/div>\n                    <\/div><div class=\"eael-entry-wrapper\"><header class=\"eael-entry-header\"><h2 class=\"eael-entry-title\"><a class=\"eael-grid-post-link\" href=\"https:\/\/soymigrante.com\/revista\/mercado-es-una-comunidad-digital-para-emprendedores-guatemaltecos\/\" title=\"MERCADO es una comunidad digital para emprendedores guatemaltecos\">MERCADO es una comunidad digital para emprendedores guatemaltecos<\/a><\/h2><\/header><div class=\"eael-entry-content\">\n                                <div class=\"eael-grid-post-excerpt\"><a href=\"https:\/\/soymigrante.com\/revista\/mercado-es-una-comunidad-digital-para-emprendedores-guatemaltecos\/\" class=\"eael-post-elements-readmore-btn\">BUSCAMOS POTENCIAR EL DESARROLLO Y REDUCIR LA MIGRACI\u00d3N FORZADA<\/a><\/div>\n                            <\/div><\/div><\/div>\n    <\/div>\n<\/article><\/div>\n            <div class=\"clearfix\"><\/div>\n        <\/div>\t\t\t\t<\/div>\n\t\t\t\t\t<\/div>\n\t\t\t\t<\/div>\n\t\t<div data-particle_enable=\"false\" data-particle-mobile-disabled=\"false\" class=\"elementor-element elementor-element-b8a3851 e-flex e-con-boxed e-con e-parent\" data-id=\"b8a3851\" data-element_type=\"container\" data-e-type=\"container\">\n\t\t\t\t\t<div class=\"e-con-inner\">\n\t\t\t\t<div class=\"elementor-element elementor-element-fc4421d elementor-widget elementor-widget-heading\" data-id=\"fc4421d\" data-element_type=\"widget\" data-e-type=\"widget\" data-widget_type=\"heading.default\">\n\t\t\t\t\t<h3 class=\"elementor-heading-title elementor-size-default\">Migraci\u00f3n es una opci\u00f3n cada vez m\u00e1s dif\u00edcil<\/h3>\t\t\t\t<\/div>\n\t\t\t\t\t<\/div>\n\t\t\t\t<\/div>\n\t\t<div data-particle_enable=\"false\" data-particle-mobile-disabled=\"false\" class=\"elementor-element elementor-element-2deec92 e-flex e-con-boxed e-con e-parent\" data-id=\"2deec92\" data-element_type=\"container\" data-e-type=\"container\">\n\t\t\t\t\t<div class=\"e-con-inner\">\n\t\t\t\t<div class=\"elementor-element elementor-element-b0daa0d elementor-widget elementor-widget-text-editor\" data-id=\"b0daa0d\" data-element_type=\"widget\" data-e-type=\"widget\" data-widget_type=\"text-editor.default\">\n\t\t\t\t\t\t\t\t\t<p>Al analizar 140 municipios de Guatemala con una tasa de pobreza mayor al promedio del pa\u00eds, &#8220;los efectos de las remesas se hacen a\u00fan m\u00e1s fuertes. Las remesas son la variable con mayor impacto, ocasionando en este grupo de municipios una reducci\u00f3n de 4,82% en la pobreza&#8221;, dice el estudio de D\u00edaz y Burg.<\/p><p>&#8220;Las remesas llegan a ser m\u00e1s importantes que cualquier otro factor de desarrollo en los municipios con m\u00e1s poblaci\u00f3n en situaci\u00f3n de pobreza. En estos, las remesas tienen un efecto m\u00e1s de 10 veces mayor que la cobertura educativa, la variable con el segundo impacto m\u00e1s alto en los resultados. En estos casos, no solo crece la contribuci\u00f3n del efecto de las remesas, sino que los efectos de otros factores parecen debilitarse en su contribuci\u00f3n&#8221;.<\/p><p>Estos resultados demuestran &#8220;por qu\u00e9 la migraci\u00f3n a Estados Unidos <a href=\"https:\/\/soymigrante.com\/revista\/migracion-jovenes-guatemaltecos-falta-oportunidades-necesitamos-desarrollo\/\">se ha convertido en una opci\u00f3n de mejora de nivel de vida <\/a>para parte de la poblaci\u00f3n guatemalteca&#8221;, declaran los autores. Aunque a la vez este atractivo colisione actualmente con las mayores restricciones fronterizas y las pol\u00edticas de redadas implementadas por el gobierno de Donald Trump en Estados Unidos.<\/p><p>Por eso, a pesar de lo que los autores llaman &#8220;factor de atracci\u00f3n&#8221;, son muy claros al se\u00f1alar: &#8220;La sostenibilidad de dicho fen\u00f3meno (la migraci\u00f3n y env\u00edo de remesas) puede ser limitado.<\/p>\t\t\t\t\t\t\t\t<\/div>\n\t\t\t\t\t<\/div>\n\t\t\t\t<\/div>\n\t\t<div data-particle_enable=\"false\" data-particle-mobile-disabled=\"false\" class=\"elementor-element elementor-element-75ecbbe e-flex e-con-boxed e-con e-parent\" data-id=\"75ecbbe\" data-element_type=\"container\" data-e-type=\"container\">\n\t\t\t\t\t<div class=\"e-con-inner\">\n\t\t\t\t<div class=\"elementor-element elementor-element-4fae8f2 elementor-grid-eael-col-1 elementor-grid-tablet-eael-col-2 elementor-grid-mobile-eael-col-1 elementor-invisible elementor-widget elementor-widget-eael-post-grid\" data-id=\"4fae8f2\" data-element_type=\"widget\" data-e-type=\"widget\" data-settings=\"{&quot;eael_post_grid_columns&quot;:&quot;eael-col-1&quot;,&quot;_animation&quot;:&quot;rollIn&quot;,&quot;eael_post_grid_columns_tablet&quot;:&quot;eael-col-2&quot;,&quot;eael_post_grid_columns_mobile&quot;:&quot;eael-col-1&quot;}\" data-widget_type=\"eael-post-grid.default\">\n\t\t\t\t\t<div id=\"eael-post-grid-4fae8f2\" class=\"eael-post-grid-container\">\n            <div class=\"eael-post-grid eael-post-appender eael-post-appender-4fae8f2 eael-post-grid-style-two\" data-layout-mode=\"masonry\"><article class=\"eael-grid-post  eael-post-grid-column eael-pg-post-4301 category-estamos-unidos tags-remesas-migrantes\" data-id=\"4301\">\n    <div class=\"eael-grid-post-holder\">\n        <div class=\"eael-grid-post-holder-inner\"><div class=\"eael-entry-media\"><div class=\"eael-entry-overlay fade-in\"><i class=\"far fa-hand-pointer\" aria-hidden=\"true\"><\/i><a href=\"https:\/\/soymigrante.com\/revista\/remesas-migrantes-cifra-record-guatemala-economia-dependenc\/\"><\/a><\/div><div class=\"eael-entry-thumbnail eael-image-ratio\">\n                            <img decoding=\"async\" width=\"1024\" height=\"555\" src=\"https:\/\/soymigrante.com\/revista\/wp-content\/uploads\/2024\/01\/Captura-de-pantalla-2024-01-09-112350-1024x555.webp\" class=\"attachment-large size-large wp-image-4302\" alt=\"\" srcset=\"https:\/\/soymigrante.com\/revista\/wp-content\/uploads\/2024\/01\/Captura-de-pantalla-2024-01-09-112350-1024x555.webp 1024w, https:\/\/soymigrante.com\/revista\/wp-content\/uploads\/2024\/01\/Captura-de-pantalla-2024-01-09-112350-300x163.webp 300w, https:\/\/soymigrante.com\/revista\/wp-content\/uploads\/2024\/01\/Captura-de-pantalla-2024-01-09-112350-768x416.webp 768w, https:\/\/soymigrante.com\/revista\/wp-content\/uploads\/2024\/01\/Captura-de-pantalla-2024-01-09-112350-750x406.webp 750w, https:\/\/soymigrante.com\/revista\/wp-content\/uploads\/2024\/01\/Captura-de-pantalla-2024-01-09-112350-1140x618.webp 1140w, https:\/\/soymigrante.com\/revista\/wp-content\/uploads\/2024\/01\/Captura-de-pantalla-2024-01-09-112350.webp 1451w\" sizes=\"(max-width: 1024px) 100vw, 1024px\" \/>\n                            <\/div>\n                    <\/div><div class=\"eael-entry-wrapper\"><header class=\"eael-entry-header\"><h2 class=\"eael-entry-title\"><a class=\"eael-grid-post-link\" href=\"https:\/\/soymigrante.com\/revista\/remesas-migrantes-cifra-record-guatemala-economia-dependenc\/\" title=\"An\u00e1lisis: Econom\u00eda guatemalteca depende cada vez m\u00e1s de remesas migrantes\">An\u00e1lisis: Econom\u00eda guatemalteca depende cada vez m\u00e1s de remesas migrantes<\/a><\/h2><\/header><div class=\"eael-entry-content\">\n                                <div class=\"eael-grid-post-excerpt\"><a href=\"https:\/\/soymigrante.com\/revista\/remesas-migrantes-cifra-record-guatemala-economia-dependenc\/\" class=\"eael-post-elements-readmore-btn\">CONOCE M\u00c1S SOBRE ESTA REALIDAD<\/a><\/div>\n                            <\/div><\/div><\/div>\n    <\/div>\n<\/article><\/div>\n            <div class=\"clearfix\"><\/div>\n        <\/div>\t\t\t\t<\/div>\n\t\t\t\t\t<\/div>\n\t\t\t\t<\/div>\n\t\t<div data-particle_enable=\"false\" data-particle-mobile-disabled=\"false\" class=\"elementor-element elementor-element-8b9f5bc e-flex e-con-boxed e-con e-parent\" data-id=\"8b9f5bc\" data-element_type=\"container\" data-e-type=\"container\">\n\t\t\t\t\t<div class=\"e-con-inner\">\n\t\t\t\t<div class=\"elementor-element elementor-element-706b628 elementor-widget elementor-widget-heading\" data-id=\"706b628\" data-element_type=\"widget\" data-e-type=\"widget\" data-widget_type=\"heading.default\">\n\t\t\t\t\t<h3 class=\"elementor-heading-title elementor-size-default\">Destino de las remesas<\/h3>\t\t\t\t<\/div>\n\t\t\t\t\t<\/div>\n\t\t\t\t<\/div>\n\t\t<div data-particle_enable=\"false\" data-particle-mobile-disabled=\"false\" class=\"elementor-element elementor-element-ec657e1 e-flex e-con-boxed e-con e-parent\" data-id=\"ec657e1\" data-element_type=\"container\" data-e-type=\"container\">\n\t\t\t\t\t<div class=\"e-con-inner\">\n\t\t\t\t<div class=\"elementor-element elementor-element-cfe940f elementor-widget elementor-widget-text-editor\" data-id=\"cfe940f\" data-element_type=\"widget\" data-e-type=\"widget\" data-widget_type=\"text-editor.default\">\n\t\t\t\t\t\t\t\t\t<p>La Encuesta de Remesas de la Organizaci\u00f3n Internacional de las Migraciones brinda un panorama de los usos que tienen los env\u00edos de recursos de <a href=\"https:\/\/soymigrante.com\/revista\/editorial-la-guatemala-migrante-trabaja-aporta-ama-y-vuela-alto\/\">migrantes guatemaltecos<\/a>. Pero el estudio de D\u00edaz y Burg tambi\u00e9n cita datos interesantes de la encuesta realizada por World Vision en 2020 con 386 familias receptoras de remesas de varias regiones de Guatemala, acerca del uso que le dan a las remesas, reflej\u00f3 esa mejora de calidad debida.<\/p><p>Los porcentajes no se excluyen entre s\u00ed, es decir se combinan entre s\u00ed, pero son reveladores de\u00a0 prioridades de los hogares guatemaltecos. receptores de remesas.<\/p>\t\t\t\t\t\t\t\t<\/div>\n\t\t\t\t\t<\/div>\n\t\t\t\t<\/div>\n\t\t<div data-particle_enable=\"false\" data-particle-mobile-disabled=\"false\" class=\"elementor-element elementor-element-978533a e-flex e-con-boxed e-con e-parent\" data-id=\"978533a\" data-element_type=\"container\" data-e-type=\"container\">\n\t\t\t\t\t<div class=\"e-con-inner\">\n\t\t\t\t<div class=\"elementor-element elementor-element-c5db4a2 elementor-widget elementor-widget-progress\" data-id=\"c5db4a2\" data-element_type=\"widget\" data-e-type=\"widget\" data-widget_type=\"progress.default\">\n\t\t\t\t\t\t\t\t<span class=\"elementor-title\" id=\"elementor-progress-bar-c5db4a2\">\n\t\t\t\t Usos que hogares guatemaltecos dan a las remesas migrantes\t\t\t<\/span>\n\t\t\n\t\t<div aria-labelledby=\"elementor-progress-bar-c5db4a2\" class=\"elementor-progress-wrapper\" role=\"progressbar\" aria-valuemin=\"0\" aria-valuemax=\"100\" aria-valuenow=\"63\" aria-valuetext=\"63% (Compra de alimentos y servicios b\u00e1sicos)\">\n\t\t\t<div class=\"elementor-progress-bar\" data-max=\"63\">\n\t\t\t\t<span class=\"elementor-progress-text\">Compra de alimentos y servicios b\u00e1sicos<\/span>\n\t\t\t\t\t\t\t\t\t<span class=\"elementor-progress-percentage\">63%<\/span>\n\t\t\t\t\t\t\t<\/div>\n\t\t<\/div>\n\t\t\t\t\t\t<\/div>\n\t\t\t\t\t<\/div>\n\t\t\t\t<\/div>\n\t\t<div data-particle_enable=\"false\" data-particle-mobile-disabled=\"false\" class=\"elementor-element elementor-element-968391f e-flex e-con-boxed e-con e-parent\" data-id=\"968391f\" data-element_type=\"container\" data-e-type=\"container\">\n\t\t\t\t\t<div class=\"e-con-inner\">\n\t\t\t\t<div class=\"elementor-element elementor-element-5a9212f elementor-widget elementor-widget-progress\" data-id=\"5a9212f\" data-element_type=\"widget\" data-e-type=\"widget\" data-widget_type=\"progress.default\">\n\t\t\t\t\t\t\t\t<span class=\"elementor-title\" id=\"elementor-progress-bar-5a9212f\">\n\t\t\t\t \t\t\t<\/span>\n\t\t\n\t\t<div aria-labelledby=\"elementor-progress-bar-5a9212f\" class=\"elementor-progress-wrapper\" role=\"progressbar\" aria-valuemin=\"0\" aria-valuemax=\"100\" aria-valuenow=\"58\" aria-valuetext=\"58% (Mejora de vivienda, reparaciones o ampliaciones)\">\n\t\t\t<div class=\"elementor-progress-bar\" data-max=\"58\">\n\t\t\t\t<span class=\"elementor-progress-text\">Mejora de vivienda, reparaciones o ampliaciones<\/span>\n\t\t\t\t\t\t\t\t\t<span class=\"elementor-progress-percentage\">58%<\/span>\n\t\t\t\t\t\t\t<\/div>\n\t\t<\/div>\n\t\t\t\t\t\t<\/div>\n\t\t\t\t\t<\/div>\n\t\t\t\t<\/div>\n\t\t<div data-particle_enable=\"false\" data-particle-mobile-disabled=\"false\" class=\"elementor-element elementor-element-a1b19c4 e-flex e-con-boxed e-con e-parent\" data-id=\"a1b19c4\" data-element_type=\"container\" data-e-type=\"container\">\n\t\t\t\t\t<div class=\"e-con-inner\">\n\t\t\t\t<div class=\"elementor-element elementor-element-f644e88 elementor-widget elementor-widget-progress\" data-id=\"f644e88\" data-element_type=\"widget\" data-e-type=\"widget\" data-widget_type=\"progress.default\">\n\t\t\t\t\t\t\t\t<span class=\"elementor-title\" id=\"elementor-progress-bar-f644e88\">\n\t\t\t\t \t\t\t<\/span>\n\t\t\n\t\t<div aria-labelledby=\"elementor-progress-bar-f644e88\" class=\"elementor-progress-wrapper\" role=\"progressbar\" aria-valuemin=\"0\" aria-valuemax=\"100\" aria-valuenow=\"55\" aria-valuetext=\"55% (Compra de propiedades)\">\n\t\t\t<div class=\"elementor-progress-bar\" data-max=\"55\">\n\t\t\t\t<span class=\"elementor-progress-text\">Compra de propiedades<\/span>\n\t\t\t\t\t\t\t\t\t<span class=\"elementor-progress-percentage\">55%<\/span>\n\t\t\t\t\t\t\t<\/div>\n\t\t<\/div>\n\t\t\t\t\t\t<\/div>\n\t\t\t\t\t<\/div>\n\t\t\t\t<\/div>\n\t\t<div data-particle_enable=\"false\" data-particle-mobile-disabled=\"false\" class=\"elementor-element elementor-element-f998342 e-flex e-con-boxed e-con e-parent\" data-id=\"f998342\" data-element_type=\"container\" data-e-type=\"container\">\n\t\t\t\t\t<div class=\"e-con-inner\">\n\t\t\t\t<div class=\"elementor-element elementor-element-e89c346 elementor-widget elementor-widget-progress\" data-id=\"e89c346\" data-element_type=\"widget\" data-e-type=\"widget\" data-widget_type=\"progress.default\">\n\t\t\t\t\t\t\t\t<span class=\"elementor-title\" id=\"elementor-progress-bar-e89c346\">\n\t\t\t\t \t\t\t<\/span>\n\t\t\n\t\t<div aria-labelledby=\"elementor-progress-bar-e89c346\" class=\"elementor-progress-wrapper\" role=\"progressbar\" aria-valuemin=\"0\" aria-valuemax=\"100\" aria-valuenow=\"53\" aria-valuetext=\"53% (Compra de muebles o aparatos para el hogar)\">\n\t\t\t<div class=\"elementor-progress-bar\" data-max=\"53\">\n\t\t\t\t<span class=\"elementor-progress-text\">Compra de muebles o aparatos para el hogar<\/span>\n\t\t\t\t\t\t\t\t\t<span class=\"elementor-progress-percentage\">53%<\/span>\n\t\t\t\t\t\t\t<\/div>\n\t\t<\/div>\n\t\t\t\t\t\t<\/div>\n\t\t\t\t\t<\/div>\n\t\t\t\t<\/div>\n\t\t<div data-particle_enable=\"false\" data-particle-mobile-disabled=\"false\" class=\"elementor-element elementor-element-1ee4db6 e-flex e-con-boxed e-con e-parent\" data-id=\"1ee4db6\" data-element_type=\"container\" data-e-type=\"container\">\n\t\t\t\t\t<div class=\"e-con-inner\">\n\t\t\t\t<div class=\"elementor-element elementor-element-2c1207f elementor-widget elementor-widget-progress\" data-id=\"2c1207f\" data-element_type=\"widget\" data-e-type=\"widget\" data-widget_type=\"progress.default\">\n\t\t\t\t\t\t\t\t<span class=\"elementor-title\" id=\"elementor-progress-bar-2c1207f\">\n\t\t\t\t \t\t\t<\/span>\n\t\t\n\t\t<div aria-labelledby=\"elementor-progress-bar-2c1207f\" class=\"elementor-progress-wrapper\" role=\"progressbar\" aria-valuemin=\"0\" aria-valuemax=\"100\" aria-valuenow=\"52\" aria-valuetext=\"52% (Compra de medicamentos o servicios m\u00e9dicos)\">\n\t\t\t<div class=\"elementor-progress-bar\" data-max=\"52\">\n\t\t\t\t<span class=\"elementor-progress-text\">Compra de medicamentos o servicios m\u00e9dicos<\/span>\n\t\t\t\t\t\t\t\t\t<span class=\"elementor-progress-percentage\">52%<\/span>\n\t\t\t\t\t\t\t<\/div>\n\t\t<\/div>\n\t\t\t\t\t\t<\/div>\n\t\t\t\t\t<\/div>\n\t\t\t\t<\/div>\n\t\t<div data-particle_enable=\"false\" data-particle-mobile-disabled=\"false\" class=\"elementor-element elementor-element-887f626 e-flex e-con-boxed e-con e-parent\" data-id=\"887f626\" data-element_type=\"container\" data-e-type=\"container\">\n\t\t\t\t\t<div class=\"e-con-inner\">\n\t\t\t\t<div class=\"elementor-element elementor-element-2b44457 elementor-widget elementor-widget-progress\" data-id=\"2b44457\" data-element_type=\"widget\" data-e-type=\"widget\" data-widget_type=\"progress.default\">\n\t\t\t\t\t\t\t\t<span class=\"elementor-title\" id=\"elementor-progress-bar-2b44457\">\n\t\t\t\t \t\t\t<\/span>\n\t\t\n\t\t<div aria-labelledby=\"elementor-progress-bar-2b44457\" class=\"elementor-progress-wrapper\" role=\"progressbar\" aria-valuemin=\"0\" aria-valuemax=\"100\" aria-valuenow=\"48\" aria-valuetext=\"48% (Pago de servicios educativos)\">\n\t\t\t<div class=\"elementor-progress-bar\" data-max=\"48\">\n\t\t\t\t<span class=\"elementor-progress-text\">Pago de servicios educativos<\/span>\n\t\t\t\t\t\t\t\t\t<span class=\"elementor-progress-percentage\">48%<\/span>\n\t\t\t\t\t\t\t<\/div>\n\t\t<\/div>\n\t\t\t\t\t\t<\/div>\n\t\t\t\t\t<\/div>\n\t\t\t\t<\/div>\n\t\t<div data-particle_enable=\"false\" data-particle-mobile-disabled=\"false\" class=\"elementor-element elementor-element-236fbe7 e-flex e-con-boxed e-con e-parent\" data-id=\"236fbe7\" data-element_type=\"container\" data-e-type=\"container\">\n\t\t\t\t\t<div class=\"e-con-inner\">\n\t\t\t\t<div class=\"elementor-element elementor-element-d71bc29 elementor-widget elementor-widget-progress\" data-id=\"d71bc29\" data-element_type=\"widget\" data-e-type=\"widget\" data-widget_type=\"progress.default\">\n\t\t\t\t\t\t\t\t<span class=\"elementor-title\" id=\"elementor-progress-bar-d71bc29\">\n\t\t\t\t \t\t\t<\/span>\n\t\t\n\t\t<div aria-labelledby=\"elementor-progress-bar-d71bc29\" class=\"elementor-progress-wrapper\" role=\"progressbar\" aria-valuemin=\"0\" aria-valuemax=\"100\" aria-valuenow=\"33\" aria-valuetext=\"33% (Compra de tecnolog\u00eda)\">\n\t\t\t<div class=\"elementor-progress-bar\" data-max=\"33\">\n\t\t\t\t<span class=\"elementor-progress-text\">Compra de tecnolog\u00eda<\/span>\n\t\t\t\t\t\t\t\t\t<span class=\"elementor-progress-percentage\">33%<\/span>\n\t\t\t\t\t\t\t<\/div>\n\t\t<\/div>\n\t\t\t\t\t\t<\/div>\n\t\t\t\t\t<\/div>\n\t\t\t\t<\/div>\n\t\t<div data-particle_enable=\"false\" data-particle-mobile-disabled=\"false\" class=\"elementor-element elementor-element-ff2150e e-flex e-con-boxed e-con e-parent\" data-id=\"ff2150e\" data-element_type=\"container\" data-e-type=\"container\">\n\t\t\t\t\t<div class=\"e-con-inner\">\n\t\t\t\t<div class=\"elementor-element elementor-element-8b11386 elementor-widget elementor-widget-progress\" data-id=\"8b11386\" data-element_type=\"widget\" data-e-type=\"widget\" data-widget_type=\"progress.default\">\n\t\t\t\t\t\n\t\t<div aria-label=\" \" class=\"elementor-progress-wrapper\" role=\"progressbar\" aria-valuemin=\"0\" aria-valuemax=\"100\" aria-valuenow=\"14\" aria-valuetext=\"14% (Negocio)\">\n\t\t\t<div class=\"elementor-progress-bar\" data-max=\"14\">\n\t\t\t\t<span class=\"elementor-progress-text\">Negocio<\/span>\n\t\t\t\t\t\t\t\t\t<span class=\"elementor-progress-percentage\">14%<\/span>\n\t\t\t\t\t\t\t<\/div>\n\t\t<\/div>\n\t\t\t\t\t\t<\/div>\n\t\t\t\t\t<\/div>\n\t\t\t\t<\/div>\n\t\t<div data-particle_enable=\"false\" data-particle-mobile-disabled=\"false\" class=\"elementor-element elementor-element-d36b4f5 e-flex e-con-boxed e-con e-parent\" data-id=\"d36b4f5\" data-element_type=\"container\" data-e-type=\"container\">\n\t\t\t\t\t<div class=\"e-con-inner\">\n\t\t\t\t<div class=\"elementor-element elementor-element-a546ca2 elementor-widget elementor-widget-text-editor\" data-id=\"a546ca2\" data-element_type=\"widget\" data-e-type=\"widget\" data-widget_type=\"text-editor.default\">\n\t\t\t\t\t\t\t\t\t<p><b>Datos <a href=\"https:\/\/worldvision.org.gt\/wp-content\/uploads\/2023\/03\/ESTUDIO-SOBRE-EL-IMPACTO-EN-LAS-FAMILIAS-GUATEMALTECAS_compressed.pdf\">encuesta World Vision 2020 sobre efectos de la migraci\u00f3n<\/a> efectuada en Guatemala y citada por los autores D\u00edaz y Burg<\/b><\/p>\t\t\t\t\t\t\t\t<\/div>\n\t\t\t\t\t<\/div>\n\t\t\t\t<\/div>\n\t\t<div data-particle_enable=\"false\" data-particle-mobile-disabled=\"false\" class=\"elementor-element elementor-element-e7d2f76 e-flex e-con-boxed e-con e-parent\" data-id=\"e7d2f76\" data-element_type=\"container\" data-e-type=\"container\">\n\t\t\t\t\t<div class=\"e-con-inner\">\n\t\t\t\t<div class=\"elementor-element elementor-element-98590d5 elementor-widget elementor-widget-heading\" data-id=\"98590d5\" data-element_type=\"widget\" data-e-type=\"widget\" data-widget_type=\"heading.default\">\n\t\t\t\t\t<h3 class=\"elementor-heading-title elementor-size-default\">El Sue\u00f1o Guatemalteco: el reto del desarrollo integral <\/h3>\t\t\t\t<\/div>\n\t\t\t\t\t<\/div>\n\t\t\t\t<\/div>\n\t\t<div data-particle_enable=\"false\" data-particle-mobile-disabled=\"false\" class=\"elementor-element elementor-element-78e18ae e-flex e-con-boxed e-con e-parent\" data-id=\"78e18ae\" data-element_type=\"container\" data-e-type=\"container\">\n\t\t\t\t\t<div class=\"e-con-inner\">\n\t\t\t\t<div class=\"elementor-element elementor-element-0d30f9c elementor-widget elementor-widget-text-editor\" data-id=\"0d30f9c\" data-element_type=\"widget\" data-e-type=\"widget\" data-widget_type=\"text-editor.default\">\n\t\t\t\t\t\t\t\t\t<p>&#8220;La afluencia de remesas tambi\u00e9n ha tenido un efecto notable en el aumento de la construcci\u00f3n de viviendas en el pa\u00eds, al punto que ha transformado el panorama de \u00e1reas rurales, en especial en la regi\u00f3n occidente, que se caracteriza por ser de alta migraci\u00f3n y recepci\u00f3n de remesas&#8221;, afirman D\u00edaz y Burg.<\/p><p>Sin embargo &#8220;aunque las remesas contribuyen a reducir la pobreza a nivel de municipios, el nivel de pobreza en el pa\u00eds es alto: 54% en 2019. Esta situaci\u00f3n ocurre a pesar del continuo crecimiento econ\u00f3mico.<\/p><p>&#8220;Todav\u00eda existe una situaci\u00f3n de pobreza estructural en Guatemala. Lo anterior implica que persisten obst\u00e1culos fuertes en la estructura econ\u00f3mica que hay que enfrentar para crear un modelo econ\u00f3mico inclusivo, estable y sostenible&#8221;, concluye el estudio de D\u00edaz y Burg.<\/p><p>&#8220;Las pol\u00edticas p\u00fablicas deben enfocarse en ampliar el acceso a la educaci\u00f3n, la creaci\u00f3n de empleo formal y la inversi\u00f3n p\u00fablica con el objetivo de reducir la tasa de pobreza&#8221;.<\/p><div>\u00a0<\/div>\t\t\t\t\t\t\t\t<\/div>\n\t\t\t\t\t<\/div>\n\t\t\t\t<\/div>\n\t\t<div data-particle_enable=\"false\" data-particle-mobile-disabled=\"false\" class=\"elementor-element elementor-element-6390820 e-flex e-con-boxed e-con e-parent\" data-id=\"6390820\" data-element_type=\"container\" data-e-type=\"container\">\n\t\t\t\t\t<div class=\"e-con-inner\">\n\t\t\t\t<div class=\"elementor-element elementor-element-c6da519 elementor-widget elementor-widget-heading\" data-id=\"c6da519\" data-element_type=\"widget\" data-e-type=\"widget\" data-widget_type=\"heading.default\">\n\t\t\t\t\t<h2 class=\"elementor-heading-title elementor-size-default\">Migrantes guatemaltecos aportan mucho m\u00e1s que remesas al pa\u00eds<\/h2>\t\t\t\t<\/div>\n\t\t\t\t\t<\/div>\n\t\t\t\t<\/div>\n\t\t<div data-particle_enable=\"false\" data-particle-mobile-disabled=\"false\" class=\"elementor-element elementor-element-e5409a5 e-flex e-con-boxed e-con e-parent\" data-id=\"e5409a5\" data-element_type=\"container\" data-e-type=\"container\">\n\t\t\t\t\t<div class=\"e-con-inner\">\n\t\t\t\t<div class=\"elementor-element elementor-element-d6cd99d elementor-grid-eael-col-3 elementor-grid-tablet-eael-col-2 elementor-grid-mobile-eael-col-1 elementor-invisible elementor-widget elementor-widget-eael-post-grid\" data-id=\"d6cd99d\" data-element_type=\"widget\" data-e-type=\"widget\" data-settings=\"{&quot;eael_post_grid_columns&quot;:&quot;eael-col-3&quot;,&quot;_animation&quot;:&quot;rollIn&quot;,&quot;eael_post_grid_columns_tablet&quot;:&quot;eael-col-2&quot;,&quot;eael_post_grid_columns_mobile&quot;:&quot;eael-col-1&quot;}\" data-widget_type=\"eael-post-grid.default\">\n\t\t\t\t\t<div id=\"eael-post-grid-d6cd99d\" class=\"eael-post-grid-container\">\n            <div class=\"eael-post-grid eael-post-appender eael-post-appender-d6cd99d eael-post-grid-style-one\" data-layout-mode=\"masonry\"><article class=\"eael-grid-post  eael-post-grid-column eael-pg-post-16900 category-exitos\" data-id=\"16900\">\n        <div class=\"eael-grid-post-holder\">\n            <div class=\"eael-grid-post-holder-inner\"><div class=\"eael-entry-media\"><div class=\"eael-entry-overlay fade-in\"><i class=\"far fa-hand-pointer\" aria-hidden=\"true\"><\/i><a href=\"https:\/\/soymigrante.com\/revista\/karolin-espana-dirige-kika-proyecto-de-ayuda-alimentaria-impulsado-por-sus-hijas\/\"><\/a><\/div><div class=\"eael-entry-thumbnail \">\n                <img loading=\"lazy\" decoding=\"async\" width=\"861\" height=\"861\" src=\"https:\/\/soymigrante.com\/revista\/wp-content\/uploads\/2024\/12\/historia-karolin-espana-KIKA.webp\" class=\"attachment-large size-large wp-image-16901\" alt=\"Ni\u00f1a en desfile cultural participando en evento de apoyo a la infancia y la nutrici\u00f3n en M\u00e9xico, con grupo de personas en vestimenta tradicional y cartel de organizaci\u00f3n KIKA, promoviendo derechos infantiles.\" srcset=\"https:\/\/soymigrante.com\/revista\/wp-content\/uploads\/2024\/12\/historia-karolin-espana-KIKA.webp 861w, https:\/\/soymigrante.com\/revista\/wp-content\/uploads\/2024\/12\/historia-karolin-espana-KIKA-300x300.jpg 300w, https:\/\/soymigrante.com\/revista\/wp-content\/uploads\/2024\/12\/historia-karolin-espana-KIKA-150x150.jpg 150w, https:\/\/soymigrante.com\/revista\/wp-content\/uploads\/2024\/12\/historia-karolin-espana-KIKA-768x768.jpg 768w, https:\/\/soymigrante.com\/revista\/wp-content\/uploads\/2024\/12\/historia-karolin-espana-KIKA-75x75.webp 75w, https:\/\/soymigrante.com\/revista\/wp-content\/uploads\/2024\/12\/historia-karolin-espana-KIKA-750x750.webp 750w\" sizes=\"(max-width: 861px) 100vw, 861px\" \/>\n            <\/div>\n        <\/div><div class=\"eael-entry-wrapper\"><header class=\"eael-entry-header\"><h2 class=\"eael-entry-title\"><a class=\"eael-grid-post-link\" href=\"https:\/\/soymigrante.com\/revista\/karolin-espana-dirige-kika-proyecto-de-ayuda-alimentaria-impulsado-por-sus-hijas\/\" title=\"Karolin Rasc\u00f3n dirige KIKA, iniciativa de ayuda alimentaria desde L.A. a Guatemala, inspirada por sus hijas Kiara y Kaili\">Karolin Rasc\u00f3n dirige KIKA, iniciativa de ayuda alimentaria desde L.A. a Guatemala, inspirada por sus hijas Kiara y Kaili<\/a><\/h2><\/header><div class=\"eael-entry-content\">\n                        <div class=\"eael-grid-post-excerpt\"><a href=\"https:\/\/soymigrante.com\/revista\/karolin-espana-dirige-kika-proyecto-de-ayuda-alimentaria-impulsado-por-sus-hijas\/\" class=\"eael-post-elements-readmore-btn\">CONOCE SU HISTORIA <\/a><\/div>\n                    <\/div><\/div><\/div>\n        <\/div>\n    <\/article><article class=\"eael-grid-post  eael-post-grid-column eael-pg-post-6429 category-lugar-de-voces\" data-id=\"6429\">\n        <div class=\"eael-grid-post-holder\">\n            <div class=\"eael-grid-post-holder-inner\"><div class=\"eael-entry-media\"><div class=\"eael-entry-overlay fade-in\"><i class=\"far fa-hand-pointer\" aria-hidden=\"true\"><\/i><a href=\"https:\/\/soymigrante.com\/revista\/donativo-migrantes-guatemaltecos-escuela-palencia-quetzi\/\"><\/a><\/div><div class=\"eael-entry-thumbnail \">\n                <img loading=\"lazy\" decoding=\"async\" width=\"1024\" height=\"1024\" src=\"https:\/\/soymigrante.com\/revista\/wp-content\/uploads\/2024\/05\/IMG-20240513-WA0045-e1718760507162-1024x1024.webp\" class=\"attachment-large size-large wp-image-6435\" alt=\"D\u00eda de la diversidad cultural en el colegio, ni\u00f1os celebrando con juguetes y actividades relacionadas con sus ra\u00edces y tradiciones en un entorno escolar.\" srcset=\"https:\/\/soymigrante.com\/revista\/wp-content\/uploads\/2024\/05\/IMG-20240513-WA0045-e1718760507162-1024x1024.webp 1024w, https:\/\/soymigrante.com\/revista\/wp-content\/uploads\/2024\/05\/IMG-20240513-WA0045-e1718760507162-300x300.webp 300w, https:\/\/soymigrante.com\/revista\/wp-content\/uploads\/2024\/05\/IMG-20240513-WA0045-e1718760507162-150x150.webp 150w, https:\/\/soymigrante.com\/revista\/wp-content\/uploads\/2024\/05\/IMG-20240513-WA0045-e1718760507162-768x768.webp 768w, https:\/\/soymigrante.com\/revista\/wp-content\/uploads\/2024\/05\/IMG-20240513-WA0045-e1718760507162-75x75.webp 75w, https:\/\/soymigrante.com\/revista\/wp-content\/uploads\/2024\/05\/IMG-20240513-WA0045-e1718760507162-750x750.webp 750w, https:\/\/soymigrante.com\/revista\/wp-content\/uploads\/2024\/05\/IMG-20240513-WA0045-e1718760507162-1140x1140.webp 1140w, https:\/\/soymigrante.com\/revista\/wp-content\/uploads\/2024\/05\/IMG-20240513-WA0045-e1718760507162.webp 1244w\" sizes=\"(max-width: 1024px) 100vw, 1024px\" \/>\n            <\/div>\n        <\/div><div class=\"eael-entry-wrapper\"><header class=\"eael-entry-header\"><h2 class=\"eael-entry-title\"><a class=\"eael-grid-post-link\" href=\"https:\/\/soymigrante.com\/revista\/donativo-migrantes-guatemaltecos-escuela-palencia-quetzi\/\" title=\"Proyecto Quetzi: donaci\u00f3n migrante para ni\u00f1os y j\u00f3venes de una escuela en Guatemala\">Proyecto Quetzi: donaci\u00f3n migrante para ni\u00f1os y j\u00f3venes de una escuela en Guatemala<\/a><\/h2><\/header><div class=\"eael-entry-content\">\n                        <div class=\"eael-grid-post-excerpt\"><a href=\"https:\/\/soymigrante.com\/revista\/donativo-migrantes-guatemaltecos-escuela-palencia-quetzi\/\" class=\"eael-post-elements-readmore-btn\">CONOCE SU HISTORIA <\/a><\/div>\n                    <\/div><\/div><\/div>\n        <\/div>\n    <\/article><article class=\"eael-grid-post  eael-post-grid-column eael-pg-post-4809 category-exitos\" data-id=\"4809\">\n        <div class=\"eael-grid-post-holder\">\n            <div class=\"eael-grid-post-holder-inner\"><div class=\"eael-entry-media\"><div class=\"eael-entry-overlay fade-in\"><i class=\"far fa-hand-pointer\" aria-hidden=\"true\"><\/i><a href=\"https:\/\/soymigrante.com\/revista\/migrante-mister-oklahoma-donativo-utiles-escolares-guatemala\/\"><\/a><\/div><div class=\"eael-entry-thumbnail \">\n                <img loading=\"lazy\" decoding=\"async\" width=\"501\" height=\"455\" src=\"https:\/\/soymigrante.com\/revista\/wp-content\/uploads\/2024\/02\/mr.webp\" class=\"attachment-large size-large wp-image-4815\" alt=\"Migrante Brian de Leon recaud\u00f3 donativos en Oklahoma y los vino a entregar en utiles escolares a Guatemala. Brian de Leon Mister Oklahoma\" srcset=\"https:\/\/soymigrante.com\/revista\/wp-content\/uploads\/2024\/02\/mr.webp 501w, https:\/\/soymigrante.com\/revista\/wp-content\/uploads\/2024\/02\/mr-300x272.webp 300w\" sizes=\"(max-width: 501px) 100vw, 501px\" \/>\n            <\/div>\n        <\/div><div class=\"eael-entry-wrapper\"><header class=\"eael-entry-header\"><h2 class=\"eael-entry-title\"><a class=\"eael-grid-post-link\" href=\"https:\/\/soymigrante.com\/revista\/migrante-mister-oklahoma-donativo-utiles-escolares-guatemala\/\" title=\"M\u00edster Oklahoma Brian de Le\u00f3n entrega donativo migrante en Guatemala\">M\u00edster Oklahoma Brian de Le\u00f3n entrega donativo migrante en Guatemala<\/a><\/h2><\/header><div class=\"eael-entry-content\">\n                        <div class=\"eael-grid-post-excerpt\"><a href=\"https:\/\/soymigrante.com\/revista\/migrante-mister-oklahoma-donativo-utiles-escolares-guatemala\/\" class=\"eael-post-elements-readmore-btn\">CONOCE SU HISTORIA <\/a><\/div>\n                    <\/div><\/div><\/div>\n        <\/div>\n    <\/article><\/div>\n            <div class=\"clearfix\"><\/div>\n        <\/div>\t\t\t\t<\/div>\n\t\t\t\t\t<\/div>\n\t\t\t\t<\/div>\n\t\t\t\t<\/div>\n\t\t","protected":false},"excerpt":{"rendered":"<p>Env\u00edo de remesas migrantes a Guatemala mejora condiciones de vida en hogares y municipios, se\u00f1alan investigadores de Guatemala y Estados Unidos, pero no es un fen\u00f3meno sostenible si no se impulsa desarrollo. &#8220;Las remesas tienen un efecto significativo y marcado en la reducci\u00f3n de pobreza, en t\u00e9rminos de mejora del nivel de las necesidades b\u00e1sicas [&hellip;]<\/p>\n","protected":false},"author":7,"featured_media":38553,"comment_status":"open","ping_status":"open","sticky":false,"template":"","format":"standard","meta":{"_acf_changed":false,"_eb_attr":"","footnotes":""},"categories":[54],"tags":[84],"class_list":["post-38544","post","type-post","status-publish","format-standard","has-post-thumbnail","hentry","category-estamos-unidos","tag-remesas-migrantes"],"acf":[],"aioseo_notices":[],"aioseo_head":"\n\t\t<!-- All in One SEO Pro 4.9.6.2 - aioseo.com -->\n\t<meta name=\"description\" content=\"Migrante guatemaltec m\u00edster Oklahoma, se propone contribuir a la educaci\u00f3n con la donaci\u00f3n de \u00fatiles escolares en su tierra natal Palestina de Los Altos\" \/>\n\t<meta name=\"robots\" content=\"max-snippet:-1, max-image-preview:large, max-video-preview:-1\" \/>\n\t<meta name=\"author\" content=\"Diana Batz\"\/>\n\t<link rel=\"canonical\" href=\"https:\/\/soymigrante.com\/revista\/migrante-mister-oklahoma-donativo-utiles-escolares-guatemala\/\" \/>\n\t<meta name=\"generator\" content=\"All in One SEO Pro (AIOSEO) 4.9.6.2\" \/>\n\n\t\t<link rel=\"preconnect\" href=\"https:\/\/fonts.googleapis.com\" crossorigin>\n<link rel=\"preconnect\" href=\"https:\/\/fonts.gstatic.com\" crossorigin>\n\t\t<meta property=\"og:locale\" content=\"es_ES\" \/>\n\t\t<meta property=\"og:site_name\" content=\"SoyMigrante.com REVISTA \u2013 Nuestra misi\u00f3n es reconocer y dignificar al migrante.\" \/>\n\t\t<meta property=\"og:type\" content=\"article\" \/>\n\t\t<meta property=\"og:title\" content=\"M\u00edster Oklahoma Brian de Le\u00f3n entrega donativo migrante en Guatemala\" \/>\n\t\t<meta property=\"og:description\" content=\"Migrante guatemaltec m\u00edster Oklahoma, se propone contribuir a la educaci\u00f3n con la donaci\u00f3n de \u00fatiles escolares en su tierra natal Palestina de Los Altos\" \/>\n\t\t<meta property=\"og:url\" content=\"https:\/\/soymigrante.com\/revista\/migrante-mister-oklahoma-donativo-utiles-escolares-guatemala\/\" \/>\n\t\t<meta property=\"og:image\" content=\"https:\/\/soymigrante.com\/revista\/wp-content\/uploads\/2024\/02\/mr.webp\" \/>\n\t\t<meta property=\"og:image:secure_url\" content=\"https:\/\/soymigrante.com\/revista\/wp-content\/uploads\/2024\/02\/mr.webp\" \/>\n\t\t<meta property=\"og:image:width\" content=\"501\" \/>\n\t\t<meta property=\"og:image:height\" content=\"455\" \/>\n\t\t<meta property=\"article:published_time\" content=\"2024-02-09T21:22:59+00:00\" \/>\n\t\t<meta property=\"article:modified_time\" content=\"2024-11-01T21:44:23+00:00\" \/>\n\t\t<meta property=\"article:publisher\" content=\"https:\/\/www.facebook.com\/soymigrantecom\" \/>\n\t\t<meta name=\"twitter:card\" content=\"summary_large_image\" \/>\n\t\t<meta name=\"twitter:site\" content=\"@SoyMigrante_com\" \/>\n\t\t<meta name=\"twitter:title\" content=\"M\u00edster Oklahoma Brian de Le\u00f3n entrega donativo migrante en Guatemala\" \/>\n\t\t<meta name=\"twitter:description\" content=\"Migrante guatemaltec m\u00edster Oklahoma, se propone contribuir a la educaci\u00f3n con la donaci\u00f3n de \u00fatiles escolares en su tierra natal Palestina de Los Altos\" \/>\n\t\t<meta name=\"twitter:creator\" content=\"@SoyMigrante_com\" \/>\n\t\t<meta name=\"twitter:image\" content=\"https:\/\/soymigrante.com\/revista\/wp-content\/uploads\/2024\/02\/mr.webp\" \/>\n\t\t<!-- All in One SEO Pro -->\r\n\t\t<title>M\u00edster Oklahoma Brian de Le\u00f3n entrega donativo migrante en Guatemala<\/title>\n\n","aioseo_head_json":{"title":"M\u00edster Oklahoma Brian de Le\u00f3n entrega donativo migrante en Guatemala","description":"Migrante guatemaltec m\u00edster Oklahoma, se propone contribuir a la educaci\u00f3n con la donaci\u00f3n de \u00fatiles escolares en su tierra natal Palestina de Los Altos","canonical_url":"https:\/\/soymigrante.com\/revista\/migrante-mister-oklahoma-donativo-utiles-escolares-guatemala\/","robots":"max-snippet:-1, max-image-preview:large, max-video-preview:-1","keywords":"","webmasterTools":{"miscellaneous":"&lt;link rel=\"preconnect\" href=\"https:\/\/fonts.googleapis.com\" crossorigin&gt;\n&lt;link rel=\"preconnect\" href=\"https:\/\/fonts.gstatic.com\" crossorigin&gt;"},"schema":null,"og:locale":"es_ES","og:site_name":"SoyMigrante.com REVISTA \u2013 Nuestra misi\u00f3n es reconocer y dignificar al migrante.","og:type":"article","og:title":"M\u00edster Oklahoma Brian de Le\u00f3n entrega donativo migrante en Guatemala","og:description":"Migrante guatemaltec m\u00edster Oklahoma, se propone contribuir a la educaci\u00f3n con la donaci\u00f3n de \u00fatiles escolares en su tierra natal Palestina de Los Altos","og:url":"https:\/\/soymigrante.com\/revista\/migrante-mister-oklahoma-donativo-utiles-escolares-guatemala\/","og:image":"https:\/\/soymigrante.com\/revista\/wp-content\/uploads\/2024\/02\/mr.webp","og:image:secure_url":"https:\/\/soymigrante.com\/revista\/wp-content\/uploads\/2024\/02\/mr.webp","og:image:width":501,"og:image:height":455,"article:published_time":"2024-02-09T21:22:59+00:00","article:modified_time":"2024-11-01T21:44:23+00:00","article:publisher":"https:\/\/www.facebook.com\/soymigrantecom","twitter:card":"summary_large_image","twitter:site":"@SoyMigrante_com","twitter:title":"M\u00edster Oklahoma Brian de Le\u00f3n entrega donativo migrante en Guatemala","twitter:description":"Migrante guatemaltec m\u00edster Oklahoma, se propone contribuir a la educaci\u00f3n con la donaci\u00f3n de \u00fatiles escolares en su tierra natal Palestina de Los Altos","twitter:creator":"@SoyMigrante_com","twitter:image":"https:\/\/soymigrante.com\/revista\/wp-content\/uploads\/2024\/02\/mr.webp"},"aioseo_meta_data":{"post_id":"38544","title":"Remesas migrantes s\u00ed reducen pobreza en Guatemala, pero...","description":"Expertos de Guatemala y Estados Unidos confirman reducci\u00f3n de pobreza en municipios receptores de remesas y se\u00f1alan factores pendientes para el desarrollo","keywords":null,"keyphrases":{"focus":{"keyphrase":"Remesas","score":100,"analysis":{"keyphraseInTitle":{"score":9,"maxScore":9,"error":0},"keyphraseInDescription":{"score":9,"maxScore":9,"error":0},"keyphraseLength":{"score":9,"maxScore":9,"error":0,"length":1},"keyphraseInURL":{"score":5,"maxScore":5,"error":0},"keyphraseInIntroduction":{"score":9,"maxScore":9,"error":0},"keyphraseInSubHeadings":{"score":9,"maxScore":9,"error":0},"keyphraseInImageAlt":{"score":9,"maxScore":9,"error":0},"keywordDensity":{"type":"best","score":9,"maxScore":9,"error":0}}},"additional":[{"keyphrase":"Migrantes","score":73,"analysis":{"keyphraseInDescription":{"score":3,"maxScore":9,"error":1},"keyphraseLength":{"score":9,"maxScore":9,"error":0,"length":1},"keyphraseInIntroduction":{"score":3,"maxScore":9,"error":1},"keyphraseInImageAlt":{"score":9,"maxScore":9,"error":0},"keywordDensity":{"type":"best","score":9,"maxScore":9,"error":0}}},{"keyphrase":"Pobreza","score":100,"analysis":{"keyphraseInDescription":{"score":9,"maxScore":9,"error":0},"keyphraseLength":{"score":9,"maxScore":9,"error":0,"length":1},"keyphraseInIntroduction":{"score":9,"maxScore":9,"error":0},"keyphraseInImageAlt":{"score":9,"maxScore":9,"error":0},"keywordDensity":{"type":"best","score":9,"maxScore":9,"error":0}}},{"keyphrase":"Guatemala","score":87,"analysis":{"keyphraseInDescription":{"score":9,"maxScore":9,"error":0},"keyphraseLength":{"score":9,"maxScore":9,"error":0,"length":1},"keyphraseInIntroduction":{"score":3,"maxScore":9,"error":1},"keyphraseInImageAlt":{"score":9,"maxScore":9,"error":0},"keywordDensity":{"type":"best","score":9,"maxScore":9,"error":0}}}]},"primary_term":null,"canonical_url":null,"og_title":null,"og_description":null,"og_object_type":"default","og_image_type":"default","og_image_url":null,"og_image_width":null,"og_image_height":null,"og_image_custom_url":null,"og_image_custom_fields":null,"og_video":"","og_custom_url":null,"og_article_section":null,"og_article_tags":null,"twitter_use_og":false,"twitter_card":"default","twitter_image_type":"default","twitter_image_url":null,"twitter_image_custom_url":null,"twitter_image_custom_fields":null,"twitter_title":null,"twitter_description":null,"schema":{"blockGraphs":[],"customGraphs":[],"default":{"data":{"Article":[],"Course":[],"Dataset":[],"FAQPage":[],"Movie":[],"Person":[],"Product":[],"ProductReview":[],"Car":[],"Recipe":[],"Service":[],"SoftwareApplication":[],"WebPage":[]},"graphName":"none","isEnabled":true},"graphs":[]},"schema_type":"default","schema_type_options":null,"pillar_content":false,"robots_default":true,"robots_noindex":false,"robots_noarchive":false,"robots_nosnippet":false,"robots_nofollow":false,"robots_noimageindex":false,"robots_noodp":false,"robots_notranslate":false,"robots_max_snippet":"-1","robots_max_videopreview":"-1","robots_max_imagepreview":"large","priority":null,"frequency":"default","local_seo":null,"seo_analyzer_scan_date":"2025-10-09 06:34:18","breadcrumb_settings":null,"limit_modified_date":false,"reviewed_by":"0","open_ai":null,"ai":{"faqs":[],"keyPoints":[],"titles":[],"descriptions":[],"socialPosts":{"email":[],"linkedin":[],"twitter":[],"facebook":[],"instagram":[]}},"created":"2025-07-05 19:11:54","updated":"2026-02-05 02:49:46"},"aioseo_breadcrumb":"<div class=\"aioseo-breadcrumbs\"><span class=\"aioseo-breadcrumb\">\n\t<a href=\"https:\/\/soymigrante.com\/revista\" title=\"Home\">Home<\/a>\n<\/span><span class=\"aioseo-breadcrumb-separator\">\u00bb<\/span><span class=\"aioseo-breadcrumb\">\n\t<a href=\"https:\/\/soymigrante.com\/revista\/category\/estamos-unidos\/\" title=\"Estamos Unidos\">Estamos Unidos<\/a>\n<\/span><span class=\"aioseo-breadcrumb-separator\">\u00bb<\/span><span class=\"aioseo-breadcrumb\">\n\tEstudio se\u00f1ala que las remesas migrantes s\u00ed reducen la pobreza, aunque\u2026\n<\/span><\/div>","aioseo_breadcrumb_json":[{"label":"Home","link":"https:\/\/soymigrante.com\/revista"},{"label":"Estamos Unidos","link":"https:\/\/soymigrante.com\/revista\/category\/estamos-unidos\/"},{"label":"Estudio se\u00f1ala que las remesas migrantes s\u00ed reducen la pobreza, aunque\u2026","link":"https:\/\/soymigrante.com\/revista\/remesas-migrantes-reducen-pobreza-guatemala-efectos-desarrollo\/"}],"_links":{"self":[{"href":"https:\/\/soymigrante.com\/revista\/wp-json\/wp\/v2\/posts\/38544","targetHints":{"allow":["GET"]}}],"collection":[{"href":"https:\/\/soymigrante.com\/revista\/wp-json\/wp\/v2\/posts"}],"about":[{"href":"https:\/\/soymigrante.com\/revista\/wp-json\/wp\/v2\/types\/post"}],"author":[{"embeddable":true,"href":"https:\/\/soymigrante.com\/revista\/wp-json\/wp\/v2\/users\/7"}],"replies":[{"embeddable":true,"href":"https:\/\/soymigrante.com\/revista\/wp-json\/wp\/v2\/comments?post=38544"}],"version-history":[{"count":12,"href":"https:\/\/soymigrante.com\/revista\/wp-json\/wp\/v2\/posts\/38544\/revisions"}],"predecessor-version":[{"id":38571,"href":"https:\/\/soymigrante.com\/revista\/wp-json\/wp\/v2\/posts\/38544\/revisions\/38571"}],"wp:featuredmedia":[{"embeddable":true,"href":"https:\/\/soymigrante.com\/revista\/wp-json\/wp\/v2\/media\/38553"}],"wp:attachment":[{"href":"https:\/\/soymigrante.com\/revista\/wp-json\/wp\/v2\/media?parent=38544"}],"wp:term":[{"taxonomy":"category","embeddable":true,"href":"https:\/\/soymigrante.com\/revista\/wp-json\/wp\/v2\/categories?post=38544"},{"taxonomy":"post_tag","embeddable":true,"href":"https:\/\/soymigrante.com\/revista\/wp-json\/wp\/v2\/tags?post=38544"}],"curies":[{"name":"wp","href":"https:\/\/api.w.org\/{rel}","templated":true}]}}