{"id":38518,"date":"2025-07-07T03:00:00","date_gmt":"2025-07-07T09:00:00","guid":{"rendered":"https:\/\/soymigrante.com\/revista\/?p=38518"},"modified":"2025-07-06T21:16:10","modified_gmt":"2025-07-07T03:16:10","slug":"chilate-de-rabinal-sabor-ancestral-que-se-sirve-en-jicara","status":"publish","type":"post","link":"https:\/\/soymigrante.com\/revista\/chilate-de-rabinal-sabor-ancestral-que-se-sirve-en-jicara\/","title":{"rendered":"Chilate de Rabinal: sabor ancestral que se sirve en j\u00edcara"},"content":{"rendered":"\t\t<div data-elementor-type=\"wp-post\" data-elementor-id=\"38518\" class=\"elementor elementor-38518\" data-elementor-post-type=\"post\">\n\t\t\t\t<div data-particle_enable=\"false\" data-particle-mobile-disabled=\"false\" class=\"elementor-element elementor-element-255ee88 e-flex e-con-boxed e-con e-parent\" data-id=\"255ee88\" data-element_type=\"container\" data-e-type=\"container\">\n\t\t\t\t\t<div class=\"e-con-inner\">\n\t\t\t\t<div class=\"elementor-element elementor-element-06e7732 elementor-widget elementor-widget-heading\" data-id=\"06e7732\" data-element_type=\"widget\" data-e-type=\"widget\" data-widget_type=\"heading.default\">\n\t\t\t\t\t<h2 class=\"elementor-heading-title elementor-size-default\">El Chilate de Rabinal es una bebida ancestral que une la tradici\u00f3n y cultura. <\/h2>\t\t\t\t<\/div>\n\t\t\t\t\t<\/div>\n\t\t\t\t<\/div>\n\t\t<div data-particle_enable=\"false\" data-particle-mobile-disabled=\"false\" class=\"elementor-element elementor-element-5b751e7 e-flex e-con-boxed e-con e-parent\" data-id=\"5b751e7\" data-element_type=\"container\" data-e-type=\"container\">\n\t\t\t\t\t<div class=\"e-con-inner\">\n\t\t\t\t<div class=\"elementor-element elementor-element-5a84de7 elementor-widget elementor-widget-text-editor\" data-id=\"5a84de7\" data-element_type=\"widget\" data-e-type=\"widget\" data-widget_type=\"text-editor.default\">\n\t\t\t\t\t\t\t\t\t<p><a href=\"https:\/\/soymigrante.com\/revista\/baja-verapaz-tierra-de-trabajo-del-gran-rabinal-achi-y-el-salto-de-chilasco\/\" target=\"_blank\" rel=\"noopener\">En Rabinal, Baja Verapaz<\/a>, cada Mi\u00e9rcoles de Chilate se convierte en una ceremonia viviente donde el ma\u00edz, el cacao y la ceniza se funden en una bebida milenaria. Este atol ceremonial no solo nutre cuerpos, tambi\u00e9n fortalece identidad y atrae visitantes en la ruta gastron\u00f3mica de Guatemala.<\/p><p><a href=\"https:\/\/soymigrante.com\/revista\/baja-verapaz-tierra-de-trabajo-del-gran-rabinal-achi-y-el-salto-de-chilasco\/\" target=\"_blank\" rel=\"noopener\">Rabinal, territorio del pueblo maya ach\u00ed, alberga una tradici\u00f3n \u00fanica:<\/a> el chilate, bebida que fusiona la riqueza del ma\u00edz nixtamalizado en agua con ceniza y el cacao ancestral. Desde hace m\u00e1s de mil a\u00f1os, su elaboraci\u00f3n ceremonial marca el preludio simb\u00f3lico al Corpus Christi y forma parte esencial de la ruta gastron\u00f3mica cultural del pa\u00eds.<\/p>\t\t\t\t\t\t\t\t<\/div>\n\t\t\t\t\t<\/div>\n\t\t\t\t<\/div>\n\t\t<div data-particle_enable=\"false\" data-particle-mobile-disabled=\"false\" class=\"elementor-element elementor-element-b65c0b4 e-flex e-con-boxed e-con e-parent\" data-id=\"b65c0b4\" data-element_type=\"container\" data-e-type=\"container\">\n\t\t\t\t\t<div class=\"e-con-inner\">\n\t\t\t\t<div class=\"elementor-element elementor-element-1c7cb38 elementor-widget elementor-widget-heading\" data-id=\"1c7cb38\" data-element_type=\"widget\" data-e-type=\"widget\" data-widget_type=\"heading.default\">\n\t\t\t\t\t<h3 class=\"elementor-heading-title elementor-size-default\">1. Origen y significado cultural<\/h3>\t\t\t\t<\/div>\n\t\t\t\t\t<\/div>\n\t\t\t\t<\/div>\n\t\t<div data-particle_enable=\"false\" data-particle-mobile-disabled=\"false\" class=\"elementor-element elementor-element-e64f072 e-flex e-con-boxed e-con e-parent\" data-id=\"e64f072\" data-element_type=\"container\" data-e-type=\"container\">\n\t\t\t\t\t<div class=\"e-con-inner\">\n\t\t\t\t<div class=\"elementor-element elementor-element-fb4bb20 elementor-widget elementor-widget-text-editor\" data-id=\"fb4bb20\" data-element_type=\"widget\" data-e-type=\"widget\" data-widget_type=\"text-editor.default\">\n\t\t\t\t\t\t\t\t\t<p>El chilate (del n\u00e1huatl chiliatl, \u201cagua de chile\u201d) e<a href=\"https:\/\/soymigrante.com\/revista\/baja-verapaz-tierra-de-trabajo-del-gran-rabinal-achi-y-el-salto-de-chilasco\/\" target=\"_blank\" rel=\"noopener\">s conocido localmente como joch\u02bc en ach\u00ed.<\/a> Su origen se remonta a la \u00e9poca prehisp\u00e1nica y se perpet\u00faa en Rabinal durante el Mi\u00e9rcoles de Chilate, v\u00edspera de Corpus Christi. Las cuatro cofrad\u00edas del municipio se re\u00fanen en la plaza central para preparar y repartir el chilate como s\u00edmbolo de purificaci\u00f3n, comunidad y sincretismo religioso.<\/p>\t\t\t\t\t\t\t\t<\/div>\n\t\t\t\t\t<\/div>\n\t\t\t\t<\/div>\n\t\t<div data-particle_enable=\"false\" data-particle-mobile-disabled=\"false\" class=\"elementor-element elementor-element-8ef24d3 e-flex e-con-boxed e-con e-parent\" data-id=\"8ef24d3\" data-element_type=\"container\" data-e-type=\"container\">\n\t\t\t\t\t<div class=\"e-con-inner\">\n\t\t\t\t<div class=\"elementor-element elementor-element-779870c elementor-widget elementor-widget-image\" data-id=\"779870c\" data-element_type=\"widget\" data-e-type=\"widget\" data-widget_type=\"image.default\">\n\t\t\t\t\t\t\t\t\t\t\t\t<figure class=\"wp-caption\">\n\t\t\t\t\t\t\t\t\t\t<img fetchpriority=\"high\" decoding=\"async\" width=\"576\" height=\"1024\" src=\"https:\/\/soymigrante.com\/revista\/wp-content\/uploads\/2025\/07\/chilate-3.webp\" class=\"attachment-large size-large wp-image-38522\" alt=\"Colorful traditional Mexican pottery with intricate hand-painted designs, holding a piece of bread, on a street market background. Cultural craft, folk art, handmade pottery, Mexican artisanal ceramics, vibrant decor.\" srcset=\"https:\/\/soymigrante.com\/revista\/wp-content\/uploads\/2025\/07\/chilate-3.webp 576w, https:\/\/soymigrante.com\/revista\/wp-content\/uploads\/2025\/07\/chilate-3-169x300.jpeg 169w\" sizes=\"(max-width: 576px) 100vw, 576px\" title=\"Esta bebida es reconocida por su importancia cultural. (Foto: INGUAT) \u2013 SoyMigrante.com REVISTA\" \/>\t\t\t\t\t\t\t\t\t\t\t<figcaption class=\"widget-image-caption wp-caption-text\">Vaso decorativo mexicano con pan artesanal, ideal para cultura y arte popular, s\u00edmbolo de tradiciones mexicanas en entorno urbano.<\/figcaption>\n\t\t\t\t\t\t\t\t\t\t<\/figure>\n\t\t\t\t\t\t\t\t\t<\/div>\n\t\t\t\t\t<\/div>\n\t\t\t\t<\/div>\n\t\t<div data-particle_enable=\"false\" data-particle-mobile-disabled=\"false\" class=\"elementor-element elementor-element-c5f34b7 e-flex e-con-boxed e-con e-parent\" data-id=\"c5f34b7\" data-element_type=\"container\" data-e-type=\"container\">\n\t\t\t\t\t<div class=\"e-con-inner\">\n\t\t\t\t<div class=\"elementor-element elementor-element-8982428 elementor-widget elementor-widget-heading\" data-id=\"8982428\" data-element_type=\"widget\" data-e-type=\"widget\" data-widget_type=\"heading.default\">\n\t\t\t\t\t<h3 class=\"elementor-heading-title elementor-size-default\">2. Receta y proceso ancestral<\/h3>\t\t\t\t<\/div>\n\t\t\t\t\t<\/div>\n\t\t\t\t<\/div>\n\t\t<div data-particle_enable=\"false\" data-particle-mobile-disabled=\"false\" class=\"elementor-element elementor-element-bd4cdd9 e-flex e-con-boxed e-con e-parent\" data-id=\"bd4cdd9\" data-element_type=\"container\" data-e-type=\"container\">\n\t\t\t\t\t<div class=\"e-con-inner\">\n\t\t\t\t<div class=\"elementor-element elementor-element-e3b1f50 elementor-widget elementor-widget-text-editor\" data-id=\"e3b1f50\" data-element_type=\"widget\" data-e-type=\"widget\" data-widget_type=\"text-editor.default\">\n\t\t\t\t\t\t\t\t\t<div><strong>\u2022 Ingredientes esenciales:<\/strong> 2\u202flb de ma\u00edz (o 1\u00bd\u202flb de harina), 2\u202flb de cacao en semilla o polvo, \u00bd\u202ftaza de ceniza y 3\u202fL de agua.<\/div><div><strong>\u2022Pasos clave:<\/strong><\/div><div>1.Cocer el ma\u00edz con ceniza durante unas 3\u202fh, lavarlo y molerlo.<\/div><div>2.Tostar y moler el cacao; hervir ligeramente.<\/div><div>3.Preparar el atol de ma\u00edz, colarlo, hervir 10\u202fmin y, al final, incorporar el cacao para dar sabor.<\/div><div><strong>\u2022Presentaci\u00f3n tradicional:<\/strong> Se sirve caliente en j\u00edcaras, acompa\u00f1ado opcionalmente de huevo duro, queso, cebolla y perejil, realzando tanto sabor como valor ceremonial.<\/div>\t\t\t\t\t\t\t\t<\/div>\n\t\t\t\t\t<\/div>\n\t\t\t\t<\/div>\n\t\t<div data-particle_enable=\"false\" data-particle-mobile-disabled=\"false\" class=\"elementor-element elementor-element-1d0ef00 e-flex e-con-boxed e-con e-parent\" data-id=\"1d0ef00\" data-element_type=\"container\" data-e-type=\"container\">\n\t\t\t\t\t<div class=\"e-con-inner\">\n\t\t\t\t<div class=\"elementor-element elementor-element-d0353ff elementor-widget elementor-widget-heading\" data-id=\"d0353ff\" data-element_type=\"widget\" data-e-type=\"widget\" data-widget_type=\"heading.default\">\n\t\t\t\t\t<h3 class=\"elementor-heading-title elementor-size-default\">3. Rito comunitario y celebraci\u00f3n<\/h3>\t\t\t\t<\/div>\n\t\t\t\t\t<\/div>\n\t\t\t\t<\/div>\n\t\t<div data-particle_enable=\"false\" data-particle-mobile-disabled=\"false\" class=\"elementor-element elementor-element-32c4692 e-flex e-con-boxed e-con e-parent\" data-id=\"32c4692\" data-element_type=\"container\" data-e-type=\"container\">\n\t\t\t\t\t<div class=\"e-con-inner\">\n\t\t\t\t<div class=\"elementor-element elementor-element-b228f71 elementor-widget elementor-widget-text-editor\" data-id=\"b228f71\" data-element_type=\"widget\" data-e-type=\"widget\" data-widget_type=\"text-editor.default\">\n\t\t\t\t\t\t\t\t\t<p><a href=\"https:\/\/soymigrante.com\/revista\/baja-verapaz-tierra-de-trabajo-del-gran-rabinal-achi-y-el-salto-de-chilasco\/\" target=\"_blank\" rel=\"noopener\">La elaboraci\u00f3n colectiva del chilate inicia a la madrugada con rezos, sahumerio y vestimentas t\u00edpicas.<\/a> La tradici\u00f3n, declarada patrimonio cultural por el Ministerio de Cultura y Deportes, convoca a m\u00e1s de 5\u202f000 visitantes, reforzando su papel en el desarrollo tur\u00edstico cultural regional.<\/p>\t\t\t\t\t\t\t\t<\/div>\n\t\t\t\t\t<\/div>\n\t\t\t\t<\/div>\n\t\t<div data-particle_enable=\"false\" data-particle-mobile-disabled=\"false\" class=\"elementor-element elementor-element-8b08a88 e-flex e-con-boxed e-con e-parent\" data-id=\"8b08a88\" data-element_type=\"container\" data-e-type=\"container\">\n\t\t\t\t\t<div class=\"e-con-inner\">\n\t\t\t\t<div class=\"elementor-element elementor-element-b56095e elementor-widget elementor-widget-heading\" data-id=\"b56095e\" data-element_type=\"widget\" data-e-type=\"widget\" data-widget_type=\"heading.default\">\n\t\t\t\t\t<h3 class=\"elementor-heading-title elementor-size-default\">4. En la Ruta Gastron\u00f3mica de Guatemala<\/h3>\t\t\t\t<\/div>\n\t\t\t\t\t<\/div>\n\t\t\t\t<\/div>\n\t\t<div data-particle_enable=\"false\" data-particle-mobile-disabled=\"false\" class=\"elementor-element elementor-element-79a33e6 e-flex e-con-boxed e-con e-parent\" data-id=\"79a33e6\" data-element_type=\"container\" data-e-type=\"container\">\n\t\t\t\t\t<div class=\"e-con-inner\">\n\t\t\t\t<div class=\"elementor-element elementor-element-b49ec92 elementor-widget elementor-widget-text-editor\" data-id=\"b49ec92\" data-element_type=\"widget\" data-e-type=\"widget\" data-widget_type=\"text-editor.default\">\n\t\t\t\t\t\t\t\t\t<p><a href=\"https:\/\/soymigrante.com\/revista\/baja-verapaz-tierra-de-trabajo-del-gran-rabinal-achi-y-el-salto-de-chilasco\/\" target=\"_blank\" rel=\"noopener\">El chilate est\u00e1 incluido en el itinerario de banquetes rurales y cocina tradicional que busca resaltar comarcas ind\u00edgenas.<\/a> Junto a pinol, boxbol y atoles, forma parte de experiencias culinarias que atraen a turistas nacionales e internacionales hacia el occidente del pa\u00eds.<\/p>\t\t\t\t\t\t\t\t<\/div>\n\t\t\t\t\t<\/div>\n\t\t\t\t<\/div>\n\t\t<div data-particle_enable=\"false\" data-particle-mobile-disabled=\"false\" class=\"elementor-element elementor-element-5151a8d e-flex e-con-boxed e-con e-parent\" data-id=\"5151a8d\" data-element_type=\"container\" data-e-type=\"container\">\n\t\t\t\t\t<div class=\"e-con-inner\">\n\t\t\t\t<div class=\"elementor-element elementor-element-30a1f5f elementor-widget elementor-widget-image\" data-id=\"30a1f5f\" data-element_type=\"widget\" data-e-type=\"widget\" data-widget_type=\"image.default\">\n\t\t\t\t\t\t\t\t\t\t\t\t<figure class=\"wp-caption\">\n\t\t\t\t\t\t\t\t\t\t<img decoding=\"async\" width=\"768\" height=\"1024\" src=\"https:\/\/soymigrante.com\/revista\/wp-content\/uploads\/2025\/07\/Chilate-4-768x1024.jpg\" class=\"attachment-large size-large wp-image-38523\" alt=\"Colorida mujer ind\u00edgena artesana en feria cultural sosteniendo una calabaza decorada, vestida con traje tradicional de Guatemala en un evento cultural y folkl\u00f3rico.\" srcset=\"https:\/\/soymigrante.com\/revista\/wp-content\/uploads\/2025\/07\/Chilate-4-768x1024.jpg 768w, https:\/\/soymigrante.com\/revista\/wp-content\/uploads\/2025\/07\/Chilate-4-225x300.jpg 225w, https:\/\/soymigrante.com\/revista\/wp-content\/uploads\/2025\/07\/Chilate-4-750x1000.webp 750w, https:\/\/soymigrante.com\/revista\/wp-content\/uploads\/2025\/07\/Chilate-4.webp 900w\" sizes=\"(max-width: 768px) 100vw, 768px\" title=\"El chilate se consume durante la celebraci\u00f3n a Jes\u00fas Eucarist\u00eda. (Foto: INGUAT) \u2013 SoyMigrante.com REVISTA\" \/>\t\t\t\t\t\t\t\t\t\t\t<figcaption class=\"widget-image-caption wp-caption-text\">Artesan\u00eda ind\u00edgena, feria cultural, tradiciones guatemaltecas, artesan\u00eda colorida, cultura ind\u00edgena guatemalteca.<\/figcaption>\n\t\t\t\t\t\t\t\t\t\t<\/figure>\n\t\t\t\t\t\t\t\t\t<\/div>\n\t\t\t\t\t<\/div>\n\t\t\t\t<\/div>\n\t\t<div data-particle_enable=\"false\" data-particle-mobile-disabled=\"false\" class=\"elementor-element elementor-element-565c7bf e-flex e-con-boxed e-con e-parent\" data-id=\"565c7bf\" data-element_type=\"container\" data-e-type=\"container\">\n\t\t\t\t\t<div class=\"e-con-inner\">\n\t\t\t\t<div class=\"elementor-element elementor-element-10e348b elementor-widget elementor-widget-heading\" data-id=\"10e348b\" data-element_type=\"widget\" data-e-type=\"widget\" data-widget_type=\"heading.default\">\n\t\t\t\t\t<h3 class=\"elementor-heading-title elementor-size-default\">5. Fusi\u00f3n de identidad y sabor<\/h3>\t\t\t\t<\/div>\n\t\t\t\t\t<\/div>\n\t\t\t\t<\/div>\n\t\t<div data-particle_enable=\"false\" data-particle-mobile-disabled=\"false\" class=\"elementor-element elementor-element-f5fb34f e-flex e-con-boxed e-con e-parent\" data-id=\"f5fb34f\" data-element_type=\"container\" data-e-type=\"container\">\n\t\t\t\t\t<div class=\"e-con-inner\">\n\t\t\t\t<div class=\"elementor-element elementor-element-0b50cb2 elementor-widget elementor-widget-text-editor\" data-id=\"0b50cb2\" data-element_type=\"widget\" data-e-type=\"widget\" data-widget_type=\"text-editor.default\">\n\t\t\t\t\t\t\t\t\t<p>M\u00e1s que una bebida, el chilate representa la uni\u00f3n entre la cultura maya y la fe cat\u00f3lica, encarnado en la celebraci\u00f3n del Corpus Christi. Es expresi\u00f3n de resistencia cultural, testimonio de sincretismo y veh\u00edculo de memoria ancestral.<\/p>\t\t\t\t\t\t\t\t<\/div>\n\t\t\t\t\t<\/div>\n\t\t\t\t<\/div>\n\t\t<div data-particle_enable=\"false\" data-particle-mobile-disabled=\"false\" class=\"elementor-element elementor-element-4ea08fe e-flex e-con-boxed e-con e-parent\" data-id=\"4ea08fe\" data-element_type=\"container\" data-e-type=\"container\">\n\t\t\t\t\t<div class=\"e-con-inner\">\n\t\t\t\t<div class=\"elementor-element elementor-element-cec66e4 elementor-widget elementor-widget-text-editor\" data-id=\"cec66e4\" data-element_type=\"widget\" data-e-type=\"widget\" data-widget_type=\"text-editor.default\">\n\t\t\t\t\t\t\t\t\t<p><a href=\"https:\/\/soymigrante.com\/revista\/baja-verapaz-tierra-de-trabajo-del-gran-rabinal-achi-y-el-salto-de-chilasco\/\" target=\"_blank\" rel=\"noopener\">El chilate de Rabinal no solo es un atol ancestral, sino un s\u00edmbolo vivo de comunidad, fe y patrimonio.<\/a> Su sabor se expande m\u00e1s all\u00e1 de fronteras, invitando a locales y visitantes a formar parte de la ruta gastron\u00f3mica guatemalteca, donde tradici\u00f3n y turismo convergen en una experiencia que alimenta cuerpo y esp\u00edritu.<\/p>\t\t\t\t\t\t\t\t<\/div>\n\t\t\t\t\t<\/div>\n\t\t\t\t<\/div>\n\t\t<div data-particle_enable=\"false\" data-particle-mobile-disabled=\"false\" class=\"elementor-element elementor-element-d51a887 e-flex e-con-boxed e-con e-parent\" data-id=\"d51a887\" data-element_type=\"container\" data-e-type=\"container\">\n\t\t\t\t\t<div class=\"e-con-inner\">\n\t\t\t\t<div class=\"elementor-element elementor-element-aba24d0 elementor-widget elementor-widget-heading\" data-id=\"aba24d0\" data-element_type=\"widget\" data-e-type=\"widget\" data-widget_type=\"heading.default\">\n\t\t\t\t\t<h2 class=\"elementor-heading-title elementor-size-default\">Conoce m\u00e1s de Baja Verapaz, ac\u00e1...<\/h2>\t\t\t\t<\/div>\n\t\t\t\t\t<\/div>\n\t\t\t\t<\/div>\n\t\t<div data-particle_enable=\"false\" data-particle-mobile-disabled=\"false\" class=\"elementor-element elementor-element-317630d e-flex e-con-boxed e-con e-parent\" data-id=\"317630d\" data-element_type=\"container\" data-e-type=\"container\">\n\t\t\t\t\t<div class=\"e-con-inner\">\n\t\t\t\t<div class=\"elementor-element elementor-element-a59d2a1 elementor-grid-eael-col-3 elementor-grid-tablet-eael-col-2 elementor-grid-mobile-eael-col-1 elementor-invisible elementor-widget elementor-widget-eael-post-grid\" data-id=\"a59d2a1\" data-element_type=\"widget\" data-e-type=\"widget\" data-settings=\"{&quot;eael_post_grid_columns&quot;:&quot;eael-col-3&quot;,&quot;_animation&quot;:&quot;rollIn&quot;,&quot;eael_post_grid_columns_tablet&quot;:&quot;eael-col-2&quot;,&quot;eael_post_grid_columns_mobile&quot;:&quot;eael-col-1&quot;}\" data-widget_type=\"eael-post-grid.default\">\n\t\t\t\t\t<div id=\"eael-post-grid-a59d2a1\" class=\"eael-post-grid-container\">\n            <div class=\"eael-post-grid eael-post-appender eael-post-appender-a59d2a1 eael-post-grid-style-one\" data-layout-mode=\"masonry\"><article class=\"eael-grid-post  eael-post-grid-column eael-pg-post-22317 category-guate-nuestra\" data-id=\"22317\">\n        <div class=\"eael-grid-post-holder\">\n            <div class=\"eael-grid-post-holder-inner\"><div class=\"eael-entry-media\"><div class=\"eael-entry-overlay fade-in\"><i class=\"far fa-hand-pointer\" aria-hidden=\"true\"><\/i><a href=\"https:\/\/soymigrante.com\/revista\/el-salto-del-chilasco-en-baja-verapaz-es-el-alma-visible-de-la-montana-nubosa\/\"><\/a><\/div><div class=\"eael-entry-thumbnail \">\n                <img decoding=\"async\" width=\"1024\" height=\"1024\" src=\"https:\/\/soymigrante.com\/revista\/wp-content\/uploads\/2025\/01\/El-Salto-del-Chilasco\u0301-Un-tesoro-natural-en-Baja-Verapaz-1-e1737658480503-1024x1024.jpeg\" class=\"attachment-large size-large wp-image-22319\" alt=\"El Salto del Chilasc\u00f3: Un tesoro natural en Baja Verapaz\" srcset=\"https:\/\/soymigrante.com\/revista\/wp-content\/uploads\/2025\/01\/El-Salto-del-Chilasco\u0301-Un-tesoro-natural-en-Baja-Verapaz-1-e1737658480503-1024x1024.jpeg 1024w, https:\/\/soymigrante.com\/revista\/wp-content\/uploads\/2025\/01\/El-Salto-del-Chilasco\u0301-Un-tesoro-natural-en-Baja-Verapaz-1-e1737658480503-300x300.jpeg 300w, https:\/\/soymigrante.com\/revista\/wp-content\/uploads\/2025\/01\/El-Salto-del-Chilasco\u0301-Un-tesoro-natural-en-Baja-Verapaz-1-e1737658480503-150x150.jpeg 150w, https:\/\/soymigrante.com\/revista\/wp-content\/uploads\/2025\/01\/El-Salto-del-Chilasco\u0301-Un-tesoro-natural-en-Baja-Verapaz-1-e1737658480503-768x768.jpeg 768w, https:\/\/soymigrante.com\/revista\/wp-content\/uploads\/2025\/01\/El-Salto-del-Chilasco\u0301-Un-tesoro-natural-en-Baja-Verapaz-1-e1737658480503-75x75.webp 75w, https:\/\/soymigrante.com\/revista\/wp-content\/uploads\/2025\/01\/El-Salto-del-Chilasco\u0301-Un-tesoro-natural-en-Baja-Verapaz-1-e1737658480503-750x750.webp 750w, https:\/\/soymigrante.com\/revista\/wp-content\/uploads\/2025\/01\/El-Salto-del-Chilasco\u0301-Un-tesoro-natural-en-Baja-Verapaz-1-e1737658480503-1140x1140.webp 1140w, https:\/\/soymigrante.com\/revista\/wp-content\/uploads\/2025\/01\/El-Salto-del-Chilasco\u0301-Un-tesoro-natural-en-Baja-Verapaz-1-e1737658480503.webp 1365w\" sizes=\"(max-width: 1024px) 100vw, 1024px\" \/>\n            <\/div>\n        <\/div><div class=\"eael-entry-wrapper\"><header class=\"eael-entry-header\"><h2 class=\"eael-entry-title\"><a class=\"eael-grid-post-link\" href=\"https:\/\/soymigrante.com\/revista\/el-salto-del-chilasco-en-baja-verapaz-es-el-alma-visible-de-la-montana-nubosa\/\" title=\"El Salto del Chilasc\u00f3 es el alma de una monta\u00f1a nubosa en Baja Verapaz\">El Salto del Chilasc\u00f3 es el alma de una monta\u00f1a nubosa en Baja Verapaz<\/a><\/h2><\/header><div class=\"eael-entry-content\">\n                        <div class=\"eael-grid-post-excerpt\"><a href=\"https:\/\/soymigrante.com\/revista\/el-salto-del-chilasco-en-baja-verapaz-es-el-alma-visible-de-la-montana-nubosa\/\" class=\"eael-post-elements-readmore-btn\">CONOCE SU HISTORIA <\/a><\/div>\n                    <\/div><\/div><\/div>\n        <\/div>\n    <\/article><article class=\"eael-grid-post  eael-post-grid-column eael-pg-post-24000 category-pueblos-de-guatemala\" data-id=\"24000\">\n        <div class=\"eael-grid-post-holder\">\n            <div class=\"eael-grid-post-holder-inner\"><div class=\"eael-entry-media\"><div class=\"eael-entry-overlay fade-in\"><i class=\"far fa-hand-pointer\" aria-hidden=\"true\"><\/i><a href=\"https:\/\/soymigrante.com\/revista\/pueblo-kubul-vive-en-cubulco-baja-verapaz-y-busca-ser-reconocido-como-el-idioma-maya-23\/\"><\/a><\/div><div class=\"eael-entry-thumbnail \">\n                <img loading=\"lazy\" decoding=\"async\" width=\"589\" height=\"589\" src=\"https:\/\/soymigrante.com\/revista\/wp-content\/uploads\/2025\/02\/pueblo-kubul-idioma-maya-1.webp\" class=\"attachment-large size-large wp-image-24002\" alt=\"J\u00f3venes con traje t\u00edpico ind\u00edgena en un evento cultural en un ambiente urbano, destacando la identidad y tradici\u00f3n mexicana, promoviendo orgullo cultural y diversidad en la comunidad.\" srcset=\"https:\/\/soymigrante.com\/revista\/wp-content\/uploads\/2025\/02\/pueblo-kubul-idioma-maya-1.webp 589w, https:\/\/soymigrante.com\/revista\/wp-content\/uploads\/2025\/02\/pueblo-kubul-idioma-maya-1-300x300.jpg 300w, https:\/\/soymigrante.com\/revista\/wp-content\/uploads\/2025\/02\/pueblo-kubul-idioma-maya-1-150x150.jpg 150w, https:\/\/soymigrante.com\/revista\/wp-content\/uploads\/2025\/02\/pueblo-kubul-idioma-maya-1-75x75.webp 75w\" sizes=\"(max-width: 589px) 100vw, 589px\" \/>\n            <\/div>\n        <\/div><div class=\"eael-entry-wrapper\"><header class=\"eael-entry-header\"><h2 class=\"eael-entry-title\"><a class=\"eael-grid-post-link\" href=\"https:\/\/soymigrante.com\/revista\/pueblo-kubul-vive-en-cubulco-baja-verapaz-y-busca-ser-reconocido-como-el-idioma-maya-23\/\" title=\"Pueblo K&#8217;ub&#8217;ul vive en Cubulco, Baja Verapaz y busca ser reconocido como el idioma maya 23\">Pueblo K&#8217;ub&#8217;ul vive en Cubulco, Baja Verapaz y busca ser reconocido como el idioma maya 23<\/a><\/h2><\/header><div class=\"eael-entry-content\">\n                        <div class=\"eael-grid-post-excerpt\"><a href=\"https:\/\/soymigrante.com\/revista\/pueblo-kubul-vive-en-cubulco-baja-verapaz-y-busca-ser-reconocido-como-el-idioma-maya-23\/\" class=\"eael-post-elements-readmore-btn\">CONOCE SU HISTORIA <\/a><\/div>\n                    <\/div><\/div><\/div>\n        <\/div>\n    <\/article><article class=\"eael-grid-post  eael-post-grid-column eael-pg-post-17922 category-guate-nuestra tags-departamentos-de-guatemala\" data-id=\"17922\">\n        <div class=\"eael-grid-post-holder\">\n            <div class=\"eael-grid-post-holder-inner\"><div class=\"eael-entry-media\"><div class=\"eael-entry-overlay fade-in\"><i class=\"far fa-hand-pointer\" aria-hidden=\"true\"><\/i><a href=\"https:\/\/soymigrante.com\/revista\/baja-verapaz-tierra-de-trabajo-del-gran-rabinal-achi-y-el-salto-de-chilasco\/\"><\/a><\/div><div class=\"eael-entry-thumbnail \">\n                <img loading=\"lazy\" decoding=\"async\" width=\"706\" height=\"706\" src=\"https:\/\/soymigrante.com\/revista\/wp-content\/uploads\/2024\/12\/salto-de-chilasco-gustavo-2.webp\" class=\"attachment-large size-large wp-image-18474\" alt=\"Ca\u00edda de agua en naturaleza, cascada en la selva, paisaje de flora y r\u00edo, fotograf\u00eda de paisaje natural, belleza del bosque lluvioso, cascada proyectada en niebla, vegetaci\u00f3n exuberante en medio de la naturaleza, naturaleza en su estado puro, ecosistema selv\u00e1tico, paisaje de agua y \u00e1rboles, relevancia: alta para art\u00edculos sobre naturaleza y turismo ecol\u00f3gico.\" srcset=\"https:\/\/soymigrante.com\/revista\/wp-content\/uploads\/2024\/12\/salto-de-chilasco-gustavo-2.webp 706w, https:\/\/soymigrante.com\/revista\/wp-content\/uploads\/2024\/12\/salto-de-chilasco-gustavo-2-300x300.jpg 300w, https:\/\/soymigrante.com\/revista\/wp-content\/uploads\/2024\/12\/salto-de-chilasco-gustavo-2-150x150.jpg 150w, https:\/\/soymigrante.com\/revista\/wp-content\/uploads\/2024\/12\/salto-de-chilasco-gustavo-2-75x75.webp 75w\" sizes=\"(max-width: 706px) 100vw, 706px\" \/>\n            <\/div>\n        <\/div><div class=\"eael-entry-wrapper\"><header class=\"eael-entry-header\"><h2 class=\"eael-entry-title\"><a class=\"eael-grid-post-link\" href=\"https:\/\/soymigrante.com\/revista\/baja-verapaz-tierra-de-trabajo-del-gran-rabinal-achi-y-el-salto-de-chilasco\/\" title=\"Departamentos de Guatemala: Baja Verapaz: tierra de trabajo, del Rabinal Ach\u00ed y el salto de Chilasc\u00f3\">Departamentos de Guatemala: Baja Verapaz: tierra de trabajo, del Rabinal Ach\u00ed y el salto de Chilasc\u00f3<\/a><\/h2><\/header><div class=\"eael-entry-content\">\n                        <div class=\"eael-grid-post-excerpt\"><a href=\"https:\/\/soymigrante.com\/revista\/baja-verapaz-tierra-de-trabajo-del-gran-rabinal-achi-y-el-salto-de-chilasco\/\" class=\"eael-post-elements-readmore-btn\">CONOCE SU HISTORIA <\/a><\/div>\n                    <\/div><\/div><\/div>\n        <\/div>\n    <\/article><\/div>\n            <div class=\"clearfix\"><\/div>\n        <\/div>\t\t\t\t<\/div>\n\t\t\t\t\t<\/div>\n\t\t\t\t<\/div>\n\t\t\t\t<\/div>\n\t\t","protected":false},"excerpt":{"rendered":"<p>El Chilate de Rabinal es una bebida ancestral que une la tradici\u00f3n y cultura. En Rabinal, Baja Verapaz, cada Mi\u00e9rcoles de Chilate se convierte en una ceremonia viviente donde el ma\u00edz, el cacao y la ceniza se funden en una bebida milenaria. Este atol ceremonial no solo nutre cuerpos, tambi\u00e9n fortalece identidad y atrae visitantes [&hellip;]<\/p>\n","protected":false},"author":19,"featured_media":38519,"comment_status":"open","ping_status":"open","sticky":false,"template":"","format":"standard","meta":{"_acf_changed":false,"_eb_attr":"","footnotes":""},"categories":[58],"tags":[],"class_list":["post-38518","post","type-post","status-publish","format-standard","has-post-thumbnail","hentry","category-guate-nuestra"],"acf":[],"aioseo_notices":[],"aioseo_head":"\n\t\t<!-- All in One SEO Pro 4.9.6.2 - aioseo.com -->\n\t<meta name=\"description\" content=\"En Baja Verapaz est\u00e1 el Biotopo del Quetzal, El Salto de Chilasc\u00f3 y es la cuna del Rabinal Ach\u00ed. Territorio de trabajo, riqueza natural y multiculturalidad.\" \/>\n\t<meta name=\"robots\" content=\"max-snippet:-1, max-image-preview:large, max-video-preview:-1\" \/>\n\t<meta name=\"author\" content=\"Marysabel Aldana\"\/>\n\t<link rel=\"canonical\" href=\"https:\/\/soymigrante.com\/revista\/baja-verapaz-tierra-de-trabajo-del-gran-rabinal-achi-y-el-salto-de-chilasco\/\" \/>\n\t<meta name=\"generator\" content=\"All in One SEO Pro (AIOSEO) 4.9.6.2\" \/>\n\n\t\t<link rel=\"preconnect\" href=\"https:\/\/fonts.googleapis.com\" crossorigin>\n<link rel=\"preconnect\" href=\"https:\/\/fonts.gstatic.com\" crossorigin>\n\t\t<meta property=\"og:locale\" content=\"es_ES\" \/>\n\t\t<meta property=\"og:site_name\" content=\"SoyMigrante.com REVISTA \u2013 Nuestra misi\u00f3n es reconocer y dignificar al migrante.\" \/>\n\t\t<meta property=\"og:type\" content=\"article\" \/>\n\t\t<meta property=\"og:title\" content=\"Departamentos de Guatemala: Baja Verapaz, cuna del Rabinal Ach\u00ed\" \/>\n\t\t<meta property=\"og:description\" content=\"En Baja Verapaz est\u00e1 el Biotopo del Quetzal, El Salto de Chilasc\u00f3 y es la cuna del Rabinal Ach\u00ed. Territorio de trabajo, riqueza natural y multiculturalidad.\" \/>\n\t\t<meta property=\"og:url\" content=\"https:\/\/soymigrante.com\/revista\/baja-verapaz-tierra-de-trabajo-del-gran-rabinal-achi-y-el-salto-de-chilasco\/\" \/>\n\t\t<meta property=\"og:image\" content=\"https:\/\/soymigrante.com\/revista\/wp-content\/uploads\/2024\/12\/salto-de-chilasco-gustavo-2.webp\" \/>\n\t\t<meta property=\"og:image:secure_url\" content=\"https:\/\/soymigrante.com\/revista\/wp-content\/uploads\/2024\/12\/salto-de-chilasco-gustavo-2.webp\" \/>\n\t\t<meta property=\"og:image:width\" content=\"706\" \/>\n\t\t<meta property=\"og:image:height\" content=\"706\" \/>\n\t\t<meta property=\"article:published_time\" content=\"2024-12-27T23:55:13+00:00\" \/>\n\t\t<meta property=\"article:modified_time\" content=\"2025-03-04T18:36:48+00:00\" \/>\n\t\t<meta property=\"article:publisher\" content=\"https:\/\/www.facebook.com\/soymigrantecom\" \/>\n\t\t<meta name=\"twitter:card\" content=\"summary_large_image\" \/>\n\t\t<meta name=\"twitter:site\" content=\"@SoyMigrante_com\" \/>\n\t\t<meta name=\"twitter:title\" content=\"Departamentos de Guatemala: Baja Verapaz, cuna del Rabinal Ach\u00ed\" \/>\n\t\t<meta name=\"twitter:description\" content=\"En Baja Verapaz est\u00e1 el Biotopo del Quetzal, El Salto de Chilasc\u00f3 y es la cuna del Rabinal Ach\u00ed. Territorio de trabajo, riqueza natural y multiculturalidad.\" \/>\n\t\t<meta name=\"twitter:creator\" content=\"@SoyMigrante_com\" \/>\n\t\t<meta name=\"twitter:image\" content=\"https:\/\/soymigrante.com\/revista\/wp-content\/uploads\/2024\/12\/salto-de-chilasco-gustavo-2.webp\" \/>\n\t\t<!-- All in One SEO Pro -->\r\n\t\t<title>Departamentos de Guatemala: Baja Verapaz, cuna del Rabinal Ach\u00ed<\/title>\n\n","aioseo_head_json":{"title":"Departamentos de Guatemala: Baja Verapaz, cuna del Rabinal Ach\u00ed","description":"En Baja Verapaz est\u00e1 el Biotopo del Quetzal, El Salto de Chilasc\u00f3 y es la cuna del Rabinal Ach\u00ed. Territorio de trabajo, riqueza natural y multiculturalidad.","canonical_url":"https:\/\/soymigrante.com\/revista\/baja-verapaz-tierra-de-trabajo-del-gran-rabinal-achi-y-el-salto-de-chilasco\/","robots":"max-snippet:-1, max-image-preview:large, max-video-preview:-1","keywords":"","webmasterTools":{"miscellaneous":"&lt;link rel=\"preconnect\" href=\"https:\/\/fonts.googleapis.com\" crossorigin&gt;\n&lt;link rel=\"preconnect\" href=\"https:\/\/fonts.gstatic.com\" crossorigin&gt;"},"schema":null,"og:locale":"es_ES","og:site_name":"SoyMigrante.com REVISTA \u2013 Nuestra misi\u00f3n es reconocer y dignificar al migrante.","og:type":"article","og:title":"Departamentos de Guatemala: Baja Verapaz, cuna del Rabinal Ach\u00ed","og:description":"En Baja Verapaz est\u00e1 el Biotopo del Quetzal, El Salto de Chilasc\u00f3 y es la cuna del Rabinal Ach\u00ed. Territorio de trabajo, riqueza natural y multiculturalidad.","og:url":"https:\/\/soymigrante.com\/revista\/baja-verapaz-tierra-de-trabajo-del-gran-rabinal-achi-y-el-salto-de-chilasco\/","og:image":"https:\/\/soymigrante.com\/revista\/wp-content\/uploads\/2024\/12\/salto-de-chilasco-gustavo-2.webp","og:image:secure_url":"https:\/\/soymigrante.com\/revista\/wp-content\/uploads\/2024\/12\/salto-de-chilasco-gustavo-2.webp","og:image:width":706,"og:image:height":706,"article:published_time":"2024-12-27T23:55:13+00:00","article:modified_time":"2025-03-04T18:36:48+00:00","article:publisher":"https:\/\/www.facebook.com\/soymigrantecom","twitter:card":"summary_large_image","twitter:site":"@SoyMigrante_com","twitter:title":"Departamentos de Guatemala: Baja Verapaz, cuna del Rabinal Ach\u00ed","twitter:description":"En Baja Verapaz est\u00e1 el Biotopo del Quetzal, El Salto de Chilasc\u00f3 y es la cuna del Rabinal Ach\u00ed. Territorio de trabajo, riqueza natural y multiculturalidad.","twitter:creator":"@SoyMigrante_com","twitter:image":"https:\/\/soymigrante.com\/revista\/wp-content\/uploads\/2024\/12\/salto-de-chilasco-gustavo-2.webp"},"aioseo_meta_data":{"post_id":"38518","title":null,"description":"El Chilate de Rabinal es una bebida ancestral que une la tradici\u00f3n y cultura. Su nombre se deriva de una caracter\u00edstica especial: el chile, que le da sabor \u00fanico","keywords":null,"keyphrases":{"focus":{"keyphrase":"Chilate","score":91,"analysis":{"keyphraseInTitle":{"score":9,"maxScore":9,"error":0},"keyphraseInDescription":{"score":9,"maxScore":9,"error":0},"keyphraseLength":{"score":9,"maxScore":9,"error":0,"length":1},"keyphraseInURL":{"score":5,"maxScore":5,"error":0},"keyphraseInIntroduction":{"score":9,"maxScore":9,"error":0},"keyphraseInSubHeadings":{"score":3,"maxScore":9,"error":1},"keyphraseInImageAlt":{"score":9,"maxScore":9,"error":0},"keywordDensity":{"type":"best","score":9,"maxScore":9,"error":0}}},"additional":[{"keyphrase":"rabinal","score":87,"analysis":{"keyphraseInDescription":{"score":9,"maxScore":9,"error":0},"keyphraseLength":{"score":9,"maxScore":9,"error":0,"length":1},"keyphraseInIntroduction":{"score":9,"maxScore":9,"error":0},"keyphraseInImageAlt":{"score":3,"maxScore":9,"error":1},"keywordDensity":{"type":"best","score":9,"maxScore":9,"error":0}}}]},"primary_term":null,"canonical_url":null,"og_title":null,"og_description":null,"og_object_type":"default","og_image_type":"default","og_image_url":null,"og_image_width":null,"og_image_height":null,"og_image_custom_url":null,"og_image_custom_fields":null,"og_video":"","og_custom_url":null,"og_article_section":null,"og_article_tags":null,"twitter_use_og":false,"twitter_card":"default","twitter_image_type":"default","twitter_image_url":null,"twitter_image_custom_url":null,"twitter_image_custom_fields":null,"twitter_title":null,"twitter_description":null,"schema":{"blockGraphs":[],"customGraphs":[],"default":{"data":{"Article":[],"Course":[],"Dataset":[],"FAQPage":[],"Movie":[],"Person":[],"Product":[],"ProductReview":[],"Car":[],"Recipe":[],"Service":[],"SoftwareApplication":[],"WebPage":[]},"graphName":"none","isEnabled":true},"graphs":[]},"schema_type":"default","schema_type_options":null,"pillar_content":false,"robots_default":true,"robots_noindex":false,"robots_noarchive":false,"robots_nosnippet":false,"robots_nofollow":false,"robots_noimageindex":false,"robots_noodp":false,"robots_notranslate":false,"robots_max_snippet":"-1","robots_max_videopreview":"-1","robots_max_imagepreview":"large","priority":null,"frequency":"default","local_seo":null,"seo_analyzer_scan_date":"2025-10-09 06:34:18","breadcrumb_settings":null,"limit_modified_date":false,"reviewed_by":"0","open_ai":null,"ai":{"faqs":[],"keyPoints":[],"titles":[],"descriptions":[],"socialPosts":{"email":[],"linkedin":[],"twitter":[],"facebook":[],"instagram":[]}},"created":"2025-07-04 20:12:19","updated":"2026-02-05 02:49:47"},"aioseo_breadcrumb":"<div class=\"aioseo-breadcrumbs\"><span class=\"aioseo-breadcrumb\">\n\t<a href=\"https:\/\/soymigrante.com\/revista\" title=\"Home\">Home<\/a>\n<\/span><span class=\"aioseo-breadcrumb-separator\">\u00bb<\/span><span class=\"aioseo-breadcrumb\">\n\t<a href=\"https:\/\/soymigrante.com\/revista\/category\/guate-nuestra\/\" title=\"Guate Nuestra\">Guate Nuestra<\/a>\n<\/span><span class=\"aioseo-breadcrumb-separator\">\u00bb<\/span><span class=\"aioseo-breadcrumb\">\n\tChilate de Rabinal: sabor ancestral que se sirve en j\u00edcara\n<\/span><\/div>","aioseo_breadcrumb_json":[{"label":"Home","link":"https:\/\/soymigrante.com\/revista"},{"label":"Guate Nuestra","link":"https:\/\/soymigrante.com\/revista\/category\/guate-nuestra\/"},{"label":"Chilate de Rabinal: sabor ancestral que se sirve en j\u00edcara","link":"https:\/\/soymigrante.com\/revista\/chilate-de-rabinal-sabor-ancestral-que-se-sirve-en-jicara\/"}],"_links":{"self":[{"href":"https:\/\/soymigrante.com\/revista\/wp-json\/wp\/v2\/posts\/38518","targetHints":{"allow":["GET"]}}],"collection":[{"href":"https:\/\/soymigrante.com\/revista\/wp-json\/wp\/v2\/posts"}],"about":[{"href":"https:\/\/soymigrante.com\/revista\/wp-json\/wp\/v2\/types\/post"}],"author":[{"embeddable":true,"href":"https:\/\/soymigrante.com\/revista\/wp-json\/wp\/v2\/users\/19"}],"replies":[{"embeddable":true,"href":"https:\/\/soymigrante.com\/revista\/wp-json\/wp\/v2\/comments?post=38518"}],"version-history":[{"count":7,"href":"https:\/\/soymigrante.com\/revista\/wp-json\/wp\/v2\/posts\/38518\/revisions"}],"predecessor-version":[{"id":38573,"href":"https:\/\/soymigrante.com\/revista\/wp-json\/wp\/v2\/posts\/38518\/revisions\/38573"}],"wp:featuredmedia":[{"embeddable":true,"href":"https:\/\/soymigrante.com\/revista\/wp-json\/wp\/v2\/media\/38519"}],"wp:attachment":[{"href":"https:\/\/soymigrante.com\/revista\/wp-json\/wp\/v2\/media?parent=38518"}],"wp:term":[{"taxonomy":"category","embeddable":true,"href":"https:\/\/soymigrante.com\/revista\/wp-json\/wp\/v2\/categories?post=38518"},{"taxonomy":"post_tag","embeddable":true,"href":"https:\/\/soymigrante.com\/revista\/wp-json\/wp\/v2\/tags?post=38518"}],"curies":[{"name":"wp","href":"https:\/\/api.w.org\/{rel}","templated":true}]}}