{"id":3851,"date":"2023-12-14T15:06:05","date_gmt":"2023-12-14T21:06:05","guid":{"rendered":"https:\/\/soymigrante.com\/revista\/?p=3851"},"modified":"2024-11-01T04:45:52","modified_gmt":"2024-11-01T10:45:52","slug":"frontera-de-ee-uu-y-mexico-considerada-la-mas-peligrosa-del-mundo","status":"publish","type":"post","link":"https:\/\/soymigrante.com\/revista\/frontera-de-ee-uu-y-mexico-considerada-la-mas-peligrosa-del-mundo\/","title":{"rendered":"Cifras lo confirman: la frontera entre EE.UU y M\u00e9xico es la m\u00e1s peligrosa del mundo"},"content":{"rendered":"\t\t<div data-elementor-type=\"wp-post\" data-elementor-id=\"3851\" class=\"elementor elementor-3851\" data-elementor-post-type=\"post\">\n\t\t\t\t\t\t<section data-particle_enable=\"false\" data-particle-mobile-disabled=\"false\" class=\"elementor-section elementor-top-section elementor-element elementor-element-a0be219 elementor-section-boxed elementor-section-height-default elementor-section-height-default\" data-id=\"a0be219\" data-element_type=\"section\" data-e-type=\"section\">\n\t\t\t\t\t\t<div class=\"elementor-container elementor-column-gap-default\">\n\t\t\t\t\t<div class=\"elementor-column elementor-col-100 elementor-top-column elementor-element elementor-element-7e82082\" data-id=\"7e82082\" data-element_type=\"column\" data-e-type=\"column\">\n\t\t\t<div class=\"elementor-widget-wrap elementor-element-populated\">\n\t\t\t\t\t\t<div class=\"elementor-element elementor-element-7deafce elementor-widget elementor-widget-heading\" data-id=\"7deafce\" data-element_type=\"widget\" data-e-type=\"widget\" data-widget_type=\"heading.default\">\n\t\t\t\t\t<h1 class=\"elementor-heading-title elementor-size-default\">A pocas semanas que concluya el a\u00f1o 2023, las muertes de inmigrantes han aumentado de 71 a 134 personas. Seg\u00fan la patrulla fronteriza el incremento se vincula con las organizaciones criminales que se dedican al contrabando de personas, sumado a ello los riesgos de ahogamiento y cambios extremos del clima. Suman 325 casos; 173 hombres, 33 mujeres y en 119 se desconoce el sexo.\n<\/h1>\t\t\t\t<\/div>\n\t\t\t\t\t<\/div>\n\t\t<\/div>\n\t\t\t\t\t<\/div>\n\t\t<\/section>\n\t\t\t\t<section data-particle_enable=\"false\" data-particle-mobile-disabled=\"false\" class=\"elementor-section elementor-top-section elementor-element elementor-element-713c048 elementor-section-boxed elementor-section-height-default elementor-section-height-default\" data-id=\"713c048\" data-element_type=\"section\" data-e-type=\"section\">\n\t\t\t\t\t\t<div class=\"elementor-container elementor-column-gap-default\">\n\t\t\t\t\t<div class=\"elementor-column elementor-col-100 elementor-top-column elementor-element elementor-element-3852199\" data-id=\"3852199\" data-element_type=\"column\" data-e-type=\"column\">\n\t\t\t<div class=\"elementor-widget-wrap\">\n\t\t\t\t\t\t\t<\/div>\n\t\t<\/div>\n\t\t\t\t\t<\/div>\n\t\t<\/section>\n\t\t\t\t<section data-particle_enable=\"false\" data-particle-mobile-disabled=\"false\" class=\"elementor-section elementor-top-section elementor-element elementor-element-17812b5 elementor-section-boxed elementor-section-height-default elementor-section-height-default\" data-id=\"17812b5\" data-element_type=\"section\" data-e-type=\"section\">\n\t\t\t\t\t\t<div class=\"elementor-container elementor-column-gap-default\">\n\t\t\t\t\t<div class=\"elementor-column elementor-col-100 elementor-top-column elementor-element elementor-element-a05a352\" data-id=\"a05a352\" data-element_type=\"column\" data-e-type=\"column\">\n\t\t\t<div class=\"elementor-widget-wrap elementor-element-populated\">\n\t\t\t\t\t\t<div class=\"elementor-element elementor-element-ef50681 elementor-widget elementor-widget-text-editor\" data-id=\"ef50681\" data-element_type=\"widget\" data-e-type=\"widget\" data-widget_type=\"text-editor.default\">\n\t\t\t\t\t\t\t\t\t<p><span style=\"font-weight: 400;\">Ahogamientos, medios de transporte peligrosos, condiciones ambientales, riesgos de desapariciones extremas. Son las principales causas de muerte en las personas que migran v\u00eda terrestre por la frontera norte de M\u00e9xico hacia Estados Unidos \u201cseg\u00fan la OIM\u201d. Convirti\u00e9ndola en la ruta migratoria terrestre m\u00e1s mort\u00edfera del mundo.<\/span><\/p><p><span style=\"font-weight: 400;\">En lo que va del 2023, se estima que por d\u00eda cruzan esta frontera 1,572 personas, mientras que en 2022 el promedio diario fue 680 menos de la mitad que este a\u00f1o. \u201cEstos datos representan estimaciones m\u00e1s bajas disponibles, es probable que muchas m\u00e1s muertes hayan ocurrido sin registrar. Los n\u00fameros alarmantes son crudo recordatorio de la necesidad de acciones decisivas para crear rutas migratorias regulares y legales\u201d indic\u00f3 el presidente de la OIM Paul Dillion.<\/span><\/p><p><span style=\"font-weight: 400;\">Dicha frontera est\u00e1 rodeada de desiertos, r\u00edos caudalosos, ca\u00f1ones y colinas con naturaleza salvaje, los migrantes son afectados por fuertes olas de calor durante el verano o de hipotermia en invierno. Durante el proceso de b\u00fasqueda algunos cad\u00e1veres nunca se encuentran.\u00a0 Las muertes registradas en la frontera est\u00e1n relacionadas con la traves\u00eda por los desiertos de Sonora y Chihuahua, mucho mayor que en otras regiones des\u00e9rticas<\/span><span style=\"font-weight: 400;\">.<\/span><\/p>\t\t\t\t\t\t\t\t<\/div>\n\t\t\t\t\t<\/div>\n\t\t<\/div>\n\t\t\t\t\t<\/div>\n\t\t<\/section>\n\t\t\t\t<section data-particle_enable=\"false\" data-particle-mobile-disabled=\"false\" class=\"elementor-section elementor-top-section elementor-element elementor-element-4b2c11a elementor-section-boxed elementor-section-height-default elementor-section-height-default\" data-id=\"4b2c11a\" data-element_type=\"section\" data-e-type=\"section\">\n\t\t\t\t\t\t<div class=\"elementor-container elementor-column-gap-default\">\n\t\t\t\t\t<div class=\"elementor-column elementor-col-100 elementor-top-column elementor-element elementor-element-2b69b29\" data-id=\"2b69b29\" data-element_type=\"column\" data-e-type=\"column\">\n\t\t\t<div class=\"elementor-widget-wrap elementor-element-populated\">\n\t\t\t\t\t\t<div class=\"elementor-element elementor-element-cbd7855 elementor-widget elementor-widget-image\" data-id=\"cbd7855\" data-element_type=\"widget\" data-e-type=\"widget\" data-widget_type=\"image.default\">\n\t\t\t\t\t\t\t\t\t\t\t\t<figure class=\"wp-caption\">\n\t\t\t\t\t\t\t\t\t\t<img fetchpriority=\"high\" decoding=\"async\" width=\"768\" height=\"432\" src=\"https:\/\/soymigrante.com\/revista\/wp-content\/uploads\/2023\/12\/migracion-riesgo-768x432.webp\" class=\"attachment-medium_large size-medium_large wp-image-3853\" alt=\"Los movimientos irregulares que se dan por pasos internacionales no oficiales y\/o sin documentaci\u00f3n v\u00e1lida colocan a la poblaci\u00f3n migrante en situaciones de vulnerabilidad agravada, exponi\u00e9ndose a riesgos como falta de acceso a servicios b\u00e1sicos y a peligros para su integridad f\u00edsica y mental. Esto demanda la provisi\u00f3n de servicios de protecci\u00f3n para preservar el bienestar de dichas personas migrantes\" srcset=\"https:\/\/soymigrante.com\/revista\/wp-content\/uploads\/2023\/12\/migracion-riesgo-768x432.webp 768w, https:\/\/soymigrante.com\/revista\/wp-content\/uploads\/2023\/12\/migracion-riesgo-300x169.webp 300w, https:\/\/soymigrante.com\/revista\/wp-content\/uploads\/2023\/12\/migracion-riesgo-1024x576.webp 1024w, https:\/\/soymigrante.com\/revista\/wp-content\/uploads\/2023\/12\/migracion-riesgo-1536x864.webp 1536w, https:\/\/soymigrante.com\/revista\/wp-content\/uploads\/2023\/12\/migracion-riesgo-750x422.jpg 750w, https:\/\/soymigrante.com\/revista\/wp-content\/uploads\/2023\/12\/migracion-riesgo-1140x641.jpg 1140w, https:\/\/soymigrante.com\/revista\/wp-content\/uploads\/2023\/12\/migracion-riesgo.webp 1920w\" sizes=\"(max-width: 768px) 100vw, 768px\" \/>\t\t\t\t\t\t\t\t\t\t\t<figcaption class=\"widget-image-caption wp-caption-text\">Los movimientos irregulares que se dan por pasos internacionales no oficiales\ny\/o sin documentaci\u00f3n v\u00e1lida colocan a la poblaci\u00f3n migrante en situaciones\nde vulnerabilidad agravada, exponi\u00e9ndose a riesgos como falta de acceso a\nservicios b\u00e1sicos y a peligros para su integridad f\u00edsica y mental. Esto demanda\nla provisi\u00f3n de servicios de protecci\u00f3n para preservar el bienestar de dichas\npersonas migrantes<\/figcaption>\n\t\t\t\t\t\t\t\t\t\t<\/figure>\n\t\t\t\t\t\t\t\t\t<\/div>\n\t\t\t\t\t<\/div>\n\t\t<\/div>\n\t\t\t\t\t<\/div>\n\t\t<\/section>\n\t\t\t\t<section data-particle_enable=\"false\" data-particle-mobile-disabled=\"false\" class=\"elementor-section elementor-top-section elementor-element elementor-element-587db5f elementor-section-boxed elementor-section-height-default elementor-section-height-default\" data-id=\"587db5f\" data-element_type=\"section\" data-e-type=\"section\">\n\t\t\t\t\t\t<div class=\"elementor-container elementor-column-gap-default\">\n\t\t\t\t\t<div class=\"elementor-column elementor-col-100 elementor-top-column elementor-element elementor-element-55e290e\" data-id=\"55e290e\" data-element_type=\"column\" data-e-type=\"column\">\n\t\t\t<div class=\"elementor-widget-wrap elementor-element-populated\">\n\t\t\t\t\t\t<div class=\"elementor-element elementor-element-7af6f66 elementor-widget elementor-widget-heading\" data-id=\"7af6f66\" data-element_type=\"widget\" data-e-type=\"widget\" data-widget_type=\"heading.default\">\n\t\t\t\t\t<h2 class=\"elementor-heading-title elementor-size-default\">Seis datos de la frontera m\u00e1s peligrosa<\/h2>\t\t\t\t<\/div>\n\t\t\t\t\t<\/div>\n\t\t<\/div>\n\t\t\t\t\t<\/div>\n\t\t<\/section>\n\t\t\t\t<section data-particle_enable=\"false\" data-particle-mobile-disabled=\"false\" class=\"elementor-section elementor-top-section elementor-element elementor-element-ed5241c elementor-section-boxed elementor-section-height-default elementor-section-height-default\" data-id=\"ed5241c\" data-element_type=\"section\" data-e-type=\"section\">\n\t\t\t\t\t\t<div class=\"elementor-container elementor-column-gap-default\">\n\t\t\t\t\t<div class=\"elementor-column elementor-col-100 elementor-top-column elementor-element elementor-element-d668235\" data-id=\"d668235\" data-element_type=\"column\" data-e-type=\"column\">\n\t\t\t<div class=\"elementor-widget-wrap elementor-element-populated\">\n\t\t\t\t\t\t<div class=\"elementor-element elementor-element-524f5b0 elementor-widget elementor-widget-heading\" data-id=\"524f5b0\" data-element_type=\"widget\" data-e-type=\"widget\" data-widget_type=\"heading.default\">\n\t\t\t\t\t<h2 class=\"elementor-heading-title elementor-size-default\">1. Ahogamientos\n<\/h2>\t\t\t\t<\/div>\n\t\t\t\t\t<\/div>\n\t\t<\/div>\n\t\t\t\t\t<\/div>\n\t\t<\/section>\n\t\t\t\t<section data-particle_enable=\"false\" data-particle-mobile-disabled=\"false\" class=\"elementor-section elementor-top-section elementor-element elementor-element-8f680b6 elementor-section-boxed elementor-section-height-default elementor-section-height-default\" data-id=\"8f680b6\" data-element_type=\"section\" data-e-type=\"section\">\n\t\t\t\t\t\t<div class=\"elementor-container elementor-column-gap-default\">\n\t\t\t\t\t<div class=\"elementor-column elementor-col-100 elementor-top-column elementor-element elementor-element-e8fc493\" data-id=\"e8fc493\" data-element_type=\"column\" data-e-type=\"column\">\n\t\t\t<div class=\"elementor-widget-wrap elementor-element-populated\">\n\t\t\t\t\t\t<div class=\"elementor-element elementor-element-5dc83cb elementor-widget elementor-widget-text-editor\" data-id=\"5dc83cb\" data-element_type=\"widget\" data-e-type=\"widget\" data-widget_type=\"text-editor.default\">\n\t\t\t\t\t\t\t\t\t<p><span style=\"font-weight: 400;\">Seg\u00fan la OIM se han registrado <strong>234<\/strong> ahogamientos en el cruce del r\u00edo Bravo. El cruce en estas \u00e1reas es conocido por sus peligrosas corrientes, se vuelve a\u00fan m\u00e1s riesgoso con las\u00a0 fuertes lluvias.<\/span><\/p><p><span style=\"font-weight: 400;\">La Oficina de Aduanas y Protecci\u00f3n Fronteriza de Estados Unidos estima 853 muertes en el a\u00f1o fiscal 2022. Un n\u00famero al que no se hab\u00eda llegado en los \u00faltimos 20 a\u00f1os y que abarca muertes en R\u00edo Grande, San Diego, El Paso y otros lugares<\/span><\/p>\t\t\t\t\t\t\t\t<\/div>\n\t\t\t\t\t<\/div>\n\t\t<\/div>\n\t\t\t\t\t<\/div>\n\t\t<\/section>\n\t\t\t\t<section data-particle_enable=\"false\" data-particle-mobile-disabled=\"false\" class=\"elementor-section elementor-top-section elementor-element elementor-element-6175c95 elementor-section-boxed elementor-section-height-default elementor-section-height-default\" data-id=\"6175c95\" data-element_type=\"section\" data-e-type=\"section\">\n\t\t\t\t\t\t<div class=\"elementor-container elementor-column-gap-default\">\n\t\t\t\t\t<div class=\"elementor-column elementor-col-100 elementor-top-column elementor-element elementor-element-f280f9d\" data-id=\"f280f9d\" data-element_type=\"column\" data-e-type=\"column\">\n\t\t\t<div class=\"elementor-widget-wrap elementor-element-populated\">\n\t\t\t\t\t\t<div class=\"elementor-element elementor-element-4f8c88a elementor-widget elementor-widget-image\" data-id=\"4f8c88a\" data-element_type=\"widget\" data-e-type=\"widget\" data-widget_type=\"image.default\">\n\t\t\t\t\t\t\t\t\t\t\t\t<figure class=\"wp-caption\">\n\t\t\t\t\t\t\t\t\t\t<img decoding=\"async\" width=\"768\" height=\"576\" src=\"https:\/\/soymigrante.com\/revista\/wp-content\/uploads\/2023\/12\/Rio-bravo-768x576.webp\" class=\"attachment-medium_large size-medium_large wp-image-3854\" alt=\"Cada 24 horas, por lo menos, se registra una muerte o desaparici\u00f3n de un migrante en la frontera entre M\u00e9xico y Estados Unidos. Foto: Marisol Del Cid.\" srcset=\"https:\/\/soymigrante.com\/revista\/wp-content\/uploads\/2023\/12\/Rio-bravo-768x576.webp 768w, https:\/\/soymigrante.com\/revista\/wp-content\/uploads\/2023\/12\/Rio-bravo-300x225.webp 300w, https:\/\/soymigrante.com\/revista\/wp-content\/uploads\/2023\/12\/Rio-bravo-1024x768.webp 1024w, https:\/\/soymigrante.com\/revista\/wp-content\/uploads\/2023\/12\/Rio-bravo-750x563.webp 750w, https:\/\/soymigrante.com\/revista\/wp-content\/uploads\/2023\/12\/Rio-bravo-1140x855.webp 1140w, https:\/\/soymigrante.com\/revista\/wp-content\/uploads\/2023\/12\/Rio-bravo.webp 1280w\" sizes=\"(max-width: 768px) 100vw, 768px\" \/>\t\t\t\t\t\t\t\t\t\t\t<figcaption class=\"widget-image-caption wp-caption-text\">Cada 24 horas, por lo menos, se registra una muerte o desaparici\u00f3n de un migrante en la frontera entre M\u00e9xico y Estados Unidos. \n Foto: Marisol Del Cid.<\/figcaption>\n\t\t\t\t\t\t\t\t\t\t<\/figure>\n\t\t\t\t\t\t\t\t\t<\/div>\n\t\t\t\t\t<\/div>\n\t\t<\/div>\n\t\t\t\t\t<\/div>\n\t\t<\/section>\n\t\t\t\t<section data-particle_enable=\"false\" data-particle-mobile-disabled=\"false\" class=\"elementor-section elementor-top-section elementor-element elementor-element-c8b1f51 elementor-section-boxed elementor-section-height-default elementor-section-height-default\" data-id=\"c8b1f51\" data-element_type=\"section\" data-e-type=\"section\">\n\t\t\t\t\t\t<div class=\"elementor-container elementor-column-gap-default\">\n\t\t\t\t\t<div class=\"elementor-column elementor-col-100 elementor-top-column elementor-element elementor-element-2284c1d\" data-id=\"2284c1d\" data-element_type=\"column\" data-e-type=\"column\">\n\t\t\t<div class=\"elementor-widget-wrap elementor-element-populated\">\n\t\t\t\t\t\t<div class=\"elementor-element elementor-element-83534a7 elementor-widget elementor-widget-heading\" data-id=\"83534a7\" data-element_type=\"widget\" data-e-type=\"widget\" data-widget_type=\"heading.default\">\n\t\t\t\t\t<h2 class=\"elementor-heading-title elementor-size-default\">2. Medios de transportes peligrosos\n<\/h2>\t\t\t\t<\/div>\n\t\t\t\t\t<\/div>\n\t\t<\/div>\n\t\t\t\t\t<\/div>\n\t\t<\/section>\n\t\t\t\t<section data-particle_enable=\"false\" data-particle-mobile-disabled=\"false\" class=\"elementor-section elementor-top-section elementor-element elementor-element-099160d elementor-section-boxed elementor-section-height-default elementor-section-height-default\" data-id=\"099160d\" data-element_type=\"section\" data-e-type=\"section\">\n\t\t\t\t\t\t<div class=\"elementor-container elementor-column-gap-default\">\n\t\t\t\t\t<div class=\"elementor-column elementor-col-100 elementor-top-column elementor-element elementor-element-fe16341\" data-id=\"fe16341\" data-element_type=\"column\" data-e-type=\"column\">\n\t\t\t<div class=\"elementor-widget-wrap elementor-element-populated\">\n\t\t\t\t\t\t<div class=\"elementor-element elementor-element-c6ef165 elementor-widget elementor-widget-text-editor\" data-id=\"c6ef165\" data-element_type=\"widget\" data-e-type=\"widget\" data-widget_type=\"text-editor.default\">\n\t\t\t\t\t\t\t\t\t<p><span style=\"font-weight: 400;\">Los riesgos aumentan en los medios de transporte como el cruce en balsas, tr\u00e1ileres y el conocido tren \u201cLa bestia\u201d. La principal causa de muerte es quienes van a bordo del techo del tren.\u00a0<\/span><\/p><p><span style=\"font-weight: 400;\">La causa principal de muerte registrada en las rutas migratorias desde Centroam\u00e9rica son los accidentes ocurridos mayormente en trenes de carga, que son usados como medio de transporte por los migrantes.<\/span><\/p>\t\t\t\t\t\t\t\t<\/div>\n\t\t\t\t\t<\/div>\n\t\t<\/div>\n\t\t\t\t\t<\/div>\n\t\t<\/section>\n\t\t\t\t<section data-particle_enable=\"false\" data-particle-mobile-disabled=\"false\" class=\"elementor-section elementor-top-section elementor-element elementor-element-1d46058 elementor-section-boxed elementor-section-height-default elementor-section-height-default\" data-id=\"1d46058\" data-element_type=\"section\" data-e-type=\"section\">\n\t\t\t\t\t\t<div class=\"elementor-container elementor-column-gap-default\">\n\t\t\t\t\t<div class=\"elementor-column elementor-col-100 elementor-top-column elementor-element elementor-element-f0d9551\" data-id=\"f0d9551\" data-element_type=\"column\" data-e-type=\"column\">\n\t\t\t<div class=\"elementor-widget-wrap elementor-element-populated\">\n\t\t\t\t\t\t<div class=\"elementor-element elementor-element-a9a3ba8 elementor--v-position-top elementor--h-position-center elementor-arrows-position-inside elementor-pagination-position-inside elementor-widget elementor-widget-slides\" data-id=\"a9a3ba8\" data-element_type=\"widget\" data-e-type=\"widget\" data-settings=\"{&quot;navigation&quot;:&quot;both&quot;,&quot;autoplay&quot;:&quot;yes&quot;,&quot;pause_on_hover&quot;:&quot;yes&quot;,&quot;pause_on_interaction&quot;:&quot;yes&quot;,&quot;autoplay_speed&quot;:5000,&quot;infinite&quot;:&quot;yes&quot;,&quot;transition&quot;:&quot;slide&quot;,&quot;transition_speed&quot;:500}\" data-widget_type=\"slides.default\">\n\t\t\t\t\t\t\t\t\t\t<div class=\"elementor-slides-wrapper elementor-main-swiper swiper\" role=\"region\" aria-roledescription=\"carousel\" aria-label=\"Diapositivas\" dir=\"ltr\" data-animation=\"fadeInUp\">\n\t\t\t\t<div class=\"swiper-wrapper elementor-slides\">\n\t\t\t\t\t\t\t\t\t\t<div class=\"elementor-repeater-item-eafd8ea swiper-slide\" role=\"group\" aria-roledescription=\"slide\"><div class=\"swiper-slide-bg\"><\/div><div class=\"swiper-slide-inner\" ><div class=\"swiper-slide-contents\"><div class=\"elementor-slide-heading\">Se registran 165 muertes vinculadas a transporte peligroso<\/div><div class=\"elementor-slide-description\">\n<\/div><\/div><\/div><\/div>\t\t\t\t<\/div>\n\t\t\t\t\t\t\t<\/div>\n\t\t\t\t\t\t\t\t<\/div>\n\t\t\t\t<div class=\"elementor-element elementor-element-509760e elementor-widget elementor-widget-heading\" data-id=\"509760e\" data-element_type=\"widget\" data-e-type=\"widget\" data-widget_type=\"heading.default\">\n\t\t\t\t\t<h2 class=\"elementor-heading-title elementor-size-default\">3. Condiciones ambientales\n<\/h2>\t\t\t\t<\/div>\n\t\t\t\t\t<\/div>\n\t\t<\/div>\n\t\t\t\t\t<\/div>\n\t\t<\/section>\n\t\t\t\t<section data-particle_enable=\"false\" data-particle-mobile-disabled=\"false\" class=\"elementor-section elementor-top-section elementor-element elementor-element-833bc97 elementor-section-boxed elementor-section-height-default elementor-section-height-default\" data-id=\"833bc97\" data-element_type=\"section\" data-e-type=\"section\">\n\t\t\t\t\t\t<div class=\"elementor-container elementor-column-gap-default\">\n\t\t\t\t\t<div class=\"elementor-column elementor-col-100 elementor-top-column elementor-element elementor-element-3687cb5\" data-id=\"3687cb5\" data-element_type=\"column\" data-e-type=\"column\">\n\t\t\t<div class=\"elementor-widget-wrap elementor-element-populated\">\n\t\t\t\t\t\t<div class=\"elementor-element elementor-element-b3433a7 elementor-widget elementor-widget-text-editor\" data-id=\"b3433a7\" data-element_type=\"widget\" data-e-type=\"widget\" data-widget_type=\"text-editor.default\">\n\t\t\t\t\t\t\t\t\t<p><span style=\"font-weight: 400;\">El cambio clim\u00e1tico puede generar alteraci\u00f3n en el estado f\u00edsico y psicol\u00f3gico de las personas migrantes. Golpes de calor o bajas temperaturas contribuyen al deterioro y riesgo de muerte. Tambi\u00e9n la falta de agua y comida adecuada.\u00a0<\/span><\/p>\t\t\t\t\t\t\t\t<\/div>\n\t\t\t\t\t<\/div>\n\t\t<\/div>\n\t\t\t\t\t<\/div>\n\t\t<\/section>\n\t\t\t\t<section data-particle_enable=\"false\" data-particle-mobile-disabled=\"false\" class=\"elementor-section elementor-top-section elementor-element elementor-element-989f4f5 elementor-section-boxed elementor-section-height-default elementor-section-height-default\" data-id=\"989f4f5\" data-element_type=\"section\" data-e-type=\"section\">\n\t\t\t\t\t\t<div class=\"elementor-container elementor-column-gap-default\">\n\t\t\t\t\t<div class=\"elementor-column elementor-col-100 elementor-top-column elementor-element elementor-element-1eeba0b\" data-id=\"1eeba0b\" data-element_type=\"column\" data-e-type=\"column\">\n\t\t\t<div class=\"elementor-widget-wrap elementor-element-populated\">\n\t\t\t\t\t\t<div class=\"elementor-element elementor-element-e5b9f8c elementor--v-position-top elementor--h-position-center elementor-arrows-position-inside elementor-pagination-position-inside elementor-widget elementor-widget-slides\" data-id=\"e5b9f8c\" data-element_type=\"widget\" data-e-type=\"widget\" data-settings=\"{&quot;navigation&quot;:&quot;both&quot;,&quot;autoplay&quot;:&quot;yes&quot;,&quot;pause_on_hover&quot;:&quot;yes&quot;,&quot;pause_on_interaction&quot;:&quot;yes&quot;,&quot;autoplay_speed&quot;:5000,&quot;infinite&quot;:&quot;yes&quot;,&quot;transition&quot;:&quot;slide&quot;,&quot;transition_speed&quot;:500}\" data-widget_type=\"slides.default\">\n\t\t\t\t\t\t\t\t\t\t<div class=\"elementor-slides-wrapper elementor-main-swiper swiper\" role=\"region\" aria-roledescription=\"carousel\" aria-label=\"Diapositivas\" dir=\"ltr\" data-animation=\"fadeInUp\">\n\t\t\t\t<div class=\"swiper-wrapper elementor-slides\">\n\t\t\t\t\t\t\t\t\t\t<div class=\"elementor-repeater-item-eafd8ea swiper-slide\" role=\"group\" aria-roledescription=\"slide\"><div class=\"swiper-slide-bg\"><\/div><div class=\"swiper-slide-inner\" ><div class=\"swiper-slide-contents\"><div class=\"elementor-slide-heading\">Se han registrado 63 migrantes fallecidos por condiciones ambientales extremas<\/div><div class=\"elementor-slide-description\">\n<\/div><\/div><\/div><\/div>\t\t\t\t<\/div>\n\t\t\t\t\t\t\t<\/div>\n\t\t\t\t\t\t\t\t<\/div>\n\t\t\t\t\t<\/div>\n\t\t<\/div>\n\t\t\t\t\t<\/div>\n\t\t<\/section>\n\t\t\t\t<section data-particle_enable=\"false\" data-particle-mobile-disabled=\"false\" class=\"elementor-section elementor-top-section elementor-element elementor-element-1832fa9 elementor-section-boxed elementor-section-height-default elementor-section-height-default\" data-id=\"1832fa9\" data-element_type=\"section\" data-e-type=\"section\">\n\t\t\t\t\t\t<div class=\"elementor-container elementor-column-gap-default\">\n\t\t\t\t\t<div class=\"elementor-column elementor-col-100 elementor-top-column elementor-element elementor-element-0670f66\" data-id=\"0670f66\" data-element_type=\"column\" data-e-type=\"column\">\n\t\t\t<div class=\"elementor-widget-wrap elementor-element-populated\">\n\t\t\t\t\t\t<div class=\"elementor-element elementor-element-13886a4 elementor-widget elementor-widget-heading\" data-id=\"13886a4\" data-element_type=\"widget\" data-e-type=\"widget\" data-widget_type=\"heading.default\">\n\t\t\t\t\t<h2 class=\"elementor-heading-title elementor-size-default\">4. Riesgos de desapariciones \n<\/h2>\t\t\t\t<\/div>\n\t\t\t\t\t<\/div>\n\t\t<\/div>\n\t\t\t\t\t<\/div>\n\t\t<\/section>\n\t\t\t\t<section data-particle_enable=\"false\" data-particle-mobile-disabled=\"false\" class=\"elementor-section elementor-top-section elementor-element elementor-element-55b26b2 elementor-section-boxed elementor-section-height-default elementor-section-height-default\" data-id=\"55b26b2\" data-element_type=\"section\" data-e-type=\"section\">\n\t\t\t\t\t\t<div class=\"elementor-container elementor-column-gap-default\">\n\t\t\t\t\t<div class=\"elementor-column elementor-col-100 elementor-top-column elementor-element elementor-element-62f0238\" data-id=\"62f0238\" data-element_type=\"column\" data-e-type=\"column\">\n\t\t\t<div class=\"elementor-widget-wrap elementor-element-populated\">\n\t\t\t\t\t\t<div class=\"elementor-element elementor-element-670edd2 elementor-widget elementor-widget-text-editor\" data-id=\"670edd2\" data-element_type=\"widget\" data-e-type=\"widget\" data-widget_type=\"text-editor.default\">\n\t\t\t\t\t\t\t\t\t<p><span style=\"font-weight: 400;\">Las desapariciones de migrantes se deben a la poca presencia de personas a lo largo de las rutas o vastedad de los territorios. La violencia y el tr\u00e1fico de personas es un riesgo que aumenta en el intento de cruzar y llegar a su destino.<\/span><\/p>\t\t\t\t\t\t\t\t<\/div>\n\t\t\t\t\t<\/div>\n\t\t<\/div>\n\t\t\t\t\t<\/div>\n\t\t<\/section>\n\t\t\t\t<section data-particle_enable=\"false\" data-particle-mobile-disabled=\"false\" class=\"elementor-section elementor-top-section elementor-element elementor-element-e38acfe elementor-section-boxed elementor-section-height-default elementor-section-height-default\" data-id=\"e38acfe\" data-element_type=\"section\" data-e-type=\"section\">\n\t\t\t\t\t\t<div class=\"elementor-container elementor-column-gap-default\">\n\t\t\t\t\t<div class=\"elementor-column elementor-col-100 elementor-top-column elementor-element elementor-element-66a2e82\" data-id=\"66a2e82\" data-element_type=\"column\" data-e-type=\"column\">\n\t\t\t<div class=\"elementor-widget-wrap elementor-element-populated\">\n\t\t\t\t\t\t<div class=\"elementor-element elementor-element-45cc3f8 elementor--v-position-top elementor--h-position-center elementor-arrows-position-inside elementor-pagination-position-inside elementor-widget elementor-widget-slides\" data-id=\"45cc3f8\" data-element_type=\"widget\" data-e-type=\"widget\" data-settings=\"{&quot;navigation&quot;:&quot;both&quot;,&quot;autoplay&quot;:&quot;yes&quot;,&quot;pause_on_hover&quot;:&quot;yes&quot;,&quot;pause_on_interaction&quot;:&quot;yes&quot;,&quot;autoplay_speed&quot;:5000,&quot;infinite&quot;:&quot;yes&quot;,&quot;transition&quot;:&quot;slide&quot;,&quot;transition_speed&quot;:500}\" data-widget_type=\"slides.default\">\n\t\t\t\t\t\t\t\t\t\t<div class=\"elementor-slides-wrapper elementor-main-swiper swiper\" role=\"region\" aria-roledescription=\"carousel\" aria-label=\"Diapositivas\" dir=\"ltr\" data-animation=\"fadeInUp\">\n\t\t\t\t<div class=\"swiper-wrapper elementor-slides\">\n\t\t\t\t\t\t\t\t\t\t<div class=\"elementor-repeater-item-eafd8ea swiper-slide\" role=\"group\" aria-roledescription=\"slide\"><div class=\"swiper-slide-bg\"><\/div><div class=\"swiper-slide-inner\" ><div class=\"swiper-slide-contents\"><div class=\"elementor-slide-heading\">Se han registrado 44 Fallecimientos mixtas o desconocidas y 39 por violencia<\/div><div class=\"elementor-slide-description\">\n<\/div><\/div><\/div><\/div>\t\t\t\t<\/div>\n\t\t\t\t\t\t\t<\/div>\n\t\t\t\t\t\t\t\t<\/div>\n\t\t\t\t\t<\/div>\n\t\t<\/div>\n\t\t\t\t\t<\/div>\n\t\t<\/section>\n\t\t\t\t<section data-particle_enable=\"false\" data-particle-mobile-disabled=\"false\" class=\"elementor-section elementor-top-section elementor-element elementor-element-b35d778 elementor-section-boxed elementor-section-height-default elementor-section-height-default\" data-id=\"b35d778\" data-element_type=\"section\" data-e-type=\"section\">\n\t\t\t\t\t\t<div class=\"elementor-container elementor-column-gap-default\">\n\t\t\t\t\t<div class=\"elementor-column elementor-col-100 elementor-top-column elementor-element elementor-element-9d2ddd5\" data-id=\"9d2ddd5\" data-element_type=\"column\" data-e-type=\"column\">\n\t\t\t<div class=\"elementor-widget-wrap elementor-element-populated\">\n\t\t\t\t\t\t<div class=\"elementor-element elementor-element-667b21f elementor-widget elementor-widget-heading\" data-id=\"667b21f\" data-element_type=\"widget\" data-e-type=\"widget\" data-widget_type=\"heading.default\">\n\t\t\t\t\t<h2 class=\"elementor-heading-title elementor-size-default\">5. Muerte accidental\n<\/h2>\t\t\t\t<\/div>\n\t\t\t\t\t<\/div>\n\t\t<\/div>\n\t\t\t\t\t<\/div>\n\t\t<\/section>\n\t\t\t\t<section data-particle_enable=\"false\" data-particle-mobile-disabled=\"false\" class=\"elementor-section elementor-top-section elementor-element elementor-element-b391b08 elementor-section-boxed elementor-section-height-default elementor-section-height-default\" data-id=\"b391b08\" data-element_type=\"section\" data-e-type=\"section\">\n\t\t\t\t\t\t<div class=\"elementor-container elementor-column-gap-default\">\n\t\t\t\t\t<div class=\"elementor-column elementor-col-100 elementor-top-column elementor-element elementor-element-fa35779\" data-id=\"fa35779\" data-element_type=\"column\" data-e-type=\"column\">\n\t\t\t<div class=\"elementor-widget-wrap elementor-element-populated\">\n\t\t\t\t\t\t<div class=\"elementor-element elementor-element-94c448e elementor-widget elementor-widget-text-editor\" data-id=\"94c448e\" data-element_type=\"widget\" data-e-type=\"widget\" data-widget_type=\"text-editor.default\">\n\t\t\t\t\t\t\t\t\t<p><span style=\"font-weight: 400;\">La muerte accidental se refiere a cualquier forma de accidente en veh\u00edculos o accidentes f\u00edsicos a causa de una ca\u00edda, ataque de alg\u00fan animal u otra posibilidad instant\u00e1nea no registrada.<\/span><\/p>\t\t\t\t\t\t\t\t<\/div>\n\t\t\t\t\t<\/div>\n\t\t<\/div>\n\t\t\t\t\t<\/div>\n\t\t<\/section>\n\t\t\t\t<section data-particle_enable=\"false\" data-particle-mobile-disabled=\"false\" class=\"elementor-section elementor-top-section elementor-element elementor-element-d89c076 elementor-section-boxed elementor-section-height-default elementor-section-height-default\" data-id=\"d89c076\" data-element_type=\"section\" data-e-type=\"section\">\n\t\t\t\t\t\t<div class=\"elementor-container elementor-column-gap-default\">\n\t\t\t\t\t<div class=\"elementor-column elementor-col-100 elementor-top-column elementor-element elementor-element-7fce9ed\" data-id=\"7fce9ed\" data-element_type=\"column\" data-e-type=\"column\">\n\t\t\t<div class=\"elementor-widget-wrap elementor-element-populated\">\n\t\t\t\t\t\t<div class=\"elementor-element elementor-element-e5aba08 elementor--v-position-top elementor--h-position-center elementor-arrows-position-inside elementor-pagination-position-inside elementor-widget elementor-widget-slides\" data-id=\"e5aba08\" data-element_type=\"widget\" data-e-type=\"widget\" data-settings=\"{&quot;navigation&quot;:&quot;both&quot;,&quot;autoplay&quot;:&quot;yes&quot;,&quot;pause_on_hover&quot;:&quot;yes&quot;,&quot;pause_on_interaction&quot;:&quot;yes&quot;,&quot;autoplay_speed&quot;:5000,&quot;infinite&quot;:&quot;yes&quot;,&quot;transition&quot;:&quot;slide&quot;,&quot;transition_speed&quot;:500}\" data-widget_type=\"slides.default\">\n\t\t\t\t\t\t\t\t\t\t<div class=\"elementor-slides-wrapper elementor-main-swiper swiper\" role=\"region\" aria-roledescription=\"carousel\" aria-label=\"Diapositivas\" dir=\"ltr\" data-animation=\"fadeInUp\">\n\t\t\t\t<div class=\"swiper-wrapper elementor-slides\">\n\t\t\t\t\t\t\t\t\t\t<div class=\"elementor-repeater-item-eafd8ea swiper-slide\" role=\"group\" aria-roledescription=\"slide\"><div class=\"swiper-slide-bg\"><\/div><div class=\"swiper-slide-inner\" ><div class=\"swiper-slide-contents\"><div class=\"elementor-slide-heading\">Se han registrado 49 muertes en accidentes de veh\u00edculos<\/div><div class=\"elementor-slide-description\">\n<\/div><\/div><\/div><\/div>\t\t\t\t<\/div>\n\t\t\t\t\t\t\t<\/div>\n\t\t\t\t\t\t\t\t<\/div>\n\t\t\t\t\t<\/div>\n\t\t<\/div>\n\t\t\t\t\t<\/div>\n\t\t<\/section>\n\t\t\t\t<section data-particle_enable=\"false\" data-particle-mobile-disabled=\"false\" class=\"elementor-section elementor-top-section elementor-element elementor-element-704bd62 elementor-section-boxed elementor-section-height-default elementor-section-height-default\" data-id=\"704bd62\" data-element_type=\"section\" data-e-type=\"section\">\n\t\t\t\t\t\t<div class=\"elementor-container elementor-column-gap-default\">\n\t\t\t\t\t<div class=\"elementor-column elementor-col-100 elementor-top-column elementor-element elementor-element-f4bc13c\" data-id=\"f4bc13c\" data-element_type=\"column\" data-e-type=\"column\">\n\t\t\t<div class=\"elementor-widget-wrap elementor-element-populated\">\n\t\t\t\t\t\t<div class=\"elementor-element elementor-element-13440a3 elementor-widget elementor-widget-heading\" data-id=\"13440a3\" data-element_type=\"widget\" data-e-type=\"widget\" data-widget_type=\"heading.default\">\n\t\t\t\t\t<h2 class=\"elementor-heading-title elementor-size-default\">6. Acceso a la salud\n<\/h2>\t\t\t\t<\/div>\n\t\t\t\t\t<\/div>\n\t\t<\/div>\n\t\t\t\t\t<\/div>\n\t\t<\/section>\n\t\t\t\t<section data-particle_enable=\"false\" data-particle-mobile-disabled=\"false\" class=\"elementor-section elementor-top-section elementor-element elementor-element-ccb98ad elementor-section-boxed elementor-section-height-default elementor-section-height-default\" data-id=\"ccb98ad\" data-element_type=\"section\" data-e-type=\"section\">\n\t\t\t\t\t\t<div class=\"elementor-container elementor-column-gap-default\">\n\t\t\t\t\t<div class=\"elementor-column elementor-col-100 elementor-top-column elementor-element elementor-element-33e752c\" data-id=\"33e752c\" data-element_type=\"column\" data-e-type=\"column\">\n\t\t\t<div class=\"elementor-widget-wrap elementor-element-populated\">\n\t\t\t\t\t\t<div class=\"elementor-element elementor-element-8caa543 elementor-widget elementor-widget-text-editor\" data-id=\"8caa543\" data-element_type=\"widget\" data-e-type=\"widget\" data-widget_type=\"text-editor.default\">\n\t\t\t\t\t\t\t\t\t<p><span style=\"font-weight: 400;\">La falta de cuidados adecuados inmediatos de salud y las condiciones de salud de las personas migrantes ponen en riesgo su traves\u00eda hacia su destino. Muchos de ellos fallecieron por paro card\u00edaco, deshidrataci\u00f3n, desmayos y accidentes f\u00edsicos.<\/span><\/p>\t\t\t\t\t\t\t\t<\/div>\n\t\t\t\t\t<\/div>\n\t\t<\/div>\n\t\t\t\t\t<\/div>\n\t\t<\/section>\n\t\t\t\t<section data-particle_enable=\"false\" data-particle-mobile-disabled=\"false\" class=\"elementor-section elementor-top-section elementor-element elementor-element-8788ff1 elementor-section-boxed elementor-section-height-default elementor-section-height-default\" data-id=\"8788ff1\" data-element_type=\"section\" data-e-type=\"section\">\n\t\t\t\t\t\t<div class=\"elementor-container elementor-column-gap-default\">\n\t\t\t\t\t<div class=\"elementor-column elementor-col-100 elementor-top-column elementor-element elementor-element-b18fd76\" data-id=\"b18fd76\" data-element_type=\"column\" data-e-type=\"column\">\n\t\t\t<div class=\"elementor-widget-wrap elementor-element-populated\">\n\t\t\t\t\t\t<div class=\"elementor-element elementor-element-b234370 elementor--v-position-top elementor--h-position-center elementor-arrows-position-inside elementor-pagination-position-inside elementor-widget elementor-widget-slides\" data-id=\"b234370\" data-element_type=\"widget\" data-e-type=\"widget\" data-settings=\"{&quot;navigation&quot;:&quot;both&quot;,&quot;autoplay&quot;:&quot;yes&quot;,&quot;pause_on_hover&quot;:&quot;yes&quot;,&quot;pause_on_interaction&quot;:&quot;yes&quot;,&quot;autoplay_speed&quot;:5000,&quot;infinite&quot;:&quot;yes&quot;,&quot;transition&quot;:&quot;slide&quot;,&quot;transition_speed&quot;:500}\" data-widget_type=\"slides.default\">\n\t\t\t\t\t\t\t\t\t\t<div class=\"elementor-slides-wrapper elementor-main-swiper swiper\" role=\"region\" aria-roledescription=\"carousel\" aria-label=\"Diapositivas\" dir=\"ltr\" data-animation=\"fadeInUp\">\n\t\t\t\t<div class=\"swiper-wrapper elementor-slides\">\n\t\t\t\t\t\t\t\t\t\t<div class=\"elementor-repeater-item-eafd8ea swiper-slide\" role=\"group\" aria-roledescription=\"slide\"><div class=\"swiper-slide-bg\"><\/div><div class=\"swiper-slide-inner\" ><div class=\"swiper-slide-contents\"><div class=\"elementor-slide-heading\">Se han registrado 9 fallecidos por enfermedad y falta de acceso a cuidados adecuados de salud<\/div><div class=\"elementor-slide-description\">\n<\/div><\/div><\/div><\/div>\t\t\t\t<\/div>\n\t\t\t\t\t\t\t<\/div>\n\t\t\t\t\t\t\t\t<\/div>\n\t\t\t\t\t<\/div>\n\t\t<\/div>\n\t\t\t\t\t<\/div>\n\t\t<\/section>\n\t\t\t\t<section data-particle_enable=\"false\" data-particle-mobile-disabled=\"false\" class=\"elementor-section elementor-top-section elementor-element elementor-element-f239233 elementor-section-boxed elementor-section-height-default elementor-section-height-default\" data-id=\"f239233\" data-element_type=\"section\" data-e-type=\"section\">\n\t\t\t\t\t\t<div class=\"elementor-container elementor-column-gap-default\">\n\t\t\t\t\t<div class=\"elementor-column elementor-col-100 elementor-top-column elementor-element elementor-element-6f1622b\" data-id=\"6f1622b\" data-element_type=\"column\" data-e-type=\"column\">\n\t\t\t<div class=\"elementor-widget-wrap elementor-element-populated\">\n\t\t\t\t\t\t<div class=\"elementor-element elementor-element-3a1c3dd elementor-widget elementor-widget-text-editor\" data-id=\"3a1c3dd\" data-element_type=\"widget\" data-e-type=\"widget\" data-widget_type=\"text-editor.default\">\n\t\t\t\t\t\t\t\t\t<p><span style=\"font-weight: 400;\">La comparaci\u00f3n del 2014 al 2023, se coloca como el tercer a\u00f1o con mayor n\u00famero de muertes y desapariciones de migrantes, s\u00f3lo por detr\u00e1s del 2021 con 534 y el 2022 con 528, cuando la cifra promedio de muertes diarias era de dos cada d\u00eda.<\/span><\/p><p><span style=\"font-weight: 400;\">La organizaci\u00f3n de migraci\u00f3n menciona que se realiza el monitoreo de las rutas con el proyecto migrantes desaparecidos, \u201cEstas rutas entra\u00f1an un desaf\u00edo en s\u00ed mismas por sus condiciones geogr\u00e1ficas y de seguridad. Muchas de \u00e9stas, cruzan regiones de conflicto con presencia de grupos criminales y redes dedicadas al tr\u00e1fico il\u00edcito de migrantes, trata de personas y contrabando de mercanc\u00edas\u201d<\/span><\/p>\t\t\t\t\t\t\t\t<\/div>\n\t\t\t\t\t<\/div>\n\t\t<\/div>\n\t\t\t\t\t<\/div>\n\t\t<\/section>\n\t\t\t\t<section data-particle_enable=\"false\" data-particle-mobile-disabled=\"false\" class=\"elementor-section elementor-top-section elementor-element elementor-element-c5a822f elementor-section-boxed elementor-section-height-default elementor-section-height-default\" data-id=\"c5a822f\" data-element_type=\"section\" data-e-type=\"section\">\n\t\t\t\t\t\t<div class=\"elementor-container elementor-column-gap-default\">\n\t\t\t\t\t<div class=\"elementor-column elementor-col-100 elementor-top-column elementor-element elementor-element-bcaa4c9\" data-id=\"bcaa4c9\" data-element_type=\"column\" data-e-type=\"column\">\n\t\t\t<div class=\"elementor-widget-wrap elementor-element-populated\">\n\t\t\t\t\t\t<div class=\"elementor-element elementor-element-2bd8feb elementor-widget elementor-widget-heading\" data-id=\"2bd8feb\" data-element_type=\"widget\" data-e-type=\"widget\" data-widget_type=\"heading.default\">\n\t\t\t\t\t<h2 class=\"elementor-heading-title elementor-size-default\">Riesgos durante el trayecto<\/h2>\t\t\t\t<\/div>\n\t\t\t\t\t<\/div>\n\t\t<\/div>\n\t\t\t\t\t<\/div>\n\t\t<\/section>\n\t\t\t\t<section data-particle_enable=\"false\" data-particle-mobile-disabled=\"false\" class=\"elementor-section elementor-top-section elementor-element elementor-element-64c8b33 elementor-section-boxed elementor-section-height-default elementor-section-height-default\" data-id=\"64c8b33\" data-element_type=\"section\" data-e-type=\"section\">\n\t\t\t\t\t\t<div class=\"elementor-container elementor-column-gap-default\">\n\t\t\t\t\t<div class=\"elementor-column elementor-col-100 elementor-top-column elementor-element elementor-element-357857a\" data-id=\"357857a\" data-element_type=\"column\" data-e-type=\"column\">\n\t\t\t<div class=\"elementor-widget-wrap elementor-element-populated\">\n\t\t\t\t\t\t<div class=\"elementor-element elementor-element-fc32908 elementor--h-position-center elementor--v-position-middle elementor-arrows-position-inside elementor-pagination-position-inside elementor-widget elementor-widget-slides\" data-id=\"fc32908\" data-element_type=\"widget\" data-e-type=\"widget\" data-settings=\"{&quot;navigation&quot;:&quot;both&quot;,&quot;autoplay&quot;:&quot;yes&quot;,&quot;pause_on_hover&quot;:&quot;yes&quot;,&quot;pause_on_interaction&quot;:&quot;yes&quot;,&quot;autoplay_speed&quot;:5000,&quot;infinite&quot;:&quot;yes&quot;,&quot;transition&quot;:&quot;slide&quot;,&quot;transition_speed&quot;:500}\" data-widget_type=\"slides.default\">\n\t\t\t\t\t\t\t\t\t\t<div class=\"elementor-slides-wrapper elementor-main-swiper swiper\" role=\"region\" aria-roledescription=\"carousel\" aria-label=\"Diapositivas\" dir=\"ltr\" data-animation=\"fadeInUp\">\n\t\t\t\t<div class=\"swiper-wrapper elementor-slides\">\n\t\t\t\t\t\t\t\t\t\t<div class=\"elementor-repeater-item-b798478 swiper-slide\" role=\"group\" aria-roledescription=\"slide\"><div class=\"swiper-slide-bg\"><\/div><div class=\"swiper-slide-inner\" ><div class=\"swiper-slide-contents\"><div class=\"elementor-slide-heading\">Falta de alimento o agua<\/div><\/div><\/div><\/div><div class=\"elementor-repeater-item-a38dd69 swiper-slide\" role=\"group\" aria-roledescription=\"slide\"><div class=\"swiper-slide-bg\"><\/div><div class=\"swiper-slide-inner\" ><div class=\"swiper-slide-contents\"><div class=\"elementor-slide-heading\">Perderse en el camino<\/div><\/div><\/div><\/div><div class=\"elementor-repeater-item-eff2a97 swiper-slide\" role=\"group\" aria-roledescription=\"slide\"><div class=\"swiper-slide-bg\"><\/div><div class=\"swiper-slide-inner\" ><div class=\"swiper-slide-contents\"><div class=\"elementor-slide-heading\">Fr\u00edo o calor extremo mareos o desmayos, accidentes f\u00edsicos, riesgos de ahogamiento<\/div><\/div><\/div><\/div><div class=\"elementor-repeater-item-c22a07e swiper-slide\" role=\"group\" aria-roledescription=\"slide\"><div class=\"swiper-slide-bg\"><\/div><div class=\"swiper-slide-inner\" ><div class=\"swiper-slide-contents\"><div class=\"elementor-slide-heading\">Ataques de animales<\/div><\/div><\/div><\/div><div class=\"elementor-repeater-item-9379767 swiper-slide\" role=\"group\" aria-roledescription=\"slide\"><div class=\"swiper-slide-bg\"><\/div><div class=\"swiper-slide-inner\" ><div class=\"swiper-slide-contents\"><div class=\"elementor-slide-heading\">Abandono de traficantes (gu\u00edas, coyotes o polleros)<\/div><\/div><\/div><\/div><div class=\"elementor-repeater-item-6d27b41 swiper-slide\" role=\"group\" aria-roledescription=\"slide\"><div class=\"swiper-slide-bg\"><\/div><div class=\"swiper-slide-inner\" ><div class=\"swiper-slide-contents\"><div class=\"elementor-slide-heading\">Delitos como: asaltos, robos, trata de personas, secuestros, extorsi\u00f3n, ataques sexuales, reclutamiento forzado por parte del crimen organizado<\/div><\/div><\/div><\/div>\t\t\t\t<\/div>\n\t\t\t\t\t\t\t\t\t\t\t\t\t\t\t<div class=\"elementor-swiper-button elementor-swiper-button-prev\" role=\"button\" tabindex=\"0\" aria-label=\"Diapositiva anterior\">\n\t\t\t\t\t\t\t<i aria-hidden=\"true\" class=\"eicon-chevron-left\"><\/i>\t\t\t\t\t\t<\/div>\n\t\t\t\t\t\t<div class=\"elementor-swiper-button elementor-swiper-button-next\" role=\"button\" tabindex=\"0\" aria-label=\"Diapositiva siguiente\">\n\t\t\t\t\t\t\t<i aria-hidden=\"true\" class=\"eicon-chevron-right\"><\/i>\t\t\t\t\t\t<\/div>\n\t\t\t\t\t\t\t\t\t\t\t\t\t\t\t\t<div class=\"swiper-pagination\"><\/div>\n\t\t\t\t\t\t\t\t\t\t\t\t<\/div>\n\t\t\t\t\t\t\t\t<\/div>\n\t\t\t\t\t<\/div>\n\t\t<\/div>\n\t\t\t\t\t<\/div>\n\t\t<\/section>\n\t\t\t\t<section data-particle_enable=\"false\" data-particle-mobile-disabled=\"false\" class=\"elementor-section elementor-top-section elementor-element elementor-element-37a993e elementor-section-boxed elementor-section-height-default elementor-section-height-default\" data-id=\"37a993e\" data-element_type=\"section\" data-e-type=\"section\">\n\t\t\t\t\t\t<div class=\"elementor-container elementor-column-gap-default\">\n\t\t\t\t\t<div class=\"elementor-column elementor-col-100 elementor-top-column elementor-element elementor-element-c81ad6b\" data-id=\"c81ad6b\" data-element_type=\"column\" data-e-type=\"column\">\n\t\t\t<div class=\"elementor-widget-wrap elementor-element-populated\">\n\t\t\t\t\t\t<div class=\"elementor-element elementor-element-bc02f6a elementor-widget elementor-widget-heading\" data-id=\"bc02f6a\" data-element_type=\"widget\" data-e-type=\"widget\" data-widget_type=\"heading.default\">\n\t\t\t\t\t<h2 class=\"elementor-heading-title elementor-size-default\">Tambi\u00e9n podr\u00eda interesarte...<\/h2>\t\t\t\t<\/div>\n\t\t\t\t\t<\/div>\n\t\t<\/div>\n\t\t\t\t\t<\/div>\n\t\t<\/section>\n\t\t\t\t<section data-particle_enable=\"false\" data-particle-mobile-disabled=\"false\" class=\"elementor-section elementor-top-section elementor-element elementor-element-2365940 elementor-section-boxed elementor-section-height-default elementor-section-height-default\" data-id=\"2365940\" data-element_type=\"section\" data-e-type=\"section\">\n\t\t\t\t\t\t<div class=\"elementor-container elementor-column-gap-default\">\n\t\t\t\t\t<div class=\"elementor-column elementor-col-100 elementor-top-column elementor-element elementor-element-083677d\" data-id=\"083677d\" data-element_type=\"column\" data-e-type=\"column\">\n\t\t\t<div class=\"elementor-widget-wrap elementor-element-populated\">\n\t\t\t\t\t\t<div class=\"elementor-element elementor-element-fb952b8 elementor-grid-eael-col-2 elementor-grid-tablet-eael-col-2 elementor-grid-mobile-eael-col-1 elementor-widget elementor-widget-eael-post-grid\" data-id=\"fb952b8\" data-element_type=\"widget\" data-e-type=\"widget\" data-settings=\"{&quot;eael_post_grid_columns&quot;:&quot;eael-col-2&quot;,&quot;eael_post_grid_columns_tablet&quot;:&quot;eael-col-2&quot;,&quot;eael_post_grid_columns_mobile&quot;:&quot;eael-col-1&quot;}\" data-widget_type=\"eael-post-grid.default\">\n\t\t\t\t\t<div id=\"eael-post-grid-fb952b8\" class=\"eael-post-grid-container\">\n            <div class=\"eael-post-grid eael-post-appender eael-post-appender-fb952b8 eael-post-grid-style-one\" data-layout-mode=\"masonry\"><article class=\"eael-grid-post  eael-post-grid-column eael-pg-post-1423 category-bienestar\" data-id=\"1423\">\n        <div class=\"eael-grid-post-holder\">\n            <div class=\"eael-grid-post-holder-inner\"><div class=\"eael-entry-media\"><div class=\"eael-entry-overlay fade-in\"><i class=\"fas fa-long-arrow-alt-right\" aria-hidden=\"true\"><\/i><a href=\"https:\/\/soymigrante.com\/revista\/salud-migrante-como-prevenir-un-golpe-de-calor-por-altas-temperaturas\/\"><\/a><\/div><div class=\"eael-entry-thumbnail \">\n                <img decoding=\"async\" width=\"300\" height=\"300\" src=\"https:\/\/soymigrante.com\/revista\/wp-content\/uploads\/2023\/06\/ola-de-calor-estados-unidos-2025-300x300.png\" class=\"attachment-medium size-medium wp-image-37659\" alt=\"Estados Unidos y Canad\u00e1 resaltados en un mapa de migraci\u00f3n y movilidad internacional, relacionado con temas de migrantes y comunidades latinas en Estados Unidos.\" srcset=\"https:\/\/soymigrante.com\/revista\/wp-content\/uploads\/2023\/06\/ola-de-calor-estados-unidos-2025-300x300.png 300w, https:\/\/soymigrante.com\/revista\/wp-content\/uploads\/2023\/06\/ola-de-calor-estados-unidos-2025-150x150.png 150w, https:\/\/soymigrante.com\/revista\/wp-content\/uploads\/2023\/06\/ola-de-calor-estados-unidos-2025-768x768.png 768w, https:\/\/soymigrante.com\/revista\/wp-content\/uploads\/2023\/06\/ola-de-calor-estados-unidos-2025-75x75.png 75w, https:\/\/soymigrante.com\/revista\/wp-content\/uploads\/2023\/06\/ola-de-calor-estados-unidos-2025-750x750.png 750w, https:\/\/soymigrante.com\/revista\/wp-content\/uploads\/2023\/06\/ola-de-calor-estados-unidos-2025.webp 920w\" sizes=\"(max-width: 300px) 100vw, 300px\" \/>\n            <\/div>\n        <\/div><div class=\"eael-entry-wrapper\"><header class=\"eael-entry-header\"><h2 class=\"eael-entry-title\"><a class=\"eael-grid-post-link\" href=\"https:\/\/soymigrante.com\/revista\/salud-migrante-como-prevenir-un-golpe-de-calor-por-altas-temperaturas\/\" title=\"Altas temperaturas 2025 en USA: Es vital evitar el golpe de calor\">Altas temperaturas 2025 en USA: Es vital evitar el golpe de calor<\/a><\/h2><\/header><\/div><\/div>\n        <\/div>\n    <\/article><article class=\"eael-grid-post  eael-post-grid-column eael-pg-post-2147 category-bienestar\" data-id=\"2147\">\n        <div class=\"eael-grid-post-holder\">\n            <div class=\"eael-grid-post-holder-inner\"><div class=\"eael-entry-media\"><div class=\"eael-entry-overlay fade-in\"><i class=\"fas fa-long-arrow-alt-right\" aria-hidden=\"true\"><\/i><a href=\"https:\/\/soymigrante.com\/revista\/soluciones-cancer-migrantes-institutos-salud\/\"><\/a><\/div><div class=\"eael-entry-thumbnail \">\n                <img loading=\"lazy\" decoding=\"async\" width=\"300\" height=\"204\" src=\"https:\/\/soymigrante.com\/revista\/wp-content\/uploads\/2023\/08\/Captura-de-pantalla-2023-08-08-175010-300x204.webp\" class=\"attachment-medium size-medium wp-image-2152\" alt=\"\" srcset=\"https:\/\/soymigrante.com\/revista\/wp-content\/uploads\/2023\/08\/Captura-de-pantalla-2023-08-08-175010-300x204.webp 300w, https:\/\/soymigrante.com\/revista\/wp-content\/uploads\/2023\/08\/Captura-de-pantalla-2023-08-08-175010-1024x697.webp 1024w, https:\/\/soymigrante.com\/revista\/wp-content\/uploads\/2023\/08\/Captura-de-pantalla-2023-08-08-175010-768x523.webp 768w, https:\/\/soymigrante.com\/revista\/wp-content\/uploads\/2023\/08\/Captura-de-pantalla-2023-08-08-175010-750x511.webp 750w, https:\/\/soymigrante.com\/revista\/wp-content\/uploads\/2023\/08\/Captura-de-pantalla-2023-08-08-175010-1140x776.webp 1140w, https:\/\/soymigrante.com\/revista\/wp-content\/uploads\/2023\/08\/Captura-de-pantalla-2023-08-08-175010.webp 1347w\" sizes=\"(max-width: 300px) 100vw, 300px\" \/>\n            <\/div>\n        <\/div><div class=\"eael-entry-wrapper\"><header class=\"eael-entry-header\"><h2 class=\"eael-entry-title\"><a class=\"eael-grid-post-link\" href=\"https:\/\/soymigrante.com\/revista\/soluciones-cancer-migrantes-institutos-salud\/\" title=\"EE.UU. ofrece tratamientos de vanguardia para migrantes con c\u00e1ncer\">EE.UU. ofrece tratamientos de vanguardia para migrantes con c\u00e1ncer<\/a><\/h2><\/header><\/div><\/div>\n        <\/div>\n    <\/article><article class=\"eael-grid-post  eael-post-grid-column eael-pg-post-3037 category-bienestar\" data-id=\"3037\">\n        <div class=\"eael-grid-post-holder\">\n            <div class=\"eael-grid-post-holder-inner\"><div class=\"eael-entry-media\"><div class=\"eael-entry-overlay fade-in\"><i class=\"fas fa-long-arrow-alt-right\" aria-hidden=\"true\"><\/i><a href=\"https:\/\/soymigrante.com\/revista\/guatemalteco-alan-tenembaum-expone-3-lecciones-ante-la-dificultad\/\"><\/a><\/div><div class=\"eael-entry-thumbnail \">\n                <img loading=\"lazy\" decoding=\"async\" width=\"274\" height=\"300\" src=\"https:\/\/soymigrante.com\/revista\/wp-content\/uploads\/2023\/10\/ALAN-1-274x300.webp\" class=\"attachment-medium size-medium wp-image-3041\" alt=\"\" srcset=\"https:\/\/soymigrante.com\/revista\/wp-content\/uploads\/2023\/10\/ALAN-1-274x300.webp 274w, https:\/\/soymigrante.com\/revista\/wp-content\/uploads\/2023\/10\/ALAN-1.webp 624w\" sizes=\"(max-width: 274px) 100vw, 274px\" \/>\n            <\/div>\n        <\/div><div class=\"eael-entry-wrapper\"><header class=\"eael-entry-header\"><h2 class=\"eael-entry-title\"><a class=\"eael-grid-post-link\" href=\"https:\/\/soymigrante.com\/revista\/guatemalteco-alan-tenembaum-expone-3-lecciones-ante-la-dificultad\/\" title=\"Guatemalteco Alan Tenembaum expone 3 lecciones ante la dificultad\">Guatemalteco Alan Tenembaum expone 3 lecciones ante la dificultad<\/a><\/h2><\/header><\/div><\/div>\n        <\/div>\n    <\/article><article class=\"eael-grid-post  eael-post-grid-column eael-pg-post-3011 category-bienestar\" data-id=\"3011\">\n        <div class=\"eael-grid-post-holder\">\n            <div class=\"eael-grid-post-holder-inner\"><div class=\"eael-entry-media\"><div class=\"eael-entry-overlay fade-in\"><i class=\"fas fa-long-arrow-alt-right\" aria-hidden=\"true\"><\/i><a href=\"https:\/\/soymigrante.com\/revista\/tres-consejos-del-sargento-cornejo-para-migrantes\/\"><\/a><\/div><div class=\"eael-entry-thumbnail \">\n                <img loading=\"lazy\" decoding=\"async\" width=\"300\" height=\"261\" src=\"https:\/\/soymigrante.com\/revista\/wp-content\/uploads\/2023\/10\/sargento-cornejo-carro-300x261.webp\" class=\"attachment-medium size-medium wp-image-3018\" alt=\"El sargento Carlos Cornejo tiene millones de seguidores a trav\u00e9s de sus canales de Youtube, Facebook y Spotify,\" srcset=\"https:\/\/soymigrante.com\/revista\/wp-content\/uploads\/2023\/10\/sargento-cornejo-carro-300x261.webp 300w, https:\/\/soymigrante.com\/revista\/wp-content\/uploads\/2023\/10\/sargento-cornejo-carro-1024x891.webp 1024w, https:\/\/soymigrante.com\/revista\/wp-content\/uploads\/2023\/10\/sargento-cornejo-carro-768x668.webp 768w, https:\/\/soymigrante.com\/revista\/wp-content\/uploads\/2023\/10\/sargento-cornejo-carro-750x652.webp 750w, https:\/\/soymigrante.com\/revista\/wp-content\/uploads\/2023\/10\/sargento-cornejo-carro-1140x992.webp 1140w, https:\/\/soymigrante.com\/revista\/wp-content\/uploads\/2023\/10\/sargento-cornejo-carro.webp 1536w\" sizes=\"(max-width: 300px) 100vw, 300px\" \/>\n            <\/div>\n        <\/div><div class=\"eael-entry-wrapper\"><header class=\"eael-entry-header\"><h2 class=\"eael-entry-title\"><a class=\"eael-grid-post-link\" href=\"https:\/\/soymigrante.com\/revista\/tres-consejos-del-sargento-cornejo-para-migrantes\/\" title=\"3 consejos legales para migrantes en Estados Unidos | Sargento Cornejo\">3 consejos legales para migrantes en Estados Unidos | Sargento Cornejo<\/a><\/h2><\/header><\/div><\/div>\n        <\/div>\n    <\/article><article class=\"eael-grid-post  eael-post-grid-column eael-pg-post-1589 category-bienestar\" data-id=\"1589\">\n        <div class=\"eael-grid-post-holder\">\n            <div class=\"eael-grid-post-holder-inner\"><div class=\"eael-entry-media\"><div class=\"eael-entry-overlay fade-in\"><i class=\"fas fa-long-arrow-alt-right\" aria-hidden=\"true\"><\/i><a href=\"https:\/\/soymigrante.com\/revista\/cuidar-la-alimentacion-puede-ahorrar-muchos-males-a-los-migrantes\/\"><\/a><\/div><div class=\"eael-entry-thumbnail \">\n                <img loading=\"lazy\" decoding=\"async\" width=\"300\" height=\"277\" src=\"https:\/\/soymigrante.com\/revista\/wp-content\/uploads\/2023\/06\/Captura-de-pantalla-2024-10-10-183133-300x277.webp\" class=\"attachment-medium size-medium wp-image-10276\" alt=\"Trabajadores en f\u00e1brica comiendo, pausa laboral en almac\u00e9n, empleados felices en entorno industrial, descanso en l\u00ednea de producci\u00f3n, ambiente laboral positivo y colaborativo, trabajadores con comida en mano, camarader\u00eda en el trabajo.\" srcset=\"https:\/\/soymigrante.com\/revista\/wp-content\/uploads\/2023\/06\/Captura-de-pantalla-2024-10-10-183133-300x277.webp 300w, https:\/\/soymigrante.com\/revista\/wp-content\/uploads\/2023\/06\/Captura-de-pantalla-2024-10-10-183133-768x708.webp 768w, https:\/\/soymigrante.com\/revista\/wp-content\/uploads\/2023\/06\/Captura-de-pantalla-2024-10-10-183133-750x692.webp 750w, https:\/\/soymigrante.com\/revista\/wp-content\/uploads\/2023\/06\/Captura-de-pantalla-2024-10-10-183133.webp 965w\" sizes=\"(max-width: 300px) 100vw, 300px\" \/>\n            <\/div>\n        <\/div><div class=\"eael-entry-wrapper\"><header class=\"eael-entry-header\"><h2 class=\"eael-entry-title\"><a class=\"eael-grid-post-link\" href=\"https:\/\/soymigrante.com\/revista\/cuidar-la-alimentacion-puede-ahorrar-muchos-males-a-los-migrantes\/\" title=\"Cuidar la alimentaci\u00f3n puede ahorrar muchos males a los migrantes\">Cuidar la alimentaci\u00f3n puede ahorrar muchos males a los migrantes<\/a><\/h2><\/header><\/div><\/div>\n        <\/div>\n    <\/article><article class=\"eael-grid-post  eael-post-grid-column eael-pg-post-1235 category-bienestar\" data-id=\"1235\">\n        <div class=\"eael-grid-post-holder\">\n            <div class=\"eael-grid-post-holder-inner\"><div class=\"eael-entry-media\"><div class=\"eael-entry-overlay fade-in\"><i class=\"fas fa-long-arrow-alt-right\" aria-hidden=\"true\"><\/i><a href=\"https:\/\/soymigrante.com\/revista\/superar-emociones-negativas-al-migrar\/\"><\/a><\/div><div class=\"eael-entry-thumbnail \">\n                <img loading=\"lazy\" decoding=\"async\" width=\"300\" height=\"300\" src=\"https:\/\/soymigrante.com\/revista\/wp-content\/uploads\/2023\/06\/SUPERAR-MIGRACION-ARTICULO-HENRY-ARMAS-1-300x300.webp\" class=\"attachment-medium size-medium wp-image-1236\" alt=\"\" srcset=\"https:\/\/soymigrante.com\/revista\/wp-content\/uploads\/2023\/06\/SUPERAR-MIGRACION-ARTICULO-HENRY-ARMAS-1-300x300.webp 300w, https:\/\/soymigrante.com\/revista\/wp-content\/uploads\/2023\/06\/SUPERAR-MIGRACION-ARTICULO-HENRY-ARMAS-1-1024x1024.png 1024w, https:\/\/soymigrante.com\/revista\/wp-content\/uploads\/2023\/06\/SUPERAR-MIGRACION-ARTICULO-HENRY-ARMAS-1-150x150.webp 150w, https:\/\/soymigrante.com\/revista\/wp-content\/uploads\/2023\/06\/SUPERAR-MIGRACION-ARTICULO-HENRY-ARMAS-1-768x768.png 768w, https:\/\/soymigrante.com\/revista\/wp-content\/uploads\/2023\/06\/SUPERAR-MIGRACION-ARTICULO-HENRY-ARMAS-1-1536x1536.png 1536w, https:\/\/soymigrante.com\/revista\/wp-content\/uploads\/2023\/06\/SUPERAR-MIGRACION-ARTICULO-HENRY-ARMAS-1-2048x2048.png 2048w, https:\/\/soymigrante.com\/revista\/wp-content\/uploads\/2023\/06\/SUPERAR-MIGRACION-ARTICULO-HENRY-ARMAS-1-75x75.webp 75w, https:\/\/soymigrante.com\/revista\/wp-content\/uploads\/2023\/06\/SUPERAR-MIGRACION-ARTICULO-HENRY-ARMAS-1-750x750.webp 750w, https:\/\/soymigrante.com\/revista\/wp-content\/uploads\/2023\/06\/SUPERAR-MIGRACION-ARTICULO-HENRY-ARMAS-1-1140x1140.png 1140w, https:\/\/soymigrante.com\/revista\/wp-content\/uploads\/2023\/06\/SUPERAR-MIGRACION-ARTICULO-HENRY-ARMAS-1-600x600.png 600w, https:\/\/soymigrante.com\/revista\/wp-content\/uploads\/2023\/06\/SUPERAR-MIGRACION-ARTICULO-HENRY-ARMAS-1.webp 1919w\" sizes=\"(max-width: 300px) 100vw, 300px\" \/>\n            <\/div>\n        <\/div><div class=\"eael-entry-wrapper\"><header class=\"eael-entry-header\"><h2 class=\"eael-entry-title\"><a class=\"eael-grid-post-link\" href=\"https:\/\/soymigrante.com\/revista\/superar-emociones-negativas-al-migrar\/\" title=\"Cinco herramientas para superar emociones negativas al migrar\">Cinco herramientas para superar emociones negativas al migrar<\/a><\/h2><\/header><\/div><\/div>\n        <\/div>\n    <\/article><\/div>\n            <div class=\"clearfix\"><\/div>\n        <\/div>\t\t\t\t<\/div>\n\t\t\t\t\t<\/div>\n\t\t<\/div>\n\t\t\t\t\t<\/div>\n\t\t<\/section>\n\t\t\t\t<\/div>\n\t\t","protected":false},"excerpt":{"rendered":"<p>A pocas semanas que concluya el a\u00f1o 2023, las muertes de inmigrantes han aumentado de 71 a 134 personas. Seg\u00fan la patrulla fronteriza el incremento se vincula con las organizaciones criminales que se dedican al contrabando de personas, sumado a ello los riesgos de ahogamiento y cambios extremos del clima. Suman 325 casos; 173 hombres, [&hellip;]<\/p>\n","protected":false},"author":10,"featured_media":3852,"comment_status":"open","ping_status":"open","sticky":false,"template":"","format":"standard","meta":{"_acf_changed":false,"_eb_attr":"","footnotes":""},"categories":[54],"tags":[98],"class_list":["post-3851","post","type-post","status-publish","format-standard","has-post-thumbnail","hentry","category-estamos-unidos","tag-18-diciembre-dia-del-migrante"],"acf":[],"aioseo_notices":[],"aioseo_head":"\n\t\t<!-- All in One SEO Pro 4.9.6.2 - aioseo.com -->\n\t<meta name=\"description\" content=\"Existen emociones y sentimientos que pueden afectar el desempe\u00f1o, la visi\u00f3n y las convicciones del migrante guatemalteco que busca un mejor futuro. Pero tambi\u00e9n hay herramientas para controlar tales sensaciones: estas son cinco de ellas. Por Andr\u00e9 Armas Bran, educador y consejero de bienestar radicado en Guatemala. Un migrante tarde o temprano experimenta emociones negativas.\" \/>\n\t<meta name=\"robots\" content=\"max-snippet:-1, max-image-preview:large, max-video-preview:-1\" \/>\n\t<meta name=\"author\" content=\"SoyMigrante.com REVISTA\"\/>\n\t<link rel=\"canonical\" href=\"https:\/\/soymigrante.com\/revista\/superar-emociones-negativas-al-migrar\/\" \/>\n\t<meta name=\"generator\" content=\"All in One SEO Pro (AIOSEO) 4.9.6.2\" \/>\n\n\t\t<link rel=\"preconnect\" href=\"https:\/\/fonts.googleapis.com\" crossorigin>\n<link rel=\"preconnect\" href=\"https:\/\/fonts.gstatic.com\" crossorigin>\n\t\t<meta property=\"og:locale\" content=\"es_ES\" \/>\n\t\t<meta property=\"og:site_name\" content=\"SoyMigrante.com REVISTA \u2013 Nuestra misi\u00f3n es reconocer y dignificar al migrante.\" \/>\n\t\t<meta property=\"og:type\" content=\"article\" \/>\n\t\t<meta property=\"og:title\" content=\"Cinco herramientas para superar emociones negativas al migrar\" \/>\n\t\t<meta property=\"og:description\" content=\"Existen emociones y sentimientos que pueden afectar el desempe\u00f1o, la visi\u00f3n y las convicciones del migrante guatemalteco que busca un mejor futuro. Pero tambi\u00e9n hay herramientas para controlar tales sensaciones: estas son cinco de ellas. Por Andr\u00e9 Armas Bran, educador y consejero de bienestar radicado en Guatemala. Un migrante tarde o temprano experimenta emociones negativas.\" \/>\n\t\t<meta property=\"og:url\" content=\"https:\/\/soymigrante.com\/revista\/superar-emociones-negativas-al-migrar\/\" \/>\n\t\t<meta property=\"og:image\" content=\"https:\/\/soymigrante.com\/revista\/wp-content\/uploads\/2023\/06\/SUPERAR-MIGRACION-ARTICULO-HENRY-ARMAS-1.webp\" \/>\n\t\t<meta property=\"og:image:secure_url\" content=\"https:\/\/soymigrante.com\/revista\/wp-content\/uploads\/2023\/06\/SUPERAR-MIGRACION-ARTICULO-HENRY-ARMAS-1.webp\" \/>\n\t\t<meta property=\"og:image:width\" content=\"1919\" \/>\n\t\t<meta property=\"og:image:height\" content=\"1920\" \/>\n\t\t<meta property=\"article:published_time\" content=\"2023-06-06T20:56:55+00:00\" \/>\n\t\t<meta property=\"article:modified_time\" content=\"2024-11-01T10:44:59+00:00\" \/>\n\t\t<meta property=\"article:publisher\" content=\"https:\/\/www.facebook.com\/soymigrantecom\" \/>\n\t\t<meta name=\"twitter:card\" content=\"summary_large_image\" \/>\n\t\t<meta name=\"twitter:site\" content=\"@SoyMigrante_com\" \/>\n\t\t<meta name=\"twitter:title\" content=\"Cinco herramientas para superar emociones negativas al migrar\" \/>\n\t\t<meta name=\"twitter:description\" content=\"Existen emociones y sentimientos que pueden afectar el desempe\u00f1o, la visi\u00f3n y las convicciones del migrante guatemalteco que busca un mejor futuro. Pero tambi\u00e9n hay herramientas para controlar tales sensaciones: estas son cinco de ellas. Por Andr\u00e9 Armas Bran, educador y consejero de bienestar radicado en Guatemala. Un migrante tarde o temprano experimenta emociones negativas.\" \/>\n\t\t<meta name=\"twitter:creator\" content=\"@SoyMigrante_com\" \/>\n\t\t<meta name=\"twitter:image\" content=\"https:\/\/soymigrante.com\/revista\/wp-content\/uploads\/2023\/06\/SUPERAR-MIGRACION-ARTICULO-HENRY-ARMAS-1.webp\" \/>\n\t\t<!-- All in One SEO Pro -->\r\n\t\t<title>Cinco herramientas para superar emociones negativas al migrar<\/title>\n\n","aioseo_head_json":{"title":"Cinco herramientas para superar emociones negativas al migrar","description":"Existen emociones y sentimientos que pueden afectar el desempe\u00f1o, la visi\u00f3n y las convicciones del migrante guatemalteco que busca un mejor futuro. Pero tambi\u00e9n hay herramientas para controlar tales sensaciones: estas son cinco de ellas. Por Andr\u00e9 Armas Bran, educador y consejero de bienestar radicado en Guatemala. Un migrante tarde o temprano experimenta emociones negativas.","canonical_url":"https:\/\/soymigrante.com\/revista\/superar-emociones-negativas-al-migrar\/","robots":"max-snippet:-1, max-image-preview:large, max-video-preview:-1","keywords":"","webmasterTools":{"miscellaneous":"&lt;link rel=\"preconnect\" href=\"https:\/\/fonts.googleapis.com\" crossorigin&gt;\n&lt;link rel=\"preconnect\" href=\"https:\/\/fonts.gstatic.com\" crossorigin&gt;"},"schema":null,"og:locale":"es_ES","og:site_name":"SoyMigrante.com REVISTA \u2013 Nuestra misi\u00f3n es reconocer y dignificar al migrante.","og:type":"article","og:title":"Cinco herramientas para superar emociones negativas al migrar","og:description":"Existen emociones y sentimientos que pueden afectar el desempe\u00f1o, la visi\u00f3n y las convicciones del migrante guatemalteco que busca un mejor futuro. Pero tambi\u00e9n hay herramientas para controlar tales sensaciones: estas son cinco de ellas. Por Andr\u00e9 Armas Bran, educador y consejero de bienestar radicado en Guatemala. Un migrante tarde o temprano experimenta emociones negativas.","og:url":"https:\/\/soymigrante.com\/revista\/superar-emociones-negativas-al-migrar\/","og:image":"https:\/\/soymigrante.com\/revista\/wp-content\/uploads\/2023\/06\/SUPERAR-MIGRACION-ARTICULO-HENRY-ARMAS-1.webp","og:image:secure_url":"https:\/\/soymigrante.com\/revista\/wp-content\/uploads\/2023\/06\/SUPERAR-MIGRACION-ARTICULO-HENRY-ARMAS-1.webp","og:image:width":1919,"og:image:height":1920,"article:published_time":"2023-06-06T20:56:55+00:00","article:modified_time":"2024-11-01T10:44:59+00:00","article:publisher":"https:\/\/www.facebook.com\/soymigrantecom","twitter:card":"summary_large_image","twitter:site":"@SoyMigrante_com","twitter:title":"Cinco herramientas para superar emociones negativas al migrar","twitter:description":"Existen emociones y sentimientos que pueden afectar el desempe\u00f1o, la visi\u00f3n y las convicciones del migrante guatemalteco que busca un mejor futuro. Pero tambi\u00e9n hay herramientas para controlar tales sensaciones: estas son cinco de ellas. Por Andr\u00e9 Armas Bran, educador y consejero de bienestar radicado en Guatemala. Un migrante tarde o temprano experimenta emociones negativas.","twitter:creator":"@SoyMigrante_com","twitter:image":"https:\/\/soymigrante.com\/revista\/wp-content\/uploads\/2023\/06\/SUPERAR-MIGRACION-ARTICULO-HENRY-ARMAS-1.webp"},"aioseo_meta_data":{"post_id":"3851","title":"Frontera de EE.UU y M\u00e9xico considerada la m\u00e1s peligrosa del mundo","description":"#post_excerpt Miles de migrantes corren el riesgo de fallecer por ahogamientos, condiciones ambientales y desapariciones en la frontera m\u00e1s peligrosa entre EE.UU. y M\u00e9xico","keywords":[],"keyphrases":{"focus":{"keyphrase":"frontera","score":82,"analysis":{"keyphraseInTitle":{"score":9,"maxScore":9,"error":0},"keyphraseInDescription":{"score":9,"maxScore":9,"error":0},"keyphraseLength":{"score":9,"maxScore":9,"error":0,"length":1},"keyphraseInURL":{"score":5,"maxScore":5,"error":0},"keyphraseInIntroduction":{"score":3,"maxScore":9,"error":1},"keyphraseInSubHeadings":{"score":3,"maxScore":9,"error":1},"keyphraseInImageAlt":{"score":9,"maxScore":9,"error":0},"keywordDensity":{"type":"best","score":9,"maxScore":9,"error":0}}},"additional":[]},"primary_term":null,"canonical_url":null,"og_title":null,"og_description":null,"og_object_type":"default","og_image_type":"default","og_image_url":null,"og_image_width":null,"og_image_height":null,"og_image_custom_url":null,"og_image_custom_fields":null,"og_video":"","og_custom_url":null,"og_article_section":null,"og_article_tags":[],"twitter_use_og":false,"twitter_card":"default","twitter_image_type":"default","twitter_image_url":null,"twitter_image_custom_url":null,"twitter_image_custom_fields":null,"twitter_title":null,"twitter_description":null,"schema":{"blockGraphs":[],"customGraphs":[],"default":{"data":{"Article":[],"Course":[],"Dataset":[],"FAQPage":[],"Movie":[],"Person":[],"Product":[],"ProductReview":[],"Car":[],"Recipe":[],"Service":[],"SoftwareApplication":[],"WebPage":[]},"graphName":"BlogPosting","isEnabled":true},"graphs":[]},"schema_type":"default","schema_type_options":null,"pillar_content":false,"robots_default":true,"robots_noindex":false,"robots_noarchive":false,"robots_nosnippet":false,"robots_nofollow":false,"robots_noimageindex":false,"robots_noodp":false,"robots_notranslate":false,"robots_max_snippet":"-1","robots_max_videopreview":"-1","robots_max_imagepreview":"large","priority":null,"frequency":"default","local_seo":null,"seo_analyzer_scan_date":"2025-10-08 20:51:34","breadcrumb_settings":null,"limit_modified_date":false,"reviewed_by":null,"open_ai":null,"ai":null,"created":"2023-12-14 06:20:46","updated":"2026-02-04 10:04:29"},"aioseo_breadcrumb":"<div class=\"aioseo-breadcrumbs\"><span class=\"aioseo-breadcrumb\">\n\t<a href=\"https:\/\/soymigrante.com\/revista\" title=\"Home\">Home<\/a>\n<\/span><span class=\"aioseo-breadcrumb-separator\">\u00bb<\/span><span class=\"aioseo-breadcrumb\">\n\t<a href=\"https:\/\/soymigrante.com\/revista\/category\/estamos-unidos\/\" title=\"Estamos Unidos\">Estamos Unidos<\/a>\n<\/span><span class=\"aioseo-breadcrumb-separator\">\u00bb<\/span><span class=\"aioseo-breadcrumb\">\n\tCifras lo confirman: la frontera entre EE.UU y M\u00e9xico es la m\u00e1s peligrosa del mundo\n<\/span><\/div>","aioseo_breadcrumb_json":[{"label":"Home","link":"https:\/\/soymigrante.com\/revista"},{"label":"Estamos Unidos","link":"https:\/\/soymigrante.com\/revista\/category\/estamos-unidos\/"},{"label":"Cifras lo confirman: la frontera entre EE.UU y M\u00e9xico es la m\u00e1s peligrosa del mundo","link":"https:\/\/soymigrante.com\/revista\/frontera-de-ee-uu-y-mexico-considerada-la-mas-peligrosa-del-mundo\/"}],"_links":{"self":[{"href":"https:\/\/soymigrante.com\/revista\/wp-json\/wp\/v2\/posts\/3851","targetHints":{"allow":["GET"]}}],"collection":[{"href":"https:\/\/soymigrante.com\/revista\/wp-json\/wp\/v2\/posts"}],"about":[{"href":"https:\/\/soymigrante.com\/revista\/wp-json\/wp\/v2\/types\/post"}],"author":[{"embeddable":true,"href":"https:\/\/soymigrante.com\/revista\/wp-json\/wp\/v2\/users\/10"}],"replies":[{"embeddable":true,"href":"https:\/\/soymigrante.com\/revista\/wp-json\/wp\/v2\/comments?post=3851"}],"version-history":[{"count":0,"href":"https:\/\/soymigrante.com\/revista\/wp-json\/wp\/v2\/posts\/3851\/revisions"}],"wp:featuredmedia":[{"embeddable":true,"href":"https:\/\/soymigrante.com\/revista\/wp-json\/wp\/v2\/media\/3852"}],"wp:attachment":[{"href":"https:\/\/soymigrante.com\/revista\/wp-json\/wp\/v2\/media?parent=3851"}],"wp:term":[{"taxonomy":"category","embeddable":true,"href":"https:\/\/soymigrante.com\/revista\/wp-json\/wp\/v2\/categories?post=3851"},{"taxonomy":"post_tag","embeddable":true,"href":"https:\/\/soymigrante.com\/revista\/wp-json\/wp\/v2\/tags?post=3851"}],"curies":[{"name":"wp","href":"https:\/\/api.w.org\/{rel}","templated":true}]}}