{"id":38501,"date":"2025-07-07T05:00:00","date_gmt":"2025-07-07T11:00:00","guid":{"rendered":"https:\/\/soymigrante.com\/revista\/?p=38501"},"modified":"2025-07-06T22:21:51","modified_gmt":"2025-07-07T04:21:51","slug":"palacio-maya-de-san-marcos-7-datos-fascinantes","status":"publish","type":"post","link":"https:\/\/soymigrante.com\/revista\/palacio-maya-de-san-marcos-7-datos-fascinantes\/","title":{"rendered":"Palacio Maya de San Marcos: 7 datos fascinantes"},"content":{"rendered":"\t\t<div data-elementor-type=\"wp-post\" data-elementor-id=\"38501\" class=\"elementor elementor-38501\" data-elementor-post-type=\"post\">\n\t\t\t\t<div data-particle_enable=\"false\" data-particle-mobile-disabled=\"false\" class=\"elementor-element elementor-element-4bc98d8 e-flex e-con-boxed e-con e-parent\" data-id=\"4bc98d8\" data-element_type=\"container\" data-e-type=\"container\">\n\t\t\t\t\t<div class=\"e-con-inner\">\n\t\t\t\t<div class=\"elementor-element elementor-element-f0a6611 elementor-widget elementor-widget-heading\" data-id=\"f0a6611\" data-element_type=\"widget\" data-e-type=\"widget\" data-widget_type=\"heading.default\">\n\t\t\t\t\t<h2 class=\"elementor-heading-title elementor-size-default\">El Palacio Maya de San Marcos une historia, arte y cultura guatemalteca, es un monumento \u00fanico. \n<\/h2>\t\t\t\t<\/div>\n\t\t\t\t\t<\/div>\n\t\t\t\t<\/div>\n\t\t<div data-particle_enable=\"false\" data-particle-mobile-disabled=\"false\" class=\"elementor-element elementor-element-211d9f2 e-flex e-con-boxed e-con e-parent\" data-id=\"211d9f2\" data-element_type=\"container\" data-e-type=\"container\">\n\t\t\t\t\t<div class=\"e-con-inner\">\n\t\t\t\t<div class=\"elementor-element elementor-element-12c2b71 elementor-widget elementor-widget-text-editor\" data-id=\"12c2b71\" data-element_type=\"widget\" data-e-type=\"widget\" data-widget_type=\"text-editor.default\">\n\t\t\t\t\t\t\t\t\t<p>Entre serpientes emplumadas, glifos mayas y un reloj ancestral, el Palacio Maya de San Marcos se erige como un s\u00edmbolo de reconciliaci\u00f3n, arte y resistencia cultural en el occidente de Guatemala.<\/p><p><a href=\"https:\/\/soymigrante.com\/revista\/departamentos-de-guatemala-san-marcos-tierra-de-las-cumbres-mas-altas\/\" target=\"_blank\" rel=\"noopener\">Ubicado en el coraz\u00f3n de San Marcos,<\/a> este palacio no solo destaca por su impresionante arquitectura de inspiraci\u00f3n maya, sino por ser un s\u00edmbolo tangible de unidad entre pueblos hist\u00f3ricamente divididos. Desde su construcci\u00f3n en los a\u00f1os 40, ha sobrevivido a terremotos, crisis pol\u00edticas y abandono, pero sigue en pie, narrando con cada piedra una parte de la historia guatemalteca.<\/p>\t\t\t\t\t\t\t\t<\/div>\n\t\t\t\t\t<\/div>\n\t\t\t\t<\/div>\n\t\t<div data-particle_enable=\"false\" data-particle-mobile-disabled=\"false\" class=\"elementor-element elementor-element-eeecef6 e-flex e-con-boxed e-con e-parent\" data-id=\"eeecef6\" data-element_type=\"container\" data-e-type=\"container\">\n\t\t\t\t\t<div class=\"e-con-inner\">\n\t\t\t\t<div class=\"elementor-element elementor-element-7dde6d0 elementor-widget elementor-widget-image\" data-id=\"7dde6d0\" data-element_type=\"widget\" data-e-type=\"widget\" data-widget_type=\"image.default\">\n\t\t\t\t\t\t\t\t\t\t\t\t<figure class=\"wp-caption\">\n\t\t\t\t\t\t\t\t\t\t<img fetchpriority=\"high\" decoding=\"async\" width=\"720\" height=\"413\" src=\"https:\/\/soymigrante.com\/revista\/wp-content\/uploads\/2025\/07\/palacio-maya-5.webp\" class=\"attachment-large size-large wp-image-38508\" alt=\"Puerta de entrada con arte en relieves y grabados en piedra en un edificio hist\u00f3rico, representando la cultura y arquitectura tradicional mexicana.\" srcset=\"https:\/\/soymigrante.com\/revista\/wp-content\/uploads\/2025\/07\/palacio-maya-5.webp 720w, https:\/\/soymigrante.com\/revista\/wp-content\/uploads\/2025\/07\/palacio-maya-5-300x172.jpeg 300w\" sizes=\"(max-width: 720px) 100vw, 720px\" title=\"El Palacio Maya estuvo en riesgo de ser demolido, por un sismo de 2012. (Foto: INGUAT) \u2013 SoyMigrante.com REVISTA\" \/>\t\t\t\t\t\t\t\t\t\t\t<figcaption class=\"widget-image-caption wp-caption-text\">Puerta escult\u00f3rica en piedra con detalles art\u00edsticos y culturales, entorno de arquitectura hist\u00f3rica mexicana, ideal para art\u00edculos sobre patrimonio y arte mexicano en SoyMigrante.com REVISTA.<\/figcaption>\n\t\t\t\t\t\t\t\t\t\t<\/figure>\n\t\t\t\t\t\t\t\t\t<\/div>\n\t\t\t\t\t<\/div>\n\t\t\t\t<\/div>\n\t\t<div data-particle_enable=\"false\" data-particle-mobile-disabled=\"false\" class=\"elementor-element elementor-element-f860e4f e-flex e-con-boxed e-con e-parent\" data-id=\"f860e4f\" data-element_type=\"container\" data-e-type=\"container\">\n\t\t\t\t\t<div class=\"e-con-inner\">\n\t\t\t\t<div class=\"elementor-element elementor-element-9df8422 elementor-widget elementor-widget-heading\" data-id=\"9df8422\" data-element_type=\"widget\" data-e-type=\"widget\" data-widget_type=\"heading.default\">\n\t\t\t\t\t<h3 class=\"elementor-heading-title elementor-size-default\">7 datos fascinantes del Palacio Maya de San Marcos<\/h3>\t\t\t\t<\/div>\n\t\t\t\t\t<\/div>\n\t\t\t\t<\/div>\n\t\t<div data-particle_enable=\"false\" data-particle-mobile-disabled=\"false\" class=\"elementor-element elementor-element-c4536f0 e-flex e-con-boxed e-con e-parent\" data-id=\"c4536f0\" data-element_type=\"container\" data-e-type=\"container\">\n\t\t\t\t\t<div class=\"e-con-inner\">\n\t\t\t\t<div class=\"elementor-element elementor-element-1367891 elementor-widget elementor-widget-text-editor\" data-id=\"1367891\" data-element_type=\"widget\" data-e-type=\"widget\" data-widget_type=\"text-editor.default\">\n\t\t\t\t\t\t\t\t\t<p><strong>1. Construcci\u00f3n para la uni\u00f3n de dos pueblos<\/strong><\/p><p>El Palacio Maya fue construido entre 1938 y 1942 por \u00f3rdenes del general Jorge Ubico, quien deseaba unir a los municipios rivales de San Marcos y San Pedro Sacatep\u00e9quez bajo un nuevo municipio llamado <a href=\"https:\/\/soymigrante.com\/revista\/departamentos-de-guatemala-san-marcos-tierra-de-las-cumbres-mas-altas\/\" target=\"_blank\" rel=\"noopener\">\u201cLa Uni\u00f3n\u201d. El edificio fue inaugurado el 14 de febrero de 1942 como sede de este nuevo experimento pol\u00edtico y social.<\/a><\/p>\t\t\t\t\t\t\t\t<\/div>\n\t\t\t\t\t<\/div>\n\t\t\t\t<\/div>\n\t\t<div data-particle_enable=\"false\" data-particle-mobile-disabled=\"false\" class=\"elementor-element elementor-element-f511fb5 e-flex e-con-boxed e-con e-parent\" data-id=\"f511fb5\" data-element_type=\"container\" data-e-type=\"container\">\n\t\t\t\t\t<div class=\"e-con-inner\">\n\t\t\t\t<div class=\"elementor-element elementor-element-a821415 elementor-widget elementor-widget-text-editor\" data-id=\"a821415\" data-element_type=\"widget\" data-e-type=\"widget\" data-widget_type=\"text-editor.default\">\n\t\t\t\t\t\t\t\t\t<p><strong>2. Una joya arquitect\u00f3nica con rostro maya<\/strong><\/p><p>El dise\u00f1o arquitect\u00f3nico estuvo a cargo del ingeniero Carlos Malau, mientras que la decoraci\u00f3n fue realizada por el afamado escultor Rodolfo Galeotti Torres, en colaboraci\u00f3n con Adalberto de Le\u00f3n Soto. <a href=\"https:\/\/soymigrante.com\/revista\/departamentos-de-guatemala-san-marcos-tierra-de-las-cumbres-mas-altas\/\" target=\"_blank\" rel=\"noopener\">La edificaci\u00f3n fue completamente tallada a mano en concreto, con s\u00edmbolos de la cosmovisi\u00f3n maya:<\/a> serpientes emplumadas, grecas, glifos, y figuras de animales sagrados.<\/p>\t\t\t\t\t\t\t\t<\/div>\n\t\t\t\t\t<\/div>\n\t\t\t\t<\/div>\n\t\t<div data-particle_enable=\"false\" data-particle-mobile-disabled=\"false\" class=\"elementor-element elementor-element-c2298e4 e-flex e-con-boxed e-con e-parent\" data-id=\"c2298e4\" data-element_type=\"container\" data-e-type=\"container\">\n\t\t\t\t\t<div class=\"e-con-inner\">\n\t\t\t\t<div class=\"elementor-element elementor-element-50cefde elementor-widget elementor-widget-text-editor\" data-id=\"50cefde\" data-element_type=\"widget\" data-e-type=\"widget\" data-widget_type=\"text-editor.default\">\n\t\t\t\t\t\t\t\t\t<p><strong>3. Un mascar\u00f3n de uni\u00f3n<\/strong><\/p><p>En la fachada principal, un mascar\u00f3n gigante sostenido por dos manos representa la reconciliaci\u00f3n entre los pueblos. Tambi\u00e9n se observan s\u00edmbolos del \u201cle\u00f3n\u201d de San Marcos y el \u201cgallo\u201d de San Pedro, que evocan los emblemas de ambas comunidades.<\/p>\t\t\t\t\t\t\t\t<\/div>\n\t\t\t\t\t<\/div>\n\t\t\t\t<\/div>\n\t\t<div data-particle_enable=\"false\" data-particle-mobile-disabled=\"false\" class=\"elementor-element elementor-element-62e7364 e-flex e-con-boxed e-con e-parent\" data-id=\"62e7364\" data-element_type=\"container\" data-e-type=\"container\">\n\t\t\t\t\t<div class=\"e-con-inner\">\n\t\t\t\t<div class=\"elementor-element elementor-element-5e087c4 elementor-widget elementor-widget-image\" data-id=\"5e087c4\" data-element_type=\"widget\" data-e-type=\"widget\" data-widget_type=\"image.default\">\n\t\t\t\t\t\t\t\t\t\t\t\t<figure class=\"wp-caption\">\n\t\t\t\t\t\t\t\t\t\t<img decoding=\"async\" width=\"1024\" height=\"629\" src=\"https:\/\/soymigrante.com\/revista\/wp-content\/uploads\/2025\/07\/palacio-maya-2-1024x629.jpg\" class=\"attachment-large size-large wp-image-38505\" alt=\"Bancadas de madera tallada en un espacio comunitario, con ventanas que dejan ingresar luz natural, representando la cultura y tradici\u00f3n en espacios de encuentro cultural y social.\" srcset=\"https:\/\/soymigrante.com\/revista\/wp-content\/uploads\/2025\/07\/palacio-maya-2-1024x629.jpg 1024w, https:\/\/soymigrante.com\/revista\/wp-content\/uploads\/2025\/07\/palacio-maya-2-300x184.jpg 300w, https:\/\/soymigrante.com\/revista\/wp-content\/uploads\/2025\/07\/palacio-maya-2-768x472.jpg 768w, https:\/\/soymigrante.com\/revista\/wp-content\/uploads\/2025\/07\/palacio-maya-2-1536x944.jpg 1536w, https:\/\/soymigrante.com\/revista\/wp-content\/uploads\/2025\/07\/palacio-maya-2-750x461.webp 750w, https:\/\/soymigrante.com\/revista\/wp-content\/uploads\/2025\/07\/palacio-maya-2-1140x700.webp 1140w, https:\/\/soymigrante.com\/revista\/wp-content\/uploads\/2025\/07\/palacio-maya-2.webp 1920w\" sizes=\"(max-width: 1024px) 100vw, 1024px\" title=\"El Palacio Maya est\u00e1 lleno de detalles mayas que impactan. (Foto: INGUAT) \u2013 SoyMigrante.com REVISTA\" \/>\t\t\t\t\t\t\t\t\t\t\t<figcaption class=\"widget-image-caption wp-caption-text\">El Palacio Maya est\u00e1 lleno de detalles mayas que impactan. (Foto: INGUAT)<\/figcaption>\n\t\t\t\t\t\t\t\t\t\t<\/figure>\n\t\t\t\t\t\t\t\t\t<\/div>\n\t\t\t\t\t<\/div>\n\t\t\t\t<\/div>\n\t\t<div data-particle_enable=\"false\" data-particle-mobile-disabled=\"false\" class=\"elementor-element elementor-element-154bf7d e-flex e-con-boxed e-con e-parent\" data-id=\"154bf7d\" data-element_type=\"container\" data-e-type=\"container\">\n\t\t\t\t\t<div class=\"e-con-inner\">\n\t\t\t\t<div class=\"elementor-element elementor-element-5f133d5 elementor-widget elementor-widget-text-editor\" data-id=\"5f133d5\" data-element_type=\"widget\" data-e-type=\"widget\" data-widget_type=\"text-editor.default\">\n\t\t\t\t\t\t\t\t\t<p><strong>4. Reloj con numeraci\u00f3n maya<\/strong><\/p><p>Uno de los detalles m\u00e1s llamativos es su reloj circular en lo alto de la fachada, con n\u00fameros representados mediante el sistema maya de puntos y l\u00edneas. <a href=\"https:\/\/soymigrante.com\/revista\/departamentos-de-guatemala-san-marcos-tierra-de-las-cumbres-mas-altas\/\" target=\"_blank\" rel=\"noopener\">Este elemento combina funci\u00f3n con identidad ancestral.<\/a><\/p>\t\t\t\t\t\t\t\t<\/div>\n\t\t\t\t\t<\/div>\n\t\t\t\t<\/div>\n\t\t<div data-particle_enable=\"false\" data-particle-mobile-disabled=\"false\" class=\"elementor-element elementor-element-0a38200 e-flex e-con-boxed e-con e-parent\" data-id=\"0a38200\" data-element_type=\"container\" data-e-type=\"container\">\n\t\t\t\t\t<div class=\"e-con-inner\">\n\t\t\t\t<div class=\"elementor-element elementor-element-a8f7eee elementor-widget elementor-widget-text-editor\" data-id=\"a8f7eee\" data-element_type=\"widget\" data-e-type=\"widget\" data-widget_type=\"text-editor.default\">\n\t\t\t\t\t\t\t\t\t<p><strong>5. Patrimonio en riesgo y resistencia<\/strong><\/p><p>A pesar de ser declarado Patrimonio Cultural de la Naci\u00f3n en 2009, el palacio fue severamente da\u00f1ado por el terremoto de 2012. Se declar\u00f3 inhabitable y estuvo a punto de ser demolido. Gracias a la presi\u00f3n ciudadana, fue restaurado y contin\u00faa siendo un emblema vivo del municipio.<\/p>\t\t\t\t\t\t\t\t<\/div>\n\t\t\t\t\t<\/div>\n\t\t\t\t<\/div>\n\t\t<div data-particle_enable=\"false\" data-particle-mobile-disabled=\"false\" class=\"elementor-element elementor-element-62ed63b e-flex e-con-boxed e-con e-parent\" data-id=\"62ed63b\" data-element_type=\"container\" data-e-type=\"container\">\n\t\t\t\t\t<div class=\"e-con-inner\">\n\t\t\t\t<div class=\"elementor-element elementor-element-07446c7 elementor-widget elementor-widget-image\" data-id=\"07446c7\" data-element_type=\"widget\" data-e-type=\"widget\" data-widget_type=\"image.default\">\n\t\t\t\t\t\t\t\t\t\t\t\t<figure class=\"wp-caption\">\n\t\t\t\t\t\t\t\t\t\t<img decoding=\"async\" width=\"1024\" height=\"683\" src=\"https:\/\/soymigrante.com\/revista\/wp-content\/uploads\/2025\/07\/palacio-maya-3.webp\" class=\"attachment-large size-large wp-image-38506\" alt=\"Imponente edificio hist\u00f3rico en noche con cielo nublado, rodeado de palmeras y vegetaci\u00f3n, en un entorno que refleja cultura y arquitectura en M\u00e9xico.\" srcset=\"https:\/\/soymigrante.com\/revista\/wp-content\/uploads\/2025\/07\/palacio-maya-3.webp 1024w, https:\/\/soymigrante.com\/revista\/wp-content\/uploads\/2025\/07\/palacio-maya-3-300x200.jpg 300w, https:\/\/soymigrante.com\/revista\/wp-content\/uploads\/2025\/07\/palacio-maya-3-768x512.jpg 768w, https:\/\/soymigrante.com\/revista\/wp-content\/uploads\/2025\/07\/palacio-maya-3-750x500.webp 750w\" sizes=\"(max-width: 1024px) 100vw, 1024px\" title=\"El Palacio Maya es conocido por su estructura y belleza. (Foto: INGUAT) \u2013 SoyMigrante.com REVISTA\" \/>\t\t\t\t\t\t\t\t\t\t\t<figcaption class=\"widget-image-caption wp-caption-text\">Edificio emblem\u00e1tico y cultural en M\u00e9xico, resaltando historia y arquitectura en un entorno nocturno con cielo tempestuoso.<\/figcaption>\n\t\t\t\t\t\t\t\t\t\t<\/figure>\n\t\t\t\t\t\t\t\t\t<\/div>\n\t\t\t\t\t<\/div>\n\t\t\t\t<\/div>\n\t\t<div data-particle_enable=\"false\" data-particle-mobile-disabled=\"false\" class=\"elementor-element elementor-element-b65250b e-flex e-con-boxed e-con e-parent\" data-id=\"b65250b\" data-element_type=\"container\" data-e-type=\"container\">\n\t\t\t\t\t<div class=\"e-con-inner\">\n\t\t\t\t<div class=\"elementor-element elementor-element-e0c7cde elementor-widget elementor-widget-text-editor\" data-id=\"e0c7cde\" data-element_type=\"widget\" data-e-type=\"widget\" data-widget_type=\"text-editor.default\">\n\t\t\t\t\t\t\t\t\t<p><strong>6. Centro cultural y c\u00edvico<\/strong><\/p><p>Tras la disoluci\u00f3n del municipio \u201cLa Uni\u00f3n\u201d en 1945, el edificio sigui\u00f3 funcionando como sede de la Gobernaci\u00f3n Departamental de San Marcos. Hoy es tambi\u00e9n centro cultural, escenario de eventos literarios, conmemoraciones mayas y actos c\u00edvicos.<\/p>\t\t\t\t\t\t\t\t<\/div>\n\t\t\t\t\t<\/div>\n\t\t\t\t<\/div>\n\t\t<div data-particle_enable=\"false\" data-particle-mobile-disabled=\"false\" class=\"elementor-element elementor-element-a7d4681 e-flex e-con-boxed e-con e-parent\" data-id=\"a7d4681\" data-element_type=\"container\" data-e-type=\"container\">\n\t\t\t\t\t<div class=\"e-con-inner\">\n\t\t\t\t<div class=\"elementor-element elementor-element-6d24471 elementor-widget elementor-widget-text-editor\" data-id=\"6d24471\" data-element_type=\"widget\" data-e-type=\"widget\" data-widget_type=\"text-editor.default\">\n\t\t\t\t\t\t\t\t\t<p><strong>7. Cada detalle cuenta<\/strong><\/p><p><a href=\"https:\/\/soymigrante.com\/revista\/departamentos-de-guatemala-san-marcos-tierra-de-las-cumbres-mas-altas\/\" target=\"_blank\" rel=\"noopener\">Desde las repisas hasta las l\u00e1mparas, todo en el palacio est\u00e1 cuidadosamente ornamentado con s\u00edmbolos mayas.<\/a> Es un ejemplo excepcional de la t\u00e9cnica de \u201ctalla directa\u201d sobre concreto y uno de los pocos edificios p\u00fablicos en el pa\u00eds con un nivel de detalle art\u00edstico tan elevado.<\/p>\t\t\t\t\t\t\t\t<\/div>\n\t\t\t\t\t<\/div>\n\t\t\t\t<\/div>\n\t\t<div data-particle_enable=\"false\" data-particle-mobile-disabled=\"false\" class=\"elementor-element elementor-element-285ed2d e-flex e-con-boxed e-con e-parent\" data-id=\"285ed2d\" data-element_type=\"container\" data-e-type=\"container\">\n\t\t\t\t\t<div class=\"e-con-inner\">\n\t\t\t\t<div class=\"elementor-element elementor-element-c59c1ec elementor-widget elementor-widget-image\" data-id=\"c59c1ec\" data-element_type=\"widget\" data-e-type=\"widget\" data-widget_type=\"image.default\">\n\t\t\t\t\t\t\t\t\t\t\t\t<figure class=\"wp-caption\">\n\t\t\t\t\t\t\t\t\t\t<img loading=\"lazy\" decoding=\"async\" width=\"768\" height=\"1024\" src=\"https:\/\/soymigrante.com\/revista\/wp-content\/uploads\/2025\/07\/palacio-maya-4-768x1024.jpg\" class=\"attachment-large size-large wp-image-38507\" alt=\"Esculturas aztecas en piedra con indios y s\u00edmbolos mitol\u00f3gicos, detalles tradicionales mexicanos en estilo ancestral.\" srcset=\"https:\/\/soymigrante.com\/revista\/wp-content\/uploads\/2025\/07\/palacio-maya-4-768x1024.jpg 768w, https:\/\/soymigrante.com\/revista\/wp-content\/uploads\/2025\/07\/palacio-maya-4-225x300.jpg 225w, https:\/\/soymigrante.com\/revista\/wp-content\/uploads\/2025\/07\/palacio-maya-4-750x1000.jpg 750w, https:\/\/soymigrante.com\/revista\/wp-content\/uploads\/2025\/07\/palacio-maya-4.webp 796w\" sizes=\"(max-width: 768px) 100vw, 768px\" title=\"Los detalles de Palacio Maya son \u00fanicos. (Foto: INGUAT) \u2013 SoyMigrante.com REVISTA\" \/>\t\t\t\t\t\t\t\t\t\t\t<figcaption class=\"widget-image-caption wp-caption-text\">Esculturas aztecas en piedra con motivos mitol\u00f3gicos y elementos tradicionales mexicanos, destacando la cultura ancestral en detalles elaborados.<\/figcaption>\n\t\t\t\t\t\t\t\t\t\t<\/figure>\n\t\t\t\t\t\t\t\t\t<\/div>\n\t\t\t\t\t<\/div>\n\t\t\t\t<\/div>\n\t\t<div data-particle_enable=\"false\" data-particle-mobile-disabled=\"false\" class=\"elementor-element elementor-element-1b2ef34 e-flex e-con-boxed e-con e-parent\" data-id=\"1b2ef34\" data-element_type=\"container\" data-e-type=\"container\">\n\t\t\t\t\t<div class=\"e-con-inner\">\n\t\t\t\t<div class=\"elementor-element elementor-element-abed458 elementor-widget elementor-widget-heading\" data-id=\"abed458\" data-element_type=\"widget\" data-e-type=\"widget\" data-widget_type=\"heading.default\">\n\t\t\t\t\t<h3 class=\"elementor-heading-title elementor-size-default\">Curiosidades adicionales<\/h3>\t\t\t\t<\/div>\n\t\t\t\t\t<\/div>\n\t\t\t\t<\/div>\n\t\t<div data-particle_enable=\"false\" data-particle-mobile-disabled=\"false\" class=\"elementor-element elementor-element-3d0ea0e e-flex e-con-boxed e-con e-parent\" data-id=\"3d0ea0e\" data-element_type=\"container\" data-e-type=\"container\">\n\t\t\t\t\t<div class=\"e-con-inner\">\n\t\t\t\t<div class=\"elementor-element elementor-element-0f75253 elementor-widget elementor-widget-text-editor\" data-id=\"0f75253\" data-element_type=\"widget\" data-e-type=\"widget\" data-widget_type=\"text-editor.default\">\n\t\t\t\t\t\t\t\t\t<div>\u2022 Fue parte de un ambicioso plan de integraci\u00f3n impulsado por figuras como Miguel Yd\u00edgoras Fuentes, quien a\u00f1os m\u00e1s tarde ser\u00eda presidente de Guatemala.<\/div><div>\u2022Cada 14 de febrero se celebra su aniversario con ceremonias tradicionales en las que se honra el calendario maya.<\/div><div>\u2022Su dise\u00f1o ha sido replicado parcialmente en obras culturales locales, como murales, portadas de libros y maquetas escolares.<\/div>\t\t\t\t\t\t\t\t<\/div>\n\t\t\t\t\t<\/div>\n\t\t\t\t<\/div>\n\t\t<div data-particle_enable=\"false\" data-particle-mobile-disabled=\"false\" class=\"elementor-element elementor-element-d1e131e e-flex e-con-boxed e-con e-parent\" data-id=\"d1e131e\" data-element_type=\"container\" data-e-type=\"container\">\n\t\t\t\t\t<div class=\"e-con-inner\">\n\t\t\t\t<div class=\"elementor-element elementor-element-9b5e908 elementor-widget elementor-widget-text-editor\" data-id=\"9b5e908\" data-element_type=\"widget\" data-e-type=\"widget\" data-widget_type=\"text-editor.default\">\n\t\t\t\t\t\t\t\t\t<p><a href=\"https:\/\/soymigrante.com\/revista\/departamentos-de-guatemala-san-marcos-tierra-de-las-cumbres-mas-altas\/\" target=\"_blank\" rel=\"noopener\">El Palacio Maya de San Marcos no es solo una estructura monumental: es un testigo silencioso de la historia pol\u00edtica y cultural del pa\u00eds, una muestra del arte inspirado en la identidad ancestral y una llamada permanente a la unidad y el orgullo por lo guatemalteco.<\/a> En tiempos donde la memoria hist\u00f3rica corre el riesgo de olvidarse, este palacio sigue siendo un faro de lo que fuimos, somos y podemos ser.<\/p>\t\t\t\t\t\t\t\t<\/div>\n\t\t\t\t\t<\/div>\n\t\t\t\t<\/div>\n\t\t<div data-particle_enable=\"false\" data-particle-mobile-disabled=\"false\" class=\"elementor-element elementor-element-e2f0358 e-flex e-con-boxed e-con e-parent\" data-id=\"e2f0358\" data-element_type=\"container\" data-e-type=\"container\">\n\t\t\t\t\t<div class=\"e-con-inner\">\n\t\t\t\t<div class=\"elementor-element elementor-element-73b37c0 elementor-widget elementor-widget-heading\" data-id=\"73b37c0\" data-element_type=\"widget\" data-e-type=\"widget\" data-widget_type=\"heading.default\">\n\t\t\t\t\t<h2 class=\"elementor-heading-title elementor-size-default\">Conoce estos datos maravillosos de San Marcos...<\/h2>\t\t\t\t<\/div>\n\t\t\t\t\t<\/div>\n\t\t\t\t<\/div>\n\t\t<div data-particle_enable=\"false\" data-particle-mobile-disabled=\"false\" class=\"elementor-element elementor-element-67f8f60 e-flex e-con-boxed e-con e-parent\" data-id=\"67f8f60\" data-element_type=\"container\" data-e-type=\"container\">\n\t\t\t\t\t<div class=\"e-con-inner\">\n\t\t\t\t<div class=\"elementor-element elementor-element-5a279a6 elementor-grid-eael-col-3 elementor-grid-tablet-eael-col-2 elementor-grid-mobile-eael-col-1 elementor-invisible elementor-widget elementor-widget-eael-post-grid\" data-id=\"5a279a6\" data-element_type=\"widget\" data-e-type=\"widget\" data-settings=\"{&quot;eael_post_grid_columns&quot;:&quot;eael-col-3&quot;,&quot;_animation&quot;:&quot;rollIn&quot;,&quot;eael_post_grid_columns_tablet&quot;:&quot;eael-col-2&quot;,&quot;eael_post_grid_columns_mobile&quot;:&quot;eael-col-1&quot;}\" data-widget_type=\"eael-post-grid.default\">\n\t\t\t\t\t<div id=\"eael-post-grid-5a279a6\" class=\"eael-post-grid-container\">\n            <div class=\"eael-post-grid eael-post-appender eael-post-appender-5a279a6 eael-post-grid-style-one\" data-layout-mode=\"masonry\"><article class=\"eael-grid-post  eael-post-grid-column eael-pg-post-2390 category-guate-nuestra tags-danzas-de-guatemala\" data-id=\"2390\">\n        <div class=\"eael-grid-post-holder\">\n            <div class=\"eael-grid-post-holder-inner\"><div class=\"eael-entry-media\"><div class=\"eael-entry-overlay fade-in\"><i class=\"far fa-hand-pointer\" aria-hidden=\"true\"><\/i><a href=\"https:\/\/soymigrante.com\/revista\/guatemala-danza-el-baile-de-la-paach-de-san-marcos-es-patrimonio-de-la-humanidad\/\"><\/a><\/div><div class=\"eael-entry-thumbnail \">\n                <img loading=\"lazy\" decoding=\"async\" width=\"1000\" height=\"636\" src=\"https:\/\/soymigrante.com\/revista\/wp-content\/uploads\/2023\/09\/03672-HUG.webp\" class=\"attachment-large size-large wp-image-2424\" alt=\"La percusi\u00f3n del tambor abre paso al recorrido de los ancianos, padrinos y comunidad, en camino a la Casa de la Paazh (Fotograf\u00eda Archivo FLAAR-Unesco)\" srcset=\"https:\/\/soymigrante.com\/revista\/wp-content\/uploads\/2023\/09\/03672-HUG.webp 1000w, https:\/\/soymigrante.com\/revista\/wp-content\/uploads\/2023\/09\/03672-HUG-300x191.webp 300w, https:\/\/soymigrante.com\/revista\/wp-content\/uploads\/2023\/09\/03672-HUG-768x488.webp 768w, https:\/\/soymigrante.com\/revista\/wp-content\/uploads\/2023\/09\/03672-HUG-750x477.webp 750w\" sizes=\"(max-width: 1000px) 100vw, 1000px\" \/>\n            <\/div>\n        <\/div><div class=\"eael-entry-wrapper\"><header class=\"eael-entry-header\"><h2 class=\"eael-entry-title\"><a class=\"eael-grid-post-link\" href=\"https:\/\/soymigrante.com\/revista\/guatemala-danza-el-baile-de-la-paach-de-san-marcos-es-patrimonio-de-la-humanidad\/\" title=\"Danzas de Guatemala: El baile de La Paach, de San Marcos es Patrimonio de la Humanidad\">Danzas de Guatemala: El baile de La Paach, de San Marcos es Patrimonio de la Humanidad<\/a><\/h2><\/header><div class=\"eael-entry-content\">\n                        <div class=\"eael-grid-post-excerpt\"><a href=\"https:\/\/soymigrante.com\/revista\/guatemala-danza-el-baile-de-la-paach-de-san-marcos-es-patrimonio-de-la-humanidad\/\" class=\"eael-post-elements-readmore-btn\">CONOCE SU HISTORIA <\/a><\/div>\n                    <\/div><\/div><\/div>\n        <\/div>\n    <\/article><article class=\"eael-grid-post  eael-post-grid-column eael-pg-post-31710 category-guate-nuestra\" data-id=\"31710\">\n        <div class=\"eael-grid-post-holder\">\n            <div class=\"eael-grid-post-holder-inner\"><div class=\"eael-entry-media\"><div class=\"eael-entry-overlay fade-in\"><i class=\"far fa-hand-pointer\" aria-hidden=\"true\"><\/i><a href=\"https:\/\/soymigrante.com\/revista\/una-semana-santa-memorable-en-san-rafael-pie-de-la-cuesta-san-marcos\/\"><\/a><\/div><div class=\"eael-entry-thumbnail \">\n                <img loading=\"lazy\" decoding=\"async\" width=\"768\" height=\"1024\" src=\"https:\/\/soymigrante.com\/revista\/wp-content\/uploads\/2025\/04\/Una-Semana-Santa-viva-y-con-tradicion-en-San-Rafael-Pie-de-la-Cuesta11-768x1024.jpeg\" class=\"attachment-large size-large wp-image-31711\" alt=\"Papa Jes\u00fas y amigos en altar religioso con frutas, flores y \u00f3leo, celebraci\u00f3n cat\u00f3lica en honor a Santo Ni\u00f1o, cultura mexicana, tradici\u00f3n religiosa, ofrenda en celebraci\u00f3n cristiana y cultura popular mexicana.\" srcset=\"https:\/\/soymigrante.com\/revista\/wp-content\/uploads\/2025\/04\/Una-Semana-Santa-viva-y-con-tradicion-en-San-Rafael-Pie-de-la-Cuesta11-768x1024.jpeg 768w, https:\/\/soymigrante.com\/revista\/wp-content\/uploads\/2025\/04\/Una-Semana-Santa-viva-y-con-tradicion-en-San-Rafael-Pie-de-la-Cuesta11-225x300.jpeg 225w, https:\/\/soymigrante.com\/revista\/wp-content\/uploads\/2025\/04\/Una-Semana-Santa-viva-y-con-tradicion-en-San-Rafael-Pie-de-la-Cuesta11-1152x1536.jpeg 1152w, https:\/\/soymigrante.com\/revista\/wp-content\/uploads\/2025\/04\/Una-Semana-Santa-viva-y-con-tradicion-en-San-Rafael-Pie-de-la-Cuesta11-750x1000.webp 750w, https:\/\/soymigrante.com\/revista\/wp-content\/uploads\/2025\/04\/Una-Semana-Santa-viva-y-con-tradicion-en-San-Rafael-Pie-de-la-Cuesta11-1140x1520.jpeg 1140w, https:\/\/soymigrante.com\/revista\/wp-content\/uploads\/2025\/04\/Una-Semana-Santa-viva-y-con-tradicion-en-San-Rafael-Pie-de-la-Cuesta11.webp 1200w\" sizes=\"(max-width: 768px) 100vw, 768px\" \/>\n            <\/div>\n        <\/div><div class=\"eael-entry-wrapper\"><header class=\"eael-entry-header\"><h2 class=\"eael-entry-title\"><a class=\"eael-grid-post-link\" href=\"https:\/\/soymigrante.com\/revista\/una-semana-santa-memorable-en-san-rafael-pie-de-la-cuesta-san-marcos\/\" title=\"Una Semana Santa memorable en San Rafael Pie de la Cuesta, San Marcos\">Una Semana Santa memorable en San Rafael Pie de la Cuesta, San Marcos<\/a><\/h2><\/header><div class=\"eael-entry-content\">\n                        <div class=\"eael-grid-post-excerpt\"><a href=\"https:\/\/soymigrante.com\/revista\/una-semana-santa-memorable-en-san-rafael-pie-de-la-cuesta-san-marcos\/\" class=\"eael-post-elements-readmore-btn\">CONOCE SU HISTORIA <\/a><\/div>\n                    <\/div><\/div><\/div>\n        <\/div>\n    <\/article><article class=\"eael-grid-post  eael-post-grid-column eael-pg-post-26169 category-guate-nuestra tags-departamentos-de-guatemala\" data-id=\"26169\">\n        <div class=\"eael-grid-post-holder\">\n            <div class=\"eael-grid-post-holder-inner\"><div class=\"eael-entry-media\"><div class=\"eael-entry-overlay fade-in\"><i class=\"far fa-hand-pointer\" aria-hidden=\"true\"><\/i><a href=\"https:\/\/soymigrante.com\/revista\/departamentos-de-guatemala-san-marcos-tierra-de-las-cumbres-mas-altas\/\"><\/a><\/div><div class=\"eael-entry-thumbnail \">\n                <img loading=\"lazy\" decoding=\"async\" width=\"1024\" height=\"645\" src=\"https:\/\/soymigrante.com\/revista\/wp-content\/uploads\/2025\/02\/San-Marcos-1-1024x645.jpeg\" class=\"attachment-large size-large wp-image-26170\" alt=\"Edificio hist\u00f3rico en la Ciudad de M\u00e9xico, ejemplo de arquitectura colonial espa\u00f1ola con detalles ornamentales y fachada imponente.\" \/>\n            <\/div>\n        <\/div><div class=\"eael-entry-wrapper\"><header class=\"eael-entry-header\"><h2 class=\"eael-entry-title\"><a class=\"eael-grid-post-link\" href=\"https:\/\/soymigrante.com\/revista\/departamentos-de-guatemala-san-marcos-tierra-de-las-cumbres-mas-altas\/\" title=\"Departamentos de Guatemala: San Marcos, tierra de las cumbres m\u00e1s altas\">Departamentos de Guatemala: San Marcos, tierra de las cumbres m\u00e1s altas<\/a><\/h2><\/header><div class=\"eael-entry-content\">\n                        <div class=\"eael-grid-post-excerpt\"><a href=\"https:\/\/soymigrante.com\/revista\/departamentos-de-guatemala-san-marcos-tierra-de-las-cumbres-mas-altas\/\" class=\"eael-post-elements-readmore-btn\">CONOCE SU HISTORIA <\/a><\/div>\n                    <\/div><\/div><\/div>\n        <\/div>\n    <\/article><\/div>\n            <div class=\"clearfix\"><\/div>\n        <\/div>\t\t\t\t<\/div>\n\t\t\t\t\t<\/div>\n\t\t\t\t<\/div>\n\t\t\t\t<\/div>\n\t\t","protected":false},"excerpt":{"rendered":"<p>El Palacio Maya de San Marcos une historia, arte y cultura guatemalteca, es un monumento \u00fanico. Entre serpientes emplumadas, glifos mayas y un reloj ancestral, el Palacio Maya de San Marcos se erige como un s\u00edmbolo de reconciliaci\u00f3n, arte y resistencia cultural en el occidente de Guatemala. Ubicado en el coraz\u00f3n de San Marcos, este [&hellip;]<\/p>\n","protected":false},"author":19,"featured_media":38502,"comment_status":"open","ping_status":"open","sticky":false,"template":"","format":"standard","meta":{"_acf_changed":false,"_eb_attr":"","footnotes":""},"categories":[58],"tags":[],"class_list":["post-38501","post","type-post","status-publish","format-standard","has-post-thumbnail","hentry","category-guate-nuestra"],"acf":[],"aioseo_notices":[],"aioseo_head":"\n\t\t<!-- All in One SEO Pro 4.9.6.2 - aioseo.com -->\n\t<meta name=\"description\" content=\"San Marcos es uno de los 22 departamentos de Guatemala, es conocido por tener lugares fr\u00edos y c\u00e1lidos en poca distancia.\" \/>\n\t<meta name=\"robots\" content=\"max-snippet:-1, max-image-preview:large, max-video-preview:-1\" \/>\n\t<meta name=\"author\" content=\"Marysabel Aldana\"\/>\n\t<link rel=\"canonical\" href=\"https:\/\/soymigrante.com\/revista\/departamentos-de-guatemala-san-marcos-tierra-de-las-cumbres-mas-altas\/\" \/>\n\t<meta name=\"generator\" content=\"All in One SEO Pro (AIOSEO) 4.9.6.2\" \/>\n\n\t\t<link rel=\"preconnect\" href=\"https:\/\/fonts.googleapis.com\" crossorigin>\n<link rel=\"preconnect\" href=\"https:\/\/fonts.gstatic.com\" crossorigin>\n\t\t<meta property=\"og:locale\" content=\"es_ES\" \/>\n\t\t<meta property=\"og:site_name\" content=\"SoyMigrante.com REVISTA \u2013 Nuestra misi\u00f3n es reconocer y dignificar al migrante.\" \/>\n\t\t<meta property=\"og:type\" content=\"article\" \/>\n\t\t<meta property=\"og:title\" content=\"Departamentos de Guatemala: San Marcos, tierra de las cumbres m\u00e1s altas\" \/>\n\t\t<meta property=\"og:description\" content=\"San Marcos es uno de los 22 departamentos de Guatemala, es conocido por tener lugares fr\u00edos y c\u00e1lidos en poca distancia.\" \/>\n\t\t<meta property=\"og:url\" content=\"https:\/\/soymigrante.com\/revista\/departamentos-de-guatemala-san-marcos-tierra-de-las-cumbres-mas-altas\/\" \/>\n\t\t<meta property=\"og:image\" content=\"https:\/\/soymigrante.com\/revista\/wp-content\/uploads\/2025\/02\/San-Marcos-1-e1740366339288.webp\" \/>\n\t\t<meta property=\"og:image:secure_url\" content=\"https:\/\/soymigrante.com\/revista\/wp-content\/uploads\/2025\/02\/San-Marcos-1-e1740366339288.webp\" \/>\n\t\t<meta property=\"og:image:width\" content=\"806\" \/>\n\t\t<meta property=\"og:image:height\" content=\"804\" \/>\n\t\t<meta property=\"article:published_time\" content=\"2025-02-24T11:00:00+00:00\" \/>\n\t\t<meta property=\"article:modified_time\" content=\"2025-03-04T18:20:09+00:00\" \/>\n\t\t<meta property=\"article:publisher\" content=\"https:\/\/www.facebook.com\/soymigrantecom\" \/>\n\t\t<meta name=\"twitter:card\" content=\"summary_large_image\" \/>\n\t\t<meta name=\"twitter:site\" content=\"@SoyMigrante_com\" \/>\n\t\t<meta name=\"twitter:title\" content=\"Departamentos de Guatemala: San Marcos, tierra de las cumbres m\u00e1s altas\" \/>\n\t\t<meta name=\"twitter:description\" content=\"San Marcos es uno de los 22 departamentos de Guatemala, es conocido por tener lugares fr\u00edos y c\u00e1lidos en poca distancia.\" \/>\n\t\t<meta name=\"twitter:creator\" content=\"@SoyMigrante_com\" \/>\n\t\t<meta name=\"twitter:image\" content=\"https:\/\/soymigrante.com\/revista\/wp-content\/uploads\/2025\/02\/San-Marcos-1-e1740366339288.webp\" \/>\n\t\t<!-- All in One SEO Pro -->\r\n\t\t<title>Departamentos de Guatemala: San Marcos, tierra de las cumbres m\u00e1s altas<\/title>\n\n","aioseo_head_json":{"title":"Departamentos de Guatemala: San Marcos, tierra de las cumbres m\u00e1s altas","description":"San Marcos es uno de los 22 departamentos de Guatemala, es conocido por tener lugares fr\u00edos y c\u00e1lidos en poca distancia.","canonical_url":"https:\/\/soymigrante.com\/revista\/departamentos-de-guatemala-san-marcos-tierra-de-las-cumbres-mas-altas\/","robots":"max-snippet:-1, max-image-preview:large, max-video-preview:-1","keywords":"","webmasterTools":{"miscellaneous":"&lt;link rel=\"preconnect\" href=\"https:\/\/fonts.googleapis.com\" crossorigin&gt;\n&lt;link rel=\"preconnect\" href=\"https:\/\/fonts.gstatic.com\" crossorigin&gt;"},"schema":null,"og:locale":"es_ES","og:site_name":"SoyMigrante.com REVISTA \u2013 Nuestra misi\u00f3n es reconocer y dignificar al migrante.","og:type":"article","og:title":"Departamentos de Guatemala: San Marcos, tierra de las cumbres m\u00e1s altas","og:description":"San Marcos es uno de los 22 departamentos de Guatemala, es conocido por tener lugares fr\u00edos y c\u00e1lidos en poca distancia.","og:url":"https:\/\/soymigrante.com\/revista\/departamentos-de-guatemala-san-marcos-tierra-de-las-cumbres-mas-altas\/","og:image":"https:\/\/soymigrante.com\/revista\/wp-content\/uploads\/2025\/02\/San-Marcos-1-e1740366339288.webp","og:image:secure_url":"https:\/\/soymigrante.com\/revista\/wp-content\/uploads\/2025\/02\/San-Marcos-1-e1740366339288.webp","og:image:width":806,"og:image:height":804,"article:published_time":"2025-02-24T11:00:00+00:00","article:modified_time":"2025-03-04T18:20:09+00:00","article:publisher":"https:\/\/www.facebook.com\/soymigrantecom","twitter:card":"summary_large_image","twitter:site":"@SoyMigrante_com","twitter:title":"Departamentos de Guatemala: San Marcos, tierra de las cumbres m\u00e1s altas","twitter:description":"San Marcos es uno de los 22 departamentos de Guatemala, es conocido por tener lugares fr\u00edos y c\u00e1lidos en poca distancia.","twitter:creator":"@SoyMigrante_com","twitter:image":"https:\/\/soymigrante.com\/revista\/wp-content\/uploads\/2025\/02\/San-Marcos-1-e1740366339288.webp"},"aioseo_meta_data":{"post_id":"38501","title":null,"description":null,"keywords":null,"keyphrases":{"focus":{"keyphrase":"Palacio Maya","score":91,"analysis":{"keyphraseInTitle":{"score":9,"maxScore":9,"error":0},"keyphraseInDescription":{"score":9,"maxScore":9,"error":0},"keyphraseLength":{"score":9,"maxScore":9,"error":0,"length":2},"keyphraseInURL":{"score":5,"maxScore":5,"error":0},"keyphraseInIntroduction":{"score":9,"maxScore":9,"error":0},"keyphraseInSubHeadings":{"score":3,"maxScore":9,"error":1},"keyphraseInImageAlt":{"score":9,"maxScore":9,"error":0},"keywordDensity":{"type":"best","score":9,"maxScore":9,"error":0}}},"additional":[{"keyphrase":"San Marcos","score":100,"analysis":{"keyphraseInDescription":{"score":9,"maxScore":9,"error":0},"keyphraseLength":{"score":9,"maxScore":9,"error":0,"length":2},"keyphraseInIntroduction":{"score":9,"maxScore":9,"error":0},"keyphraseInImageAlt":{"score":9,"maxScore":9,"error":0},"keywordDensity":{"type":"best","score":9,"maxScore":9,"error":0}}}]},"primary_term":null,"canonical_url":null,"og_title":null,"og_description":null,"og_object_type":"default","og_image_type":"default","og_image_url":null,"og_image_width":null,"og_image_height":null,"og_image_custom_url":null,"og_image_custom_fields":null,"og_video":"","og_custom_url":null,"og_article_section":null,"og_article_tags":null,"twitter_use_og":false,"twitter_card":"default","twitter_image_type":"default","twitter_image_url":null,"twitter_image_custom_url":null,"twitter_image_custom_fields":null,"twitter_title":null,"twitter_description":null,"schema":{"blockGraphs":[],"customGraphs":[],"default":{"data":{"Article":[],"Course":[],"Dataset":[],"FAQPage":[],"Movie":[],"Person":[],"Product":[],"ProductReview":[],"Car":[],"Recipe":[],"Service":[],"SoftwareApplication":[],"WebPage":[]},"graphName":"none","isEnabled":true},"graphs":[]},"schema_type":"default","schema_type_options":null,"pillar_content":false,"robots_default":true,"robots_noindex":false,"robots_noarchive":false,"robots_nosnippet":false,"robots_nofollow":false,"robots_noimageindex":false,"robots_noodp":false,"robots_notranslate":false,"robots_max_snippet":"-1","robots_max_videopreview":"-1","robots_max_imagepreview":"large","priority":null,"frequency":"default","local_seo":null,"seo_analyzer_scan_date":"2025-10-09 06:34:19","breadcrumb_settings":null,"limit_modified_date":false,"reviewed_by":"0","open_ai":null,"ai":{"faqs":[],"keyPoints":[],"titles":[],"descriptions":[],"socialPosts":{"email":[],"linkedin":[],"twitter":[],"facebook":[],"instagram":[]}},"created":"2025-07-04 18:57:04","updated":"2026-02-05 02:49:47"},"aioseo_breadcrumb":"<div class=\"aioseo-breadcrumbs\"><span class=\"aioseo-breadcrumb\">\n\t<a href=\"https:\/\/soymigrante.com\/revista\" title=\"Home\">Home<\/a>\n<\/span><span class=\"aioseo-breadcrumb-separator\">\u00bb<\/span><span class=\"aioseo-breadcrumb\">\n\t<a href=\"https:\/\/soymigrante.com\/revista\/category\/guate-nuestra\/\" title=\"Guate Nuestra\">Guate Nuestra<\/a>\n<\/span><span class=\"aioseo-breadcrumb-separator\">\u00bb<\/span><span class=\"aioseo-breadcrumb\">\n\tPalacio Maya de San Marcos: 7 datos fascinantes\n<\/span><\/div>","aioseo_breadcrumb_json":[{"label":"Home","link":"https:\/\/soymigrante.com\/revista"},{"label":"Guate Nuestra","link":"https:\/\/soymigrante.com\/revista\/category\/guate-nuestra\/"},{"label":"Palacio Maya de San Marcos: 7 datos fascinantes","link":"https:\/\/soymigrante.com\/revista\/palacio-maya-de-san-marcos-7-datos-fascinantes\/"}],"_links":{"self":[{"href":"https:\/\/soymigrante.com\/revista\/wp-json\/wp\/v2\/posts\/38501","targetHints":{"allow":["GET"]}}],"collection":[{"href":"https:\/\/soymigrante.com\/revista\/wp-json\/wp\/v2\/posts"}],"about":[{"href":"https:\/\/soymigrante.com\/revista\/wp-json\/wp\/v2\/types\/post"}],"author":[{"embeddable":true,"href":"https:\/\/soymigrante.com\/revista\/wp-json\/wp\/v2\/users\/19"}],"replies":[{"embeddable":true,"href":"https:\/\/soymigrante.com\/revista\/wp-json\/wp\/v2\/comments?post=38501"}],"version-history":[{"count":11,"href":"https:\/\/soymigrante.com\/revista\/wp-json\/wp\/v2\/posts\/38501\/revisions"}],"predecessor-version":[{"id":38576,"href":"https:\/\/soymigrante.com\/revista\/wp-json\/wp\/v2\/posts\/38501\/revisions\/38576"}],"wp:featuredmedia":[{"embeddable":true,"href":"https:\/\/soymigrante.com\/revista\/wp-json\/wp\/v2\/media\/38502"}],"wp:attachment":[{"href":"https:\/\/soymigrante.com\/revista\/wp-json\/wp\/v2\/media?parent=38501"}],"wp:term":[{"taxonomy":"category","embeddable":true,"href":"https:\/\/soymigrante.com\/revista\/wp-json\/wp\/v2\/categories?post=38501"},{"taxonomy":"post_tag","embeddable":true,"href":"https:\/\/soymigrante.com\/revista\/wp-json\/wp\/v2\/tags?post=38501"}],"curies":[{"name":"wp","href":"https:\/\/api.w.org\/{rel}","templated":true}]}}