{"id":38473,"date":"2025-07-06T21:18:01","date_gmt":"2025-07-07T03:18:01","guid":{"rendered":"https:\/\/soymigrante.com\/revista\/?p=38473"},"modified":"2025-07-06T21:18:08","modified_gmt":"2025-07-07T03:18:08","slug":"mujeres-mayas-rompen-barreras-con-energia-solar","status":"publish","type":"post","link":"https:\/\/soymigrante.com\/revista\/mujeres-mayas-rompen-barreras-con-energia-solar\/","title":{"rendered":"Mujeres mayas rompen barreras con energ\u00eda solar"},"content":{"rendered":"\t\t<div data-elementor-type=\"wp-post\" data-elementor-id=\"38473\" class=\"elementor elementor-38473\" data-elementor-post-type=\"post\">\n\t\t\t\t<div data-particle_enable=\"false\" data-particle-mobile-disabled=\"false\" class=\"elementor-element elementor-element-b467b4a e-flex e-con-boxed e-con e-parent\" data-id=\"b467b4a\" data-element_type=\"container\" data-e-type=\"container\">\n\t\t\t\t\t<div class=\"e-con-inner\">\n\t\t\t\t<div class=\"elementor-element elementor-element-b007d9a elementor-widget elementor-widget-heading\" data-id=\"b007d9a\" data-element_type=\"widget\" data-e-type=\"widget\" data-widget_type=\"heading.default\">\n\t\t\t\t\t<h2 class=\"elementor-heading-title elementor-size-default\">Las mujeres guatemaltecas llevan a creatividad otro nivel, esto incluye romper barreras con energ\u00eda solar. \n<\/h2>\t\t\t\t<\/div>\n\t\t\t\t\t<\/div>\n\t\t\t\t<\/div>\n\t\t<div data-particle_enable=\"false\" data-particle-mobile-disabled=\"false\" class=\"elementor-element elementor-element-6b26e69 e-flex e-con-boxed e-con e-parent\" data-id=\"6b26e69\" data-element_type=\"container\" data-e-type=\"container\">\n\t\t\t\t\t<div class=\"e-con-inner\">\n\t\t\t\t<div class=\"elementor-element elementor-element-4456163 elementor-widget elementor-widget-text-editor\" data-id=\"4456163\" data-element_type=\"widget\" data-e-type=\"widget\" data-widget_type=\"text-editor.default\">\n\t\t\t\t\t\t\t\t\t<p>En las monta\u00f1as de Guatemala, donde la electricidad ha sido un lujo inalcanzable para muchas comunidades ind\u00edgenas, un grupo extraordinario de mujeres est\u00e1 literalmente iluminando el camino hacia un futuro m\u00e1s brillante. <a href=\"https:\/\/www.barefootcollege-guatemala.org\/\" target=\"_blank\" rel=\"noopener\">Su herramienta no son las palabras o las protestas, sino paneles solares, cables y una determinaci\u00f3n inquebrantable de transformar sus comunidades.<\/a><\/p><p>Catarina Santiago, una mujer ixil de 45 a\u00f1os, nunca imagin\u00f3 que viajar\u00eda a India para aprender sobre tecnolog\u00eda solar. Sin saber leer ni escribir, sin hablar ingl\u00e9s y apenas espa\u00f1ol, su selecci\u00f3n para el programa Barefoot College International parec\u00eda improbable. Sin embargo, su liderazgo comunitario y su disposici\u00f3n a aprender la convirtieron en la candidata perfecta para una experiencia que cambiar\u00eda no solo su vida, sino la de toda su aldea.<\/p>\t\t\t\t\t\t\t\t<\/div>\n\t\t\t\t\t<\/div>\n\t\t\t\t<\/div>\n\t\t<div data-particle_enable=\"false\" data-particle-mobile-disabled=\"false\" class=\"elementor-element elementor-element-73e2695 e-flex e-con-boxed e-con e-parent\" data-id=\"73e2695\" data-element_type=\"container\" data-e-type=\"container\">\n\t\t\t\t\t<div class=\"e-con-inner\">\n\t\t\t\t<div class=\"elementor-element elementor-element-d8575ba elementor-widget elementor-widget-heading\" data-id=\"d8575ba\" data-element_type=\"widget\" data-e-type=\"widget\" data-widget_type=\"heading.default\">\n\t\t\t\t\t<h3 class=\"elementor-heading-title elementor-size-default\">Un programa que impulsa <\/h3>\t\t\t\t<\/div>\n\t\t\t\t\t<\/div>\n\t\t\t\t<\/div>\n\t\t<div data-particle_enable=\"false\" data-particle-mobile-disabled=\"false\" class=\"elementor-element elementor-element-be9193e e-flex e-con-boxed e-con e-parent\" data-id=\"be9193e\" data-element_type=\"container\" data-e-type=\"container\">\n\t\t\t\t\t<div class=\"e-con-inner\">\n\t\t\t\t<div class=\"elementor-element elementor-element-70b8a17 elementor-widget elementor-widget-text-editor\" data-id=\"70b8a17\" data-element_type=\"widget\" data-e-type=\"widget\" data-widget_type=\"text-editor.default\">\n\t\t\t\t\t\t\t\t\t<p>El programa <a href=\"https:\/\/www.barefootcollege-guatemala.org\/\" target=\"_blank\" rel=\"noopener\">Barefoot College, fundado en 1972<\/a>, se basa en una filosof\u00eda revolucionaria: las mujeres de comunidades rurales, independientemente de su nivel educativo formal, pueden dominar tecnolog\u00edas complejas cuando se les ense\u00f1a de manera visual y pr\u00e1ctica.<\/p><p>Para Catarina, esto signific\u00f3 aprender a trav\u00e9s de dibujos, se\u00f1ales y ejemplos visuales durante cuatro meses intensivos en Rajasthan.<br \/>Su regreso a P\u2019al, en el municipio de Chajul, marc\u00f3 el inicio de una transformaci\u00f3n comunitaria. Los sistemas solares que instal\u00f3 no solo proporcionaron luz el\u00e9ctrica por primera vez en d\u00e9cadas, sino que tambi\u00e9n abrieron nuevas posibilidades econ\u00f3micas y educativas.<\/p><p>Su cu\u00f1ada, que antes tej\u00eda ropa tradicional a la luz de las velas, ahora puede trabajar durante las horas nocturnas con luz solar almacenada. <a href=\"https:\/\/www.barefootcollege-guatemala.org\/\" target=\"_blank\" rel=\"noopener\">Los ni\u00f1os pueden estudiar despu\u00e9s del anochecer, y los peque\u00f1os negocios pueden extender sus horarios de operaci\u00f3n.<\/a><\/p>\t\t\t\t\t\t\t\t<\/div>\n\t\t\t\t\t<\/div>\n\t\t\t\t<\/div>\n\t\t<div data-particle_enable=\"false\" data-particle-mobile-disabled=\"false\" class=\"elementor-element elementor-element-a7ba7e4 e-flex e-con-boxed e-con e-parent\" data-id=\"a7ba7e4\" data-element_type=\"container\" data-e-type=\"container\">\n\t\t\t\t\t<div class=\"e-con-inner\">\n\t\t\t\t<div class=\"elementor-element elementor-element-90d5b82 elementor-widget elementor-widget-image\" data-id=\"90d5b82\" data-element_type=\"widget\" data-e-type=\"widget\" data-widget_type=\"image.default\">\n\t\t\t\t\t\t\t\t\t\t\t\t<figure class=\"wp-caption\">\n\t\t\t\t\t\t\t\t\t\t<img fetchpriority=\"high\" decoding=\"async\" width=\"768\" height=\"518\" src=\"https:\/\/soymigrante.com\/revista\/wp-content\/uploads\/2025\/07\/Captura-de-pantalla-2025-07-04-112114-1024x691.png\" class=\"attachment-large size-large wp-image-38486\" alt=\"Antigua hacienda colonial en un entorno rural y monta\u00f1oso, rodeada de naturaleza exuberante y cultivos, con un hermoso paisaje y arquitectura tradicional mexicana para promover el turismo en rural.\" srcset=\"https:\/\/soymigrante.com\/revista\/wp-content\/uploads\/2025\/07\/Captura-de-pantalla-2025-07-04-112114-1024x691.png 1024w, https:\/\/soymigrante.com\/revista\/wp-content\/uploads\/2025\/07\/Captura-de-pantalla-2025-07-04-112114-300x202.png 300w, https:\/\/soymigrante.com\/revista\/wp-content\/uploads\/2025\/07\/Captura-de-pantalla-2025-07-04-112114-768x518.png 768w, https:\/\/soymigrante.com\/revista\/wp-content\/uploads\/2025\/07\/Captura-de-pantalla-2025-07-04-112114-750x506.png 750w, https:\/\/soymigrante.com\/revista\/wp-content\/uploads\/2025\/07\/Captura-de-pantalla-2025-07-04-112114-1140x769.png 1140w, https:\/\/soymigrante.com\/revista\/wp-content\/uploads\/2025\/07\/Captura-de-pantalla-2025-07-04-112114.webp 1205w\" sizes=\"(max-width: 768px) 100vw, 768px\" title=\"Las mujeres se encargan del proyecto de energ\u00eda solar y ayudan a su comunidad. (Foto: captura de pantalla de la p\u00e1gina de la organizaci\u00f3n) \u2013 SoyMigrante.com REVISTA\" \/>\t\t\t\t\t\t\t\t\t\t\t<figcaption class=\"widget-image-caption wp-caption-text\">Hacienda colonial en un entorno natural con cultivos y monta\u00f1as, ideal para turismo rural y fotograf\u00eda de paisajes tradicionales mexicanas, destacando arquitectura hist\u00f3rica y belleza natural en un ambiente tranquilo y cultural.<\/figcaption>\n\t\t\t\t\t\t\t\t\t\t<\/figure>\n\t\t\t\t\t\t\t\t\t<\/div>\n\t\t\t\t\t<\/div>\n\t\t\t\t<\/div>\n\t\t<div data-particle_enable=\"false\" data-particle-mobile-disabled=\"false\" class=\"elementor-element elementor-element-010bd5a e-flex e-con-boxed e-con e-parent\" data-id=\"010bd5a\" data-element_type=\"container\" data-e-type=\"container\">\n\t\t\t\t\t<div class=\"e-con-inner\">\n\t\t\t\t<div class=\"elementor-element elementor-element-51573ce elementor-widget elementor-widget-heading\" data-id=\"51573ce\" data-element_type=\"widget\" data-e-type=\"widget\" data-widget_type=\"heading.default\">\n\t\t\t\t\t<h3 class=\"elementor-heading-title elementor-size-default\">Barefoot College en Guatemala<\/h3>\t\t\t\t<\/div>\n\t\t\t\t\t<\/div>\n\t\t\t\t<\/div>\n\t\t<div data-particle_enable=\"false\" data-particle-mobile-disabled=\"false\" class=\"elementor-element elementor-element-66e87d8 e-flex e-con-boxed e-con e-parent\" data-id=\"66e87d8\" data-element_type=\"container\" data-e-type=\"container\">\n\t\t\t\t\t<div class=\"e-con-inner\">\n\t\t\t\t<div class=\"elementor-element elementor-element-d45dcd8 elementor-widget elementor-widget-text-editor\" data-id=\"d45dcd8\" data-element_type=\"widget\" data-e-type=\"widget\" data-widget_type=\"text-editor.default\">\n\t\t\t\t\t\t\t\t\t<p>La apertura del centro de entrenamiento <a href=\"https:\/\/www.barefootcollege-guatemala.org\/\" target=\"_blank\" rel=\"noopener\">Barefoot College en Guatemala en 2022<\/a> representa un hito hist\u00f3rico: es la primera y \u00fanica sede en Am\u00e9rica Latina. Esta decisi\u00f3n reconoce las necesidades espec\u00edficas de las comunidades ind\u00edgenas guatemaltecas, particularmente en la regi\u00f3n ixil, donde el acceso a la electricidad sigue siendo limitado debido a la geograf\u00eda monta\u00f1osa y la marginaci\u00f3n hist\u00f3rica.<\/p><p>El programa va m\u00e1s all\u00e1 de la capacitaci\u00f3n t\u00e9cnica. A trav\u00e9s de su componente \u201cEnrich\u201d, las participantes fortalecen su autoestima, aprenden sobre sus derechos y desarrollan habilidades empresariales.<\/p><p>Para mujeres que han enfrentado discriminaci\u00f3n de g\u00e9nero y \u00e9tnica toda su vida, este empoderamiento personal es tan transformador como la tecnolog\u00eda que aprenden a manejar.<\/p>\t\t\t\t\t\t\t\t<\/div>\n\t\t\t\t\t<\/div>\n\t\t\t\t<\/div>\n\t\t<div data-particle_enable=\"false\" data-particle-mobile-disabled=\"false\" class=\"elementor-element elementor-element-5839450 e-flex e-con-boxed e-con e-parent\" data-id=\"5839450\" data-element_type=\"container\" data-e-type=\"container\">\n\t\t\t\t\t<div class=\"e-con-inner\">\n\t\t\t\t<div class=\"elementor-element elementor-element-81d2ca4 elementor-widget elementor-widget-heading\" data-id=\"81d2ca4\" data-element_type=\"widget\" data-e-type=\"widget\" data-widget_type=\"heading.default\">\n\t\t\t\t\t<h3 class=\"elementor-heading-title elementor-size-default\">M\u00e1s mujeres y m\u00e1s poder <\/h3>\t\t\t\t<\/div>\n\t\t\t\t\t<\/div>\n\t\t\t\t<\/div>\n\t\t<div data-particle_enable=\"false\" data-particle-mobile-disabled=\"false\" class=\"elementor-element elementor-element-80f2eff e-flex e-con-boxed e-con e-parent\" data-id=\"80f2eff\" data-element_type=\"container\" data-e-type=\"container\">\n\t\t\t\t\t<div class=\"e-con-inner\">\n\t\t\t\t<div class=\"elementor-element elementor-element-f8daf90 elementor-widget elementor-widget-text-editor\" data-id=\"f8daf90\" data-element_type=\"widget\" data-e-type=\"widget\" data-widget_type=\"text-editor.default\">\n\t\t\t\t\t\t\t\t\t<p>Los n\u00fameros hablan por s\u00ed solos: 34 mujeres entrenadas han instalado 475 sistemas de energ\u00eda solar, beneficiando a cientos de familias. Pero las estad\u00edsticas no capturan el impacto emocional y social de ver a mujeres ind\u00edgenas, muchas de ellas analfabetas seg\u00fan los est\u00e1ndares tradicionales, dominando tecnolog\u00eda de punta y liderando el desarrollo de sus comunidades.<\/p><p>Carolina Galicia, de 24 a\u00f1os, ejemplifica esta transformaci\u00f3n. Estudiante de la primera cohorte, ahora es instructora del programa. \u201cSolo estudi\u00e9 hasta sexto grado; ni siquiera sab\u00eda c\u00f3mo sostener un tornillo\u201d, recuerda. Su evoluci\u00f3n de estudiante a maestra demuestra c\u00f3mo el conocimiento t\u00e9cnico, cuando se combina con oportunidades reales, puede romper ciclos generacionales de limitaci\u00f3n.<\/p>\t\t\t\t\t\t\t\t<\/div>\n\t\t\t\t\t<\/div>\n\t\t\t\t<\/div>\n\t\t<div data-particle_enable=\"false\" data-particle-mobile-disabled=\"false\" class=\"elementor-element elementor-element-ed7689e e-flex e-con-boxed e-con e-parent\" data-id=\"ed7689e\" data-element_type=\"container\" data-e-type=\"container\">\n\t\t\t\t\t<div class=\"e-con-inner\">\n\t\t\t\t<div class=\"elementor-element elementor-element-8222889 elementor-widget elementor-widget-heading\" data-id=\"8222889\" data-element_type=\"widget\" data-e-type=\"widget\" data-widget_type=\"heading.default\">\n\t\t\t\t\t<h3 class=\"elementor-heading-title elementor-size-default\">Una iniciativa de mujeres <\/h3>\t\t\t\t<\/div>\n\t\t\t\t\t<\/div>\n\t\t\t\t<\/div>\n\t\t<div data-particle_enable=\"false\" data-particle-mobile-disabled=\"false\" class=\"elementor-element elementor-element-9a72b95 e-flex e-con-boxed e-con e-parent\" data-id=\"9a72b95\" data-element_type=\"container\" data-e-type=\"container\">\n\t\t\t\t\t<div class=\"e-con-inner\">\n\t\t\t\t<div class=\"elementor-element elementor-element-516f85a elementor-widget elementor-widget-text-editor\" data-id=\"516f85a\" data-element_type=\"widget\" data-e-type=\"widget\" data-widget_type=\"text-editor.default\">\n\t\t\t\t\t\t\t\t\t<p>Esta iniciativa desaf\u00eda estereotipos profundamente arraigados sobre g\u00e9nero, educaci\u00f3n y capacidad t\u00e9cnica. En una sociedad donde el machismo sigue siendo prevalente y donde las mujeres ind\u00edgenas enfrentan m\u00faltiples formas de discriminaci\u00f3n, ver a estas t\u00e9cnicas solares trabajando con confianza y competencia env\u00eda un mensaje poderoso a las generaciones futuras.<\/p><p><a href=\"https:\/\/www.barefootcollege-guatemala.org\/\" target=\"_blank\" rel=\"noopener\">El proyecto tambi\u00e9n representa un modelo de desarrollo sostenible que respeta las culturas locales mientras introduce tecnolog\u00edas modernas.<\/a> Las mujeres no solo aprenden a instalar paneles solares, sino que se convierten en embajadoras de la energ\u00eda renovable en sus comunidades, educando a otros sobre los beneficios ambientales y econ\u00f3micos de la energ\u00eda solar.<\/p>\t\t\t\t\t\t\t\t<\/div>\n\t\t\t\t\t<\/div>\n\t\t\t\t<\/div>\n\t\t<div data-particle_enable=\"false\" data-particle-mobile-disabled=\"false\" class=\"elementor-element elementor-element-f08e3bf e-flex e-con-boxed e-con e-parent\" data-id=\"f08e3bf\" data-element_type=\"container\" data-e-type=\"container\">\n\t\t\t\t\t<div class=\"e-con-inner\">\n\t\t\t\t<div class=\"elementor-element elementor-element-9a20dba elementor-widget elementor-widget-video\" data-id=\"9a20dba\" data-element_type=\"widget\" data-e-type=\"widget\" data-settings=\"{&quot;youtube_url&quot;:&quot;https:\\\/\\\/www.youtube.com\\\/watch?v=cy-yocCjGrc&amp;t=2s&quot;,&quot;video_type&quot;:&quot;youtube&quot;,&quot;controls&quot;:&quot;yes&quot;}\" data-widget_type=\"video.default\">\n\t\t\t\t\t\t\t<div class=\"elementor-wrapper elementor-open-inline\">\n\t\t\t<div class=\"elementor-video\"><\/div>\t\t<\/div>\n\t\t\t\t\t\t<\/div>\n\t\t\t\t\t<\/div>\n\t\t\t\t<\/div>\n\t\t<div data-particle_enable=\"false\" data-particle-mobile-disabled=\"false\" class=\"elementor-element elementor-element-b8e2a9e e-flex e-con-boxed e-con e-parent\" data-id=\"b8e2a9e\" data-element_type=\"container\" data-e-type=\"container\">\n\t\t\t\t\t<div class=\"e-con-inner\">\n\t\t\t\t<div class=\"elementor-element elementor-element-b3c4d55 elementor-widget elementor-widget-heading\" data-id=\"b3c4d55\" data-element_type=\"widget\" data-e-type=\"widget\" data-widget_type=\"heading.default\">\n\t\t\t\t\t<h2 class=\"elementor-heading-title elementor-size-default\">Conoce otras historias que inspiran...<\/h2>\t\t\t\t<\/div>\n\t\t\t\t\t<\/div>\n\t\t\t\t<\/div>\n\t\t<div data-particle_enable=\"false\" data-particle-mobile-disabled=\"false\" class=\"elementor-element elementor-element-fe4f50a e-flex e-con-boxed e-con e-parent\" data-id=\"fe4f50a\" data-element_type=\"container\" data-e-type=\"container\">\n\t\t\t\t\t<div class=\"e-con-inner\">\n\t\t\t\t<div class=\"elementor-element elementor-element-97f657e elementor-grid-eael-col-3 elementor-grid-tablet-eael-col-2 elementor-grid-mobile-eael-col-1 elementor-invisible elementor-widget elementor-widget-eael-post-grid\" data-id=\"97f657e\" data-element_type=\"widget\" data-e-type=\"widget\" data-settings=\"{&quot;eael_post_grid_columns&quot;:&quot;eael-col-3&quot;,&quot;_animation&quot;:&quot;rollIn&quot;,&quot;eael_post_grid_columns_tablet&quot;:&quot;eael-col-2&quot;,&quot;eael_post_grid_columns_mobile&quot;:&quot;eael-col-1&quot;}\" data-widget_type=\"eael-post-grid.default\">\n\t\t\t\t\t<div id=\"eael-post-grid-97f657e\" class=\"eael-post-grid-container\">\n            <div class=\"eael-post-grid eael-post-appender eael-post-appender-97f657e eael-post-grid-style-one\" data-layout-mode=\"masonry\"><article class=\"eael-grid-post  eael-post-grid-column eael-pg-post-2511 category-exitos\" data-id=\"2511\">\n        <div class=\"eael-grid-post-holder\">\n            <div class=\"eael-grid-post-holder-inner\"><div class=\"eael-entry-media\"><div class=\"eael-entry-overlay fade-in\"><i class=\"far fa-hand-pointer\" aria-hidden=\"true\"><\/i><a href=\"https:\/\/soymigrante.com\/revista\/migrante-guatemalteca-cory-tzul-emprendio-su-negocio-en-alabama-y-crea-empleo-en-toto\/\"><\/a><\/div><div class=\"eael-entry-thumbnail \">\n                <img decoding=\"async\" width=\"508\" height=\"416\" src=\"https:\/\/soymigrante.com\/revista\/wp-content\/uploads\/2023\/09\/Captura-de-pantalla-2023-09-09-131440.webp\" class=\"attachment-large size-large wp-image-2531\" alt=\"\" srcset=\"https:\/\/soymigrante.com\/revista\/wp-content\/uploads\/2023\/09\/Captura-de-pantalla-2023-09-09-131440.webp 508w, https:\/\/soymigrante.com\/revista\/wp-content\/uploads\/2023\/09\/Captura-de-pantalla-2023-09-09-131440-300x246.webp 300w\" sizes=\"(max-width: 508px) 100vw, 508px\" \/>\n            <\/div>\n        <\/div><div class=\"eael-entry-wrapper\"><header class=\"eael-entry-header\"><h2 class=\"eael-entry-title\"><a class=\"eael-grid-post-link\" href=\"https:\/\/soymigrante.com\/revista\/migrante-guatemalteca-cory-tzul-emprendio-su-negocio-en-alabama-y-crea-empleo-en-toto\/\" title=\"Migrante guatemalteca Cori Tzul emprendi\u00f3  negocio en Alabama y genera empleo en su natal  Totonicap\u00e1n\">Migrante guatemalteca Cori Tzul emprendi\u00f3  negocio en Alabama y genera empleo en su natal  Totonicap\u00e1n<\/a><\/h2><\/header><div class=\"eael-entry-content\">\n                        <div class=\"eael-grid-post-excerpt\"><a href=\"https:\/\/soymigrante.com\/revista\/migrante-guatemalteca-cory-tzul-emprendio-su-negocio-en-alabama-y-crea-empleo-en-toto\/\" class=\"eael-post-elements-readmore-btn\">CONOCE SU HISTORIA <\/a><\/div>\n                    <\/div><\/div><\/div>\n        <\/div>\n    <\/article><article class=\"eael-grid-post  eael-post-grid-column eael-pg-post-2281 category-exitos\" data-id=\"2281\">\n        <div class=\"eael-grid-post-holder\">\n            <div class=\"eael-grid-post-holder-inner\"><div class=\"eael-entry-media\"><div class=\"eael-entry-overlay fade-in\"><i class=\"far fa-hand-pointer\" aria-hidden=\"true\"><\/i><a href=\"https:\/\/soymigrante.com\/revista\/rosario-rodriguez-cineasta-guatemalteca-nueva-york\/\"><\/a><\/div><div class=\"eael-entry-thumbnail \">\n                <img decoding=\"async\" width=\"1024\" height=\"834\" src=\"https:\/\/soymigrante.com\/revista\/wp-content\/uploads\/2023\/08\/rosie-1024x834.webp\" class=\"attachment-large size-large wp-image-2341\" alt=\"Rosario Rodr\u00edguez, cineasta guatemalteca y migrante\" srcset=\"https:\/\/soymigrante.com\/revista\/wp-content\/uploads\/2023\/08\/rosie-1024x834.webp 1024w, https:\/\/soymigrante.com\/revista\/wp-content\/uploads\/2023\/08\/rosie-300x244.webp 300w, https:\/\/soymigrante.com\/revista\/wp-content\/uploads\/2023\/08\/rosie-768x626.webp 768w, https:\/\/soymigrante.com\/revista\/wp-content\/uploads\/2023\/08\/rosie-750x611.webp 750w, https:\/\/soymigrante.com\/revista\/wp-content\/uploads\/2023\/08\/rosie-1140x929.webp 1140w, https:\/\/soymigrante.com\/revista\/wp-content\/uploads\/2023\/08\/rosie.webp 1425w\" sizes=\"(max-width: 1024px) 100vw, 1024px\" \/>\n            <\/div>\n        <\/div><div class=\"eael-entry-wrapper\"><header class=\"eael-entry-header\"><h2 class=\"eael-entry-title\"><a class=\"eael-grid-post-link\" href=\"https:\/\/soymigrante.com\/revista\/rosario-rodriguez-cineasta-guatemalteca-nueva-york\/\" title=\"Rosario Rodr\u00edguez: La cineasta guatemalteca que brilla en Nueva York\">Rosario Rodr\u00edguez: La cineasta guatemalteca que brilla en Nueva York<\/a><\/h2><\/header><div class=\"eael-entry-content\">\n                        <div class=\"eael-grid-post-excerpt\"><a href=\"https:\/\/soymigrante.com\/revista\/rosario-rodriguez-cineasta-guatemalteca-nueva-york\/\" class=\"eael-post-elements-readmore-btn\">CONOCE SU HISTORIA <\/a><\/div>\n                    <\/div><\/div><\/div>\n        <\/div>\n    <\/article><article class=\"eael-grid-post  eael-post-grid-column eael-pg-post-2220 category-exitos\" data-id=\"2220\">\n        <div class=\"eael-grid-post-holder\">\n            <div class=\"eael-grid-post-holder-inner\"><div class=\"eael-entry-media\"><div class=\"eael-entry-overlay fade-in\"><i class=\"far fa-hand-pointer\" aria-hidden=\"true\"><\/i><a href=\"https:\/\/soymigrante.com\/revista\/migrante-zoy-promotora-cultura-guatemala\/\"><\/a><\/div><div class=\"eael-entry-thumbnail \">\n                <img loading=\"lazy\" decoding=\"async\" width=\"1024\" height=\"1024\" src=\"https:\/\/soymigrante.com\/revista\/wp-content\/uploads\/2023\/08\/zoy-herera-2-1024x1024.webp\" class=\"attachment-large size-large wp-image-2221\" alt=\"\" srcset=\"https:\/\/soymigrante.com\/revista\/wp-content\/uploads\/2023\/08\/zoy-herera-2-1024x1024.webp 1024w, https:\/\/soymigrante.com\/revista\/wp-content\/uploads\/2023\/08\/zoy-herera-2-300x300.webp 300w, https:\/\/soymigrante.com\/revista\/wp-content\/uploads\/2023\/08\/zoy-herera-2-150x150.webp 150w, https:\/\/soymigrante.com\/revista\/wp-content\/uploads\/2023\/08\/zoy-herera-2-768x768.webp 768w, https:\/\/soymigrante.com\/revista\/wp-content\/uploads\/2023\/08\/zoy-herera-2-75x75.webp 75w, https:\/\/soymigrante.com\/revista\/wp-content\/uploads\/2023\/08\/zoy-herera-2-750x750.webp 750w, https:\/\/soymigrante.com\/revista\/wp-content\/uploads\/2023\/08\/zoy-herera-2-600x600.webp 600w, https:\/\/soymigrante.com\/revista\/wp-content\/uploads\/2023\/08\/zoy-herera-2.webp 1112w\" sizes=\"(max-width: 1024px) 100vw, 1024px\" \/>\n            <\/div>\n        <\/div><div class=\"eael-entry-wrapper\"><header class=\"eael-entry-header\"><h2 class=\"eael-entry-title\"><a class=\"eael-grid-post-link\" href=\"https:\/\/soymigrante.com\/revista\/migrante-zoy-promotora-cultura-guatemala\/\" title=\"Zoy, dise\u00f1adora, promotora cultural y migrante guatemalteca en New York\">Zoy, dise\u00f1adora, promotora cultural y migrante guatemalteca en New York<\/a><\/h2><\/header><div class=\"eael-entry-content\">\n                        <div class=\"eael-grid-post-excerpt\"><a href=\"https:\/\/soymigrante.com\/revista\/migrante-zoy-promotora-cultura-guatemala\/\" class=\"eael-post-elements-readmore-btn\">CONOCE SU HISTORIA <\/a><\/div>\n                    <\/div><\/div><\/div>\n        <\/div>\n    <\/article><\/div>\n            <div class=\"clearfix\"><\/div>\n        <\/div>\t\t\t\t<\/div>\n\t\t\t\t\t<\/div>\n\t\t\t\t<\/div>\n\t\t\t\t<\/div>\n\t\t","protected":false},"excerpt":{"rendered":"<p>Las mujeres guatemaltecas llevan a creatividad otro nivel, esto incluye romper barreras con energ\u00eda solar. En las monta\u00f1as de Guatemala, donde la electricidad ha sido un lujo inalcanzable para muchas comunidades ind\u00edgenas, un grupo extraordinario de mujeres est\u00e1 literalmente iluminando el camino hacia un futuro m\u00e1s brillante. Su herramienta no son las palabras o las [&hellip;]<\/p>\n","protected":false},"author":19,"featured_media":38474,"comment_status":"open","ping_status":"open","sticky":false,"template":"","format":"standard","meta":{"_acf_changed":false,"_eb_attr":"","footnotes":""},"categories":[58],"tags":[],"class_list":["post-38473","post","type-post","status-publish","format-standard","has-post-thumbnail","hentry","category-guate-nuestra"],"acf":[],"aioseo_notices":[],"aioseo_head":"\n\t\t<!-- All in One SEO Pro 4.9.6.2 - aioseo.com -->\n\t<meta name=\"description\" content=\"Conoce a Zoy Herrera, una migrante guatemalteca en Nueva York que transform\u00f3 la pandemia en una oportunidad para promover su cultura y talento.\" \/>\n\t<meta name=\"robots\" content=\"max-snippet:-1, max-image-preview:large, max-video-preview:-1\" \/>\n\t<meta name=\"author\" content=\"Gustavo Montenegro\"\/>\n\t<link rel=\"canonical\" href=\"https:\/\/soymigrante.com\/revista\/migrante-zoy-promotora-cultura-guatemala\/\" \/>\n\t<meta name=\"generator\" content=\"All in One SEO Pro (AIOSEO) 4.9.6.2\" \/>\n\n\t\t<link rel=\"preconnect\" href=\"https:\/\/fonts.googleapis.com\" crossorigin>\n<link rel=\"preconnect\" href=\"https:\/\/fonts.gstatic.com\" crossorigin>\n\t\t<meta property=\"og:locale\" content=\"es_ES\" \/>\n\t\t<meta property=\"og:site_name\" content=\"SoyMigrante.com REVISTA \u2013 Nuestra misi\u00f3n es reconocer y dignificar al migrante.\" \/>\n\t\t<meta property=\"og:type\" content=\"article\" \/>\n\t\t<meta property=\"og:title\" content=\"Zoy, dise\u00f1adora, promotora cultural y migrante guatemalteca en New York\" \/>\n\t\t<meta property=\"og:description\" content=\"Conoce a Zoy Herrera, una migrante guatemalteca en Nueva York que transform\u00f3 la pandemia en una oportunidad para promover su cultura y talento.\" \/>\n\t\t<meta property=\"og:url\" content=\"https:\/\/soymigrante.com\/revista\/migrante-zoy-promotora-cultura-guatemala\/\" \/>\n\t\t<meta property=\"og:image\" content=\"https:\/\/soymigrante.com\/revista\/wp-content\/uploads\/2023\/08\/zoy-herera-2.webp\" \/>\n\t\t<meta property=\"og:image:secure_url\" content=\"https:\/\/soymigrante.com\/revista\/wp-content\/uploads\/2023\/08\/zoy-herera-2.webp\" \/>\n\t\t<meta property=\"og:image:width\" content=\"1112\" \/>\n\t\t<meta property=\"og:image:height\" content=\"1112\" \/>\n\t\t<meta property=\"article:published_time\" content=\"2023-08-16T18:48:11+00:00\" \/>\n\t\t<meta property=\"article:modified_time\" content=\"2024-07-31T14:06:26+00:00\" \/>\n\t\t<meta property=\"article:publisher\" content=\"https:\/\/www.facebook.com\/soymigrantecom\" \/>\n\t\t<meta name=\"twitter:card\" content=\"summary_large_image\" \/>\n\t\t<meta name=\"twitter:site\" content=\"@SoyMigrante_com\" \/>\n\t\t<meta name=\"twitter:title\" content=\"Zoy, dise\u00f1adora, promotora cultural y migrante guatemalteca en New York\" \/>\n\t\t<meta name=\"twitter:description\" content=\"Conoce a Zoy Herrera, una migrante guatemalteca en Nueva York que transform\u00f3 la pandemia en una oportunidad para promover su cultura y talento.\" \/>\n\t\t<meta name=\"twitter:creator\" content=\"@SoyMigrante_com\" \/>\n\t\t<meta name=\"twitter:image\" content=\"https:\/\/soymigrante.com\/revista\/wp-content\/uploads\/2023\/08\/zoy-herera-2.webp\" \/>\n\t\t<!-- All in One SEO Pro -->\r\n\t\t<title>Zoy, dise\u00f1adora, promotora cultural y migrante guatemalteca en New York<\/title>\n\n","aioseo_head_json":{"title":"Zoy, dise\u00f1adora, promotora cultural y migrante guatemalteca en New York","description":"Conoce a Zoy Herrera, una migrante guatemalteca en Nueva York que transform\u00f3 la pandemia en una oportunidad para promover su cultura y talento.","canonical_url":"https:\/\/soymigrante.com\/revista\/migrante-zoy-promotora-cultura-guatemala\/","robots":"max-snippet:-1, max-image-preview:large, max-video-preview:-1","keywords":"","webmasterTools":{"miscellaneous":"&lt;link rel=\"preconnect\" href=\"https:\/\/fonts.googleapis.com\" crossorigin&gt;\n&lt;link rel=\"preconnect\" href=\"https:\/\/fonts.gstatic.com\" crossorigin&gt;"},"schema":null,"og:locale":"es_ES","og:site_name":"SoyMigrante.com REVISTA \u2013 Nuestra misi\u00f3n es reconocer y dignificar al migrante.","og:type":"article","og:title":"Zoy, dise\u00f1adora, promotora cultural y migrante guatemalteca en New York","og:description":"Conoce a Zoy Herrera, una migrante guatemalteca en Nueva York que transform\u00f3 la pandemia en una oportunidad para promover su cultura y talento.","og:url":"https:\/\/soymigrante.com\/revista\/migrante-zoy-promotora-cultura-guatemala\/","og:image":"https:\/\/soymigrante.com\/revista\/wp-content\/uploads\/2023\/08\/zoy-herera-2.webp","og:image:secure_url":"https:\/\/soymigrante.com\/revista\/wp-content\/uploads\/2023\/08\/zoy-herera-2.webp","og:image:width":1112,"og:image:height":1112,"article:published_time":"2023-08-16T18:48:11+00:00","article:modified_time":"2024-07-31T14:06:26+00:00","article:publisher":"https:\/\/www.facebook.com\/soymigrantecom","twitter:card":"summary_large_image","twitter:site":"@SoyMigrante_com","twitter:title":"Zoy, dise\u00f1adora, promotora cultural y migrante guatemalteca en New York","twitter:description":"Conoce a Zoy Herrera, una migrante guatemalteca en Nueva York que transform\u00f3 la pandemia en una oportunidad para promover su cultura y talento.","twitter:creator":"@SoyMigrante_com","twitter:image":"https:\/\/soymigrante.com\/revista\/wp-content\/uploads\/2023\/08\/zoy-herera-2.webp"},"aioseo_meta_data":{"post_id":"38473","title":null,"description":"J\u00f3venes mayas guatemaltecas son portadoras de luz e innovaci\u00f3n. Gracias a sus estudios en India generan electricidad por v\u00eda solar. Conoce su historia","keywords":null,"keyphrases":{"focus":{"keyphrase":"guatemaltecas","score":46,"analysis":{"keyphraseInTitle":{"score":3,"maxScore":9,"error":1},"keyphraseInDescription":{"score":9,"maxScore":9,"error":0},"keyphraseLength":{"score":9,"maxScore":9,"error":0,"length":1},"keyphraseInURL":{"score":1,"maxScore":5,"error":1},"keyphraseInIntroduction":{"score":3,"maxScore":9,"error":1},"keyphraseInSubHeadings":{"score":3,"maxScore":9,"error":1},"keyphraseInImageAlt":{"score":3,"maxScore":9,"error":1},"keywordDensity":{"score":0,"type":"low","maxScore":9,"error":1}}},"additional":[{"keyphrase":"energ\u00eda solar","score":73,"analysis":{"keyphraseInDescription":{"score":3,"maxScore":9,"error":1},"keyphraseLength":{"score":9,"maxScore":9,"error":0,"length":3},"keyphraseInIntroduction":{"score":3,"maxScore":9,"error":1},"keyphraseInImageAlt":{"score":9,"maxScore":9,"error":0},"keywordDensity":{"type":"best","score":9,"maxScore":9,"error":0}}}]},"primary_term":null,"canonical_url":null,"og_title":null,"og_description":null,"og_object_type":"default","og_image_type":"default","og_image_url":null,"og_image_width":null,"og_image_height":null,"og_image_custom_url":null,"og_image_custom_fields":null,"og_video":"","og_custom_url":null,"og_article_section":null,"og_article_tags":null,"twitter_use_og":false,"twitter_card":"default","twitter_image_type":"default","twitter_image_url":null,"twitter_image_custom_url":null,"twitter_image_custom_fields":null,"twitter_title":null,"twitter_description":null,"schema":{"blockGraphs":[],"customGraphs":[],"default":{"data":{"Article":[],"Course":[],"Dataset":[],"FAQPage":[],"Movie":[],"Person":[],"Product":[],"ProductReview":[],"Car":[],"Recipe":[],"Service":[],"SoftwareApplication":[],"WebPage":[]},"graphName":"none","isEnabled":true},"graphs":[]},"schema_type":"default","schema_type_options":null,"pillar_content":false,"robots_default":true,"robots_noindex":false,"robots_noarchive":false,"robots_nosnippet":false,"robots_nofollow":false,"robots_noimageindex":false,"robots_noodp":false,"robots_notranslate":false,"robots_max_snippet":"-1","robots_max_videopreview":"-1","robots_max_imagepreview":"large","priority":null,"frequency":"default","local_seo":null,"seo_analyzer_scan_date":"2025-10-09 06:34:18","breadcrumb_settings":null,"limit_modified_date":false,"reviewed_by":"0","open_ai":null,"ai":{"faqs":[],"keyPoints":[],"titles":[],"descriptions":[],"socialPosts":{"email":[],"linkedin":[],"twitter":[],"facebook":[],"instagram":[]}},"created":"2025-07-04 17:38:07","updated":"2026-02-05 02:49:46"},"aioseo_breadcrumb":"<div class=\"aioseo-breadcrumbs\"><span class=\"aioseo-breadcrumb\">\n\t<a href=\"https:\/\/soymigrante.com\/revista\" title=\"Home\">Home<\/a>\n<\/span><span class=\"aioseo-breadcrumb-separator\">\u00bb<\/span><span class=\"aioseo-breadcrumb\">\n\t<a href=\"https:\/\/soymigrante.com\/revista\/category\/guate-nuestra\/\" title=\"Guate Nuestra\">Guate Nuestra<\/a>\n<\/span><span class=\"aioseo-breadcrumb-separator\">\u00bb<\/span><span class=\"aioseo-breadcrumb\">\n\tMujeres mayas rompen barreras con energ\u00eda solar\n<\/span><\/div>","aioseo_breadcrumb_json":[{"label":"Home","link":"https:\/\/soymigrante.com\/revista"},{"label":"Guate Nuestra","link":"https:\/\/soymigrante.com\/revista\/category\/guate-nuestra\/"},{"label":"Mujeres mayas rompen barreras con energ\u00eda solar","link":"https:\/\/soymigrante.com\/revista\/mujeres-mayas-rompen-barreras-con-energia-solar\/"}],"_links":{"self":[{"href":"https:\/\/soymigrante.com\/revista\/wp-json\/wp\/v2\/posts\/38473","targetHints":{"allow":["GET"]}}],"collection":[{"href":"https:\/\/soymigrante.com\/revista\/wp-json\/wp\/v2\/posts"}],"about":[{"href":"https:\/\/soymigrante.com\/revista\/wp-json\/wp\/v2\/types\/post"}],"author":[{"embeddable":true,"href":"https:\/\/soymigrante.com\/revista\/wp-json\/wp\/v2\/users\/19"}],"replies":[{"embeddable":true,"href":"https:\/\/soymigrante.com\/revista\/wp-json\/wp\/v2\/comments?post=38473"}],"version-history":[{"count":8,"href":"https:\/\/soymigrante.com\/revista\/wp-json\/wp\/v2\/posts\/38473\/revisions"}],"predecessor-version":[{"id":38575,"href":"https:\/\/soymigrante.com\/revista\/wp-json\/wp\/v2\/posts\/38473\/revisions\/38575"}],"wp:featuredmedia":[{"embeddable":true,"href":"https:\/\/soymigrante.com\/revista\/wp-json\/wp\/v2\/media\/38474"}],"wp:attachment":[{"href":"https:\/\/soymigrante.com\/revista\/wp-json\/wp\/v2\/media?parent=38473"}],"wp:term":[{"taxonomy":"category","embeddable":true,"href":"https:\/\/soymigrante.com\/revista\/wp-json\/wp\/v2\/categories?post=38473"},{"taxonomy":"post_tag","embeddable":true,"href":"https:\/\/soymigrante.com\/revista\/wp-json\/wp\/v2\/tags?post=38473"}],"curies":[{"name":"wp","href":"https:\/\/api.w.org\/{rel}","templated":true}]}}