{"id":3842,"date":"2023-12-13T10:15:37","date_gmt":"2023-12-13T16:15:37","guid":{"rendered":"https:\/\/soymigrante.com\/revista\/?p=3842"},"modified":"2024-07-31T01:25:15","modified_gmt":"2024-07-31T07:25:15","slug":"migrantes-guatemaltecos-recuerdan-navidad-ano-nuevo-guatemala","status":"publish","type":"post","link":"https:\/\/soymigrante.com\/revista\/migrantes-guatemaltecos-recuerdan-navidad-ano-nuevo-guatemala\/","title":{"rendered":"Migrantes recuerdan con cari\u00f1o y nostalgia la Navidad en Guatemala"},"content":{"rendered":"\t\t<div data-elementor-type=\"wp-post\" data-elementor-id=\"3842\" class=\"elementor elementor-3842\" data-elementor-post-type=\"post\">\n\t\t\t\t\t\t<section data-particle_enable=\"false\" data-particle-mobile-disabled=\"false\" class=\"elementor-section elementor-top-section elementor-element elementor-element-f14a2fe elementor-section-boxed elementor-section-height-default elementor-section-height-default\" data-id=\"f14a2fe\" data-element_type=\"section\" data-e-type=\"section\">\n\t\t\t\t\t\t<div class=\"elementor-container elementor-column-gap-default\">\n\t\t\t\t\t<div class=\"elementor-column elementor-col-100 elementor-top-column elementor-element elementor-element-540ef7d\" data-id=\"540ef7d\" data-element_type=\"column\" data-e-type=\"column\">\n\t\t\t<div class=\"elementor-widget-wrap elementor-element-populated\">\n\t\t\t\t\t\t<div class=\"elementor-element elementor-element-3982328 elementor-widget elementor-widget-heading\" data-id=\"3982328\" data-element_type=\"widget\" data-e-type=\"widget\" data-widget_type=\"heading.default\">\n\t\t\t\t\t<h1 class=\"elementor-heading-title elementor-size-default\">\u00bfQu\u00e9 es lo que m\u00e1s extra\u00f1an los guatemaltecos migrantes en Estados Unidos durante las fiestas de Navidad y A\u00f1o Nuevo? Sabores, aromas, recuerdos, vivencias: connacionales comparten memorias y emociones.<\/h1>\t\t\t\t<\/div>\n\t\t\t\t\t<\/div>\n\t\t<\/div>\n\t\t\t\t\t<\/div>\n\t\t<\/section>\n\t\t\t\t<section data-particle_enable=\"false\" data-particle-mobile-disabled=\"false\" class=\"elementor-section elementor-top-section elementor-element elementor-element-94bd7e3 elementor-section-boxed elementor-section-height-default elementor-section-height-default\" data-id=\"94bd7e3\" data-element_type=\"section\" data-e-type=\"section\">\n\t\t\t\t\t\t<div class=\"elementor-container elementor-column-gap-default\">\n\t\t\t\t\t<div class=\"elementor-column elementor-col-100 elementor-top-column elementor-element elementor-element-46106db\" data-id=\"46106db\" data-element_type=\"column\" data-e-type=\"column\">\n\t\t\t<div class=\"elementor-widget-wrap elementor-element-populated\">\n\t\t\t\t\t\t<div class=\"elementor-element elementor-element-d47ad5e elementor-widget elementor-widget-text-editor\" data-id=\"d47ad5e\" data-element_type=\"widget\" data-e-type=\"widget\" data-widget_type=\"text-editor.default\">\n\t\t\t\t\t\t\t\t\t<p>La conmemoraci\u00f3n de la Navidad es una de las ocasiones que m\u00e1s nostalgia despierta en los migrantes y cuya vivencia en Estados Unidos suele ser distinta, sobre todo en Nochebuena,\u00a0porque a veces toca trabajar, porque no hay coheter\u00eda ni luces artificiales a las 12 de la noche y porque hay seres queridos lejos, en Guatemala.\u00a0<\/p><p><span style=\"color: var( --e-global-color-text );\">Aparecen memorias de c\u00f3mo se viv\u00eda durante la ni\u00f1ez y juventud, all\u00e1 en el barrio, el pueblo, la colonia. Estos son algunos testimonios de migrantes guatemaltecos.<\/span><\/p>\t\t\t\t\t\t\t\t<\/div>\n\t\t\t\t\t<\/div>\n\t\t<\/div>\n\t\t\t\t\t<\/div>\n\t\t<\/section>\n\t\t\t\t<section data-particle_enable=\"false\" data-particle-mobile-disabled=\"false\" class=\"elementor-section elementor-top-section elementor-element elementor-element-04c28d0 elementor-section-boxed elementor-section-height-default elementor-section-height-default\" data-id=\"04c28d0\" data-element_type=\"section\" data-e-type=\"section\">\n\t\t\t\t\t\t<div class=\"elementor-container elementor-column-gap-default\">\n\t\t\t\t\t<div class=\"elementor-column elementor-col-100 elementor-top-column elementor-element elementor-element-05eec1c\" data-id=\"05eec1c\" data-element_type=\"column\" data-e-type=\"column\">\n\t\t\t<div class=\"elementor-widget-wrap elementor-element-populated\">\n\t\t\t\t\t\t<div class=\"elementor-element elementor-element-918d712 elementor-widget elementor-widget-heading\" data-id=\"918d712\" data-element_type=\"widget\" data-e-type=\"widget\" data-widget_type=\"heading.default\">\n\t\t\t\t\t<h2 class=\"elementor-heading-title elementor-size-default\">\"Navidades de infancia\": Yara Reynolds <\/h2>\t\t\t\t<\/div>\n\t\t\t\t\t<\/div>\n\t\t<\/div>\n\t\t\t\t\t<\/div>\n\t\t<\/section>\n\t\t\t\t<section data-particle_enable=\"false\" data-particle-mobile-disabled=\"false\" class=\"elementor-section elementor-top-section elementor-element elementor-element-223decb elementor-section-boxed elementor-section-height-default elementor-section-height-default\" data-id=\"223decb\" data-element_type=\"section\" data-e-type=\"section\">\n\t\t\t\t\t\t<div class=\"elementor-container elementor-column-gap-default\">\n\t\t\t\t\t<div class=\"elementor-column elementor-col-100 elementor-top-column elementor-element elementor-element-1d1d2aa\" data-id=\"1d1d2aa\" data-element_type=\"column\" data-e-type=\"column\">\n\t\t\t<div class=\"elementor-widget-wrap elementor-element-populated\">\n\t\t\t\t\t\t<div class=\"elementor-element elementor-element-908a125 elementor-widget elementor-widget-text-editor\" data-id=\"908a125\" data-element_type=\"widget\" data-e-type=\"widget\" data-widget_type=\"text-editor.default\">\n\t\t\t\t\t\t\t\t\t<p>&#8220;En Guatemala com\u00edamos tamales, bail\u00e1bamos, tom\u00e1bamos ponche, quem\u00e1bamos cuetes, estrellitas, canchinflines: hac\u00edamos guerra de ellos aveces. Nos juntamos todos en la casa de mi abuelita y la verdad fueron las mejores navidades de mi infancia&#8221;, recuerda Yara Reynolds, migrante guatemalteca en Alabama. Es emprendedora artesanal y comerciante.<\/p>\t\t\t\t\t\t\t\t<\/div>\n\t\t\t\t\t<\/div>\n\t\t<\/div>\n\t\t\t\t\t<\/div>\n\t\t<\/section>\n\t\t\t\t<section data-particle_enable=\"false\" data-particle-mobile-disabled=\"false\" class=\"elementor-section elementor-top-section elementor-element elementor-element-e488d5f elementor-section-boxed elementor-section-height-default elementor-section-height-default\" data-id=\"e488d5f\" data-element_type=\"section\" data-e-type=\"section\">\n\t\t\t\t\t\t<div class=\"elementor-container elementor-column-gap-default\">\n\t\t\t\t\t<div class=\"elementor-column elementor-col-100 elementor-top-column elementor-element elementor-element-5729a70\" data-id=\"5729a70\" data-element_type=\"column\" data-e-type=\"column\">\n\t\t\t<div class=\"elementor-widget-wrap elementor-element-populated\">\n\t\t\t\t\t\t<div class=\"elementor-element elementor-element-f9b90b5 elementor-grid-eael-col-1 elementor-grid-tablet-eael-col-2 elementor-grid-mobile-eael-col-1 elementor-widget elementor-widget-eael-post-grid\" data-id=\"f9b90b5\" data-element_type=\"widget\" data-e-type=\"widget\" data-settings=\"{&quot;eael_post_grid_columns&quot;:&quot;eael-col-1&quot;,&quot;eael_post_grid_columns_tablet&quot;:&quot;eael-col-2&quot;,&quot;eael_post_grid_columns_mobile&quot;:&quot;eael-col-1&quot;}\" data-widget_type=\"eael-post-grid.default\">\n\t\t\t\t\t<div id=\"eael-post-grid-f9b90b5\" class=\"eael-post-grid-container\">\n            <div class=\"eael-post-grid eael-post-appender eael-post-appender-f9b90b5 eael-post-grid-style-one\" data-layout-mode=\"grid\"><article class=\"eael-grid-post  eael-post-grid-column eael-pg-post-3220 category-exitos-guatemala\" data-id=\"3220\">\n        <div class=\"eael-grid-post-holder\">\n            <div class=\"eael-grid-post-holder-inner\"><div class=\"eael-entry-media\"><div class=\"eael-entry-overlay fade-in\"><i class=\"fas fa-hand-point-up\" aria-hidden=\"true\"><\/i><a href=\"https:\/\/soymigrante.com\/revista\/el-sueno-migrante-de-yara-reynolds-se-dibuja-con-sombrero\/\"><\/a><\/div><div class=\"eael-entry-thumbnail \">\n                <img fetchpriority=\"high\" decoding=\"async\" width=\"978\" height=\"978\" src=\"https:\/\/soymigrante.com\/revista\/wp-content\/uploads\/2023\/11\/yara-reynolds-sombreros-6.webp\" class=\"attachment-large size-large wp-image-30122\" alt=\"Sombreros de charro artesanales hechos a mano en diversos colores y dise\u00f1os para celebraci\u00f3n y cultura mexicana.\" srcset=\"https:\/\/soymigrante.com\/revista\/wp-content\/uploads\/2023\/11\/yara-reynolds-sombreros-6.webp 978w, https:\/\/soymigrante.com\/revista\/wp-content\/uploads\/2023\/11\/yara-reynolds-sombreros-6-300x300.jpg 300w, https:\/\/soymigrante.com\/revista\/wp-content\/uploads\/2023\/11\/yara-reynolds-sombreros-6-150x150.jpg 150w, https:\/\/soymigrante.com\/revista\/wp-content\/uploads\/2023\/11\/yara-reynolds-sombreros-6-768x768.jpg 768w, https:\/\/soymigrante.com\/revista\/wp-content\/uploads\/2023\/11\/yara-reynolds-sombreros-6-75x75.webp 75w, https:\/\/soymigrante.com\/revista\/wp-content\/uploads\/2023\/11\/yara-reynolds-sombreros-6-750x750.webp 750w\" sizes=\"(max-width: 978px) 100vw, 978px\" \/>\n            <\/div>\n        <\/div><div class=\"eael-entry-wrapper\"><header class=\"eael-entry-header\"><h2 class=\"eael-entry-title\"><a class=\"eael-grid-post-link\" href=\"https:\/\/soymigrante.com\/revista\/el-sueno-migrante-de-yara-reynolds-se-dibuja-con-sombrero\/\" title=\"El sue\u00f1o migrante de Yara crea y luce creativos sombrero y zapatos en Alabama\">El sue\u00f1o migrante de Yara crea y luce creativos sombrero y zapatos en Alabama<\/a><\/h2><\/header><div class=\"eael-entry-content\">\n                        <div class=\"eael-grid-post-excerpt\"><a href=\"https:\/\/soymigrante.com\/revista\/el-sueno-migrante-de-yara-reynolds-se-dibuja-con-sombrero\/\" class=\"eael-post-elements-readmore-btn\">Conoce su historia<\/a><\/div>\n                    <\/div><\/div><\/div>\n        <\/div>\n    <\/article><\/div>\n            <div class=\"clearfix\"><\/div>\n        <\/div>\t\t\t\t<\/div>\n\t\t\t\t\t<\/div>\n\t\t<\/div>\n\t\t\t\t\t<\/div>\n\t\t<\/section>\n\t\t\t\t<section data-particle_enable=\"false\" data-particle-mobile-disabled=\"false\" class=\"elementor-section elementor-top-section elementor-element elementor-element-7e00646 elementor-section-boxed elementor-section-height-default elementor-section-height-default\" data-id=\"7e00646\" data-element_type=\"section\" data-e-type=\"section\">\n\t\t\t\t\t\t<div class=\"elementor-container elementor-column-gap-default\">\n\t\t\t\t\t<div class=\"elementor-column elementor-col-100 elementor-top-column elementor-element elementor-element-5149d7e\" data-id=\"5149d7e\" data-element_type=\"column\" data-e-type=\"column\">\n\t\t\t<div class=\"elementor-widget-wrap elementor-element-populated\">\n\t\t\t\t\t\t<div class=\"elementor-element elementor-element-21820e8 elementor-widget elementor-widget-heading\" data-id=\"21820e8\" data-element_type=\"widget\" data-e-type=\"widget\" data-widget_type=\"heading.default\">\n\t\t\t\t\t<h2 class=\"elementor-heading-title elementor-size-default\">\"Guerras de silbadores\"<\/h2>\t\t\t\t<\/div>\n\t\t\t\t\t<\/div>\n\t\t<\/div>\n\t\t\t\t\t<\/div>\n\t\t<\/section>\n\t\t\t\t<section data-particle_enable=\"false\" data-particle-mobile-disabled=\"false\" class=\"elementor-section elementor-top-section elementor-element elementor-element-d8a1901 elementor-section-boxed elementor-section-height-default elementor-section-height-default\" data-id=\"d8a1901\" data-element_type=\"section\" data-e-type=\"section\">\n\t\t\t\t\t\t<div class=\"elementor-container elementor-column-gap-default\">\n\t\t\t\t\t<div class=\"elementor-column elementor-col-100 elementor-top-column elementor-element elementor-element-4e7067a\" data-id=\"4e7067a\" data-element_type=\"column\" data-e-type=\"column\">\n\t\t\t<div class=\"elementor-widget-wrap elementor-element-populated\">\n\t\t\t\t\t\t<div class=\"elementor-element elementor-element-d3d5e5e elementor-widget elementor-widget-text-editor\" data-id=\"d3d5e5e\" data-element_type=\"widget\" data-e-type=\"widget\" data-widget_type=\"text-editor.default\">\n\t\t\t\t\t\t\t\t\t<p>Leonel Garc\u00eda, migrante en New Jersey, recuerda que en San Juan Sacatep\u00e9quez se viv\u00eda la navidad con alegr\u00eda: &#8220;Las fiestas de fin de a\u00f1o en mi Pa\u00eds fueron simplemente las mejores de todas y las que jam\u00e1s olvidar\u00e9. Todos los ni\u00f1os y jovenes empez\u00e1bamos a quemar cuetes desde Noviembre&#8221;, recuerda.<\/p><p>Garc\u00eda, quien usa el nombre art\u00edstico Cosperacha como cantante a\u00f1ade: &#8220;Estren\u00e1bamos ropa y era una alegr\u00eda enorme aunque sab\u00edamos de antemano que nos quemar\u00edamos las manos o el estreno con cuetes o canchinflines. Nada nos deten\u00eda, de hecho era una gran felicidad cuando a un compa\u00f1erito le tronaba un canchinflin en las manos&#8221;, recuerda entre risas. Nunca olvida las guerras de silbadores entre j\u00f3venes, un juego pirot\u00e9cnico hoy prohibido en Guatemala. &#8220;Dar\u00eda lo que fuera por ser ni\u00f1o otra vez en esa \u00e9poca&#8221;, finaliza.<\/p>\t\t\t\t\t\t\t\t<\/div>\n\t\t\t\t\t<\/div>\n\t\t<\/div>\n\t\t\t\t\t<\/div>\n\t\t<\/section>\n\t\t\t\t<section data-particle_enable=\"false\" data-particle-mobile-disabled=\"false\" class=\"elementor-section elementor-top-section elementor-element elementor-element-cdd0b9e elementor-section-boxed elementor-section-height-default elementor-section-height-default\" data-id=\"cdd0b9e\" data-element_type=\"section\" data-e-type=\"section\">\n\t\t\t\t\t\t<div class=\"elementor-container elementor-column-gap-default\">\n\t\t\t\t\t<div class=\"elementor-column elementor-col-100 elementor-top-column elementor-element elementor-element-262ad0b\" data-id=\"262ad0b\" data-element_type=\"column\" data-e-type=\"column\">\n\t\t\t<div class=\"elementor-widget-wrap elementor-element-populated\">\n\t\t\t\t\t\t<div class=\"elementor-element elementor-element-9015788 elementor-grid-eael-col-1 elementor-grid-tablet-eael-col-2 elementor-grid-mobile-eael-col-1 elementor-widget elementor-widget-eael-post-grid\" data-id=\"9015788\" data-element_type=\"widget\" data-e-type=\"widget\" data-settings=\"{&quot;eael_post_grid_columns&quot;:&quot;eael-col-1&quot;,&quot;eael_post_grid_columns_tablet&quot;:&quot;eael-col-2&quot;,&quot;eael_post_grid_columns_mobile&quot;:&quot;eael-col-1&quot;}\" data-widget_type=\"eael-post-grid.default\">\n\t\t\t\t\t<div id=\"eael-post-grid-9015788\" class=\"eael-post-grid-container\">\n            <div class=\"eael-post-grid eael-post-appender eael-post-appender-9015788 eael-post-grid-style-one\" data-layout-mode=\"grid\"><article class=\"eael-grid-post  eael-post-grid-column eael-pg-post-2344 category-exitos\" data-id=\"2344\">\n        <div class=\"eael-grid-post-holder\">\n            <div class=\"eael-grid-post-holder-inner\"><div class=\"eael-entry-media\"><div class=\"eael-entry-overlay fade-in\"><i class=\"fas fa-hand-point-up\" aria-hidden=\"true\"><\/i><a href=\"https:\/\/soymigrante.com\/revista\/leonel-garcia-cosperacha-migrante-cantautor-repostero-guatemalteco\/\"><\/a><\/div><div class=\"eael-entry-thumbnail \">\n                <img decoding=\"async\" width=\"720\" height=\"720\" src=\"https:\/\/soymigrante.com\/revista\/wp-content\/uploads\/2023\/08\/cosperachita-1.webp\" class=\"attachment-large size-large wp-image-2349\" alt=\"En el estudio de grabaci\u00f3n, Cosperacha libera sus emociones y sentimientos; ha tenido oportunidad de recibir el apoyo de m\u00fasicos y arreglistas para grabar sus temas.\" srcset=\"https:\/\/soymigrante.com\/revista\/wp-content\/uploads\/2023\/08\/cosperachita-1.webp 720w, https:\/\/soymigrante.com\/revista\/wp-content\/uploads\/2023\/08\/cosperachita-1-300x300.webp 300w, https:\/\/soymigrante.com\/revista\/wp-content\/uploads\/2023\/08\/cosperachita-1-150x150.webp 150w, https:\/\/soymigrante.com\/revista\/wp-content\/uploads\/2023\/08\/cosperachita-1-75x75.webp 75w, https:\/\/soymigrante.com\/revista\/wp-content\/uploads\/2023\/08\/cosperachita-1-600x600.webp 600w\" sizes=\"(max-width: 720px) 100vw, 720px\" \/>\n            <\/div>\n        <\/div><div class=\"eael-entry-wrapper\"><header class=\"eael-entry-header\"><h2 class=\"eael-entry-title\"><a class=\"eael-grid-post-link\" href=\"https:\/\/soymigrante.com\/revista\/leonel-garcia-cosperacha-migrante-cantautor-repostero-guatemalteco\/\" title=\"Leonel Garc\u00eda cantautor, repostero y migrante guatemalteco\">Leonel Garc\u00eda cantautor, repostero y migrante guatemalteco<\/a><\/h2><\/header><div class=\"eael-entry-content\">\n                        <div class=\"eael-grid-post-excerpt\"><a href=\"https:\/\/soymigrante.com\/revista\/leonel-garcia-cosperacha-migrante-cantautor-repostero-guatemalteco\/\" class=\"eael-post-elements-readmore-btn\">Conoce su historia<\/a><\/div>\n                    <\/div><\/div><\/div>\n        <\/div>\n    <\/article><\/div>\n            <div class=\"clearfix\"><\/div>\n        <\/div>\t\t\t\t<\/div>\n\t\t\t\t\t<\/div>\n\t\t<\/div>\n\t\t\t\t\t<\/div>\n\t\t<\/section>\n\t\t\t\t<section data-particle_enable=\"false\" data-particle-mobile-disabled=\"false\" class=\"elementor-section elementor-top-section elementor-element elementor-element-042e028 elementor-section-boxed elementor-section-height-default elementor-section-height-default\" data-id=\"042e028\" data-element_type=\"section\" data-e-type=\"section\">\n\t\t\t\t\t\t<div class=\"elementor-container elementor-column-gap-default\">\n\t\t\t\t\t<div class=\"elementor-column elementor-col-100 elementor-top-column elementor-element elementor-element-23a40c3\" data-id=\"23a40c3\" data-element_type=\"column\" data-e-type=\"column\">\n\t\t\t<div class=\"elementor-widget-wrap elementor-element-populated\">\n\t\t\t\t\t\t<div class=\"elementor-element elementor-element-555a9ac elementor-widget elementor-widget-heading\" data-id=\"555a9ac\" data-element_type=\"widget\" data-e-type=\"widget\" data-widget_type=\"heading.default\">\n\t\t\t\t\t<h2 class=\"elementor-heading-title elementor-size-default\">En familia, en  Oriente: Dadiana Cabrera<\/h2>\t\t\t\t<\/div>\n\t\t\t\t\t<\/div>\n\t\t<\/div>\n\t\t\t\t\t<\/div>\n\t\t<\/section>\n\t\t\t\t<section data-particle_enable=\"false\" data-particle-mobile-disabled=\"false\" class=\"elementor-section elementor-top-section elementor-element elementor-element-0516d8f elementor-section-boxed elementor-section-height-default elementor-section-height-default\" data-id=\"0516d8f\" data-element_type=\"section\" data-e-type=\"section\">\n\t\t\t\t\t\t<div class=\"elementor-container elementor-column-gap-default\">\n\t\t\t\t\t<div class=\"elementor-column elementor-col-100 elementor-top-column elementor-element elementor-element-78a2457\" data-id=\"78a2457\" data-element_type=\"column\" data-e-type=\"column\">\n\t\t\t<div class=\"elementor-widget-wrap elementor-element-populated\">\n\t\t\t\t\t\t<div class=\"elementor-element elementor-element-26e54fa elementor-widget elementor-widget-text-editor\" data-id=\"26e54fa\" data-element_type=\"widget\" data-e-type=\"widget\" data-widget_type=\"text-editor.default\">\n\t\t\t\t\t\t\t\t\t<p>&#8220;En mi ni\u00f1ez y juventud en Guatemala, sol\u00eda vivir las fiestas de fin de a\u00f1o en una aldea de Asunci\u00f3n Mita, Jutiapa, mi lugar de origen. Las celebraciones estaban llenas de tamales y comida tradicional, abrazos familiares a medianoche y el bullicio festivo de los cohetillo&#8221;, recuerda la migrante Dadiana Cabrera, radicada en Maryland.<\/p>\t\t\t\t\t\t\t\t<\/div>\n\t\t\t\t\t<\/div>\n\t\t<\/div>\n\t\t\t\t\t<\/div>\n\t\t<\/section>\n\t\t\t\t<section data-particle_enable=\"false\" data-particle-mobile-disabled=\"false\" class=\"elementor-section elementor-top-section elementor-element elementor-element-578d174 elementor-section-boxed elementor-section-height-default elementor-section-height-default\" data-id=\"578d174\" data-element_type=\"section\" data-e-type=\"section\">\n\t\t\t\t\t\t<div class=\"elementor-container elementor-column-gap-default\">\n\t\t\t\t\t<div class=\"elementor-column elementor-col-100 elementor-top-column elementor-element elementor-element-a7071fa\" data-id=\"a7071fa\" data-element_type=\"column\" data-e-type=\"column\">\n\t\t\t<div class=\"elementor-widget-wrap elementor-element-populated\">\n\t\t\t\t\t\t<div class=\"elementor-element elementor-element-e1f35ee elementor-grid-eael-col-1 elementor-grid-tablet-eael-col-2 elementor-grid-mobile-eael-col-1 elementor-widget elementor-widget-eael-post-grid\" data-id=\"e1f35ee\" data-element_type=\"widget\" data-e-type=\"widget\" data-settings=\"{&quot;eael_post_grid_columns&quot;:&quot;eael-col-1&quot;,&quot;eael_post_grid_columns_tablet&quot;:&quot;eael-col-2&quot;,&quot;eael_post_grid_columns_mobile&quot;:&quot;eael-col-1&quot;}\" data-widget_type=\"eael-post-grid.default\">\n\t\t\t\t\t<div id=\"eael-post-grid-e1f35ee\" class=\"eael-post-grid-container\">\n            <div class=\"eael-post-grid eael-post-appender eael-post-appender-e1f35ee eael-post-grid-style-one\" data-layout-mode=\"grid\"><article class=\"eael-grid-post  eael-post-grid-column eael-pg-post-3422 category-exitos\" data-id=\"3422\">\n        <div class=\"eael-grid-post-holder\">\n            <div class=\"eael-grid-post-holder-inner\"><div class=\"eael-entry-media\"><div class=\"eael-entry-overlay fade-in\"><i class=\"fas fa-hand-point-up\" aria-hidden=\"true\"><\/i><a href=\"https:\/\/soymigrante.com\/revista\/el-nuevo-comienzo-de-dadiana-migrante-guatemalteca\/\"><\/a><\/div><div class=\"eael-entry-thumbnail \">\n                <img decoding=\"async\" width=\"1024\" height=\"1024\" src=\"https:\/\/soymigrante.com\/revista\/wp-content\/uploads\/2023\/11\/Matias-y-Dadiana--1024x1024.webp\" class=\"attachment-large size-large wp-image-3437\" alt=\"Dadiana y su hijo Mat\u00edas\" srcset=\"https:\/\/soymigrante.com\/revista\/wp-content\/uploads\/2023\/11\/Matias-y-Dadiana--1024x1024.webp 1024w, https:\/\/soymigrante.com\/revista\/wp-content\/uploads\/2023\/11\/Matias-y-Dadiana--300x300.webp 300w, https:\/\/soymigrante.com\/revista\/wp-content\/uploads\/2023\/11\/Matias-y-Dadiana--150x150.webp 150w, https:\/\/soymigrante.com\/revista\/wp-content\/uploads\/2023\/11\/Matias-y-Dadiana--768x768.webp 768w, https:\/\/soymigrante.com\/revista\/wp-content\/uploads\/2023\/11\/Matias-y-Dadiana--1536x1536.webp 1536w, https:\/\/soymigrante.com\/revista\/wp-content\/uploads\/2023\/11\/Matias-y-Dadiana--scaled.webp 1920w, https:\/\/soymigrante.com\/revista\/wp-content\/uploads\/2023\/11\/Matias-y-Dadiana--75x75.webp 75w, https:\/\/soymigrante.com\/revista\/wp-content\/uploads\/2023\/11\/Matias-y-Dadiana--750x750.webp 750w, https:\/\/soymigrante.com\/revista\/wp-content\/uploads\/2023\/11\/Matias-y-Dadiana--1140x1140.webp 1140w, https:\/\/soymigrante.com\/revista\/wp-content\/uploads\/2023\/11\/Matias-y-Dadiana--600x600.webp 600w\" sizes=\"(max-width: 1024px) 100vw, 1024px\" \/>\n            <\/div>\n        <\/div><div class=\"eael-entry-wrapper\"><header class=\"eael-entry-header\"><h2 class=\"eael-entry-title\"><a class=\"eael-grid-post-link\" href=\"https:\/\/soymigrante.com\/revista\/el-nuevo-comienzo-de-dadiana-migrante-guatemalteca\/\" title=\"El nuevo comienzo de Dadiana, comunicadora y migrante guatemalteca\u00a0\">El nuevo comienzo de Dadiana, comunicadora y migrante guatemalteca\u00a0<\/a><\/h2><\/header><div class=\"eael-entry-content\">\n                        <div class=\"eael-grid-post-excerpt\"><a href=\"https:\/\/soymigrante.com\/revista\/el-nuevo-comienzo-de-dadiana-migrante-guatemalteca\/\" class=\"eael-post-elements-readmore-btn\">Conoce su historia<\/a><\/div>\n                    <\/div><\/div><\/div>\n        <\/div>\n    <\/article><\/div>\n            <div class=\"clearfix\"><\/div>\n        <\/div>\t\t\t\t<\/div>\n\t\t\t\t\t<\/div>\n\t\t<\/div>\n\t\t\t\t\t<\/div>\n\t\t<\/section>\n\t\t\t\t<section data-particle_enable=\"false\" data-particle-mobile-disabled=\"false\" class=\"elementor-section elementor-top-section elementor-element elementor-element-efbf70f elementor-section-boxed elementor-section-height-default elementor-section-height-default\" data-id=\"efbf70f\" data-element_type=\"section\" data-e-type=\"section\">\n\t\t\t\t\t\t<div class=\"elementor-container elementor-column-gap-default\">\n\t\t\t\t\t<div class=\"elementor-column elementor-col-100 elementor-top-column elementor-element elementor-element-2a5a225\" data-id=\"2a5a225\" data-element_type=\"column\" data-e-type=\"column\">\n\t\t\t<div class=\"elementor-widget-wrap elementor-element-populated\">\n\t\t\t\t\t\t<div class=\"elementor-element elementor-element-71b68a4 elementor-widget elementor-widget-heading\" data-id=\"71b68a4\" data-element_type=\"widget\" data-e-type=\"widget\" data-widget_type=\"heading.default\">\n\t\t\t\t\t<h2 class=\"elementor-heading-title elementor-size-default\">Pobreza limitaba el festejo, pero no la felicidad, recuerdan  Juana e Hilda.<\/h2>\t\t\t\t<\/div>\n\t\t\t\t\t<\/div>\n\t\t<\/div>\n\t\t\t\t\t<\/div>\n\t\t<\/section>\n\t\t\t\t<section data-particle_enable=\"false\" data-particle-mobile-disabled=\"false\" class=\"elementor-section elementor-top-section elementor-element elementor-element-6ca039e elementor-section-boxed elementor-section-height-default elementor-section-height-default\" data-id=\"6ca039e\" data-element_type=\"section\" data-e-type=\"section\">\n\t\t\t\t\t\t<div class=\"elementor-container elementor-column-gap-default\">\n\t\t\t\t\t<div class=\"elementor-column elementor-col-100 elementor-top-column elementor-element elementor-element-2eba2f5\" data-id=\"2eba2f5\" data-element_type=\"column\" data-e-type=\"column\">\n\t\t\t<div class=\"elementor-widget-wrap elementor-element-populated\">\n\t\t\t\t\t\t<div class=\"elementor-element elementor-element-54da3af elementor-widget elementor-widget-text-editor\" data-id=\"54da3af\" data-element_type=\"widget\" data-e-type=\"widget\" data-widget_type=\"text-editor.default\">\n\t\t\t\t\t\t\t\t\t<p>&#8220;La verdad es que en mi ni\u00f1ez no celebr\u00e1bamos la Navidad, porque hab\u00eda un poco de escasez econ\u00f3mica. Ya en mi juventud se mejor\u00f3 un poco y disfrutamos juntos con familiares cercanos, quiz\u00e1 con alguna limitaci\u00f3n pero muy unidos y felices&#8221;, expresa Juana L\u00f3pez S\u00e1nchez, migrante y emprendedora.\u00a0<\/p><p>&#8220;Eramos de bajos recursos pero fueron las mejores fiestas de Navidad y de A\u00f1o Nuevo, con mis abuelitos que descansen en paz&#8221;, recuerda <b>Hilda de Le\u00f3n<\/b>, originaria de Quetzaltenango, quien impulsa las ra\u00edces guatemaltecas en Oklahoma, donde reside.<\/p><div><span style=\"color: var( --e-global-color-text );\">\u00a0<\/span><\/div>\t\t\t\t\t\t\t\t<\/div>\n\t\t\t\t\t<\/div>\n\t\t<\/div>\n\t\t\t\t\t<\/div>\n\t\t<\/section>\n\t\t\t\t<section data-particle_enable=\"false\" data-particle-mobile-disabled=\"false\" class=\"elementor-section elementor-top-section elementor-element elementor-element-5789ab3 elementor-section-boxed elementor-section-height-default elementor-section-height-default\" data-id=\"5789ab3\" data-element_type=\"section\" data-e-type=\"section\">\n\t\t\t\t\t\t<div class=\"elementor-container elementor-column-gap-default\">\n\t\t\t\t\t<div class=\"elementor-column elementor-col-100 elementor-top-column elementor-element elementor-element-d125c3a\" data-id=\"d125c3a\" data-element_type=\"column\" data-e-type=\"column\">\n\t\t\t<div class=\"elementor-widget-wrap elementor-element-populated\">\n\t\t\t\t\t\t<div class=\"elementor-element elementor-element-8f64bab elementor-grid-eael-col-2 elementor-grid-tablet-eael-col-2 elementor-grid-mobile-eael-col-1 elementor-widget elementor-widget-eael-post-grid\" data-id=\"8f64bab\" data-element_type=\"widget\" data-e-type=\"widget\" data-settings=\"{&quot;eael_post_grid_columns&quot;:&quot;eael-col-2&quot;,&quot;eael_post_grid_columns_tablet&quot;:&quot;eael-col-2&quot;,&quot;eael_post_grid_columns_mobile&quot;:&quot;eael-col-1&quot;}\" data-widget_type=\"eael-post-grid.default\">\n\t\t\t\t\t<div id=\"eael-post-grid-8f64bab\" class=\"eael-post-grid-container\">\n            <div class=\"eael-post-grid eael-post-appender eael-post-appender-8f64bab eael-post-grid-style-one\" data-layout-mode=\"grid\"><article class=\"eael-grid-post  eael-post-grid-column eael-pg-post-3091 category-exitos\" data-id=\"3091\">\n        <div class=\"eael-grid-post-holder\">\n            <div class=\"eael-grid-post-holder-inner\"><div class=\"eael-entry-media\"><div class=\"eael-entry-overlay fade-in\"><i class=\"fas fa-hand-point-up\" aria-hidden=\"true\"><\/i><a href=\"https:\/\/soymigrante.com\/revista\/migrante-guatemalteca-juana-lopez-ingenio-del-sabor-chapin\/\"><\/a><\/div><div class=\"eael-entry-thumbnail \">\n                <img loading=\"lazy\" decoding=\"async\" width=\"917\" height=\"782\" src=\"https:\/\/soymigrante.com\/revista\/wp-content\/uploads\/2023\/10\/juanita.webp\" class=\"attachment-large size-large wp-image-3108\" alt=\"\" srcset=\"https:\/\/soymigrante.com\/revista\/wp-content\/uploads\/2023\/10\/juanita.webp 917w, https:\/\/soymigrante.com\/revista\/wp-content\/uploads\/2023\/10\/juanita-300x256.webp 300w, https:\/\/soymigrante.com\/revista\/wp-content\/uploads\/2023\/10\/juanita-768x655.webp 768w, https:\/\/soymigrante.com\/revista\/wp-content\/uploads\/2023\/10\/juanita-750x640.webp 750w\" sizes=\"(max-width: 917px) 100vw, 917px\" \/>\n            <\/div>\n        <\/div><div class=\"eael-entry-wrapper\"><header class=\"eael-entry-header\"><h2 class=\"eael-entry-title\"><a class=\"eael-grid-post-link\" href=\"https:\/\/soymigrante.com\/revista\/migrante-guatemalteca-juana-lopez-ingenio-del-sabor-chapin\/\" title=\"La migrante Juana L\u00f3pez y el dulce sabor de una familia unida\">La migrante Juana L\u00f3pez y el dulce sabor de una familia unida<\/a><\/h2><\/header><div class=\"eael-entry-content\">\n                        <div class=\"eael-grid-post-excerpt\"><a href=\"https:\/\/soymigrante.com\/revista\/migrante-guatemalteca-juana-lopez-ingenio-del-sabor-chapin\/\" class=\"eael-post-elements-readmore-btn\">Conoce su historia<\/a><\/div>\n                    <\/div><div class=\"eael-entry-footer\"><div class=\"eael-entry-meta\"><\/div><\/div><\/div><\/div>\n        <\/div>\n    <\/article><article class=\"eael-grid-post  eael-post-grid-column eael-pg-post-2573 category-guate-nuestra\" data-id=\"2573\">\n        <div class=\"eael-grid-post-holder\">\n            <div class=\"eael-grid-post-holder-inner\"><div class=\"eael-entry-media\"><div class=\"eael-entry-overlay fade-in\"><i class=\"fas fa-hand-point-up\" aria-hidden=\"true\"><\/i><a href=\"https:\/\/soymigrante.com\/revista\/migrantes-guatemaltecos-promueven-y-resaltan-la-belleza-de-su-pais\/\"><\/a><\/div><div class=\"eael-entry-thumbnail \">\n                <img loading=\"lazy\" decoding=\"async\" width=\"1024\" height=\"683\" src=\"https:\/\/soymigrante.com\/revista\/wp-content\/uploads\/2023\/09\/El-10-de-septiembre-en-Cantera-Event-Center-del-Norte-se-realizo-la-coronacion-de-los-representantes-de-la-belleza-guatemalteca-1024x683.webp\" class=\"attachment-large size-large wp-image-2574\" alt=\"El 10 de septiembre en Cantera Event Center del Norte se realiz\u00f3 la coronaci\u00f3n de los representantes de la belleza y las tradiciones guatemaltecas.\" srcset=\"https:\/\/soymigrante.com\/revista\/wp-content\/uploads\/2023\/09\/El-10-de-septiembre-en-Cantera-Event-Center-del-Norte-se-realizo-la-coronacion-de-los-representantes-de-la-belleza-guatemalteca-1024x683.webp 1024w, https:\/\/soymigrante.com\/revista\/wp-content\/uploads\/2023\/09\/El-10-de-septiembre-en-Cantera-Event-Center-del-Norte-se-realizo-la-coronacion-de-los-representantes-de-la-belleza-guatemalteca-300x200.webp 300w, https:\/\/soymigrante.com\/revista\/wp-content\/uploads\/2023\/09\/El-10-de-septiembre-en-Cantera-Event-Center-del-Norte-se-realizo-la-coronacion-de-los-representantes-de-la-belleza-guatemalteca-768x512.webp 768w, https:\/\/soymigrante.com\/revista\/wp-content\/uploads\/2023\/09\/El-10-de-septiembre-en-Cantera-Event-Center-del-Norte-se-realizo-la-coronacion-de-los-representantes-de-la-belleza-guatemalteca-750x500.webp 750w, https:\/\/soymigrante.com\/revista\/wp-content\/uploads\/2023\/09\/El-10-de-septiembre-en-Cantera-Event-Center-del-Norte-se-realizo-la-coronacion-de-los-representantes-de-la-belleza-guatemalteca-600x400.webp 600w, https:\/\/soymigrante.com\/revista\/wp-content\/uploads\/2023\/09\/El-10-de-septiembre-en-Cantera-Event-Center-del-Norte-se-realizo-la-coronacion-de-los-representantes-de-la-belleza-guatemalteca.webp 1080w\" sizes=\"(max-width: 1024px) 100vw, 1024px\" \/>\n            <\/div>\n        <\/div><div class=\"eael-entry-wrapper\"><header class=\"eael-entry-header\"><h2 class=\"eael-entry-title\"><a class=\"eael-grid-post-link\" href=\"https:\/\/soymigrante.com\/revista\/migrantes-guatemaltecos-promueven-y-resaltan-la-belleza-de-su-pais\/\" title=\"Migrantes guatemaltecos en Oklahoma se unen para celebrar su identidad\">Migrantes guatemaltecos en Oklahoma se unen para celebrar su identidad<\/a><\/h2><\/header><div class=\"eael-entry-content\">\n                        <div class=\"eael-grid-post-excerpt\"><a href=\"https:\/\/soymigrante.com\/revista\/migrantes-guatemaltecos-promueven-y-resaltan-la-belleza-de-su-pais\/\" class=\"eael-post-elements-readmore-btn\">Conoce su historia<\/a><\/div>\n                    <\/div><div class=\"eael-entry-footer\"><div class=\"eael-entry-meta\"><\/div><\/div><\/div><\/div>\n        <\/div>\n    <\/article><\/div>\n            <div class=\"clearfix\"><\/div>\n        <\/div>\t\t\t\t<\/div>\n\t\t\t\t\t<\/div>\n\t\t<\/div>\n\t\t\t\t\t<\/div>\n\t\t<\/section>\n\t\t\t\t<section data-particle_enable=\"false\" data-particle-mobile-disabled=\"false\" class=\"elementor-section elementor-top-section elementor-element elementor-element-575fb4f elementor-section-boxed elementor-section-height-default elementor-section-height-default\" data-id=\"575fb4f\" data-element_type=\"section\" data-e-type=\"section\">\n\t\t\t\t\t\t<div class=\"elementor-container elementor-column-gap-default\">\n\t\t\t\t\t<div class=\"elementor-column elementor-col-100 elementor-top-column elementor-element elementor-element-7b4aa42\" data-id=\"7b4aa42\" data-element_type=\"column\" data-e-type=\"column\">\n\t\t\t<div class=\"elementor-widget-wrap elementor-element-populated\">\n\t\t\t\t\t\t<div class=\"elementor-element elementor-element-de84088 elementor-widget elementor-widget-heading\" data-id=\"de84088\" data-element_type=\"widget\" data-e-type=\"widget\" data-widget_type=\"heading.default\">\n\t\t\t\t\t<h2 class=\"elementor-heading-title elementor-size-default\">Tocaba trabajar en Navidad en Izabal <\/h2>\t\t\t\t<\/div>\n\t\t\t\t\t<\/div>\n\t\t<\/div>\n\t\t\t\t\t<\/div>\n\t\t<\/section>\n\t\t\t\t<section data-particle_enable=\"false\" data-particle-mobile-disabled=\"false\" class=\"elementor-section elementor-top-section elementor-element elementor-element-a38e34f elementor-section-boxed elementor-section-height-default elementor-section-height-default\" data-id=\"a38e34f\" data-element_type=\"section\" data-e-type=\"section\">\n\t\t\t\t\t\t<div class=\"elementor-container elementor-column-gap-default\">\n\t\t\t\t\t<div class=\"elementor-column elementor-col-100 elementor-top-column elementor-element elementor-element-b221a35\" data-id=\"b221a35\" data-element_type=\"column\" data-e-type=\"column\">\n\t\t\t<div class=\"elementor-widget-wrap elementor-element-populated\">\n\t\t\t\t\t\t<div class=\"elementor-element elementor-element-1d87bb3 elementor-widget elementor-widget-text-editor\" data-id=\"1d87bb3\" data-element_type=\"widget\" data-e-type=\"widget\" data-widget_type=\"text-editor.default\">\n\t\t\t\t\t\t\t\t\t<p>&#8220;Mi familia era de bajos recursos y nunca celebrabamos Navidad, al contrario durante la hora de los cuetes nosotros preparamos todo para la venta para el 25 e ir a vender en el lugar llamado el puerto de los pobres, el cual era Agua Tibia&#8221;, recuerda la migrante guatemalteca Anna Halliday. &#8221; Yo solo ve\u00eda cuando los ni\u00f1os vecinos recib\u00edan regalos de parte de sus pap\u00e1s o los estrenos de los cuales nosotros no tuvimos&#8221;, recuerda.<\/p><p>&#8220;Por esa misma raz\u00f3n yo siempre trato de hacer algo con mis hijos aqu\u00ed para que ellas tengan una infancia feliz. Tambi\u00e9n env\u00edo algo de dinero a amigos y familiares para navidad para que se sientan felices en estas fechas&#8221;, agrega.<\/p>\t\t\t\t\t\t\t\t<\/div>\n\t\t\t\t\t<\/div>\n\t\t<\/div>\n\t\t\t\t\t<\/div>\n\t\t<\/section>\n\t\t\t\t<section data-particle_enable=\"false\" data-particle-mobile-disabled=\"false\" class=\"elementor-section elementor-top-section elementor-element elementor-element-6cfa9a1 elementor-section-boxed elementor-section-height-default elementor-section-height-default\" data-id=\"6cfa9a1\" data-element_type=\"section\" data-e-type=\"section\">\n\t\t\t\t\t\t<div class=\"elementor-container elementor-column-gap-default\">\n\t\t\t\t\t<div class=\"elementor-column elementor-col-100 elementor-top-column elementor-element elementor-element-85fd458\" data-id=\"85fd458\" data-element_type=\"column\" data-e-type=\"column\">\n\t\t\t<div class=\"elementor-widget-wrap elementor-element-populated\">\n\t\t\t\t\t\t<div class=\"elementor-element elementor-element-aa09644 elementor-grid-eael-col-1 elementor-grid-tablet-eael-col-2 elementor-grid-mobile-eael-col-1 elementor-widget elementor-widget-eael-post-grid\" data-id=\"aa09644\" data-element_type=\"widget\" data-e-type=\"widget\" data-settings=\"{&quot;eael_post_grid_columns&quot;:&quot;eael-col-1&quot;,&quot;eael_post_grid_columns_tablet&quot;:&quot;eael-col-2&quot;,&quot;eael_post_grid_columns_mobile&quot;:&quot;eael-col-1&quot;}\" data-widget_type=\"eael-post-grid.default\">\n\t\t\t\t\t<div id=\"eael-post-grid-aa09644\" class=\"eael-post-grid-container\">\n            <div class=\"eael-post-grid eael-post-appender eael-post-appender-aa09644 eael-post-grid-style-one\" data-layout-mode=\"grid\"><article class=\"eael-grid-post  eael-post-grid-column eael-pg-post-3070 category-exitos\" data-id=\"3070\">\n        <div class=\"eael-grid-post-holder\">\n            <div class=\"eael-grid-post-holder-inner\"><div class=\"eael-entry-media\"><div class=\"eael-entry-overlay fade-in\"><i class=\"fas fa-hand-point-up\" aria-hidden=\"true\"><\/i><a href=\"https:\/\/soymigrante.com\/revista\/migrante-guatemalteca-ana-halliday-lleva-el-legado-de-amor\/\"><\/a><\/div><div class=\"eael-entry-thumbnail \">\n                <img loading=\"lazy\" decoding=\"async\" width=\"1024\" height=\"798\" src=\"https:\/\/soymigrante.com\/revista\/wp-content\/uploads\/2023\/10\/ana-beatriz-halliday-e1698257759137-1024x798.webp\" class=\"attachment-large size-large wp-image-3084\" alt=\"ana beatriz halliday\" srcset=\"https:\/\/soymigrante.com\/revista\/wp-content\/uploads\/2023\/10\/ana-beatriz-halliday-e1698257759137-1024x798.webp 1024w, https:\/\/soymigrante.com\/revista\/wp-content\/uploads\/2023\/10\/ana-beatriz-halliday-e1698257759137-300x234.webp 300w, https:\/\/soymigrante.com\/revista\/wp-content\/uploads\/2023\/10\/ana-beatriz-halliday-e1698257759137-768x599.webp 768w, https:\/\/soymigrante.com\/revista\/wp-content\/uploads\/2023\/10\/ana-beatriz-halliday-e1698257759137-750x585.webp 750w, https:\/\/soymigrante.com\/revista\/wp-content\/uploads\/2023\/10\/ana-beatriz-halliday-e1698257759137-1140x889.webp 1140w, https:\/\/soymigrante.com\/revista\/wp-content\/uploads\/2023\/10\/ana-beatriz-halliday-e1698257759137.webp 1389w\" sizes=\"(max-width: 1024px) 100vw, 1024px\" \/>\n            <\/div>\n        <\/div><div class=\"eael-entry-wrapper\"><header class=\"eael-entry-header\"><h2 class=\"eael-entry-title\"><a class=\"eael-grid-post-link\" href=\"https:\/\/soymigrante.com\/revista\/migrante-guatemalteca-ana-halliday-lleva-el-legado-de-amor\/\" title=\"Migrante guatemalteca Ana Halliday transporta un legado de amor\">Migrante guatemalteca Ana Halliday transporta un legado de amor<\/a><\/h2><\/header><div class=\"eael-entry-content\">\n                        <div class=\"eael-grid-post-excerpt\"><a href=\"https:\/\/soymigrante.com\/revista\/migrante-guatemalteca-ana-halliday-lleva-el-legado-de-amor\/\" class=\"eael-post-elements-readmore-btn\">Conoce su historia<\/a><\/div>\n                    <\/div><div class=\"eael-entry-footer\"><div class=\"eael-entry-meta\"><\/div><\/div><\/div><\/div>\n        <\/div>\n    <\/article><\/div>\n            <div class=\"clearfix\"><\/div>\n        <\/div>\t\t\t\t<\/div>\n\t\t\t\t\t<\/div>\n\t\t<\/div>\n\t\t\t\t\t<\/div>\n\t\t<\/section>\n\t\t\t\t<section data-particle_enable=\"false\" data-particle-mobile-disabled=\"false\" class=\"elementor-section elementor-top-section elementor-element elementor-element-bb56c4a elementor-section-boxed elementor-section-height-default elementor-section-height-default\" data-id=\"bb56c4a\" data-element_type=\"section\" data-e-type=\"section\">\n\t\t\t\t\t\t<div class=\"elementor-container elementor-column-gap-default\">\n\t\t\t\t\t<div class=\"elementor-column elementor-col-100 elementor-top-column elementor-element elementor-element-995c620\" data-id=\"995c620\" data-element_type=\"column\" data-e-type=\"column\">\n\t\t\t<div class=\"elementor-widget-wrap elementor-element-populated\">\n\t\t\t\t\t\t<div class=\"elementor-element elementor-element-1951350 elementor-widget elementor-widget-heading\" data-id=\"1951350\" data-element_type=\"widget\" data-e-type=\"widget\" data-widget_type=\"heading.default\">\n\t\t\t\t\t<h2 class=\"elementor-heading-title elementor-size-default\">\"Mam\u00e1 nos llevaba a la iglesia\" <\/h2>\t\t\t\t<\/div>\n\t\t\t\t\t<\/div>\n\t\t<\/div>\n\t\t\t\t\t<\/div>\n\t\t<\/section>\n\t\t\t\t<section data-particle_enable=\"false\" data-particle-mobile-disabled=\"false\" class=\"elementor-section elementor-top-section elementor-element elementor-element-d36f626 elementor-section-boxed elementor-section-height-default elementor-section-height-default\" data-id=\"d36f626\" data-element_type=\"section\" data-e-type=\"section\">\n\t\t\t\t\t\t<div class=\"elementor-container elementor-column-gap-default\">\n\t\t\t\t\t<div class=\"elementor-column elementor-col-100 elementor-top-column elementor-element elementor-element-aa36f8c\" data-id=\"aa36f8c\" data-element_type=\"column\" data-e-type=\"column\">\n\t\t\t<div class=\"elementor-widget-wrap elementor-element-populated\">\n\t\t\t\t\t\t<div class=\"elementor-element elementor-element-240b420 elementor-widget elementor-widget-text-editor\" data-id=\"240b420\" data-element_type=\"widget\" data-e-type=\"widget\" data-widget_type=\"text-editor.default\">\n\t\t\t\t\t\t\t\t\t<p>&#8220;En Guatemala s\u00ed es fiesta, se junta la familia, los familiares llegan a visitar aunque vivan lejos. Se hace comida, tamales, ir a la iglesia. Mi mam\u00e1 nos llevaba en Nochebuena. Son momentos que uno extra\u00f1a, porque uno a EE.UU no viene a vivir sino a sobrevivir. Ser\u00eda bueno poder volver a vivir esa Navidad en Guatemala&#8221;, dice Ronald Tetzag\u00fcic, emprendedor tecnol\u00f3gico y bartender<\/p>\t\t\t\t\t\t\t\t<\/div>\n\t\t\t\t\t<\/div>\n\t\t<\/div>\n\t\t\t\t\t<\/div>\n\t\t<\/section>\n\t\t\t\t<section data-particle_enable=\"false\" data-particle-mobile-disabled=\"false\" class=\"elementor-section elementor-top-section elementor-element elementor-element-9676faf elementor-section-boxed elementor-section-height-default elementor-section-height-default\" data-id=\"9676faf\" data-element_type=\"section\" data-e-type=\"section\">\n\t\t\t\t\t\t<div class=\"elementor-container elementor-column-gap-default\">\n\t\t\t\t\t<div class=\"elementor-column elementor-col-100 elementor-top-column elementor-element elementor-element-f708b83\" data-id=\"f708b83\" data-element_type=\"column\" data-e-type=\"column\">\n\t\t\t<div class=\"elementor-widget-wrap elementor-element-populated\">\n\t\t\t\t\t\t<div class=\"elementor-element elementor-element-03af03e elementor-grid-eael-col-1 elementor-grid-tablet-eael-col-2 elementor-grid-mobile-eael-col-1 elementor-widget elementor-widget-eael-post-grid\" data-id=\"03af03e\" data-element_type=\"widget\" data-e-type=\"widget\" data-settings=\"{&quot;eael_post_grid_columns&quot;:&quot;eael-col-1&quot;,&quot;eael_post_grid_columns_tablet&quot;:&quot;eael-col-2&quot;,&quot;eael_post_grid_columns_mobile&quot;:&quot;eael-col-1&quot;}\" data-widget_type=\"eael-post-grid.default\">\n\t\t\t\t\t<div id=\"eael-post-grid-03af03e\" class=\"eael-post-grid-container\">\n            <div class=\"eael-post-grid eael-post-appender eael-post-appender-03af03e eael-post-grid-style-one\" data-layout-mode=\"grid\"><article class=\"eael-grid-post  eael-post-grid-column eael-pg-post-2026 category-exitos-guatemala tags-texas\" data-id=\"2026\">\n        <div class=\"eael-grid-post-holder\">\n            <div class=\"eael-grid-post-holder-inner\"><div class=\"eael-entry-media\"><div class=\"eael-entry-overlay fade-in\"><i class=\"fas fa-hand-point-up\" aria-hidden=\"true\"><\/i><a href=\"https:\/\/soymigrante.com\/revista\/pilas-guatemaya-tecnologia-raices-mayas-guatemalteco\/\"><\/a><\/div><div class=\"eael-entry-thumbnail \">\n                <img loading=\"lazy\" decoding=\"async\" width=\"1024\" height=\"806\" src=\"https:\/\/soymigrante.com\/revista\/wp-content\/uploads\/2023\/07\/310546885_3379152138996240_7465190900125942118_n-e1690839314914-1024x806.webp\" class=\"attachment-large size-large wp-image-2034\" alt=\"\" srcset=\"https:\/\/soymigrante.com\/revista\/wp-content\/uploads\/2023\/07\/310546885_3379152138996240_7465190900125942118_n-e1690839314914-1024x806.webp 1024w, https:\/\/soymigrante.com\/revista\/wp-content\/uploads\/2023\/07\/310546885_3379152138996240_7465190900125942118_n-e1690839314914-300x236.webp 300w, https:\/\/soymigrante.com\/revista\/wp-content\/uploads\/2023\/07\/310546885_3379152138996240_7465190900125942118_n-e1690839314914-768x605.webp 768w, https:\/\/soymigrante.com\/revista\/wp-content\/uploads\/2023\/07\/310546885_3379152138996240_7465190900125942118_n-e1690839314914-750x591.webp 750w, https:\/\/soymigrante.com\/revista\/wp-content\/uploads\/2023\/07\/310546885_3379152138996240_7465190900125942118_n-e1690839314914-1140x898.webp 1140w, https:\/\/soymigrante.com\/revista\/wp-content\/uploads\/2023\/07\/310546885_3379152138996240_7465190900125942118_n-e1690839314914.webp 1445w\" sizes=\"(max-width: 1024px) 100vw, 1024px\" \/>\n            <\/div>\n        <\/div><div class=\"eael-entry-wrapper\"><header class=\"eael-entry-header\"><h2 class=\"eael-entry-title\"><a class=\"eael-grid-post-link\" href=\"https:\/\/soymigrante.com\/revista\/pilas-guatemaya-tecnologia-raices-mayas-guatemalteco\/\" title=\"Pilas Guatemaya: sue\u00f1o digital sin fronteras del migrante guatemalteco Ronald Tetzag\u00fcic\">Pilas Guatemaya: sue\u00f1o digital sin fronteras del migrante guatemalteco Ronald Tetzag\u00fcic<\/a><\/h2><\/header><div class=\"eael-entry-content\">\n                        <div class=\"eael-grid-post-excerpt\"><a href=\"https:\/\/soymigrante.com\/revista\/pilas-guatemaya-tecnologia-raices-mayas-guatemalteco\/\" class=\"eael-post-elements-readmore-btn\">Conoce su historia<\/a><\/div>\n                    <\/div><div class=\"eael-entry-footer\"><div class=\"eael-entry-meta\"><\/div><\/div><\/div><\/div>\n        <\/div>\n    <\/article><\/div>\n            <div class=\"clearfix\"><\/div>\n        <\/div>\t\t\t\t<\/div>\n\t\t\t\t\t<\/div>\n\t\t<\/div>\n\t\t\t\t\t<\/div>\n\t\t<\/section>\n\t\t\t\t<section data-particle_enable=\"false\" data-particle-mobile-disabled=\"false\" class=\"elementor-section elementor-top-section elementor-element elementor-element-d6e16a3 elementor-section-boxed elementor-section-height-default elementor-section-height-default\" data-id=\"d6e16a3\" data-element_type=\"section\" data-e-type=\"section\">\n\t\t\t\t\t\t<div class=\"elementor-container elementor-column-gap-default\">\n\t\t\t\t\t<div class=\"elementor-column elementor-col-100 elementor-top-column elementor-element elementor-element-505bdeb\" data-id=\"505bdeb\" data-element_type=\"column\" data-e-type=\"column\">\n\t\t\t<div class=\"elementor-widget-wrap elementor-element-populated\">\n\t\t\t\t\t\t<div class=\"elementor-element elementor-element-9e62ab6 elementor-widget elementor-widget-text-editor\" data-id=\"9e62ab6\" data-element_type=\"widget\" data-e-type=\"widget\" data-widget_type=\"text-editor.default\">\n\t\t\t\t\t\t\t\t\t<p>La particular algarab\u00eda de la medianoche del 24 de diciembre y el 31 de diciembre se encuentran dentro de las memorias de los migrantes guatemaltecos en Estados Unidos. En todo caso, familiares y amigos se re\u00fanen, si el trabajo lo permite, para conmemorar estas ocasiones. Quiz\u00e1 no hay coheter\u00eda como en Guatemala, pero s\u00ed la uni\u00f3n y en anhelo de un d\u00eda volver a vivir esa fecha en la tierra querida natal.<\/p>\t\t\t\t\t\t\t\t<\/div>\n\t\t\t\t\t<\/div>\n\t\t<\/div>\n\t\t\t\t\t<\/div>\n\t\t<\/section>\n\t\t\t\t<section data-particle_enable=\"false\" data-particle-mobile-disabled=\"false\" class=\"elementor-section elementor-top-section elementor-element elementor-element-c70e8fc elementor-section-boxed elementor-section-height-default elementor-section-height-default\" data-id=\"c70e8fc\" data-element_type=\"section\" data-e-type=\"section\">\n\t\t\t\t\t\t<div class=\"elementor-container elementor-column-gap-default\">\n\t\t\t\t\t<div class=\"elementor-column elementor-col-100 elementor-top-column elementor-element elementor-element-90dcf4a\" data-id=\"90dcf4a\" data-element_type=\"column\" data-e-type=\"column\">\n\t\t\t<div class=\"elementor-widget-wrap elementor-element-populated\">\n\t\t\t\t\t\t<div class=\"elementor-element elementor-element-028d243 elementor-widget elementor-widget-video\" data-id=\"028d243\" data-element_type=\"widget\" data-e-type=\"widget\" data-settings=\"{&quot;youtube_url&quot;:&quot;https:\\\/\\\/www.youtube.com\\\/watch?v=I0pl9JhofWA&quot;,&quot;start&quot;:75,&quot;autoplay&quot;:&quot;yes&quot;,&quot;video_type&quot;:&quot;youtube&quot;,&quot;controls&quot;:&quot;yes&quot;}\" data-widget_type=\"video.default\">\n\t\t\t\t\t\t\t<div class=\"elementor-wrapper elementor-open-inline\">\n\t\t\t<div class=\"elementor-video\"><\/div>\t\t<\/div>\n\t\t\t\t\t\t<\/div>\n\t\t\t\t\t<\/div>\n\t\t<\/div>\n\t\t\t\t\t<\/div>\n\t\t<\/section>\n\t\t\t\t<section data-particle_enable=\"false\" data-particle-mobile-disabled=\"false\" class=\"elementor-section elementor-top-section elementor-element elementor-element-88df9ca elementor-section-boxed elementor-section-height-default elementor-section-height-default\" data-id=\"88df9ca\" data-element_type=\"section\" data-e-type=\"section\">\n\t\t\t\t\t\t<div class=\"elementor-container elementor-column-gap-default\">\n\t\t\t\t\t<div class=\"elementor-column elementor-col-100 elementor-top-column elementor-element elementor-element-19fb938\" data-id=\"19fb938\" data-element_type=\"column\" data-e-type=\"column\">\n\t\t\t<div class=\"elementor-widget-wrap elementor-element-populated\">\n\t\t\t\t\t\t<div class=\"elementor-element elementor-element-c701174 elementor-widget elementor-widget-heading\" data-id=\"c701174\" data-element_type=\"widget\" data-e-type=\"widget\" data-widget_type=\"heading.default\">\n\t\t\t\t\t<h2 class=\"elementor-heading-title elementor-size-default\">\u00a1Desde ya en SoyMigrante.com deseamos una Navidad en paz a todos los guatemaltecos dentro y fuera de Guatemala!<\/h2>\t\t\t\t<\/div>\n\t\t\t\t\t<\/div>\n\t\t<\/div>\n\t\t\t\t\t<\/div>\n\t\t<\/section>\n\t\t\t\t<\/div>\n\t\t","protected":false},"excerpt":{"rendered":"<p>\u00bfQu\u00e9 es lo que m\u00e1s extra\u00f1an los guatemaltecos migrantes en Estados Unidos durante las fiestas de Navidad y A\u00f1o Nuevo? Sabores, aromas, recuerdos, vivencias: connacionales comparten memorias y emociones. La conmemoraci\u00f3n de la Navidad es una de las ocasiones que m\u00e1s nostalgia despierta en los migrantes y cuya vivencia en Estados Unidos suele ser distinta, [&hellip;]<\/p>\n","protected":false},"author":7,"featured_media":3846,"comment_status":"open","ping_status":"open","sticky":false,"template":"","format":"standard","meta":{"_acf_changed":false,"_eb_attr":"","footnotes":""},"categories":[54],"tags":[],"class_list":["post-3842","post","type-post","status-publish","format-standard","has-post-thumbnail","hentry","category-estamos-unidos"],"acf":[],"aioseo_notices":[],"aioseo_head":"\n\t\t<!-- All in One SEO Pro 4.9.6.2 - aioseo.com -->\n\t<meta name=\"description\" content=\"Descubre c\u00f3mo Ronald Tetzag\u00fcic transforma la identidad maya en innovadores productos tecnol\u00f3gicos con su marca Pilas Guatemaya\" \/>\n\t<meta name=\"robots\" content=\"max-snippet:-1, max-image-preview:large, max-video-preview:-1\" \/>\n\t<meta name=\"author\" content=\"Gustavo Montenegro\"\/>\n\t<link rel=\"canonical\" href=\"https:\/\/soymigrante.com\/revista\/pilas-guatemaya-tecnologia-raices-mayas-guatemalteco\/\" \/>\n\t<meta name=\"generator\" content=\"All in One SEO Pro (AIOSEO) 4.9.6.2\" \/>\n\n\t\t<link rel=\"preconnect\" href=\"https:\/\/fonts.googleapis.com\" crossorigin>\n<link rel=\"preconnect\" href=\"https:\/\/fonts.gstatic.com\" crossorigin>\n\t\t<meta property=\"og:locale\" content=\"es_ES\" \/>\n\t\t<meta property=\"og:site_name\" content=\"SoyMigrante.com REVISTA \u2013 Nuestra misi\u00f3n es reconocer y dignificar al migrante.\" \/>\n\t\t<meta property=\"og:type\" content=\"article\" \/>\n\t\t<meta property=\"og:title\" content=\"Pilas Guatemaya: Innovaci\u00f3n tecnol\u00f3gica con ra\u00edces mayas\" \/>\n\t\t<meta property=\"og:description\" content=\"Descubre c\u00f3mo Ronald Tetzag\u00fcic transforma la identidad maya en innovadores productos tecnol\u00f3gicos con su marca Pilas Guatemaya\" \/>\n\t\t<meta property=\"og:url\" content=\"https:\/\/soymigrante.com\/revista\/pilas-guatemaya-tecnologia-raices-mayas-guatemalteco\/\" \/>\n\t\t<meta property=\"og:image\" content=\"https:\/\/soymigrante.com\/revista\/wp-content\/uploads\/2023\/07\/310546885_3379152138996240_7465190900125942118_n-e1690839314914.webp\" \/>\n\t\t<meta property=\"og:image:secure_url\" content=\"https:\/\/soymigrante.com\/revista\/wp-content\/uploads\/2023\/07\/310546885_3379152138996240_7465190900125942118_n-e1690839314914.webp\" \/>\n\t\t<meta property=\"og:image:width\" content=\"1445\" \/>\n\t\t<meta property=\"og:image:height\" content=\"1138\" \/>\n\t\t<meta property=\"article:published_time\" content=\"2023-07-31T21:09:44+00:00\" \/>\n\t\t<meta property=\"article:modified_time\" content=\"2026-03-11T22:51:28+00:00\" \/>\n\t\t<meta property=\"article:publisher\" content=\"https:\/\/www.facebook.com\/soymigrantecom\" \/>\n\t\t<meta name=\"twitter:card\" content=\"summary_large_image\" \/>\n\t\t<meta name=\"twitter:site\" content=\"@SoyMigrante_com\" \/>\n\t\t<meta name=\"twitter:title\" content=\"Pilas Guatemaya: Innovaci\u00f3n tecnol\u00f3gica con ra\u00edces mayas\" \/>\n\t\t<meta name=\"twitter:description\" content=\"Descubre c\u00f3mo Ronald Tetzag\u00fcic transforma la identidad maya en innovadores productos tecnol\u00f3gicos con su marca Pilas Guatemaya\" \/>\n\t\t<meta name=\"twitter:creator\" content=\"@SoyMigrante_com\" \/>\n\t\t<meta name=\"twitter:image\" content=\"https:\/\/soymigrante.com\/revista\/wp-content\/uploads\/2023\/07\/310546885_3379152138996240_7465190900125942118_n-e1690839314914.webp\" \/>\n\t\t<!-- All in One SEO Pro -->\r\n\t\t<title>Pilas Guatemaya: Innovaci\u00f3n tecnol\u00f3gica con ra\u00edces mayas<\/title>\n\n","aioseo_head_json":{"title":"Pilas Guatemaya: Innovaci\u00f3n tecnol\u00f3gica con ra\u00edces mayas","description":"Descubre c\u00f3mo Ronald Tetzag\u00fcic transforma la identidad maya en innovadores productos tecnol\u00f3gicos con su marca Pilas Guatemaya","canonical_url":"https:\/\/soymigrante.com\/revista\/pilas-guatemaya-tecnologia-raices-mayas-guatemalteco\/","robots":"max-snippet:-1, max-image-preview:large, max-video-preview:-1","keywords":"","webmasterTools":{"miscellaneous":"&lt;link rel=\"preconnect\" href=\"https:\/\/fonts.googleapis.com\" crossorigin&gt;\n&lt;link rel=\"preconnect\" href=\"https:\/\/fonts.gstatic.com\" crossorigin&gt;"},"schema":null,"og:locale":"es_ES","og:site_name":"SoyMigrante.com REVISTA \u2013 Nuestra misi\u00f3n es reconocer y dignificar al migrante.","og:type":"article","og:title":"Pilas Guatemaya: Innovaci\u00f3n tecnol\u00f3gica con ra\u00edces mayas","og:description":"Descubre c\u00f3mo Ronald Tetzag\u00fcic transforma la identidad maya en innovadores productos tecnol\u00f3gicos con su marca Pilas Guatemaya","og:url":"https:\/\/soymigrante.com\/revista\/pilas-guatemaya-tecnologia-raices-mayas-guatemalteco\/","og:image":"https:\/\/soymigrante.com\/revista\/wp-content\/uploads\/2023\/07\/310546885_3379152138996240_7465190900125942118_n-e1690839314914.webp","og:image:secure_url":"https:\/\/soymigrante.com\/revista\/wp-content\/uploads\/2023\/07\/310546885_3379152138996240_7465190900125942118_n-e1690839314914.webp","og:image:width":1445,"og:image:height":1138,"article:published_time":"2023-07-31T21:09:44+00:00","article:modified_time":"2026-03-11T22:51:28+00:00","article:publisher":"https:\/\/www.facebook.com\/soymigrantecom","twitter:card":"summary_large_image","twitter:site":"@SoyMigrante_com","twitter:title":"Pilas Guatemaya: Innovaci\u00f3n tecnol\u00f3gica con ra\u00edces mayas","twitter:description":"Descubre c\u00f3mo Ronald Tetzag\u00fcic transforma la identidad maya en innovadores productos tecnol\u00f3gicos con su marca Pilas Guatemaya","twitter:creator":"@SoyMigrante_com","twitter:image":"https:\/\/soymigrante.com\/revista\/wp-content\/uploads\/2023\/07\/310546885_3379152138996240_7465190900125942118_n-e1690839314914.webp"},"aioseo_meta_data":{"post_id":"3842","title":null,"description":null,"keywords":[],"keyphrases":{"focus":{"keyphrase":"Migrantes","score":82,"analysis":{"keyphraseInTitle":{"score":9,"maxScore":9,"error":0},"keyphraseInDescription":{"score":9,"maxScore":9,"error":0},"keyphraseLength":{"score":9,"maxScore":9,"error":0,"length":1},"keyphraseInURL":{"score":5,"maxScore":5,"error":0},"keyphraseInIntroduction":{"score":9,"maxScore":9,"error":0},"keyphraseInSubHeadings":{"score":3,"maxScore":9,"error":1},"keyphraseInImageAlt":{"score":3,"maxScore":9,"error":1},"keywordDensity":{"type":"best","score":9,"maxScore":9,"error":0}}},"additional":[]},"primary_term":null,"canonical_url":null,"og_title":null,"og_description":null,"og_object_type":"default","og_image_type":"default","og_image_url":null,"og_image_width":null,"og_image_height":null,"og_image_custom_url":null,"og_image_custom_fields":null,"og_video":"","og_custom_url":null,"og_article_section":null,"og_article_tags":[],"twitter_use_og":false,"twitter_card":"default","twitter_image_type":"default","twitter_image_url":null,"twitter_image_custom_url":null,"twitter_image_custom_fields":null,"twitter_title":null,"twitter_description":null,"schema":{"blockGraphs":[],"customGraphs":[],"default":{"data":{"Article":[],"Course":[],"Dataset":[],"FAQPage":[],"Movie":[],"Person":[],"Product":[],"ProductReview":[],"Car":[],"Recipe":[],"Service":[],"SoftwareApplication":[],"WebPage":[]},"graphName":"BlogPosting","isEnabled":true},"graphs":[]},"schema_type":"default","schema_type_options":null,"pillar_content":false,"robots_default":true,"robots_noindex":false,"robots_noarchive":false,"robots_nosnippet":false,"robots_nofollow":false,"robots_noimageindex":false,"robots_noodp":false,"robots_notranslate":false,"robots_max_snippet":"-1","robots_max_videopreview":"-1","robots_max_imagepreview":"large","priority":null,"frequency":"default","local_seo":null,"seo_analyzer_scan_date":"2025-10-08 20:49:49","breadcrumb_settings":null,"limit_modified_date":false,"reviewed_by":null,"open_ai":null,"ai":null,"created":"2023-12-13 14:14:54","updated":"2026-02-04 10:03:15"},"aioseo_breadcrumb":"<div class=\"aioseo-breadcrumbs\"><span class=\"aioseo-breadcrumb\">\n\t<a href=\"https:\/\/soymigrante.com\/revista\" title=\"Home\">Home<\/a>\n<\/span><span class=\"aioseo-breadcrumb-separator\">\u00bb<\/span><span class=\"aioseo-breadcrumb\">\n\t<a href=\"https:\/\/soymigrante.com\/revista\/category\/estamos-unidos\/\" title=\"Estamos Unidos\">Estamos Unidos<\/a>\n<\/span><span class=\"aioseo-breadcrumb-separator\">\u00bb<\/span><span class=\"aioseo-breadcrumb\">\n\tMigrantes recuerdan con cari\u00f1o y nostalgia la Navidad en Guatemala\n<\/span><\/div>","aioseo_breadcrumb_json":[{"label":"Home","link":"https:\/\/soymigrante.com\/revista"},{"label":"Estamos Unidos","link":"https:\/\/soymigrante.com\/revista\/category\/estamos-unidos\/"},{"label":"Migrantes recuerdan con cari\u00f1o y nostalgia la Navidad en Guatemala","link":"https:\/\/soymigrante.com\/revista\/migrantes-guatemaltecos-recuerdan-navidad-ano-nuevo-guatemala\/"}],"_links":{"self":[{"href":"https:\/\/soymigrante.com\/revista\/wp-json\/wp\/v2\/posts\/3842","targetHints":{"allow":["GET"]}}],"collection":[{"href":"https:\/\/soymigrante.com\/revista\/wp-json\/wp\/v2\/posts"}],"about":[{"href":"https:\/\/soymigrante.com\/revista\/wp-json\/wp\/v2\/types\/post"}],"author":[{"embeddable":true,"href":"https:\/\/soymigrante.com\/revista\/wp-json\/wp\/v2\/users\/7"}],"replies":[{"embeddable":true,"href":"https:\/\/soymigrante.com\/revista\/wp-json\/wp\/v2\/comments?post=3842"}],"version-history":[{"count":0,"href":"https:\/\/soymigrante.com\/revista\/wp-json\/wp\/v2\/posts\/3842\/revisions"}],"wp:featuredmedia":[{"embeddable":true,"href":"https:\/\/soymigrante.com\/revista\/wp-json\/wp\/v2\/media\/3846"}],"wp:attachment":[{"href":"https:\/\/soymigrante.com\/revista\/wp-json\/wp\/v2\/media?parent=3842"}],"wp:term":[{"taxonomy":"category","embeddable":true,"href":"https:\/\/soymigrante.com\/revista\/wp-json\/wp\/v2\/categories?post=3842"},{"taxonomy":"post_tag","embeddable":true,"href":"https:\/\/soymigrante.com\/revista\/wp-json\/wp\/v2\/tags?post=3842"}],"curies":[{"name":"wp","href":"https:\/\/api.w.org\/{rel}","templated":true}]}}