{"id":38359,"date":"2025-07-03T07:00:00","date_gmt":"2025-07-03T13:00:00","guid":{"rendered":"https:\/\/soymigrante.com\/revista\/?p=38359"},"modified":"2025-07-03T10:50:58","modified_gmt":"2025-07-03T16:50:58","slug":"envio-gratis-compras-soymigrante-mercado-julio-2025","status":"publish","type":"post","link":"https:\/\/soymigrante.com\/revista\/envio-gratis-compras-soymigrante-mercado-julio-2025\/","title":{"rendered":"Env\u00edo gratis en tus compras de SoyMigrante.com MERCADO durante el mes de julio"},"content":{"rendered":"\t\t<div data-elementor-type=\"wp-post\" data-elementor-id=\"38359\" class=\"elementor elementor-38359\" data-elementor-post-type=\"post\">\n\t\t\t\t<div data-particle_enable=\"false\" data-particle-mobile-disabled=\"false\" class=\"elementor-element elementor-element-b3f12e0 e-flex e-con-boxed e-con e-parent\" data-id=\"b3f12e0\" data-element_type=\"container\" data-e-type=\"container\">\n\t\t\t\t\t<div class=\"e-con-inner\">\n\t\t\t\t<div class=\"elementor-element elementor-element-d332618 elementor-widget elementor-widget-heading\" data-id=\"d332618\" data-element_type=\"widget\" data-e-type=\"widget\" data-widget_type=\"heading.default\">\n\t\t\t\t\t<h2 class=\"elementor-heading-title elementor-size-default\">SoyMigrante.com MERCADO es la comunidad que une a emprendedores y compradores de toda Guatemala que prefieren lo aut\u00e9ntico, lo \u00fanico, lo artesanal: y por eso en este mes de julio el env\u00edo de tu compra es gratis.<\/h2>\t\t\t\t<\/div>\n\t\t\t\t\t<\/div>\n\t\t\t\t<\/div>\n\t\t<div data-particle_enable=\"false\" data-particle-mobile-disabled=\"false\" class=\"elementor-element elementor-element-366d635 e-flex e-con-boxed e-con e-parent\" data-id=\"366d635\" data-element_type=\"container\" data-e-type=\"container\">\n\t\t\t\t\t<div class=\"e-con-inner\">\n\t\t\t\t<div class=\"elementor-element elementor-element-cc40f11 elementor-widget elementor-widget-text-editor\" data-id=\"cc40f11\" data-element_type=\"widget\" data-e-type=\"widget\" data-widget_type=\"text-editor.default\">\n\t\t\t\t\t\t\t\t\t<p>SoyMigrante.com MERCADO es una plataforma digital dedicada a activar la econom\u00eda de las comunidades y de los <a href=\"https:\/\/soymigrante.com\/revista\/tag\/mercado-emprendedores\/\">emprendedores<\/a>, contribuyendo a que sus productos tengan una vitrina sin fronteras ni horarios ni distancias: tenemos a emprendedores de toda Guatemala participando y la invitaci\u00f3n sigue abierta a que m\u00e1s se sumen, abran su tienda digital y entren a la era del comercio electr\u00f3nico.\u00a0<\/p><p>Por esto, durante el mes de julio todos env\u00edos de compras ser\u00e1n gratis. As\u00ed que entra a\u00a0<a href=\"https:\/\/soymigrante.com\/mercado\/\" target=\"_blank\" rel=\"noopener\">https:\/\/soymigrante.com\/mercado\/<\/a>\u00a0elige lo que te agrade para regalar o regalarte, paga tu compra, apoyas a un emprendedor o emprendedora y en poco tiempo recibes tu pedido sin cargo extra.\u00a0<\/p>\t\t\t\t\t\t\t\t<\/div>\n\t\t\t\t\t<\/div>\n\t\t\t\t<\/div>\n\t\t<div data-particle_enable=\"false\" data-particle-mobile-disabled=\"false\" class=\"elementor-element elementor-element-689a159 e-flex e-con-boxed e-con e-parent\" data-id=\"689a159\" data-element_type=\"container\" data-e-type=\"container\">\n\t\t\t\t\t<div class=\"e-con-inner\">\n\t\t\t\t<div class=\"elementor-element elementor-element-c0fa617 elementor-widget elementor-widget-image\" data-id=\"c0fa617\" data-element_type=\"widget\" data-e-type=\"widget\" data-widget_type=\"image.default\">\n\t\t\t\t\t\t\t\t\t\t\t\t<figure class=\"wp-caption\">\n\t\t\t\t\t\t\t\t\t\t\t<a href=\"https:\/\/soymigrante.com\/mercado\/\">\n\t\t\t\t\t\t\t<img fetchpriority=\"high\" decoding=\"async\" width=\"768\" height=\"499\" src=\"https:\/\/soymigrante.com\/revista\/wp-content\/uploads\/2025\/07\/soymigrantecom-mercado-1024x665.png\" class=\"attachment-large size-large wp-image-38364\" alt=\"Joven mujer preparando artesan\u00edas guatemaltecas con productos hechos a mano y dise\u00f1o aut\u00e9ntico en una tienda de souvenirs, promoviendo el talento cultural de Guatemala.\" srcset=\"https:\/\/soymigrante.com\/revista\/wp-content\/uploads\/2025\/07\/soymigrantecom-mercado-1024x665.png 1024w, https:\/\/soymigrante.com\/revista\/wp-content\/uploads\/2025\/07\/soymigrantecom-mercado-300x195.png 300w, https:\/\/soymigrante.com\/revista\/wp-content\/uploads\/2025\/07\/soymigrantecom-mercado-768x499.png 768w, https:\/\/soymigrante.com\/revista\/wp-content\/uploads\/2025\/07\/soymigrantecom-mercado-750x487.webp 750w, https:\/\/soymigrante.com\/revista\/wp-content\/uploads\/2025\/07\/soymigrantecom-mercado-1140x740.webp 1140w, https:\/\/soymigrante.com\/revista\/wp-content\/uploads\/2025\/07\/soymigrantecom-mercado.webp 1246w\" sizes=\"(max-width: 768px) 100vw, 768px\" title=\"PRODUCTOS INCRE\u00cdBLES, AUT\u00c9NTICOS, HECHOS A MANO, CON INGENIO ARTESANAL, DEDICACI\u00d3N, CREATIVIDAD Y CUIDADO, PROVENIENTES DE TODAS PARTES DEL PA\u00cdS. DA CLIC EN LA IMAGEN PARA IR A MERCADO Y HAZ TU COMPRA SIN COSTO DE ENV\u00cdO EN JULIO \u2013 SoyMigrante.com REVISTA\" \/>\t\t\t\t\t\t\t\t<\/a>\n\t\t\t\t\t\t\t\t\t\t\t<figcaption class=\"widget-image-caption wp-caption-text\">Imagen que muestra una joven en una tienda de souvenirs guatemaltecos, caracterizada por productos artesanales y dise\u00f1os aut\u00e9nticos que reflejan la cultura y el talento local.<\/figcaption>\n\t\t\t\t\t\t\t\t\t\t<\/figure>\n\t\t\t\t\t\t\t\t\t<\/div>\n\t\t\t\t\t<\/div>\n\t\t\t\t<\/div>\n\t\t<div data-particle_enable=\"false\" data-particle-mobile-disabled=\"false\" class=\"elementor-element elementor-element-5d1ec6b e-flex e-con-boxed e-con e-parent\" data-id=\"5d1ec6b\" data-element_type=\"container\" data-e-type=\"container\">\n\t\t\t\t\t<div class=\"e-con-inner\">\n\t\t\t\t<div class=\"elementor-element elementor-element-fe88a40 elementor-widget elementor-widget-heading\" data-id=\"fe88a40\" data-element_type=\"widget\" data-e-type=\"widget\" data-widget_type=\"heading.default\">\n\t\t\t\t\t<h3 class=\"elementor-heading-title elementor-size-default\">Variedad de productos en tienda digital<\/h3>\t\t\t\t<\/div>\n\t\t\t\t\t<\/div>\n\t\t\t\t<\/div>\n\t\t<div data-particle_enable=\"false\" data-particle-mobile-disabled=\"false\" class=\"elementor-element elementor-element-441153f e-flex e-con-boxed e-con e-parent\" data-id=\"441153f\" data-element_type=\"container\" data-e-type=\"container\">\n\t\t\t\t\t<div class=\"e-con-inner\">\n\t\t\t\t<div class=\"elementor-element elementor-element-e1e7466 elementor-widget elementor-widget-text-editor\" data-id=\"e1e7466\" data-element_type=\"widget\" data-e-type=\"widget\" data-widget_type=\"text-editor.default\">\n\t\t\t\t\t\t\t\t\t<p><a href=\"https:\/\/soymigrante.com\/mercado\/\">SoyMigrante.com MERCADO<\/a> es una plataforma tecnol\u00f3gica de nivel internacional, creada con todas las normativas de seguridad de datos y eficiencia en la experiencia de usuario, para brindar una experiencia satisfactoria de compra.\u00a0<\/p><p>Tenemos una enorme gama de productos: textiles, artesan\u00edas, caf\u00e9 de todas las regiones, miel, t\u00e9s naturales, bisuter\u00eda, calzado, prendas de vestir, joyer\u00eda, obras de arte y mucho m\u00e1s.\u00a0<\/p><p>Est\u00e1 abierta a todo emprendedor o emprendedora de cualquier parte de Guatemala. Abrir tu tienda no tiene costo; \u00fanicamente se paga cuando hay un pedido, a un porcentaje asequible de 3% sobre el valor total.\u00a0 \u00a0<\/p><p>Ninguna otra plataforma te ofrece estas facilidades para entrar en las ventas electr\u00f3nicas, mostrar todos los productos, posibilitar formas de pago (con tarjeta de cr\u00e9dito o d\u00e9bito, transferencia y efectivo contra entrega) y coordinar el delivery o servicio de entrega a trav\u00e9s de\u00a0 empresas de mensajer\u00eda.\u00a0<\/p><p>Esta entrega suele tener un costo extra, pero durante julio, es completamente gratis. Aprovecha.<\/p>\t\t\t\t\t\t\t\t<\/div>\n\t\t\t\t\t<\/div>\n\t\t\t\t<\/div>\n\t\t<div data-particle_enable=\"false\" data-particle-mobile-disabled=\"false\" class=\"elementor-element elementor-element-292891b e-flex e-con-boxed e-con e-parent\" data-id=\"292891b\" data-element_type=\"container\" data-e-type=\"container\">\n\t\t\t\t\t<div class=\"e-con-inner\">\n\t\t\t\t<div class=\"elementor-element elementor-element-3b2ba90 elementor-widget elementor-widget-video\" data-id=\"3b2ba90\" data-element_type=\"widget\" data-e-type=\"widget\" data-settings=\"{&quot;youtube_url&quot;:&quot;https:\\\/\\\/www.youtube.com\\\/watch?v=RChGBMWxt-o&amp;list=PLvGTa7m3XVI5mXgE3OOVLILqALs8oaBC6&amp;index=1&quot;,&quot;video_type&quot;:&quot;youtube&quot;,&quot;controls&quot;:&quot;yes&quot;}\" data-widget_type=\"video.default\">\n\t\t\t\t\t\t\t<div class=\"elementor-wrapper elementor-open-inline\">\n\t\t\t<div class=\"elementor-video\"><\/div>\t\t<\/div>\n\t\t\t\t\t\t<\/div>\n\t\t\t\t\t<\/div>\n\t\t\t\t<\/div>\n\t\t<div data-particle_enable=\"false\" data-particle-mobile-disabled=\"false\" class=\"elementor-element elementor-element-68d8be8 e-flex e-con-boxed e-con e-parent\" data-id=\"68d8be8\" data-element_type=\"container\" data-e-type=\"container\">\n\t\t\t\t\t<div class=\"e-con-inner\">\n\t\t\t\t<div class=\"elementor-element elementor-element-997ed6e elementor-widget elementor-widget-heading\" data-id=\"997ed6e\" data-element_type=\"widget\" data-e-type=\"widget\" data-widget_type=\"heading.default\">\n\t\t\t\t\t<h3 class=\"elementor-heading-title elementor-size-default\">Comercio electr\u00f3nico para toda Guatemala<\/h3>\t\t\t\t<\/div>\n\t\t\t\t\t<\/div>\n\t\t\t\t<\/div>\n\t\t<div data-particle_enable=\"false\" data-particle-mobile-disabled=\"false\" class=\"elementor-element elementor-element-032f635 e-flex e-con-boxed e-con e-parent\" data-id=\"032f635\" data-element_type=\"container\" data-e-type=\"container\">\n\t\t\t\t\t<div class=\"e-con-inner\">\n\t\t\t\t<div class=\"elementor-element elementor-element-68dc42f elementor-widget elementor-widget-text-editor\" data-id=\"68dc42f\" data-element_type=\"widget\" data-e-type=\"widget\" data-widget_type=\"text-editor.default\">\n\t\t\t\t\t\t\t\t\t<p>Est\u00e1 abierta a todo emprendedor o emprendedora de cualquier parte de Guatemala. Abrir tu tienda no tiene costo; \u00fanicamente se paga cuando hay un pedido, a un porcentaje asequible de 3% sobre el valor total.\u00a0 \u00a0<\/p><p>Ninguna otra plataforma te ofrece estas facilidades para entrar en las ventas electr\u00f3nicas, mostrar todos los productos, posibilitar formas de pago (con tarjeta de cr\u00e9dito o d\u00e9bito, transferencia y efectivo contra entrega) y coordinar el delivery o servicio de entrega a trav\u00e9s de\u00a0 empresas de mensajer\u00eda.\u00a0<\/p><p>Esta entrega suele tener un costo extra, pero durante julio, es completamente gratis. Aprovecha.<\/p>\t\t\t\t\t\t\t\t<\/div>\n\t\t\t\t\t<\/div>\n\t\t\t\t<\/div>\n\t\t<div data-particle_enable=\"false\" data-particle-mobile-disabled=\"false\" class=\"elementor-element elementor-element-0222b09 e-flex e-con-boxed e-con e-parent\" data-id=\"0222b09\" data-element_type=\"container\" data-e-type=\"container\">\n\t\t\t\t\t<div class=\"e-con-inner\">\n\t\t\t\t<div class=\"elementor-element elementor-element-af2655b elementor-align-center elementor-widget elementor-widget-global elementor-global-14402 elementor-widget-button\" data-id=\"af2655b\" data-element_type=\"widget\" data-e-type=\"widget\" data-widget_type=\"button.default\">\n\t\t\t\t\t\t\t\t\t\t<a class=\"elementor-button elementor-button-link elementor-size-sm\" href=\"https:\/\/soymigrante.com\/mercado\/marketplace\/seller\/register\">\n\t\t\t\t\t\t<span class=\"elementor-button-content-wrapper\">\n\t\t\t\t\t\t<span class=\"elementor-button-icon\">\n\t\t\t\t<i aria-hidden=\"true\" class=\"fas fa-cart-arrow-down\"><\/i>\t\t\t<\/span>\n\t\t\t\t\t\t\t\t\t<span class=\"elementor-button-text\">\u00bfERES EMPRENDEDOR Y QUIERES ENTRAR AL COMERCIO DIGITAL? NO ESPERES M\u00c1S Y  ABRE TU TIENDA DIGITAL  EN SOYMIGRANTE.COM\/MERCADO <\/span>\n\t\t\t\t\t<\/span>\n\t\t\t\t\t<\/a>\n\t\t\t\t\t\t\t\t<\/div>\n\t\t\t\t\t<\/div>\n\t\t\t\t<\/div>\n\t\t<div data-particle_enable=\"false\" data-particle-mobile-disabled=\"false\" class=\"elementor-element elementor-element-443870b e-flex e-con-boxed e-con e-parent\" data-id=\"443870b\" data-element_type=\"container\" data-e-type=\"container\">\n\t\t\t\t\t<div class=\"e-con-inner\">\n\t\t\t\t<div class=\"elementor-element elementor-element-f5ccf71 elementor-widget elementor-widget-heading\" data-id=\"f5ccf71\" data-element_type=\"widget\" data-e-type=\"widget\" data-widget_type=\"heading.default\">\n\t\t\t\t\t<h2 class=\"elementor-heading-title elementor-size-default\">Detr\u00e1s de cada emprendimiento hay una gran historia. Prefiere lo aut\u00e9ntico<\/h2>\t\t\t\t<\/div>\n\t\t\t\t\t<\/div>\n\t\t\t\t<\/div>\n\t\t<div data-particle_enable=\"false\" data-particle-mobile-disabled=\"false\" class=\"elementor-element elementor-element-208f8a1 e-flex e-con-boxed e-con e-parent\" data-id=\"208f8a1\" data-element_type=\"container\" data-e-type=\"container\">\n\t\t\t\t\t<div class=\"e-con-inner\">\n\t\t\t\t<div class=\"elementor-element elementor-element-b8fce37 elementor-grid-eael-col-3 elementor-grid-tablet-eael-col-2 elementor-grid-mobile-eael-col-1 elementor-invisible elementor-widget elementor-widget-eael-post-grid\" data-id=\"b8fce37\" data-element_type=\"widget\" data-e-type=\"widget\" data-settings=\"{&quot;eael_post_grid_columns&quot;:&quot;eael-col-3&quot;,&quot;_animation&quot;:&quot;rollIn&quot;,&quot;eael_post_grid_columns_tablet&quot;:&quot;eael-col-2&quot;,&quot;eael_post_grid_columns_mobile&quot;:&quot;eael-col-1&quot;}\" data-widget_type=\"eael-post-grid.default\">\n\t\t\t\t\t<div id=\"eael-post-grid-b8fce37\" class=\"eael-post-grid-container\">\n            <div class=\"eael-post-grid eael-post-appender eael-post-appender-b8fce37 eael-post-grid-style-one\" data-layout-mode=\"masonry\"><article class=\"eael-grid-post  eael-post-grid-column eael-pg-post-12811 category-guate-nuestra tags-mercado-emprendedores\" data-id=\"12811\">\n        <div class=\"eael-grid-post-holder\">\n            <div class=\"eael-grid-post-holder-inner\"><div class=\"eael-entry-media\"><div class=\"eael-entry-overlay fade-in\"><i class=\"far fa-hand-pointer\" aria-hidden=\"true\"><\/i><a href=\"https:\/\/soymigrante.com\/revista\/arte-kat-aretes-y-accesorios-originales-elaborados-con-hilos-semillas-pero-sobre-todo-con-amor\/\"><\/a><\/div><div class=\"eael-entry-thumbnail \">\n                <img decoding=\"async\" width=\"458\" height=\"458\" src=\"https:\/\/soymigrante.com\/revista\/wp-content\/uploads\/2024\/11\/arte-kat-feature.webp\" class=\"attachment-large size-large wp-image-12816\" alt=\"Colar de cuentas de colores con dise\u00f1o tradicional, usado en trajes folcl\u00f3ricos, simboliza la cultura y la identidad de comunidades ind\u00edgenas en Latinoam\u00e9rica.\" srcset=\"https:\/\/soymigrante.com\/revista\/wp-content\/uploads\/2024\/11\/arte-kat-feature.webp 458w, https:\/\/soymigrante.com\/revista\/wp-content\/uploads\/2024\/11\/arte-kat-feature-300x300.webp 300w, https:\/\/soymigrante.com\/revista\/wp-content\/uploads\/2024\/11\/arte-kat-feature-150x150.webp 150w, https:\/\/soymigrante.com\/revista\/wp-content\/uploads\/2024\/11\/arte-kat-feature-75x75.webp 75w\" sizes=\"(max-width: 458px) 100vw, 458px\" \/>\n            <\/div>\n        <\/div><div class=\"eael-entry-wrapper\"><header class=\"eael-entry-header\"><h2 class=\"eael-entry-title\"><a class=\"eael-grid-post-link\" href=\"https:\/\/soymigrante.com\/revista\/arte-kat-aretes-y-accesorios-originales-elaborados-con-hilos-semillas-pero-sobre-todo-con-amor\/\" title=\"Arte K\u00b4at: aretes y accesorios originales elaborados con hilos, semillas, pero sobre todo con amor\">Arte K\u00b4at: aretes y accesorios originales elaborados con hilos, semillas, pero sobre todo con amor<\/a><\/h2><\/header><div class=\"eael-entry-content\">\n                        <div class=\"eael-grid-post-excerpt\"><a href=\"https:\/\/soymigrante.com\/revista\/arte-kat-aretes-y-accesorios-originales-elaborados-con-hilos-semillas-pero-sobre-todo-con-amor\/\" class=\"eael-post-elements-readmore-btn\">CONOCE SU HISTORIA <\/a><\/div>\n                    <\/div><\/div><\/div>\n        <\/div>\n    <\/article><article class=\"eael-grid-post  eael-post-grid-column eael-pg-post-42412 category-guate-nuestra tags-mercado-emprendedores\" data-id=\"42412\">\n        <div class=\"eael-grid-post-holder\">\n            <div class=\"eael-grid-post-holder-inner\"><div class=\"eael-entry-media\"><div class=\"eael-entry-overlay fade-in\"><i class=\"far fa-hand-pointer\" aria-hidden=\"true\"><\/i><a href=\"https:\/\/soymigrante.com\/revista\/cafe-pineda-cultivado-en-las-montanas-de-santa-rosa-por-4-generaciones\/\"><\/a><\/div><div class=\"eael-entry-thumbnail \">\n                <img decoding=\"async\" width=\"1024\" height=\"1024\" src=\"https:\/\/soymigrante.com\/revista\/wp-content\/uploads\/2025\/08\/cafe-pineda-1024x1024.png\" class=\"attachment-large size-large wp-image-42413\" alt=\"Artesanos con productos de caf\u00e9 en una feria, promoviendo la cultura migrante y el comercio justo en la revista SoyMigrante.com REVISTA.\" srcset=\"https:\/\/soymigrante.com\/revista\/wp-content\/uploads\/2025\/08\/cafe-pineda-1024x1024.png 1024w, https:\/\/soymigrante.com\/revista\/wp-content\/uploads\/2025\/08\/cafe-pineda-300x300.png 300w, https:\/\/soymigrante.com\/revista\/wp-content\/uploads\/2025\/08\/cafe-pineda-150x150.png 150w, https:\/\/soymigrante.com\/revista\/wp-content\/uploads\/2025\/08\/cafe-pineda-768x768.png 768w, https:\/\/soymigrante.com\/revista\/wp-content\/uploads\/2025\/08\/cafe-pineda-75x75.webp 75w, https:\/\/soymigrante.com\/revista\/wp-content\/uploads\/2025\/08\/cafe-pineda-750x750.webp 750w, https:\/\/soymigrante.com\/revista\/wp-content\/uploads\/2025\/08\/cafe-pineda.webp 1075w\" sizes=\"(max-width: 1024px) 100vw, 1024px\" \/>\n            <\/div>\n        <\/div><div class=\"eael-entry-wrapper\"><header class=\"eael-entry-header\"><h2 class=\"eael-entry-title\"><a class=\"eael-grid-post-link\" href=\"https:\/\/soymigrante.com\/revista\/cafe-pineda-cultivado-en-las-montanas-de-santa-rosa-por-4-generaciones\/\" title=\"Caf\u00e9 Pineda, cultivado en las monta\u00f1as de Santa Rosa por 4 generaciones, est\u00e1 en MERCADO\">Caf\u00e9 Pineda, cultivado en las monta\u00f1as de Santa Rosa por 4 generaciones, est\u00e1 en MERCADO<\/a><\/h2><\/header><div class=\"eael-entry-content\">\n                        <div class=\"eael-grid-post-excerpt\"><a href=\"https:\/\/soymigrante.com\/revista\/cafe-pineda-cultivado-en-las-montanas-de-santa-rosa-por-4-generaciones\/\" class=\"eael-post-elements-readmore-btn\">CONOCE SU HISTORIA <\/a><\/div>\n                    <\/div><\/div><\/div>\n        <\/div>\n    <\/article><article class=\"eael-grid-post  eael-post-grid-column eael-pg-post-55228 category-guate-nuestra tags-mercado-emprendedores\" data-id=\"55228\">\n        <div class=\"eael-grid-post-holder\">\n            <div class=\"eael-grid-post-holder-inner\"><div class=\"eael-entry-media\"><div class=\"eael-entry-overlay fade-in\"><i class=\"far fa-hand-pointer\" aria-hidden=\"true\"><\/i><a href=\"https:\/\/soymigrante.com\/revista\/libros-guatemaltecos-dia-internacional-del-libro-festeja-inspirate-mercado\/\"><\/a><\/div><div class=\"eael-entry-thumbnail \">\n                <img loading=\"lazy\" decoding=\"async\" width=\"1024\" height=\"1024\" src=\"https:\/\/soymigrante.com\/revista\/wp-content\/uploads\/2026\/04\/DIA-DEL-LIBRO-SOYMIGRANTE-MERCADO-1024x1024.png\" class=\"attachment-large size-large wp-image-55229\" alt=\"DIA DEL LIBRO SOYMIGRANTE MERCADO\" srcset=\"https:\/\/soymigrante.com\/revista\/wp-content\/uploads\/2026\/04\/DIA-DEL-LIBRO-SOYMIGRANTE-MERCADO-1024x1024.png 1024w, https:\/\/soymigrante.com\/revista\/wp-content\/uploads\/2026\/04\/DIA-DEL-LIBRO-SOYMIGRANTE-MERCADO-300x300.png 300w, https:\/\/soymigrante.com\/revista\/wp-content\/uploads\/2026\/04\/DIA-DEL-LIBRO-SOYMIGRANTE-MERCADO-150x150.png 150w, https:\/\/soymigrante.com\/revista\/wp-content\/uploads\/2026\/04\/DIA-DEL-LIBRO-SOYMIGRANTE-MERCADO-768x768.png 768w, https:\/\/soymigrante.com\/revista\/wp-content\/uploads\/2026\/04\/DIA-DEL-LIBRO-SOYMIGRANTE-MERCADO-75x75.png 75w, https:\/\/soymigrante.com\/revista\/wp-content\/uploads\/2026\/04\/DIA-DEL-LIBRO-SOYMIGRANTE-MERCADO-750x750.png 750w, https:\/\/soymigrante.com\/revista\/wp-content\/uploads\/2026\/04\/DIA-DEL-LIBRO-SOYMIGRANTE-MERCADO-1140x1140.png 1140w, https:\/\/soymigrante.com\/revista\/wp-content\/uploads\/2026\/04\/DIA-DEL-LIBRO-SOYMIGRANTE-MERCADO.png 1200w\" sizes=\"(max-width: 1024px) 100vw, 1024px\" \/>\n            <\/div>\n        <\/div><div class=\"eael-entry-wrapper\"><header class=\"eael-entry-header\"><h2 class=\"eael-entry-title\"><a class=\"eael-grid-post-link\" href=\"https:\/\/soymigrante.com\/revista\/libros-guatemaltecos-dia-internacional-del-libro-festeja-inspirate-mercado\/\" title=\"Celebra el D\u00eda del Libro con inspiraci\u00f3n 100% guatemalteca: adquiere, disfruta u obsequia en MERCADO\">Celebra el D\u00eda del Libro con inspiraci\u00f3n 100% guatemalteca: adquiere, disfruta u obsequia en MERCADO<\/a><\/h2><\/header><div class=\"eael-entry-content\">\n                        <div class=\"eael-grid-post-excerpt\"><a href=\"https:\/\/soymigrante.com\/revista\/libros-guatemaltecos-dia-internacional-del-libro-festeja-inspirate-mercado\/\" class=\"eael-post-elements-readmore-btn\">CONOCE SU HISTORIA <\/a><\/div>\n                    <\/div><\/div><\/div>\n        <\/div>\n    <\/article><article class=\"eael-grid-post  eael-post-grid-column eael-pg-post-53970 category-guate-nuestra tags-mercado-emprendedores\" data-id=\"53970\">\n        <div class=\"eael-grid-post-holder\">\n            <div class=\"eael-grid-post-holder-inner\"><div class=\"eael-entry-media\"><div class=\"eael-entry-overlay fade-in\"><i class=\"far fa-hand-pointer\" aria-hidden=\"true\"><\/i><a href=\"https:\/\/soymigrante.com\/revista\/victoria-joyeria-textil-que-deslumbra-e-inspira-a-superar-adversidades-ya-esta-en-soymigrante-mercado\/\"><\/a><\/div><div class=\"eael-entry-thumbnail \">\n                <img loading=\"lazy\" decoding=\"async\" width=\"1024\" height=\"1024\" src=\"https:\/\/soymigrante.com\/revista\/wp-content\/uploads\/2026\/03\/victoria-joyeria-textil-coban-mercado-1024x1024.png\" class=\"attachment-large size-large wp-image-53971\" alt=\"victoria joyeria textil coban mercado\" srcset=\"https:\/\/soymigrante.com\/revista\/wp-content\/uploads\/2026\/03\/victoria-joyeria-textil-coban-mercado-1024x1024.png 1024w, https:\/\/soymigrante.com\/revista\/wp-content\/uploads\/2026\/03\/victoria-joyeria-textil-coban-mercado-300x300.png 300w, https:\/\/soymigrante.com\/revista\/wp-content\/uploads\/2026\/03\/victoria-joyeria-textil-coban-mercado-150x150.png 150w, https:\/\/soymigrante.com\/revista\/wp-content\/uploads\/2026\/03\/victoria-joyeria-textil-coban-mercado-768x768.png 768w, https:\/\/soymigrante.com\/revista\/wp-content\/uploads\/2026\/03\/victoria-joyeria-textil-coban-mercado-75x75.png 75w, https:\/\/soymigrante.com\/revista\/wp-content\/uploads\/2026\/03\/victoria-joyeria-textil-coban-mercado-750x750.png 750w, https:\/\/soymigrante.com\/revista\/wp-content\/uploads\/2026\/03\/victoria-joyeria-textil-coban-mercado-1140x1140.png 1140w, https:\/\/soymigrante.com\/revista\/wp-content\/uploads\/2026\/03\/victoria-joyeria-textil-coban-mercado.png 1200w\" sizes=\"(max-width: 1024px) 100vw, 1024px\" \/>\n            <\/div>\n        <\/div><div class=\"eael-entry-wrapper\"><header class=\"eael-entry-header\"><h2 class=\"eael-entry-title\"><a class=\"eael-grid-post-link\" href=\"https:\/\/soymigrante.com\/revista\/victoria-joyeria-textil-que-deslumbra-e-inspira-a-superar-adversidades-ya-esta-en-soymigrante-mercado\/\" title=\"Victoria, joyer\u00eda textil que deslumbra e inspira a superar adversidades ya est\u00e1 en SoyMigrante MERCADO\">Victoria, joyer\u00eda textil que deslumbra e inspira a superar adversidades ya est\u00e1 en SoyMigrante MERCADO<\/a><\/h2><\/header><div class=\"eael-entry-content\">\n                        <div class=\"eael-grid-post-excerpt\"><a href=\"https:\/\/soymigrante.com\/revista\/victoria-joyeria-textil-que-deslumbra-e-inspira-a-superar-adversidades-ya-esta-en-soymigrante-mercado\/\" class=\"eael-post-elements-readmore-btn\">CONOCE SU HISTORIA <\/a><\/div>\n                    <\/div><\/div><\/div>\n        <\/div>\n    <\/article><article class=\"eael-grid-post  eael-post-grid-column eael-pg-post-15291 category-guate-nuestra tags-mercado-emprendedores\" data-id=\"15291\">\n        <div class=\"eael-grid-post-holder\">\n            <div class=\"eael-grid-post-holder-inner\"><div class=\"eael-entry-media\"><div class=\"eael-entry-overlay fade-in\"><i class=\"far fa-hand-pointer\" aria-hidden=\"true\"><\/i><a href=\"https:\/\/soymigrante.com\/revista\/mi-viaje-como-creador-de-quecalix-un-sueno-hecho-a-lapiz\/\"><\/a><\/div><div class=\"eael-entry-thumbnail \">\n                <img loading=\"lazy\" decoding=\"async\" width=\"1024\" height=\"768\" src=\"https:\/\/soymigrante.com\/revista\/wp-content\/uploads\/2024\/12\/Mi-viaje-como-creador-de-Quecalix-un-suen\u0303o-hecho-a-la\u0301piz3-1024x768.jpeg\" class=\"attachment-large size-large wp-image-15293\" alt=\"\" srcset=\"https:\/\/soymigrante.com\/revista\/wp-content\/uploads\/2024\/12\/Mi-viaje-como-creador-de-Quecalix-un-suen\u0303o-hecho-a-la\u0301piz3-1024x768.jpeg 1024w, https:\/\/soymigrante.com\/revista\/wp-content\/uploads\/2024\/12\/Mi-viaje-como-creador-de-Quecalix-un-suen\u0303o-hecho-a-la\u0301piz3-300x225.jpeg 300w, https:\/\/soymigrante.com\/revista\/wp-content\/uploads\/2024\/12\/Mi-viaje-como-creador-de-Quecalix-un-suen\u0303o-hecho-a-la\u0301piz3-768x576.jpeg 768w, https:\/\/soymigrante.com\/revista\/wp-content\/uploads\/2024\/12\/Mi-viaje-como-creador-de-Quecalix-un-suen\u0303o-hecho-a-la\u0301piz3-1536x1152.jpeg 1536w, https:\/\/soymigrante.com\/revista\/wp-content\/uploads\/2024\/12\/Mi-viaje-como-creador-de-Quecalix-un-suen\u0303o-hecho-a-la\u0301piz3-750x563.webp 750w, https:\/\/soymigrante.com\/revista\/wp-content\/uploads\/2024\/12\/Mi-viaje-como-creador-de-Quecalix-un-suen\u0303o-hecho-a-la\u0301piz3-1140x855.webp 1140w, https:\/\/soymigrante.com\/revista\/wp-content\/uploads\/2024\/12\/Mi-viaje-como-creador-de-Quecalix-un-suen\u0303o-hecho-a-la\u0301piz3.webp 1600w\" sizes=\"(max-width: 1024px) 100vw, 1024px\" \/>\n            <\/div>\n        <\/div><div class=\"eael-entry-wrapper\"><header class=\"eael-entry-header\"><h2 class=\"eael-entry-title\"><a class=\"eael-grid-post-link\" href=\"https:\/\/soymigrante.com\/revista\/mi-viaje-como-creador-de-quecalix-un-sueno-hecho-a-lapiz\/\" title=\"Mi viaje como creador de Qu\u00e9Calix: un sue\u00f1o hecho a l\u00e1piz\">Mi viaje como creador de Qu\u00e9Calix: un sue\u00f1o hecho a l\u00e1piz<\/a><\/h2><\/header><div class=\"eael-entry-content\">\n                        <div class=\"eael-grid-post-excerpt\"><a href=\"https:\/\/soymigrante.com\/revista\/mi-viaje-como-creador-de-quecalix-un-sueno-hecho-a-lapiz\/\" class=\"eael-post-elements-readmore-btn\">CONOCE SU HISTORIA <\/a><\/div>\n                    <\/div><\/div><\/div>\n        <\/div>\n    <\/article><article class=\"eael-grid-post  eael-post-grid-column eael-pg-post-42866 category-guate-nuestra tags-mercado-emprendedores\" data-id=\"42866\">\n        <div class=\"eael-grid-post-holder\">\n            <div class=\"eael-grid-post-holder-inner\"><div class=\"eael-entry-media\"><div class=\"eael-entry-overlay fade-in\"><i class=\"far fa-hand-pointer\" aria-hidden=\"true\"><\/i><a href=\"https:\/\/soymigrante.com\/revista\/un-elote-con-historia-en-el-emprendimiento-de-las-hermanas-gil\/\"><\/a><\/div><div class=\"eael-entry-thumbnail \">\n                <img loading=\"lazy\" decoding=\"async\" width=\"526\" height=\"526\" src=\"https:\/\/soymigrante.com\/revista\/wp-content\/uploads\/2025\/08\/altair.webp\" class=\"attachment-large size-large wp-image-42952\" alt=\"Botellas de productos cosm\u00e9ticos en un laboratorio de fabricaci\u00f3n, mujer trabajando con \u00e9tica en el sector cosm\u00e9tico, innovaci\u00f3n en la industria de belleza para emigrantes en Latinoam\u00e9rica.\" srcset=\"https:\/\/soymigrante.com\/revista\/wp-content\/uploads\/2025\/08\/altair.webp 526w, https:\/\/soymigrante.com\/revista\/wp-content\/uploads\/2025\/08\/altair-300x300.png 300w, https:\/\/soymigrante.com\/revista\/wp-content\/uploads\/2025\/08\/altair-150x150.png 150w, https:\/\/soymigrante.com\/revista\/wp-content\/uploads\/2025\/08\/altair-75x75.webp 75w\" sizes=\"(max-width: 526px) 100vw, 526px\" \/>\n            <\/div>\n        <\/div><div class=\"eael-entry-wrapper\"><header class=\"eael-entry-header\"><h2 class=\"eael-entry-title\"><a class=\"eael-grid-post-link\" href=\"https:\/\/soymigrante.com\/revista\/un-elote-con-historia-en-el-emprendimiento-de-las-hermanas-gil\/\" title=\"Altahir, emprendimiento de productos cosm\u00e9ticos de las hermanas Gil de Amatitl\u00e1n, est\u00e1 en SoyMigrante.com MERCADO\">Altahir, emprendimiento de productos cosm\u00e9ticos de las hermanas Gil de Amatitl\u00e1n, est\u00e1 en SoyMigrante.com MERCADO<\/a><\/h2><\/header><div class=\"eael-entry-content\">\n                        <div class=\"eael-grid-post-excerpt\"><a href=\"https:\/\/soymigrante.com\/revista\/un-elote-con-historia-en-el-emprendimiento-de-las-hermanas-gil\/\" class=\"eael-post-elements-readmore-btn\">CONOCE SU HISTORIA <\/a><\/div>\n                    <\/div><\/div><\/div>\n        <\/div>\n    <\/article><article class=\"eael-grid-post  eael-post-grid-column eael-pg-post-29859 category-guate-nuestra tags-mercado-emprendedores\" data-id=\"29859\">\n        <div class=\"eael-grid-post-holder\">\n            <div class=\"eael-grid-post-holder-inner\"><div class=\"eael-entry-media\"><div class=\"eael-entry-overlay fade-in\"><i class=\"far fa-hand-pointer\" aria-hidden=\"true\"><\/i><a href=\"https:\/\/soymigrante.com\/revista\/cosmica-es-un-prisma-de-colorida-tradicion-textil-maya-y-esta-en-mercado\/\"><\/a><\/div><div class=\"eael-entry-thumbnail \">\n                <img loading=\"lazy\" decoding=\"async\" width=\"300\" height=\"300\" src=\"https:\/\/soymigrante.com\/revista\/wp-content\/uploads\/2025\/04\/PRISMA-EMPRENDEDORES-MERCADO.webp\" class=\"attachment-large size-large wp-image-29860\" alt=\"Bolsos artesanales coloridos hechos a mano, ideales para complementar tu estilo con dise\u00f1os tradicionales y vibrantes.\" srcset=\"https:\/\/soymigrante.com\/revista\/wp-content\/uploads\/2025\/04\/PRISMA-EMPRENDEDORES-MERCADO.webp 300w, https:\/\/soymigrante.com\/revista\/wp-content\/uploads\/2025\/04\/PRISMA-EMPRENDEDORES-MERCADO-150x150.png 150w, https:\/\/soymigrante.com\/revista\/wp-content\/uploads\/2025\/04\/PRISMA-EMPRENDEDORES-MERCADO-75x75.webp 75w\" sizes=\"(max-width: 300px) 100vw, 300px\" \/>\n            <\/div>\n        <\/div><div class=\"eael-entry-wrapper\"><header class=\"eael-entry-header\"><h2 class=\"eael-entry-title\"><a class=\"eael-grid-post-link\" href=\"https:\/\/soymigrante.com\/revista\/cosmica-es-un-prisma-de-colorida-tradicion-textil-maya-y-esta-en-mercado\/\" title=\"C\u00f3smica es un prisma  de colorida tradici\u00f3n textil maya y est\u00e1 en MERCADO\">C\u00f3smica es un prisma  de colorida tradici\u00f3n textil maya y est\u00e1 en MERCADO<\/a><\/h2><\/header><div class=\"eael-entry-content\">\n                        <div class=\"eael-grid-post-excerpt\"><a href=\"https:\/\/soymigrante.com\/revista\/cosmica-es-un-prisma-de-colorida-tradicion-textil-maya-y-esta-en-mercado\/\" class=\"eael-post-elements-readmore-btn\">CONOCE SU HISTORIA <\/a><\/div>\n                    <\/div><\/div><\/div>\n        <\/div>\n    <\/article><article class=\"eael-grid-post  eael-post-grid-column eael-pg-post-23861 category-guate-nuestra tags-mercado-emprendedores\" data-id=\"23861\">\n        <div class=\"eael-grid-post-holder\">\n            <div class=\"eael-grid-post-holder-inner\"><div class=\"eael-entry-media\"><div class=\"eael-entry-overlay fade-in\"><i class=\"far fa-hand-pointer\" aria-hidden=\"true\"><\/i><a href=\"https:\/\/soymigrante.com\/revista\/brinlox-joyeria-un-sueno-familiar-convertido-en-arte-y-emprendimiento\/\"><\/a><\/div><div class=\"eael-entry-thumbnail \">\n                <img loading=\"lazy\" decoding=\"async\" width=\"478\" height=\"513\" src=\"https:\/\/soymigrante.com\/revista\/wp-content\/uploads\/2025\/02\/brinlox-3.webp\" class=\"attachment-large size-large wp-image-23915\" alt=\"Brazaletes y pendientes de oro con piedras preciosas y dise\u00f1o elegante, ideales para mujeres audaces y sofisticadas. Accesorios de alta calidad y estilo para ocasiones especiales.\" srcset=\"https:\/\/soymigrante.com\/revista\/wp-content\/uploads\/2025\/02\/brinlox-3.webp 478w, https:\/\/soymigrante.com\/revista\/wp-content\/uploads\/2025\/02\/brinlox-3-280x300.jpg 280w\" sizes=\"(max-width: 478px) 100vw, 478px\" \/>\n            <\/div>\n        <\/div><div class=\"eael-entry-wrapper\"><header class=\"eael-entry-header\"><h2 class=\"eael-entry-title\"><a class=\"eael-grid-post-link\" href=\"https:\/\/soymigrante.com\/revista\/brinlox-joyeria-un-sueno-familiar-convertido-en-arte-y-emprendimiento\/\" title=\"Brinlox Joyer\u00eda: Un sue\u00f1o familiar convertido en detalles de elegancia y distinci\u00f3n\">Brinlox Joyer\u00eda: Un sue\u00f1o familiar convertido en detalles de elegancia y distinci\u00f3n<\/a><\/h2><\/header><div class=\"eael-entry-content\">\n                        <div class=\"eael-grid-post-excerpt\"><a href=\"https:\/\/soymigrante.com\/revista\/brinlox-joyeria-un-sueno-familiar-convertido-en-arte-y-emprendimiento\/\" class=\"eael-post-elements-readmore-btn\">CONOCE SU HISTORIA <\/a><\/div>\n                    <\/div><\/div><\/div>\n        <\/div>\n    <\/article><article class=\"eael-grid-post  eael-post-grid-column eael-pg-post-10940 category-guate-nuestra tags-mercado-emprendedores\" data-id=\"10940\">\n        <div class=\"eael-grid-post-holder\">\n            <div class=\"eael-grid-post-holder-inner\"><div class=\"eael-entry-media\"><div class=\"eael-entry-overlay fade-in\"><i class=\"far fa-hand-pointer\" aria-hidden=\"true\"><\/i><a href=\"https:\/\/soymigrante.com\/revista\/black-and-white-piezas-artesanales-de-mostacilla-e-ingenio\/\"><\/a><\/div><div class=\"eael-entry-thumbnail \">\n                <img loading=\"lazy\" decoding=\"async\" width=\"736\" height=\"736\" src=\"https:\/\/soymigrante.com\/revista\/wp-content\/uploads\/2024\/10\/Mostacilla-feature.webp\" class=\"attachment-large size-large wp-image-10943\" alt=\"Amuletos tradicionales de Guatemala hechos a mano con mostacillas representando cultura y protecci\u00f3n.\" srcset=\"https:\/\/soymigrante.com\/revista\/wp-content\/uploads\/2024\/10\/Mostacilla-feature.webp 736w, https:\/\/soymigrante.com\/revista\/wp-content\/uploads\/2024\/10\/Mostacilla-feature-300x300.webp 300w, https:\/\/soymigrante.com\/revista\/wp-content\/uploads\/2024\/10\/Mostacilla-feature-150x150.webp 150w, https:\/\/soymigrante.com\/revista\/wp-content\/uploads\/2024\/10\/Mostacilla-feature-75x75.webp 75w\" sizes=\"(max-width: 736px) 100vw, 736px\" \/>\n            <\/div>\n        <\/div><div class=\"eael-entry-wrapper\"><header class=\"eael-entry-header\"><h2 class=\"eael-entry-title\"><a class=\"eael-grid-post-link\" href=\"https:\/\/soymigrante.com\/revista\/black-and-white-piezas-artesanales-de-mostacilla-e-ingenio\/\" title=\"KLB Studio: mujeres mayas de Solol\u00e1 elaboran accesorios originales con mostacilla y creatividad\">KLB Studio: mujeres mayas de Solol\u00e1 elaboran accesorios originales con mostacilla y creatividad<\/a><\/h2><\/header><div class=\"eael-entry-content\">\n                        <div class=\"eael-grid-post-excerpt\"><a href=\"https:\/\/soymigrante.com\/revista\/black-and-white-piezas-artesanales-de-mostacilla-e-ingenio\/\" class=\"eael-post-elements-readmore-btn\">CONOCE SU HISTORIA <\/a><\/div>\n                    <\/div><\/div><\/div>\n        <\/div>\n    <\/article><\/div>\n            <div class=\"clearfix\"><\/div>\n        <\/div>            <div class=\"eael-load-more-button-wrap eael-force-hide\">\n                <button class=\"eael-load-more-button\" id=\"eael-load-more-btn-b8fce37\" data-widget-id=\"b8fce37\" data-widget=\"b8fce37\" data-page-id=\"38359\" data-template=\"{&quot;dir&quot;:&quot;lite&quot;,&quot;file_name&quot;:&quot;one.php&quot;,&quot;name&quot;:&quot;Post-Grid&quot;}\" data-class=\"Essential_Addons_Elementor\\Elements\\Post_Grid\" data-layout=\"masonry\" data-page=\"1\" data-args=\"orderby=rand&amp;order=desc&amp;ignore_sticky_posts=1&amp;post_status=publish&amp;posts_per_page=9&amp;offset=0&amp;post_type=post&amp;tax_query%5B0%5D%5Btaxonomy%5D=post_tag&amp;tax_query%5B0%5D%5Bfield%5D=term_id&amp;tax_query%5B0%5D%5Bterms%5D%5B0%5D=130&amp;tax_query%5Brelation%5D=AND\" data-max-page=\"12\">\n                    <span class=\"eael-btn-loader button__loader\"><\/span>\n                    <span class=\"eael_load_more_text\">Load More<\/span>\n                <\/button>\n            <\/div>\n            \t\t\t\t<\/div>\n\t\t\t\t\t<\/div>\n\t\t\t\t<\/div>\n\t\t\t\t<\/div>\n\t\t","protected":false},"excerpt":{"rendered":"<p>SoyMigrante.com MERCADO es la comunidad que une a emprendedores y compradores de toda Guatemala que prefieren lo aut\u00e9ntico, lo \u00fanico, lo artesanal: y por eso en este mes de julio el env\u00edo de tu compra es gratis. SoyMigrante.com MERCADO es una plataforma digital dedicada a activar la econom\u00eda de las comunidades y de los emprendedores, [&hellip;]<\/p>\n","protected":false},"author":1,"featured_media":38377,"comment_status":"open","ping_status":"open","sticky":false,"template":"","format":"standard","meta":{"_acf_changed":false,"_eb_attr":"","footnotes":""},"categories":[58],"tags":[],"class_list":["post-38359","post","type-post","status-publish","format-standard","has-post-thumbnail","hentry","category-guate-nuestra"],"acf":[],"aioseo_notices":[],"aioseo_head":"\n\t\t<!-- All in One SEO Pro 4.9.6.2 - aioseo.com -->\n\t<meta name=\"description\" content=\"KLB Studio es una asociaci\u00f3n que agrupa a creativas mujeres mayas de Solol\u00e1 que elaboran collares y otros accesorios. Ahora est\u00e1n en SoyMigrante MERCADO\" \/>\n\t<meta name=\"robots\" content=\"max-snippet:-1, max-image-preview:large, max-video-preview:-1\" \/>\n\t<meta name=\"author\" content=\"Beatriz Tercero\"\/>\n\t<link rel=\"canonical\" href=\"https:\/\/soymigrante.com\/revista\/black-and-white-piezas-artesanales-de-mostacilla-e-ingenio\/\" \/>\n\t<meta name=\"generator\" content=\"All in One SEO Pro (AIOSEO) 4.9.6.2\" \/>\n\n\t\t<link rel=\"preconnect\" href=\"https:\/\/fonts.googleapis.com\" crossorigin>\n<link rel=\"preconnect\" href=\"https:\/\/fonts.gstatic.com\" crossorigin>\n\t\t<meta property=\"og:locale\" content=\"es_ES\" \/>\n\t\t<meta property=\"og:site_name\" content=\"SoyMigrante.com REVISTA \u2013 Nuestra misi\u00f3n es reconocer y dignificar al migrante.\" \/>\n\t\t<meta property=\"og:type\" content=\"article\" \/>\n\t\t<meta property=\"og:title\" content=\"KLB Studio crea detalles artesanales con mostacilla e ingenio\" \/>\n\t\t<meta property=\"og:description\" content=\"KLB Studio es una asociaci\u00f3n que agrupa a creativas mujeres mayas de Solol\u00e1 que elaboran collares y otros accesorios. Ahora est\u00e1n en SoyMigrante MERCADO\" \/>\n\t\t<meta property=\"og:url\" content=\"https:\/\/soymigrante.com\/revista\/black-and-white-piezas-artesanales-de-mostacilla-e-ingenio\/\" \/>\n\t\t<meta property=\"og:image\" content=\"https:\/\/soymigrante.com\/revista\/wp-content\/uploads\/2024\/10\/Mostacilla-feature.webp\" \/>\n\t\t<meta property=\"og:image:secure_url\" content=\"https:\/\/soymigrante.com\/revista\/wp-content\/uploads\/2024\/10\/Mostacilla-feature.webp\" \/>\n\t\t<meta property=\"og:image:width\" content=\"736\" \/>\n\t\t<meta property=\"og:image:height\" content=\"736\" \/>\n\t\t<meta property=\"article:published_time\" content=\"2024-11-05T17:56:51+00:00\" \/>\n\t\t<meta property=\"article:modified_time\" content=\"2024-12-01T05:02:12+00:00\" \/>\n\t\t<meta property=\"article:publisher\" content=\"https:\/\/www.facebook.com\/soymigrantecom\" \/>\n\t\t<meta name=\"twitter:card\" content=\"summary_large_image\" \/>\n\t\t<meta name=\"twitter:site\" content=\"@SoyMigrante_com\" \/>\n\t\t<meta name=\"twitter:title\" content=\"KLB Studio crea detalles artesanales con mostacilla e ingenio\" \/>\n\t\t<meta name=\"twitter:description\" content=\"KLB Studio es una asociaci\u00f3n que agrupa a creativas mujeres mayas de Solol\u00e1 que elaboran collares y otros accesorios. Ahora est\u00e1n en SoyMigrante MERCADO\" \/>\n\t\t<meta name=\"twitter:creator\" content=\"@SoyMigrante_com\" \/>\n\t\t<meta name=\"twitter:image\" content=\"https:\/\/soymigrante.com\/revista\/wp-content\/uploads\/2024\/10\/Mostacilla-feature.webp\" \/>\n\t\t<!-- All in One SEO Pro -->\r\n\t\t<title>KLB Studio crea detalles artesanales con mostacilla e ingenio<\/title>\n\n","aioseo_head_json":{"title":"KLB Studio crea detalles artesanales con mostacilla e ingenio","description":"KLB Studio es una asociaci\u00f3n que agrupa a creativas mujeres mayas de Solol\u00e1 que elaboran collares y otros accesorios. Ahora est\u00e1n en SoyMigrante MERCADO","canonical_url":"https:\/\/soymigrante.com\/revista\/black-and-white-piezas-artesanales-de-mostacilla-e-ingenio\/","robots":"max-snippet:-1, max-image-preview:large, max-video-preview:-1","keywords":"","webmasterTools":{"miscellaneous":"&lt;link rel=\"preconnect\" href=\"https:\/\/fonts.googleapis.com\" crossorigin&gt;\n&lt;link rel=\"preconnect\" href=\"https:\/\/fonts.gstatic.com\" crossorigin&gt;"},"schema":null,"og:locale":"es_ES","og:site_name":"SoyMigrante.com REVISTA \u2013 Nuestra misi\u00f3n es reconocer y dignificar al migrante.","og:type":"article","og:title":"KLB Studio crea detalles artesanales con mostacilla e ingenio","og:description":"KLB Studio es una asociaci\u00f3n que agrupa a creativas mujeres mayas de Solol\u00e1 que elaboran collares y otros accesorios. Ahora est\u00e1n en SoyMigrante MERCADO","og:url":"https:\/\/soymigrante.com\/revista\/black-and-white-piezas-artesanales-de-mostacilla-e-ingenio\/","og:image":"https:\/\/soymigrante.com\/revista\/wp-content\/uploads\/2024\/10\/Mostacilla-feature.webp","og:image:secure_url":"https:\/\/soymigrante.com\/revista\/wp-content\/uploads\/2024\/10\/Mostacilla-feature.webp","og:image:width":736,"og:image:height":736,"article:published_time":"2024-11-05T17:56:51+00:00","article:modified_time":"2024-12-01T05:02:12+00:00","article:publisher":"https:\/\/www.facebook.com\/soymigrantecom","twitter:card":"summary_large_image","twitter:site":"@SoyMigrante_com","twitter:title":"KLB Studio crea detalles artesanales con mostacilla e ingenio","twitter:description":"KLB Studio es una asociaci\u00f3n que agrupa a creativas mujeres mayas de Solol\u00e1 que elaboran collares y otros accesorios. Ahora est\u00e1n en SoyMigrante MERCADO","twitter:creator":"@SoyMigrante_com","twitter:image":"https:\/\/soymigrante.com\/revista\/wp-content\/uploads\/2024\/10\/Mostacilla-feature.webp"},"aioseo_meta_data":{"post_id":"38359","title":"Env\u00edo gratis durante todo julio en SoyMigrante.com MERCADO","description":"En apoyo a los emprendedores y a favor de los compradores de art\u00edculos elaborados por manos guatemaltecas, SoyMigrante.com MERCADO ofrece env\u00edo sin costo este mes","keywords":null,"keyphrases":{"focus":{"keyphrase":"Mercado","score":91,"analysis":{"keyphraseInTitle":{"score":9,"maxScore":9,"error":0},"keyphraseInDescription":{"score":9,"maxScore":9,"error":0},"keyphraseLength":{"score":9,"maxScore":9,"error":0,"length":1},"keyphraseInURL":{"score":5,"maxScore":5,"error":0},"keyphraseInIntroduction":{"score":9,"maxScore":9,"error":0},"keyphraseInSubHeadings":{"score":3,"maxScore":9,"error":1},"keyphraseInImageAlt":{"score":9,"maxScore":9,"error":0},"keywordDensity":{"type":"best","score":9,"maxScore":9,"error":0}}},"additional":[{"keyphrase":"Env\u00edo gratis","score":40,"analysis":{"keyphraseInDescription":{"score":3,"maxScore":9,"error":1},"keyphraseLength":{"score":9,"maxScore":9,"error":0,"length":3},"keyphraseInIntroduction":{"score":3,"maxScore":9,"error":1},"keyphraseInImageAlt":{"score":3,"maxScore":9,"error":1},"keywordDensity":{"score":0,"type":"low","maxScore":9,"error":1}}},{"keyphrase":"Emprendedores","score":67,"analysis":{"keyphraseInDescription":{"score":9,"maxScore":9,"error":0},"keyphraseLength":{"score":9,"maxScore":9,"error":0,"length":1},"keyphraseInIntroduction":{"score":9,"maxScore":9,"error":0},"keyphraseInImageAlt":{"score":3,"maxScore":9,"error":1},"keywordDensity":{"score":0,"type":"low","maxScore":9,"error":1}}}]},"primary_term":null,"canonical_url":null,"og_title":null,"og_description":null,"og_object_type":"default","og_image_type":"default","og_image_url":null,"og_image_width":null,"og_image_height":null,"og_image_custom_url":null,"og_image_custom_fields":null,"og_video":"","og_custom_url":null,"og_article_section":null,"og_article_tags":null,"twitter_use_og":false,"twitter_card":"default","twitter_image_type":"default","twitter_image_url":null,"twitter_image_custom_url":null,"twitter_image_custom_fields":null,"twitter_title":null,"twitter_description":null,"schema":{"blockGraphs":[],"customGraphs":[],"default":{"data":{"Article":[],"Course":[],"Dataset":[],"FAQPage":[],"Movie":[],"Person":[],"Product":[],"ProductReview":[],"Car":[],"Recipe":[],"Service":[],"SoftwareApplication":[],"WebPage":[]},"graphName":"none","isEnabled":true},"graphs":[]},"schema_type":"default","schema_type_options":null,"pillar_content":false,"robots_default":true,"robots_noindex":false,"robots_noarchive":false,"robots_nosnippet":false,"robots_nofollow":false,"robots_noimageindex":false,"robots_noodp":false,"robots_notranslate":false,"robots_max_snippet":"-1","robots_max_videopreview":"-1","robots_max_imagepreview":"large","priority":null,"frequency":"default","local_seo":null,"seo_analyzer_scan_date":"2025-10-09 06:26:42","breadcrumb_settings":null,"limit_modified_date":false,"reviewed_by":"0","open_ai":null,"ai":{"faqs":[],"keyPoints":[],"titles":[],"descriptions":[],"socialPosts":{"email":[],"linkedin":[],"twitter":[],"facebook":[],"instagram":[]}},"created":"2025-07-03 05:34:24","updated":"2026-02-05 01:34:43"},"aioseo_breadcrumb":"<div class=\"aioseo-breadcrumbs\"><span class=\"aioseo-breadcrumb\">\n\t<a href=\"https:\/\/soymigrante.com\/revista\" title=\"Home\">Home<\/a>\n<\/span><span class=\"aioseo-breadcrumb-separator\">\u00bb<\/span><span class=\"aioseo-breadcrumb\">\n\t<a href=\"https:\/\/soymigrante.com\/revista\/category\/guate-nuestra\/\" title=\"Guate Nuestra\">Guate Nuestra<\/a>\n<\/span><span class=\"aioseo-breadcrumb-separator\">\u00bb<\/span><span class=\"aioseo-breadcrumb\">\n\tEnv\u00edo gratis en tus compras de SoyMigrante.com MERCADO durante el mes de julio\n<\/span><\/div>","aioseo_breadcrumb_json":[{"label":"Home","link":"https:\/\/soymigrante.com\/revista"},{"label":"Guate Nuestra","link":"https:\/\/soymigrante.com\/revista\/category\/guate-nuestra\/"},{"label":"Env\u00edo gratis en tus compras de SoyMigrante.com MERCADO durante el mes de julio","link":"https:\/\/soymigrante.com\/revista\/envio-gratis-compras-soymigrante-mercado-julio-2025\/"}],"_links":{"self":[{"href":"https:\/\/soymigrante.com\/revista\/wp-json\/wp\/v2\/posts\/38359","targetHints":{"allow":["GET"]}}],"collection":[{"href":"https:\/\/soymigrante.com\/revista\/wp-json\/wp\/v2\/posts"}],"about":[{"href":"https:\/\/soymigrante.com\/revista\/wp-json\/wp\/v2\/types\/post"}],"author":[{"embeddable":true,"href":"https:\/\/soymigrante.com\/revista\/wp-json\/wp\/v2\/users\/1"}],"replies":[{"embeddable":true,"href":"https:\/\/soymigrante.com\/revista\/wp-json\/wp\/v2\/comments?post=38359"}],"version-history":[{"count":11,"href":"https:\/\/soymigrante.com\/revista\/wp-json\/wp\/v2\/posts\/38359\/revisions"}],"predecessor-version":[{"id":38383,"href":"https:\/\/soymigrante.com\/revista\/wp-json\/wp\/v2\/posts\/38359\/revisions\/38383"}],"wp:featuredmedia":[{"embeddable":true,"href":"https:\/\/soymigrante.com\/revista\/wp-json\/wp\/v2\/media\/38377"}],"wp:attachment":[{"href":"https:\/\/soymigrante.com\/revista\/wp-json\/wp\/v2\/media?parent=38359"}],"wp:term":[{"taxonomy":"category","embeddable":true,"href":"https:\/\/soymigrante.com\/revista\/wp-json\/wp\/v2\/categories?post=38359"},{"taxonomy":"post_tag","embeddable":true,"href":"https:\/\/soymigrante.com\/revista\/wp-json\/wp\/v2\/tags?post=38359"}],"curies":[{"name":"wp","href":"https:\/\/api.w.org\/{rel}","templated":true}]}}