{"id":38325,"date":"2025-07-03T04:00:00","date_gmt":"2025-07-03T10:00:00","guid":{"rendered":"https:\/\/soymigrante.com\/revista\/?p=38325"},"modified":"2025-07-02T22:46:58","modified_gmt":"2025-07-03T04:46:58","slug":"quemadura-solar-esto-hay-hacer-prevenir-o-aliviar","status":"publish","type":"post","link":"https:\/\/soymigrante.com\/revista\/quemadura-solar-esto-hay-hacer-prevenir-o-aliviar\/","title":{"rendered":"\u00bfQuemadura solar? Esto hay hacer prevenir o aliviar"},"content":{"rendered":"\t\t<div data-elementor-type=\"wp-post\" data-elementor-id=\"38325\" class=\"elementor elementor-38325\" data-elementor-post-type=\"post\">\n\t\t\t\t<div data-particle_enable=\"false\" data-particle-mobile-disabled=\"false\" class=\"elementor-element elementor-element-c9e9021 e-flex e-con-boxed e-con e-parent\" data-id=\"c9e9021\" data-element_type=\"container\" data-e-type=\"container\">\n\t\t\t\t\t<div class=\"e-con-inner\">\n\t\t\t\t<div class=\"elementor-element elementor-element-fc75eba elementor-widget elementor-widget-heading\" data-id=\"fc75eba\" data-element_type=\"widget\" data-e-type=\"widget\" data-widget_type=\"heading.default\">\n\t\t\t\t\t<h2 class=\"elementor-heading-title elementor-size-default\">Una quemadura solar puede ser peligrosa, pero esto es lo que debes hacer para cuidar tu piel. \n<\/h2>\t\t\t\t<\/div>\n\t\t\t\t\t<\/div>\n\t\t\t\t<\/div>\n\t\t<div data-particle_enable=\"false\" data-particle-mobile-disabled=\"false\" class=\"elementor-element elementor-element-c26430c e-flex e-con-boxed e-con e-parent\" data-id=\"c26430c\" data-element_type=\"container\" data-e-type=\"container\">\n\t\t\t\t\t<div class=\"e-con-inner\">\n\t\t\t\t<div class=\"elementor-element elementor-element-0872361 elementor-widget elementor-widget-text-editor\" data-id=\"0872361\" data-element_type=\"widget\" data-e-type=\"widget\" data-widget_type=\"text-editor.default\">\n\t\t\t\t\t\t\t\t\t<p>El verano es sin\u00f3nimo de sol, playa, paseos al aire libre y actividades bajo el cielo despejado. Sin embargo, tambi\u00e9n es una de las \u00e9pocas del a\u00f1o en la que m\u00e1s personas sufren quemaduras solares, muchas veces por descuido o falta de protecci\u00f3n. Lo que puede parecer solo enrojecimiento o ardor pasajero, en realidad puede tener consecuencias graves a largo plazo, incluida la posibilidad de desarrollar c\u00e1ncer de piel.<\/p>\t\t\t\t\t\t\t\t<\/div>\n\t\t\t\t\t<\/div>\n\t\t\t\t<\/div>\n\t\t<div data-particle_enable=\"false\" data-particle-mobile-disabled=\"false\" class=\"elementor-element elementor-element-ba5f520 e-flex e-con-boxed e-con e-parent\" data-id=\"ba5f520\" data-element_type=\"container\" data-e-type=\"container\">\n\t\t\t\t\t<div class=\"e-con-inner\">\n\t\t\t\t<div class=\"elementor-element elementor-element-f4e69a5 elementor-widget elementor-widget-heading\" data-id=\"f4e69a5\" data-element_type=\"widget\" data-e-type=\"widget\" data-widget_type=\"heading.default\">\n\t\t\t\t\t<h3 class=\"elementor-heading-title elementor-size-default\">\u00bfQu\u00e9 es una quemadura solar?<\/h3>\t\t\t\t<\/div>\n\t\t\t\t\t<\/div>\n\t\t\t\t<\/div>\n\t\t<div data-particle_enable=\"false\" data-particle-mobile-disabled=\"false\" class=\"elementor-element elementor-element-e5f1983 e-flex e-con-boxed e-con e-parent\" data-id=\"e5f1983\" data-element_type=\"container\" data-e-type=\"container\">\n\t\t\t\t\t<div class=\"e-con-inner\">\n\t\t\t\t<div class=\"elementor-element elementor-element-5a09780 elementor-widget elementor-widget-text-editor\" data-id=\"5a09780\" data-element_type=\"widget\" data-e-type=\"widget\" data-widget_type=\"text-editor.default\">\n\t\t\t\t\t\t\t\t\t<p>Las quemaduras solares ocurren cuando la piel se expone en exceso a los rayos ultravioleta (UV) del sol, especialmente en horarios de mayor intensidad (entre las 10:00 a. m. y las 4:00 p. m.). Esto puede provocar desde enrojecimiento, sensibilidad, ardor, hasta formaci\u00f3n de ampollas en casos severos.<\/p>\t\t\t\t\t\t\t\t<\/div>\n\t\t\t\t\t<\/div>\n\t\t\t\t<\/div>\n\t\t<div data-particle_enable=\"false\" data-particle-mobile-disabled=\"false\" class=\"elementor-element elementor-element-6fe2c8d e-flex e-con-boxed e-con e-parent\" data-id=\"6fe2c8d\" data-element_type=\"container\" data-e-type=\"container\">\n\t\t\t\t\t<div class=\"e-con-inner\">\n\t\t\t\t<div class=\"elementor-element elementor-element-ca5b076 elementor-widget elementor-widget-heading\" data-id=\"ca5b076\" data-element_type=\"widget\" data-e-type=\"widget\" data-widget_type=\"heading.default\">\n\t\t\t\t\t<h3 class=\"elementor-heading-title elementor-size-default\">\u00bfQu\u00e9 hacer si sufres una quemadura solar?<\/h3>\t\t\t\t<\/div>\n\t\t\t\t\t<\/div>\n\t\t\t\t<\/div>\n\t\t<div data-particle_enable=\"false\" data-particle-mobile-disabled=\"false\" class=\"elementor-element elementor-element-3cda6fa e-flex e-con-boxed e-con e-parent\" data-id=\"3cda6fa\" data-element_type=\"container\" data-e-type=\"container\">\n\t\t\t\t\t<div class=\"e-con-inner\">\n\t\t\t\t<div class=\"elementor-element elementor-element-73f088a elementor-widget elementor-widget-text-editor\" data-id=\"73f088a\" data-element_type=\"widget\" data-e-type=\"widget\" data-widget_type=\"text-editor.default\">\n\t\t\t\t\t\t\t\t\t<div><a href=\"https:\/\/www.cdc.gov\/spanish\/index.html\" target=\"_blank\" rel=\"noopener\">La Asociaci\u00f3n Americana de Dermatolog\u00eda (AAD)<\/a> recomienda seguir estos pasos ante una quemadura:<\/div><div>1.Sal del sol de inmediato. Busca sombra o entra en un lugar fresco.<\/div><div>2.Aplica compresas fr\u00edas o toma un ba\u00f1o de agua fresca (sin hielo).<\/div><div>3.Hidrata la piel con lociones calmantes, preferiblemente con aloe vera.<\/div><div>4.Toma agua. Las quemaduras solares deshidratan, por lo que es importante reponer l\u00edquidos.<\/div><div>5.Usa medicamentos antiinflamatorios como ibuprofeno para aliviar el dolor y la inflamaci\u00f3n.<\/div><div>6.No revientes las ampollas. Estas protegen la piel mientras se recupera. Si se revientan solas, l\u00edmpialas suavemente.<\/div><div>7.Evita el sol los siguientes d\u00edas. La piel est\u00e1 m\u00e1s sensible y vulnerable.<\/div><div>\u00a0<\/div><div>En casos graves (ampollas extensas, fiebre, escalofr\u00edos o n\u00e1useas), acude a un m\u00e9dico de inmediato.<\/div>\t\t\t\t\t\t\t\t<\/div>\n\t\t\t\t\t<\/div>\n\t\t\t\t<\/div>\n\t\t<div data-particle_enable=\"false\" data-particle-mobile-disabled=\"false\" class=\"elementor-element elementor-element-5ea6f53 e-flex e-con-boxed e-con e-parent\" data-id=\"5ea6f53\" data-element_type=\"container\" data-e-type=\"container\">\n\t\t\t\t\t<div class=\"e-con-inner\">\n\t\t\t\t<div class=\"elementor-element elementor-element-7d19b89 elementor-widget elementor-widget-image\" data-id=\"7d19b89\" data-element_type=\"widget\" data-e-type=\"widget\" data-widget_type=\"image.default\">\n\t\t\t\t\t\t\t\t\t\t\t\t<figure class=\"wp-caption\">\n\t\t\t\t\t\t\t\t\t\t<img fetchpriority=\"high\" decoding=\"async\" width=\"1024\" height=\"683\" src=\"https:\/\/soymigrante.com\/revista\/wp-content\/uploads\/2025\/07\/quemadura-en-la-piek-3-1024x683.jpeg\" class=\"attachment-large size-large wp-image-38338\" alt=\"L\u00e1bios femininos suculentos com brilho natural, destacando beleza e autoestima, promovendo temas de sa\u00fade, est\u00e9tica e cuidado com a pele.\" srcset=\"https:\/\/soymigrante.com\/revista\/wp-content\/uploads\/2025\/07\/quemadura-en-la-piek-3-1024x683.jpeg 1024w, https:\/\/soymigrante.com\/revista\/wp-content\/uploads\/2025\/07\/quemadura-en-la-piek-3-300x200.jpeg 300w, https:\/\/soymigrante.com\/revista\/wp-content\/uploads\/2025\/07\/quemadura-en-la-piek-3-768x512.jpeg 768w, https:\/\/soymigrante.com\/revista\/wp-content\/uploads\/2025\/07\/quemadura-en-la-piek-3-1536x1024.jpeg 1536w, https:\/\/soymigrante.com\/revista\/wp-content\/uploads\/2025\/07\/quemadura-en-la-piek-3-750x500.webp 750w, https:\/\/soymigrante.com\/revista\/wp-content\/uploads\/2025\/07\/quemadura-en-la-piek-3-1140x760.webp 1140w, https:\/\/soymigrante.com\/revista\/wp-content\/uploads\/2025\/07\/quemadura-en-la-piek-3.webp 1600w\" sizes=\"(max-width: 1024px) 100vw, 1024px\" title=\"La quemadura en la piel puede ser tan severa que necesitar injertos. (Foto: ENVATO) \u2013 SoyMigrante.com REVISTA\" \/>\t\t\t\t\t\t\t\t\t\t\t<figcaption class=\"widget-image-caption wp-caption-text\">Retrato de uma mulher sem roupas, focado no colo, com pele radiante e contorno facial sutil, abordando beleza, cuidados com a pele e bem-estar.<\/figcaption>\n\t\t\t\t\t\t\t\t\t\t<\/figure>\n\t\t\t\t\t\t\t\t\t<\/div>\n\t\t\t\t\t<\/div>\n\t\t\t\t<\/div>\n\t\t<div data-particle_enable=\"false\" data-particle-mobile-disabled=\"false\" class=\"elementor-element elementor-element-f9c7e9f e-flex e-con-boxed e-con e-parent\" data-id=\"f9c7e9f\" data-element_type=\"container\" data-e-type=\"container\">\n\t\t\t\t\t<div class=\"e-con-inner\">\n\t\t\t\t<div class=\"elementor-element elementor-element-bcfe35e elementor-widget elementor-widget-heading\" data-id=\"bcfe35e\" data-element_type=\"widget\" data-e-type=\"widget\" data-widget_type=\"heading.default\">\n\t\t\t\t\t<h3 class=\"elementor-heading-title elementor-size-default\">El riesgo oculto: c\u00e1ncer de piel en EE. UU.<\/h3>\t\t\t\t<\/div>\n\t\t\t\t\t<\/div>\n\t\t\t\t<\/div>\n\t\t<div data-particle_enable=\"false\" data-particle-mobile-disabled=\"false\" class=\"elementor-element elementor-element-ba3878e e-flex e-con-boxed e-con e-parent\" data-id=\"ba3878e\" data-element_type=\"container\" data-e-type=\"container\">\n\t\t\t\t\t<div class=\"e-con-inner\">\n\t\t\t\t<div class=\"elementor-element elementor-element-419f02f elementor-widget elementor-widget-text-editor\" data-id=\"419f02f\" data-element_type=\"widget\" data-e-type=\"widget\" data-widget_type=\"text-editor.default\">\n\t\t\t\t\t\t\t\t\t<p>Seg\u00fan los <a href=\"https:\/\/www.cdc.gov\/spanish\/index.html\" target=\"_blank\" rel=\"noopener\">Centros para el Control y la Prevenci\u00f3n de Enfermedades (CDC),<\/a> en Estados Unidos se diagnostican m\u00e1s de 5 millones de casos de c\u00e1ncer de piel cada a\u00f1o, siendo el melanoma el tipo m\u00e1s peligroso. Las quemaduras solares frecuentes o intensas, especialmente durante la infancia y juventud, aumentan significativamente el riesgo de desarrollar esta enfermedad.<\/p>\t\t\t\t\t\t\t\t<\/div>\n\t\t\t\t\t<\/div>\n\t\t\t\t<\/div>\n\t\t<div data-particle_enable=\"false\" data-particle-mobile-disabled=\"false\" class=\"elementor-element elementor-element-7ed664b e-flex e-con-boxed e-con e-parent\" data-id=\"7ed664b\" data-element_type=\"container\" data-e-type=\"container\">\n\t\t\t\t\t<div class=\"e-con-inner\">\n\t\t\t\t<div class=\"elementor-element elementor-element-9e696fb elementor-widget elementor-widget-text-editor\" data-id=\"9e696fb\" data-element_type=\"widget\" data-e-type=\"widget\" data-widget_type=\"text-editor.default\">\n\t\t\t\t\t\t\t\t\t<div><strong>Las estad\u00edsticas muestran que:<\/strong><\/div><div>\u20221 de cada 5 personas en EE. UU. desarrollar\u00e1 c\u00e1ncer de piel a lo largo de su vida.<\/div><div>\u2022M\u00e1s del 90% de los melanomas est\u00e1n relacionados con la exposici\u00f3n a rayos UV.<\/div><div>\u2022Las personas de piel clara, ojos claros y cabello rubio o pelirrojo est\u00e1n en mayor riesgo, pero todas las personas, sin importar su tono de piel, pueden verse afectadas.<\/div>\t\t\t\t\t\t\t\t<\/div>\n\t\t\t\t\t<\/div>\n\t\t\t\t<\/div>\n\t\t<div data-particle_enable=\"false\" data-particle-mobile-disabled=\"false\" class=\"elementor-element elementor-element-aa895ed e-flex e-con-boxed e-con e-parent\" data-id=\"aa895ed\" data-element_type=\"container\" data-e-type=\"container\">\n\t\t\t\t\t<div class=\"e-con-inner\">\n\t\t\t\t<div class=\"elementor-element elementor-element-b7dce16 elementor-widget elementor-widget-text-editor\" data-id=\"b7dce16\" data-element_type=\"widget\" data-e-type=\"widget\" data-widget_type=\"text-editor.default\">\n\t\t\t\t\t\t\t\t\t<div><strong>\u00bfC\u00f3mo prevenir quemaduras solares?<\/strong><\/div><div>\u2022Usa protector solar de amplio espectro (UVA y UVB) con SPF 30 o m\u00e1s, reaplic\u00e1ndolo cada dos horas.<\/div><div>\u2022V\u00edstete con ropa de manga larga, sombrero y gafas de sol.<\/div><div>\u2022Busca sombra cuando est\u00e9s al aire libre, especialmente al mediod\u00eda.<\/div><div>\u2022Evita camas de bronceado artificial.<\/div><div>\u2022Revisa tu piel regularmente y consulta con un dermat\u00f3logo si notas lunares que cambian de forma, color o tama\u00f1o.<\/div>\t\t\t\t\t\t\t\t<\/div>\n\t\t\t\t\t<\/div>\n\t\t\t\t<\/div>\n\t\t<div data-particle_enable=\"false\" data-particle-mobile-disabled=\"false\" class=\"elementor-element elementor-element-6813471 e-flex e-con-boxed e-con e-parent\" data-id=\"6813471\" data-element_type=\"container\" data-e-type=\"container\">\n\t\t\t\t\t<div class=\"e-con-inner\">\n\t\t\t\t<div class=\"elementor-element elementor-element-67a147c elementor-widget elementor-widget-image\" data-id=\"67a147c\" data-element_type=\"widget\" data-e-type=\"widget\" data-widget_type=\"image.default\">\n\t\t\t\t\t\t\t\t\t\t\t\t<figure class=\"wp-caption\">\n\t\t\t\t\t\t\t\t\t\t<img decoding=\"async\" width=\"1024\" height=\"682\" src=\"https:\/\/soymigrante.com\/revista\/wp-content\/uploads\/2025\/07\/quemadura-en-la-piel-4-1024x682.jpeg\" class=\"attachment-large size-large wp-image-38339\" alt=\"Rozadura en la piel, reacci\u00f3n cut\u00e1nea por alergia o irritaci\u00f3n, visible en el pecho de una mujer en una camiseta blanca, asociada a problemas dermatol\u00f3gicos comunes y consejos para su tratamiento y prevenci\u00f3n.\" srcset=\"https:\/\/soymigrante.com\/revista\/wp-content\/uploads\/2025\/07\/quemadura-en-la-piel-4-1024x682.jpeg 1024w, https:\/\/soymigrante.com\/revista\/wp-content\/uploads\/2025\/07\/quemadura-en-la-piel-4-300x200.jpeg 300w, https:\/\/soymigrante.com\/revista\/wp-content\/uploads\/2025\/07\/quemadura-en-la-piel-4-768x512.jpeg 768w, https:\/\/soymigrante.com\/revista\/wp-content\/uploads\/2025\/07\/quemadura-en-la-piel-4-1536x1023.jpeg 1536w, https:\/\/soymigrante.com\/revista\/wp-content\/uploads\/2025\/07\/quemadura-en-la-piel-4-750x500.webp 750w, https:\/\/soymigrante.com\/revista\/wp-content\/uploads\/2025\/07\/quemadura-en-la-piel-4-1140x760.webp 1140w, https:\/\/soymigrante.com\/revista\/wp-content\/uploads\/2025\/07\/quemadura-en-la-piel-4.webp 1600w\" sizes=\"(max-width: 1024px) 100vw, 1024px\" title=\"Las personas que trabajar al aire libre deben ser m\u00e1s cuidadosas con el cuidado de la piel. (Foto: Envato) \u2013 SoyMigrante.com REVISTA\" \/>\t\t\t\t\t\t\t\t\t\t\t<figcaption class=\"widget-image-caption wp-caption-text\">Lesi\u00f3n cut\u00e1nea con enrojecimiento y irritaci\u00f3n en el pecho de una mujer, relacionada con alergias o irritaciones de la piel, en el contexto de salud dermatol\u00f3gica y cuidado de la piel.<\/figcaption>\n\t\t\t\t\t\t\t\t\t\t<\/figure>\n\t\t\t\t\t\t\t\t\t<\/div>\n\t\t\t\t\t<\/div>\n\t\t\t\t<\/div>\n\t\t<div data-particle_enable=\"false\" data-particle-mobile-disabled=\"false\" class=\"elementor-element elementor-element-250fbe0 e-flex e-con-boxed e-con e-parent\" data-id=\"250fbe0\" data-element_type=\"container\" data-e-type=\"container\">\n\t\t\t\t\t<div class=\"e-con-inner\">\n\t\t\t\t<div class=\"elementor-element elementor-element-e5702fb elementor-widget elementor-widget-heading\" data-id=\"e5702fb\" data-element_type=\"widget\" data-e-type=\"widget\" data-widget_type=\"heading.default\">\n\t\t\t\t\t<h3 class=\"elementor-heading-title elementor-size-default\">Conciencia para migrantes y trabajadores al aire libre<\/h3>\t\t\t\t<\/div>\n\t\t\t\t\t<\/div>\n\t\t\t\t<\/div>\n\t\t<div data-particle_enable=\"false\" data-particle-mobile-disabled=\"false\" class=\"elementor-element elementor-element-d3e1812 e-flex e-con-boxed e-con e-parent\" data-id=\"d3e1812\" data-element_type=\"container\" data-e-type=\"container\">\n\t\t\t\t\t<div class=\"e-con-inner\">\n\t\t\t\t<div class=\"elementor-element elementor-element-3fb0667 elementor-widget elementor-widget-text-editor\" data-id=\"3fb0667\" data-element_type=\"widget\" data-e-type=\"widget\" data-widget_type=\"text-editor.default\">\n\t\t\t\t\t\t\t\t\t<p>En Estados Unidos, muchos migrantes guatemaltecos y latinoamericanos trabajan en construcci\u00f3n, agricultura y jardiner\u00eda, lo que los expone a largas horas bajo el sol. La falta de protecci\u00f3n solar, acceso limitado a atenci\u00f3n m\u00e9dica o desconocimiento sobre los riesgos, aumenta su vulnerabilidad.<\/p><p>Organizaciones comunitarias han comenzado campa\u00f1as de concientizaci\u00f3n en espa\u00f1ol, repartiendo sombreros, bloqueador solar y folletos con informaci\u00f3n vital para proteger la piel.<\/p>\t\t\t\t\t\t\t\t<\/div>\n\t\t\t\t\t<\/div>\n\t\t\t\t<\/div>\n\t\t<div data-particle_enable=\"false\" data-particle-mobile-disabled=\"false\" class=\"elementor-element elementor-element-7c4500c e-flex e-con-boxed e-con e-parent\" data-id=\"7c4500c\" data-element_type=\"container\" data-e-type=\"container\">\n\t\t\t\t\t<div class=\"e-con-inner\">\n\t\t\t\t<div class=\"elementor-element elementor-element-741c5d3 elementor-widget elementor-widget-text-editor\" data-id=\"741c5d3\" data-element_type=\"widget\" data-e-type=\"widget\" data-widget_type=\"text-editor.default\">\n\t\t\t\t\t\t\t\t\t<p>Las quemaduras solares no son solo una molestia pasajera: pueden ser una alerta temprana de da\u00f1os m\u00e1s profundos. <a href=\"https:\/\/www.cdc.gov\/spanish\/index.html\" target=\"_blank\" rel=\"noopener\">Protegerse del sol es cuidar la salud a largo plazo.<\/a> Y si ya sufriste una quemadura, es importante atenderla bien, estar alerta a los signos de gravedad y convertir la experiencia en una oportunidad para crear mejores h\u00e1bitos de cuidado personal.<\/p>\t\t\t\t\t\t\t\t<\/div>\n\t\t\t\t\t<\/div>\n\t\t\t\t<\/div>\n\t\t<div data-particle_enable=\"false\" data-particle-mobile-disabled=\"false\" class=\"elementor-element elementor-element-02a71cf e-flex e-con-boxed e-con e-parent\" data-id=\"02a71cf\" data-element_type=\"container\" data-e-type=\"container\">\n\t\t\t\t\t<div class=\"e-con-inner\">\n\t\t\t\t<div class=\"elementor-element elementor-element-b78fbbf elementor-widget elementor-widget-heading\" data-id=\"b78fbbf\" data-element_type=\"widget\" data-e-type=\"widget\" data-widget_type=\"heading.default\">\n\t\t\t\t\t<h2 class=\"elementor-heading-title elementor-size-default\">Conoce estos temas que te pueden interesar...<\/h2>\t\t\t\t<\/div>\n\t\t\t\t\t<\/div>\n\t\t\t\t<\/div>\n\t\t<div data-particle_enable=\"false\" data-particle-mobile-disabled=\"false\" class=\"elementor-element elementor-element-04433a0 e-flex e-con-boxed e-con e-parent\" data-id=\"04433a0\" data-element_type=\"container\" data-e-type=\"container\">\n\t\t\t\t\t<div class=\"e-con-inner\">\n\t\t\t\t<div class=\"elementor-element elementor-element-b6e8630 elementor-grid-eael-col-3 elementor-grid-tablet-eael-col-2 elementor-grid-mobile-eael-col-1 elementor-invisible elementor-widget elementor-widget-eael-post-grid\" data-id=\"b6e8630\" data-element_type=\"widget\" data-e-type=\"widget\" data-settings=\"{&quot;eael_post_grid_columns&quot;:&quot;eael-col-3&quot;,&quot;_animation&quot;:&quot;rollIn&quot;,&quot;eael_post_grid_columns_tablet&quot;:&quot;eael-col-2&quot;,&quot;eael_post_grid_columns_mobile&quot;:&quot;eael-col-1&quot;}\" data-widget_type=\"eael-post-grid.default\">\n\t\t\t\t\t<div id=\"eael-post-grid-b6e8630\" class=\"eael-post-grid-container\">\n            <div class=\"eael-post-grid eael-post-appender eael-post-appender-b6e8630 eael-post-grid-style-one\" data-layout-mode=\"masonry\"><article class=\"eael-grid-post  eael-post-grid-column eael-pg-post-29553 category-bienestar\" data-id=\"29553\">\n        <div class=\"eael-grid-post-holder\">\n            <div class=\"eael-grid-post-holder-inner\"><div class=\"eael-entry-media\"><div class=\"eael-entry-overlay fade-in\"><i class=\"far fa-hand-pointer\" aria-hidden=\"true\"><\/i><a href=\"https:\/\/soymigrante.com\/revista\/imagen-personal-que-colores-usar-segun-el-subtono-de-piel\/\"><\/a><\/div><div class=\"eael-entry-thumbnail \">\n                <img decoding=\"async\" width=\"1024\" height=\"683\" src=\"https:\/\/soymigrante.com\/revista\/wp-content\/uploads\/2025\/03\/Imagen-personal-Que\u0301-colores-usar-segu\u0301n-el-subtono-de-piel4-1024x683.png\" class=\"attachment-large size-large wp-image-29554\" alt=\"Imagen personal: \u00bfQu\u00e9 colores usar seg\u00fan el subtono de piel?\" \/>\n            <\/div>\n        <\/div><div class=\"eael-entry-wrapper\"><header class=\"eael-entry-header\"><h2 class=\"eael-entry-title\"><a class=\"eael-grid-post-link\" href=\"https:\/\/soymigrante.com\/revista\/imagen-personal-que-colores-usar-segun-el-subtono-de-piel\/\" title=\"Imagen personal: \u00bfQu\u00e9 colores usar seg\u00fan el subtono de piel?\">Imagen personal: \u00bfQu\u00e9 colores usar seg\u00fan el subtono de piel?<\/a><\/h2><\/header><div class=\"eael-entry-content\">\n                        <div class=\"eael-grid-post-excerpt\"><a href=\"https:\/\/soymigrante.com\/revista\/imagen-personal-que-colores-usar-segun-el-subtono-de-piel\/\" class=\"eael-post-elements-readmore-btn\">CONOCE SU HISTORIA <\/a><\/div>\n                    <\/div><\/div><\/div>\n        <\/div>\n    <\/article><article class=\"eael-grid-post  eael-post-grid-column eael-pg-post-28134 category-bienestar\" data-id=\"28134\">\n        <div class=\"eael-grid-post-holder\">\n            <div class=\"eael-grid-post-holder-inner\"><div class=\"eael-entry-media\"><div class=\"eael-entry-overlay fade-in\"><i class=\"far fa-hand-pointer\" aria-hidden=\"true\"><\/i><a href=\"https:\/\/soymigrante.com\/revista\/como-cuidar-tu-piel-hidratacion-y-proteccion-contra-el-calor\/\"><\/a><\/div><div class=\"eael-entry-thumbnail \">\n                <img loading=\"lazy\" decoding=\"async\" width=\"1024\" height=\"682\" src=\"https:\/\/soymigrante.com\/revista\/wp-content\/uploads\/2025\/03\/Co\u0301mo-cuidar-tu-piel1-1024x682.jpg\" class=\"attachment-large size-large wp-image-28135\" alt=\"C\u00f3mo cuidar tu piel: Hidrataci\u00f3n y protecci\u00f3n contra el calor\" \/>\n            <\/div>\n        <\/div><div class=\"eael-entry-wrapper\"><header class=\"eael-entry-header\"><h2 class=\"eael-entry-title\"><a class=\"eael-grid-post-link\" href=\"https:\/\/soymigrante.com\/revista\/como-cuidar-tu-piel-hidratacion-y-proteccion-contra-el-calor\/\" title=\"C\u00f3mo cuidar tu piel: Hidrataci\u00f3n y protecci\u00f3n contra el calor\">C\u00f3mo cuidar tu piel: Hidrataci\u00f3n y protecci\u00f3n contra el calor<\/a><\/h2><\/header><div class=\"eael-entry-content\">\n                        <div class=\"eael-grid-post-excerpt\"><a href=\"https:\/\/soymigrante.com\/revista\/como-cuidar-tu-piel-hidratacion-y-proteccion-contra-el-calor\/\" class=\"eael-post-elements-readmore-btn\">CONOCE SU HISTORIA <\/a><\/div>\n                    <\/div><\/div><\/div>\n        <\/div>\n    <\/article><article class=\"eael-grid-post  eael-post-grid-column eael-pg-post-25625 category-bienestar\" data-id=\"25625\">\n        <div class=\"eael-grid-post-holder\">\n            <div class=\"eael-grid-post-holder-inner\"><div class=\"eael-entry-media\"><div class=\"eael-entry-overlay fade-in\"><i class=\"far fa-hand-pointer\" aria-hidden=\"true\"><\/i><a href=\"https:\/\/soymigrante.com\/revista\/productos-naturales-para-cuidar-la-piel-que-tambien-puedes-encontrar-en-usa\/\"><\/a><\/div><div class=\"eael-entry-thumbnail \">\n                <img loading=\"lazy\" decoding=\"async\" width=\"400\" height=\"400\" src=\"https:\/\/soymigrante.com\/revista\/wp-content\/uploads\/2025\/02\/Productos-naturales-para-el-cuerpo-que-puedes-encontrar-en-USA-9-e1739560931841.webp\" class=\"attachment-large size-large wp-image-25626\" alt=\"Miel de abeja natural con rodajas de aloe vera en un bol transparente, saludable, sabor dulce, remedio natural, bienestar, alimentaci\u00f3n saludable, ingredientes naturales, cuidado personal, salud y bienestar.\" srcset=\"https:\/\/soymigrante.com\/revista\/wp-content\/uploads\/2025\/02\/Productos-naturales-para-el-cuerpo-que-puedes-encontrar-en-USA-9-e1739560931841.webp 400w, https:\/\/soymigrante.com\/revista\/wp-content\/uploads\/2025\/02\/Productos-naturales-para-el-cuerpo-que-puedes-encontrar-en-USA-9-e1739560931841-300x300.webp 300w, https:\/\/soymigrante.com\/revista\/wp-content\/uploads\/2025\/02\/Productos-naturales-para-el-cuerpo-que-puedes-encontrar-en-USA-9-e1739560931841-150x150.webp 150w, https:\/\/soymigrante.com\/revista\/wp-content\/uploads\/2025\/02\/Productos-naturales-para-el-cuerpo-que-puedes-encontrar-en-USA-9-e1739560931841-75x75.webp 75w\" sizes=\"(max-width: 400px) 100vw, 400px\" \/>\n            <\/div>\n        <\/div><div class=\"eael-entry-wrapper\"><header class=\"eael-entry-header\"><h2 class=\"eael-entry-title\"><a class=\"eael-grid-post-link\" href=\"https:\/\/soymigrante.com\/revista\/productos-naturales-para-cuidar-la-piel-que-tambien-puedes-encontrar-en-usa\/\" title=\"Productos naturales para cuidar la piel que tambi\u00e9n puedes encontrar en USA\">Productos naturales para cuidar la piel que tambi\u00e9n puedes encontrar en USA<\/a><\/h2><\/header><div class=\"eael-entry-content\">\n                        <div class=\"eael-grid-post-excerpt\"><a href=\"https:\/\/soymigrante.com\/revista\/productos-naturales-para-cuidar-la-piel-que-tambien-puedes-encontrar-en-usa\/\" class=\"eael-post-elements-readmore-btn\">CONOCE SU HISTORIA <\/a><\/div>\n                    <\/div><\/div><\/div>\n        <\/div>\n    <\/article><\/div>\n            <div class=\"clearfix\"><\/div>\n        <\/div>\t\t\t\t<\/div>\n\t\t\t\t\t<\/div>\n\t\t\t\t<\/div>\n\t\t\t\t<\/div>\n\t\t","protected":false},"excerpt":{"rendered":"<p>Una quemadura solar puede ser peligrosa, pero esto es lo que debes hacer para cuidar tu piel. El verano es sin\u00f3nimo de sol, playa, paseos al aire libre y actividades bajo el cielo despejado. Sin embargo, tambi\u00e9n es una de las \u00e9pocas del a\u00f1o en la que m\u00e1s personas sufren quemaduras solares, muchas veces por [&hellip;]<\/p>\n","protected":false},"author":19,"featured_media":38326,"comment_status":"open","ping_status":"open","sticky":false,"template":"","format":"standard","meta":{"_acf_changed":false,"_eb_attr":"","footnotes":""},"categories":[55],"tags":[],"class_list":["post-38325","post","type-post","status-publish","format-standard","has-post-thumbnail","hentry","category-bienestar"],"acf":[],"aioseo_notices":[],"aioseo_head":"\n\t\t<!-- All in One SEO Pro 4.9.6.2 - aioseo.com -->\n\t<meta name=\"description\" content=\"Estos productos naturales son f\u00e1ciles de encontrar en USA y podr\u00e1n ayudarte con la piel y cabello.\" \/>\n\t<meta name=\"robots\" content=\"max-snippet:-1, max-image-preview:large, max-video-preview:-1\" \/>\n\t<meta name=\"author\" content=\"Marysabel Aldana\"\/>\n\t<link rel=\"canonical\" href=\"https:\/\/soymigrante.com\/revista\/productos-naturales-para-cuidar-la-piel-que-tambien-puedes-encontrar-en-usa\/\" \/>\n\t<meta name=\"generator\" content=\"All in One SEO Pro (AIOSEO) 4.9.6.2\" \/>\n\n\t\t<link rel=\"preconnect\" href=\"https:\/\/fonts.googleapis.com\" crossorigin>\n<link rel=\"preconnect\" href=\"https:\/\/fonts.gstatic.com\" crossorigin>\n\t\t<meta property=\"og:locale\" content=\"es_ES\" \/>\n\t\t<meta property=\"og:site_name\" content=\"SoyMigrante.com REVISTA \u2013 Nuestra misi\u00f3n es reconocer y dignificar al migrante.\" \/>\n\t\t<meta property=\"og:type\" content=\"article\" \/>\n\t\t<meta property=\"og:title\" content=\"Productos naturales para cuidar la piel que tambi\u00e9n puedes encontrar en USA\" \/>\n\t\t<meta property=\"og:description\" content=\"Estos productos naturales son f\u00e1ciles de encontrar en USA y podr\u00e1n ayudarte con la piel y cabello.\" \/>\n\t\t<meta property=\"og:url\" content=\"https:\/\/soymigrante.com\/revista\/productos-naturales-para-cuidar-la-piel-que-tambien-puedes-encontrar-en-usa\/\" \/>\n\t\t<meta property=\"og:image\" content=\"https:\/\/soymigrante.com\/revista\/wp-content\/uploads\/2025\/02\/Productos-naturales-para-el-cuerpo-que-puedes-encontrar-en-USA-9-e1739560931841.webp\" \/>\n\t\t<meta property=\"og:image:secure_url\" content=\"https:\/\/soymigrante.com\/revista\/wp-content\/uploads\/2025\/02\/Productos-naturales-para-el-cuerpo-que-puedes-encontrar-en-USA-9-e1739560931841.webp\" \/>\n\t\t<meta property=\"og:image:width\" content=\"400\" \/>\n\t\t<meta property=\"og:image:height\" content=\"400\" \/>\n\t\t<meta property=\"article:published_time\" content=\"2025-02-24T13:00:00+00:00\" \/>\n\t\t<meta property=\"article:modified_time\" content=\"2025-03-10T19:58:01+00:00\" \/>\n\t\t<meta property=\"article:publisher\" content=\"https:\/\/www.facebook.com\/soymigrantecom\" \/>\n\t\t<meta name=\"twitter:card\" content=\"summary_large_image\" \/>\n\t\t<meta name=\"twitter:site\" content=\"@SoyMigrante_com\" \/>\n\t\t<meta name=\"twitter:title\" content=\"Productos naturales para cuidar la piel que tambi\u00e9n puedes encontrar en USA\" \/>\n\t\t<meta name=\"twitter:description\" content=\"Estos productos naturales son f\u00e1ciles de encontrar en USA y podr\u00e1n ayudarte con la piel y cabello.\" \/>\n\t\t<meta name=\"twitter:creator\" content=\"@SoyMigrante_com\" \/>\n\t\t<meta name=\"twitter:image\" content=\"https:\/\/soymigrante.com\/revista\/wp-content\/uploads\/2025\/02\/Productos-naturales-para-el-cuerpo-que-puedes-encontrar-en-USA-9-e1739560931841.webp\" \/>\n\t\t<!-- All in One SEO Pro -->\r\n\t\t<title>Productos naturales para cuidar la piel que tambi\u00e9n puedes encontrar en USA<\/title>\n\n","aioseo_head_json":{"title":"Productos naturales para cuidar la piel que tambi\u00e9n puedes encontrar en USA","description":"Estos productos naturales son f\u00e1ciles de encontrar en USA y podr\u00e1n ayudarte con la piel y cabello.","canonical_url":"https:\/\/soymigrante.com\/revista\/productos-naturales-para-cuidar-la-piel-que-tambien-puedes-encontrar-en-usa\/","robots":"max-snippet:-1, max-image-preview:large, max-video-preview:-1","keywords":"","webmasterTools":{"miscellaneous":"&lt;link rel=\"preconnect\" href=\"https:\/\/fonts.googleapis.com\" crossorigin&gt;\n&lt;link rel=\"preconnect\" href=\"https:\/\/fonts.gstatic.com\" crossorigin&gt;"},"schema":null,"og:locale":"es_ES","og:site_name":"SoyMigrante.com REVISTA \u2013 Nuestra misi\u00f3n es reconocer y dignificar al migrante.","og:type":"article","og:title":"Productos naturales para cuidar la piel que tambi\u00e9n puedes encontrar en USA","og:description":"Estos productos naturales son f\u00e1ciles de encontrar en USA y podr\u00e1n ayudarte con la piel y cabello.","og:url":"https:\/\/soymigrante.com\/revista\/productos-naturales-para-cuidar-la-piel-que-tambien-puedes-encontrar-en-usa\/","og:image":"https:\/\/soymigrante.com\/revista\/wp-content\/uploads\/2025\/02\/Productos-naturales-para-el-cuerpo-que-puedes-encontrar-en-USA-9-e1739560931841.webp","og:image:secure_url":"https:\/\/soymigrante.com\/revista\/wp-content\/uploads\/2025\/02\/Productos-naturales-para-el-cuerpo-que-puedes-encontrar-en-USA-9-e1739560931841.webp","og:image:width":400,"og:image:height":400,"article:published_time":"2025-02-24T13:00:00+00:00","article:modified_time":"2025-03-10T19:58:01+00:00","article:publisher":"https:\/\/www.facebook.com\/soymigrantecom","twitter:card":"summary_large_image","twitter:site":"@SoyMigrante_com","twitter:title":"Productos naturales para cuidar la piel que tambi\u00e9n puedes encontrar en USA","twitter:description":"Estos productos naturales son f\u00e1ciles de encontrar en USA y podr\u00e1n ayudarte con la piel y cabello.","twitter:creator":"@SoyMigrante_com","twitter:image":"https:\/\/soymigrante.com\/revista\/wp-content\/uploads\/2025\/02\/Productos-naturales-para-el-cuerpo-que-puedes-encontrar-en-USA-9-e1739560931841.webp"},"aioseo_meta_data":{"post_id":"38325","title":null,"description":null,"keywords":null,"keyphrases":{"focus":{"keyphrase":"quemadura","score":82,"analysis":{"keyphraseInTitle":{"score":9,"maxScore":9,"error":0},"keyphraseInDescription":{"score":9,"maxScore":9,"error":0},"keyphraseLength":{"score":9,"maxScore":9,"error":0,"length":1},"keyphraseInURL":{"score":5,"maxScore":5,"error":0},"keyphraseInIntroduction":{"score":3,"maxScore":9,"error":1},"keyphraseInSubHeadings":{"score":3,"maxScore":9,"error":1},"keyphraseInImageAlt":{"score":9,"maxScore":9,"error":0},"keywordDensity":{"type":"best","score":9,"maxScore":9,"error":0}}},"additional":[{"keyphrase":"solar","score":73,"analysis":{"keyphraseInDescription":{"score":9,"maxScore":9,"error":0},"keyphraseLength":{"score":9,"maxScore":9,"error":0,"length":1},"keyphraseInIntroduction":{"score":3,"maxScore":9,"error":1},"keyphraseInImageAlt":{"score":3,"maxScore":9,"error":1},"keywordDensity":{"type":"best","score":9,"maxScore":9,"error":0}}},{"keyphrase":"piel","score":80,"analysis":{"keyphraseInDescription":{"score":9,"maxScore":9,"error":0},"keyphraseLength":{"score":9,"maxScore":9,"error":0,"length":1},"keyphraseInIntroduction":{"score":9,"maxScore":9,"error":0},"keyphraseInImageAlt":{"score":9,"maxScore":9,"error":0},"keywordDensity":{"type":"high","score":0,"maxScore":9,"error":1}}}]},"primary_term":null,"canonical_url":null,"og_title":null,"og_description":null,"og_object_type":"default","og_image_type":"default","og_image_url":null,"og_image_width":null,"og_image_height":null,"og_image_custom_url":null,"og_image_custom_fields":null,"og_video":"","og_custom_url":null,"og_article_section":null,"og_article_tags":null,"twitter_use_og":false,"twitter_card":"default","twitter_image_type":"default","twitter_image_url":null,"twitter_image_custom_url":null,"twitter_image_custom_fields":null,"twitter_title":null,"twitter_description":null,"schema":{"blockGraphs":[],"customGraphs":[],"default":{"data":{"Article":[],"Course":[],"Dataset":[],"FAQPage":[],"Movie":[],"Person":[],"Product":[],"ProductReview":[],"Car":[],"Recipe":[],"Service":[],"SoftwareApplication":[],"WebPage":[]},"graphName":"none","isEnabled":true},"graphs":[]},"schema_type":"default","schema_type_options":null,"pillar_content":false,"robots_default":true,"robots_noindex":false,"robots_noarchive":false,"robots_nosnippet":false,"robots_nofollow":false,"robots_noimageindex":false,"robots_noodp":false,"robots_notranslate":false,"robots_max_snippet":"-1","robots_max_videopreview":"-1","robots_max_imagepreview":"large","priority":null,"frequency":"default","local_seo":null,"seo_analyzer_scan_date":"2025-10-09 06:24:19","breadcrumb_settings":null,"limit_modified_date":false,"reviewed_by":"0","open_ai":null,"ai":{"faqs":[],"keyPoints":[],"titles":[],"descriptions":[],"socialPosts":{"email":[],"linkedin":[],"twitter":[],"facebook":[],"instagram":[]}},"created":"2025-07-02 21:22:09","updated":"2026-02-05 01:34:42"},"aioseo_breadcrumb":"<div class=\"aioseo-breadcrumbs\"><span class=\"aioseo-breadcrumb\">\n\t<a href=\"https:\/\/soymigrante.com\/revista\" title=\"Home\">Home<\/a>\n<\/span><span class=\"aioseo-breadcrumb-separator\">\u00bb<\/span><span class=\"aioseo-breadcrumb\">\n\t<a href=\"https:\/\/soymigrante.com\/revista\/category\/bienestar\/\" title=\"Bienestar\">Bienestar<\/a>\n<\/span><span class=\"aioseo-breadcrumb-separator\">\u00bb<\/span><span class=\"aioseo-breadcrumb\">\n\t\u00bfQuemadura solar? Esto hay hacer prevenir o aliviar\n<\/span><\/div>","aioseo_breadcrumb_json":[{"label":"Home","link":"https:\/\/soymigrante.com\/revista"},{"label":"Bienestar","link":"https:\/\/soymigrante.com\/revista\/category\/bienestar\/"},{"label":"\u00bfQuemadura solar? Esto hay hacer prevenir o aliviar","link":"https:\/\/soymigrante.com\/revista\/quemadura-solar-esto-hay-hacer-prevenir-o-aliviar\/"}],"_links":{"self":[{"href":"https:\/\/soymigrante.com\/revista\/wp-json\/wp\/v2\/posts\/38325","targetHints":{"allow":["GET"]}}],"collection":[{"href":"https:\/\/soymigrante.com\/revista\/wp-json\/wp\/v2\/posts"}],"about":[{"href":"https:\/\/soymigrante.com\/revista\/wp-json\/wp\/v2\/types\/post"}],"author":[{"embeddable":true,"href":"https:\/\/soymigrante.com\/revista\/wp-json\/wp\/v2\/users\/19"}],"replies":[{"embeddable":true,"href":"https:\/\/soymigrante.com\/revista\/wp-json\/wp\/v2\/comments?post=38325"}],"version-history":[{"count":17,"href":"https:\/\/soymigrante.com\/revista\/wp-json\/wp\/v2\/posts\/38325\/revisions"}],"predecessor-version":[{"id":42825,"href":"https:\/\/soymigrante.com\/revista\/wp-json\/wp\/v2\/posts\/38325\/revisions\/42825"}],"wp:featuredmedia":[{"embeddable":true,"href":"https:\/\/soymigrante.com\/revista\/wp-json\/wp\/v2\/media\/38326"}],"wp:attachment":[{"href":"https:\/\/soymigrante.com\/revista\/wp-json\/wp\/v2\/media?parent=38325"}],"wp:term":[{"taxonomy":"category","embeddable":true,"href":"https:\/\/soymigrante.com\/revista\/wp-json\/wp\/v2\/categories?post=38325"},{"taxonomy":"post_tag","embeddable":true,"href":"https:\/\/soymigrante.com\/revista\/wp-json\/wp\/v2\/tags?post=38325"}],"curies":[{"name":"wp","href":"https:\/\/api.w.org\/{rel}","templated":true}]}}