{"id":38315,"date":"2025-10-29T10:29:21","date_gmt":"2025-10-29T16:29:21","guid":{"rendered":"https:\/\/soymigrante.com\/revista\/?p=38315"},"modified":"2025-10-29T10:29:30","modified_gmt":"2025-10-29T16:29:30","slug":"el-mapa-en-relieve-de-guatemala-centenaria-maravilla-sin-igual","status":"publish","type":"post","link":"https:\/\/soymigrante.com\/revista\/el-mapa-en-relieve-de-guatemala-centenaria-maravilla-sin-igual\/","title":{"rendered":"El Mapa en Relieve de Guatemala: centenaria maravilla sin igual"},"content":{"rendered":"\t\t<div data-elementor-type=\"wp-post\" data-elementor-id=\"38315\" class=\"elementor elementor-38315\" data-elementor-post-type=\"post\">\n\t\t\t\t<div data-particle_enable=\"false\" data-particle-mobile-disabled=\"false\" class=\"elementor-element elementor-element-0800d7d e-flex e-con-boxed e-con e-parent\" data-id=\"0800d7d\" data-element_type=\"container\" data-e-type=\"container\">\n\t\t\t\t\t<div class=\"e-con-inner\">\n\t\t\t\t<div class=\"elementor-element elementor-element-39978c2 elementor-widget elementor-widget-heading\" data-id=\"39978c2\" data-element_type=\"widget\" data-e-type=\"widget\" data-widget_type=\"heading.default\">\n\t\t\t\t\t<h2 class=\"elementor-heading-title elementor-size-default\">Much\u00edsimo antes de Google Earth, toda Guatemala estaba a la vista del visitante. El Mapa en Relieve de Guatemala, es \u00fanico, est\u00e1 por cumplir 120 de haber sido inaugurado y sigue sorprendiendo por su exactitud\n<\/h2>\t\t\t\t<\/div>\n\t\t\t\t\t<\/div>\n\t\t\t\t<\/div>\n\t\t<div data-particle_enable=\"false\" data-particle-mobile-disabled=\"false\" class=\"elementor-element elementor-element-5e332f5 e-flex e-con-boxed e-con e-parent\" data-id=\"5e332f5\" data-element_type=\"container\" data-e-type=\"container\">\n\t\t\t\t\t<div class=\"e-con-inner\">\n\t\t\t\t<div class=\"elementor-element elementor-element-565bfe7 elementor-widget elementor-widget-text-editor\" data-id=\"565bfe7\" data-element_type=\"widget\" data-e-type=\"widget\" data-widget_type=\"text-editor.default\">\n\t\t\t\t\t\t\t\t\t<p><a href=\"https:\/\/soymigrante.com\/revista\/descubre-la-ruta-historica-de-la-ciudad-de-guatemala-un-viaje-de-memorias\/\" target=\"_blank\" rel=\"noopener\">En el coraz\u00f3n del Parque Minerva, en la zona 2 capitalina<\/a>, se encuentra una de las obras m\u00e1s impresionantes y singulares del pa\u00eds: el Mapa en Relieve de Guatemala, una representaci\u00f3n tridimensional del territorio nacional que ha maravillado a generaciones desde hace m\u00e1s de 100 a\u00f1os. M\u00e1s que una atracci\u00f3n, es un testimonio de la visi\u00f3n cient\u00edfica y patri\u00f3tica de finales del siglo XIX.<\/p><p>Es una representaci\u00f3n exacta de la geograf\u00eda guatemalteca que constituye una visita obligada para turistas, pero tambi\u00e9n para guatemaltecos. Surgi\u00f3 en una \u00e9poca sin recursos digitales y fue producto de una intensa exploraci\u00f3n encabezada por el coronel Francisco Vela y el ingeniero Claudio Urrutia, que recorrieron a lomo de mula todo el pa\u00eds para medir alturas, trazar sierras, monta\u00f1as, volcanes, lagos y m\u00e1s.<\/p>\t\t\t\t\t\t\t\t<\/div>\n\t\t\t\t\t<\/div>\n\t\t\t\t<\/div>\n\t\t<div data-particle_enable=\"false\" data-particle-mobile-disabled=\"false\" class=\"elementor-element elementor-element-346882d e-flex e-con-boxed e-con e-parent\" data-id=\"346882d\" data-element_type=\"container\" data-e-type=\"container\">\n\t\t\t\t\t<div class=\"e-con-inner\">\n\t\t\t\t<div class=\"elementor-element elementor-element-25a96be elementor-widget elementor-widget-image\" data-id=\"25a96be\" data-element_type=\"widget\" data-e-type=\"widget\" data-widget_type=\"image.default\">\n\t\t\t\t\t\t\t\t\t\t\t\t<figure class=\"wp-caption\">\n\t\t\t\t\t\t\t\t\t\t<img fetchpriority=\"high\" decoding=\"async\" width=\"1024\" height=\"438\" src=\"https:\/\/soymigrante.com\/revista\/wp-content\/uploads\/2025\/07\/Mapa_en_Relieve_de_Guatemala_-_51575580031-1024x438.jpg\" class=\"attachment-large size-large wp-image-38447\" alt=\"Modelado en 3D de represa y paisaje en parque con naturaleza, vegetaci\u00f3n y estructura de agua, imagen destacada en SoyMigrante.com Revista sobre migraci\u00f3n y cultura en espacios p\u00fablicos.\" srcset=\"https:\/\/soymigrante.com\/revista\/wp-content\/uploads\/2025\/07\/Mapa_en_Relieve_de_Guatemala_-_51575580031-1024x438.jpg 1024w, https:\/\/soymigrante.com\/revista\/wp-content\/uploads\/2025\/07\/Mapa_en_Relieve_de_Guatemala_-_51575580031-300x128.jpg 300w, https:\/\/soymigrante.com\/revista\/wp-content\/uploads\/2025\/07\/Mapa_en_Relieve_de_Guatemala_-_51575580031-768x329.jpg 768w, https:\/\/soymigrante.com\/revista\/wp-content\/uploads\/2025\/07\/Mapa_en_Relieve_de_Guatemala_-_51575580031-1536x657.jpg 1536w, https:\/\/soymigrante.com\/revista\/wp-content\/uploads\/2025\/07\/Mapa_en_Relieve_de_Guatemala_-_51575580031-2048x876.jpg 2048w, https:\/\/soymigrante.com\/revista\/wp-content\/uploads\/2025\/07\/Mapa_en_Relieve_de_Guatemala_-_51575580031-750x321.webp 750w, https:\/\/soymigrante.com\/revista\/wp-content\/uploads\/2025\/07\/Mapa_en_Relieve_de_Guatemala_-_51575580031-1140x488.jpg 1140w, https:\/\/soymigrante.com\/revista\/wp-content\/uploads\/2025\/07\/Mapa_en_Relieve_de_Guatemala_-_51575580031.webp 1920w\" sizes=\"(max-width: 1024px) 100vw, 1024px\" title=\"Mapa_en_Relieve_de_Guatemala_-_51575580031 \u2013 SoyMigrante.com REVISTA\" \/>\t\t\t\t\t\t\t\t\t\t\t<figcaption class=\"widget-image-caption wp-caption-text\">Panor\u00e1mica de un parque con puente peatonal y mapa topogr\u00e1fico en 3D, resaltando atractivo tur\u00edstico y cultura en Argentina, rodeado de naturaleza y espacios recreativos para visitantes y turistas.<\/figcaption>\n\t\t\t\t\t\t\t\t\t\t<\/figure>\n\t\t\t\t\t\t\t\t\t<\/div>\n\t\t\t\t\t<\/div>\n\t\t\t\t<\/div>\n\t\t<div data-particle_enable=\"false\" data-particle-mobile-disabled=\"false\" class=\"elementor-element elementor-element-ef0884b e-flex e-con-boxed e-con e-parent\" data-id=\"ef0884b\" data-element_type=\"container\" data-e-type=\"container\">\n\t\t\t\t\t<div class=\"e-con-inner\">\n\t\t\t\t<div class=\"elementor-element elementor-element-d9578a5 elementor-widget elementor-widget-heading\" data-id=\"d9578a5\" data-element_type=\"widget\" data-e-type=\"widget\" data-widget_type=\"heading.default\">\n\t\t\t\t\t<h3 class=\"elementor-heading-title elementor-size-default\">\u00bfD\u00f3nde est\u00e1 ubicado?<\/h3>\t\t\t\t<\/div>\n\t\t\t\t\t<\/div>\n\t\t\t\t<\/div>\n\t\t<div data-particle_enable=\"false\" data-particle-mobile-disabled=\"false\" class=\"elementor-element elementor-element-5a78917 e-flex e-con-boxed e-con e-parent\" data-id=\"5a78917\" data-element_type=\"container\" data-e-type=\"container\">\n\t\t\t\t\t<div class=\"e-con-inner\">\n\t\t\t\t<div class=\"elementor-element elementor-element-b3c42fe elementor-widget elementor-widget-text-editor\" data-id=\"b3c42fe\" data-element_type=\"widget\" data-e-type=\"widget\" data-widget_type=\"text-editor.default\">\n\t\t\t\t\t\t\t\t\t<p>El Mapa en Relieve se encuentra en el Parque Minerva, <a href=\"https:\/\/soymigrante.com\/revista\/descubre-la-ruta-historica-de-la-ciudad-de-guatemala-un-viaje-de-memorias\/\" target=\"_blank\" rel=\"noopener\">zona 2 de la Ciudad de Guatemala, a pocos pasos del Hip\u00f3dromo del Norte.<\/a> Rodeado de jardines, monumentos y pasajes hist\u00f3ricos, este monumento a la geograf\u00eda guatemalteca es accesible tanto para turistas como para estudiantes, que suelen visitarlo como parte de excursiones escolares.<\/p>\t\t\t\t\t\t\t\t<\/div>\n\t\t\t\t\t<\/div>\n\t\t\t\t<\/div>\n\t\t<div data-particle_enable=\"false\" data-particle-mobile-disabled=\"false\" class=\"elementor-element elementor-element-a15ff22 e-flex e-con-boxed e-con e-parent\" data-id=\"a15ff22\" data-element_type=\"container\" data-e-type=\"container\">\n\t\t\t\t\t<div class=\"e-con-inner\">\n\t\t\t\t<div class=\"elementor-element elementor-element-44d32f7 elementor-widget elementor-widget-video\" data-id=\"44d32f7\" data-element_type=\"widget\" data-e-type=\"widget\" data-settings=\"{&quot;youtube_url&quot;:&quot;https:\\\/\\\/www.youtube.com\\\/watch?v=5nkGItITfPY&quot;,&quot;video_type&quot;:&quot;youtube&quot;,&quot;controls&quot;:&quot;yes&quot;}\" data-widget_type=\"video.default\">\n\t\t\t\t\t\t\t<div class=\"elementor-wrapper elementor-open-inline\">\n\t\t\t<div class=\"elementor-video\"><\/div>\t\t<\/div>\n\t\t\t\t\t\t<\/div>\n\t\t\t\t\t<\/div>\n\t\t\t\t<\/div>\n\t\t<div data-particle_enable=\"false\" data-particle-mobile-disabled=\"false\" class=\"elementor-element elementor-element-d21957e e-flex e-con-boxed e-con e-parent\" data-id=\"d21957e\" data-element_type=\"container\" data-e-type=\"container\">\n\t\t\t\t\t<div class=\"e-con-inner\">\n\t\t\t\t<div class=\"elementor-element elementor-element-67a2c70 elementor-widget elementor-widget-heading\" data-id=\"67a2c70\" data-element_type=\"widget\" data-e-type=\"widget\" data-widget_type=\"heading.default\">\n\t\t\t\t\t<h3 class=\"elementor-heading-title elementor-size-default\">\u00bfQu\u00e9 es y por qu\u00e9 es tan importante?<\/h3>\t\t\t\t<\/div>\n\t\t\t\t\t<\/div>\n\t\t\t\t<\/div>\n\t\t<div data-particle_enable=\"false\" data-particle-mobile-disabled=\"false\" class=\"elementor-element elementor-element-6f300d1 e-flex e-con-boxed e-con e-parent\" data-id=\"6f300d1\" data-element_type=\"container\" data-e-type=\"container\">\n\t\t\t\t\t<div class=\"e-con-inner\">\n\t\t\t\t<div class=\"elementor-element elementor-element-99e19b5 elementor-widget elementor-widget-text-editor\" data-id=\"99e19b5\" data-element_type=\"widget\" data-e-type=\"widget\" data-widget_type=\"text-editor.default\">\n\t\t\t\t\t\t\t\t\t<p><a href=\"https:\/\/soymigrante.com\/revista\/descubre-la-ruta-historica-de-la-ciudad-de-guatemala-un-viaje-de-memorias\/\" target=\"_blank\" rel=\"noopener\">Se trata de un modelo a escala del territorio guatemalteco, elaborado con alt\u00edsima precisi\u00f3n.<\/a> Tiene 1,800 metros cuadrados y muestra con detalle los accidentes geogr\u00e1ficos m\u00e1s destacados del pa\u00eds: monta\u00f1as, volcanes, lagos, r\u00edos, valles y costas.<\/p>\t\t\t\t\t\t\t\t<\/div>\n\t\t\t\t\t<\/div>\n\t\t\t\t<\/div>\n\t\t<div data-particle_enable=\"false\" data-particle-mobile-disabled=\"false\" class=\"elementor-element elementor-element-0229c11 e-flex e-con-boxed e-con e-parent\" data-id=\"0229c11\" data-element_type=\"container\" data-e-type=\"container\">\n\t\t\t\t\t<div class=\"e-con-inner\">\n\t\t\t\t<div class=\"elementor-element elementor-element-4f2b0d6 elementor-widget elementor-widget-text-editor\" data-id=\"4f2b0d6\" data-element_type=\"widget\" data-e-type=\"widget\" data-widget_type=\"text-editor.default\">\n\t\t\t\t\t\t\t\t\t<div>Su importancia radica en tres grandes aspectos:<\/div><div><strong>\u2022Educativo:<\/strong> es una herramienta visual para ense\u00f1ar geograf\u00eda, especialmente antes de la era digital.<\/div><div><strong>\u2022Hist\u00f3rico y patrimonial:<\/strong> ha sido declarado Monumento Nacional y refleja c\u00f3mo se conceb\u00eda y entend\u00eda el territorio hace m\u00e1s de un siglo.<\/div><div><strong>\u2022Cient\u00edfico y cultural:<\/strong> fue construido sin drones, sat\u00e9lites ni GPS, lo que lo hace una proeza de la ingenier\u00eda de su tiempo.<\/div>\t\t\t\t\t\t\t\t<\/div>\n\t\t\t\t\t<\/div>\n\t\t\t\t<\/div>\n\t\t<div data-particle_enable=\"false\" data-particle-mobile-disabled=\"false\" class=\"elementor-element elementor-element-daaa8f1 e-flex e-con-boxed e-con e-parent\" data-id=\"daaa8f1\" data-element_type=\"container\" data-e-type=\"container\">\n\t\t\t\t\t<div class=\"e-con-inner\">\n\t\t\t\t<div class=\"elementor-element elementor-element-dcabaf5 elementor-widget elementor-widget-image\" data-id=\"dcabaf5\" data-element_type=\"widget\" data-e-type=\"widget\" data-widget_type=\"image.default\">\n\t\t\t\t\t\t\t\t\t\t\t\t<figure class=\"wp-caption\">\n\t\t\t\t\t\t\t\t\t\t<img decoding=\"async\" width=\"923\" height=\"371\" src=\"https:\/\/soymigrante.com\/revista\/wp-content\/uploads\/2025\/07\/mapa_en_relieve_4.webp\" class=\"attachment-large size-large wp-image-38448\" alt=\"Mineros trabajando en una escultura de relieve en un muro, representando la historia de la miner\u00eda. Arte y cultura del trabajo en la historia minera mexicana, destacado en SoyMigrante.com REVISTA.\" srcset=\"https:\/\/soymigrante.com\/revista\/wp-content\/uploads\/2025\/07\/mapa_en_relieve_4.webp 923w, https:\/\/soymigrante.com\/revista\/wp-content\/uploads\/2025\/07\/mapa_en_relieve_4-300x121.jpg 300w, https:\/\/soymigrante.com\/revista\/wp-content\/uploads\/2025\/07\/mapa_en_relieve_4-768x309.jpg 768w, https:\/\/soymigrante.com\/revista\/wp-content\/uploads\/2025\/07\/mapa_en_relieve_4-750x301.jpg 750w\" sizes=\"(max-width: 923px) 100vw, 923px\" title=\"A la entrada del Mapa en Relieve hay una  representaci\u00f3n del trabajo de exploraci\u00f3n y medici\u00f3n efectuado por el coronel Francisco Vela y el ingeniero Claudio Urrutia. \u2013 SoyMigrante.com REVISTA\" \/>\t\t\t\t\t\t\t\t\t\t\t<figcaption class=\"widget-image-caption wp-caption-text\">Relieve en piedra que ilustra la migraci\u00f3n y la historia cultural en un monumento antiguo.<\/figcaption>\n\t\t\t\t\t\t\t\t\t\t<\/figure>\n\t\t\t\t\t\t\t\t\t<\/div>\n\t\t\t\t\t<\/div>\n\t\t\t\t<\/div>\n\t\t<div data-particle_enable=\"false\" data-particle-mobile-disabled=\"false\" class=\"elementor-element elementor-element-7985441 e-flex e-con-boxed e-con e-parent\" data-id=\"7985441\" data-element_type=\"container\" data-e-type=\"container\">\n\t\t\t\t\t<div class=\"e-con-inner\">\n\t\t\t\t<div class=\"elementor-element elementor-element-5b99aa4 elementor-widget elementor-widget-heading\" data-id=\"5b99aa4\" data-element_type=\"widget\" data-e-type=\"widget\" data-widget_type=\"heading.default\">\n\t\t\t\t\t<h3 class=\"elementor-heading-title elementor-size-default\">Su historia<\/h3>\t\t\t\t<\/div>\n\t\t\t\t\t<\/div>\n\t\t\t\t<\/div>\n\t\t<div data-particle_enable=\"false\" data-particle-mobile-disabled=\"false\" class=\"elementor-element elementor-element-72b3425 e-flex e-con-boxed e-con e-parent\" data-id=\"72b3425\" data-element_type=\"container\" data-e-type=\"container\">\n\t\t\t\t\t<div class=\"e-con-inner\">\n\t\t\t\t<div class=\"elementor-element elementor-element-3ce91bb elementor-widget elementor-widget-text-editor\" data-id=\"3ce91bb\" data-element_type=\"widget\" data-e-type=\"widget\" data-widget_type=\"text-editor.default\">\n\t\t\t\t\t\t\t\t\t<p>La idea naci\u00f3 del presidente Manuel Estrada Cabrera, <a href=\"https:\/\/soymigrante.com\/revista\/descubre-la-ruta-historica-de-la-ciudad-de-guatemala-un-viaje-de-memorias\/\" target=\"_blank\" rel=\"noopener\">quien impuls\u00f3 su creaci\u00f3n para fomentar el conocimiento del pa\u00eds.<\/a> El dise\u00f1o estuvo a cargo del ingeniero Francisco Vela, con apoyo del ingeniero Claudio Urrutia, quienes comenzaron los trabajos en 1904. Usaron instrumentos topogr\u00e1ficos y datos recolectados a pie, recorriendo el pa\u00eds en condiciones muchas veces extremas.<\/p><p>La obra fue inaugurada el 29 de octubre de 1905, y desde entonces se convirti\u00f3 en una referencia obligatoria para quienes deseaban conocer la diversidad del relieve guatemalteco. Fue restaurado en varias ocasiones, incluyendo trabajos de modernizaci\u00f3n y mantenimiento en el siglo XXI, para conservar su valor hist\u00f3rico.<\/p>\t\t\t\t\t\t\t\t<\/div>\n\t\t\t\t\t<\/div>\n\t\t\t\t<\/div>\n\t\t<div data-particle_enable=\"false\" data-particle-mobile-disabled=\"false\" class=\"elementor-element elementor-element-5a0fcc7 e-flex e-con-boxed e-con e-parent\" data-id=\"5a0fcc7\" data-element_type=\"container\" data-e-type=\"container\">\n\t\t\t\t\t<div class=\"e-con-inner\">\n\t\t\t\t<div class=\"elementor-element elementor-element-a6e6067 elementor-widget elementor-widget-image\" data-id=\"a6e6067\" data-element_type=\"widget\" data-e-type=\"widget\" data-widget_type=\"image.default\">\n\t\t\t\t\t\t\t\t\t\t\t\t<figure class=\"wp-caption\">\n\t\t\t\t\t\t\t\t\t\t<img decoding=\"async\" width=\"922\" height=\"555\" src=\"https:\/\/soymigrante.com\/revista\/wp-content\/uploads\/2025\/07\/mapa_en_relieve.webp\" class=\"attachment-large size-large wp-image-38449\" alt=\"Muerto en relieve en Guatemala, mapa hist\u00f3rico y cultura, fotograf\u00eda antigua de la regi\u00f3n en tonos vibrantes.\" srcset=\"https:\/\/soymigrante.com\/revista\/wp-content\/uploads\/2025\/07\/mapa_en_relieve.webp 922w, https:\/\/soymigrante.com\/revista\/wp-content\/uploads\/2025\/07\/mapa_en_relieve-300x181.jpg 300w, https:\/\/soymigrante.com\/revista\/wp-content\/uploads\/2025\/07\/mapa_en_relieve-768x462.jpg 768w, https:\/\/soymigrante.com\/revista\/wp-content\/uploads\/2025\/07\/mapa_en_relieve-750x451.webp 750w\" sizes=\"(max-width: 922px) 100vw, 922px\" title=\"El Mapa en Relieve fue inaugurado el 27 de octubre de 1905. Eso quiere decir que  este a\u00f1o cumple 120 a\u00f1os de existir, deslumbrar y sorprender. (Fotograf\u00eda Museo de Historia) \u2013 SoyMigrante.com REVISTA\" \/>\t\t\t\t\t\t\t\t\t\t\t<figcaption class=\"widget-image-caption wp-caption-text\">Mapa en relieve de Guatemala, imagen hist\u00f3rica que refleja la cultura y paisaje del pa\u00eds, visibilizando su patrimonio y tradici\u00f3n en la portada de SoyMigrante.com REVISTA.<\/figcaption>\n\t\t\t\t\t\t\t\t\t\t<\/figure>\n\t\t\t\t\t\t\t\t\t<\/div>\n\t\t\t\t\t<\/div>\n\t\t\t\t<\/div>\n\t\t<div data-particle_enable=\"false\" data-particle-mobile-disabled=\"false\" class=\"elementor-element elementor-element-12c237e e-flex e-con-boxed e-con e-parent\" data-id=\"12c237e\" data-element_type=\"container\" data-e-type=\"container\">\n\t\t\t\t\t<div class=\"e-con-inner\">\n\t\t\t\t<div class=\"elementor-element elementor-element-f890a59 elementor-widget elementor-widget-heading\" data-id=\"f890a59\" data-element_type=\"widget\" data-e-type=\"widget\" data-widget_type=\"heading.default\">\n\t\t\t\t\t<h3 class=\"elementor-heading-title elementor-size-default\">Caracter\u00edsticas destacadas<\/h3>\t\t\t\t<\/div>\n\t\t\t\t\t<\/div>\n\t\t\t\t<\/div>\n\t\t<div data-particle_enable=\"false\" data-particle-mobile-disabled=\"false\" class=\"elementor-element elementor-element-2114a7c e-flex e-con-boxed e-con e-parent\" data-id=\"2114a7c\" data-element_type=\"container\" data-e-type=\"container\">\n\t\t\t\t\t<div class=\"e-con-inner\">\n\t\t\t\t<div class=\"elementor-element elementor-element-b568a15 elementor-widget elementor-widget-text-editor\" data-id=\"b568a15\" data-element_type=\"widget\" data-e-type=\"widget\" data-widget_type=\"text-editor.default\">\n\t\t\t\t\t\t\t\t\t<div>\u2022 Escala horizontal de 1:10,000 y vertical de 1:2,000 (exagera la altura para que sea m\u00e1s visible).<\/div><div>\u2022Representa todos los departamentos, volcanes, cordilleras, valles, r\u00edos y costas.<\/div><div>\u2022Tiene torres de observaci\u00f3n que permiten una vista panor\u00e1mica del pa\u00eds.<\/div><div>\u2022Conserva las fronteras de inicios del siglo XX, antes de cambios geogr\u00e1ficos y pol\u00edticos.<\/div>\t\t\t\t\t\t\t\t<\/div>\n\t\t\t\t\t<\/div>\n\t\t\t\t<\/div>\n\t\t<div data-particle_enable=\"false\" data-particle-mobile-disabled=\"false\" class=\"elementor-element elementor-element-c34da60 e-flex e-con-boxed e-con e-parent\" data-id=\"c34da60\" data-element_type=\"container\" data-e-type=\"container\">\n\t\t\t\t\t<div class=\"e-con-inner\">\n\t\t\t\t<div class=\"elementor-element elementor-element-9f84f2f elementor-widget elementor-widget-heading\" data-id=\"9f84f2f\" data-element_type=\"widget\" data-e-type=\"widget\" data-widget_type=\"heading.default\">\n\t\t\t\t\t<h3 class=\"elementor-heading-title elementor-size-default\">Un tesoro vivo del conocimiento<\/h3>\t\t\t\t<\/div>\n\t\t\t\t\t<\/div>\n\t\t\t\t<\/div>\n\t\t<div data-particle_enable=\"false\" data-particle-mobile-disabled=\"false\" class=\"elementor-element elementor-element-12ca569 e-flex e-con-boxed e-con e-parent\" data-id=\"12ca569\" data-element_type=\"container\" data-e-type=\"container\">\n\t\t\t\t\t<div class=\"e-con-inner\">\n\t\t\t\t<div class=\"elementor-element elementor-element-5c15b78 elementor-widget elementor-widget-text-editor\" data-id=\"5c15b78\" data-element_type=\"widget\" data-e-type=\"widget\" data-widget_type=\"text-editor.default\">\n\t\t\t\t\t\t\t\t\t<p><a href=\"https:\/\/soymigrante.com\/revista\/descubre-la-ruta-historica-de-la-ciudad-de-guatemala-un-viaje-de-memorias\/\" target=\"_blank\" rel=\"noopener\">El Mapa en Relieve sigue siendo utilizado por estudiantes, arquitectos, historiadores, turistas y curiosos.<\/a> Es una c\u00e1psula del tiempo que permite entender no solo la geograf\u00eda de Guatemala, sino tambi\u00e9n la forma en que se construy\u00f3 el conocimiento territorial del pa\u00eds antes de la tecnolog\u00eda satelital.<\/p><p>En tiempos donde las pantallas dominan la educaci\u00f3n, el Mapa en Relieve contin\u00faa siendo una experiencia \u00fanica, tangible y visual que conecta a los guatemaltecos con su geograf\u00eda y su historia.<\/p>\t\t\t\t\t\t\t\t<\/div>\n\t\t\t\t\t<\/div>\n\t\t\t\t<\/div>\n\t\t<div data-particle_enable=\"false\" data-particle-mobile-disabled=\"false\" class=\"elementor-element elementor-element-439ba70 e-flex e-con-boxed e-con e-parent\" data-id=\"439ba70\" data-element_type=\"container\" data-e-type=\"container\">\n\t\t\t\t\t<div class=\"e-con-inner\">\n\t\t\t\t<div class=\"elementor-element elementor-element-fdc44ac elementor-widget elementor-widget-heading\" data-id=\"fdc44ac\" data-element_type=\"widget\" data-e-type=\"widget\" data-widget_type=\"heading.default\">\n\t\t\t\t\t<h2 class=\"elementor-heading-title elementor-size-default\">Conoce m\u00e1s de lo impresionante de Guatemala...<\/h2>\t\t\t\t<\/div>\n\t\t\t\t\t<\/div>\n\t\t\t\t<\/div>\n\t\t<div data-particle_enable=\"false\" data-particle-mobile-disabled=\"false\" class=\"elementor-element elementor-element-34e7bc2 e-flex e-con-boxed e-con e-parent\" data-id=\"34e7bc2\" data-element_type=\"container\" data-e-type=\"container\">\n\t\t\t\t\t<div class=\"e-con-inner\">\n\t\t\t\t<div class=\"elementor-element elementor-element-f4c9e0b elementor-grid-eael-col-3 elementor-grid-tablet-eael-col-2 elementor-grid-mobile-eael-col-1 elementor-invisible elementor-widget elementor-widget-eael-post-grid\" data-id=\"f4c9e0b\" data-element_type=\"widget\" data-e-type=\"widget\" data-settings=\"{&quot;eael_post_grid_columns&quot;:&quot;eael-col-3&quot;,&quot;_animation&quot;:&quot;rollIn&quot;,&quot;eael_post_grid_columns_tablet&quot;:&quot;eael-col-2&quot;,&quot;eael_post_grid_columns_mobile&quot;:&quot;eael-col-1&quot;}\" data-widget_type=\"eael-post-grid.default\">\n\t\t\t\t\t<div id=\"eael-post-grid-f4c9e0b\" class=\"eael-post-grid-container\">\n            <div class=\"eael-post-grid eael-post-appender eael-post-appender-f4c9e0b eael-post-grid-style-one\" data-layout-mode=\"masonry\"><article class=\"eael-grid-post  eael-post-grid-column eael-pg-post-5538 category-arte-cultura-guate-nuestra tags-joyas-de-antigua-guatemala\" data-id=\"5538\">\n        <div class=\"eael-grid-post-holder\">\n            <div class=\"eael-grid-post-holder-inner\"><div class=\"eael-entry-media\"><div class=\"eael-entry-overlay fade-in\"><i class=\"far fa-hand-pointer\" aria-hidden=\"true\"><\/i><a href=\"https:\/\/soymigrante.com\/revista\/antigua-guatemala-arco-de-santa-catalina-tesoro-colonial-patrimonio\/\"><\/a><\/div><div class=\"eael-entry-thumbnail \">\n                <img loading=\"lazy\" decoding=\"async\" width=\"1024\" height=\"760\" src=\"https:\/\/soymigrante.com\/revista\/wp-content\/uploads\/2024\/03\/copia-copia-1024x760.webp\" class=\"attachment-large size-large wp-image-5539\" alt=\"Arco de Santa Catalina cumple 330 a\u00f1os en 2024, se encuentra en Antigua Guatemala, ciudad colonial Patrimonio de la Humanidad.\" srcset=\"https:\/\/soymigrante.com\/revista\/wp-content\/uploads\/2024\/03\/copia-copia-1024x760.webp 1024w, https:\/\/soymigrante.com\/revista\/wp-content\/uploads\/2024\/03\/copia-copia-300x223.webp 300w, https:\/\/soymigrante.com\/revista\/wp-content\/uploads\/2024\/03\/copia-copia-768x570.webp 768w, https:\/\/soymigrante.com\/revista\/wp-content\/uploads\/2024\/03\/copia-copia-750x557.webp 750w, https:\/\/soymigrante.com\/revista\/wp-content\/uploads\/2024\/03\/copia-copia.webp 1048w\" sizes=\"(max-width: 1024px) 100vw, 1024px\" \/>\n            <\/div>\n        <\/div><div class=\"eael-entry-wrapper\"><header class=\"eael-entry-header\"><h2 class=\"eael-entry-title\"><a class=\"eael-grid-post-link\" href=\"https:\/\/soymigrante.com\/revista\/antigua-guatemala-arco-de-santa-catalina-tesoro-colonial-patrimonio\/\" title=\"Joyas de Antigua Guatemala: \u00bfCu\u00e1ndo se construy\u00f3 el ic\u00f3nico Arco de Santa Catalina y por qu\u00e9?\">Joyas de Antigua Guatemala: \u00bfCu\u00e1ndo se construy\u00f3 el ic\u00f3nico Arco de Santa Catalina y por qu\u00e9?<\/a><\/h2><\/header><div class=\"eael-entry-content\">\n                        <div class=\"eael-grid-post-excerpt\"><a href=\"https:\/\/soymigrante.com\/revista\/antigua-guatemala-arco-de-santa-catalina-tesoro-colonial-patrimonio\/\" class=\"eael-post-elements-readmore-btn\">CONOCE SU HISTORIA <\/a><\/div>\n                    <\/div><\/div><\/div>\n        <\/div>\n    <\/article><article class=\"eael-grid-post  eael-post-grid-column eael-pg-post-33627 category-guate-nuestra\" data-id=\"33627\">\n        <div class=\"eael-grid-post-holder\">\n            <div class=\"eael-grid-post-holder-inner\"><div class=\"eael-entry-media\"><div class=\"eael-entry-overlay fade-in\"><i class=\"far fa-hand-pointer\" aria-hidden=\"true\"><\/i><a href=\"https:\/\/soymigrante.com\/revista\/viene-el-dia-de-los-museos-15-museos-guatemaltecos-que-siempre-te-sorprenderan\/\"><\/a><\/div><div class=\"eael-entry-thumbnail \">\n                <img loading=\"lazy\" decoding=\"async\" width=\"474\" height=\"314\" src=\"https:\/\/soymigrante.com\/revista\/wp-content\/uploads\/2025\/05\/Museo-nacional-de-arqueologia-e1747330125149.webp\" class=\"attachment-large size-large wp-image-33628\" alt=\"Instituto Nacional de Antropolog\u00eda e Historia (INAH) en M\u00e9xico, edificio hist\u00f3rico y cultural reconocido por su arquitectura colonial y su importancia en la preservaci\u00f3n del patrimonio cultural.\" \/>\n            <\/div>\n        <\/div><div class=\"eael-entry-wrapper\"><header class=\"eael-entry-header\"><h2 class=\"eael-entry-title\"><a class=\"eael-grid-post-link\" href=\"https:\/\/soymigrante.com\/revista\/viene-el-dia-de-los-museos-15-museos-guatemaltecos-que-siempre-te-sorprenderan\/\" title=\"Viene el D\u00eda de los Museos: 15 museos guatemaltecos que siempre te sorprender\u00e1n\">Viene el D\u00eda de los Museos: 15 museos guatemaltecos que siempre te sorprender\u00e1n<\/a><\/h2><\/header><div class=\"eael-entry-content\">\n                        <div class=\"eael-grid-post-excerpt\"><a href=\"https:\/\/soymigrante.com\/revista\/viene-el-dia-de-los-museos-15-museos-guatemaltecos-que-siempre-te-sorprenderan\/\" class=\"eael-post-elements-readmore-btn\">CONOCE SU HISTORIA <\/a><\/div>\n                    <\/div><\/div><\/div>\n        <\/div>\n    <\/article><article class=\"eael-grid-post  eael-post-grid-column eael-pg-post-26472 category-guate-nuestra\" data-id=\"26472\">\n        <div class=\"eael-grid-post-holder\">\n            <div class=\"eael-grid-post-holder-inner\"><div class=\"eael-entry-media\"><div class=\"eael-entry-overlay fade-in\"><i class=\"far fa-hand-pointer\" aria-hidden=\"true\"><\/i><a href=\"https:\/\/soymigrante.com\/revista\/cuando-se-descubrio-tikal-y-cual-era-su-nombre-prehispanico\/\"><\/a><\/div><div class=\"eael-entry-thumbnail \">\n                <img loading=\"lazy\" decoding=\"async\" width=\"766\" height=\"766\" src=\"https:\/\/soymigrante.com\/revista\/wp-content\/uploads\/2025\/02\/Boda-tikal--e1740608132635.webp\" class=\"attachment-large size-large wp-image-24930\" alt=\"Gran pir\u00e1mide maya en ruinas en un entorno selv\u00e1tico, s\u00edmbolo de la cultura ancestral y el turismo en M\u00e9xico.\" srcset=\"https:\/\/soymigrante.com\/revista\/wp-content\/uploads\/2025\/02\/Boda-tikal--e1740608132635.webp 766w, https:\/\/soymigrante.com\/revista\/wp-content\/uploads\/2025\/02\/Boda-tikal--e1740608132635-300x300.jpeg 300w, https:\/\/soymigrante.com\/revista\/wp-content\/uploads\/2025\/02\/Boda-tikal--e1740608132635-150x150.jpeg 150w, https:\/\/soymigrante.com\/revista\/wp-content\/uploads\/2025\/02\/Boda-tikal--e1740608132635-75x75.webp 75w, https:\/\/soymigrante.com\/revista\/wp-content\/uploads\/2025\/02\/Boda-tikal--e1740608132635-750x750.webp 750w\" sizes=\"(max-width: 766px) 100vw, 766px\" \/>\n            <\/div>\n        <\/div><div class=\"eael-entry-wrapper\"><header class=\"eael-entry-header\"><h2 class=\"eael-entry-title\"><a class=\"eael-grid-post-link\" href=\"https:\/\/soymigrante.com\/revista\/cuando-se-descubrio-tikal-y-cual-era-su-nombre-prehispanico\/\" title=\"\u00bfCu\u00e1ndo se descubri\u00f3 Tikal y cu\u00e1l era su nombre prehisp\u00e1nico?\">\u00bfCu\u00e1ndo se descubri\u00f3 Tikal y cu\u00e1l era su nombre prehisp\u00e1nico?<\/a><\/h2><\/header><div class=\"eael-entry-content\">\n                        <div class=\"eael-grid-post-excerpt\"><a href=\"https:\/\/soymigrante.com\/revista\/cuando-se-descubrio-tikal-y-cual-era-su-nombre-prehispanico\/\" class=\"eael-post-elements-readmore-btn\">CONOCE SU HISTORIA <\/a><\/div>\n                    <\/div><\/div><\/div>\n        <\/div>\n    <\/article><\/div>\n            <div class=\"clearfix\"><\/div>\n        <\/div>\t\t\t\t<\/div>\n\t\t\t\t\t<\/div>\n\t\t\t\t<\/div>\n\t\t\t\t<\/div>\n\t\t","protected":false},"excerpt":{"rendered":"<p>Much\u00edsimo antes de Google Earth, toda Guatemala estaba a la vista del visitante. El Mapa en Relieve de Guatemala, es \u00fanico, est\u00e1 por cumplir 120 de haber sido inaugurado y sigue sorprendiendo por su exactitud En el coraz\u00f3n del Parque Minerva, en la zona 2 capitalina, se encuentra una de las obras m\u00e1s impresionantes y [&hellip;]<\/p>\n","protected":false},"author":1,"featured_media":38316,"comment_status":"open","ping_status":"open","sticky":false,"template":"","format":"standard","meta":{"_acf_changed":false,"_eb_attr":"","footnotes":""},"categories":[58],"tags":[],"class_list":["post-38315","post","type-post","status-publish","format-standard","has-post-thumbnail","hentry","category-guate-nuestra"],"acf":[],"aioseo_notices":[],"aioseo_head":"\n\t\t<!-- All in One SEO Pro 4.9.6.2 - aioseo.com -->\n\t<meta name=\"description\" content=\"La ciudad maya de Tikal en Pet\u00e9n, Guatemala es Patrimonio Cultural de la Humanidad desde 1979 y fue descubierta m\u00e1s de un siglo antes de ello. Preguntas y respuestas\" \/>\n\t<meta name=\"robots\" content=\"max-snippet:-1, max-image-preview:large, max-video-preview:-1\" \/>\n\t<meta name=\"author\" content=\"Gustavo Montenegro\"\/>\n\t<link rel=\"canonical\" href=\"https:\/\/soymigrante.com\/revista\/cuando-se-descubrio-tikal-y-cual-era-su-nombre-prehispanico\/\" \/>\n\t<meta name=\"generator\" content=\"All in One SEO Pro (AIOSEO) 4.9.6.2\" \/>\n\n\t\t<link rel=\"preconnect\" href=\"https:\/\/fonts.googleapis.com\" crossorigin>\n<link rel=\"preconnect\" href=\"https:\/\/fonts.gstatic.com\" crossorigin>\n\t\t<meta property=\"og:locale\" content=\"es_ES\" \/>\n\t\t<meta property=\"og:site_name\" content=\"SoyMigrante.com REVISTA \u2013 Nuestra misi\u00f3n es reconocer y dignificar al migrante.\" \/>\n\t\t<meta property=\"og:type\" content=\"article\" \/>\n\t\t<meta property=\"og:title\" content=\"\u00bfCu\u00e1ndo se descubri\u00f3 Tikal y cu\u00e1l era su nombre prehisp\u00e1nico?\" \/>\n\t\t<meta property=\"og:description\" content=\"La ciudad maya de Tikal en Pet\u00e9n, Guatemala es Patrimonio Cultural de la Humanidad desde 1979 y fue descubierta m\u00e1s de un siglo antes de ello. Preguntas y respuestas\" \/>\n\t\t<meta property=\"og:url\" content=\"https:\/\/soymigrante.com\/revista\/cuando-se-descubrio-tikal-y-cual-era-su-nombre-prehispanico\/\" \/>\n\t\t<meta property=\"og:image\" content=\"https:\/\/soymigrante.com\/revista\/wp-content\/uploads\/2025\/02\/Boda-tikal--e1740608132635.webp\" \/>\n\t\t<meta property=\"og:image:secure_url\" content=\"https:\/\/soymigrante.com\/revista\/wp-content\/uploads\/2025\/02\/Boda-tikal--e1740608132635.webp\" \/>\n\t\t<meta property=\"og:image:width\" content=\"766\" \/>\n\t\t<meta property=\"og:image:height\" content=\"766\" \/>\n\t\t<meta property=\"article:published_time\" content=\"2025-02-26T22:15:51+00:00\" \/>\n\t\t<meta property=\"article:modified_time\" content=\"2025-02-26T22:30:02+00:00\" \/>\n\t\t<meta property=\"article:publisher\" content=\"https:\/\/www.facebook.com\/soymigrantecom\" \/>\n\t\t<meta name=\"twitter:card\" content=\"summary_large_image\" \/>\n\t\t<meta name=\"twitter:site\" content=\"@SoyMigrante_com\" \/>\n\t\t<meta name=\"twitter:title\" content=\"\u00bfCu\u00e1ndo se descubri\u00f3 Tikal y cu\u00e1l era su nombre prehisp\u00e1nico?\" \/>\n\t\t<meta name=\"twitter:description\" content=\"La ciudad maya de Tikal en Pet\u00e9n, Guatemala es Patrimonio Cultural de la Humanidad desde 1979 y fue descubierta m\u00e1s de un siglo antes de ello. Preguntas y respuestas\" \/>\n\t\t<meta name=\"twitter:creator\" content=\"@SoyMigrante_com\" \/>\n\t\t<meta name=\"twitter:image\" content=\"https:\/\/soymigrante.com\/revista\/wp-content\/uploads\/2025\/02\/Boda-tikal--e1740608132635.webp\" \/>\n\t\t<!-- All in One SEO Pro -->\r\n\t\t<title>\u00bfCu\u00e1ndo se descubri\u00f3 Tikal y cu\u00e1l era su nombre prehisp\u00e1nico?<\/title>\n\n","aioseo_head_json":{"title":"\u00bfCu\u00e1ndo se descubri\u00f3 Tikal y cu\u00e1l era su nombre prehisp\u00e1nico?","description":"La ciudad maya de Tikal en Pet\u00e9n, Guatemala es Patrimonio Cultural de la Humanidad desde 1979 y fue descubierta m\u00e1s de un siglo antes de ello. Preguntas y respuestas","canonical_url":"https:\/\/soymigrante.com\/revista\/cuando-se-descubrio-tikal-y-cual-era-su-nombre-prehispanico\/","robots":"max-snippet:-1, max-image-preview:large, max-video-preview:-1","keywords":"","webmasterTools":{"miscellaneous":"&lt;link rel=\"preconnect\" href=\"https:\/\/fonts.googleapis.com\" crossorigin&gt;\n&lt;link rel=\"preconnect\" href=\"https:\/\/fonts.gstatic.com\" crossorigin&gt;"},"schema":null,"og:locale":"es_ES","og:site_name":"SoyMigrante.com REVISTA \u2013 Nuestra misi\u00f3n es reconocer y dignificar al migrante.","og:type":"article","og:title":"\u00bfCu\u00e1ndo se descubri\u00f3 Tikal y cu\u00e1l era su nombre prehisp\u00e1nico?","og:description":"La ciudad maya de Tikal en Pet\u00e9n, Guatemala es Patrimonio Cultural de la Humanidad desde 1979 y fue descubierta m\u00e1s de un siglo antes de ello. Preguntas y respuestas","og:url":"https:\/\/soymigrante.com\/revista\/cuando-se-descubrio-tikal-y-cual-era-su-nombre-prehispanico\/","og:image":"https:\/\/soymigrante.com\/revista\/wp-content\/uploads\/2025\/02\/Boda-tikal--e1740608132635.webp","og:image:secure_url":"https:\/\/soymigrante.com\/revista\/wp-content\/uploads\/2025\/02\/Boda-tikal--e1740608132635.webp","og:image:width":766,"og:image:height":766,"article:published_time":"2025-02-26T22:15:51+00:00","article:modified_time":"2025-02-26T22:30:02+00:00","article:publisher":"https:\/\/www.facebook.com\/soymigrantecom","twitter:card":"summary_large_image","twitter:site":"@SoyMigrante_com","twitter:title":"\u00bfCu\u00e1ndo se descubri\u00f3 Tikal y cu\u00e1l era su nombre prehisp\u00e1nico?","twitter:description":"La ciudad maya de Tikal en Pet\u00e9n, Guatemala es Patrimonio Cultural de la Humanidad desde 1979 y fue descubierta m\u00e1s de un siglo antes de ello. Preguntas y respuestas","twitter:creator":"@SoyMigrante_com","twitter:image":"https:\/\/soymigrante.com\/revista\/wp-content\/uploads\/2025\/02\/Boda-tikal--e1740608132635.webp"},"aioseo_meta_data":{"post_id":"38315","title":null,"description":"Desde hace 120 a\u00f1os, mucho antes de Google Maps, el Mapa en Relieve de Guatemala muestra al visitante los 108 mil 880 kil\u00f3metros cuadrados de Guatemala.","keywords":null,"keyphrases":{"focus":{"keyphrase":"Mapa en Relieve","score":91,"analysis":{"keyphraseInTitle":{"score":9,"maxScore":9,"error":0},"keyphraseInDescription":{"score":9,"maxScore":9,"error":0},"keyphraseLength":{"score":9,"maxScore":9,"error":0,"length":3},"keyphraseInURL":{"score":5,"maxScore":5,"error":0},"keyphraseInIntroduction":{"score":9,"maxScore":9,"error":0},"keyphraseInSubHeadings":{"score":3,"maxScore":9,"error":1},"keyphraseInImageAlt":{"score":9,"maxScore":9,"error":0},"keywordDensity":{"type":"best","score":9,"maxScore":9,"error":0}}},"additional":[{"keyphrase":"Guatemala","score":100,"analysis":{"keyphraseInDescription":{"score":9,"maxScore":9,"error":0},"keyphraseLength":{"score":9,"maxScore":9,"error":0,"length":1},"keyphraseInIntroduction":{"score":9,"maxScore":9,"error":0},"keyphraseInImageAlt":{"score":9,"maxScore":9,"error":0},"keywordDensity":{"type":"best","score":9,"maxScore":9,"error":0}}}]},"primary_term":null,"canonical_url":null,"og_title":null,"og_description":null,"og_object_type":"default","og_image_type":"default","og_image_url":null,"og_image_width":null,"og_image_height":null,"og_image_custom_url":null,"og_image_custom_fields":null,"og_video":"","og_custom_url":null,"og_article_section":null,"og_article_tags":null,"twitter_use_og":false,"twitter_card":"default","twitter_image_type":"default","twitter_image_url":null,"twitter_image_custom_url":null,"twitter_image_custom_fields":null,"twitter_title":null,"twitter_description":null,"schema":{"blockGraphs":[],"customGraphs":[],"default":{"data":{"Article":[],"Course":[],"Dataset":[],"FAQPage":[],"Movie":[],"Person":[],"Product":[],"ProductReview":[],"Car":[],"Recipe":[],"Service":[],"SoftwareApplication":[],"WebPage":[]},"graphName":"NewsArticle","isEnabled":true},"graphs":[]},"schema_type":"default","schema_type_options":null,"pillar_content":false,"robots_default":true,"robots_noindex":false,"robots_noarchive":false,"robots_nosnippet":false,"robots_nofollow":false,"robots_noimageindex":false,"robots_noodp":false,"robots_notranslate":false,"robots_max_snippet":"-1","robots_max_videopreview":"-1","robots_max_imagepreview":"large","priority":null,"frequency":"default","local_seo":null,"seo_analyzer_scan_date":"2025-10-29 16:30:23","breadcrumb_settings":null,"limit_modified_date":false,"reviewed_by":"0","open_ai":null,"ai":{"faqs":[],"keyPoints":[],"titles":[],"descriptions":[],"socialPosts":{"email":[],"linkedin":[],"twitter":[],"facebook":[],"instagram":[]}},"created":"2025-07-02 19:21:39","updated":"2026-02-05 06:56:16"},"aioseo_breadcrumb":"<div class=\"aioseo-breadcrumbs\"><span class=\"aioseo-breadcrumb\">\n\t<a href=\"https:\/\/soymigrante.com\/revista\" title=\"Home\">Home<\/a>\n<\/span><span class=\"aioseo-breadcrumb-separator\">\u00bb<\/span><span class=\"aioseo-breadcrumb\">\n\t<a href=\"https:\/\/soymigrante.com\/revista\/category\/guate-nuestra\/\" title=\"Guate Nuestra\">Guate Nuestra<\/a>\n<\/span><span class=\"aioseo-breadcrumb-separator\">\u00bb<\/span><span class=\"aioseo-breadcrumb\">\n\tEl Mapa en Relieve de Guatemala: centenaria maravilla sin igual\n<\/span><\/div>","aioseo_breadcrumb_json":[{"label":"Home","link":"https:\/\/soymigrante.com\/revista"},{"label":"Guate Nuestra","link":"https:\/\/soymigrante.com\/revista\/category\/guate-nuestra\/"},{"label":"El Mapa en Relieve de Guatemala: centenaria maravilla sin igual","link":"https:\/\/soymigrante.com\/revista\/el-mapa-en-relieve-de-guatemala-centenaria-maravilla-sin-igual\/"}],"_links":{"self":[{"href":"https:\/\/soymigrante.com\/revista\/wp-json\/wp\/v2\/posts\/38315","targetHints":{"allow":["GET"]}}],"collection":[{"href":"https:\/\/soymigrante.com\/revista\/wp-json\/wp\/v2\/posts"}],"about":[{"href":"https:\/\/soymigrante.com\/revista\/wp-json\/wp\/v2\/types\/post"}],"author":[{"embeddable":true,"href":"https:\/\/soymigrante.com\/revista\/wp-json\/wp\/v2\/users\/1"}],"replies":[{"embeddable":true,"href":"https:\/\/soymigrante.com\/revista\/wp-json\/wp\/v2\/comments?post=38315"}],"version-history":[{"count":21,"href":"https:\/\/soymigrante.com\/revista\/wp-json\/wp\/v2\/posts\/38315\/revisions"}],"predecessor-version":[{"id":47857,"href":"https:\/\/soymigrante.com\/revista\/wp-json\/wp\/v2\/posts\/38315\/revisions\/47857"}],"wp:featuredmedia":[{"embeddable":true,"href":"https:\/\/soymigrante.com\/revista\/wp-json\/wp\/v2\/media\/38316"}],"wp:attachment":[{"href":"https:\/\/soymigrante.com\/revista\/wp-json\/wp\/v2\/media?parent=38315"}],"wp:term":[{"taxonomy":"category","embeddable":true,"href":"https:\/\/soymigrante.com\/revista\/wp-json\/wp\/v2\/categories?post=38315"},{"taxonomy":"post_tag","embeddable":true,"href":"https:\/\/soymigrante.com\/revista\/wp-json\/wp\/v2\/tags?post=38315"}],"curies":[{"name":"wp","href":"https:\/\/api.w.org\/{rel}","templated":true}]}}