{"id":38273,"date":"2025-07-02T12:51:47","date_gmt":"2025-07-02T18:51:47","guid":{"rendered":"https:\/\/soymigrante.com\/revista\/?p=38273"},"modified":"2025-08-27T11:50:22","modified_gmt":"2025-08-27T17:50:22","slug":"goleada-de-creatividad-y-humor-galeria-de-memes-por-juego-semifinal-guatemala-usa-en-copa-oro","status":"publish","type":"post","link":"https:\/\/soymigrante.com\/revista\/goleada-de-creatividad-y-humor-galeria-de-memes-por-juego-semifinal-guatemala-usa-en-copa-oro\/","title":{"rendered":"Goleada de creatividad y humor: galer\u00eda de memes por juego semifinal Guatemala-USA en Copa Oro"},"content":{"rendered":"\t\t<div data-elementor-type=\"wp-post\" data-elementor-id=\"38273\" class=\"elementor elementor-38273\" data-elementor-post-type=\"post\">\n\t\t\t\t<div data-particle_enable=\"false\" data-particle-mobile-disabled=\"false\" class=\"elementor-element elementor-element-75dc71f e-flex e-con-boxed e-con e-parent\" data-id=\"75dc71f\" data-element_type=\"container\" data-e-type=\"container\">\n\t\t\t\t\t<div class=\"e-con-inner\">\n\t\t\t\t<div class=\"elementor-element elementor-element-530d510 elementor-widget elementor-widget-heading\" data-id=\"530d510\" data-element_type=\"widget\" data-e-type=\"widget\" data-widget_type=\"heading.default\">\n\t\t\t\t\t<h2 class=\"elementor-heading-title elementor-size-default\">Humor, amor a la patria y mucha creatividad ganan por goleada de sonrisas en los memes alusivos al partido semifinal de Copa Oro entre Guatemala y Estados Unidos. <\/h2>\t\t\t\t<\/div>\n\t\t\t\t\t<\/div>\n\t\t\t\t<\/div>\n\t\t<div data-particle_enable=\"false\" data-particle-mobile-disabled=\"false\" class=\"elementor-element elementor-element-d7b5f17 e-flex e-con-boxed e-con e-parent\" data-id=\"d7b5f17\" data-element_type=\"container\" data-e-type=\"container\">\n\t\t\t\t\t<div class=\"e-con-inner\">\n\t\t\t\t<div class=\"elementor-element elementor-element-1ab784d elementor-widget elementor-widget-image-gallery\" data-id=\"1ab784d\" data-element_type=\"widget\" data-e-type=\"widget\" data-widget_type=\"image-gallery.default\">\n\t\t\t\t\t\t\t<div class=\"elementor-image-gallery\">\n\t\t\t<div id='gallery-1' class='gallery galleryid-38273 gallery-columns-1 gallery-size-large'><figure class='gallery-item'>\n\t\t\t<div class='gallery-icon portrait'>\n\t\t\t\t<a data-elementor-open-lightbox=\"yes\" data-elementor-lightbox-slideshow=\"1ab784d\" data-elementor-lightbox-title=\"514062548_2486373025044558_57525087305610195_n\" data-elementor-lightbox-description=\"Image description: La imagen muestra un personaje de ave con cuerpo y plumas verdes, vestida con la camiseta del club de f\u00fatbol Delf\u00edn, en un campo de c\u00e9sped, con un bal\u00f3n debajo de una pata y un fondo de estadio, combinando elementos de f\u00fatbol, migraci\u00f3n y cultura popular en una ilustraci\u00f3n humor\u00edstica.\" data-e-action-hash=\"#elementor-action%3Aaction%3Dlightbox%26settings%3DeyJpZCI6MzgyOTgsInVybCI6Imh0dHBzOlwvXC9zb3ltaWdyYW50ZS5jb21cL3JldmlzdGFcL3dwLWNvbnRlbnRcL3VwbG9hZHNcLzIwMjVcLzA3XC81MTQwNjI1NDhfMjQ4NjM3MzAyNTA0NDU1OF81NzUyNTA4NzMwNTYxMDE5NV9uLndlYnAiLCJzbGlkZXNob3ciOiIxYWI3ODRkIn0%3D\" href='https:\/\/soymigrante.com\/revista\/wp-content\/uploads\/2025\/07\/514062548_2486373025044558_57525087305610195_n.webp'><img fetchpriority=\"high\" decoding=\"async\" width=\"659\" height=\"1024\" src=\"https:\/\/soymigrante.com\/revista\/wp-content\/uploads\/2025\/07\/514062548_2486373025044558_57525087305610195_n-659x1024.jpg\" class=\"attachment-large size-large\" alt=\"Alt: P\u00e1jaro disfrazado de futbolista con camiseta de un club, sosteniendo un bal\u00f3n en un estadio, imagen humor\u00edstica y creativa para fan\u00e1ticos del f\u00fatbol y la cultura migrante.\" aria-describedby=\"gallery-1-38298\" srcset=\"https:\/\/soymigrante.com\/revista\/wp-content\/uploads\/2025\/07\/514062548_2486373025044558_57525087305610195_n-659x1024.jpg 659w, https:\/\/soymigrante.com\/revista\/wp-content\/uploads\/2025\/07\/514062548_2486373025044558_57525087305610195_n-193x300.jpg 193w, https:\/\/soymigrante.com\/revista\/wp-content\/uploads\/2025\/07\/514062548_2486373025044558_57525087305610195_n.webp 694w\" sizes=\"(max-width: 659px) 100vw, 659px\" title=\"514062548_2486373025044558_57525087305610195_n \u2013 SoyMigrante.com REVISTA\" \/><\/a>\n\t\t\t<\/div>\n\t\t\t\t<figcaption class='wp-caption-text gallery-caption' id='gallery-1-38298'>\n\t\t\t\tCaption: Imagen divertida de un ave con aspecto humano, vestida con camiseta de f\u00fatbol y jugando en un campo, ideal para publicaciones sobre cultura, migraci\u00f3n y deportes en SoyMigrante.com.\n\t\t\t\t<\/figcaption><\/figure><figure class='gallery-item'>\n\t\t\t<div class='gallery-icon portrait'>\n\t\t\t\t<a data-elementor-open-lightbox=\"yes\" data-elementor-lightbox-slideshow=\"1ab784d\" data-elementor-lightbox-title=\"Captura de pantalla 2025-07-02 123131\" data-elementor-lightbox-description=\"La imagen muestra el logo de Starbucks Coffee y un paquete de caf\u00e9 instant\u00e1neo La Jarrilla, reflejando marcas reconocidas en la cultura migrante para disfrutar de caf\u00e9 en casa o en movimiento.\" data-e-action-hash=\"#elementor-action%3Aaction%3Dlightbox%26settings%3DeyJpZCI6MzgyODMsInVybCI6Imh0dHBzOlwvXC9zb3ltaWdyYW50ZS5jb21cL3JldmlzdGFcL3dwLWNvbnRlbnRcL3VwbG9hZHNcLzIwMjVcLzA3XC9DYXB0dXJhLWRlLXBhbnRhbGxhLTIwMjUtMDctMDItMTIzMTMxLndlYnAiLCJzbGlkZXNob3ciOiIxYWI3ODRkIn0%3D\" href='https:\/\/soymigrante.com\/revista\/wp-content\/uploads\/2025\/07\/Captura-de-pantalla-2025-07-02-123131.webp'><img decoding=\"async\" width=\"882\" height=\"941\" src=\"https:\/\/soymigrante.com\/revista\/wp-content\/uploads\/2025\/07\/Captura-de-pantalla-2025-07-02-123131.webp\" class=\"attachment-large size-large\" alt=\"Starbucks Coffee logo and instant La Jarrilla coffee package, emphasizing popular coffee brands and products for migrants and coffee enthusiasts.\" aria-describedby=\"gallery-1-38283\" srcset=\"https:\/\/soymigrante.com\/revista\/wp-content\/uploads\/2025\/07\/Captura-de-pantalla-2025-07-02-123131.webp 882w, https:\/\/soymigrante.com\/revista\/wp-content\/uploads\/2025\/07\/Captura-de-pantalla-2025-07-02-123131-281x300.png 281w, https:\/\/soymigrante.com\/revista\/wp-content\/uploads\/2025\/07\/Captura-de-pantalla-2025-07-02-123131-768x819.png 768w, https:\/\/soymigrante.com\/revista\/wp-content\/uploads\/2025\/07\/Captura-de-pantalla-2025-07-02-123131-750x800.webp 750w\" sizes=\"(max-width: 882px) 100vw, 882px\" title=\"Captura de pantalla 2025-07-02 123131 \u2013 SoyMigrante.com REVISTA\" \/><\/a>\n\t\t\t<\/div>\n\t\t\t\t<figcaption class='wp-caption-text gallery-caption' id='gallery-1-38283'>\n\t\t\t\tA close-up of the Starbucks Coffee logo alongside a package of La Jarrilla instant coffee, highlighting cultural preferences and familiar brands for migrant communities and coffee lovers.\n\t\t\t\t<\/figcaption><\/figure><figure class='gallery-item'>\n\t\t\t<div class='gallery-icon landscape'>\n\t\t\t\t<a data-elementor-open-lightbox=\"yes\" data-elementor-lightbox-slideshow=\"1ab784d\" data-elementor-lightbox-title=\"Captura de pantalla 2025-06-30 162305\" data-elementor-lightbox-description=\"Fotograf\u00eda de un colorido ave tropical en vuelo en la selva de Guatemala, resaltando la diversidad de aves en su h\u00e1bitat natural y promoviendo la conservaci\u00f3n de especies en peligro.\" data-e-action-hash=\"#elementor-action%3Aaction%3Dlightbox%26settings%3DeyJpZCI6MzgyODUsInVybCI6Imh0dHBzOlwvXC9zb3ltaWdyYW50ZS5jb21cL3JldmlzdGFcL3dwLWNvbnRlbnRcL3VwbG9hZHNcLzIwMjVcLzA3XC9DYXB0dXJhLWRlLXBhbnRhbGxhLTIwMjUtMDYtMzAtMTYyMzA1LndlYnAiLCJzbGlkZXNob3ciOiIxYWI3ODRkIn0%3D\" href='https:\/\/soymigrante.com\/revista\/wp-content\/uploads\/2025\/07\/Captura-de-pantalla-2025-06-30-162305.webp'><img decoding=\"async\" width=\"888\" height=\"776\" src=\"https:\/\/soymigrante.com\/revista\/wp-content\/uploads\/2025\/07\/Captura-de-pantalla-2025-06-30-162305.webp\" class=\"attachment-large size-large\" alt=\"Vendedor de p\u00e1jaros en la selva tropical con una variedad de especies en su escaparate natural, mostrando la biodiversidad y riqueza ecol\u00f3gica de Guatemala.\" aria-describedby=\"gallery-1-38285\" srcset=\"https:\/\/soymigrante.com\/revista\/wp-content\/uploads\/2025\/07\/Captura-de-pantalla-2025-06-30-162305.webp 888w, https:\/\/soymigrante.com\/revista\/wp-content\/uploads\/2025\/07\/Captura-de-pantalla-2025-06-30-162305-300x262.png 300w, https:\/\/soymigrante.com\/revista\/wp-content\/uploads\/2025\/07\/Captura-de-pantalla-2025-06-30-162305-768x671.png 768w, https:\/\/soymigrante.com\/revista\/wp-content\/uploads\/2025\/07\/Captura-de-pantalla-2025-06-30-162305-750x655.webp 750w\" sizes=\"(max-width: 888px) 100vw, 888px\" title=\"Captura de pantalla 2025-06-30 162305 \u2013 SoyMigrante.com REVISTA\" \/><\/a>\n\t\t\t<\/div>\n\t\t\t\t<figcaption class='wp-caption-text gallery-caption' id='gallery-1-38285'>\n\t\t\t\tEspectacular imagen de un ave ex\u00f3tica en vuelo, representando la biodiversidad de Guatemala y su importancia en la conservaci\u00f3n de especies silvestres en el pa\u00eds.\n\t\t\t\t<\/figcaption><\/figure><figure class='gallery-item'>\n\t\t\t<div class='gallery-icon landscape'>\n\t\t\t\t<a data-elementor-open-lightbox=\"yes\" data-elementor-lightbox-slideshow=\"1ab784d\" data-elementor-lightbox-title=\"515089669_122127723962826756_6632475265247236943_n\" data-elementor-lightbox-description=\"#image_title #separator_sa\" data-e-action-hash=\"#elementor-action%3Aaction%3Dlightbox%26settings%3DeyJpZCI6MzgyOTcsInVybCI6Imh0dHBzOlwvXC9zb3ltaWdyYW50ZS5jb21cL3JldmlzdGFcL3dwLWNvbnRlbnRcL3VwbG9hZHNcLzIwMjVcLzA3XC81MTUwODk2NjlfMTIyMTI3NzIzOTYyODI2NzU2XzY2MzI0NzUyNjUyNDcyMzY5NDNfbi53ZWJwIiwic2xpZGVzaG93IjoiMWFiNzg0ZCJ9\" href='https:\/\/soymigrante.com\/revista\/wp-content\/uploads\/2025\/07\/515089669_122127723962826756_6632475265247236943_n.webp'><img loading=\"lazy\" decoding=\"async\" width=\"1024\" height=\"1024\" src=\"https:\/\/soymigrante.com\/revista\/wp-content\/uploads\/2025\/07\/515089669_122127723962826756_6632475265247236943_n.webp\" class=\"attachment-large size-large\" alt=\"Guerrero ind\u00edgena con bandera de Guatemala enfrent\u00e1ndose a Capitan Am\u00e9rica con bandera de EE.UU. en un campo de f\u00fatbol, representaci\u00f3n de historia y migraci\u00f3n en Latinoam\u00e9rica.\" aria-describedby=\"gallery-1-38297\" srcset=\"https:\/\/soymigrante.com\/revista\/wp-content\/uploads\/2025\/07\/515089669_122127723962826756_6632475265247236943_n.webp 1024w, https:\/\/soymigrante.com\/revista\/wp-content\/uploads\/2025\/07\/515089669_122127723962826756_6632475265247236943_n-300x300.jpg 300w, https:\/\/soymigrante.com\/revista\/wp-content\/uploads\/2025\/07\/515089669_122127723962826756_6632475265247236943_n-150x150.jpg 150w, https:\/\/soymigrante.com\/revista\/wp-content\/uploads\/2025\/07\/515089669_122127723962826756_6632475265247236943_n-768x768.jpg 768w, https:\/\/soymigrante.com\/revista\/wp-content\/uploads\/2025\/07\/515089669_122127723962826756_6632475265247236943_n-75x75.webp 75w, https:\/\/soymigrante.com\/revista\/wp-content\/uploads\/2025\/07\/515089669_122127723962826756_6632475265247236943_n-750x750.webp 750w\" sizes=\"(max-width: 1024px) 100vw, 1024px\" title=\"515089669_122127723962826756_6632475265247236943_n \u2013 SoyMigrante.com REVISTA\" \/><\/a>\n\t\t\t<\/div>\n\t\t\t\t<figcaption class='wp-caption-text gallery-caption' id='gallery-1-38297'>\n\t\t\t\tLucha cultural y migraci\u00f3n en Am\u00e9rica Central y EE. UU., representaci\u00f3n de lucha y orgullo en la comunidad migrante.\n\t\t\t\t<\/figcaption><\/figure><figure class='gallery-item'>\n\t\t\t<div class='gallery-icon landscape'>\n\t\t\t\t<a data-elementor-open-lightbox=\"yes\" data-elementor-lightbox-slideshow=\"1ab784d\" data-elementor-lightbox-title=\"514242842_122127724124826756_1705269790551129490_n\" data-elementor-lightbox-description=\"Imagen de Jesucristo abrazando la bandera de Guatemala, representando la fe, esperanza y protecci\u00f3n para los migrantes guatemaltecos en su viaje y comunidades en el exterior.\" data-e-action-hash=\"#elementor-action%3Aaction%3Dlightbox%26settings%3DeyJpZCI6MzgyOTYsInVybCI6Imh0dHBzOlwvXC9zb3ltaWdyYW50ZS5jb21cL3JldmlzdGFcL3dwLWNvbnRlbnRcL3VwbG9hZHNcLzIwMjVcLzA3XC81MTQyNDI4NDJfMTIyMTI3NzI0MTI0ODI2NzU2XzE3MDUyNjk3OTA1NTExMjk0OTBfbi53ZWJwIiwic2xpZGVzaG93IjoiMWFiNzg0ZCJ9\" href='https:\/\/soymigrante.com\/revista\/wp-content\/uploads\/2025\/07\/514242842_122127724124826756_1705269790551129490_n.webp'><img loading=\"lazy\" decoding=\"async\" width=\"736\" height=\"736\" src=\"https:\/\/soymigrante.com\/revista\/wp-content\/uploads\/2025\/07\/514242842_122127724124826756_1705269790551129490_n.webp\" class=\"attachment-large size-large\" alt=\"Guatemala, migrante, integraci\u00f3n, cultura, comunidad, apoyo, derechos, historia, identidad, solidaridad.\" aria-describedby=\"gallery-1-38296\" srcset=\"https:\/\/soymigrante.com\/revista\/wp-content\/uploads\/2025\/07\/514242842_122127724124826756_1705269790551129490_n.webp 736w, https:\/\/soymigrante.com\/revista\/wp-content\/uploads\/2025\/07\/514242842_122127724124826756_1705269790551129490_n-300x300.jpg 300w, https:\/\/soymigrante.com\/revista\/wp-content\/uploads\/2025\/07\/514242842_122127724124826756_1705269790551129490_n-150x150.jpg 150w, https:\/\/soymigrante.com\/revista\/wp-content\/uploads\/2025\/07\/514242842_122127724124826756_1705269790551129490_n-75x75.webp 75w\" sizes=\"(max-width: 736px) 100vw, 736px\" title=\"514242842_122127724124826756_1705269790551129490_n \u2013 SoyMigrante.com REVISTA\" \/><\/a>\n\t\t\t<\/div>\n\t\t\t\t<figcaption class='wp-caption-text gallery-caption' id='gallery-1-38296'>\n\t\t\t\tJesucristo abrazando la bandera de Guatemala, s\u00edmbolo de fe y protecci\u00f3n para los migrantes guatemaltecos en el extranjero.\n\t\t\t\t<\/figcaption><\/figure><figure class='gallery-item'>\n\t\t\t<div class='gallery-icon portrait'>\n\t\t\t\t<a data-elementor-open-lightbox=\"yes\" data-elementor-lightbox-slideshow=\"1ab784d\" data-elementor-lightbox-title=\"memes copa de oro guatemala seleccion 1\" data-elementor-lightbox-description=\"Imagen de dos personajes con cabezas de \u00e1guila y loro, vestidos con camisetas de f\u00fatbol de Estados Unidos y Guatemala, en un estadio, resaltando el deporte, el f\u00fatbol y la cultura deportiva en Latinoam\u00e9rica.\" data-e-action-hash=\"#elementor-action%3Aaction%3Dlightbox%26settings%3DeyJpZCI6MzgyODAsInVybCI6Imh0dHBzOlwvXC9zb3ltaWdyYW50ZS5jb21cL3JldmlzdGFcL3dwLWNvbnRlbnRcL3VwbG9hZHNcLzIwMjVcLzA3XC9tZW1lcy1jb3BhLWRlLW9yby1ndWF0ZW1hbGEtc2VsZWNjaW9uLTEud2VicCIsInNsaWRlc2hvdyI6IjFhYjc4NGQifQ%3D%3D\" href='https:\/\/soymigrante.com\/revista\/wp-content\/uploads\/2025\/07\/memes-copa-de-oro-guatemala-seleccion-1.webp'><img loading=\"lazy\" decoding=\"async\" width=\"683\" height=\"1024\" src=\"https:\/\/soymigrante.com\/revista\/wp-content\/uploads\/2025\/07\/memes-copa-de-oro-guatemala-seleccion-1-683x1024.jpg\" class=\"attachment-large size-large\" alt=\"\u00c1rboles de \u00e1guila y loro disfrazados con uniformes de f\u00fatbol con pelota en campo deportivo.\" aria-describedby=\"gallery-1-38280\" srcset=\"https:\/\/soymigrante.com\/revista\/wp-content\/uploads\/2025\/07\/memes-copa-de-oro-guatemala-seleccion-1-683x1024.jpg 683w, https:\/\/soymigrante.com\/revista\/wp-content\/uploads\/2025\/07\/memes-copa-de-oro-guatemala-seleccion-1-200x300.jpg 200w, https:\/\/soymigrante.com\/revista\/wp-content\/uploads\/2025\/07\/memes-copa-de-oro-guatemala-seleccion-1-768x1152.jpg 768w, https:\/\/soymigrante.com\/revista\/wp-content\/uploads\/2025\/07\/memes-copa-de-oro-guatemala-seleccion-1-750x1125.webp 750w, https:\/\/soymigrante.com\/revista\/wp-content\/uploads\/2025\/07\/memes-copa-de-oro-guatemala-seleccion-1.webp 1024w\" sizes=\"(max-width: 683px) 100vw, 683px\" title=\"memes copa de oro guatemala seleccion 1 \u2013 SoyMigrante.com REVISTA\" \/><\/a>\n\t\t\t<\/div>\n\t\t\t\t<figcaption class='wp-caption-text gallery-caption' id='gallery-1-38280'>\n\t\t\t\tEncuentro entre una \u00e1guila y un loro con disfraces de selecciones nacionales de f\u00fatbol en un evento deportivo.\n\t\t\t\t<\/figcaption><\/figure><figure class='gallery-item'>\n\t\t\t<div class='gallery-icon portrait'>\n\t\t\t\t<a data-elementor-open-lightbox=\"yes\" data-elementor-lightbox-slideshow=\"1ab784d\" data-elementor-lightbox-title=\"memes copa de oro guatemala seleccion 4\" data-elementor-lightbox-description=\"#image_title #separator_sa\" data-e-action-hash=\"#elementor-action%3Aaction%3Dlightbox%26settings%3DeyJpZCI6MzgyNzgsInVybCI6Imh0dHBzOlwvXC9zb3ltaWdyYW50ZS5jb21cL3JldmlzdGFcL3dwLWNvbnRlbnRcL3VwbG9hZHNcLzIwMjVcLzA3XC9tZW1lcy1jb3BhLWRlLW9yby1ndWF0ZW1hbGEtc2VsZWNjaW9uLTQud2VicCIsInNsaWRlc2hvdyI6IjFhYjc4NGQifQ%3D%3D\" href='https:\/\/soymigrante.com\/revista\/wp-content\/uploads\/2025\/07\/memes-copa-de-oro-guatemala-seleccion-4.webp'><img loading=\"lazy\" decoding=\"async\" width=\"819\" height=\"1024\" src=\"https:\/\/soymigrante.com\/revista\/wp-content\/uploads\/2025\/07\/memes-copa-de-oro-guatemala-seleccion-4-819x1024.jpg\" class=\"attachment-large size-large\" alt=\"Pel\u00edcano de Guatemala en cartel de la revista SoyMigrante, con dibujo de un p\u00e1jaro, foto de un futbolista, gato durmiendo en cama y frase &quot;Pero y si s\u00ed?&quot; en la imagen.\" aria-describedby=\"gallery-1-38278\" srcset=\"https:\/\/soymigrante.com\/revista\/wp-content\/uploads\/2025\/07\/memes-copa-de-oro-guatemala-seleccion-4-819x1024.jpg 819w, https:\/\/soymigrante.com\/revista\/wp-content\/uploads\/2025\/07\/memes-copa-de-oro-guatemala-seleccion-4-240x300.jpg 240w, https:\/\/soymigrante.com\/revista\/wp-content\/uploads\/2025\/07\/memes-copa-de-oro-guatemala-seleccion-4-768x960.jpg 768w, https:\/\/soymigrante.com\/revista\/wp-content\/uploads\/2025\/07\/memes-copa-de-oro-guatemala-seleccion-4-750x938.webp 750w, https:\/\/soymigrante.com\/revista\/wp-content\/uploads\/2025\/07\/memes-copa-de-oro-guatemala-seleccion-4.webp 1023w\" sizes=\"(max-width: 819px) 100vw, 819px\" title=\"memes copa de oro guatemala seleccion 4 \u2013 SoyMigrante.com REVISTA\" \/><\/a>\n\t\t\t<\/div>\n\t\t\t\t<figcaption class='wp-caption-text gallery-caption' id='gallery-1-38278'>\n\t\t\t\tTexto alternativo: Imagen humor\u00edstica con un personaje de dibujos animados y un gato en un ambiente de hogar, promoviendo cultura y diversidad en Guatemala.\n\t\t\t\t<\/figcaption><\/figure><figure class='gallery-item'>\n\t\t\t<div class='gallery-icon landscape'>\n\t\t\t\t<a data-elementor-open-lightbox=\"yes\" data-elementor-lightbox-slideshow=\"1ab784d\" data-elementor-lightbox-title=\"Captura de pantalla 2025-06-30 160418\" data-elementor-lightbox-description=\"Imagen humor\u00edstica de perros con camisetas de pa\u00edses en la Copa del Mundo, resaltando la clasificaci\u00f3n de Brasil y Guatemala, con tem\u00e1tica de f\u00fatbol, deportes y estad\u00edsticas.\" data-e-action-hash=\"#elementor-action%3Aaction%3Dlightbox%26settings%3DeyJpZCI6MzgyODYsInVybCI6Imh0dHBzOlwvXC9zb3ltaWdyYW50ZS5jb21cL3JldmlzdGFcL3dwLWNvbnRlbnRcL3VwbG9hZHNcLzIwMjVcLzA3XC9DYXB0dXJhLWRlLXBhbnRhbGxhLTIwMjUtMDYtMzAtMTYwNDE4LndlYnAiLCJzbGlkZXNob3ciOiIxYWI3ODRkIn0%3D\" href='https:\/\/soymigrante.com\/revista\/wp-content\/uploads\/2025\/07\/Captura-de-pantalla-2025-06-30-160418.webp'><img loading=\"lazy\" decoding=\"async\" width=\"761\" height=\"700\" src=\"https:\/\/soymigrante.com\/revista\/wp-content\/uploads\/2025\/07\/Captura-de-pantalla-2025-06-30-160418.webp\" class=\"attachment-large size-large\" alt=\"Perro con camiseta de la selecci\u00f3n de Guatemala y bandera de Brasil, humor deportivo.\" aria-describedby=\"gallery-1-38286\" srcset=\"https:\/\/soymigrante.com\/revista\/wp-content\/uploads\/2025\/07\/Captura-de-pantalla-2025-06-30-160418.webp 761w, https:\/\/soymigrante.com\/revista\/wp-content\/uploads\/2025\/07\/Captura-de-pantalla-2025-06-30-160418-300x276.png 300w, https:\/\/soymigrante.com\/revista\/wp-content\/uploads\/2025\/07\/Captura-de-pantalla-2025-06-30-160418-750x690.webp 750w\" sizes=\"(max-width: 761px) 100vw, 761px\" title=\"Captura de pantalla 2025-06-30 160418 \u2013 SoyMigrante.com REVISTA\" \/><\/a>\n\t\t\t<\/div>\n\t\t\t\t<figcaption class='wp-caption-text gallery-caption' id='gallery-1-38286'>\n\t\t\t\tPerro con camiseta de Guatemala y bandera de Brasil, humor sobre la clasificaci\u00f3n a la Copa del Mundo.\n\t\t\t\t<\/figcaption><\/figure><figure class='gallery-item'>\n\t\t\t<div class='gallery-icon portrait'>\n\t\t\t\t<a data-elementor-open-lightbox=\"yes\" data-elementor-lightbox-slideshow=\"1ab784d\" data-elementor-lightbox-title=\"Captura de pantalla 2025-07-02 124259\" data-elementor-lightbox-description=\"#image_title #separator_sa\" data-e-action-hash=\"#elementor-action%3Aaction%3Dlightbox%26settings%3DeyJpZCI6MzgyODEsInVybCI6Imh0dHBzOlwvXC9zb3ltaWdyYW50ZS5jb21cL3JldmlzdGFcL3dwLWNvbnRlbnRcL3VwbG9hZHNcLzIwMjVcLzA3XC9DYXB0dXJhLWRlLXBhbnRhbGxhLTIwMjUtMDctMDItMTI0MjU5LndlYnAiLCJzbGlkZXNob3ciOiIxYWI3ODRkIn0%3D\" href='https:\/\/soymigrante.com\/revista\/wp-content\/uploads\/2025\/07\/Captura-de-pantalla-2025-07-02-124259.webp'><img loading=\"lazy\" decoding=\"async\" width=\"870\" height=\"945\" src=\"https:\/\/soymigrante.com\/revista\/wp-content\/uploads\/2025\/07\/Captura-de-pantalla-2025-07-02-124259.webp\" class=\"attachment-large size-large\" alt=\"Campeones del f\u00fatbol internacional y personajes de Dragon Ball, representando la pasi\u00f3n y el esp\u00edritu deportivo en la cultura latina y global.\" aria-describedby=\"gallery-1-38281\" srcset=\"https:\/\/soymigrante.com\/revista\/wp-content\/uploads\/2025\/07\/Captura-de-pantalla-2025-07-02-124259.webp 870w, https:\/\/soymigrante.com\/revista\/wp-content\/uploads\/2025\/07\/Captura-de-pantalla-2025-07-02-124259-276x300.png 276w, https:\/\/soymigrante.com\/revista\/wp-content\/uploads\/2025\/07\/Captura-de-pantalla-2025-07-02-124259-768x834.png 768w, https:\/\/soymigrante.com\/revista\/wp-content\/uploads\/2025\/07\/Captura-de-pantalla-2025-07-02-124259-750x815.png 750w\" sizes=\"(max-width: 870px) 100vw, 870px\" title=\"Captura de pantalla 2025-07-02 124259 \u2013 SoyMigrante.com REVISTA\" \/><\/a>\n\t\t\t<\/div>\n\t\t\t\t<figcaption class='wp-caption-text gallery-caption' id='gallery-1-38281'>\n\t\t\t\tIm\u00e1genes ilustrativas de superh\u00e9roes con escudos nacionales de Guatemala y Honduras, simbolizando la migraci\u00f3n y la integraci\u00f3n cultural en Am\u00e9rica Latina, destacando en la revista SoyMigrante.com REVISTA.\n\t\t\t\t<\/figcaption><\/figure><figure class='gallery-item'>\n\t\t\t<div class='gallery-icon portrait'>\n\t\t\t\t<a data-elementor-open-lightbox=\"yes\" data-elementor-lightbox-slideshow=\"1ab784d\" data-elementor-lightbox-title=\"Captura de pantalla 2025-07-02 124217\" data-elementor-lightbox-description=\"#image_title #separator_sa\" data-e-action-hash=\"#elementor-action%3Aaction%3Dlightbox%26settings%3DeyJpZCI6MzgyODIsInVybCI6Imh0dHBzOlwvXC9zb3ltaWdyYW50ZS5jb21cL3JldmlzdGFcL3dwLWNvbnRlbnRcL3VwbG9hZHNcLzIwMjVcLzA3XC9DYXB0dXJhLWRlLXBhbnRhbGxhLTIwMjUtMDctMDItMTI0MjE3LndlYnAiLCJzbGlkZXNob3ciOiIxYWI3ODRkIn0%3D\" href='https:\/\/soymigrante.com\/revista\/wp-content\/uploads\/2025\/07\/Captura-de-pantalla-2025-07-02-124217.webp'><img loading=\"lazy\" decoding=\"async\" width=\"873\" height=\"908\" src=\"https:\/\/soymigrante.com\/revista\/wp-content\/uploads\/2025\/07\/Captura-de-pantalla-2025-07-02-124217.webp\" class=\"attachment-large size-large\" alt=\"Jugador de f\u00fatbol celebrando gol con afici\u00f3n en estadio, amor por el deporte, pasi\u00f3n futbol\u00edstica, f\u00fatbol en vivo, seguidores emocionados, pasi\u00f3n futbol\u00edstica en Argentina, deporte y entretenimiento, imagen deportiva, f\u00fatbol profesional, acci\u00f3n en el campo de juego.\" aria-describedby=\"gallery-1-38282\" srcset=\"https:\/\/soymigrante.com\/revista\/wp-content\/uploads\/2025\/07\/Captura-de-pantalla-2025-07-02-124217.webp 873w, https:\/\/soymigrante.com\/revista\/wp-content\/uploads\/2025\/07\/Captura-de-pantalla-2025-07-02-124217-288x300.png 288w, https:\/\/soymigrante.com\/revista\/wp-content\/uploads\/2025\/07\/Captura-de-pantalla-2025-07-02-124217-768x799.png 768w, https:\/\/soymigrante.com\/revista\/wp-content\/uploads\/2025\/07\/Captura-de-pantalla-2025-07-02-124217-750x780.webp 750w\" sizes=\"(max-width: 873px) 100vw, 873px\" title=\"Captura de pantalla 2025-07-02 124217 \u2013 SoyMigrante.com REVISTA\" \/><\/a>\n\t\t\t<\/div>\n\t\t\t\t<figcaption class='wp-caption-text gallery-caption' id='gallery-1-38282'>\n\t\t\t\tYo creo, celebraci\u00f3n de gol, pasi\u00f3n por el f\u00fatbol, comunidad de hinchas, afici\u00f3n argentina, f\u00fatbol en vivo, entusiasmo deportivo, jugadores y seguidores, pasi\u00f3n futbol\u00edstica, deporte en acci\u00f3n.\n\t\t\t\t<\/figcaption><\/figure><figure class='gallery-item'>\n\t\t\t<div class='gallery-icon portrait'>\n\t\t\t\t<a data-elementor-open-lightbox=\"yes\" data-elementor-lightbox-slideshow=\"1ab784d\" data-elementor-lightbox-title=\"memes copa de oro guatemala seleccion 3\" data-elementor-lightbox-description=\"#image_title #separator_sa\" data-e-action-hash=\"#elementor-action%3Aaction%3Dlightbox%26settings%3DeyJpZCI6MzgyNzcsInVybCI6Imh0dHBzOlwvXC9zb3ltaWdyYW50ZS5jb21cL3JldmlzdGFcL3dwLWNvbnRlbnRcL3VwbG9hZHNcLzIwMjVcLzA3XC9tZW1lcy1jb3BhLWRlLW9yby1ndWF0ZW1hbGEtc2VsZWNjaW9uLTMud2VicCIsInNsaWRlc2hvdyI6IjFhYjc4NGQifQ%3D%3D\" href='https:\/\/soymigrante.com\/revista\/wp-content\/uploads\/2025\/07\/memes-copa-de-oro-guatemala-seleccion-3.webp'><img loading=\"lazy\" decoding=\"async\" width=\"768\" height=\"1024\" src=\"https:\/\/soymigrante.com\/revista\/wp-content\/uploads\/2025\/07\/memes-copa-de-oro-guatemala-seleccion-3-768x1024.jpg\" class=\"attachment-large size-large\" alt=\"Farolillo de un aficionado en estadio de f\u00fatbol sosteniendo cartel en apoyo a un jugador, durante un partido en US Bank Stadium en Minneapolis. Imagen de protesta social relacionada con f\u00fatbol, migrantes y derechos.\" aria-describedby=\"gallery-1-38277\" srcset=\"https:\/\/soymigrante.com\/revista\/wp-content\/uploads\/2025\/07\/memes-copa-de-oro-guatemala-seleccion-3-768x1024.jpg 768w, https:\/\/soymigrante.com\/revista\/wp-content\/uploads\/2025\/07\/memes-copa-de-oro-guatemala-seleccion-3-225x300.jpg 225w, https:\/\/soymigrante.com\/revista\/wp-content\/uploads\/2025\/07\/memes-copa-de-oro-guatemala-seleccion-3-1152x1536.jpg 1152w, https:\/\/soymigrante.com\/revista\/wp-content\/uploads\/2025\/07\/memes-copa-de-oro-guatemala-seleccion-3-750x1000.webp 750w, https:\/\/soymigrante.com\/revista\/wp-content\/uploads\/2025\/07\/memes-copa-de-oro-guatemala-seleccion-3-1140x1520.webp 1140w, https:\/\/soymigrante.com\/revista\/wp-content\/uploads\/2025\/07\/memes-copa-de-oro-guatemala-seleccion-3.webp 1200w\" sizes=\"(max-width: 768px) 100vw, 768px\" title=\"memes copa de oro guatemala seleccion 3 \u2013 SoyMigrante.com REVISTA\" \/><\/a>\n\t\t\t<\/div>\n\t\t\t\t<figcaption class='wp-caption-text gallery-caption' id='gallery-1-38277'>\n\t\t\t\tTexto alternativo: Mujer en estadio de f\u00fatbol con cartel de apoyo a futbolista guatemalteco David Vencio, en partido de ConCaf.\n\t\t\t\t<\/figcaption><\/figure><figure class='gallery-item'>\n\t\t\t<div class='gallery-icon portrait'>\n\t\t\t\t<a data-elementor-open-lightbox=\"yes\" data-elementor-lightbox-slideshow=\"1ab784d\" data-elementor-lightbox-title=\"memes copa de oro guatemala seleccion 5\" data-elementor-lightbox-description=\"#image_title #separator_sa\" data-e-action-hash=\"#elementor-action%3Aaction%3Dlightbox%26settings%3DeyJpZCI6MzgyNzksInVybCI6Imh0dHBzOlwvXC9zb3ltaWdyYW50ZS5jb21cL3JldmlzdGFcL3dwLWNvbnRlbnRcL3VwbG9hZHNcLzIwMjVcLzA3XC9tZW1lcy1jb3BhLWRlLW9yby1ndWF0ZW1hbGEtc2VsZWNjaW9uLTUud2VicCIsInNsaWRlc2hvdyI6IjFhYjc4NGQifQ%3D%3D\" href='https:\/\/soymigrante.com\/revista\/wp-content\/uploads\/2025\/07\/memes-copa-de-oro-guatemala-seleccion-5.webp'><img loading=\"lazy\" decoding=\"async\" width=\"512\" height=\"640\" src=\"https:\/\/soymigrante.com\/revista\/wp-content\/uploads\/2025\/07\/memes-copa-de-oro-guatemala-seleccion-5.webp\" class=\"attachment-large size-large\" alt=\"Partly cloudy, with a chance of rain. Temperatures between 18\u00b0C and 25\u00b0C. Winds from the southeast at 10 to 15 km\/h. Perfect weather for outdoor activities and sports.\" aria-describedby=\"gallery-1-38279\" srcset=\"https:\/\/soymigrante.com\/revista\/wp-content\/uploads\/2025\/07\/memes-copa-de-oro-guatemala-seleccion-5.webp 512w, https:\/\/soymigrante.com\/revista\/wp-content\/uploads\/2025\/07\/memes-copa-de-oro-guatemala-seleccion-5-240x300.jpg 240w\" sizes=\"(max-width: 512px) 100vw, 512px\" title=\"memes copa de oro guatemala seleccion 5 \u2013 SoyMigrante.com REVISTA\" \/><\/a>\n\t\t\t<\/div>\n\t\t\t\t<figcaption class='wp-caption-text gallery-caption' id='gallery-1-38279'>\n\t\t\t\t&#8211; caption: Ilustraci\u00f3n de dos personajes de animales en un estadio de f\u00fatbol mostrando entusiasmo por apoyar a Guatemala en eventos deportivos internacionales.\n\t\t\t\t<\/figcaption><\/figure><figure class='gallery-item'>\n\t\t\t<div class='gallery-icon landscape'>\n\t\t\t\t<a data-elementor-open-lightbox=\"yes\" data-elementor-lightbox-slideshow=\"1ab784d\" data-elementor-lightbox-title=\"504348382_18085481596688222_1246149920687980151_n\" data-elementor-lightbox-description=\"La imagen muestra un \u00e1guila y un quetzal con uniforme de f\u00fatbol, en un estadio moderno decorado con banderas de Guatemala y EE. UU., destacando temas de migraci\u00f3n, cultura y deporte.\" data-e-action-hash=\"#elementor-action%3Aaction%3Dlightbox%26settings%3DeyJpZCI6MzgyOTksInVybCI6Imh0dHBzOlwvXC9zb3ltaWdyYW50ZS5jb21cL3JldmlzdGFcL3dwLWNvbnRlbnRcL3VwbG9hZHNcLzIwMjVcLzA3XC81MDQzNDgzODJfMTgwODU0ODE1OTY2ODgyMjJfMTI0NjE0OTkyMDY4Nzk4MDE1MV9uLndlYnAiLCJzbGlkZXNob3ciOiIxYWI3ODRkIn0%3D\" href='https:\/\/soymigrante.com\/revista\/wp-content\/uploads\/2025\/07\/504348382_18085481596688222_1246149920687980151_n.webp'><img loading=\"lazy\" decoding=\"async\" width=\"1024\" height=\"1024\" src=\"https:\/\/soymigrante.com\/revista\/wp-content\/uploads\/2025\/07\/504348382_18085481596688222_1246149920687980151_n-1024x1024.jpg\" class=\"attachment-large size-large\" alt=\"Un \u00e1guila y un quetzal, s\u00edmbolos de Estados Unidos y Guatemala, en un estadio de f\u00fatbol con banderas de ambos pa\u00edses, representando la inmigraci\u00f3n y la cultura migrante.\" aria-describedby=\"gallery-1-38299\" srcset=\"https:\/\/soymigrante.com\/revista\/wp-content\/uploads\/2025\/07\/504348382_18085481596688222_1246149920687980151_n-1024x1024.jpg 1024w, https:\/\/soymigrante.com\/revista\/wp-content\/uploads\/2025\/07\/504348382_18085481596688222_1246149920687980151_n-300x300.jpg 300w, https:\/\/soymigrante.com\/revista\/wp-content\/uploads\/2025\/07\/504348382_18085481596688222_1246149920687980151_n-150x150.jpg 150w, https:\/\/soymigrante.com\/revista\/wp-content\/uploads\/2025\/07\/504348382_18085481596688222_1246149920687980151_n-768x768.jpg 768w, https:\/\/soymigrante.com\/revista\/wp-content\/uploads\/2025\/07\/504348382_18085481596688222_1246149920687980151_n-75x75.webp 75w, https:\/\/soymigrante.com\/revista\/wp-content\/uploads\/2025\/07\/504348382_18085481596688222_1246149920687980151_n-750x750.webp 750w, https:\/\/soymigrante.com\/revista\/wp-content\/uploads\/2025\/07\/504348382_18085481596688222_1246149920687980151_n-1140x1140.webp 1140w, https:\/\/soymigrante.com\/revista\/wp-content\/uploads\/2025\/07\/504348382_18085481596688222_1246149920687980151_n.webp 1440w\" sizes=\"(max-width: 1024px) 100vw, 1024px\" title=\"504348382_18085481596688222_1246149920687980151_n \u2013 SoyMigrante.com REVISTA\" \/><\/a>\n\t\t\t<\/div>\n\t\t\t\t<figcaption class='wp-caption-text gallery-caption' id='gallery-1-38299'>\n\t\t\t\tD\u00fao de aves s\u00edmbolo en encuentro futbol\u00edstico internacional entre Guatemala y Estados Unidos en un estadio lleno de aficionados.\n\t\t\t\t<\/figcaption><\/figure>\n\t\t<\/div>\n\t\t<\/div>\n\t\t\t\t\t\t<\/div>\n\t\t\t\t\t<\/div>\n\t\t\t\t<\/div>\n\t\t<div data-particle_enable=\"false\" data-particle-mobile-disabled=\"false\" class=\"elementor-element elementor-element-aef96e7 e-flex e-con-boxed e-con e-parent\" data-id=\"aef96e7\" data-element_type=\"container\" data-e-type=\"container\">\n\t\t\t\t\t<div class=\"e-con-inner\">\n\t\t\t\t<div class=\"elementor-element elementor-element-598d5e3 elementor-widget elementor-widget-heading\" data-id=\"598d5e3\" data-element_type=\"widget\" data-e-type=\"widget\" data-widget_type=\"heading.default\">\n\t\t\t\t\t<h2 class=\"elementor-heading-title elementor-size-default\">Identidad guatemalteca<\/h2>\t\t\t\t<\/div>\n\t\t\t\t\t<\/div>\n\t\t\t\t<\/div>\n\t\t<div data-particle_enable=\"false\" data-particle-mobile-disabled=\"false\" class=\"elementor-element elementor-element-e4c190f e-flex e-con-boxed e-con e-parent\" data-id=\"e4c190f\" data-element_type=\"container\" data-e-type=\"container\">\n\t\t\t\t\t<div class=\"e-con-inner\">\n\t\t\t\t<div class=\"elementor-element elementor-element-35d949b elementor-grid-eael-col-3 elementor-grid-tablet-eael-col-2 elementor-grid-mobile-eael-col-1 elementor-invisible elementor-widget elementor-widget-eael-post-grid\" data-id=\"35d949b\" data-element_type=\"widget\" data-e-type=\"widget\" data-settings=\"{&quot;eael_post_grid_columns&quot;:&quot;eael-col-3&quot;,&quot;_animation&quot;:&quot;rollIn&quot;,&quot;eael_post_grid_columns_tablet&quot;:&quot;eael-col-2&quot;,&quot;eael_post_grid_columns_mobile&quot;:&quot;eael-col-1&quot;}\" data-widget_type=\"eael-post-grid.default\">\n\t\t\t\t\t<div id=\"eael-post-grid-35d949b\" class=\"eael-post-grid-container\">\n            <div class=\"eael-post-grid eael-post-appender eael-post-appender-35d949b eael-post-grid-style-one\" data-layout-mode=\"masonry\"><article class=\"eael-grid-post  eael-post-grid-column eael-pg-post-43238 category-simbolos-patrios-guate-nuestra\" data-id=\"43238\">\n        <div class=\"eael-grid-post-holder\">\n            <div class=\"eael-grid-post-holder-inner\"><div class=\"eael-entry-media\"><div class=\"eael-entry-overlay fade-in\"><i class=\"far fa-hand-pointer\" aria-hidden=\"true\"><\/i><a href=\"https:\/\/soymigrante.com\/revista\/guia-de-los-7-simbolos-patrios-de-guatemala-origen-fechas-y-mas\/\"><\/a><\/div><div class=\"eael-entry-thumbnail \">\n                <img loading=\"lazy\" decoding=\"async\" width=\"1000\" height=\"1000\" src=\"https:\/\/soymigrante.com\/revista\/wp-content\/uploads\/2025\/08\/migrantes-guatemaltecos-quetzal-fotografia-marcos-zarate.webp\" class=\"attachment-large size-large wp-image-43239\" alt=\"Colorido loro de la selva tropical con un pez en el pico, en medio de la naturaleza exuberante, representando biodiversidad y conservaci\u00f3n de especies en Am\u00e9rica Latina.\" srcset=\"https:\/\/soymigrante.com\/revista\/wp-content\/uploads\/2025\/08\/migrantes-guatemaltecos-quetzal-fotografia-marcos-zarate.webp 1000w, https:\/\/soymigrante.com\/revista\/wp-content\/uploads\/2025\/08\/migrantes-guatemaltecos-quetzal-fotografia-marcos-zarate-300x300.png 300w, https:\/\/soymigrante.com\/revista\/wp-content\/uploads\/2025\/08\/migrantes-guatemaltecos-quetzal-fotografia-marcos-zarate-150x150.png 150w, https:\/\/soymigrante.com\/revista\/wp-content\/uploads\/2025\/08\/migrantes-guatemaltecos-quetzal-fotografia-marcos-zarate-768x768.png 768w, https:\/\/soymigrante.com\/revista\/wp-content\/uploads\/2025\/08\/migrantes-guatemaltecos-quetzal-fotografia-marcos-zarate-75x75.webp 75w, https:\/\/soymigrante.com\/revista\/wp-content\/uploads\/2025\/08\/migrantes-guatemaltecos-quetzal-fotografia-marcos-zarate-750x750.webp 750w\" sizes=\"(max-width: 1000px) 100vw, 1000px\" \/>\n            <\/div>\n        <\/div><div class=\"eael-entry-wrapper\"><header class=\"eael-entry-header\"><h2 class=\"eael-entry-title\"><a class=\"eael-grid-post-link\" href=\"https:\/\/soymigrante.com\/revista\/guia-de-los-7-simbolos-patrios-de-guatemala-origen-fechas-y-mas\/\" title=\"Gu\u00eda de los 7 S\u00edmbolos Patrios de Guatemala: origen, fechas y m\u00e1s\">Gu\u00eda de los 7 S\u00edmbolos Patrios de Guatemala: origen, fechas y m\u00e1s<\/a><\/h2><\/header><div class=\"eael-entry-content\">\n                        <div class=\"eael-grid-post-excerpt\"><a href=\"https:\/\/soymigrante.com\/revista\/guia-de-los-7-simbolos-patrios-de-guatemala-origen-fechas-y-mas\/\" class=\"eael-post-elements-readmore-btn\">CONOCE SU HISTORIA <\/a><\/div>\n                    <\/div><\/div><\/div>\n        <\/div>\n    <\/article><article class=\"eael-grid-post  eael-post-grid-column eael-pg-post-26080 category-arte-cultura-simbolos-patrios-guate-nuestra\" data-id=\"26080\">\n        <div class=\"eael-grid-post-holder\">\n            <div class=\"eael-grid-post-holder-inner\"><div class=\"eael-entry-media\"><div class=\"eael-entry-overlay fade-in\"><i class=\"far fa-hand-pointer\" aria-hidden=\"true\"><\/i><a href=\"https:\/\/soymigrante.com\/revista\/lee-y-escucha-el-mas-famoso-poema-a-la-marimba-guatemalteca\/\"><\/a><\/div><div class=\"eael-entry-thumbnail \">\n                <img loading=\"lazy\" decoding=\"async\" width=\"1024\" height=\"1024\" src=\"https:\/\/soymigrante.com\/revista\/wp-content\/uploads\/2025\/02\/marimba-dia-de-la-marimba-1024x1024.jpg\" class=\"attachment-large size-large wp-image-26082\" alt=\"Ni\u00f1os tocando xil\u00f3fono en evento escolar en un espacio abierto con flores y \u00e1rboles.\" srcset=\"https:\/\/soymigrante.com\/revista\/wp-content\/uploads\/2025\/02\/marimba-dia-de-la-marimba-1024x1024.jpg 1024w, https:\/\/soymigrante.com\/revista\/wp-content\/uploads\/2025\/02\/marimba-dia-de-la-marimba-300x300.jpg 300w, https:\/\/soymigrante.com\/revista\/wp-content\/uploads\/2025\/02\/marimba-dia-de-la-marimba-150x150.jpg 150w, https:\/\/soymigrante.com\/revista\/wp-content\/uploads\/2025\/02\/marimba-dia-de-la-marimba-768x768.jpg 768w, https:\/\/soymigrante.com\/revista\/wp-content\/uploads\/2025\/02\/marimba-dia-de-la-marimba-75x75.webp 75w, https:\/\/soymigrante.com\/revista\/wp-content\/uploads\/2025\/02\/marimba-dia-de-la-marimba-750x750.webp 750w, https:\/\/soymigrante.com\/revista\/wp-content\/uploads\/2025\/02\/marimba-dia-de-la-marimba-1140x1140.webp 1140w, https:\/\/soymigrante.com\/revista\/wp-content\/uploads\/2025\/02\/marimba-dia-de-la-marimba.webp 1299w\" sizes=\"(max-width: 1024px) 100vw, 1024px\" \/>\n            <\/div>\n        <\/div><div class=\"eael-entry-wrapper\"><header class=\"eael-entry-header\"><h2 class=\"eael-entry-title\"><a class=\"eael-grid-post-link\" href=\"https:\/\/soymigrante.com\/revista\/lee-y-escucha-el-mas-famoso-poema-a-la-marimba-guatemalteca\/\" title=\"Lee y escucha el m\u00e1s famoso poema a la Marimba, Instrumento Nacional de Guatemala\">Lee y escucha el m\u00e1s famoso poema a la Marimba, Instrumento Nacional de Guatemala<\/a><\/h2><\/header><div class=\"eael-entry-content\">\n                        <div class=\"eael-grid-post-excerpt\"><a href=\"https:\/\/soymigrante.com\/revista\/lee-y-escucha-el-mas-famoso-poema-a-la-marimba-guatemalteca\/\" class=\"eael-post-elements-readmore-btn\">CONOCE SU HISTORIA <\/a><\/div>\n                    <\/div><\/div><\/div>\n        <\/div>\n    <\/article><article class=\"eael-grid-post  eael-post-grid-column eael-pg-post-7188 category-guate-nuestra-simbolos-patrios-guate-nuestra\" data-id=\"7188\">\n        <div class=\"eael-grid-post-holder\">\n            <div class=\"eael-grid-post-holder-inner\"><div class=\"eael-entry-media\"><div class=\"eael-entry-overlay fade-in\"><i class=\"far fa-hand-pointer\" aria-hidden=\"true\"><\/i><a href=\"https:\/\/soymigrante.com\/revista\/tecun-uman-500-anos-del-heroe-nacional-de-guatemala\/\"><\/a><\/div><div class=\"eael-entry-thumbnail \">\n                <img loading=\"lazy\" decoding=\"async\" width=\"697\" height=\"697\" src=\"https:\/\/soymigrante.com\/revista\/wp-content\/uploads\/2024\/06\/tecuncito-1.webp\" class=\"attachment-large size-large wp-image-7189\" alt=\"Tecun Uman o Tec\u00fan Um\u00e1n, con tildes para el buscador. Es el h\u00e9roe nacional de Guatemala desde 1960. Muri\u00f3 en batalla en febrero de 1524 y su nombre se escribi\u00f3 por primera vez hacia 1550 en el T\u00edtulo Coyoy, documento ind\u00edgena. Imagen generada por IA\" srcset=\"https:\/\/soymigrante.com\/revista\/wp-content\/uploads\/2024\/06\/tecuncito-1.webp 697w, https:\/\/soymigrante.com\/revista\/wp-content\/uploads\/2024\/06\/tecuncito-1-300x300.webp 300w, https:\/\/soymigrante.com\/revista\/wp-content\/uploads\/2024\/06\/tecuncito-1-150x150.webp 150w, https:\/\/soymigrante.com\/revista\/wp-content\/uploads\/2024\/06\/tecuncito-1-75x75.webp 75w\" sizes=\"(max-width: 697px) 100vw, 697px\" \/>\n            <\/div>\n        <\/div><div class=\"eael-entry-wrapper\"><header class=\"eael-entry-header\"><h2 class=\"eael-entry-title\"><a class=\"eael-grid-post-link\" href=\"https:\/\/soymigrante.com\/revista\/tecun-uman-500-anos-del-heroe-nacional-de-guatemala\/\" title=\"\u00bfCu\u00e1ndo se conmemora el D\u00eda de Tec\u00fan Uman H\u00e9roe Nacional de Guatemala?\">\u00bfCu\u00e1ndo se conmemora el D\u00eda de Tec\u00fan Uman H\u00e9roe Nacional de Guatemala?<\/a><\/h2><\/header><div class=\"eael-entry-content\">\n                        <div class=\"eael-grid-post-excerpt\"><a href=\"https:\/\/soymigrante.com\/revista\/tecun-uman-500-anos-del-heroe-nacional-de-guatemala\/\" class=\"eael-post-elements-readmore-btn\">CONOCE SU HISTORIA <\/a><\/div>\n                    <\/div><\/div><\/div>\n        <\/div>\n    <\/article><\/div>\n            <div class=\"clearfix\"><\/div>\n        <\/div>            <div class=\"eael-load-more-button-wrap eael-force-hide\">\n                <button class=\"eael-load-more-button\" id=\"eael-load-more-btn-35d949b\" data-widget-id=\"35d949b\" data-widget=\"35d949b\" data-page-id=\"38273\" data-template=\"{&quot;dir&quot;:&quot;lite&quot;,&quot;file_name&quot;:&quot;one.php&quot;,&quot;name&quot;:&quot;Post-Grid&quot;}\" data-class=\"Essential_Addons_Elementor\\Elements\\Post_Grid\" data-layout=\"masonry\" data-page=\"1\" data-args=\"orderby=date&amp;order=desc&amp;ignore_sticky_posts=1&amp;post_status=publish&amp;posts_per_page=3&amp;offset=0&amp;post_type=post&amp;tax_query%5B0%5D%5Btaxonomy%5D=category&amp;tax_query%5B0%5D%5Bfield%5D=term_id&amp;tax_query%5B0%5D%5Bterms%5D%5B0%5D=96&amp;tax_query%5Brelation%5D=AND\" data-max-page=\"5\">\n                    <span class=\"eael-btn-loader button__loader\"><\/span>\n                    <span class=\"eael_load_more_text\">Load More<\/span>\n                <\/button>\n            <\/div>\n            \t\t\t\t<\/div>\n\t\t\t\t\t<\/div>\n\t\t\t\t<\/div>\n\t\t\t\t<\/div>\n\t\t","protected":false},"excerpt":{"rendered":"<p>Humor, amor a la patria y mucha creatividad ganan por goleada de sonrisas en los memes alusivos al partido semifinal de Copa Oro entre Guatemala y Estados Unidos. #separator_sa #blog_title #image_title #separator_sa #blog_title #image_title #separator_sa #blog_title #image_title #separator_sa #blog_title #image_title #separator_sa #blog_title #image_title #separator_sa #blog_title #image_title #separator_sa #blog_title #image_title #separator_sa #blog_title #image_title #separator_sa #blog_title #image_title [&hellip;]<\/p>\n","protected":false},"author":7,"featured_media":38274,"comment_status":"open","ping_status":"open","sticky":false,"template":"","format":"standard","meta":{"_acf_changed":false,"_eb_attr":"","footnotes":""},"categories":[54],"tags":[],"class_list":["post-38273","post","type-post","status-publish","format-standard","has-post-thumbnail","hentry","category-estamos-unidos"],"acf":[],"aioseo_notices":[],"aioseo_head":"\n\t\t<!-- All in One SEO Pro 4.9.6.2 - aioseo.com -->\n\t<meta name=\"description\" content=\"El combate del guerrero k&#039;iche&#039; contra el invasor Pedro de Alvarado fue en febrero de 1524. Conoce m\u00e1s sobre el H\u00e9roe Nacional de Guatemala.\" \/>\n\t<meta name=\"robots\" content=\"max-snippet:-1, max-image-preview:large, max-video-preview:-1\" \/>\n\t<meta name=\"author\" content=\"SoyMigrante.com REVISTA\"\/>\n\t<link rel=\"canonical\" href=\"https:\/\/soymigrante.com\/revista\/tecun-uman-500-anos-del-heroe-nacional-de-guatemala\/\" \/>\n\t<meta name=\"generator\" content=\"All in One SEO Pro (AIOSEO) 4.9.6.2\" \/>\n\n\t\t<link rel=\"preconnect\" href=\"https:\/\/fonts.googleapis.com\" crossorigin>\n<link rel=\"preconnect\" href=\"https:\/\/fonts.gstatic.com\" crossorigin>\n\t\t<meta property=\"og:locale\" content=\"es_ES\" \/>\n\t\t<meta property=\"og:site_name\" content=\"SoyMigrante.com REVISTA \u2013 Nuestra misi\u00f3n es reconocer y dignificar al migrante.\" \/>\n\t\t<meta property=\"og:type\" content=\"article\" \/>\n\t\t<meta property=\"og:title\" content=\"\u00bfEn qu\u00e9 fecha de febrero es el D\u00eda de Tec\u00fan Um\u00e1n?\" \/>\n\t\t<meta property=\"og:description\" content=\"El combate del guerrero k&#039;iche&#039; contra el invasor Pedro de Alvarado fue en febrero de 1524. Conoce m\u00e1s sobre el H\u00e9roe Nacional de Guatemala.\" \/>\n\t\t<meta property=\"og:url\" content=\"https:\/\/soymigrante.com\/revista\/tecun-uman-500-anos-del-heroe-nacional-de-guatemala\/\" \/>\n\t\t<meta property=\"og:image\" content=\"https:\/\/soymigrante.com\/revista\/wp-content\/uploads\/2024\/06\/tecuncito-1.webp\" \/>\n\t\t<meta property=\"og:image:secure_url\" content=\"https:\/\/soymigrante.com\/revista\/wp-content\/uploads\/2024\/06\/tecuncito-1.webp\" \/>\n\t\t<meta property=\"og:image:width\" content=\"697\" \/>\n\t\t<meta property=\"og:image:height\" content=\"697\" \/>\n\t\t<meta property=\"article:published_time\" content=\"2026-02-15T18:53:40+00:00\" \/>\n\t\t<meta property=\"article:modified_time\" content=\"2026-02-15T18:53:47+00:00\" \/>\n\t\t<meta property=\"article:publisher\" content=\"https:\/\/www.facebook.com\/soymigrantecom\" \/>\n\t\t<meta name=\"twitter:card\" content=\"summary_large_image\" \/>\n\t\t<meta name=\"twitter:site\" content=\"@SoyMigrante_com\" \/>\n\t\t<meta name=\"twitter:title\" content=\"\u00bfEn qu\u00e9 fecha de febrero es el D\u00eda de Tec\u00fan Um\u00e1n?\" \/>\n\t\t<meta name=\"twitter:description\" content=\"El combate del guerrero k&#039;iche&#039; contra el invasor Pedro de Alvarado fue en febrero de 1524. Conoce m\u00e1s sobre el H\u00e9roe Nacional de Guatemala.\" \/>\n\t\t<meta name=\"twitter:creator\" content=\"@SoyMigrante_com\" \/>\n\t\t<meta name=\"twitter:image\" content=\"https:\/\/soymigrante.com\/revista\/wp-content\/uploads\/2024\/06\/tecuncito-1.webp\" \/>\n\t\t<!-- All in One SEO Pro -->\r\n\t\t<title>\u00bfEn qu\u00e9 fecha de febrero es el D\u00eda de Tec\u00fan Um\u00e1n?<\/title>\n\n","aioseo_head_json":{"title":"\u00bfEn qu\u00e9 fecha de febrero es el D\u00eda de Tec\u00fan Um\u00e1n?","description":"El combate del guerrero k'iche' contra el invasor Pedro de Alvarado fue en febrero de 1524. Conoce m\u00e1s sobre el H\u00e9roe Nacional de Guatemala.","canonical_url":"https:\/\/soymigrante.com\/revista\/tecun-uman-500-anos-del-heroe-nacional-de-guatemala\/","robots":"max-snippet:-1, max-image-preview:large, max-video-preview:-1","keywords":"","webmasterTools":{"miscellaneous":"&lt;link rel=\"preconnect\" href=\"https:\/\/fonts.googleapis.com\" crossorigin&gt;\n&lt;link rel=\"preconnect\" href=\"https:\/\/fonts.gstatic.com\" crossorigin&gt;"},"schema":null,"og:locale":"es_ES","og:site_name":"SoyMigrante.com REVISTA \u2013 Nuestra misi\u00f3n es reconocer y dignificar al migrante.","og:type":"article","og:title":"\u00bfEn qu\u00e9 fecha de febrero es el D\u00eda de Tec\u00fan Um\u00e1n?","og:description":"El combate del guerrero k'iche' contra el invasor Pedro de Alvarado fue en febrero de 1524. Conoce m\u00e1s sobre el H\u00e9roe Nacional de Guatemala.","og:url":"https:\/\/soymigrante.com\/revista\/tecun-uman-500-anos-del-heroe-nacional-de-guatemala\/","og:image":"https:\/\/soymigrante.com\/revista\/wp-content\/uploads\/2024\/06\/tecuncito-1.webp","og:image:secure_url":"https:\/\/soymigrante.com\/revista\/wp-content\/uploads\/2024\/06\/tecuncito-1.webp","og:image:width":697,"og:image:height":697,"article:published_time":"2026-02-15T18:53:40+00:00","article:modified_time":"2026-02-15T18:53:47+00:00","article:publisher":"https:\/\/www.facebook.com\/soymigrantecom","twitter:card":"summary_large_image","twitter:site":"@SoyMigrante_com","twitter:title":"\u00bfEn qu\u00e9 fecha de febrero es el D\u00eda de Tec\u00fan Um\u00e1n?","twitter:description":"El combate del guerrero k'iche' contra el invasor Pedro de Alvarado fue en febrero de 1524. Conoce m\u00e1s sobre el H\u00e9roe Nacional de Guatemala.","twitter:creator":"@SoyMigrante_com","twitter:image":"https:\/\/soymigrante.com\/revista\/wp-content\/uploads\/2024\/06\/tecuncito-1.webp"},"aioseo_meta_data":{"post_id":"38273","title":"Galer\u00eda de Memes previos a juego Guatemala-USA en Copa Oro","description":"El humor, la creatividad y el \u00e1nimo positivo de un pase a la final de Copa Oro se expresan en memes e im\u00e1genes muy guatemaltecos. Miralos aqu\u00ed.","keywords":null,"keyphrases":{"focus":{"keyphrase":"Copa Oro","score":100,"analysis":{"keyphraseInTitle":{"score":9,"maxScore":9,"error":0},"keyphraseInDescription":{"score":9,"maxScore":9,"error":0},"keyphraseLength":{"score":9,"maxScore":9,"error":0,"length":2},"keyphraseInURL":{"score":5,"maxScore":5,"error":0}}},"additional":[{"keyphrase":"Guatemala","score":67,"analysis":{"keyphraseInDescription":{"score":3,"maxScore":9,"error":1},"keyphraseLength":{"score":9,"maxScore":9,"error":0,"length":1}}}]},"primary_term":null,"canonical_url":null,"og_title":null,"og_description":null,"og_object_type":"default","og_image_type":"default","og_image_url":null,"og_image_width":null,"og_image_height":null,"og_image_custom_url":null,"og_image_custom_fields":null,"og_video":"","og_custom_url":null,"og_article_section":null,"og_article_tags":null,"twitter_use_og":false,"twitter_card":"default","twitter_image_type":"default","twitter_image_url":null,"twitter_image_custom_url":null,"twitter_image_custom_fields":null,"twitter_title":null,"twitter_description":null,"schema":{"blockGraphs":[],"customGraphs":[],"default":{"data":{"Article":[],"Course":[],"Dataset":[],"FAQPage":[],"Movie":[],"Person":[],"Product":[],"ProductReview":[],"Car":[],"Recipe":[],"Service":[],"SoftwareApplication":[],"WebPage":[]},"graphName":"none","isEnabled":true},"graphs":[]},"schema_type":"default","schema_type_options":null,"pillar_content":false,"robots_default":true,"robots_noindex":false,"robots_noarchive":false,"robots_nosnippet":false,"robots_nofollow":false,"robots_noimageindex":false,"robots_noodp":false,"robots_notranslate":false,"robots_max_snippet":"-1","robots_max_videopreview":"-1","robots_max_imagepreview":"large","priority":null,"frequency":"default","local_seo":null,"seo_analyzer_scan_date":"2025-10-09 06:24:17","breadcrumb_settings":null,"limit_modified_date":false,"reviewed_by":"0","open_ai":null,"ai":{"faqs":[],"keyPoints":[],"titles":[],"descriptions":[],"socialPosts":{"email":[],"linkedin":[],"twitter":[],"facebook":[],"instagram":[]}},"created":"2025-07-02 18:48:37","updated":"2026-02-05 01:34:42"},"aioseo_breadcrumb":"<div class=\"aioseo-breadcrumbs\"><span class=\"aioseo-breadcrumb\">\n\t<a href=\"https:\/\/soymigrante.com\/revista\" title=\"Home\">Home<\/a>\n<\/span><span class=\"aioseo-breadcrumb-separator\">\u00bb<\/span><span class=\"aioseo-breadcrumb\">\n\t<a href=\"https:\/\/soymigrante.com\/revista\/category\/estamos-unidos\/\" title=\"Estamos Unidos\">Estamos Unidos<\/a>\n<\/span><span class=\"aioseo-breadcrumb-separator\">\u00bb<\/span><span class=\"aioseo-breadcrumb\">\n\tGoleada de creatividad y humor: galer\u00eda de memes por juego semifinal Guatemala-USA en Copa Oro\n<\/span><\/div>","aioseo_breadcrumb_json":[{"label":"Home","link":"https:\/\/soymigrante.com\/revista"},{"label":"Estamos Unidos","link":"https:\/\/soymigrante.com\/revista\/category\/estamos-unidos\/"},{"label":"Goleada de creatividad y humor: galer\u00eda de memes por juego semifinal Guatemala-USA en Copa Oro","link":"https:\/\/soymigrante.com\/revista\/goleada-de-creatividad-y-humor-galeria-de-memes-por-juego-semifinal-guatemala-usa-en-copa-oro\/"}],"_links":{"self":[{"href":"https:\/\/soymigrante.com\/revista\/wp-json\/wp\/v2\/posts\/38273","targetHints":{"allow":["GET"]}}],"collection":[{"href":"https:\/\/soymigrante.com\/revista\/wp-json\/wp\/v2\/posts"}],"about":[{"href":"https:\/\/soymigrante.com\/revista\/wp-json\/wp\/v2\/types\/post"}],"author":[{"embeddable":true,"href":"https:\/\/soymigrante.com\/revista\/wp-json\/wp\/v2\/users\/7"}],"replies":[{"embeddable":true,"href":"https:\/\/soymigrante.com\/revista\/wp-json\/wp\/v2\/comments?post=38273"}],"version-history":[{"count":26,"href":"https:\/\/soymigrante.com\/revista\/wp-json\/wp\/v2\/posts\/38273\/revisions"}],"predecessor-version":[{"id":38345,"href":"https:\/\/soymigrante.com\/revista\/wp-json\/wp\/v2\/posts\/38273\/revisions\/38345"}],"wp:featuredmedia":[{"embeddable":true,"href":"https:\/\/soymigrante.com\/revista\/wp-json\/wp\/v2\/media\/38274"}],"wp:attachment":[{"href":"https:\/\/soymigrante.com\/revista\/wp-json\/wp\/v2\/media?parent=38273"}],"wp:term":[{"taxonomy":"category","embeddable":true,"href":"https:\/\/soymigrante.com\/revista\/wp-json\/wp\/v2\/categories?post=38273"},{"taxonomy":"post_tag","embeddable":true,"href":"https:\/\/soymigrante.com\/revista\/wp-json\/wp\/v2\/tags?post=38273"}],"curies":[{"name":"wp","href":"https:\/\/api.w.org\/{rel}","templated":true}]}}