{"id":38256,"date":"2025-07-03T05:00:00","date_gmt":"2025-07-03T11:00:00","guid":{"rendered":"https:\/\/soymigrante.com\/revista\/?p=38256"},"modified":"2025-07-02T23:16:01","modified_gmt":"2025-07-03T05:16:01","slug":"volcan-pacaya-un-coloso-activo-pero-abierto-a-las-visitas","status":"publish","type":"post","link":"https:\/\/soymigrante.com\/revista\/volcan-pacaya-un-coloso-activo-pero-abierto-a-las-visitas\/","title":{"rendered":"Volc\u00e1n de Pacaya es un coloso activo que siempre deja historias"},"content":{"rendered":"\t\t<div data-elementor-type=\"wp-post\" data-elementor-id=\"38256\" class=\"elementor elementor-38256\" data-elementor-post-type=\"post\">\n\t\t\t\t<div data-particle_enable=\"false\" data-particle-mobile-disabled=\"false\" class=\"elementor-element elementor-element-a868f0f e-flex e-con-boxed e-con e-parent\" data-id=\"a868f0f\" data-element_type=\"container\" data-e-type=\"container\">\n\t\t\t\t\t<div class=\"e-con-inner\">\n\t\t\t\t<div class=\"elementor-element elementor-element-259f8ea elementor-widget elementor-widget-heading\" data-id=\"259f8ea\" data-element_type=\"widget\" data-e-type=\"widget\" data-widget_type=\"heading.default\">\n\t\t\t\t\t<h2 class=\"elementor-heading-title elementor-size-default\">El volc\u00e1n Pacaya es de los m\u00e1s conocidos por su cercan\u00eda a la zona metropolitana, varios accesos y facilidades para el turismo. Eso s\u00ed, sigue siendo un volc\u00e1n en actividad y eso lo hace fascinante.<\/h2>\t\t\t\t<\/div>\n\t\t\t\t\t<\/div>\n\t\t\t\t<\/div>\n\t\t<div data-particle_enable=\"false\" data-particle-mobile-disabled=\"false\" class=\"elementor-element elementor-element-eda9e14 e-flex e-con-boxed e-con e-parent\" data-id=\"eda9e14\" data-element_type=\"container\" data-e-type=\"container\">\n\t\t\t\t\t<div class=\"e-con-inner\">\n\t\t\t\t<div class=\"elementor-element elementor-element-ad2b9bb elementor-widget elementor-widget-text-editor\" data-id=\"ad2b9bb\" data-element_type=\"widget\" data-e-type=\"widget\" data-widget_type=\"text-editor.default\">\n\t\t\t\t\t\t\t\t\t<p><a href=\"https:\/\/soymigrante.com\/revista\/cuantos-volcanes-hay-en-guatemala\/\" target=\"_blank\" rel=\"noopener\">El volc\u00e1n Pacaya, activo y accesible<\/a>, se encuentra en el l\u00edmite entre los departamentos de Escuintla y Guatemala, abarcando los municipios de San Vicente Pacaya y Amatitl\u00e1n.<\/p><p>Su cono principal, Mackenney, se eleva a unos 2,552\u202fmetros sobre el nivel del mar, a tan solo 40\u202fkm al sur de Ciudad de Guatemala. Recibi\u00f3 ese nombre debido al explorador Alfredo Mackenney, quien lo escal\u00f3 cientos de veces.<\/p><p>Pero no fue el primero. Desde la \u00e9poca colonial existen descripciones: como la de Antonio Fuentes y Guzm\u00e1n, en su cr\u00f3nica Recordaci\u00f3n Florida, de 1690: &#8220;A la distancia de tres leguas del pueblo de Amatitl\u00e1n est\u00e1 y se admira el volc\u00e1n de fuego que llaman de Pacaya temid\u00edsimo y asombroso a toda esta comarca del valle de Goathemala, y m\u00e1s patente que a otro alguno a este de Petapa; se habr\u00e1 de describir en este pa\u00eds lo particular y estupendo de este temeroso y admirable monte, que como una de las raras y prodigiosas maravillas de este Nuevo Mundo&#8221;.<\/p>\t\t\t\t\t\t\t\t<\/div>\n\t\t\t\t\t<\/div>\n\t\t\t\t<\/div>\n\t\t<div data-particle_enable=\"false\" data-particle-mobile-disabled=\"false\" class=\"elementor-element elementor-element-cb87f8a e-flex e-con-boxed e-con e-parent\" data-id=\"cb87f8a\" data-element_type=\"container\" data-e-type=\"container\">\n\t\t\t\t\t<div class=\"e-con-inner\">\n\t\t\t\t<div class=\"elementor-element elementor-element-5817298 elementor-widget elementor-widget-video\" data-id=\"5817298\" data-element_type=\"widget\" data-e-type=\"widget\" data-settings=\"{&quot;youtube_url&quot;:&quot;https:\\\/\\\/www.youtube.com\\\/watch?v=_ppN4bCKaxo&quot;,&quot;start&quot;:76,&quot;video_type&quot;:&quot;youtube&quot;,&quot;controls&quot;:&quot;yes&quot;}\" data-widget_type=\"video.default\">\n\t\t\t\t\t\t\t<div class=\"elementor-wrapper elementor-open-inline\">\n\t\t\t<div class=\"elementor-video\"><\/div>\t\t<\/div>\n\t\t\t\t\t\t<\/div>\n\t\t\t\t\t<\/div>\n\t\t\t\t<\/div>\n\t\t<div data-particle_enable=\"false\" data-particle-mobile-disabled=\"false\" class=\"elementor-element elementor-element-b635f62 e-flex e-con-boxed e-con e-parent\" data-id=\"b635f62\" data-element_type=\"container\" data-e-type=\"container\">\n\t\t\t\t\t<div class=\"e-con-inner\">\n\t\t\t\t<div class=\"elementor-element elementor-element-0348065 elementor-widget elementor-widget-heading\" data-id=\"0348065\" data-element_type=\"widget\" data-e-type=\"widget\" data-widget_type=\"heading.default\">\n\t\t\t\t\t<h3 class=\"elementor-heading-title elementor-size-default\">7 datos curiosos sobre el Pacaya<\/h3>\t\t\t\t<\/div>\n\t\t\t\t\t<\/div>\n\t\t\t\t<\/div>\n\t\t<div data-particle_enable=\"false\" data-particle-mobile-disabled=\"false\" class=\"elementor-element elementor-element-b0ca0f4 e-flex e-con-boxed e-con e-parent\" data-id=\"b0ca0f4\" data-element_type=\"container\" data-e-type=\"container\">\n\t\t\t\t\t<div class=\"e-con-inner\">\n\t\t\t\t<div class=\"elementor-element elementor-element-af6017e elementor-widget elementor-widget-text-editor\" data-id=\"af6017e\" data-element_type=\"widget\" data-e-type=\"widget\" data-widget_type=\"text-editor.default\">\n\t\t\t\t\t\t\t\t\t<div><strong>1. Edad geol\u00f3gica aproximada:<\/strong> su primera erupci\u00f3n ocurri\u00f3 hace unos 23\u202f000 a\u00f1os, tras formarse sobre la antigua caldera de Amatitl\u00e1n.<\/div><div><strong>2.Actividad constante:<\/strong> ha registrado al menos 23 erupciones desde la llegada de los espa\u00f1oles, con actividad frecuente desde 1961.<\/div><div><strong>3.Tipo de actividad volc\u00e1nica:<\/strong> <a href=\"https:\/\/soymigrante.com\/revista\/cuantos-volcanes-hay-en-guatemala\/\" target=\"_blank\" rel=\"noopener\">est\u00e1 considerado uno de los m\u00e1s activos de Centroam\u00e9rica;<\/a> es famoso por su tipo estromboliano (flujos suaves) y ocasionalmente pliniano (m\u00e1s explosivo).<\/div><div><strong>4.Estructura m\u00faltiple:<\/strong> cuenta con varios conos secundarios (Cerro Grande, Chiquito, Chino, Hoja de Queso, etc.) y un m\u00ednimo de 14 cr\u00e1teres.<\/div><div>\u00a0<\/div>\t\t\t\t\t\t\t\t<\/div>\n\t\t\t\t\t<\/div>\n\t\t\t\t<\/div>\n\t\t<div data-particle_enable=\"false\" data-particle-mobile-disabled=\"false\" class=\"elementor-element elementor-element-c7fe11c e-flex e-con-boxed e-con e-parent\" data-id=\"c7fe11c\" data-element_type=\"container\" data-e-type=\"container\">\n\t\t\t\t\t<div class=\"e-con-inner\">\n\t\t\t\t<div class=\"elementor-element elementor-element-13922f7 elementor-widget elementor-widget-image\" data-id=\"13922f7\" data-element_type=\"widget\" data-e-type=\"widget\" data-widget_type=\"image.default\">\n\t\t\t\t\t\t\t\t\t\t\t\t<figure class=\"wp-caption\">\n\t\t\t\t\t\t\t\t\t\t<img fetchpriority=\"high\" decoding=\"async\" width=\"1024\" height=\"576\" src=\"https:\/\/soymigrante.com\/revista\/wp-content\/uploads\/2025\/07\/volcan-pacaya-2-1024x576.jpg\" class=\"attachment-large size-large wp-image-38266\" alt=\"Volc\u00e1n en Guatemala, imagen de alta calidad para revista SoyMigrante.com Revista, destacando contenido sobre migraci\u00f3n, cultura y geograf\u00eda centroamericana.\" srcset=\"https:\/\/soymigrante.com\/revista\/wp-content\/uploads\/2025\/07\/volcan-pacaya-2-1024x576.jpg 1024w, https:\/\/soymigrante.com\/revista\/wp-content\/uploads\/2025\/07\/volcan-pacaya-2-300x169.jpg 300w, https:\/\/soymigrante.com\/revista\/wp-content\/uploads\/2025\/07\/volcan-pacaya-2-768x432.jpg 768w, https:\/\/soymigrante.com\/revista\/wp-content\/uploads\/2025\/07\/volcan-pacaya-2-1536x864.jpg 1536w, https:\/\/soymigrante.com\/revista\/wp-content\/uploads\/2025\/07\/volcan-pacaya-2-750x422.webp 750w, https:\/\/soymigrante.com\/revista\/wp-content\/uploads\/2025\/07\/volcan-pacaya-2-1140x641.webp 1140w, https:\/\/soymigrante.com\/revista\/wp-content\/uploads\/2025\/07\/volcan-pacaya-2.webp 1600w\" sizes=\"(max-width: 1024px) 100vw, 1024px\" \/>\t\t\t\t\t\t\t\t\t\t\t<figcaption class=\"widget-image-caption wp-caption-text\">Majestuoso volc\u00e1n en Guatemala, s\u00edmbolo de cultura y geograf\u00eda centroamericana, ilustrando temas de migraci\u00f3n y ra\u00edces en la revista SoyMigrante.com Revista.<\/figcaption>\n\t\t\t\t\t\t\t\t\t\t<\/figure>\n\t\t\t\t\t\t\t\t\t<\/div>\n\t\t\t\t\t<\/div>\n\t\t\t\t<\/div>\n\t\t<div data-particle_enable=\"false\" data-particle-mobile-disabled=\"false\" class=\"elementor-element elementor-element-cd491ca e-flex e-con-boxed e-con e-parent\" data-id=\"cd491ca\" data-element_type=\"container\" data-e-type=\"container\">\n\t\t\t\t\t<div class=\"e-con-inner\">\n\t\t\t\t<div class=\"elementor-element elementor-element-21e5580 elementor-widget elementor-widget-text-editor\" data-id=\"21e5580\" data-element_type=\"widget\" data-e-type=\"widget\" data-widget_type=\"text-editor.default\">\n\t\t\t\t\t\t\t\t\t<div><strong>5. Accesible y tur\u00edstico:<\/strong> la revista National Geographic y Morning UK lo destacan como un destino ideal por su facilidad para escalar y sus atardeceres.<\/div><div><strong>6.Parque nacional desde 1963:<\/strong> protegido por m\u00e1s de 2,200 hect\u00e1reas, ofrece senderos aptos para caminatas y tours guiados.<\/div><div><strong>7.R\u00edos de lava visibles:<\/strong> <a href=\"https:\/\/soymigrante.com\/revista\/cuantos-volcanes-hay-en-guatemala\/\" target=\"_blank\" rel=\"noopener\">especialmente desde 2006, y a\u00fan hoy caminantes observan flujos incandescentes<\/a> y concluyen que puede llegar a medir entre 400\u202f\u00b0C y 800\u202f\u00b0C.<\/div>\t\t\t\t\t\t\t\t<\/div>\n\t\t\t\t\t<\/div>\n\t\t\t\t<\/div>\n\t\t<div data-particle_enable=\"false\" data-particle-mobile-disabled=\"false\" class=\"elementor-element elementor-element-9e0c772 e-flex e-con-boxed e-con e-parent\" data-id=\"9e0c772\" data-element_type=\"container\" data-e-type=\"container\">\n\t\t\t\t\t<div class=\"e-con-inner\">\n\t\t\t\t<div class=\"elementor-element elementor-element-d5a4d82 elementor-widget elementor-widget-image\" data-id=\"d5a4d82\" data-element_type=\"widget\" data-e-type=\"widget\" data-widget_type=\"image.default\">\n\t\t\t\t\t\t\t\t\t\t\t\t<figure class=\"wp-caption\">\n\t\t\t\t\t\t\t\t\t\t<img decoding=\"async\" width=\"1024\" height=\"512\" src=\"https:\/\/soymigrante.com\/revista\/wp-content\/uploads\/2025\/07\/volcan-pacaya-3-1024x512.jpg\" class=\"attachment-large size-large wp-image-38267\" alt=\"Volc\u00e1n con paisaje natural, ecoaventura y turismo en naturaleza en M\u00e9xico, ideal para viajeros y amantes de la aventura.\" srcset=\"https:\/\/soymigrante.com\/revista\/wp-content\/uploads\/2025\/07\/volcan-pacaya-3-1024x512.jpg 1024w, https:\/\/soymigrante.com\/revista\/wp-content\/uploads\/2025\/07\/volcan-pacaya-3-300x150.jpg 300w, https:\/\/soymigrante.com\/revista\/wp-content\/uploads\/2025\/07\/volcan-pacaya-3-768x384.jpg 768w, https:\/\/soymigrante.com\/revista\/wp-content\/uploads\/2025\/07\/volcan-pacaya-3-360x180.webp 360w, https:\/\/soymigrante.com\/revista\/wp-content\/uploads\/2025\/07\/volcan-pacaya-3-750x375.webp 750w, https:\/\/soymigrante.com\/revista\/wp-content\/uploads\/2025\/07\/volcan-pacaya-3-1140x570.webp 1140w, https:\/\/soymigrante.com\/revista\/wp-content\/uploads\/2025\/07\/volcan-pacaya-3.jpg 1300w\" sizes=\"(max-width: 1024px) 100vw, 1024px\" \/>\t\t\t\t\t\t\t\t\t\t\t<figcaption class=\"widget-image-caption wp-caption-text\">Paisaje volc\u00e1nico en M\u00e9xico, destino de turismo de aventura y naturaleza, perfecto para exploradores interesados en ecoaventura y paisajes naturales.<\/figcaption>\n\t\t\t\t\t\t\t\t\t\t<\/figure>\n\t\t\t\t\t\t\t\t\t<\/div>\n\t\t\t\t\t<\/div>\n\t\t\t\t<\/div>\n\t\t<div data-particle_enable=\"false\" data-particle-mobile-disabled=\"false\" class=\"elementor-element elementor-element-8d4e17e e-flex e-con-boxed e-con e-parent\" data-id=\"8d4e17e\" data-element_type=\"container\" data-e-type=\"container\">\n\t\t\t\t\t<div class=\"e-con-inner\">\n\t\t\t\t<div class=\"elementor-element elementor-element-523757a elementor-widget elementor-widget-heading\" data-id=\"523757a\" data-element_type=\"widget\" data-e-type=\"widget\" data-widget_type=\"heading.default\">\n\t\t\t\t\t<h3 class=\"elementor-heading-title elementor-size-default\">\u00bfPor qu\u00e9 es considerado el volc\u00e1n activo m\u00e1s \"amigable\u201d?<\/h3>\t\t\t\t<\/div>\n\t\t\t\t\t<\/div>\n\t\t\t\t<\/div>\n\t\t<div data-particle_enable=\"false\" data-particle-mobile-disabled=\"false\" class=\"elementor-element elementor-element-059478a e-flex e-con-boxed e-con e-parent\" data-id=\"059478a\" data-element_type=\"container\" data-e-type=\"container\">\n\t\t\t\t\t<div class=\"e-con-inner\">\n\t\t\t\t<div class=\"elementor-element elementor-element-a8e0fab elementor-widget elementor-widget-text-editor\" data-id=\"a8e0fab\" data-element_type=\"widget\" data-e-type=\"widget\" data-widget_type=\"text-editor.default\">\n\t\t\t\t\t\t\t\t\t<p><a href=\"https:\/\/soymigrante.com\/revista\/cuantos-volcanes-hay-en-guatemala\/\" target=\"_blank\" rel=\"noopener\">A diferencia de otros colosos m\u00e1s peligrosos, Pacaya permite que visitantes suban hasta sitios cercanos al cr\u00e1ter, con rutas guiadas y zonas seguras.<\/a> Las comunidades locales participan activamente como gu\u00edas, ofrecen caballos, artesan\u00edas y se mantienen atentos a cambios de actividad: \u201cconocemos el volc\u00e1n, somos sus amigos y estamos pendientes de su evoluci\u00f3n\u201d.<\/p><p>Sin embargo, el Volc\u00e1n de Pacaya ha tenido per\u00edodos de actividad con expulsi\u00f3n de ceniza y lava. El m\u00e1s reciente ciclo eruptivo fue a inicios de 2025. Estuvo casi cinco meses expulsando lava, la cual fluy\u00f3 hacia el lado sur del cono. Dicha lava petrificada se puede ver en algunas fincas abiertas a las visitas que se detallan m\u00e1s adelante.<\/p>\t\t\t\t\t\t\t\t<\/div>\n\t\t\t\t\t<\/div>\n\t\t\t\t<\/div>\n\t\t<div data-particle_enable=\"false\" data-particle-mobile-disabled=\"false\" class=\"elementor-element elementor-element-98218ed e-flex e-con-boxed e-con e-parent\" data-id=\"98218ed\" data-element_type=\"container\" data-e-type=\"container\">\n\t\t\t\t\t<div class=\"e-con-inner\">\n\t\t\t\t<div class=\"elementor-element elementor-element-4111513 elementor-invisible elementor-widget elementor-widget-facebook-embed\" data-id=\"4111513\" data-element_type=\"widget\" data-e-type=\"widget\" data-settings=\"{&quot;_animation&quot;:&quot;zoomInDown&quot;}\" data-widget_type=\"facebook-embed.default\">\n\t\t\t\t\t<div style=\"min-height: 1px\" class=\"elementor-facebook-widget fb-post\" data-href=\"https:\/\/www.facebook.com\/photo?fbid=1659465087575238&#038;set=pcb.1659465264241887\" data-show-text=\"false\"><\/div>\t\t\t\t<\/div>\n\t\t\t\t\t<\/div>\n\t\t\t\t<\/div>\n\t\t<div data-particle_enable=\"false\" data-particle-mobile-disabled=\"false\" class=\"elementor-element elementor-element-fb9ce7c e-flex e-con-boxed e-con e-parent\" data-id=\"fb9ce7c\" data-element_type=\"container\" data-e-type=\"container\">\n\t\t\t\t\t<div class=\"e-con-inner\">\n\t\t\t\t<div class=\"elementor-element elementor-element-4d4bdac elementor-widget elementor-widget-heading\" data-id=\"4d4bdac\" data-element_type=\"widget\" data-e-type=\"widget\" data-widget_type=\"heading.default\">\n\t\t\t\t\t<h3 class=\"elementor-heading-title elementor-size-default\">Pizza\u2026 \u00a1en la lava!<\/h3>\t\t\t\t<\/div>\n\t\t\t\t\t<\/div>\n\t\t\t\t<\/div>\n\t\t<div data-particle_enable=\"false\" data-particle-mobile-disabled=\"false\" class=\"elementor-element elementor-element-ea3bad2 e-flex e-con-boxed e-con e-parent\" data-id=\"ea3bad2\" data-element_type=\"container\" data-e-type=\"container\">\n\t\t\t\t\t<div class=\"e-con-inner\">\n\t\t\t\t<div class=\"elementor-element elementor-element-67244b6 elementor-widget elementor-widget-text-editor\" data-id=\"67244b6\" data-element_type=\"widget\" data-e-type=\"widget\" data-widget_type=\"text-editor.default\">\n\t\t\t\t\t\t\t\t\t<p>Pacaya es el \u00fanico volc\u00e1n donde puedes probar una experiencia culinaria inimaginable: pizzas cocinadas directamente sobre r\u00edos de lava. El emprendedor Mario David Garc\u00eda comenz\u00f3 a cocinar masa y queso sobre rocas volc\u00e1nicas en 2013, perfeccionando su t\u00e9cnica y hoy opera la pizzer\u00eda \u201cPizza Pacaya\u201d. Usa la lava (m\u00e1s de 1\u202f000\u202f\u00b0C) como horno natural, empleando charolas y equipo de protecci\u00f3n.<br \/>Aunque se han presentado interrupciones \u2014tales como s\u00edntomas por emisiones de azufre\u2014 su negocio ha florecido, convirti\u00e9ndose en uno de los atractivos tur\u00edsticos m\u00e1s singulares del pa\u00eds ().<\/p>\t\t\t\t\t\t\t\t<\/div>\n\t\t\t\t\t<\/div>\n\t\t\t\t<\/div>\n\t\t<div data-particle_enable=\"false\" data-particle-mobile-disabled=\"false\" class=\"elementor-element elementor-element-4d8a7e3 e-flex e-con-boxed e-con e-parent\" data-id=\"4d8a7e3\" data-element_type=\"container\" data-e-type=\"container\">\n\t\t\t\t\t<div class=\"e-con-inner\">\n\t\t\t\t<div class=\"elementor-element elementor-element-228cb46 elementor-widget elementor-widget-google_maps\" data-id=\"228cb46\" data-element_type=\"widget\" data-e-type=\"widget\" data-widget_type=\"google_maps.default\">\n\t\t\t\t\t\t\t<div class=\"elementor-custom-embed\">\n\t\t\t<iframe loading=\"lazy\"\n\t\t\t\t\tsrc=\"https:\/\/maps.google.com\/maps?q=Finca%20Volcan%20de%20Pacaya&#038;t=m&#038;z=10&#038;output=embed&#038;iwloc=near\"\n\t\t\t\t\ttitle=\"Finca Volcan de Pacaya\"\n\t\t\t\t\taria-label=\"Finca Volcan de Pacaya\"\n\t\t\t><\/iframe>\n\t\t<\/div>\n\t\t\t\t\t\t<\/div>\n\t\t\t\t\t<\/div>\n\t\t\t\t<\/div>\n\t\t<div data-particle_enable=\"false\" data-particle-mobile-disabled=\"false\" class=\"elementor-element elementor-element-e314cd9 e-flex e-con-boxed e-con e-parent\" data-id=\"e314cd9\" data-element_type=\"container\" data-e-type=\"container\">\n\t\t\t\t\t<div class=\"e-con-inner\">\n\t\t\t\t<div class=\"elementor-element elementor-element-0e53c59 elementor-widget elementor-widget-heading\" data-id=\"0e53c59\" data-element_type=\"widget\" data-e-type=\"widget\" data-widget_type=\"heading.default\">\n\t\t\t\t\t<h3 class=\"elementor-heading-title elementor-size-default\">Fincas con lava y an\u00e9cdotas locales<\/h3>\t\t\t\t<\/div>\n\t\t\t\t\t<\/div>\n\t\t\t\t<\/div>\n\t\t<div data-particle_enable=\"false\" data-particle-mobile-disabled=\"false\" class=\"elementor-element elementor-element-2a9759a e-flex e-con-boxed e-con e-parent\" data-id=\"2a9759a\" data-element_type=\"container\" data-e-type=\"container\">\n\t\t\t\t\t<div class=\"e-con-inner\">\n\t\t\t\t<div class=\"elementor-element elementor-element-5743bb0 elementor-widget elementor-widget-text-editor\" data-id=\"5743bb0\" data-element_type=\"widget\" data-e-type=\"widget\" data-widget_type=\"text-editor.default\">\n\t\t\t\t\t\t\t\t\t<p>En comunidades como El Patrocinio y Campo Alegre, algunos vecinos aprovechan las fisuras provocadas por la erupci\u00f3n para cocinar alimentos tradicionales, como longanizas o tortillas, coloc\u00e1ndolas directamente sobre las rendijas del flujo. <a href=\"https:\/\/soymigrante.com\/revista\/cuantos-volcanes-hay-en-guatemala\/\" target=\"_blank\" rel=\"noopener\">Tambi\u00e9n, peque\u00f1as fincas se han visto parcialmente cubiertas por la lava, poniendo en riesgo cultivos de caf\u00e9 y aguacate.<\/a><br>Tambi\u00e9n est\u00e1n abiertas al p\u00fablico la Finca El Amate y Los Pocitos, as\u00ed como el parque Fuentes del Pacaya.<\/p>\t\t\t\t\t\t\t\t<\/div>\n\t\t\t\t\t<\/div>\n\t\t\t\t<\/div>\n\t\t<div data-particle_enable=\"false\" data-particle-mobile-disabled=\"false\" class=\"elementor-element elementor-element-25052e2 e-flex e-con-boxed e-con e-parent\" data-id=\"25052e2\" data-element_type=\"container\" data-e-type=\"container\">\n\t\t\t\t\t<div class=\"e-con-inner\">\n\t\t\t\t<div class=\"elementor-element elementor-element-4883e1f elementor-widget elementor-widget-image\" data-id=\"4883e1f\" data-element_type=\"widget\" data-e-type=\"widget\" data-widget_type=\"image.default\">\n\t\t\t\t\t\t\t\t\t\t\t\t<figure class=\"wp-caption\">\n\t\t\t\t\t\t\t\t\t\t<img decoding=\"async\" width=\"1024\" height=\"768\" src=\"https:\/\/soymigrante.com\/revista\/wp-content\/uploads\/2025\/07\/volcan-pacaya-4-1024x768.jpg\" class=\"attachment-large size-large wp-image-38269\" alt=\"Rutas de senderismo en el volc\u00e1n Tungurahua en Ecuador, con turistas disfrutando de la naturaleza y las vistas volc\u00e1nicas, en el contexto de la comunidad migrante y cultura en Ecuador.\" srcset=\"https:\/\/soymigrante.com\/revista\/wp-content\/uploads\/2025\/07\/volcan-pacaya-4-1024x768.jpg 1024w, https:\/\/soymigrante.com\/revista\/wp-content\/uploads\/2025\/07\/volcan-pacaya-4-300x225.jpg 300w, https:\/\/soymigrante.com\/revista\/wp-content\/uploads\/2025\/07\/volcan-pacaya-4-768x576.jpg 768w, https:\/\/soymigrante.com\/revista\/wp-content\/uploads\/2025\/07\/volcan-pacaya-4-1536x1152.jpg 1536w, https:\/\/soymigrante.com\/revista\/wp-content\/uploads\/2025\/07\/volcan-pacaya-4-750x563.webp 750w, https:\/\/soymigrante.com\/revista\/wp-content\/uploads\/2025\/07\/volcan-pacaya-4-1140x855.webp 1140w, https:\/\/soymigrante.com\/revista\/wp-content\/uploads\/2025\/07\/volcan-pacaya-4.webp 1600w\" sizes=\"(max-width: 1024px) 100vw, 1024px\" \/>\t\t\t\t\t\t\t\t\t\t\t<figcaption class=\"widget-image-caption wp-caption-text\">Turistas caminando en volc\u00e1n Tungurahua en Ecuador, explorando senderos y disfrutando de naturaleza y aventura volc\u00e1nica, relevante para migrantes y promoci\u00f3n cultural en Ecuador.<\/figcaption>\n\t\t\t\t\t\t\t\t\t\t<\/figure>\n\t\t\t\t\t\t\t\t\t<\/div>\n\t\t\t\t\t<\/div>\n\t\t\t\t<\/div>\n\t\t<div data-particle_enable=\"false\" data-particle-mobile-disabled=\"false\" class=\"elementor-element elementor-element-60cd10d e-flex e-con-boxed e-con e-parent\" data-id=\"60cd10d\" data-element_type=\"container\" data-e-type=\"container\">\n\t\t\t\t\t<div class=\"e-con-inner\">\n\t\t\t\t<div class=\"elementor-element elementor-element-4734ed9 elementor-widget elementor-widget-heading\" data-id=\"4734ed9\" data-element_type=\"widget\" data-e-type=\"widget\" data-widget_type=\"heading.default\">\n\t\t\t\t\t<h3 class=\"elementor-heading-title elementor-size-default\">Procesi\u00f3n en medio del fuego<\/h3>\t\t\t\t<\/div>\n\t\t\t\t\t<\/div>\n\t\t\t\t<\/div>\n\t\t<div data-particle_enable=\"false\" data-particle-mobile-disabled=\"false\" class=\"elementor-element elementor-element-f7c859e e-flex e-con-boxed e-con e-parent\" data-id=\"f7c859e\" data-element_type=\"container\" data-e-type=\"container\">\n\t\t\t\t\t<div class=\"e-con-inner\">\n\t\t\t\t<div class=\"elementor-element elementor-element-e1df763 elementor-widget elementor-widget-text-editor\" data-id=\"e1df763\" data-element_type=\"widget\" data-e-type=\"widget\" data-widget_type=\"text-editor.default\">\n\t\t\t\t\t\t\t\t\t<p>Durante la erupci\u00f3n de abril del 2021 \u2014con lava proyectada hasta los 40\u202fm\u2014 los pobladores de San Vicente Pacaya realizaron una procesi\u00f3n religiosa para pedir el cese de la actividad eruptiva. Caminando entre r\u00edos de lava y ca\u00eddas de piedras incandescentes, elevaron plegarias ante la imagen del santo patr\u00f3n, en una muestra de fe y valor frente al caos volc\u00e1nico.<\/p>\t\t\t\t\t\t\t\t<\/div>\n\t\t\t\t\t<\/div>\n\t\t\t\t<\/div>\n\t\t<div data-particle_enable=\"false\" data-particle-mobile-disabled=\"false\" class=\"elementor-element elementor-element-07d5045 e-flex e-con-boxed e-con e-parent\" data-id=\"07d5045\" data-element_type=\"container\" data-e-type=\"container\">\n\t\t\t\t\t<div class=\"e-con-inner\">\n\t\t\t\t<div class=\"elementor-element elementor-element-eb74d52 elementor-widget elementor-widget-video\" data-id=\"eb74d52\" data-element_type=\"widget\" data-e-type=\"widget\" data-settings=\"{&quot;youtube_url&quot;:&quot;https:\\\/\\\/www.youtube.com\\\/watch?v=7Gb8yaIiWOs&quot;,&quot;video_type&quot;:&quot;youtube&quot;,&quot;controls&quot;:&quot;yes&quot;}\" data-widget_type=\"video.default\">\n\t\t\t\t\t\t\t<div class=\"elementor-wrapper elementor-open-inline\">\n\t\t\t<div class=\"elementor-video\"><\/div>\t\t<\/div>\n\t\t\t\t\t\t<\/div>\n\t\t\t\t\t<\/div>\n\t\t\t\t<\/div>\n\t\t<div data-particle_enable=\"false\" data-particle-mobile-disabled=\"false\" class=\"elementor-element elementor-element-ed39bf5 e-flex e-con-boxed e-con e-parent\" data-id=\"ed39bf5\" data-element_type=\"container\" data-e-type=\"container\">\n\t\t\t\t\t<div class=\"e-con-inner\">\n\t\t\t\t<div class=\"elementor-element elementor-element-32f0f80 elementor-widget elementor-widget-text-editor\" data-id=\"32f0f80\" data-element_type=\"widget\" data-e-type=\"widget\" data-widget_type=\"text-editor.default\">\n\t\t\t\t\t\t\t\t\t<p><a href=\"https:\/\/soymigrante.com\/revista\/cuantos-volcanes-hay-en-guatemala\/\" target=\"_blank\" rel=\"noopener\">El volc\u00e1n Pacaya mezcla fuerza, belleza y cercan\u00eda de una forma \u00fanica: su facilidad de ascenso, interacci\u00f3n comunitaria,<\/a> espect\u00e1culos naturales y hasta pizzas sobre lava lo convierten en un s\u00edmbolo de la relaci\u00f3n arm\u00f3nica entre un coloso y la gente de Guatemala. Quien lo visita no solo vive una aventura, sino tambi\u00e9n una lecci\u00f3n de humildad, fe y respeto por la naturaleza en estado puro.<\/p>\t\t\t\t\t\t\t\t<\/div>\n\t\t\t\t\t<\/div>\n\t\t\t\t<\/div>\n\t\t<div data-particle_enable=\"false\" data-particle-mobile-disabled=\"false\" class=\"elementor-element elementor-element-5d79272 e-flex e-con-boxed e-con e-parent\" data-id=\"5d79272\" data-element_type=\"container\" data-e-type=\"container\">\n\t\t\t\t\t<div class=\"e-con-inner\">\n\t\t\t\t<div class=\"elementor-element elementor-element-0e4c36c elementor-widget elementor-widget-heading\" data-id=\"0e4c36c\" data-element_type=\"widget\" data-e-type=\"widget\" data-widget_type=\"heading.default\">\n\t\t\t\t\t<h2 class=\"elementor-heading-title elementor-size-default\">Conoce m\u00e1s sobre los volcanes de Guatemala, ac\u00e1...<\/h2>\t\t\t\t<\/div>\n\t\t\t\t\t<\/div>\n\t\t\t\t<\/div>\n\t\t<div data-particle_enable=\"false\" data-particle-mobile-disabled=\"false\" class=\"elementor-element elementor-element-142fccc e-flex e-con-boxed e-con e-parent\" data-id=\"142fccc\" data-element_type=\"container\" data-e-type=\"container\">\n\t\t\t\t\t<div class=\"e-con-inner\">\n\t\t\t\t<div class=\"elementor-element elementor-element-5dd2195 elementor-grid-eael-col-3 elementor-grid-tablet-eael-col-2 elementor-grid-mobile-eael-col-1 elementor-invisible elementor-widget elementor-widget-eael-post-grid\" data-id=\"5dd2195\" data-element_type=\"widget\" data-e-type=\"widget\" data-settings=\"{&quot;eael_post_grid_columns&quot;:&quot;eael-col-3&quot;,&quot;_animation&quot;:&quot;rollIn&quot;,&quot;eael_post_grid_columns_tablet&quot;:&quot;eael-col-2&quot;,&quot;eael_post_grid_columns_mobile&quot;:&quot;eael-col-1&quot;}\" data-widget_type=\"eael-post-grid.default\">\n\t\t\t\t\t<div id=\"eael-post-grid-5dd2195\" class=\"eael-post-grid-container\">\n            <div class=\"eael-post-grid eael-post-appender eael-post-appender-5dd2195 eael-post-grid-style-one\" data-layout-mode=\"masonry\"><article class=\"eael-grid-post  eael-post-grid-column eael-pg-post-34648 category-guate-nuestra tags-volcanes-de-guatemala\" data-id=\"34648\">\n        <div class=\"eael-grid-post-holder\">\n            <div class=\"eael-grid-post-holder-inner\"><div class=\"eael-entry-media\"><div class=\"eael-entry-overlay fade-in\"><i class=\"far fa-hand-pointer\" aria-hidden=\"true\"><\/i><a href=\"https:\/\/soymigrante.com\/revista\/cuantos-volcanes-hay-en-guatemala\/\"><\/a><\/div><div class=\"eael-entry-thumbnail \">\n                <img loading=\"lazy\" decoding=\"async\" width=\"647\" height=\"647\" src=\"https:\/\/soymigrante.com\/revista\/wp-content\/uploads\/2025\/02\/VOLCAN-DE-FUEGO.webp\" class=\"attachment-large size-large wp-image-27556\" alt=\"Erupci\u00f3n volc\u00e1nica activa en noche estrellada, explosi\u00f3n de lava y ceniza emergiendo del volc\u00e1n. Imagen impresionante de un volc\u00e1n en erupci\u00f3n en un entorno natural y nocturno.\" srcset=\"https:\/\/soymigrante.com\/revista\/wp-content\/uploads\/2025\/02\/VOLCAN-DE-FUEGO.webp 647w, https:\/\/soymigrante.com\/revista\/wp-content\/uploads\/2025\/02\/VOLCAN-DE-FUEGO-300x300.jpg 300w, https:\/\/soymigrante.com\/revista\/wp-content\/uploads\/2025\/02\/VOLCAN-DE-FUEGO-150x150.jpg 150w, https:\/\/soymigrante.com\/revista\/wp-content\/uploads\/2025\/02\/VOLCAN-DE-FUEGO-75x75.webp 75w\" sizes=\"(max-width: 647px) 100vw, 647px\" \/>\n            <\/div>\n        <\/div><div class=\"eael-entry-wrapper\"><header class=\"eael-entry-header\"><h2 class=\"eael-entry-title\"><a class=\"eael-grid-post-link\" href=\"https:\/\/soymigrante.com\/revista\/cuantos-volcanes-hay-en-guatemala\/\" title=\"\u00bfCu\u00e1ntos volcanes hay en Guatemala?\">\u00bfCu\u00e1ntos volcanes hay en Guatemala?<\/a><\/h2><\/header><div class=\"eael-entry-content\">\n                        <div class=\"eael-grid-post-excerpt\"><a href=\"https:\/\/soymigrante.com\/revista\/cuantos-volcanes-hay-en-guatemala\/\" class=\"eael-post-elements-readmore-btn\">CONOCE SU HISTORIA <\/a><\/div>\n                    <\/div><\/div><\/div>\n        <\/div>\n    <\/article><article class=\"eael-grid-post  eael-post-grid-column eael-pg-post-17897 category-guate-nuestra tags-volcanes-de-guatemala\" data-id=\"17897\">\n        <div class=\"eael-grid-post-holder\">\n            <div class=\"eael-grid-post-holder-inner\"><div class=\"eael-entry-media\"><div class=\"eael-entry-overlay fade-in\"><i class=\"far fa-hand-pointer\" aria-hidden=\"true\"><\/i><a href=\"https:\/\/soymigrante.com\/revista\/cronica-de-un-ascenso-al-volcan-tajumulco-el-mas-alto-de-guatemala-y-centro-america\/\"><\/a><\/div><div class=\"eael-entry-thumbnail \">\n                <img loading=\"lazy\" decoding=\"async\" width=\"1024\" height=\"1024\" src=\"https:\/\/soymigrante.com\/revista\/wp-content\/uploads\/2024\/12\/Ana-Karina-Lopez-Hun-soy-migrante-3-1024x1024.jpeg\" class=\"attachment-large size-large wp-image-17966\" alt=\"Joven excursionista en la monta\u00f1a con mochila y bast\u00f3n en un paisaje volc\u00e1nico.\" srcset=\"https:\/\/soymigrante.com\/revista\/wp-content\/uploads\/2024\/12\/Ana-Karina-Lopez-Hun-soy-migrante-3-1024x1024.jpeg 1024w, https:\/\/soymigrante.com\/revista\/wp-content\/uploads\/2024\/12\/Ana-Karina-Lopez-Hun-soy-migrante-3-300x300.jpeg 300w, https:\/\/soymigrante.com\/revista\/wp-content\/uploads\/2024\/12\/Ana-Karina-Lopez-Hun-soy-migrante-3-150x150.jpeg 150w, https:\/\/soymigrante.com\/revista\/wp-content\/uploads\/2024\/12\/Ana-Karina-Lopez-Hun-soy-migrante-3-768x768.jpeg 768w, https:\/\/soymigrante.com\/revista\/wp-content\/uploads\/2024\/12\/Ana-Karina-Lopez-Hun-soy-migrante-3-75x75.webp 75w, https:\/\/soymigrante.com\/revista\/wp-content\/uploads\/2024\/12\/Ana-Karina-Lopez-Hun-soy-migrante-3-750x750.webp 750w, https:\/\/soymigrante.com\/revista\/wp-content\/uploads\/2024\/12\/Ana-Karina-Lopez-Hun-soy-migrante-3.webp 1080w\" sizes=\"(max-width: 1024px) 100vw, 1024px\" \/>\n            <\/div>\n        <\/div><div class=\"eael-entry-wrapper\"><header class=\"eael-entry-header\"><h2 class=\"eael-entry-title\"><a class=\"eael-grid-post-link\" href=\"https:\/\/soymigrante.com\/revista\/cronica-de-un-ascenso-al-volcan-tajumulco-el-mas-alto-de-guatemala-y-centro-america\/\" title=\"Cr\u00f3nica de un ascenso al volc\u00e1n Tajumulco, el m\u00e1s alto de Guatemala y Centro Am\u00e9rica\">Cr\u00f3nica de un ascenso al volc\u00e1n Tajumulco, el m\u00e1s alto de Guatemala y Centro Am\u00e9rica<\/a><\/h2><\/header><div class=\"eael-entry-content\">\n                        <div class=\"eael-grid-post-excerpt\"><a href=\"https:\/\/soymigrante.com\/revista\/cronica-de-un-ascenso-al-volcan-tajumulco-el-mas-alto-de-guatemala-y-centro-america\/\" class=\"eael-post-elements-readmore-btn\">CONOCE SU HISTORIA <\/a><\/div>\n                    <\/div><\/div><\/div>\n        <\/div>\n    <\/article><article class=\"eael-grid-post  eael-post-grid-column eael-pg-post-7501 category-guate-nuestra tags-volcanes-de-guatemala\" data-id=\"7501\">\n        <div class=\"eael-grid-post-holder\">\n            <div class=\"eael-grid-post-holder-inner\"><div class=\"eael-entry-media\"><div class=\"eael-entry-overlay fade-in\"><i class=\"far fa-hand-pointer\" aria-hidden=\"true\"><\/i><a href=\"https:\/\/soymigrante.com\/revista\/7-volcanes-de-guatemala-datos-y-leyenda-que-quiza-ya-sabias-o-tal-vez-no\/\"><\/a><\/div><div class=\"eael-entry-thumbnail \">\n                <img loading=\"lazy\" decoding=\"async\" width=\"638\" height=\"642\" src=\"https:\/\/soymigrante.com\/revista\/wp-content\/uploads\/2024\/07\/volcanes-de-guatemala-2.webp\" class=\"attachment-large size-large wp-image-7502\" alt=\"Volc\u00e1n de Fuego, volcanes de Guatemala, fotograf\u00edas de Abel Juarez\" srcset=\"https:\/\/soymigrante.com\/revista\/wp-content\/uploads\/2024\/07\/volcanes-de-guatemala-2.webp 638w, https:\/\/soymigrante.com\/revista\/wp-content\/uploads\/2024\/07\/volcanes-de-guatemala-2-298x300.webp 298w, https:\/\/soymigrante.com\/revista\/wp-content\/uploads\/2024\/07\/volcanes-de-guatemala-2-150x150.webp 150w, https:\/\/soymigrante.com\/revista\/wp-content\/uploads\/2024\/07\/volcanes-de-guatemala-2-75x75.webp 75w\" sizes=\"(max-width: 638px) 100vw, 638px\" \/>\n            <\/div>\n        <\/div><div class=\"eael-entry-wrapper\"><header class=\"eael-entry-header\"><h2 class=\"eael-entry-title\"><a class=\"eael-grid-post-link\" href=\"https:\/\/soymigrante.com\/revista\/7-volcanes-de-guatemala-datos-y-leyenda-que-quiza-ya-sabias-o-tal-vez-no\/\" title=\"7 volcanes de Guatemala: datos y leyenda que quiz\u00e1 ya sab\u00edas&#8230; o tal vez no\">7 volcanes de Guatemala: datos y leyenda que quiz\u00e1 ya sab\u00edas&#8230; o tal vez no<\/a><\/h2><\/header><div class=\"eael-entry-content\">\n                        <div class=\"eael-grid-post-excerpt\"><a href=\"https:\/\/soymigrante.com\/revista\/7-volcanes-de-guatemala-datos-y-leyenda-que-quiza-ya-sabias-o-tal-vez-no\/\" class=\"eael-post-elements-readmore-btn\">CONOCE SU HISTORIA <\/a><\/div>\n                    <\/div><\/div><\/div>\n        <\/div>\n    <\/article><\/div>\n            <div class=\"clearfix\"><\/div>\n        <\/div>\t\t\t\t<\/div>\n\t\t\t\t\t<\/div>\n\t\t\t\t<\/div>\n\t\t\t\t<\/div>\n\t\t","protected":false},"excerpt":{"rendered":"<p>El volc\u00e1n Pacaya es de los m\u00e1s conocidos por su cercan\u00eda a la zona metropolitana, varios accesos y facilidades para el turismo. Eso s\u00ed, sigue siendo un volc\u00e1n en actividad y eso lo hace fascinante. El volc\u00e1n Pacaya, activo y accesible, se encuentra en el l\u00edmite entre los departamentos de Escuintla y Guatemala, abarcando los [&hellip;]<\/p>\n","protected":false},"author":19,"featured_media":38257,"comment_status":"open","ping_status":"open","sticky":false,"template":"","format":"standard","meta":{"_acf_changed":false,"_eb_attr":"","footnotes":""},"categories":[58],"tags":[245],"class_list":["post-38256","post","type-post","status-publish","format-standard","has-post-thumbnail","hentry","category-guate-nuestra","tag-volcanes-de-guatemala"],"acf":[],"aioseo_notices":[],"aioseo_head":"\n\t\t<!-- All in One SEO Pro 4.9.6.2 - aioseo.com -->\n\t<meta name=\"description\" content=\"El paisaje volc\u00e1nico de Guatemala es \u00fanico en el mundo. Cada volc\u00e1n tiene su propia &quot;personalidad&quot;, historia y detalles. Con incre\u00edbles fotos de Abel Ju\u00e1rez.\" \/>\n\t<meta name=\"robots\" content=\"max-snippet:-1, max-image-preview:large, max-video-preview:-1\" \/>\n\t<meta name=\"author\" content=\"Gustavo Montenegro\"\/>\n\t<link rel=\"canonical\" href=\"https:\/\/soymigrante.com\/revista\/7-volcanes-de-guatemala-datos-y-leyenda-que-quiza-ya-sabias-o-tal-vez-no\/\" \/>\n\t<meta name=\"generator\" content=\"All in One SEO Pro (AIOSEO) 4.9.6.2\" \/>\n\n\t\t<link rel=\"preconnect\" href=\"https:\/\/fonts.googleapis.com\" crossorigin>\n<link rel=\"preconnect\" href=\"https:\/\/fonts.gstatic.com\" crossorigin>\n\t\t<meta property=\"og:locale\" content=\"es_ES\" \/>\n\t\t<meta property=\"og:site_name\" content=\"SoyMigrante.com REVISTA \u2013 Nuestra misi\u00f3n es reconocer y dignificar al migrante.\" \/>\n\t\t<meta property=\"og:type\" content=\"article\" \/>\n\t\t<meta property=\"og:title\" content=\"7 Volcanes de Guatemala: datos y leyendas que quiz\u00e1 no sab\u00edas\" \/>\n\t\t<meta property=\"og:description\" content=\"El paisaje volc\u00e1nico de Guatemala es \u00fanico en el mundo. Cada volc\u00e1n tiene su propia &quot;personalidad&quot;, historia y detalles. Con incre\u00edbles fotos de Abel Ju\u00e1rez.\" \/>\n\t\t<meta property=\"og:url\" content=\"https:\/\/soymigrante.com\/revista\/7-volcanes-de-guatemala-datos-y-leyenda-que-quiza-ya-sabias-o-tal-vez-no\/\" \/>\n\t\t<meta property=\"og:image\" content=\"https:\/\/soymigrante.com\/revista\/wp-content\/uploads\/2024\/07\/volcanes-de-guatemala-2.webp\" \/>\n\t\t<meta property=\"og:image:secure_url\" content=\"https:\/\/soymigrante.com\/revista\/wp-content\/uploads\/2024\/07\/volcanes-de-guatemala-2.webp\" \/>\n\t\t<meta property=\"og:image:width\" content=\"638\" \/>\n\t\t<meta property=\"og:image:height\" content=\"642\" \/>\n\t\t<meta property=\"article:published_time\" content=\"2024-07-17T18:33:15+00:00\" \/>\n\t\t<meta property=\"article:modified_time\" content=\"2025-09-16T13:55:49+00:00\" \/>\n\t\t<meta property=\"article:publisher\" content=\"https:\/\/www.facebook.com\/soymigrantecom\" \/>\n\t\t<meta name=\"twitter:card\" content=\"summary_large_image\" \/>\n\t\t<meta name=\"twitter:site\" content=\"@SoyMigrante_com\" \/>\n\t\t<meta name=\"twitter:title\" content=\"7 Volcanes de Guatemala: datos y leyendas que quiz\u00e1 no sab\u00edas\" \/>\n\t\t<meta name=\"twitter:description\" content=\"El paisaje volc\u00e1nico de Guatemala es \u00fanico en el mundo. Cada volc\u00e1n tiene su propia &quot;personalidad&quot;, historia y detalles. Con incre\u00edbles fotos de Abel Ju\u00e1rez.\" \/>\n\t\t<meta name=\"twitter:creator\" content=\"@SoyMigrante_com\" \/>\n\t\t<meta name=\"twitter:image\" content=\"https:\/\/soymigrante.com\/revista\/wp-content\/uploads\/2024\/07\/volcanes-de-guatemala-2.webp\" \/>\n\t\t<!-- All in One SEO Pro -->\r\n\t\t<title>7 Volcanes de Guatemala: datos y leyendas que quiz\u00e1 no sab\u00edas<\/title>\n\n","aioseo_head_json":{"title":"7 Volcanes de Guatemala: datos y leyendas que quiz\u00e1 no sab\u00edas","description":"El paisaje volc\u00e1nico de Guatemala es \u00fanico en el mundo. Cada volc\u00e1n tiene su propia \"personalidad\", historia y detalles. Con incre\u00edbles fotos de Abel Ju\u00e1rez.","canonical_url":"https:\/\/soymigrante.com\/revista\/7-volcanes-de-guatemala-datos-y-leyenda-que-quiza-ya-sabias-o-tal-vez-no\/","robots":"max-snippet:-1, max-image-preview:large, max-video-preview:-1","keywords":"","webmasterTools":{"miscellaneous":"&lt;link rel=\"preconnect\" href=\"https:\/\/fonts.googleapis.com\" crossorigin&gt;\n&lt;link rel=\"preconnect\" href=\"https:\/\/fonts.gstatic.com\" crossorigin&gt;"},"schema":null,"og:locale":"es_ES","og:site_name":"SoyMigrante.com REVISTA \u2013 Nuestra misi\u00f3n es reconocer y dignificar al migrante.","og:type":"article","og:title":"7 Volcanes de Guatemala: datos y leyendas que quiz\u00e1 no sab\u00edas","og:description":"El paisaje volc\u00e1nico de Guatemala es \u00fanico en el mundo. Cada volc\u00e1n tiene su propia &quot;personalidad&quot;, historia y detalles. Con incre\u00edbles fotos de Abel Ju\u00e1rez.","og:url":"https:\/\/soymigrante.com\/revista\/7-volcanes-de-guatemala-datos-y-leyenda-que-quiza-ya-sabias-o-tal-vez-no\/","og:image":"https:\/\/soymigrante.com\/revista\/wp-content\/uploads\/2024\/07\/volcanes-de-guatemala-2.webp","og:image:secure_url":"https:\/\/soymigrante.com\/revista\/wp-content\/uploads\/2024\/07\/volcanes-de-guatemala-2.webp","og:image:width":638,"og:image:height":642,"article:published_time":"2024-07-17T18:33:15+00:00","article:modified_time":"2025-09-16T13:55:49+00:00","article:publisher":"https:\/\/www.facebook.com\/soymigrantecom","twitter:card":"summary_large_image","twitter:site":"@SoyMigrante_com","twitter:title":"7 Volcanes de Guatemala: datos y leyendas que quiz\u00e1 no sab\u00edas","twitter:description":"El paisaje volc\u00e1nico de Guatemala es \u00fanico en el mundo. Cada volc\u00e1n tiene su propia &quot;personalidad&quot;, historia y detalles. Con incre\u00edbles fotos de Abel Ju\u00e1rez.","twitter:creator":"@SoyMigrante_com","twitter:image":"https:\/\/soymigrante.com\/revista\/wp-content\/uploads\/2024\/07\/volcanes-de-guatemala-2.webp"},"aioseo_meta_data":{"post_id":"38256","title":null,"description":"El volc\u00e1n Pacaya es de los m\u00e1s conocidos por su ingreso accesible y la actividad leve que mantiene. Es un destino pr\u00f3ximo a la capital.","keywords":null,"keyphrases":{"focus":{"keyphrase":"Volc\u00e1n","score":100,"analysis":{"keyphraseInTitle":{"score":9,"maxScore":9,"error":0},"keyphraseInDescription":{"score":9,"maxScore":9,"error":0},"keyphraseLength":{"score":9,"maxScore":9,"error":0,"length":2},"keyphraseInURL":{"score":5,"maxScore":5,"error":0},"keyphraseInIntroduction":{"score":9,"maxScore":9,"error":0},"keyphraseInSubHeadings":{"score":9,"maxScore":9,"error":0},"keyphraseInImageAlt":{"score":9,"maxScore":9,"error":0},"keywordDensity":{"type":"best","score":9,"maxScore":9,"error":0}}},"additional":[{"keyphrase":"Pacaya","score":100,"analysis":{"keyphraseInDescription":{"score":9,"maxScore":9,"error":0},"keyphraseLength":{"score":9,"maxScore":9,"error":0,"length":1},"keyphraseInIntroduction":{"score":9,"maxScore":9,"error":0},"keyphraseInImageAlt":{"score":9,"maxScore":9,"error":0},"keywordDensity":{"type":"best","score":9,"maxScore":9,"error":0}}}]},"primary_term":null,"canonical_url":null,"og_title":null,"og_description":null,"og_object_type":"default","og_image_type":"default","og_image_url":null,"og_image_width":null,"og_image_height":null,"og_image_custom_url":null,"og_image_custom_fields":null,"og_video":"","og_custom_url":null,"og_article_section":null,"og_article_tags":null,"twitter_use_og":false,"twitter_card":"default","twitter_image_type":"default","twitter_image_url":null,"twitter_image_custom_url":null,"twitter_image_custom_fields":null,"twitter_title":null,"twitter_description":null,"schema":{"blockGraphs":[],"customGraphs":[],"default":{"data":{"Article":[],"Course":[],"Dataset":[],"FAQPage":[],"Movie":[],"Person":[],"Product":[],"ProductReview":[],"Car":[],"Recipe":[],"Service":[],"SoftwareApplication":[],"WebPage":[]},"graphName":"none","isEnabled":true},"graphs":[]},"schema_type":"default","schema_type_options":null,"pillar_content":false,"robots_default":true,"robots_noindex":false,"robots_noarchive":false,"robots_nosnippet":false,"robots_nofollow":false,"robots_noimageindex":false,"robots_noodp":false,"robots_notranslate":false,"robots_max_snippet":"-1","robots_max_videopreview":"-1","robots_max_imagepreview":"large","priority":null,"frequency":"default","local_seo":null,"seo_analyzer_scan_date":"2025-10-09 06:26:42","breadcrumb_settings":null,"limit_modified_date":false,"reviewed_by":"0","open_ai":null,"ai":{"faqs":[],"keyPoints":[],"titles":[],"descriptions":[],"socialPosts":{"email":[],"linkedin":[],"twitter":[],"facebook":[],"instagram":[]}},"created":"2025-07-02 18:14:08","updated":"2026-02-05 01:34:43"},"aioseo_breadcrumb":"<div class=\"aioseo-breadcrumbs\"><span class=\"aioseo-breadcrumb\">\n\t<a href=\"https:\/\/soymigrante.com\/revista\" title=\"Home\">Home<\/a>\n<\/span><span class=\"aioseo-breadcrumb-separator\">\u00bb<\/span><span class=\"aioseo-breadcrumb\">\n\t<a href=\"https:\/\/soymigrante.com\/revista\/category\/guate-nuestra\/\" title=\"Guate Nuestra\">Guate Nuestra<\/a>\n<\/span><span class=\"aioseo-breadcrumb-separator\">\u00bb<\/span><span class=\"aioseo-breadcrumb\">\n\tVolc\u00e1n de Pacaya es un coloso activo que siempre deja historias\n<\/span><\/div>","aioseo_breadcrumb_json":[{"label":"Home","link":"https:\/\/soymigrante.com\/revista"},{"label":"Guate Nuestra","link":"https:\/\/soymigrante.com\/revista\/category\/guate-nuestra\/"},{"label":"Volc\u00e1n de Pacaya es un coloso activo que siempre deja historias","link":"https:\/\/soymigrante.com\/revista\/volcan-pacaya-un-coloso-activo-pero-abierto-a-las-visitas\/"}],"_links":{"self":[{"href":"https:\/\/soymigrante.com\/revista\/wp-json\/wp\/v2\/posts\/38256","targetHints":{"allow":["GET"]}}],"collection":[{"href":"https:\/\/soymigrante.com\/revista\/wp-json\/wp\/v2\/posts"}],"about":[{"href":"https:\/\/soymigrante.com\/revista\/wp-json\/wp\/v2\/types\/post"}],"author":[{"embeddable":true,"href":"https:\/\/soymigrante.com\/revista\/wp-json\/wp\/v2\/users\/19"}],"replies":[{"embeddable":true,"href":"https:\/\/soymigrante.com\/revista\/wp-json\/wp\/v2\/comments?post=38256"}],"version-history":[{"count":20,"href":"https:\/\/soymigrante.com\/revista\/wp-json\/wp\/v2\/posts\/38256\/revisions"}],"predecessor-version":[{"id":38358,"href":"https:\/\/soymigrante.com\/revista\/wp-json\/wp\/v2\/posts\/38256\/revisions\/38358"}],"wp:featuredmedia":[{"embeddable":true,"href":"https:\/\/soymigrante.com\/revista\/wp-json\/wp\/v2\/media\/38257"}],"wp:attachment":[{"href":"https:\/\/soymigrante.com\/revista\/wp-json\/wp\/v2\/media?parent=38256"}],"wp:term":[{"taxonomy":"category","embeddable":true,"href":"https:\/\/soymigrante.com\/revista\/wp-json\/wp\/v2\/categories?post=38256"},{"taxonomy":"post_tag","embeddable":true,"href":"https:\/\/soymigrante.com\/revista\/wp-json\/wp\/v2\/tags?post=38256"}],"curies":[{"name":"wp","href":"https:\/\/api.w.org\/{rel}","templated":true}]}}