{"id":38247,"date":"2025-07-02T10:47:15","date_gmt":"2025-07-02T16:47:15","guid":{"rendered":"https:\/\/soymigrante.com\/revista\/?p=38247"},"modified":"2025-07-02T10:49:12","modified_gmt":"2025-07-02T16:49:12","slug":"migrante-pablo-mazariegos-viaja-de-tennessee-a-misuri-para-apoyar-a-la-seleccion-de-guatemala","status":"publish","type":"post","link":"https:\/\/soymigrante.com\/revista\/migrante-pablo-mazariegos-viaja-de-tennessee-a-misuri-para-apoyar-a-la-seleccion-de-guatemala\/","title":{"rendered":"Migrante Pablo Mazariegos viaja de Tennessee a Misuri para apoyar a la selecci\u00f3n de Guatemala"},"content":{"rendered":"\t\t<div data-elementor-type=\"wp-post\" data-elementor-id=\"38247\" class=\"elementor elementor-38247\" data-elementor-post-type=\"post\">\n\t\t\t\t<div data-particle_enable=\"false\" data-particle-mobile-disabled=\"false\" class=\"elementor-element elementor-element-8000b08 e-flex e-con-boxed e-con e-parent\" data-id=\"8000b08\" data-element_type=\"container\" data-e-type=\"container\">\n\t\t\t\t\t<div class=\"e-con-inner\">\n\t\t\t\t<div class=\"elementor-element elementor-element-e1f5a42 elementor-widget elementor-widget-heading\" data-id=\"e1f5a42\" data-element_type=\"widget\" data-e-type=\"widget\" data-widget_type=\"heading.default\">\n\t\t\t\t\t<h2 class=\"elementor-heading-title elementor-size-default\"><span style=\"font-size: 31.2px\">Migrante guatemalteco, psic\u00f3logo y documentalista viaj\u00f3 m\u00e1s de ocho horas desde Chattanooga, Tennessee junto con su familia para estar en el partido de la Selecci\u00f3n azul y blanco frente a USA en San Luis Misuri <\/span><\/h2>\t\t\t\t<\/div>\n\t\t\t\t\t<\/div>\n\t\t\t\t<\/div>\n\t\t<div data-particle_enable=\"false\" data-particle-mobile-disabled=\"false\" class=\"elementor-element elementor-element-48b3143 e-flex e-con-boxed e-con e-parent\" data-id=\"48b3143\" data-element_type=\"container\" data-e-type=\"container\">\n\t\t\t\t\t<div class=\"e-con-inner\">\n\t\t\t\t<div class=\"elementor-element elementor-element-355fdd6 elementor-widget elementor-widget-text-editor\" data-id=\"355fdd6\" data-element_type=\"widget\" data-e-type=\"widget\" data-widget_type=\"text-editor.default\">\n\t\t\t\t\t\t\t\t\t<p>Sali\u00f3 junto a su familia desde un d\u00eda antes, desde<a href=\"https:\/\/soymigrante.com\/revista\/migrantes-guatemaltecos-chattanooga-tennessee-cronica-suenos\/\"> Chattanooga, Tennessee, <\/a>donde vive para poder estar listos y a tiempo de ir al juego semifinal de Copa Oro. Se quedaron en casa de amigos en Misuri.\u00a0<\/p><p>\u201cYa tenemos listas nuestras camisolas de la selecci\u00f3n, el entusiasmo y las ganas de gritar \u00a1Guatemala!\u201d, cuenta <a href=\"https:\/\/soymigrante.com\/revista\/pablo-mazariegos-psicologo-migrante-guatemalteco\/\">Pablo Mazariegos<\/a>, educador, psic\u00f3logo y documentalista, originario de Quetzaltenango y quien lleg\u00f3 de adolescente a Estados Unidos. Actualmente trabaja en producci\u00f3n audiovisual de documentales, tal como se relat\u00f3 en su historia publicada en SoyMigrante.com<\/p>\t\t\t\t\t\t\t\t<\/div>\n\t\t\t\t\t<\/div>\n\t\t\t\t<\/div>\n\t\t<div data-particle_enable=\"false\" data-particle-mobile-disabled=\"false\" class=\"elementor-element elementor-element-ce2a1f8 e-flex e-con-boxed e-con e-parent\" data-id=\"ce2a1f8\" data-element_type=\"container\" data-e-type=\"container\">\n\t\t\t\t\t<div class=\"e-con-inner\">\n\t\t\t\t<div class=\"elementor-element elementor-element-75f32ee elementor-widget elementor-widget-image\" data-id=\"75f32ee\" data-element_type=\"widget\" data-e-type=\"widget\" data-widget_type=\"image.default\">\n\t\t\t\t\t\t\t\t\t\t\t\t<figure class=\"wp-caption\">\n\t\t\t\t\t\t\t\t\t\t<img fetchpriority=\"high\" decoding=\"async\" width=\"768\" height=\"576\" src=\"https:\/\/soymigrante.com\/revista\/wp-content\/uploads\/2025\/07\/pablo-mazariegos-1024x768.jpg\" class=\"attachment-large size-large wp-image-38252\" alt=\"Comparte momentos felices entre migrantes y sus hijos en eventos deportivos y culturales en Guatemala, promoviendo integraci\u00f3n y orgullo nacional.\" srcset=\"https:\/\/soymigrante.com\/revista\/wp-content\/uploads\/2025\/07\/pablo-mazariegos-1024x768.jpg 1024w, https:\/\/soymigrante.com\/revista\/wp-content\/uploads\/2025\/07\/pablo-mazariegos-300x225.jpg 300w, https:\/\/soymigrante.com\/revista\/wp-content\/uploads\/2025\/07\/pablo-mazariegos-768x576.jpg 768w, https:\/\/soymigrante.com\/revista\/wp-content\/uploads\/2025\/07\/pablo-mazariegos-1536x1153.jpg 1536w, https:\/\/soymigrante.com\/revista\/wp-content\/uploads\/2025\/07\/pablo-mazariegos-750x563.webp 750w, https:\/\/soymigrante.com\/revista\/wp-content\/uploads\/2025\/07\/pablo-mazariegos-1140x856.webp 1140w, https:\/\/soymigrante.com\/revista\/wp-content\/uploads\/2025\/07\/pablo-mazariegos.webp 1599w\" sizes=\"(max-width: 768px) 100vw, 768px\" title=\"Pablo Mazariegos junto a su hijo Luca, luciendo las camisolas con los colores guatemaltecos, listos para ir al estadio Energizer de San Luis Misuri. (Foto cortes\u00eda Pablo Mazariegos) \u2013 SoyMigrante.com REVISTA\" \/>\t\t\t\t\t\t\t\t\t\t\t<figcaption class=\"widget-image-caption wp-caption-text\">Padre e hijo celebran el talento y la diversidad en actividades deportivas en Guatemala, fortaleciendo los lazos familiares y la identidad cultural.<\/figcaption>\n\t\t\t\t\t\t\t\t\t\t<\/figure>\n\t\t\t\t\t\t\t\t\t<\/div>\n\t\t\t\t\t<\/div>\n\t\t\t\t<\/div>\n\t\t<div data-particle_enable=\"false\" data-particle-mobile-disabled=\"false\" class=\"elementor-element elementor-element-dcf0e24 e-flex e-con-boxed e-con e-parent\" data-id=\"dcf0e24\" data-element_type=\"container\" data-e-type=\"container\">\n\t\t\t\t\t<div class=\"e-con-inner\">\n\t\t\t\t<div class=\"elementor-element elementor-element-792a5a3 elementor-widget elementor-widget-text-editor\" data-id=\"792a5a3\" data-element_type=\"widget\" data-e-type=\"widget\" data-widget_type=\"text-editor.default\">\n\t\t\t\t\t\t\t\t\t<p>\u201c<a href=\"https:\/\/soymigrante.com\/revista\/migrantes-guatemaltecos-chattanooga-tennessee-cronica-suenos\/\">En Chattanooga hay muchos guatemaltecos<\/a>, la Chapinlandia es grande en Tennessee y por eso me emociona mucho ir a ver el juego. Me emociona especialmente ver la ilusi\u00f3n de mi hijo Luca, que naci\u00f3 en Estados Unidos pero siente ese orgullo de la patria del <a href=\"https:\/\/soymigrante.com\/revista\/10-datos-del-quetzal-que-tal-vez-ya-conocias-o-quiza-no\/\">Quetzal<\/a>\u201d, cuenta.<\/p><p>\u201cLuca est\u00e1 emocionado:\u00a0 hemos visto los partidos, hemos pasado los nervios, gritamos los goles y pienso que no hay guatemalteco en Estados Unidos que no se disfrute lo que est\u00e1 pasando: nuestro pa\u00eds tiene potencial de triunfo y vamos por m\u00e1s\u201d, expresa Pablo.<\/p>\t\t\t\t\t\t\t\t<\/div>\n\t\t\t\t\t<\/div>\n\t\t\t\t<\/div>\n\t\t<div data-particle_enable=\"false\" data-particle-mobile-disabled=\"false\" class=\"elementor-element elementor-element-77358c7 e-flex e-con-boxed e-con e-parent\" data-id=\"77358c7\" data-element_type=\"container\" data-e-type=\"container\">\n\t\t\t\t\t<div class=\"e-con-inner\">\n\t\t\t\t<div class=\"elementor-element elementor-element-4b72b8e elementor-invisible elementor-widget elementor-widget-testimonial\" data-id=\"4b72b8e\" data-element_type=\"widget\" data-e-type=\"widget\" data-settings=\"{&quot;_animation&quot;:&quot;rotateInUpRight&quot;}\" data-widget_type=\"testimonial.default\">\n\t\t\t\t\t\t\t<div class=\"elementor-testimonial-wrapper\">\n\t\t\t\t\t\t\t<div class=\"elementor-testimonial-content\">\"Los comentaristas deportivos resaltan la gran presencia de guatemaltecos en los partidos de la bicolor. Se llenan los estadios, porque ese apoyo surge de una identidad fuerte y que significa mucho al estar tan lejos\".<\/div>\n\t\t\t\n\t\t\t\t\t\t<div class=\"elementor-testimonial-meta elementor-has-image elementor-testimonial-image-position-aside\">\n\t\t\t\t<div class=\"elementor-testimonial-meta-inner\">\n\t\t\t\t\t\t\t\t\t\t\t<div class=\"elementor-testimonial-image\">\n\t\t\t\t\t\t\t<img decoding=\"async\" width=\"757\" height=\"757\" src=\"https:\/\/soymigrante.com\/revista\/wp-content\/uploads\/2023\/08\/PABLO-MAZARIEGOS.webp\" class=\"attachment-full size-full wp-image-2132\" alt=\"\" title=\"PABLO MAZARIEGOS \u2013 SoyMigrante.com REVISTA\" srcset=\"https:\/\/soymigrante.com\/revista\/wp-content\/uploads\/2023\/08\/PABLO-MAZARIEGOS.webp 757w, https:\/\/soymigrante.com\/revista\/wp-content\/uploads\/2023\/08\/PABLO-MAZARIEGOS-300x300.webp 300w, https:\/\/soymigrante.com\/revista\/wp-content\/uploads\/2023\/08\/PABLO-MAZARIEGOS-150x150.webp 150w, https:\/\/soymigrante.com\/revista\/wp-content\/uploads\/2023\/08\/PABLO-MAZARIEGOS-75x75.webp 75w, https:\/\/soymigrante.com\/revista\/wp-content\/uploads\/2023\/08\/PABLO-MAZARIEGOS-750x750.webp 750w, https:\/\/soymigrante.com\/revista\/wp-content\/uploads\/2023\/08\/PABLO-MAZARIEGOS-600x600.webp 600w\" sizes=\"(max-width: 757px) 100vw, 757px\" \/>\t\t\t\t\t\t<\/div>\n\t\t\t\t\t\n\t\t\t\t\t\t\t\t\t\t<div class=\"elementor-testimonial-details\">\n\t\t\t\t\t\t\t\t\t\t\t\t\t\t<div class=\"elementor-testimonial-name\">Pablo Mazariegos<\/div>\n\t\t\t\t\t\t\t\t\t\t\t\t\t\t\t\t\t\t\t\t\t\t<div class=\"elementor-testimonial-job\">Migrante, educador y documentalista\nnacido en Quetzaltenango, ciudadano\nestadounidense radicado en Tennessee.<\/div>\n\t\t\t\t\t\t\t\t\t\t\t\t\t<\/div>\n\t\t\t\t\t\t\t\t\t<\/div>\n\t\t\t<\/div>\n\t\t\t\t\t<\/div>\n\t\t\t\t\t\t<\/div>\n\t\t\t\t\t<\/div>\n\t\t\t\t<\/div>\n\t\t<div data-particle_enable=\"false\" data-particle-mobile-disabled=\"false\" class=\"elementor-element elementor-element-623121f e-flex e-con-boxed e-con e-parent\" data-id=\"623121f\" data-element_type=\"container\" data-e-type=\"container\">\n\t\t\t\t\t<div class=\"e-con-inner\">\n\t\t\t\t<div class=\"elementor-element elementor-element-b27ff89 elementor-widget elementor-widget-heading\" data-id=\"b27ff89\" data-element_type=\"widget\" data-e-type=\"widget\" data-widget_type=\"heading.default\">\n\t\t\t\t\t<h3 class=\"elementor-heading-title elementor-size-default\">Poderoso sentimiento de identidad y hermandad<\/h3>\t\t\t\t<\/div>\n\t\t\t\t\t<\/div>\n\t\t\t\t<\/div>\n\t\t<div data-particle_enable=\"false\" data-particle-mobile-disabled=\"false\" class=\"elementor-element elementor-element-4dd42f0 e-flex e-con-boxed e-con e-parent\" data-id=\"4dd42f0\" data-element_type=\"container\" data-e-type=\"container\">\n\t\t\t\t\t<div class=\"e-con-inner\">\n\t\t\t\t<div class=\"elementor-element elementor-element-512e631 elementor-widget elementor-widget-text-editor\" data-id=\"512e631\" data-element_type=\"widget\" data-e-type=\"widget\" data-widget_type=\"text-editor.default\">\n\t\t\t\t\t\t\t\t\t<p>Pablo es ciudadano de Estados Unidos y sabe de la situaci\u00f3n migratoria imperante. Pero eso mismo le impresiona de los guatemaltecos, que han abarrotado los estadios de la Copa Oro. \u201cHay partidos con los grader\u00edos vac\u00edos. Pero cuando juega Guatemala, se llenan: los comentaristas deportivos, incluso en ingl\u00e9s, lo dicen. Se sorprenden por el entusiasmo y la cantidad\u201d.<\/p><p>\u201cEl otro punto son las distancias: <a href=\"https:\/\/soymigrante.com\/revista\/barra-chapina-migrante-vive-camino-de-guatemala-en-la-copa-oro\/\">los guatemaltecos hacen largos viajes desde otros Estados <\/a>para ir a estos partidos. Hacen un gran esfuerzo y me recuerda cuando yo era patojo y mi pap\u00e1 nos llevaba caminando desde Sibilia hasta <a href=\"https:\/\/soymigrante.com\/revista\/quetzaltenango-500-15-datos-que-quiza-ya-sabias-o-tal-vez-no\/\">Quetzaltenango<\/a> para ir a un partido. Y aqu\u00ed, la gente viaja para conectarse con su pa\u00eds.\u00a0 Y quien no puede viajar, el partido est\u00e1 encendido en cocinas, f\u00e1bricas, tiendas de guatemaltecos en Estados Unidos\u201d.<\/p><p>Pablo y su familia planean estar a buena hora en el estadio Energizer de San Luis Misuri para poder buscar su asiento y disponerse a ver la victoria. \u201c\u00a1Vamos a ser campeones!\u201d, exclama como despedida.<\/p><div>\u00a0<\/div>\t\t\t\t\t\t\t\t<\/div>\n\t\t\t\t\t<\/div>\n\t\t\t\t<\/div>\n\t\t<div data-particle_enable=\"false\" data-particle-mobile-disabled=\"false\" class=\"elementor-element elementor-element-a3d3fcb e-flex e-con-boxed e-con e-parent\" data-id=\"a3d3fcb\" data-element_type=\"container\" data-e-type=\"container\">\n\t\t\t\t\t<div class=\"e-con-inner\">\n\t\t\t\t<div class=\"elementor-element elementor-element-071de53 elementor-widget elementor-widget-heading\" data-id=\"071de53\" data-element_type=\"widget\" data-e-type=\"widget\" data-widget_type=\"heading.default\">\n\t\t\t\t\t<h2 class=\"elementor-heading-title elementor-size-default\">Copa Oro unifica grandes sue\u00f1os <\/h2>\t\t\t\t<\/div>\n\t\t\t\t\t<\/div>\n\t\t\t\t<\/div>\n\t\t<div data-particle_enable=\"false\" data-particle-mobile-disabled=\"false\" class=\"elementor-element elementor-element-2da0b0a e-flex e-con-boxed e-con e-parent\" data-id=\"2da0b0a\" data-element_type=\"container\" data-e-type=\"container\">\n\t\t\t\t\t<div class=\"e-con-inner\">\n\t\t\t\t<div class=\"elementor-element elementor-element-8db0895 elementor-grid-eael-col-3 elementor-grid-tablet-eael-col-2 elementor-grid-mobile-eael-col-1 elementor-invisible elementor-widget elementor-widget-eael-post-grid\" data-id=\"8db0895\" data-element_type=\"widget\" data-e-type=\"widget\" data-settings=\"{&quot;eael_post_grid_columns&quot;:&quot;eael-col-3&quot;,&quot;_animation&quot;:&quot;rollIn&quot;,&quot;eael_post_grid_columns_tablet&quot;:&quot;eael-col-2&quot;,&quot;eael_post_grid_columns_mobile&quot;:&quot;eael-col-1&quot;}\" data-widget_type=\"eael-post-grid.default\">\n\t\t\t\t\t<div id=\"eael-post-grid-8db0895\" class=\"eael-post-grid-container\">\n            <div class=\"eael-post-grid eael-post-appender eael-post-appender-8db0895 eael-post-grid-style-one\" data-layout-mode=\"masonry\"><article class=\"eael-grid-post  eael-post-grid-column eael-pg-post-37986 category-estamos-unidos\" data-id=\"37986\">\n        <div class=\"eael-grid-post-holder\">\n            <div class=\"eael-grid-post-holder-inner\"><div class=\"eael-entry-media\"><div class=\"eael-entry-overlay fade-in\"><i class=\"far fa-hand-pointer\" aria-hidden=\"true\"><\/i><a href=\"https:\/\/soymigrante.com\/revista\/barra-chapina-migrante-vive-camino-de-guatemala-en-la-copa-oro\/\"><\/a><\/div><div class=\"eael-entry-thumbnail \">\n                <img decoding=\"async\" width=\"1024\" height=\"768\" src=\"https:\/\/soymigrante.com\/revista\/wp-content\/uploads\/2025\/06\/Barra-chapina-1024x768.jpg\" class=\"attachment-large size-large wp-image-37987\" alt=\"Migrantes celebrando con bandera de Guatemala en evento cultural y deportivo, mostrando orgullo y identidad nacional.\" srcset=\"https:\/\/soymigrante.com\/revista\/wp-content\/uploads\/2025\/06\/Barra-chapina-1024x768.jpg 1024w, https:\/\/soymigrante.com\/revista\/wp-content\/uploads\/2025\/06\/Barra-chapina-300x225.jpg 300w, https:\/\/soymigrante.com\/revista\/wp-content\/uploads\/2025\/06\/Barra-chapina-768x576.jpg 768w, https:\/\/soymigrante.com\/revista\/wp-content\/uploads\/2025\/06\/Barra-chapina-1536x1152.jpg 1536w, https:\/\/soymigrante.com\/revista\/wp-content\/uploads\/2025\/06\/Barra-chapina-750x563.webp 750w, https:\/\/soymigrante.com\/revista\/wp-content\/uploads\/2025\/06\/Barra-chapina-1140x855.webp 1140w, https:\/\/soymigrante.com\/revista\/wp-content\/uploads\/2025\/06\/Barra-chapina.webp 1920w\" sizes=\"(max-width: 1024px) 100vw, 1024px\" \/>\n            <\/div>\n        <\/div><div class=\"eael-entry-wrapper\"><header class=\"eael-entry-header\"><h2 class=\"eael-entry-title\"><a class=\"eael-grid-post-link\" href=\"https:\/\/soymigrante.com\/revista\/barra-chapina-migrante-vive-camino-de-guatemala-en-la-copa-oro\/\" title=\"Barra Chapina migrante vive camino de Guatemala en la Copa Oro\">Barra Chapina migrante vive camino de Guatemala en la Copa Oro<\/a><\/h2><\/header><div class=\"eael-entry-content\">\n                        <div class=\"eael-grid-post-excerpt\"><a href=\"https:\/\/soymigrante.com\/revista\/barra-chapina-migrante-vive-camino-de-guatemala-en-la-copa-oro\/\" class=\"eael-post-elements-readmore-btn\">CONOCE SU HISTORIA <\/a><\/div>\n                    <\/div><\/div><\/div>\n        <\/div>\n    <\/article><article class=\"eael-grid-post  eael-post-grid-column eael-pg-post-36243 category-exitos-guatemala\" data-id=\"36243\">\n        <div class=\"eael-grid-post-holder\">\n            <div class=\"eael-grid-post-holder-inner\"><div class=\"eael-entry-media\"><div class=\"eael-entry-overlay fade-in\"><i class=\"far fa-hand-pointer\" aria-hidden=\"true\"><\/i><a href=\"https:\/\/soymigrante.com\/revista\/lente-del-migrante-guatemalteco-bladimir-lopez-cubrira-mundial-de-clubes-y-la-copa-oro-2025\/\"><\/a><\/div><div class=\"eael-entry-thumbnail \">\n                <img loading=\"lazy\" decoding=\"async\" width=\"960\" height=\"960\" src=\"https:\/\/soymigrante.com\/revista\/wp-content\/uploads\/2025\/06\/migrante-guatemalteco-bladimir-lopez-fotografo-6.webp\" class=\"attachment-large size-large wp-image-36247\" alt=\"Fot\u00f3grafo con teleobjetivo en evento deportivo, capturando momentos en el estadio, enfocado en la cobertura de noticias deportivas y migrantes, para Revista SoyMigrante.com.\" srcset=\"https:\/\/soymigrante.com\/revista\/wp-content\/uploads\/2025\/06\/migrante-guatemalteco-bladimir-lopez-fotografo-6.webp 960w, https:\/\/soymigrante.com\/revista\/wp-content\/uploads\/2025\/06\/migrante-guatemalteco-bladimir-lopez-fotografo-6-300x300.jpg 300w, https:\/\/soymigrante.com\/revista\/wp-content\/uploads\/2025\/06\/migrante-guatemalteco-bladimir-lopez-fotografo-6-150x150.jpg 150w, https:\/\/soymigrante.com\/revista\/wp-content\/uploads\/2025\/06\/migrante-guatemalteco-bladimir-lopez-fotografo-6-768x768.jpg 768w, https:\/\/soymigrante.com\/revista\/wp-content\/uploads\/2025\/06\/migrante-guatemalteco-bladimir-lopez-fotografo-6-75x75.webp 75w, https:\/\/soymigrante.com\/revista\/wp-content\/uploads\/2025\/06\/migrante-guatemalteco-bladimir-lopez-fotografo-6-750x750.webp 750w\" sizes=\"(max-width: 960px) 100vw, 960px\" \/>\n            <\/div>\n        <\/div><div class=\"eael-entry-wrapper\"><header class=\"eael-entry-header\"><h2 class=\"eael-entry-title\"><a class=\"eael-grid-post-link\" href=\"https:\/\/soymigrante.com\/revista\/lente-del-migrante-guatemalteco-bladimir-lopez-cubrira-mundial-de-clubes-y-la-copa-oro-2025\/\" title=\"Lente del migrante guatemalteco Bladimir Lopez cubrir\u00e1 Mundial de Clubes y la Copa Oro 2025\">Lente del migrante guatemalteco Bladimir Lopez cubrir\u00e1 Mundial de Clubes y la Copa Oro 2025<\/a><\/h2><\/header><div class=\"eael-entry-content\">\n                        <div class=\"eael-grid-post-excerpt\"><a href=\"https:\/\/soymigrante.com\/revista\/lente-del-migrante-guatemalteco-bladimir-lopez-cubrira-mundial-de-clubes-y-la-copa-oro-2025\/\" class=\"eael-post-elements-readmore-btn\">CONOCE SU HISTORIA <\/a><\/div>\n                    <\/div><\/div><\/div>\n        <\/div>\n    <\/article><article class=\"eael-grid-post  eael-post-grid-column eael-pg-post-1780 category-exitos tags-texas\" data-id=\"1780\">\n        <div class=\"eael-grid-post-holder\">\n            <div class=\"eael-grid-post-holder-inner\"><div class=\"eael-entry-media\"><div class=\"eael-entry-overlay fade-in\"><i class=\"far fa-hand-pointer\" aria-hidden=\"true\"><\/i><a href=\"https:\/\/soymigrante.com\/revista\/antonio-marcos-migrante-guatemalteco-atrajo-atencion-al-apoyar-a-la-seleccion-nacional\/\"><\/a><\/div><div class=\"eael-entry-thumbnail \">\n                <img loading=\"lazy\" decoding=\"async\" width=\"1024\" height=\"706\" src=\"https:\/\/soymigrante.com\/revista\/wp-content\/uploads\/2023\/07\/una-mas-1024x706.webp\" class=\"attachment-large size-large wp-image-1782\" alt=\"\" srcset=\"https:\/\/soymigrante.com\/revista\/wp-content\/uploads\/2023\/07\/una-mas-1024x706.webp 1024w, https:\/\/soymigrante.com\/revista\/wp-content\/uploads\/2023\/07\/una-mas-300x207.webp 300w, https:\/\/soymigrante.com\/revista\/wp-content\/uploads\/2023\/07\/una-mas-768x530.webp 768w, https:\/\/soymigrante.com\/revista\/wp-content\/uploads\/2023\/07\/una-mas-1536x1059.webp 1536w, https:\/\/soymigrante.com\/revista\/wp-content\/uploads\/2023\/07\/una-mas-750x517.webp 750w, https:\/\/soymigrante.com\/revista\/wp-content\/uploads\/2023\/07\/una-mas-1140x786.webp 1140w, https:\/\/soymigrante.com\/revista\/wp-content\/uploads\/2023\/07\/una-mas.webp 1920w\" sizes=\"(max-width: 1024px) 100vw, 1024px\" \/>\n            <\/div>\n        <\/div><div class=\"eael-entry-wrapper\"><header class=\"eael-entry-header\"><h2 class=\"eael-entry-title\"><a class=\"eael-grid-post-link\" href=\"https:\/\/soymigrante.com\/revista\/antonio-marcos-migrante-guatemalteco-atrajo-atencion-al-apoyar-a-la-seleccion-nacional\/\" title=\"Migrante Antonio Marcos atrajo la atenci\u00f3n en juego clave de la Selecci\u00f3n en Copa Oro: esta es su historia\">Migrante Antonio Marcos atrajo la atenci\u00f3n en juego clave de la Selecci\u00f3n en Copa Oro: esta es su historia<\/a><\/h2><\/header><div class=\"eael-entry-content\">\n                        <div class=\"eael-grid-post-excerpt\"><a href=\"https:\/\/soymigrante.com\/revista\/antonio-marcos-migrante-guatemalteco-atrajo-atencion-al-apoyar-a-la-seleccion-nacional\/\" class=\"eael-post-elements-readmore-btn\">CONOCE SU HISTORIA <\/a><\/div>\n                    <\/div><\/div><\/div>\n        <\/div>\n    <\/article><\/div>\n            <div class=\"clearfix\"><\/div>\n        <\/div>\t\t\t\t<\/div>\n\t\t\t\t\t<\/div>\n\t\t\t\t<\/div>\n\t\t\t\t<\/div>\n\t\t","protected":false},"excerpt":{"rendered":"<p>Migrante guatemalteco, psic\u00f3logo y documentalista viaj\u00f3 m\u00e1s de ocho horas desde Chattanooga, Tennessee junto con su familia para estar en el partido de la Selecci\u00f3n azul y blanco frente a USA en San Luis Misuri Sali\u00f3 junto a su familia desde un d\u00eda antes, desde Chattanooga, Tennessee, donde vive para poder estar listos y a [&hellip;]<\/p>\n","protected":false},"author":7,"featured_media":38249,"comment_status":"open","ping_status":"open","sticky":false,"template":"","format":"standard","meta":{"_acf_changed":false,"_eb_attr":"","footnotes":""},"categories":[54],"tags":[],"class_list":["post-38247","post","type-post","status-publish","format-standard","has-post-thumbnail","hentry","category-estamos-unidos"],"acf":[],"aioseo_notices":[],"aioseo_head":"\n\t\t<!-- All in One SEO Pro 4.9.6.2 - aioseo.com -->\n\t<meta name=\"description\" content=\"Entre miles de guatemaltecos reunidos en el juego que Guatemala gan\u00f3 3-2 a Guadalupe en New Jersey, hubo un rostro que atrajo c\u00e1maras por su alegr\u00eda. Esta es su historia, incluyendo el pesar que vivi\u00f3 despu\u00e9s. Se llama Federico Antonio Marcos. Naci\u00f3 en Colomba, Costa Cuca, Quetzaltenango, en febrero de 1978. Lleg\u00f3 como migrante a\" \/>\n\t<meta name=\"robots\" content=\"max-snippet:-1, max-image-preview:large, max-video-preview:-1\" \/>\n\t<meta name=\"author\" content=\"Gustavo Montenegro\"\/>\n\t<link rel=\"canonical\" href=\"https:\/\/soymigrante.com\/revista\/antonio-marcos-migrante-guatemalteco-atrajo-atencion-al-apoyar-a-la-seleccion-nacional\/\" \/>\n\t<meta name=\"generator\" content=\"All in One SEO Pro (AIOSEO) 4.9.6.2\" \/>\n\n\t\t<link rel=\"preconnect\" href=\"https:\/\/fonts.googleapis.com\" crossorigin>\n<link rel=\"preconnect\" href=\"https:\/\/fonts.gstatic.com\" crossorigin>\n\t\t<meta property=\"og:locale\" content=\"es_ES\" \/>\n\t\t<meta property=\"og:site_name\" content=\"SoyMigrante.com REVISTA \u2013 Nuestra misi\u00f3n es reconocer y dignificar al migrante.\" \/>\n\t\t<meta property=\"og:type\" content=\"article\" \/>\n\t\t<meta property=\"og:title\" content=\"Migrante Antonio Marcos atrajo la atenci\u00f3n en juego clave de la Selecci\u00f3n en Copa Oro: esta es su historia\" \/>\n\t\t<meta property=\"og:description\" content=\"Entre miles de guatemaltecos reunidos en el juego que Guatemala gan\u00f3 3-2 a Guadalupe en New Jersey, hubo un rostro que atrajo c\u00e1maras por su alegr\u00eda. Esta es su historia, incluyendo el pesar que vivi\u00f3 despu\u00e9s. Se llama Federico Antonio Marcos. Naci\u00f3 en Colomba, Costa Cuca, Quetzaltenango, en febrero de 1978. Lleg\u00f3 como migrante a\" \/>\n\t\t<meta property=\"og:url\" content=\"https:\/\/soymigrante.com\/revista\/antonio-marcos-migrante-guatemalteco-atrajo-atencion-al-apoyar-a-la-seleccion-nacional\/\" \/>\n\t\t<meta property=\"og:image\" content=\"https:\/\/soymigrante.com\/revista\/wp-content\/uploads\/2023\/07\/una-mas.webp\" \/>\n\t\t<meta property=\"og:image:secure_url\" content=\"https:\/\/soymigrante.com\/revista\/wp-content\/uploads\/2023\/07\/una-mas.webp\" \/>\n\t\t<meta property=\"og:image:width\" content=\"1920\" \/>\n\t\t<meta property=\"og:image:height\" content=\"1324\" \/>\n\t\t<meta property=\"article:published_time\" content=\"2023-07-09T20:29:27+00:00\" \/>\n\t\t<meta property=\"article:modified_time\" content=\"2026-03-11T22:46:30+00:00\" \/>\n\t\t<meta property=\"article:publisher\" content=\"https:\/\/www.facebook.com\/soymigrantecom\" \/>\n\t\t<meta name=\"twitter:card\" content=\"summary_large_image\" \/>\n\t\t<meta name=\"twitter:site\" content=\"@SoyMigrante_com\" \/>\n\t\t<meta name=\"twitter:title\" content=\"Migrante Antonio Marcos atrajo la atenci\u00f3n en juego clave de la Selecci\u00f3n en Copa Oro: esta es su historia\" \/>\n\t\t<meta name=\"twitter:description\" content=\"Entre miles de guatemaltecos reunidos en el juego que Guatemala gan\u00f3 3-2 a Guadalupe en New Jersey, hubo un rostro que atrajo c\u00e1maras por su alegr\u00eda. Esta es su historia, incluyendo el pesar que vivi\u00f3 despu\u00e9s. Se llama Federico Antonio Marcos. Naci\u00f3 en Colomba, Costa Cuca, Quetzaltenango, en febrero de 1978. Lleg\u00f3 como migrante a\" \/>\n\t\t<meta name=\"twitter:creator\" content=\"@SoyMigrante_com\" \/>\n\t\t<meta name=\"twitter:image\" content=\"https:\/\/soymigrante.com\/revista\/wp-content\/uploads\/2023\/07\/una-mas.webp\" \/>\n\t\t<!-- All in One SEO Pro -->\r\n\t\t<title>Migrante Antonio Marcos atrajo la atenci\u00f3n en juego clave de la Selecci\u00f3n en Copa Oro: esta es su historia<\/title>\n\n","aioseo_head_json":{"title":"Migrante Antonio Marcos atrajo la atenci\u00f3n en juego clave de la Selecci\u00f3n en Copa Oro: esta es su historia","description":"Entre miles de guatemaltecos reunidos en el juego que Guatemala gan\u00f3 3-2 a Guadalupe en New Jersey, hubo un rostro que atrajo c\u00e1maras por su alegr\u00eda. Esta es su historia, incluyendo el pesar que vivi\u00f3 despu\u00e9s. Se llama Federico Antonio Marcos. Naci\u00f3 en Colomba, Costa Cuca, Quetzaltenango, en febrero de 1978. Lleg\u00f3 como migrante a","canonical_url":"https:\/\/soymigrante.com\/revista\/antonio-marcos-migrante-guatemalteco-atrajo-atencion-al-apoyar-a-la-seleccion-nacional\/","robots":"max-snippet:-1, max-image-preview:large, max-video-preview:-1","keywords":"","webmasterTools":{"miscellaneous":"&lt;link rel=\"preconnect\" href=\"https:\/\/fonts.googleapis.com\" crossorigin&gt;\n&lt;link rel=\"preconnect\" href=\"https:\/\/fonts.gstatic.com\" crossorigin&gt;"},"schema":null,"og:locale":"es_ES","og:site_name":"SoyMigrante.com REVISTA \u2013 Nuestra misi\u00f3n es reconocer y dignificar al migrante.","og:type":"article","og:title":"Migrante Antonio Marcos atrajo la atenci\u00f3n en juego clave de la Selecci\u00f3n en Copa Oro: esta es su historia","og:description":"Entre miles de guatemaltecos reunidos en el juego que Guatemala gan\u00f3 3-2 a Guadalupe en New Jersey, hubo un rostro que atrajo c\u00e1maras por su alegr\u00eda. Esta es su historia, incluyendo el pesar que vivi\u00f3 despu\u00e9s. Se llama Federico Antonio Marcos. Naci\u00f3 en Colomba, Costa Cuca, Quetzaltenango, en febrero de 1978. Lleg\u00f3 como migrante a","og:url":"https:\/\/soymigrante.com\/revista\/antonio-marcos-migrante-guatemalteco-atrajo-atencion-al-apoyar-a-la-seleccion-nacional\/","og:image":"https:\/\/soymigrante.com\/revista\/wp-content\/uploads\/2023\/07\/una-mas.webp","og:image:secure_url":"https:\/\/soymigrante.com\/revista\/wp-content\/uploads\/2023\/07\/una-mas.webp","og:image:width":1920,"og:image:height":1324,"article:published_time":"2023-07-09T20:29:27+00:00","article:modified_time":"2026-03-11T22:46:30+00:00","article:publisher":"https:\/\/www.facebook.com\/soymigrantecom","twitter:card":"summary_large_image","twitter:site":"@SoyMigrante_com","twitter:title":"Migrante Antonio Marcos atrajo la atenci\u00f3n en juego clave de la Selecci\u00f3n en Copa Oro: esta es su historia","twitter:description":"Entre miles de guatemaltecos reunidos en el juego que Guatemala gan\u00f3 3-2 a Guadalupe en New Jersey, hubo un rostro que atrajo c\u00e1maras por su alegr\u00eda. Esta es su historia, incluyendo el pesar que vivi\u00f3 despu\u00e9s. Se llama Federico Antonio Marcos. Naci\u00f3 en Colomba, Costa Cuca, Quetzaltenango, en febrero de 1978. Lleg\u00f3 como migrante a","twitter:creator":"@SoyMigrante_com","twitter:image":"https:\/\/soymigrante.com\/revista\/wp-content\/uploads\/2023\/07\/una-mas.webp"},"aioseo_meta_data":{"post_id":"38247","title":"Copa Oro: Viaje de Tennessee a Misuri en apoyo a Guatemala","description":"Migrante, educador y psic\u00f3logo migrante guatemalteco asistir\u00e1 al partido de Guatemala contra Estados Unidos en semifinal de Copa Oro.","keywords":null,"keyphrases":{"focus":{"keyphrase":"Copa Oro","score":88,"analysis":{"keyphraseInTitle":{"score":9,"maxScore":9,"error":0},"keyphraseInDescription":{"score":9,"maxScore":9,"error":0},"keyphraseLength":{"score":9,"maxScore":9,"error":0,"length":2},"keyphraseInURL":{"score":1,"maxScore":5,"error":1}}},"additional":[{"keyphrase":"Guatemala","score":100,"analysis":{"keyphraseInDescription":{"score":9,"maxScore":9,"error":0},"keyphraseLength":{"score":9,"maxScore":9,"error":0,"length":1}}},{"keyphrase":"Selecci\u00f3n","score":67,"analysis":{"keyphraseInDescription":{"score":3,"maxScore":9,"error":1},"keyphraseLength":{"score":9,"maxScore":9,"error":0,"length":2}}}]},"primary_term":null,"canonical_url":null,"og_title":null,"og_description":null,"og_object_type":"default","og_image_type":"default","og_image_url":null,"og_image_width":null,"og_image_height":null,"og_image_custom_url":null,"og_image_custom_fields":null,"og_video":"","og_custom_url":null,"og_article_section":null,"og_article_tags":null,"twitter_use_og":false,"twitter_card":"default","twitter_image_type":"default","twitter_image_url":null,"twitter_image_custom_url":null,"twitter_image_custom_fields":null,"twitter_title":null,"twitter_description":null,"schema":{"blockGraphs":[],"customGraphs":[],"default":{"data":{"Article":[],"Course":[],"Dataset":[],"FAQPage":[],"Movie":[],"Person":[],"Product":[],"ProductReview":[],"Car":[],"Recipe":[],"Service":[],"SoftwareApplication":[],"WebPage":[]},"graphName":"none","isEnabled":true},"graphs":[]},"schema_type":"default","schema_type_options":null,"pillar_content":false,"robots_default":true,"robots_noindex":false,"robots_noarchive":false,"robots_nosnippet":false,"robots_nofollow":false,"robots_noimageindex":false,"robots_noodp":false,"robots_notranslate":false,"robots_max_snippet":"-1","robots_max_videopreview":"-1","robots_max_imagepreview":"large","priority":null,"frequency":"default","local_seo":null,"seo_analyzer_scan_date":"2025-10-09 06:24:17","breadcrumb_settings":null,"limit_modified_date":false,"reviewed_by":"0","open_ai":null,"ai":{"faqs":[],"keyPoints":[],"titles":[],"descriptions":[],"socialPosts":{"email":[],"linkedin":[],"twitter":[],"facebook":[],"instagram":[]}},"created":"2025-07-02 15:56:31","updated":"2026-02-05 01:34:41"},"aioseo_breadcrumb":"<div class=\"aioseo-breadcrumbs\"><span class=\"aioseo-breadcrumb\">\n\t<a href=\"https:\/\/soymigrante.com\/revista\" title=\"Home\">Home<\/a>\n<\/span><span class=\"aioseo-breadcrumb-separator\">\u00bb<\/span><span class=\"aioseo-breadcrumb\">\n\t<a href=\"https:\/\/soymigrante.com\/revista\/category\/estamos-unidos\/\" title=\"Estamos Unidos\">Estamos Unidos<\/a>\n<\/span><span class=\"aioseo-breadcrumb-separator\">\u00bb<\/span><span class=\"aioseo-breadcrumb\">\n\tMigrante Pablo Mazariegos viaja de Tennessee a Misuri para apoyar a la selecci\u00f3n de Guatemala\n<\/span><\/div>","aioseo_breadcrumb_json":[{"label":"Home","link":"https:\/\/soymigrante.com\/revista"},{"label":"Estamos Unidos","link":"https:\/\/soymigrante.com\/revista\/category\/estamos-unidos\/"},{"label":"Migrante Pablo Mazariegos viaja de Tennessee a Misuri para apoyar a la selecci\u00f3n de Guatemala","link":"https:\/\/soymigrante.com\/revista\/migrante-pablo-mazariegos-viaja-de-tennessee-a-misuri-para-apoyar-a-la-seleccion-de-guatemala\/"}],"_links":{"self":[{"href":"https:\/\/soymigrante.com\/revista\/wp-json\/wp\/v2\/posts\/38247","targetHints":{"allow":["GET"]}}],"collection":[{"href":"https:\/\/soymigrante.com\/revista\/wp-json\/wp\/v2\/posts"}],"about":[{"href":"https:\/\/soymigrante.com\/revista\/wp-json\/wp\/v2\/types\/post"}],"author":[{"embeddable":true,"href":"https:\/\/soymigrante.com\/revista\/wp-json\/wp\/v2\/users\/7"}],"replies":[{"embeddable":true,"href":"https:\/\/soymigrante.com\/revista\/wp-json\/wp\/v2\/comments?post=38247"}],"version-history":[{"count":5,"href":"https:\/\/soymigrante.com\/revista\/wp-json\/wp\/v2\/posts\/38247\/revisions"}],"predecessor-version":[{"id":38255,"href":"https:\/\/soymigrante.com\/revista\/wp-json\/wp\/v2\/posts\/38247\/revisions\/38255"}],"wp:featuredmedia":[{"embeddable":true,"href":"https:\/\/soymigrante.com\/revista\/wp-json\/wp\/v2\/media\/38249"}],"wp:attachment":[{"href":"https:\/\/soymigrante.com\/revista\/wp-json\/wp\/v2\/media?parent=38247"}],"wp:term":[{"taxonomy":"category","embeddable":true,"href":"https:\/\/soymigrante.com\/revista\/wp-json\/wp\/v2\/categories?post=38247"},{"taxonomy":"post_tag","embeddable":true,"href":"https:\/\/soymigrante.com\/revista\/wp-json\/wp\/v2\/tags?post=38247"}],"curies":[{"name":"wp","href":"https:\/\/api.w.org\/{rel}","templated":true}]}}