{"id":38193,"date":"2025-07-02T04:00:00","date_gmt":"2025-07-02T10:00:00","guid":{"rendered":"https:\/\/soymigrante.com\/revista\/?p=38193"},"modified":"2025-07-01T22:33:29","modified_gmt":"2025-07-02T04:33:29","slug":"dona-luz-cuando-la-solidaridad-ilumina-el-emprendimiento","status":"publish","type":"post","link":"https:\/\/soymigrante.com\/revista\/dona-luz-cuando-la-solidaridad-ilumina-el-emprendimiento\/","title":{"rendered":"Do\u00f1a Luz: cuando la solidaridad ilumina el emprendimiento"},"content":{"rendered":"\t\t<div data-elementor-type=\"wp-post\" data-elementor-id=\"38193\" class=\"elementor elementor-38193\" data-elementor-post-type=\"post\">\n\t\t\t\t<div data-particle_enable=\"false\" data-particle-mobile-disabled=\"false\" class=\"elementor-element elementor-element-45c0a1e e-flex e-con-boxed e-con e-parent\" data-id=\"45c0a1e\" data-element_type=\"container\" data-e-type=\"container\">\n\t\t\t\t\t<div class=\"e-con-inner\">\n\t\t\t\t<div class=\"elementor-element elementor-element-8aa7953 elementor-widget elementor-widget-heading\" data-id=\"8aa7953\" data-element_type=\"widget\" data-e-type=\"widget\" data-widget_type=\"heading.default\">\n\t\t\t\t\t<h2 class=\"elementor-heading-title elementor-size-default\">Do\u00f1a Luz es una mujer que ha llevado el emprendimiento en el coraz\u00f3n a tal punto de iluminar son su solidaridad. \n<\/h2>\t\t\t\t<\/div>\n\t\t\t\t\t<\/div>\n\t\t\t\t<\/div>\n\t\t<div data-particle_enable=\"false\" data-particle-mobile-disabled=\"false\" class=\"elementor-element elementor-element-256f50a e-flex e-con-boxed e-con e-parent\" data-id=\"256f50a\" data-element_type=\"container\" data-e-type=\"container\">\n\t\t\t\t\t<div class=\"e-con-inner\">\n\t\t\t\t<div class=\"elementor-element elementor-element-19e8678 elementor-widget elementor-widget-text-editor\" data-id=\"19e8678\" data-element_type=\"widget\" data-e-type=\"widget\" data-widget_type=\"text-editor.default\">\n\t\t\t\t\t\t\t\t\t<p>En el coraz\u00f3n de R\u00edo Blanco Sacapulas, donde las monta\u00f1as guatemaltecas abrazan comunidades que han resistido siglos de marginaci\u00f3n, D<a href=\"https:\/\/www.meda.org\/news\/success-stories\/a-dream-and-the-power-of-solidarity-in-rio-blanco-sacapulas\/\" target=\"_blank\" rel=\"noopener\">o\u00f1a Luz ha construido algo m\u00e1s que un negocio: ha creado un s\u00edmbolo de resistencia econ\u00f3mica y solidaridad comunitaria que trasciende las limitaciones tradicionales del emprendimiento rural.<\/a><\/p><p>Su historia comenz\u00f3 hace seis a\u00f1os con una parrilla de barbacoa en un terreno prestado, una inversi\u00f3n modesta que reflejaba tanto sus limitados recursos como sus grandes aspiraciones. Cuando su esposo migr\u00f3 a Estados Unidos en busca de oportunidades laborales, Do\u00f1a Luz se encontr\u00f3 navegando simult\u00e1neamente la maternidad de un ni\u00f1o de cuatro a\u00f1os y la responsabilidad completa de mantener a flote su emprendimiento. <a href=\"https:\/\/www.meda.org\/news\/success-stories\/a-dream-and-the-power-of-solidarity-in-rio-blanco-sacapulas\/\" target=\"_blank\" rel=\"noopener\">Esta transici\u00f3n, que podr\u00eda haber sido abrumadora, se convirti\u00f3 en el catalizador de su crecimiento como empresaria independiente.<\/a><\/p>\t\t\t\t\t\t\t\t<\/div>\n\t\t\t\t\t<\/div>\n\t\t\t\t<\/div>\n\t\t<div data-particle_enable=\"false\" data-particle-mobile-disabled=\"false\" class=\"elementor-element elementor-element-91cdc92 e-flex e-con-boxed e-con e-parent\" data-id=\"91cdc92\" data-element_type=\"container\" data-e-type=\"container\">\n\t\t\t\t\t<div class=\"e-con-inner\">\n\t\t\t\t<div class=\"elementor-element elementor-element-a3666c5 elementor-widget elementor-widget-heading\" data-id=\"a3666c5\" data-element_type=\"widget\" data-e-type=\"widget\" data-widget_type=\"heading.default\">\n\t\t\t\t\t<h3 class=\"elementor-heading-title elementor-size-default\">No rendirse es su filosof\u00eda <\/h3>\t\t\t\t<\/div>\n\t\t\t\t\t<\/div>\n\t\t\t\t<\/div>\n\t\t<div data-particle_enable=\"false\" data-particle-mobile-disabled=\"false\" class=\"elementor-element elementor-element-352129b e-flex e-con-boxed e-con e-parent\" data-id=\"352129b\" data-element_type=\"container\" data-e-type=\"container\">\n\t\t\t\t\t<div class=\"e-con-inner\">\n\t\t\t\t<div class=\"elementor-element elementor-element-07ee2eb elementor-widget elementor-widget-text-editor\" data-id=\"07ee2eb\" data-element_type=\"widget\" data-e-type=\"widget\" data-widget_type=\"text-editor.default\">\n\t\t\t\t\t\t\t\t\t<p>La llegada de la pandemia COVID-19 represent\u00f3 un desaf\u00edo existencial para su peque\u00f1o negocio. \u201cTodo se vino abajo\u201d, recuerda, describiendo un momento que muchos microempresarios en comunidades vulnerables reconocer\u00e1n. <a href=\"https:\/\/www.meda.org\/news\/success-stories\/a-dream-and-the-power-of-solidarity-in-rio-blanco-sacapulas\/\" target=\"_blank\" rel=\"noopener\">Sin embargo, la respuesta de Do\u00f1a Luz a esta crisis ilustra la adaptabilidad y resistencia que caracterizan al emprendimiento de supervivencia.<\/a> En lugar de rendirse, busc\u00f3 nuevos espacios, primero en la iglesia local y finalmente en su ubicaci\u00f3n actual, gracias al apoyo de vecinos solidarios.<\/p><p><a href=\"https:\/\/www.meda.org\/news\/success-stories\/a-dream-and-the-power-of-solidarity-in-rio-blanco-sacapulas\/\" target=\"_blank\" rel=\"noopener\">La conexi\u00f3n con el programa de banca comunitaria de Friendship Bridge marc\u00f3 un punto de inflexi\u00f3n crucial en su trayectoria empresarial.<\/a> Su hesitaci\u00f3n inicial hacia los servicios financieros formales refleja una barrera com\u00fan entre poblaciones no bancarizadas, donde la desconfianza hacia las instituciones financieras a menudo se basa en experiencias hist\u00f3ricas de exclusi\u00f3n o explotaci\u00f3n.<\/p>\t\t\t\t\t\t\t\t<\/div>\n\t\t\t\t\t<\/div>\n\t\t\t\t<\/div>\n\t\t<div data-particle_enable=\"false\" data-particle-mobile-disabled=\"false\" class=\"elementor-element elementor-element-b2c2054 e-flex e-con-boxed e-con e-parent\" data-id=\"b2c2054\" data-element_type=\"container\" data-e-type=\"container\">\n\t\t\t\t\t<div class=\"e-con-inner\">\n\t\t\t\t<div class=\"elementor-element elementor-element-ed40a1f elementor-grid-eael-col-1 elementor-grid-tablet-eael-col-2 elementor-grid-mobile-eael-col-1 elementor-invisible elementor-widget elementor-widget-eael-post-grid\" data-id=\"ed40a1f\" data-element_type=\"widget\" data-e-type=\"widget\" data-settings=\"{&quot;eael_post_grid_columns&quot;:&quot;eael-col-1&quot;,&quot;_animation&quot;:&quot;rollIn&quot;,&quot;eael_post_grid_columns_tablet&quot;:&quot;eael-col-2&quot;,&quot;eael_post_grid_columns_mobile&quot;:&quot;eael-col-1&quot;}\" data-widget_type=\"eael-post-grid.default\">\n\t\t\t\t\t<div id=\"eael-post-grid-ed40a1f\" class=\"eael-post-grid-container\">\n            <div class=\"eael-post-grid eael-post-appender eael-post-appender-ed40a1f eael-post-grid-style-one\" data-layout-mode=\"masonry\"><article class=\"eael-grid-post  eael-post-grid-column eael-pg-post-12390 category-bienestar\" data-id=\"12390\">\n        <div class=\"eael-grid-post-holder\">\n            <div class=\"eael-grid-post-holder-inner\"><div class=\"eael-entry-media\"><div class=\"eael-entry-overlay fade-in\"><i class=\"far fa-hand-pointer\" aria-hidden=\"true\"><\/i><a href=\"https:\/\/soymigrante.com\/revista\/claves-de-transformacion-digital-para-emprendedores\/\"><\/a><\/div><div class=\"eael-entry-thumbnail eael-image-ratio\">\n                <img fetchpriority=\"high\" decoding=\"async\" width=\"684\" height=\"684\" src=\"https:\/\/soymigrante.com\/revista\/wp-content\/uploads\/2024\/11\/transformacion-digital-imagen-envato-2.webp\" class=\"attachment-large size-large wp-image-13004\" alt=\"Asistencia virtual y atenci\u00f3n al cliente en l\u00ednea, comunicaci\u00f3n digital y consultor\u00eda en redes sociales para migrantes y comunidades hispanohablantes.\" srcset=\"https:\/\/soymigrante.com\/revista\/wp-content\/uploads\/2024\/11\/transformacion-digital-imagen-envato-2.webp 684w, https:\/\/soymigrante.com\/revista\/wp-content\/uploads\/2024\/11\/transformacion-digital-imagen-envato-2-300x300.webp 300w, https:\/\/soymigrante.com\/revista\/wp-content\/uploads\/2024\/11\/transformacion-digital-imagen-envato-2-150x150.webp 150w, https:\/\/soymigrante.com\/revista\/wp-content\/uploads\/2024\/11\/transformacion-digital-imagen-envato-2-75x75.webp 75w\" sizes=\"(max-width: 684px) 100vw, 684px\" \/>\n            <\/div>\n        <\/div><div class=\"eael-entry-wrapper\"><header class=\"eael-entry-header\"><h2 class=\"eael-entry-title\"><a class=\"eael-grid-post-link\" href=\"https:\/\/soymigrante.com\/revista\/claves-de-transformacion-digital-para-emprendedores\/\" title=\"\u00bfTienes un emprendimiento? Algunas claves de transformaci\u00f3n digital para crecer\">\u00bfTienes un emprendimiento? Algunas claves de transformaci\u00f3n digital para crecer<\/a><\/h2><\/header><div class=\"eael-entry-content\">\n                        <div class=\"eael-grid-post-excerpt\"><a href=\"https:\/\/soymigrante.com\/revista\/claves-de-transformacion-digital-para-emprendedores\/\" class=\"eael-post-elements-readmore-btn\">CONOCE SU HISTORIA <\/a><\/div>\n                    <\/div><\/div><\/div>\n        <\/div>\n    <\/article><\/div>\n            <div class=\"clearfix\"><\/div>\n        <\/div>\t\t\t\t<\/div>\n\t\t\t\t\t<\/div>\n\t\t\t\t<\/div>\n\t\t<div data-particle_enable=\"false\" data-particle-mobile-disabled=\"false\" class=\"elementor-element elementor-element-8ea6593 e-flex e-con-boxed e-con e-parent\" data-id=\"8ea6593\" data-element_type=\"container\" data-e-type=\"container\">\n\t\t\t\t\t<div class=\"e-con-inner\">\n\t\t\t\t<div class=\"elementor-element elementor-element-fc495a1 elementor-widget elementor-widget-heading\" data-id=\"fc495a1\" data-element_type=\"widget\" data-e-type=\"widget\" data-widget_type=\"heading.default\">\n\t\t\t\t\t<h3 class=\"elementor-heading-title elementor-size-default\">Nuevo modelo de garant\u00edas <\/h3>\t\t\t\t<\/div>\n\t\t\t\t\t<\/div>\n\t\t\t\t<\/div>\n\t\t<div data-particle_enable=\"false\" data-particle-mobile-disabled=\"false\" class=\"elementor-element elementor-element-346b9a4 e-flex e-con-boxed e-con e-parent\" data-id=\"346b9a4\" data-element_type=\"container\" data-e-type=\"container\">\n\t\t\t\t\t<div class=\"e-con-inner\">\n\t\t\t\t<div class=\"elementor-element elementor-element-80983c0 elementor-widget elementor-widget-text-editor\" data-id=\"80983c0\" data-element_type=\"widget\" data-e-type=\"widget\" data-widget_type=\"text-editor.default\">\n\t\t\t\t\t\t\t\t\t<p><a href=\"https:\/\/www.meda.org\/news\/success-stories\/a-dream-and-the-power-of-solidarity-in-rio-blanco-sacapulas\/\" target=\"_blank\" rel=\"noopener\">El modelo de garant\u00edas solidarias que adopt\u00f3 Friendship Bridge representa una innovaci\u00f3n significativa en microfinanzas.<\/a> Al eliminar la necesidad de garant\u00edas tradicionales y basar los pr\u00e9stamos en el apoyo mutuo del grupo, el programa no solo proporciona acceso al cr\u00e9dito, sino que tambi\u00e9n construye redes de apoyo social que trascienden las transacciones financieras.<\/p><p>\u201cNunca hab\u00eda podido pagar pr\u00e9stamos tan bien como lo hago ahora\u201d, dice Do\u00f1a Luz con orgullo, reflejando no solo una mejora en su situaci\u00f3n financiera, sino tambi\u00e9n un crecimiento en su confianza y capacidades de gesti\u00f3n empresarial. Esta transformaci\u00f3n ilustra c\u00f3mo el acceso a servicios financieros apropiados puede desbloquear potencial empresarial que previamente estaba limitado por la falta de capital.<\/p><p><a href=\"https:\/\/www.meda.org\/news\/success-stories\/a-dream-and-the-power-of-solidarity-in-rio-blanco-sacapulas\/\" target=\"_blank\" rel=\"noopener\">El componente educativo del programa, que incluye ense\u00f1anza sobre ahorro y establecimiento de metas,<\/a> representa un enfoque hol\u00edstico hacia el desarrollo empresarial. \u201cEso cambia tu mentalidad\u201d, observa Do\u00f1a Luz, reconociendo que el verdadero valor del programa va m\u00e1s all\u00e1 del acceso al cr\u00e9dito para incluir el desarrollo de capacidades de planificaci\u00f3n financiera a largo plazo.<\/p>\t\t\t\t\t\t\t\t<\/div>\n\t\t\t\t\t<\/div>\n\t\t\t\t<\/div>\n\t\t<div data-particle_enable=\"false\" data-particle-mobile-disabled=\"false\" class=\"elementor-element elementor-element-d0405aa e-flex e-con-boxed e-con e-parent\" data-id=\"d0405aa\" data-element_type=\"container\" data-e-type=\"container\">\n\t\t\t\t\t<div class=\"e-con-inner\">\n\t\t\t\t<div class=\"elementor-element elementor-element-4f26952 elementor-grid-eael-col-1 elementor-grid-tablet-eael-col-2 elementor-grid-mobile-eael-col-1 elementor-invisible elementor-widget elementor-widget-eael-post-grid\" data-id=\"4f26952\" data-element_type=\"widget\" data-e-type=\"widget\" data-settings=\"{&quot;eael_post_grid_columns&quot;:&quot;eael-col-1&quot;,&quot;_animation&quot;:&quot;rollIn&quot;,&quot;eael_post_grid_columns_tablet&quot;:&quot;eael-col-2&quot;,&quot;eael_post_grid_columns_mobile&quot;:&quot;eael-col-1&quot;}\" data-widget_type=\"eael-post-grid.default\">\n\t\t\t\t\t<div id=\"eael-post-grid-4f26952\" class=\"eael-post-grid-container\">\n            <div class=\"eael-post-grid eael-post-appender eael-post-appender-4f26952 eael-post-grid-style-one\" data-layout-mode=\"masonry\"><article class=\"eael-grid-post  eael-post-grid-column eael-pg-post-14322 category-bienestar\" data-id=\"14322\">\n        <div class=\"eael-grid-post-holder\">\n            <div class=\"eael-grid-post-holder-inner\"><div class=\"eael-entry-media\"><div class=\"eael-entry-overlay fade-in\"><i class=\"far fa-hand-pointer\" aria-hidden=\"true\"><\/i><a href=\"https:\/\/soymigrante.com\/revista\/la-buena-imagen-vende-mas-claves-para-fotos-para-ventas-digitales\/\"><\/a><\/div><div class=\"eael-entry-thumbnail eael-image-ratio\">\n                <img decoding=\"async\" width=\"682\" height=\"1024\" src=\"https:\/\/soymigrante.com\/revista\/wp-content\/uploads\/2024\/11\/Co\u0301mo-tomar-fotos-de-productos-herramientas-y-te\u0301cnicas-1-682x1024.jpeg\" class=\"attachment-large size-large wp-image-14324\" alt=\"C\u00f3mo tomar fotos de productos: herramientas y t\u00e9cnicas\" srcset=\"https:\/\/soymigrante.com\/revista\/wp-content\/uploads\/2024\/11\/Co\u0301mo-tomar-fotos-de-productos-herramientas-y-te\u0301cnicas-1-682x1024.jpeg 682w, https:\/\/soymigrante.com\/revista\/wp-content\/uploads\/2024\/11\/Co\u0301mo-tomar-fotos-de-productos-herramientas-y-te\u0301cnicas-1-200x300.jpeg 200w, https:\/\/soymigrante.com\/revista\/wp-content\/uploads\/2024\/11\/Co\u0301mo-tomar-fotos-de-productos-herramientas-y-te\u0301cnicas-1-768x1153.jpeg 768w, https:\/\/soymigrante.com\/revista\/wp-content\/uploads\/2024\/11\/Co\u0301mo-tomar-fotos-de-productos-herramientas-y-te\u0301cnicas-1-1023x1536.jpeg 1023w, https:\/\/soymigrante.com\/revista\/wp-content\/uploads\/2024\/11\/Co\u0301mo-tomar-fotos-de-productos-herramientas-y-te\u0301cnicas-1-750x1126.webp 750w, https:\/\/soymigrante.com\/revista\/wp-content\/uploads\/2024\/11\/Co\u0301mo-tomar-fotos-de-productos-herramientas-y-te\u0301cnicas-1.webp 1066w\" sizes=\"(max-width: 682px) 100vw, 682px\" \/>\n            <\/div>\n        <\/div><div class=\"eael-entry-wrapper\"><header class=\"eael-entry-header\"><h2 class=\"eael-entry-title\"><a class=\"eael-grid-post-link\" href=\"https:\/\/soymigrante.com\/revista\/la-buena-imagen-vende-mas-claves-para-fotos-para-ventas-digitales\/\" title=\"La buena imagen vende m\u00e1s: claves para mejorar fotos en emprendimientos digitales.\">La buena imagen vende m\u00e1s: claves para mejorar fotos en emprendimientos digitales.<\/a><\/h2><\/header><div class=\"eael-entry-content\">\n                        <div class=\"eael-grid-post-excerpt\"><a href=\"https:\/\/soymigrante.com\/revista\/la-buena-imagen-vende-mas-claves-para-fotos-para-ventas-digitales\/\" class=\"eael-post-elements-readmore-btn\">CONOCE SU HISTORIA <\/a><\/div>\n                    <\/div><\/div><\/div>\n        <\/div>\n    <\/article><\/div>\n            <div class=\"clearfix\"><\/div>\n        <\/div>\t\t\t\t<\/div>\n\t\t\t\t\t<\/div>\n\t\t\t\t<\/div>\n\t\t<div data-particle_enable=\"false\" data-particle-mobile-disabled=\"false\" class=\"elementor-element elementor-element-720d38e e-flex e-con-boxed e-con e-parent\" data-id=\"720d38e\" data-element_type=\"container\" data-e-type=\"container\">\n\t\t\t\t\t<div class=\"e-con-inner\">\n\t\t\t\t<div class=\"elementor-element elementor-element-11f5cce elementor-widget elementor-widget-heading\" data-id=\"11f5cce\" data-element_type=\"widget\" data-e-type=\"widget\" data-widget_type=\"heading.default\">\n\t\t\t\t\t<h3 class=\"elementor-heading-title elementor-size-default\">La ayuda a la comunidad <\/h3>\t\t\t\t<\/div>\n\t\t\t\t\t<\/div>\n\t\t\t\t<\/div>\n\t\t<div data-particle_enable=\"false\" data-particle-mobile-disabled=\"false\" class=\"elementor-element elementor-element-a2893ac e-flex e-con-boxed e-con e-parent\" data-id=\"a2893ac\" data-element_type=\"container\" data-e-type=\"container\">\n\t\t\t\t\t<div class=\"e-con-inner\">\n\t\t\t\t<div class=\"elementor-element elementor-element-22a2acb elementor-widget elementor-widget-text-editor\" data-id=\"22a2acb\" data-element_type=\"widget\" data-e-type=\"widget\" data-widget_type=\"text-editor.default\">\n\t\t\t\t\t\t\t\t\t<p><a href=\"https:\/\/www.meda.org\/news\/success-stories\/a-dream-and-the-power-of-solidarity-in-rio-blanco-sacapulas\/\" target=\"_blank\" rel=\"noopener\">La dimensi\u00f3n comunitaria del programa se volvi\u00f3 particularmente evidente cuando su tienda fue robada hace seis meses.<\/a> \u201cSe llevaron todo. Me afect\u00f3 mucho\u201d, recuerda. Sin embargo, el apoyo de su grupo bancario durante esta crisis demostr\u00f3 c\u00f3mo las redes de solidaridad pueden proporcionar resistencia frente a choques econ\u00f3micos que de otra manera podr\u00edan ser devastadores para microempresarios individuales.<br \/>Su recuperaci\u00f3n gradual, \u201cpoco a poco, estoy llenando la tienda otra vez\u201d, ilustra una estrategia de reconstrucci\u00f3n que combina determinaci\u00f3n personal con apoyo comunitario. La filosof\u00eda de \u201cmientras vendo, ahorro y compro m\u00e1s productos\u201d refleja una comprensi\u00f3n sofisticada de la gesti\u00f3n de flujo de efectivo que ha desarrollado a trav\u00e9s de su experiencia y capacitaci\u00f3n.<\/p><p>Sus planes futuros, incluyendo la compra de un refrigerador m\u00e1s grande en diez meses, demuestran una planificaci\u00f3n empresarial que va m\u00e1s all\u00e1 de la supervivencia diaria para incluir inversiones estrat\u00e9gicas en crecimiento. Esta evoluci\u00f3n de pensamiento empresarial ilustra c\u00f3mo los programas de desarrollo pueden catalizar no solo mejoras inmediatas, sino tambi\u00e9n cambios fundamentales en la forma en que los emprendedores conceptualizan y planifican sus negocios.<\/p>\t\t\t\t\t\t\t\t<\/div>\n\t\t\t\t\t<\/div>\n\t\t\t\t<\/div>\n\t\t<div data-particle_enable=\"false\" data-particle-mobile-disabled=\"false\" class=\"elementor-element elementor-element-8e08202 e-flex e-con-boxed e-con e-parent\" data-id=\"8e08202\" data-element_type=\"container\" data-e-type=\"container\">\n\t\t\t\t\t<div class=\"e-con-inner\">\n\t\t\t\t<div class=\"elementor-element elementor-element-70b419b elementor-grid-eael-col-1 elementor-grid-tablet-eael-col-2 elementor-grid-mobile-eael-col-1 elementor-invisible elementor-widget elementor-widget-eael-post-grid\" data-id=\"70b419b\" data-element_type=\"widget\" data-e-type=\"widget\" data-settings=\"{&quot;eael_post_grid_columns&quot;:&quot;eael-col-1&quot;,&quot;_animation&quot;:&quot;rollIn&quot;,&quot;eael_post_grid_columns_tablet&quot;:&quot;eael-col-2&quot;,&quot;eael_post_grid_columns_mobile&quot;:&quot;eael-col-1&quot;}\" data-widget_type=\"eael-post-grid.default\">\n\t\t\t\t\t<div id=\"eael-post-grid-70b419b\" class=\"eael-post-grid-container\">\n            <div class=\"eael-post-grid eael-post-appender eael-post-appender-70b419b eael-post-grid-style-one\" data-layout-mode=\"masonry\"><article class=\"eael-grid-post  eael-post-grid-column eael-pg-post-16088 category-bienestar\" data-id=\"16088\">\n        <div class=\"eael-grid-post-holder\">\n            <div class=\"eael-grid-post-holder-inner\"><div class=\"eael-entry-media\"><div class=\"eael-entry-overlay fade-in\"><i class=\"far fa-hand-pointer\" aria-hidden=\"true\"><\/i><a href=\"https:\/\/soymigrante.com\/revista\/herramientas-digitales-gratis-para-logos-diseno-y-fotos-de-emprendimientos\/\"><\/a><\/div><div class=\"eael-entry-thumbnail eael-image-ratio\">\n                <img decoding=\"async\" width=\"686\" height=\"686\" src=\"https:\/\/soymigrante.com\/revista\/wp-content\/uploads\/2024\/12\/logo.webp\" class=\"attachment-large size-large wp-image-16157\" alt=\"Diversas herramientas de dise\u00f1o gr\u00e1fico y logotipos en una pantalla de tel\u00e9fono m\u00f3vil sobre un escritorio de oficina moderna.\" srcset=\"https:\/\/soymigrante.com\/revista\/wp-content\/uploads\/2024\/12\/logo.webp 686w, https:\/\/soymigrante.com\/revista\/wp-content\/uploads\/2024\/12\/logo-300x300.jpg 300w, https:\/\/soymigrante.com\/revista\/wp-content\/uploads\/2024\/12\/logo-150x150.jpg 150w, https:\/\/soymigrante.com\/revista\/wp-content\/uploads\/2024\/12\/logo-75x75.webp 75w\" sizes=\"(max-width: 686px) 100vw, 686px\" \/>\n            <\/div>\n        <\/div><div class=\"eael-entry-wrapper\"><header class=\"eael-entry-header\"><h2 class=\"eael-entry-title\"><a class=\"eael-grid-post-link\" href=\"https:\/\/soymigrante.com\/revista\/herramientas-digitales-gratis-para-logos-diseno-y-fotos-de-emprendimientos\/\" title=\"Herramientas digitales gratis para logos, dise\u00f1o y fotos de emprendimientos\">Herramientas digitales gratis para logos, dise\u00f1o y fotos de emprendimientos<\/a><\/h2><\/header><div class=\"eael-entry-content\">\n                        <div class=\"eael-grid-post-excerpt\"><a href=\"https:\/\/soymigrante.com\/revista\/herramientas-digitales-gratis-para-logos-diseno-y-fotos-de-emprendimientos\/\" class=\"eael-post-elements-readmore-btn\">CONOCE SU HISTORIA <\/a><\/div>\n                    <\/div><\/div><\/div>\n        <\/div>\n    <\/article><\/div>\n            <div class=\"clearfix\"><\/div>\n        <\/div>\t\t\t\t<\/div>\n\t\t\t\t\t<\/div>\n\t\t\t\t<\/div>\n\t\t<div data-particle_enable=\"false\" data-particle-mobile-disabled=\"false\" class=\"elementor-element elementor-element-f6384b8 e-flex e-con-boxed e-con e-parent\" data-id=\"f6384b8\" data-element_type=\"container\" data-e-type=\"container\">\n\t\t\t\t\t<div class=\"e-con-inner\">\n\t\t\t\t<div class=\"elementor-element elementor-element-a0a864f elementor-widget elementor-widget-heading\" data-id=\"a0a864f\" data-element_type=\"widget\" data-e-type=\"widget\" data-widget_type=\"heading.default\">\n\t\t\t\t\t<h3 class=\"elementor-heading-title elementor-size-default\">Su historia destaca<\/h3>\t\t\t\t<\/div>\n\t\t\t\t\t<\/div>\n\t\t\t\t<\/div>\n\t\t<div data-particle_enable=\"false\" data-particle-mobile-disabled=\"false\" class=\"elementor-element elementor-element-7a9e50e e-flex e-con-boxed e-con e-parent\" data-id=\"7a9e50e\" data-element_type=\"container\" data-e-type=\"container\">\n\t\t\t\t\t<div class=\"e-con-inner\">\n\t\t\t\t<div class=\"elementor-element elementor-element-5396502 elementor-widget elementor-widget-text-editor\" data-id=\"5396502\" data-element_type=\"widget\" data-e-type=\"widget\" data-widget_type=\"text-editor.default\">\n\t\t\t\t\t\t\t\t\t<p>La historia de Do\u00f1a Luz tambi\u00e9n destaca el papel crucial de las mujeres en el emprendimiento rural. Como madre soltera que maneja simult\u00e1neamente responsabilidades de cuidado infantil y gesti\u00f3n empresarial, representa a millones de mujeres que utilizan el emprendimiento como estrategia de supervivencia y empoderamiento econ\u00f3mico.<\/p><p>Su experiencia con el <a href=\"https:\/\/www.meda.org\/news\/success-stories\/a-dream-and-the-power-of-solidarity-in-rio-blanco-sacapulas\/\" target=\"_blank\" rel=\"noopener\">proyecto WE4CA (Women\u2019s Empowerment for Central America)<\/a> ilustra c\u00f3mo las iniciativas de desarrollo pueden abordar m\u00faltiples dimensiones de la marginaci\u00f3n simult\u00e1neamente. Al combinar acceso a servicios financieros con fortalecimiento de autoestima y desarrollo de capacidades, estos programas reconocen que el empoderamiento econ\u00f3mico de las mujeres requiere intervenciones que aborden tanto barreras estructurales como limitaciones internalizadas.<\/p>\t\t\t\t\t\t\t\t<\/div>\n\t\t\t\t\t<\/div>\n\t\t\t\t<\/div>\n\t\t<div data-particle_enable=\"false\" data-particle-mobile-disabled=\"false\" class=\"elementor-element elementor-element-d2ff6b0 e-flex e-con-boxed e-con e-parent\" data-id=\"d2ff6b0\" data-element_type=\"container\" data-e-type=\"container\">\n\t\t\t\t\t<div class=\"e-con-inner\">\n\t\t\t\t<div class=\"elementor-element elementor-element-7d59e90 elementor-widget elementor-widget-heading\" data-id=\"7d59e90\" data-element_type=\"widget\" data-e-type=\"widget\" data-widget_type=\"heading.default\">\n\t\t\t\t\t<h2 class=\"elementor-heading-title elementor-size-default\">Conoce otras historias inspiradoras, ac\u00e1...<\/h2>\t\t\t\t<\/div>\n\t\t\t\t\t<\/div>\n\t\t\t\t<\/div>\n\t\t<div data-particle_enable=\"false\" data-particle-mobile-disabled=\"false\" class=\"elementor-element elementor-element-e8e6200 e-flex e-con-boxed e-con e-parent\" data-id=\"e8e6200\" data-element_type=\"container\" data-e-type=\"container\">\n\t\t\t\t\t<div class=\"e-con-inner\">\n\t\t\t\t<div class=\"elementor-element elementor-element-3f67a0d elementor-grid-eael-col-3 elementor-grid-tablet-eael-col-2 elementor-grid-mobile-eael-col-1 elementor-invisible elementor-widget elementor-widget-eael-post-grid\" data-id=\"3f67a0d\" data-element_type=\"widget\" data-e-type=\"widget\" data-settings=\"{&quot;eael_post_grid_columns&quot;:&quot;eael-col-3&quot;,&quot;_animation&quot;:&quot;rollIn&quot;,&quot;eael_post_grid_columns_tablet&quot;:&quot;eael-col-2&quot;,&quot;eael_post_grid_columns_mobile&quot;:&quot;eael-col-1&quot;}\" data-widget_type=\"eael-post-grid.default\">\n\t\t\t\t\t<div id=\"eael-post-grid-3f67a0d\" class=\"eael-post-grid-container\">\n            <div class=\"eael-post-grid eael-post-appender eael-post-appender-3f67a0d eael-post-grid-style-one\" data-layout-mode=\"masonry\"><article class=\"eael-grid-post  eael-post-grid-column eael-pg-post-4589 category-exitos\" data-id=\"4589\">\n        <div class=\"eael-grid-post-holder\">\n            <div class=\"eael-grid-post-holder-inner\"><div class=\"eael-entry-media\"><div class=\"eael-entry-overlay fade-in\"><i class=\"far fa-hand-pointer\" aria-hidden=\"true\"><\/i><a href=\"https:\/\/soymigrante.com\/revista\/jose-gamez-marimba-digital-502-migrante-sonador-originario-de-quiche\/\"><\/a><\/div><div class=\"eael-entry-thumbnail \">\n                <img loading=\"lazy\" decoding=\"async\" width=\"1024\" height=\"947\" src=\"https:\/\/soymigrante.com\/revista\/wp-content\/uploads\/2024\/01\/marimba-502-1-1024x947.webp\" class=\"attachment-large size-large wp-image-4608\" alt=\"Migrante guatemalteco Jos\u00e9 G\u00e1mez\" srcset=\"https:\/\/soymigrante.com\/revista\/wp-content\/uploads\/2024\/01\/marimba-502-1-1024x947.webp 1024w, https:\/\/soymigrante.com\/revista\/wp-content\/uploads\/2024\/01\/marimba-502-1-300x278.webp 300w, https:\/\/soymigrante.com\/revista\/wp-content\/uploads\/2024\/01\/marimba-502-1-768x711.webp 768w, https:\/\/soymigrante.com\/revista\/wp-content\/uploads\/2024\/01\/marimba-502-1-750x694.webp 750w, https:\/\/soymigrante.com\/revista\/wp-content\/uploads\/2024\/01\/marimba-502-1-1140x1055.webp 1140w, https:\/\/soymigrante.com\/revista\/wp-content\/uploads\/2024\/01\/marimba-502-1.webp 1536w\" sizes=\"(max-width: 1024px) 100vw, 1024px\" \/>\n            <\/div>\n        <\/div><div class=\"eael-entry-wrapper\"><header class=\"eael-entry-header\"><h2 class=\"eael-entry-title\"><a class=\"eael-grid-post-link\" href=\"https:\/\/soymigrante.com\/revista\/jose-gamez-marimba-digital-502-migrante-sonador-originario-de-quiche\/\" title=\"Jos\u00e9 G\u00e1mez y un sue\u00f1o migrante llamado Marimba Digital 502\">Jos\u00e9 G\u00e1mez y un sue\u00f1o migrante llamado Marimba Digital 502<\/a><\/h2><\/header><div class=\"eael-entry-content\">\n                        <div class=\"eael-grid-post-excerpt\"><a href=\"https:\/\/soymigrante.com\/revista\/jose-gamez-marimba-digital-502-migrante-sonador-originario-de-quiche\/\" class=\"eael-post-elements-readmore-btn\">CONOCE SU HISTORIA <\/a><\/div>\n                    <\/div><\/div><\/div>\n        <\/div>\n    <\/article><article class=\"eael-grid-post  eael-post-grid-column eael-pg-post-2535 category-exitos\" data-id=\"2535\">\n        <div class=\"eael-grid-post-holder\">\n            <div class=\"eael-grid-post-holder-inner\"><div class=\"eael-entry-media\"><div class=\"eael-entry-overlay fade-in\"><i class=\"far fa-hand-pointer\" aria-hidden=\"true\"><\/i><a href=\"https:\/\/soymigrante.com\/revista\/little-guatemala-florece-en-carolina-del-norte-el-sueno-del-migrante-y-emprendedor-cristian-ramazzini\/\"><\/a><\/div><div class=\"eael-entry-thumbnail \">\n                <img loading=\"lazy\" decoding=\"async\" width=\"1024\" height=\"1024\" src=\"https:\/\/soymigrante.com\/revista\/wp-content\/uploads\/2023\/09\/Proyecto-Little-Guatemala-del-migrante-guatemalteco-Cristian-Ramazzini-en-Carolina-del-Norte-1-1-1024x1024.webp\" class=\"attachment-large size-large wp-image-2567\" alt=\"\" srcset=\"https:\/\/soymigrante.com\/revista\/wp-content\/uploads\/2023\/09\/Proyecto-Little-Guatemala-del-migrante-guatemalteco-Cristian-Ramazzini-en-Carolina-del-Norte-1-1-1024x1024.webp 1024w, https:\/\/soymigrante.com\/revista\/wp-content\/uploads\/2023\/09\/Proyecto-Little-Guatemala-del-migrante-guatemalteco-Cristian-Ramazzini-en-Carolina-del-Norte-1-1-300x300.webp 300w, https:\/\/soymigrante.com\/revista\/wp-content\/uploads\/2023\/09\/Proyecto-Little-Guatemala-del-migrante-guatemalteco-Cristian-Ramazzini-en-Carolina-del-Norte-1-1-150x150.webp 150w, https:\/\/soymigrante.com\/revista\/wp-content\/uploads\/2023\/09\/Proyecto-Little-Guatemala-del-migrante-guatemalteco-Cristian-Ramazzini-en-Carolina-del-Norte-1-1-768x768.webp 768w, https:\/\/soymigrante.com\/revista\/wp-content\/uploads\/2023\/09\/Proyecto-Little-Guatemala-del-migrante-guatemalteco-Cristian-Ramazzini-en-Carolina-del-Norte-1-1-75x75.webp 75w, https:\/\/soymigrante.com\/revista\/wp-content\/uploads\/2023\/09\/Proyecto-Little-Guatemala-del-migrante-guatemalteco-Cristian-Ramazzini-en-Carolina-del-Norte-1-1-750x750.webp 750w, https:\/\/soymigrante.com\/revista\/wp-content\/uploads\/2023\/09\/Proyecto-Little-Guatemala-del-migrante-guatemalteco-Cristian-Ramazzini-en-Carolina-del-Norte-1-1-1140x1140.webp 1140w, https:\/\/soymigrante.com\/revista\/wp-content\/uploads\/2023\/09\/Proyecto-Little-Guatemala-del-migrante-guatemalteco-Cristian-Ramazzini-en-Carolina-del-Norte-1-1-600x600.webp 600w, https:\/\/soymigrante.com\/revista\/wp-content\/uploads\/2023\/09\/Proyecto-Little-Guatemala-del-migrante-guatemalteco-Cristian-Ramazzini-en-Carolina-del-Norte-1-1.webp 1190w\" sizes=\"(max-width: 1024px) 100vw, 1024px\" \/>\n            <\/div>\n        <\/div><div class=\"eael-entry-wrapper\"><header class=\"eael-entry-header\"><h2 class=\"eael-entry-title\"><a class=\"eael-grid-post-link\" href=\"https:\/\/soymigrante.com\/revista\/little-guatemala-florece-en-carolina-del-norte-el-sueno-del-migrante-y-emprendedor-cristian-ramazzini\/\" title=\"Little Guatemala florece en Carolina del Norte: el sue\u00f1o del migrante y emprendedor Cristian Ramazzini\">Little Guatemala florece en Carolina del Norte: el sue\u00f1o del migrante y emprendedor Cristian Ramazzini<\/a><\/h2><\/header><div class=\"eael-entry-content\">\n                        <div class=\"eael-grid-post-excerpt\"><a href=\"https:\/\/soymigrante.com\/revista\/little-guatemala-florece-en-carolina-del-norte-el-sueno-del-migrante-y-emprendedor-cristian-ramazzini\/\" class=\"eael-post-elements-readmore-btn\">CONOCE SU HISTORIA <\/a><\/div>\n                    <\/div><\/div><\/div>\n        <\/div>\n    <\/article><article class=\"eael-grid-post  eael-post-grid-column eael-pg-post-1353 category-exitos-guatemala tags-massachussets\" data-id=\"1353\">\n        <div class=\"eael-grid-post-holder\">\n            <div class=\"eael-grid-post-holder-inner\"><div class=\"eael-entry-media\"><div class=\"eael-entry-overlay fade-in\"><i class=\"far fa-hand-pointer\" aria-hidden=\"true\"><\/i><a href=\"https:\/\/soymigrante.com\/revista\/migrante-se-gradua-de-mit-gracias-al-apoyo-de-su-familia\/\"><\/a><\/div><div class=\"eael-entry-thumbnail \">\n                <img loading=\"lazy\" decoding=\"async\" width=\"1024\" height=\"768\" src=\"https:\/\/soymigrante.com\/revista\/wp-content\/uploads\/2023\/06\/WhatsApp-Image-2023-06-07-at-1.57.18-PM.webp\" class=\"attachment-large size-large wp-image-1355\" alt=\"\" srcset=\"https:\/\/soymigrante.com\/revista\/wp-content\/uploads\/2023\/06\/WhatsApp-Image-2023-06-07-at-1.57.18-PM.webp 1024w, https:\/\/soymigrante.com\/revista\/wp-content\/uploads\/2023\/06\/WhatsApp-Image-2023-06-07-at-1.57.18-PM-300x225.webp 300w, https:\/\/soymigrante.com\/revista\/wp-content\/uploads\/2023\/06\/WhatsApp-Image-2023-06-07-at-1.57.18-PM-768x576.webp 768w, https:\/\/soymigrante.com\/revista\/wp-content\/uploads\/2023\/06\/WhatsApp-Image-2023-06-07-at-1.57.18-PM-750x563.webp 750w\" sizes=\"(max-width: 1024px) 100vw, 1024px\" \/>\n            <\/div>\n        <\/div><div class=\"eael-entry-wrapper\"><header class=\"eael-entry-header\"><h2 class=\"eael-entry-title\"><a class=\"eael-grid-post-link\" href=\"https:\/\/soymigrante.com\/revista\/migrante-se-gradua-de-mit-gracias-al-apoyo-de-su-familia\/\" title=\"Migrante cumple sue\u00f1o de graduarse del Tecnol\u00f3gico de Massachussets (MIT) y va por nuevos objetivos\">Migrante cumple sue\u00f1o de graduarse del Tecnol\u00f3gico de Massachussets (MIT) y va por nuevos objetivos<\/a><\/h2><\/header><div class=\"eael-entry-content\">\n                        <div class=\"eael-grid-post-excerpt\"><a href=\"https:\/\/soymigrante.com\/revista\/migrante-se-gradua-de-mit-gracias-al-apoyo-de-su-familia\/\" class=\"eael-post-elements-readmore-btn\">CONOCE SU HISTORIA <\/a><\/div>\n                    <\/div><\/div><\/div>\n        <\/div>\n    <\/article><\/div>\n            <div class=\"clearfix\"><\/div>\n        <\/div>\t\t\t\t<\/div>\n\t\t\t\t\t<\/div>\n\t\t\t\t<\/div>\n\t\t\t\t<\/div>\n\t\t","protected":false},"excerpt":{"rendered":"<p>Do\u00f1a Luz es una mujer que ha llevado el emprendimiento en el coraz\u00f3n a tal punto de iluminar son su solidaridad. En el coraz\u00f3n de R\u00edo Blanco Sacapulas, donde las monta\u00f1as guatemaltecas abrazan comunidades que han resistido siglos de marginaci\u00f3n, Do\u00f1a Luz ha construido algo m\u00e1s que un negocio: ha creado un s\u00edmbolo de resistencia [&hellip;]<\/p>\n","protected":false},"author":19,"featured_media":38194,"comment_status":"open","ping_status":"open","sticky":false,"template":"","format":"standard","meta":{"_acf_changed":false,"_eb_attr":"","footnotes":""},"categories":[58],"tags":[],"class_list":["post-38193","post","type-post","status-publish","format-standard","has-post-thumbnail","hentry","category-guate-nuestra"],"acf":[],"aioseo_notices":[],"aioseo_head":"\n\t\t<!-- All in One SEO Pro 4.9.6.2 - aioseo.com -->\n\t<meta name=\"description\" content=\"Por una tarea escolar de primero b\u00e1sico en Guatemala, Alessandre Santos se traz\u00f3 la meta de estudiar en el prestigioso Instituto Tecnol\u00f3gico de Massachussets (MIT). Parec\u00eda un objetivo dif\u00edcil: el 2 de junio de 2022 se celebr\u00f3 su graduaci\u00f3n en Matem\u00e1tica, Computaci\u00f3n y Ciencias Cognitivas. Hace casi una d\u00e9cada surgi\u00f3 el sue\u00f1o. Alessandre se traz\u00f3\" \/>\n\t<meta name=\"robots\" content=\"max-snippet:-1, max-image-preview:large, max-video-preview:-1\" \/>\n\t<meta name=\"author\" content=\"Gustavo Montenegro\"\/>\n\t<link rel=\"canonical\" href=\"https:\/\/soymigrante.com\/revista\/migrante-se-gradua-de-mit-gracias-al-apoyo-de-su-familia\/\" \/>\n\t<meta name=\"generator\" content=\"All in One SEO Pro (AIOSEO) 4.9.6.2\" \/>\n\n\t\t<link rel=\"preconnect\" href=\"https:\/\/fonts.googleapis.com\" crossorigin>\n<link rel=\"preconnect\" href=\"https:\/\/fonts.gstatic.com\" crossorigin>\n\t\t<meta property=\"og:locale\" content=\"es_ES\" \/>\n\t\t<meta property=\"og:site_name\" content=\"SoyMigrante.com REVISTA \u2013 Nuestra misi\u00f3n es reconocer y dignificar al migrante.\" \/>\n\t\t<meta property=\"og:type\" content=\"article\" \/>\n\t\t<meta property=\"og:title\" content=\"Migrante cumple sue\u00f1o de graduarse del Tecnol\u00f3gico de Massachussets (MIT) y va por nuevos objetivos\" \/>\n\t\t<meta property=\"og:description\" content=\"Por una tarea escolar de primero b\u00e1sico en Guatemala, Alessandre Santos se traz\u00f3 la meta de estudiar en el prestigioso Instituto Tecnol\u00f3gico de Massachussets (MIT). Parec\u00eda un objetivo dif\u00edcil: el 2 de junio de 2022 se celebr\u00f3 su graduaci\u00f3n en Matem\u00e1tica, Computaci\u00f3n y Ciencias Cognitivas. Hace casi una d\u00e9cada surgi\u00f3 el sue\u00f1o. Alessandre se traz\u00f3\" \/>\n\t\t<meta property=\"og:url\" content=\"https:\/\/soymigrante.com\/revista\/migrante-se-gradua-de-mit-gracias-al-apoyo-de-su-familia\/\" \/>\n\t\t<meta property=\"og:image\" content=\"https:\/\/soymigrante.com\/revista\/wp-content\/uploads\/2023\/06\/WhatsApp-Image-2023-06-07-at-1.57.18-PM.webp\" \/>\n\t\t<meta property=\"og:image:secure_url\" content=\"https:\/\/soymigrante.com\/revista\/wp-content\/uploads\/2023\/06\/WhatsApp-Image-2023-06-07-at-1.57.18-PM.webp\" \/>\n\t\t<meta property=\"og:image:width\" content=\"1024\" \/>\n\t\t<meta property=\"og:image:height\" content=\"768\" \/>\n\t\t<meta property=\"article:published_time\" content=\"2023-06-12T19:57:07+00:00\" \/>\n\t\t<meta property=\"article:modified_time\" content=\"2026-03-11T22:37:28+00:00\" \/>\n\t\t<meta property=\"article:publisher\" content=\"https:\/\/www.facebook.com\/soymigrantecom\" \/>\n\t\t<meta name=\"twitter:card\" content=\"summary_large_image\" \/>\n\t\t<meta name=\"twitter:site\" content=\"@SoyMigrante_com\" \/>\n\t\t<meta name=\"twitter:title\" content=\"Migrante cumple sue\u00f1o de graduarse del Tecnol\u00f3gico de Massachussets (MIT) y va por nuevos objetivos\" \/>\n\t\t<meta name=\"twitter:description\" content=\"Por una tarea escolar de primero b\u00e1sico en Guatemala, Alessandre Santos se traz\u00f3 la meta de estudiar en el prestigioso Instituto Tecnol\u00f3gico de Massachussets (MIT). Parec\u00eda un objetivo dif\u00edcil: el 2 de junio de 2022 se celebr\u00f3 su graduaci\u00f3n en Matem\u00e1tica, Computaci\u00f3n y Ciencias Cognitivas. Hace casi una d\u00e9cada surgi\u00f3 el sue\u00f1o. Alessandre se traz\u00f3\" \/>\n\t\t<meta name=\"twitter:creator\" content=\"@SoyMigrante_com\" \/>\n\t\t<meta name=\"twitter:image\" content=\"https:\/\/soymigrante.com\/revista\/wp-content\/uploads\/2023\/06\/WhatsApp-Image-2023-06-07-at-1.57.18-PM.webp\" \/>\n\t\t<!-- All in One SEO Pro -->\r\n\t\t<title>Migrante cumple sue\u00f1o de graduarse del Tecnol\u00f3gico de Massachussets (MIT) y va por nuevos objetivos<\/title>\n\n","aioseo_head_json":{"title":"Migrante cumple sue\u00f1o de graduarse del Tecnol\u00f3gico de Massachussets (MIT) y va por nuevos objetivos","description":"Por una tarea escolar de primero b\u00e1sico en Guatemala, Alessandre Santos se traz\u00f3 la meta de estudiar en el prestigioso Instituto Tecnol\u00f3gico de Massachussets (MIT). Parec\u00eda un objetivo dif\u00edcil: el 2 de junio de 2022 se celebr\u00f3 su graduaci\u00f3n en Matem\u00e1tica, Computaci\u00f3n y Ciencias Cognitivas. Hace casi una d\u00e9cada surgi\u00f3 el sue\u00f1o. Alessandre se traz\u00f3","canonical_url":"https:\/\/soymigrante.com\/revista\/migrante-se-gradua-de-mit-gracias-al-apoyo-de-su-familia\/","robots":"max-snippet:-1, max-image-preview:large, max-video-preview:-1","keywords":"","webmasterTools":{"miscellaneous":"&lt;link rel=\"preconnect\" href=\"https:\/\/fonts.googleapis.com\" crossorigin&gt;\n&lt;link rel=\"preconnect\" href=\"https:\/\/fonts.gstatic.com\" crossorigin&gt;"},"schema":null,"og:locale":"es_ES","og:site_name":"SoyMigrante.com REVISTA \u2013 Nuestra misi\u00f3n es reconocer y dignificar al migrante.","og:type":"article","og:title":"Migrante cumple sue\u00f1o de graduarse del Tecnol\u00f3gico de Massachussets (MIT) y va por nuevos objetivos","og:description":"Por una tarea escolar de primero b\u00e1sico en Guatemala, Alessandre Santos se traz\u00f3 la meta de estudiar en el prestigioso Instituto Tecnol\u00f3gico de Massachussets (MIT). Parec\u00eda un objetivo dif\u00edcil: el 2 de junio de 2022 se celebr\u00f3 su graduaci\u00f3n en Matem\u00e1tica, Computaci\u00f3n y Ciencias Cognitivas. Hace casi una d\u00e9cada surgi\u00f3 el sue\u00f1o. Alessandre se traz\u00f3","og:url":"https:\/\/soymigrante.com\/revista\/migrante-se-gradua-de-mit-gracias-al-apoyo-de-su-familia\/","og:image":"https:\/\/soymigrante.com\/revista\/wp-content\/uploads\/2023\/06\/WhatsApp-Image-2023-06-07-at-1.57.18-PM.webp","og:image:secure_url":"https:\/\/soymigrante.com\/revista\/wp-content\/uploads\/2023\/06\/WhatsApp-Image-2023-06-07-at-1.57.18-PM.webp","og:image:width":1024,"og:image:height":768,"article:published_time":"2023-06-12T19:57:07+00:00","article:modified_time":"2026-03-11T22:37:28+00:00","article:publisher":"https:\/\/www.facebook.com\/soymigrantecom","twitter:card":"summary_large_image","twitter:site":"@SoyMigrante_com","twitter:title":"Migrante cumple sue\u00f1o de graduarse del Tecnol\u00f3gico de Massachussets (MIT) y va por nuevos objetivos","twitter:description":"Por una tarea escolar de primero b\u00e1sico en Guatemala, Alessandre Santos se traz\u00f3 la meta de estudiar en el prestigioso Instituto Tecnol\u00f3gico de Massachussets (MIT). Parec\u00eda un objetivo dif\u00edcil: el 2 de junio de 2022 se celebr\u00f3 su graduaci\u00f3n en Matem\u00e1tica, Computaci\u00f3n y Ciencias Cognitivas. Hace casi una d\u00e9cada surgi\u00f3 el sue\u00f1o. Alessandre se traz\u00f3","twitter:creator":"@SoyMigrante_com","twitter:image":"https:\/\/soymigrante.com\/revista\/wp-content\/uploads\/2023\/06\/WhatsApp-Image-2023-06-07-at-1.57.18-PM.webp"},"aioseo_meta_data":{"post_id":"38193","title":null,"description":"Do\u00f1a Luz es una mujer que ha llevado el emprendimiento en el coraz\u00f3n a tal punto de iluminar son su solidaridad y apoyar a otras mujeres.","keywords":null,"keyphrases":{"focus":{"keyphrase":"emprendimiento","score":82,"analysis":{"keyphraseInTitle":{"score":9,"maxScore":9,"error":0},"keyphraseInDescription":{"score":9,"maxScore":9,"error":0},"keyphraseLength":{"score":9,"maxScore":9,"error":0,"length":1},"keyphraseInURL":{"score":5,"maxScore":5,"error":0},"keyphraseInIntroduction":{"score":9,"maxScore":9,"error":0},"keyphraseInSubHeadings":{"score":3,"maxScore":9,"error":1},"keyphraseInImageAlt":{"score":3,"maxScore":9,"error":1},"keywordDensity":{"type":"best","score":9,"maxScore":9,"error":0}}},"additional":[{"keyphrase":"solidaridad","score":67,"analysis":{"keyphraseInDescription":{"score":9,"maxScore":9,"error":0},"keyphraseLength":{"score":9,"maxScore":9,"error":0,"length":1},"keyphraseInIntroduction":{"score":9,"maxScore":9,"error":0},"keyphraseInImageAlt":{"score":3,"maxScore":9,"error":1},"keywordDensity":{"score":0,"type":"low","maxScore":9,"error":1}}}]},"primary_term":null,"canonical_url":null,"og_title":null,"og_description":null,"og_object_type":"default","og_image_type":"default","og_image_url":null,"og_image_width":null,"og_image_height":null,"og_image_custom_url":null,"og_image_custom_fields":null,"og_video":"","og_custom_url":null,"og_article_section":null,"og_article_tags":null,"twitter_use_og":false,"twitter_card":"default","twitter_image_type":"default","twitter_image_url":null,"twitter_image_custom_url":null,"twitter_image_custom_fields":null,"twitter_title":null,"twitter_description":null,"schema":{"blockGraphs":[],"customGraphs":[],"default":{"data":{"Article":[],"Course":[],"Dataset":[],"FAQPage":[],"Movie":[],"Person":[],"Product":[],"ProductReview":[],"Car":[],"Recipe":[],"Service":[],"SoftwareApplication":[],"WebPage":[]},"graphName":"none","isEnabled":true},"graphs":[]},"schema_type":"default","schema_type_options":null,"pillar_content":false,"robots_default":true,"robots_noindex":false,"robots_noarchive":false,"robots_nosnippet":false,"robots_nofollow":false,"robots_noimageindex":false,"robots_noodp":false,"robots_notranslate":false,"robots_max_snippet":"-1","robots_max_videopreview":"-1","robots_max_imagepreview":"large","priority":null,"frequency":"default","local_seo":null,"seo_analyzer_scan_date":"2025-10-09 06:21:33","breadcrumb_settings":null,"limit_modified_date":false,"reviewed_by":"0","open_ai":null,"ai":{"faqs":[],"keyPoints":[],"titles":[],"descriptions":[],"socialPosts":{"email":[],"linkedin":[],"twitter":[],"facebook":[],"instagram":[]}},"created":"2025-07-01 20:29:52","updated":"2026-02-05 01:27:11"},"aioseo_breadcrumb":"<div class=\"aioseo-breadcrumbs\"><span class=\"aioseo-breadcrumb\">\n\t<a href=\"https:\/\/soymigrante.com\/revista\" title=\"Home\">Home<\/a>\n<\/span><span class=\"aioseo-breadcrumb-separator\">\u00bb<\/span><span class=\"aioseo-breadcrumb\">\n\t<a href=\"https:\/\/soymigrante.com\/revista\/category\/guate-nuestra\/\" title=\"Guate Nuestra\">Guate Nuestra<\/a>\n<\/span><span class=\"aioseo-breadcrumb-separator\">\u00bb<\/span><span class=\"aioseo-breadcrumb\">\n\tDo\u00f1a Luz: cuando la solidaridad ilumina el emprendimiento\n<\/span><\/div>","aioseo_breadcrumb_json":[{"label":"Home","link":"https:\/\/soymigrante.com\/revista"},{"label":"Guate Nuestra","link":"https:\/\/soymigrante.com\/revista\/category\/guate-nuestra\/"},{"label":"Do\u00f1a Luz: cuando la solidaridad ilumina el emprendimiento","link":"https:\/\/soymigrante.com\/revista\/dona-luz-cuando-la-solidaridad-ilumina-el-emprendimiento\/"}],"_links":{"self":[{"href":"https:\/\/soymigrante.com\/revista\/wp-json\/wp\/v2\/posts\/38193","targetHints":{"allow":["GET"]}}],"collection":[{"href":"https:\/\/soymigrante.com\/revista\/wp-json\/wp\/v2\/posts"}],"about":[{"href":"https:\/\/soymigrante.com\/revista\/wp-json\/wp\/v2\/types\/post"}],"author":[{"embeddable":true,"href":"https:\/\/soymigrante.com\/revista\/wp-json\/wp\/v2\/users\/19"}],"replies":[{"embeddable":true,"href":"https:\/\/soymigrante.com\/revista\/wp-json\/wp\/v2\/comments?post=38193"}],"version-history":[{"count":14,"href":"https:\/\/soymigrante.com\/revista\/wp-json\/wp\/v2\/posts\/38193\/revisions"}],"predecessor-version":[{"id":38231,"href":"https:\/\/soymigrante.com\/revista\/wp-json\/wp\/v2\/posts\/38193\/revisions\/38231"}],"wp:featuredmedia":[{"embeddable":true,"href":"https:\/\/soymigrante.com\/revista\/wp-json\/wp\/v2\/media\/38194"}],"wp:attachment":[{"href":"https:\/\/soymigrante.com\/revista\/wp-json\/wp\/v2\/media?parent=38193"}],"wp:term":[{"taxonomy":"category","embeddable":true,"href":"https:\/\/soymigrante.com\/revista\/wp-json\/wp\/v2\/categories?post=38193"},{"taxonomy":"post_tag","embeddable":true,"href":"https:\/\/soymigrante.com\/revista\/wp-json\/wp\/v2\/tags?post=38193"}],"curies":[{"name":"wp","href":"https:\/\/api.w.org\/{rel}","templated":true}]}}