{"id":38180,"date":"2025-07-01T19:15:49","date_gmt":"2025-07-02T01:15:49","guid":{"rendered":"https:\/\/soymigrante.com\/revista\/?p=38180"},"modified":"2025-07-01T20:15:16","modified_gmt":"2025-07-02T02:15:16","slug":"copa-oro-seleccion-guatemala-migrante-federico-marcos-guerrero-maya","status":"publish","type":"post","link":"https:\/\/soymigrante.com\/revista\/copa-oro-seleccion-guatemala-migrante-federico-marcos-guerrero-maya\/","title":{"rendered":"Guerrero Maya est\u00e1 en Misuri para apoyar a la selecci\u00f3n de Guatemala en la Copa Oro"},"content":{"rendered":"\t\t<div data-elementor-type=\"wp-post\" data-elementor-id=\"38180\" class=\"elementor elementor-38180\" data-elementor-post-type=\"post\">\n\t\t\t\t<div data-particle_enable=\"false\" data-particle-mobile-disabled=\"false\" class=\"elementor-element elementor-element-75482cc e-flex e-con-boxed e-con e-parent\" data-id=\"75482cc\" data-element_type=\"container\" data-e-type=\"container\">\n\t\t\t\t\t<div class=\"e-con-inner\">\n\t\t\t\t<div class=\"elementor-element elementor-element-71c5ca8 elementor-widget elementor-widget-heading\" data-id=\"71c5ca8\" data-element_type=\"widget\" data-e-type=\"widget\" data-widget_type=\"heading.default\">\n\t\t\t\t\t<h2 class=\"elementor-heading-title elementor-size-default\">Se llama Antonio Marcos y usa el mismo sombrero con el que anim\u00f3 a la selecci\u00f3n de Guatemala en la Copa de Oro 2023, cuando se hizo viral. Migrante guatemalteco radicado en Texas ya est\u00e1 en Misuri para ver triunfar a la azul y blanco. Su optimismo es inspirador...<\/h2>\t\t\t\t<\/div>\n\t\t\t\t\t<\/div>\n\t\t\t\t<\/div>\n\t\t<div data-particle_enable=\"false\" data-particle-mobile-disabled=\"false\" class=\"elementor-element elementor-element-e2365a0 e-flex e-con-boxed e-con e-parent\" data-id=\"e2365a0\" data-element_type=\"container\" data-e-type=\"container\">\n\t\t\t\t\t<div class=\"e-con-inner\">\n\t\t\t\t<div class=\"elementor-element elementor-element-e457131 elementor-widget elementor-widget-text-editor\" data-id=\"e457131\" data-element_type=\"widget\" data-e-type=\"widget\" data-widget_type=\"text-editor.default\">\n\t\t\t\t\t\t\t\t\t<p>S\u00ed, durante<a href=\"https:\/\/soymigrante.com\/revista\/antonio-marcos-migrante-guatemalteco-atrajo-atencion-al-apoyar-a-la-seleccion-nacional\/\"> la Copa Oro 2023 su rostro pintado de azul y blanco se hizo viral, al ser elegida como la imagen del encuentro.<\/a> Nadie sab\u00eda su nombre. Desde entonces ha seguido apoyando a la selecci\u00f3n y cuando visita a su familia, tambi\u00e9n a Xelaj\u00fa M.C.<\/p><p>Federico Antonio Marcos, originario de Colomba, Costa Cuca, <a href=\"https:\/\/soymigrante.com\/revista\/departamentos-de-guatemala-quetzaltenango-tiene-historia-de-500-anos\/\">Quetzaltenango<\/a>, ya est\u00e1 en San Luis <a href=\"https:\/\/soymigrante.com\/revista\/jared-solis-hijo-de-migrantes-guatemaltecos-en-misuri-es-convocado-a-seleccion-sub-17\/\">Misuri<\/a>, para el juego de la selecci\u00f3n de Guatemala contra Estados Unidos en la Copa Oro 2025.\u00a0\u00a0<\/p><p>Usa exactamente el mismo sombrero azul y blanco con banderas guatemaltecas (eso tiene un significado y muy profundo que cuenta aqu\u00ed). Sigue pint\u00e1ndose el rostro con los colores chapines, luciendo con orgullo la bandera y mantiene una confianza inquebrantable en las posibilidades de triunfo de la selecci\u00f3n de Guatemala.<\/p>\t\t\t\t\t\t\t\t<\/div>\n\t\t\t\t\t<\/div>\n\t\t\t\t<\/div>\n\t\t<div data-particle_enable=\"false\" data-particle-mobile-disabled=\"false\" class=\"elementor-element elementor-element-8c1e57d e-flex e-con-boxed e-con e-parent\" data-id=\"8c1e57d\" data-element_type=\"container\" data-e-type=\"container\">\n\t\t\t\t\t<div class=\"e-con-inner\">\n\t\t\t\t<div class=\"elementor-element elementor-element-2342b92 elementor-widget elementor-widget-image\" data-id=\"2342b92\" data-element_type=\"widget\" data-e-type=\"widget\" data-widget_type=\"image.default\">\n\t\t\t\t\t\t\t\t\t\t\t\t<figure class=\"wp-caption\">\n\t\t\t\t\t\t\t\t\t\t<img fetchpriority=\"high\" decoding=\"async\" width=\"768\" height=\"1024\" src=\"https:\/\/soymigrante.com\/revista\/wp-content\/uploads\/2025\/07\/antonio-marcos-migrante-guerrero-maya-apoya-seleccion-copa-oro-768x1024.jpeg\" class=\"attachment-large size-large wp-image-38215\" alt=\"Personal migrante con bandera de Guatemala en Houston Texas, promoviendo la cultura y derechos de inmigrantes en Estados Unidos.\" srcset=\"https:\/\/soymigrante.com\/revista\/wp-content\/uploads\/2025\/07\/antonio-marcos-migrante-guerrero-maya-apoya-seleccion-copa-oro-768x1024.jpeg 768w, https:\/\/soymigrante.com\/revista\/wp-content\/uploads\/2025\/07\/antonio-marcos-migrante-guerrero-maya-apoya-seleccion-copa-oro-225x300.jpeg 225w, https:\/\/soymigrante.com\/revista\/wp-content\/uploads\/2025\/07\/antonio-marcos-migrante-guerrero-maya-apoya-seleccion-copa-oro-1152x1536.jpeg 1152w, https:\/\/soymigrante.com\/revista\/wp-content\/uploads\/2025\/07\/antonio-marcos-migrante-guerrero-maya-apoya-seleccion-copa-oro-750x1000.webp 750w, https:\/\/soymigrante.com\/revista\/wp-content\/uploads\/2025\/07\/antonio-marcos-migrante-guerrero-maya-apoya-seleccion-copa-oro-1140x1520.webp 1140w, https:\/\/soymigrante.com\/revista\/wp-content\/uploads\/2025\/07\/antonio-marcos-migrante-guerrero-maya-apoya-seleccion-copa-oro.jpeg 1536w\" sizes=\"(max-width: 768px) 100vw, 768px\" title=\"&quot;Ten\u00eda algunos ahorros pero ahora estoy us\u00e1ndolos para venir a apoyar a la Selecci\u00f3n de Guatemala. Vamos a ganar&quot;, dice el migrante guatemalteco Antonio Marcos, originarioi de Colomba, Costa Cuca, Quetzaltenango, quien ya est\u00e1 en San Luis Misuri para el juego de Copa Oro entre Guatemala y Estados Unidos. (Foto cortes\u00eda Federico Antonio Marcos) \u2013 SoyMigrante.com REVISTA\" \/>\t\t\t\t\t\t\t\t\t\t\t<figcaption class=\"widget-image-caption wp-caption-text\">Migrantes en Houston Texas sostienen bandera de Guatemala, promoviendo derechos y cultura guatemalteca en Estados Unidos.<\/figcaption>\n\t\t\t\t\t\t\t\t\t\t<\/figure>\n\t\t\t\t\t\t\t\t\t<\/div>\n\t\t\t\t\t<\/div>\n\t\t\t\t<\/div>\n\t\t<div data-particle_enable=\"false\" data-particle-mobile-disabled=\"false\" class=\"elementor-element elementor-element-dac8e44 e-flex e-con-boxed e-con e-parent\" data-id=\"dac8e44\" data-element_type=\"container\" data-e-type=\"container\">\n\t\t\t\t\t<div class=\"e-con-inner\">\n\t\t\t\t<div class=\"elementor-element elementor-element-cd6e00a elementor-widget elementor-widget-heading\" data-id=\"cd6e00a\" data-element_type=\"widget\" data-e-type=\"widget\" data-widget_type=\"heading.default\">\n\t\t\t\t\t<h3 class=\"elementor-heading-title elementor-size-default\">Guerrero Maya en apoyo a la selecci\u00f3n<\/h3>\t\t\t\t<\/div>\n\t\t\t\t\t<\/div>\n\t\t\t\t<\/div>\n\t\t<div data-particle_enable=\"false\" data-particle-mobile-disabled=\"false\" class=\"elementor-element elementor-element-ab15578 e-flex e-con-boxed e-con e-parent\" data-id=\"ab15578\" data-element_type=\"container\" data-e-type=\"container\">\n\t\t\t\t\t<div class=\"e-con-inner\">\n\t\t\t\t<div class=\"elementor-element elementor-element-6038a8c elementor-widget elementor-widget-text-editor\" data-id=\"6038a8c\" data-element_type=\"widget\" data-e-type=\"widget\" data-widget_type=\"text-editor.default\">\n\t\t\t\t\t\t\t\t\t<p>Asisti\u00f3 al partido de la eliminatoria rumbo al mundial que se jug\u00f3 contra Jamaica, en su estadio el 10 de junio (Guatemala lo perdi\u00f3); tambi\u00e9n estuvo en el partido de Copa Oro que la bicolor perdi\u00f3 ante Panam\u00e1 1-0, en Austin Texas.\u00a0 &#8220;Pero seguimos apoyando&#8221;, expresa desde San Luis, Misuri.<\/p><p>El entusiasta migrante guatemalteco reside en Houston, Texas. Presenci\u00f3 el triunfo a <a href=\"https:\/\/soymigrante.com\/revista\/lloramos-reimos-gritamos-migrante-relata-triunfo-de-la-seleccion-sobre-canada-video\/\">penales en Minesota<\/a>. All\u00ed conoci\u00f3 a unos guatemaltecos. &#8220;Nos trataron muy bien. Me reconocieron por mi sombrero y la pintura en el rostro.\u00a0<\/p><p>Uno de ellos quer\u00eda que le regalara el sombrero pero le dije que no, porque es un s\u00edmbolo de acompa\u00f1amiento a la selecci\u00f3n desde hace tiempo&#8230;y este sombrero va a llegar al partido cuando seamos campeones&#8221;, dice con total confianza.<\/p>\t\t\t\t\t\t\t\t<\/div>\n\t\t\t\t\t<\/div>\n\t\t\t\t<\/div>\n\t\t<div data-particle_enable=\"false\" data-particle-mobile-disabled=\"false\" class=\"elementor-element elementor-element-f51fa92 e-flex e-con-boxed e-con e-parent\" data-id=\"f51fa92\" data-element_type=\"container\" data-e-type=\"container\">\n\t\t\t\t\t<div class=\"e-con-inner\">\n\t\t\t\t<div class=\"elementor-element elementor-element-ee48005 elementor-grid-eael-col-1 elementor-grid-tablet-eael-col-2 elementor-grid-mobile-eael-col-1 elementor-invisible elementor-widget elementor-widget-eael-post-grid\" data-id=\"ee48005\" data-element_type=\"widget\" data-e-type=\"widget\" data-settings=\"{&quot;eael_post_grid_columns&quot;:&quot;eael-col-1&quot;,&quot;_animation&quot;:&quot;rollIn&quot;,&quot;eael_post_grid_columns_tablet&quot;:&quot;eael-col-2&quot;,&quot;eael_post_grid_columns_mobile&quot;:&quot;eael-col-1&quot;}\" data-widget_type=\"eael-post-grid.default\">\n\t\t\t\t\t<div id=\"eael-post-grid-ee48005\" class=\"eael-post-grid-container\">\n            <div class=\"eael-post-grid eael-post-appender eael-post-appender-ee48005 eael-post-grid-style-one\" data-layout-mode=\"masonry\"><article class=\"eael-grid-post  eael-post-grid-column eael-pg-post-1780 category-exitos tags-texas\" data-id=\"1780\">\n        <div class=\"eael-grid-post-holder\">\n            <div class=\"eael-grid-post-holder-inner\"><div class=\"eael-entry-media\"><div class=\"eael-entry-overlay fade-in\"><i class=\"far fa-hand-pointer\" aria-hidden=\"true\"><\/i><a href=\"https:\/\/soymigrante.com\/revista\/antonio-marcos-migrante-guatemalteco-atrajo-atencion-al-apoyar-a-la-seleccion-nacional\/\"><\/a><\/div><div class=\"eael-entry-thumbnail \">\n                <img decoding=\"async\" width=\"1024\" height=\"706\" src=\"https:\/\/soymigrante.com\/revista\/wp-content\/uploads\/2023\/07\/una-mas-1024x706.webp\" class=\"attachment-large size-large wp-image-1782\" alt=\"\" srcset=\"https:\/\/soymigrante.com\/revista\/wp-content\/uploads\/2023\/07\/una-mas-1024x706.webp 1024w, https:\/\/soymigrante.com\/revista\/wp-content\/uploads\/2023\/07\/una-mas-300x207.webp 300w, https:\/\/soymigrante.com\/revista\/wp-content\/uploads\/2023\/07\/una-mas-768x530.webp 768w, https:\/\/soymigrante.com\/revista\/wp-content\/uploads\/2023\/07\/una-mas-1536x1059.webp 1536w, https:\/\/soymigrante.com\/revista\/wp-content\/uploads\/2023\/07\/una-mas-750x517.webp 750w, https:\/\/soymigrante.com\/revista\/wp-content\/uploads\/2023\/07\/una-mas-1140x786.webp 1140w, https:\/\/soymigrante.com\/revista\/wp-content\/uploads\/2023\/07\/una-mas.webp 1920w\" sizes=\"(max-width: 1024px) 100vw, 1024px\" \/>\n            <\/div>\n        <\/div><div class=\"eael-entry-wrapper\"><header class=\"eael-entry-header\"><h2 class=\"eael-entry-title\"><a class=\"eael-grid-post-link\" href=\"https:\/\/soymigrante.com\/revista\/antonio-marcos-migrante-guatemalteco-atrajo-atencion-al-apoyar-a-la-seleccion-nacional\/\" title=\"Migrante Antonio Marcos atrajo la atenci\u00f3n en juego clave de la Selecci\u00f3n en Copa Oro: esta es su historia\">Migrante Antonio Marcos atrajo la atenci\u00f3n en juego clave de la Selecci\u00f3n en Copa Oro: esta es su historia<\/a><\/h2><\/header><div class=\"eael-entry-content\">\n                        <div class=\"eael-grid-post-excerpt\"><a href=\"https:\/\/soymigrante.com\/revista\/antonio-marcos-migrante-guatemalteco-atrajo-atencion-al-apoyar-a-la-seleccion-nacional\/\" class=\"eael-post-elements-readmore-btn\">CONOCE SU HISTORIA <\/a><\/div>\n                    <\/div><\/div><\/div>\n        <\/div>\n    <\/article><\/div>\n            <div class=\"clearfix\"><\/div>\n        <\/div>\t\t\t\t<\/div>\n\t\t\t\t\t<\/div>\n\t\t\t\t<\/div>\n\t\t<div data-particle_enable=\"false\" data-particle-mobile-disabled=\"false\" class=\"elementor-element elementor-element-248aae7 e-flex e-con-boxed e-con e-parent\" data-id=\"248aae7\" data-element_type=\"container\" data-e-type=\"container\">\n\t\t\t\t\t<div class=\"e-con-inner\">\n\t\t\t\t<div class=\"elementor-element elementor-element-4d0b444 elementor-widget elementor-widget-heading\" data-id=\"4d0b444\" data-element_type=\"widget\" data-e-type=\"widget\" data-widget_type=\"heading.default\">\n\t\t\t\t\t<h3 class=\"elementor-heading-title elementor-size-default\">Origen humilde, coraz\u00f3n trabajador<\/h3>\t\t\t\t<\/div>\n\t\t\t\t\t<\/div>\n\t\t\t\t<\/div>\n\t\t<div data-particle_enable=\"false\" data-particle-mobile-disabled=\"false\" class=\"elementor-element elementor-element-720f11a e-flex e-con-boxed e-con e-parent\" data-id=\"720f11a\" data-element_type=\"container\" data-e-type=\"container\">\n\t\t\t\t\t<div class=\"e-con-inner\">\n\t\t\t\t<div class=\"elementor-element elementor-element-0395aea elementor-widget elementor-widget-text-editor\" data-id=\"0395aea\" data-element_type=\"widget\" data-e-type=\"widget\" data-widget_type=\"text-editor.default\">\n\t\t\t\t\t\t\t\t\t<p><i>\u00bfQu\u00e9 se siente ser un fan tan famoso?<\/i>, le pregunto y dice con humildad. &#8220;Yo me siento la misma persona que soy: un ni\u00f1o y un joven trabajador <a href=\"https:\/\/soymigrante.com\/revista\/lograr-el-exito-es-tan-importante-como-manejarlo-con-humildad-y-equilibrio\/\">humilde<\/a> que trabaj\u00f3 duro en las fincas cortando caf\u00e9, aguantando hambre. Eso nunca se me olvida. Represento a mi Guatemala, soy un guerrero maya y nunca olvido de d\u00f3nde vengo&#8221;.<\/p><p style=\"font-style: normal; font-variant-ligatures: normal; font-variant-caps: normal; font-weight: 400; font-size: 16px; font-family: Roboto, sans-serif;\"><a href=\"https:\/\/soymigrante.com\/revista\/antonio-marcos-migrante-guatemalteco-atrajo-atencion-al-apoyar-a-la-seleccion-nacional\/\">SoyMigrante.com tuvo la oportunidad de conversar con Antonio Marcos en 2023 y de contar su historia, tras haberse hecho c\u00e9lebre tras ser enfocado entre el p\u00fablico, en otro partido de la bicolor ante Guadalupe. Clic aqu\u00ed para leerla<\/a>.\u00a0<\/p>\t\t\t\t\t\t\t\t<\/div>\n\t\t\t\t\t<\/div>\n\t\t\t\t<\/div>\n\t\t<div data-particle_enable=\"false\" data-particle-mobile-disabled=\"false\" class=\"elementor-element elementor-element-e98a6c7 e-flex e-con-boxed e-con e-parent\" data-id=\"e98a6c7\" data-element_type=\"container\" data-e-type=\"container\">\n\t\t\t\t\t<div class=\"e-con-inner\">\n\t\t\t\t<div class=\"elementor-element elementor-element-cccfcb2 elementor-widget elementor-widget-video\" data-id=\"cccfcb2\" data-element_type=\"widget\" data-e-type=\"widget\" data-settings=\"{&quot;video_type&quot;:&quot;hosted&quot;,&quot;controls&quot;:&quot;yes&quot;}\" data-widget_type=\"video.default\">\n\t\t\t\t\t\t\t<div class=\"e-hosted-video elementor-wrapper elementor-open-inline\">\n\t\t\t\t\t<video class=\"elementor-video\" src=\"https:\/\/soymigrante.com\/revista\/wp-content\/uploads\/2025\/07\/ARRIBA-GUATE-1-1.mp4\" controls=\"\" preload=\"metadata\" controlsList=\"nodownload\"><\/video>\n\t\t\t\t<\/div>\n\t\t\t\t\t\t<\/div>\n\t\t\t\t\t<\/div>\n\t\t\t\t<\/div>\n\t\t<div data-particle_enable=\"false\" data-particle-mobile-disabled=\"false\" class=\"elementor-element elementor-element-9aa50a4 e-flex e-con-boxed e-con e-parent\" data-id=\"9aa50a4\" data-element_type=\"container\" data-e-type=\"container\">\n\t\t\t\t\t<div class=\"e-con-inner\">\n\t\t\t\t<div class=\"elementor-element elementor-element-5cbdcb5 elementor-widget elementor-widget-heading\" data-id=\"5cbdcb5\" data-element_type=\"widget\" data-e-type=\"widget\" data-widget_type=\"heading.default\">\n\t\t\t\t\t<h3 class=\"elementor-heading-title elementor-size-default\">Est\u00e1 seguro del triunfo de Guatemala<\/h3>\t\t\t\t<\/div>\n\t\t\t\t\t<\/div>\n\t\t\t\t<\/div>\n\t\t<div data-particle_enable=\"false\" data-particle-mobile-disabled=\"false\" class=\"elementor-element elementor-element-ae167c0 e-flex e-con-boxed e-con e-parent\" data-id=\"ae167c0\" data-element_type=\"container\" data-e-type=\"container\">\n\t\t\t\t\t<div class=\"e-con-inner\">\n\t\t\t\t<div class=\"elementor-element elementor-element-445945a elementor-widget elementor-widget-text-editor\" data-id=\"445945a\" data-element_type=\"widget\" data-e-type=\"widget\" data-widget_type=\"text-editor.default\">\n\t\t\t\t\t\t\t\t\t<p>El Guerrero Maya, como se hace llamar, tiene una raz\u00f3n poderosa para el <a href=\"https:\/\/soymigrante.com\/revista\/actitud-v8-puede-ser-el-motor-del-exito\/\">optimismo:<\/a>\u00a0<\/p><p>&#8220;Vea, \u00bfse fij\u00f3 al final del partido contra Canad\u00e1? El profe Tena y todo el equipo oraron, agradecieron a Dios. Yo no soy religioso pero creo en Dios y todo lo que se pide con f\u00e9, <a href=\"https:\/\/soymigrante.com\/revista\/la-fe-de-las-familias-acompana-a-migrantes-guatemaltecos-que-buscan-salir-adelante\/\">Dios lo concede<\/a>. Entonces si un pa\u00eds est\u00e1 pidiendo que seamos campeones, vamos a llegar a ser campeones. Y este sombrero ya tiene su historia, su recorrido y ah\u00ed estaremos ese d\u00eda&#8221;<\/p><p>Respeta la opini\u00f3n de quienes critican a la selecci\u00f3n, pero no la comparte. &#8220;Si somos guatemaltecos debemos creer en nosotros, apoyarnos, dejar el pasado atr\u00e1s y cambiar para crecer. Necesitamos ser luz, no sombra.<\/p>\t\t\t\t\t\t\t\t<\/div>\n\t\t\t\t\t<\/div>\n\t\t\t\t<\/div>\n\t\t<div data-particle_enable=\"false\" data-particle-mobile-disabled=\"false\" class=\"elementor-element elementor-element-9a11cb9 e-flex e-con-boxed e-con e-parent\" data-id=\"9a11cb9\" data-element_type=\"container\" data-e-type=\"container\">\n\t\t\t\t\t<div class=\"e-con-inner\">\n\t\t\t\t<div class=\"elementor-element elementor-element-f03dfa3 elementor-widget elementor-widget-image\" data-id=\"f03dfa3\" data-element_type=\"widget\" data-e-type=\"widget\" data-widget_type=\"image.default\">\n\t\t\t\t\t\t\t\t\t\t\t\t<figure class=\"wp-caption\">\n\t\t\t\t\t\t\t\t\t\t<img decoding=\"async\" width=\"768\" height=\"1024\" src=\"https:\/\/soymigrante.com\/revista\/wp-content\/uploads\/2025\/07\/guerrero-maya-fan-seleccion-guatemala-copa-oro-5-768x1024.jpg\" class=\"attachment-large size-large wp-image-38217\" alt=\"Banderas de Guatemala con frases en honor a h\u00e9roes y s\u00edmbolos nacionales, incluyendo una imagen de un guerrero maya y una frase que expresa orgullo y amor por Guatemala.\" srcset=\"https:\/\/soymigrante.com\/revista\/wp-content\/uploads\/2025\/07\/guerrero-maya-fan-seleccion-guatemala-copa-oro-5-768x1024.jpg 768w, https:\/\/soymigrante.com\/revista\/wp-content\/uploads\/2025\/07\/guerrero-maya-fan-seleccion-guatemala-copa-oro-5-225x300.jpg 225w, https:\/\/soymigrante.com\/revista\/wp-content\/uploads\/2025\/07\/guerrero-maya-fan-seleccion-guatemala-copa-oro-5-1152x1536.jpg 1152w, https:\/\/soymigrante.com\/revista\/wp-content\/uploads\/2025\/07\/guerrero-maya-fan-seleccion-guatemala-copa-oro-5-750x1000.webp 750w, https:\/\/soymigrante.com\/revista\/wp-content\/uploads\/2025\/07\/guerrero-maya-fan-seleccion-guatemala-copa-oro-5-1140x1520.webp 1140w, https:\/\/soymigrante.com\/revista\/wp-content\/uploads\/2025\/07\/guerrero-maya-fan-seleccion-guatemala-copa-oro-5.webp 1440w\" sizes=\"(max-width: 768px) 100vw, 768px\" title=\"Todo el entusiasmo y el amor a Guatemala se plasman en el atuendo de Guerrero Maya, Antonio Marcos, migrante guatemalteco radicado en Houston, Texas. \u2013 SoyMigrante.com REVISTA\" \/>\t\t\t\t\t\t\t\t\t\t\t<figcaption class=\"widget-image-caption wp-caption-text\">Guatemala banderas y cultura popular, s\u00edmbolos nacionales, frases patri\u00f3ticas del guerrero maya y homenaje a h\u00e9roes guatemaltecos.<\/figcaption>\n\t\t\t\t\t\t\t\t\t\t<\/figure>\n\t\t\t\t\t\t\t\t\t<\/div>\n\t\t\t\t\t<\/div>\n\t\t\t\t<\/div>\n\t\t<div data-particle_enable=\"false\" data-particle-mobile-disabled=\"false\" class=\"elementor-element elementor-element-ab5f91c e-flex e-con-boxed e-con e-parent\" data-id=\"ab5f91c\" data-element_type=\"container\" data-e-type=\"container\">\n\t\t\t\t\t<div class=\"e-con-inner\">\n\t\t\t\t<div class=\"elementor-element elementor-element-094be4e elementor-widget elementor-widget-heading\" data-id=\"094be4e\" data-element_type=\"widget\" data-e-type=\"widget\" data-widget_type=\"heading.default\">\n\t\t\t\t\t<h3 class=\"elementor-heading-title elementor-size-default\">En espera del partido decisivo<\/h3>\t\t\t\t<\/div>\n\t\t\t\t\t<\/div>\n\t\t\t\t<\/div>\n\t\t<div data-particle_enable=\"false\" data-particle-mobile-disabled=\"false\" class=\"elementor-element elementor-element-7c4fab1 e-flex e-con-boxed e-con e-parent\" data-id=\"7c4fab1\" data-element_type=\"container\" data-e-type=\"container\">\n\t\t\t\t\t<div class=\"e-con-inner\">\n\t\t\t\t<div class=\"elementor-element elementor-element-e8f9ef9 elementor-widget elementor-widget-text-editor\" data-id=\"e8f9ef9\" data-element_type=\"widget\" data-e-type=\"widget\" data-widget_type=\"text-editor.default\">\n\t\t\t\t\t\t\t\t\t<p>Antonio Marcos ya le dio la vuelta a todo el estadio Energizer de San\u00a0 Luis Missouri donde ser\u00e1 el encuentro, se tom\u00f3 fotograf\u00edas con la bandera y su tradicional sombrero. Espera poder encontrarse con muchos m\u00e1s hermanos <a href=\"https:\/\/soymigrante.com\/revista\/porque-nos-dicen-chapines-a-los-guatemaltecos\/\">chapines<\/a> a quienes nunca ha visto, pero est\u00e1 seguro que ser\u00e1 como si fueran amigos de hace mucho.<\/p><p>Antonio tambi\u00e9n expresa optimismo sobre la fase clasificatoria al Mundial de Futbol 2026, pero s\u00ed lamenta algo: &#8220;En Guatemala hay demasiada reventa de boletos. Cuando uno quiere comprar, ya no hay, pero llegas al estadio y hay un mont\u00f3n de gente d\u00e1ndolos al triple del precio&#8221;.<\/p><p>Mientras tanto, se prepara para gritar a todo pulm\u00f3n \u00a1Qu\u00e9 viva Guatemala!<\/p>\t\t\t\t\t\t\t\t<\/div>\n\t\t\t\t\t<\/div>\n\t\t\t\t<\/div>\n\t\t<div data-particle_enable=\"false\" data-particle-mobile-disabled=\"false\" class=\"elementor-element elementor-element-ebc93e1 e-flex e-con-boxed e-con e-parent\" data-id=\"ebc93e1\" data-element_type=\"container\" data-e-type=\"container\">\n\t\t\t\t\t<div class=\"e-con-inner\">\n\t\t\t\t<div class=\"elementor-element elementor-element-aa84dc2 elementor-widget elementor-widget-heading\" data-id=\"aa84dc2\" data-element_type=\"widget\" data-e-type=\"widget\" data-widget_type=\"heading.default\">\n\t\t\t\t\t<h4 class=\"elementor-heading-title elementor-size-default\">En este video de un Tiktoter, el Guerrero Maya migrante guatemalteco Antonio Marcos es protagonista constante<\/h4>\t\t\t\t<\/div>\n\t\t\t\t\t<\/div>\n\t\t\t\t<\/div>\n\t\t<div data-particle_enable=\"false\" data-particle-mobile-disabled=\"false\" class=\"elementor-element elementor-element-8df5dbc e-flex e-con-boxed e-con e-parent\" data-id=\"8df5dbc\" data-element_type=\"container\" data-e-type=\"container\">\n\t\t\t\t\t<div class=\"e-con-inner\">\n\t\t\t\t<div class=\"elementor-element elementor-element-4fc09c2 elementor-widget elementor-widget-html\" data-id=\"4fc09c2\" data-element_type=\"widget\" data-e-type=\"widget\" data-widget_type=\"html.default\">\n\t\t\t\t\t<blockquote class=\"tiktok-embed\" cite=\"https:\/\/www.tiktok.com\/@dabronco0\/video\/7521876535696018743\" data-video-id=\"7521876535696018743\" style=\"max-width: 605px;min-width: 325px;\" > <section> <a target=\"_blank\" title=\"@dabronco0\" href=\"https:\/\/www.tiktok.com\/@dabronco0?refer=embed\">@dabronco0<\/a> Pitchside views as Guatemala \ud83c\uddec\ud83c\uddf9 UPSETS Canada \ud83c\udde8\ud83c\udde6 in the Gold Cup Quarterfinals! Penalty shootout was CINEMA \u2728  <a title=\"soccer\" target=\"_blank\" href=\"https:\/\/www.tiktok.com\/tag\/soccer?refer=embed\">#soccer<\/a> <a title=\"goldcup\" target=\"_blank\" href=\"https:\/\/www.tiktok.com\/tag\/goldcup?refer=embed\">#goldcup<\/a> <a title=\"guatemala\" target=\"_blank\" href=\"https:\/\/www.tiktok.com\/tag\/guatemala?refer=embed\">#guatemala<\/a> <a title=\"penalty\" target=\"_blank\" href=\"https:\/\/www.tiktok.com\/tag\/penalty?refer=embed\">#penalty<\/a> <a title=\"viralvideo\" target=\"_blank\" href=\"https:\/\/www.tiktok.com\/tag\/viralvideo?refer=embed\">#viralvideo<\/a> <a target=\"_blank\" title=\"\u266c original sound - Da Bronco\" href=\"https:\/\/www.tiktok.com\/music\/original-sound-7521876634593512205?refer=embed\">\u266c original sound - Da Bronco<\/a> <\/section> <\/blockquote> <script async src=\"https:\/\/www.tiktok.com\/embed.js\"><\/script>\t\t\t\t<\/div>\n\t\t\t\t\t<\/div>\n\t\t\t\t<\/div>\n\t\t<div data-particle_enable=\"false\" data-particle-mobile-disabled=\"false\" class=\"elementor-element elementor-element-45c66e6 e-flex e-con-boxed e-con e-parent\" data-id=\"45c66e6\" data-element_type=\"container\" data-e-type=\"container\">\n\t\t\t\t\t<div class=\"e-con-inner\">\n\t\t\t\t<div class=\"elementor-element elementor-element-0fcf6c7 elementor-grid-eael-col-3 elementor-grid-tablet-eael-col-2 elementor-grid-mobile-eael-col-1 elementor-invisible elementor-widget elementor-widget-eael-post-grid\" data-id=\"0fcf6c7\" data-element_type=\"widget\" data-e-type=\"widget\" data-settings=\"{&quot;eael_post_grid_columns&quot;:&quot;eael-col-3&quot;,&quot;_animation&quot;:&quot;rollIn&quot;,&quot;eael_post_grid_columns_tablet&quot;:&quot;eael-col-2&quot;,&quot;eael_post_grid_columns_mobile&quot;:&quot;eael-col-1&quot;}\" data-widget_type=\"eael-post-grid.default\">\n\t\t\t\t\t<div id=\"eael-post-grid-0fcf6c7\" class=\"eael-post-grid-container\">\n            <div class=\"eael-post-grid eael-post-appender eael-post-appender-0fcf6c7 eael-post-grid-style-one\" data-layout-mode=\"masonry\"><article class=\"eael-grid-post  eael-post-grid-column eael-pg-post-37986 category-estamos-unidos\" data-id=\"37986\">\n        <div class=\"eael-grid-post-holder\">\n            <div class=\"eael-grid-post-holder-inner\"><div class=\"eael-entry-media\"><div class=\"eael-entry-overlay fade-in\"><i class=\"far fa-hand-pointer\" aria-hidden=\"true\"><\/i><a href=\"https:\/\/soymigrante.com\/revista\/barra-chapina-migrante-vive-camino-de-guatemala-en-la-copa-oro\/\"><\/a><\/div><div class=\"eael-entry-thumbnail \">\n                <img loading=\"lazy\" decoding=\"async\" width=\"1024\" height=\"768\" src=\"https:\/\/soymigrante.com\/revista\/wp-content\/uploads\/2025\/06\/Barra-chapina-1024x768.jpg\" class=\"attachment-large size-large wp-image-37987\" alt=\"Migrantes celebrando con bandera de Guatemala en evento cultural y deportivo, mostrando orgullo y identidad nacional.\" srcset=\"https:\/\/soymigrante.com\/revista\/wp-content\/uploads\/2025\/06\/Barra-chapina-1024x768.jpg 1024w, https:\/\/soymigrante.com\/revista\/wp-content\/uploads\/2025\/06\/Barra-chapina-300x225.jpg 300w, https:\/\/soymigrante.com\/revista\/wp-content\/uploads\/2025\/06\/Barra-chapina-768x576.jpg 768w, https:\/\/soymigrante.com\/revista\/wp-content\/uploads\/2025\/06\/Barra-chapina-1536x1152.jpg 1536w, https:\/\/soymigrante.com\/revista\/wp-content\/uploads\/2025\/06\/Barra-chapina-750x563.webp 750w, https:\/\/soymigrante.com\/revista\/wp-content\/uploads\/2025\/06\/Barra-chapina-1140x855.webp 1140w, https:\/\/soymigrante.com\/revista\/wp-content\/uploads\/2025\/06\/Barra-chapina.webp 1920w\" sizes=\"(max-width: 1024px) 100vw, 1024px\" \/>\n            <\/div>\n        <\/div><div class=\"eael-entry-wrapper\"><header class=\"eael-entry-header\"><h2 class=\"eael-entry-title\"><a class=\"eael-grid-post-link\" href=\"https:\/\/soymigrante.com\/revista\/barra-chapina-migrante-vive-camino-de-guatemala-en-la-copa-oro\/\" title=\"Barra Chapina migrante vive camino de Guatemala en la Copa Oro\">Barra Chapina migrante vive camino de Guatemala en la Copa Oro<\/a><\/h2><\/header><div class=\"eael-entry-content\">\n                        <div class=\"eael-grid-post-excerpt\"><a href=\"https:\/\/soymigrante.com\/revista\/barra-chapina-migrante-vive-camino-de-guatemala-en-la-copa-oro\/\" class=\"eael-post-elements-readmore-btn\">CONOCE SU HISTORIA <\/a><\/div>\n                    <\/div><\/div><\/div>\n        <\/div>\n    <\/article><article class=\"eael-grid-post  eael-post-grid-column eael-pg-post-7169 category-exitos-guatemala\" data-id=\"7169\">\n        <div class=\"eael-grid-post-holder\">\n            <div class=\"eael-grid-post-holder-inner\"><div class=\"eael-entry-media\"><div class=\"eael-entry-overlay fade-in\"><i class=\"far fa-hand-pointer\" aria-hidden=\"true\"><\/i><a href=\"https:\/\/soymigrante.com\/revista\/el-sueno-de-la-familia-solis-tiene-madera-futbol-y-fe-en-dios\/\"><\/a><\/div><div class=\"eael-entry-thumbnail \">\n                <img loading=\"lazy\" decoding=\"async\" width=\"1016\" height=\"1016\" src=\"https:\/\/soymigrante.com\/revista\/wp-content\/uploads\/2024\/06\/familia-solis-hamilton-alex-sonia-y-jared-1.webp\" class=\"attachment-large size-large wp-image-30395\" alt=\"Personas migrantes en un campo deportivo en la tarde, mostrando integraci\u00f3n y comunidad.\" srcset=\"https:\/\/soymigrante.com\/revista\/wp-content\/uploads\/2024\/06\/familia-solis-hamilton-alex-sonia-y-jared-1.webp 1016w, https:\/\/soymigrante.com\/revista\/wp-content\/uploads\/2024\/06\/familia-solis-hamilton-alex-sonia-y-jared-1-300x300.jpg 300w, https:\/\/soymigrante.com\/revista\/wp-content\/uploads\/2024\/06\/familia-solis-hamilton-alex-sonia-y-jared-1-150x150.jpg 150w, https:\/\/soymigrante.com\/revista\/wp-content\/uploads\/2024\/06\/familia-solis-hamilton-alex-sonia-y-jared-1-768x768.jpg 768w, https:\/\/soymigrante.com\/revista\/wp-content\/uploads\/2024\/06\/familia-solis-hamilton-alex-sonia-y-jared-1-75x75.webp 75w, https:\/\/soymigrante.com\/revista\/wp-content\/uploads\/2024\/06\/familia-solis-hamilton-alex-sonia-y-jared-1-750x750.webp 750w\" sizes=\"(max-width: 1016px) 100vw, 1016px\" \/>\n            <\/div>\n        <\/div><div class=\"eael-entry-wrapper\"><header class=\"eael-entry-header\"><h2 class=\"eael-entry-title\"><a class=\"eael-grid-post-link\" href=\"https:\/\/soymigrante.com\/revista\/el-sueno-de-la-familia-solis-tiene-madera-futbol-y-fe-en-dios\/\" title=\"Sue\u00f1o futbol\u00edstico de la familia Sol\u00eds en Missouri sigue creciendo con fe en Dios\">Sue\u00f1o futbol\u00edstico de la familia Sol\u00eds en Missouri sigue creciendo con fe en Dios<\/a><\/h2><\/header><div class=\"eael-entry-content\">\n                        <div class=\"eael-grid-post-excerpt\"><a href=\"https:\/\/soymigrante.com\/revista\/el-sueno-de-la-familia-solis-tiene-madera-futbol-y-fe-en-dios\/\" class=\"eael-post-elements-readmore-btn\">CONOCE SU HISTORIA <\/a><\/div>\n                    <\/div><\/div><\/div>\n        <\/div>\n    <\/article><article class=\"eael-grid-post  eael-post-grid-column eael-pg-post-21453 category-lugar-de-voces tags-volcanes-de-guatemala\" data-id=\"21453\">\n        <div class=\"eael-grid-post-holder\">\n            <div class=\"eael-grid-post-holder-inner\"><div class=\"eael-entry-media\"><div class=\"eael-entry-overlay fade-in\"><i class=\"far fa-hand-pointer\" aria-hidden=\"true\"><\/i><a href=\"https:\/\/soymigrante.com\/revista\/migrante-guatemalteco-antonio-marcos-relata-su-aventura-en-los-volcanes-acatenango-y-de-fuego\/\"><\/a><\/div><div class=\"eael-entry-thumbnail \">\n                <img loading=\"lazy\" decoding=\"async\" width=\"1024\" height=\"1024\" src=\"https:\/\/soymigrante.com\/revista\/wp-content\/uploads\/2025\/01\/marcos-acatenango-fuego-4-1024x1024.jpg\" class=\"attachment-large size-large wp-image-21455\" alt=\"Explorador de monta\u00f1a en la cima, mostrando entusiasmo con bandera de Houston TX, foto en la cumbre, aventura, inmigrante, comunidad, superaci\u00f3n, pasi\u00f3n por la vida.\" srcset=\"https:\/\/soymigrante.com\/revista\/wp-content\/uploads\/2025\/01\/marcos-acatenango-fuego-4-1024x1024.jpg 1024w, https:\/\/soymigrante.com\/revista\/wp-content\/uploads\/2025\/01\/marcos-acatenango-fuego-4-300x300.jpg 300w, https:\/\/soymigrante.com\/revista\/wp-content\/uploads\/2025\/01\/marcos-acatenango-fuego-4-150x150.jpg 150w, https:\/\/soymigrante.com\/revista\/wp-content\/uploads\/2025\/01\/marcos-acatenango-fuego-4-768x768.jpg 768w, https:\/\/soymigrante.com\/revista\/wp-content\/uploads\/2025\/01\/marcos-acatenango-fuego-4-75x75.webp 75w, https:\/\/soymigrante.com\/revista\/wp-content\/uploads\/2025\/01\/marcos-acatenango-fuego-4-750x750.webp 750w, https:\/\/soymigrante.com\/revista\/wp-content\/uploads\/2025\/01\/marcos-acatenango-fuego-4-1140x1140.webp 1140w, https:\/\/soymigrante.com\/revista\/wp-content\/uploads\/2025\/01\/marcos-acatenango-fuego-4.webp 1536w\" sizes=\"(max-width: 1024px) 100vw, 1024px\" \/>\n            <\/div>\n        <\/div><div class=\"eael-entry-wrapper\"><header class=\"eael-entry-header\"><h2 class=\"eael-entry-title\"><a class=\"eael-grid-post-link\" href=\"https:\/\/soymigrante.com\/revista\/migrante-guatemalteco-antonio-marcos-relata-su-aventura-en-los-volcanes-acatenango-y-de-fuego\/\" title=\"Migrante guatemalteco Antonio Marcos cuenta su experiencia en los volcanes Acatenango y de Fuego\">Migrante guatemalteco Antonio Marcos cuenta su experiencia en los volcanes Acatenango y de Fuego<\/a><\/h2><\/header><div class=\"eael-entry-content\">\n                        <div class=\"eael-grid-post-excerpt\"><a href=\"https:\/\/soymigrante.com\/revista\/migrante-guatemalteco-antonio-marcos-relata-su-aventura-en-los-volcanes-acatenango-y-de-fuego\/\" class=\"eael-post-elements-readmore-btn\">CONOCE SU HISTORIA <\/a><\/div>\n                    <\/div><\/div><\/div>\n        <\/div>\n    <\/article><\/div>\n            <div class=\"clearfix\"><\/div>\n        <\/div>\t\t\t\t<\/div>\n\t\t\t\t\t<\/div>\n\t\t\t\t<\/div>\n\t\t\t\t<\/div>\n\t\t","protected":false},"excerpt":{"rendered":"<p>Se llama Antonio Marcos y usa el mismo sombrero con el que anim\u00f3 a la selecci\u00f3n de Guatemala en la Copa de Oro 2023, cuando se hizo viral. Migrante guatemalteco radicado en Texas ya est\u00e1 en Misuri para ver triunfar a la azul y blanco. Su optimismo es inspirador&#8230; S\u00ed, durante la Copa Oro 2023 [&hellip;]<\/p>\n","protected":false},"author":7,"featured_media":38212,"comment_status":"open","ping_status":"open","sticky":false,"template":"","format":"standard","meta":{"_acf_changed":false,"_eb_attr":"","footnotes":""},"categories":[54],"tags":[],"class_list":["post-38180","post","type-post","status-publish","format-standard","has-post-thumbnail","hentry","category-estamos-unidos"],"acf":[],"aioseo_notices":[],"aioseo_head":"\n\t\t<!-- All in One SEO Pro 4.9.6.2 - aioseo.com -->\n\t<meta name=\"description\" content=\"Antonio Marcos, radicado en Texas, visit\u00f3 a su familia en Totonicap\u00e1n. Nunca hab\u00eda escalado un volc\u00e1n pero tom\u00f3 el reto de subir el Acatenango. As\u00ed lo cuenta.\" \/>\n\t<meta name=\"robots\" content=\"max-snippet:-1, max-image-preview:large, max-video-preview:-1\" \/>\n\t<meta name=\"author\" content=\"SoyMigrante.com REVISTA\"\/>\n\t<link rel=\"canonical\" href=\"https:\/\/soymigrante.com\/revista\/migrante-guatemalteco-antonio-marcos-relata-su-aventura-en-los-volcanes-acatenango-y-de-fuego\/\" \/>\n\t<meta name=\"generator\" content=\"All in One SEO Pro (AIOSEO) 4.9.6.2\" \/>\n\n\t\t<link rel=\"preconnect\" href=\"https:\/\/fonts.googleapis.com\" crossorigin>\n<link rel=\"preconnect\" href=\"https:\/\/fonts.gstatic.com\" crossorigin>\n\t\t<meta property=\"og:locale\" content=\"es_ES\" \/>\n\t\t<meta property=\"og:site_name\" content=\"SoyMigrante.com REVISTA \u2013 Nuestra misi\u00f3n es reconocer y dignificar al migrante.\" \/>\n\t\t<meta property=\"og:type\" content=\"article\" \/>\n\t\t<meta property=\"og:title\" content=\"Migrante relata aventura en los volcanes Acatenango y Fuego\" \/>\n\t\t<meta property=\"og:description\" content=\"Antonio Marcos, radicado en Texas, visit\u00f3 a su familia en Totonicap\u00e1n. Nunca hab\u00eda escalado un volc\u00e1n pero tom\u00f3 el reto de subir el Acatenango. As\u00ed lo cuenta.\" \/>\n\t\t<meta property=\"og:url\" content=\"https:\/\/soymigrante.com\/revista\/migrante-guatemalteco-antonio-marcos-relata-su-aventura-en-los-volcanes-acatenango-y-de-fuego\/\" \/>\n\t\t<meta property=\"og:image\" content=\"https:\/\/soymigrante.com\/revista\/wp-content\/uploads\/2025\/01\/marcos-acatenango-fuego-4.webp\" \/>\n\t\t<meta property=\"og:image:secure_url\" content=\"https:\/\/soymigrante.com\/revista\/wp-content\/uploads\/2025\/01\/marcos-acatenango-fuego-4.webp\" \/>\n\t\t<meta property=\"og:image:width\" content=\"1536\" \/>\n\t\t<meta property=\"og:image:height\" content=\"1536\" \/>\n\t\t<meta property=\"article:published_time\" content=\"2025-01-17T18:31:05+00:00\" \/>\n\t\t<meta property=\"article:modified_time\" content=\"2025-06-12T14:27:56+00:00\" \/>\n\t\t<meta property=\"article:publisher\" content=\"https:\/\/www.facebook.com\/soymigrantecom\" \/>\n\t\t<meta name=\"twitter:card\" content=\"summary_large_image\" \/>\n\t\t<meta name=\"twitter:site\" content=\"@SoyMigrante_com\" \/>\n\t\t<meta name=\"twitter:title\" content=\"Migrante relata aventura en los volcanes Acatenango y Fuego\" \/>\n\t\t<meta name=\"twitter:description\" content=\"Antonio Marcos, radicado en Texas, visit\u00f3 a su familia en Totonicap\u00e1n. Nunca hab\u00eda escalado un volc\u00e1n pero tom\u00f3 el reto de subir el Acatenango. As\u00ed lo cuenta.\" \/>\n\t\t<meta name=\"twitter:creator\" content=\"@SoyMigrante_com\" \/>\n\t\t<meta name=\"twitter:image\" content=\"https:\/\/soymigrante.com\/revista\/wp-content\/uploads\/2025\/01\/marcos-acatenango-fuego-4.webp\" \/>\n\t\t<!-- All in One SEO Pro -->\r\n\t\t<title>Migrante relata aventura en los volcanes Acatenango y Fuego<\/title>\n\n","aioseo_head_json":{"title":"Migrante relata aventura en los volcanes Acatenango y Fuego","description":"Antonio Marcos, radicado en Texas, visit\u00f3 a su familia en Totonicap\u00e1n. Nunca hab\u00eda escalado un volc\u00e1n pero tom\u00f3 el reto de subir el Acatenango. As\u00ed lo cuenta.","canonical_url":"https:\/\/soymigrante.com\/revista\/migrante-guatemalteco-antonio-marcos-relata-su-aventura-en-los-volcanes-acatenango-y-de-fuego\/","robots":"max-snippet:-1, max-image-preview:large, max-video-preview:-1","keywords":"","webmasterTools":{"miscellaneous":"&lt;link rel=\"preconnect\" href=\"https:\/\/fonts.googleapis.com\" crossorigin&gt;\n&lt;link rel=\"preconnect\" href=\"https:\/\/fonts.gstatic.com\" crossorigin&gt;"},"schema":null,"og:locale":"es_ES","og:site_name":"SoyMigrante.com REVISTA \u2013 Nuestra misi\u00f3n es reconocer y dignificar al migrante.","og:type":"article","og:title":"Migrante relata aventura en los volcanes Acatenango y Fuego","og:description":"Antonio Marcos, radicado en Texas, visit\u00f3 a su familia en Totonicap\u00e1n. Nunca hab\u00eda escalado un volc\u00e1n pero tom\u00f3 el reto de subir el Acatenango. As\u00ed lo cuenta.","og:url":"https:\/\/soymigrante.com\/revista\/migrante-guatemalteco-antonio-marcos-relata-su-aventura-en-los-volcanes-acatenango-y-de-fuego\/","og:image":"https:\/\/soymigrante.com\/revista\/wp-content\/uploads\/2025\/01\/marcos-acatenango-fuego-4.webp","og:image:secure_url":"https:\/\/soymigrante.com\/revista\/wp-content\/uploads\/2025\/01\/marcos-acatenango-fuego-4.webp","og:image:width":1536,"og:image:height":1536,"article:published_time":"2025-01-17T18:31:05+00:00","article:modified_time":"2025-06-12T14:27:56+00:00","article:publisher":"https:\/\/www.facebook.com\/soymigrantecom","twitter:card":"summary_large_image","twitter:site":"@SoyMigrante_com","twitter:title":"Migrante relata aventura en los volcanes Acatenango y Fuego","twitter:description":"Antonio Marcos, radicado en Texas, visit\u00f3 a su familia en Totonicap\u00e1n. Nunca hab\u00eda escalado un volc\u00e1n pero tom\u00f3 el reto de subir el Acatenango. As\u00ed lo cuenta.","twitter:creator":"@SoyMigrante_com","twitter:image":"https:\/\/soymigrante.com\/revista\/wp-content\/uploads\/2025\/01\/marcos-acatenango-fuego-4.webp"},"aioseo_meta_data":{"post_id":"38180","title":"Guerrero Maya ya est\u00e1 en Misuri para apoyar a la bicolor","description":"Antonio Marcos estuvo en Minesota y ahora en San Luis Misuri para apoyar a la selecci\u00f3n de Guatemala en Copa Oro ante USA. En 2023, su rostro se hizo viral.","keywords":null,"keyphrases":{"focus":{"keyphrase":"Guerrero Maya","score":74,"analysis":{"keyphraseInTitle":{"score":9,"maxScore":9,"error":0},"keyphraseInDescription":{"score":3,"maxScore":9,"error":1},"keyphraseLength":{"score":9,"maxScore":9,"error":0,"length":2},"keyphraseInURL":{"score":5,"maxScore":5,"error":0},"keyphraseInIntroduction":{"score":3,"maxScore":9,"error":1},"keyphraseInSubHeadings":{"score":3,"maxScore":9,"error":1},"keyphraseInImageAlt":{"score":9,"maxScore":9,"error":0},"keywordDensity":{"type":"best","score":9,"maxScore":9,"error":0}}},"additional":[{"keyphrase":"Selecci\u00f3n","score":87,"analysis":{"keyphraseInDescription":{"score":9,"maxScore":9,"error":0},"keyphraseLength":{"score":9,"maxScore":9,"error":0,"length":2},"keyphraseInIntroduction":{"score":9,"maxScore":9,"error":0},"keyphraseInImageAlt":{"score":3,"maxScore":9,"error":1},"keywordDensity":{"type":"best","score":9,"maxScore":9,"error":0}}},{"keyphrase":"Guatemala","score":87,"analysis":{"keyphraseInDescription":{"score":9,"maxScore":9,"error":0},"keyphraseLength":{"score":9,"maxScore":9,"error":0,"length":1},"keyphraseInIntroduction":{"score":3,"maxScore":9,"error":1},"keyphraseInImageAlt":{"score":9,"maxScore":9,"error":0},"keywordDensity":{"type":"best","score":9,"maxScore":9,"error":0}}},{"keyphrase":"Copa Oro","score":100,"analysis":{"keyphraseInDescription":{"score":9,"maxScore":9,"error":0},"keyphraseLength":{"score":9,"maxScore":9,"error":0,"length":2},"keyphraseInIntroduction":{"score":9,"maxScore":9,"error":0},"keyphraseInImageAlt":{"score":9,"maxScore":9,"error":0},"keywordDensity":{"type":"best","score":9,"maxScore":9,"error":0}}}]},"primary_term":null,"canonical_url":null,"og_title":null,"og_description":null,"og_object_type":"default","og_image_type":"default","og_image_url":null,"og_image_width":null,"og_image_height":null,"og_image_custom_url":null,"og_image_custom_fields":null,"og_video":"","og_custom_url":null,"og_article_section":null,"og_article_tags":null,"twitter_use_og":false,"twitter_card":"default","twitter_image_type":"default","twitter_image_url":null,"twitter_image_custom_url":null,"twitter_image_custom_fields":null,"twitter_title":null,"twitter_description":null,"schema":{"blockGraphs":[],"customGraphs":[],"default":{"data":{"Article":[],"Course":[],"Dataset":[],"FAQPage":[],"Movie":[],"Person":[],"Product":[],"ProductReview":[],"Car":[],"Recipe":[],"Service":[],"SoftwareApplication":[],"WebPage":[]},"graphName":"none","isEnabled":true},"graphs":[]},"schema_type":"default","schema_type_options":null,"pillar_content":false,"robots_default":true,"robots_noindex":false,"robots_noarchive":false,"robots_nosnippet":false,"robots_nofollow":false,"robots_noimageindex":false,"robots_noodp":false,"robots_notranslate":false,"robots_max_snippet":"-1","robots_max_videopreview":"-1","robots_max_imagepreview":"large","priority":null,"frequency":"default","local_seo":null,"seo_analyzer_scan_date":"2025-10-09 06:21:32","breadcrumb_settings":null,"limit_modified_date":false,"reviewed_by":"0","open_ai":null,"ai":{"faqs":[],"keyPoints":[],"titles":[],"descriptions":[],"socialPosts":{"email":[],"linkedin":[],"twitter":[],"facebook":[],"instagram":[]}},"created":"2025-07-02 00:05:32","updated":"2026-02-05 01:27:10"},"aioseo_breadcrumb":"<div class=\"aioseo-breadcrumbs\"><span class=\"aioseo-breadcrumb\">\n\t<a href=\"https:\/\/soymigrante.com\/revista\" title=\"Home\">Home<\/a>\n<\/span><span class=\"aioseo-breadcrumb-separator\">\u00bb<\/span><span class=\"aioseo-breadcrumb\">\n\t<a href=\"https:\/\/soymigrante.com\/revista\/category\/estamos-unidos\/\" title=\"Estamos Unidos\">Estamos Unidos<\/a>\n<\/span><span class=\"aioseo-breadcrumb-separator\">\u00bb<\/span><span class=\"aioseo-breadcrumb\">\n\tGuerrero Maya est\u00e1 en Misuri para apoyar a la selecci\u00f3n de Guatemala en la Copa Oro\n<\/span><\/div>","aioseo_breadcrumb_json":[{"label":"Home","link":"https:\/\/soymigrante.com\/revista"},{"label":"Estamos Unidos","link":"https:\/\/soymigrante.com\/revista\/category\/estamos-unidos\/"},{"label":"Guerrero Maya est\u00e1 en Misuri para apoyar a la selecci\u00f3n de Guatemala en la Copa Oro","link":"https:\/\/soymigrante.com\/revista\/copa-oro-seleccion-guatemala-migrante-federico-marcos-guerrero-maya\/"}],"_links":{"self":[{"href":"https:\/\/soymigrante.com\/revista\/wp-json\/wp\/v2\/posts\/38180","targetHints":{"allow":["GET"]}}],"collection":[{"href":"https:\/\/soymigrante.com\/revista\/wp-json\/wp\/v2\/posts"}],"about":[{"href":"https:\/\/soymigrante.com\/revista\/wp-json\/wp\/v2\/types\/post"}],"author":[{"embeddable":true,"href":"https:\/\/soymigrante.com\/revista\/wp-json\/wp\/v2\/users\/7"}],"replies":[{"embeddable":true,"href":"https:\/\/soymigrante.com\/revista\/wp-json\/wp\/v2\/comments?post=38180"}],"version-history":[{"count":10,"href":"https:\/\/soymigrante.com\/revista\/wp-json\/wp\/v2\/posts\/38180\/revisions"}],"predecessor-version":[{"id":38228,"href":"https:\/\/soymigrante.com\/revista\/wp-json\/wp\/v2\/posts\/38180\/revisions\/38228"}],"wp:featuredmedia":[{"embeddable":true,"href":"https:\/\/soymigrante.com\/revista\/wp-json\/wp\/v2\/media\/38212"}],"wp:attachment":[{"href":"https:\/\/soymigrante.com\/revista\/wp-json\/wp\/v2\/media?parent=38180"}],"wp:term":[{"taxonomy":"category","embeddable":true,"href":"https:\/\/soymigrante.com\/revista\/wp-json\/wp\/v2\/categories?post=38180"},{"taxonomy":"post_tag","embeddable":true,"href":"https:\/\/soymigrante.com\/revista\/wp-json\/wp\/v2\/tags?post=38180"}],"curies":[{"name":"wp","href":"https:\/\/api.w.org\/{rel}","templated":true}]}}