{"id":38178,"date":"2025-07-02T06:30:00","date_gmt":"2025-07-02T12:30:00","guid":{"rendered":"https:\/\/soymigrante.com\/revista\/?p=38178"},"modified":"2025-08-27T22:55:55","modified_gmt":"2025-08-28T04:55:55","slug":"fiestas-patronales-de-septiembre-en-municipios-de-guatemala","status":"publish","type":"post","link":"https:\/\/soymigrante.com\/revista\/fiestas-patronales-de-septiembre-en-municipios-de-guatemala\/","title":{"rendered":"Ferias patronales en Guatemala durante septiembre"},"content":{"rendered":"\t\t<div data-elementor-type=\"wp-post\" data-elementor-id=\"38178\" class=\"elementor elementor-38178\" data-elementor-post-type=\"post\">\n\t\t\t\t<div data-particle_enable=\"false\" data-particle-mobile-disabled=\"false\" class=\"elementor-element elementor-element-3953477 e-flex e-con-boxed e-con e-parent\" data-id=\"3953477\" data-element_type=\"container\" data-e-type=\"container\">\n\t\t\t\t\t<div class=\"e-con-inner\">\n\t\t\t\t<div class=\"elementor-element elementor-element-32f5fd6 elementor-widget elementor-widget-heading\" data-id=\"32f5fd6\" data-element_type=\"widget\" data-e-type=\"widget\" data-widget_type=\"heading.default\">\n\t\t\t\t\t<h2 class=\"elementor-heading-title elementor-size-default\">Septiembre se llena de fe y tradici\u00f3n con las fiestas patronales de Guatemala.<\/h2>\t\t\t\t<\/div>\n\t\t\t\t\t<\/div>\n\t\t\t\t<\/div>\n\t\t<div data-particle_enable=\"false\" data-particle-mobile-disabled=\"false\" class=\"elementor-element elementor-element-c503751 e-flex e-con-boxed e-con e-parent\" data-id=\"c503751\" data-element_type=\"container\" data-e-type=\"container\">\n\t\t\t\t\t<div class=\"e-con-inner\">\n\t\t\t\t<div class=\"elementor-element elementor-element-38f6313 elementor-widget elementor-widget-text-editor\" data-id=\"38f6313\" data-element_type=\"widget\" data-e-type=\"widget\" data-widget_type=\"text-editor.default\">\n\t\t\t\t\t\t\t\t\t<p>Aunque septiembre es conocido como el mes patrio por excelencia, <a href=\"https:\/\/soymigrante.com\/revista\/fiestas-patronales-en-guatemala-busque-su-municipio\/\" target=\"_blank\" rel=\"noopener\">en muchos rincones de Guatemala tambi\u00e9n es un tiempo de fervor religioso, alegr\u00eda comunitaria y tradiciones centenarias.<\/a> Diversos municipios del pa\u00eds celebran en este mes sus fiestas patronales, en honor a santos y v\u00edrgenes que han sido gu\u00eda espiritual para generaciones.<\/p><p>Las celebraciones combinan procesiones, bailes, ferias, juegos, gastronom\u00eda local y actos lit\u00fargicos, que reafirman la identidad y la cultura de cada regi\u00f3n.<\/p>\t\t\t\t\t\t\t\t<\/div>\n\t\t\t\t\t<\/div>\n\t\t\t\t<\/div>\n\t\t<div data-particle_enable=\"false\" data-particle-mobile-disabled=\"false\" class=\"elementor-element elementor-element-efef27c e-flex e-con-boxed e-con e-parent\" data-id=\"efef27c\" data-element_type=\"container\" data-e-type=\"container\">\n\t\t\t\t\t<div class=\"e-con-inner\">\n\t\t\t\t<div class=\"elementor-element elementor-element-3f3585e elementor-grid-eael-col-1 elementor-grid-tablet-eael-col-2 elementor-grid-mobile-eael-col-1 elementor-invisible elementor-widget elementor-widget-eael-post-grid\" data-id=\"3f3585e\" data-element_type=\"widget\" data-e-type=\"widget\" data-settings=\"{&quot;eael_post_grid_columns&quot;:&quot;eael-col-1&quot;,&quot;_animation&quot;:&quot;rollIn&quot;,&quot;eael_post_grid_columns_tablet&quot;:&quot;eael-col-2&quot;,&quot;eael_post_grid_columns_mobile&quot;:&quot;eael-col-1&quot;}\" data-widget_type=\"eael-post-grid.default\">\n\t\t\t\t\t<div id=\"eael-post-grid-3f3585e\" class=\"eael-post-grid-container\">\n            <div class=\"eael-post-grid eael-post-appender eael-post-appender-3f3585e eael-post-grid-style-one\" data-layout-mode=\"masonry\"><article class=\"eael-grid-post  eael-post-grid-column eael-pg-post-7390 category-guate-nuestra tags-calendario-de-ferias\" data-id=\"7390\">\n        <div class=\"eael-grid-post-holder\">\n            <div class=\"eael-grid-post-holder-inner\"><div class=\"eael-entry-media\"><div class=\"eael-entry-overlay fade-in\"><i class=\"far fa-hand-pointer\" aria-hidden=\"true\"><\/i><a href=\"https:\/\/soymigrante.com\/revista\/fiestas-patronales-en-guatemala-busque-su-municipio\/\"><\/a><\/div><div class=\"eael-entry-thumbnail \">\n                <img fetchpriority=\"high\" decoding=\"async\" width=\"1024\" height=\"1024\" src=\"https:\/\/soymigrante.com\/revista\/wp-content\/uploads\/2024\/07\/WhatsApp-Image-2024-06-28-at-111908-AM-e1720800331515-1024x1024.webp\" class=\"attachment-large size-large wp-image-7395\" alt=\"Ferias patronales de los municipios de Guatemala, por departamento\" srcset=\"https:\/\/soymigrante.com\/revista\/wp-content\/uploads\/2024\/07\/WhatsApp-Image-2024-06-28-at-111908-AM-e1720800331515-1024x1024.webp 1024w, https:\/\/soymigrante.com\/revista\/wp-content\/uploads\/2024\/07\/WhatsApp-Image-2024-06-28-at-111908-AM-e1720800331515-300x300.webp 300w, https:\/\/soymigrante.com\/revista\/wp-content\/uploads\/2024\/07\/WhatsApp-Image-2024-06-28-at-111908-AM-e1720800331515-150x150.webp 150w, https:\/\/soymigrante.com\/revista\/wp-content\/uploads\/2024\/07\/WhatsApp-Image-2024-06-28-at-111908-AM-e1720800331515-768x768.webp 768w, https:\/\/soymigrante.com\/revista\/wp-content\/uploads\/2024\/07\/WhatsApp-Image-2024-06-28-at-111908-AM-e1720800331515-75x75.webp 75w, https:\/\/soymigrante.com\/revista\/wp-content\/uploads\/2024\/07\/WhatsApp-Image-2024-06-28-at-111908-AM-e1720800331515-750x750.webp 750w, https:\/\/soymigrante.com\/revista\/wp-content\/uploads\/2024\/07\/WhatsApp-Image-2024-06-28-at-111908-AM-e1720800331515.webp 1066w\" sizes=\"(max-width: 1024px) 100vw, 1024px\" \/>\n            <\/div>\n        <\/div><div class=\"eael-entry-wrapper\"><header class=\"eael-entry-header\"><h2 class=\"eael-entry-title\"><a class=\"eael-grid-post-link\" href=\"https:\/\/soymigrante.com\/revista\/fiestas-patronales-en-guatemala-busque-su-municipio\/\" title=\"Ferias patronales de los municipios de Guatemala, por departamento\">Ferias patronales de los municipios de Guatemala, por departamento<\/a><\/h2><\/header><div class=\"eael-entry-content\">\n                        <div class=\"eael-grid-post-excerpt\"><a href=\"https:\/\/soymigrante.com\/revista\/fiestas-patronales-en-guatemala-busque-su-municipio\/\" class=\"eael-post-elements-readmore-btn\">CONOCE SU HISTORIA <\/a><\/div>\n                    <\/div><\/div><\/div>\n        <\/div>\n    <\/article><\/div>\n            <div class=\"clearfix\"><\/div>\n        <\/div>\t\t\t\t<\/div>\n\t\t\t\t\t<\/div>\n\t\t\t\t<\/div>\n\t\t<div data-particle_enable=\"false\" data-particle-mobile-disabled=\"false\" class=\"elementor-element elementor-element-b41f46b e-flex e-con-boxed e-con e-parent\" data-id=\"b41f46b\" data-element_type=\"container\" data-e-type=\"container\">\n\t\t\t\t\t<div class=\"e-con-inner\">\n\t\t\t\t<div class=\"elementor-element elementor-element-7441dfa elementor-widget elementor-widget-heading\" data-id=\"7441dfa\" data-element_type=\"widget\" data-e-type=\"widget\" data-widget_type=\"heading.default\">\n\t\t\t\t\t<h3 class=\"elementor-heading-title elementor-size-default\">Fiestas patronales en septiembre por departamento<\/h3>\t\t\t\t<\/div>\n\t\t\t\t\t<\/div>\n\t\t\t\t<\/div>\n\t\t<div data-particle_enable=\"false\" data-particle-mobile-disabled=\"false\" class=\"elementor-element elementor-element-1737fe0 e-flex e-con-boxed e-con e-parent\" data-id=\"1737fe0\" data-element_type=\"container\" data-e-type=\"container\">\n\t\t\t\t\t<div class=\"e-con-inner\">\n\t\t\t\t<div class=\"elementor-element elementor-element-71e3ec4 elementor-widget elementor-widget-text-editor\" data-id=\"71e3ec4\" data-element_type=\"widget\" data-e-type=\"widget\" data-widget_type=\"text-editor.default\">\n\t\t\t\t\t\t\t\t\t<div><strong>Alta Verapaz<\/strong><\/div><div><strong>\u2022Cahab\u00f3n<\/strong> \u2013 6 de septiembre, Natividad de la Virgen Mar\u00eda\u00a0 \u00a0 \u00a0<\/div><div>Procesiones, misas, feria local con artesan\u00edas y gastronom\u00eda t\u00edpica durante varios d\u00edas.<\/div><div><strong>\u2022Tucur\u00fa<\/strong> \u2013 29 de septiembre, San Miguel Arc\u00e1ngel\u00a0 \u00a0<\/div><div>Procesi\u00f3n del santo, danzas regionales, quema de fuegos artificiales y feria.<\/div>\t\t\t\t\t\t\t\t<\/div>\n\t\t\t\t\t<\/div>\n\t\t\t\t<\/div>\n\t\t<div data-particle_enable=\"false\" data-particle-mobile-disabled=\"false\" class=\"elementor-element elementor-element-7947e4d e-flex e-con-boxed e-con e-parent\" data-id=\"7947e4d\" data-element_type=\"container\" data-e-type=\"container\">\n\t\t\t\t\t<div class=\"e-con-inner\">\n\t\t\t\t<div class=\"elementor-element elementor-element-c342b43 elementor-widget elementor-widget-text-editor\" data-id=\"c342b43\" data-element_type=\"widget\" data-e-type=\"widget\" data-widget_type=\"text-editor.default\">\n\t\t\t\t\t\t\t\t\t<div><strong>Baja Verapaz<\/strong><\/div><div><strong>\u2022Salam\u00e1<\/strong> \u2013 21 de septiembre, San Mateo Ap\u00f3stol\u00a0 \u00a0<\/div><div><strong>\u2022San Jer\u00f3nimo<\/strong> \u2013 28 de septiembre, San Jer\u00f3nimo\u00a0 \u00a0<\/div><div><strong>\u2022San Miguel Chicaj<\/strong> \u2013 29 de septiembre, San Miguel Arc\u00e1ngel\u00a0 \u00a0<\/div><div>En estos municipios suelen realizarse misas, procesiones, quema de p\u00f3lvora y ferias agr\u00edcolas o ganaderas.<\/div>\t\t\t\t\t\t\t\t<\/div>\n\t\t\t\t\t<\/div>\n\t\t\t\t<\/div>\n\t\t<div data-particle_enable=\"false\" data-particle-mobile-disabled=\"false\" class=\"elementor-element elementor-element-c0d1970 e-flex e-con-boxed e-con e-parent\" data-id=\"c0d1970\" data-element_type=\"container\" data-e-type=\"container\">\n\t\t\t\t\t<div class=\"e-con-inner\">\n\t\t\t\t<div class=\"elementor-element elementor-element-1373a18 elementor-widget elementor-widget-text-editor\" data-id=\"1373a18\" data-element_type=\"widget\" data-e-type=\"widget\" data-widget_type=\"text-editor.default\">\n\t\t\t\t\t\t\t\t\t<div><strong>Chimaltenango<\/strong><\/div><div><strong>\u2022Pochuta (San Miguel Pochuta)<\/strong> \u2013 septiembre (d\u00eda principal var\u00eda), San Miguel Arc\u00e1ngel\u00a0 \u00a0 \u00a0<\/div><div>Danzas tradicionales, misas y feria local con comida y artesan\u00eda.<\/div>\t\t\t\t\t\t\t\t<\/div>\n\t\t\t\t\t<\/div>\n\t\t\t\t<\/div>\n\t\t<div data-particle_enable=\"false\" data-particle-mobile-disabled=\"false\" class=\"elementor-element elementor-element-2472ff1 e-flex e-con-boxed e-con e-parent\" data-id=\"2472ff1\" data-element_type=\"container\" data-e-type=\"container\">\n\t\t\t\t\t<div class=\"e-con-inner\">\n\t\t\t\t<div class=\"elementor-element elementor-element-db79712 elementor-widget elementor-widget-text-editor\" data-id=\"db79712\" data-element_type=\"widget\" data-e-type=\"widget\" data-widget_type=\"text-editor.default\">\n\t\t\t\t\t\t\t\t\t<div><strong>El Progreso<\/strong><\/div><div><strong>\u2022Sansare \u2013<\/strong> 24 de septiembre, San Miguel Arc\u00e1ngel\u00a0 \u00a0<\/div><div>Feria ganadera, eventos deportivos, procesi\u00f3n y caravanas de antorchas.<\/div>\t\t\t\t\t\t\t\t<\/div>\n\t\t\t\t\t<\/div>\n\t\t\t\t<\/div>\n\t\t<div data-particle_enable=\"false\" data-particle-mobile-disabled=\"false\" class=\"elementor-element elementor-element-68de85e e-flex e-con-boxed e-con e-parent\" data-id=\"68de85e\" data-element_type=\"container\" data-e-type=\"container\">\n\t\t\t\t\t<div class=\"e-con-inner\">\n\t\t\t\t<div class=\"elementor-element elementor-element-50f3f05 elementor-grid-eael-col-1 elementor-grid-tablet-eael-col-2 elementor-grid-mobile-eael-col-1 elementor-invisible elementor-widget elementor-widget-eael-post-grid\" data-id=\"50f3f05\" data-element_type=\"widget\" data-e-type=\"widget\" data-settings=\"{&quot;eael_post_grid_columns&quot;:&quot;eael-col-1&quot;,&quot;_animation&quot;:&quot;rollIn&quot;,&quot;eael_post_grid_columns_tablet&quot;:&quot;eael-col-2&quot;,&quot;eael_post_grid_columns_mobile&quot;:&quot;eael-col-1&quot;}\" data-widget_type=\"eael-post-grid.default\">\n\t\t\t\t\t<div id=\"eael-post-grid-50f3f05\" class=\"eael-post-grid-container\">\n            <div class=\"eael-post-grid eael-post-appender eael-post-appender-50f3f05 eael-post-grid-style-one\" data-layout-mode=\"masonry\"><article class=\"eael-grid-post  eael-post-grid-column eael-pg-post-29942 category-guate-nuestra tags-calendario-de-ferias\" data-id=\"29942\">\n        <div class=\"eael-grid-post-holder\">\n            <div class=\"eael-grid-post-holder-inner\"><div class=\"eael-entry-media\"><div class=\"eael-entry-overlay fade-in\"><i class=\"far fa-hand-pointer\" aria-hidden=\"true\"><\/i><a href=\"https:\/\/soymigrante.com\/revista\/fiestas-patronales-en-pueblos-de-guatemala-durante-mayo\/\"><\/a><\/div><div class=\"eael-entry-thumbnail eael-image-ratio\">\n                <img decoding=\"async\" width=\"1024\" height=\"1024\" src=\"https:\/\/soymigrante.com\/revista\/wp-content\/uploads\/2025\/03\/Ferias--1024x1024.jpeg\" class=\"attachment-large size-large wp-image-26763\" alt=\"As\u00ed se viven las fiestas patronales de junio en Guatemala\" srcset=\"https:\/\/soymigrante.com\/revista\/wp-content\/uploads\/2025\/03\/Ferias--1024x1024.jpeg 1024w, https:\/\/soymigrante.com\/revista\/wp-content\/uploads\/2025\/03\/Ferias--300x300.jpeg 300w, https:\/\/soymigrante.com\/revista\/wp-content\/uploads\/2025\/03\/Ferias--150x150.jpeg 150w, https:\/\/soymigrante.com\/revista\/wp-content\/uploads\/2025\/03\/Ferias--768x768.jpeg 768w, https:\/\/soymigrante.com\/revista\/wp-content\/uploads\/2025\/03\/Ferias--75x75.webp 75w, https:\/\/soymigrante.com\/revista\/wp-content\/uploads\/2025\/03\/Ferias--750x750.webp 750w, https:\/\/soymigrante.com\/revista\/wp-content\/uploads\/2025\/03\/Ferias--1140x1140.webp 1140w, https:\/\/soymigrante.com\/revista\/wp-content\/uploads\/2025\/03\/Ferias-.webp 1440w\" sizes=\"(max-width: 1024px) 100vw, 1024px\" \/>\n            <\/div>\n        <\/div><div class=\"eael-entry-wrapper\"><header class=\"eael-entry-header\"><h2 class=\"eael-entry-title\"><a class=\"eael-grid-post-link\" href=\"https:\/\/soymigrante.com\/revista\/fiestas-patronales-en-pueblos-de-guatemala-durante-mayo\/\" title=\"Ferias patronales en pueblos y municipios de Guatemala durante el mes de mayo\">Ferias patronales en pueblos y municipios de Guatemala durante el mes de mayo<\/a><\/h2><\/header><div class=\"eael-entry-content\">\n                        <div class=\"eael-grid-post-excerpt\"><a href=\"https:\/\/soymigrante.com\/revista\/fiestas-patronales-en-pueblos-de-guatemala-durante-mayo\/\" class=\"eael-post-elements-readmore-btn\">CONOCE SU HISTORIA <\/a><\/div>\n                    <\/div><\/div><\/div>\n        <\/div>\n    <\/article><\/div>\n            <div class=\"clearfix\"><\/div>\n        <\/div>\t\t\t\t<\/div>\n\t\t\t\t\t<\/div>\n\t\t\t\t<\/div>\n\t\t<div data-particle_enable=\"false\" data-particle-mobile-disabled=\"false\" class=\"elementor-element elementor-element-06a1f97 e-flex e-con-boxed e-con e-parent\" data-id=\"06a1f97\" data-element_type=\"container\" data-e-type=\"container\">\n\t\t\t\t\t<div class=\"e-con-inner\">\n\t\t\t\t<div class=\"elementor-element elementor-element-e147eb3 elementor-widget elementor-widget-text-editor\" data-id=\"e147eb3\" data-element_type=\"widget\" data-e-type=\"widget\" data-widget_type=\"text-editor.default\">\n\t\t\t\t\t\t\t\t\t<div><strong>Guatemala (departamento)<\/strong><\/div><div><strong>\u2022San Miguel Petapa<\/strong> \u2013 29 de septiembre, San Miguel Arc\u00e1ngel\u00a0 \u00a0<\/div><div>Inicia con procesi\u00f3n matinal, feria, juegos mec\u00e1nicos, \u201ccerdo encebado\u201d y danzas como la de las flores.<\/div><div><strong>\u2022Mixco \u2013<\/strong> 29 de septiembre, San Miguel Arc\u00e1ngel\u00a0 \u00a0<\/div><div>Comparsas, conciertos, m\u00fasica marimba, misas y feria artesanal.<\/div>\t\t\t\t\t\t\t\t<\/div>\n\t\t\t\t\t<\/div>\n\t\t\t\t<\/div>\n\t\t<div data-particle_enable=\"false\" data-particle-mobile-disabled=\"false\" class=\"elementor-element elementor-element-35df4cf e-flex e-con-boxed e-con e-parent\" data-id=\"35df4cf\" data-element_type=\"container\" data-e-type=\"container\">\n\t\t\t\t\t<div class=\"e-con-inner\">\n\t\t\t\t<div class=\"elementor-element elementor-element-056ec9e elementor-widget elementor-widget-text-editor\" data-id=\"056ec9e\" data-element_type=\"widget\" data-e-type=\"widget\" data-widget_type=\"text-editor.default\">\n\t\t\t\t\t\t\t\t\t<div><strong>Huehuetenango<\/strong><\/div><div><strong>\u2022San Mateo Ixtat\u00e1n<\/strong> \u2013 21 de septiembre, San Mateo Ap\u00f3stol\u00a0 \u00a0<\/div><div><strong>\u2022San Miguel Acat\u00e1n<\/strong> \u2013 29 de septiembre, San Miguel Arc\u00e1ngel\u00a0<\/div><div>Ambos municipios celebran con misas, procesiones, antorchas nocturnas, ceremonias ind\u00edgenas y bailes tradicionales.<\/div>\t\t\t\t\t\t\t\t<\/div>\n\t\t\t\t\t<\/div>\n\t\t\t\t<\/div>\n\t\t<div data-particle_enable=\"false\" data-particle-mobile-disabled=\"false\" class=\"elementor-element elementor-element-7bcc1f0 e-flex e-con-boxed e-con e-parent\" data-id=\"7bcc1f0\" data-element_type=\"container\" data-e-type=\"container\">\n\t\t\t\t\t<div class=\"e-con-inner\">\n\t\t\t\t<div class=\"elementor-element elementor-element-af3404a elementor-widget elementor-widget-text-editor\" data-id=\"af3404a\" data-element_type=\"widget\" data-e-type=\"widget\" data-widget_type=\"text-editor.default\">\n\t\t\t\t\t\t\t\t\t<div><strong>Quetzaltenango<\/strong><\/div><div><strong>\u2022Quetzaltenango (cabecera)<\/strong> \u2013 15 de septiembre, D\u00eda de la Independencia\u00a0 \u00a0<\/div><div>Actos c\u00edvicos, desfile, antorchas, conciertos y feria.<\/div><div><strong>\u2022San Mateo<\/strong> \u2013 21 de septiembre, San Mateo Ap\u00f3stol\u00a0 \u00a0<\/div><div><strong>\u2022San Miguel Sig\u00fcil\u00e1<\/strong> \u2013 29 de septiembre, San Miguel Arc\u00e1ngel\u00a0 \u00a0<\/div><div>Misas solemnes, danzas tradicionales, feria y cert\u00e1menes deportivos.<\/div>\t\t\t\t\t\t\t\t<\/div>\n\t\t\t\t\t<\/div>\n\t\t\t\t<\/div>\n\t\t<div data-particle_enable=\"false\" data-particle-mobile-disabled=\"false\" class=\"elementor-element elementor-element-4e379d6 e-flex e-con-boxed e-con e-parent\" data-id=\"4e379d6\" data-element_type=\"container\" data-e-type=\"container\">\n\t\t\t\t\t<div class=\"e-con-inner\">\n\t\t\t\t<div class=\"elementor-element elementor-element-b075a23 elementor-grid-eael-col-1 elementor-grid-tablet-eael-col-2 elementor-grid-mobile-eael-col-1 elementor-invisible elementor-widget elementor-widget-eael-post-grid\" data-id=\"b075a23\" data-element_type=\"widget\" data-e-type=\"widget\" data-settings=\"{&quot;eael_post_grid_columns&quot;:&quot;eael-col-1&quot;,&quot;_animation&quot;:&quot;rollIn&quot;,&quot;eael_post_grid_columns_tablet&quot;:&quot;eael-col-2&quot;,&quot;eael_post_grid_columns_mobile&quot;:&quot;eael-col-1&quot;}\" data-widget_type=\"eael-post-grid.default\">\n\t\t\t\t\t<div id=\"eael-post-grid-b075a23\" class=\"eael-post-grid-container\">\n            <div class=\"eael-post-grid eael-post-appender eael-post-appender-b075a23 eael-post-grid-style-one\" data-layout-mode=\"masonry\"><article class=\"eael-grid-post  eael-post-grid-column eael-pg-post-10210 category-guate-nuestra\" data-id=\"10210\">\n        <div class=\"eael-grid-post-holder\">\n            <div class=\"eael-grid-post-holder-inner\"><div class=\"eael-entry-media\"><div class=\"eael-entry-overlay fade-in\"><i class=\"far fa-hand-pointer\" aria-hidden=\"true\"><\/i><a href=\"https:\/\/soymigrante.com\/revista\/asi-se-honran-las-tradiciones-guatemaltecas-mas-alla-de-las-fronteras-patrias\/\"><\/a><\/div><div class=\"eael-entry-thumbnail eael-image-ratio\">\n                <img decoding=\"async\" width=\"1024\" height=\"768\" src=\"https:\/\/soymigrante.com\/revista\/wp-content\/uploads\/2024\/07\/danza-jaguar-canada-7-1024x768.webp\" class=\"attachment-large size-large wp-image-7305\" alt=\"Rostro de mujer vestida con traje tradicional y casco de ciervo, mostrando la cultura ind\u00edgena en un evento al aire libre con \u00e1rboles y gente en el fondo.\" \/>\n            <\/div>\n        <\/div><div class=\"eael-entry-wrapper\"><header class=\"eael-entry-header\"><h2 class=\"eael-entry-title\"><a class=\"eael-grid-post-link\" href=\"https:\/\/soymigrante.com\/revista\/asi-se-honran-las-tradiciones-guatemaltecas-mas-alla-de-las-fronteras-patrias\/\" title=\"As\u00ed se honran las tradiciones guatemaltecas m\u00e1s all\u00e1 de las fronteras patrias\">As\u00ed se honran las tradiciones guatemaltecas m\u00e1s all\u00e1 de las fronteras patrias<\/a><\/h2><\/header><div class=\"eael-entry-content\">\n                        <div class=\"eael-grid-post-excerpt\"><a href=\"https:\/\/soymigrante.com\/revista\/asi-se-honran-las-tradiciones-guatemaltecas-mas-alla-de-las-fronteras-patrias\/\" class=\"eael-post-elements-readmore-btn\">CONOCE SU HISTORIA <\/a><\/div>\n                    <\/div><\/div><\/div>\n        <\/div>\n    <\/article><\/div>\n            <div class=\"clearfix\"><\/div>\n        <\/div>\t\t\t\t<\/div>\n\t\t\t\t\t<\/div>\n\t\t\t\t<\/div>\n\t\t<div data-particle_enable=\"false\" data-particle-mobile-disabled=\"false\" class=\"elementor-element elementor-element-8e131bf e-flex e-con-boxed e-con e-parent\" data-id=\"8e131bf\" data-element_type=\"container\" data-e-type=\"container\">\n\t\t\t\t\t<div class=\"e-con-inner\">\n\t\t\t\t<div class=\"elementor-element elementor-element-dd05e0c elementor-widget elementor-widget-text-editor\" data-id=\"dd05e0c\" data-element_type=\"widget\" data-e-type=\"widget\" data-widget_type=\"text-editor.default\">\n\t\t\t\t\t\t\t\t\t<div><strong>Sacatep\u00e9quez<\/strong><\/div><div><strong>\u2022Alotenango<\/strong> \u2013 29 de septiembre, San Miguel Arc\u00e1ngel\u00a0 \u00a0<\/div>\t\t\t\t\t\t\t\t<\/div>\n\t\t\t\t\t<\/div>\n\t\t\t\t<\/div>\n\t\t<div data-particle_enable=\"false\" data-particle-mobile-disabled=\"false\" class=\"elementor-element elementor-element-fb13f6f e-flex e-con-boxed e-con e-parent\" data-id=\"fb13f6f\" data-element_type=\"container\" data-e-type=\"container\">\n\t\t\t\t\t<div class=\"e-con-inner\">\n\t\t\t\t<div class=\"elementor-element elementor-element-0c1beb6 elementor-widget elementor-widget-text-editor\" data-id=\"0c1beb6\" data-element_type=\"widget\" data-e-type=\"widget\" data-widget_type=\"text-editor.default\">\n\t\t\t\t\t\t\t\t\t<div><strong>San Marcos<\/strong><\/div><div><strong>\u2022San Miguel Ixtahuac\u00e1n<\/strong> \u2013 29 de septiembre, San Miguel Arc\u00e1ngel\u00a0 \u00a0<\/div><div><strong>\u2022Sibinal \u2013<\/strong> 29 de septiembre, San Miguel Arc\u00e1ngel\u00a0 \u00a0<\/div><div>Celebran con procesiones, verbenas, m\u00fasica regional y feria.<\/div>\t\t\t\t\t\t\t\t<\/div>\n\t\t\t\t\t<\/div>\n\t\t\t\t<\/div>\n\t\t<div data-particle_enable=\"false\" data-particle-mobile-disabled=\"false\" class=\"elementor-element elementor-element-53b4831 e-flex e-con-boxed e-con e-parent\" data-id=\"53b4831\" data-element_type=\"container\" data-e-type=\"container\">\n\t\t\t\t\t<div class=\"e-con-inner\">\n\t\t\t\t<div class=\"elementor-element elementor-element-47ee749 elementor-widget elementor-widget-text-editor\" data-id=\"47ee749\" data-element_type=\"widget\" data-e-type=\"widget\" data-widget_type=\"text-editor.default\">\n\t\t\t\t\t\t\t\t\t<div><strong>Suchitep\u00e9quez<\/strong><\/div><div><strong>\u2022San Miguel Pan\u00e1n<\/strong> \u2013 29 de septiembre, San Miguel Arc\u00e1ngel\u00a0 \u00a0<\/div><div>Actividades religiosas, feria, concursos, m\u00fasica y comida t\u00edpica.<\/div>\t\t\t\t\t\t\t\t<\/div>\n\t\t\t\t\t<\/div>\n\t\t\t\t<\/div>\n\t\t<div data-particle_enable=\"false\" data-particle-mobile-disabled=\"false\" class=\"elementor-element elementor-element-3e383bf e-flex e-con-boxed e-con e-parent\" data-id=\"3e383bf\" data-element_type=\"container\" data-e-type=\"container\">\n\t\t\t\t\t<div class=\"e-con-inner\">\n\t\t\t\t<div class=\"elementor-element elementor-element-e25f0ed elementor-widget elementor-widget-text-editor\" data-id=\"e25f0ed\" data-element_type=\"widget\" data-e-type=\"widget\" data-widget_type=\"text-editor.default\">\n\t\t\t\t\t\t\t\t\t<div><strong>Totonicap\u00e1n<\/strong><\/div><div><strong>\u2022Totonicap\u00e1n<\/strong> \u2013 29 de septiembre, San Miguel Arc\u00e1ngel\u00a0 \u00a0<\/div>\t\t\t\t\t\t\t\t<\/div>\n\t\t\t\t\t<\/div>\n\t\t\t\t<\/div>\n\t\t<div data-particle_enable=\"false\" data-particle-mobile-disabled=\"false\" class=\"elementor-element elementor-element-53d6784 e-flex e-con-boxed e-con e-parent\" data-id=\"53d6784\" data-element_type=\"container\" data-e-type=\"container\">\n\t\t\t\t\t<div class=\"e-con-inner\">\n\t\t\t\t<div class=\"elementor-element elementor-element-0bbd5e1 elementor-grid-eael-col-1 elementor-grid-tablet-eael-col-2 elementor-grid-mobile-eael-col-1 elementor-invisible elementor-widget elementor-widget-eael-post-grid\" data-id=\"0bbd5e1\" data-element_type=\"widget\" data-e-type=\"widget\" data-settings=\"{&quot;eael_post_grid_columns&quot;:&quot;eael-col-1&quot;,&quot;_animation&quot;:&quot;rollIn&quot;,&quot;eael_post_grid_columns_tablet&quot;:&quot;eael-col-2&quot;,&quot;eael_post_grid_columns_mobile&quot;:&quot;eael-col-1&quot;}\" data-widget_type=\"eael-post-grid.default\">\n\t\t\t\t\t<div id=\"eael-post-grid-0bbd5e1\" class=\"eael-post-grid-container\">\n            <div class=\"eael-post-grid eael-post-appender eael-post-appender-0bbd5e1 eael-post-grid-style-one\" data-layout-mode=\"masonry\"><article class=\"eael-grid-post  eael-post-grid-column eael-pg-post-2449 category-guate-nuestra tags-danzas-de-guatemala\" data-id=\"2449\">\n        <div class=\"eael-grid-post-holder\">\n            <div class=\"eael-grid-post-holder-inner\"><div class=\"eael-entry-media\"><div class=\"eael-entry-overlay fade-in\"><i class=\"far fa-hand-pointer\" aria-hidden=\"true\"><\/i><a href=\"https:\/\/soymigrante.com\/revista\/danza-guatemala-el-ancestral-baile-del-venado\/\"><\/a><\/div><div class=\"eael-entry-thumbnail eael-image-ratio\">\n                <img loading=\"lazy\" decoding=\"async\" width=\"1024\" height=\"683\" src=\"https:\/\/soymigrante.com\/revista\/wp-content\/uploads\/2023\/09\/DANZA-DEL-VENADO-CUNEN-QUICHE-1024x683.webp\" class=\"attachment-large size-large wp-image-2450\" alt=\"DANZA DEL VENADO CUNEN QUICHE\" srcset=\"https:\/\/soymigrante.com\/revista\/wp-content\/uploads\/2023\/09\/DANZA-DEL-VENADO-CUNEN-QUICHE-1024x683.webp 1024w, https:\/\/soymigrante.com\/revista\/wp-content\/uploads\/2023\/09\/DANZA-DEL-VENADO-CUNEN-QUICHE-300x200.webp 300w, https:\/\/soymigrante.com\/revista\/wp-content\/uploads\/2023\/09\/DANZA-DEL-VENADO-CUNEN-QUICHE-768x512.webp 768w, https:\/\/soymigrante.com\/revista\/wp-content\/uploads\/2023\/09\/DANZA-DEL-VENADO-CUNEN-QUICHE-1536x1024.webp 1536w, https:\/\/soymigrante.com\/revista\/wp-content\/uploads\/2023\/09\/DANZA-DEL-VENADO-CUNEN-QUICHE-750x500.webp 750w, https:\/\/soymigrante.com\/revista\/wp-content\/uploads\/2023\/09\/DANZA-DEL-VENADO-CUNEN-QUICHE-1140x760.webp 1140w, https:\/\/soymigrante.com\/revista\/wp-content\/uploads\/2023\/09\/DANZA-DEL-VENADO-CUNEN-QUICHE-600x400.webp 600w, https:\/\/soymigrante.com\/revista\/wp-content\/uploads\/2023\/09\/DANZA-DEL-VENADO-CUNEN-QUICHE.webp 1920w\" sizes=\"(max-width: 1024px) 100vw, 1024px\" \/>\n            <\/div>\n        <\/div><div class=\"eael-entry-wrapper\"><header class=\"eael-entry-header\"><h2 class=\"eael-entry-title\"><a class=\"eael-grid-post-link\" href=\"https:\/\/soymigrante.com\/revista\/danza-guatemala-el-ancestral-baile-del-venado\/\" title=\"Danzas de Guatemala: El  Baile del Venado est\u00e1 en la memoria de muchos migrantes.\">Danzas de Guatemala: El  Baile del Venado est\u00e1 en la memoria de muchos migrantes.<\/a><\/h2><\/header><div class=\"eael-entry-content\">\n                        <div class=\"eael-grid-post-excerpt\"><a href=\"https:\/\/soymigrante.com\/revista\/danza-guatemala-el-ancestral-baile-del-venado\/\" class=\"eael-post-elements-readmore-btn\">CONOCE SU HISTORIA <\/a><\/div>\n                    <\/div><\/div><\/div>\n        <\/div>\n    <\/article><\/div>\n            <div class=\"clearfix\"><\/div>\n        <\/div>\t\t\t\t<\/div>\n\t\t\t\t\t<\/div>\n\t\t\t\t<\/div>\n\t\t<div data-particle_enable=\"false\" data-particle-mobile-disabled=\"false\" class=\"elementor-element elementor-element-2469f8a e-flex e-con-boxed e-con e-parent\" data-id=\"2469f8a\" data-element_type=\"container\" data-e-type=\"container\">\n\t\t\t\t\t<div class=\"e-con-inner\">\n\t\t\t\t<div class=\"elementor-element elementor-element-1131cc7 elementor-widget elementor-widget-heading\" data-id=\"1131cc7\" data-element_type=\"widget\" data-e-type=\"widget\" data-widget_type=\"heading.default\">\n\t\t\t\t\t<h3 class=\"elementor-heading-title elementor-size-default\">M\u00e1s que religi\u00f3n: identidad comunitaria<\/h3>\t\t\t\t<\/div>\n\t\t\t\t\t<\/div>\n\t\t\t\t<\/div>\n\t\t<div data-particle_enable=\"false\" data-particle-mobile-disabled=\"false\" class=\"elementor-element elementor-element-473f26a e-flex e-con-boxed e-con e-parent\" data-id=\"473f26a\" data-element_type=\"container\" data-e-type=\"container\">\n\t\t\t\t\t<div class=\"e-con-inner\">\n\t\t\t\t<div class=\"elementor-element elementor-element-7c962e0 elementor-widget elementor-widget-text-editor\" data-id=\"7c962e0\" data-element_type=\"widget\" data-e-type=\"widget\" data-widget_type=\"text-editor.default\">\n\t\t\t\t\t\t\t\t\t<p><a href=\"https:\/\/soymigrante.com\/revista\/fiestas-patronales-en-guatemala-busque-su-municipio\/\" target=\"_blank\" rel=\"noopener\">Estas fiestas no solo son actos religiosos, sino manifestaciones de una identidad colectiva.<\/a> Re\u00fanen a migrantes que vuelven a sus pueblos, a artesanos que venden sus productos y a m\u00fasicos que dan vida a las plazas. Son tambi\u00e9n momentos de reflexi\u00f3n, reencuentro y orgullo por las ra\u00edces.<\/p><p>Guatemala vive septiembre con una mezcla de patriotismo e identidad local, y estas fiestas patronales reafirman el valor de lo que somos como pa\u00eds: un pueblo devoto, alegre y profundamente conectado con su herencia cultural.<\/p>\t\t\t\t\t\t\t\t<\/div>\n\t\t\t\t\t<\/div>\n\t\t\t\t<\/div>\n\t\t<div data-particle_enable=\"false\" data-particle-mobile-disabled=\"false\" class=\"elementor-element elementor-element-23b4a72 e-flex e-con-boxed e-con e-parent\" data-id=\"23b4a72\" data-element_type=\"container\" data-e-type=\"container\">\n\t\t\t\t\t<div class=\"e-con-inner\">\n\t\t\t\t<div class=\"elementor-element elementor-element-a8c236b elementor-widget elementor-widget-heading\" data-id=\"a8c236b\" data-element_type=\"widget\" data-e-type=\"widget\" data-widget_type=\"heading.default\">\n\t\t\t\t\t<h2 class=\"elementor-heading-title elementor-size-default\">Conoce m\u00e1s informaci\u00f3n de las fiestas...<\/h2>\t\t\t\t<\/div>\n\t\t\t\t\t<\/div>\n\t\t\t\t<\/div>\n\t\t<div data-particle_enable=\"false\" data-particle-mobile-disabled=\"false\" class=\"elementor-element elementor-element-b3f4ef8 e-flex e-con-boxed e-con e-parent\" data-id=\"b3f4ef8\" data-element_type=\"container\" data-e-type=\"container\">\n\t\t\t\t\t<div class=\"e-con-inner\">\n\t\t\t\t<div class=\"elementor-element elementor-element-ce04b75 elementor-grid-eael-col-3 elementor-grid-tablet-eael-col-2 elementor-grid-mobile-eael-col-1 elementor-invisible elementor-widget elementor-widget-eael-post-grid\" data-id=\"ce04b75\" data-element_type=\"widget\" data-e-type=\"widget\" data-settings=\"{&quot;eael_post_grid_columns&quot;:&quot;eael-col-3&quot;,&quot;_animation&quot;:&quot;rollIn&quot;,&quot;eael_post_grid_columns_tablet&quot;:&quot;eael-col-2&quot;,&quot;eael_post_grid_columns_mobile&quot;:&quot;eael-col-1&quot;}\" data-widget_type=\"eael-post-grid.default\">\n\t\t\t\t\t<div id=\"eael-post-grid-ce04b75\" class=\"eael-post-grid-container\">\n            <div class=\"eael-post-grid eael-post-appender eael-post-appender-ce04b75 eael-post-grid-style-one\" data-layout-mode=\"masonry\"><article class=\"eael-grid-post  eael-post-grid-column eael-pg-post-15280 category-guate-nuestra tags-calendario-de-ferias\" data-id=\"15280\">\n        <div class=\"eael-grid-post-holder\">\n            <div class=\"eael-grid-post-holder-inner\"><div class=\"eael-entry-media\"><div class=\"eael-entry-overlay fade-in\"><i class=\"far fa-hand-pointer\" aria-hidden=\"true\"><\/i><a href=\"https:\/\/soymigrante.com\/revista\/municipios-de-guatemala-cuya-fiesta-patronal-es-la-virgen-de-concepcion\/\"><\/a><\/div><div class=\"eael-entry-thumbnail \">\n                <img loading=\"lazy\" decoding=\"async\" width=\"631\" height=\"631\" src=\"https:\/\/soymigrante.com\/revista\/wp-content\/uploads\/2024\/12\/virgen-de-concepcion-2.jpg\" class=\"attachment-large size-large wp-image-15338\" alt=\"L\u00e1ser de confeti de colores en la celebraci\u00f3n de Semana Santa con figuras religiosas en una procesi\u00f3n tradicional.\" srcset=\"https:\/\/soymigrante.com\/revista\/wp-content\/uploads\/2024\/12\/virgen-de-concepcion-2.jpg 631w, https:\/\/soymigrante.com\/revista\/wp-content\/uploads\/2024\/12\/virgen-de-concepcion-2-300x300.jpg 300w, https:\/\/soymigrante.com\/revista\/wp-content\/uploads\/2024\/12\/virgen-de-concepcion-2-150x150.jpg 150w, https:\/\/soymigrante.com\/revista\/wp-content\/uploads\/2024\/12\/virgen-de-concepcion-2-75x75.jpg 75w\" sizes=\"(max-width: 631px) 100vw, 631px\" \/>\n            <\/div>\n        <\/div><div class=\"eael-entry-wrapper\"><header class=\"eael-entry-header\"><h2 class=\"eael-entry-title\"><a class=\"eael-grid-post-link\" href=\"https:\/\/soymigrante.com\/revista\/municipios-de-guatemala-cuya-fiesta-patronal-es-la-virgen-de-concepcion\/\" title=\"Municipios cuya fiesta patronal es la Virgen de Concepci\u00f3n en diciembre\">Municipios cuya fiesta patronal es la Virgen de Concepci\u00f3n en diciembre<\/a><\/h2><\/header><div class=\"eael-entry-content\">\n                        <div class=\"eael-grid-post-excerpt\"><a href=\"https:\/\/soymigrante.com\/revista\/municipios-de-guatemala-cuya-fiesta-patronal-es-la-virgen-de-concepcion\/\" class=\"eael-post-elements-readmore-btn\">CONOCE SU HISTORIA <\/a><\/div>\n                    <\/div><\/div><\/div>\n        <\/div>\n    <\/article><article class=\"eael-grid-post  eael-post-grid-column eael-pg-post-35765 category-guate-nuestra tags-calendario-de-ferias\" data-id=\"35765\">\n        <div class=\"eael-grid-post-holder\">\n            <div class=\"eael-grid-post-holder-inner\"><div class=\"eael-entry-media\"><div class=\"eael-entry-overlay fade-in\"><i class=\"far fa-hand-pointer\" aria-hidden=\"true\"><\/i><a href=\"https:\/\/soymigrante.com\/revista\/fiestas-patronales-en-guatemala-durante-agosto\/\"><\/a><\/div><div class=\"eael-entry-thumbnail \">\n                <img loading=\"lazy\" decoding=\"async\" width=\"474\" height=\"237\" src=\"https:\/\/soymigrante.com\/revista\/wp-content\/uploads\/2025\/06\/Fiestas-patronales-agosto-e1749237604591.webp\" class=\"attachment-large size-large wp-image-35766\" alt=\"Espect\u00e1culo nocturno en feria con luces y atracciones, reflejo en una estructura met\u00e1lica gigante que ilumina el evento.\" \/>\n            <\/div>\n        <\/div><div class=\"eael-entry-wrapper\"><header class=\"eael-entry-header\"><h2 class=\"eael-entry-title\"><a class=\"eael-grid-post-link\" href=\"https:\/\/soymigrante.com\/revista\/fiestas-patronales-en-guatemala-durante-agosto\/\" title=\"Ferias patronales en Guatemala durante agosto\">Ferias patronales en Guatemala durante agosto<\/a><\/h2><\/header><div class=\"eael-entry-content\">\n                        <div class=\"eael-grid-post-excerpt\"><a href=\"https:\/\/soymigrante.com\/revista\/fiestas-patronales-en-guatemala-durante-agosto\/\" class=\"eael-post-elements-readmore-btn\">CONOCE SU HISTORIA <\/a><\/div>\n                    <\/div><\/div><\/div>\n        <\/div>\n    <\/article><article class=\"eael-grid-post  eael-post-grid-column eael-pg-post-34781 category-guate-nuestra tags-calendario-de-ferias\" data-id=\"34781\">\n        <div class=\"eael-grid-post-holder\">\n            <div class=\"eael-grid-post-holder-inner\"><div class=\"eael-entry-media\"><div class=\"eael-entry-overlay fade-in\"><i class=\"far fa-hand-pointer\" aria-hidden=\"true\"><\/i><a href=\"https:\/\/soymigrante.com\/revista\/fiestas-patronales-en-julio-estas-son-las-celebraciones-guatemala\/\"><\/a><\/div><div class=\"eael-entry-thumbnail \">\n                <img loading=\"lazy\" decoding=\"async\" width=\"504\" height=\"504\" src=\"https:\/\/soymigrante.com\/revista\/wp-content\/uploads\/2025\/05\/FIestas-patronales-e1748456171528.webp\" class=\"attachment-large size-large wp-image-34782\" alt=\"FIestas patronales Guatemala\" srcset=\"https:\/\/soymigrante.com\/revista\/wp-content\/uploads\/2025\/05\/FIestas-patronales-e1748456171528.webp 504w, https:\/\/soymigrante.com\/revista\/wp-content\/uploads\/2025\/05\/FIestas-patronales-e1748456171528-300x300.jpg 300w, https:\/\/soymigrante.com\/revista\/wp-content\/uploads\/2025\/05\/FIestas-patronales-e1748456171528-150x150.jpg 150w, https:\/\/soymigrante.com\/revista\/wp-content\/uploads\/2025\/05\/FIestas-patronales-e1748456171528-75x75.webp 75w\" sizes=\"(max-width: 504px) 100vw, 504px\" \/>\n            <\/div>\n        <\/div><div class=\"eael-entry-wrapper\"><header class=\"eael-entry-header\"><h2 class=\"eael-entry-title\"><a class=\"eael-grid-post-link\" href=\"https:\/\/soymigrante.com\/revista\/fiestas-patronales-en-julio-estas-son-las-celebraciones-guatemala\/\" title=\"Ferias patronales en Guatemala durante el mes de julio\">Ferias patronales en Guatemala durante el mes de julio<\/a><\/h2><\/header><div class=\"eael-entry-content\">\n                        <div class=\"eael-grid-post-excerpt\"><a href=\"https:\/\/soymigrante.com\/revista\/fiestas-patronales-en-julio-estas-son-las-celebraciones-guatemala\/\" class=\"eael-post-elements-readmore-btn\">CONOCE SU HISTORIA <\/a><\/div>\n                    <\/div><\/div><\/div>\n        <\/div>\n    <\/article><\/div>\n            <div class=\"clearfix\"><\/div>\n        <\/div>\t\t\t\t<\/div>\n\t\t\t\t\t<\/div>\n\t\t\t\t<\/div>\n\t\t\t\t<\/div>\n\t\t","protected":false},"excerpt":{"rendered":"<p>Septiembre se llena de fe y tradici\u00f3n con las fiestas patronales de Guatemala. Aunque septiembre es conocido como el mes patrio por excelencia, en muchos rincones de Guatemala tambi\u00e9n es un tiempo de fervor religioso, alegr\u00eda comunitaria y tradiciones centenarias. Diversos municipios del pa\u00eds celebran en este mes sus fiestas patronales, en honor a santos [&hellip;]<\/p>\n","protected":false},"author":19,"featured_media":34782,"comment_status":"open","ping_status":"open","sticky":false,"template":"","format":"standard","meta":{"_acf_changed":false,"_eb_attr":"","footnotes":""},"categories":[58],"tags":[272],"class_list":["post-38178","post","type-post","status-publish","format-standard","has-post-thumbnail","hentry","category-guate-nuestra","tag-calendario-de-ferias"],"acf":[],"aioseo_notices":[],"aioseo_head":"\n\t\t<!-- All in One SEO Pro 4.9.6.2 - aioseo.com -->\n\t<meta name=\"description\" content=\"Festejos sociales, c\u00edvicos, religiosos y deportivos durante el mes de julio en municipios de Guatemala. Hay muchas fiestas dedicadas al apostol Santiago.\" \/>\n\t<meta name=\"robots\" content=\"max-snippet:-1, max-image-preview:large, max-video-preview:-1\" \/>\n\t<meta name=\"author\" content=\"Marysabel Aldana\"\/>\n\t<link rel=\"canonical\" href=\"https:\/\/soymigrante.com\/revista\/fiestas-patronales-en-julio-estas-son-las-celebraciones-guatemala\/\" \/>\n\t<meta name=\"generator\" content=\"All in One SEO Pro (AIOSEO) 4.9.6.2\" \/>\n\n\t\t<link rel=\"preconnect\" href=\"https:\/\/fonts.googleapis.com\" crossorigin>\n<link rel=\"preconnect\" href=\"https:\/\/fonts.gstatic.com\" crossorigin>\n\t\t<meta property=\"og:locale\" content=\"es_ES\" \/>\n\t\t<meta property=\"og:site_name\" content=\"SoyMigrante.com REVISTA \u2013 Nuestra misi\u00f3n es reconocer y dignificar al migrante.\" \/>\n\t\t<meta property=\"og:type\" content=\"article\" \/>\n\t\t<meta property=\"og:title\" content=\"Fiestas patronales de municipios de Guatemala en Julio.\" \/>\n\t\t<meta property=\"og:description\" content=\"Festejos sociales, c\u00edvicos, religiosos y deportivos durante el mes de julio en municipios de Guatemala. Hay muchas fiestas dedicadas al apostol Santiago.\" \/>\n\t\t<meta property=\"og:url\" content=\"https:\/\/soymigrante.com\/revista\/fiestas-patronales-en-julio-estas-son-las-celebraciones-guatemala\/\" \/>\n\t\t<meta property=\"og:image\" content=\"https:\/\/soymigrante.com\/revista\/wp-content\/uploads\/2025\/05\/FIestas-patronales-e1748456171528.webp\" \/>\n\t\t<meta property=\"og:image:secure_url\" content=\"https:\/\/soymigrante.com\/revista\/wp-content\/uploads\/2025\/05\/FIestas-patronales-e1748456171528.webp\" \/>\n\t\t<meta property=\"og:image:width\" content=\"504\" \/>\n\t\t<meta property=\"og:image:height\" content=\"504\" \/>\n\t\t<meta property=\"article:published_time\" content=\"2025-05-28T18:27:41+00:00\" \/>\n\t\t<meta property=\"article:modified_time\" content=\"2025-09-15T23:36:38+00:00\" \/>\n\t\t<meta property=\"article:publisher\" content=\"https:\/\/www.facebook.com\/soymigrantecom\" \/>\n\t\t<meta name=\"twitter:card\" content=\"summary_large_image\" \/>\n\t\t<meta name=\"twitter:site\" content=\"@SoyMigrante_com\" \/>\n\t\t<meta name=\"twitter:title\" content=\"Fiestas patronales de municipios de Guatemala en Julio.\" \/>\n\t\t<meta name=\"twitter:description\" content=\"Festejos sociales, c\u00edvicos, religiosos y deportivos durante el mes de julio en municipios de Guatemala. Hay muchas fiestas dedicadas al apostol Santiago.\" \/>\n\t\t<meta name=\"twitter:creator\" content=\"@SoyMigrante_com\" \/>\n\t\t<meta name=\"twitter:image\" content=\"https:\/\/soymigrante.com\/revista\/wp-content\/uploads\/2025\/05\/FIestas-patronales-e1748456171528.webp\" \/>\n\t\t<!-- All in One SEO Pro -->\r\n\t\t<title>Fiestas patronales de municipios de Guatemala en Julio.<\/title>\n\n","aioseo_head_json":{"title":"Fiestas patronales de municipios de Guatemala en Julio.","description":"Festejos sociales, c\u00edvicos, religiosos y deportivos durante el mes de julio en municipios de Guatemala. Hay muchas fiestas dedicadas al apostol Santiago.","canonical_url":"https:\/\/soymigrante.com\/revista\/fiestas-patronales-en-julio-estas-son-las-celebraciones-guatemala\/","robots":"max-snippet:-1, max-image-preview:large, max-video-preview:-1","keywords":"","webmasterTools":{"miscellaneous":"&lt;link rel=\"preconnect\" href=\"https:\/\/fonts.googleapis.com\" crossorigin&gt;\n&lt;link rel=\"preconnect\" href=\"https:\/\/fonts.gstatic.com\" crossorigin&gt;"},"schema":null,"og:locale":"es_ES","og:site_name":"SoyMigrante.com REVISTA \u2013 Nuestra misi\u00f3n es reconocer y dignificar al migrante.","og:type":"article","og:title":"Fiestas patronales de municipios de Guatemala en Julio.","og:description":"Festejos sociales, c\u00edvicos, religiosos y deportivos durante el mes de julio en municipios de Guatemala. Hay muchas fiestas dedicadas al apostol Santiago.","og:url":"https:\/\/soymigrante.com\/revista\/fiestas-patronales-en-julio-estas-son-las-celebraciones-guatemala\/","og:image":"https:\/\/soymigrante.com\/revista\/wp-content\/uploads\/2025\/05\/FIestas-patronales-e1748456171528.webp","og:image:secure_url":"https:\/\/soymigrante.com\/revista\/wp-content\/uploads\/2025\/05\/FIestas-patronales-e1748456171528.webp","og:image:width":504,"og:image:height":504,"article:published_time":"2025-05-28T18:27:41+00:00","article:modified_time":"2025-09-15T23:36:38+00:00","article:publisher":"https:\/\/www.facebook.com\/soymigrantecom","twitter:card":"summary_large_image","twitter:site":"@SoyMigrante_com","twitter:title":"Fiestas patronales de municipios de Guatemala en Julio.","twitter:description":"Festejos sociales, c\u00edvicos, religiosos y deportivos durante el mes de julio en municipios de Guatemala. Hay muchas fiestas dedicadas al apostol Santiago.","twitter:creator":"@SoyMigrante_com","twitter:image":"https:\/\/soymigrante.com\/revista\/wp-content\/uploads\/2025\/05\/FIestas-patronales-e1748456171528.webp"},"aioseo_meta_data":{"post_id":"38178","title":"#post_title","description":"Septiembre se llena de fe y tradici\u00f3n con las fiestas patronales de Guatemala.","keywords":null,"keyphrases":{"focus":{"keyphrase":"Guatemala","score":100,"analysis":{"keyphraseInTitle":{"score":9,"maxScore":9,"error":0},"keyphraseInDescription":{"score":9,"maxScore":9,"error":0},"keyphraseLength":{"score":9,"maxScore":9,"error":0,"length":1},"keyphraseInURL":{"score":5,"maxScore":5,"error":0},"keyphraseInIntroduction":{"score":9,"maxScore":9,"error":0},"keyphraseInSubHeadings":{"score":9,"maxScore":9,"error":0},"keyphraseInImageAlt":{"score":9,"maxScore":9,"error":0},"keywordDensity":{"type":"best","score":9,"maxScore":9,"error":0}}},"additional":[{"keyphrase":"fiestas patronales","score":100,"analysis":{"keyphraseInDescription":{"score":9,"maxScore":9,"error":0},"keyphraseLength":{"score":9,"maxScore":9,"error":0,"length":2},"keyphraseInIntroduction":{"score":9,"maxScore":9,"error":0},"keyphraseInImageAlt":{"score":9,"maxScore":9,"error":0},"keywordDensity":{"type":"best","score":9,"maxScore":9,"error":0}}}]},"primary_term":null,"canonical_url":null,"og_title":null,"og_description":null,"og_object_type":"default","og_image_type":"default","og_image_url":null,"og_image_width":null,"og_image_height":null,"og_image_custom_url":null,"og_image_custom_fields":null,"og_video":"","og_custom_url":null,"og_article_section":null,"og_article_tags":null,"twitter_use_og":false,"twitter_card":"default","twitter_image_type":"default","twitter_image_url":null,"twitter_image_custom_url":null,"twitter_image_custom_fields":null,"twitter_title":null,"twitter_description":null,"schema":{"blockGraphs":[],"customGraphs":[],"default":{"data":{"Article":[],"Course":[],"Dataset":[],"FAQPage":[],"Movie":[],"Person":[],"Product":[],"ProductReview":[],"Car":[],"Recipe":[],"Service":[],"SoftwareApplication":[],"WebPage":[]},"graphName":"none","isEnabled":true},"graphs":[]},"schema_type":"default","schema_type_options":null,"pillar_content":false,"robots_default":true,"robots_noindex":false,"robots_noarchive":false,"robots_nosnippet":false,"robots_nofollow":false,"robots_noimageindex":false,"robots_noodp":false,"robots_notranslate":false,"robots_max_snippet":"-1","robots_max_videopreview":"-1","robots_max_imagepreview":"large","priority":null,"frequency":"default","local_seo":null,"seo_analyzer_scan_date":"2025-10-09 06:21:33","breadcrumb_settings":null,"limit_modified_date":false,"reviewed_by":"0","open_ai":null,"ai":{"faqs":[],"keyPoints":[],"titles":[],"descriptions":[],"socialPosts":{"email":[],"linkedin":[],"twitter":[],"facebook":[],"instagram":[]}},"created":"2025-07-01 19:28:04","updated":"2026-02-05 01:27:11"},"aioseo_breadcrumb":"<div class=\"aioseo-breadcrumbs\"><span class=\"aioseo-breadcrumb\">\n\t<a href=\"https:\/\/soymigrante.com\/revista\" title=\"Home\">Home<\/a>\n<\/span><span class=\"aioseo-breadcrumb-separator\">\u00bb<\/span><span class=\"aioseo-breadcrumb\">\n\t<a href=\"https:\/\/soymigrante.com\/revista\/category\/guate-nuestra\/\" title=\"Guate Nuestra\">Guate Nuestra<\/a>\n<\/span><span class=\"aioseo-breadcrumb-separator\">\u00bb<\/span><span class=\"aioseo-breadcrumb\">\n\tFerias patronales en Guatemala durante septiembre\n<\/span><\/div>","aioseo_breadcrumb_json":[{"label":"Home","link":"https:\/\/soymigrante.com\/revista"},{"label":"Guate Nuestra","link":"https:\/\/soymigrante.com\/revista\/category\/guate-nuestra\/"},{"label":"Ferias patronales en Guatemala durante septiembre","link":"https:\/\/soymigrante.com\/revista\/fiestas-patronales-de-septiembre-en-municipios-de-guatemala\/"}],"_links":{"self":[{"href":"https:\/\/soymigrante.com\/revista\/wp-json\/wp\/v2\/posts\/38178","targetHints":{"allow":["GET"]}}],"collection":[{"href":"https:\/\/soymigrante.com\/revista\/wp-json\/wp\/v2\/posts"}],"about":[{"href":"https:\/\/soymigrante.com\/revista\/wp-json\/wp\/v2\/types\/post"}],"author":[{"embeddable":true,"href":"https:\/\/soymigrante.com\/revista\/wp-json\/wp\/v2\/users\/19"}],"replies":[{"embeddable":true,"href":"https:\/\/soymigrante.com\/revista\/wp-json\/wp\/v2\/comments?post=38178"}],"version-history":[{"count":15,"href":"https:\/\/soymigrante.com\/revista\/wp-json\/wp\/v2\/posts\/38178\/revisions"}],"predecessor-version":[{"id":42982,"href":"https:\/\/soymigrante.com\/revista\/wp-json\/wp\/v2\/posts\/38178\/revisions\/42982"}],"wp:featuredmedia":[{"embeddable":true,"href":"https:\/\/soymigrante.com\/revista\/wp-json\/wp\/v2\/media\/34782"}],"wp:attachment":[{"href":"https:\/\/soymigrante.com\/revista\/wp-json\/wp\/v2\/media?parent=38178"}],"wp:term":[{"taxonomy":"category","embeddable":true,"href":"https:\/\/soymigrante.com\/revista\/wp-json\/wp\/v2\/categories?post=38178"},{"taxonomy":"post_tag","embeddable":true,"href":"https:\/\/soymigrante.com\/revista\/wp-json\/wp\/v2\/tags?post=38178"}],"curies":[{"name":"wp","href":"https:\/\/api.w.org\/{rel}","templated":true}]}}