{"id":38171,"date":"2025-07-02T07:00:00","date_gmt":"2025-07-02T13:00:00","guid":{"rendered":"https:\/\/soymigrante.com\/revista\/?p=38171"},"modified":"2025-07-01T23:47:12","modified_gmt":"2025-07-02T05:47:12","slug":"asi-obtuvo-guatemala-el-cuarto-lugar-en-la-copa-oro-1996-videos-historicos","status":"publish","type":"post","link":"https:\/\/soymigrante.com\/revista\/asi-obtuvo-guatemala-el-cuarto-lugar-en-la-copa-oro-1996-videos-historicos\/","title":{"rendered":"As\u00ed obtuvo Guatemala el cuarto lugar en la Copa Oro 1996: videos hist\u00f3ricos"},"content":{"rendered":"\t\t<div data-elementor-type=\"wp-post\" data-elementor-id=\"38171\" class=\"elementor elementor-38171\" data-elementor-post-type=\"post\">\n\t\t\t\t<div data-particle_enable=\"false\" data-particle-mobile-disabled=\"false\" class=\"elementor-element elementor-element-693ae3f e-flex e-con-boxed e-con e-parent\" data-id=\"693ae3f\" data-element_type=\"container\" data-e-type=\"container\">\n\t\t\t\t\t<div class=\"e-con-inner\">\n\t\t\t\t<div class=\"elementor-element elementor-element-f00ade5 elementor-widget elementor-widget-heading\" data-id=\"f00ade5\" data-element_type=\"widget\" data-e-type=\"widget\" data-widget_type=\"heading.default\">\n\t\t\t\t\t<h2 class=\"elementor-heading-title elementor-size-default\">Guatemala estar\u00e1 de nuevo en la semifinal de la Copa Oro, luego de 29 a\u00f1os el sue\u00f1o vuelve a surgir.\n<\/h2>\t\t\t\t<\/div>\n\t\t\t\t\t<\/div>\n\t\t\t\t<\/div>\n\t\t<div data-particle_enable=\"false\" data-particle-mobile-disabled=\"false\" class=\"elementor-element elementor-element-10ed246 e-flex e-con-boxed e-con e-parent\" data-id=\"10ed246\" data-element_type=\"container\" data-e-type=\"container\">\n\t\t\t\t\t<div class=\"e-con-inner\">\n\t\t\t\t<div class=\"elementor-element elementor-element-f5693b5 elementor-widget elementor-widget-text-editor\" data-id=\"f5693b5\" data-element_type=\"widget\" data-e-type=\"widget\" data-widget_type=\"text-editor.default\">\n\t\t\t\t\t\t\t\t\t<p><a href=\"https:\/\/soymigrante.com\/revista\/lloramos-reimos-gritamos-migrante-relata-triunfo-de-la-seleccion-sobre-canada-video\/\" target=\"_blank\" rel=\"noopener\">La emoci\u00f3n ha vuelto a apoderarse del coraz\u00f3n de los guatemaltecos<\/a>. Tras 29 a\u00f1os de espera, la Selecci\u00f3n Nacional de Guatemala regresa a una semifinal de la Copa Oro, algo que no ocurr\u00eda desde la hist\u00f3rica edici\u00f3n de 1996.<\/p><p>Aquel a\u00f1o, la Azul y Blanco logr\u00f3 una de sus gestas m\u00e1s memorables. Qued\u00f3 en cuarto lugar. Ahora, en la Copa Oro 2025, revive esa ilusi\u00f3n con una nueva generaci\u00f3n que hace so\u00f1ar al pa\u00eds entero.<\/p>\t\t\t\t\t\t\t\t<\/div>\n\t\t\t\t\t<\/div>\n\t\t\t\t<\/div>\n\t\t<div data-particle_enable=\"false\" data-particle-mobile-disabled=\"false\" class=\"elementor-element elementor-element-10a3dfd e-flex e-con-boxed e-con e-parent\" data-id=\"10a3dfd\" data-element_type=\"container\" data-e-type=\"container\">\n\t\t\t\t\t<div class=\"e-con-inner\">\n\t\t\t\t<div class=\"elementor-element elementor-element-703ccf5 elementor-widget elementor-widget-video\" data-id=\"703ccf5\" data-element_type=\"widget\" data-e-type=\"widget\" data-settings=\"{&quot;youtube_url&quot;:&quot;https:\\\/\\\/www.youtube.com\\\/watch?v=AAcs4u64J5w&quot;,&quot;video_type&quot;:&quot;youtube&quot;,&quot;controls&quot;:&quot;yes&quot;}\" data-widget_type=\"video.default\">\n\t\t\t\t\t\t\t<div class=\"elementor-wrapper elementor-open-inline\">\n\t\t\t<div class=\"elementor-video\"><\/div>\t\t<\/div>\n\t\t\t\t\t\t<\/div>\n\t\t\t\t\t<\/div>\n\t\t\t\t<\/div>\n\t\t<div data-particle_enable=\"false\" data-particle-mobile-disabled=\"false\" class=\"elementor-element elementor-element-6b64868 e-flex e-con-boxed e-con e-parent\" data-id=\"6b64868\" data-element_type=\"container\" data-e-type=\"container\">\n\t\t\t\t\t<div class=\"e-con-inner\">\n\t\t\t\t<div class=\"elementor-element elementor-element-903fbaa elementor-widget elementor-widget-text-editor\" data-id=\"903fbaa\" data-element_type=\"widget\" data-e-type=\"widget\" data-widget_type=\"text-editor.default\">\n\t\t\t\t\t\t\t\t\t<p>Vale recordar que en aquel 1996, se logr\u00f3 avanzar con solo una victoria, debido al formato que entonces ten\u00eda el torneo. En la fase de grupos, Guatemala perdi\u00f3 contra M\u00e9xico 0-1.\u00a0 Despu\u00e9s, la bicolor gole\u00f3 3-0 a San Vicente y las Granadinas, con goles de Mem\u00edn Funes, Edwin Westphal y Mart\u00edn Mach\u00f3n. Con este triunfo pudieron avanzar como mejor segundo lugar entre tres grupos.\u00a0<\/p>\t\t\t\t\t\t\t\t<\/div>\n\t\t\t\t\t<\/div>\n\t\t\t\t<\/div>\n\t\t<div data-particle_enable=\"false\" data-particle-mobile-disabled=\"false\" class=\"elementor-element elementor-element-27de65c e-flex e-con-boxed e-con e-parent\" data-id=\"27de65c\" data-element_type=\"container\" data-e-type=\"container\">\n\t\t\t\t\t<div class=\"e-con-inner\">\n\t\t\t\t<div class=\"elementor-element elementor-element-8a143ac elementor-widget elementor-widget-video\" data-id=\"8a143ac\" data-element_type=\"widget\" data-e-type=\"widget\" data-settings=\"{&quot;youtube_url&quot;:&quot;https:\\\/\\\/www.youtube.com\\\/watch?v=6HpPl-NMkKk&quot;,&quot;video_type&quot;:&quot;youtube&quot;,&quot;controls&quot;:&quot;yes&quot;}\" data-widget_type=\"video.default\">\n\t\t\t\t\t\t\t<div class=\"elementor-wrapper elementor-open-inline\">\n\t\t\t<div class=\"elementor-video\"><\/div>\t\t<\/div>\n\t\t\t\t\t\t<\/div>\n\t\t\t\t\t<\/div>\n\t\t\t\t<\/div>\n\t\t<div data-particle_enable=\"false\" data-particle-mobile-disabled=\"false\" class=\"elementor-element elementor-element-b423759 e-flex e-con-boxed e-con e-parent\" data-id=\"b423759\" data-element_type=\"container\" data-e-type=\"container\">\n\t\t\t\t\t<div class=\"e-con-inner\">\n\t\t\t\t<div class=\"elementor-element elementor-element-503a3ef elementor-widget elementor-widget-text-editor\" data-id=\"503a3ef\" data-element_type=\"widget\" data-e-type=\"widget\" data-widget_type=\"text-editor.default\">\n\t\t\t\t\t\t\t\t\t<p>En semifinal volvieron a jugar contra M\u00e9xico y tambi\u00e9n cayeron 1-0. En el juego por tercer lugar, el equipo guatemalteco perdi\u00f3 ante Estados Unidos 3-0.<\/p><p>Ese era el mejor rendimiento en Copa Oro y ahora 29 a\u00f1os despu\u00e9s est\u00e1n de nuevo en una semifinal, que juegan este 2 de junio ante Estados Unidos, en San Luis Misuri.<\/p>\t\t\t\t\t\t\t\t<\/div>\n\t\t\t\t\t<\/div>\n\t\t\t\t<\/div>\n\t\t<div data-particle_enable=\"false\" data-particle-mobile-disabled=\"false\" class=\"elementor-element elementor-element-909f790 e-flex e-con-boxed e-con e-parent\" data-id=\"909f790\" data-element_type=\"container\" data-e-type=\"container\">\n\t\t\t\t\t<div class=\"e-con-inner\">\n\t\t\t\t<div class=\"elementor-element elementor-element-2f9075a elementor-widget elementor-widget-video\" data-id=\"2f9075a\" data-element_type=\"widget\" data-e-type=\"widget\" data-settings=\"{&quot;youtube_url&quot;:&quot;https:\\\/\\\/www.youtube.com\\\/watch?v=5aEH5WQAj9U&quot;,&quot;video_type&quot;:&quot;youtube&quot;,&quot;controls&quot;:&quot;yes&quot;}\" data-widget_type=\"video.default\">\n\t\t\t\t\t\t\t<div class=\"elementor-wrapper elementor-open-inline\">\n\t\t\t<div class=\"elementor-video\"><\/div>\t\t<\/div>\n\t\t\t\t\t\t<\/div>\n\t\t\t\t\t<\/div>\n\t\t\t\t<\/div>\n\t\t<div data-particle_enable=\"false\" data-particle-mobile-disabled=\"false\" class=\"elementor-element elementor-element-735da9b e-flex e-con-boxed e-con e-parent\" data-id=\"735da9b\" data-element_type=\"container\" data-e-type=\"container\">\n\t\t\t\t\t<div class=\"e-con-inner\">\n\t\t\t\t<div class=\"elementor-element elementor-element-9bfc2af elementor-widget elementor-widget-heading\" data-id=\"9bfc2af\" data-element_type=\"widget\" data-e-type=\"widget\" data-widget_type=\"heading.default\">\n\t\t\t\t\t<h3 class=\"elementor-heading-title elementor-size-default\">La Selecci\u00f3n Nacional de hace 29 a\u00f1os<\/h3>\t\t\t\t<\/div>\n\t\t\t\t\t<\/div>\n\t\t\t\t<\/div>\n\t\t<div data-particle_enable=\"false\" data-particle-mobile-disabled=\"false\" class=\"elementor-element elementor-element-c747ac0 e-flex e-con-boxed e-con e-parent\" data-id=\"c747ac0\" data-element_type=\"container\" data-e-type=\"container\">\n\t\t\t\t\t<div class=\"e-con-inner\">\n\t\t\t\t<div class=\"elementor-element elementor-element-a5ca401 elementor-widget elementor-widget-text-editor\" data-id=\"a5ca401\" data-element_type=\"widget\" data-e-type=\"widget\" data-widget_type=\"text-editor.default\">\n\t\t\t\t\t\t\t\t\t<p><a href=\"https:\/\/soymigrante.com\/revista\/lloramos-reimos-gritamos-migrante-relata-triunfo-de-la-seleccion-sobre-canada-video\/\" target=\"_blank\" rel=\"noopener\">En 1996, la Copa Oro se celebr\u00f3 en Estados Unidos y Guatemala alcanz\u00f3 las semifinales con una plantilla recordada con respeto y nostalgia por los aficionados.<\/a> Entre los nombres que destacaron en ese torneo estuvieron Edgar \u201cel Gato\u201d Estrada en la porter\u00eda, Gustavo Cabrera, Juan Carlos Plata, Edgar Valencia, Guillermo Ram\u00edrez y Jorge Rodas.\u00a0<\/p><p>Dirigidos por el t\u00e9cnico Juan Ram\u00f3n Ver\u00f3n, los guatemaltecos sorprendieron al avanzar en un grupo complicado, con una victoria, un empate y dos derrotas.<\/p>\t\t\t\t\t\t\t\t<\/div>\n\t\t\t\t\t<\/div>\n\t\t\t\t<\/div>\n\t\t<div data-particle_enable=\"false\" data-particle-mobile-disabled=\"false\" class=\"elementor-element elementor-element-4cd79d0 e-flex e-con-boxed e-con e-parent\" data-id=\"4cd79d0\" data-element_type=\"container\" data-e-type=\"container\">\n\t\t\t\t\t<div class=\"e-con-inner\">\n\t\t\t\t<div class=\"elementor-element elementor-element-11fd6ae elementor-grid-eael-col-1 elementor-grid-tablet-eael-col-2 elementor-grid-mobile-eael-col-1 elementor-invisible elementor-widget elementor-widget-eael-post-grid\" data-id=\"11fd6ae\" data-element_type=\"widget\" data-e-type=\"widget\" data-settings=\"{&quot;eael_post_grid_columns&quot;:&quot;eael-col-1&quot;,&quot;_animation&quot;:&quot;rollIn&quot;,&quot;eael_post_grid_columns_tablet&quot;:&quot;eael-col-2&quot;,&quot;eael_post_grid_columns_mobile&quot;:&quot;eael-col-1&quot;}\" data-widget_type=\"eael-post-grid.default\">\n\t\t\t\t\t<div id=\"eael-post-grid-11fd6ae\" class=\"eael-post-grid-container\">\n            <div class=\"eael-post-grid eael-post-appender eael-post-appender-11fd6ae eael-post-grid-style-one\" data-layout-mode=\"masonry\"><article class=\"eael-grid-post  eael-post-grid-column eael-pg-post-38113 category-estamos-unidos\" data-id=\"38113\">\n        <div class=\"eael-grid-post-holder\">\n            <div class=\"eael-grid-post-holder-inner\"><div class=\"eael-entry-media\"><div class=\"eael-entry-overlay fade-in\"><i class=\"far fa-hand-pointer\" aria-hidden=\"true\"><\/i><a href=\"https:\/\/soymigrante.com\/revista\/lloramos-reimos-gritamos-migrante-relata-triunfo-de-la-seleccion-sobre-canada-video\/\"><\/a><\/div><div class=\"eael-entry-thumbnail \">\n                <img fetchpriority=\"high\" decoding=\"async\" width=\"1024\" height=\"1024\" src=\"https:\/\/soymigrante.com\/revista\/wp-content\/uploads\/2025\/06\/fsdewrerer.webp\" class=\"attachment-large size-large wp-image-38115\" alt=\"B\u00faho y papagayo en una cancha de f\u00fatbol con fondo de estadio y pantallas que dicen Noticias VR, representando contenido de noticias y medios digitales relacionados con animales y deportes.\" srcset=\"https:\/\/soymigrante.com\/revista\/wp-content\/uploads\/2025\/06\/fsdewrerer.webp 1024w, https:\/\/soymigrante.com\/revista\/wp-content\/uploads\/2025\/06\/fsdewrerer-300x300.jpg 300w, https:\/\/soymigrante.com\/revista\/wp-content\/uploads\/2025\/06\/fsdewrerer-150x150.jpg 150w, https:\/\/soymigrante.com\/revista\/wp-content\/uploads\/2025\/06\/fsdewrerer-768x768.jpg 768w, https:\/\/soymigrante.com\/revista\/wp-content\/uploads\/2025\/06\/fsdewrerer-75x75.webp 75w, https:\/\/soymigrante.com\/revista\/wp-content\/uploads\/2025\/06\/fsdewrerer-750x750.webp 750w\" sizes=\"(max-width: 1024px) 100vw, 1024px\" \/>\n            <\/div>\n        <\/div><div class=\"eael-entry-wrapper\"><header class=\"eael-entry-header\"><h2 class=\"eael-entry-title\"><a class=\"eael-grid-post-link\" href=\"https:\/\/soymigrante.com\/revista\/lloramos-reimos-gritamos-migrante-relata-triunfo-de-la-seleccion-sobre-canada-video\/\" title=\"&#8220;Lloramos, re\u00edmos, gritamos&#8221;: migrante relata  triunfo de la Selecci\u00f3n sobre Canad\u00e1 (video)\">&#8220;Lloramos, re\u00edmos, gritamos&#8221;: migrante relata  triunfo de la Selecci\u00f3n sobre Canad\u00e1 (video)<\/a><\/h2><\/header><div class=\"eael-entry-content\">\n                        <div class=\"eael-grid-post-excerpt\"><a href=\"https:\/\/soymigrante.com\/revista\/lloramos-reimos-gritamos-migrante-relata-triunfo-de-la-seleccion-sobre-canada-video\/\" class=\"eael-post-elements-readmore-btn\">CONOCE SU HISTORIA <\/a><\/div>\n                    <\/div><\/div><\/div>\n        <\/div>\n    <\/article><\/div>\n            <div class=\"clearfix\"><\/div>\n        <\/div>\t\t\t\t<\/div>\n\t\t\t\t\t<\/div>\n\t\t\t\t<\/div>\n\t\t<div data-particle_enable=\"false\" data-particle-mobile-disabled=\"false\" class=\"elementor-element elementor-element-af28248 e-flex e-con-boxed e-con e-parent\" data-id=\"af28248\" data-element_type=\"container\" data-e-type=\"container\">\n\t\t\t\t\t<div class=\"e-con-inner\">\n\t\t\t\t<div class=\"elementor-element elementor-element-5333f0f elementor-widget elementor-widget-text-editor\" data-id=\"5333f0f\" data-element_type=\"widget\" data-e-type=\"widget\" data-widget_type=\"text-editor.default\">\n\t\t\t\t\t\t\t\t\t<p>Ese enfrentamiento termin\u00f3 con una derrota 1-0 ante el conjunto mexicano, que posteriormente se consagrar\u00eda campe\u00f3n del torneo. Aunque el sue\u00f1o termin\u00f3 en esa instancia, el cuarto lugar obtenido por Guatemala fue, durante d\u00e9cadas, el mejor resultado en una Copa Oro, y un s\u00edmbolo de lo que el pa\u00eds pod\u00eda lograr con entrega, disciplina y talento..<\/p>\t\t\t\t\t\t\t\t<\/div>\n\t\t\t\t\t<\/div>\n\t\t\t\t<\/div>\n\t\t<div data-particle_enable=\"false\" data-particle-mobile-disabled=\"false\" class=\"elementor-element elementor-element-9c5d1e9 e-flex e-con-boxed e-con e-parent\" data-id=\"9c5d1e9\" data-element_type=\"container\" data-e-type=\"container\">\n\t\t\t\t\t<div class=\"e-con-inner\">\n\t\t\t\t<div class=\"elementor-element elementor-element-4b8811e elementor-widget elementor-widget-video\" data-id=\"4b8811e\" data-element_type=\"widget\" data-e-type=\"widget\" data-settings=\"{&quot;youtube_url&quot;:&quot;https:\\\/\\\/www.youtube.com\\\/watch?v=gWweqFk8IMU&quot;,&quot;video_type&quot;:&quot;youtube&quot;,&quot;controls&quot;:&quot;yes&quot;}\" data-widget_type=\"video.default\">\n\t\t\t\t\t\t\t<div class=\"elementor-wrapper elementor-open-inline\">\n\t\t\t<div class=\"elementor-video\"><\/div>\t\t<\/div>\n\t\t\t\t\t\t<\/div>\n\t\t\t\t\t<\/div>\n\t\t\t\t<\/div>\n\t\t<div data-particle_enable=\"false\" data-particle-mobile-disabled=\"false\" class=\"elementor-element elementor-element-308c7ad e-flex e-con-boxed e-con e-parent\" data-id=\"308c7ad\" data-element_type=\"container\" data-e-type=\"container\">\n\t\t\t\t\t<div class=\"e-con-inner\">\n\t\t\t\t<div class=\"elementor-element elementor-element-2cd6156 elementor-widget elementor-widget-heading\" data-id=\"2cd6156\" data-element_type=\"widget\" data-e-type=\"widget\" data-widget_type=\"heading.default\">\n\t\t\t\t\t<h3 class=\"elementor-heading-title elementor-size-default\">Un nuevo sue\u00f1o de hacer historia <\/h3>\t\t\t\t<\/div>\n\t\t\t\t\t<\/div>\n\t\t\t\t<\/div>\n\t\t<div data-particle_enable=\"false\" data-particle-mobile-disabled=\"false\" class=\"elementor-element elementor-element-668612f e-flex e-con-boxed e-con e-parent\" data-id=\"668612f\" data-element_type=\"container\" data-e-type=\"container\">\n\t\t\t\t\t<div class=\"e-con-inner\">\n\t\t\t\t<div class=\"elementor-element elementor-element-38bb853 elementor-widget elementor-widget-text-editor\" data-id=\"38bb853\" data-element_type=\"widget\" data-e-type=\"widget\" data-widget_type=\"text-editor.default\">\n\t\t\t\t\t\t\t\t\t<p>Hoy, en 2025, <a href=\"https:\/\/soymigrante.com\/revista\/lloramos-reimos-gritamos-migrante-relata-triunfo-de-la-seleccion-sobre-canada-video\/\" target=\"_blank\" rel=\"noopener\">Guatemala vuelve a vivir una p\u00e1gina dorada en su historia futbol\u00edstica.<\/a> Con un equipo renovado, encabezado por figuras j\u00f3venes que han demostrado determinaci\u00f3n y coraje, el pa\u00eds entero celebra un regreso a las semifinales que parec\u00eda inalcanzable durante a\u00f1os de altibajos futbol\u00edsticos. Las redes sociales se han inundado de mensajes de apoyo, alegr\u00eda y orgullo, mientras en las calles se respira un ambiente festivo. La ilusi\u00f3n es real.<\/p>\t\t\t\t\t\t\t\t<\/div>\n\t\t\t\t\t<\/div>\n\t\t\t\t<\/div>\n\t\t<div data-particle_enable=\"false\" data-particle-mobile-disabled=\"false\" class=\"elementor-element elementor-element-e488578 e-flex e-con-boxed e-con e-parent\" data-id=\"e488578\" data-element_type=\"container\" data-e-type=\"container\">\n\t\t\t\t\t<div class=\"e-con-inner\">\n\t\t\t\t<div class=\"elementor-element elementor-element-a223588 elementor-widget elementor-widget-text-editor\" data-id=\"a223588\" data-element_type=\"widget\" data-e-type=\"widget\" data-widget_type=\"text-editor.default\">\n\t\t\t\t\t\t\t\t\t<p><a href=\"https:\/\/soymigrante.com\/revista\/lloramos-reimos-gritamos-migrante-relata-triunfo-de-la-seleccion-sobre-canada-video\/\" target=\"_blank\" rel=\"noopener\">Este nuevo cap\u00edtulo representa mucho m\u00e1s que un resultado deportivo: simboliza la esperanza renovada, la uni\u00f3n de un pueblo y la confirmaci\u00f3n de que, con trabajo y fe, los sue\u00f1os se pueden volver a alcanzar<\/a>. Guatemala est\u00e1 de nuevo entre los mejores del \u00e1rea y, pase lo que pase en la semifinal, la afici\u00f3n ya ha ganado: recuper\u00f3 la confianza y volvi\u00f3 a creer.<\/p>\t\t\t\t\t\t\t\t<\/div>\n\t\t\t\t\t<\/div>\n\t\t\t\t<\/div>\n\t\t<div data-particle_enable=\"false\" data-particle-mobile-disabled=\"false\" class=\"elementor-element elementor-element-5c9d61d e-flex e-con-boxed e-con e-parent\" data-id=\"5c9d61d\" data-element_type=\"container\" data-e-type=\"container\">\n\t\t\t\t\t<div class=\"e-con-inner\">\n\t\t\t\t<div class=\"elementor-element elementor-element-6e71b47 elementor-invisible elementor-widget elementor-widget-facebook-embed\" data-id=\"6e71b47\" data-element_type=\"widget\" data-e-type=\"widget\" data-settings=\"{&quot;_animation&quot;:&quot;zoomInDown&quot;}\" data-widget_type=\"facebook-embed.default\">\n\t\t\t\t\t<div style=\"min-height: 1px\" class=\"elementor-facebook-widget fb-post\" data-href=\"https:\/\/www.facebook.com\/photo.php?fbid=1141056624723809&#038;set=pb.100064584466083.-2207520000&#038;type=3\" data-show-text=\"false\"><\/div>\t\t\t\t<\/div>\n\t\t\t\t\t<\/div>\n\t\t\t\t<\/div>\n\t\t<div data-particle_enable=\"false\" data-particle-mobile-disabled=\"false\" class=\"elementor-element elementor-element-ddf2447 e-flex e-con-boxed e-con e-parent\" data-id=\"ddf2447\" data-element_type=\"container\" data-e-type=\"container\">\n\t\t\t\t\t<div class=\"e-con-inner\">\n\t\t\t\t<div class=\"elementor-element elementor-element-1f2c1e6 elementor-widget elementor-widget-heading\" data-id=\"1f2c1e6\" data-element_type=\"widget\" data-e-type=\"widget\" data-widget_type=\"heading.default\">\n\t\t\t\t\t<h2 class=\"elementor-heading-title elementor-size-default\">Esto te puede interesar...<\/h2>\t\t\t\t<\/div>\n\t\t\t\t\t<\/div>\n\t\t\t\t<\/div>\n\t\t<div data-particle_enable=\"false\" data-particle-mobile-disabled=\"false\" class=\"elementor-element elementor-element-5f818ee e-flex e-con-boxed e-con e-parent\" data-id=\"5f818ee\" data-element_type=\"container\" data-e-type=\"container\">\n\t\t\t\t\t<div class=\"e-con-inner\">\n\t\t\t\t<div class=\"elementor-element elementor-element-2eca56a elementor-grid-eael-col-3 elementor-grid-tablet-eael-col-2 elementor-grid-mobile-eael-col-1 elementor-invisible elementor-widget elementor-widget-eael-post-grid\" data-id=\"2eca56a\" data-element_type=\"widget\" data-e-type=\"widget\" data-settings=\"{&quot;eael_post_grid_columns&quot;:&quot;eael-col-3&quot;,&quot;_animation&quot;:&quot;rollIn&quot;,&quot;eael_post_grid_columns_tablet&quot;:&quot;eael-col-2&quot;,&quot;eael_post_grid_columns_mobile&quot;:&quot;eael-col-1&quot;}\" data-widget_type=\"eael-post-grid.default\">\n\t\t\t\t\t<div id=\"eael-post-grid-2eca56a\" class=\"eael-post-grid-container\">\n            <div class=\"eael-post-grid eael-post-appender eael-post-appender-2eca56a eael-post-grid-style-one\" data-layout-mode=\"masonry\"><article class=\"eael-grid-post  eael-post-grid-column eael-pg-post-7169 category-exitos-guatemala\" data-id=\"7169\">\n        <div class=\"eael-grid-post-holder\">\n            <div class=\"eael-grid-post-holder-inner\"><div class=\"eael-entry-media\"><div class=\"eael-entry-overlay fade-in\"><i class=\"far fa-hand-pointer\" aria-hidden=\"true\"><\/i><a href=\"https:\/\/soymigrante.com\/revista\/el-sueno-de-la-familia-solis-tiene-madera-futbol-y-fe-en-dios\/\"><\/a><\/div><div class=\"eael-entry-thumbnail \">\n                <img decoding=\"async\" width=\"1016\" height=\"1016\" src=\"https:\/\/soymigrante.com\/revista\/wp-content\/uploads\/2024\/06\/familia-solis-hamilton-alex-sonia-y-jared-1.webp\" class=\"attachment-large size-large wp-image-30395\" alt=\"Personas migrantes en un campo deportivo en la tarde, mostrando integraci\u00f3n y comunidad.\" srcset=\"https:\/\/soymigrante.com\/revista\/wp-content\/uploads\/2024\/06\/familia-solis-hamilton-alex-sonia-y-jared-1.webp 1016w, https:\/\/soymigrante.com\/revista\/wp-content\/uploads\/2024\/06\/familia-solis-hamilton-alex-sonia-y-jared-1-300x300.jpg 300w, https:\/\/soymigrante.com\/revista\/wp-content\/uploads\/2024\/06\/familia-solis-hamilton-alex-sonia-y-jared-1-150x150.jpg 150w, https:\/\/soymigrante.com\/revista\/wp-content\/uploads\/2024\/06\/familia-solis-hamilton-alex-sonia-y-jared-1-768x768.jpg 768w, https:\/\/soymigrante.com\/revista\/wp-content\/uploads\/2024\/06\/familia-solis-hamilton-alex-sonia-y-jared-1-75x75.webp 75w, https:\/\/soymigrante.com\/revista\/wp-content\/uploads\/2024\/06\/familia-solis-hamilton-alex-sonia-y-jared-1-750x750.webp 750w\" sizes=\"(max-width: 1016px) 100vw, 1016px\" \/>\n            <\/div>\n        <\/div><div class=\"eael-entry-wrapper\"><header class=\"eael-entry-header\"><h2 class=\"eael-entry-title\"><a class=\"eael-grid-post-link\" href=\"https:\/\/soymigrante.com\/revista\/el-sueno-de-la-familia-solis-tiene-madera-futbol-y-fe-en-dios\/\" title=\"Sue\u00f1o futbol\u00edstico de la familia Sol\u00eds en Missouri sigue creciendo con fe en Dios\">Sue\u00f1o futbol\u00edstico de la familia Sol\u00eds en Missouri sigue creciendo con fe en Dios<\/a><\/h2><\/header><div class=\"eael-entry-content\">\n                        <div class=\"eael-grid-post-excerpt\"><a href=\"https:\/\/soymigrante.com\/revista\/el-sueno-de-la-familia-solis-tiene-madera-futbol-y-fe-en-dios\/\" class=\"eael-post-elements-readmore-btn\">CONOCE SU HISTORIA <\/a><\/div>\n                    <\/div><\/div><\/div>\n        <\/div>\n    <\/article><article class=\"eael-grid-post  eael-post-grid-column eael-pg-post-10057 category-estamos-unidos\" data-id=\"10057\">\n        <div class=\"eael-grid-post-holder\">\n            <div class=\"eael-grid-post-holder-inner\"><div class=\"eael-entry-media\"><div class=\"eael-entry-overlay fade-in\"><i class=\"far fa-hand-pointer\" aria-hidden=\"true\"><\/i><a href=\"https:\/\/soymigrante.com\/revista\/que-juegue-futbol-pero-que-estudie-winston-y-nancy-migrantes-y-papas-de-seleccionado-sub-17\/\"><\/a><\/div><div class=\"eael-entry-thumbnail \">\n                <img decoding=\"async\" width=\"666\" height=\"666\" src=\"https:\/\/soymigrante.com\/revista\/wp-content\/uploads\/2024\/10\/winston.webp\" class=\"attachment-large size-large wp-image-10058\" alt=\"Personas en evento cultural con multitud, destacando comunidad migrante y festejos populares en M\u00e9xico.\" srcset=\"https:\/\/soymigrante.com\/revista\/wp-content\/uploads\/2024\/10\/winston.webp 666w, https:\/\/soymigrante.com\/revista\/wp-content\/uploads\/2024\/10\/winston-300x300.webp 300w, https:\/\/soymigrante.com\/revista\/wp-content\/uploads\/2024\/10\/winston-150x150.webp 150w, https:\/\/soymigrante.com\/revista\/wp-content\/uploads\/2024\/10\/winston-75x75.webp 75w\" sizes=\"(max-width: 666px) 100vw, 666px\" \/>\n            <\/div>\n        <\/div><div class=\"eael-entry-wrapper\"><header class=\"eael-entry-header\"><h2 class=\"eael-entry-title\"><a class=\"eael-grid-post-link\" href=\"https:\/\/soymigrante.com\/revista\/que-juegue-futbol-pero-que-estudie-winston-y-nancy-migrantes-y-papas-de-seleccionado-sub-17\/\" title=\"&#8220;Que juegue f\u00fatbol pero que estudie&#8221;: Winston y Nancy,  migrantes y pap\u00e1s de seleccionado sub-17 Christian Rodr\u00edguez\">&#8220;Que juegue f\u00fatbol pero que estudie&#8221;: Winston y Nancy,  migrantes y pap\u00e1s de seleccionado sub-17 Christian Rodr\u00edguez<\/a><\/h2><\/header><div class=\"eael-entry-content\">\n                        <div class=\"eael-grid-post-excerpt\"><a href=\"https:\/\/soymigrante.com\/revista\/que-juegue-futbol-pero-que-estudie-winston-y-nancy-migrantes-y-papas-de-seleccionado-sub-17\/\" class=\"eael-post-elements-readmore-btn\">CONOCE SU HISTORIA <\/a><\/div>\n                    <\/div><\/div><\/div>\n        <\/div>\n    <\/article><article class=\"eael-grid-post  eael-post-grid-column eael-pg-post-1780 category-exitos tags-texas\" data-id=\"1780\">\n        <div class=\"eael-grid-post-holder\">\n            <div class=\"eael-grid-post-holder-inner\"><div class=\"eael-entry-media\"><div class=\"eael-entry-overlay fade-in\"><i class=\"far fa-hand-pointer\" aria-hidden=\"true\"><\/i><a href=\"https:\/\/soymigrante.com\/revista\/antonio-marcos-migrante-guatemalteco-atrajo-atencion-al-apoyar-a-la-seleccion-nacional\/\"><\/a><\/div><div class=\"eael-entry-thumbnail \">\n                <img loading=\"lazy\" decoding=\"async\" width=\"1024\" height=\"706\" src=\"https:\/\/soymigrante.com\/revista\/wp-content\/uploads\/2023\/07\/una-mas-1024x706.webp\" class=\"attachment-large size-large wp-image-1782\" alt=\"\" srcset=\"https:\/\/soymigrante.com\/revista\/wp-content\/uploads\/2023\/07\/una-mas-1024x706.webp 1024w, https:\/\/soymigrante.com\/revista\/wp-content\/uploads\/2023\/07\/una-mas-300x207.webp 300w, https:\/\/soymigrante.com\/revista\/wp-content\/uploads\/2023\/07\/una-mas-768x530.webp 768w, https:\/\/soymigrante.com\/revista\/wp-content\/uploads\/2023\/07\/una-mas-1536x1059.webp 1536w, https:\/\/soymigrante.com\/revista\/wp-content\/uploads\/2023\/07\/una-mas-750x517.webp 750w, https:\/\/soymigrante.com\/revista\/wp-content\/uploads\/2023\/07\/una-mas-1140x786.webp 1140w, https:\/\/soymigrante.com\/revista\/wp-content\/uploads\/2023\/07\/una-mas.webp 1920w\" sizes=\"(max-width: 1024px) 100vw, 1024px\" \/>\n            <\/div>\n        <\/div><div class=\"eael-entry-wrapper\"><header class=\"eael-entry-header\"><h2 class=\"eael-entry-title\"><a class=\"eael-grid-post-link\" href=\"https:\/\/soymigrante.com\/revista\/antonio-marcos-migrante-guatemalteco-atrajo-atencion-al-apoyar-a-la-seleccion-nacional\/\" title=\"Migrante Antonio Marcos atrajo la atenci\u00f3n en juego clave de la Selecci\u00f3n en Copa Oro: esta es su historia\">Migrante Antonio Marcos atrajo la atenci\u00f3n en juego clave de la Selecci\u00f3n en Copa Oro: esta es su historia<\/a><\/h2><\/header><div class=\"eael-entry-content\">\n                        <div class=\"eael-grid-post-excerpt\"><a href=\"https:\/\/soymigrante.com\/revista\/antonio-marcos-migrante-guatemalteco-atrajo-atencion-al-apoyar-a-la-seleccion-nacional\/\" class=\"eael-post-elements-readmore-btn\">CONOCE SU HISTORIA <\/a><\/div>\n                    <\/div><\/div><\/div>\n        <\/div>\n    <\/article><\/div>\n            <div class=\"clearfix\"><\/div>\n        <\/div>\t\t\t\t<\/div>\n\t\t\t\t\t<\/div>\n\t\t\t\t<\/div>\n\t\t\t\t<\/div>\n\t\t","protected":false},"excerpt":{"rendered":"<p>Guatemala estar\u00e1 de nuevo en la semifinal de la Copa Oro, luego de 29 a\u00f1os el sue\u00f1o vuelve a surgir. La emoci\u00f3n ha vuelto a apoderarse del coraz\u00f3n de los guatemaltecos. Tras 29 a\u00f1os de espera, la Selecci\u00f3n Nacional de Guatemala regresa a una semifinal de la Copa Oro, algo que no ocurr\u00eda desde la [&hellip;]<\/p>\n","protected":false},"author":19,"featured_media":38234,"comment_status":"open","ping_status":"open","sticky":false,"template":"","format":"standard","meta":{"_acf_changed":false,"_eb_attr":"","footnotes":""},"categories":[58],"tags":[],"class_list":["post-38171","post","type-post","status-publish","format-standard","has-post-thumbnail","hentry","category-guate-nuestra"],"acf":[],"aioseo_notices":[],"aioseo_head":"\n\t\t<!-- All in One SEO Pro 4.9.6.2 - aioseo.com -->\n\t<meta name=\"description\" content=\"Entre miles de guatemaltecos reunidos en el juego que Guatemala gan\u00f3 3-2 a Guadalupe en New Jersey, hubo un rostro que atrajo c\u00e1maras por su alegr\u00eda. Esta es su historia, incluyendo el pesar que vivi\u00f3 despu\u00e9s. Se llama Federico Antonio Marcos. Naci\u00f3 en Colomba, Costa Cuca, Quetzaltenango, en febrero de 1978. Lleg\u00f3 como migrante a\" \/>\n\t<meta name=\"robots\" content=\"max-snippet:-1, max-image-preview:large, max-video-preview:-1\" \/>\n\t<meta name=\"author\" content=\"Gustavo Montenegro\"\/>\n\t<link rel=\"canonical\" href=\"https:\/\/soymigrante.com\/revista\/antonio-marcos-migrante-guatemalteco-atrajo-atencion-al-apoyar-a-la-seleccion-nacional\/\" \/>\n\t<meta name=\"generator\" content=\"All in One SEO Pro (AIOSEO) 4.9.6.2\" \/>\n\n\t\t<link rel=\"preconnect\" href=\"https:\/\/fonts.googleapis.com\" crossorigin>\n<link rel=\"preconnect\" href=\"https:\/\/fonts.gstatic.com\" crossorigin>\n\t\t<meta property=\"og:locale\" content=\"es_ES\" \/>\n\t\t<meta property=\"og:site_name\" content=\"SoyMigrante.com REVISTA \u2013 Nuestra misi\u00f3n es reconocer y dignificar al migrante.\" \/>\n\t\t<meta property=\"og:type\" content=\"article\" \/>\n\t\t<meta property=\"og:title\" content=\"Migrante Antonio Marcos atrajo la atenci\u00f3n en juego clave de la Selecci\u00f3n en Copa Oro: esta es su historia\" \/>\n\t\t<meta property=\"og:description\" content=\"Entre miles de guatemaltecos reunidos en el juego que Guatemala gan\u00f3 3-2 a Guadalupe en New Jersey, hubo un rostro que atrajo c\u00e1maras por su alegr\u00eda. Esta es su historia, incluyendo el pesar que vivi\u00f3 despu\u00e9s. Se llama Federico Antonio Marcos. Naci\u00f3 en Colomba, Costa Cuca, Quetzaltenango, en febrero de 1978. Lleg\u00f3 como migrante a\" \/>\n\t\t<meta property=\"og:url\" content=\"https:\/\/soymigrante.com\/revista\/antonio-marcos-migrante-guatemalteco-atrajo-atencion-al-apoyar-a-la-seleccion-nacional\/\" \/>\n\t\t<meta property=\"og:image\" content=\"https:\/\/soymigrante.com\/revista\/wp-content\/uploads\/2023\/07\/una-mas.webp\" \/>\n\t\t<meta property=\"og:image:secure_url\" content=\"https:\/\/soymigrante.com\/revista\/wp-content\/uploads\/2023\/07\/una-mas.webp\" \/>\n\t\t<meta property=\"og:image:width\" content=\"1920\" \/>\n\t\t<meta property=\"og:image:height\" content=\"1324\" \/>\n\t\t<meta property=\"article:published_time\" content=\"2023-07-09T20:29:27+00:00\" \/>\n\t\t<meta property=\"article:modified_time\" content=\"2026-03-11T22:46:30+00:00\" \/>\n\t\t<meta property=\"article:publisher\" content=\"https:\/\/www.facebook.com\/soymigrantecom\" \/>\n\t\t<meta name=\"twitter:card\" content=\"summary_large_image\" \/>\n\t\t<meta name=\"twitter:site\" content=\"@SoyMigrante_com\" \/>\n\t\t<meta name=\"twitter:title\" content=\"Migrante Antonio Marcos atrajo la atenci\u00f3n en juego clave de la Selecci\u00f3n en Copa Oro: esta es su historia\" \/>\n\t\t<meta name=\"twitter:description\" content=\"Entre miles de guatemaltecos reunidos en el juego que Guatemala gan\u00f3 3-2 a Guadalupe en New Jersey, hubo un rostro que atrajo c\u00e1maras por su alegr\u00eda. Esta es su historia, incluyendo el pesar que vivi\u00f3 despu\u00e9s. Se llama Federico Antonio Marcos. Naci\u00f3 en Colomba, Costa Cuca, Quetzaltenango, en febrero de 1978. Lleg\u00f3 como migrante a\" \/>\n\t\t<meta name=\"twitter:creator\" content=\"@SoyMigrante_com\" \/>\n\t\t<meta name=\"twitter:image\" content=\"https:\/\/soymigrante.com\/revista\/wp-content\/uploads\/2023\/07\/una-mas.webp\" \/>\n\t\t<!-- All in One SEO Pro -->\r\n\t\t<title>Migrante Antonio Marcos atrajo la atenci\u00f3n en juego clave de la Selecci\u00f3n en Copa Oro: esta es su historia<\/title>\n\n","aioseo_head_json":{"title":"Migrante Antonio Marcos atrajo la atenci\u00f3n en juego clave de la Selecci\u00f3n en Copa Oro: esta es su historia","description":"Entre miles de guatemaltecos reunidos en el juego que Guatemala gan\u00f3 3-2 a Guadalupe en New Jersey, hubo un rostro que atrajo c\u00e1maras por su alegr\u00eda. Esta es su historia, incluyendo el pesar que vivi\u00f3 despu\u00e9s. Se llama Federico Antonio Marcos. Naci\u00f3 en Colomba, Costa Cuca, Quetzaltenango, en febrero de 1978. Lleg\u00f3 como migrante a","canonical_url":"https:\/\/soymigrante.com\/revista\/antonio-marcos-migrante-guatemalteco-atrajo-atencion-al-apoyar-a-la-seleccion-nacional\/","robots":"max-snippet:-1, max-image-preview:large, max-video-preview:-1","keywords":"","webmasterTools":{"miscellaneous":"&lt;link rel=\"preconnect\" href=\"https:\/\/fonts.googleapis.com\" crossorigin&gt;\n&lt;link rel=\"preconnect\" href=\"https:\/\/fonts.gstatic.com\" crossorigin&gt;"},"schema":null,"og:locale":"es_ES","og:site_name":"SoyMigrante.com REVISTA \u2013 Nuestra misi\u00f3n es reconocer y dignificar al migrante.","og:type":"article","og:title":"Migrante Antonio Marcos atrajo la atenci\u00f3n en juego clave de la Selecci\u00f3n en Copa Oro: esta es su historia","og:description":"Entre miles de guatemaltecos reunidos en el juego que Guatemala gan\u00f3 3-2 a Guadalupe en New Jersey, hubo un rostro que atrajo c\u00e1maras por su alegr\u00eda. Esta es su historia, incluyendo el pesar que vivi\u00f3 despu\u00e9s. Se llama Federico Antonio Marcos. Naci\u00f3 en Colomba, Costa Cuca, Quetzaltenango, en febrero de 1978. Lleg\u00f3 como migrante a","og:url":"https:\/\/soymigrante.com\/revista\/antonio-marcos-migrante-guatemalteco-atrajo-atencion-al-apoyar-a-la-seleccion-nacional\/","og:image":"https:\/\/soymigrante.com\/revista\/wp-content\/uploads\/2023\/07\/una-mas.webp","og:image:secure_url":"https:\/\/soymigrante.com\/revista\/wp-content\/uploads\/2023\/07\/una-mas.webp","og:image:width":1920,"og:image:height":1324,"article:published_time":"2023-07-09T20:29:27+00:00","article:modified_time":"2026-03-11T22:46:30+00:00","article:publisher":"https:\/\/www.facebook.com\/soymigrantecom","twitter:card":"summary_large_image","twitter:site":"@SoyMigrante_com","twitter:title":"Migrante Antonio Marcos atrajo la atenci\u00f3n en juego clave de la Selecci\u00f3n en Copa Oro: esta es su historia","twitter:description":"Entre miles de guatemaltecos reunidos en el juego que Guatemala gan\u00f3 3-2 a Guadalupe en New Jersey, hubo un rostro que atrajo c\u00e1maras por su alegr\u00eda. Esta es su historia, incluyendo el pesar que vivi\u00f3 despu\u00e9s. Se llama Federico Antonio Marcos. Naci\u00f3 en Colomba, Costa Cuca, Quetzaltenango, en febrero de 1978. Lleg\u00f3 como migrante a","twitter:creator":"@SoyMigrante_com","twitter:image":"https:\/\/soymigrante.com\/revista\/wp-content\/uploads\/2023\/07\/una-mas.webp"},"aioseo_meta_data":{"post_id":"38171","title":"La participaci\u00f3n guatemalteca en Copa Oro de 1996 y 1998","description":"Guatemala est\u00e1 de nuevo en la semifinal de la Copa Oro, luego de 29 a\u00f1os el sue\u00f1o resurge. En 1996 la bicolor qued\u00f3 en cuarto lugar.","keywords":null,"keyphrases":{"focus":{"keyphrase":"Guatemala","score":74,"analysis":{"keyphraseInTitle":{"score":3,"maxScore":9,"error":1},"keyphraseInDescription":{"score":9,"maxScore":9,"error":0},"keyphraseLength":{"score":9,"maxScore":9,"error":0,"length":1},"keyphraseInURL":{"score":5,"maxScore":5,"error":0},"keyphraseInIntroduction":{"score":9,"maxScore":9,"error":0},"keyphraseInSubHeadings":{"score":3,"maxScore":9,"error":1},"keyphraseInImageAlt":{"score":3,"maxScore":9,"error":1},"keywordDensity":{"type":"best","score":9,"maxScore":9,"error":0}}},"additional":[{"keyphrase":"Copa oro","score":87,"analysis":{"keyphraseInDescription":{"score":9,"maxScore":9,"error":0},"keyphraseLength":{"score":9,"maxScore":9,"error":0,"length":2},"keyphraseInIntroduction":{"score":9,"maxScore":9,"error":0},"keyphraseInImageAlt":{"score":3,"maxScore":9,"error":1},"keywordDensity":{"type":"best","score":9,"maxScore":9,"error":0}}}]},"primary_term":null,"canonical_url":null,"og_title":null,"og_description":null,"og_object_type":"default","og_image_type":"default","og_image_url":null,"og_image_width":null,"og_image_height":null,"og_image_custom_url":null,"og_image_custom_fields":null,"og_video":"","og_custom_url":null,"og_article_section":null,"og_article_tags":null,"twitter_use_og":false,"twitter_card":"default","twitter_image_type":"default","twitter_image_url":null,"twitter_image_custom_url":null,"twitter_image_custom_fields":null,"twitter_title":null,"twitter_description":null,"schema":{"blockGraphs":[],"customGraphs":[],"default":{"data":{"Article":[],"Course":[],"Dataset":[],"FAQPage":[],"Movie":[],"Person":[],"Product":[],"ProductReview":[],"Car":[],"Recipe":[],"Service":[],"SoftwareApplication":[],"WebPage":[]},"graphName":"none","isEnabled":true},"graphs":[]},"schema_type":"default","schema_type_options":null,"pillar_content":false,"robots_default":true,"robots_noindex":false,"robots_noarchive":false,"robots_nosnippet":false,"robots_nofollow":false,"robots_noimageindex":false,"robots_noodp":false,"robots_notranslate":false,"robots_max_snippet":"-1","robots_max_videopreview":"-1","robots_max_imagepreview":"large","priority":null,"frequency":"default","local_seo":null,"seo_analyzer_scan_date":"2025-10-09 06:24:17","breadcrumb_settings":null,"limit_modified_date":false,"reviewed_by":"0","open_ai":null,"ai":{"faqs":[],"keyPoints":[],"titles":[],"descriptions":[],"socialPosts":{"email":[],"linkedin":[],"twitter":[],"facebook":[],"instagram":[]}},"created":"2025-07-01 18:46:19","updated":"2026-02-05 01:27:11"},"aioseo_breadcrumb":"<div class=\"aioseo-breadcrumbs\"><span class=\"aioseo-breadcrumb\">\n\t<a href=\"https:\/\/soymigrante.com\/revista\" title=\"Home\">Home<\/a>\n<\/span><span class=\"aioseo-breadcrumb-separator\">\u00bb<\/span><span class=\"aioseo-breadcrumb\">\n\t<a href=\"https:\/\/soymigrante.com\/revista\/category\/guate-nuestra\/\" title=\"Guate Nuestra\">Guate Nuestra<\/a>\n<\/span><span class=\"aioseo-breadcrumb-separator\">\u00bb<\/span><span class=\"aioseo-breadcrumb\">\n\tAs\u00ed obtuvo Guatemala el cuarto lugar en la Copa Oro 1996: videos hist\u00f3ricos\n<\/span><\/div>","aioseo_breadcrumb_json":[{"label":"Home","link":"https:\/\/soymigrante.com\/revista"},{"label":"Guate Nuestra","link":"https:\/\/soymigrante.com\/revista\/category\/guate-nuestra\/"},{"label":"As\u00ed obtuvo Guatemala el cuarto lugar en la Copa Oro 1996: videos hist\u00f3ricos","link":"https:\/\/soymigrante.com\/revista\/asi-obtuvo-guatemala-el-cuarto-lugar-en-la-copa-oro-1996-videos-historicos\/"}],"_links":{"self":[{"href":"https:\/\/soymigrante.com\/revista\/wp-json\/wp\/v2\/posts\/38171","targetHints":{"allow":["GET"]}}],"collection":[{"href":"https:\/\/soymigrante.com\/revista\/wp-json\/wp\/v2\/posts"}],"about":[{"href":"https:\/\/soymigrante.com\/revista\/wp-json\/wp\/v2\/types\/post"}],"author":[{"embeddable":true,"href":"https:\/\/soymigrante.com\/revista\/wp-json\/wp\/v2\/users\/19"}],"replies":[{"embeddable":true,"href":"https:\/\/soymigrante.com\/revista\/wp-json\/wp\/v2\/comments?post=38171"}],"version-history":[{"count":10,"href":"https:\/\/soymigrante.com\/revista\/wp-json\/wp\/v2\/posts\/38171\/revisions"}],"predecessor-version":[{"id":38242,"href":"https:\/\/soymigrante.com\/revista\/wp-json\/wp\/v2\/posts\/38171\/revisions\/38242"}],"wp:featuredmedia":[{"embeddable":true,"href":"https:\/\/soymigrante.com\/revista\/wp-json\/wp\/v2\/media\/38234"}],"wp:attachment":[{"href":"https:\/\/soymigrante.com\/revista\/wp-json\/wp\/v2\/media?parent=38171"}],"wp:term":[{"taxonomy":"category","embeddable":true,"href":"https:\/\/soymigrante.com\/revista\/wp-json\/wp\/v2\/categories?post=38171"},{"taxonomy":"post_tag","embeddable":true,"href":"https:\/\/soymigrante.com\/revista\/wp-json\/wp\/v2\/tags?post=38171"}],"curies":[{"name":"wp","href":"https:\/\/api.w.org\/{rel}","templated":true}]}}