{"id":38136,"date":"2025-07-01T05:00:00","date_gmt":"2025-07-01T11:00:00","guid":{"rendered":"https:\/\/soymigrante.com\/revista\/?p=38136"},"modified":"2025-06-30T23:31:32","modified_gmt":"2025-07-01T05:31:32","slug":"alegria-y-gratitud-por-una-licencia-de-conducir-en-massachussets","status":"publish","type":"post","link":"https:\/\/soymigrante.com\/revista\/alegria-y-gratitud-por-una-licencia-de-conducir-en-massachussets\/","title":{"rendered":"Alegr\u00eda y gratitud por una licencia de conducir en Massachussets"},"content":{"rendered":"\t\t<div data-elementor-type=\"wp-post\" data-elementor-id=\"38136\" class=\"elementor elementor-38136\" data-elementor-post-type=\"post\">\n\t\t\t\t<div data-particle_enable=\"false\" data-particle-mobile-disabled=\"false\" class=\"elementor-element elementor-element-1401a4a e-flex e-con-boxed e-con e-parent\" data-id=\"1401a4a\" data-element_type=\"container\" data-e-type=\"container\">\n\t\t\t\t\t<div class=\"e-con-inner\">\n\t\t\t\t<div class=\"elementor-element elementor-element-ce3868a elementor-widget elementor-widget-heading\" data-id=\"ce3868a\" data-element_type=\"widget\" data-e-type=\"widget\" data-widget_type=\"heading.default\">\n\t\t\t\t\t<h2 class=\"elementor-heading-title elementor-size-default\">\"\u00bfQu\u00e9 tal una historia de un peque\u00f1o cambio democr\u00e1tico casi imposible pero logrado con una gran participaci\u00f3n?\": dice el migrante guatemalteco Clemente Ajtziij, quien ahora tiene su licencia de conducir y est\u00e1 agradecido con todas aquellas personas que lo han hecho posible.<\/h2>\t\t\t\t<\/div>\n\t\t\t\t\t<\/div>\n\t\t\t\t<\/div>\n\t\t<div data-particle_enable=\"false\" data-particle-mobile-disabled=\"false\" class=\"elementor-element elementor-element-ab01f8d e-flex e-con-boxed e-con e-parent\" data-id=\"ab01f8d\" data-element_type=\"container\" data-e-type=\"container\">\n\t\t\t\t\t<div class=\"e-con-inner\">\n\t\t\t\t<div class=\"elementor-element elementor-element-9d2e979 elementor-widget elementor-widget-text-editor\" data-id=\"9d2e979\" data-element_type=\"widget\" data-e-type=\"widget\" data-widget_type=\"text-editor.default\">\n\t\t\t\t\t\t\t\t\t<p><b>Una nota de gratitud, por Clemente Ajtziij, migrante guatemalteco<\/b><\/p><p>Un deseo hecho realidad es igual a la noci\u00f3n de un buen d\u00eda de pago para un activista inmigrante como yo. No hay dinero involucrado, pero s\u00ed mucho buen trabajo. Honestamente, como dijo una vez un amigo activista, esto es m\u00e1s importante que la comida misma para gente como nosotros.<\/p><p><b>\u00a0\u00bfQu\u00e9 tal una historia de un peque\u00f1o cambio democr\u00e1tico casi imposible con una gran participaci\u00f3n? <\/b>Mejor a\u00fan, esto puede ofrecer una experiencia de alivio durante los tiempos que estamos viviendo como naci\u00f3n.<\/p><p>Como individuo indocumentado, hace 17 a\u00f1os recuerdo conducir por el RMV (Registro de veh\u00edculos automotores) en Pittsfield, Massachussets, imaginando c\u00f3mo ser\u00eda entrar a un edificio oficial y solicitar libremente una licencia de conducir. Es algo simple para muchos. Pero <b>para alguien que creci\u00f3 desde un fondo humilde en un rinc\u00f3n remoto del mundo y nunca ha encajado, \u00a1significa el mundo entero!<\/b><\/p>\t\t\t\t\t\t\t\t<\/div>\n\t\t\t\t\t<\/div>\n\t\t\t\t<\/div>\n\t\t<div data-particle_enable=\"false\" data-particle-mobile-disabled=\"false\" class=\"elementor-element elementor-element-fa185a1 e-flex e-con-boxed e-con e-parent\" data-id=\"fa185a1\" data-element_type=\"container\" data-e-type=\"container\">\n\t\t\t\t\t<div class=\"e-con-inner\">\n\t\t\t\t<div class=\"elementor-element elementor-element-6ec566e elementor-widget elementor-widget-image\" data-id=\"6ec566e\" data-element_type=\"widget\" data-e-type=\"widget\" data-widget_type=\"image.default\">\n\t\t\t\t\t\t\t\t\t\t\t\t<figure class=\"wp-caption\">\n\t\t\t\t\t\t\t\t\t\t<img fetchpriority=\"high\" decoding=\"async\" width=\"526\" height=\"701\" src=\"https:\/\/soymigrante.com\/revista\/wp-content\/uploads\/2025\/06\/clemente-ajtziij-migrante-guatemalteco.webp\" class=\"attachment-large size-large wp-image-38140\" alt=\"Un hombre con cabello rizado sostiene un documento en la boca, sentado en el interior de un veh\u00edculo, con fondo de \u00e1rboles y maletas en el maletero.\" srcset=\"https:\/\/soymigrante.com\/revista\/wp-content\/uploads\/2025\/06\/clemente-ajtziij-migrante-guatemalteco.webp 526w, https:\/\/soymigrante.com\/revista\/wp-content\/uploads\/2025\/06\/clemente-ajtziij-migrante-guatemalteco-225x300.jpg 225w\" sizes=\"(max-width: 526px) 100vw, 526px\" title=\"La emoci\u00f3n, la alegr\u00eda, la propia historia migrante personal confluyendo con muchos otros esfuerzos solidarios que hicieron posible obtener una licencia de conducir. Clemente Ajtziij celebr\u00f3 este permiso de conducir con gratitud y grandes esperanzas. \u2013 SoyMigrante.com REVISTA\" \/>\t\t\t\t\t\t\t\t\t\t\t<figcaption class=\"widget-image-caption wp-caption-text\">Persona sosteniendo documento en coche, viaje o migraci\u00f3n, en un entorno natural.<\/figcaption>\n\t\t\t\t\t\t\t\t\t\t<\/figure>\n\t\t\t\t\t\t\t\t\t<\/div>\n\t\t\t\t\t<\/div>\n\t\t\t\t<\/div>\n\t\t<div data-particle_enable=\"false\" data-particle-mobile-disabled=\"false\" class=\"elementor-element elementor-element-63a1bd1 e-flex e-con-boxed e-con e-parent\" data-id=\"63a1bd1\" data-element_type=\"container\" data-e-type=\"container\">\n\t\t\t\t\t<div class=\"e-con-inner\">\n\t\t\t\t<div class=\"elementor-element elementor-element-f441f8a elementor-widget elementor-widget-heading\" data-id=\"f441f8a\" data-element_type=\"widget\" data-e-type=\"widget\" data-widget_type=\"heading.default\">\n\t\t\t\t\t<h3 class=\"elementor-heading-title elementor-size-default\">\"Escribir esto me hizo llorar...\"<\/h3>\t\t\t\t<\/div>\n\t\t\t\t\t<\/div>\n\t\t\t\t<\/div>\n\t\t<div data-particle_enable=\"false\" data-particle-mobile-disabled=\"false\" class=\"elementor-element elementor-element-37d0c6e e-flex e-con-boxed e-con e-parent\" data-id=\"37d0c6e\" data-element_type=\"container\" data-e-type=\"container\">\n\t\t\t\t\t<div class=\"e-con-inner\">\n\t\t\t\t<div class=\"elementor-element elementor-element-01d0b53 elementor-widget elementor-widget-text-editor\" data-id=\"01d0b53\" data-element_type=\"widget\" data-e-type=\"widget\" data-widget_type=\"text-editor.default\">\n\t\t\t\t\t\t\t\t\t<p>La ansiedad siempre ataca cada vez que pienso en situaciones como esta. Lo veo como un patr\u00f3n de pensamiento estresante (PTP) que se estaba acumulando desde la infancia. Ser rechazado por las pautas oficiales o simplemente por la perspectiva de ciertas personas fue una barrera muy com\u00fan mientras crec\u00eda. Y esto cobr\u00f3 un gran precio psicol\u00f3gicamente debido al analfabetismo y a problemas econ\u00f3micos.<\/p><p>No me malinterpreten, no me estoy echando abajo ni siquiera haciendo un caso: <b>Aunque debo confesar que escribir sobre esto me hizo llorar, es puramente una historia org\u00e1nica y aseguro a mis lectores que estoy escribiendo con un alto grado de confianza<\/b>. Para darles un ejemplo, not\u00e9 PTP cuando fui al edificio RMV hoy (27 de junio de 2025) excepto que esta vez el factor que caus\u00f3 estr\u00e9s estaba ausente.\u00a0<\/p><p>Todav\u00eda estaba un poco nervioso, pero sab\u00eda que como inmigrante indocumentado ahora califico legalmente para una licencia de conducir y esto me dio confianza para ir a si una situaci\u00f3n antag\u00f3nica deber\u00eda presentarse. <b>No ten\u00eda la necesidad de ocultar una parte de mi identidad,<\/b> y eso es un hecho que tom\u00f3 un gran estr\u00e9s fuera de la situaci\u00f3n.<\/p><p>\u00a1Este es un efecto directo de la Ley de Movilidad Laboral y Familiar (WFMA) que ha estado activa durante exactamente 2 a\u00f1os! Es una legislaci\u00f3n que se aprob\u00f3 en junio de 2022 pero fue desafiada r\u00e1pidamente por la oposici\u00f3n durante las elecciones de noviembre de ese a\u00f1o. Requiri\u00f3 otra campa\u00f1a para conseguir que los votantes lo apoyaran en las papeletas. Entr\u00f3 en vigencia el 1 de julio de 2023.\u00a0<\/p>\t\t\t\t\t\t\t\t<\/div>\n\t\t\t\t\t<\/div>\n\t\t\t\t<\/div>\n\t\t<div data-particle_enable=\"false\" data-particle-mobile-disabled=\"false\" class=\"elementor-element elementor-element-984078a e-flex e-con-boxed e-con e-parent\" data-id=\"984078a\" data-element_type=\"container\" data-e-type=\"container\">\n\t\t\t\t\t<div class=\"e-con-inner\">\n\t\t\t\t<div class=\"elementor-element elementor-element-f50acd7 elementor-widget elementor-widget-image\" data-id=\"f50acd7\" data-element_type=\"widget\" data-e-type=\"widget\" data-widget_type=\"image.default\">\n\t\t\t\t\t\t\t\t\t\t\t\t<figure class=\"wp-caption\">\n\t\t\t\t\t\t\t\t\t\t<img decoding=\"async\" width=\"752\" height=\"1020\" src=\"https:\/\/soymigrante.com\/revista\/wp-content\/uploads\/2025\/06\/foto-clemente-ajtziij.webp\" class=\"attachment-large size-large wp-image-38141\" alt=\"\u00e1rbol frondoso con hojas verdes en un entorno natural, vista desde abajo, enfoque en las ramas y hojas, ambiente de naturaleza y vida vegetal.\" srcset=\"https:\/\/soymigrante.com\/revista\/wp-content\/uploads\/2025\/06\/foto-clemente-ajtziij.webp 752w, https:\/\/soymigrante.com\/revista\/wp-content\/uploads\/2025\/06\/foto-clemente-ajtziij-221x300.jpg 221w, https:\/\/soymigrante.com\/revista\/wp-content\/uploads\/2025\/06\/foto-clemente-ajtziij-750x1017.jpg 750w\" sizes=\"(max-width: 752px) 100vw, 752px\" title=\"Clemente Ajtziij es un migrante guatemalteco que se siente orgulloso de sus ra\u00edces e identidad maya en Massachussets. \u2013 SoyMigrante.com REVISTA\" \/>\t\t\t\t\t\t\t\t\t\t\t<figcaption class=\"widget-image-caption wp-caption-text\">\u00c1rbol frondoso en un entorno natural, con hojas verdes abundantes y ramas extendidas, transmitiendo tranquilidad y crecimiento natural, ideal para contenido sobre naturaleza, biodiversidad y medio ambiente.<\/figcaption>\n\t\t\t\t\t\t\t\t\t\t<\/figure>\n\t\t\t\t\t\t\t\t\t<\/div>\n\t\t\t\t\t<\/div>\n\t\t\t\t<\/div>\n\t\t<div data-particle_enable=\"false\" data-particle-mobile-disabled=\"false\" class=\"elementor-element elementor-element-06f71a0 e-flex e-con-boxed e-con e-parent\" data-id=\"06f71a0\" data-element_type=\"container\" data-e-type=\"container\">\n\t\t\t\t\t<div class=\"e-con-inner\">\n\t\t\t\t<div class=\"elementor-element elementor-element-167fb70 elementor-widget elementor-widget-heading\" data-id=\"167fb70\" data-element_type=\"widget\" data-e-type=\"widget\" data-widget_type=\"heading.default\">\n\t\t\t\t\t<h3 class=\"elementor-heading-title elementor-size-default\">\"Una peque\u00f1a pero poderosa acci\u00f3n c\u00edvica\" <\/h3>\t\t\t\t<\/div>\n\t\t\t\t\t<\/div>\n\t\t\t\t<\/div>\n\t\t<div data-particle_enable=\"false\" data-particle-mobile-disabled=\"false\" class=\"elementor-element elementor-element-b977e6c e-flex e-con-boxed e-con e-parent\" data-id=\"b977e6c\" data-element_type=\"container\" data-e-type=\"container\">\n\t\t\t\t\t<div class=\"e-con-inner\">\n\t\t\t\t<div class=\"elementor-element elementor-element-f03dd6d elementor-widget elementor-widget-text-editor\" data-id=\"f03dd6d\" data-element_type=\"widget\" data-e-type=\"widget\" data-widget_type=\"text-editor.default\">\n\t\t\t\t\t\t\t\t\t<p>Los l\u00edderes comunitarios, activistas y legisladores lucharon durante m\u00e1s de 20 a\u00f1os aqu\u00ed en el estado de Massachusetts para hacer posible la ley. Fue un gran esfuerzo que muchos entendieron mal y se opusieron a pesar de que el objetivo final era beneficiar a todos los residentes, incluidos los inmigrantes.<\/p><p>Form\u00e9 con orgullo parte de este esfuerzo durante los \u00faltimos cuatro a\u00f1os antes de que fuera votado como ley. Y para resumir la historia, este <b>es un claro ejemplo de una peque\u00f1a pero poderosa acci\u00f3n c\u00edvica: Un enfoque administrativo educado para arreglar un problema en juego por el bien com\u00fan.<\/b> Es lo que se necesita para seguir progresando como sociedad, y es una simple receta de bondad, trabajo, comprensi\u00f3n y mucha ira de activistas como yo. Algo que me gustar\u00eda discutir pronto p\u00fablicamente.<\/p><p>Por ahora perm\u00edtanme decir que la pobreza y la econom\u00eda son factores enormes para una gran mayor\u00eda de nosotros, y en mi experiencia, las pol\u00edticas limitantes est\u00e1n en el centro de estos mecanismos. Se convierten muchas veces en grandes obst\u00e1culos para que los individuos prosperen.\u00a0<\/p><p>La WFMA es un ejemplo de c\u00f3mo una legislaci\u00f3n puede facilitar el acceso y abordar diferentes maneras de hacer las cosas. Y, por supuesto, el cambio no es f\u00e1cil, ya que la cantidad de trabajo que llev\u00f3 la campa\u00f1a fue enorme. Y encontrar las \u00faltimas voces necesitadas que estaban dispuestas a contar sus dolorosas historias fue una gran tarea. Sin embargo, esto fue posible gracias a todas las personas que se unieron. Los que abrieron locales para inmigrantes como yo y que ten\u00edan miedo de contar nuestras propias historias.\u00a0<\/p>\t\t\t\t\t\t\t\t<\/div>\n\t\t\t\t\t<\/div>\n\t\t\t\t<\/div>\n\t\t<div data-particle_enable=\"false\" data-particle-mobile-disabled=\"false\" class=\"elementor-element elementor-element-db1538b e-flex e-con-boxed e-con e-parent\" data-id=\"db1538b\" data-element_type=\"container\" data-e-type=\"container\">\n\t\t\t\t\t<div class=\"e-con-inner\">\n\t\t\t\t<div class=\"elementor-element elementor-element-3484601 elementor-invisible elementor-widget elementor-widget-testimonial\" data-id=\"3484601\" data-element_type=\"widget\" data-e-type=\"widget\" data-settings=\"{&quot;_animation&quot;:&quot;rotateInUpRight&quot;}\" data-widget_type=\"testimonial.default\">\n\t\t\t\t\t\t\t<div class=\"elementor-testimonial-wrapper\">\n\t\t\t\t\t\t\t<div class=\"elementor-testimonial-content\">\"Estamos del lado correcto de la historia. Nunca perdemos\".<\/div>\n\t\t\t\n\t\t\t\t\t\t<div class=\"elementor-testimonial-meta elementor-has-image elementor-testimonial-image-position-aside\">\n\t\t\t\t<div class=\"elementor-testimonial-meta-inner\">\n\t\t\t\t\t\t\t\t\t\t\t<div class=\"elementor-testimonial-image\">\n\t\t\t\t\t\t\t<img decoding=\"async\" width=\"1524\" height=\"1032\" src=\"https:\/\/soymigrante.com\/revista\/wp-content\/uploads\/2023\/08\/clementino.webp\" class=\"attachment-full size-full wp-image-2397\" alt=\"Clemente Aj&#039;Tziij, migrante guatemalteco en Massachussets\" title=\"Clemente Aj&#039;Tziij, migrante guatemalteco en Massachussets \u2013 SoyMigrante.com REVISTA\" srcset=\"https:\/\/soymigrante.com\/revista\/wp-content\/uploads\/2023\/08\/clementino.webp 1524w, https:\/\/soymigrante.com\/revista\/wp-content\/uploads\/2023\/08\/clementino-300x203.webp 300w, https:\/\/soymigrante.com\/revista\/wp-content\/uploads\/2023\/08\/clementino-1024x693.webp 1024w, https:\/\/soymigrante.com\/revista\/wp-content\/uploads\/2023\/08\/clementino-768x520.webp 768w, https:\/\/soymigrante.com\/revista\/wp-content\/uploads\/2023\/08\/clementino-750x508.webp 750w, https:\/\/soymigrante.com\/revista\/wp-content\/uploads\/2023\/08\/clementino-1140x772.webp 1140w\" sizes=\"(max-width: 1524px) 100vw, 1524px\" \/>\t\t\t\t\t\t<\/div>\n\t\t\t\t\t\n\t\t\t\t\t\t\t\t\t\t<div class=\"elementor-testimonial-details\">\n\t\t\t\t\t\t\t\t\t\t\t\t\t\t<div class=\"elementor-testimonial-name\">Clemente Ajtziij<\/div>\n\t\t\t\t\t\t\t\t\t\t\t\t\t\t\t\t\t\t\t\t\t\t<div class=\"elementor-testimonial-job\">Guatemalteco en\nMassachussets al agradecer el apoyo\nde todas las personas que hicieron posible\nlos permisos para conducir para\nmigrantes y para animar a tener \nesperanza en el cambio positivo a\npesar de la actual situaci\u00f3n migratoria.<\/div>\n\t\t\t\t\t\t\t\t\t\t\t\t\t<\/div>\n\t\t\t\t\t\t\t\t\t<\/div>\n\t\t\t<\/div>\n\t\t\t\t\t<\/div>\n\t\t\t\t\t\t<\/div>\n\t\t\t\t\t<\/div>\n\t\t\t\t<\/div>\n\t\t<div data-particle_enable=\"false\" data-particle-mobile-disabled=\"false\" class=\"elementor-element elementor-element-7406971 e-flex e-con-boxed e-con e-parent\" data-id=\"7406971\" data-element_type=\"container\" data-e-type=\"container\">\n\t\t\t\t\t<div class=\"e-con-inner\">\n\t\t\t\t<div class=\"elementor-element elementor-element-d05781a elementor-widget elementor-widget-heading\" data-id=\"d05781a\" data-element_type=\"widget\" data-e-type=\"widget\" data-widget_type=\"heading.default\">\n\t\t\t\t\t<h3 class=\"elementor-heading-title elementor-size-default\">\"Ya tengo una licencia de conducir\" (gracias a la unidad de muchas personas)<\/h3>\t\t\t\t<\/div>\n\t\t\t\t\t<\/div>\n\t\t\t\t<\/div>\n\t\t<div data-particle_enable=\"false\" data-particle-mobile-disabled=\"false\" class=\"elementor-element elementor-element-7c16872 e-flex e-con-boxed e-con e-parent\" data-id=\"7c16872\" data-element_type=\"container\" data-e-type=\"container\">\n\t\t\t\t\t<div class=\"e-con-inner\">\n\t\t\t\t<div class=\"elementor-element elementor-element-4d40470 elementor-widget elementor-widget-text-editor\" data-id=\"4d40470\" data-element_type=\"widget\" data-e-type=\"widget\" data-widget_type=\"text-editor.default\">\n\t\t\t\t\t\t\t\t\t<p>Facilitar un espacio para nuestras voces fue el interruptor que ilumin\u00f3 la casa para obtener el m\u00e1ximo poder que necesit\u00e1bamos en el centro de la campa\u00f1a. Este es sin duda un aspecto acogedor de un estado intelectual como Massachusetts. Un lugar que considero tierra f\u00e9rtil para interacciones como esta. Un lugar que definitivamente ofrece la oportunidad de apuntar a formas de vida futuristas.<\/p><p>Me gustar\u00eda dejar una nota de agradecimiento a todos los que apoyaron esta legislaci\u00f3n en ese entonces. Desde organizaciones sin fines de lucro, periodistas, activistas, hasta todas las personas de buen coraz\u00f3n que se unieron a la campa\u00f1a. Especialmente los funcionarios del gobierno que sab\u00edan que estaban arriesgando mucho. Como les dije a algunos de ustedes al final de nuestra campa\u00f1a, &#8220;\u00a1Espero que realmente tomen esto con el coraz\u00f3n! No tienes idea de la cantidad de personas que acabas de liberar&#8221;\u00a0<\/p><p>Me gustar\u00eda a\u00f1adir que tu apoyo seguir\u00e1 creando historias empoderadoras y har\u00e1 que grandes deseos se hagan realidad para muchas, muchas personas. Esto es democracia y se necesita mucho trabajo para hacer algo. Pero seguramente <b>nos convertimos en una sociedad mejor cuando estamos dispuestos a contribuir colectivamente a un cambio. Limitar a la gente solo cierra puertas para todos los dem\u00e1s.<\/b><\/p><p>\u00a1Se siente satisfactorio y orgulloso de hacerles saber que finalmente soy titular oficial de una licencia de conducir de Massachusetts! Y no vino gratis, eso seguro! \u00a1Una nota especial para aquellos de ustedes que pueden haber perdido un trabajo por apoyar a WFMA o est\u00e1n a punto de perder uno debido a los tiempos que estamos viviendo! Por favor, ten paciencia, <b>estamos en el lado permanente de la historia. \u00a1Nunca perdemos!\u00a0<\/b><\/p>\t\t\t\t\t\t\t\t<\/div>\n\t\t\t\t\t<\/div>\n\t\t\t\t<\/div>\n\t\t<div data-particle_enable=\"false\" data-particle-mobile-disabled=\"false\" class=\"elementor-element elementor-element-56e9d29 e-flex e-con-boxed e-con e-parent\" data-id=\"56e9d29\" data-element_type=\"container\" data-e-type=\"container\">\n\t\t\t\t\t<div class=\"e-con-inner\">\n\t\t\t\t<div class=\"elementor-element elementor-element-9bca931 elementor-widget elementor-widget-heading\" data-id=\"9bca931\" data-element_type=\"widget\" data-e-type=\"widget\" data-widget_type=\"heading.default\">\n\t\t\t\t\t<h2 class=\"elementor-heading-title elementor-size-default\">Expresiones guatemaltecas de valor<\/h2>\t\t\t\t<\/div>\n\t\t\t\t\t<\/div>\n\t\t\t\t<\/div>\n\t\t<div data-particle_enable=\"false\" data-particle-mobile-disabled=\"false\" class=\"elementor-element elementor-element-da12fd3 e-flex e-con-boxed e-con e-parent\" data-id=\"da12fd3\" data-element_type=\"container\" data-e-type=\"container\">\n\t\t\t\t\t<div class=\"e-con-inner\">\n\t\t\t\t<div class=\"elementor-element elementor-element-04b5d98 elementor-grid-eael-col-3 elementor-grid-tablet-eael-col-2 elementor-grid-mobile-eael-col-1 elementor-invisible elementor-widget elementor-widget-eael-post-grid\" data-id=\"04b5d98\" data-element_type=\"widget\" data-e-type=\"widget\" data-settings=\"{&quot;eael_post_grid_columns&quot;:&quot;eael-col-3&quot;,&quot;_animation&quot;:&quot;rollIn&quot;,&quot;eael_post_grid_columns_tablet&quot;:&quot;eael-col-2&quot;,&quot;eael_post_grid_columns_mobile&quot;:&quot;eael-col-1&quot;}\" data-widget_type=\"eael-post-grid.default\">\n\t\t\t\t\t<div id=\"eael-post-grid-04b5d98\" class=\"eael-post-grid-container\">\n            <div class=\"eael-post-grid eael-post-appender eael-post-appender-04b5d98 eael-post-grid-style-one\" data-layout-mode=\"masonry\"><article class=\"eael-grid-post  eael-post-grid-column eael-pg-post-55444 category-lugar-de-voces\" data-id=\"55444\">\n        <div class=\"eael-grid-post-holder\">\n            <div class=\"eael-grid-post-holder-inner\"><div class=\"eael-entry-media\"><div class=\"eael-entry-overlay fade-in\"><i class=\"far fa-hand-pointer\" aria-hidden=\"true\"><\/i><a href=\"https:\/\/soymigrante.com\/revista\/cantautora-migrante-guatemalteca-wendy-dgi-crea-cancion-desafiante-la-envidia\/\"><\/a><\/div><div class=\"eael-entry-thumbnail \">\n                <img loading=\"lazy\" decoding=\"async\" width=\"1024\" height=\"1024\" src=\"https:\/\/soymigrante.com\/revista\/wp-content\/uploads\/2026\/04\/wendy-DGi-cantautora-migrante-guatemalteca-en-nueva-york-copia-1024x1024.jpg\" class=\"attachment-large size-large wp-image-55447\" alt=\"Wendy DGi cantautora guatemalteca migrante en Nueva York\" srcset=\"https:\/\/soymigrante.com\/revista\/wp-content\/uploads\/2026\/04\/wendy-DGi-cantautora-migrante-guatemalteca-en-nueva-york-copia-1024x1024.jpg 1024w, https:\/\/soymigrante.com\/revista\/wp-content\/uploads\/2026\/04\/wendy-DGi-cantautora-migrante-guatemalteca-en-nueva-york-copia-300x300.jpg 300w, https:\/\/soymigrante.com\/revista\/wp-content\/uploads\/2026\/04\/wendy-DGi-cantautora-migrante-guatemalteca-en-nueva-york-copia-150x150.jpg 150w, https:\/\/soymigrante.com\/revista\/wp-content\/uploads\/2026\/04\/wendy-DGi-cantautora-migrante-guatemalteca-en-nueva-york-copia-768x768.jpg 768w, https:\/\/soymigrante.com\/revista\/wp-content\/uploads\/2026\/04\/wendy-DGi-cantautora-migrante-guatemalteca-en-nueva-york-copia-75x75.jpg 75w, https:\/\/soymigrante.com\/revista\/wp-content\/uploads\/2026\/04\/wendy-DGi-cantautora-migrante-guatemalteca-en-nueva-york-copia-750x750.jpg 750w, https:\/\/soymigrante.com\/revista\/wp-content\/uploads\/2026\/04\/wendy-DGi-cantautora-migrante-guatemalteca-en-nueva-york-copia-1140x1140.jpg 1140w, https:\/\/soymigrante.com\/revista\/wp-content\/uploads\/2026\/04\/wendy-DGi-cantautora-migrante-guatemalteca-en-nueva-york-copia.jpg 1203w\" sizes=\"(max-width: 1024px) 100vw, 1024px\" \/>\n            <\/div>\n        <\/div><div class=\"eael-entry-wrapper\"><header class=\"eael-entry-header\"><h2 class=\"eael-entry-title\"><a class=\"eael-grid-post-link\" href=\"https:\/\/soymigrante.com\/revista\/cantautora-migrante-guatemalteca-wendy-dgi-crea-cancion-desafiante-la-envidia\/\" title=\"&#8220;La Envidia&#8221;: cantautora migrante guatemalteca Wendy DGi crea una canci\u00f3n desafiante\">&#8220;La Envidia&#8221;: cantautora migrante guatemalteca Wendy DGi crea una canci\u00f3n desafiante<\/a><\/h2><\/header><div class=\"eael-entry-content\">\n                        <div class=\"eael-grid-post-excerpt\"><a href=\"https:\/\/soymigrante.com\/revista\/cantautora-migrante-guatemalteca-wendy-dgi-crea-cancion-desafiante-la-envidia\/\" class=\"eael-post-elements-readmore-btn\">LEE Y SORPR\u00c9NDETE<\/a><\/div>\n                    <\/div><\/div><\/div>\n        <\/div>\n    <\/article><article class=\"eael-grid-post  eael-post-grid-column eael-pg-post-54949 category-lugar-de-voces\" data-id=\"54949\">\n        <div class=\"eael-grid-post-holder\">\n            <div class=\"eael-grid-post-holder-inner\"><div class=\"eael-entry-media\"><div class=\"eael-entry-overlay fade-in\"><i class=\"far fa-hand-pointer\" aria-hidden=\"true\"><\/i><a href=\"https:\/\/soymigrante.com\/revista\/significados-de-nombres-indigenas-de-algunos-estados-de-los-estados-unidos\/\"><\/a><\/div><div class=\"eael-entry-thumbnail \">\n                <img loading=\"lazy\" decoding=\"async\" width=\"1024\" height=\"1024\" src=\"https:\/\/soymigrante.com\/revista\/wp-content\/uploads\/2026\/04\/nombres-indigenas-Estados-Unidos-1024x1024.jpg\" class=\"attachment-large size-large wp-image-54950\" alt=\"nombres indigenas Estados Unidos\" srcset=\"https:\/\/soymigrante.com\/revista\/wp-content\/uploads\/2026\/04\/nombres-indigenas-Estados-Unidos-1024x1024.jpg 1024w, https:\/\/soymigrante.com\/revista\/wp-content\/uploads\/2026\/04\/nombres-indigenas-Estados-Unidos-300x300.jpg 300w, https:\/\/soymigrante.com\/revista\/wp-content\/uploads\/2026\/04\/nombres-indigenas-Estados-Unidos-150x150.jpg 150w, https:\/\/soymigrante.com\/revista\/wp-content\/uploads\/2026\/04\/nombres-indigenas-Estados-Unidos-768x768.jpg 768w, https:\/\/soymigrante.com\/revista\/wp-content\/uploads\/2026\/04\/nombres-indigenas-Estados-Unidos-75x75.jpg 75w, https:\/\/soymigrante.com\/revista\/wp-content\/uploads\/2026\/04\/nombres-indigenas-Estados-Unidos-750x750.jpg 750w, https:\/\/soymigrante.com\/revista\/wp-content\/uploads\/2026\/04\/nombres-indigenas-Estados-Unidos-1140x1140.jpg 1140w, https:\/\/soymigrante.com\/revista\/wp-content\/uploads\/2026\/04\/nombres-indigenas-Estados-Unidos.jpg 1200w\" sizes=\"(max-width: 1024px) 100vw, 1024px\" \/>\n            <\/div>\n        <\/div><div class=\"eael-entry-wrapper\"><header class=\"eael-entry-header\"><h2 class=\"eael-entry-title\"><a class=\"eael-grid-post-link\" href=\"https:\/\/soymigrante.com\/revista\/significados-de-nombres-indigenas-de-algunos-estados-de-los-estados-unidos\/\" title=\"Significados de nombres ind\u00edgenas de algunos Estados de los Estados Unidos\">Significados de nombres ind\u00edgenas de algunos Estados de los Estados Unidos<\/a><\/h2><\/header><div class=\"eael-entry-content\">\n                        <div class=\"eael-grid-post-excerpt\"><a href=\"https:\/\/soymigrante.com\/revista\/significados-de-nombres-indigenas-de-algunos-estados-de-los-estados-unidos\/\" class=\"eael-post-elements-readmore-btn\">LEE Y SORPR\u00c9NDETE<\/a><\/div>\n                    <\/div><\/div><\/div>\n        <\/div>\n    <\/article><article class=\"eael-grid-post  eael-post-grid-column eael-pg-post-54273 category-lugar-de-voces\" data-id=\"54273\">\n        <div class=\"eael-grid-post-holder\">\n            <div class=\"eael-grid-post-holder-inner\"><div class=\"eael-entry-media\"><div class=\"eael-entry-overlay fade-in\"><i class=\"far fa-hand-pointer\" aria-hidden=\"true\"><\/i><a href=\"https:\/\/soymigrante.com\/revista\/cuantas-estaciones-tiene-el-via-crucis-migrante-y-que-significado-tiene-cada-una\/\"><\/a><\/div><div class=\"eael-entry-thumbnail \">\n                <img loading=\"lazy\" decoding=\"async\" width=\"1024\" height=\"1024\" src=\"https:\/\/soymigrante.com\/revista\/wp-content\/uploads\/2026\/03\/via-crucis-migrante-ilustrado-estacion.png\" class=\"attachment-large size-large wp-image-54274\" alt=\"via crucis migrante ilustrado estacion\" srcset=\"https:\/\/soymigrante.com\/revista\/wp-content\/uploads\/2026\/03\/via-crucis-migrante-ilustrado-estacion.png 1024w, https:\/\/soymigrante.com\/revista\/wp-content\/uploads\/2026\/03\/via-crucis-migrante-ilustrado-estacion-300x300.png 300w, https:\/\/soymigrante.com\/revista\/wp-content\/uploads\/2026\/03\/via-crucis-migrante-ilustrado-estacion-150x150.png 150w, https:\/\/soymigrante.com\/revista\/wp-content\/uploads\/2026\/03\/via-crucis-migrante-ilustrado-estacion-768x768.png 768w, https:\/\/soymigrante.com\/revista\/wp-content\/uploads\/2026\/03\/via-crucis-migrante-ilustrado-estacion-75x75.png 75w, https:\/\/soymigrante.com\/revista\/wp-content\/uploads\/2026\/03\/via-crucis-migrante-ilustrado-estacion-750x750.png 750w\" sizes=\"(max-width: 1024px) 100vw, 1024px\" \/>\n            <\/div>\n        <\/div><div class=\"eael-entry-wrapper\"><header class=\"eael-entry-header\"><h2 class=\"eael-entry-title\"><a class=\"eael-grid-post-link\" href=\"https:\/\/soymigrante.com\/revista\/cuantas-estaciones-tiene-el-via-crucis-migrante-y-que-significado-tiene-cada-una\/\" title=\"\u00bfCu\u00e1ntas estaciones tiene el V\u00eda Crucis Migrante y qu\u00e9 significado tiene cada una?\">\u00bfCu\u00e1ntas estaciones tiene el V\u00eda Crucis Migrante y qu\u00e9 significado tiene cada una?<\/a><\/h2><\/header><div class=\"eael-entry-content\">\n                        <div class=\"eael-grid-post-excerpt\"><a href=\"https:\/\/soymigrante.com\/revista\/cuantas-estaciones-tiene-el-via-crucis-migrante-y-que-significado-tiene-cada-una\/\" class=\"eael-post-elements-readmore-btn\">LEE Y SORPR\u00c9NDETE<\/a><\/div>\n                    <\/div><\/div><\/div>\n        <\/div>\n    <\/article><\/div>\n            <div class=\"clearfix\"><\/div>\n        <\/div>            <div class=\"eael-load-more-button-wrap eael-force-hide\">\n                <button class=\"eael-load-more-button\" id=\"eael-load-more-btn-04b5d98\" data-widget-id=\"04b5d98\" data-widget=\"04b5d98\" data-page-id=\"38136\" data-template=\"{&quot;dir&quot;:&quot;lite&quot;,&quot;file_name&quot;:&quot;one.php&quot;,&quot;name&quot;:&quot;Post-Grid&quot;}\" data-class=\"Essential_Addons_Elementor\\Elements\\Post_Grid\" data-layout=\"masonry\" data-page=\"1\" data-args=\"orderby=date&amp;order=desc&amp;ignore_sticky_posts=1&amp;post_status=publish&amp;posts_per_page=3&amp;offset=0&amp;post_type=post&amp;tax_query%5B0%5D%5Btaxonomy%5D=category&amp;tax_query%5B0%5D%5Bfield%5D=term_id&amp;tax_query%5B0%5D%5Bterms%5D%5B0%5D=56&amp;tax_query%5Brelation%5D=AND\" data-max-page=\"26\">\n                    <span class=\"eael-btn-loader button__loader\"><\/span>\n                    <span class=\"eael_load_more_text\">Load More<\/span>\n                <\/button>\n            <\/div>\n            \t\t\t\t<\/div>\n\t\t\t\t\t<\/div>\n\t\t\t\t<\/div>\n\t\t\t\t<\/div>\n\t\t","protected":false},"excerpt":{"rendered":"<p>&#8220;\u00bfQu\u00e9 tal una historia de un peque\u00f1o cambio democr\u00e1tico casi imposible pero logrado con una gran participaci\u00f3n?&#8221;: dice el migrante guatemalteco Clemente Ajtziij, quien ahora tiene su licencia de conducir y est\u00e1 agradecido con todas aquellas personas que lo han hecho posible. Una nota de gratitud, por Clemente Ajtziij, migrante guatemalteco Un deseo hecho realidad [&hellip;]<\/p>\n","protected":false},"author":1,"featured_media":38138,"comment_status":"open","ping_status":"open","sticky":false,"template":"","format":"standard","meta":{"_acf_changed":false,"_eb_attr":"","footnotes":""},"categories":[56],"tags":[],"class_list":["post-38136","post","type-post","status-publish","format-standard","has-post-thumbnail","hentry","category-lugar-de-voces"],"acf":[],"aioseo_notices":[],"aioseo_head":"\n\t\t<!-- All in One SEO Pro 4.9.6.2 - aioseo.com -->\n\t<meta name=\"description\" content=\"El V\u00eda Crucis es una tradici\u00f3n cristiana que recuerda la Pasi\u00f3n de Cristo. Los misioneros Scalabrinianos impulsan una versi\u00f3n dedicada a la penuria migrante\" \/>\n\t<meta name=\"robots\" content=\"max-snippet:-1, max-image-preview:large, max-video-preview:-1\" \/>\n\t<meta name=\"author\" content=\"SoyMigrante.com REVISTA\"\/>\n\t<link rel=\"canonical\" href=\"https:\/\/soymigrante.com\/revista\/cuantas-estaciones-tiene-el-via-crucis-migrante-y-que-significado-tiene-cada-una\/\" \/>\n\t<meta name=\"generator\" content=\"All in One SEO Pro (AIOSEO) 4.9.6.2\" \/>\n\n\t\t<link rel=\"preconnect\" href=\"https:\/\/fonts.googleapis.com\" crossorigin>\n<link rel=\"preconnect\" href=\"https:\/\/fonts.gstatic.com\" crossorigin>\n\t\t<meta property=\"og:locale\" content=\"es_ES\" \/>\n\t\t<meta property=\"og:site_name\" content=\"SoyMigrante.com REVISTA \u2013 Nuestra misi\u00f3n es reconocer y dignificar al migrante.\" \/>\n\t\t<meta property=\"og:type\" content=\"article\" \/>\n\t\t<meta property=\"og:title\" content=\"V\u00eda Crucis del Migrante: el significado de cada estaci\u00f3n\" \/>\n\t\t<meta property=\"og:description\" content=\"El V\u00eda Crucis es una tradici\u00f3n cristiana que recuerda la Pasi\u00f3n de Cristo. Los misioneros Scalabrinianos impulsan una versi\u00f3n dedicada a la penuria migrante\" \/>\n\t\t<meta property=\"og:url\" content=\"https:\/\/soymigrante.com\/revista\/cuantas-estaciones-tiene-el-via-crucis-migrante-y-que-significado-tiene-cada-una\/\" \/>\n\t\t<meta property=\"og:image\" content=\"https:\/\/soymigrante.com\/revista\/wp-content\/uploads\/2026\/03\/via-crucis-migrante-ilustrado-estacion.png\" \/>\n\t\t<meta property=\"og:image:secure_url\" content=\"https:\/\/soymigrante.com\/revista\/wp-content\/uploads\/2026\/03\/via-crucis-migrante-ilustrado-estacion.png\" \/>\n\t\t<meta property=\"og:image:width\" content=\"1024\" \/>\n\t\t<meta property=\"og:image:height\" content=\"1024\" \/>\n\t\t<meta property=\"article:published_time\" content=\"2026-03-30T22:31:48+00:00\" \/>\n\t\t<meta property=\"article:modified_time\" content=\"2026-04-01T18:05:26+00:00\" \/>\n\t\t<meta property=\"article:publisher\" content=\"https:\/\/www.facebook.com\/soymigrantecom\" \/>\n\t\t<meta name=\"twitter:card\" content=\"summary_large_image\" \/>\n\t\t<meta name=\"twitter:site\" content=\"@SoyMigrante_com\" \/>\n\t\t<meta name=\"twitter:title\" content=\"V\u00eda Crucis del Migrante: el significado de cada estaci\u00f3n\" \/>\n\t\t<meta name=\"twitter:description\" content=\"El V\u00eda Crucis es una tradici\u00f3n cristiana que recuerda la Pasi\u00f3n de Cristo. Los misioneros Scalabrinianos impulsan una versi\u00f3n dedicada a la penuria migrante\" \/>\n\t\t<meta name=\"twitter:creator\" content=\"@SoyMigrante_com\" \/>\n\t\t<meta name=\"twitter:image\" content=\"https:\/\/soymigrante.com\/revista\/wp-content\/uploads\/2026\/03\/via-crucis-migrante-ilustrado-estacion.png\" \/>\n\t\t<!-- All in One SEO Pro -->\r\n\t\t<title>V\u00eda Crucis del Migrante: el significado de cada estaci\u00f3n<\/title>\n\n","aioseo_head_json":{"title":"V\u00eda Crucis del Migrante: el significado de cada estaci\u00f3n","description":"El V\u00eda Crucis es una tradici\u00f3n cristiana que recuerda la Pasi\u00f3n de Cristo. Los misioneros Scalabrinianos impulsan una versi\u00f3n dedicada a la penuria migrante","canonical_url":"https:\/\/soymigrante.com\/revista\/cuantas-estaciones-tiene-el-via-crucis-migrante-y-que-significado-tiene-cada-una\/","robots":"max-snippet:-1, max-image-preview:large, max-video-preview:-1","keywords":"","webmasterTools":{"miscellaneous":"&lt;link rel=\"preconnect\" href=\"https:\/\/fonts.googleapis.com\" crossorigin&gt;\n&lt;link rel=\"preconnect\" href=\"https:\/\/fonts.gstatic.com\" crossorigin&gt;"},"schema":null,"og:locale":"es_ES","og:site_name":"SoyMigrante.com REVISTA \u2013 Nuestra misi\u00f3n es reconocer y dignificar al migrante.","og:type":"article","og:title":"V\u00eda Crucis del Migrante: el significado de cada estaci\u00f3n","og:description":"El V\u00eda Crucis es una tradici\u00f3n cristiana que recuerda la Pasi\u00f3n de Cristo. Los misioneros Scalabrinianos impulsan una versi\u00f3n dedicada a la penuria migrante","og:url":"https:\/\/soymigrante.com\/revista\/cuantas-estaciones-tiene-el-via-crucis-migrante-y-que-significado-tiene-cada-una\/","og:image":"https:\/\/soymigrante.com\/revista\/wp-content\/uploads\/2026\/03\/via-crucis-migrante-ilustrado-estacion.png","og:image:secure_url":"https:\/\/soymigrante.com\/revista\/wp-content\/uploads\/2026\/03\/via-crucis-migrante-ilustrado-estacion.png","og:image:width":1024,"og:image:height":1024,"article:published_time":"2026-03-30T22:31:48+00:00","article:modified_time":"2026-04-01T18:05:26+00:00","article:publisher":"https:\/\/www.facebook.com\/soymigrantecom","twitter:card":"summary_large_image","twitter:site":"@SoyMigrante_com","twitter:title":"V\u00eda Crucis del Migrante: el significado de cada estaci\u00f3n","twitter:description":"El V\u00eda Crucis es una tradici\u00f3n cristiana que recuerda la Pasi\u00f3n de Cristo. Los misioneros Scalabrinianos impulsan una versi\u00f3n dedicada a la penuria migrante","twitter:creator":"@SoyMigrante_com","twitter:image":"https:\/\/soymigrante.com\/revista\/wp-content\/uploads\/2026\/03\/via-crucis-migrante-ilustrado-estacion.png"},"aioseo_meta_data":{"post_id":"38136","title":"Alegr\u00eda por una licencia de conducir en Massachussets","description":"Guatemalteco Clemente Ajtziij publica un texto lleno de gratitud a quienes hicieron posible que migrantes como \u00e9l puedan tramitar su licencia de conducir.","keywords":null,"keyphrases":{"focus":{"keyphrase":"Migrante","score":74,"analysis":{"keyphraseInTitle":{"score":3,"maxScore":9,"error":1},"keyphraseInDescription":{"score":3,"maxScore":9,"error":1},"keyphraseLength":{"score":9,"maxScore":9,"error":0,"length":1},"keyphraseInURL":{"score":5,"maxScore":5,"error":0},"keyphraseInIntroduction":{"score":9,"maxScore":9,"error":0},"keyphraseInSubHeadings":{"score":3,"maxScore":9,"error":1},"keyphraseInImageAlt":{"score":9,"maxScore":9,"error":0},"keywordDensity":{"type":"best","score":9,"maxScore":9,"error":0}}},"additional":[{"keyphrase":"Guatemalteco","score":80,"analysis":{"keyphraseInDescription":{"score":9,"maxScore":9,"error":0},"keyphraseLength":{"score":9,"maxScore":9,"error":0,"length":1},"keyphraseInIntroduction":{"score":9,"maxScore":9,"error":0},"keyphraseInImageAlt":{"score":9,"maxScore":9,"error":0},"keywordDensity":{"score":0,"type":"low","maxScore":9,"error":1}}},{"keyphrase":"Licencia","score":67,"analysis":{"keyphraseInDescription":{"score":9,"maxScore":9,"error":0},"keyphraseLength":{"score":9,"maxScore":9,"error":0,"length":1},"keyphraseInIntroduction":{"score":3,"maxScore":9,"error":1},"keyphraseInImageAlt":{"score":9,"maxScore":9,"error":0},"keywordDensity":{"score":0,"type":"low","maxScore":9,"error":1}}}]},"primary_term":null,"canonical_url":null,"og_title":null,"og_description":null,"og_object_type":"default","og_image_type":"default","og_image_url":null,"og_image_width":null,"og_image_height":null,"og_image_custom_url":null,"og_image_custom_fields":null,"og_video":"","og_custom_url":null,"og_article_section":null,"og_article_tags":null,"twitter_use_og":false,"twitter_card":"default","twitter_image_type":"default","twitter_image_url":null,"twitter_image_custom_url":null,"twitter_image_custom_fields":null,"twitter_title":null,"twitter_description":null,"schema":{"blockGraphs":[],"customGraphs":[],"default":{"data":{"Article":[],"Course":[],"Dataset":[],"FAQPage":[],"Movie":[],"Person":[],"Product":[],"ProductReview":[],"Car":[],"Recipe":[],"Service":[],"SoftwareApplication":[],"WebPage":[]},"graphName":"none","isEnabled":true},"graphs":[]},"schema_type":"default","schema_type_options":null,"pillar_content":false,"robots_default":true,"robots_noindex":false,"robots_noarchive":false,"robots_nosnippet":false,"robots_nofollow":false,"robots_noimageindex":false,"robots_noodp":false,"robots_notranslate":false,"robots_max_snippet":"-1","robots_max_videopreview":"-1","robots_max_imagepreview":"large","priority":null,"frequency":"default","local_seo":null,"seo_analyzer_scan_date":"2025-10-09 06:19:24","breadcrumb_settings":null,"limit_modified_date":false,"reviewed_by":"0","open_ai":null,"ai":{"faqs":[],"keyPoints":[],"titles":[],"descriptions":[],"socialPosts":{"email":[],"linkedin":[],"twitter":[],"facebook":[],"instagram":[]}},"created":"2025-07-01 05:00:36","updated":"2026-02-05 01:27:10"},"aioseo_breadcrumb":"<div class=\"aioseo-breadcrumbs\"><span class=\"aioseo-breadcrumb\">\n\t<a href=\"https:\/\/soymigrante.com\/revista\" title=\"Home\">Home<\/a>\n<\/span><span class=\"aioseo-breadcrumb-separator\">\u00bb<\/span><span class=\"aioseo-breadcrumb\">\n\t<a href=\"https:\/\/soymigrante.com\/revista\/category\/estamos-unidos\/\" title=\"Estamos Unidos\">Estamos Unidos<\/a>\n<\/span><span class=\"aioseo-breadcrumb-separator\">\u00bb<\/span><span class=\"aioseo-breadcrumb\">\n\t<a href=\"https:\/\/soymigrante.com\/revista\/category\/estamos-unidos\/lugar-de-voces\/\" title=\"Lugar de Voces\">Lugar de Voces<\/a>\n<\/span><span class=\"aioseo-breadcrumb-separator\">\u00bb<\/span><span class=\"aioseo-breadcrumb\">\n\tAlegr\u00eda y gratitud por una licencia de conducir en Massachussets\n<\/span><\/div>","aioseo_breadcrumb_json":[{"label":"Home","link":"https:\/\/soymigrante.com\/revista"},{"label":"Estamos Unidos","link":"https:\/\/soymigrante.com\/revista\/category\/estamos-unidos\/"},{"label":"Lugar de Voces","link":"https:\/\/soymigrante.com\/revista\/category\/estamos-unidos\/lugar-de-voces\/"},{"label":"Alegr\u00eda y gratitud por una licencia de conducir en Massachussets","link":"https:\/\/soymigrante.com\/revista\/alegria-y-gratitud-por-una-licencia-de-conducir-en-massachussets\/"}],"_links":{"self":[{"href":"https:\/\/soymigrante.com\/revista\/wp-json\/wp\/v2\/posts\/38136","targetHints":{"allow":["GET"]}}],"collection":[{"href":"https:\/\/soymigrante.com\/revista\/wp-json\/wp\/v2\/posts"}],"about":[{"href":"https:\/\/soymigrante.com\/revista\/wp-json\/wp\/v2\/types\/post"}],"author":[{"embeddable":true,"href":"https:\/\/soymigrante.com\/revista\/wp-json\/wp\/v2\/users\/1"}],"replies":[{"embeddable":true,"href":"https:\/\/soymigrante.com\/revista\/wp-json\/wp\/v2\/comments?post=38136"}],"version-history":[{"count":5,"href":"https:\/\/soymigrante.com\/revista\/wp-json\/wp\/v2\/posts\/38136\/revisions"}],"predecessor-version":[{"id":38145,"href":"https:\/\/soymigrante.com\/revista\/wp-json\/wp\/v2\/posts\/38136\/revisions\/38145"}],"wp:featuredmedia":[{"embeddable":true,"href":"https:\/\/soymigrante.com\/revista\/wp-json\/wp\/v2\/media\/38138"}],"wp:attachment":[{"href":"https:\/\/soymigrante.com\/revista\/wp-json\/wp\/v2\/media?parent=38136"}],"wp:term":[{"taxonomy":"category","embeddable":true,"href":"https:\/\/soymigrante.com\/revista\/wp-json\/wp\/v2\/categories?post=38136"},{"taxonomy":"post_tag","embeddable":true,"href":"https:\/\/soymigrante.com\/revista\/wp-json\/wp\/v2\/tags?post=38136"}],"curies":[{"name":"wp","href":"https:\/\/api.w.org\/{rel}","templated":true}]}}