{"id":38113,"date":"2025-07-01T04:00:00","date_gmt":"2025-07-01T10:00:00","guid":{"rendered":"https:\/\/soymigrante.com\/revista\/?p=38113"},"modified":"2025-06-30T22:50:59","modified_gmt":"2025-07-01T04:50:59","slug":"lloramos-reimos-gritamos-migrante-relata-triunfo-de-la-seleccion-sobre-canada-video","status":"publish","type":"post","link":"https:\/\/soymigrante.com\/revista\/lloramos-reimos-gritamos-migrante-relata-triunfo-de-la-seleccion-sobre-canada-video\/","title":{"rendered":"&#8220;Lloramos, re\u00edmos, gritamos&#8221;: migrante relata  triunfo de la Selecci\u00f3n sobre Canad\u00e1 (video)"},"content":{"rendered":"\t\t<div data-elementor-type=\"wp-post\" data-elementor-id=\"38113\" class=\"elementor elementor-38113\" data-elementor-post-type=\"post\">\n\t\t\t\t<div data-particle_enable=\"false\" data-particle-mobile-disabled=\"false\" class=\"elementor-element elementor-element-5833422 e-flex e-con-boxed e-con e-parent\" data-id=\"5833422\" data-element_type=\"container\" data-e-type=\"container\">\n\t\t\t\t\t<div class=\"e-con-inner\">\n\t\t\t\t<div class=\"elementor-element elementor-element-c73742e elementor-widget elementor-widget-heading\" data-id=\"c73742e\" data-element_type=\"widget\" data-e-type=\"widget\" data-widget_type=\"heading.default\">\n\t\t\t\t\t<h2 class=\"elementor-heading-title elementor-size-default\"><span style=\"font-size: 31.2px\">En seis a\u00f1os viviendo en Minnesota, Javier Samayoa no hab\u00eda visto una escena as\u00ed: el 29 de junio de 2025, el US Bank Stadium de Minneapolis, se convirti\u00f3 en una peque\u00f1a Guatemala desbordada de banderas, playeras azul y blanco, gritos y l\u00e1grimas. As\u00ed lo relata.<\/span><\/h2>\t\t\t\t<\/div>\n\t\t\t\t\t<\/div>\n\t\t\t\t<\/div>\n\t\t<div data-particle_enable=\"false\" data-particle-mobile-disabled=\"false\" class=\"elementor-element elementor-element-7bb4b80 e-flex e-con-boxed e-con e-parent\" data-id=\"7bb4b80\" data-element_type=\"container\" data-e-type=\"container\">\n\t\t\t\t\t<div class=\"e-con-inner\">\n\t\t\t\t<div class=\"elementor-element elementor-element-c40cd1f elementor-widget elementor-widget-text-editor\" data-id=\"c40cd1f\" data-element_type=\"widget\" data-e-type=\"widget\" data-widget_type=\"text-editor.default\">\n\t\t\t\t\t\t\t\t\t<p>&#8220;Se cree que somos pocos los guatemaltecos en Minnesota&#8221; -cuenta Javier Samayoa, migrante guatemalteco- pero ese d\u00eda llegaron chapines de todas partes: Wisconsin, Iowa, Nebraska, Chicago. Fue algo in\u00e9dito\u201d, acerca del partido de la Copa de Oro en el cual la selecci\u00f3n nacional de futbol de Guatemala venci\u00f3 en la tanda de penales a su similar de Canad\u00e1.\u00a0<\/p><p>E en el coraz\u00f3n del Medio Oeste estadounidense, miles de guatemaltecos \u2014que no siempre se ven, pero ah\u00ed est\u00e1n y se saludan como hermanos aunque no se conozcan\u2014 encontraron un motivo para reunirse, reconocerse y emocionarse como pocas veces.<\/p>\t\t\t\t\t\t\t\t<\/div>\n\t\t\t\t\t<\/div>\n\t\t\t\t<\/div>\n\t\t<div data-particle_enable=\"false\" data-particle-mobile-disabled=\"false\" class=\"elementor-element elementor-element-03c4ee1 e-flex e-con-boxed e-con e-parent\" data-id=\"03c4ee1\" data-element_type=\"container\" data-e-type=\"container\">\n\t\t\t\t\t<div class=\"e-con-inner\">\n\t\t\t\t<div class=\"elementor-element elementor-element-f00380c elementor-widget elementor-widget-heading\" data-id=\"f00380c\" data-element_type=\"widget\" data-e-type=\"widget\" data-widget_type=\"heading.default\">\n\t\t\t\t\t<h3 class=\"elementor-heading-title elementor-size-default\">El momento y la euforia del gol del triunfo<\/h3>\t\t\t\t<\/div>\n\t\t\t\t\t<\/div>\n\t\t\t\t<\/div>\n\t\t<div data-particle_enable=\"false\" data-particle-mobile-disabled=\"false\" class=\"elementor-element elementor-element-08ce2c0 e-flex e-con-boxed e-con e-parent\" data-id=\"08ce2c0\" data-element_type=\"container\" data-e-type=\"container\">\n\t\t\t\t\t<div class=\"e-con-inner\">\n\t\t\t\t<div class=\"elementor-element elementor-element-d8400d3 elementor-widget elementor-widget-video\" data-id=\"d8400d3\" data-element_type=\"widget\" data-e-type=\"widget\" data-settings=\"{&quot;video_type&quot;:&quot;hosted&quot;,&quot;controls&quot;:&quot;yes&quot;}\" data-widget_type=\"video.default\">\n\t\t\t\t\t\t\t<div class=\"e-hosted-video elementor-wrapper elementor-open-inline\">\n\t\t\t\t\t<video class=\"elementor-video\" src=\"https:\/\/soymigrante.com\/revista\/wp-content\/uploads\/2025\/06\/video-triunfo-guatemala-por-javier-samayoa.mp4\" controls=\"\" preload=\"metadata\" controlsList=\"nodownload\"><\/video>\n\t\t\t\t<\/div>\n\t\t\t\t\t\t<\/div>\n\t\t\t\t\t<\/div>\n\t\t\t\t<\/div>\n\t\t<div data-particle_enable=\"false\" data-particle-mobile-disabled=\"false\" class=\"elementor-element elementor-element-c2fae12 e-flex e-con-boxed e-con e-parent\" data-id=\"c2fae12\" data-element_type=\"container\" data-e-type=\"container\">\n\t\t\t\t\t<div class=\"e-con-inner\">\n\t\t\t\t<div class=\"elementor-element elementor-element-0086af3 elementor-widget elementor-widget-heading\" data-id=\"0086af3\" data-element_type=\"widget\" data-e-type=\"widget\" data-widget_type=\"heading.default\">\n\t\t\t\t\t<h3 class=\"elementor-heading-title elementor-size-default\">Patriotismo y hermandad lejos de la patria<\/h3>\t\t\t\t<\/div>\n\t\t\t\t\t<\/div>\n\t\t\t\t<\/div>\n\t\t<div data-particle_enable=\"false\" data-particle-mobile-disabled=\"false\" class=\"elementor-element elementor-element-a9d3d78 e-flex e-con-boxed e-con e-parent\" data-id=\"a9d3d78\" data-element_type=\"container\" data-e-type=\"container\">\n\t\t\t\t\t<div class=\"e-con-inner\">\n\t\t\t\t<div class=\"elementor-element elementor-element-07c6949 elementor-widget elementor-widget-text-editor\" data-id=\"07c6949\" data-element_type=\"widget\" data-e-type=\"widget\" data-widget_type=\"text-editor.default\">\n\t\t\t\t\t\t\t\t\t<p>\u201cCuando uno est\u00e1 lejos se vuelve m\u00e1s patriota\u201d, reflexiona Javier. Y ese d\u00eda, esa verdad se hizo palpable. El estadio se llen\u00f3 de banderas, camisas con el escudo nacional, se\u00f1oras con trajes t\u00edpicos, ni\u00f1os y j\u00f3venes cantando el himno. \u201cHab\u00eda algo extra\u00f1o y bonito: ver a tantas personas guatemaltecas que nunca hab\u00edas visto y sentir que todas eran familia\u201d, dice.<\/p><p>No importaba el departamento de origen, el acento o el tiempo fuera del pa\u00eds. Esa noche, Guatemala no era una geograf\u00eda, era una emoci\u00f3n compartida en Minneapolis. Un reencuentro entre paisanos y migrantes, acrisolado con una victoria hist\u00f3rica. Guatemala no clasificaba a una semifinal de Copa Oro desde 1996.<\/p>\t\t\t\t\t\t\t\t<\/div>\n\t\t\t\t\t<\/div>\n\t\t\t\t<\/div>\n\t\t<div data-particle_enable=\"false\" data-particle-mobile-disabled=\"false\" class=\"elementor-element elementor-element-941af62 e-flex e-con-boxed e-con e-parent\" data-id=\"941af62\" data-element_type=\"container\" data-e-type=\"container\">\n\t\t\t\t\t<div class=\"e-con-inner\">\n\t\t\t\t<div class=\"elementor-element elementor-element-c4c32ea elementor-widget elementor-widget-image\" data-id=\"c4c32ea\" data-element_type=\"widget\" data-e-type=\"widget\" data-widget_type=\"image.default\">\n\t\t\t\t\t\t\t\t\t\t\t\t<figure class=\"wp-caption\">\n\t\t\t\t\t\t\t\t\t\t<img fetchpriority=\"high\" decoding=\"async\" width=\"768\" height=\"768\" src=\"https:\/\/soymigrante.com\/revista\/wp-content\/uploads\/2025\/06\/migrante-triunfo-seleccion-minnesota-1-1024x1024.jpg\" class=\"attachment-large size-large wp-image-38121\" alt=\"Disfruta de la revista SoyMigrante.com REVISTA con art\u00edculos sobre migraci\u00f3n, cultura y derechos de los inmigrantes en Latinoam\u00e9rica y el mundo.\" srcset=\"https:\/\/soymigrante.com\/revista\/wp-content\/uploads\/2025\/06\/migrante-triunfo-seleccion-minnesota-1-1024x1024.jpg 1024w, https:\/\/soymigrante.com\/revista\/wp-content\/uploads\/2025\/06\/migrante-triunfo-seleccion-minnesota-1-300x300.jpg 300w, https:\/\/soymigrante.com\/revista\/wp-content\/uploads\/2025\/06\/migrante-triunfo-seleccion-minnesota-1-150x150.jpg 150w, https:\/\/soymigrante.com\/revista\/wp-content\/uploads\/2025\/06\/migrante-triunfo-seleccion-minnesota-1-768x768.jpg 768w, https:\/\/soymigrante.com\/revista\/wp-content\/uploads\/2025\/06\/migrante-triunfo-seleccion-minnesota-1-75x75.webp 75w, https:\/\/soymigrante.com\/revista\/wp-content\/uploads\/2025\/06\/migrante-triunfo-seleccion-minnesota-1-750x750.webp 750w, https:\/\/soymigrante.com\/revista\/wp-content\/uploads\/2025\/06\/migrante-triunfo-seleccion-minnesota-1-1140x1140.webp 1140w, https:\/\/soymigrante.com\/revista\/wp-content\/uploads\/2025\/06\/migrante-triunfo-seleccion-minnesota-1.webp 1373w\" sizes=\"(max-width: 768px) 100vw, 768px\" title=\"El migrante guatemalteco Javier Samayoa, con camisola oscura, acudi\u00f3 junto a varios amigos (y miles de compatriotas) al estadio US Bank Stadium. (Foto cortes\u00eda Javier Samayoa) Si deseas conocer su historia migrante, clic en la foto. \u2013 SoyMigrante.com REVISTA\" \/>\t\t\t\t\t\t\t\t\t\t\t<figcaption class=\"widget-image-caption wp-caption-text\">Gente en un estadio de f\u00fatbol disfrutando del evento y compartiendo momentos familiares y sociales.<\/figcaption>\n\t\t\t\t\t\t\t\t\t\t<\/figure>\n\t\t\t\t\t\t\t\t\t<\/div>\n\t\t\t\t\t<\/div>\n\t\t\t\t<\/div>\n\t\t<div data-particle_enable=\"false\" data-particle-mobile-disabled=\"false\" class=\"elementor-element elementor-element-f13ef30 e-flex e-con-boxed e-con e-parent\" data-id=\"f13ef30\" data-element_type=\"container\" data-e-type=\"container\">\n\t\t\t\t\t<div class=\"e-con-inner\">\n\t\t\t\t<div class=\"elementor-element elementor-element-7ed0791 elementor-widget elementor-widget-heading\" data-id=\"7ed0791\" data-element_type=\"widget\" data-e-type=\"widget\" data-widget_type=\"heading.default\">\n\t\t\t\t\t<h3 class=\"elementor-heading-title elementor-size-default\">Jugada confuso, penalti injusto y alma en vilo<\/h3>\t\t\t\t<\/div>\n\t\t\t\t\t<\/div>\n\t\t\t\t<\/div>\n\t\t<div data-particle_enable=\"false\" data-particle-mobile-disabled=\"false\" class=\"elementor-element elementor-element-a006bf2 e-flex e-con-boxed e-con e-parent\" data-id=\"a006bf2\" data-element_type=\"container\" data-e-type=\"container\">\n\t\t\t\t\t<div class=\"e-con-inner\">\n\t\t\t\t<div class=\"elementor-element elementor-element-7c2aaa1 elementor-widget elementor-widget-text-editor\" data-id=\"7c2aaa1\" data-element_type=\"widget\" data-e-type=\"widget\" data-widget_type=\"text-editor.default\">\n\t\t\t\t\t\t\t\t\t<p>El partido fue una monta\u00f1a de emociones. Cuando el \u00e1rbitro pit\u00f3 un penal dudoso a favor de Canad\u00e1, la confusi\u00f3n se apoder\u00f3 del estadio. \u201cNo pasaron la repetici\u00f3n en las pantallas. Los que est\u00e1bamos ah\u00ed no sab\u00edamos si realmente era penal\u201d, recuerda Javier.\u00a0 La frustraci\u00f3n fue inmediata. \u201cSe notaba en el ambiente, en las caras. Nadie entend\u00eda por qu\u00e9 no revisaron el VAR. Hab\u00eda enojo, pero tambi\u00e9n una fe callada\u201d, dice. Esa fe en que todo pod\u00eda cambiar, en que Guatemala a\u00fan pod\u00eda remontar.<\/p><p>&#8220;A ratos, el estadio se encend\u00eda con olas y aplausos espont\u00e1neos. No hab\u00eda una batucada, ni una barra organizada, pero s\u00ed un amor desbordado. Como si cada uno supiera que estaba siendo parte de algo irrepetible&#8221;, prosigue Javier.<\/p>\t\t\t\t\t\t\t\t<\/div>\n\t\t\t\t\t<\/div>\n\t\t\t\t<\/div>\n\t\t<div data-particle_enable=\"false\" data-particle-mobile-disabled=\"false\" class=\"elementor-element elementor-element-45180a8 e-flex e-con-boxed e-con e-parent\" data-id=\"45180a8\" data-element_type=\"container\" data-e-type=\"container\">\n\t\t\t\t\t<div class=\"e-con-inner\">\n\t\t\t\t<div class=\"elementor-element elementor-element-8fb6ba0 elementor-widget elementor-widget-image\" data-id=\"8fb6ba0\" data-element_type=\"widget\" data-e-type=\"widget\" data-widget_type=\"image.default\">\n\t\t\t\t\t\t\t\t\t\t\t\t<figure class=\"wp-caption\">\n\t\t\t\t\t\t\t\t\t\t<img decoding=\"async\" width=\"499\" height=\"658\" src=\"https:\/\/soymigrante.com\/revista\/wp-content\/uploads\/2025\/06\/familia-pineda-en-el-estadio.webp\" class=\"attachment-large size-large wp-image-38122\" alt=\"Guatemala Hace Historia bandera de la selecci\u00f3n nacional en manifestaci\u00f3n deportiva y cultural en la calle, con j\u00f3venes orgullosos portando la bandera y apoyando el deporte y la historia de Guatemala.\" srcset=\"https:\/\/soymigrante.com\/revista\/wp-content\/uploads\/2025\/06\/familia-pineda-en-el-estadio.webp 499w, https:\/\/soymigrante.com\/revista\/wp-content\/uploads\/2025\/06\/familia-pineda-en-el-estadio-228x300.png 228w\" sizes=\"(max-width: 499px) 100vw, 499px\" title=\"Connecticut no falt\u00f3 a la cita con la selecci\u00f3n azul y blanco. Si deseas conocer su historia, clic en la foto. \u2013 SoyMigrante.com REVISTA\" \/>\t\t\t\t\t\t\t\t\t\t\t<figcaption class=\"widget-image-caption wp-caption-text\">Celebraci\u00f3n de Guatemala en la calle, orgullo nacional durante evento deportivo con bandera y alegr\u00eda de los participantes.<\/figcaption>\n\t\t\t\t\t\t\t\t\t\t<\/figure>\n\t\t\t\t\t\t\t\t\t<\/div>\n\t\t\t\t\t<\/div>\n\t\t\t\t<\/div>\n\t\t<div data-particle_enable=\"false\" data-particle-mobile-disabled=\"false\" class=\"elementor-element elementor-element-c0bc68b e-flex e-con-boxed e-con e-parent\" data-id=\"c0bc68b\" data-element_type=\"container\" data-e-type=\"container\">\n\t\t\t\t\t<div class=\"e-con-inner\">\n\t\t\t\t<div class=\"elementor-element elementor-element-8c810a7 elementor-widget elementor-widget-heading\" data-id=\"8c810a7\" data-element_type=\"widget\" data-e-type=\"widget\" data-widget_type=\"heading.default\">\n\t\t\t\t\t<h3 class=\"elementor-heading-title elementor-size-default\">Tanda penales: con el coraz\u00f3n en un hilo<\/h3>\t\t\t\t<\/div>\n\t\t\t\t\t<\/div>\n\t\t\t\t<\/div>\n\t\t<div data-particle_enable=\"false\" data-particle-mobile-disabled=\"false\" class=\"elementor-element elementor-element-658d14d e-flex e-con-boxed e-con e-parent\" data-id=\"658d14d\" data-element_type=\"container\" data-e-type=\"container\">\n\t\t\t\t\t<div class=\"e-con-inner\">\n\t\t\t\t<div class=\"elementor-element elementor-element-1b02eae elementor-widget elementor-widget-text-editor\" data-id=\"1b02eae\" data-element_type=\"widget\" data-e-type=\"widget\" data-widget_type=\"text-editor.default\">\n\t\t\t\t\t\t\t\t\t<p>Llegaron los penales. Y con ellos, el sufrimiento total. \u201cEra un nudo en el est\u00f3mago. Nadie hablaba. Solo ve\u00edas manos en la cara, ojos cerrados, oraciones silenciosas, oraciones, esperanzas, un solo coraz\u00f3n\u201d.<\/p><p>Javier recuerda una frase de su amigo Oscar Simms, exfutbolista, quien tambi\u00e9n acudi\u00f3 al partido y explicaba ese car\u00e1cter impredecible de este deporte: \u201cTodos los deportes se juegan con la mano, menos el f\u00fatbol. Con las manos, uno sabe a d\u00f3nde va el bal\u00f3n. Con los pies, no. Por eso es el m\u00e1s apasionante\u201d. Y eso le ven\u00eda a la mente sobre todo al llegar la tanda de penales.<\/p><p>&#8220;Y ten\u00eda raz\u00f3n. En cada penal, el alma de un pa\u00eds estaba en suspenso&#8221;, cuenta. Cuando el delantero guatemalteco Pinto fall\u00f3, el silencio se volvi\u00f3 abismal. \u201cYo dije: ya estuvo. Otra vez no se nos dio\u201d, confiesa Javier. Pero entonces, poco despu\u00e9s un canadiense tambi\u00e9n fall\u00f3. Y el alma chapina resucit\u00f3.<\/p><p>Luego vino el gol de la victoria, el ansiado penal, la anhelada clasificaci\u00f3n: no hay imposibles.\u00a0 \u201cEse momento fue un renacer. Gritamos como nunca. Abrazamos a desconocidos. Yo estaba ronco de tanto gritar. Era mi cumplea\u00f1os, y no pod\u00eda pedir mejor regalo\u201d.<\/p>\t\t\t\t\t\t\t\t<\/div>\n\t\t\t\t\t<\/div>\n\t\t\t\t<\/div>\n\t\t<div data-particle_enable=\"false\" data-particle-mobile-disabled=\"false\" class=\"elementor-element elementor-element-6de9fc4 e-flex e-con-boxed e-con e-parent\" data-id=\"6de9fc4\" data-element_type=\"container\" data-e-type=\"container\">\n\t\t\t\t\t<div class=\"e-con-inner\">\n\t\t\t\t<div class=\"elementor-element elementor-element-b6aa2e6 elementor-widget elementor-widget-image\" data-id=\"b6aa2e6\" data-element_type=\"widget\" data-e-type=\"widget\" data-widget_type=\"image.default\">\n\t\t\t\t\t\t\t\t\t\t\t\t<figure class=\"wp-caption\">\n\t\t\t\t\t\t\t\t\t\t<img decoding=\"async\" width=\"768\" height=\"815\" src=\"https:\/\/soymigrante.com\/revista\/wp-content\/uploads\/2025\/06\/guatemala-triunfo-copa-oro.webp\" class=\"attachment-large size-large wp-image-38123\" alt=\"Viva Guatemala, apoyo y amor por la naci\u00f3n, manifestaci\u00f3n en estadio, bandera y mensajes de orgullo nacional durante evento deportivo.\" srcset=\"https:\/\/soymigrante.com\/revista\/wp-content\/uploads\/2025\/06\/guatemala-triunfo-copa-oro.webp 779w, https:\/\/soymigrante.com\/revista\/wp-content\/uploads\/2025\/06\/guatemala-triunfo-copa-oro-283x300.png 283w, https:\/\/soymigrante.com\/revista\/wp-content\/uploads\/2025\/06\/guatemala-triunfo-copa-oro-768x815.png 768w, https:\/\/soymigrante.com\/revista\/wp-content\/uploads\/2025\/06\/guatemala-triunfo-copa-oro-750x796.webp 750w\" sizes=\"(max-width: 768px) 100vw, 768px\" title=\"Esta imagen de un aficionado guatemalteco en redes sociales caus\u00f3 m\u00faltiples y elogiosos comentarios por su cartel. \u2013 SoyMigrante.com REVISTA\" \/>\t\t\t\t\t\t\t\t\t\t\t<figcaption class=\"widget-image-caption wp-caption-text\">Un aficionado guatemalteco sostiene un cartel en un estadio, mostrando orgullo y apoyo a Guatemala en un evento deportivo, con asistentes observando desde las gradas.<\/figcaption>\n\t\t\t\t\t\t\t\t\t\t<\/figure>\n\t\t\t\t\t\t\t\t\t<\/div>\n\t\t\t\t\t<\/div>\n\t\t\t\t<\/div>\n\t\t<div data-particle_enable=\"false\" data-particle-mobile-disabled=\"false\" class=\"elementor-element elementor-element-09a82a3 e-flex e-con-boxed e-con e-parent\" data-id=\"09a82a3\" data-element_type=\"container\" data-e-type=\"container\">\n\t\t\t\t\t<div class=\"e-con-inner\">\n\t\t\t\t<div class=\"elementor-element elementor-element-43e7938 elementor-widget elementor-widget-heading\" data-id=\"43e7938\" data-element_type=\"widget\" data-e-type=\"widget\" data-widget_type=\"heading.default\">\n\t\t\t\t\t<h3 class=\"elementor-heading-title elementor-size-default\">Lo que aprendimos en ese estadio de Minnesota<\/h3>\t\t\t\t<\/div>\n\t\t\t\t\t<\/div>\n\t\t\t\t<\/div>\n\t\t<div data-particle_enable=\"false\" data-particle-mobile-disabled=\"false\" class=\"elementor-element elementor-element-88304d6 e-flex e-con-boxed e-con e-parent\" data-id=\"88304d6\" data-element_type=\"container\" data-e-type=\"container\">\n\t\t\t\t\t<div class=\"e-con-inner\">\n\t\t\t\t<div class=\"elementor-element elementor-element-d8e2a37 elementor-widget elementor-widget-text-editor\" data-id=\"d8e2a37\" data-element_type=\"widget\" data-e-type=\"widget\" data-widget_type=\"text-editor.default\">\n\t\t\t\t\t\t\t\t\t<p>El partido termin\u00f3 y Guatemala clasific\u00f3 a semifinales, algo que no pasaba desde hac\u00eda casi tres d\u00e9cadas. Pero m\u00e1s all\u00e1 del resultado, Javier se qued\u00f3 con una certeza: hay que confiar.<\/p><p>\u201cTenemos que creer en nuestros jugadores, en nuestro t\u00e9cnico. Hay talento chap\u00edn. Esta selecci\u00f3n se merece llegar al Mundial\u201d.<\/p><p>En medio de la euforia, tambi\u00e9n queda la ense\u00f1anza para quienes han tenido que irse del pa\u00eds: \u201cNo hay que dejar de creer, ni siquiera despu\u00e9s de fallar un penal. A pesar de la adversidad, se puede\u201d.<\/p><p>Porque a veces, los triunfos m\u00e1s importantes no ocurren solo en la cancha, sino en el coraz\u00f3n de quienes siguen so\u00f1ando desde lejos.<\/p>\t\t\t\t\t\t\t\t<\/div>\n\t\t\t\t\t<\/div>\n\t\t\t\t<\/div>\n\t\t<div data-particle_enable=\"false\" data-particle-mobile-disabled=\"false\" class=\"elementor-element elementor-element-f73fbcb e-flex e-con-boxed e-con e-parent\" data-id=\"f73fbcb\" data-element_type=\"container\" data-e-type=\"container\">\n\t\t\t\t\t<div class=\"e-con-inner\">\n\t\t\t\t<div class=\"elementor-element elementor-element-19f7071 elementor-widget elementor-widget-image\" data-id=\"19f7071\" data-element_type=\"widget\" data-e-type=\"widget\" data-widget_type=\"image.default\">\n\t\t\t\t\t\t\t\t\t\t\t\t<figure class=\"wp-caption\">\n\t\t\t\t\t\t\t\t\t\t<img loading=\"lazy\" decoding=\"async\" width=\"768\" height=\"512\" src=\"https:\/\/soymigrante.com\/revista\/wp-content\/uploads\/2025\/06\/memes-copa-oro-guatemala-estados-unidos-1024x683.jpg\" class=\"attachment-large size-large wp-image-38124\" alt=\"\u00c1rboles, animales y bal\u00f3n de f\u00fatbol en un estadio, ilustraci\u00f3n digital de animales en un partido, \u00e1guila y loro enfrentados en un escenario deportivo, tem\u00e1tica de naturaleza y deportes en noticias VR.\" srcset=\"https:\/\/soymigrante.com\/revista\/wp-content\/uploads\/2025\/06\/memes-copa-oro-guatemala-estados-unidos-1024x683.jpg 1024w, https:\/\/soymigrante.com\/revista\/wp-content\/uploads\/2025\/06\/memes-copa-oro-guatemala-estados-unidos-300x200.jpg 300w, https:\/\/soymigrante.com\/revista\/wp-content\/uploads\/2025\/06\/memes-copa-oro-guatemala-estados-unidos-768x512.jpg 768w, https:\/\/soymigrante.com\/revista\/wp-content\/uploads\/2025\/06\/memes-copa-oro-guatemala-estados-unidos-750x500.webp 750w, https:\/\/soymigrante.com\/revista\/wp-content\/uploads\/2025\/06\/memes-copa-oro-guatemala-estados-unidos-1140x760.webp 1140w, https:\/\/soymigrante.com\/revista\/wp-content\/uploads\/2025\/06\/memes-copa-oro-guatemala-estados-unidos.webp 1536w\" sizes=\"(max-width: 768px) 100vw, 768px\" title=\"No han faltado los memes y las im\u00e1genes generadas por inteligencia artificial para reflejar el pr\u00f3ximo desaf\u00edo de Guatemala en la Copa Oro 2025: el juego contra Estados Unidos en semifinal. \u2013 SoyMigrante.com REVISTA\" \/>\t\t\t\t\t\t\t\t\t\t\t<figcaption class=\"widget-image-caption wp-caption-text\">Portada de revista SoyMigrante.com, noticias VR, migrantes, deportes y cultura.<\/figcaption>\n\t\t\t\t\t\t\t\t\t\t<\/figure>\n\t\t\t\t\t\t\t\t\t<\/div>\n\t\t\t\t\t<\/div>\n\t\t\t\t<\/div>\n\t\t<div data-particle_enable=\"false\" data-particle-mobile-disabled=\"false\" class=\"elementor-element elementor-element-014c95d e-flex e-con-boxed e-con e-parent\" data-id=\"014c95d\" data-element_type=\"container\" data-e-type=\"container\">\n\t\t\t\t\t<div class=\"e-con-inner\">\n\t\t\t\t<div class=\"elementor-element elementor-element-e1f0584 elementor-widget elementor-widget-heading\" data-id=\"e1f0584\" data-element_type=\"widget\" data-e-type=\"widget\" data-widget_type=\"heading.default\">\n\t\t\t\t\t<h2 class=\"elementor-heading-title elementor-size-default\">Guatemala sin fronteras<\/h2>\t\t\t\t<\/div>\n\t\t\t\t\t<\/div>\n\t\t\t\t<\/div>\n\t\t<div data-particle_enable=\"false\" data-particle-mobile-disabled=\"false\" class=\"elementor-element elementor-element-61e80a1 e-flex e-con-boxed e-con e-parent\" data-id=\"61e80a1\" data-element_type=\"container\" data-e-type=\"container\">\n\t\t\t\t\t<div class=\"e-con-inner\">\n\t\t\t\t<div class=\"elementor-element elementor-element-f2cabe0 elementor-grid-eael-col-3 elementor-grid-tablet-eael-col-2 elementor-grid-mobile-eael-col-1 elementor-invisible elementor-widget elementor-widget-eael-post-grid\" data-id=\"f2cabe0\" data-element_type=\"widget\" data-e-type=\"widget\" data-settings=\"{&quot;eael_post_grid_columns&quot;:&quot;eael-col-3&quot;,&quot;_animation&quot;:&quot;rollIn&quot;,&quot;eael_post_grid_columns_tablet&quot;:&quot;eael-col-2&quot;,&quot;eael_post_grid_columns_mobile&quot;:&quot;eael-col-1&quot;}\" data-widget_type=\"eael-post-grid.default\">\n\t\t\t\t\t<div id=\"eael-post-grid-f2cabe0\" class=\"eael-post-grid-container\">\n            <div class=\"eael-post-grid eael-post-appender eael-post-appender-f2cabe0 eael-post-grid-style-one\" data-layout-mode=\"masonry\"><article class=\"eael-grid-post  eael-post-grid-column eael-pg-post-43238 category-simbolos-patrios-guate-nuestra\" data-id=\"43238\">\n        <div class=\"eael-grid-post-holder\">\n            <div class=\"eael-grid-post-holder-inner\"><div class=\"eael-entry-media\"><div class=\"eael-entry-overlay fade-in\"><i class=\"far fa-hand-pointer\" aria-hidden=\"true\"><\/i><a href=\"https:\/\/soymigrante.com\/revista\/guia-de-los-7-simbolos-patrios-de-guatemala-origen-fechas-y-mas\/\"><\/a><\/div><div class=\"eael-entry-thumbnail \">\n                <img loading=\"lazy\" decoding=\"async\" width=\"1000\" height=\"1000\" src=\"https:\/\/soymigrante.com\/revista\/wp-content\/uploads\/2025\/08\/migrantes-guatemaltecos-quetzal-fotografia-marcos-zarate.webp\" class=\"attachment-large size-large wp-image-43239\" alt=\"Colorido loro de la selva tropical con un pez en el pico, en medio de la naturaleza exuberante, representando biodiversidad y conservaci\u00f3n de especies en Am\u00e9rica Latina.\" srcset=\"https:\/\/soymigrante.com\/revista\/wp-content\/uploads\/2025\/08\/migrantes-guatemaltecos-quetzal-fotografia-marcos-zarate.webp 1000w, https:\/\/soymigrante.com\/revista\/wp-content\/uploads\/2025\/08\/migrantes-guatemaltecos-quetzal-fotografia-marcos-zarate-300x300.png 300w, https:\/\/soymigrante.com\/revista\/wp-content\/uploads\/2025\/08\/migrantes-guatemaltecos-quetzal-fotografia-marcos-zarate-150x150.png 150w, https:\/\/soymigrante.com\/revista\/wp-content\/uploads\/2025\/08\/migrantes-guatemaltecos-quetzal-fotografia-marcos-zarate-768x768.png 768w, https:\/\/soymigrante.com\/revista\/wp-content\/uploads\/2025\/08\/migrantes-guatemaltecos-quetzal-fotografia-marcos-zarate-75x75.webp 75w, https:\/\/soymigrante.com\/revista\/wp-content\/uploads\/2025\/08\/migrantes-guatemaltecos-quetzal-fotografia-marcos-zarate-750x750.webp 750w\" sizes=\"(max-width: 1000px) 100vw, 1000px\" \/>\n            <\/div>\n        <\/div><div class=\"eael-entry-wrapper\"><header class=\"eael-entry-header\"><h2 class=\"eael-entry-title\"><a class=\"eael-grid-post-link\" href=\"https:\/\/soymigrante.com\/revista\/guia-de-los-7-simbolos-patrios-de-guatemala-origen-fechas-y-mas\/\" title=\"Gu\u00eda de los 7 S\u00edmbolos Patrios de Guatemala: origen, fechas y m\u00e1s\">Gu\u00eda de los 7 S\u00edmbolos Patrios de Guatemala: origen, fechas y m\u00e1s<\/a><\/h2><\/header><div class=\"eael-entry-content\">\n                        <div class=\"eael-grid-post-excerpt\"><a href=\"https:\/\/soymigrante.com\/revista\/guia-de-los-7-simbolos-patrios-de-guatemala-origen-fechas-y-mas\/\" class=\"eael-post-elements-readmore-btn\">CONOCE SU HISTORIA <\/a><\/div>\n                    <\/div><\/div><\/div>\n        <\/div>\n    <\/article><article class=\"eael-grid-post  eael-post-grid-column eael-pg-post-26080 category-arte-cultura-simbolos-patrios-guate-nuestra\" data-id=\"26080\">\n        <div class=\"eael-grid-post-holder\">\n            <div class=\"eael-grid-post-holder-inner\"><div class=\"eael-entry-media\"><div class=\"eael-entry-overlay fade-in\"><i class=\"far fa-hand-pointer\" aria-hidden=\"true\"><\/i><a href=\"https:\/\/soymigrante.com\/revista\/lee-y-escucha-el-mas-famoso-poema-a-la-marimba-guatemalteca\/\"><\/a><\/div><div class=\"eael-entry-thumbnail \">\n                <img loading=\"lazy\" decoding=\"async\" width=\"1024\" height=\"1024\" src=\"https:\/\/soymigrante.com\/revista\/wp-content\/uploads\/2025\/02\/marimba-dia-de-la-marimba-1024x1024.jpg\" class=\"attachment-large size-large wp-image-26082\" alt=\"Ni\u00f1os tocando xil\u00f3fono en evento escolar en un espacio abierto con flores y \u00e1rboles.\" srcset=\"https:\/\/soymigrante.com\/revista\/wp-content\/uploads\/2025\/02\/marimba-dia-de-la-marimba-1024x1024.jpg 1024w, https:\/\/soymigrante.com\/revista\/wp-content\/uploads\/2025\/02\/marimba-dia-de-la-marimba-300x300.jpg 300w, https:\/\/soymigrante.com\/revista\/wp-content\/uploads\/2025\/02\/marimba-dia-de-la-marimba-150x150.jpg 150w, https:\/\/soymigrante.com\/revista\/wp-content\/uploads\/2025\/02\/marimba-dia-de-la-marimba-768x768.jpg 768w, https:\/\/soymigrante.com\/revista\/wp-content\/uploads\/2025\/02\/marimba-dia-de-la-marimba-75x75.webp 75w, https:\/\/soymigrante.com\/revista\/wp-content\/uploads\/2025\/02\/marimba-dia-de-la-marimba-750x750.webp 750w, https:\/\/soymigrante.com\/revista\/wp-content\/uploads\/2025\/02\/marimba-dia-de-la-marimba-1140x1140.webp 1140w, https:\/\/soymigrante.com\/revista\/wp-content\/uploads\/2025\/02\/marimba-dia-de-la-marimba.webp 1299w\" sizes=\"(max-width: 1024px) 100vw, 1024px\" \/>\n            <\/div>\n        <\/div><div class=\"eael-entry-wrapper\"><header class=\"eael-entry-header\"><h2 class=\"eael-entry-title\"><a class=\"eael-grid-post-link\" href=\"https:\/\/soymigrante.com\/revista\/lee-y-escucha-el-mas-famoso-poema-a-la-marimba-guatemalteca\/\" title=\"Lee y escucha el m\u00e1s famoso poema a la Marimba, Instrumento Nacional de Guatemala\">Lee y escucha el m\u00e1s famoso poema a la Marimba, Instrumento Nacional de Guatemala<\/a><\/h2><\/header><div class=\"eael-entry-content\">\n                        <div class=\"eael-grid-post-excerpt\"><a href=\"https:\/\/soymigrante.com\/revista\/lee-y-escucha-el-mas-famoso-poema-a-la-marimba-guatemalteca\/\" class=\"eael-post-elements-readmore-btn\">CONOCE SU HISTORIA <\/a><\/div>\n                    <\/div><\/div><\/div>\n        <\/div>\n    <\/article><article class=\"eael-grid-post  eael-post-grid-column eael-pg-post-7188 category-guate-nuestra-simbolos-patrios-guate-nuestra\" data-id=\"7188\">\n        <div class=\"eael-grid-post-holder\">\n            <div class=\"eael-grid-post-holder-inner\"><div class=\"eael-entry-media\"><div class=\"eael-entry-overlay fade-in\"><i class=\"far fa-hand-pointer\" aria-hidden=\"true\"><\/i><a href=\"https:\/\/soymigrante.com\/revista\/tecun-uman-500-anos-del-heroe-nacional-de-guatemala\/\"><\/a><\/div><div class=\"eael-entry-thumbnail \">\n                <img loading=\"lazy\" decoding=\"async\" width=\"697\" height=\"697\" src=\"https:\/\/soymigrante.com\/revista\/wp-content\/uploads\/2024\/06\/tecuncito-1.webp\" class=\"attachment-large size-large wp-image-7189\" alt=\"Tecun Uman o Tec\u00fan Um\u00e1n, con tildes para el buscador. Es el h\u00e9roe nacional de Guatemala desde 1960. Muri\u00f3 en batalla en febrero de 1524 y su nombre se escribi\u00f3 por primera vez hacia 1550 en el T\u00edtulo Coyoy, documento ind\u00edgena. Imagen generada por IA\" srcset=\"https:\/\/soymigrante.com\/revista\/wp-content\/uploads\/2024\/06\/tecuncito-1.webp 697w, https:\/\/soymigrante.com\/revista\/wp-content\/uploads\/2024\/06\/tecuncito-1-300x300.webp 300w, https:\/\/soymigrante.com\/revista\/wp-content\/uploads\/2024\/06\/tecuncito-1-150x150.webp 150w, https:\/\/soymigrante.com\/revista\/wp-content\/uploads\/2024\/06\/tecuncito-1-75x75.webp 75w\" sizes=\"(max-width: 697px) 100vw, 697px\" \/>\n            <\/div>\n        <\/div><div class=\"eael-entry-wrapper\"><header class=\"eael-entry-header\"><h2 class=\"eael-entry-title\"><a class=\"eael-grid-post-link\" href=\"https:\/\/soymigrante.com\/revista\/tecun-uman-500-anos-del-heroe-nacional-de-guatemala\/\" title=\"\u00bfCu\u00e1ndo se conmemora el D\u00eda de Tec\u00fan Uman H\u00e9roe Nacional de Guatemala?\">\u00bfCu\u00e1ndo se conmemora el D\u00eda de Tec\u00fan Uman H\u00e9roe Nacional de Guatemala?<\/a><\/h2><\/header><div class=\"eael-entry-content\">\n                        <div class=\"eael-grid-post-excerpt\"><a href=\"https:\/\/soymigrante.com\/revista\/tecun-uman-500-anos-del-heroe-nacional-de-guatemala\/\" class=\"eael-post-elements-readmore-btn\">CONOCE SU HISTORIA <\/a><\/div>\n                    <\/div><\/div><\/div>\n        <\/div>\n    <\/article><\/div>\n            <div class=\"clearfix\"><\/div>\n        <\/div>            <div class=\"eael-load-more-button-wrap eael-force-hide\">\n                <button class=\"eael-load-more-button\" id=\"eael-load-more-btn-f2cabe0\" data-widget-id=\"f2cabe0\" data-widget=\"f2cabe0\" data-page-id=\"38113\" data-template=\"{&quot;dir&quot;:&quot;lite&quot;,&quot;file_name&quot;:&quot;one.php&quot;,&quot;name&quot;:&quot;Post-Grid&quot;}\" data-class=\"Essential_Addons_Elementor\\Elements\\Post_Grid\" data-layout=\"masonry\" data-page=\"1\" data-args=\"orderby=date&amp;order=desc&amp;ignore_sticky_posts=1&amp;post_status=publish&amp;posts_per_page=3&amp;offset=0&amp;post_type=post&amp;tax_query%5B0%5D%5Btaxonomy%5D=category&amp;tax_query%5B0%5D%5Bfield%5D=term_id&amp;tax_query%5B0%5D%5Bterms%5D%5B0%5D=96&amp;tax_query%5Brelation%5D=AND\" data-max-page=\"5\">\n                    <span class=\"eael-btn-loader button__loader\"><\/span>\n                    <span class=\"eael_load_more_text\">Load More<\/span>\n                <\/button>\n            <\/div>\n            \t\t\t\t<\/div>\n\t\t\t\t\t<\/div>\n\t\t\t\t<\/div>\n\t\t\t\t<\/div>\n\t\t","protected":false},"excerpt":{"rendered":"<p>En seis a\u00f1os viviendo en Minnesota, Javier Samayoa no hab\u00eda visto una escena as\u00ed: el 29 de junio de 2025, el US Bank Stadium de Minneapolis, se convirti\u00f3 en una peque\u00f1a Guatemala desbordada de banderas, playeras azul y blanco, gritos y l\u00e1grimas. As\u00ed lo relata. &#8220;Se cree que somos pocos los guatemaltecos en Minnesota&#8221; -cuenta [&hellip;]<\/p>\n","protected":false},"author":7,"featured_media":38115,"comment_status":"open","ping_status":"open","sticky":false,"template":"","format":"standard","meta":{"_acf_changed":false,"_eb_attr":"","footnotes":""},"categories":[54],"tags":[],"class_list":["post-38113","post","type-post","status-publish","format-standard","has-post-thumbnail","hentry","category-estamos-unidos"],"acf":[],"aioseo_notices":[],"aioseo_head":"\n\t\t<!-- All in One SEO Pro 4.9.6.2 - aioseo.com -->\n\t<meta name=\"description\" content=\"El combate del guerrero k&#039;iche&#039; contra el invasor Pedro de Alvarado fue en febrero de 1524. Conoce m\u00e1s sobre el H\u00e9roe Nacional de Guatemala.\" \/>\n\t<meta name=\"robots\" content=\"max-snippet:-1, max-image-preview:large, max-video-preview:-1\" \/>\n\t<meta name=\"author\" content=\"SoyMigrante.com REVISTA\"\/>\n\t<link rel=\"canonical\" href=\"https:\/\/soymigrante.com\/revista\/tecun-uman-500-anos-del-heroe-nacional-de-guatemala\/\" \/>\n\t<meta name=\"generator\" content=\"All in One SEO Pro (AIOSEO) 4.9.6.2\" \/>\n\n\t\t<link rel=\"preconnect\" href=\"https:\/\/fonts.googleapis.com\" crossorigin>\n<link rel=\"preconnect\" href=\"https:\/\/fonts.gstatic.com\" crossorigin>\n\t\t<meta property=\"og:locale\" content=\"es_ES\" \/>\n\t\t<meta property=\"og:site_name\" content=\"SoyMigrante.com REVISTA \u2013 Nuestra misi\u00f3n es reconocer y dignificar al migrante.\" \/>\n\t\t<meta property=\"og:type\" content=\"article\" \/>\n\t\t<meta property=\"og:title\" content=\"\u00bfEn qu\u00e9 fecha de febrero es el D\u00eda de Tec\u00fan Um\u00e1n?\" \/>\n\t\t<meta property=\"og:description\" content=\"El combate del guerrero k&#039;iche&#039; contra el invasor Pedro de Alvarado fue en febrero de 1524. Conoce m\u00e1s sobre el H\u00e9roe Nacional de Guatemala.\" \/>\n\t\t<meta property=\"og:url\" content=\"https:\/\/soymigrante.com\/revista\/tecun-uman-500-anos-del-heroe-nacional-de-guatemala\/\" \/>\n\t\t<meta property=\"og:image\" content=\"https:\/\/soymigrante.com\/revista\/wp-content\/uploads\/2024\/06\/tecuncito-1.webp\" \/>\n\t\t<meta property=\"og:image:secure_url\" content=\"https:\/\/soymigrante.com\/revista\/wp-content\/uploads\/2024\/06\/tecuncito-1.webp\" \/>\n\t\t<meta property=\"og:image:width\" content=\"697\" \/>\n\t\t<meta property=\"og:image:height\" content=\"697\" \/>\n\t\t<meta property=\"article:published_time\" content=\"2026-02-15T18:53:40+00:00\" \/>\n\t\t<meta property=\"article:modified_time\" content=\"2026-02-15T18:53:47+00:00\" \/>\n\t\t<meta property=\"article:publisher\" content=\"https:\/\/www.facebook.com\/soymigrantecom\" \/>\n\t\t<meta name=\"twitter:card\" content=\"summary_large_image\" \/>\n\t\t<meta name=\"twitter:site\" content=\"@SoyMigrante_com\" \/>\n\t\t<meta name=\"twitter:title\" content=\"\u00bfEn qu\u00e9 fecha de febrero es el D\u00eda de Tec\u00fan Um\u00e1n?\" \/>\n\t\t<meta name=\"twitter:description\" content=\"El combate del guerrero k&#039;iche&#039; contra el invasor Pedro de Alvarado fue en febrero de 1524. Conoce m\u00e1s sobre el H\u00e9roe Nacional de Guatemala.\" \/>\n\t\t<meta name=\"twitter:creator\" content=\"@SoyMigrante_com\" \/>\n\t\t<meta name=\"twitter:image\" content=\"https:\/\/soymigrante.com\/revista\/wp-content\/uploads\/2024\/06\/tecuncito-1.webp\" \/>\n\t\t<!-- All in One SEO Pro -->\r\n\t\t<title>\u00bfEn qu\u00e9 fecha de febrero es el D\u00eda de Tec\u00fan Um\u00e1n?<\/title>\n\n","aioseo_head_json":{"title":"\u00bfEn qu\u00e9 fecha de febrero es el D\u00eda de Tec\u00fan Um\u00e1n?","description":"El combate del guerrero k'iche' contra el invasor Pedro de Alvarado fue en febrero de 1524. Conoce m\u00e1s sobre el H\u00e9roe Nacional de Guatemala.","canonical_url":"https:\/\/soymigrante.com\/revista\/tecun-uman-500-anos-del-heroe-nacional-de-guatemala\/","robots":"max-snippet:-1, max-image-preview:large, max-video-preview:-1","keywords":"","webmasterTools":{"miscellaneous":"&lt;link rel=\"preconnect\" href=\"https:\/\/fonts.googleapis.com\" crossorigin&gt;\n&lt;link rel=\"preconnect\" href=\"https:\/\/fonts.gstatic.com\" crossorigin&gt;"},"schema":null,"og:locale":"es_ES","og:site_name":"SoyMigrante.com REVISTA \u2013 Nuestra misi\u00f3n es reconocer y dignificar al migrante.","og:type":"article","og:title":"\u00bfEn qu\u00e9 fecha de febrero es el D\u00eda de Tec\u00fan Um\u00e1n?","og:description":"El combate del guerrero k'iche' contra el invasor Pedro de Alvarado fue en febrero de 1524. Conoce m\u00e1s sobre el H\u00e9roe Nacional de Guatemala.","og:url":"https:\/\/soymigrante.com\/revista\/tecun-uman-500-anos-del-heroe-nacional-de-guatemala\/","og:image":"https:\/\/soymigrante.com\/revista\/wp-content\/uploads\/2024\/06\/tecuncito-1.webp","og:image:secure_url":"https:\/\/soymigrante.com\/revista\/wp-content\/uploads\/2024\/06\/tecuncito-1.webp","og:image:width":697,"og:image:height":697,"article:published_time":"2026-02-15T18:53:40+00:00","article:modified_time":"2026-02-15T18:53:47+00:00","article:publisher":"https:\/\/www.facebook.com\/soymigrantecom","twitter:card":"summary_large_image","twitter:site":"@SoyMigrante_com","twitter:title":"\u00bfEn qu\u00e9 fecha de febrero es el D\u00eda de Tec\u00fan Um\u00e1n?","twitter:description":"El combate del guerrero k'iche' contra el invasor Pedro de Alvarado fue en febrero de 1524. Conoce m\u00e1s sobre el H\u00e9roe Nacional de Guatemala.","twitter:creator":"@SoyMigrante_com","twitter:image":"https:\/\/soymigrante.com\/revista\/wp-content\/uploads\/2024\/06\/tecuncito-1.webp"},"aioseo_meta_data":{"post_id":"38113","title":"As\u00ed vivi\u00f3 un migrante el triunfo de la bicolor contra Canada\u00e1","description":"Migrante guatemalteco Javier Samayoa, radicado en Minnesota relata la alegr\u00eda compartida junto a miles de compatriotas al triunfar la selecci\u00f3n contra Canad\u00e1.","keywords":null,"keyphrases":{"focus":{"keyphrase":"Selecci\u00f3n","score":69,"analysis":{"keyphraseInTitle":{"score":3,"maxScore":9,"error":1},"keyphraseInDescription":{"score":9,"maxScore":9,"error":0},"keyphraseLength":{"score":9,"maxScore":9,"error":0,"length":2},"keyphraseInURL":{"score":5,"maxScore":5,"error":0},"keyphraseInIntroduction":{"score":9,"maxScore":9,"error":0},"keyphraseInSubHeadings":{"score":3,"maxScore":9,"error":1},"keyphraseInImageAlt":{"score":9,"maxScore":9,"error":0},"keywordDensity":{"score":0,"type":"low","maxScore":9,"error":1}}},"additional":[{"keyphrase":"Migrante","score":100,"analysis":{"keyphraseInDescription":{"score":9,"maxScore":9,"error":0},"keyphraseLength":{"score":9,"maxScore":9,"error":0,"length":1},"keyphraseInIntroduction":{"score":9,"maxScore":9,"error":0},"keyphraseInImageAlt":{"score":9,"maxScore":9,"error":0},"keywordDensity":{"type":"best","score":9,"maxScore":9,"error":0}}},{"keyphrase":"Guatemala","score":73,"analysis":{"keyphraseInDescription":{"score":3,"maxScore":9,"error":1},"keyphraseLength":{"score":9,"maxScore":9,"error":0,"length":1},"keyphraseInIntroduction":{"score":9,"maxScore":9,"error":0},"keyphraseInImageAlt":{"score":3,"maxScore":9,"error":1},"keywordDensity":{"type":"best","score":9,"maxScore":9,"error":0}}},{"keyphrase":"Canad\u00e1","score":67,"analysis":{"keyphraseInDescription":{"score":9,"maxScore":9,"error":0},"keyphraseLength":{"score":9,"maxScore":9,"error":0,"length":1},"keyphraseInIntroduction":{"score":9,"maxScore":9,"error":0},"keyphraseInImageAlt":{"score":3,"maxScore":9,"error":1},"keywordDensity":{"score":0,"type":"low","maxScore":9,"error":1}}}]},"primary_term":null,"canonical_url":null,"og_title":null,"og_description":null,"og_object_type":"default","og_image_type":"default","og_image_url":null,"og_image_width":null,"og_image_height":null,"og_image_custom_url":null,"og_image_custom_fields":null,"og_video":"","og_custom_url":null,"og_article_section":null,"og_article_tags":null,"twitter_use_og":false,"twitter_card":"default","twitter_image_type":"default","twitter_image_url":null,"twitter_image_custom_url":null,"twitter_image_custom_fields":null,"twitter_title":null,"twitter_description":null,"schema":{"blockGraphs":[],"customGraphs":[],"default":{"data":{"Article":[],"Course":[],"Dataset":[],"FAQPage":[],"Movie":[],"Person":[],"Product":[],"ProductReview":[],"Car":[],"Recipe":[],"Service":[],"SoftwareApplication":[],"WebPage":[]},"graphName":"none","isEnabled":true},"graphs":[]},"schema_type":"default","schema_type_options":null,"pillar_content":false,"robots_default":true,"robots_noindex":false,"robots_noarchive":false,"robots_nosnippet":false,"robots_nofollow":false,"robots_noimageindex":false,"robots_noodp":false,"robots_notranslate":false,"robots_max_snippet":"-1","robots_max_videopreview":"-1","robots_max_imagepreview":"large","priority":null,"frequency":"default","local_seo":null,"seo_analyzer_scan_date":"2025-10-09 06:19:23","breadcrumb_settings":null,"limit_modified_date":false,"reviewed_by":"0","open_ai":null,"ai":{"faqs":[],"keyPoints":[],"titles":[],"descriptions":[],"socialPosts":{"email":[],"linkedin":[],"twitter":[],"facebook":[],"instagram":[]}},"created":"2025-07-01 03:50:53","updated":"2026-02-05 01:27:10"},"aioseo_breadcrumb":"<div class=\"aioseo-breadcrumbs\"><span class=\"aioseo-breadcrumb\">\n\t<a href=\"https:\/\/soymigrante.com\/revista\" title=\"Home\">Home<\/a>\n<\/span><span class=\"aioseo-breadcrumb-separator\">\u00bb<\/span><span class=\"aioseo-breadcrumb\">\n\t<a href=\"https:\/\/soymigrante.com\/revista\/category\/estamos-unidos\/\" title=\"Estamos Unidos\">Estamos Unidos<\/a>\n<\/span><span class=\"aioseo-breadcrumb-separator\">\u00bb<\/span><span class=\"aioseo-breadcrumb\">\n\t\u201cLloramos, re\u00edmos, gritamos\u201d: migrante relata  triunfo de la Selecci\u00f3n sobre Canad\u00e1 (video)\n<\/span><\/div>","aioseo_breadcrumb_json":[{"label":"Home","link":"https:\/\/soymigrante.com\/revista"},{"label":"Estamos Unidos","link":"https:\/\/soymigrante.com\/revista\/category\/estamos-unidos\/"},{"label":"&#8220;Lloramos, re\u00edmos, gritamos&#8221;: migrante relata  triunfo de la Selecci\u00f3n sobre Canad\u00e1 (video)","link":"https:\/\/soymigrante.com\/revista\/lloramos-reimos-gritamos-migrante-relata-triunfo-de-la-seleccion-sobre-canada-video\/"}],"_links":{"self":[{"href":"https:\/\/soymigrante.com\/revista\/wp-json\/wp\/v2\/posts\/38113","targetHints":{"allow":["GET"]}}],"collection":[{"href":"https:\/\/soymigrante.com\/revista\/wp-json\/wp\/v2\/posts"}],"about":[{"href":"https:\/\/soymigrante.com\/revista\/wp-json\/wp\/v2\/types\/post"}],"author":[{"embeddable":true,"href":"https:\/\/soymigrante.com\/revista\/wp-json\/wp\/v2\/users\/7"}],"replies":[{"embeddable":true,"href":"https:\/\/soymigrante.com\/revista\/wp-json\/wp\/v2\/comments?post=38113"}],"version-history":[{"count":8,"href":"https:\/\/soymigrante.com\/revista\/wp-json\/wp\/v2\/posts\/38113\/revisions"}],"predecessor-version":[{"id":38130,"href":"https:\/\/soymigrante.com\/revista\/wp-json\/wp\/v2\/posts\/38113\/revisions\/38130"}],"wp:featuredmedia":[{"embeddable":true,"href":"https:\/\/soymigrante.com\/revista\/wp-json\/wp\/v2\/media\/38115"}],"wp:attachment":[{"href":"https:\/\/soymigrante.com\/revista\/wp-json\/wp\/v2\/media?parent=38113"}],"wp:term":[{"taxonomy":"category","embeddable":true,"href":"https:\/\/soymigrante.com\/revista\/wp-json\/wp\/v2\/categories?post=38113"},{"taxonomy":"post_tag","embeddable":true,"href":"https:\/\/soymigrante.com\/revista\/wp-json\/wp\/v2\/tags?post=38113"}],"curies":[{"name":"wp","href":"https:\/\/api.w.org\/{rel}","templated":true}]}}