{"id":38085,"date":"2026-04-19T09:24:20","date_gmt":"2026-04-19T15:24:20","guid":{"rendered":"https:\/\/soymigrante.com\/revista\/?p=38085"},"modified":"2026-04-19T09:24:30","modified_gmt":"2026-04-19T15:24:30","slug":"por-que-se-declaro-patrimonioel-convite-de-san-pedro-jocopilas-en-quiche","status":"publish","type":"post","link":"https:\/\/soymigrante.com\/revista\/por-que-se-declaro-patrimonioel-convite-de-san-pedro-jocopilas-en-quiche\/","title":{"rendered":"\u00bfPor qu\u00e9 se declar\u00f3 Patrimonio Cultural el convite de San Pedro Jocopilas, Quich\u00e9?"},"content":{"rendered":"\t\t<div data-elementor-type=\"wp-post\" data-elementor-id=\"38085\" class=\"elementor elementor-38085\" data-elementor-post-type=\"post\">\n\t\t\t\t<div data-particle_enable=\"false\" data-particle-mobile-disabled=\"false\" class=\"elementor-element elementor-element-3e67259 e-flex e-con-boxed e-con e-parent\" data-id=\"3e67259\" data-element_type=\"container\" data-e-type=\"container\">\n\t\t\t\t\t<div class=\"e-con-inner\">\n\t\t\t\t<div class=\"elementor-element elementor-element-9cf1212 elementor-widget elementor-widget-heading\" data-id=\"9cf1212\" data-element_type=\"widget\" data-e-type=\"widget\" data-widget_type=\"heading.default\">\n\t\t\t\t\t<h2 class=\"elementor-heading-title elementor-size-default\"><span style=\"font-size: 31.2px\">Tradicional baile con disfraces y m\u00e1scaras en honor al santo patrono de San Pedro Jocopilas, Quich\u00e9, fue declarado patrimonio cultural de Guatemala por su antig\u00fcedad, popularidad y expresividad.<\/span><\/h2>\t\t\t\t<\/div>\n\t\t\t\t\t<\/div>\n\t\t\t\t<\/div>\n\t\t<div data-particle_enable=\"false\" data-particle-mobile-disabled=\"false\" class=\"elementor-element elementor-element-8338945 e-flex e-con-boxed e-con e-parent\" data-id=\"8338945\" data-element_type=\"container\" data-e-type=\"container\">\n\t\t\t\t\t<div class=\"e-con-inner\">\n\t\t\t\t<div class=\"elementor-element elementor-element-110c76f elementor-widget elementor-widget-text-editor\" data-id=\"110c76f\" data-element_type=\"widget\" data-e-type=\"widget\" data-widget_type=\"text-editor.default\">\n\t\t\t\t\t\t\t\t\t<p>Un convite es una fiesta de m\u00e1scaras al son de marimba y m\u00fasica popular. Es festejo, es alegr\u00eda y un desfile de memoria en evoluci\u00f3n. El Convite de San Pedro Jocopilas, Quich\u00e9 es un buen ejemplo. Pero por su identidad, herencia viva y significado fue declarado Patrimonio Cultural de la Naci\u00f3n, en 2025 por decreto del Ministerio de Cultura y Deportes de Guatemala.<\/p><p>En el coraz\u00f3n de las fiestas patronales en honor a San Pedro Ap\u00f3stol, el convite es el evento m\u00e1s esperado del calendario local. Con m\u00e1s de un siglo de historia, esta celebraci\u00f3n re\u00fane a\u00a0 16 parejas de bailarines, todos varones, disfrazados de personajes variados, desde figuras humanas, personajes de la cosmovisi\u00f3n maya, hasta caricaturas o creaciones populares, bailando con entusiasmo al ritmo de sones, cumbias, merengues, tangos y m\u00fasica actual.<\/p>\t\t\t\t\t\t\t\t<\/div>\n\t\t\t\t\t<\/div>\n\t\t\t\t<\/div>\n\t\t<div data-particle_enable=\"false\" data-particle-mobile-disabled=\"false\" class=\"elementor-element elementor-element-cff9136 e-flex e-con-boxed e-con e-parent\" data-id=\"cff9136\" data-element_type=\"container\" data-e-type=\"container\">\n\t\t\t\t\t<div class=\"e-con-inner\">\n\t\t\t\t<div class=\"elementor-element elementor-element-0deebf8 elementor-widget elementor-widget-image\" data-id=\"0deebf8\" data-element_type=\"widget\" data-e-type=\"widget\" data-widget_type=\"image.default\">\n\t\t\t\t\t\t\t\t\t\t\t\t<figure class=\"wp-caption\">\n\t\t\t\t\t\t\t\t\t\t<img fetchpriority=\"high\" decoding=\"async\" width=\"768\" height=\"1024\" src=\"https:\/\/soymigrante.com\/revista\/wp-content\/uploads\/2025\/06\/san-pedro-jocopilas-quiche-convite-patrimonio-11-768x1024.jpg\" class=\"attachment-large size-large wp-image-38089\" alt=\"Vendedores vestidos con trajes tradicionales llenos de color y plumas en una celebraci\u00f3n cultural en M\u00e9xico.\" srcset=\"https:\/\/soymigrante.com\/revista\/wp-content\/uploads\/2025\/06\/san-pedro-jocopilas-quiche-convite-patrimonio-11-768x1024.jpg 768w, https:\/\/soymigrante.com\/revista\/wp-content\/uploads\/2025\/06\/san-pedro-jocopilas-quiche-convite-patrimonio-11-225x300.jpg 225w, https:\/\/soymigrante.com\/revista\/wp-content\/uploads\/2025\/06\/san-pedro-jocopilas-quiche-convite-patrimonio-11-1152x1536.jpg 1152w, https:\/\/soymigrante.com\/revista\/wp-content\/uploads\/2025\/06\/san-pedro-jocopilas-quiche-convite-patrimonio-11-750x1000.webp 750w, https:\/\/soymigrante.com\/revista\/wp-content\/uploads\/2025\/06\/san-pedro-jocopilas-quiche-convite-patrimonio-11-1140x1520.webp 1140w, https:\/\/soymigrante.com\/revista\/wp-content\/uploads\/2025\/06\/san-pedro-jocopilas-quiche-convite-patrimonio-11.webp 1440w\" sizes=\"(max-width: 768px) 100vw, 768px\" title=\"En el conviter de San Pedro Jocopilas, Quich\u00e9, participan 16 parejas de bailarines, ataviados con disfraces en los cuales la imaginaci\u00f3n es el l\u00edmite. (Fotos Convite M\u00e1s que Centenario) \u2013 SoyMigrante.com REVISTA\" \/>\t\t\t\t\t\t\t\t\t\t\t<figcaption class=\"widget-image-caption wp-caption-text\">Personas con disfraces t\u00edpicos de Carnaval o festival en M\u00e9xico, resaltando tradiciones culturales y diversidad en festivales mexicanos.<\/figcaption>\n\t\t\t\t\t\t\t\t\t\t<\/figure>\n\t\t\t\t\t\t\t\t\t<\/div>\n\t\t\t\t\t<\/div>\n\t\t\t\t<\/div>\n\t\t<div data-particle_enable=\"false\" data-particle-mobile-disabled=\"false\" class=\"elementor-element elementor-element-7f20a1c e-flex e-con-boxed e-con e-parent\" data-id=\"7f20a1c\" data-element_type=\"container\" data-e-type=\"container\">\n\t\t\t\t\t<div class=\"e-con-inner\">\n\t\t\t\t<div class=\"elementor-element elementor-element-632b116 elementor-widget elementor-widget-heading\" data-id=\"632b116\" data-element_type=\"widget\" data-e-type=\"widget\" data-widget_type=\"heading.default\">\n\t\t\t\t\t<h3 class=\"elementor-heading-title elementor-size-default\">Una declaraci\u00f3n hist\u00f3rica<\/h3>\t\t\t\t<\/div>\n\t\t\t\t\t<\/div>\n\t\t\t\t<\/div>\n\t\t<div data-particle_enable=\"false\" data-particle-mobile-disabled=\"false\" class=\"elementor-element elementor-element-b0cd8d3 e-flex e-con-boxed e-con e-parent\" data-id=\"b0cd8d3\" data-element_type=\"container\" data-e-type=\"container\">\n\t\t\t\t\t<div class=\"e-con-inner\">\n\t\t\t\t<div class=\"elementor-element elementor-element-5c41f8a elementor-widget elementor-widget-text-editor\" data-id=\"5c41f8a\" data-element_type=\"widget\" data-e-type=\"widget\" data-widget_type=\"text-editor.default\">\n\t\t\t\t\t\t\t\t\t<p>En un acto oficial celebrado en San Pedro Jocopilas, Quich\u00e9, el 27 de junio de 2025, el Ministerio de Cultura y Deportes declar\u00f3 el convite del 28 de junio como Patrimonio Cultural Intangible de la Naci\u00f3n. Como parte de esta celebraci\u00f3n, se realiz\u00f3 un ensayo general del convite, mostrando su esencia festiva, comunitaria y profundamente simb\u00f3lica. Este 28 de junio se present\u00f3 con toda su alegr\u00eda.<\/p><p>Durante la ceremonia, la viceministra Laura Cot\u00ed Lux agradeci\u00f3 al pueblo por permitirle ser parte de este momento hist\u00f3rico:\u00a0 \u201cEste acto no es s\u00f3lo una formalidad. Es un reconocimiento institucional al valor profundo de las expresiones culturales que nacen del pueblo, que se heredan con orgullo y que siguen vivas gracias al esfuerzo de comunidades que, a\u00f1o tras a\u00f1o, sostienen con dignidad sus tradiciones\u201d, expres\u00f3.<\/p><p>Esta declaratoria fortalece la identidad de San Pedro Jocopilas y abre puertas para que esta tradici\u00f3n se difunda a nivel nacional e internacional, como un ejemplo vivo de la riqueza cultural guatemalteca.<\/p>\t\t\t\t\t\t\t\t<\/div>\n\t\t\t\t\t<\/div>\n\t\t\t\t<\/div>\n\t\t<div data-particle_enable=\"false\" data-particle-mobile-disabled=\"false\" class=\"elementor-element elementor-element-86eb411 e-flex e-con-boxed e-con e-parent\" data-id=\"86eb411\" data-element_type=\"container\" data-e-type=\"container\">\n\t\t\t\t\t<div class=\"e-con-inner\">\n\t\t\t\t<div class=\"elementor-element elementor-element-f599806 elementor-widget elementor-widget-html\" data-id=\"f599806\" data-element_type=\"widget\" data-e-type=\"widget\" data-widget_type=\"html.default\">\n\t\t\t\t\t<iframe width=\"560\" height=\"415\" src=\"https:\/\/www.youtube.com\/embed\/IdDEeQPWbT0?si=GFf9fJZM2NB4i8U4\" title=\"YouTube video player\" frameborder=\"0\" allow=\"accelerometer; autoplay; clipboard-write; encrypted-media; gyroscope; picture-in-picture; web-share\" referrerpolicy=\"strict-origin-when-cross-origin\" allowfullscreen><\/iframe>\t\t\t\t<\/div>\n\t\t\t\t\t<\/div>\n\t\t\t\t<\/div>\n\t\t<div data-particle_enable=\"false\" data-particle-mobile-disabled=\"false\" class=\"elementor-element elementor-element-8fbbccc e-flex e-con-boxed e-con e-parent\" data-id=\"8fbbccc\" data-element_type=\"container\" data-e-type=\"container\">\n\t\t\t\t\t<div class=\"e-con-inner\">\n\t\t\t\t<div class=\"elementor-element elementor-element-44f8c84 elementor-widget elementor-widget-heading\" data-id=\"44f8c84\" data-element_type=\"widget\" data-e-type=\"widget\" data-widget_type=\"heading.default\">\n\t\t\t\t\t<h3 class=\"elementor-heading-title elementor-size-default\">M\u00e1s de un siglo de tradici\u00f3n<\/h3>\t\t\t\t<\/div>\n\t\t\t\t\t<\/div>\n\t\t\t\t<\/div>\n\t\t<div data-particle_enable=\"false\" data-particle-mobile-disabled=\"false\" class=\"elementor-element elementor-element-024b585 e-flex e-con-boxed e-con e-parent\" data-id=\"024b585\" data-element_type=\"container\" data-e-type=\"container\">\n\t\t\t\t\t<div class=\"e-con-inner\">\n\t\t\t\t<div class=\"elementor-element elementor-element-89b0b3d elementor-widget elementor-widget-text-editor\" data-id=\"89b0b3d\" data-element_type=\"widget\" data-e-type=\"widget\" data-widget_type=\"text-editor.default\">\n\t\t\t\t\t\t\t\t\t<p>El llamado \u201cOriginal Convite del 28 de junio M\u00e1s que Centenario\u201d tuvo su origen en 1905, como parte de la celebraci\u00f3n en honor a San Pedro Ap\u00f3stol. Desde entonces, se ha mantenido como el coraz\u00f3n de la feria patronal, donde la comunidad expresa su identidad a trav\u00e9s del arte, la danza, el ingenio en los disfraces y una fuerte espiritualidad colectiva.<\/p><p>Aunque su esp\u00edritu festivo pueda parecer sencillo, el convite tiene profundas ra\u00edces hist\u00f3ricas. Su nombre proviene del verbo convidar, es decir, invitar a compartir. Y eso es exactamente lo que hace: invita a todo el pueblo \u2014y a quienes lo visitan\u2014 a celebrar juntos.<\/p>\t\t\t\t\t\t\t\t<\/div>\n\t\t\t\t\t<\/div>\n\t\t\t\t<\/div>\n\t\t<div data-particle_enable=\"false\" data-particle-mobile-disabled=\"false\" class=\"elementor-element elementor-element-953de6d e-flex e-con-boxed e-con e-parent\" data-id=\"953de6d\" data-element_type=\"container\" data-e-type=\"container\">\n\t\t\t\t\t<div class=\"e-con-inner\">\n\t\t\t\t<div class=\"elementor-element elementor-element-8daf7b5 elementor-widget elementor-widget-heading\" data-id=\"8daf7b5\" data-element_type=\"widget\" data-e-type=\"widget\" data-widget_type=\"heading.default\">\n\t\t\t\t\t<h4 class=\"elementor-heading-title elementor-size-default\">Deslumbrante creatividad y alegr\u00eda popular para festejar al patrono: San Pedro ap\u00f3stol<\/h4>\t\t\t\t<\/div>\n\t\t\t\t\t<\/div>\n\t\t\t\t<\/div>\n\t\t<div data-particle_enable=\"false\" data-particle-mobile-disabled=\"false\" class=\"elementor-element elementor-element-8799ff1 e-flex e-con-boxed e-con e-parent\" data-id=\"8799ff1\" data-element_type=\"container\" data-e-type=\"container\">\n\t\t\t\t\t<div class=\"e-con-inner\">\n\t\t\t\t<div class=\"elementor-element elementor-element-354e896 elementor-arrows-position-inside elementor-pagination-position-outside elementor-widget elementor-widget-image-carousel\" data-id=\"354e896\" data-element_type=\"widget\" data-e-type=\"widget\" data-settings=\"{&quot;slides_to_show&quot;:&quot;1&quot;,&quot;navigation&quot;:&quot;both&quot;,&quot;autoplay&quot;:&quot;yes&quot;,&quot;pause_on_hover&quot;:&quot;yes&quot;,&quot;pause_on_interaction&quot;:&quot;yes&quot;,&quot;autoplay_speed&quot;:5000,&quot;infinite&quot;:&quot;yes&quot;,&quot;effect&quot;:&quot;slide&quot;,&quot;speed&quot;:500}\" data-widget_type=\"image-carousel.default\">\n\t\t\t\t\t\t\t<div class=\"elementor-image-carousel-wrapper swiper\" role=\"region\" aria-roledescription=\"carousel\" aria-label=\"Carrusel de im\u00e1genes\" dir=\"ltr\">\n\t\t\t<div class=\"elementor-image-carousel swiper-wrapper\" aria-live=\"off\">\n\t\t\t\t\t\t\t\t<div class=\"swiper-slide\" role=\"group\" aria-roledescription=\"slide\" aria-label=\"1 de 8\"><figure class=\"swiper-slide-inner\"><img decoding=\"async\" class=\"swiper-slide-image\" src=\"https:\/\/soymigrante.com\/revista\/wp-content\/uploads\/2025\/06\/san-pedro-jocopilas-quiche-convite-patrimonio-9-768x1024.jpg\" alt=\"Multitud de personajes en trajes tradicionales y m\u00e1scaras en una festividad mexicana, con atuendos coloridos y adornos culturales, participando en un desfile festivo con p\u00fablico y paraguas decorativos en el cielo.\" \/><\/figure><\/div><div class=\"swiper-slide\" role=\"group\" aria-roledescription=\"slide\" aria-label=\"2 de 8\"><figure class=\"swiper-slide-inner\"><img decoding=\"async\" class=\"swiper-slide-image\" src=\"https:\/\/soymigrante.com\/revista\/wp-content\/uploads\/2025\/06\/san-pedro-jocopilas-quiche-convite-patrimonio-7-768x1024.jpg\" alt=\"Vistoso costume tradicional ind\u00edgena en festival cultural con ind\u00edgenas disfrazados con plumas de colores, accesorios elaborados y ambiente festivo en mercado local.\" \/><\/figure><\/div><div class=\"swiper-slide\" role=\"group\" aria-roledescription=\"slide\" aria-label=\"3 de 8\"><figure class=\"swiper-slide-inner\"><img decoding=\"async\" class=\"swiper-slide-image\" src=\"https:\/\/soymigrante.com\/revista\/wp-content\/uploads\/2025\/06\/san-pedro-jocopilas-quiche-convite-patrimonio-8-768x1024.jpg\" alt=\"Disfraces tradicionales de festivales mexicanos con personajes que representan cultura y mitolog\u00eda.\" \/><\/figure><\/div><div class=\"swiper-slide\" role=\"group\" aria-roledescription=\"slide\" aria-label=\"4 de 8\"><figure class=\"swiper-slide-inner\"><img decoding=\"async\" class=\"swiper-slide-image\" src=\"https:\/\/soymigrante.com\/revista\/wp-content\/uploads\/2025\/06\/san-pedro-jocopilas-quiche-convite-patrimonio-6-768x1024.jpg\" alt=\"Tradicionales danzantes ind\u00edgenas en celebraci\u00f3n cultural en M\u00e9xico. Personas con vestimentas coloridas y accesorios tradicionales participan en festividad ancestral en un evento de cultura y tradici\u00f3n.\" \/><\/figure><\/div><div class=\"swiper-slide\" role=\"group\" aria-roledescription=\"slide\" aria-label=\"5 de 8\"><figure class=\"swiper-slide-inner\"><img decoding=\"async\" class=\"swiper-slide-image\" src=\"https:\/\/soymigrante.com\/revista\/wp-content\/uploads\/2025\/06\/san-pedro-jocopilas-quiche-convite-patrimonio-3-768x1024.jpg\" alt=\"Valiente calaca ind\u00edgena en traje tradicional mexicana con m\u00e1scara y accesorios dorados, participando en una celebraci\u00f3n cultural en un evento p\u00fablico con espectadores de diferentes edades en el fondo.\" \/><\/figure><\/div><div class=\"swiper-slide\" role=\"group\" aria-roledescription=\"slide\" aria-label=\"6 de 8\"><figure class=\"swiper-slide-inner\"><img decoding=\"async\" class=\"swiper-slide-image\" src=\"https:\/\/soymigrante.com\/revista\/wp-content\/uploads\/2025\/06\/san-pedro-jocopilas-quiche-convite-patrimonio-1-1024x1024.jpg\" alt=\"Mar\u00edachi, cultura e identidad mexicana en la celebraci\u00f3n del D\u00eda de Muertos en M\u00e9xico, con disfraces tradicionales, m\u00fasica en vivo, y espectadores en las escaleras frente a una iglesia hist\u00f3rica.\" \/><\/figure><\/div><div class=\"swiper-slide\" role=\"group\" aria-roledescription=\"slide\" aria-label=\"7 de 8\"><figure class=\"swiper-slide-inner\"><img decoding=\"async\" class=\"swiper-slide-image\" src=\"https:\/\/soymigrante.com\/revista\/wp-content\/uploads\/2025\/06\/Convite-98.webp\" alt=\"Guerrero en vestimenta tradicional durante celebraci\u00f3n cultural en M\u00e9xico. Disfraz con detalles ornamentales, accesorios y armas ind\u00edgenas, participando en desfile folkl\u00f3rico. Fotograf\u00eda vibrante y llena de historia ind\u00edgena.\" \/><\/figure><\/div><div class=\"swiper-slide\" role=\"group\" aria-roledescription=\"slide\" aria-label=\"8 de 8\"><figure class=\"swiper-slide-inner\"><img decoding=\"async\" class=\"swiper-slide-image\" src=\"https:\/\/soymigrante.com\/revista\/wp-content\/uploads\/2025\/06\/Convite-97.webp\" alt=\"- M\u00e1scara y vestimenta tradicional ind\u00edgena mexicana en celebraci\u00f3n cultural, reflejando identidad y historia, en un festival colorido.\" \/><\/figure><\/div>\t\t\t<\/div>\n\t\t\t\t\t\t\t\t\t\t\t\t<div class=\"elementor-swiper-button elementor-swiper-button-prev\" role=\"button\" tabindex=\"0\">\n\t\t\t\t\t\t<i aria-hidden=\"true\" class=\"eicon-chevron-left\"><\/i>\t\t\t\t\t<\/div>\n\t\t\t\t\t<div class=\"elementor-swiper-button elementor-swiper-button-next\" role=\"button\" tabindex=\"0\">\n\t\t\t\t\t\t<i aria-hidden=\"true\" class=\"eicon-chevron-right\"><\/i>\t\t\t\t\t<\/div>\n\t\t\t\t\n\t\t\t\t\t\t\t\t\t<div class=\"swiper-pagination\"><\/div>\n\t\t\t\t\t\t\t\t\t<\/div>\n\t\t\t\t\t\t<\/div>\n\t\t\t\t\t<\/div>\n\t\t\t\t<\/div>\n\t\t<div data-particle_enable=\"false\" data-particle-mobile-disabled=\"false\" class=\"elementor-element elementor-element-bdff915 e-flex e-con-boxed e-con e-parent\" data-id=\"bdff915\" data-element_type=\"container\" data-e-type=\"container\">\n\t\t\t\t\t<div class=\"e-con-inner\">\n\t\t\t\t<div class=\"elementor-element elementor-element-48f53ae elementor-widget elementor-widget-heading\" data-id=\"48f53ae\" data-element_type=\"widget\" data-e-type=\"widget\" data-widget_type=\"heading.default\">\n\t\t\t\t\t<h3 class=\"elementor-heading-title elementor-size-default\">Color, m\u00fasica y comunidad<\/h3>\t\t\t\t<\/div>\n\t\t\t\t\t<\/div>\n\t\t\t\t<\/div>\n\t\t<div data-particle_enable=\"false\" data-particle-mobile-disabled=\"false\" class=\"elementor-element elementor-element-c22c71f e-flex e-con-boxed e-con e-parent\" data-id=\"c22c71f\" data-element_type=\"container\" data-e-type=\"container\">\n\t\t\t\t\t<div class=\"e-con-inner\">\n\t\t\t\t<div class=\"elementor-element elementor-element-5173fdf elementor-widget elementor-widget-text-editor\" data-id=\"5173fdf\" data-element_type=\"widget\" data-e-type=\"widget\" data-widget_type=\"text-editor.default\">\n\t\t\t\t\t\t\t\t\t<p>Cada traje que se luce en el convite es elaborado con esmero por los propios pobladores y en f\u00e1bricas de trajes especializadas en la creaci\u00f3n de creativas m\u00e1scaras y atuendos, con toda clase de elementos: plumas, brillantes, bisuter\u00eda, fibra de vidrio, pieles. Y cada paso de baile es una muestra de c\u00f3mo el pueblo vive su cultura: con creatividad, orgullo y mucha energ\u00eda.<\/p><p>Un convite no es exclusivo de San Pedro Jocopilas. Esta expresi\u00f3n cultural tambi\u00e9n se encuentra, con otras facetas, en otras regiones de Guatemala como Villa Nueva, Mixco, San Marcos, Totonicap\u00e1n, Quetzaltenango y Huehuetenango. Tambi\u00e9n hay convites guatemaltecos en ciudades de Estados Unidos como Los Angeles y Rhode Island.<\/p>\t\t\t\t\t\t\t\t<\/div>\n\t\t\t\t\t<\/div>\n\t\t\t\t<\/div>\n\t\t<div data-particle_enable=\"false\" data-particle-mobile-disabled=\"false\" class=\"elementor-element elementor-element-524b702 e-flex e-con-boxed e-con e-parent\" data-id=\"524b702\" data-element_type=\"container\" data-e-type=\"container\">\n\t\t\t\t\t<div class=\"e-con-inner\">\n\t\t\t\t<div class=\"elementor-element elementor-element-1014939 elementor-widget elementor-widget-html\" data-id=\"1014939\" data-element_type=\"widget\" data-e-type=\"widget\" data-widget_type=\"html.default\">\n\t\t\t\t\t<iframe src=\"https:\/\/www.google.com\/maps\/embed?pb=!1m15!1m10!1m3!1d3!2d-91.15089667748221!3d15.095215839486938!2m1!1f0!3m2!1i1024!2i768!4f75!3m3!1m2!1s0x858bfe9432226b13%3A0xff6460fa06dc7e97!2sSan%20Pedro%20Jocopilas!4v1776612181244\" width=\"600\" height=\"450\" style=\"border:0;\" allowfullscreen=\"\" loading=\"lazy\" referrerpolicy=\"no-referrer-when-downgrade\"><\/iframe>\t\t\t\t<\/div>\n\t\t\t\t\t<\/div>\n\t\t\t\t<\/div>\n\t\t<div data-particle_enable=\"false\" data-particle-mobile-disabled=\"false\" class=\"elementor-element elementor-element-a5d4d2c e-flex e-con-boxed e-con e-parent\" data-id=\"a5d4d2c\" data-element_type=\"container\" data-e-type=\"container\">\n\t\t\t\t\t<div class=\"e-con-inner\">\n\t\t\t\t<div class=\"elementor-element elementor-element-fb61f68 elementor-widget elementor-widget-heading\" data-id=\"fb61f68\" data-element_type=\"widget\" data-e-type=\"widget\" data-widget_type=\"heading.default\">\n\t\t\t\t\t<h2 class=\"elementor-heading-title elementor-size-default\">Convites guatemaltecos sin fronteras<\/h2>\t\t\t\t<\/div>\n\t\t\t\t\t<\/div>\n\t\t\t\t<\/div>\n\t\t<div data-particle_enable=\"false\" data-particle-mobile-disabled=\"false\" class=\"elementor-element elementor-element-170c1ad e-flex e-con-boxed e-con e-parent\" data-id=\"170c1ad\" data-element_type=\"container\" data-e-type=\"container\">\n\t\t\t\t\t<div class=\"e-con-inner\">\n\t\t\t\t<div class=\"elementor-element elementor-element-aa93bea elementor-grid-eael-col-3 elementor-grid-tablet-eael-col-2 elementor-grid-mobile-eael-col-1 elementor-invisible elementor-widget elementor-widget-eael-post-grid\" data-id=\"aa93bea\" data-element_type=\"widget\" data-e-type=\"widget\" data-settings=\"{&quot;eael_post_grid_columns&quot;:&quot;eael-col-3&quot;,&quot;_animation&quot;:&quot;rollIn&quot;,&quot;eael_post_grid_columns_tablet&quot;:&quot;eael-col-2&quot;,&quot;eael_post_grid_columns_mobile&quot;:&quot;eael-col-1&quot;}\" data-widget_type=\"eael-post-grid.default\">\n\t\t\t\t\t<div id=\"eael-post-grid-aa93bea\" class=\"eael-post-grid-container\">\n            <div class=\"eael-post-grid eael-post-appender eael-post-appender-aa93bea eael-post-grid-style-one\" data-layout-mode=\"masonry\"><article class=\"eael-grid-post  eael-post-grid-column eael-pg-post-3624 category-exitos\" data-id=\"3624\">\n        <div class=\"eael-grid-post-holder\">\n            <div class=\"eael-grid-post-holder-inner\"><div class=\"eael-entry-media\"><div class=\"eael-entry-overlay fade-in\"><i class=\"far fa-hand-pointer\" aria-hidden=\"true\"><\/i><a href=\"https:\/\/soymigrante.com\/revista\/migrante-basilio-sica-impulsa-convite-guatemalteco-en-los-angeles\/\"><\/a><\/div><div class=\"eael-entry-thumbnail \">\n                <img decoding=\"async\" width=\"720\" height=\"720\" src=\"https:\/\/soymigrante.com\/revista\/wp-content\/uploads\/2024\/08\/convite-basilio-2.webp\" class=\"attachment-large size-large wp-image-18556\" alt=\"Arlequ\u00edn en carnaval con vestuario colorido y elaborado, participando en desfile callejero con otros bailarines y m\u00fasicos, celebrando cultura latinoamericana en ciudad moderna, en un d\u00eda soleado.\" srcset=\"https:\/\/soymigrante.com\/revista\/wp-content\/uploads\/2024\/08\/convite-basilio-2.webp 720w, https:\/\/soymigrante.com\/revista\/wp-content\/uploads\/2024\/08\/convite-basilio-2-300x300.jpg 300w, https:\/\/soymigrante.com\/revista\/wp-content\/uploads\/2024\/08\/convite-basilio-2-150x150.jpg 150w, https:\/\/soymigrante.com\/revista\/wp-content\/uploads\/2024\/08\/convite-basilio-2-75x75.webp 75w\" sizes=\"(max-width: 720px) 100vw, 720px\" \/>\n            <\/div>\n        <\/div><div class=\"eael-entry-wrapper\"><header class=\"eael-entry-header\"><h2 class=\"eael-entry-title\"><a class=\"eael-grid-post-link\" href=\"https:\/\/soymigrante.com\/revista\/migrante-basilio-sica-impulsa-convite-guatemalteco-en-los-angeles\/\" title=\"El migrante Basilio Sic\u00e1 impulsa tradici\u00f3n del convite guatemalteco en Los Angeles desde 2007\">El migrante Basilio Sic\u00e1 impulsa tradici\u00f3n del convite guatemalteco en Los Angeles desde 2007<\/a><\/h2><\/header><div class=\"eael-entry-content\">\n                        <div class=\"eael-grid-post-excerpt\"><a href=\"https:\/\/soymigrante.com\/revista\/migrante-basilio-sica-impulsa-convite-guatemalteco-en-los-angeles\/\" class=\"eael-post-elements-readmore-btn\">CONOCE SU HISTORIA <\/a><\/div>\n                    <\/div><\/div><\/div>\n        <\/div>\n    <\/article><article class=\"eael-grid-post  eael-post-grid-column eael-pg-post-9584 category-estamos-unidos\" data-id=\"9584\">\n        <div class=\"eael-grid-post-holder\">\n            <div class=\"eael-grid-post-holder-inner\"><div class=\"eael-entry-media\"><div class=\"eael-entry-overlay fade-in\"><i class=\"far fa-hand-pointer\" aria-hidden=\"true\"><\/i><a href=\"https:\/\/soymigrante.com\/revista\/emocion-nostalgia-y-creatividad-bailan-con-el-convite-guatemala-rhode-island\/\"><\/a><\/div><div class=\"eael-entry-thumbnail \">\n                <img decoding=\"async\" width=\"1024\" height=\"1024\" src=\"https:\/\/soymigrante.com\/revista\/wp-content\/uploads\/2024\/09\/convite-guatemala-rhode-island-1024x1024.webp\" class=\"attachment-large size-large wp-image-9600\" alt=\"Vistiendo disfraces tradicionales de baile folkl\u00f3rico mexicano con colores vibrantes y accesorios llamativos en una celebraci\u00f3n cultural.\" srcset=\"https:\/\/soymigrante.com\/revista\/wp-content\/uploads\/2024\/09\/convite-guatemala-rhode-island-1024x1024.webp 1024w, https:\/\/soymigrante.com\/revista\/wp-content\/uploads\/2024\/09\/convite-guatemala-rhode-island-300x300.webp 300w, https:\/\/soymigrante.com\/revista\/wp-content\/uploads\/2024\/09\/convite-guatemala-rhode-island-150x150.webp 150w, https:\/\/soymigrante.com\/revista\/wp-content\/uploads\/2024\/09\/convite-guatemala-rhode-island-768x768.webp 768w, https:\/\/soymigrante.com\/revista\/wp-content\/uploads\/2024\/09\/convite-guatemala-rhode-island-75x75.webp 75w, https:\/\/soymigrante.com\/revista\/wp-content\/uploads\/2024\/09\/convite-guatemala-rhode-island-750x750.webp 750w, https:\/\/soymigrante.com\/revista\/wp-content\/uploads\/2024\/09\/convite-guatemala-rhode-island-1140x1140.webp 1140w, https:\/\/soymigrante.com\/revista\/wp-content\/uploads\/2024\/09\/convite-guatemala-rhode-island.webp 1536w\" sizes=\"(max-width: 1024px) 100vw, 1024px\" \/>\n            <\/div>\n        <\/div><div class=\"eael-entry-wrapper\"><header class=\"eael-entry-header\"><h2 class=\"eael-entry-title\"><a class=\"eael-grid-post-link\" href=\"https:\/\/soymigrante.com\/revista\/emocion-nostalgia-y-creatividad-bailan-con-el-convite-guatemala-rhode-island\/\" title=\"Emoci\u00f3n, nostalgia y creatividad bailan con el Convite Guatemala Rhode Island\">Emoci\u00f3n, nostalgia y creatividad bailan con el Convite Guatemala Rhode Island<\/a><\/h2><\/header><div class=\"eael-entry-content\">\n                        <div class=\"eael-grid-post-excerpt\"><a href=\"https:\/\/soymigrante.com\/revista\/emocion-nostalgia-y-creatividad-bailan-con-el-convite-guatemala-rhode-island\/\" class=\"eael-post-elements-readmore-btn\">CONOCE SU HISTORIA <\/a><\/div>\n                    <\/div><\/div><\/div>\n        <\/div>\n    <\/article><article class=\"eael-grid-post  eael-post-grid-column eael-pg-post-4084 category-guate-nuestra tags-danzas-de-guatemala\" data-id=\"4084\">\n        <div class=\"eael-grid-post-holder\">\n            <div class=\"eael-grid-post-holder-inner\"><div class=\"eael-entry-media\"><div class=\"eael-entry-overlay fade-in\"><i class=\"far fa-hand-pointer\" aria-hidden=\"true\"><\/i><a href=\"https:\/\/soymigrante.com\/revista\/convite-guatemala-migrantes-guatemaltecos-homenaje-totonicapan-tradicion\/\"><\/a><\/div><div class=\"eael-entry-thumbnail \">\n                <img loading=\"lazy\" decoding=\"async\" width=\"800\" height=\"600\" src=\"https:\/\/soymigrante.com\/revista\/wp-content\/uploads\/2023\/12\/presentacion-en-la-calle.webp\" class=\"attachment-large size-large wp-image-4065\" alt=\"Presentaci\u00f3n en el sal\u00f3n de usos m\u00faltiples dedicado a los migrantes guatemaltecos\" srcset=\"https:\/\/soymigrante.com\/revista\/wp-content\/uploads\/2023\/12\/presentacion-en-la-calle.webp 800w, https:\/\/soymigrante.com\/revista\/wp-content\/uploads\/2023\/12\/presentacion-en-la-calle-300x225.webp 300w, https:\/\/soymigrante.com\/revista\/wp-content\/uploads\/2023\/12\/presentacion-en-la-calle-768x576.webp 768w, https:\/\/soymigrante.com\/revista\/wp-content\/uploads\/2023\/12\/presentacion-en-la-calle-750x563.webp 750w\" sizes=\"(max-width: 800px) 100vw, 800px\" \/>\n            <\/div>\n        <\/div><div class=\"eael-entry-wrapper\"><header class=\"eael-entry-header\"><h2 class=\"eael-entry-title\"><a class=\"eael-grid-post-link\" href=\"https:\/\/soymigrante.com\/revista\/convite-guatemala-migrantes-guatemaltecos-homenaje-totonicapan-tradicion\/\" title=\"Danzas de Guatemala: Convite de Totonicap\u00e1n dedicado a migrantes en EE.UU.\">Danzas de Guatemala: Convite de Totonicap\u00e1n dedicado a migrantes en EE.UU.<\/a><\/h2><\/header><div class=\"eael-entry-content\">\n                        <div class=\"eael-grid-post-excerpt\"><a href=\"https:\/\/soymigrante.com\/revista\/convite-guatemala-migrantes-guatemaltecos-homenaje-totonicapan-tradicion\/\" class=\"eael-post-elements-readmore-btn\">CONOCE SU HISTORIA <\/a><\/div>\n                    <\/div><\/div><\/div>\n        <\/div>\n    <\/article><\/div>\n            <div class=\"clearfix\"><\/div>\n        <\/div>\t\t\t\t<\/div>\n\t\t\t\t\t<\/div>\n\t\t\t\t<\/div>\n\t\t\t\t<\/div>\n\t\t","protected":false},"excerpt":{"rendered":"<p>Tradicional baile con disfraces y m\u00e1scaras en honor al santo patrono de San Pedro Jocopilas, Quich\u00e9, fue declarado patrimonio cultural de Guatemala por su antig\u00fcedad, popularidad y expresividad. Un convite es una fiesta de m\u00e1scaras al son de marimba y m\u00fasica popular. Es festejo, es alegr\u00eda y un desfile de memoria en evoluci\u00f3n. El Convite [&hellip;]<\/p>\n","protected":false},"author":1,"featured_media":38086,"comment_status":"open","ping_status":"open","sticky":false,"template":"","format":"standard","meta":{"_acf_changed":false,"_eb_attr":"","footnotes":""},"categories":[91,58],"tags":[],"class_list":["post-38085","post","type-post","status-publish","format-standard","has-post-thumbnail","hentry","category-arte-cultura","category-guate-nuestra"],"acf":[],"aioseo_notices":[],"aioseo_head":"\n\t\t<!-- All in One SEO Pro 4.9.6.2 - aioseo.com -->\n\t<meta name=\"description\" content=\"En el cierre de 2023,integrantes del internacional convite \u00c1ngel P\u00e9rez Quiroa de Totonicap\u00e1n dedicaron su tradicional presentaci\u00f3n a los migrantes guatemaltecos, como reconocimiento a su trabajo y aporte hacia la econom\u00eda del pa\u00eds. Al ritmo de son, tango, cumbia y merengue Cada 25 de diciembre vecinos, familias, locales y visitantes acuden al centro de la Integrantes del convite navide\u00f1o \u00c1ngel P\u00e9rez Quiroa de Totonicap\u00e1n, Guatemala realizan presentaci\u00f3n en honor a los hermanos migrantes guatemaltecos.\" \/>\n\t<meta name=\"robots\" content=\"max-snippet:-1, max-image-preview:large, max-video-preview:-1\" \/>\n\t<meta name=\"author\" content=\"SoyMigrante.com REVISTA\"\/>\n\t<link rel=\"canonical\" href=\"https:\/\/soymigrante.com\/revista\/por-que-se-declaro-patrimonioel-convite-de-san-pedro-jocopilas-en-quiche\/\" \/>\n\t<meta name=\"generator\" content=\"All in One SEO Pro (AIOSEO) 4.9.6.2\" \/>\n\n\t\t<link rel=\"preconnect\" href=\"https:\/\/fonts.googleapis.com\" crossorigin>\n<link rel=\"preconnect\" href=\"https:\/\/fonts.gstatic.com\" crossorigin>\n\t\t<meta property=\"og:locale\" content=\"es_ES\" \/>\n\t\t<meta property=\"og:site_name\" content=\"SoyMigrante.com REVISTA \u2013 Nuestra misi\u00f3n es reconocer y dignificar al migrante.\" \/>\n\t\t<meta property=\"og:type\" content=\"article\" \/>\n\t\t<meta property=\"og:title\" content=\"\u00bfPorqu\u00e9 es patrimonio el convite de San Pedro Jocopilas?\" \/>\n\t\t<meta property=\"og:description\" content=\"Convite de disfraces fue declarado Patrimonio Cultural de la Guatemala en 2025. \u00bfEn qu\u00e9 consiste? \u00bfDesde cu\u00e1ndo existe? Esto y m\u00e1s te lo presentamos aqu\u00ed\" \/>\n\t\t<meta property=\"og:url\" content=\"https:\/\/soymigrante.com\/revista\/por-que-se-declaro-patrimonioel-convite-de-san-pedro-jocopilas-en-quiche\/\" \/>\n\t\t<meta property=\"og:image\" content=\"https:\/\/soymigrante.com\/revista\/wp-content\/uploads\/2025\/06\/san-pedro-jocopilas-quiche-convite-patrimonio-1.webp\" \/>\n\t\t<meta property=\"og:image:secure_url\" content=\"https:\/\/soymigrante.com\/revista\/wp-content\/uploads\/2025\/06\/san-pedro-jocopilas-quiche-convite-patrimonio-1.webp\" \/>\n\t\t<meta property=\"og:image:width\" content=\"1536\" \/>\n\t\t<meta property=\"og:image:height\" content=\"1536\" \/>\n\t\t<meta property=\"article:published_time\" content=\"2026-04-19T15:24:20+00:00\" \/>\n\t\t<meta property=\"article:modified_time\" content=\"2026-04-19T15:24:30+00:00\" \/>\n\t\t<meta property=\"article:publisher\" content=\"https:\/\/www.facebook.com\/soymigrantecom\" \/>\n\t\t<meta name=\"twitter:card\" content=\"summary_large_image\" \/>\n\t\t<meta name=\"twitter:site\" content=\"@SoyMigrante_com\" \/>\n\t\t<meta name=\"twitter:title\" content=\"\u00bfPorqu\u00e9 es patrimonio el convite de San Pedro Jocopilas?\" \/>\n\t\t<meta name=\"twitter:description\" content=\"Convite de disfraces fue declarado Patrimonio Cultural de la Guatemala en 2025. \u00bfEn qu\u00e9 consiste? \u00bfDesde cu\u00e1ndo existe? Esto y m\u00e1s te lo presentamos aqu\u00ed\" \/>\n\t\t<meta name=\"twitter:creator\" content=\"@SoyMigrante_com\" \/>\n\t\t<meta name=\"twitter:image\" content=\"https:\/\/soymigrante.com\/revista\/wp-content\/uploads\/2025\/06\/san-pedro-jocopilas-quiche-convite-patrimonio-1.webp\" \/>\n\t\t<!-- All in One SEO Pro -->\r\n\t\t<title>\u00bfPorqu\u00e9 es patrimonio el convite de San Pedro Jocopilas?<\/title>\n\n","aioseo_head_json":{"title":"\u00bfPorqu\u00e9 es patrimonio el convite de San Pedro Jocopilas?","description":"Convite de disfraces fue declarado Patrimonio Cultural de la Guatemala en 2025. \u00bfEn qu\u00e9 consiste? \u00bfDesde cu\u00e1ndo existe? Esto y m\u00e1s te lo presentamos aqu\u00ed","canonical_url":"https:\/\/soymigrante.com\/revista\/por-que-se-declaro-patrimonioel-convite-de-san-pedro-jocopilas-en-quiche\/","robots":"max-snippet:-1, max-image-preview:large, max-video-preview:-1","keywords":"","webmasterTools":{"miscellaneous":"&lt;link rel=\"preconnect\" href=\"https:\/\/fonts.googleapis.com\" crossorigin&gt;\n&lt;link rel=\"preconnect\" href=\"https:\/\/fonts.gstatic.com\" crossorigin&gt;"},"schema":null,"og:locale":"es_ES","og:site_name":"SoyMigrante.com REVISTA \u2013 Nuestra misi\u00f3n es reconocer y dignificar al migrante.","og:type":"article","og:title":"\u00bfPorqu\u00e9 es patrimonio el convite de San Pedro Jocopilas?","og:description":"Convite de disfraces fue declarado Patrimonio Cultural de la Guatemala en 2025. \u00bfEn qu\u00e9 consiste? \u00bfDesde cu\u00e1ndo existe? Esto y m\u00e1s te lo presentamos aqu\u00ed","og:url":"https:\/\/soymigrante.com\/revista\/por-que-se-declaro-patrimonioel-convite-de-san-pedro-jocopilas-en-quiche\/","og:image":"https:\/\/soymigrante.com\/revista\/wp-content\/uploads\/2025\/06\/san-pedro-jocopilas-quiche-convite-patrimonio-1.webp","og:image:secure_url":"https:\/\/soymigrante.com\/revista\/wp-content\/uploads\/2025\/06\/san-pedro-jocopilas-quiche-convite-patrimonio-1.webp","og:image:width":1536,"og:image:height":1536,"article:published_time":"2026-04-19T15:24:20+00:00","article:modified_time":"2026-04-19T15:24:30+00:00","article:publisher":"https:\/\/www.facebook.com\/soymigrantecom","twitter:card":"summary_large_image","twitter:site":"@SoyMigrante_com","twitter:title":"\u00bfPorqu\u00e9 es patrimonio el convite de San Pedro Jocopilas?","twitter:description":"Convite de disfraces fue declarado Patrimonio Cultural de la Guatemala en 2025. \u00bfEn qu\u00e9 consiste? \u00bfDesde cu\u00e1ndo existe? Esto y m\u00e1s te lo presentamos aqu\u00ed","twitter:creator":"@SoyMigrante_com","twitter:image":"https:\/\/soymigrante.com\/revista\/wp-content\/uploads\/2025\/06\/san-pedro-jocopilas-quiche-convite-patrimonio-1.webp"},"aioseo_meta_data":{"post_id":"38085","title":"\u00bfPorqu\u00e9 es patrimonio el convite de San Pedro Jocopilas?","description":"Convite de disfraces fue declarado Patrimonio Cultural de la Guatemala en 2025. \u00bfEn qu\u00e9 consiste? \u00bfDesde cu\u00e1ndo existe? Esto y m\u00e1s te lo presentamos aqu\u00ed","keywords":null,"keyphrases":{"focus":{"keyphrase":"Convite","score":91,"analysis":{"keyphraseInTitle":{"score":9,"maxScore":9,"error":0},"keyphraseInDescription":{"score":9,"maxScore":9,"error":0},"keyphraseLength":{"score":9,"maxScore":9,"error":0,"length":1},"keyphraseInURL":{"score":5,"maxScore":5,"error":0},"keyphraseInIntroduction":{"score":9,"maxScore":9,"error":0},"keyphraseInSubHeadings":{"score":9,"maxScore":9,"error":0},"keyphraseInImageAlt":{"score":3,"maxScore":9,"error":1},"keywordDensity":{"type":"best","score":9,"maxScore":9,"error":0}}},"additional":[{"keyphrase":"Patrimonio","score":67,"analysis":{"keyphraseInDescription":{"score":9,"maxScore":9,"error":0},"keyphraseLength":{"score":9,"maxScore":9,"error":0,"length":1},"keyphraseInIntroduction":{"score":9,"maxScore":9,"error":0},"keyphraseInImageAlt":{"score":3,"maxScore":9,"error":1},"keywordDensity":{"score":0,"type":"low","maxScore":9,"error":1}}},{"keyphrase":"Jocopilas","score":73,"analysis":{"keyphraseInDescription":{"score":3,"maxScore":9,"error":1},"keyphraseLength":{"score":9,"maxScore":9,"error":0,"length":1},"keyphraseInIntroduction":{"score":9,"maxScore":9,"error":0},"keyphraseInImageAlt":{"score":3,"maxScore":9,"error":1},"keywordDensity":{"type":"best","score":9,"maxScore":9,"error":0}}}]},"primary_term":null,"canonical_url":null,"og_title":null,"og_description":null,"og_object_type":"default","og_image_type":"default","og_image_url":null,"og_image_width":null,"og_image_height":null,"og_image_custom_url":null,"og_image_custom_fields":null,"og_video":"","og_custom_url":null,"og_article_section":null,"og_article_tags":null,"twitter_use_og":false,"twitter_card":"default","twitter_image_type":"default","twitter_image_url":null,"twitter_image_custom_url":null,"twitter_image_custom_fields":null,"twitter_title":null,"twitter_description":null,"schema":{"blockGraphs":[],"customGraphs":[],"default":{"data":{"Article":[],"Course":[],"Dataset":[],"FAQPage":[],"Movie":[],"Person":[],"Product":[],"ProductReview":[],"Car":[],"Recipe":[],"Service":[],"SoftwareApplication":[],"WebPage":[]},"graphName":"NewsArticle","isEnabled":true},"graphs":[]},"schema_type":"default","schema_type_options":null,"pillar_content":false,"robots_default":true,"robots_noindex":false,"robots_noarchive":false,"robots_nosnippet":false,"robots_nofollow":false,"robots_noimageindex":false,"robots_noodp":false,"robots_notranslate":false,"robots_max_snippet":"-1","robots_max_videopreview":"-1","robots_max_imagepreview":"large","priority":null,"frequency":"default","local_seo":null,"seo_analyzer_scan_date":null,"breadcrumb_settings":null,"limit_modified_date":false,"reviewed_by":"0","open_ai":null,"ai":{"faqs":[],"keyPoints":[],"schemas":[],"titles":[],"descriptions":[],"socialPosts":{"email":[],"linkedin":[],"twitter":[],"facebook":[],"instagram":[]}},"created":"2025-06-30 05:35:55","updated":"2026-04-19 15:57:00"},"aioseo_breadcrumb":"<div class=\"aioseo-breadcrumbs\"><span class=\"aioseo-breadcrumb\">\n\t<a href=\"https:\/\/soymigrante.com\/revista\" title=\"Home\">Home<\/a>\n<\/span><span class=\"aioseo-breadcrumb-separator\">\u00bb<\/span><span class=\"aioseo-breadcrumb\">\n\t<a href=\"https:\/\/soymigrante.com\/revista\/category\/guate-nuestra\/\" title=\"Guate Nuestra\">Guate Nuestra<\/a>\n<\/span><span class=\"aioseo-breadcrumb-separator\">\u00bb<\/span><span class=\"aioseo-breadcrumb\">\n\t<a href=\"https:\/\/soymigrante.com\/revista\/category\/guate-nuestra\/arte-cultura\/\" title=\"Cultura de Guatemala\">Cultura de Guatemala<\/a>\n<\/span><span class=\"aioseo-breadcrumb-separator\">\u00bb<\/span><span class=\"aioseo-breadcrumb\">\n\t\u00bfPor qu\u00e9 se declar\u00f3 Patrimonio Cultural el convite de San Pedro Jocopilas, Quich\u00e9?\n<\/span><\/div>","aioseo_breadcrumb_json":[{"label":"Home","link":"https:\/\/soymigrante.com\/revista"},{"label":"Guate Nuestra","link":"https:\/\/soymigrante.com\/revista\/category\/guate-nuestra\/"},{"label":"Cultura de Guatemala","link":"https:\/\/soymigrante.com\/revista\/category\/guate-nuestra\/arte-cultura\/"},{"label":"\u00bfPor qu\u00e9 se declar\u00f3 Patrimonio Cultural el convite de San Pedro Jocopilas, Quich\u00e9?","link":"https:\/\/soymigrante.com\/revista\/por-que-se-declaro-patrimonioel-convite-de-san-pedro-jocopilas-en-quiche\/"}],"_links":{"self":[{"href":"https:\/\/soymigrante.com\/revista\/wp-json\/wp\/v2\/posts\/38085","targetHints":{"allow":["GET"]}}],"collection":[{"href":"https:\/\/soymigrante.com\/revista\/wp-json\/wp\/v2\/posts"}],"about":[{"href":"https:\/\/soymigrante.com\/revista\/wp-json\/wp\/v2\/types\/post"}],"author":[{"embeddable":true,"href":"https:\/\/soymigrante.com\/revista\/wp-json\/wp\/v2\/users\/1"}],"replies":[{"embeddable":true,"href":"https:\/\/soymigrante.com\/revista\/wp-json\/wp\/v2\/comments?post=38085"}],"version-history":[{"count":14,"href":"https:\/\/soymigrante.com\/revista\/wp-json\/wp\/v2\/posts\/38085\/revisions"}],"predecessor-version":[{"id":55223,"href":"https:\/\/soymigrante.com\/revista\/wp-json\/wp\/v2\/posts\/38085\/revisions\/55223"}],"wp:featuredmedia":[{"embeddable":true,"href":"https:\/\/soymigrante.com\/revista\/wp-json\/wp\/v2\/media\/38086"}],"wp:attachment":[{"href":"https:\/\/soymigrante.com\/revista\/wp-json\/wp\/v2\/media?parent=38085"}],"wp:term":[{"taxonomy":"category","embeddable":true,"href":"https:\/\/soymigrante.com\/revista\/wp-json\/wp\/v2\/categories?post=38085"},{"taxonomy":"post_tag","embeddable":true,"href":"https:\/\/soymigrante.com\/revista\/wp-json\/wp\/v2\/tags?post=38085"}],"curies":[{"name":"wp","href":"https:\/\/api.w.org\/{rel}","templated":true}]}}