{"id":38035,"date":"2025-06-28T09:11:03","date_gmt":"2025-06-28T15:11:03","guid":{"rendered":"https:\/\/soymigrante.com\/revista\/?p=38035"},"modified":"2025-06-28T09:18:38","modified_gmt":"2025-06-28T15:18:38","slug":"shecas-de-occidente-son-algo-mas-que-panes-sabor-tradicion-e-historia","status":"publish","type":"post","link":"https:\/\/soymigrante.com\/revista\/shecas-de-occidente-son-algo-mas-que-panes-sabor-tradicion-e-historia\/","title":{"rendered":"Shecas de Occidente son algo m\u00e1s que panes: sabor, tradici\u00f3n e historia"},"content":{"rendered":"\t\t<div data-elementor-type=\"wp-post\" data-elementor-id=\"38035\" class=\"elementor elementor-38035\" data-elementor-post-type=\"post\">\n\t\t\t\t<div data-particle_enable=\"false\" data-particle-mobile-disabled=\"false\" class=\"elementor-element elementor-element-74085bf e-flex e-con-boxed e-con e-parent\" data-id=\"74085bf\" data-element_type=\"container\" data-e-type=\"container\">\n\t\t\t\t\t<div class=\"e-con-inner\">\n\t\t\t\t<div class=\"elementor-element elementor-element-d164f5f elementor-widget elementor-widget-heading\" data-id=\"d164f5f\" data-element_type=\"widget\" data-e-type=\"widget\" data-widget_type=\"heading.default\">\n\t\t\t\t\t<h2 class=\"elementor-heading-title elementor-size-default\">Las shecas de Quetzaltenango son un pan con sabor, tradici\u00f3n e historia desde hace d\u00e9cadas. \n<\/h2>\t\t\t\t<\/div>\n\t\t\t\t\t<\/div>\n\t\t\t\t<\/div>\n\t\t<div data-particle_enable=\"false\" data-particle-mobile-disabled=\"false\" class=\"elementor-element elementor-element-e8d62a5 e-flex e-con-boxed e-con e-parent\" data-id=\"e8d62a5\" data-element_type=\"container\" data-e-type=\"container\">\n\t\t\t\t\t<div class=\"e-con-inner\">\n\t\t\t\t<div class=\"elementor-element elementor-element-231e2f9 elementor-widget elementor-widget-text-editor\" data-id=\"231e2f9\" data-element_type=\"widget\" data-e-type=\"widget\" data-widget_type=\"text-editor.default\">\n\t\t\t\t\t\t\t\t\t<p>Peque\u00f1as, redondas y arom\u00e1ticas, <a href=\"https:\/\/soymigrante.com\/revista\/quetzaltenango-500-15-datos-que-quiza-ya-sabias-o-tal-vez-no\/\" target=\"_blank\" rel=\"noopener\">las shecas se han convertido en un s\u00edmbolo del occidente guatemalteco. Originarias de Quetzaltenango<\/a> (tambi\u00e9n conocidas como \u201cXeca\u201d), este pan t\u00edpico se ha extendido en su producci\u00f3n y preferencia en municipios cercanos, como San Marcos, parte de Huehuetenango y tambien Totonicap\u00e1n.\u00a0<\/p><p>Por ejemplo ese 28 de junio se efectuar\u00e1 el Festival de la Sheca en San Pedro Sacatep\u00e9quez, San Marcos, evento en el cual se degustar\u00e1 este exquisito pan y al cual todos est\u00e1n invitados. Este peculiar pan guatemalteco fusiona ingredientes y t\u00e9cnicas para ofrecer un bocado lleno de identidad.<\/p>\t\t\t\t\t\t\t\t<\/div>\n\t\t\t\t\t<\/div>\n\t\t\t\t<\/div>\n\t\t<div data-particle_enable=\"false\" data-particle-mobile-disabled=\"false\" class=\"elementor-element elementor-element-5572eec e-flex e-con-boxed e-con e-parent\" data-id=\"5572eec\" data-element_type=\"container\" data-e-type=\"container\">\n\t\t\t\t\t<div class=\"e-con-inner\">\n\t\t\t\t<div class=\"elementor-element elementor-element-a211f23 elementor-widget elementor-widget-facebook-page\" data-id=\"a211f23\" data-element_type=\"widget\" data-e-type=\"widget\" data-widget_type=\"facebook-page.default\">\n\t\t\t\t\t<div class=\"elementor-facebook-widget fb-page\" data-href=\"https:\/\/www.facebook.com\/profile.php?id=61575997089617\" data-tabs=\"timeline\" data-height=\"500px\" data-width=\"500px\" data-small-header=\"false\" data-hide-cover=\"false\" data-show-facepile=\"true\" data-hide-cta=\"false\" style=\"min-height: 1px;height:500px\"><\/div>\t\t\t\t<\/div>\n\t\t\t\t\t<\/div>\n\t\t\t\t<\/div>\n\t\t<div data-particle_enable=\"false\" data-particle-mobile-disabled=\"false\" class=\"elementor-element elementor-element-d915c0f e-flex e-con-boxed e-con e-parent\" data-id=\"d915c0f\" data-element_type=\"container\" data-e-type=\"container\">\n\t\t\t\t\t<div class=\"e-con-inner\">\n\t\t\t\t<div class=\"elementor-element elementor-element-8eaa8c2 elementor-widget elementor-widget-heading\" data-id=\"8eaa8c2\" data-element_type=\"widget\" data-e-type=\"widget\" data-widget_type=\"heading.default\">\n\t\t\t\t\t<h3 class=\"elementor-heading-title elementor-size-default\">\u00bfQu\u00e9 son y de d\u00f3nde vienen?<\/h3>\t\t\t\t<\/div>\n\t\t\t\t\t<\/div>\n\t\t\t\t<\/div>\n\t\t<div data-particle_enable=\"false\" data-particle-mobile-disabled=\"false\" class=\"elementor-element elementor-element-2d3cb3e e-flex e-con-boxed e-con e-parent\" data-id=\"2d3cb3e\" data-element_type=\"container\" data-e-type=\"container\">\n\t\t\t\t\t<div class=\"e-con-inner\">\n\t\t\t\t<div class=\"elementor-element elementor-element-456f2a0 elementor-widget elementor-widget-text-editor\" data-id=\"456f2a0\" data-element_type=\"widget\" data-e-type=\"widget\" data-widget_type=\"text-editor.default\">\n\t\t\t\t\t\t\t\t\t<p><a href=\"https:\/\/soymigrante.com\/revista\/quetzaltenango-500-15-datos-que-quiza-ya-sabias-o-tal-vez-no\/\" target=\"_blank\" rel=\"noopener\">Las shecas son panes dulces de masa suave, elaborados con harina, panela o miel, canela, an\u00eds y levadura, que les otorga ese caracter\u00edstico aroma intenso.<\/a> Su origen se remonta a la \u00e9poca colonial: inicialmente eran consumidas por la poblaci\u00f3n ind\u00edgena, elaboradas con harinas consideradas menos refinadas por los espa\u00f1oles. Su nombre deriva del k\u02bciche\u02bc she (sobrante) y ka\u02bc (piedra de moler), refiri\u00e9ndose a los restos de harina usados para hacerlas.<\/p><p>Aunque algunos atribuyen su invenci\u00f3n a San Pedro Sacatep\u00e9quez (San Marcos), fue en Quetzaltenango donde se incorpor\u00f3 el an\u00eds, dando lugar a la cl\u00e1sica versi\u00f3n local que hoy se conoce.<\/p>\t\t\t\t\t\t\t\t<\/div>\n\t\t\t\t\t<\/div>\n\t\t\t\t<\/div>\n\t\t<div data-particle_enable=\"false\" data-particle-mobile-disabled=\"false\" class=\"elementor-element elementor-element-fd0c1d9 e-flex e-con-boxed e-con e-parent\" data-id=\"fd0c1d9\" data-element_type=\"container\" data-e-type=\"container\">\n\t\t\t\t\t<div class=\"e-con-inner\">\n\t\t\t\t<div class=\"elementor-element elementor-element-10bb669 elementor-widget elementor-widget-image\" data-id=\"10bb669\" data-element_type=\"widget\" data-e-type=\"widget\" data-widget_type=\"image.default\">\n\t\t\t\t\t\t\t\t\t\t\t\t<figure class=\"wp-caption\">\n\t\t\t\t\t\t\t\t\t\t<img fetchpriority=\"high\" decoding=\"async\" width=\"768\" height=\"384\" src=\"https:\/\/soymigrante.com\/revista\/wp-content\/uploads\/2025\/06\/shecas-1.webp\" class=\"attachment-large size-large wp-image-38042\" alt=\"Pan de campo tradicional mexicano, crujiente y arom\u00e1tico, ideal para disfrutar en momentos de descanso o en reuniones familiares, representando la cultura y diversidad gastron\u00f3mica.\" srcset=\"https:\/\/soymigrante.com\/revista\/wp-content\/uploads\/2025\/06\/shecas-1.webp 800w, https:\/\/soymigrante.com\/revista\/wp-content\/uploads\/2025\/06\/shecas-1-300x150.jpg 300w, https:\/\/soymigrante.com\/revista\/wp-content\/uploads\/2025\/06\/shecas-1-768x384.jpg 768w, https:\/\/soymigrante.com\/revista\/wp-content\/uploads\/2025\/06\/shecas-1-360x180.webp 360w, https:\/\/soymigrante.com\/revista\/wp-content\/uploads\/2025\/06\/shecas-1-750x375.webp 750w\" sizes=\"(max-width: 768px) 100vw, 768px\" title=\"Las shecas son un pan tradicional de occidente. (Foto: INGUAT) \u2013 SoyMigrante.com REVISTA\" \/>\t\t\t\t\t\t\t\t\t\t\t<figcaption class=\"widget-image-caption wp-caption-text\">Pan tradicional mexicano, crujiente y arom\u00e1tico, ideal para desayuno o meriendas, resaltando la cultura y gastronom\u00eda de M\u00e9xico en la revista SoyMigrante.com.<\/figcaption>\n\t\t\t\t\t\t\t\t\t\t<\/figure>\n\t\t\t\t\t\t\t\t\t<\/div>\n\t\t\t\t\t<\/div>\n\t\t\t\t<\/div>\n\t\t<div data-particle_enable=\"false\" data-particle-mobile-disabled=\"false\" class=\"elementor-element elementor-element-d8430f4 e-flex e-con-boxed e-con e-parent\" data-id=\"d8430f4\" data-element_type=\"container\" data-e-type=\"container\">\n\t\t\t\t\t<div class=\"e-con-inner\">\n\t\t\t\t<div class=\"elementor-element elementor-element-782ce2d elementor-widget elementor-widget-heading\" data-id=\"782ce2d\" data-element_type=\"widget\" data-e-type=\"widget\" data-widget_type=\"heading.default\">\n\t\t\t\t\t<h3 class=\"elementor-heading-title elementor-size-default\">Historia y tradici\u00f3n<\/h3>\t\t\t\t<\/div>\n\t\t\t\t\t<\/div>\n\t\t\t\t<\/div>\n\t\t<div data-particle_enable=\"false\" data-particle-mobile-disabled=\"false\" class=\"elementor-element elementor-element-3ccf75f e-flex e-con-boxed e-con e-parent\" data-id=\"3ccf75f\" data-element_type=\"container\" data-e-type=\"container\">\n\t\t\t\t\t<div class=\"e-con-inner\">\n\t\t\t\t<div class=\"elementor-element elementor-element-0966bf9 elementor-widget elementor-widget-text-editor\" data-id=\"0966bf9\" data-element_type=\"widget\" data-e-type=\"widget\" data-widget_type=\"text-editor.default\">\n\t\t\t\t\t\t\t\t\t<p>La historia de la sheca atraviesa siglos: <a href=\"https:\/\/soymigrante.com\/revista\/quetzaltenango-500-15-datos-que-quiza-ya-sabias-o-tal-vez-no\/\" target=\"_blank\" rel=\"noopener\">de ser un pan humilde para uso local en tiempos prehisp\u00e1nicos y coloniales,<\/a> pas\u00f3 a ser motivo de reconocimiento entre ladinos y extranjeros. En el Palacio Figueroa (Xela) comenzaron a producirse versiones m\u00e1s claras del pan para un p\u00fablico m\u00e1s amplio.<\/p>\t\t\t\t\t\t\t\t<\/div>\n\t\t\t\t\t<\/div>\n\t\t\t\t<\/div>\n\t\t<div data-particle_enable=\"false\" data-particle-mobile-disabled=\"false\" class=\"elementor-element elementor-element-8e85d2a e-flex e-con-boxed e-con e-parent\" data-id=\"8e85d2a\" data-element_type=\"container\" data-e-type=\"container\">\n\t\t\t\t\t<div class=\"e-con-inner\">\n\t\t\t\t<div class=\"elementor-element elementor-element-9f36ec0 elementor-widget elementor-widget-heading\" data-id=\"9f36ec0\" data-element_type=\"widget\" data-e-type=\"widget\" data-widget_type=\"heading.default\">\n\t\t\t\t\t<h3 class=\"elementor-heading-title elementor-size-default\">Sabores y variaciones<\/h3>\t\t\t\t<\/div>\n\t\t\t\t\t<\/div>\n\t\t\t\t<\/div>\n\t\t<div data-particle_enable=\"false\" data-particle-mobile-disabled=\"false\" class=\"elementor-element elementor-element-ef68362 e-flex e-con-boxed e-con e-parent\" data-id=\"ef68362\" data-element_type=\"container\" data-e-type=\"container\">\n\t\t\t\t\t<div class=\"e-con-inner\">\n\t\t\t\t<div class=\"elementor-element elementor-element-74c61f9 elementor-widget elementor-widget-text-editor\" data-id=\"74c61f9\" data-element_type=\"widget\" data-e-type=\"widget\" data-widget_type=\"text-editor.default\">\n\t\t\t\t\t\t\t\t\t<p>La tradicional es simple, pero en panader\u00edas locales se ofrecen hasta 22 variantes rellenas con frijol, queso crema, jalea de fresa, chocolate, higo y m\u00e1s. Tambi\u00e9n han surgido innovadoras opciones como shecas con Nutella, ideales para quienes buscan un giro dulce y moderno.<\/p>\t\t\t\t\t\t\t\t<\/div>\n\t\t\t\t\t<\/div>\n\t\t\t\t<\/div>\n\t\t<div data-particle_enable=\"false\" data-particle-mobile-disabled=\"false\" class=\"elementor-element elementor-element-9ee6ef0 e-flex e-con-boxed e-con e-parent\" data-id=\"9ee6ef0\" data-element_type=\"container\" data-e-type=\"container\">\n\t\t\t\t\t<div class=\"e-con-inner\">\n\t\t\t\t<div class=\"elementor-element elementor-element-693bfbb elementor-widget elementor-widget-heading\" data-id=\"693bfbb\" data-element_type=\"widget\" data-e-type=\"widget\" data-widget_type=\"heading.default\">\n\t\t\t\t\t<h3 class=\"elementor-heading-title elementor-size-default\">\u00bfC\u00f3mo se consumen?<\/h3>\t\t\t\t<\/div>\n\t\t\t\t\t<\/div>\n\t\t\t\t<\/div>\n\t\t<div data-particle_enable=\"false\" data-particle-mobile-disabled=\"false\" class=\"elementor-element elementor-element-4a1eed4 e-flex e-con-boxed e-con e-parent\" data-id=\"4a1eed4\" data-element_type=\"container\" data-e-type=\"container\">\n\t\t\t\t\t<div class=\"e-con-inner\">\n\t\t\t\t<div class=\"elementor-element elementor-element-521544b elementor-widget elementor-widget-text-editor\" data-id=\"521544b\" data-element_type=\"widget\" data-e-type=\"widget\" data-widget_type=\"text-editor.default\">\n\t\t\t\t\t\t\t\t\t<p><a href=\"https:\/\/soymigrante.com\/revista\/quetzaltenango-500-15-datos-que-quiza-ya-sabias-o-tal-vez-no\/\" target=\"_blank\" rel=\"noopener\">Se suelen acompa\u00f1ar con chocolate caliente o caf\u00e9 al desayuno o merienda.<\/a> Tambi\u00e9n se disfrutan con queso, frijol o jalea, combinaciones tradicionales que realzan su sabor neutro y vers\u00e1til. A menudo se env\u00edan como recuerdo a familiares, convirti\u00e9ndose en un s\u00edmbolo querible de la regi\u00f3n.<\/p>\t\t\t\t\t\t\t\t<\/div>\n\t\t\t\t\t<\/div>\n\t\t\t\t<\/div>\n\t\t<div data-particle_enable=\"false\" data-particle-mobile-disabled=\"false\" class=\"elementor-element elementor-element-ff42e19 e-flex e-con-boxed e-con e-parent\" data-id=\"ff42e19\" data-element_type=\"container\" data-e-type=\"container\">\n\t\t\t\t\t<div class=\"e-con-inner\">\n\t\t\t\t<div class=\"elementor-element elementor-element-de6e865 elementor-widget elementor-widget-image\" data-id=\"de6e865\" data-element_type=\"widget\" data-e-type=\"widget\" data-widget_type=\"image.default\">\n\t\t\t\t\t\t\t\t\t\t\t\t<figure class=\"wp-caption\">\n\t\t\t\t\t\t\t\t\t\t<img decoding=\"async\" width=\"768\" height=\"384\" src=\"https:\/\/soymigrante.com\/revista\/wp-content\/uploads\/2025\/06\/Shecas-3.webp\" class=\"attachment-large size-large wp-image-38043\" alt=\"Pan de yuca tradicional, delicioso y crujiente, ideal para la gastronom\u00eda latinoamericana y migrantes en su pa\u00eds y en el extranjero.\" srcset=\"https:\/\/soymigrante.com\/revista\/wp-content\/uploads\/2025\/06\/Shecas-3.webp 800w, https:\/\/soymigrante.com\/revista\/wp-content\/uploads\/2025\/06\/Shecas-3-300x150.jpg 300w, https:\/\/soymigrante.com\/revista\/wp-content\/uploads\/2025\/06\/Shecas-3-768x384.jpg 768w, https:\/\/soymigrante.com\/revista\/wp-content\/uploads\/2025\/06\/Shecas-3-360x180.webp 360w, https:\/\/soymigrante.com\/revista\/wp-content\/uploads\/2025\/06\/Shecas-3-750x375.webp 750w\" sizes=\"(max-width: 768px) 100vw, 768px\" title=\"Las shecas son una variedad de panes que se pueden acompa\u00f1ar de chocolate. (Foto: INGUAT) \u2013 SoyMigrante.com REVISTA\" \/>\t\t\t\t\t\t\t\t\t\t\t<figcaption class=\"widget-image-caption wp-caption-text\">Pan de yuca, receta tradicional y sabores latinoamericanos, en nuestra revista SoyMigrante.<\/figcaption>\n\t\t\t\t\t\t\t\t\t\t<\/figure>\n\t\t\t\t\t\t\t\t\t<\/div>\n\t\t\t\t\t<\/div>\n\t\t\t\t<\/div>\n\t\t<div data-particle_enable=\"false\" data-particle-mobile-disabled=\"false\" class=\"elementor-element elementor-element-d0be085 e-flex e-con-boxed e-con e-parent\" data-id=\"d0be085\" data-element_type=\"container\" data-e-type=\"container\">\n\t\t\t\t\t<div class=\"e-con-inner\">\n\t\t\t\t<div class=\"elementor-element elementor-element-b3206ff elementor-widget elementor-widget-heading\" data-id=\"b3206ff\" data-element_type=\"widget\" data-e-type=\"widget\" data-widget_type=\"heading.default\">\n\t\t\t\t\t<h3 class=\"elementor-heading-title elementor-size-default\">Precios aproximados<\/h3>\t\t\t\t<\/div>\n\t\t\t\t\t<\/div>\n\t\t\t\t<\/div>\n\t\t<div data-particle_enable=\"false\" data-particle-mobile-disabled=\"false\" class=\"elementor-element elementor-element-6461e2b e-flex e-con-boxed e-con e-parent\" data-id=\"6461e2b\" data-element_type=\"container\" data-e-type=\"container\">\n\t\t\t\t\t<div class=\"e-con-inner\">\n\t\t\t\t<div class=\"elementor-element elementor-element-1db0fba elementor-widget elementor-widget-text-editor\" data-id=\"1db0fba\" data-element_type=\"widget\" data-e-type=\"widget\" data-widget_type=\"text-editor.default\">\n\t\t\t\t\t\t\t\t\t<div>Seg\u00fan las panader\u00edas locales, los precios actuales oscilan entre:<\/div><div>\u2022Sheca simple: Q\u202f1.25<\/div><div>\u2022Sheca con jalea o queso crema: Q\u202f2.25\u00a0 \u00a0<\/div>\t\t\t\t\t\t\t\t<\/div>\n\t\t\t\t\t<\/div>\n\t\t\t\t<\/div>\n\t\t<div data-particle_enable=\"false\" data-particle-mobile-disabled=\"false\" class=\"elementor-element elementor-element-7e9acfc e-flex e-con-boxed e-con e-parent\" data-id=\"7e9acfc\" data-element_type=\"container\" data-e-type=\"container\">\n\t\t\t\t\t<div class=\"e-con-inner\">\n\t\t\t\t<div class=\"elementor-element elementor-element-dbd8d8a elementor-widget elementor-widget-heading\" data-id=\"dbd8d8a\" data-element_type=\"widget\" data-e-type=\"widget\" data-widget_type=\"heading.default\">\n\t\t\t\t\t<h3 class=\"elementor-heading-title elementor-size-default\">Acompa\u00f1amientos ideales<\/h3>\t\t\t\t<\/div>\n\t\t\t\t\t<\/div>\n\t\t\t\t<\/div>\n\t\t<div data-particle_enable=\"false\" data-particle-mobile-disabled=\"false\" class=\"elementor-element elementor-element-5dc0561 e-flex e-con-boxed e-con e-parent\" data-id=\"5dc0561\" data-element_type=\"container\" data-e-type=\"container\">\n\t\t\t\t\t<div class=\"e-con-inner\">\n\t\t\t\t<div class=\"elementor-element elementor-element-f268aa3 elementor-widget elementor-widget-text-editor\" data-id=\"f268aa3\" data-element_type=\"widget\" data-e-type=\"widget\" data-widget_type=\"text-editor.default\">\n\t\t\t\t\t\t\t\t\t<div>\u2022 Chocolate caliente tradicional de Quetzaltenango: el maridaje cl\u00e1sico.<\/div><div>\u2022Caf\u00e9 local o de especialidad: realza el sabor del an\u00eds y canela.<\/div><div>\u2022Frijol, queso o jalea: tradicionales y deliciosos.<\/div><div>\u2022Nutella: una versi\u00f3n moderna y popular entre quienes buscan un sabor m\u00e1s dulce.<\/div>\t\t\t\t\t\t\t\t<\/div>\n\t\t\t\t\t<\/div>\n\t\t\t\t<\/div>\n\t\t<div data-particle_enable=\"false\" data-particle-mobile-disabled=\"false\" class=\"elementor-element elementor-element-a49e4a0 e-flex e-con-boxed e-con e-parent\" data-id=\"a49e4a0\" data-element_type=\"container\" data-e-type=\"container\">\n\t\t\t\t\t<div class=\"e-con-inner\">\n\t\t\t\t<div class=\"elementor-element elementor-element-db173b8 elementor-widget elementor-widget-image\" data-id=\"db173b8\" data-element_type=\"widget\" data-e-type=\"widget\" data-widget_type=\"image.default\">\n\t\t\t\t\t\t\t\t\t\t\t\t<figure class=\"wp-caption\">\n\t\t\t\t\t\t\t\t\t\t<img decoding=\"async\" width=\"768\" height=\"432\" src=\"https:\/\/soymigrante.com\/revista\/wp-content\/uploads\/2025\/06\/shecas-4-1024x576.jpg\" class=\"attachment-large size-large wp-image-38044\" alt=\"Hojuelas de pan dulce en cesta, t\u00edpico alimento tradicional mexicano.\" srcset=\"https:\/\/soymigrante.com\/revista\/wp-content\/uploads\/2025\/06\/shecas-4-1024x576.jpg 1024w, https:\/\/soymigrante.com\/revista\/wp-content\/uploads\/2025\/06\/shecas-4-300x169.jpg 300w, https:\/\/soymigrante.com\/revista\/wp-content\/uploads\/2025\/06\/shecas-4-768x432.jpg 768w, https:\/\/soymigrante.com\/revista\/wp-content\/uploads\/2025\/06\/shecas-4-750x422.webp 750w, https:\/\/soymigrante.com\/revista\/wp-content\/uploads\/2025\/06\/shecas-4-1140x641.webp 1140w, https:\/\/soymigrante.com\/revista\/wp-content\/uploads\/2025\/06\/shecas-4.webp 1280w\" sizes=\"(max-width: 768px) 100vw, 768px\" title=\"Las shecas pueden tener chocolate o queso crema. (Foto: INGUAT) \u2013 SoyMigrante.com REVISTA\" \/>\t\t\t\t\t\t\t\t\t\t\t<figcaption class=\"widget-image-caption wp-caption-text\">Hojuelas de pan en cesta sobre fondo r\u00fastico, representando gastronom\u00eda mexicana y tradiciones culinarias.<\/figcaption>\n\t\t\t\t\t\t\t\t\t\t<\/figure>\n\t\t\t\t\t\t\t\t\t<\/div>\n\t\t\t\t\t<\/div>\n\t\t\t\t<\/div>\n\t\t<div data-particle_enable=\"false\" data-particle-mobile-disabled=\"false\" class=\"elementor-element elementor-element-ea1cabe e-flex e-con-boxed e-con e-parent\" data-id=\"ea1cabe\" data-element_type=\"container\" data-e-type=\"container\">\n\t\t\t\t\t<div class=\"e-con-inner\">\n\t\t\t\t<div class=\"elementor-element elementor-element-63302c1 elementor-widget elementor-widget-text-editor\" data-id=\"63302c1\" data-element_type=\"widget\" data-e-type=\"widget\" data-widget_type=\"text-editor.default\">\n\t\t\t\t\t\t\t\t\t<p><a href=\"https:\/\/soymigrante.com\/revista\/quetzaltenango-500-15-datos-que-quiza-ya-sabias-o-tal-vez-no\/\" target=\"_blank\" rel=\"noopener\">Las shecas no solo son un pan, sino un emblema de identidad regional y memoria colectiva.<\/a> Con su aroma a an\u00eds, origen humilde y m\u00faltiples rellenos, se han ganado un lugar especial en las mesas, maletas y corazones de quienes aman la gastronom\u00eda guatemalteca. Ya sea simples o rellenas, acompa\u00f1adas de chocolate o queso, representan un placer ancestral que sigue vigente entre quetzaltecos y visitantes.<\/p>\t\t\t\t\t\t\t\t<\/div>\n\t\t\t\t\t<\/div>\n\t\t\t\t<\/div>\n\t\t<div data-particle_enable=\"false\" data-particle-mobile-disabled=\"false\" class=\"elementor-element elementor-element-2f9f098 e-flex e-con-boxed e-con e-parent\" data-id=\"2f9f098\" data-element_type=\"container\" data-e-type=\"container\">\n\t\t\t\t\t<div class=\"e-con-inner\">\n\t\t\t\t<div class=\"elementor-element elementor-element-1bcb130 elementor-widget elementor-widget-heading\" data-id=\"1bcb130\" data-element_type=\"widget\" data-e-type=\"widget\" data-widget_type=\"heading.default\">\n\t\t\t\t\t<h2 class=\"elementor-heading-title elementor-size-default\">Conoce m\u00e1s de Guatemala, ac\u00e1...<\/h2>\t\t\t\t<\/div>\n\t\t\t\t\t<\/div>\n\t\t\t\t<\/div>\n\t\t<div data-particle_enable=\"false\" data-particle-mobile-disabled=\"false\" class=\"elementor-element elementor-element-1d9b81a e-flex e-con-boxed e-con e-parent\" data-id=\"1d9b81a\" data-element_type=\"container\" data-e-type=\"container\">\n\t\t\t\t\t<div class=\"e-con-inner\">\n\t\t\t\t<div class=\"elementor-element elementor-element-7d3982f elementor-grid-eael-col-3 elementor-grid-tablet-eael-col-2 elementor-grid-mobile-eael-col-1 elementor-invisible elementor-widget elementor-widget-eael-post-grid\" data-id=\"7d3982f\" data-element_type=\"widget\" data-e-type=\"widget\" data-settings=\"{&quot;eael_post_grid_columns&quot;:&quot;eael-col-3&quot;,&quot;_animation&quot;:&quot;rollIn&quot;,&quot;eael_post_grid_columns_tablet&quot;:&quot;eael-col-2&quot;,&quot;eael_post_grid_columns_mobile&quot;:&quot;eael-col-1&quot;}\" data-widget_type=\"eael-post-grid.default\">\n\t\t\t\t\t<div id=\"eael-post-grid-7d3982f\" class=\"eael-post-grid-container\">\n            <div class=\"eael-post-grid eael-post-appender eael-post-appender-7d3982f eael-post-grid-style-one\" data-layout-mode=\"masonry\"><article class=\"eael-grid-post  eael-post-grid-column eael-pg-post-5262 category-guate-nuestra\" data-id=\"5262\">\n        <div class=\"eael-grid-post-holder\">\n            <div class=\"eael-grid-post-holder-inner\"><div class=\"eael-entry-media\"><div class=\"eael-entry-overlay fade-in\"><i class=\"far fa-hand-pointer\" aria-hidden=\"true\"><\/i><a href=\"https:\/\/soymigrante.com\/revista\/la-moneda-nacional-de-guatemala-el-quetzal-cumple-100-anos\/\"><\/a><\/div><div class=\"eael-entry-thumbnail \">\n                <img loading=\"lazy\" decoding=\"async\" width=\"816\" height=\"852\" src=\"https:\/\/soymigrante.com\/revista\/wp-content\/uploads\/2024\/03\/fdfd.webp\" class=\"attachment-large size-large wp-image-5263\" alt=\"Moneda de Guatemala el Quetzal Guatemalan Currency Guatemalan Quetzal\" srcset=\"https:\/\/soymigrante.com\/revista\/wp-content\/uploads\/2024\/03\/fdfd.webp 816w, https:\/\/soymigrante.com\/revista\/wp-content\/uploads\/2024\/03\/fdfd-287x300.webp 287w, https:\/\/soymigrante.com\/revista\/wp-content\/uploads\/2024\/03\/fdfd-768x802.webp 768w, https:\/\/soymigrante.com\/revista\/wp-content\/uploads\/2024\/03\/fdfd-750x783.webp 750w\" sizes=\"(max-width: 816px) 100vw, 816px\" \/>\n            <\/div>\n        <\/div><div class=\"eael-entry-wrapper\"><header class=\"eael-entry-header\"><h2 class=\"eael-entry-title\"><a class=\"eael-grid-post-link\" href=\"https:\/\/soymigrante.com\/revista\/la-moneda-nacional-de-guatemala-el-quetzal-cumple-100-anos\/\" title=\"\u00bfCu\u00e1ndo surgi\u00f3 el Quetzal como moneda oficial de Guatemala y qui\u00e9n le puso ese nombre?\">\u00bfCu\u00e1ndo surgi\u00f3 el Quetzal como moneda oficial de Guatemala y qui\u00e9n le puso ese nombre?<\/a><\/h2><\/header><div class=\"eael-entry-content\">\n                        <div class=\"eael-grid-post-excerpt\"><a href=\"https:\/\/soymigrante.com\/revista\/la-moneda-nacional-de-guatemala-el-quetzal-cumple-100-anos\/\" class=\"eael-post-elements-readmore-btn\">CONOCE SU HISTORIA <\/a><\/div>\n                    <\/div><\/div><\/div>\n        <\/div>\n    <\/article><article class=\"eael-grid-post  eael-post-grid-column eael-pg-post-6251 category-recetas-guatemaltecas\" data-id=\"6251\">\n        <div class=\"eael-grid-post-holder\">\n            <div class=\"eael-grid-post-holder-inner\"><div class=\"eael-entry-media\"><div class=\"eael-entry-overlay fade-in\"><i class=\"far fa-hand-pointer\" aria-hidden=\"true\"><\/i><a href=\"https:\/\/soymigrante.com\/revista\/recetas-chapinas-pepian-quetzalteco-receta-tradicional-2\/\"><\/a><\/div><div class=\"eael-entry-thumbnail \">\n                <img loading=\"lazy\" decoding=\"async\" width=\"960\" height=\"720\" src=\"https:\/\/soymigrante.com\/revista\/wp-content\/uploads\/2024\/05\/Ajonjoli-miltomate-y-pepitoria-son-algunos-ingredientes-del-pepian-quetzalteco.webp\" class=\"attachment-large size-large wp-image-6253\" alt=\"Gracias por la imagen y el contexto. Aqu\u00ed tienes los textos SEO solicitados:.\" srcset=\"https:\/\/soymigrante.com\/revista\/wp-content\/uploads\/2024\/05\/Ajonjoli-miltomate-y-pepitoria-son-algunos-ingredientes-del-pepian-quetzalteco.webp 960w, https:\/\/soymigrante.com\/revista\/wp-content\/uploads\/2024\/05\/Ajonjoli-miltomate-y-pepitoria-son-algunos-ingredientes-del-pepian-quetzalteco-300x225.webp 300w, https:\/\/soymigrante.com\/revista\/wp-content\/uploads\/2024\/05\/Ajonjoli-miltomate-y-pepitoria-son-algunos-ingredientes-del-pepian-quetzalteco-768x576.webp 768w, https:\/\/soymigrante.com\/revista\/wp-content\/uploads\/2024\/05\/Ajonjoli-miltomate-y-pepitoria-son-algunos-ingredientes-del-pepian-quetzalteco-750x563.jpg 750w\" sizes=\"(max-width: 960px) 100vw, 960px\" \/>\n            <\/div>\n        <\/div><div class=\"eael-entry-wrapper\"><header class=\"eael-entry-header\"><h2 class=\"eael-entry-title\"><a class=\"eael-grid-post-link\" href=\"https:\/\/soymigrante.com\/revista\/recetas-chapinas-pepian-quetzalteco-receta-tradicional-2\/\" title=\"Recetas chapinas: pepi\u00e1n quetzalteco es delicia ceremonial\">Recetas chapinas: pepi\u00e1n quetzalteco es delicia ceremonial<\/a><\/h2><\/header><div class=\"eael-entry-content\">\n                        <div class=\"eael-grid-post-excerpt\"><a href=\"https:\/\/soymigrante.com\/revista\/recetas-chapinas-pepian-quetzalteco-receta-tradicional-2\/\" class=\"eael-post-elements-readmore-btn\">CONOCE SU HISTORIA <\/a><\/div>\n                    <\/div><\/div><\/div>\n        <\/div>\n    <\/article><article class=\"eael-grid-post  eael-post-grid-column eael-pg-post-5793 category-guate-nuestra\" data-id=\"5793\">\n        <div class=\"eael-grid-post-holder\">\n            <div class=\"eael-grid-post-holder-inner\"><div class=\"eael-entry-media\"><div class=\"eael-entry-overlay fade-in\"><i class=\"far fa-hand-pointer\" aria-hidden=\"true\"><\/i><a href=\"https:\/\/soymigrante.com\/revista\/luna-de-xelaju-dudas-verdades-y-versiones-del-segundo-himno-de-guatemala\/\"><\/a><\/div><div class=\"eael-entry-thumbnail \">\n                <img loading=\"lazy\" decoding=\"async\" width=\"1024\" height=\"576\" src=\"https:\/\/soymigrante.com\/revista\/wp-content\/uploads\/2024\/04\/luna-de-xelaju-1024x576.webp\" class=\"attachment-large size-large wp-image-5884\" alt=\"Luna de Xelaj\u00fa: dudas, verdades y versiones del &quot;segundo Himno de Guatemala&quot;\" srcset=\"https:\/\/soymigrante.com\/revista\/wp-content\/uploads\/2024\/04\/luna-de-xelaju-1024x576.webp 1024w, https:\/\/soymigrante.com\/revista\/wp-content\/uploads\/2024\/04\/luna-de-xelaju-300x169.webp 300w, https:\/\/soymigrante.com\/revista\/wp-content\/uploads\/2024\/04\/luna-de-xelaju-768x432.webp 768w, https:\/\/soymigrante.com\/revista\/wp-content\/uploads\/2024\/04\/luna-de-xelaju-1536x864.webp 1536w, https:\/\/soymigrante.com\/revista\/wp-content\/uploads\/2024\/04\/luna-de-xelaju-scaled.webp 1920w, https:\/\/soymigrante.com\/revista\/wp-content\/uploads\/2024\/04\/luna-de-xelaju-750x422.webp 750w, https:\/\/soymigrante.com\/revista\/wp-content\/uploads\/2024\/04\/luna-de-xelaju-1140x641.webp 1140w\" sizes=\"(max-width: 1024px) 100vw, 1024px\" \/>\n            <\/div>\n        <\/div><div class=\"eael-entry-wrapper\"><header class=\"eael-entry-header\"><h2 class=\"eael-entry-title\"><a class=\"eael-grid-post-link\" href=\"https:\/\/soymigrante.com\/revista\/luna-de-xelaju-dudas-verdades-y-versiones-del-segundo-himno-de-guatemala\/\" title=\"Luna de Xelaj\u00fa: dudas, verdades y versiones del &#8220;segundo Himno de Guatemala&#8221;\">Luna de Xelaj\u00fa: dudas, verdades y versiones del &#8220;segundo Himno de Guatemala&#8221;<\/a><\/h2><\/header><div class=\"eael-entry-content\">\n                        <div class=\"eael-grid-post-excerpt\"><a href=\"https:\/\/soymigrante.com\/revista\/luna-de-xelaju-dudas-verdades-y-versiones-del-segundo-himno-de-guatemala\/\" class=\"eael-post-elements-readmore-btn\">CONOCE SU HISTORIA <\/a><\/div>\n                    <\/div><\/div><\/div>\n        <\/div>\n    <\/article><\/div>\n            <div class=\"clearfix\"><\/div>\n        <\/div>\t\t\t\t<\/div>\n\t\t\t\t\t<\/div>\n\t\t\t\t<\/div>\n\t\t\t\t<\/div>\n\t\t","protected":false},"excerpt":{"rendered":"<p>Las shecas de Quetzaltenango son un pan con sabor, tradici\u00f3n e historia desde hace d\u00e9cadas. Peque\u00f1as, redondas y arom\u00e1ticas, las shecas se han convertido en un s\u00edmbolo del occidente guatemalteco. Originarias de Quetzaltenango (tambi\u00e9n conocidas como \u201cXeca\u201d), este pan t\u00edpico se ha extendido en su producci\u00f3n y preferencia en municipios cercanos, como San Marcos, parte [&hellip;]<\/p>\n","protected":false},"author":19,"featured_media":38036,"comment_status":"open","ping_status":"open","sticky":false,"template":"","format":"standard","meta":{"_acf_changed":false,"_eb_attr":"","footnotes":""},"categories":[58],"tags":[],"class_list":["post-38035","post","type-post","status-publish","format-standard","has-post-thumbnail","hentry","category-guate-nuestra"],"acf":[],"aioseo_notices":[],"aioseo_head":"\n\t\t<!-- All in One SEO Pro 4.9.6.2 - aioseo.com -->\n\t<meta name=\"description\" content=\"La canci\u00f3n Luna de Xelaj\u00fa tiene decenas de versiones. Su composici\u00f3n se atribuye al huehueteco Paco P\u00e9rez, pero algunos difieren de ello. Esta es una s\u00edntesis de verdades, dudas e interpretaciones del tema considerado un &quot;Segundo Himno Nacional&quot; de Guatemala Luna de Xelaj\u00fa arranca suspiros, sonrisas, l\u00e1grimas, sobre todo si se canta fuera de Guatemala.\" \/>\n\t<meta name=\"robots\" content=\"max-snippet:-1, max-image-preview:large, max-video-preview:-1\" \/>\n\t<meta name=\"author\" content=\"Marysabel Aldana\"\/>\n\t<link rel=\"canonical\" href=\"https:\/\/soymigrante.com\/revista\/shecas-de-occidente-son-algo-mas-que-panes-sabor-tradicion-e-historia\/\" \/>\n\t<meta name=\"generator\" content=\"All in One SEO Pro (AIOSEO) 4.9.6.2\" \/>\n\n\t\t<link rel=\"preconnect\" href=\"https:\/\/fonts.googleapis.com\" crossorigin>\n<link rel=\"preconnect\" href=\"https:\/\/fonts.gstatic.com\" crossorigin>\n\t\t<meta property=\"og:locale\" content=\"es_ES\" \/>\n\t\t<meta property=\"og:site_name\" content=\"SoyMigrante.com REVISTA \u2013 Nuestra misi\u00f3n es reconocer y dignificar al migrante.\" \/>\n\t\t<meta property=\"og:type\" content=\"article\" \/>\n\t\t<meta property=\"og:title\" content=\"Shecas de Occidente son algo m\u00e1s que panes: sabor, tradici\u00f3n e historia\" \/>\n\t\t<meta property=\"og:description\" content=\"Festival de la Sheca se efect\u00faa este 28 de junio en San Pedro Sacatep\u00e9quez, San Marcos y refleja la preferencia por este pan en Quetzaltenango, Huehue y Toto.\" \/>\n\t\t<meta property=\"og:url\" content=\"https:\/\/soymigrante.com\/revista\/shecas-de-occidente-son-algo-mas-que-panes-sabor-tradicion-e-historia\/\" \/>\n\t\t<meta property=\"og:image\" content=\"https:\/\/soymigrante.com\/revista\/wp-content\/uploads\/2025\/06\/Shecas-2-e1751054123198.webp\" \/>\n\t\t<meta property=\"og:image:secure_url\" content=\"https:\/\/soymigrante.com\/revista\/wp-content\/uploads\/2025\/06\/Shecas-2-e1751054123198.webp\" \/>\n\t\t<meta property=\"og:image:width\" content=\"720\" \/>\n\t\t<meta property=\"og:image:height\" content=\"720\" \/>\n\t\t<meta property=\"article:published_time\" content=\"2025-06-28T15:11:03+00:00\" \/>\n\t\t<meta property=\"article:modified_time\" content=\"2025-06-28T15:18:38+00:00\" \/>\n\t\t<meta property=\"article:publisher\" content=\"https:\/\/www.facebook.com\/soymigrantecom\" \/>\n\t\t<meta name=\"twitter:card\" content=\"summary_large_image\" \/>\n\t\t<meta name=\"twitter:site\" content=\"@SoyMigrante_com\" \/>\n\t\t<meta name=\"twitter:title\" content=\"Shecas de Occidente son algo m\u00e1s que panes: sabor, tradici\u00f3n e historia\" \/>\n\t\t<meta name=\"twitter:description\" content=\"Festival de la Sheca se efect\u00faa este 28 de junio en San Pedro Sacatep\u00e9quez, San Marcos y refleja la preferencia por este pan en Quetzaltenango, Huehue y Toto.\" \/>\n\t\t<meta name=\"twitter:creator\" content=\"@SoyMigrante_com\" \/>\n\t\t<meta name=\"twitter:image\" content=\"https:\/\/soymigrante.com\/revista\/wp-content\/uploads\/2025\/06\/Shecas-2-e1751054123198.webp\" \/>\n\t\t<!-- All in One SEO Pro -->\r\n\t\t<title>Shecas de Occidente son algo m\u00e1s que panes: sabor, tradici\u00f3n e historia<\/title>\n\n","aioseo_head_json":{"title":"Shecas de Occidente son algo m\u00e1s que panes: sabor, tradici\u00f3n e historia","description":"Festival de la Sheca se efect\u00faa este 28 de junio en San Pedro Sacatep\u00e9quez, San Marcos y refleja la preferencia por este pan en Quetzaltenango, Huehue y Toto.","canonical_url":"https:\/\/soymigrante.com\/revista\/shecas-de-occidente-son-algo-mas-que-panes-sabor-tradicion-e-historia\/","robots":"max-snippet:-1, max-image-preview:large, max-video-preview:-1","keywords":"","webmasterTools":{"miscellaneous":"&lt;link rel=\"preconnect\" href=\"https:\/\/fonts.googleapis.com\" crossorigin&gt;\n&lt;link rel=\"preconnect\" href=\"https:\/\/fonts.gstatic.com\" crossorigin&gt;"},"schema":null,"og:locale":"es_ES","og:site_name":"SoyMigrante.com REVISTA \u2013 Nuestra misi\u00f3n es reconocer y dignificar al migrante.","og:type":"article","og:title":"Shecas de Occidente son algo m\u00e1s que panes: sabor, tradici\u00f3n e historia","og:description":"Festival de la Sheca se efect\u00faa este 28 de junio en San Pedro Sacatep\u00e9quez, San Marcos y refleja la preferencia por este pan en Quetzaltenango, Huehue y Toto.","og:url":"https:\/\/soymigrante.com\/revista\/shecas-de-occidente-son-algo-mas-que-panes-sabor-tradicion-e-historia\/","og:image":"https:\/\/soymigrante.com\/revista\/wp-content\/uploads\/2025\/06\/Shecas-2-e1751054123198.webp","og:image:secure_url":"https:\/\/soymigrante.com\/revista\/wp-content\/uploads\/2025\/06\/Shecas-2-e1751054123198.webp","og:image:width":720,"og:image:height":720,"article:published_time":"2025-06-28T15:11:03+00:00","article:modified_time":"2025-06-28T15:18:38+00:00","article:publisher":"https:\/\/www.facebook.com\/soymigrantecom","twitter:card":"summary_large_image","twitter:site":"@SoyMigrante_com","twitter:title":"Shecas de Occidente son algo m\u00e1s que panes: sabor, tradici\u00f3n e historia","twitter:description":"Festival de la Sheca se efect\u00faa este 28 de junio en San Pedro Sacatep\u00e9quez, San Marcos y refleja la preferencia por este pan en Quetzaltenango, Huehue y Toto.","twitter:creator":"@SoyMigrante_com","twitter:image":"https:\/\/soymigrante.com\/revista\/wp-content\/uploads\/2025\/06\/Shecas-2-e1751054123198.webp"},"aioseo_meta_data":{"post_id":"38035","title":null,"description":"Festival de la Sheca se efect\u00faa este 28 de junio en San Pedro Sacatep\u00e9quez, San Marcos y refleja la preferencia por este pan en Quetzaltenango, Huehue y Toto.","keywords":null,"keyphrases":{"focus":{"keyphrase":"shecas","score":82,"analysis":{"keyphraseInTitle":{"score":9,"maxScore":9,"error":0},"keyphraseInDescription":{"score":3,"maxScore":9,"error":1},"keyphraseLength":{"score":9,"maxScore":9,"error":0,"length":1},"keyphraseInURL":{"score":5,"maxScore":5,"error":0},"keyphraseInIntroduction":{"score":9,"maxScore":9,"error":0},"keyphraseInSubHeadings":{"score":3,"maxScore":9,"error":1},"keyphraseInImageAlt":{"score":9,"maxScore":9,"error":0},"keywordDensity":{"type":"best","score":9,"maxScore":9,"error":0}}},"additional":[{"keyphrase":"quetzaltenango","score":87,"analysis":{"keyphraseInDescription":{"score":9,"maxScore":9,"error":0},"keyphraseLength":{"score":9,"maxScore":9,"error":0,"length":1},"keyphraseInIntroduction":{"score":9,"maxScore":9,"error":0},"keyphraseInImageAlt":{"score":3,"maxScore":9,"error":1},"keywordDensity":{"type":"best","score":9,"maxScore":9,"error":0}}}]},"primary_term":null,"canonical_url":null,"og_title":null,"og_description":null,"og_object_type":"default","og_image_type":"default","og_image_url":null,"og_image_width":null,"og_image_height":null,"og_image_custom_url":null,"og_image_custom_fields":null,"og_video":"","og_custom_url":null,"og_article_section":null,"og_article_tags":null,"twitter_use_og":false,"twitter_card":"default","twitter_image_type":"default","twitter_image_url":null,"twitter_image_custom_url":null,"twitter_image_custom_fields":null,"twitter_title":null,"twitter_description":null,"schema":{"blockGraphs":[],"customGraphs":[],"default":{"data":{"Article":[],"Course":[],"Dataset":[],"FAQPage":[],"Movie":[],"Person":[],"Product":[],"ProductReview":[],"Car":[],"Recipe":[],"Service":[],"SoftwareApplication":[],"WebPage":[]},"graphName":"none","isEnabled":true},"graphs":[]},"schema_type":"default","schema_type_options":null,"pillar_content":false,"robots_default":true,"robots_noindex":false,"robots_noarchive":false,"robots_nosnippet":false,"robots_nofollow":false,"robots_noimageindex":false,"robots_noodp":false,"robots_notranslate":false,"robots_max_snippet":"-1","robots_max_videopreview":"-1","robots_max_imagepreview":"large","priority":null,"frequency":"default","local_seo":null,"seo_analyzer_scan_date":"2025-10-09 06:17:23","breadcrumb_settings":null,"limit_modified_date":false,"reviewed_by":"0","open_ai":null,"ai":{"faqs":[],"keyPoints":[],"titles":[],"descriptions":[],"socialPosts":{"email":[],"linkedin":[],"twitter":[],"facebook":[],"instagram":[]}},"created":"2025-06-27 19:56:22","updated":"2026-02-05 01:23:33"},"aioseo_breadcrumb":"<div class=\"aioseo-breadcrumbs\"><span class=\"aioseo-breadcrumb\">\n\t<a href=\"https:\/\/soymigrante.com\/revista\" title=\"Home\">Home<\/a>\n<\/span><span class=\"aioseo-breadcrumb-separator\">\u00bb<\/span><span class=\"aioseo-breadcrumb\">\n\t<a href=\"https:\/\/soymigrante.com\/revista\/category\/guate-nuestra\/\" title=\"Guate Nuestra\">Guate Nuestra<\/a>\n<\/span><span class=\"aioseo-breadcrumb-separator\">\u00bb<\/span><span class=\"aioseo-breadcrumb\">\n\tShecas de Occidente son algo m\u00e1s que panes: sabor, tradici\u00f3n e historia\n<\/span><\/div>","aioseo_breadcrumb_json":[{"label":"Home","link":"https:\/\/soymigrante.com\/revista"},{"label":"Guate Nuestra","link":"https:\/\/soymigrante.com\/revista\/category\/guate-nuestra\/"},{"label":"Shecas de Occidente son algo m\u00e1s que panes: sabor, tradici\u00f3n e historia","link":"https:\/\/soymigrante.com\/revista\/shecas-de-occidente-son-algo-mas-que-panes-sabor-tradicion-e-historia\/"}],"_links":{"self":[{"href":"https:\/\/soymigrante.com\/revista\/wp-json\/wp\/v2\/posts\/38035","targetHints":{"allow":["GET"]}}],"collection":[{"href":"https:\/\/soymigrante.com\/revista\/wp-json\/wp\/v2\/posts"}],"about":[{"href":"https:\/\/soymigrante.com\/revista\/wp-json\/wp\/v2\/types\/post"}],"author":[{"embeddable":true,"href":"https:\/\/soymigrante.com\/revista\/wp-json\/wp\/v2\/users\/19"}],"replies":[{"embeddable":true,"href":"https:\/\/soymigrante.com\/revista\/wp-json\/wp\/v2\/comments?post=38035"}],"version-history":[{"count":17,"href":"https:\/\/soymigrante.com\/revista\/wp-json\/wp\/v2\/posts\/38035\/revisions"}],"predecessor-version":[{"id":38071,"href":"https:\/\/soymigrante.com\/revista\/wp-json\/wp\/v2\/posts\/38035\/revisions\/38071"}],"wp:featuredmedia":[{"embeddable":true,"href":"https:\/\/soymigrante.com\/revista\/wp-json\/wp\/v2\/media\/38036"}],"wp:attachment":[{"href":"https:\/\/soymigrante.com\/revista\/wp-json\/wp\/v2\/media?parent=38035"}],"wp:term":[{"taxonomy":"category","embeddable":true,"href":"https:\/\/soymigrante.com\/revista\/wp-json\/wp\/v2\/categories?post=38035"},{"taxonomy":"post_tag","embeddable":true,"href":"https:\/\/soymigrante.com\/revista\/wp-json\/wp\/v2\/tags?post=38035"}],"curies":[{"name":"wp","href":"https:\/\/api.w.org\/{rel}","templated":true}]}}