{"id":3799,"date":"2023-12-12T11:49:36","date_gmt":"2023-12-12T17:49:36","guid":{"rendered":"https:\/\/soymigrante.com\/revista\/?p=3799"},"modified":"2025-07-26T17:44:23","modified_gmt":"2025-07-26T23:44:23","slug":"migrante-estilista-guatemalteco-sergio-arevalo-increible-historia-ayuda-ninez","status":"publish","type":"post","link":"https:\/\/soymigrante.com\/revista\/migrante-estilista-guatemalteco-sergio-arevalo-increible-historia-ayuda-ninez\/","title":{"rendered":"&#8220;Nunca paro de so\u00f1ar&#8221;: la incre\u00edble historia del estilista y migrante Sergio Fernando Ar\u00e9valo"},"content":{"rendered":"\t\t<div data-elementor-type=\"wp-post\" data-elementor-id=\"3799\" class=\"elementor elementor-3799\" data-elementor-post-type=\"post\">\n\t\t\t\t\t\t<section data-particle_enable=\"false\" data-particle-mobile-disabled=\"false\" class=\"elementor-section elementor-top-section elementor-element elementor-element-fb8bb03 elementor-section-boxed elementor-section-height-default elementor-section-height-default\" data-id=\"fb8bb03\" data-element_type=\"section\" data-e-type=\"section\">\n\t\t\t\t\t\t<div class=\"elementor-container elementor-column-gap-default\">\n\t\t\t\t\t<div class=\"elementor-column elementor-col-100 elementor-top-column elementor-element elementor-element-c0f3a47\" data-id=\"c0f3a47\" data-element_type=\"column\" data-e-type=\"column\">\n\t\t\t<div class=\"elementor-widget-wrap elementor-element-populated\">\n\t\t\t\t\t\t<div class=\"elementor-element elementor-element-33ca99b elementor-widget elementor-widget-heading\" data-id=\"33ca99b\" data-element_type=\"widget\" data-e-type=\"widget\" data-widget_type=\"heading.default\">\n\t\t\t\t\t<h2 class=\"elementor-heading-title elementor-size-default\">Sufri\u00f3 pobreza, violencia intrafamiliar y burlas en sus inicios dentro del mundo de la belleza: pero nada bloquea los sue\u00f1os del migrante y estilista de estrellas, que cre\u00f3 una l\u00ednea de cepillos para destinar las ventas a ayuda educativa de la ni\u00f1ez de zonas rurales de su natal Guatemala. \u00c9l relata su camino.<\/h2>\t\t\t\t<\/div>\n\t\t\t\t\t<\/div>\n\t\t<\/div>\n\t\t\t\t\t<\/div>\n\t\t<\/section>\n\t\t\t\t<section data-particle_enable=\"false\" data-particle-mobile-disabled=\"false\" class=\"elementor-section elementor-top-section elementor-element elementor-element-ee6f3c1 elementor-section-boxed elementor-section-height-default elementor-section-height-default\" data-id=\"ee6f3c1\" data-element_type=\"section\" data-e-type=\"section\">\n\t\t\t\t\t\t<div class=\"elementor-container elementor-column-gap-default\">\n\t\t\t\t\t<div class=\"elementor-column elementor-col-100 elementor-top-column elementor-element elementor-element-fcd1a73\" data-id=\"fcd1a73\" data-element_type=\"column\" data-e-type=\"column\">\n\t\t\t<div class=\"elementor-widget-wrap elementor-element-populated\">\n\t\t\t\t\t\t<div class=\"elementor-element elementor-element-2fbaf54 elementor-widget elementor-widget-image\" data-id=\"2fbaf54\" data-element_type=\"widget\" data-e-type=\"widget\" data-widget_type=\"image.default\">\n\t\t\t\t\t\t\t\t\t\t\t\t<figure class=\"wp-caption\">\n\t\t\t\t\t\t\t\t\t\t<img fetchpriority=\"high\" decoding=\"async\" width=\"980\" height=\"1024\" src=\"https:\/\/soymigrante.com\/revista\/wp-content\/uploads\/2023\/12\/sergio-casa-blanca-2-980x1024.webp\" class=\"attachment-large size-large wp-image-3802\" alt=\"\" srcset=\"https:\/\/soymigrante.com\/revista\/wp-content\/uploads\/2023\/12\/sergio-casa-blanca-2-980x1024.webp 980w, https:\/\/soymigrante.com\/revista\/wp-content\/uploads\/2023\/12\/sergio-casa-blanca-2-287x300.webp 287w, https:\/\/soymigrante.com\/revista\/wp-content\/uploads\/2023\/12\/sergio-casa-blanca-2-768x803.webp 768w, https:\/\/soymigrante.com\/revista\/wp-content\/uploads\/2023\/12\/sergio-casa-blanca-2-1469x1536.webp 1469w, https:\/\/soymigrante.com\/revista\/wp-content\/uploads\/2023\/12\/sergio-casa-blanca-2-750x784.webp 750w, https:\/\/soymigrante.com\/revista\/wp-content\/uploads\/2023\/12\/sergio-casa-blanca-2-1140x1192.webp 1140w, https:\/\/soymigrante.com\/revista\/wp-content\/uploads\/2023\/12\/sergio-casa-blanca-2.webp 1502w\" sizes=\"(max-width: 980px) 100vw, 980px\" title=\"EN LA CASA BLANCA.  El migrante y estilista guatemalteco Sergio Ar\u00e9valo estuvo en la Casa Blanca gracias a su participaci\u00f3n en el evento Global Couture, cuyo desfile fue en la sede de la Organizaci\u00f3n de Estados Americanos. Aqu\u00ed junto al sello presidencial de los EStados Unidos. Foito FB. \u2013 SoyMigrante.com REVISTA\" \/>\t\t\t\t\t\t\t\t\t\t\t<figcaption class=\"widget-image-caption wp-caption-text\">EN LA CASA BLANCA. El migrante y estilista guatemalteco Sergio Ar\u00e9valo estuvo en la Casa Blanca gracias a su participaci\u00f3n en el evento Global Couture, cuyo desfile fue en la sede de la Organizaci\u00f3n de Estados Americanos. Aqu\u00ed junto al sello presidencial de los EStados Unidos. Foito FB.<\/figcaption>\n\t\t\t\t\t\t\t\t\t\t<\/figure>\n\t\t\t\t\t\t\t\t\t<\/div>\n\t\t\t\t\t<\/div>\n\t\t<\/div>\n\t\t\t\t\t<\/div>\n\t\t<\/section>\n\t\t\t\t<section data-particle_enable=\"false\" data-particle-mobile-disabled=\"false\" class=\"elementor-section elementor-top-section elementor-element elementor-element-be096a3 elementor-section-boxed elementor-section-height-default elementor-section-height-default\" data-id=\"be096a3\" data-element_type=\"section\" data-e-type=\"section\">\n\t\t\t\t\t\t<div class=\"elementor-container elementor-column-gap-default\">\n\t\t\t\t\t<div class=\"elementor-column elementor-col-100 elementor-top-column elementor-element elementor-element-1ba0004\" data-id=\"1ba0004\" data-element_type=\"column\" data-e-type=\"column\">\n\t\t\t<div class=\"elementor-widget-wrap elementor-element-populated\">\n\t\t\t\t\t\t<div class=\"elementor-element elementor-element-591677c elementor-widget elementor-widget-text-editor\" data-id=\"591677c\" data-element_type=\"widget\" data-e-type=\"widget\" data-widget_type=\"text-editor.default\">\n\t\t\t\t\t\t\t\t\t<p>Sergio Fernando caminaba por la Casa Blanca en noviembre de 2023. M\u00e1s parec\u00eda cosa de un sue\u00f1o. Pero era real. &#8220;\u00bfDe veras no estoy so\u00f1ando?&#8221;, se preguntaba, porque era aquel mismo que de ni\u00f1o tuvo que dormir a veces en la Plaza Central de Guatemala.\u00a0<\/p><p>\u201cLas campanadas del reloj me despertaban\u201d, recuerda el artista del cabello que ha peinado a estrellas de la TV, cine y m\u00fasica como Karyme Lozano, Paulina Rubio, Gloria Trevi o Mar\u00eda Jos\u00e9 &#8220;La Josa&#8221;, a quien acompa\u00f1\u00f3 en su gira de conciertos. Pero reci\u00e9n llegado como migrante a Los Angeles, a Sergio\u00a0<span style=\"color: var( --e-global-color-text );\">tambi\u00e9n le toc\u00f3 dormir en la calle. Pero lo recuerda con inmensa gratitud a Dios. Su buena fama no le impide ayudar a ni\u00f1os y familias de las regiones m\u00e1s empobrecidas de Guatemala, con \u00fatiles escolares, zapatos, ropa, bolsas de alimentos.\u00a0<\/span><\/p><p><span style=\"color: var( --e-global-color-text );\">Esta es la incre\u00edble historia de Sergio Fernando Ar\u00e9valo.\u00a0 ADVERTENCIA: leer esta historia puede causar una alta dosis de inspiraci\u00f3n y ganas de apoyar a los dem\u00e1s.<\/span><\/p>\t\t\t\t\t\t\t\t<\/div>\n\t\t\t\t\t<\/div>\n\t\t<\/div>\n\t\t\t\t\t<\/div>\n\t\t<\/section>\n\t\t\t\t<section data-particle_enable=\"false\" data-particle-mobile-disabled=\"false\" class=\"elementor-section elementor-top-section elementor-element elementor-element-763fb5e elementor-section-boxed elementor-section-height-default elementor-section-height-default\" data-id=\"763fb5e\" data-element_type=\"section\" data-e-type=\"section\">\n\t\t\t\t\t\t<div class=\"elementor-container elementor-column-gap-default\">\n\t\t\t\t\t<div class=\"elementor-column elementor-col-100 elementor-top-column elementor-element elementor-element-b203760\" data-id=\"b203760\" data-element_type=\"column\" data-e-type=\"column\">\n\t\t\t<div class=\"elementor-widget-wrap elementor-element-populated\">\n\t\t\t\t\t\t<div class=\"elementor-element elementor-element-269f2c9 elementor-widget elementor-widget-image\" data-id=\"269f2c9\" data-element_type=\"widget\" data-e-type=\"widget\" data-widget_type=\"image.default\">\n\t\t\t\t\t\t\t\t\t\t\t\t<figure class=\"wp-caption\">\n\t\t\t\t\t\t\t\t\t\t<img decoding=\"async\" width=\"995\" height=\"1024\" src=\"https:\/\/soymigrante.com\/revista\/wp-content\/uploads\/2023\/12\/sergio-casa-blanca-995x1024.webp\" class=\"attachment-large size-large wp-image-3803\" alt=\"\" srcset=\"https:\/\/soymigrante.com\/revista\/wp-content\/uploads\/2023\/12\/sergio-casa-blanca-995x1024.webp 995w, https:\/\/soymigrante.com\/revista\/wp-content\/uploads\/2023\/12\/sergio-casa-blanca-291x300.webp 291w, https:\/\/soymigrante.com\/revista\/wp-content\/uploads\/2023\/12\/sergio-casa-blanca-768x791.webp 768w, https:\/\/soymigrante.com\/revista\/wp-content\/uploads\/2023\/12\/sergio-casa-blanca-1492x1536.webp 1492w, https:\/\/soymigrante.com\/revista\/wp-content\/uploads\/2023\/12\/sergio-casa-blanca-750x772.webp 750w, https:\/\/soymigrante.com\/revista\/wp-content\/uploads\/2023\/12\/sergio-casa-blanca-1140x1173.webp 1140w, https:\/\/soymigrante.com\/revista\/wp-content\/uploads\/2023\/12\/sergio-casa-blanca.webp 1536w\" sizes=\"(max-width: 995px) 100vw, 995px\" title=\"El estilista y migrante Sergio Ar\u00e9valo record\u00f3, durante su paseo en la Casa Blanca, tantas pobrezas y vicisituudes que vivi\u00f3 en su ni\u00f1ez y adolescencia. Cuando quer\u00eda estudiar y no pod\u00eda, pero entonces apareci\u00f3 el mundo de la belleza en su camino. \u2013 SoyMigrante.com REVISTA\" \/>\t\t\t\t\t\t\t\t\t\t\t<figcaption class=\"widget-image-caption wp-caption-text\">El estilista y migrante Sergio Ar\u00e9valo record\u00f3, durante su paseo en la Casa Blanca, tantas pobrezas y vicisituudes que vivi\u00f3 en su ni\u00f1ez y adolescencia. Cuando quer\u00eda estudiar y no pod\u00eda, pero entonces apareci\u00f3 el mundo de la belleza en su camino.<\/figcaption>\n\t\t\t\t\t\t\t\t\t\t<\/figure>\n\t\t\t\t\t\t\t\t\t<\/div>\n\t\t\t\t\t<\/div>\n\t\t<\/div>\n\t\t\t\t\t<\/div>\n\t\t<\/section>\n\t\t\t\t<section data-particle_enable=\"false\" data-particle-mobile-disabled=\"false\" class=\"elementor-section elementor-top-section elementor-element elementor-element-6060279 elementor-section-boxed elementor-section-height-default elementor-section-height-default\" data-id=\"6060279\" data-element_type=\"section\" data-e-type=\"section\">\n\t\t\t\t\t\t<div class=\"elementor-container elementor-column-gap-default\">\n\t\t\t\t\t<div class=\"elementor-column elementor-col-100 elementor-top-column elementor-element elementor-element-5e2a2fd\" data-id=\"5e2a2fd\" data-element_type=\"column\" data-e-type=\"column\">\n\t\t\t<div class=\"elementor-widget-wrap elementor-element-populated\">\n\t\t\t\t\t\t<div class=\"elementor-element elementor-element-eaa9f27 elementor-widget elementor-widget-heading\" data-id=\"eaa9f27\" data-element_type=\"widget\" data-e-type=\"widget\" data-widget_type=\"heading.default\">\n\t\t\t\t\t<h2 class=\"elementor-heading-title elementor-size-default\">\u00bfC\u00f3mo se dio la visita a la Casa Blanca?<\/h2>\t\t\t\t<\/div>\n\t\t\t\t\t<\/div>\n\t\t<\/div>\n\t\t\t\t\t<\/div>\n\t\t<\/section>\n\t\t\t\t<section data-particle_enable=\"false\" data-particle-mobile-disabled=\"false\" class=\"elementor-section elementor-top-section elementor-element elementor-element-2658155 elementor-section-boxed elementor-section-height-default elementor-section-height-default\" data-id=\"2658155\" data-element_type=\"section\" data-e-type=\"section\">\n\t\t\t\t\t\t<div class=\"elementor-container elementor-column-gap-default\">\n\t\t\t\t\t<div class=\"elementor-column elementor-col-100 elementor-top-column elementor-element elementor-element-8525b4b\" data-id=\"8525b4b\" data-element_type=\"column\" data-e-type=\"column\">\n\t\t\t<div class=\"elementor-widget-wrap elementor-element-populated\">\n\t\t\t\t\t\t<div class=\"elementor-element elementor-element-7d18c5d elementor-widget elementor-widget-text-editor\" data-id=\"7d18c5d\" data-element_type=\"widget\" data-e-type=\"widget\" data-widget_type=\"text-editor.default\">\n\t\t\t\t\t\t\t\t\t<p><span style=\"color: var( --e-global-color-text );\">Particip\u00e9 como peinador y maquillista en el primer show de Global Couture, en Washington D.C. Fui a peinar en la sede de la OEA y eso dio acceso a tener una invitaci\u00f3n para estar en la Casa Blanca.\u00a0\u00a0<\/span><\/p><p><span style=\"color: var( --e-global-color-text );\">Yo no he caminado ni en el Congreso o el Palacio Nacional de\u00a0 mi pa\u00eds, Guatemala, pero all\u00ed estaba en la capital de Estados Unidos. Fue una experiencia muy bonita, despu\u00e9s de pasar por mucha seguridad. Revisan y preguntan de todo.<\/span><\/p>\t\t\t\t\t\t\t\t<\/div>\n\t\t\t\t\t<\/div>\n\t\t<\/div>\n\t\t\t\t\t<\/div>\n\t\t<\/section>\n\t\t\t\t<section data-particle_enable=\"false\" data-particle-mobile-disabled=\"false\" class=\"elementor-section elementor-top-section elementor-element elementor-element-bfb7f91 elementor-section-boxed elementor-section-height-default elementor-section-height-default\" data-id=\"bfb7f91\" data-element_type=\"section\" data-e-type=\"section\">\n\t\t\t\t\t\t<div class=\"elementor-container elementor-column-gap-default\">\n\t\t\t\t\t<div class=\"elementor-column elementor-col-100 elementor-top-column elementor-element elementor-element-bead4ad\" data-id=\"bead4ad\" data-element_type=\"column\" data-e-type=\"column\">\n\t\t\t<div class=\"elementor-widget-wrap elementor-element-populated\">\n\t\t\t\t\t\t<div class=\"elementor-element elementor-element-4cc6b41 elementor-widget elementor-widget-heading\" data-id=\"4cc6b41\" data-element_type=\"widget\" data-e-type=\"widget\" data-widget_type=\"heading.default\">\n\t\t\t\t\t<h2 class=\"elementor-heading-title elementor-size-default\">\u00bfQu\u00e9 ven\u00eda a la mente en esos momentos?<\/h2>\t\t\t\t<\/div>\n\t\t\t\t\t<\/div>\n\t\t<\/div>\n\t\t\t\t\t<\/div>\n\t\t<\/section>\n\t\t\t\t<section data-particle_enable=\"false\" data-particle-mobile-disabled=\"false\" class=\"elementor-section elementor-top-section elementor-element elementor-element-27db9f7 elementor-section-boxed elementor-section-height-default elementor-section-height-default\" data-id=\"27db9f7\" data-element_type=\"section\" data-e-type=\"section\">\n\t\t\t\t\t\t<div class=\"elementor-container elementor-column-gap-default\">\n\t\t\t\t\t<div class=\"elementor-column elementor-col-100 elementor-top-column elementor-element elementor-element-6d69c3d\" data-id=\"6d69c3d\" data-element_type=\"column\" data-e-type=\"column\">\n\t\t\t<div class=\"elementor-widget-wrap elementor-element-populated\">\n\t\t\t\t\t\t<div class=\"elementor-element elementor-element-f82cab5 elementor-widget elementor-widget-text-editor\" data-id=\"f82cab5\" data-element_type=\"widget\" data-e-type=\"widget\" data-widget_type=\"text-editor.default\">\n\t\t\t\t\t\t\t\t\t<p><span style=\"color: var( --e-global-color-text );\">Pens\u00e9 en aquel ni\u00f1o que dorm\u00eda en el parque central de Guatemala. Me trajo mucha nostalgia, porque yo dorm\u00eda en esas banquetas de piedra. All\u00ed no hay una rata, sino muchas ratas, de las grandes. Pod\u00eda ver la Catedral, y cada hora era una campanada y no pod\u00eda dormir.\u00a0<\/span><\/p><p>\u00bf<b>Y por qu\u00e9 estabas en la calle?<\/b><\/p><p>De ni\u00f1o siempre quise ser abogado. A m\u00ed la injusticia no me gusta y v\u00ed mucha en mi familia. Mi madre y\u00a0 mis hermanos sufrimos violencia. Entonces yo so\u00f1aba con ser abogado, para defenderlos. Entonces yo no pensaba en ser estilista. Cuando mi mam\u00e1 no estaba me tocaba cuidar a mis hermanos.Pero mi padrastro era muy duro conmigo. No me quedaba sino correr y no quedarme en la casa. Me queaba en el parque. Ten\u00eda entre 10 y 11 a\u00f1os.<\/p>\t\t\t\t\t\t\t\t<\/div>\n\t\t\t\t\t<\/div>\n\t\t<\/div>\n\t\t\t\t\t<\/div>\n\t\t<\/section>\n\t\t\t\t<section data-particle_enable=\"false\" data-particle-mobile-disabled=\"false\" class=\"elementor-section elementor-top-section elementor-element elementor-element-90fb8f5 elementor-section-boxed elementor-section-height-default elementor-section-height-default\" data-id=\"90fb8f5\" data-element_type=\"section\" data-e-type=\"section\">\n\t\t\t\t\t\t<div class=\"elementor-container elementor-column-gap-default\">\n\t\t\t\t\t<div class=\"elementor-column elementor-col-100 elementor-top-column elementor-element elementor-element-77e84c3\" data-id=\"77e84c3\" data-element_type=\"column\" data-e-type=\"column\">\n\t\t\t<div class=\"elementor-widget-wrap elementor-element-populated\">\n\t\t\t\t\t\t<div class=\"elementor-element elementor-element-0ce5b3e elementor-widget elementor-widget-image\" data-id=\"0ce5b3e\" data-element_type=\"widget\" data-e-type=\"widget\" data-widget_type=\"image.default\">\n\t\t\t\t\t\t\t\t\t\t\t\t<figure class=\"wp-caption\">\n\t\t\t\t\t\t\t\t\t\t<img decoding=\"async\" width=\"1024\" height=\"829\" src=\"https:\/\/soymigrante.com\/revista\/wp-content\/uploads\/2023\/12\/sergio-peronia-sexto-1024x829.webp\" class=\"attachment-large size-large wp-image-3804\" alt=\"\" srcset=\"https:\/\/soymigrante.com\/revista\/wp-content\/uploads\/2023\/12\/sergio-peronia-sexto-1024x829.webp 1024w, https:\/\/soymigrante.com\/revista\/wp-content\/uploads\/2023\/12\/sergio-peronia-sexto-300x243.webp 300w, https:\/\/soymigrante.com\/revista\/wp-content\/uploads\/2023\/12\/sergio-peronia-sexto-768x622.webp 768w, https:\/\/soymigrante.com\/revista\/wp-content\/uploads\/2023\/12\/sergio-peronia-sexto-750x607.webp 750w, https:\/\/soymigrante.com\/revista\/wp-content\/uploads\/2023\/12\/sergio-peronia-sexto.webp 1050w\" sizes=\"(max-width: 1024px) 100vw, 1024px\" title=\"Sergio Fernando sali\u00f3 de sexto primaria y quer\u00eda seguir estudiando, pero la pobreza se lo impidi\u00f3. Empez\u00f3 a trabajar repartiendo volantes de un sal\u00f3n de belleza, pero \u00e9l quer\u00eda ser abogado. Ser estilista no fue su primera opci\u00f3n. Tambi\u00e9n trabaj\u00f3 como pastelero en la colonia Ciudad Peronia, Villa Nueva. \u2013 SoyMigrante.com REVISTA\" \/>\t\t\t\t\t\t\t\t\t\t\t<figcaption class=\"widget-image-caption wp-caption-text\">Sergio Fernando sali\u00f3 de sexto primaria y quer\u00eda seguir estudiando, pero la pobreza se lo impidi\u00f3. Empez\u00f3 a trabajar repartiendo volantes de un sal\u00f3n de belleza, pero \u00e9l quer\u00eda ser abogado. Ser estilista no fue su primera opci\u00f3n. Tambi\u00e9n trabaj\u00f3 como pastelero en la colonia Ciudad Peronia, Villa Nueva.<\/figcaption>\n\t\t\t\t\t\t\t\t\t\t<\/figure>\n\t\t\t\t\t\t\t\t\t<\/div>\n\t\t\t\t\t<\/div>\n\t\t<\/div>\n\t\t\t\t\t<\/div>\n\t\t<\/section>\n\t\t\t\t<section data-particle_enable=\"false\" data-particle-mobile-disabled=\"false\" class=\"elementor-section elementor-top-section elementor-element elementor-element-6f259c7 elementor-section-boxed elementor-section-height-default elementor-section-height-default\" data-id=\"6f259c7\" data-element_type=\"section\" data-e-type=\"section\">\n\t\t\t\t\t\t<div class=\"elementor-container elementor-column-gap-default\">\n\t\t\t\t\t<div class=\"elementor-column elementor-col-100 elementor-top-column elementor-element elementor-element-fb5d254\" data-id=\"fb5d254\" data-element_type=\"column\" data-e-type=\"column\">\n\t\t\t<div class=\"elementor-widget-wrap elementor-element-populated\">\n\t\t\t\t\t\t<div class=\"elementor-element elementor-element-4d4da22 elementor-widget elementor-widget-heading\" data-id=\"4d4da22\" data-element_type=\"widget\" data-e-type=\"widget\" data-widget_type=\"heading.default\">\n\t\t\t\t\t<h2 class=\"elementor-heading-title elementor-size-default\">\u00bfC\u00f3mo llega la belleza a tu vida? <\/h2>\t\t\t\t<\/div>\n\t\t\t\t\t<\/div>\n\t\t<\/div>\n\t\t\t\t\t<\/div>\n\t\t<\/section>\n\t\t\t\t<section data-particle_enable=\"false\" data-particle-mobile-disabled=\"false\" class=\"elementor-section elementor-top-section elementor-element elementor-element-3d4c71d elementor-section-boxed elementor-section-height-default elementor-section-height-default\" data-id=\"3d4c71d\" data-element_type=\"section\" data-e-type=\"section\">\n\t\t\t\t\t\t<div class=\"elementor-container elementor-column-gap-default\">\n\t\t\t\t\t<div class=\"elementor-column elementor-col-100 elementor-top-column elementor-element elementor-element-4583fcf\" data-id=\"4583fcf\" data-element_type=\"column\" data-e-type=\"column\">\n\t\t\t<div class=\"elementor-widget-wrap elementor-element-populated\">\n\t\t\t\t\t\t<div class=\"elementor-element elementor-element-ff52bf5 elementor-widget elementor-widget-text-editor\" data-id=\"ff52bf5\" data-element_type=\"widget\" data-e-type=\"widget\" data-widget_type=\"text-editor.default\">\n\t\t\t\t\t\t\t\t\t<p><span style=\"color: var( --e-global-color-text );\">Por necesidad.\u00a0 Yo no tuve la oportunidad de estudiar. Al salir de sexto primaria, me recuerdo de esa Navidad: Me dijo mi padrastro que si no consegu\u00eda trabajo entonces que me fuera de la casa. Yo ten\u00eda 11 a\u00f1os. Busqu\u00e9 un empleo en el peri\u00f3dico. Una peluquer\u00eda buscaba muchachos de 12 a 15 a\u00f1os para repartir volantes. Eramos como 10 ni\u00f1os y gan\u00e1bamos 5 quetzales diarios. La mayor\u00eda norepart\u00eda los volantes, solo los tiraban en un tragante. Yo los repart\u00eda porque no quer\u00eda que me despidieran.\u00a0<\/span><\/p><p>Aunque los volantes eran de una peluquer\u00eda, yo no le puse atenci\u00f3n al principio. Repart\u00eda volantes de 9 a 9. Me fij\u00e9 pod\u00eda ganar m\u00e1s peinando y lavando el cabello. Pero solo ten\u00eda 13 a\u00f1os. Me enferm\u00e9 porque casi no com\u00eda. Ni estudiaba, porque no alcanzaba para los libros. Durante un a\u00f1o estuve ayudando y hab\u00eda una se\u00f1ora que me explicaba. Pero despu\u00e9s que me enferm\u00e9 ya no me contrataron.<\/p><p>Mi padrastro volvi\u00f3 a correrme, a echarme de la casa. Es un recuerdo dif\u00edcil. Primero viv\u00edamos enla zona 18 y despu\u00e9s nos mudamos en Ciudad Peronia, Villa Nueva, que es una zona violenta. No ten\u00eda ropa, ni zapatos.<\/p>\t\t\t\t\t\t\t\t<\/div>\n\t\t\t\t\t<\/div>\n\t\t<\/div>\n\t\t\t\t\t<\/div>\n\t\t<\/section>\n\t\t\t\t<section data-particle_enable=\"false\" data-particle-mobile-disabled=\"false\" class=\"elementor-section elementor-top-section elementor-element elementor-element-9c5370e elementor-section-boxed elementor-section-height-default elementor-section-height-default\" data-id=\"9c5370e\" data-element_type=\"section\" data-e-type=\"section\">\n\t\t\t\t\t\t<div class=\"elementor-container elementor-column-gap-default\">\n\t\t\t\t\t<div class=\"elementor-column elementor-col-100 elementor-top-column elementor-element elementor-element-6f8da70\" data-id=\"6f8da70\" data-element_type=\"column\" data-e-type=\"column\">\n\t\t\t<div class=\"elementor-widget-wrap elementor-element-populated\">\n\t\t\t\t\t\t<div class=\"elementor-element elementor-element-a06d546 elementor-widget elementor-widget-heading\" data-id=\"a06d546\" data-element_type=\"widget\" data-e-type=\"widget\" data-widget_type=\"heading.default\">\n\t\t\t\t\t<h2 class=\"elementor-heading-title elementor-size-default\">\u00bfAh\u00ed s\u00ed tomaste el camino de la belleza?<\/h2>\t\t\t\t<\/div>\n\t\t\t\t\t<\/div>\n\t\t<\/div>\n\t\t\t\t\t<\/div>\n\t\t<\/section>\n\t\t\t\t<section data-particle_enable=\"false\" data-particle-mobile-disabled=\"false\" class=\"elementor-section elementor-top-section elementor-element elementor-element-a1ad21a elementor-section-boxed elementor-section-height-default elementor-section-height-default\" data-id=\"a1ad21a\" data-element_type=\"section\" data-e-type=\"section\">\n\t\t\t\t\t\t<div class=\"elementor-container elementor-column-gap-default\">\n\t\t\t\t\t<div class=\"elementor-column elementor-col-100 elementor-top-column elementor-element elementor-element-e1f1809\" data-id=\"e1f1809\" data-element_type=\"column\" data-e-type=\"column\">\n\t\t\t<div class=\"elementor-widget-wrap elementor-element-populated\">\n\t\t\t\t\t\t<div class=\"elementor-element elementor-element-cd74733 elementor-widget elementor-widget-text-editor\" data-id=\"cd74733\" data-element_type=\"widget\" data-e-type=\"widget\" data-widget_type=\"text-editor.default\">\n\t\t\t\t\t\t\t\t\t<p><span style=\"color: var( --e-global-color-text );\">No. El due\u00f1o de una panader\u00eda me dijo si quer\u00eda trabajar como ayudante de pastelero. As\u00ed que tambi\u00e9n soy repostero. Empezaba desde la madrugada hasta las 4 de la tarde.\u00a0 Aprend\u00ed a hacer pasteles, donas, magdalenas.<\/span><\/p><p>Aquel se\u00f1or, Don Rigo, me ense\u00f1\u00f3 contabilidad. Y pr\u00e1cticamente me adopt\u00f3 como su hijo por los problemas que hab\u00eda en mi casa.\u00a0 \u00c9l ya muri\u00f3, pero me ayud\u00f3 mucho. Yo trataba de apoyar a mi mam\u00e1 y mis hermanos.\u00a0Apenas entr\u00e9 a la secundaria a los 15 a\u00f1os. Estudiaba los domingos.\u00a0<\/p><p>Un d\u00eda me encontr\u00e9 con aquella se\u00f1ora que me ayudaba en la peluquer\u00eda -\u00bfYa te graduaste de estilista? me pregunt\u00f3. No, le dije. Es muy caro, estoy pagando escuela, ayudo a mi mam\u00e1 y a mis hermanos. La se\u00f1ora ten\u00eda su sala de belleza y me anim\u00f3 a tomar el curso de estilista y me gradu\u00e9.<\/p>\t\t\t\t\t\t\t\t<\/div>\n\t\t\t\t\t<\/div>\n\t\t<\/div>\n\t\t\t\t\t<\/div>\n\t\t<\/section>\n\t\t\t\t<section data-particle_enable=\"false\" data-particle-mobile-disabled=\"false\" class=\"elementor-section elementor-top-section elementor-element elementor-element-01f9b89 elementor-section-boxed elementor-section-height-default elementor-section-height-default\" data-id=\"01f9b89\" data-element_type=\"section\" data-e-type=\"section\">\n\t\t\t\t\t\t<div class=\"elementor-container elementor-column-gap-default\">\n\t\t\t\t\t<div class=\"elementor-column elementor-col-100 elementor-top-column elementor-element elementor-element-1db4406\" data-id=\"1db4406\" data-element_type=\"column\" data-e-type=\"column\">\n\t\t\t<div class=\"elementor-widget-wrap elementor-element-populated\">\n\t\t\t\t\t\t<div class=\"elementor-element elementor-element-2587dc1 elementor-arrows-position-inside elementor-pagination-position-outside elementor-widget elementor-widget-image-carousel\" data-id=\"2587dc1\" data-element_type=\"widget\" data-e-type=\"widget\" data-settings=\"{&quot;slides_to_show&quot;:&quot;1&quot;,&quot;navigation&quot;:&quot;both&quot;,&quot;autoplay&quot;:&quot;yes&quot;,&quot;pause_on_hover&quot;:&quot;yes&quot;,&quot;pause_on_interaction&quot;:&quot;yes&quot;,&quot;autoplay_speed&quot;:5000,&quot;infinite&quot;:&quot;yes&quot;,&quot;effect&quot;:&quot;slide&quot;,&quot;speed&quot;:500}\" data-widget_type=\"image-carousel.default\">\n\t\t\t\t\t\t\t<div class=\"elementor-image-carousel-wrapper swiper\" role=\"region\" aria-roledescription=\"carousel\" aria-label=\"Image Carousel\" dir=\"ltr\">\n\t\t\t<div class=\"elementor-image-carousel swiper-wrapper\" aria-live=\"off\">\n\t\t\t\t\t\t\t\t<div class=\"swiper-slide\" role=\"group\" aria-roledescription=\"slide\" aria-label=\"1 de 7\"><figure class=\"swiper-slide-inner\"><img decoding=\"async\" class=\"swiper-slide-image\" src=\"https:\/\/soymigrante.com\/revista\/wp-content\/uploads\/2023\/12\/kari.webp\" alt=\"Actriz Karyme Lozano junto con Sergio Fernando Ar\u00e9valo\" \/><figcaption class=\"elementor-image-carousel-caption\">Actriz Karyme Lozano junto con Sergio Fernando Ar\u00e9valo<\/figcaption><\/figure><\/div><div class=\"swiper-slide\" role=\"group\" aria-roledescription=\"slide\" aria-label=\"2 de 7\"><figure class=\"swiper-slide-inner\"><img decoding=\"async\" class=\"swiper-slide-image\" src=\"https:\/\/soymigrante.com\/revista\/wp-content\/uploads\/2023\/12\/la-josa-e1702401270948-768x768.webp\" alt=\"Cantante Mar\u00eda Jos\u00e9, &quot;La Josa&quot;\" \/><figcaption class=\"elementor-image-carousel-caption\">Cantante Mar\u00eda Jos\u00e9, \"La Josa\"<\/figcaption><\/figure><\/div><div class=\"swiper-slide\" role=\"group\" aria-roledescription=\"slide\" aria-label=\"3 de 7\"><figure class=\"swiper-slide-inner\"><img decoding=\"async\" class=\"swiper-slide-image\" src=\"https:\/\/soymigrante.com\/revista\/wp-content\/uploads\/2023\/12\/Captura-de-pantalla-2023-12-12-112136-768x679.webp\" alt=\"Gloria Trevi\" \/><figcaption class=\"elementor-image-carousel-caption\">Gloria Trevi<\/figcaption><\/figure><\/div><div class=\"swiper-slide\" role=\"group\" aria-roledescription=\"slide\" aria-label=\"4 de 7\"><figure class=\"swiper-slide-inner\"><img decoding=\"async\" class=\"swiper-slide-image\" src=\"https:\/\/soymigrante.com\/revista\/wp-content\/uploads\/2023\/12\/lucia-mendez-sergio-e1702401352993-768x768.webp\" alt=\"Luc\u00eda M\u00e9ndez\" \/><figcaption class=\"elementor-image-carousel-caption\">Luc\u00eda M\u00e9ndez<\/figcaption><\/figure><\/div><div class=\"swiper-slide\" role=\"group\" aria-roledescription=\"slide\" aria-label=\"5 de 7\"><figure class=\"swiper-slide-inner\"><img decoding=\"async\" class=\"swiper-slide-image\" src=\"https:\/\/soymigrante.com\/revista\/wp-content\/uploads\/2023\/12\/sergio-paulina-rubio-e1702401382608-768x768.webp\" alt=\"Paulina Rubio\" \/><figcaption class=\"elementor-image-carousel-caption\">Paulina Rubio<\/figcaption><\/figure><\/div><div class=\"swiper-slide\" role=\"group\" aria-roledescription=\"slide\" aria-label=\"6 de 7\"><figure class=\"swiper-slide-inner\"><img decoding=\"async\" class=\"swiper-slide-image\" src=\"https:\/\/soymigrante.com\/revista\/wp-content\/uploads\/2023\/12\/sergio-ana-barbara-768x768.webp\" alt=\"Ana B\u00e1rbara\" \/><figcaption class=\"elementor-image-carousel-caption\">Ana B\u00e1rbara<\/figcaption><\/figure><\/div><div class=\"swiper-slide\" role=\"group\" aria-roledescription=\"slide\" aria-label=\"7 de 7\"><figure class=\"swiper-slide-inner\"><img decoding=\"async\" class=\"swiper-slide-image\" src=\"https:\/\/soymigrante.com\/revista\/wp-content\/uploads\/2023\/12\/Captura-de-pantalla-2023-12-12-112237-768x749.webp\" alt=\"Fey\" \/><figcaption class=\"elementor-image-carousel-caption\">Fey<\/figcaption><\/figure><\/div>\t\t\t<\/div>\n\t\t\t\t\t\t\t\t\t\t\t\t<div class=\"elementor-swiper-button elementor-swiper-button-prev\" role=\"button\" tabindex=\"0\">\n\t\t\t\t\t\t<i aria-hidden=\"true\" class=\"eicon-chevron-left\"><\/i>\t\t\t\t\t<\/div>\n\t\t\t\t\t<div class=\"elementor-swiper-button elementor-swiper-button-next\" role=\"button\" tabindex=\"0\">\n\t\t\t\t\t\t<i aria-hidden=\"true\" class=\"eicon-chevron-right\"><\/i>\t\t\t\t\t<\/div>\n\t\t\t\t\n\t\t\t\t\t\t\t\t\t<div class=\"swiper-pagination\"><\/div>\n\t\t\t\t\t\t\t\t\t<\/div>\n\t\t\t\t\t\t<\/div>\n\t\t\t\t\t<\/div>\n\t\t<\/div>\n\t\t\t\t\t<\/div>\n\t\t<\/section>\n\t\t\t\t<section data-particle_enable=\"false\" data-particle-mobile-disabled=\"false\" class=\"elementor-section elementor-top-section elementor-element elementor-element-db1afec elementor-section-boxed elementor-section-height-default elementor-section-height-default\" data-id=\"db1afec\" data-element_type=\"section\" data-e-type=\"section\">\n\t\t\t\t\t\t<div class=\"elementor-container elementor-column-gap-default\">\n\t\t\t\t\t<div class=\"elementor-column elementor-col-100 elementor-top-column elementor-element elementor-element-00c719d\" data-id=\"00c719d\" data-element_type=\"column\" data-e-type=\"column\">\n\t\t\t<div class=\"elementor-widget-wrap elementor-element-populated\">\n\t\t\t\t\t\t<div class=\"elementor-element elementor-element-afced40 elementor-widget elementor-widget-heading\" data-id=\"afced40\" data-element_type=\"widget\" data-e-type=\"widget\" data-widget_type=\"heading.default\">\n\t\t\t\t\t<h2 class=\"elementor-heading-title elementor-size-default\">\u00bfC\u00f3mo llega el paso de migrar a Estados Unidos? <\/h2>\t\t\t\t<\/div>\n\t\t\t\t\t<\/div>\n\t\t<\/div>\n\t\t\t\t\t<\/div>\n\t\t<\/section>\n\t\t\t\t<section data-particle_enable=\"false\" data-particle-mobile-disabled=\"false\" class=\"elementor-section elementor-top-section elementor-element elementor-element-ee24ef0 elementor-section-boxed elementor-section-height-default elementor-section-height-default\" data-id=\"ee24ef0\" data-element_type=\"section\" data-e-type=\"section\">\n\t\t\t\t\t\t<div class=\"elementor-container elementor-column-gap-default\">\n\t\t\t\t\t<div class=\"elementor-column elementor-col-100 elementor-top-column elementor-element elementor-element-4d37b26\" data-id=\"4d37b26\" data-element_type=\"column\" data-e-type=\"column\">\n\t\t\t<div class=\"elementor-widget-wrap elementor-element-populated\">\n\t\t\t\t\t\t<div class=\"elementor-element elementor-element-b71ae13 elementor-widget elementor-widget-text-editor\" data-id=\"b71ae13\" data-element_type=\"widget\" data-e-type=\"widget\" data-widget_type=\"text-editor.default\">\n\t\t\t\t\t\t\t\t\t<p><span style=\"color: var( --e-global-color-text );\">Me gradu\u00e9 de estilista en seis meses, pero la gente no ten\u00eda confianza en m\u00ed, en que yo les pod\u00eda hacer un buen trabajo. Trabajaba como mesero en un restaurante. A\u00fan hab\u00eda mucho prejuicio a un estilista hombre.\u00a0<\/span><\/p><p><span style=\"color: var( --e-global-color-text );\">Yo quer\u00eda irme a M\u00e9xico. Mi sue\u00f1o no era Estados Unidos pero vine para ac\u00e1 porque quer\u00eda conocer a mi pap\u00e1. Conocerlo. Ver c\u00f3mo era su cara. La gente siempre me dec\u00eda: eres igual a tu pap\u00e1, caminas igual. Llegu\u00e9 a Los Angeles. Ven\u00eda escapando de mucho dolor, mucha violencia. Vine tambi\u00e9n para ayudar a mi madre y mis hermanos. A ellos les iban a quitar la casa, porque mi padrastro no pagaba. fueron comienzos dif\u00edciles.<\/span><\/p>\t\t\t\t\t\t\t\t<\/div>\n\t\t\t\t\t<\/div>\n\t\t<\/div>\n\t\t\t\t\t<\/div>\n\t\t<\/section>\n\t\t\t\t<section data-particle_enable=\"false\" data-particle-mobile-disabled=\"false\" class=\"elementor-section elementor-top-section elementor-element elementor-element-14d4764 elementor-section-boxed elementor-section-height-default elementor-section-height-default\" data-id=\"14d4764\" data-element_type=\"section\" data-e-type=\"section\">\n\t\t\t\t\t\t<div class=\"elementor-container elementor-column-gap-default\">\n\t\t\t\t\t<div class=\"elementor-column elementor-col-100 elementor-top-column elementor-element elementor-element-0ad115f\" data-id=\"0ad115f\" data-element_type=\"column\" data-e-type=\"column\">\n\t\t\t<div class=\"elementor-widget-wrap elementor-element-populated\">\n\t\t\t\t\t\t<div class=\"elementor-element elementor-element-cd04108 elementor-widget elementor-widget-facebook-embed\" data-id=\"cd04108\" data-element_type=\"widget\" data-e-type=\"widget\" data-widget_type=\"facebook-embed.default\">\n\t\t\t\t\t<div style=\"min-height: 1px\" class=\"elementor-facebook-widget fb-post\" data-href=\"https:\/\/www.facebook.com\/sergiofarevalo\/videos\/222616097530692\" data-show-text=\"false\"><\/div>\t\t\t\t<\/div>\n\t\t\t\t\t<\/div>\n\t\t<\/div>\n\t\t\t\t\t<\/div>\n\t\t<\/section>\n\t\t\t\t<section data-particle_enable=\"false\" data-particle-mobile-disabled=\"false\" class=\"elementor-section elementor-top-section elementor-element elementor-element-31c49b0 elementor-section-boxed elementor-section-height-default elementor-section-height-default\" data-id=\"31c49b0\" data-element_type=\"section\" data-e-type=\"section\">\n\t\t\t\t\t\t<div class=\"elementor-container elementor-column-gap-default\">\n\t\t\t\t\t<div class=\"elementor-column elementor-col-100 elementor-top-column elementor-element elementor-element-e27e257\" data-id=\"e27e257\" data-element_type=\"column\" data-e-type=\"column\">\n\t\t\t<div class=\"elementor-widget-wrap elementor-element-populated\">\n\t\t\t\t\t\t<div class=\"elementor-element elementor-element-b4fbb24 elementor-widget elementor-widget-heading\" data-id=\"b4fbb24\" data-element_type=\"widget\" data-e-type=\"widget\" data-widget_type=\"heading.default\">\n\t\t\t\t\t<h2 class=\"elementor-heading-title elementor-size-default\">Saltemos al presente, estabas de gira como estilista de la cantante \"La Josa\"<\/h2>\t\t\t\t<\/div>\n\t\t\t\t\t<\/div>\n\t\t<\/div>\n\t\t\t\t\t<\/div>\n\t\t<\/section>\n\t\t\t\t<section data-particle_enable=\"false\" data-particle-mobile-disabled=\"false\" class=\"elementor-section elementor-top-section elementor-element elementor-element-27e0d16 elementor-section-boxed elementor-section-height-default elementor-section-height-default\" data-id=\"27e0d16\" data-element_type=\"section\" data-e-type=\"section\">\n\t\t\t\t\t\t<div class=\"elementor-container elementor-column-gap-default\">\n\t\t\t\t\t<div class=\"elementor-column elementor-col-100 elementor-top-column elementor-element elementor-element-8e2cff6\" data-id=\"8e2cff6\" data-element_type=\"column\" data-e-type=\"column\">\n\t\t\t<div class=\"elementor-widget-wrap elementor-element-populated\">\n\t\t\t\t\t\t<div class=\"elementor-element elementor-element-77ac470 elementor-widget elementor-widget-text-editor\" data-id=\"77ac470\" data-element_type=\"widget\" data-e-type=\"widget\" data-widget_type=\"text-editor.default\">\n\t\t\t\t\t\t\t\t\t<p><span style=\"color: var( --e-global-color-text );\">S\u00ed, acompa\u00f1\u00e9 a La Josa, una gran cantante y una gran persona, artista super talentos. Fue una gira extensa, larga, con llenos completos.Y siempre me sorprendo de andar por ciudades hermosas, pues yo no ten\u00eda ni zapatos de ni\u00f1o.<\/span><\/p>\t\t\t\t\t\t\t\t<\/div>\n\t\t\t\t\t<\/div>\n\t\t<\/div>\n\t\t\t\t\t<\/div>\n\t\t<\/section>\n\t\t\t\t<section data-particle_enable=\"false\" data-particle-mobile-disabled=\"false\" class=\"elementor-section elementor-top-section elementor-element elementor-element-954dcae elementor-section-boxed elementor-section-height-default elementor-section-height-default\" data-id=\"954dcae\" data-element_type=\"section\" data-e-type=\"section\">\n\t\t\t\t\t\t<div class=\"elementor-container elementor-column-gap-default\">\n\t\t\t\t\t<div class=\"elementor-column elementor-col-100 elementor-top-column elementor-element elementor-element-8a45016\" data-id=\"8a45016\" data-element_type=\"column\" data-e-type=\"column\">\n\t\t\t<div class=\"elementor-widget-wrap elementor-element-populated\">\n\t\t\t\t\t\t<div class=\"elementor-element elementor-element-0fb129c elementor-widget elementor-widget-heading\" data-id=\"0fb129c\" data-element_type=\"widget\" data-e-type=\"widget\" data-widget_type=\"heading.default\">\n\t\t\t\t\t<h2 class=\"elementor-heading-title elementor-size-default\">Pero esa conciencia es lo que mantiene tus pies sobre la tierra <\/h2>\t\t\t\t<\/div>\n\t\t\t\t\t<\/div>\n\t\t<\/div>\n\t\t\t\t\t<\/div>\n\t\t<\/section>\n\t\t\t\t<section data-particle_enable=\"false\" data-particle-mobile-disabled=\"false\" class=\"elementor-section elementor-top-section elementor-element elementor-element-d17e1f9 elementor-section-boxed elementor-section-height-default elementor-section-height-default\" data-id=\"d17e1f9\" data-element_type=\"section\" data-e-type=\"section\">\n\t\t\t\t\t\t<div class=\"elementor-container elementor-column-gap-default\">\n\t\t\t\t\t<div class=\"elementor-column elementor-col-100 elementor-top-column elementor-element elementor-element-5c91ba8\" data-id=\"5c91ba8\" data-element_type=\"column\" data-e-type=\"column\">\n\t\t\t<div class=\"elementor-widget-wrap elementor-element-populated\">\n\t\t\t\t\t\t<div class=\"elementor-element elementor-element-8af67d3 elementor-widget elementor-widget-text-editor\" data-id=\"8af67d3\" data-element_type=\"widget\" data-e-type=\"widget\" data-widget_type=\"text-editor.default\">\n\t\t\t\t\t\t\t\t\t<p><span style=\"color: var( --e-global-color-text );\">Yo nunca niego de donde vengo. Cuando yo ten\u00eda 12 a\u00f1os, lleg\u00f3 cerca de mi casa una troca a donar ropa a los ni\u00f1os. A m\u00ed me dieron una pijama. Era tan suavecita y me gustaba tanto, que me la dejaba todo el d\u00eda. No necesitas ser rico para ayudar al que no tiene.\u00a0<\/span><\/p><p><span style=\"color: var( --e-global-color-text );\">Entonces donamos mochilas de \u00fatiles escolares a trav\u00e9s de la fundaci\u00f3n que tengo. Pero en la pandemia tambien empezamos a dar v\u00edveres, comida, ropa. Hay gente que me dona, pero a m\u00ed no me gusta pedir. Por eso lanc\u00e9 una l\u00ednea de cepillos, cuyas ganancias sirven para la fundaci\u00f3n.<\/span><\/p>\t\t\t\t\t\t\t\t<\/div>\n\t\t\t\t\t<\/div>\n\t\t<\/div>\n\t\t\t\t\t<\/div>\n\t\t<\/section>\n\t\t\t\t<section data-particle_enable=\"false\" data-particle-mobile-disabled=\"false\" class=\"elementor-section elementor-top-section elementor-element elementor-element-35ab237 elementor-section-boxed elementor-section-height-default elementor-section-height-default\" data-id=\"35ab237\" data-element_type=\"section\" data-e-type=\"section\">\n\t\t\t\t\t\t<div class=\"elementor-container elementor-column-gap-default\">\n\t\t\t\t\t<div class=\"elementor-column elementor-col-100 elementor-top-column elementor-element elementor-element-3b581a4\" data-id=\"3b581a4\" data-element_type=\"column\" data-e-type=\"column\">\n\t\t\t<div class=\"elementor-widget-wrap elementor-element-populated\">\n\t\t\t\t\t\t<div class=\"elementor-element elementor-element-e9b962f elementor-widget elementor-widget-image\" data-id=\"e9b962f\" data-element_type=\"widget\" data-e-type=\"widget\" data-widget_type=\"image.default\">\n\t\t\t\t\t\t\t\t\t\t\t\t<figure class=\"wp-caption\">\n\t\t\t\t\t\t\t\t\t\t\t<a href=\"https:\/\/sergiohairstylist.com\/\">\n\t\t\t\t\t\t\t<img loading=\"lazy\" decoding=\"async\" width=\"745\" height=\"588\" src=\"https:\/\/soymigrante.com\/revista\/wp-content\/uploads\/2023\/12\/Captura-de-pantalla-2023-12-12-113400.webp\" class=\"attachment-large size-large wp-image-3815\" alt=\"\" srcset=\"https:\/\/soymigrante.com\/revista\/wp-content\/uploads\/2023\/12\/Captura-de-pantalla-2023-12-12-113400.webp 745w, https:\/\/soymigrante.com\/revista\/wp-content\/uploads\/2023\/12\/Captura-de-pantalla-2023-12-12-113400-300x237.webp 300w\" sizes=\"(max-width: 745px) 100vw, 745px\" title=\"Personas altruistas a menudo hacen donaciones a la fundaci\u00f3n educativa de Sergio Ar\u00e9valo, pero \u00e9l lanz\u00f3 tambi\u00e9n su l\u00ednea de cepillos. Las ganancias se destinan tambi\u00e9n para enviar \u00fatiles escolares, zapatos y ropa a ni\u00f1os de zonas pobres de Guatemala \u2013 SoyMigrante.com REVISTA\" \/>\t\t\t\t\t\t\t\t<\/a>\n\t\t\t\t\t\t\t\t\t\t\t<figcaption class=\"widget-image-caption wp-caption-text\">Personas altruistas a menudo hacen donaciones a la fundaci\u00f3n educativa de Sergio Ar\u00e9valo, pero \u00e9l lanz\u00f3 tambi\u00e9n su l\u00ednea de cepillos. Las ganancias se destinan tambi\u00e9n para enviar \u00fatiles escolares, zapatos y ropa a ni\u00f1os de zonas pobres de Guatemala<\/figcaption>\n\t\t\t\t\t\t\t\t\t\t<\/figure>\n\t\t\t\t\t\t\t\t\t<\/div>\n\t\t\t\t\t<\/div>\n\t\t<\/div>\n\t\t\t\t\t<\/div>\n\t\t<\/section>\n\t\t\t\t<section data-particle_enable=\"false\" data-particle-mobile-disabled=\"false\" class=\"elementor-section elementor-top-section elementor-element elementor-element-7a96438 elementor-section-boxed elementor-section-height-default elementor-section-height-default\" data-id=\"7a96438\" data-element_type=\"section\" data-e-type=\"section\">\n\t\t\t\t\t\t<div class=\"elementor-container elementor-column-gap-default\">\n\t\t\t\t\t<div class=\"elementor-column elementor-col-100 elementor-top-column elementor-element elementor-element-7bb6a8d\" data-id=\"7bb6a8d\" data-element_type=\"column\" data-e-type=\"column\">\n\t\t\t<div class=\"elementor-widget-wrap elementor-element-populated\">\n\t\t\t\t\t\t<div class=\"elementor-element elementor-element-9ed1bf9 elementor-widget elementor-widget-heading\" data-id=\"9ed1bf9\" data-element_type=\"widget\" data-e-type=\"widget\" data-widget_type=\"heading.default\">\n\t\t\t\t\t<h2 class=\"elementor-heading-title elementor-size-default\">As\u00ed logr\u00f3 abrirse paso en L.A. <\/h2>\t\t\t\t<\/div>\n\t\t\t\t\t<\/div>\n\t\t<\/div>\n\t\t\t\t\t<\/div>\n\t\t<\/section>\n\t\t\t\t<section data-particle_enable=\"false\" data-particle-mobile-disabled=\"false\" class=\"elementor-section elementor-top-section elementor-element elementor-element-b43e064 elementor-section-boxed elementor-section-height-default elementor-section-height-default\" data-id=\"b43e064\" data-element_type=\"section\" data-e-type=\"section\">\n\t\t\t\t\t\t<div class=\"elementor-container elementor-column-gap-default\">\n\t\t\t\t\t<div class=\"elementor-column elementor-col-100 elementor-top-column elementor-element elementor-element-8d42728\" data-id=\"8d42728\" data-element_type=\"column\" data-e-type=\"column\">\n\t\t\t<div class=\"elementor-widget-wrap elementor-element-populated\">\n\t\t\t\t\t\t<div class=\"elementor-element elementor-element-9a409d6 elementor-widget elementor-widget-text-editor\" data-id=\"9a409d6\" data-element_type=\"widget\" data-e-type=\"widget\" data-widget_type=\"text-editor.default\">\n\t\t\t\t\t\t\t\t\t<p><span style=\"color: var( --e-global-color-text );\">Le agradezco tanto a muchas artistas, pero quien primero me apoy\u00f3 fue\u00a0<\/span><span style=\"color: var( --e-global-color-text );\">la actriz y cantante Karyme Lozano. Ella crey\u00f3 en m\u00ed. Yo miraba las revistas y las alfombras rojas. Me dec\u00eda: quiero peinar as\u00ed o mejor a los artistas. Ella me permiti\u00f3 peinarla aunque no yo era peinador, solo hac\u00eda cortes. Pero me anim\u00f3.\u00a0<\/span><\/p><p><span style=\"color: var( --e-global-color-text );\">Y pienso que los estilistas hispanos hemos sufrido tantas limitaciones que por eso hacemos de todo y buscamos hacerlo mejor cada vez. Gracias a Karyme pude empezar a peinar para los Latin Grammy. Y as\u00ed he ido conociendo a m\u00e1s artistas que me han apoyado.<\/span><\/p>\t\t\t\t\t\t\t\t<\/div>\n\t\t\t\t\t<\/div>\n\t\t<\/div>\n\t\t\t\t\t<\/div>\n\t\t<\/section>\n\t\t\t\t<section data-particle_enable=\"false\" data-particle-mobile-disabled=\"false\" class=\"elementor-section elementor-top-section elementor-element elementor-element-1ad25c9 elementor-section-boxed elementor-section-height-default elementor-section-height-default\" data-id=\"1ad25c9\" data-element_type=\"section\" data-e-type=\"section\">\n\t\t\t\t\t\t<div class=\"elementor-container elementor-column-gap-default\">\n\t\t\t\t\t<div class=\"elementor-column elementor-col-100 elementor-top-column elementor-element elementor-element-20fb9ae\" data-id=\"20fb9ae\" data-element_type=\"column\" data-e-type=\"column\">\n\t\t\t<div class=\"elementor-widget-wrap elementor-element-populated\">\n\t\t\t\t\t\t<div class=\"elementor-element elementor-element-cf26c67 elementor-widget elementor-widget-heading\" data-id=\"cf26c67\" data-element_type=\"widget\" data-e-type=\"widget\" data-widget_type=\"heading.default\">\n\t\t\t\t\t<h2 class=\"elementor-heading-title elementor-size-default\">\u00bfC\u00f3mo env\u00edas la ayuda a Guatemala?<\/h2>\t\t\t\t<\/div>\n\t\t\t\t\t<\/div>\n\t\t<\/div>\n\t\t\t\t\t<\/div>\n\t\t<\/section>\n\t\t\t\t<section data-particle_enable=\"false\" data-particle-mobile-disabled=\"false\" class=\"elementor-section elementor-top-section elementor-element elementor-element-8f546d0 elementor-section-boxed elementor-section-height-default elementor-section-height-default\" data-id=\"8f546d0\" data-element_type=\"section\" data-e-type=\"section\">\n\t\t\t\t\t\t<div class=\"elementor-container elementor-column-gap-default\">\n\t\t\t\t\t<div class=\"elementor-column elementor-col-100 elementor-top-column elementor-element elementor-element-9a0bf72\" data-id=\"9a0bf72\" data-element_type=\"column\" data-e-type=\"column\">\n\t\t\t<div class=\"elementor-widget-wrap elementor-element-populated\">\n\t\t\t\t\t\t<div class=\"elementor-element elementor-element-ea869aa elementor-widget elementor-widget-text-editor\" data-id=\"ea869aa\" data-element_type=\"widget\" data-e-type=\"widget\" data-widget_type=\"text-editor.default\">\n\t\t\t\t\t\t\t\t\t<p>Mando cajas, con juguetes, \u00fatiles escolares, ropa, zapatos.\u00a0<\/p><p>A m\u00ed no me gusta decir yo-yo. Pero tampoco me gusta estar pidiendo. Entonces, para poder financiar la ayuda que env\u00edo a departamentos de Guatemala, lanc\u00e9 una coleccion de cepillos. Sergio Ar\u00e9valo Stylist. Son de muy buena calidad, yo trabajo con ellos. Y quien los adquiere tambi\u00e9n est\u00e1 colaborando con la fundaci\u00f3n.<\/p><p>En Guatemala tengo personas que me colaboran para detectar casos de familias en extrema pobreza y ni\u00f1ez con necesidad. Lo hacemos sin ning\u00fan inter\u00e9s de ning\u00fan tipo, solo por ayudar.<\/p>\t\t\t\t\t\t\t\t<\/div>\n\t\t\t\t\t<\/div>\n\t\t<\/div>\n\t\t\t\t\t<\/div>\n\t\t<\/section>\n\t\t\t\t<section data-particle_enable=\"false\" data-particle-mobile-disabled=\"false\" class=\"elementor-section elementor-top-section elementor-element elementor-element-b3e3583 elementor-section-boxed elementor-section-height-default elementor-section-height-default\" data-id=\"b3e3583\" data-element_type=\"section\" data-e-type=\"section\">\n\t\t\t\t\t\t<div class=\"elementor-container elementor-column-gap-default\">\n\t\t\t\t\t<div class=\"elementor-column elementor-col-100 elementor-top-column elementor-element elementor-element-b062dff\" data-id=\"b062dff\" data-element_type=\"column\" data-e-type=\"column\">\n\t\t\t<div class=\"elementor-widget-wrap elementor-element-populated\">\n\t\t\t\t\t\t<div class=\"elementor-element elementor-element-cc84166 elementor-widget elementor-widget-image\" data-id=\"cc84166\" data-element_type=\"widget\" data-e-type=\"widget\" data-widget_type=\"image.default\">\n\t\t\t\t\t\t\t\t\t\t\t\t\t\t\t<img loading=\"lazy\" decoding=\"async\" width=\"1024\" height=\"983\" src=\"https:\/\/soymigrante.com\/revista\/wp-content\/uploads\/2023\/12\/sergio-ayuda-e1702402965216-1024x983.webp\" class=\"attachment-large size-large wp-image-3816\" alt=\"\" srcset=\"https:\/\/soymigrante.com\/revista\/wp-content\/uploads\/2023\/12\/sergio-ayuda-e1702402965216-1024x983.webp 1024w, https:\/\/soymigrante.com\/revista\/wp-content\/uploads\/2023\/12\/sergio-ayuda-e1702402965216-300x288.webp 300w, https:\/\/soymigrante.com\/revista\/wp-content\/uploads\/2023\/12\/sergio-ayuda-e1702402965216-768x737.webp 768w, https:\/\/soymigrante.com\/revista\/wp-content\/uploads\/2023\/12\/sergio-ayuda-e1702402965216-750x720.webp 750w, https:\/\/soymigrante.com\/revista\/wp-content\/uploads\/2023\/12\/sergio-ayuda-e1702402965216-1140x1094.webp 1140w, https:\/\/soymigrante.com\/revista\/wp-content\/uploads\/2023\/12\/sergio-ayuda-e1702402965216.webp 1152w\" sizes=\"(max-width: 1024px) 100vw, 1024px\" title=\"La ayuda enviada por el migrante Sergio Ar\u00e9valo a Guatemala se distribuye entre familias con verdadera necesidad. Calzado, ropa, \u00fatiles escolares y a veces tambi\u00e9n pa\u00f1ales desechables. \u2013 SoyMigrante.com REVISTA\" \/>\t\t\t\t\t\t\t\t\t\t\t\t\t\t\t<\/div>\n\t\t\t\t\t<\/div>\n\t\t<\/div>\n\t\t\t\t\t<\/div>\n\t\t<\/section>\n\t\t\t\t<section data-particle_enable=\"false\" data-particle-mobile-disabled=\"false\" class=\"elementor-section elementor-top-section elementor-element elementor-element-643f414 elementor-section-boxed elementor-section-height-default elementor-section-height-default\" data-id=\"643f414\" data-element_type=\"section\" data-e-type=\"section\">\n\t\t\t\t\t\t<div class=\"elementor-container elementor-column-gap-default\">\n\t\t\t\t\t<div class=\"elementor-column elementor-col-100 elementor-top-column elementor-element elementor-element-e3a9360\" data-id=\"e3a9360\" data-element_type=\"column\" data-e-type=\"column\">\n\t\t\t<div class=\"elementor-widget-wrap elementor-element-populated\">\n\t\t\t\t\t\t<div class=\"elementor-element elementor-element-84c97a7 elementor-widget elementor-widget-heading\" data-id=\"84c97a7\" data-element_type=\"widget\" data-e-type=\"widget\" data-widget_type=\"heading.default\">\n\t\t\t\t\t<h2 class=\"elementor-heading-title elementor-size-default\">El gran sue\u00f1o de  Sergio Ar\u00e9valo <\/h2>\t\t\t\t<\/div>\n\t\t\t\t\t<\/div>\n\t\t<\/div>\n\t\t\t\t\t<\/div>\n\t\t<\/section>\n\t\t\t\t<section data-particle_enable=\"false\" data-particle-mobile-disabled=\"false\" class=\"elementor-section elementor-top-section elementor-element elementor-element-832989e elementor-section-boxed elementor-section-height-default elementor-section-height-default\" data-id=\"832989e\" data-element_type=\"section\" data-e-type=\"section\">\n\t\t\t\t\t\t<div class=\"elementor-container elementor-column-gap-default\">\n\t\t\t\t\t<div class=\"elementor-column elementor-col-100 elementor-top-column elementor-element elementor-element-0b7031c\" data-id=\"0b7031c\" data-element_type=\"column\" data-e-type=\"column\">\n\t\t\t<div class=\"elementor-widget-wrap elementor-element-populated\">\n\t\t\t\t\t\t<div class=\"elementor-element elementor-element-1ab669f elementor-widget elementor-widget-text-editor\" data-id=\"1ab669f\" data-element_type=\"widget\" data-e-type=\"widget\" data-widget_type=\"text-editor.default\">\n\t\t\t\t\t\t\t\t\t<p><span style=\"color: var( --e-global-color-text );\">Yo nunca paro de so\u00f1ar.&nbsp; Me gustar\u00eda crear en Guatemala un lugar donde las mujeres aprendan oficios para salir adelante.&nbsp; Pero tambi\u00e9n crear centros de apoyo educativo, con wifi donde los ni\u00f1os de las colonias que no tengan como hacer sus tareas, lleguen all\u00ed. Y si no tienen ropa o zapatos, pues se los damos.<\/span><br><\/p>\t\t\t\t\t\t\t\t<\/div>\n\t\t\t\t\t<\/div>\n\t\t<\/div>\n\t\t\t\t\t<\/div>\n\t\t<\/section>\n\t\t\t\t<section data-particle_enable=\"false\" data-particle-mobile-disabled=\"false\" class=\"elementor-section elementor-top-section elementor-element elementor-element-2136f70 elementor-section-boxed elementor-section-height-default elementor-section-height-default\" data-id=\"2136f70\" data-element_type=\"section\" data-e-type=\"section\">\n\t\t\t\t\t\t<div class=\"elementor-container elementor-column-gap-default\">\n\t\t\t\t\t<div class=\"elementor-column elementor-col-100 elementor-top-column elementor-element elementor-element-26e66de\" data-id=\"26e66de\" data-element_type=\"column\" data-e-type=\"column\">\n\t\t\t<div class=\"elementor-widget-wrap elementor-element-populated\">\n\t\t\t\t\t\t<div class=\"elementor-element elementor-element-960a774 elementor-widget elementor-widget-image\" data-id=\"960a774\" data-element_type=\"widget\" data-e-type=\"widget\" data-widget_type=\"image.default\">\n\t\t\t\t\t\t\t\t\t\t\t\t\t\t\t<img loading=\"lazy\" decoding=\"async\" width=\"866\" height=\"1024\" src=\"https:\/\/soymigrante.com\/revista\/wp-content\/uploads\/2023\/12\/sergio-aguja-2-scaled-e1702403547772-866x1024.webp\" class=\"attachment-large size-large wp-image-3817\" alt=\"\" srcset=\"https:\/\/soymigrante.com\/revista\/wp-content\/uploads\/2023\/12\/sergio-aguja-2-scaled-e1702403547772-866x1024.webp 866w, https:\/\/soymigrante.com\/revista\/wp-content\/uploads\/2023\/12\/sergio-aguja-2-scaled-e1702403547772-254x300.webp 254w, https:\/\/soymigrante.com\/revista\/wp-content\/uploads\/2023\/12\/sergio-aguja-2-scaled-e1702403547772-768x908.webp 768w, https:\/\/soymigrante.com\/revista\/wp-content\/uploads\/2023\/12\/sergio-aguja-2-scaled-e1702403547772-1299x1536.webp 1299w, https:\/\/soymigrante.com\/revista\/wp-content\/uploads\/2023\/12\/sergio-aguja-2-scaled-e1702403547772-750x887.webp 750w, https:\/\/soymigrante.com\/revista\/wp-content\/uploads\/2023\/12\/sergio-aguja-2-scaled-e1702403547772-1140x1348.webp 1140w, https:\/\/soymigrante.com\/revista\/wp-content\/uploads\/2023\/12\/sergio-aguja-2-scaled-e1702403547772.webp 1624w\" sizes=\"(max-width: 866px) 100vw, 866px\" title=\"El estilista y migrante guatemalteco Sergio Ar\u00e9valo sigue adelante en su ruta de \u00e9xito en el mundo de la belleza pero sobre todo en el compartir lo que tiene con los m\u00e1s necesitados. Fotograf\u00eda con la c\u00e9lebre Aguja de Washington D.C. durante su estad\u00eda reciente. \u2013 SoyMigrante.com REVISTA\" \/>\t\t\t\t\t\t\t\t\t\t\t\t\t\t\t<\/div>\n\t\t\t\t\t<\/div>\n\t\t<\/div>\n\t\t\t\t\t<\/div>\n\t\t<\/section>\n\t\t\t\t<section data-particle_enable=\"false\" data-particle-mobile-disabled=\"false\" class=\"elementor-section elementor-top-section elementor-element elementor-element-0ad5935 elementor-section-boxed elementor-section-height-default elementor-section-height-default\" data-id=\"0ad5935\" data-element_type=\"section\" data-e-type=\"section\">\n\t\t\t\t\t\t<div class=\"elementor-container elementor-column-gap-default\">\n\t\t\t\t\t<div class=\"elementor-column elementor-col-100 elementor-top-column elementor-element elementor-element-ba9d9d2\" data-id=\"ba9d9d2\" data-element_type=\"column\" data-e-type=\"column\">\n\t\t\t<div class=\"elementor-widget-wrap elementor-element-populated\">\n\t\t\t\t\t\t<div class=\"elementor-element elementor-element-31d7aaf elementor-widget elementor-widget-heading\" data-id=\"31d7aaf\" data-element_type=\"widget\" data-e-type=\"widget\" data-widget_type=\"heading.default\">\n\t\t\t\t\t<h2 class=\"elementor-heading-title elementor-size-default\">M\u00e1s inspiraci\u00f3n con m\u00e1s historias de migrantes guatemaltecos<\/h2>\t\t\t\t<\/div>\n\t\t\t\t\t<\/div>\n\t\t<\/div>\n\t\t\t\t\t<\/div>\n\t\t<\/section>\n\t\t\t\t<section data-particle_enable=\"false\" data-particle-mobile-disabled=\"false\" class=\"elementor-section elementor-top-section elementor-element elementor-element-c090ae8 elementor-section-boxed elementor-section-height-default elementor-section-height-default\" data-id=\"c090ae8\" data-element_type=\"section\" data-e-type=\"section\">\n\t\t\t\t\t\t<div class=\"elementor-container elementor-column-gap-default\">\n\t\t\t\t\t<div class=\"elementor-column elementor-col-100 elementor-top-column elementor-element elementor-element-a863bae\" data-id=\"a863bae\" data-element_type=\"column\" data-e-type=\"column\">\n\t\t\t<div class=\"elementor-widget-wrap elementor-element-populated\">\n\t\t\t\t\t\t<div class=\"elementor-element elementor-element-a2a347d elementor-widget elementor-widget-blfe-post-grid\" data-id=\"a2a347d\" data-element_type=\"widget\" data-e-type=\"widget\" data-settings=\"{&quot;columns&quot;:&quot;6&quot;,&quot;hero2_layout_column_gap&quot;:{&quot;unit&quot;:&quot;px&quot;,&quot;size&quot;:3,&quot;sizes&quot;:[]},&quot;columns_tablet&quot;:&quot;6&quot;,&quot;columns_mobile&quot;:&quot;12&quot;,&quot;hero2_navigation&quot;:&quot;arrows&quot;,&quot;hero2_layout_column_gap_tablet&quot;:{&quot;unit&quot;:&quot;px&quot;,&quot;size&quot;:&quot;&quot;,&quot;sizes&quot;:[]},&quot;hero2_layout_column_gap_mobile&quot;:{&quot;unit&quot;:&quot;px&quot;,&quot;size&quot;:&quot;&quot;,&quot;sizes&quot;:[]},&quot;hero2_layout_row_gap&quot;:{&quot;unit&quot;:&quot;px&quot;,&quot;size&quot;:5,&quot;sizes&quot;:[]},&quot;hero2_layout_row_gap_tablet&quot;:{&quot;unit&quot;:&quot;px&quot;,&quot;size&quot;:&quot;&quot;,&quot;sizes&quot;:[]},&quot;hero2_layout_row_gap_mobile&quot;:{&quot;unit&quot;:&quot;px&quot;,&quot;size&quot;:&quot;&quot;,&quot;sizes&quot;:[]}}\" data-widget_type=\"blfe-post-grid.hero2\">\n\t\t\t\t<div class=\"elementor-widget-container\">\n\t\t\t\t\t\n                        <div class=\"blfe-post-grid-container \">\n            \n                <div data-skin=\"hero2\" class=\"blfe-row blfe-posts-inner blfe-hero2 blfe-posts-inner blfe-col-6 blfe-col-tab-6 blfe-col-mob-12     \">\n                            <div class=\"blfe-post-grid-item \">\n            <div class=\"blfe-post-grid-item-inner blfe-modern-zoom\">\n                        <div class=\"blfe-post-grid-bg-image\">\n            <a class=\"blfe-post-grid-image-inner\" href=\"https:\/\/soymigrante.com\/revista\/migrante-zoy-promotora-cultura-guatemala\/\" title=\"Zoy, dise\u00f1adora, promotora cultural y migrante guatemalteca en New York\" rel=\"nofollow\" target=\"_blank\"><img decoding=\"async\" src=\"https:\/\/soymigrante.com\/revista\/wp-content\/uploads\/2023\/08\/zoy-herera-2.webp\" alt=\"Zoy, dise\u00f1adora, promotora cultural y migrante guatemalteca en New York\"\/><\/a>        <\/div>\n                        <div class=\"blfe-post-grid-details\">\n                    <div class=\"blfe-post-grid-details-inner\">\n                        <span class=\"blfe-post-category\"><a href=\"https:\/\/soymigrante.com\/revista\/category\/exitos\/\">\u00c9xitos<\/a><\/span>                        <h3 class=\"blfe-post-grid-title\">\n            <a href=\"https:\/\/soymigrante.com\/revista\/migrante-zoy-promotora-cultura-guatemala\/\" title=\"Zoy, dise\u00f1adora, promotora cultural y migrante guatemalteca en New York\" rel=\"nofollow\" target=\"_blank\">Zoy, dise\u00f1adora, promotora cultural y migrante guatemalteca en New York<\/a>\n            <\/h3>                                    <div class=\"blfe-post-grid-meta\">\n                <span class=\"blfe-post-grid-time\"><i class=\"fas fa-book-reader\"><\/i>5 Min read<\/span>            <\/div>\n                                                                                <\/div>\n                <\/div>\n\n            <\/div>\n        <\/div>\n                <div class=\"blfe-post-grid-item \">\n            <div class=\"blfe-post-grid-item-inner blfe-modern-zoom\">\n                        <div class=\"blfe-post-grid-bg-image\">\n            <a class=\"blfe-post-grid-image-inner\" href=\"https:\/\/soymigrante.com\/revista\/yaneth-la-chapina-tiene-un-paraiso-de-sabor-guatemalteco-en-maryland\/\" title=\"Yaneth La Chapina tiene un Para\u00edso de sabor guatemalteco en Maryland\" rel=\"nofollow\" target=\"_blank\"><img decoding=\"async\" src=\"https:\/\/soymigrante.com\/revista\/wp-content\/uploads\/2025\/06\/migrante-guatemalteca-yaneth-sical-maryland-2.webp\" alt=\"Yaneth La Chapina tiene un Para\u00edso de sabor guatemalteco en Maryland\"\/><\/a>        <\/div>\n                        <div class=\"blfe-post-grid-details\">\n                    <div class=\"blfe-post-grid-details-inner\">\n                        <span class=\"blfe-post-category\"><a href=\"https:\/\/soymigrante.com\/revista\/category\/exitos\/\">\u00c9xitos<\/a><\/span>                        <h3 class=\"blfe-post-grid-title\">\n            <a href=\"https:\/\/soymigrante.com\/revista\/yaneth-la-chapina-tiene-un-paraiso-de-sabor-guatemalteco-en-maryland\/\" title=\"Yaneth La Chapina tiene un Para\u00edso de sabor guatemalteco en Maryland\" rel=\"nofollow\" target=\"_blank\">Yaneth La Chapina tiene un Para\u00edso de sabor guatemalteco en Maryland<\/a>\n            <\/h3>                                    <div class=\"blfe-post-grid-meta\">\n                <span class=\"blfe-post-grid-time\"><i class=\"fas fa-book-reader\"><\/i>6 Min read<\/span>            <\/div>\n                                                                                <\/div>\n                <\/div>\n\n            <\/div>\n        <\/div>\n                <div class=\"blfe-post-grid-item \">\n            <div class=\"blfe-post-grid-item-inner blfe-modern-zoom\">\n                        <div class=\"blfe-post-grid-bg-image\">\n            <a class=\"blfe-post-grid-image-inner\" href=\"https:\/\/soymigrante.com\/revista\/y-cuando-evelyn-desperto-su-gran-sueno-todavia-estaba-alli\/\" title=\"Y cuando Evelyn despert\u00f3, su gran sue\u00f1o de cine todav\u00eda estaba all\u00ed\" rel=\"nofollow\" target=\"_blank\"><img decoding=\"async\" src=\"https:\/\/soymigrante.com\/revista\/wp-content\/uploads\/2024\/12\/evelyn-lorena-actriz-guatemalteca.webp\" alt=\"Y cuando Evelyn despert\u00f3, su gran sue\u00f1o de cine todav\u00eda estaba all\u00ed\"\/><\/a>        <\/div>\n                        <div class=\"blfe-post-grid-details\">\n                    <div class=\"blfe-post-grid-details-inner\">\n                        <span class=\"blfe-post-category\"><a href=\"https:\/\/soymigrante.com\/revista\/category\/exitos\/\">\u00c9xitos<\/a><\/span>                        <h3 class=\"blfe-post-grid-title\">\n            <a href=\"https:\/\/soymigrante.com\/revista\/y-cuando-evelyn-desperto-su-gran-sueno-todavia-estaba-alli\/\" title=\"Y cuando Evelyn despert\u00f3, su gran sue\u00f1o de cine todav\u00eda estaba all\u00ed\" rel=\"nofollow\" target=\"_blank\">Y cuando Evelyn despert\u00f3, su gran sue\u00f1o de cine todav\u00eda estaba all\u00ed<\/a>\n            <\/h3>                                    <div class=\"blfe-post-grid-meta\">\n                <span class=\"blfe-post-grid-time\"><i class=\"fas fa-book-reader\"><\/i>9 Min read<\/span>            <\/div>\n                                                                                <\/div>\n                <\/div>\n\n            <\/div>\n        <\/div>\n                <div class=\"blfe-post-grid-item \">\n            <div class=\"blfe-post-grid-item-inner blfe-modern-zoom\">\n                        <div class=\"blfe-post-grid-bg-image\">\n            <a class=\"blfe-post-grid-image-inner\" href=\"https:\/\/soymigrante.com\/revista\/willy-barreno-ayuda-migrantes-quetzaltenango-proyecto\/\" title=\"Willy Barreno: chef migrante ayuda a migrantes en su propia tierra\" rel=\"nofollow\" target=\"_blank\"><img decoding=\"async\" src=\"https:\/\/soymigrante.com\/revista\/wp-content\/uploads\/2024\/03\/Chef-Willy-Barreno-3.webp\" alt=\"Willy Barreno: chef migrante ayuda a migrantes en su propia tierra\"\/><\/a>        <\/div>\n                        <div class=\"blfe-post-grid-details\">\n                    <div class=\"blfe-post-grid-details-inner\">\n                        <span class=\"blfe-post-category\"><a href=\"https:\/\/soymigrante.com\/revista\/category\/exitos\/\">\u00c9xitos<\/a><\/span>                        <h3 class=\"blfe-post-grid-title\">\n            <a href=\"https:\/\/soymigrante.com\/revista\/willy-barreno-ayuda-migrantes-quetzaltenango-proyecto\/\" title=\"Willy Barreno: chef migrante ayuda a migrantes en su propia tierra\" rel=\"nofollow\" target=\"_blank\">Willy Barreno: chef migrante ayuda a migrantes en su propia tierra<\/a>\n            <\/h3>                                    <div class=\"blfe-post-grid-meta\">\n                <span class=\"blfe-post-grid-time\"><i class=\"fas fa-book-reader\"><\/i>9 Min read<\/span>            <\/div>\n                                                                                <\/div>\n                <\/div>\n\n            <\/div>\n        <\/div>\n                <div class=\"blfe-post-grid-item \">\n            <div class=\"blfe-post-grid-item-inner blfe-modern-zoom\">\n                        <div class=\"blfe-post-grid-bg-image\">\n            <a class=\"blfe-post-grid-image-inner\" href=\"https:\/\/soymigrante.com\/revista\/williamel-chapincillo-migrante-en-busca-de-un-mejor-destino\/\" title=\"William, \u201dEl Chapincillo\u201d: un migrante guatemalteco en busca de un mejor destino.\" rel=\"nofollow\" target=\"_blank\"><img decoding=\"async\" src=\"https:\/\/soymigrante.com\/revista\/wp-content\/uploads\/2023\/06\/347770495_279458674511685_1909770362635697153_n.webp\" alt=\"William, \u201dEl Chapincillo\u201d: un migrante guatemalteco en busca de un mejor destino.\"\/><\/a>        <\/div>\n                        <div class=\"blfe-post-grid-details\">\n                    <div class=\"blfe-post-grid-details-inner\">\n                        <span class=\"blfe-post-category\"><a href=\"https:\/\/soymigrante.com\/revista\/category\/exitos\/\">\u00c9xitos<\/a><\/span>                        <h3 class=\"blfe-post-grid-title\">\n            <a href=\"https:\/\/soymigrante.com\/revista\/williamel-chapincillo-migrante-en-busca-de-un-mejor-destino\/\" title=\"William, \u201dEl Chapincillo\u201d: un migrante guatemalteco en busca de un mejor destino.\" rel=\"nofollow\" target=\"_blank\">William, \u201dEl Chapincillo\u201d: un migrante guatemalteco en busca de un mejor destino.<\/a>\n            <\/h3>                                    <div class=\"blfe-post-grid-meta\">\n                <span class=\"blfe-post-grid-time\"><i class=\"fas fa-book-reader\"><\/i>6 Min read<\/span>            <\/div>\n                                                                                <\/div>\n                <\/div>\n\n            <\/div>\n        <\/div>\n                        <\/div>\n\n                        <\/div>\n            \n                        <div class=\"blfe-post-footer\">\n                        <\/div>\n            \t\t\t\t<\/div>\n\t\t\t\t<\/div>\n\t\t\t\t\t<\/div>\n\t\t<\/div>\n\t\t\t\t\t<\/div>\n\t\t<\/section>\n\t\t\t\t<\/div>\n\t\t","protected":false},"excerpt":{"rendered":"<p>Sufri\u00f3 pobreza, violencia intrafamiliar y burlas en sus inicios dentro del mundo de la belleza: pero nada bloquea los sue\u00f1os del migrante y estilista de estrellas, que cre\u00f3 una l\u00ednea de cepillos para destinar las ventas a ayuda educativa de la ni\u00f1ez de zonas rurales de su natal Guatemala. \u00c9l relata su camino. EN LA [&hellip;]<\/p>\n","protected":false},"author":7,"featured_media":3800,"comment_status":"open","ping_status":"open","sticky":false,"template":"","format":"standard","meta":{"_acf_changed":false,"_eb_attr":"","footnotes":""},"categories":[50],"tags":[],"class_list":["post-3799","post","type-post","status-publish","format-standard","has-post-thumbnail","hentry","category-exitos"],"acf":[],"aioseo_notices":[],"aioseo_head":"\n\t\t<!-- All in One SEO Pro 4.9.6.2 - aioseo.com -->\n\t<meta name=\"description\" content=\"El migrante guatemalteco William Vel\u00e1squez es un emprendedor en Oklahoma. Vivi\u00f3 etapas dif\u00edciles de juventud. Se equivoc\u00f3. Rectific\u00f3 el camino y da testimonio de que siempre se puede cambiar. William Vel\u00e1squez es un migrante y emprendedor guatemalteco, que lleva 24 a\u00f1os de vivir en Oklahoma y m\u00e1s de tres d\u00e9cadas en Estados Unidos. Se siente\" \/>\n\t<meta name=\"robots\" content=\"max-snippet:-1, max-image-preview:large, max-video-preview:-1\" \/>\n\t<meta name=\"author\" content=\"Diana Batz\"\/>\n\t<link rel=\"canonical\" href=\"https:\/\/soymigrante.com\/revista\/williamel-chapincillo-migrante-en-busca-de-un-mejor-destino\/\" \/>\n\t<meta name=\"generator\" content=\"All in One SEO Pro (AIOSEO) 4.9.6.2\" \/>\n\n\t\t<link rel=\"preconnect\" href=\"https:\/\/fonts.googleapis.com\" crossorigin>\n<link rel=\"preconnect\" href=\"https:\/\/fonts.gstatic.com\" crossorigin>\n\t\t<meta property=\"og:locale\" content=\"es_ES\" \/>\n\t\t<meta property=\"og:site_name\" content=\"SoyMigrante.com REVISTA \u2013 Nuestra misi\u00f3n es reconocer y dignificar al migrante.\" \/>\n\t\t<meta property=\"og:type\" content=\"article\" \/>\n\t\t<meta property=\"og:title\" content=\"William, \u201dEl Chapincillo\u201d: un migrante guatemalteco en busca de un mejor destino.\" \/>\n\t\t<meta property=\"og:description\" content=\"El migrante guatemalteco William Vel\u00e1squez es un emprendedor en Oklahoma. Vivi\u00f3 etapas dif\u00edciles de juventud. Se equivoc\u00f3. Rectific\u00f3 el camino y da testimonio de que siempre se puede cambiar. William Vel\u00e1squez es un migrante y emprendedor guatemalteco, que lleva 24 a\u00f1os de vivir en Oklahoma y m\u00e1s de tres d\u00e9cadas en Estados Unidos. Se siente\" \/>\n\t\t<meta property=\"og:url\" content=\"https:\/\/soymigrante.com\/revista\/williamel-chapincillo-migrante-en-busca-de-un-mejor-destino\/\" \/>\n\t\t<meta property=\"og:image\" content=\"https:\/\/soymigrante.com\/revista\/wp-content\/uploads\/2023\/06\/347770495_279458674511685_1909770362635697153_n.webp\" \/>\n\t\t<meta property=\"og:image:secure_url\" content=\"https:\/\/soymigrante.com\/revista\/wp-content\/uploads\/2023\/06\/347770495_279458674511685_1909770362635697153_n.webp\" \/>\n\t\t<meta property=\"og:image:width\" content=\"1440\" \/>\n\t\t<meta property=\"og:image:height\" content=\"1920\" \/>\n\t\t<meta property=\"article:published_time\" content=\"2023-06-20T19:57:24+00:00\" \/>\n\t\t<meta property=\"article:modified_time\" content=\"2026-03-11T22:39:33+00:00\" \/>\n\t\t<meta property=\"article:publisher\" content=\"https:\/\/www.facebook.com\/soymigrantecom\" \/>\n\t\t<meta name=\"twitter:card\" content=\"summary_large_image\" \/>\n\t\t<meta name=\"twitter:site\" content=\"@SoyMigrante_com\" \/>\n\t\t<meta name=\"twitter:title\" content=\"William, \u201dEl Chapincillo\u201d: un migrante guatemalteco en busca de un mejor destino.\" \/>\n\t\t<meta name=\"twitter:description\" content=\"El migrante guatemalteco William Vel\u00e1squez es un emprendedor en Oklahoma. Vivi\u00f3 etapas dif\u00edciles de juventud. Se equivoc\u00f3. Rectific\u00f3 el camino y da testimonio de que siempre se puede cambiar. William Vel\u00e1squez es un migrante y emprendedor guatemalteco, que lleva 24 a\u00f1os de vivir en Oklahoma y m\u00e1s de tres d\u00e9cadas en Estados Unidos. Se siente\" \/>\n\t\t<meta name=\"twitter:creator\" content=\"@SoyMigrante_com\" \/>\n\t\t<meta name=\"twitter:image\" content=\"https:\/\/soymigrante.com\/revista\/wp-content\/uploads\/2023\/06\/347770495_279458674511685_1909770362635697153_n.webp\" \/>\n\t\t<!-- All in One SEO Pro -->\r\n\t\t<title>William, \u201dEl Chapincillo\u201d: un migrante guatemalteco en busca de un mejor destino.<\/title>\n\n","aioseo_head_json":{"title":"William, \u201dEl Chapincillo\u201d: un migrante guatemalteco en busca de un mejor destino.","description":"El migrante guatemalteco William Vel\u00e1squez es un emprendedor en Oklahoma. Vivi\u00f3 etapas dif\u00edciles de juventud. Se equivoc\u00f3. Rectific\u00f3 el camino y da testimonio de que siempre se puede cambiar. William Vel\u00e1squez es un migrante y emprendedor guatemalteco, que lleva 24 a\u00f1os de vivir en Oklahoma y m\u00e1s de tres d\u00e9cadas en Estados Unidos. Se siente","canonical_url":"https:\/\/soymigrante.com\/revista\/williamel-chapincillo-migrante-en-busca-de-un-mejor-destino\/","robots":"max-snippet:-1, max-image-preview:large, max-video-preview:-1","keywords":"","webmasterTools":{"miscellaneous":"&lt;link rel=\"preconnect\" href=\"https:\/\/fonts.googleapis.com\" crossorigin&gt;\n&lt;link rel=\"preconnect\" href=\"https:\/\/fonts.gstatic.com\" crossorigin&gt;"},"schema":null,"og:locale":"es_ES","og:site_name":"SoyMigrante.com REVISTA \u2013 Nuestra misi\u00f3n es reconocer y dignificar al migrante.","og:type":"article","og:title":"William, \u201dEl Chapincillo\u201d: un migrante guatemalteco en busca de un mejor destino.","og:description":"El migrante guatemalteco William Vel\u00e1squez es un emprendedor en Oklahoma. Vivi\u00f3 etapas dif\u00edciles de juventud. Se equivoc\u00f3. Rectific\u00f3 el camino y da testimonio de que siempre se puede cambiar. William Vel\u00e1squez es un migrante y emprendedor guatemalteco, que lleva 24 a\u00f1os de vivir en Oklahoma y m\u00e1s de tres d\u00e9cadas en Estados Unidos. Se siente","og:url":"https:\/\/soymigrante.com\/revista\/williamel-chapincillo-migrante-en-busca-de-un-mejor-destino\/","og:image":"https:\/\/soymigrante.com\/revista\/wp-content\/uploads\/2023\/06\/347770495_279458674511685_1909770362635697153_n.webp","og:image:secure_url":"https:\/\/soymigrante.com\/revista\/wp-content\/uploads\/2023\/06\/347770495_279458674511685_1909770362635697153_n.webp","og:image:width":1440,"og:image:height":1920,"article:published_time":"2023-06-20T19:57:24+00:00","article:modified_time":"2026-03-11T22:39:33+00:00","article:publisher":"https:\/\/www.facebook.com\/soymigrantecom","twitter:card":"summary_large_image","twitter:site":"@SoyMigrante_com","twitter:title":"William, \u201dEl Chapincillo\u201d: un migrante guatemalteco en busca de un mejor destino.","twitter:description":"El migrante guatemalteco William Vel\u00e1squez es un emprendedor en Oklahoma. Vivi\u00f3 etapas dif\u00edciles de juventud. Se equivoc\u00f3. Rectific\u00f3 el camino y da testimonio de que siempre se puede cambiar. William Vel\u00e1squez es un migrante y emprendedor guatemalteco, que lleva 24 a\u00f1os de vivir en Oklahoma y m\u00e1s de tres d\u00e9cadas en Estados Unidos. Se siente","twitter:creator":"@SoyMigrante_com","twitter:image":"https:\/\/soymigrante.com\/revista\/wp-content\/uploads\/2023\/06\/347770495_279458674511685_1909770362635697153_n.webp"},"aioseo_meta_data":{"post_id":"3799","title":null,"description":null,"keywords":[],"keyphrases":{"focus":{"keyphrase":"Migrante","score":82,"analysis":{"keyphraseInTitle":{"score":9,"maxScore":9,"error":0},"keyphraseInDescription":{"score":9,"maxScore":9,"error":0},"keyphraseLength":{"score":9,"maxScore":9,"error":0,"length":1},"keyphraseInURL":{"score":5,"maxScore":5,"error":0},"keyphraseInIntroduction":{"score":3,"maxScore":9,"error":1},"keyphraseInSubHeadings":{"score":3,"maxScore":9,"error":1},"keyphraseInImageAlt":{"score":9,"maxScore":9,"error":0},"keywordDensity":{"type":"best","score":9,"maxScore":9,"error":0}}},"additional":[]},"primary_term":null,"canonical_url":null,"og_title":null,"og_description":null,"og_object_type":"default","og_image_type":"default","og_image_url":null,"og_image_width":null,"og_image_height":null,"og_image_custom_url":null,"og_image_custom_fields":null,"og_video":"","og_custom_url":null,"og_article_section":null,"og_article_tags":[],"twitter_use_og":false,"twitter_card":"default","twitter_image_type":"default","twitter_image_url":null,"twitter_image_custom_url":null,"twitter_image_custom_fields":null,"twitter_title":null,"twitter_description":null,"schema":{"blockGraphs":[],"customGraphs":[],"default":{"data":{"Article":[],"Course":[],"Dataset":[],"FAQPage":[],"Movie":[],"Person":[],"Product":[],"ProductReview":[],"Car":[],"Recipe":[],"Service":[],"SoftwareApplication":[],"WebPage":[]},"graphName":"BlogPosting","isEnabled":true},"graphs":[]},"schema_type":"default","schema_type_options":null,"pillar_content":false,"robots_default":true,"robots_noindex":false,"robots_noarchive":false,"robots_nosnippet":false,"robots_nofollow":false,"robots_noimageindex":false,"robots_noodp":false,"robots_notranslate":false,"robots_max_snippet":"-1","robots_max_videopreview":"-1","robots_max_imagepreview":"large","priority":null,"frequency":"default","local_seo":null,"seo_analyzer_scan_date":"2025-10-08 20:49:49","breadcrumb_settings":null,"limit_modified_date":false,"reviewed_by":null,"open_ai":null,"ai":null,"created":"2023-12-12 16:27:45","updated":"2026-02-04 10:03:15"},"aioseo_breadcrumb":"<div class=\"aioseo-breadcrumbs\"><span class=\"aioseo-breadcrumb\">\n\t<a href=\"https:\/\/soymigrante.com\/revista\" title=\"Home\">Home<\/a>\n<\/span><span class=\"aioseo-breadcrumb-separator\">\u00bb<\/span><span class=\"aioseo-breadcrumb\">\n\t<a href=\"https:\/\/soymigrante.com\/revista\/category\/exitos\/\" title=\"\u00c9xitos\">\u00c9xitos<\/a>\n<\/span><span class=\"aioseo-breadcrumb-separator\">\u00bb<\/span><span class=\"aioseo-breadcrumb\">\n\t\u201cNunca paro de so\u00f1ar\u201d: la incre\u00edble historia del estilista y migrante Sergio Fernando Ar\u00e9valo\n<\/span><\/div>","aioseo_breadcrumb_json":[{"label":"Home","link":"https:\/\/soymigrante.com\/revista"},{"label":"\u00c9xitos","link":"https:\/\/soymigrante.com\/revista\/category\/exitos\/"},{"label":"&#8220;Nunca paro de so\u00f1ar&#8221;: la incre\u00edble historia del estilista y migrante Sergio Fernando Ar\u00e9valo","link":"https:\/\/soymigrante.com\/revista\/migrante-estilista-guatemalteco-sergio-arevalo-increible-historia-ayuda-ninez\/"}],"_links":{"self":[{"href":"https:\/\/soymigrante.com\/revista\/wp-json\/wp\/v2\/posts\/3799","targetHints":{"allow":["GET"]}}],"collection":[{"href":"https:\/\/soymigrante.com\/revista\/wp-json\/wp\/v2\/posts"}],"about":[{"href":"https:\/\/soymigrante.com\/revista\/wp-json\/wp\/v2\/types\/post"}],"author":[{"embeddable":true,"href":"https:\/\/soymigrante.com\/revista\/wp-json\/wp\/v2\/users\/7"}],"replies":[{"embeddable":true,"href":"https:\/\/soymigrante.com\/revista\/wp-json\/wp\/v2\/comments?post=3799"}],"version-history":[{"count":3,"href":"https:\/\/soymigrante.com\/revista\/wp-json\/wp\/v2\/posts\/3799\/revisions"}],"predecessor-version":[{"id":40584,"href":"https:\/\/soymigrante.com\/revista\/wp-json\/wp\/v2\/posts\/3799\/revisions\/40584"}],"wp:featuredmedia":[{"embeddable":true,"href":"https:\/\/soymigrante.com\/revista\/wp-json\/wp\/v2\/media\/3800"}],"wp:attachment":[{"href":"https:\/\/soymigrante.com\/revista\/wp-json\/wp\/v2\/media?parent=3799"}],"wp:term":[{"taxonomy":"category","embeddable":true,"href":"https:\/\/soymigrante.com\/revista\/wp-json\/wp\/v2\/categories?post=3799"},{"taxonomy":"post_tag","embeddable":true,"href":"https:\/\/soymigrante.com\/revista\/wp-json\/wp\/v2\/tags?post=3799"}],"curies":[{"name":"wp","href":"https:\/\/api.w.org\/{rel}","templated":true}]}}