{"id":37986,"date":"2025-06-28T10:01:33","date_gmt":"2025-06-28T16:01:33","guid":{"rendered":"https:\/\/soymigrante.com\/revista\/?p=37986"},"modified":"2025-06-28T10:01:42","modified_gmt":"2025-06-28T16:01:42","slug":"barra-chapina-migrante-vive-camino-de-guatemala-en-la-copa-oro","status":"publish","type":"post","link":"https:\/\/soymigrante.com\/revista\/barra-chapina-migrante-vive-camino-de-guatemala-en-la-copa-oro\/","title":{"rendered":"Barra Chapina migrante vive camino de Guatemala en la Copa Oro"},"content":{"rendered":"\t\t<div data-elementor-type=\"wp-post\" data-elementor-id=\"37986\" class=\"elementor elementor-37986\" data-elementor-post-type=\"post\">\n\t\t\t\t<div data-particle_enable=\"false\" data-particle-mobile-disabled=\"false\" class=\"elementor-element elementor-element-b71e150 e-flex e-con-boxed e-con e-parent\" data-id=\"b71e150\" data-element_type=\"container\" data-e-type=\"container\">\n\t\t\t\t\t<div class=\"e-con-inner\">\n\t\t\t\t<div class=\"elementor-element elementor-element-bcab98d elementor-widget elementor-widget-heading\" data-id=\"bcab98d\" data-element_type=\"widget\" data-e-type=\"widget\" data-widget_type=\"heading.default\">\n\t\t\t\t\t<h2 class=\"elementor-heading-title elementor-size-default\">La Barra Chapina vive cada momento de Guatemala en la Copa Oro 2025, apoyando y siguiendo a la selecci\u00f3n. \n<\/h2>\t\t\t\t<\/div>\n\t\t\t\t\t<\/div>\n\t\t\t\t<\/div>\n\t\t<div data-particle_enable=\"false\" data-particle-mobile-disabled=\"false\" class=\"elementor-element elementor-element-ffe3c01 e-flex e-con-boxed e-con e-parent\" data-id=\"ffe3c01\" data-element_type=\"container\" data-e-type=\"container\">\n\t\t\t\t\t<div class=\"e-con-inner\">\n\t\t\t\t<div class=\"elementor-element elementor-element-ee2742c elementor-widget elementor-widget-text-editor\" data-id=\"ee2742c\" data-element_type=\"widget\" data-e-type=\"widget\" data-widget_type=\"text-editor.default\">\n\t\t\t\t\t\t\t\t\t<p><a href=\"https:\/\/soymigrante.com\/revista\/migrantes-guatemaltecos-festejan-avance-de-seleccion-en-copa-oro\/\" target=\"_blank\" rel=\"noopener\">El rugido de los tambores, los c\u00e1nticos que no se detienen y las l\u00e1grimas en los ojos de miles de guatemaltecos<\/a> marcaron los partidos de la selecci\u00f3n nacional en la Copa Oro 2025.<\/p><p>En medio de esa euforia, la voz de Mayron Osorio, miembro de la reconocida Barra Chapina en Estados Unidos, da testimonio de lo que significa alentar con el coraz\u00f3n: \u201cMi coraz\u00f3n late cada vez que entro a los estadios con incertidumbre, pero con la fe puesta en ganar. No paramos de gritar desde las gradas para alentar a los jugadores\u201d.<\/p>\t\t\t\t\t\t\t\t<\/div>\n\t\t\t\t\t<\/div>\n\t\t\t\t<\/div>\n\t\t<div data-particle_enable=\"false\" data-particle-mobile-disabled=\"false\" class=\"elementor-element elementor-element-f8450c0 e-flex e-con-boxed e-con e-parent\" data-id=\"f8450c0\" data-element_type=\"container\" data-e-type=\"container\">\n\t\t\t\t\t<div class=\"e-con-inner\">\n\t\t\t\t<div class=\"elementor-element elementor-element-3021466 elementor-invisible elementor-widget elementor-widget-facebook-embed\" data-id=\"3021466\" data-element_type=\"widget\" data-e-type=\"widget\" data-settings=\"{&quot;_animation&quot;:&quot;zoomInDown&quot;}\" data-widget_type=\"facebook-embed.default\">\n\t\t\t\t\t<div style=\"min-height: 1px\" class=\"elementor-facebook-widget fb-post\" data-href=\"https:\/\/www.facebook.com\/photo\/?fbid=3984541361784336&#038;set=pcb.3984545255117280\" data-show-text=\"false\"><\/div>\t\t\t\t<\/div>\n\t\t\t\t\t<\/div>\n\t\t\t\t<\/div>\n\t\t<div data-particle_enable=\"false\" data-particle-mobile-disabled=\"false\" class=\"elementor-element elementor-element-e13d4d2 e-flex e-con-boxed e-con e-parent\" data-id=\"e13d4d2\" data-element_type=\"container\" data-e-type=\"container\">\n\t\t\t\t\t<div class=\"e-con-inner\">\n\t\t\t\t<div class=\"elementor-element elementor-element-43b0787 elementor-widget elementor-widget-text-editor\" data-id=\"43b0787\" data-element_type=\"widget\" data-e-type=\"widget\" data-widget_type=\"text-editor.default\">\n\t\t\t\t\t\t\t\t\t<p><a href=\"https:\/\/soymigrante.com\/revista\/migrantes-guatemaltecos-festejan-avance-de-seleccion-en-copa-oro\/\" target=\"_blank\" rel=\"noopener\">Guatemala clasific\u00f3 con honor a los cuartos de final tras un triunfo ajustado 2-1 ante Guadalupe el pasado mi\u00e9rcoles.<\/a> Los goles del partido fueron obra de \u00d3scar Santis y Carlos Mej\u00eda, quien desat\u00f3 la locura con su anotaci\u00f3n al minuto 76.<\/p><p>\u201cVer la alegr\u00eda de nuestra gente antes del partido me pone feliz, me llena de orgullo\u201d, cuenta Mayron, quien vivi\u00f3 el gol de Mej\u00eda con una mezcla de nostalgia y emoci\u00f3n: \u201cRecuerdo aquel gol de Mej\u00eda en 2023 contra Guadalupe, yo estaba detr\u00e1s de la porter\u00eda. Todos llor\u00e1bamos de la emoci\u00f3n. Es un sentimiento que no se puede explicar\u201d.<\/p>\t\t\t\t\t\t\t\t<\/div>\n\t\t\t\t\t<\/div>\n\t\t\t\t<\/div>\n\t\t<div data-particle_enable=\"false\" data-particle-mobile-disabled=\"false\" class=\"elementor-element elementor-element-8774bf1 e-flex e-con-boxed e-con e-parent\" data-id=\"8774bf1\" data-element_type=\"container\" data-e-type=\"container\">\n\t\t\t\t\t<div class=\"e-con-inner\">\n\t\t\t\t<div class=\"elementor-element elementor-element-55c92aa elementor-invisible elementor-widget elementor-widget-facebook-embed\" data-id=\"55c92aa\" data-element_type=\"widget\" data-e-type=\"widget\" data-settings=\"{&quot;_animation&quot;:&quot;zoomInDown&quot;}\" data-widget_type=\"facebook-embed.default\">\n\t\t\t\t\t<div style=\"min-height: 1px\" class=\"elementor-facebook-widget fb-post\" data-href=\"https:\/\/www.facebook.com\/photo?fbid=724248930358416&#038;set=pcb.724249867024989\" data-show-text=\"false\"><\/div>\t\t\t\t<\/div>\n\t\t\t\t\t<\/div>\n\t\t\t\t<\/div>\n\t\t<div data-particle_enable=\"false\" data-particle-mobile-disabled=\"false\" class=\"elementor-element elementor-element-2676fd5 e-flex e-con-boxed e-con e-parent\" data-id=\"2676fd5\" data-element_type=\"container\" data-e-type=\"container\">\n\t\t\t\t\t<div class=\"e-con-inner\">\n\t\t\t\t<div class=\"elementor-element elementor-element-ef1e509 elementor-widget elementor-widget-heading\" data-id=\"ef1e509\" data-element_type=\"widget\" data-e-type=\"widget\" data-widget_type=\"heading.default\">\n\t\t\t\t\t<h3 class=\"elementor-heading-title elementor-size-default\">Contra Canad\u00e1: esperanza y determinaci\u00f3n<\/h3>\t\t\t\t<\/div>\n\t\t\t\t\t<\/div>\n\t\t\t\t<\/div>\n\t\t<div data-particle_enable=\"false\" data-particle-mobile-disabled=\"false\" class=\"elementor-element elementor-element-b8ce676 e-flex e-con-boxed e-con e-parent\" data-id=\"b8ce676\" data-element_type=\"container\" data-e-type=\"container\">\n\t\t\t\t\t<div class=\"e-con-inner\">\n\t\t\t\t<div class=\"elementor-element elementor-element-8e6edba elementor-widget elementor-widget-text-editor\" data-id=\"8e6edba\" data-element_type=\"widget\" data-e-type=\"widget\" data-widget_type=\"text-editor.default\">\n\t\t\t\t\t\t\t\t\t<p><a href=\"https:\/\/soymigrante.com\/revista\/migrantes-guatemaltecos-festejan-avance-de-seleccion-en-copa-oro\/\" target=\"_blank\" rel=\"noopener\">Antes del triunfo ante Guadalupe, Guatemala ahora se prepara para el duelo contra Canad\u00e1 en un partido que se cree que estar\u00e1 re\u00f1ido.<\/a> \u201cLos gritos de la gente, los repiques en nuestra porra\u2026 gritan como si estuvi\u00e9ramos en una final\u201d.<\/p><p>Guatemala termin\u00f3 la fase de grupos con 7 puntos, posicion\u00e1ndose como una de las selecciones revelaci\u00f3n del torneo. La mezcla de garra, organizaci\u00f3n y entrega encendi\u00f3 la ilusi\u00f3n de miles de aficionados tanto dentro como fuera del pa\u00eds.<\/p>\t\t\t\t\t\t\t\t<\/div>\n\t\t\t\t\t<\/div>\n\t\t\t\t<\/div>\n\t\t<div data-particle_enable=\"false\" data-particle-mobile-disabled=\"false\" class=\"elementor-element elementor-element-5a783ca e-flex e-con-boxed e-con e-parent\" data-id=\"5a783ca\" data-element_type=\"container\" data-e-type=\"container\">\n\t\t\t\t\t<div class=\"e-con-inner\">\n\t\t\t\t<div class=\"elementor-element elementor-element-f37ad71 elementor-invisible elementor-widget elementor-widget-facebook-embed\" data-id=\"f37ad71\" data-element_type=\"widget\" data-e-type=\"widget\" data-settings=\"{&quot;_animation&quot;:&quot;zoomInDown&quot;}\" data-widget_type=\"facebook-embed.default\">\n\t\t\t\t\t<div style=\"min-height: 1px\" class=\"elementor-facebook-widget fb-post\" data-href=\"https:\/\/www.facebook.com\/photo\/?fbid=718598877694081&#038;set=pb.100086319252950.-2207520000\" data-show-text=\"false\"><\/div>\t\t\t\t<\/div>\n\t\t\t\t\t<\/div>\n\t\t\t\t<\/div>\n\t\t<div data-particle_enable=\"false\" data-particle-mobile-disabled=\"false\" class=\"elementor-element elementor-element-1c7a273 e-flex e-con-boxed e-con e-parent\" data-id=\"1c7a273\" data-element_type=\"container\" data-e-type=\"container\">\n\t\t\t\t\t<div class=\"e-con-inner\">\n\t\t\t\t<div class=\"elementor-element elementor-element-fbbe316 elementor-widget elementor-widget-heading\" data-id=\"fbbe316\" data-element_type=\"widget\" data-e-type=\"widget\" data-widget_type=\"heading.default\">\n\t\t\t\t\t<h3 class=\"elementor-heading-title elementor-size-default\">Una fiesta que no termina<\/h3>\t\t\t\t<\/div>\n\t\t\t\t\t<\/div>\n\t\t\t\t<\/div>\n\t\t<div data-particle_enable=\"false\" data-particle-mobile-disabled=\"false\" class=\"elementor-element elementor-element-469a15f e-flex e-con-boxed e-con e-parent\" data-id=\"469a15f\" data-element_type=\"container\" data-e-type=\"container\">\n\t\t\t\t\t<div class=\"e-con-inner\">\n\t\t\t\t<div class=\"elementor-element elementor-element-ec05a26 elementor-widget elementor-widget-text-editor\" data-id=\"ec05a26\" data-element_type=\"widget\" data-e-type=\"widget\" data-widget_type=\"text-editor.default\">\n\t\t\t\t\t\t\t\t\t<p>Pero el juego no termina con el pitazo final. Seg\u00fan Mayron, \u201ccuando el juego termina la fiesta se traslada a los pasillos del estadio, que se vuelven una locura. Todos gritando y cantando. Hasta los aficionados rivales corean nuestras canciones, lo hemos visto con hinchas de Argentina, Jamaica, Panam\u00e1, Colombia y Guadalupe\u201d.<\/p><p><a href=\"https:\/\/soymigrante.com\/revista\/migrantes-guatemaltecos-festejan-avance-de-seleccion-en-copa-oro\/\" target=\"_blank\" rel=\"noopener\">La Barra Chapina no solo representa apoyo incondicional, sino identidad.<\/a> En cada bandera ondeada, en cada canci\u00f3n entonada, se escucha un mensaje claro: Guatemala no est\u00e1 sola. \u201cNos sentimos orgullosos de nuestras ra\u00edces, y lo demostramos. La selecci\u00f3n nunca estar\u00e1 sola mientras haya un chap\u00edn que la ame en las buenas y en las malas\u201d.<\/p>\t\t\t\t\t\t\t\t<\/div>\n\t\t\t\t\t<\/div>\n\t\t\t\t<\/div>\n\t\t<div data-particle_enable=\"false\" data-particle-mobile-disabled=\"false\" class=\"elementor-element elementor-element-53ba346 e-flex e-con-boxed e-con e-parent\" data-id=\"53ba346\" data-element_type=\"container\" data-e-type=\"container\">\n\t\t\t\t\t<div class=\"e-con-inner\">\n\t\t\t\t<div class=\"elementor-element elementor-element-2e9f31a elementor-invisible elementor-widget elementor-widget-facebook-embed\" data-id=\"2e9f31a\" data-element_type=\"widget\" data-e-type=\"widget\" data-settings=\"{&quot;_animation&quot;:&quot;zoomInDown&quot;}\" data-widget_type=\"facebook-embed.default\">\n\t\t\t\t\t<div style=\"min-height: 1px\" class=\"elementor-facebook-widget fb-video\" data-href=\"https:\/\/www.facebook.com\/LaBarraDeGuate\/videos\/1247965063731583\" data-show-text=\"false\" data-allowfullscreen=\"false\" data-autoplay=\"false\" data-show-captions=\"false\"><\/div>\t\t\t\t<\/div>\n\t\t\t\t\t<\/div>\n\t\t\t\t<\/div>\n\t\t<div data-particle_enable=\"false\" data-particle-mobile-disabled=\"false\" class=\"elementor-element elementor-element-94e3a82 e-flex e-con-boxed e-con e-parent\" data-id=\"94e3a82\" data-element_type=\"container\" data-e-type=\"container\">\n\t\t\t\t\t<div class=\"e-con-inner\">\n\t\t\t\t<div class=\"elementor-element elementor-element-7ee0941 elementor-widget elementor-widget-heading\" data-id=\"7ee0941\" data-element_type=\"widget\" data-e-type=\"widget\" data-widget_type=\"heading.default\">\n\t\t\t\t\t<h3 class=\"elementor-heading-title elementor-size-default\">Pr\u00f3ximo reto: Canad\u00e1 en cuartos de final<\/h3>\t\t\t\t<\/div>\n\t\t\t\t\t<\/div>\n\t\t\t\t<\/div>\n\t\t<div data-particle_enable=\"false\" data-particle-mobile-disabled=\"false\" class=\"elementor-element elementor-element-6e5a8ee e-flex e-con-boxed e-con e-parent\" data-id=\"6e5a8ee\" data-element_type=\"container\" data-e-type=\"container\">\n\t\t\t\t\t<div class=\"e-con-inner\">\n\t\t\t\t<div class=\"elementor-element elementor-element-263be99 elementor-widget elementor-widget-text-editor\" data-id=\"263be99\" data-element_type=\"widget\" data-e-type=\"widget\" data-widget_type=\"text-editor.default\">\n\t\t\t\t\t\t\t\t\t<p>Guatemala enfrentar\u00e1 nuevamente a Canad\u00e1 en los cuartos de final este domingo 29 de junio, en el AT&amp;T Stadium de Arlington, Texas, a las 6:00 p.m. (hora guatemalteca). <a href=\"https:\/\/soymigrante.com\/revista\/migrantes-guatemaltecos-festejan-avance-de-seleccion-en-copa-oro\/\" target=\"_blank\" rel=\"noopener\">Ser\u00e1 un duelo decisivo y con sabor a revancha. La expectativa de los aficionados es alta.<\/a><\/p><p>\u201cGuatemala tiene todo para ganarle a Canad\u00e1. Los muchachos han demostrado que s\u00ed se puede\u201d, dice convencido Mayron. \u201cY como siempre, ah\u00ed estar\u00e9 para apoyarles. As\u00ed somos los chapines, no nos bajamos del barco aunque las cosas se pongan dif\u00edciles. Amamos a nuestra patria\u201d.<\/p>\t\t\t\t\t\t\t\t<\/div>\n\t\t\t\t\t<\/div>\n\t\t\t\t<\/div>\n\t\t<div data-particle_enable=\"false\" data-particle-mobile-disabled=\"false\" class=\"elementor-element elementor-element-db522da e-flex e-con-boxed e-con e-parent\" data-id=\"db522da\" data-element_type=\"container\" data-e-type=\"container\">\n\t\t\t\t\t<div class=\"e-con-inner\">\n\t\t\t\t<div class=\"elementor-element elementor-element-00b5881 elementor-widget elementor-widget-heading\" data-id=\"00b5881\" data-element_type=\"widget\" data-e-type=\"widget\" data-widget_type=\"heading.default\">\n\t\t\t\t\t<h2 class=\"elementor-heading-title elementor-size-default\">Estos temas te pueden interesar...<\/h2>\t\t\t\t<\/div>\n\t\t\t\t\t<\/div>\n\t\t\t\t<\/div>\n\t\t<div data-particle_enable=\"false\" data-particle-mobile-disabled=\"false\" class=\"elementor-element elementor-element-3d4ea76 e-flex e-con-boxed e-con e-parent\" data-id=\"3d4ea76\" data-element_type=\"container\" data-e-type=\"container\">\n\t\t\t\t\t<div class=\"e-con-inner\">\n\t\t\t\t<div class=\"elementor-element elementor-element-30fb3f3 elementor-grid-eael-col-3 elementor-grid-tablet-eael-col-2 elementor-grid-mobile-eael-col-1 elementor-invisible elementor-widget elementor-widget-eael-post-grid\" data-id=\"30fb3f3\" data-element_type=\"widget\" data-e-type=\"widget\" data-settings=\"{&quot;eael_post_grid_columns&quot;:&quot;eael-col-3&quot;,&quot;_animation&quot;:&quot;rollIn&quot;,&quot;eael_post_grid_columns_tablet&quot;:&quot;eael-col-2&quot;,&quot;eael_post_grid_columns_mobile&quot;:&quot;eael-col-1&quot;}\" data-widget_type=\"eael-post-grid.default\">\n\t\t\t\t\t<div id=\"eael-post-grid-30fb3f3\" class=\"eael-post-grid-container\">\n            <div class=\"eael-post-grid eael-post-appender eael-post-appender-30fb3f3 eael-post-grid-style-one\" data-layout-mode=\"masonry\"><article class=\"eael-grid-post  eael-post-grid-column eael-pg-post-35806 category-estamos-unidos\" data-id=\"35806\">\n        <div class=\"eael-grid-post-holder\">\n            <div class=\"eael-grid-post-holder-inner\"><div class=\"eael-entry-media\"><div class=\"eael-entry-overlay fade-in\"><i class=\"far fa-hand-pointer\" aria-hidden=\"true\"><\/i><a href=\"https:\/\/soymigrante.com\/revista\/por-que-siempre-emocionan-los-partidos-de-la-seleccion-de-guatemala-en-eliminatorias-mundialistas\/\"><\/a><\/div><div class=\"eael-entry-thumbnail \">\n                <img fetchpriority=\"high\" decoding=\"async\" width=\"1024\" height=\"1024\" src=\"https:\/\/soymigrante.com\/revista\/wp-content\/uploads\/2025\/06\/572517679_825389990348302_7228509313391313617_n-1024x1024.jpg\" class=\"attachment-large size-large wp-image-48543\" alt=\"seleccion de guatemala\" srcset=\"https:\/\/soymigrante.com\/revista\/wp-content\/uploads\/2025\/06\/572517679_825389990348302_7228509313391313617_n-1024x1024.jpg 1024w, https:\/\/soymigrante.com\/revista\/wp-content\/uploads\/2025\/06\/572517679_825389990348302_7228509313391313617_n-300x300.jpg 300w, https:\/\/soymigrante.com\/revista\/wp-content\/uploads\/2025\/06\/572517679_825389990348302_7228509313391313617_n-150x150.jpg 150w, https:\/\/soymigrante.com\/revista\/wp-content\/uploads\/2025\/06\/572517679_825389990348302_7228509313391313617_n-768x768.jpg 768w, https:\/\/soymigrante.com\/revista\/wp-content\/uploads\/2025\/06\/572517679_825389990348302_7228509313391313617_n-75x75.jpg 75w, https:\/\/soymigrante.com\/revista\/wp-content\/uploads\/2025\/06\/572517679_825389990348302_7228509313391313617_n-750x750.jpg 750w, https:\/\/soymigrante.com\/revista\/wp-content\/uploads\/2025\/06\/572517679_825389990348302_7228509313391313617_n-1140x1140.jpg 1140w, https:\/\/soymigrante.com\/revista\/wp-content\/uploads\/2025\/06\/572517679_825389990348302_7228509313391313617_n.jpg 1173w\" sizes=\"(max-width: 1024px) 100vw, 1024px\" \/>\n            <\/div>\n        <\/div><div class=\"eael-entry-wrapper\"><header class=\"eael-entry-header\"><h2 class=\"eael-entry-title\"><a class=\"eael-grid-post-link\" href=\"https:\/\/soymigrante.com\/revista\/por-que-siempre-emocionan-los-partidos-de-la-seleccion-de-guatemala-en-eliminatorias-mundialistas\/\" title=\"\u00bfPor qu\u00e9 siempre emocionan tanto los partidos de la Selecci\u00f3n de Guatemala?\">\u00bfPor qu\u00e9 siempre emocionan tanto los partidos de la Selecci\u00f3n de Guatemala?<\/a><\/h2><\/header><div class=\"eael-entry-content\">\n                        <div class=\"eael-grid-post-excerpt\"><a href=\"https:\/\/soymigrante.com\/revista\/por-que-siempre-emocionan-los-partidos-de-la-seleccion-de-guatemala-en-eliminatorias-mundialistas\/\" class=\"eael-post-elements-readmore-btn\">CONOCE SU HISTORIA <\/a><\/div>\n                    <\/div><\/div><\/div>\n        <\/div>\n    <\/article><article class=\"eael-grid-post  eael-post-grid-column eael-pg-post-7024 category-guate-nuestra\" data-id=\"7024\">\n        <div class=\"eael-grid-post-holder\">\n            <div class=\"eael-grid-post-holder-inner\"><div class=\"eael-entry-media\"><div class=\"eael-entry-overlay fade-in\"><i class=\"far fa-hand-pointer\" aria-hidden=\"true\"><\/i><a href=\"https:\/\/soymigrante.com\/revista\/alegria-emocion-y-apoyo-de-guatemaltecos-por-la-seleccion\/\"><\/a><\/div><div class=\"eael-entry-thumbnail \">\n                <img decoding=\"async\" width=\"675\" height=\"648\" src=\"https:\/\/soymigrante.com\/revista\/wp-content\/uploads\/2024\/06\/WhatsApp-Image-2024-06-14-at-54910-PM-1.webp\" class=\"attachment-large size-large wp-image-7025\" alt=\"Bandera de Guatemala en estadio de f\u00fatbol durante partido internacional, afici\u00f3n apoyando, ambiente deportivo y cultural, celebraci\u00f3n del f\u00fatbol en Guatemala, pasi\u00f3n por la selecci\u00f3n nacional.\" srcset=\"https:\/\/soymigrante.com\/revista\/wp-content\/uploads\/2024\/06\/WhatsApp-Image-2024-06-14-at-54910-PM-1.webp 675w, https:\/\/soymigrante.com\/revista\/wp-content\/uploads\/2024\/06\/WhatsApp-Image-2024-06-14-at-54910-PM-1-300x288.webp 300w\" sizes=\"(max-width: 675px) 100vw, 675px\" \/>\n            <\/div>\n        <\/div><div class=\"eael-entry-wrapper\"><header class=\"eael-entry-header\"><h2 class=\"eael-entry-title\"><a class=\"eael-grid-post-link\" href=\"https:\/\/soymigrante.com\/revista\/alegria-emocion-y-apoyo-de-guatemaltecos-por-la-seleccion\/\" title=\"Alegr\u00eda, emoci\u00f3n y apoyo de guatemaltecos por la Selecci\u00f3n\">Alegr\u00eda, emoci\u00f3n y apoyo de guatemaltecos por la Selecci\u00f3n<\/a><\/h2><\/header><div class=\"eael-entry-content\">\n                        <div class=\"eael-grid-post-excerpt\"><a href=\"https:\/\/soymigrante.com\/revista\/alegria-emocion-y-apoyo-de-guatemaltecos-por-la-seleccion\/\" class=\"eael-post-elements-readmore-btn\">CONOCE SU HISTORIA <\/a><\/div>\n                    <\/div><\/div><\/div>\n        <\/div>\n    <\/article><article class=\"eael-grid-post  eael-post-grid-column eael-pg-post-1780 category-exitos tags-texas\" data-id=\"1780\">\n        <div class=\"eael-grid-post-holder\">\n            <div class=\"eael-grid-post-holder-inner\"><div class=\"eael-entry-media\"><div class=\"eael-entry-overlay fade-in\"><i class=\"far fa-hand-pointer\" aria-hidden=\"true\"><\/i><a href=\"https:\/\/soymigrante.com\/revista\/antonio-marcos-migrante-guatemalteco-atrajo-atencion-al-apoyar-a-la-seleccion-nacional\/\"><\/a><\/div><div class=\"eael-entry-thumbnail \">\n                <img decoding=\"async\" width=\"1024\" height=\"706\" src=\"https:\/\/soymigrante.com\/revista\/wp-content\/uploads\/2023\/07\/una-mas-1024x706.webp\" class=\"attachment-large size-large wp-image-1782\" alt=\"\" srcset=\"https:\/\/soymigrante.com\/revista\/wp-content\/uploads\/2023\/07\/una-mas-1024x706.webp 1024w, https:\/\/soymigrante.com\/revista\/wp-content\/uploads\/2023\/07\/una-mas-300x207.webp 300w, https:\/\/soymigrante.com\/revista\/wp-content\/uploads\/2023\/07\/una-mas-768x530.webp 768w, https:\/\/soymigrante.com\/revista\/wp-content\/uploads\/2023\/07\/una-mas-1536x1059.webp 1536w, https:\/\/soymigrante.com\/revista\/wp-content\/uploads\/2023\/07\/una-mas-750x517.webp 750w, https:\/\/soymigrante.com\/revista\/wp-content\/uploads\/2023\/07\/una-mas-1140x786.webp 1140w, https:\/\/soymigrante.com\/revista\/wp-content\/uploads\/2023\/07\/una-mas.webp 1920w\" sizes=\"(max-width: 1024px) 100vw, 1024px\" \/>\n            <\/div>\n        <\/div><div class=\"eael-entry-wrapper\"><header class=\"eael-entry-header\"><h2 class=\"eael-entry-title\"><a class=\"eael-grid-post-link\" href=\"https:\/\/soymigrante.com\/revista\/antonio-marcos-migrante-guatemalteco-atrajo-atencion-al-apoyar-a-la-seleccion-nacional\/\" title=\"Migrante Antonio Marcos atrajo la atenci\u00f3n en juego clave de la Selecci\u00f3n en Copa Oro: esta es su historia\">Migrante Antonio Marcos atrajo la atenci\u00f3n en juego clave de la Selecci\u00f3n en Copa Oro: esta es su historia<\/a><\/h2><\/header><div class=\"eael-entry-content\">\n                        <div class=\"eael-grid-post-excerpt\"><a href=\"https:\/\/soymigrante.com\/revista\/antonio-marcos-migrante-guatemalteco-atrajo-atencion-al-apoyar-a-la-seleccion-nacional\/\" class=\"eael-post-elements-readmore-btn\">CONOCE SU HISTORIA <\/a><\/div>\n                    <\/div><\/div><\/div>\n        <\/div>\n    <\/article><\/div>\n            <div class=\"clearfix\"><\/div>\n        <\/div>\t\t\t\t<\/div>\n\t\t\t\t\t<\/div>\n\t\t\t\t<\/div>\n\t\t\t\t<\/div>\n\t\t","protected":false},"excerpt":{"rendered":"<p>La Barra Chapina vive cada momento de Guatemala en la Copa Oro 2025, apoyando y siguiendo a la selecci\u00f3n. El rugido de los tambores, los c\u00e1nticos que no se detienen y las l\u00e1grimas en los ojos de miles de guatemaltecos marcaron los partidos de la selecci\u00f3n nacional en la Copa Oro 2025. En medio de [&hellip;]<\/p>\n","protected":false},"author":19,"featured_media":37987,"comment_status":"open","ping_status":"open","sticky":false,"template":"","format":"standard","meta":{"_acf_changed":false,"_eb_attr":"","footnotes":""},"categories":[54],"tags":[],"class_list":["post-37986","post","type-post","status-publish","format-standard","has-post-thumbnail","hentry","category-estamos-unidos"],"acf":[],"aioseo_notices":[],"aioseo_head":"\n\t\t<!-- All in One SEO Pro 4.9.6.2 - aioseo.com -->\n\t<meta name=\"description\" content=\"Entre miles de guatemaltecos reunidos en el juego que Guatemala gan\u00f3 3-2 a Guadalupe en New Jersey, hubo un rostro que atrajo c\u00e1maras por su alegr\u00eda. Esta es su historia, incluyendo el pesar que vivi\u00f3 despu\u00e9s. Se llama Federico Antonio Marcos. Naci\u00f3 en Colomba, Costa Cuca, Quetzaltenango, en febrero de 1978. Lleg\u00f3 como migrante a\" \/>\n\t<meta name=\"robots\" content=\"max-snippet:-1, max-image-preview:large, max-video-preview:-1\" \/>\n\t<meta name=\"author\" content=\"Gustavo Montenegro\"\/>\n\t<link rel=\"canonical\" href=\"https:\/\/soymigrante.com\/revista\/antonio-marcos-migrante-guatemalteco-atrajo-atencion-al-apoyar-a-la-seleccion-nacional\/\" \/>\n\t<meta name=\"generator\" content=\"All in One SEO Pro (AIOSEO) 4.9.6.2\" \/>\n\n\t\t<link rel=\"preconnect\" href=\"https:\/\/fonts.googleapis.com\" crossorigin>\n<link rel=\"preconnect\" href=\"https:\/\/fonts.gstatic.com\" crossorigin>\n\t\t<meta property=\"og:locale\" content=\"es_ES\" \/>\n\t\t<meta property=\"og:site_name\" content=\"SoyMigrante.com REVISTA \u2013 Nuestra misi\u00f3n es reconocer y dignificar al migrante.\" \/>\n\t\t<meta property=\"og:type\" content=\"article\" \/>\n\t\t<meta property=\"og:title\" content=\"Migrante Antonio Marcos atrajo la atenci\u00f3n en juego clave de la Selecci\u00f3n en Copa Oro: esta es su historia\" \/>\n\t\t<meta property=\"og:description\" content=\"Entre miles de guatemaltecos reunidos en el juego que Guatemala gan\u00f3 3-2 a Guadalupe en New Jersey, hubo un rostro que atrajo c\u00e1maras por su alegr\u00eda. Esta es su historia, incluyendo el pesar que vivi\u00f3 despu\u00e9s. Se llama Federico Antonio Marcos. Naci\u00f3 en Colomba, Costa Cuca, Quetzaltenango, en febrero de 1978. Lleg\u00f3 como migrante a\" \/>\n\t\t<meta property=\"og:url\" content=\"https:\/\/soymigrante.com\/revista\/antonio-marcos-migrante-guatemalteco-atrajo-atencion-al-apoyar-a-la-seleccion-nacional\/\" \/>\n\t\t<meta property=\"og:image\" content=\"https:\/\/soymigrante.com\/revista\/wp-content\/uploads\/2023\/07\/una-mas.webp\" \/>\n\t\t<meta property=\"og:image:secure_url\" content=\"https:\/\/soymigrante.com\/revista\/wp-content\/uploads\/2023\/07\/una-mas.webp\" \/>\n\t\t<meta property=\"og:image:width\" content=\"1920\" \/>\n\t\t<meta property=\"og:image:height\" content=\"1324\" \/>\n\t\t<meta property=\"article:published_time\" content=\"2023-07-09T20:29:27+00:00\" \/>\n\t\t<meta property=\"article:modified_time\" content=\"2026-03-11T22:46:30+00:00\" \/>\n\t\t<meta property=\"article:publisher\" content=\"https:\/\/www.facebook.com\/soymigrantecom\" \/>\n\t\t<meta name=\"twitter:card\" content=\"summary_large_image\" \/>\n\t\t<meta name=\"twitter:site\" content=\"@SoyMigrante_com\" \/>\n\t\t<meta name=\"twitter:title\" content=\"Migrante Antonio Marcos atrajo la atenci\u00f3n en juego clave de la Selecci\u00f3n en Copa Oro: esta es su historia\" \/>\n\t\t<meta name=\"twitter:description\" content=\"Entre miles de guatemaltecos reunidos en el juego que Guatemala gan\u00f3 3-2 a Guadalupe en New Jersey, hubo un rostro que atrajo c\u00e1maras por su alegr\u00eda. Esta es su historia, incluyendo el pesar que vivi\u00f3 despu\u00e9s. Se llama Federico Antonio Marcos. Naci\u00f3 en Colomba, Costa Cuca, Quetzaltenango, en febrero de 1978. Lleg\u00f3 como migrante a\" \/>\n\t\t<meta name=\"twitter:creator\" content=\"@SoyMigrante_com\" \/>\n\t\t<meta name=\"twitter:image\" content=\"https:\/\/soymigrante.com\/revista\/wp-content\/uploads\/2023\/07\/una-mas.webp\" \/>\n\t\t<!-- All in One SEO Pro -->\r\n\t\t<title>Migrante Antonio Marcos atrajo la atenci\u00f3n en juego clave de la Selecci\u00f3n en Copa Oro: esta es su historia<\/title>\n\n","aioseo_head_json":{"title":"Migrante Antonio Marcos atrajo la atenci\u00f3n en juego clave de la Selecci\u00f3n en Copa Oro: esta es su historia","description":"Entre miles de guatemaltecos reunidos en el juego que Guatemala gan\u00f3 3-2 a Guadalupe en New Jersey, hubo un rostro que atrajo c\u00e1maras por su alegr\u00eda. Esta es su historia, incluyendo el pesar que vivi\u00f3 despu\u00e9s. Se llama Federico Antonio Marcos. Naci\u00f3 en Colomba, Costa Cuca, Quetzaltenango, en febrero de 1978. Lleg\u00f3 como migrante a","canonical_url":"https:\/\/soymigrante.com\/revista\/antonio-marcos-migrante-guatemalteco-atrajo-atencion-al-apoyar-a-la-seleccion-nacional\/","robots":"max-snippet:-1, max-image-preview:large, max-video-preview:-1","keywords":"","webmasterTools":{"miscellaneous":"&lt;link rel=\"preconnect\" href=\"https:\/\/fonts.googleapis.com\" crossorigin&gt;\n&lt;link rel=\"preconnect\" href=\"https:\/\/fonts.gstatic.com\" crossorigin&gt;"},"schema":null,"og:locale":"es_ES","og:site_name":"SoyMigrante.com REVISTA \u2013 Nuestra misi\u00f3n es reconocer y dignificar al migrante.","og:type":"article","og:title":"Migrante Antonio Marcos atrajo la atenci\u00f3n en juego clave de la Selecci\u00f3n en Copa Oro: esta es su historia","og:description":"Entre miles de guatemaltecos reunidos en el juego que Guatemala gan\u00f3 3-2 a Guadalupe en New Jersey, hubo un rostro que atrajo c\u00e1maras por su alegr\u00eda. Esta es su historia, incluyendo el pesar que vivi\u00f3 despu\u00e9s. Se llama Federico Antonio Marcos. Naci\u00f3 en Colomba, Costa Cuca, Quetzaltenango, en febrero de 1978. Lleg\u00f3 como migrante a","og:url":"https:\/\/soymigrante.com\/revista\/antonio-marcos-migrante-guatemalteco-atrajo-atencion-al-apoyar-a-la-seleccion-nacional\/","og:image":"https:\/\/soymigrante.com\/revista\/wp-content\/uploads\/2023\/07\/una-mas.webp","og:image:secure_url":"https:\/\/soymigrante.com\/revista\/wp-content\/uploads\/2023\/07\/una-mas.webp","og:image:width":1920,"og:image:height":1324,"article:published_time":"2023-07-09T20:29:27+00:00","article:modified_time":"2026-03-11T22:46:30+00:00","article:publisher":"https:\/\/www.facebook.com\/soymigrantecom","twitter:card":"summary_large_image","twitter:site":"@SoyMigrante_com","twitter:title":"Migrante Antonio Marcos atrajo la atenci\u00f3n en juego clave de la Selecci\u00f3n en Copa Oro: esta es su historia","twitter:description":"Entre miles de guatemaltecos reunidos en el juego que Guatemala gan\u00f3 3-2 a Guadalupe en New Jersey, hubo un rostro que atrajo c\u00e1maras por su alegr\u00eda. Esta es su historia, incluyendo el pesar que vivi\u00f3 despu\u00e9s. Se llama Federico Antonio Marcos. Naci\u00f3 en Colomba, Costa Cuca, Quetzaltenango, en febrero de 1978. Lleg\u00f3 como migrante a","twitter:creator":"@SoyMigrante_com","twitter:image":"https:\/\/soymigrante.com\/revista\/wp-content\/uploads\/2023\/07\/una-mas.webp"},"aioseo_meta_data":{"post_id":"37986","title":null,"description":"La Barra Chapina vive cada momento de Guatemala en la Copa Oro 2025, apoyando y siguiendo a la selecci\u00f3n.","keywords":null,"keyphrases":{"focus":{"keyphrase":"Guatemala","score":82,"analysis":{"keyphraseInTitle":{"score":9,"maxScore":9,"error":0},"keyphraseInDescription":{"score":9,"maxScore":9,"error":0},"keyphraseLength":{"score":9,"maxScore":9,"error":0,"length":1},"keyphraseInURL":{"score":5,"maxScore":5,"error":0},"keyphraseInIntroduction":{"score":3,"maxScore":9,"error":1},"keyphraseInSubHeadings":{"score":3,"maxScore":9,"error":1},"keyphraseInImageAlt":{"score":9,"maxScore":9,"error":0},"keywordDensity":{"type":"best","score":9,"maxScore":9,"error":0}}},"additional":[{"keyphrase":"copa oro","score":87,"analysis":{"keyphraseInDescription":{"score":9,"maxScore":9,"error":0},"keyphraseLength":{"score":9,"maxScore":9,"error":0,"length":2},"keyphraseInIntroduction":{"score":9,"maxScore":9,"error":0},"keyphraseInImageAlt":{"score":3,"maxScore":9,"error":1},"keywordDensity":{"type":"best","score":9,"maxScore":9,"error":0}}}]},"primary_term":null,"canonical_url":null,"og_title":null,"og_description":null,"og_object_type":"default","og_image_type":"default","og_image_url":null,"og_image_width":null,"og_image_height":null,"og_image_custom_url":null,"og_image_custom_fields":null,"og_video":"","og_custom_url":null,"og_article_section":null,"og_article_tags":null,"twitter_use_og":false,"twitter_card":"default","twitter_image_type":"default","twitter_image_url":null,"twitter_image_custom_url":null,"twitter_image_custom_fields":null,"twitter_title":null,"twitter_description":null,"schema":{"blockGraphs":[],"customGraphs":[],"default":{"data":{"Article":[],"Course":[],"Dataset":[],"FAQPage":[],"Movie":[],"Person":[],"Product":[],"ProductReview":[],"Car":[],"Recipe":[],"Service":[],"SoftwareApplication":[],"WebPage":[]},"graphName":"none","isEnabled":true},"graphs":[]},"schema_type":"default","schema_type_options":null,"pillar_content":false,"robots_default":true,"robots_noindex":false,"robots_noarchive":false,"robots_nosnippet":false,"robots_nofollow":false,"robots_noimageindex":false,"robots_noodp":false,"robots_notranslate":false,"robots_max_snippet":"-1","robots_max_videopreview":"-1","robots_max_imagepreview":"large","priority":null,"frequency":"default","local_seo":null,"seo_analyzer_scan_date":"2025-10-09 06:17:24","breadcrumb_settings":null,"limit_modified_date":false,"reviewed_by":"0","open_ai":null,"ai":{"faqs":[],"keyPoints":[],"titles":[],"descriptions":[],"socialPosts":{"email":[],"linkedin":[],"twitter":[],"facebook":[],"instagram":[]}},"created":"2025-06-27 18:03:58","updated":"2026-02-05 01:23:34"},"aioseo_breadcrumb":"<div class=\"aioseo-breadcrumbs\"><span class=\"aioseo-breadcrumb\">\n\t<a href=\"https:\/\/soymigrante.com\/revista\" title=\"Home\">Home<\/a>\n<\/span><span class=\"aioseo-breadcrumb-separator\">\u00bb<\/span><span class=\"aioseo-breadcrumb\">\n\t<a href=\"https:\/\/soymigrante.com\/revista\/category\/estamos-unidos\/\" title=\"Estamos Unidos\">Estamos Unidos<\/a>\n<\/span><span class=\"aioseo-breadcrumb-separator\">\u00bb<\/span><span class=\"aioseo-breadcrumb\">\n\tBarra Chapina migrante vive camino de Guatemala en la Copa Oro\n<\/span><\/div>","aioseo_breadcrumb_json":[{"label":"Home","link":"https:\/\/soymigrante.com\/revista"},{"label":"Estamos Unidos","link":"https:\/\/soymigrante.com\/revista\/category\/estamos-unidos\/"},{"label":"Barra Chapina migrante vive camino de Guatemala en la Copa Oro","link":"https:\/\/soymigrante.com\/revista\/barra-chapina-migrante-vive-camino-de-guatemala-en-la-copa-oro\/"}],"_links":{"self":[{"href":"https:\/\/soymigrante.com\/revista\/wp-json\/wp\/v2\/posts\/37986","targetHints":{"allow":["GET"]}}],"collection":[{"href":"https:\/\/soymigrante.com\/revista\/wp-json\/wp\/v2\/posts"}],"about":[{"href":"https:\/\/soymigrante.com\/revista\/wp-json\/wp\/v2\/types\/post"}],"author":[{"embeddable":true,"href":"https:\/\/soymigrante.com\/revista\/wp-json\/wp\/v2\/users\/19"}],"replies":[{"embeddable":true,"href":"https:\/\/soymigrante.com\/revista\/wp-json\/wp\/v2\/comments?post=37986"}],"version-history":[{"count":14,"href":"https:\/\/soymigrante.com\/revista\/wp-json\/wp\/v2\/posts\/37986\/revisions"}],"predecessor-version":[{"id":38082,"href":"https:\/\/soymigrante.com\/revista\/wp-json\/wp\/v2\/posts\/37986\/revisions\/38082"}],"wp:featuredmedia":[{"embeddable":true,"href":"https:\/\/soymigrante.com\/revista\/wp-json\/wp\/v2\/media\/37987"}],"wp:attachment":[{"href":"https:\/\/soymigrante.com\/revista\/wp-json\/wp\/v2\/media?parent=37986"}],"wp:term":[{"taxonomy":"category","embeddable":true,"href":"https:\/\/soymigrante.com\/revista\/wp-json\/wp\/v2\/categories?post=37986"},{"taxonomy":"post_tag","embeddable":true,"href":"https:\/\/soymigrante.com\/revista\/wp-json\/wp\/v2\/tags?post=37986"}],"curies":[{"name":"wp","href":"https:\/\/api.w.org\/{rel}","templated":true}]}}