{"id":3792,"date":"2023-12-11T17:30:03","date_gmt":"2023-12-11T23:30:03","guid":{"rendered":"https:\/\/soymigrante.com\/revista\/?p=3792"},"modified":"2024-07-29T03:56:11","modified_gmt":"2024-07-29T09:56:11","slug":"migrante-retornado-endulza-hogares-con-miel-y-polen","status":"publish","type":"post","link":"https:\/\/soymigrante.com\/revista\/migrante-retornado-endulza-hogares-con-miel-y-polen\/","title":{"rendered":"Migrante retornado endulza  hogares con miel y polen"},"content":{"rendered":"\t\t<div data-elementor-type=\"wp-post\" data-elementor-id=\"3792\" class=\"elementor elementor-3792\" data-elementor-post-type=\"post\">\n\t\t\t\t\t\t<section data-particle_enable=\"false\" data-particle-mobile-disabled=\"false\" class=\"elementor-section elementor-top-section elementor-element elementor-element-86d14ba elementor-section-boxed elementor-section-height-default elementor-section-height-default\" data-id=\"86d14ba\" data-element_type=\"section\" data-e-type=\"section\">\n\t\t\t\t\t\t<div class=\"elementor-container elementor-column-gap-default\">\n\t\t\t\t\t<div class=\"elementor-column elementor-col-100 elementor-top-column elementor-element elementor-element-47a60f2\" data-id=\"47a60f2\" data-element_type=\"column\" data-e-type=\"column\">\n\t\t\t<div class=\"elementor-widget-wrap elementor-element-populated\">\n\t\t\t\t\t\t<div class=\"elementor-element elementor-element-1bd3c42 elementor-widget elementor-widget-heading\" data-id=\"1bd3c42\" data-element_type=\"widget\" data-e-type=\"widget\" data-widget_type=\"heading.default\">\n\t\t\t\t\t<h1 class=\"elementor-heading-title elementor-size-default\">Ovidio Tom\u00e1s Tzul \u00c1lvarez es migrante guatemalteco retornado. La llegada de un enjambre le dio vida a la crianza de abejas para cosechar  miel y polen. Esta actividad  le permite   mantener a su hogar, aportar productividad y cuidar del medio ambiente.<\/h1>\t\t\t\t<\/div>\n\t\t\t\t\t<\/div>\n\t\t<\/div>\n\t\t\t\t\t<\/div>\n\t\t<\/section>\n\t\t\t\t<section data-particle_enable=\"false\" data-particle-mobile-disabled=\"false\" class=\"elementor-section elementor-top-section elementor-element elementor-element-5cc5f18 elementor-section-boxed elementor-section-height-default elementor-section-height-default\" data-id=\"5cc5f18\" data-element_type=\"section\" data-e-type=\"section\">\n\t\t\t\t\t\t<div class=\"elementor-container elementor-column-gap-default\">\n\t\t\t\t\t<div class=\"elementor-column elementor-col-100 elementor-top-column elementor-element elementor-element-bdfd62f\" data-id=\"bdfd62f\" data-element_type=\"column\" data-e-type=\"column\">\n\t\t\t<div class=\"elementor-widget-wrap elementor-element-populated\">\n\t\t\t\t\t\t<div class=\"elementor-element elementor-element-db7de14 elementor-widget elementor-widget-image\" data-id=\"db7de14\" data-element_type=\"widget\" data-e-type=\"widget\" data-widget_type=\"image.default\">\n\t\t\t\t\t\t\t\t\t\t\t\t<figure class=\"wp-caption\">\n\t\t\t\t\t\t\t\t\t\t<img fetchpriority=\"high\" decoding=\"async\" width=\"768\" height=\"768\" src=\"https:\/\/soymigrante.com\/revista\/wp-content\/uploads\/2023\/12\/Tomas-768x768.webp\" class=\"attachment-medium_large size-medium_large wp-image-3778\" alt=\"Ovidio\" srcset=\"https:\/\/soymigrante.com\/revista\/wp-content\/uploads\/2023\/12\/Tomas-768x768.webp 768w, https:\/\/soymigrante.com\/revista\/wp-content\/uploads\/2023\/12\/Tomas-300x300.webp 300w, https:\/\/soymigrante.com\/revista\/wp-content\/uploads\/2023\/12\/Tomas-1024x1024.webp 1024w, https:\/\/soymigrante.com\/revista\/wp-content\/uploads\/2023\/12\/Tomas-150x150.webp 150w, https:\/\/soymigrante.com\/revista\/wp-content\/uploads\/2023\/12\/Tomas-1536x1536.webp 1536w, https:\/\/soymigrante.com\/revista\/wp-content\/uploads\/2023\/12\/Tomas-75x75.webp 75w, https:\/\/soymigrante.com\/revista\/wp-content\/uploads\/2023\/12\/Tomas-750x750.webp 750w, https:\/\/soymigrante.com\/revista\/wp-content\/uploads\/2023\/12\/Tomas-1140x1140.webp 1140w, https:\/\/soymigrante.com\/revista\/wp-content\/uploads\/2023\/12\/Tomas-600x600.webp 600w, https:\/\/soymigrante.com\/revista\/wp-content\/uploads\/2023\/12\/Tomas.webp 1920w\" sizes=\"(max-width: 768px) 100vw, 768px\" title=\"Ovidio Tom\u00e1s Tzul \u00c1lvarez es migrante retornado desde su llegada se dedic\u00f3 a la carpinter\u00eda pero su vida dio un giro tras instarle una colmena en la chimenea de su hogar. \u2013 SoyMigrante.com REVISTA\" \/>\t\t\t\t\t\t\t\t\t\t\t<figcaption class=\"widget-image-caption wp-caption-text\">Ovidio Tom\u00e1s Tzul \u00c1lvarez es migrante retornado desde su llegada se dedic\u00f3 a la carpinter\u00eda pero su vida dio un giro tras instarle una colmena en la chimenea de su hogar.   <\/figcaption>\n\t\t\t\t\t\t\t\t\t\t<\/figure>\n\t\t\t\t\t\t\t\t\t<\/div>\n\t\t\t\t\t<\/div>\n\t\t<\/div>\n\t\t\t\t\t<\/div>\n\t\t<\/section>\n\t\t\t\t<section data-particle_enable=\"false\" data-particle-mobile-disabled=\"false\" class=\"elementor-section elementor-top-section elementor-element elementor-element-13f698d elementor-section-boxed elementor-section-height-default elementor-section-height-default\" data-id=\"13f698d\" data-element_type=\"section\" data-e-type=\"section\">\n\t\t\t\t\t\t<div class=\"elementor-container elementor-column-gap-default\">\n\t\t\t\t\t<div class=\"elementor-column elementor-col-100 elementor-top-column elementor-element elementor-element-3a72a7b\" data-id=\"3a72a7b\" data-element_type=\"column\" data-e-type=\"column\">\n\t\t\t<div class=\"elementor-widget-wrap elementor-element-populated\">\n\t\t\t\t\t\t<div class=\"elementor-element elementor-element-2c3e6b8 elementor-widget elementor-widget-heading\" data-id=\"2c3e6b8\" data-element_type=\"widget\" data-e-type=\"widget\" data-widget_type=\"heading.default\">\n\t\t\t\t\t<h2 class=\"elementor-heading-title elementor-size-default\">Dos veces se fue y dos veces volvi\u00f3<\/h2>\t\t\t\t<\/div>\n\t\t\t\t\t<\/div>\n\t\t<\/div>\n\t\t\t\t\t<\/div>\n\t\t<\/section>\n\t\t\t\t<section data-particle_enable=\"false\" data-particle-mobile-disabled=\"false\" class=\"elementor-section elementor-top-section elementor-element elementor-element-d3007a6 elementor-section-boxed elementor-section-height-default elementor-section-height-default\" data-id=\"d3007a6\" data-element_type=\"section\" data-e-type=\"section\">\n\t\t\t\t\t\t<div class=\"elementor-container elementor-column-gap-default\">\n\t\t\t\t\t<div class=\"elementor-column elementor-col-100 elementor-top-column elementor-element elementor-element-5e6ab9e\" data-id=\"5e6ab9e\" data-element_type=\"column\" data-e-type=\"column\">\n\t\t\t<div class=\"elementor-widget-wrap elementor-element-populated\">\n\t\t\t\t\t\t<div class=\"elementor-element elementor-element-e57af1b elementor-widget elementor-widget-text-editor\" data-id=\"e57af1b\" data-element_type=\"widget\" data-e-type=\"widget\" data-widget_type=\"text-editor.default\">\n\t\t\t\t\t\t\t\t\t<p><span style=\"font-weight: 400;\">El migrante Ovidio Tomas Tzul es originario del cant\u00f3n Patzarajmac sector 15, Totonicap\u00e1n, Guatemala. Fue en el a\u00f1o de 1,996 cuando migr\u00f3 por primera vez a Estados Unidos para mejorar su condici\u00f3n econ\u00f3mica y sostener a su familia en Guatemala. Luego de trabajar dos a\u00f1os regres\u00f3 a su pa\u00eds. \u201cEn aquel entonces migre para encontrar oportunidades y regrese para cuidar de mis dos hijos\u201d.<\/span><\/p><p><span style=\"font-weight: 400;\">Por la falta de oportunidades laborales decide nuevamente migrar en el a\u00f1o 2002 su estad\u00eda en aquel pa\u00eds dur\u00f3 seis a\u00f1os. Tiempo que reuni\u00f3 un capital para establecer un negocio en Guatemala. A finales de 2008 retorn\u00f3 a su pa\u00eds para quedarse definitivamente con su familia \u201cMigre dos veces a Estados Unidos, pero retorne por mi familia. Hab\u00eda establecido un hogar ac\u00e1 en Guatemala\u201d.<\/span><\/p><p><span style=\"font-weight: 400;\">En Houston Texas Estados Unidos, trabaj\u00f3 en restaurantes y un taller de carpinter\u00eda. Dos traves\u00edas riesgosas hicieron que tomara la decisi\u00f3n de quedarse indefinidamente en su pa\u00eds Guatemala. Con el capital reunido estableci\u00f3 una carpinter\u00eda que le brind\u00f3 el sustento para su familia. \u201cLa idea de establecer una carpinter\u00eda naci\u00f3 porque en Estados Unidos trabaj\u00e9 en un taller de carpinter\u00eda, la mayor parte de herramientas las traje de all\u00e1 y hoy en d\u00eda me sirve\u201d.<\/span><\/p><p><span style=\"font-weight: 400;\">Si bien emprendi\u00f3 una carpinter\u00eda en Guatemala otro lleg\u00f3 a instalarse en su hogar. El regreso del migrante Ovidio le dio la oportunidad de ver crecer a sus hijos y ahora de emprender juntos el proyecto familiar que en futuro prev\u00e9n crezca en su comunidad.\u00a0<\/span><\/p>\t\t\t\t\t\t\t\t<\/div>\n\t\t\t\t\t<\/div>\n\t\t<\/div>\n\t\t\t\t\t<\/div>\n\t\t<\/section>\n\t\t\t\t<section data-particle_enable=\"false\" data-particle-mobile-disabled=\"false\" class=\"elementor-section elementor-top-section elementor-element elementor-element-3e96b3f elementor-section-boxed elementor-section-height-default elementor-section-height-default\" data-id=\"3e96b3f\" data-element_type=\"section\" data-e-type=\"section\">\n\t\t\t\t\t\t<div class=\"elementor-container elementor-column-gap-default\">\n\t\t\t\t\t<div class=\"elementor-column elementor-col-100 elementor-top-column elementor-element elementor-element-7a84876\" data-id=\"7a84876\" data-element_type=\"column\" data-e-type=\"column\">\n\t\t\t<div class=\"elementor-widget-wrap elementor-element-populated\">\n\t\t\t\t\t\t<div class=\"elementor-element elementor-element-0615de5 elementor-widget elementor-widget-image\" data-id=\"0615de5\" data-element_type=\"widget\" data-e-type=\"widget\" data-widget_type=\"image.default\">\n\t\t\t\t\t\t\t\t\t\t\t\t<figure class=\"wp-caption\">\n\t\t\t\t\t\t\t\t\t\t<img decoding=\"async\" width=\"768\" height=\"768\" src=\"https:\/\/soymigrante.com\/revista\/wp-content\/uploads\/2023\/12\/productor-de-miel-768x768.webp\" class=\"attachment-medium_large size-medium_large wp-image-3781\" alt=\"El migrante retornado Ovidio se caso en 1,995 con su esposa Juana Garc\u00eda. Formaron un hermoso hogar con sus dos hijos Maynor y Esmeralda. Retorno para cuidar de su familia.\" srcset=\"https:\/\/soymigrante.com\/revista\/wp-content\/uploads\/2023\/12\/productor-de-miel-768x768.webp 768w, https:\/\/soymigrante.com\/revista\/wp-content\/uploads\/2023\/12\/productor-de-miel-300x300.webp 300w, https:\/\/soymigrante.com\/revista\/wp-content\/uploads\/2023\/12\/productor-de-miel-1024x1024.webp 1024w, https:\/\/soymigrante.com\/revista\/wp-content\/uploads\/2023\/12\/productor-de-miel-150x150.webp 150w, https:\/\/soymigrante.com\/revista\/wp-content\/uploads\/2023\/12\/productor-de-miel-1536x1536.webp 1536w, https:\/\/soymigrante.com\/revista\/wp-content\/uploads\/2023\/12\/productor-de-miel-75x75.webp 75w, https:\/\/soymigrante.com\/revista\/wp-content\/uploads\/2023\/12\/productor-de-miel-750x750.webp 750w, https:\/\/soymigrante.com\/revista\/wp-content\/uploads\/2023\/12\/productor-de-miel-1140x1140.webp 1140w, https:\/\/soymigrante.com\/revista\/wp-content\/uploads\/2023\/12\/productor-de-miel-600x600.webp 600w, https:\/\/soymigrante.com\/revista\/wp-content\/uploads\/2023\/12\/productor-de-miel.webp 1920w\" sizes=\"(max-width: 768px) 100vw, 768px\" title=\"productor de miel \u2013 SoyMigrante.com REVISTA\" \/>\t\t\t\t\t\t\t\t\t\t\t<figcaption class=\"widget-image-caption wp-caption-text\">El migrante retornado Ovidio se caso en 1,995 con su esposa Juana Garc\u00eda. Formaron un hermoso hogar con sus dos hijos Maynor y Esmeralda. Retorno para cuidar de su familia. <\/figcaption>\n\t\t\t\t\t\t\t\t\t\t<\/figure>\n\t\t\t\t\t\t\t\t\t<\/div>\n\t\t\t\t\t<\/div>\n\t\t<\/div>\n\t\t\t\t\t<\/div>\n\t\t<\/section>\n\t\t\t\t<section data-particle_enable=\"false\" data-particle-mobile-disabled=\"false\" class=\"elementor-section elementor-top-section elementor-element elementor-element-e171616 elementor-section-boxed elementor-section-height-default elementor-section-height-default\" data-id=\"e171616\" data-element_type=\"section\" data-e-type=\"section\">\n\t\t\t\t\t\t<div class=\"elementor-container elementor-column-gap-default\">\n\t\t\t\t\t<div class=\"elementor-column elementor-col-100 elementor-top-column elementor-element elementor-element-fee1d0b\" data-id=\"fee1d0b\" data-element_type=\"column\" data-e-type=\"column\">\n\t\t\t<div class=\"elementor-widget-wrap elementor-element-populated\">\n\t\t\t\t\t\t<div class=\"elementor-element elementor-element-d8c3753 elementor-widget elementor-widget-heading\" data-id=\"d8c3753\" data-element_type=\"widget\" data-e-type=\"widget\" data-widget_type=\"heading.default\">\n\t\t\t\t\t<h2 class=\"elementor-heading-title elementor-size-default\">Un enjambre de esperanza lleg\u00f3<\/h2>\t\t\t\t<\/div>\n\t\t\t\t\t<\/div>\n\t\t<\/div>\n\t\t\t\t\t<\/div>\n\t\t<\/section>\n\t\t\t\t<section data-particle_enable=\"false\" data-particle-mobile-disabled=\"false\" class=\"elementor-section elementor-top-section elementor-element elementor-element-f2d1e64 elementor-section-boxed elementor-section-height-default elementor-section-height-default\" data-id=\"f2d1e64\" data-element_type=\"section\" data-e-type=\"section\">\n\t\t\t\t\t\t<div class=\"elementor-container elementor-column-gap-default\">\n\t\t\t\t\t<div class=\"elementor-column elementor-col-100 elementor-top-column elementor-element elementor-element-962e6fe\" data-id=\"962e6fe\" data-element_type=\"column\" data-e-type=\"column\">\n\t\t\t<div class=\"elementor-widget-wrap elementor-element-populated\">\n\t\t\t\t\t\t<div class=\"elementor-element elementor-element-47416b8 elementor-widget elementor-widget-text-editor\" data-id=\"47416b8\" data-element_type=\"widget\" data-e-type=\"widget\" data-widget_type=\"text-editor.default\">\n\t\t\t\t\t\t\t\t\t<p><span style=\"font-weight: 400;\">Ovidio se dedic\u00f3 a estar con su familia y trabajar en la carpinter\u00eda. Fue en el a\u00f1o 2014 cuando descubrieron un enjambre en la chimenea de su hogar. \u201cSe instal\u00f3 una colmena en la chimenea de la casa, pedimos ayuda y recibimos una primera charla, al final naci\u00f3 la idea de criar y generar productos\u201d. Temerosos y asombrados investigaron y procedieron a planificar su nuevo emprendimiento.<\/span><\/p><p><span style=\"font-weight: 400;\">El comienzo de esta nueva etapa se instal\u00f3 como uno de los emprendimientos m\u00e1s importantes para el migrante retornado Ovidio y su familia. aprendieron el manejo y su naturaleza \u201cLas abejas son importantes para nuestro medio ambiente, a parte de la producci\u00f3n, cosecha de miel y polen, las abejas aportan al ecosistema\u201d.\u00a0\u00a0<\/span><\/p><p><span style=\"font-weight: 400;\">Con los conocimientos adquiridos en la carpinter\u00eda le permite construir cajas para colmenas, marcos y otros instrumentos para la crianza de abejas. \u201cMe dedico en un 70%\u00a0 a la apicultura y un 20% a la carpinter\u00eda\u201d.\u00a0 Actualmente el emprendimiento cuenta con m\u00e1s de 60 colmenas. Comercializan los productos en la comunidad como en varias ferias de emprendimiento. \u201cQueremos promover y dar a conocer la actividad de las colmenas, este a\u00f1o se produjeron m\u00e1s de dos quintales de polen\u201d\u00a0\u00a0<\/span><\/p><p><span style=\"font-weight: 400;\">Gracias al regreso de Ovidio logr\u00f3 mantener el amor de su familia y sobre todo ver formados a sus dos hijos Maynor y Magdalena graduados de la universidad como ingenieros forestales, actualmente aportan t\u00e9cnicamente para mejorar la producci\u00f3n y cosecha de miel y polen.\u00a0\u00a0\u00a0<\/span><\/p><p><span style=\"font-weight: 400;\">Ovidio es parte tambi\u00e9n de la asociaci\u00f3n de apicultores de Totonicap\u00e1n, espacio que busca promover esta actividad y expandirse en el territorio local \u201cBuscamos establecer una sede para que m\u00e1s personas puedan aprender sobre la apicultura y sobre todo aportar a su econom\u00eda con este trabajo\u201d.<\/span><\/p>\t\t\t\t\t\t\t\t<\/div>\n\t\t\t\t\t<\/div>\n\t\t<\/div>\n\t\t\t\t\t<\/div>\n\t\t<\/section>\n\t\t\t\t<section data-particle_enable=\"false\" data-particle-mobile-disabled=\"false\" class=\"elementor-section elementor-top-section elementor-element elementor-element-82664b2 elementor-section-boxed elementor-section-height-default elementor-section-height-default\" data-id=\"82664b2\" data-element_type=\"section\" data-e-type=\"section\">\n\t\t\t\t\t\t<div class=\"elementor-container elementor-column-gap-default\">\n\t\t\t\t\t<div class=\"elementor-column elementor-col-100 elementor-top-column elementor-element elementor-element-d7f30d1\" data-id=\"d7f30d1\" data-element_type=\"column\" data-e-type=\"column\">\n\t\t\t<div class=\"elementor-widget-wrap elementor-element-populated\">\n\t\t\t\t\t\t<div class=\"elementor-element elementor-element-e7fe57b elementor-arrows-position-inside elementor-pagination-position-outside elementor-widget elementor-widget-image-carousel\" data-id=\"e7fe57b\" data-element_type=\"widget\" data-e-type=\"widget\" data-settings=\"{&quot;slides_to_show&quot;:&quot;1&quot;,&quot;navigation&quot;:&quot;both&quot;,&quot;autoplay&quot;:&quot;yes&quot;,&quot;pause_on_hover&quot;:&quot;yes&quot;,&quot;pause_on_interaction&quot;:&quot;yes&quot;,&quot;autoplay_speed&quot;:5000,&quot;infinite&quot;:&quot;yes&quot;,&quot;effect&quot;:&quot;slide&quot;,&quot;speed&quot;:500}\" data-widget_type=\"image-carousel.default\">\n\t\t\t\t\t\t\t<div class=\"elementor-image-carousel-wrapper swiper\" role=\"region\" aria-roledescription=\"carousel\" aria-label=\"Carrusel de im\u00e1genes\" dir=\"ltr\">\n\t\t\t<div class=\"elementor-image-carousel swiper-wrapper\" aria-live=\"off\">\n\t\t\t\t\t\t\t\t<div class=\"swiper-slide\" role=\"group\" aria-roledescription=\"slide\" aria-label=\"1 de 3\"><figure class=\"swiper-slide-inner\"><img decoding=\"async\" class=\"swiper-slide-image\" src=\"https:\/\/soymigrante.com\/revista\/wp-content\/uploads\/2023\/12\/productor-de-miel-1-1-768x768.webp\" alt=\"Actualmente cuenta con m\u00e1s de 60 cajas de colmenas, un emprendimiento que crece gracias al apoyo local y de su familia\" \/><figcaption class=\"elementor-image-carousel-caption\">Actualmente cuenta con m\u00e1s de 60 cajas de colmenas, un emprendimiento que crece gracias al apoyo local y de su familia<\/figcaption><\/figure><\/div><div class=\"swiper-slide\" role=\"group\" aria-roledescription=\"slide\" aria-label=\"2 de 3\"><figure class=\"swiper-slide-inner\"><img decoding=\"async\" class=\"swiper-slide-image\" src=\"https:\/\/soymigrante.com\/revista\/wp-content\/uploads\/2023\/12\/peersoneria-juridica-768x768.webp\" alt=\"Actualmente es parte de la directiva de la Asociaci\u00f3n de Apicultores de Totonicap\u00e1n, en 2022 lograron la legalizaci\u00f3n del mismo.\" \/><figcaption class=\"elementor-image-carousel-caption\">Actualmente es parte de la directiva de la Asociaci\u00f3n de Apicultores de Totonicap\u00e1n, en 2022 lograron la legalizaci\u00f3n del mismo.<\/figcaption><\/figure><\/div><div class=\"swiper-slide\" role=\"group\" aria-roledescription=\"slide\" aria-label=\"3 de 3\"><figure class=\"swiper-slide-inner\"><img decoding=\"async\" class=\"swiper-slide-image\" src=\"https:\/\/soymigrante.com\/revista\/wp-content\/uploads\/2023\/12\/capital-semilla-1-768x768.webp\" alt=\"Tambi\u00e9n form\u00f3 parte del proceso de formaci\u00f3n por la fundaci\u00f3n Swisscontact Guatemala y ganador de uno de los 16 emprendedores para recibir el capital semilla como la certificaci\u00f3n de su negocio.\" \/><figcaption class=\"elementor-image-carousel-caption\">Tambi\u00e9n form\u00f3 parte del proceso de formaci\u00f3n por la fundaci\u00f3n Swisscontact Guatemala  y ganador de uno de los 16 emprendedores para recibir el capital semilla como la certificaci\u00f3n de su negocio.\n<\/figcaption><\/figure><\/div>\t\t\t<\/div>\n\t\t\t\t\t\t\t\t\t\t\t\t<div class=\"elementor-swiper-button elementor-swiper-button-prev\" role=\"button\" tabindex=\"0\">\n\t\t\t\t\t\t<i aria-hidden=\"true\" class=\"eicon-chevron-left\"><\/i>\t\t\t\t\t<\/div>\n\t\t\t\t\t<div class=\"elementor-swiper-button elementor-swiper-button-next\" role=\"button\" tabindex=\"0\">\n\t\t\t\t\t\t<i aria-hidden=\"true\" class=\"eicon-chevron-right\"><\/i>\t\t\t\t\t<\/div>\n\t\t\t\t\n\t\t\t\t\t\t\t\t\t<div class=\"swiper-pagination\"><\/div>\n\t\t\t\t\t\t\t\t\t<\/div>\n\t\t\t\t\t\t<\/div>\n\t\t\t\t\t<\/div>\n\t\t<\/div>\n\t\t\t\t\t<\/div>\n\t\t<\/section>\n\t\t\t\t<section data-particle_enable=\"false\" data-particle-mobile-disabled=\"false\" class=\"elementor-section elementor-top-section elementor-element elementor-element-36543b4 elementor-section-boxed elementor-section-height-default elementor-section-height-default\" data-id=\"36543b4\" data-element_type=\"section\" data-e-type=\"section\">\n\t\t\t\t\t\t<div class=\"elementor-container elementor-column-gap-default\">\n\t\t\t\t\t<div class=\"elementor-column elementor-col-100 elementor-top-column elementor-element elementor-element-280000e\" data-id=\"280000e\" data-element_type=\"column\" data-e-type=\"column\">\n\t\t\t<div class=\"elementor-widget-wrap elementor-element-populated\">\n\t\t\t\t\t\t<div class=\"elementor-element elementor-element-e85de7b elementor-widget elementor-widget-heading\" data-id=\"e85de7b\" data-element_type=\"widget\" data-e-type=\"widget\" data-widget_type=\"heading.default\">\n\t\t\t\t\t<h2 class=\"elementor-heading-title elementor-size-default\">Todo lo que tienes que saber acerca del polen  y sus beneficios\n<\/h2>\t\t\t\t<\/div>\n\t\t\t\t\t<\/div>\n\t\t<\/div>\n\t\t\t\t\t<\/div>\n\t\t<\/section>\n\t\t\t\t<section data-particle_enable=\"false\" data-particle-mobile-disabled=\"false\" class=\"elementor-section elementor-top-section elementor-element elementor-element-68922d6 elementor-section-boxed elementor-section-height-default elementor-section-height-default\" data-id=\"68922d6\" data-element_type=\"section\" data-e-type=\"section\">\n\t\t\t\t\t\t<div class=\"elementor-container elementor-column-gap-default\">\n\t\t\t\t\t<div class=\"elementor-column elementor-col-100 elementor-top-column elementor-element elementor-element-9f67ac8\" data-id=\"9f67ac8\" data-element_type=\"column\" data-e-type=\"column\">\n\t\t\t<div class=\"elementor-widget-wrap elementor-element-populated\">\n\t\t\t\t\t\t<div class=\"elementor-element elementor-element-10d061c elementor-widget elementor-widget-text-editor\" data-id=\"10d061c\" data-element_type=\"widget\" data-e-type=\"widget\" data-widget_type=\"text-editor.default\">\n\t\t\t\t\t\t\t\t\t<p><span style=\"font-weight: 400;\">Ovidio resalta la importancia de conocer las propiedades, utilizaci\u00f3n y beneficios del producto. &#8220;<\/span><span style=\"font-weight: 400;\">El polen es un superalimento con valores nutricionales muy completos y provechosos para la salud.\u00a0 Entre estos, se destacan su capacidad para mejorar el rendimiento f\u00edsico e intelectual, subir las defensas y combatir los d\u00e9ficits nutricionales&#8221;<\/span><\/p>\t\t\t\t\t\t\t\t<\/div>\n\t\t\t\t\t<\/div>\n\t\t<\/div>\n\t\t\t\t\t<\/div>\n\t\t<\/section>\n\t\t\t\t<section data-particle_enable=\"false\" data-particle-mobile-disabled=\"false\" class=\"elementor-section elementor-top-section elementor-element elementor-element-bf7ed84 elementor-section-boxed elementor-section-height-default elementor-section-height-default\" data-id=\"bf7ed84\" data-element_type=\"section\" data-e-type=\"section\">\n\t\t\t\t\t\t<div class=\"elementor-container elementor-column-gap-default\">\n\t\t\t\t\t<div class=\"elementor-column elementor-col-100 elementor-top-column elementor-element elementor-element-fc35abb\" data-id=\"fc35abb\" data-element_type=\"column\" data-e-type=\"column\">\n\t\t\t<div class=\"elementor-widget-wrap elementor-element-populated\">\n\t\t\t\t\t\t<div class=\"elementor-element elementor-element-21ab467 elementor-widget elementor-widget-heading\" data-id=\"21ab467\" data-element_type=\"widget\" data-e-type=\"widget\" data-widget_type=\"heading.default\">\n\t\t\t\t\t<h2 class=\"elementor-heading-title elementor-size-default\">\u00bfQu\u00e9 es el polen?\n<\/h2>\t\t\t\t<\/div>\n\t\t\t\t\t<\/div>\n\t\t<\/div>\n\t\t\t\t\t<\/div>\n\t\t<\/section>\n\t\t\t\t<section data-particle_enable=\"false\" data-particle-mobile-disabled=\"false\" class=\"elementor-section elementor-top-section elementor-element elementor-element-d6ebea7 elementor-section-boxed elementor-section-height-default elementor-section-height-default\" data-id=\"d6ebea7\" data-element_type=\"section\" data-e-type=\"section\">\n\t\t\t\t\t\t<div class=\"elementor-container elementor-column-gap-default\">\n\t\t\t\t\t<div class=\"elementor-column elementor-col-100 elementor-top-column elementor-element elementor-element-81d94f4\" data-id=\"81d94f4\" data-element_type=\"column\" data-e-type=\"column\">\n\t\t\t<div class=\"elementor-widget-wrap elementor-element-populated\">\n\t\t\t\t\t\t<div class=\"elementor-element elementor-element-1f0387e elementor-widget elementor-widget-text-editor\" data-id=\"1f0387e\" data-element_type=\"widget\" data-e-type=\"widget\" data-widget_type=\"text-editor.default\">\n\t\t\t\t\t\t\t\t\t<p><span style=\"font-weight: 400;\">El polen es un alimento que se recoge de la colmena de las abejas, las cuales lo toman de las plantas y lo transportan a su panal en forma de gr\u00e1nulos anaranjados que elaboran ellas mismas. Se destaca por contener casi todos los nutrientes que necesita el ser humano; es el \u00fanico alimento que contiene los 22 amino\u00e1cidos esenciales.<\/span><\/p>\t\t\t\t\t\t\t\t<\/div>\n\t\t\t\t\t<\/div>\n\t\t<\/div>\n\t\t\t\t\t<\/div>\n\t\t<\/section>\n\t\t\t\t<section data-particle_enable=\"false\" data-particle-mobile-disabled=\"false\" class=\"elementor-section elementor-top-section elementor-element elementor-element-9a40633 elementor-section-boxed elementor-section-height-default elementor-section-height-default\" data-id=\"9a40633\" data-element_type=\"section\" data-e-type=\"section\">\n\t\t\t\t\t\t<div class=\"elementor-container elementor-column-gap-default\">\n\t\t\t\t\t<div class=\"elementor-column elementor-col-100 elementor-top-column elementor-element elementor-element-6e15039\" data-id=\"6e15039\" data-element_type=\"column\" data-e-type=\"column\">\n\t\t\t<div class=\"elementor-widget-wrap elementor-element-populated\">\n\t\t\t\t\t\t<div class=\"elementor-element elementor-element-707c5c9 elementor-widget elementor-widget-image\" data-id=\"707c5c9\" data-element_type=\"widget\" data-e-type=\"widget\" data-widget_type=\"image.default\">\n\t\t\t\t\t\t\t\t\t\t\t\t<figure class=\"wp-caption\">\n\t\t\t\t\t\t\t\t\t\t<img decoding=\"async\" width=\"768\" height=\"768\" src=\"https:\/\/soymigrante.com\/revista\/wp-content\/uploads\/2023\/12\/procedimiento-1024x1024.webp\" class=\"attachment-large size-large wp-image-3779\" alt=\"El polen de abeja podr\u00eda ayudar a estimular el sistema inmunol\u00f3gico. El polen contiene una gran cantidad de nutrientes. Entre ellos, se encuentran: Vitaminas A, D, E, B1, B2, B6, \u00e1cido nicot\u00ednico, \u00e1cido pantot\u00e9nico, C, K, colina y rutina. Es uno de los alimentos m\u00e1s ricos en vitaminas que existen.\" srcset=\"https:\/\/soymigrante.com\/revista\/wp-content\/uploads\/2023\/12\/procedimiento-1024x1024.webp 1024w, https:\/\/soymigrante.com\/revista\/wp-content\/uploads\/2023\/12\/procedimiento-300x300.webp 300w, https:\/\/soymigrante.com\/revista\/wp-content\/uploads\/2023\/12\/procedimiento-150x150.webp 150w, https:\/\/soymigrante.com\/revista\/wp-content\/uploads\/2023\/12\/procedimiento-768x768.webp 768w, https:\/\/soymigrante.com\/revista\/wp-content\/uploads\/2023\/12\/procedimiento-1536x1536.webp 1536w, https:\/\/soymigrante.com\/revista\/wp-content\/uploads\/2023\/12\/procedimiento-75x75.webp 75w, https:\/\/soymigrante.com\/revista\/wp-content\/uploads\/2023\/12\/procedimiento-750x750.webp 750w, https:\/\/soymigrante.com\/revista\/wp-content\/uploads\/2023\/12\/procedimiento-1140x1140.webp 1140w, https:\/\/soymigrante.com\/revista\/wp-content\/uploads\/2023\/12\/procedimiento-600x600.webp 600w, https:\/\/soymigrante.com\/revista\/wp-content\/uploads\/2023\/12\/procedimiento.webp 1920w\" sizes=\"(max-width: 768px) 100vw, 768px\" title=\"procedimiento \u2013 SoyMigrante.com REVISTA\" \/>\t\t\t\t\t\t\t\t\t\t\t<figcaption class=\"widget-image-caption wp-caption-text\">El polen de abeja podr\u00eda ayudar a estimular el sistema inmunol\u00f3gico. El polen contiene una gran cantidad de nutrientes. Entre ellos, se encuentran: \n Vitaminas A, D, E, B1, B2, B6, \u00e1cido nicot\u00ednico, \u00e1cido pantot\u00e9nico, C, K, colina y rutina. Es uno de los alimentos m\u00e1s ricos en vitaminas que existen. \n <\/figcaption>\n\t\t\t\t\t\t\t\t\t\t<\/figure>\n\t\t\t\t\t\t\t\t\t<\/div>\n\t\t\t\t\t<\/div>\n\t\t<\/div>\n\t\t\t\t\t<\/div>\n\t\t<\/section>\n\t\t\t\t<section data-particle_enable=\"false\" data-particle-mobile-disabled=\"false\" class=\"elementor-section elementor-top-section elementor-element elementor-element-65aea71 elementor-section-boxed elementor-section-height-default elementor-section-height-default\" data-id=\"65aea71\" data-element_type=\"section\" data-e-type=\"section\">\n\t\t\t\t\t\t<div class=\"elementor-container elementor-column-gap-default\">\n\t\t\t\t\t<div class=\"elementor-column elementor-col-100 elementor-top-column elementor-element elementor-element-39381fb\" data-id=\"39381fb\" data-element_type=\"column\" data-e-type=\"column\">\n\t\t\t<div class=\"elementor-widget-wrap elementor-element-populated\">\n\t\t\t\t\t\t<div class=\"elementor-element elementor-element-0d85b35 elementor-widget elementor-widget-heading\" data-id=\"0d85b35\" data-element_type=\"widget\" data-e-type=\"widget\" data-widget_type=\"heading.default\">\n\t\t\t\t\t<h2 class=\"elementor-heading-title elementor-size-default\">Propiedades nutricionales del polen \n<\/h2>\t\t\t\t<\/div>\n\t\t\t\t\t<\/div>\n\t\t<\/div>\n\t\t\t\t\t<\/div>\n\t\t<\/section>\n\t\t\t\t<section data-particle_enable=\"false\" data-particle-mobile-disabled=\"false\" class=\"elementor-section elementor-top-section elementor-element elementor-element-fbd592c elementor-section-boxed elementor-section-height-default elementor-section-height-default\" data-id=\"fbd592c\" data-element_type=\"section\" data-e-type=\"section\">\n\t\t\t\t\t\t<div class=\"elementor-container elementor-column-gap-default\">\n\t\t\t\t\t<div class=\"elementor-column elementor-col-100 elementor-top-column elementor-element elementor-element-8b71ea4\" data-id=\"8b71ea4\" data-element_type=\"column\" data-e-type=\"column\">\n\t\t\t<div class=\"elementor-widget-wrap elementor-element-populated\">\n\t\t\t\t\t\t<div class=\"elementor-element elementor-element-11cbdd6 elementor--h-position-center elementor--v-position-middle elementor-arrows-position-inside elementor-pagination-position-inside elementor-widget elementor-widget-slides\" data-id=\"11cbdd6\" data-element_type=\"widget\" data-e-type=\"widget\" data-settings=\"{&quot;navigation&quot;:&quot;both&quot;,&quot;autoplay&quot;:&quot;yes&quot;,&quot;pause_on_hover&quot;:&quot;yes&quot;,&quot;pause_on_interaction&quot;:&quot;yes&quot;,&quot;autoplay_speed&quot;:5000,&quot;infinite&quot;:&quot;yes&quot;,&quot;transition&quot;:&quot;slide&quot;,&quot;transition_speed&quot;:500}\" data-widget_type=\"slides.default\">\n\t\t\t\t\t\t\t\t\t\t<div class=\"elementor-slides-wrapper elementor-main-swiper swiper\" role=\"region\" aria-roledescription=\"carousel\" aria-label=\"Diapositivas\" dir=\"ltr\" data-animation=\"fadeInUp\">\n\t\t\t\t<div class=\"swiper-wrapper elementor-slides\">\n\t\t\t\t\t\t\t\t\t\t<div class=\"elementor-repeater-item-7297469 swiper-slide\" role=\"group\" aria-roledescription=\"slide\"><div class=\"swiper-slide-bg\" role=\"img\" aria-label=\"Polen\"><\/div><div class=\"swiper-slide-inner\" ><div class=\"swiper-slide-contents\"><div class=\"elementor-slide-heading\">Vitaminas A, D, E, B1, B2, B6, \u00e1cido nicot\u00ednico, \u00e1cido pantot\u00e9nico, C, K, colina y rutina. Es uno de los alimentos m\u00e1s ricos en vitaminas que existen. <\/div><\/div><\/div><\/div><div class=\"elementor-repeater-item-cffd735 swiper-slide\" role=\"group\" aria-roledescription=\"slide\"><div class=\"swiper-slide-bg\" role=\"img\" aria-label=\"El objetivo a futuro es lograr expandirse y comercializar en diferentes puntos del territorio guatemalteco\"><\/div><div class=\"swiper-slide-inner\" ><div class=\"swiper-slide-contents\"><div class=\"elementor-slide-heading\">Minerales como oligoelementos: sodio, potasio, magnesio, calcio, aluminio, hierro, cobre, zinc, manganeso, plomo, s\u00edlice, f\u00f3sforo, cloro y azufre. <\/div><\/div><\/div><\/div><div class=\"elementor-repeater-item-57daabd swiper-slide\" role=\"group\" aria-roledescription=\"slide\"><div class=\"swiper-slide-bg\" role=\"img\" aria-label=\"El polen de abeja podr\u00eda ayudar a estimular el sistema inmunol\u00f3gico. El polen contiene una gran cantidad de nutrientes. Entre ellos, se encuentran: Vitaminas A, D, E, B1, B2, B6, \u00e1cido nicot\u00ednico, \u00e1cido pantot\u00e9nico, C, K, colina y rutina. Es uno de los alimentos m\u00e1s ricos en vitaminas que existen.\"><\/div><div class=\"swiper-slide-inner\" ><div class=\"swiper-slide-contents\"><div class=\"elementor-slide-heading\">Enzimas: diastasa, amilasa, catalasa, diaforasa, pectasa, deshidrogenasa l\u00e1ctica, fosfatasa y sacarosa. <\/div><div class=\"elementor-slide-description\">.<\/div><\/div><\/div><\/div><div class=\"elementor-repeater-item-7d69fc7 swiper-slide\" role=\"group\" aria-roledescription=\"slide\"><div class=\"swiper-slide-bg\" role=\"img\" aria-label=\"polen de abejas\"><\/div><div class=\"swiper-slide-inner\" ><div class=\"swiper-slide-contents\"><div class=\"elementor-slide-heading\">Amino\u00e1cidos: alanina, arginina, cistina, glicina, histidina, isoleucina, lisina, fenilalanina, tript\u00f3fano, etc. <\/div><\/div><\/div><\/div>\t\t\t\t<\/div>\n\t\t\t\t\t\t\t\t\t\t\t\t\t\t\t<div class=\"elementor-swiper-button elementor-swiper-button-prev\" role=\"button\" tabindex=\"0\" aria-label=\"Diapositiva anterior\">\n\t\t\t\t\t\t\t<i aria-hidden=\"true\" class=\"eicon-chevron-left\"><\/i>\t\t\t\t\t\t<\/div>\n\t\t\t\t\t\t<div class=\"elementor-swiper-button elementor-swiper-button-next\" role=\"button\" tabindex=\"0\" aria-label=\"Diapositiva siguiente\">\n\t\t\t\t\t\t\t<i aria-hidden=\"true\" class=\"eicon-chevron-right\"><\/i>\t\t\t\t\t\t<\/div>\n\t\t\t\t\t\t\t\t\t\t\t\t\t\t\t\t<div class=\"swiper-pagination\"><\/div>\n\t\t\t\t\t\t\t\t\t\t\t\t<\/div>\n\t\t\t\t\t\t\t\t<\/div>\n\t\t\t\t\t<\/div>\n\t\t<\/div>\n\t\t\t\t\t<\/div>\n\t\t<\/section>\n\t\t\t\t<section data-particle_enable=\"false\" data-particle-mobile-disabled=\"false\" class=\"elementor-section elementor-top-section elementor-element elementor-element-24dbe8b elementor-section-boxed elementor-section-height-default elementor-section-height-default\" data-id=\"24dbe8b\" data-element_type=\"section\" data-e-type=\"section\">\n\t\t\t\t\t\t<div class=\"elementor-container elementor-column-gap-default\">\n\t\t\t\t\t<div class=\"elementor-column elementor-col-100 elementor-top-column elementor-element elementor-element-7ecce16\" data-id=\"7ecce16\" data-element_type=\"column\" data-e-type=\"column\">\n\t\t\t<div class=\"elementor-widget-wrap elementor-element-populated\">\n\t\t\t\t\t\t<div class=\"elementor-element elementor-element-4e20f3e elementor-widget elementor-widget-heading\" data-id=\"4e20f3e\" data-element_type=\"widget\" data-e-type=\"widget\" data-widget_type=\"heading.default\">\n\t\t\t\t\t<h2 class=\"elementor-heading-title elementor-size-default\">12 beneficios del polen para salud\n<\/h2>\t\t\t\t<\/div>\n\t\t\t\t\t<\/div>\n\t\t<\/div>\n\t\t\t\t\t<\/div>\n\t\t<\/section>\n\t\t\t\t<section data-particle_enable=\"false\" data-particle-mobile-disabled=\"false\" class=\"elementor-section elementor-top-section elementor-element elementor-element-819795e elementor-section-boxed elementor-section-height-default elementor-section-height-default\" data-id=\"819795e\" data-element_type=\"section\" data-e-type=\"section\">\n\t\t\t\t\t\t<div class=\"elementor-container elementor-column-gap-default\">\n\t\t\t\t\t<div class=\"elementor-column elementor-col-100 elementor-top-column elementor-element elementor-element-c950a73\" data-id=\"c950a73\" data-element_type=\"column\" data-e-type=\"column\">\n\t\t\t<div class=\"elementor-widget-wrap elementor-element-populated\">\n\t\t\t\t\t\t<div class=\"elementor-element elementor-element-aa4334d elementor-widget elementor-widget-text-editor\" data-id=\"aa4334d\" data-element_type=\"widget\" data-e-type=\"widget\" data-widget_type=\"text-editor.default\">\n\t\t\t\t\t\t\t\t\t<ol><li><span style=\"font-weight: 400; color: var( --e-global-color-text );\">Aumenta la resistencia f\u00edsica, reduce la fatiga y facilita la recuperaci\u00f3n despu\u00e9s de una convalecencia.\u00a0<\/span><\/li><li><span style=\"font-weight: 400;\">Mejora la irrigaci\u00f3n cerebral y la capacidad intelectual.\u00a0<\/span><\/li><li><span style=\"font-weight: 400;\">Regula el sistema nervioso, mejora el estado de \u00e1nimo y reduce el estr\u00e9s.\u00a0<\/span><\/li><li><span style=\"font-weight: 400;\">Mejora el sistema digestivo y combate la falta de apetito; adem\u00e1s, favorece y regenera la flora bacteriana intestinal.\u00a0<\/span><\/li><li><span style=\"font-weight: 400;\">Favorece el desarrollo y crecimiento de los ni\u00f1os.\u00a0<\/span><\/li><li><span style=\"font-weight: 400;\">Regula los niveles de triglic\u00e9ridos y colesterol en sangre y equilibra el pH sangu\u00edneo.\u00a0<\/span><\/li><li><span style=\"font-weight: 400;\">Es un excelente suplemento protector para pacientes con c\u00e1ncer que est\u00e1n someti\u00e9ndose a quimioterapia o radioterapia.\u00a0<\/span><\/li><li><span style=\"font-weight: 400;\">Mejora la potencia sexual y combate la impotencia y la frigidez.\u00a0<\/span><\/li><li><span style=\"font-weight: 400;\">Mejora el sistema circulatorio y cardiovascular.\u00a0<\/span><\/li><li><span style=\"font-weight: 400;\">Reduce la inflamaci\u00f3n de pr\u00f3stata o prostatitis, gracias a su contenido en zinc y hormonas sexuales.\u00a0<\/span><\/li><li><span style=\"font-weight: 400;\">Detiene la ca\u00edda del cabello en algunos casos, gracias a su contenido en cistina, un nutriente que aumenta el sistema piloso.\u00a0<\/span><\/li><li><span style=\"font-weight: 400;\">Combate la rinitis al\u00e9rgica, a largo plazo.\u00a0<\/span><\/li><\/ol>\t\t\t\t\t\t\t\t<\/div>\n\t\t\t\t\t<\/div>\n\t\t<\/div>\n\t\t\t\t\t<\/div>\n\t\t<\/section>\n\t\t\t\t<section data-particle_enable=\"false\" data-particle-mobile-disabled=\"false\" class=\"elementor-section elementor-top-section elementor-element elementor-element-48f2ae2 elementor-section-boxed elementor-section-height-default elementor-section-height-default\" data-id=\"48f2ae2\" data-element_type=\"section\" data-e-type=\"section\">\n\t\t\t\t\t\t<div class=\"elementor-container elementor-column-gap-default\">\n\t\t\t\t\t<div class=\"elementor-column elementor-col-100 elementor-top-column elementor-element elementor-element-3c58e61\" data-id=\"3c58e61\" data-element_type=\"column\" data-e-type=\"column\">\n\t\t\t<div class=\"elementor-widget-wrap elementor-element-populated\">\n\t\t\t\t\t\t<div class=\"elementor-element elementor-element-efcf15e elementor-widget elementor-widget-heading\" data-id=\"efcf15e\" data-element_type=\"widget\" data-e-type=\"widget\" data-widget_type=\"heading.default\">\n\t\t\t\t\t<h2 class=\"elementor-heading-title elementor-size-default\">Consumo \n<\/h2>\t\t\t\t<\/div>\n\t\t\t\t\t<\/div>\n\t\t<\/div>\n\t\t\t\t\t<\/div>\n\t\t<\/section>\n\t\t\t\t<section data-particle_enable=\"false\" data-particle-mobile-disabled=\"false\" class=\"elementor-section elementor-top-section elementor-element elementor-element-bed7b88 elementor-section-boxed elementor-section-height-default elementor-section-height-default\" data-id=\"bed7b88\" data-element_type=\"section\" data-e-type=\"section\">\n\t\t\t\t\t\t<div class=\"elementor-container elementor-column-gap-default\">\n\t\t\t\t\t<div class=\"elementor-column elementor-col-100 elementor-top-column elementor-element elementor-element-e7b2962\" data-id=\"e7b2962\" data-element_type=\"column\" data-e-type=\"column\">\n\t\t\t<div class=\"elementor-widget-wrap elementor-element-populated\">\n\t\t\t\t\t\t<div class=\"elementor-element elementor-element-7fcb20b elementor-arrows-position-inside elementor-pagination-position-outside elementor-widget elementor-widget-image-carousel\" data-id=\"7fcb20b\" data-element_type=\"widget\" data-e-type=\"widget\" data-settings=\"{&quot;slides_to_show&quot;:&quot;1&quot;,&quot;navigation&quot;:&quot;both&quot;,&quot;autoplay&quot;:&quot;yes&quot;,&quot;pause_on_hover&quot;:&quot;yes&quot;,&quot;pause_on_interaction&quot;:&quot;yes&quot;,&quot;autoplay_speed&quot;:5000,&quot;infinite&quot;:&quot;yes&quot;,&quot;effect&quot;:&quot;slide&quot;,&quot;speed&quot;:500}\" data-widget_type=\"image-carousel.default\">\n\t\t\t\t\t\t\t<div class=\"elementor-image-carousel-wrapper swiper\" role=\"region\" aria-roledescription=\"carousel\" aria-label=\"Carrusel de im\u00e1genes\" dir=\"ltr\">\n\t\t\t<div class=\"elementor-image-carousel swiper-wrapper\" aria-live=\"off\">\n\t\t\t\t\t\t\t\t<div class=\"swiper-slide\" role=\"group\" aria-roledescription=\"slide\" aria-label=\"1 de 4\"><figure class=\"swiper-slide-inner\"><img decoding=\"async\" class=\"swiper-slide-image\" src=\"https:\/\/soymigrante.com\/revista\/wp-content\/uploads\/2023\/12\/venta-de-miel-768x768.webp\" alt=\"Miel es comercializado en ferias de emprendimiento local\" \/><\/figure><\/div><div class=\"swiper-slide\" role=\"group\" aria-roledescription=\"slide\" aria-label=\"2 de 4\"><figure class=\"swiper-slide-inner\"><img decoding=\"async\" class=\"swiper-slide-image\" src=\"https:\/\/soymigrante.com\/revista\/wp-content\/uploads\/2023\/12\/polen-1-768x768.webp\" alt=\"Miel en varias presentaciones\" \/><\/figure><\/div><div class=\"swiper-slide\" role=\"group\" aria-roledescription=\"slide\" aria-label=\"3 de 4\"><figure class=\"swiper-slide-inner\"><img decoding=\"async\" class=\"swiper-slide-image\" src=\"https:\/\/soymigrante.com\/revista\/wp-content\/uploads\/2023\/12\/Miel-en-casa-768x768.webp\" alt=\"La comercializaci\u00f3n a\u00fan cuenta con un proceso de marketig\" \/><\/figure><\/div><div class=\"swiper-slide\" role=\"group\" aria-roledescription=\"slide\" aria-label=\"4 de 4\"><figure class=\"swiper-slide-inner\"><img decoding=\"async\" class=\"swiper-slide-image\" src=\"https:\/\/soymigrante.com\/revista\/wp-content\/uploads\/2023\/12\/paquetes-768x768.webp\" alt=\"Tambi\u00e9n se realiza la venta de polen por mayor cantidad\" \/><\/figure><\/div>\t\t\t<\/div>\n\t\t\t\t\t\t\t\t\t\t\t\t<div class=\"elementor-swiper-button elementor-swiper-button-prev\" role=\"button\" tabindex=\"0\">\n\t\t\t\t\t\t<i aria-hidden=\"true\" class=\"eicon-chevron-left\"><\/i>\t\t\t\t\t<\/div>\n\t\t\t\t\t<div class=\"elementor-swiper-button elementor-swiper-button-next\" role=\"button\" tabindex=\"0\">\n\t\t\t\t\t\t<i aria-hidden=\"true\" class=\"eicon-chevron-right\"><\/i>\t\t\t\t\t<\/div>\n\t\t\t\t\n\t\t\t\t\t\t\t\t\t<div class=\"swiper-pagination\"><\/div>\n\t\t\t\t\t\t\t\t\t<\/div>\n\t\t\t\t\t\t<\/div>\n\t\t\t\t\t<\/div>\n\t\t<\/div>\n\t\t\t\t\t<\/div>\n\t\t<\/section>\n\t\t\t\t<section data-particle_enable=\"false\" data-particle-mobile-disabled=\"false\" class=\"elementor-section elementor-top-section elementor-element elementor-element-1f86c9a elementor-section-boxed elementor-section-height-default elementor-section-height-default\" data-id=\"1f86c9a\" data-element_type=\"section\" data-e-type=\"section\">\n\t\t\t\t\t\t<div class=\"elementor-container elementor-column-gap-default\">\n\t\t\t\t\t<div class=\"elementor-column elementor-col-100 elementor-top-column elementor-element elementor-element-6fdb039\" data-id=\"6fdb039\" data-element_type=\"column\" data-e-type=\"column\">\n\t\t\t<div class=\"elementor-widget-wrap elementor-element-populated\">\n\t\t\t\t\t\t<div class=\"elementor-element elementor-element-55ee750 elementor-widget elementor-widget-text-editor\" data-id=\"55ee750\" data-element_type=\"widget\" data-e-type=\"widget\" data-widget_type=\"text-editor.default\">\n\t\t\t\t\t\t\t\t\t<p><span style=\"font-weight: 400;\">Estas son las dosis diarias recomendadas de polen para adultos y ni\u00f1os seg\u00fan su edad:\u00a0<\/span><\/p><p><b>Adultos: <\/b><span style=\"font-weight: 400;\">Dos cucharaditas (16 g) de polen en polvo como tratamiento y una cucharadita y media (12 gr) como mantenimiento.\u00a0<\/span><\/p><p><b>Ni\u00f1os de 3 a 5 a\u00f1os: <\/b><span style=\"font-weight: 400;\">Una cucharadita rasa (4 g) como tratamiento.\u00a0<\/span><\/p><p><b>Infantes de 6 a 12 a\u00f1os: <\/b><span style=\"font-weight: 400;\">Una cucharadita (8g) como tratamiento.\u00a0<\/span><\/p><p><b>Ni\u00f1os mayores de 12 a\u00f1os: <\/b><span style=\"font-weight: 400;\">Dos cucharaditas (16 g) como tratamiento<\/span><\/p>\t\t\t\t\t\t\t\t<\/div>\n\t\t\t\t\t<\/div>\n\t\t<\/div>\n\t\t\t\t\t<\/div>\n\t\t<\/section>\n\t\t\t\t<section data-particle_enable=\"false\" data-particle-mobile-disabled=\"false\" class=\"elementor-section elementor-top-section elementor-element elementor-element-cda662f elementor-section-boxed elementor-section-height-default elementor-section-height-default\" data-id=\"cda662f\" data-element_type=\"section\" data-e-type=\"section\">\n\t\t\t\t\t\t<div class=\"elementor-container elementor-column-gap-default\">\n\t\t\t\t\t<div class=\"elementor-column elementor-col-100 elementor-top-column elementor-element elementor-element-71b371d\" data-id=\"71b371d\" data-element_type=\"column\" data-e-type=\"column\">\n\t\t\t<div class=\"elementor-widget-wrap elementor-element-populated\">\n\t\t\t\t\t\t<div class=\"elementor-element elementor-element-2938301 elementor-widget elementor-widget-heading\" data-id=\"2938301\" data-element_type=\"widget\" data-e-type=\"widget\" data-widget_type=\"heading.default\">\n\t\t\t\t\t<h2 class=\"elementor-heading-title elementor-size-default\">Curiosidades sobre el polen \n<\/h2>\t\t\t\t<\/div>\n\t\t\t\t\t<\/div>\n\t\t<\/div>\n\t\t\t\t\t<\/div>\n\t\t<\/section>\n\t\t\t\t<section data-particle_enable=\"false\" data-particle-mobile-disabled=\"false\" class=\"elementor-section elementor-top-section elementor-element elementor-element-1b2a2ef elementor-section-boxed elementor-section-height-default elementor-section-height-default\" data-id=\"1b2a2ef\" data-element_type=\"section\" data-e-type=\"section\">\n\t\t\t\t\t\t<div class=\"elementor-container elementor-column-gap-default\">\n\t\t\t\t\t<div class=\"elementor-column elementor-col-100 elementor-top-column elementor-element elementor-element-513c84a\" data-id=\"513c84a\" data-element_type=\"column\" data-e-type=\"column\">\n\t\t\t<div class=\"elementor-widget-wrap elementor-element-populated\">\n\t\t\t\t\t\t<div class=\"elementor-element elementor-element-5ae0019 elementor-widget elementor-widget-text-editor\" data-id=\"5ae0019\" data-element_type=\"widget\" data-e-type=\"widget\" data-widget_type=\"text-editor.default\">\n\t\t\t\t\t\t\t\t\t<ul><li><span style=\"font-weight: 400;\">El polen tiene el triple de prote\u00ednas que la carne.\u00a0<\/span><\/li><li><span style=\"font-weight: 400;\">Los apicultores que consumen polen de manera diaria han demostrado ser m\u00e1s longevos.\u00a0<\/span><\/li><li><span style=\"font-weight: 400;\">Para recolectar 1 kg de polen, la abeja tiene que hacer m\u00e1s de 60 mil vuelos hasta la colmena.\u00a0<\/span><\/li><li><span style=\"font-weight: 400;\">Por medio de la recolecci\u00f3n del polen, las abejas aseguran la polinizaci\u00f3n de la mayor\u00eda de las flores, as\u00ed como la maduraci\u00f3n de sus frutos. <\/span><\/li><\/ul><p><span style=\"font-weight: 400;\">&#8220;<\/span><span style=\"font-weight: 400;\">Finalmente, para subrayar la importancia de este elemento de la naturaleza, cabe decir que el 75% de la alimentaci\u00f3n de todo el mundo depende precisamente de esta actividad polinizadora de la abeja mel\u00edfera, la \u00fanica responsable de esta tarea&#8221;<\/span><\/p>\t\t\t\t\t\t\t\t<\/div>\n\t\t\t\t\t<\/div>\n\t\t<\/div>\n\t\t\t\t\t<\/div>\n\t\t<\/section>\n\t\t\t\t<section data-particle_enable=\"false\" data-particle-mobile-disabled=\"false\" class=\"elementor-section elementor-top-section elementor-element elementor-element-66e52d2 elementor-section-boxed elementor-section-height-default elementor-section-height-default\" data-id=\"66e52d2\" data-element_type=\"section\" data-e-type=\"section\">\n\t\t\t\t\t\t<div class=\"elementor-container elementor-column-gap-default\">\n\t\t\t\t\t<div class=\"elementor-column elementor-col-100 elementor-top-column elementor-element elementor-element-3cb9daf\" data-id=\"3cb9daf\" data-element_type=\"column\" data-e-type=\"column\">\n\t\t\t<div class=\"elementor-widget-wrap elementor-element-populated\">\n\t\t\t\t\t\t<div class=\"elementor-element elementor-element-2c573d2 elementor-arrows-position-inside elementor-pagination-position-outside elementor-widget elementor-widget-image-carousel\" data-id=\"2c573d2\" data-element_type=\"widget\" data-e-type=\"widget\" data-settings=\"{&quot;slides_to_show&quot;:&quot;1&quot;,&quot;navigation&quot;:&quot;both&quot;,&quot;autoplay&quot;:&quot;yes&quot;,&quot;pause_on_hover&quot;:&quot;yes&quot;,&quot;pause_on_interaction&quot;:&quot;yes&quot;,&quot;autoplay_speed&quot;:5000,&quot;infinite&quot;:&quot;yes&quot;,&quot;effect&quot;:&quot;slide&quot;,&quot;speed&quot;:500}\" data-widget_type=\"image-carousel.default\">\n\t\t\t\t\t\t\t<div class=\"elementor-image-carousel-wrapper swiper\" role=\"region\" aria-roledescription=\"carousel\" aria-label=\"Carrusel de im\u00e1genes\" dir=\"ltr\">\n\t\t\t<div class=\"elementor-image-carousel swiper-wrapper\" aria-live=\"off\">\n\t\t\t\t\t\t\t\t<div class=\"swiper-slide\" role=\"group\" aria-roledescription=\"slide\" aria-label=\"1 de 6\"><figure class=\"swiper-slide-inner\"><img decoding=\"async\" class=\"swiper-slide-image\" src=\"https:\/\/soymigrante.com\/revista\/wp-content\/uploads\/2023\/12\/Abejas-en-proceso-768x768.webp\" alt=\"Lo que lleg\u00f3 como un problema se convirti\u00f3 en una soluci\u00f3n y una oportunidad de emprendimiento\" \/><figcaption class=\"elementor-image-carousel-caption\">Lo que lleg\u00f3 como un problema se convirti\u00f3 en una soluci\u00f3n y una oportunidad de emprendimiento<\/figcaption><\/figure><\/div><div class=\"swiper-slide\" role=\"group\" aria-roledescription=\"slide\" aria-label=\"2 de 6\"><figure class=\"swiper-slide-inner\"><img decoding=\"async\" class=\"swiper-slide-image\" src=\"https:\/\/soymigrante.com\/revista\/wp-content\/uploads\/2023\/12\/proceso--768x768.webp\" alt=\"Ovidio a incluido a su familia, sus hijos son ingenieros forestales ambos aportan en la parte de tecnificaci\u00f3n\" \/><figcaption class=\"elementor-image-carousel-caption\">Ovidio a incluido a su familia, sus hijos son ingenieros forestales ambos aportan en la parte de tecnificaci\u00f3n <\/figcaption><\/figure><\/div><div class=\"swiper-slide\" role=\"group\" aria-roledescription=\"slide\" aria-label=\"3 de 6\"><figure class=\"swiper-slide-inner\"><img decoding=\"async\" class=\"swiper-slide-image\" src=\"https:\/\/soymigrante.com\/revista\/wp-content\/uploads\/2023\/12\/proceso-de-miel-768x768.webp\" alt=\"Esta labor es importante y larga, Ovidio se dedica completamente a este proceso. Las ense\u00f1anza en la carpinter\u00eda le permiten crear las cajas de polen y marcos.\" \/><figcaption class=\"elementor-image-carousel-caption\">Esta labor es importante y larga, Ovidio se dedica completamente a este proceso. Las ense\u00f1anza en la carpinter\u00eda le permiten crear las cajas de polen y marcos.<\/figcaption><\/figure><\/div><div class=\"swiper-slide\" role=\"group\" aria-roledescription=\"slide\" aria-label=\"4 de 6\"><figure class=\"swiper-slide-inner\"><img decoding=\"async\" class=\"swiper-slide-image\" src=\"https:\/\/soymigrante.com\/revista\/wp-content\/uploads\/2023\/12\/proceso-768x768.jpg\" alt=\"Una labor que ha logrado el \u00e9xito junto a su familia. Durante su proceso de formaci\u00f3n gano el primer lugar para el capital semilla; este le permite adquirir e invertir en su negocio\" \/><figcaption class=\"elementor-image-carousel-caption\">Una labor que ha logrado el \u00e9xito junto a su familia. Durante su proceso de formaci\u00f3n gano el primer lugar para el capital semilla; este le permite adquirir e invertir en su negocio<\/figcaption><\/figure><\/div><div class=\"swiper-slide\" role=\"group\" aria-roledescription=\"slide\" aria-label=\"5 de 6\"><figure class=\"swiper-slide-inner\"><img decoding=\"async\" class=\"swiper-slide-image\" src=\"https:\/\/soymigrante.com\/revista\/wp-content\/uploads\/2023\/12\/Productor-de-miel-en-casa-768x768.webp\" alt=\"El objetivo a futuro es lograr expandirse y comercializar en diferentes puntos del territorio guatemalteco\" \/><figcaption class=\"elementor-image-carousel-caption\">El objetivo a futuro es lograr expandirse y comercializar en diferentes puntos del territorio guatemalteco <\/figcaption><\/figure><\/div><div class=\"swiper-slide\" role=\"group\" aria-roledescription=\"slide\" aria-label=\"6 de 6\"><figure class=\"swiper-slide-inner\"><img decoding=\"async\" class=\"swiper-slide-image\" src=\"https:\/\/soymigrante.com\/revista\/wp-content\/uploads\/2023\/12\/Miel-en-casa-768x768.webp\" alt=\"La comercializaci\u00f3n a\u00fan cuenta con un proceso de marketig\" \/><figcaption class=\"elementor-image-carousel-caption\">En un futuro pretenden generar empleos para m\u00e1s personas y contribuir a la econom\u00eda local<\/figcaption><\/figure><\/div>\t\t\t<\/div>\n\t\t\t\t\t\t\t\t\t\t\t\t<div class=\"elementor-swiper-button elementor-swiper-button-prev\" role=\"button\" tabindex=\"0\">\n\t\t\t\t\t\t<i aria-hidden=\"true\" class=\"eicon-chevron-left\"><\/i>\t\t\t\t\t<\/div>\n\t\t\t\t\t<div class=\"elementor-swiper-button elementor-swiper-button-next\" role=\"button\" tabindex=\"0\">\n\t\t\t\t\t\t<i aria-hidden=\"true\" class=\"eicon-chevron-right\"><\/i>\t\t\t\t\t<\/div>\n\t\t\t\t\n\t\t\t\t\t\t\t\t\t<div class=\"swiper-pagination\"><\/div>\n\t\t\t\t\t\t\t\t\t<\/div>\n\t\t\t\t\t\t<\/div>\n\t\t\t\t\t<\/div>\n\t\t<\/div>\n\t\t\t\t\t<\/div>\n\t\t<\/section>\n\t\t\t\t<section data-particle_enable=\"false\" data-particle-mobile-disabled=\"false\" class=\"elementor-section elementor-top-section elementor-element elementor-element-2c88931 elementor-section-boxed elementor-section-height-default elementor-section-height-default\" data-id=\"2c88931\" data-element_type=\"section\" data-e-type=\"section\">\n\t\t\t\t\t\t<div class=\"elementor-container elementor-column-gap-default\">\n\t\t\t\t\t<div class=\"elementor-column elementor-col-100 elementor-top-column elementor-element elementor-element-c7d12f4\" data-id=\"c7d12f4\" data-element_type=\"column\" data-e-type=\"column\">\n\t\t\t<div class=\"elementor-widget-wrap elementor-element-populated\">\n\t\t\t\t\t\t<div class=\"elementor-element elementor-element-e3383b5 elementor-testimonial--skin-default elementor-testimonial--layout-image_inline elementor-testimonial--align-center elementor-arrows-yes elementor-pagination-type-bullets elementor-widget elementor-widget-testimonial-carousel\" data-id=\"e3383b5\" data-element_type=\"widget\" data-e-type=\"widget\" data-settings=\"{&quot;show_arrows&quot;:&quot;yes&quot;,&quot;pagination&quot;:&quot;bullets&quot;,&quot;speed&quot;:500,&quot;autoplay&quot;:&quot;yes&quot;,&quot;autoplay_speed&quot;:5000,&quot;loop&quot;:&quot;yes&quot;,&quot;pause_on_hover&quot;:&quot;yes&quot;,&quot;pause_on_interaction&quot;:&quot;yes&quot;,&quot;space_between&quot;:{&quot;unit&quot;:&quot;px&quot;,&quot;size&quot;:10,&quot;sizes&quot;:[]},&quot;space_between_tablet&quot;:{&quot;unit&quot;:&quot;px&quot;,&quot;size&quot;:10,&quot;sizes&quot;:[]},&quot;space_between_mobile&quot;:{&quot;unit&quot;:&quot;px&quot;,&quot;size&quot;:10,&quot;sizes&quot;:[]}}\" data-widget_type=\"testimonial-carousel.default\">\n\t\t\t\t\t\t\t\t\t\t<div class=\"elementor-main-swiper swiper\" role=\"region\" aria-roledescription=\"carousel\" aria-label=\"Diapositivas\">\n\t\t\t\t<div class=\"swiper-wrapper\">\n\t\t\t\t\t\t\t\t\t\t\t<div class=\"swiper-slide\" role=\"group\" aria-roledescription=\"slide\">\n\t\t\t\t\t\t\t\t\t<div class=\"elementor-testimonial\">\n\t\t\t\t\t\t\t<div class=\"elementor-testimonial__content\">\n\t\t\t\t\t<div class=\"elementor-testimonial__text\">\n\t\t\t\t\t\t\"En un futuro queremos expandirnos y contar con un espacio f\u00edsico para la comercializaci\u00f3n, regrese para quedarme con mi familia y estoy feliz de esta decisi\u00f3n\"  \t\t\t\t\t<\/div>\n\t\t\t\t\t\t\t\t\t<\/div>\n\t\t\t\t\t\t<div class=\"elementor-testimonial__footer\">\n\t\t\t\t\t\t\t\t\t<div class=\"elementor-testimonial__image\">\n\t\t\t\t\t\t<img decoding=\"async\" src=\"https:\/\/soymigrante.com\/revista\/wp-content\/uploads\/2023\/12\/capital-semilla-e1702335695391.webp\" alt=\"Tambi\u00e9n form\u00f3 parte del proceso de formaci\u00f3n por la fundaci\u00f3n Swisscontact Guatemala y ganador de uno de los 16 emprendedores para recibir el capital semilla como la certificaci\u00f3n de su negocio.\">\n\t\t\t\t\t\t\t\t\t\t\t<\/div>\n\t\t\t\t\t\t\t\t<cite class=\"elementor-testimonial__cite\"><span class=\"elementor-testimonial__name\">Ovidio Tomas Tzul<\/span><span class=\"elementor-testimonial__title\">Apicultor Migrante Guatemalteco retornado <\/span><\/cite>\t\t\t<\/div>\n\t\t<\/div>\n\t\t\t\t\t\t\t\t<\/div>\n\t\t\t\t\t\t\t\t\t<\/div>\n\t\t\t\t\t\t\t<\/div>\n\t\t\t\t\t\t\t\t<\/div>\n\t\t\t\t\t<\/div>\n\t\t<\/div>\n\t\t\t\t\t<\/div>\n\t\t<\/section>\n\t\t\t\t<section data-particle_enable=\"false\" data-particle-mobile-disabled=\"false\" class=\"elementor-section elementor-top-section elementor-element elementor-element-08ac026 elementor-section-boxed elementor-section-height-default elementor-section-height-default\" data-id=\"08ac026\" data-element_type=\"section\" data-e-type=\"section\">\n\t\t\t\t\t\t<div class=\"elementor-container elementor-column-gap-default\">\n\t\t\t\t\t<div class=\"elementor-column elementor-col-100 elementor-top-column elementor-element elementor-element-02a800b\" data-id=\"02a800b\" data-element_type=\"column\" data-e-type=\"column\">\n\t\t\t<div class=\"elementor-widget-wrap elementor-element-populated\">\n\t\t\t\t\t\t<div class=\"elementor-element elementor-element-53eee9e elementor-grid-eael-col-4 elementor-grid-tablet-eael-col-2 elementor-grid-mobile-eael-col-1 elementor-widget elementor-widget-eael-post-grid\" data-id=\"53eee9e\" data-element_type=\"widget\" data-e-type=\"widget\" data-settings=\"{&quot;eael_post_grid_columns&quot;:&quot;eael-col-4&quot;,&quot;eael_post_grid_columns_tablet&quot;:&quot;eael-col-2&quot;,&quot;eael_post_grid_columns_mobile&quot;:&quot;eael-col-1&quot;}\" data-widget_type=\"eael-post-grid.default\">\n\t\t\t\t\t<div id=\"eael-post-grid-53eee9e\" class=\"eael-post-grid-container\">\n            <div class=\"eael-post-grid eael-post-appender eael-post-appender-53eee9e eael-post-grid-style-one\" data-layout-mode=\"masonry\"><article class=\"eael-grid-post  eael-post-grid-column eael-pg-post-3624 category-exitos\" data-id=\"3624\">\n        <div class=\"eael-grid-post-holder\">\n            <div class=\"eael-grid-post-holder-inner\"><div class=\"eael-entry-media\"><div class=\"eael-entry-overlay fade-in\"><i class=\"fas fa-long-arrow-alt-right\" aria-hidden=\"true\"><\/i><a href=\"https:\/\/soymigrante.com\/revista\/migrante-basilio-sica-impulsa-convite-guatemalteco-en-los-angeles\/\"><\/a><\/div><div class=\"eael-entry-thumbnail \">\n                <img loading=\"lazy\" decoding=\"async\" width=\"300\" height=\"300\" src=\"https:\/\/soymigrante.com\/revista\/wp-content\/uploads\/2024\/08\/convite-basilio-2-300x300.jpg\" class=\"attachment-medium size-medium wp-image-18556\" alt=\"Arlequ\u00edn en carnaval con vestuario colorido y elaborado, participando en desfile callejero con otros bailarines y m\u00fasicos, celebrando cultura latinoamericana en ciudad moderna, en un d\u00eda soleado.\" srcset=\"https:\/\/soymigrante.com\/revista\/wp-content\/uploads\/2024\/08\/convite-basilio-2-300x300.jpg 300w, https:\/\/soymigrante.com\/revista\/wp-content\/uploads\/2024\/08\/convite-basilio-2-150x150.jpg 150w, https:\/\/soymigrante.com\/revista\/wp-content\/uploads\/2024\/08\/convite-basilio-2-75x75.webp 75w, https:\/\/soymigrante.com\/revista\/wp-content\/uploads\/2024\/08\/convite-basilio-2.webp 720w\" sizes=\"(max-width: 300px) 100vw, 300px\" \/>\n            <\/div>\n        <\/div><div class=\"eael-entry-wrapper\"><header class=\"eael-entry-header\"><h2 class=\"eael-entry-title\"><a class=\"eael-grid-post-link\" href=\"https:\/\/soymigrante.com\/revista\/migrante-basilio-sica-impulsa-convite-guatemalteco-en-los-angeles\/\" title=\"El migrante Basilio Sic\u00e1 impulsa tradici\u00f3n del convite guatemalteco en Los Angeles desde 2007\">El migrante Basilio Sic\u00e1 impulsa tradici\u00f3n del convite guatemalteco en Los Angeles desde 2007<\/a><\/h2><\/header><\/div><\/div>\n        <\/div>\n    <\/article><article class=\"eael-grid-post  eael-post-grid-column eael-pg-post-3761 category-estamos-unidos\" data-id=\"3761\">\n        <div class=\"eael-grid-post-holder\">\n            <div class=\"eael-grid-post-holder-inner\"><div class=\"eael-entry-media\"><div class=\"eael-entry-overlay fade-in\"><i class=\"fas fa-long-arrow-alt-right\" aria-hidden=\"true\"><\/i><a href=\"https:\/\/soymigrante.com\/revista\/migrantes-guatemaltecos-rechazan-intento-de-golpe-a-la-democracia\/\"><\/a><\/div><div class=\"eael-entry-thumbnail \">\n                <img loading=\"lazy\" decoding=\"async\" width=\"300\" height=\"242\" src=\"https:\/\/soymigrante.com\/revista\/wp-content\/uploads\/2023\/12\/Captura-de-pantalla-2023-12-11-095118-300x242.webp\" class=\"attachment-medium size-medium wp-image-3762\" alt=\"\" srcset=\"https:\/\/soymigrante.com\/revista\/wp-content\/uploads\/2023\/12\/Captura-de-pantalla-2023-12-11-095118-300x242.webp 300w, https:\/\/soymigrante.com\/revista\/wp-content\/uploads\/2023\/12\/Captura-de-pantalla-2023-12-11-095118-768x619.webp 768w, https:\/\/soymigrante.com\/revista\/wp-content\/uploads\/2023\/12\/Captura-de-pantalla-2023-12-11-095118-750x605.webp 750w, https:\/\/soymigrante.com\/revista\/wp-content\/uploads\/2023\/12\/Captura-de-pantalla-2023-12-11-095118.webp 861w\" sizes=\"(max-width: 300px) 100vw, 300px\" \/>\n            <\/div>\n        <\/div><div class=\"eael-entry-wrapper\"><header class=\"eael-entry-header\"><h2 class=\"eael-entry-title\"><a class=\"eael-grid-post-link\" href=\"https:\/\/soymigrante.com\/revista\/migrantes-guatemaltecos-rechazan-intento-de-golpe-a-la-democracia\/\" title=\"Migrantes guatemaltecos repudian intento de socavar democracia\">Migrantes guatemaltecos repudian intento de socavar democracia<\/a><\/h2><\/header><\/div><\/div>\n        <\/div>\n    <\/article><article class=\"eael-grid-post  eael-post-grid-column eael-pg-post-3736 category-bienestar\" data-id=\"3736\">\n        <div class=\"eael-grid-post-holder\">\n            <div class=\"eael-grid-post-holder-inner\"><div class=\"eael-entry-media\"><div class=\"eael-entry-overlay fade-in\"><i class=\"fas fa-long-arrow-alt-right\" aria-hidden=\"true\"><\/i><a href=\"https:\/\/soymigrante.com\/revista\/migrante-idioma-ingles-aprendizaje-claves-reto-oportunidad\/\"><\/a><\/div><div class=\"eael-entry-thumbnail \">\n                <img loading=\"lazy\" decoding=\"async\" width=\"300\" height=\"295\" src=\"https:\/\/soymigrante.com\/revista\/wp-content\/uploads\/2023\/12\/Captura-de-pantalla-2024-10-10-182214-300x295.webp\" class=\"attachment-medium size-medium wp-image-10267\" alt=\"Aprendizaje de ingl\u00e9s, recursos educativos y cultura en SoyMigrante.com revista. Descubre art\u00edculos y noticias sobre migraci\u00f3n, educaci\u00f3n y comunidad en ingl\u00e9s y espa\u00f1ol.\" srcset=\"https:\/\/soymigrante.com\/revista\/wp-content\/uploads\/2023\/12\/Captura-de-pantalla-2024-10-10-182214-300x295.webp 300w, https:\/\/soymigrante.com\/revista\/wp-content\/uploads\/2023\/12\/Captura-de-pantalla-2024-10-10-182214-768x756.jpg 768w, https:\/\/soymigrante.com\/revista\/wp-content\/uploads\/2023\/12\/Captura-de-pantalla-2024-10-10-182214-75x75.webp 75w, https:\/\/soymigrante.com\/revista\/wp-content\/uploads\/2023\/12\/Captura-de-pantalla-2024-10-10-182214-750x738.webp 750w, https:\/\/soymigrante.com\/revista\/wp-content\/uploads\/2023\/12\/Captura-de-pantalla-2024-10-10-182214.webp 887w\" sizes=\"(max-width: 300px) 100vw, 300px\" \/>\n            <\/div>\n        <\/div><div class=\"eael-entry-wrapper\"><header class=\"eael-entry-header\"><h2 class=\"eael-entry-title\"><a class=\"eael-grid-post-link\" href=\"https:\/\/soymigrante.com\/revista\/migrante-idioma-ingles-aprendizaje-claves-reto-oportunidad\/\" title=\"\u00a1Oh, el ingl\u00e9s! 7 consejos para el migrante que quiere aprender y crecer\">\u00a1Oh, el ingl\u00e9s! 7 consejos para el migrante que quiere aprender y crecer<\/a><\/h2><\/header><\/div><\/div>\n        <\/div>\n    <\/article><article class=\"eael-grid-post  eael-post-grid-column eael-pg-post-3582 category-exitos\" data-id=\"3582\">\n        <div class=\"eael-grid-post-holder\">\n            <div class=\"eael-grid-post-holder-inner\"><div class=\"eael-entry-media\"><div class=\"eael-entry-overlay fade-in\"><i class=\"fas fa-long-arrow-alt-right\" aria-hidden=\"true\"><\/i><a href=\"https:\/\/soymigrante.com\/revista\/musico-actor-guatemalteco-migrante-en-nueva-york-domingo-lemus\/\"><\/a><\/div><div class=\"eael-entry-thumbnail \">\n                <img loading=\"lazy\" decoding=\"async\" width=\"300\" height=\"265\" src=\"https:\/\/soymigrante.com\/revista\/wp-content\/uploads\/2023\/12\/minguito-300x265.webp\" class=\"attachment-medium size-medium wp-image-3599\" alt=\"\" srcset=\"https:\/\/soymigrante.com\/revista\/wp-content\/uploads\/2023\/12\/minguito-300x265.webp 300w, https:\/\/soymigrante.com\/revista\/wp-content\/uploads\/2023\/12\/minguito-768x678.webp 768w, https:\/\/soymigrante.com\/revista\/wp-content\/uploads\/2023\/12\/minguito-750x662.jpg 750w, https:\/\/soymigrante.com\/revista\/wp-content\/uploads\/2023\/12\/minguito.webp 855w\" sizes=\"(max-width: 300px) 100vw, 300px\" \/>\n            <\/div>\n        <\/div><div class=\"eael-entry-wrapper\"><header class=\"eael-entry-header\"><h2 class=\"eael-entry-title\"><a class=\"eael-grid-post-link\" href=\"https:\/\/soymigrante.com\/revista\/musico-actor-guatemalteco-migrante-en-nueva-york-domingo-lemus\/\" title=\"\u201cTodos somos migrantes\u201d: Domingo Lemus, cineasta y m\u00fasico en NY\">\u201cTodos somos migrantes\u201d: Domingo Lemus, cineasta y m\u00fasico en NY<\/a><\/h2><\/header><\/div><\/div>\n        <\/div>\n    <\/article><\/div>\n            <div class=\"clearfix\"><\/div>\n        <\/div>\t\t\t\t<\/div>\n\t\t\t\t\t<\/div>\n\t\t<\/div>\n\t\t\t\t\t<\/div>\n\t\t<\/section>\n\t\t\t\t<\/div>\n\t\t","protected":false},"excerpt":{"rendered":"<p>Ovidio Tom\u00e1s Tzul \u00c1lvarez es migrante guatemalteco retornado. La llegada de un enjambre le dio vida a la crianza de abejas para cosechar miel y polen. Esta actividad le permite mantener a su hogar, aportar productividad y cuidar del medio ambiente. Ovidio Tom\u00e1s Tzul \u00c1lvarez es migrante retornado desde su llegada se dedic\u00f3 a la [&hellip;]<\/p>\n","protected":false},"author":10,"featured_media":3770,"comment_status":"open","ping_status":"open","sticky":false,"template":"","format":"standard","meta":{"_acf_changed":false,"_eb_attr":"","footnotes":""},"categories":[50],"tags":[],"class_list":["post-3792","post","type-post","status-publish","format-standard","has-post-thumbnail","hentry","category-exitos"],"acf":[],"aioseo_notices":[],"aioseo_head":"\n\t\t<!-- All in One SEO Pro 4.9.6.2 - aioseo.com -->\n\t<meta name=\"description\" content=\"\u201cMi vida ha sido migrante casi desde que nac\u00ed\u201d, dice el guatemalteco Domingo Lemus, cuyo rostro se hizo ic\u00f3nico por la pel\u00edcula &quot;Puro Mula&quot;, de 2011, pero cuyo talento musical, creativo y f\u00edlmico crece en EE.UU al trabajar en producciones de cine y TV. En cada llegada o salida de Guatemala, vibran emociones en la\" \/>\n\t<meta name=\"robots\" content=\"max-snippet:-1, max-image-preview:large, max-video-preview:-1\" \/>\n\t<meta name=\"author\" content=\"Diana Batz\"\/>\n\t<link rel=\"canonical\" href=\"https:\/\/soymigrante.com\/revista\/migrante-retornado-endulza-hogares-con-miel-y-polen\/\" \/>\n\t<meta name=\"generator\" content=\"All in One SEO Pro (AIOSEO) 4.9.6.2\" \/>\n\n\t\t<link rel=\"preconnect\" href=\"https:\/\/fonts.googleapis.com\" crossorigin>\n<link rel=\"preconnect\" href=\"https:\/\/fonts.gstatic.com\" crossorigin>\n\t\t<meta property=\"og:locale\" content=\"es_ES\" \/>\n\t\t<meta property=\"og:site_name\" content=\"SoyMigrante.com REVISTA \u2013 Nuestra misi\u00f3n es reconocer y dignificar al migrante.\" \/>\n\t\t<meta property=\"og:type\" content=\"article\" \/>\n\t\t<meta property=\"og:title\" content=\"Migrante retornado endulza hogares con miel y polen\" \/>\n\t\t<meta property=\"og:description\" content=\"Ovidio migrante guatemalteco retornado emprende con la crianza de abejas para cosecha de miel y polen.\" \/>\n\t\t<meta property=\"og:url\" content=\"https:\/\/soymigrante.com\/revista\/migrante-retornado-endulza-hogares-con-miel-y-polen\/\" \/>\n\t\t<meta property=\"og:image\" content=\"https:\/\/soymigrante.com\/revista\/wp-content\/uploads\/2023\/12\/banner-2.webp\" \/>\n\t\t<meta property=\"og:image:secure_url\" content=\"https:\/\/soymigrante.com\/revista\/wp-content\/uploads\/2023\/12\/banner-2.webp\" \/>\n\t\t<meta property=\"og:image:width\" content=\"1920\" \/>\n\t\t<meta property=\"og:image:height\" content=\"1920\" \/>\n\t\t<meta property=\"article:published_time\" content=\"2023-12-11T23:30:03+00:00\" \/>\n\t\t<meta property=\"article:modified_time\" content=\"2024-07-29T09:56:11+00:00\" \/>\n\t\t<meta property=\"article:publisher\" content=\"https:\/\/www.facebook.com\/soymigrantecom\" \/>\n\t\t<meta name=\"twitter:card\" content=\"summary_large_image\" \/>\n\t\t<meta name=\"twitter:site\" content=\"@SoyMigrante_com\" \/>\n\t\t<meta name=\"twitter:title\" content=\"Migrante retornado endulza hogares con miel y polen\" \/>\n\t\t<meta name=\"twitter:description\" content=\"Ovidio migrante guatemalteco retornado emprende con la crianza de abejas para cosecha de miel y polen.\" \/>\n\t\t<meta name=\"twitter:creator\" content=\"@SoyMigrante_com\" \/>\n\t\t<meta name=\"twitter:image\" content=\"https:\/\/soymigrante.com\/revista\/wp-content\/uploads\/2023\/12\/banner-2.webp\" \/>\n\t\t<!-- All in One SEO Pro -->\r\n\t\t<title>Migrante retornado endulza hogares con miel y polen<\/title>\n\n","aioseo_head_json":{"title":"Migrante retornado endulza hogares con miel y polen","description":"Ovidio migrante guatemalteco retornado emprende con la crianza de abejas para cosecha de miel y polen.","canonical_url":"https:\/\/soymigrante.com\/revista\/migrante-retornado-endulza-hogares-con-miel-y-polen\/","robots":"max-snippet:-1, max-image-preview:large, max-video-preview:-1","keywords":"","webmasterTools":{"miscellaneous":"&lt;link rel=\"preconnect\" href=\"https:\/\/fonts.googleapis.com\" crossorigin&gt;\n&lt;link rel=\"preconnect\" href=\"https:\/\/fonts.gstatic.com\" crossorigin&gt;"},"schema":null,"og:locale":"es_ES","og:site_name":"SoyMigrante.com REVISTA \u2013 Nuestra misi\u00f3n es reconocer y dignificar al migrante.","og:type":"article","og:title":"Migrante retornado endulza hogares con miel y polen","og:description":"Ovidio migrante guatemalteco retornado emprende con la crianza de abejas para cosecha de miel y polen.","og:url":"https:\/\/soymigrante.com\/revista\/migrante-retornado-endulza-hogares-con-miel-y-polen\/","og:image":"https:\/\/soymigrante.com\/revista\/wp-content\/uploads\/2023\/12\/banner-2.webp","og:image:secure_url":"https:\/\/soymigrante.com\/revista\/wp-content\/uploads\/2023\/12\/banner-2.webp","og:image:width":1920,"og:image:height":1920,"article:published_time":"2023-12-11T23:30:03+00:00","article:modified_time":"2024-07-29T09:56:11+00:00","article:publisher":"https:\/\/www.facebook.com\/soymigrantecom","twitter:card":"summary_large_image","twitter:site":"@SoyMigrante_com","twitter:title":"Migrante retornado endulza hogares con miel y polen","twitter:description":"Ovidio migrante guatemalteco retornado emprende con la crianza de abejas para cosecha de miel y polen.","twitter:creator":"@SoyMigrante_com","twitter:image":"https:\/\/soymigrante.com\/revista\/wp-content\/uploads\/2023\/12\/banner-2.webp"},"aioseo_meta_data":{"post_id":"3792","title":"Migrante retornado endulza hogares con miel y polen","description":"Ovidio migrante guatemalteco retornado emprende con la crianza de abejas para cosecha de miel y polen.","keywords":[],"keyphrases":{"focus":{"keyphrase":"Migrante","score":82,"analysis":{"keyphraseInTitle":{"score":9,"maxScore":9,"error":0},"keyphraseInDescription":{"score":9,"maxScore":9,"error":0},"keyphraseLength":{"score":9,"maxScore":9,"error":0,"length":1},"keyphraseInURL":{"score":5,"maxScore":5,"error":0},"keyphraseInIntroduction":{"score":3,"maxScore":9,"error":1},"keyphraseInSubHeadings":{"score":3,"maxScore":9,"error":1},"keyphraseInImageAlt":{"score":9,"maxScore":9,"error":0},"keywordDensity":{"type":"best","score":9,"maxScore":9,"error":0}}},"additional":[]},"primary_term":null,"canonical_url":null,"og_title":null,"og_description":null,"og_object_type":"default","og_image_type":"default","og_image_url":null,"og_image_width":null,"og_image_height":null,"og_image_custom_url":null,"og_image_custom_fields":null,"og_video":"","og_custom_url":null,"og_article_section":null,"og_article_tags":[],"twitter_use_og":false,"twitter_card":"default","twitter_image_type":"default","twitter_image_url":null,"twitter_image_custom_url":null,"twitter_image_custom_fields":null,"twitter_title":null,"twitter_description":null,"schema":{"blockGraphs":[],"customGraphs":[],"default":{"data":{"Article":[],"Course":[],"Dataset":[],"FAQPage":[],"Movie":[],"Person":[],"Product":[],"ProductReview":[],"Car":[],"Recipe":[],"Service":[],"SoftwareApplication":[],"WebPage":[]},"graphName":"BlogPosting","isEnabled":true},"graphs":[]},"schema_type":"default","schema_type_options":null,"pillar_content":false,"robots_default":true,"robots_noindex":false,"robots_noarchive":false,"robots_nosnippet":false,"robots_nofollow":false,"robots_noimageindex":false,"robots_noodp":false,"robots_notranslate":false,"robots_max_snippet":"-1","robots_max_videopreview":"-1","robots_max_imagepreview":"large","priority":null,"frequency":"default","local_seo":null,"seo_analyzer_scan_date":"2025-10-08 20:49:49","breadcrumb_settings":null,"limit_modified_date":false,"reviewed_by":null,"open_ai":null,"ai":null,"created":"2023-12-11 21:08:07","updated":"2026-02-04 10:03:15"},"aioseo_breadcrumb":"<div class=\"aioseo-breadcrumbs\"><span class=\"aioseo-breadcrumb\">\n\t<a href=\"https:\/\/soymigrante.com\/revista\" title=\"Home\">Home<\/a>\n<\/span><span class=\"aioseo-breadcrumb-separator\">\u00bb<\/span><span class=\"aioseo-breadcrumb\">\n\t<a href=\"https:\/\/soymigrante.com\/revista\/category\/exitos\/\" title=\"\u00c9xitos\">\u00c9xitos<\/a>\n<\/span><span class=\"aioseo-breadcrumb-separator\">\u00bb<\/span><span class=\"aioseo-breadcrumb\">\n\tMigrante retornado endulza  hogares con miel y polen\n<\/span><\/div>","aioseo_breadcrumb_json":[{"label":"Home","link":"https:\/\/soymigrante.com\/revista"},{"label":"\u00c9xitos","link":"https:\/\/soymigrante.com\/revista\/category\/exitos\/"},{"label":"Migrante retornado endulza  hogares con miel y polen","link":"https:\/\/soymigrante.com\/revista\/migrante-retornado-endulza-hogares-con-miel-y-polen\/"}],"_links":{"self":[{"href":"https:\/\/soymigrante.com\/revista\/wp-json\/wp\/v2\/posts\/3792","targetHints":{"allow":["GET"]}}],"collection":[{"href":"https:\/\/soymigrante.com\/revista\/wp-json\/wp\/v2\/posts"}],"about":[{"href":"https:\/\/soymigrante.com\/revista\/wp-json\/wp\/v2\/types\/post"}],"author":[{"embeddable":true,"href":"https:\/\/soymigrante.com\/revista\/wp-json\/wp\/v2\/users\/10"}],"replies":[{"embeddable":true,"href":"https:\/\/soymigrante.com\/revista\/wp-json\/wp\/v2\/comments?post=3792"}],"version-history":[{"count":0,"href":"https:\/\/soymigrante.com\/revista\/wp-json\/wp\/v2\/posts\/3792\/revisions"}],"wp:featuredmedia":[{"embeddable":true,"href":"https:\/\/soymigrante.com\/revista\/wp-json\/wp\/v2\/media\/3770"}],"wp:attachment":[{"href":"https:\/\/soymigrante.com\/revista\/wp-json\/wp\/v2\/media?parent=3792"}],"wp:term":[{"taxonomy":"category","embeddable":true,"href":"https:\/\/soymigrante.com\/revista\/wp-json\/wp\/v2\/categories?post=3792"},{"taxonomy":"post_tag","embeddable":true,"href":"https:\/\/soymigrante.com\/revista\/wp-json\/wp\/v2\/tags?post=3792"}],"curies":[{"name":"wp","href":"https:\/\/api.w.org\/{rel}","templated":true}]}}