{"id":37864,"date":"2025-06-30T07:36:56","date_gmt":"2025-06-30T13:36:56","guid":{"rendered":"https:\/\/soymigrante.com\/revista\/?p=37864"},"modified":"2025-06-30T07:37:08","modified_gmt":"2025-06-30T13:37:08","slug":"grutas-del-rey-marcos-un-viaje-al-corazon-subterraneo-de-guatemala","status":"publish","type":"post","link":"https:\/\/soymigrante.com\/revista\/grutas-del-rey-marcos-un-viaje-al-corazon-subterraneo-de-guatemala\/","title":{"rendered":"Grutas del Rey Marcos: un viaje al coraz\u00f3n subterr\u00e1neo de Guatemala"},"content":{"rendered":"\t\t<div data-elementor-type=\"wp-post\" data-elementor-id=\"37864\" class=\"elementor elementor-37864\" data-elementor-post-type=\"post\">\n\t\t\t\t<div data-particle_enable=\"false\" data-particle-mobile-disabled=\"false\" class=\"elementor-element elementor-element-2912731 e-flex e-con-boxed e-con e-parent\" data-id=\"2912731\" data-element_type=\"container\" data-e-type=\"container\">\n\t\t\t\t\t<div class=\"e-con-inner\">\n\t\t\t\t<div class=\"elementor-element elementor-element-b81aa98 elementor-widget elementor-widget-heading\" data-id=\"b81aa98\" data-element_type=\"widget\" data-e-type=\"widget\" data-widget_type=\"heading.default\">\n\t\t\t\t\t<h2 class=\"elementor-heading-title elementor-size-default\">Las Grutas del Rey Marcos son un viaje que se debe hacer por lo menos una vez en la vida, est\u00e1s son parte de la esencia de Guatemala. \n<\/h2>\t\t\t\t<\/div>\n\t\t\t\t\t<\/div>\n\t\t\t\t<\/div>\n\t\t<div data-particle_enable=\"false\" data-particle-mobile-disabled=\"false\" class=\"elementor-element elementor-element-7065815 e-flex e-con-boxed e-con e-parent\" data-id=\"7065815\" data-element_type=\"container\" data-e-type=\"container\">\n\t\t\t\t\t<div class=\"e-con-inner\">\n\t\t\t\t<div class=\"elementor-element elementor-element-2815d56 elementor-widget elementor-widget-text-editor\" data-id=\"2815d56\" data-element_type=\"widget\" data-e-type=\"widget\" data-widget_type=\"text-editor.default\">\n\t\t\t\t\t\t\t\t\t<p>En el municipio de San Juan Chamelco<a href=\"https:\/\/soymigrante.com\/revista\/departamentos-de-guatemala-alta-verapaz-mosaico-cultural-y-natural\/\" target=\"_blank\" rel=\"noopener\">, Alta Verapaz, se esconde uno de los secretos naturales m\u00e1s impresionantes de Guatemala<\/a>: las Grutas del Rey Marcos, un sistema de cuevas y formaciones subterr\u00e1neas que ofrece una experiencia \u00fanica de aventura, misticismo y conexi\u00f3n con la naturaleza.<\/p><p>Ubicadas a solo 20 minutos de Cob\u00e1n, estas grutas han sido parte de la tradici\u00f3n oral de los pueblos mayas q\u2019eqchi\u2019, quienes les atribu\u00edan un car\u00e1cter sagrado. Hoy, las Grutas del Rey Marcos son un atractivo tur\u00edstico que combina historia, belleza geol\u00f3gica y emoci\u00f3n para quienes se atreven a explorarlas.<\/p>\t\t\t\t\t\t\t\t<\/div>\n\t\t\t\t\t<\/div>\n\t\t\t\t<\/div>\n\t\t<div data-particle_enable=\"false\" data-particle-mobile-disabled=\"false\" class=\"elementor-element elementor-element-a17220d e-flex e-con-boxed e-con e-parent\" data-id=\"a17220d\" data-element_type=\"container\" data-e-type=\"container\">\n\t\t\t\t\t<div class=\"e-con-inner\">\n\t\t\t\t<div class=\"elementor-element elementor-element-a206586 elementor-widget elementor-widget-heading\" data-id=\"a206586\" data-element_type=\"widget\" data-e-type=\"widget\" data-widget_type=\"heading.default\">\n\t\t\t\t\t<h3 class=\"elementor-heading-title elementor-size-default\">\u00bfD\u00f3nde est\u00e1n y c\u00f3mo llegar?<\/h3>\t\t\t\t<\/div>\n\t\t\t\t\t<\/div>\n\t\t\t\t<\/div>\n\t\t<div data-particle_enable=\"false\" data-particle-mobile-disabled=\"false\" class=\"elementor-element elementor-element-428a141 e-flex e-con-boxed e-con e-parent\" data-id=\"428a141\" data-element_type=\"container\" data-e-type=\"container\">\n\t\t\t\t\t<div class=\"e-con-inner\">\n\t\t\t\t<div class=\"elementor-element elementor-element-dc97735 elementor-widget elementor-widget-text-editor\" data-id=\"dc97735\" data-element_type=\"widget\" data-e-type=\"widget\" data-widget_type=\"text-editor.default\">\n\t\t\t\t\t\t\t\t\t<p>Las grutas se encuentran en la aldea Rey Marcos, municipio de San Juan Chamelco, departamento de Alta Verapaz. <a href=\"https:\/\/soymigrante.com\/revista\/departamentos-de-guatemala-alta-verapaz-mosaico-cultural-y-natural\/\" target=\"_blank\" rel=\"noopener\">Desde la ciudad de Cob\u00e1n, el trayecto toma entre 15 a 20 minutos en veh\u00edculo,<\/a> siguiendo la carretera hacia San Pedro Carch\u00e1. Hay se\u00f1alizaci\u00f3n adecuada para llegar hasta la entrada del complejo tur\u00edstico.<\/p>\t\t\t\t\t\t\t\t<\/div>\n\t\t\t\t\t<\/div>\n\t\t\t\t<\/div>\n\t\t<div data-particle_enable=\"false\" data-particle-mobile-disabled=\"false\" class=\"elementor-element elementor-element-c15451e e-flex e-con-boxed e-con e-parent\" data-id=\"c15451e\" data-element_type=\"container\" data-e-type=\"container\">\n\t\t\t\t\t<div class=\"e-con-inner\">\n\t\t\t\t<div class=\"elementor-element elementor-element-d370859 elementor-widget elementor-widget-image\" data-id=\"d370859\" data-element_type=\"widget\" data-e-type=\"widget\" data-widget_type=\"image.default\">\n\t\t\t\t\t\t\t\t\t\t\t\t<figure class=\"wp-caption\">\n\t\t\t\t\t\t\t\t\t\t<img fetchpriority=\"high\" decoding=\"async\" width=\"768\" height=\"436\" src=\"https:\/\/soymigrante.com\/revista\/wp-content\/uploads\/2025\/06\/Grutas-del-rey-marcos-3.webp\" class=\"attachment-large size-large wp-image-37877\" alt=\"Serenidad y naturaleza en un r\u00edo rodeado de \u00e1rboles y \u00e1reas verdes, ideal para relajarse y disfrutar del paisaje en un entorno natural y tranquilo.\" srcset=\"https:\/\/soymigrante.com\/revista\/wp-content\/uploads\/2025\/06\/Grutas-del-rey-marcos-3.webp 890w, https:\/\/soymigrante.com\/revista\/wp-content\/uploads\/2025\/06\/Grutas-del-rey-marcos-3-300x170.jpg 300w, https:\/\/soymigrante.com\/revista\/wp-content\/uploads\/2025\/06\/Grutas-del-rey-marcos-3-768x436.jpg 768w, https:\/\/soymigrante.com\/revista\/wp-content\/uploads\/2025\/06\/Grutas-del-rey-marcos-3-750x426.jpg 750w\" sizes=\"(max-width: 768px) 100vw, 768px\" title=\"Al ingreso del parque se puede observar un hermoso r\u00edo. (Foto: INGUAT) \u2013 SoyMigrante.com REVISTA\" \/>\t\t\t\t\t\t\t\t\t\t\t<figcaption class=\"widget-image-caption wp-caption-text\">Paisaje natural con r\u00edo, \u00e1rboles y zonas verdes, ideal para el descanso y el turismo ecol\u00f3gico, perfectas para disfrutar en familia o con amigos en un espacio natural.<\/figcaption>\n\t\t\t\t\t\t\t\t\t\t<\/figure>\n\t\t\t\t\t\t\t\t\t<\/div>\n\t\t\t\t\t<\/div>\n\t\t\t\t<\/div>\n\t\t<div data-particle_enable=\"false\" data-particle-mobile-disabled=\"false\" class=\"elementor-element elementor-element-0beacf3 e-flex e-con-boxed e-con e-parent\" data-id=\"0beacf3\" data-element_type=\"container\" data-e-type=\"container\">\n\t\t\t\t\t<div class=\"e-con-inner\">\n\t\t\t\t<div class=\"elementor-element elementor-element-dafe589 elementor-widget elementor-widget-heading\" data-id=\"dafe589\" data-element_type=\"widget\" data-e-type=\"widget\" data-widget_type=\"heading.default\">\n\t\t\t\t\t<h3 class=\"elementor-heading-title elementor-size-default\">\u00bfCu\u00e1nto cuesta el ingreso?\n<\/h3>\t\t\t\t<\/div>\n\t\t\t\t\t<\/div>\n\t\t\t\t<\/div>\n\t\t<div data-particle_enable=\"false\" data-particle-mobile-disabled=\"false\" class=\"elementor-element elementor-element-c508a98 e-flex e-con-boxed e-con e-parent\" data-id=\"c508a98\" data-element_type=\"container\" data-e-type=\"container\">\n\t\t\t\t\t<div class=\"e-con-inner\">\n\t\t\t\t<div class=\"elementor-element elementor-element-21d384e elementor-widget elementor-widget-text-editor\" data-id=\"21d384e\" data-element_type=\"widget\" data-e-type=\"widget\" data-widget_type=\"text-editor.default\">\n\t\t\t\t\t\t\t\t\t<div><a href=\"https:\/\/soymigrante.com\/revista\/departamentos-de-guatemala-alta-verapaz-mosaico-cultural-y-natural\/\" target=\"_blank\" rel=\"noopener\">El ingreso al parque natural tiene diferentes tarifas seg\u00fan las actividades que se quieran realizar:<\/a><\/div><div>\u2022Entrada general (solo caminata por senderos):<\/div><div>\u2022Q25 para guatemaltecos<\/div><div>\u2022Q60 para extranjeros<\/div><div>\u2022Tour guiado dentro de las grutas:<\/div><div>\u2022Q80 por persona (incluye casco con luz, gu\u00eda, y acceso a cuevas)<\/div><div>\u2022Tour completo (grutas + senderos + \u00e1rea de descanso):<\/div><div>\u2022Q100 por persona<\/div><div>\u00a0<\/div><div>Hay descuentos para grupos escolares, estudiantes con carn\u00e9 y paquetes familiares. El parque abre todos los d\u00edas de 8:00 a 17:00 horas.<\/div>\t\t\t\t\t\t\t\t<\/div>\n\t\t\t\t\t<\/div>\n\t\t\t\t<\/div>\n\t\t<div data-particle_enable=\"false\" data-particle-mobile-disabled=\"false\" class=\"elementor-element elementor-element-fd8dd96 e-flex e-con-boxed e-con e-parent\" data-id=\"fd8dd96\" data-element_type=\"container\" data-e-type=\"container\">\n\t\t\t\t\t<div class=\"e-con-inner\">\n\t\t\t\t<div class=\"elementor-element elementor-element-f4421e0 elementor-widget elementor-widget-heading\" data-id=\"f4421e0\" data-element_type=\"widget\" data-e-type=\"widget\" data-widget_type=\"heading.default\">\n\t\t\t\t\t<h3 class=\"elementor-heading-title elementor-size-default\">\u00bfQu\u00e9 se puede observar?<\/h3>\t\t\t\t<\/div>\n\t\t\t\t\t<\/div>\n\t\t\t\t<\/div>\n\t\t<div data-particle_enable=\"false\" data-particle-mobile-disabled=\"false\" class=\"elementor-element elementor-element-c408ef7 e-flex e-con-boxed e-con e-parent\" data-id=\"c408ef7\" data-element_type=\"container\" data-e-type=\"container\">\n\t\t\t\t\t<div class=\"e-con-inner\">\n\t\t\t\t<div class=\"elementor-element elementor-element-69e616e elementor-widget elementor-widget-text-editor\" data-id=\"69e616e\" data-element_type=\"widget\" data-e-type=\"widget\" data-widget_type=\"text-editor.default\">\n\t\t\t\t\t\t\t\t\t<div><strong>El recorrido dentro de las grutas permite adentrarse unos 400 metros bajo tierra, donde los visitantes pueden observar:<\/strong><\/div><div>\u2022Formaciones de estalactitas y estalagmitas que datan de miles de a\u00f1os.<\/div><div>\u2022Un r\u00edo subterr\u00e1neo de aguas fr\u00edas que corre entre las rocas.<\/div><div>\u2022Una cascada subterr\u00e1nea conocida como \u201cla ducha del rey\u201d, punto perfecto para fotos.<\/div><div>\u2022Formas naturales que simulan animales, rostros y figuras, las cuales los gu\u00edas interpretan con leyendas mayas.<\/div><div>\u00a0<\/div><div><strong>En la superficie, el complejo tambi\u00e9n ofrece:<\/strong><\/div><div>\u2022Senderos ecol\u00f3gicos en medio del bosque nublado.<\/div><div>\u2022Miradores naturales con vistas a la vegetaci\u00f3n de Alta Verapaz.<\/div><div>\u2022\u00c1reas de descanso, ranchitos y zonas para picnic.<\/div><div>\u2022Una tienda de recuerdos y restaurante con platillos t\u00edpicos.<\/div>\t\t\t\t\t\t\t\t<\/div>\n\t\t\t\t\t<\/div>\n\t\t\t\t<\/div>\n\t\t<div data-particle_enable=\"false\" data-particle-mobile-disabled=\"false\" class=\"elementor-element elementor-element-287cf5f e-flex e-con-boxed e-con e-parent\" data-id=\"287cf5f\" data-element_type=\"container\" data-e-type=\"container\">\n\t\t\t\t\t<div class=\"e-con-inner\">\n\t\t\t\t<div class=\"elementor-element elementor-element-ebd547a elementor-widget elementor-widget-image\" data-id=\"ebd547a\" data-element_type=\"widget\" data-e-type=\"widget\" data-widget_type=\"image.default\">\n\t\t\t\t\t\t\t\t\t\t\t\t<figure class=\"wp-caption\">\n\t\t\t\t\t\t\t\t\t\t<img decoding=\"async\" width=\"640\" height=\"960\" src=\"https:\/\/soymigrante.com\/revista\/wp-content\/uploads\/2025\/06\/grutas-del-rey-marcos-5.webp\" class=\"attachment-large size-large wp-image-37881\" alt=\"Formaci\u00f3n de estalactitas y estalagmitas en una cueva, belleza natural y formaci\u00f3n geol\u00f3gica, turismo y exploraci\u00f3n en cavernas.\" srcset=\"https:\/\/soymigrante.com\/revista\/wp-content\/uploads\/2025\/06\/grutas-del-rey-marcos-5.webp 640w, https:\/\/soymigrante.com\/revista\/wp-content\/uploads\/2025\/06\/grutas-del-rey-marcos-5-200x300.jpg 200w\" sizes=\"(max-width: 640px) 100vw, 640px\" title=\"Las Grutas del Rey Marcos son un destino imperdible en Guatemala. (Foto: INGUAT) \u2013 SoyMigrante.com REVISTA\" \/>\t\t\t\t\t\t\t\t\t\t\t<figcaption class=\"widget-image-caption wp-caption-text\">Formaciones de estalactitas y estalagmitas en cueva subterr\u00e1nea para turismo y exploraci\u00f3n.<\/figcaption>\n\t\t\t\t\t\t\t\t\t\t<\/figure>\n\t\t\t\t\t\t\t\t\t<\/div>\n\t\t\t\t\t<\/div>\n\t\t\t\t<\/div>\n\t\t<div data-particle_enable=\"false\" data-particle-mobile-disabled=\"false\" class=\"elementor-element elementor-element-e59a873 e-flex e-con-boxed e-con e-parent\" data-id=\"e59a873\" data-element_type=\"container\" data-e-type=\"container\">\n\t\t\t\t\t<div class=\"e-con-inner\">\n\t\t\t\t<div class=\"elementor-element elementor-element-3dce973 elementor-widget elementor-widget-heading\" data-id=\"3dce973\" data-element_type=\"widget\" data-e-type=\"widget\" data-widget_type=\"heading.default\">\n\t\t\t\t\t<h3 class=\"elementor-heading-title elementor-size-default\">Una experiencia m\u00edstica y natural<\/h3>\t\t\t\t<\/div>\n\t\t\t\t\t<\/div>\n\t\t\t\t<\/div>\n\t\t<div data-particle_enable=\"false\" data-particle-mobile-disabled=\"false\" class=\"elementor-element elementor-element-d87f8c8 e-flex e-con-boxed e-con e-parent\" data-id=\"d87f8c8\" data-element_type=\"container\" data-e-type=\"container\">\n\t\t\t\t\t<div class=\"e-con-inner\">\n\t\t\t\t<div class=\"elementor-element elementor-element-0ad5d5f elementor-widget elementor-widget-text-editor\" data-id=\"0ad5d5f\" data-element_type=\"widget\" data-e-type=\"widget\" data-widget_type=\"text-editor.default\">\n\t\t\t\t\t\t\t\t\t<p><a href=\"https:\/\/soymigrante.com\/revista\/departamentos-de-guatemala-alta-verapaz-mosaico-cultural-y-natural\/\" target=\"_blank\" rel=\"noopener\">M\u00e1s all\u00e1 de su valor tur\u00edstico, las Grutas del Rey Marcos conservan una carga simb\u00f3lica profunda.<\/a> Para los pueblos originarios de la regi\u00f3n, estos espacios eran sitios sagrados donde se realizaban ceremonias y rituales de agradecimiento a la Madre Tierra. Hoy, muchos visitantes aseguran sentir una energ\u00eda especial al ingresar.<\/p><p>Los gu\u00edas locales est\u00e1n capacitados no solo en aspectos geol\u00f3gicos y tur\u00edsticos, sino tambi\u00e9n en compartir parte del simbolismo ancestral que rodea a las cuevas, respetando la cosmovisi\u00f3n maya.<\/p>\t\t\t\t\t\t\t\t<\/div>\n\t\t\t\t\t<\/div>\n\t\t\t\t<\/div>\n\t\t<div data-particle_enable=\"false\" data-particle-mobile-disabled=\"false\" class=\"elementor-element elementor-element-281d660 e-flex e-con-boxed e-con e-parent\" data-id=\"281d660\" data-element_type=\"container\" data-e-type=\"container\">\n\t\t\t\t\t<div class=\"e-con-inner\">\n\t\t\t\t<div class=\"elementor-element elementor-element-8532ca6 elementor-widget elementor-widget-text-editor\" data-id=\"8532ca6\" data-element_type=\"widget\" data-e-type=\"widget\" data-widget_type=\"text-editor.default\">\n\t\t\t\t\t\t\t\t\t<div><strong>Recomendaciones<\/strong><\/div><div>\u2022Llevar ropa c\u00f3moda, zapatos antideslizantes y una mudada extra si se desea entrar a la parte h\u00fameda de las grutas.<\/div><div>\u2022El recorrido subterr\u00e1neo no se recomienda para personas con claustrofobia o problemas de movilidad.<\/div><div>\u2022Es obligatorio ir acompa\u00f1ado por un gu\u00eda para ingresar a las cuevas.<\/div><div>\u2022Ideal para familias, estudiantes y amantes de la aventura.<\/div>\t\t\t\t\t\t\t\t<\/div>\n\t\t\t\t\t<\/div>\n\t\t\t\t<\/div>\n\t\t<div data-particle_enable=\"false\" data-particle-mobile-disabled=\"false\" class=\"elementor-element elementor-element-2434eb6 e-flex e-con-boxed e-con e-parent\" data-id=\"2434eb6\" data-element_type=\"container\" data-e-type=\"container\">\n\t\t\t\t\t<div class=\"e-con-inner\">\n\t\t\t\t<div class=\"elementor-element elementor-element-875fb2a elementor-widget elementor-widget-text-editor\" data-id=\"875fb2a\" data-element_type=\"widget\" data-e-type=\"widget\" data-widget_type=\"text-editor.default\">\n\t\t\t\t\t\t\t\t\t<p><a href=\"https:\/\/soymigrante.com\/revista\/departamentos-de-guatemala-alta-verapaz-mosaico-cultural-y-natural\/\" target=\"_blank\" rel=\"noopener\">Las Grutas del Rey Marcos son un tesoro natural y cultural de Guatemala.<\/a> Ubicadas en el coraz\u00f3n de Alta Verapaz, ofrecen una experiencia que combina misticismo, geolog\u00eda y belleza paisaj\u00edstica. Ya sea para explorar su interior o disfrutar de la naturaleza alrededor, este destino se ha convertido en un punto clave para el turismo alternativo y sostenible en el pa\u00eds.<\/p>\t\t\t\t\t\t\t\t<\/div>\n\t\t\t\t\t<\/div>\n\t\t\t\t<\/div>\n\t\t<div data-particle_enable=\"false\" data-particle-mobile-disabled=\"false\" class=\"elementor-element elementor-element-c65a2ff e-flex e-con-boxed e-con e-parent\" data-id=\"c65a2ff\" data-element_type=\"container\" data-e-type=\"container\">\n\t\t\t\t\t<div class=\"e-con-inner\">\n\t\t\t\t<div class=\"elementor-element elementor-element-5da5022 elementor-widget elementor-widget-heading\" data-id=\"5da5022\" data-element_type=\"widget\" data-e-type=\"widget\" data-widget_type=\"heading.default\">\n\t\t\t\t\t<h2 class=\"elementor-heading-title elementor-size-default\">Conoce m\u00e1s de Guatemala, ac\u00e1...<\/h2>\t\t\t\t<\/div>\n\t\t\t\t\t<\/div>\n\t\t\t\t<\/div>\n\t\t<div data-particle_enable=\"false\" data-particle-mobile-disabled=\"false\" class=\"elementor-element elementor-element-a792131 e-flex e-con-boxed e-con e-parent\" data-id=\"a792131\" data-element_type=\"container\" data-e-type=\"container\">\n\t\t\t\t\t<div class=\"e-con-inner\">\n\t\t\t\t<div class=\"elementor-element elementor-element-c5a0b33 elementor-grid-eael-col-3 elementor-grid-tablet-eael-col-2 elementor-grid-mobile-eael-col-1 elementor-invisible elementor-widget elementor-widget-eael-post-grid\" data-id=\"c5a0b33\" data-element_type=\"widget\" data-e-type=\"widget\" data-settings=\"{&quot;eael_post_grid_columns&quot;:&quot;eael-col-3&quot;,&quot;_animation&quot;:&quot;rollIn&quot;,&quot;eael_post_grid_columns_tablet&quot;:&quot;eael-col-2&quot;,&quot;eael_post_grid_columns_mobile&quot;:&quot;eael-col-1&quot;}\" data-widget_type=\"eael-post-grid.default\">\n\t\t\t\t\t<div id=\"eael-post-grid-c5a0b33\" class=\"eael-post-grid-container\">\n            <div class=\"eael-post-grid eael-post-appender eael-post-appender-c5a0b33 eael-post-grid-style-one\" data-layout-mode=\"masonry\"><article class=\"eael-grid-post  eael-post-grid-column eael-pg-post-22124 category-guate-nuestra\" data-id=\"22124\">\n        <div class=\"eael-grid-post-holder\">\n            <div class=\"eael-grid-post-holder-inner\"><div class=\"eael-entry-media\"><div class=\"eael-entry-overlay fade-in\"><i class=\"far fa-hand-pointer\" aria-hidden=\"true\"><\/i><a href=\"https:\/\/soymigrante.com\/revista\/laguna-de-lachua-es-un-paraiso-de-tranquilidad-en-alta-verapaz\/\"><\/a><\/div><div class=\"eael-entry-thumbnail \">\n                <img decoding=\"async\" width=\"1000\" height=\"800\" src=\"https:\/\/soymigrante.com\/revista\/wp-content\/uploads\/2025\/01\/Laguna-Lachua2.webp\" class=\"attachment-large size-large wp-image-22125\" alt=\"R\u00edo cristalino rodeado de vegetaci\u00f3n en un entorno natural y tranquilo, ideal para promover la ecolog\u00eda y la conservaci\u00f3n en la regi\u00f3n.\" srcset=\"https:\/\/soymigrante.com\/revista\/wp-content\/uploads\/2025\/01\/Laguna-Lachua2.webp 1000w, https:\/\/soymigrante.com\/revista\/wp-content\/uploads\/2025\/01\/Laguna-Lachua2-300x240.jpeg 300w, https:\/\/soymigrante.com\/revista\/wp-content\/uploads\/2025\/01\/Laguna-Lachua2-768x614.jpeg 768w, https:\/\/soymigrante.com\/revista\/wp-content\/uploads\/2025\/01\/Laguna-Lachua2-750x600.webp 750w\" sizes=\"(max-width: 1000px) 100vw, 1000px\" \/>\n            <\/div>\n        <\/div><div class=\"eael-entry-wrapper\"><header class=\"eael-entry-header\"><h2 class=\"eael-entry-title\"><a class=\"eael-grid-post-link\" href=\"https:\/\/soymigrante.com\/revista\/laguna-de-lachua-es-un-paraiso-de-tranquilidad-en-alta-verapaz\/\" title=\"Laguna de Lachu\u00e1 es un para\u00edso de tranquilidad en Alta Verapaz\">Laguna de Lachu\u00e1 es un para\u00edso de tranquilidad en Alta Verapaz<\/a><\/h2><\/header><div class=\"eael-entry-content\">\n                        <div class=\"eael-grid-post-excerpt\"><a href=\"https:\/\/soymigrante.com\/revista\/laguna-de-lachua-es-un-paraiso-de-tranquilidad-en-alta-verapaz\/\" class=\"eael-post-elements-readmore-btn\">CONOCE SU HISTORIA <\/a><\/div>\n                    <\/div><\/div><\/div>\n        <\/div>\n    <\/article><article class=\"eael-grid-post  eael-post-grid-column eael-pg-post-22345 category-guate-nuestra\" data-id=\"22345\">\n        <div class=\"eael-grid-post-holder\">\n            <div class=\"eael-grid-post-holder-inner\"><div class=\"eael-entry-media\"><div class=\"eael-entry-overlay fade-in\"><i class=\"far fa-hand-pointer\" aria-hidden=\"true\"><\/i><a href=\"https:\/\/soymigrante.com\/revista\/semuc-champey-una-joya-natural-escondida-en-lanquin-alta-verapaz\/\"><\/a><\/div><div class=\"eael-entry-thumbnail \">\n                <img loading=\"lazy\" decoding=\"async\" width=\"913\" height=\"625\" src=\"https:\/\/soymigrante.com\/revista\/wp-content\/uploads\/2025\/01\/Semuc-Champey-Un-parai\u0301so-natural-escondido-en-Alta-Verapaz-1-e1737667611366.webp\" class=\"attachment-large size-large wp-image-22346\" alt=\"Semuc Champey: Un para\u00edso natural escondido en Alta Verapaz\" \/>\n            <\/div>\n        <\/div><div class=\"eael-entry-wrapper\"><header class=\"eael-entry-header\"><h2 class=\"eael-entry-title\"><a class=\"eael-grid-post-link\" href=\"https:\/\/soymigrante.com\/revista\/semuc-champey-una-joya-natural-escondida-en-lanquin-alta-verapaz\/\" title=\"Semuc Champey: Una joya natural escondida en Lanqu\u00edn, Alta Verapaz\">Semuc Champey: Una joya natural escondida en Lanqu\u00edn, Alta Verapaz<\/a><\/h2><\/header><div class=\"eael-entry-content\">\n                        <div class=\"eael-grid-post-excerpt\"><a href=\"https:\/\/soymigrante.com\/revista\/semuc-champey-una-joya-natural-escondida-en-lanquin-alta-verapaz\/\" class=\"eael-post-elements-readmore-btn\">CONOCE SU HISTORIA <\/a><\/div>\n                    <\/div><\/div><\/div>\n        <\/div>\n    <\/article><article class=\"eael-grid-post  eael-post-grid-column eael-pg-post-15953 category-guate-nuestra tags-departamentos-de-guatemala\" data-id=\"15953\">\n        <div class=\"eael-grid-post-holder\">\n            <div class=\"eael-grid-post-holder-inner\"><div class=\"eael-entry-media\"><div class=\"eael-entry-overlay fade-in\"><i class=\"far fa-hand-pointer\" aria-hidden=\"true\"><\/i><a href=\"https:\/\/soymigrante.com\/revista\/departamentos-de-guatemala-alta-verapaz-mosaico-cultural-y-natural\/\"><\/a><\/div><div class=\"eael-entry-thumbnail \">\n                <img loading=\"lazy\" decoding=\"async\" width=\"1024\" height=\"1024\" src=\"https:\/\/soymigrante.com\/revista\/wp-content\/uploads\/2024\/12\/Alta-verapaz-e1733850705973-1024x1024.jpeg\" class=\"attachment-large size-large wp-image-15955\" alt=\"L\u00e1grimas gigantes en la selva tropical con cascada y piscina de agua, vista a\u00e9rea de exuberante vegetaci\u00f3n verde en un paisaje natural impresionante.\" srcset=\"https:\/\/soymigrante.com\/revista\/wp-content\/uploads\/2024\/12\/Alta-verapaz-e1733850705973-1024x1024.jpeg 1024w, https:\/\/soymigrante.com\/revista\/wp-content\/uploads\/2024\/12\/Alta-verapaz-e1733850705973-300x300.jpeg 300w, https:\/\/soymigrante.com\/revista\/wp-content\/uploads\/2024\/12\/Alta-verapaz-e1733850705973-150x150.jpeg 150w, https:\/\/soymigrante.com\/revista\/wp-content\/uploads\/2024\/12\/Alta-verapaz-e1733850705973-768x768.jpeg 768w, https:\/\/soymigrante.com\/revista\/wp-content\/uploads\/2024\/12\/Alta-verapaz-e1733850705973-75x75.webp 75w, https:\/\/soymigrante.com\/revista\/wp-content\/uploads\/2024\/12\/Alta-verapaz-e1733850705973-750x750.webp 750w, https:\/\/soymigrante.com\/revista\/wp-content\/uploads\/2024\/12\/Alta-verapaz-e1733850705973.webp 1078w\" sizes=\"(max-width: 1024px) 100vw, 1024px\" \/>\n            <\/div>\n        <\/div><div class=\"eael-entry-wrapper\"><header class=\"eael-entry-header\"><h2 class=\"eael-entry-title\"><a class=\"eael-grid-post-link\" href=\"https:\/\/soymigrante.com\/revista\/departamentos-de-guatemala-alta-verapaz-mosaico-cultural-y-natural\/\" title=\"Departamentos de Guatemala : Alta Verapaz, cuna de la Monja Blanca\">Departamentos de Guatemala : Alta Verapaz, cuna de la Monja Blanca<\/a><\/h2><\/header><div class=\"eael-entry-content\">\n                        <div class=\"eael-grid-post-excerpt\"><a href=\"https:\/\/soymigrante.com\/revista\/departamentos-de-guatemala-alta-verapaz-mosaico-cultural-y-natural\/\" class=\"eael-post-elements-readmore-btn\">CONOCE SU HISTORIA <\/a><\/div>\n                    <\/div><\/div><\/div>\n        <\/div>\n    <\/article><\/div>\n            <div class=\"clearfix\"><\/div>\n        <\/div>\t\t\t\t<\/div>\n\t\t\t\t\t<\/div>\n\t\t\t\t<\/div>\n\t\t\t\t<\/div>\n\t\t","protected":false},"excerpt":{"rendered":"<p>Las Grutas del Rey Marcos son un viaje que se debe hacer por lo menos una vez en la vida, est\u00e1s son parte de la esencia de Guatemala. En el municipio de San Juan Chamelco, Alta Verapaz, se esconde uno de los secretos naturales m\u00e1s impresionantes de Guatemala: las Grutas del Rey Marcos, un sistema [&hellip;]<\/p>\n","protected":false},"author":19,"featured_media":37865,"comment_status":"open","ping_status":"open","sticky":false,"template":"","format":"standard","meta":{"_acf_changed":false,"_eb_attr":"","footnotes":""},"categories":[58],"tags":[],"class_list":["post-37864","post","type-post","status-publish","format-standard","has-post-thumbnail","hentry","category-guate-nuestra"],"acf":[],"aioseo_notices":[],"aioseo_head":"\n\t\t<!-- All in One SEO Pro 4.9.6.2 - aioseo.com -->\n\t<meta name=\"description\" content=\"Alta Verapaz es la tierra de Manuel Tot y de la maravilla natural de Semuc Champey, entre muchos otros tesoros de historia y naturaleza.\" \/>\n\t<meta name=\"robots\" content=\"max-snippet:-1, max-image-preview:large, max-video-preview:-1\" \/>\n\t<meta name=\"author\" content=\"Marysabel Aldana\"\/>\n\t<link rel=\"canonical\" href=\"https:\/\/soymigrante.com\/revista\/departamentos-de-guatemala-alta-verapaz-mosaico-cultural-y-natural\/\" \/>\n\t<meta name=\"generator\" content=\"All in One SEO Pro (AIOSEO) 4.9.6.2\" \/>\n\n\t\t<link rel=\"preconnect\" href=\"https:\/\/fonts.googleapis.com\" crossorigin>\n<link rel=\"preconnect\" href=\"https:\/\/fonts.gstatic.com\" crossorigin>\n\t\t<meta property=\"og:locale\" content=\"es_ES\" \/>\n\t\t<meta property=\"og:site_name\" content=\"SoyMigrante.com REVISTA \u2013 Nuestra misi\u00f3n es reconocer y dignificar al migrante.\" \/>\n\t\t<meta property=\"og:type\" content=\"article\" \/>\n\t\t<meta property=\"og:title\" content=\"Departamentos de Guatemala : Alta Verapaz, cuna de la Monja Blanca\" \/>\n\t\t<meta property=\"og:description\" content=\"Alta Verapaz es la tierra de Manuel Tot y de la maravilla natural de Semuc Champey, entre muchos otros tesoros de historia y naturaleza.\" \/>\n\t\t<meta property=\"og:url\" content=\"https:\/\/soymigrante.com\/revista\/departamentos-de-guatemala-alta-verapaz-mosaico-cultural-y-natural\/\" \/>\n\t\t<meta property=\"og:image\" content=\"https:\/\/soymigrante.com\/revista\/wp-content\/uploads\/2024\/12\/Alta-verapaz-e1733850705973.webp\" \/>\n\t\t<meta property=\"og:image:secure_url\" content=\"https:\/\/soymigrante.com\/revista\/wp-content\/uploads\/2024\/12\/Alta-verapaz-e1733850705973.webp\" \/>\n\t\t<meta property=\"og:image:width\" content=\"1078\" \/>\n\t\t<meta property=\"og:image:height\" content=\"1078\" \/>\n\t\t<meta property=\"article:published_time\" content=\"2024-12-26T18:56:53+00:00\" \/>\n\t\t<meta property=\"article:modified_time\" content=\"2025-03-04T18:38:32+00:00\" \/>\n\t\t<meta property=\"article:publisher\" content=\"https:\/\/www.facebook.com\/soymigrantecom\" \/>\n\t\t<meta name=\"twitter:card\" content=\"summary_large_image\" \/>\n\t\t<meta name=\"twitter:site\" content=\"@SoyMigrante_com\" \/>\n\t\t<meta name=\"twitter:title\" content=\"Departamentos de Guatemala : Alta Verapaz, cuna de la Monja Blanca\" \/>\n\t\t<meta name=\"twitter:description\" content=\"Alta Verapaz es la tierra de Manuel Tot y de la maravilla natural de Semuc Champey, entre muchos otros tesoros de historia y naturaleza.\" \/>\n\t\t<meta name=\"twitter:creator\" content=\"@SoyMigrante_com\" \/>\n\t\t<meta name=\"twitter:image\" content=\"https:\/\/soymigrante.com\/revista\/wp-content\/uploads\/2024\/12\/Alta-verapaz-e1733850705973.webp\" \/>\n\t\t<!-- All in One SEO Pro -->\r\n\t\t<title>Departamentos de Guatemala : Alta Verapaz, cuna de la Monja Blanca<\/title>\n\n","aioseo_head_json":{"title":"Departamentos de Guatemala : Alta Verapaz, cuna de la Monja Blanca","description":"Alta Verapaz es la tierra de Manuel Tot y de la maravilla natural de Semuc Champey, entre muchos otros tesoros de historia y naturaleza.","canonical_url":"https:\/\/soymigrante.com\/revista\/departamentos-de-guatemala-alta-verapaz-mosaico-cultural-y-natural\/","robots":"max-snippet:-1, max-image-preview:large, max-video-preview:-1","keywords":"","webmasterTools":{"miscellaneous":"&lt;link rel=\"preconnect\" href=\"https:\/\/fonts.googleapis.com\" crossorigin&gt;\n&lt;link rel=\"preconnect\" href=\"https:\/\/fonts.gstatic.com\" crossorigin&gt;"},"schema":null,"og:locale":"es_ES","og:site_name":"SoyMigrante.com REVISTA \u2013 Nuestra misi\u00f3n es reconocer y dignificar al migrante.","og:type":"article","og:title":"Departamentos de Guatemala : Alta Verapaz, cuna de la Monja Blanca","og:description":"Alta Verapaz es la tierra de Manuel Tot y de la maravilla natural de Semuc Champey, entre muchos otros tesoros de historia y naturaleza.","og:url":"https:\/\/soymigrante.com\/revista\/departamentos-de-guatemala-alta-verapaz-mosaico-cultural-y-natural\/","og:image":"https:\/\/soymigrante.com\/revista\/wp-content\/uploads\/2024\/12\/Alta-verapaz-e1733850705973.webp","og:image:secure_url":"https:\/\/soymigrante.com\/revista\/wp-content\/uploads\/2024\/12\/Alta-verapaz-e1733850705973.webp","og:image:width":1078,"og:image:height":1078,"article:published_time":"2024-12-26T18:56:53+00:00","article:modified_time":"2025-03-04T18:38:32+00:00","article:publisher":"https:\/\/www.facebook.com\/soymigrantecom","twitter:card":"summary_large_image","twitter:site":"@SoyMigrante_com","twitter:title":"Departamentos de Guatemala : Alta Verapaz, cuna de la Monja Blanca","twitter:description":"Alta Verapaz es la tierra de Manuel Tot y de la maravilla natural de Semuc Champey, entre muchos otros tesoros de historia y naturaleza.","twitter:creator":"@SoyMigrante_com","twitter:image":"https:\/\/soymigrante.com\/revista\/wp-content\/uploads\/2024\/12\/Alta-verapaz-e1733850705973.webp"},"aioseo_meta_data":{"post_id":"37864","title":"Grutas del Rey Marcos: caminar por el inframundo","description":"Las Grutas del Rey Marcos son un viaje que se debe hacer por lo menos una vez en la vida, est\u00e1s son parte de la esencia de Guatemala.","keywords":null,"keyphrases":{"focus":{"keyphrase":"Grutas del Rey Marcos","score":91,"analysis":{"keyphraseInTitle":{"score":9,"maxScore":9,"error":0},"keyphraseInDescription":{"score":9,"maxScore":9,"error":0},"keyphraseLength":{"score":9,"maxScore":9,"error":0,"length":4},"keyphraseInURL":{"score":5,"maxScore":5,"error":0},"keyphraseInIntroduction":{"score":9,"maxScore":9,"error":0},"keyphraseInSubHeadings":{"score":3,"maxScore":9,"error":1},"keyphraseInImageAlt":{"score":9,"maxScore":9,"error":0},"keywordDensity":{"type":"best","score":9,"maxScore":9,"error":0}}},"additional":[{"keyphrase":"Guatemala","score":100,"analysis":{"keyphraseInDescription":{"score":9,"maxScore":9,"error":0},"keyphraseLength":{"score":9,"maxScore":9,"error":0,"length":1},"keyphraseInIntroduction":{"score":9,"maxScore":9,"error":0},"keyphraseInImageAlt":{"score":9,"maxScore":9,"error":0},"keywordDensity":{"type":"best","score":9,"maxScore":9,"error":0}}}]},"primary_term":null,"canonical_url":null,"og_title":null,"og_description":null,"og_object_type":"default","og_image_type":"default","og_image_url":null,"og_image_width":null,"og_image_height":null,"og_image_custom_url":null,"og_image_custom_fields":null,"og_video":"","og_custom_url":null,"og_article_section":null,"og_article_tags":null,"twitter_use_og":false,"twitter_card":"default","twitter_image_type":"default","twitter_image_url":null,"twitter_image_custom_url":null,"twitter_image_custom_fields":null,"twitter_title":null,"twitter_description":null,"schema":{"blockGraphs":[],"customGraphs":[],"default":{"data":{"Article":[],"Course":[],"Dataset":[],"FAQPage":[],"Movie":[],"Person":[],"Product":[],"ProductReview":[],"Car":[],"Recipe":[],"Service":[],"SoftwareApplication":[],"WebPage":[]},"graphName":"none","isEnabled":true},"graphs":[]},"schema_type":"default","schema_type_options":null,"pillar_content":false,"robots_default":true,"robots_noindex":false,"robots_noarchive":false,"robots_nosnippet":false,"robots_nofollow":false,"robots_noimageindex":false,"robots_noodp":false,"robots_notranslate":false,"robots_max_snippet":"-1","robots_max_videopreview":"-1","robots_max_imagepreview":"large","priority":null,"frequency":"default","local_seo":null,"seo_analyzer_scan_date":"2025-10-09 06:17:26","breadcrumb_settings":null,"limit_modified_date":false,"reviewed_by":"0","open_ai":null,"ai":{"faqs":[],"keyPoints":[],"titles":[],"descriptions":[],"socialPosts":{"email":[],"linkedin":[],"twitter":[],"facebook":[],"instagram":[]}},"created":"2025-06-26 17:35:46","updated":"2026-02-05 01:27:09"},"aioseo_breadcrumb":"<div class=\"aioseo-breadcrumbs\"><span class=\"aioseo-breadcrumb\">\n\t<a href=\"https:\/\/soymigrante.com\/revista\" title=\"Home\">Home<\/a>\n<\/span><span class=\"aioseo-breadcrumb-separator\">\u00bb<\/span><span class=\"aioseo-breadcrumb\">\n\t<a href=\"https:\/\/soymigrante.com\/revista\/category\/guate-nuestra\/\" title=\"Guate Nuestra\">Guate Nuestra<\/a>\n<\/span><span class=\"aioseo-breadcrumb-separator\">\u00bb<\/span><span class=\"aioseo-breadcrumb\">\n\tGrutas del Rey Marcos: un viaje al coraz\u00f3n subterr\u00e1neo de Guatemala\n<\/span><\/div>","aioseo_breadcrumb_json":[{"label":"Home","link":"https:\/\/soymigrante.com\/revista"},{"label":"Guate Nuestra","link":"https:\/\/soymigrante.com\/revista\/category\/guate-nuestra\/"},{"label":"Grutas del Rey Marcos: un viaje al coraz\u00f3n subterr\u00e1neo de Guatemala","link":"https:\/\/soymigrante.com\/revista\/grutas-del-rey-marcos-un-viaje-al-corazon-subterraneo-de-guatemala\/"}],"_links":{"self":[{"href":"https:\/\/soymigrante.com\/revista\/wp-json\/wp\/v2\/posts\/37864","targetHints":{"allow":["GET"]}}],"collection":[{"href":"https:\/\/soymigrante.com\/revista\/wp-json\/wp\/v2\/posts"}],"about":[{"href":"https:\/\/soymigrante.com\/revista\/wp-json\/wp\/v2\/types\/post"}],"author":[{"embeddable":true,"href":"https:\/\/soymigrante.com\/revista\/wp-json\/wp\/v2\/users\/19"}],"replies":[{"embeddable":true,"href":"https:\/\/soymigrante.com\/revista\/wp-json\/wp\/v2\/comments?post=37864"}],"version-history":[{"count":14,"href":"https:\/\/soymigrante.com\/revista\/wp-json\/wp\/v2\/posts\/37864\/revisions"}],"predecessor-version":[{"id":38099,"href":"https:\/\/soymigrante.com\/revista\/wp-json\/wp\/v2\/posts\/37864\/revisions\/38099"}],"wp:featuredmedia":[{"embeddable":true,"href":"https:\/\/soymigrante.com\/revista\/wp-json\/wp\/v2\/media\/37865"}],"wp:attachment":[{"href":"https:\/\/soymigrante.com\/revista\/wp-json\/wp\/v2\/media?parent=37864"}],"wp:term":[{"taxonomy":"category","embeddable":true,"href":"https:\/\/soymigrante.com\/revista\/wp-json\/wp\/v2\/categories?post=37864"},{"taxonomy":"post_tag","embeddable":true,"href":"https:\/\/soymigrante.com\/revista\/wp-json\/wp\/v2\/tags?post=37864"}],"curies":[{"name":"wp","href":"https:\/\/api.w.org\/{rel}","templated":true}]}}