{"id":37849,"date":"2025-06-27T04:00:00","date_gmt":"2025-06-27T10:00:00","guid":{"rendered":"https:\/\/soymigrante.com\/revista\/?p=37849"},"modified":"2025-06-26T17:39:24","modified_gmt":"2025-06-26T23:39:24","slug":"tarifas-de-ingreso-a-centros-turisticos-de-guatemala","status":"publish","type":"post","link":"https:\/\/soymigrante.com\/revista\/tarifas-de-ingreso-a-centros-turisticos-de-guatemala\/","title":{"rendered":"Tarifas de ingreso a centros tur\u00edsticos de Guatemala"},"content":{"rendered":"\t\t<div data-elementor-type=\"wp-post\" data-elementor-id=\"37849\" class=\"elementor elementor-37849\" data-elementor-post-type=\"post\">\n\t\t\t\t<div data-particle_enable=\"false\" data-particle-mobile-disabled=\"false\" class=\"elementor-element elementor-element-2d72ea2 e-flex e-con-boxed e-con e-parent\" data-id=\"2d72ea2\" data-element_type=\"container\" data-e-type=\"container\">\n\t\t\t\t\t<div class=\"e-con-inner\">\n\t\t\t\t<div class=\"elementor-element elementor-element-85dae72 elementor-widget elementor-widget-heading\" data-id=\"85dae72\" data-element_type=\"widget\" data-e-type=\"widget\" data-widget_type=\"heading.default\">\n\t\t\t\t\t<h2 class=\"elementor-heading-title elementor-size-default\">Las tarifas de ingreso a los centros tur\u00edsticos de Guatemala son variadas, pero ac\u00e1 hay una gu\u00eda por regiones y atractivos.\n<\/h2>\t\t\t\t<\/div>\n\t\t\t\t\t<\/div>\n\t\t\t\t<\/div>\n\t\t<div data-particle_enable=\"false\" data-particle-mobile-disabled=\"false\" class=\"elementor-element elementor-element-b9706a9 e-flex e-con-boxed e-con e-parent\" data-id=\"b9706a9\" data-element_type=\"container\" data-e-type=\"container\">\n\t\t\t\t\t<div class=\"e-con-inner\">\n\t\t\t\t<div class=\"elementor-element elementor-element-8028eca elementor-widget elementor-widget-text-editor\" data-id=\"8028eca\" data-element_type=\"widget\" data-e-type=\"widget\" data-widget_type=\"text-editor.default\">\n\t\t\t\t\t\t\t\t\t<p><a href=\"https:\/\/soymigrante.com\/revista\/5-destinos-turisticos-anorados-por-los-chapines-que-regresan-de-usa\/\" target=\"_blank\" rel=\"noopener\">Guatemala es un pa\u00eds rico en patrimonio cultural, historia maya, naturaleza exuberante y paisajes espectaculares<\/a>. Cada a\u00f1o, miles de visitantes locales y extranjeros recorren sus parques arqueol\u00f3gicos, \u00e1reas protegidas, lagos, volcanes y museos.<\/p><p><a href=\"https:\/\/soymigrante.com\/revista\/5-destinos-turisticos-anorados-por-los-chapines-que-regresan-de-usa\/\" target=\"_blank\" rel=\"noopener\">Para facilitar la planificaci\u00f3n de visitas, presentamos una gu\u00eda actualizada con los precios de entrada a los sitios tur\u00edsticos<\/a> m\u00e1s destacados, divididos por regi\u00f3n, con \u00e9nfasis en su principal atractivo.<\/p>\t\t\t\t\t\t\t\t<\/div>\n\t\t\t\t\t<\/div>\n\t\t\t\t<\/div>\n\t\t<div data-particle_enable=\"false\" data-particle-mobile-disabled=\"false\" class=\"elementor-element elementor-element-71e7a8b e-flex e-con-boxed e-con e-parent\" data-id=\"71e7a8b\" data-element_type=\"container\" data-e-type=\"container\">\n\t\t\t\t\t<div class=\"e-con-inner\">\n\t\t\t\t<div class=\"elementor-element elementor-element-20b029a elementor-widget elementor-widget-heading\" data-id=\"20b029a\" data-element_type=\"widget\" data-e-type=\"widget\" data-widget_type=\"heading.default\">\n\t\t\t\t\t<h3 class=\"elementor-heading-title elementor-size-default\">Pet\u00e9n: el coraz\u00f3n del mundo maya<\/h3>\t\t\t\t<\/div>\n\t\t\t\t\t<\/div>\n\t\t\t\t<\/div>\n\t\t<div data-particle_enable=\"false\" data-particle-mobile-disabled=\"false\" class=\"elementor-element elementor-element-ddeeb57 e-flex e-con-boxed e-con e-parent\" data-id=\"ddeeb57\" data-element_type=\"container\" data-e-type=\"container\">\n\t\t\t\t\t<div class=\"e-con-inner\">\n\t\t\t\t<div class=\"elementor-element elementor-element-e473cf6 elementor-widget elementor-widget-text-editor\" data-id=\"e473cf6\" data-element_type=\"widget\" data-e-type=\"widget\" data-widget_type=\"text-editor.default\">\n\t\t\t\t\t\t\t\t\t<div><strong>1. Tikal<\/strong><\/div><div>\u2022Principal atractivo: Pir\u00e1mide del Gran Jaguar, Plaza Central, Templo IV.<\/div><div><strong>\u2022Tarifa: Q25 para nacionales, Q150 para extranjeros.<\/strong><\/div><div>\u2022Horario: 6:00 a 18:00 h.<\/div><div><strong>2.Uaxact\u00fan<\/strong><\/div><div>\u2022Principal atractivo: Observatorio astron\u00f3mico maya, complejos del Grupo E.<\/div><div>\u2022Tarifa: Incluido en la entrada a Tikal, pero se recomienda gu\u00eda o transporte adicional.<\/div><div>\u2022Acceso: 23 km al norte de Tikal.<\/div><div><strong>3.Yaxh\u00e1 \u2013 Nakum \u2013 Naranjo<\/strong><\/div><div>\u2022Principal atractivo: Templos frente al lago Yaxh\u00e1, senderismo entre selva.<\/div><div><strong>\u2022Tarifa: Q25 nacionales, Q80 extranjeros.<\/strong><\/div><div>\u2022Incluye: Ingreso a los tres sitios en un solo boleto.<\/div><div><strong>4.El Mirador<\/strong><\/div><div>\u2022Principal atractivo: Pir\u00e1mide La Danta, una de las m\u00e1s grandes del mundo.<\/div><div><strong>\u2022Tarifa: Q30 nacionales, Q250 extranjeros.<\/strong><\/div><div>\u2022Nota: Acceso solo caminando o en mula desde Carmelita.<\/div><div><strong>5.Aguateca y Ceibal<\/strong><\/div><div>\u2022Principal atractivo: Estelas, plazas, petroglifos y paisajes selv\u00e1ticos.<\/div><div><strong>\u2022Tarifa: Q25 nacionales, Q80 extranjeros.<\/strong><\/div>\t\t\t\t\t\t\t\t<\/div>\n\t\t\t\t\t<\/div>\n\t\t\t\t<\/div>\n\t\t<div data-particle_enable=\"false\" data-particle-mobile-disabled=\"false\" class=\"elementor-element elementor-element-0265a27 e-flex e-con-boxed e-con e-parent\" data-id=\"0265a27\" data-element_type=\"container\" data-e-type=\"container\">\n\t\t\t\t\t<div class=\"e-con-inner\">\n\t\t\t\t<div class=\"elementor-element elementor-element-772aa65 elementor-grid-eael-col-1 elementor-grid-tablet-eael-col-2 elementor-grid-mobile-eael-col-1 elementor-invisible elementor-widget elementor-widget-eael-post-grid\" data-id=\"772aa65\" data-element_type=\"widget\" data-e-type=\"widget\" data-settings=\"{&quot;eael_post_grid_columns&quot;:&quot;eael-col-1&quot;,&quot;_animation&quot;:&quot;rollIn&quot;,&quot;eael_post_grid_columns_tablet&quot;:&quot;eael-col-2&quot;,&quot;eael_post_grid_columns_mobile&quot;:&quot;eael-col-1&quot;}\" data-widget_type=\"eael-post-grid.default\">\n\t\t\t\t\t<div id=\"eael-post-grid-772aa65\" class=\"eael-post-grid-container\">\n            <div class=\"eael-post-grid eael-post-appender eael-post-appender-772aa65 eael-post-grid-style-one\" data-layout-mode=\"masonry\"><article class=\"eael-grid-post  eael-post-grid-column eael-pg-post-22124 category-guate-nuestra\" data-id=\"22124\">\n        <div class=\"eael-grid-post-holder\">\n            <div class=\"eael-grid-post-holder-inner\"><div class=\"eael-entry-media\"><div class=\"eael-entry-overlay fade-in\"><i class=\"far fa-hand-pointer\" aria-hidden=\"true\"><\/i><a href=\"https:\/\/soymigrante.com\/revista\/laguna-de-lachua-es-un-paraiso-de-tranquilidad-en-alta-verapaz\/\"><\/a><\/div><div class=\"eael-entry-thumbnail eael-image-ratio\">\n                <img fetchpriority=\"high\" decoding=\"async\" width=\"1000\" height=\"800\" src=\"https:\/\/soymigrante.com\/revista\/wp-content\/uploads\/2025\/01\/Laguna-Lachua2.webp\" class=\"attachment-large size-large wp-image-22125\" alt=\"R\u00edo cristalino rodeado de vegetaci\u00f3n en un entorno natural y tranquilo, ideal para promover la ecolog\u00eda y la conservaci\u00f3n en la regi\u00f3n.\" srcset=\"https:\/\/soymigrante.com\/revista\/wp-content\/uploads\/2025\/01\/Laguna-Lachua2.webp 1000w, https:\/\/soymigrante.com\/revista\/wp-content\/uploads\/2025\/01\/Laguna-Lachua2-300x240.jpeg 300w, https:\/\/soymigrante.com\/revista\/wp-content\/uploads\/2025\/01\/Laguna-Lachua2-768x614.jpeg 768w, https:\/\/soymigrante.com\/revista\/wp-content\/uploads\/2025\/01\/Laguna-Lachua2-750x600.webp 750w\" sizes=\"(max-width: 1000px) 100vw, 1000px\" \/>\n            <\/div>\n        <\/div><div class=\"eael-entry-wrapper\"><header class=\"eael-entry-header\"><h2 class=\"eael-entry-title\"><a class=\"eael-grid-post-link\" href=\"https:\/\/soymigrante.com\/revista\/laguna-de-lachua-es-un-paraiso-de-tranquilidad-en-alta-verapaz\/\" title=\"Laguna de Lachu\u00e1 es un para\u00edso de tranquilidad en Alta Verapaz\">Laguna de Lachu\u00e1 es un para\u00edso de tranquilidad en Alta Verapaz<\/a><\/h2><\/header><div class=\"eael-entry-content\">\n                        <div class=\"eael-grid-post-excerpt\"><a href=\"https:\/\/soymigrante.com\/revista\/laguna-de-lachua-es-un-paraiso-de-tranquilidad-en-alta-verapaz\/\" class=\"eael-post-elements-readmore-btn\">CONOCE SU HISTORIA <\/a><\/div>\n                    <\/div><\/div><\/div>\n        <\/div>\n    <\/article><\/div>\n            <div class=\"clearfix\"><\/div>\n        <\/div>\t\t\t\t<\/div>\n\t\t\t\t\t<\/div>\n\t\t\t\t<\/div>\n\t\t<div data-particle_enable=\"false\" data-particle-mobile-disabled=\"false\" class=\"elementor-element elementor-element-a036aaa e-flex e-con-boxed e-con e-parent\" data-id=\"a036aaa\" data-element_type=\"container\" data-e-type=\"container\">\n\t\t\t\t\t<div class=\"e-con-inner\">\n\t\t\t\t<div class=\"elementor-element elementor-element-e9457f7 elementor-widget elementor-widget-heading\" data-id=\"e9457f7\" data-element_type=\"widget\" data-e-type=\"widget\" data-widget_type=\"heading.default\">\n\t\t\t\t\t<h3 class=\"elementor-heading-title elementor-size-default\">Izabal: historia y naturaleza caribe\u00f1a<\/h3>\t\t\t\t<\/div>\n\t\t\t\t\t<\/div>\n\t\t\t\t<\/div>\n\t\t<div data-particle_enable=\"false\" data-particle-mobile-disabled=\"false\" class=\"elementor-element elementor-element-b176951 e-flex e-con-boxed e-con e-parent\" data-id=\"b176951\" data-element_type=\"container\" data-e-type=\"container\">\n\t\t\t\t\t<div class=\"e-con-inner\">\n\t\t\t\t<div class=\"elementor-element elementor-element-73d1526 elementor-widget elementor-widget-text-editor\" data-id=\"73d1526\" data-element_type=\"widget\" data-e-type=\"widget\" data-widget_type=\"text-editor.default\">\n\t\t\t\t\t\t\t\t\t<div><strong>1. Quirigu\u00e1<\/strong><\/div><div>\u2022Principal atractivo: Estelas gigantes y arte maya en piedra.<\/div><div><strong>\u2022Tarifa: Q20 nacionales, Q80 extranjeros.<\/strong><\/div><div>\u2022Ubicaci\u00f3n: Los Amates, Izabal.<\/div><div><strong>2.Castillo de San Felipe de Lara<\/strong><\/div><div>\u2022Principal atractivo: Fuerte colonial sobre el Lago de Izabal.<\/div><div><strong>\u2022Tarifa: Q20 nacionales, Q75 extranjeros.<\/strong><\/div><div>\u2022Horario: 8:00 a 17:00 h.<\/div>\t\t\t\t\t\t\t\t<\/div>\n\t\t\t\t\t<\/div>\n\t\t\t\t<\/div>\n\t\t<div data-particle_enable=\"false\" data-particle-mobile-disabled=\"false\" class=\"elementor-element elementor-element-0ef014c e-flex e-con-boxed e-con e-parent\" data-id=\"0ef014c\" data-element_type=\"container\" data-e-type=\"container\">\n\t\t\t\t\t<div class=\"e-con-inner\">\n\t\t\t\t<div class=\"elementor-element elementor-element-858d253 elementor-grid-eael-col-1 elementor-grid-tablet-eael-col-2 elementor-grid-mobile-eael-col-1 elementor-invisible elementor-widget elementor-widget-eael-post-grid\" data-id=\"858d253\" data-element_type=\"widget\" data-e-type=\"widget\" data-settings=\"{&quot;eael_post_grid_columns&quot;:&quot;eael-col-1&quot;,&quot;_animation&quot;:&quot;rollIn&quot;,&quot;eael_post_grid_columns_tablet&quot;:&quot;eael-col-2&quot;,&quot;eael_post_grid_columns_mobile&quot;:&quot;eael-col-1&quot;}\" data-widget_type=\"eael-post-grid.default\">\n\t\t\t\t\t<div id=\"eael-post-grid-858d253\" class=\"eael-post-grid-container\">\n            <div class=\"eael-post-grid eael-post-appender eael-post-appender-858d253 eael-post-grid-style-one\" data-layout-mode=\"masonry\"><article class=\"eael-grid-post  eael-post-grid-column eael-pg-post-8528 category-guate-nuestra\" data-id=\"8528\">\n        <div class=\"eael-grid-post-holder\">\n            <div class=\"eael-grid-post-holder-inner\"><div class=\"eael-entry-media\"><div class=\"eael-entry-overlay fade-in\"><i class=\"far fa-hand-pointer\" aria-hidden=\"true\"><\/i><a href=\"https:\/\/soymigrante.com\/revista\/7-curiosidades-del-sitio-arqueologico-maya-quirigua-que-quiza-ya-sabias-o-tal-vez-no\/\"><\/a><\/div><div class=\"eael-entry-thumbnail eael-image-ratio\">\n                <img decoding=\"async\" width=\"612\" height=\"612\" src=\"https:\/\/soymigrante.com\/revista\/wp-content\/uploads\/2024\/08\/quirigua-2.webp\" class=\"attachment-large size-large wp-image-8889\" alt=\"Arte maya en piedra, escultura monumental ancestral, relieves arqueol\u00f3gicos de la cultura precolombina en M\u00e9xico.\" srcset=\"https:\/\/soymigrante.com\/revista\/wp-content\/uploads\/2024\/08\/quirigua-2.webp 612w, https:\/\/soymigrante.com\/revista\/wp-content\/uploads\/2024\/08\/quirigua-2-300x300.webp 300w, https:\/\/soymigrante.com\/revista\/wp-content\/uploads\/2024\/08\/quirigua-2-150x150.webp 150w, https:\/\/soymigrante.com\/revista\/wp-content\/uploads\/2024\/08\/quirigua-2-75x75.webp 75w\" sizes=\"(max-width: 612px) 100vw, 612px\" \/>\n            <\/div>\n        <\/div><div class=\"eael-entry-wrapper\"><header class=\"eael-entry-header\"><h2 class=\"eael-entry-title\"><a class=\"eael-grid-post-link\" href=\"https:\/\/soymigrante.com\/revista\/7-curiosidades-del-sitio-arqueologico-maya-quirigua-que-quiza-ya-sabias-o-tal-vez-no\/\" title=\"El majestuoso sitio arqueol\u00f3gico maya de Quirigu\u00e1: 7 detalles que tal vez ya conoc\u00edas (o quiz\u00e1 no)\">El majestuoso sitio arqueol\u00f3gico maya de Quirigu\u00e1: 7 detalles que tal vez ya conoc\u00edas (o quiz\u00e1 no)<\/a><\/h2><\/header><div class=\"eael-entry-content\">\n                        <div class=\"eael-grid-post-excerpt\"><a href=\"https:\/\/soymigrante.com\/revista\/7-curiosidades-del-sitio-arqueologico-maya-quirigua-que-quiza-ya-sabias-o-tal-vez-no\/\" class=\"eael-post-elements-readmore-btn\">CONOCE SU HISTORIA <\/a><\/div>\n                    <\/div><\/div><\/div>\n        <\/div>\n    <\/article><\/div>\n            <div class=\"clearfix\"><\/div>\n        <\/div>\t\t\t\t<\/div>\n\t\t\t\t\t<\/div>\n\t\t\t\t<\/div>\n\t\t<div data-particle_enable=\"false\" data-particle-mobile-disabled=\"false\" class=\"elementor-element elementor-element-5617687 e-flex e-con-boxed e-con e-parent\" data-id=\"5617687\" data-element_type=\"container\" data-e-type=\"container\">\n\t\t\t\t\t<div class=\"e-con-inner\">\n\t\t\t\t<div class=\"elementor-element elementor-element-3ed7c4b elementor-widget elementor-widget-heading\" data-id=\"3ed7c4b\" data-element_type=\"widget\" data-e-type=\"widget\" data-widget_type=\"heading.default\">\n\t\t\t\t\t<h3 class=\"elementor-heading-title elementor-size-default\">Altiplano y occidente: entre volcanes, lagos y tradici\u00f3n<\/h3>\t\t\t\t<\/div>\n\t\t\t\t\t<\/div>\n\t\t\t\t<\/div>\n\t\t<div data-particle_enable=\"false\" data-particle-mobile-disabled=\"false\" class=\"elementor-element elementor-element-f216be6 e-flex e-con-boxed e-con e-parent\" data-id=\"f216be6\" data-element_type=\"container\" data-e-type=\"container\">\n\t\t\t\t\t<div class=\"e-con-inner\">\n\t\t\t\t<div class=\"elementor-element elementor-element-d2b67b7 elementor-widget elementor-widget-text-editor\" data-id=\"d2b67b7\" data-element_type=\"widget\" data-e-type=\"widget\" data-widget_type=\"text-editor.default\">\n\t\t\t\t\t\t\t\t\t<div><strong>1. Parque Nacional Volc\u00e1n Pacaya (Escuintla)<\/strong><\/div><div>\u2022Principal atractivo: Ascenso al volc\u00e1n activo y vistas panor\u00e1micas.<\/div><div><strong>\u2022Tarifa: Q20 nacionales, Q50 extranjeros.<\/strong><\/div><div>\u2022Gu\u00edas locales obligatorios.<\/div><div>\u00a0<\/div><div><strong>2.Parque Nacional Volc\u00e1n de Ipala (Chiquimula)<\/strong><\/div><div>\u2022Principal atractivo: Cr\u00e1ter con lago interior.<\/div><div><strong>\u2022Tarifa: Q10 nacionales, Q50 extranjeros.<\/strong><\/div><div>\u00a0<\/div><div><strong>3.Lago de Atitl\u00e1n (Solol\u00e1)<\/strong><\/div><div>\u2022Atractivo: Considerado uno de los lagos m\u00e1s bellos del mundo.<\/div><div>\u2022Tarifa: <b>Gratuito<\/b>. Pero algunas reservas privadas o miradores cobran entre<strong> Q5 y Q20.<\/strong><\/div><div>\u00a0<\/div><div><strong>4.Reserva Natural Atitl\u00e1n (Panajachel)<\/strong><\/div><div>\u2022Atractivo: Puentes colgantes, senderos y mariposario.<\/div><div><strong>\u2022Tarifa: Q60 adultos nacionales, Q75 extranjeros.<\/strong><\/div><div>\u00a0<\/div><div><strong>5.Parque Nacional Lagunas de Sepalau (Alta Verapaz)<\/strong><\/div><div>\u2022Atractivo: Lagos color turquesa en medio de la selva.<\/div><div><strong>\u2022Tarifa: Q15 nacionales, Q30 extranjeros.<\/strong><\/div><div>\u00a0<\/div><div><strong>6.Semuc Champey (Alta Verapaz)<\/strong><\/div><div>\u2022Atractivo: Pozas de agua turquesa sobre un puente natural de piedra caliza.<\/div><div><strong>\u2022Tarifa: Q30 nacionales, Q60 extranjeros.<\/strong><\/div><div>\u2022Acceso: Desde Lanqu\u00edn, en veh\u00edculo 4&#215;4 o caminando.<\/div><div>\u00a0<\/div>\t\t\t\t\t\t\t\t<\/div>\n\t\t\t\t\t<\/div>\n\t\t\t\t<\/div>\n\t\t<div data-particle_enable=\"false\" data-particle-mobile-disabled=\"false\" class=\"elementor-element elementor-element-00af36f e-flex e-con-boxed e-con e-parent\" data-id=\"00af36f\" data-element_type=\"container\" data-e-type=\"container\">\n\t\t\t\t\t<div class=\"e-con-inner\">\n\t\t\t\t<div class=\"elementor-element elementor-element-9add025 elementor-grid-eael-col-1 elementor-grid-tablet-eael-col-2 elementor-grid-mobile-eael-col-1 elementor-invisible elementor-widget elementor-widget-eael-post-grid\" data-id=\"9add025\" data-element_type=\"widget\" data-e-type=\"widget\" data-settings=\"{&quot;eael_post_grid_columns&quot;:&quot;eael-col-1&quot;,&quot;_animation&quot;:&quot;rollIn&quot;,&quot;eael_post_grid_columns_tablet&quot;:&quot;eael-col-2&quot;,&quot;eael_post_grid_columns_mobile&quot;:&quot;eael-col-1&quot;}\" data-widget_type=\"eael-post-grid.default\">\n\t\t\t\t\t<div id=\"eael-post-grid-9add025\" class=\"eael-post-grid-container\">\n            <div class=\"eael-post-grid eael-post-appender eael-post-appender-9add025 eael-post-grid-style-one\" data-layout-mode=\"masonry\"><article class=\"eael-grid-post  eael-post-grid-column eael-pg-post-25361 category-guate-nuestra tags-volcanes-de-guatemala\" data-id=\"25361\">\n        <div class=\"eael-grid-post-holder\">\n            <div class=\"eael-grid-post-holder-inner\"><div class=\"eael-entry-media\"><div class=\"eael-entry-overlay fade-in\"><i class=\"far fa-hand-pointer\" aria-hidden=\"true\"><\/i><a href=\"https:\/\/soymigrante.com\/revista\/el-volcan-y-laguna-de-ipala-ubicacion-caracteristicas-y-consejos-para-su-ascenso\/\"><\/a><\/div><div class=\"eael-entry-thumbnail eael-image-ratio\">\n                <img decoding=\"async\" width=\"775\" height=\"775\" src=\"https:\/\/soymigrante.com\/revista\/wp-content\/uploads\/2025\/02\/laguna-de-ipala-chiquimula-1.webp\" class=\"attachment-large size-large wp-image-25828\" alt=\"Reflexi\u00f3n, paz y naturaleza en el lago, mujer sentada en muelle de madera disfrutando del paisaje, s\u00edmbolo de bienestar y conexi\u00f3n con el entorno natural en un entorno tranquilo y hermoso.\" srcset=\"https:\/\/soymigrante.com\/revista\/wp-content\/uploads\/2025\/02\/laguna-de-ipala-chiquimula-1.webp 775w, https:\/\/soymigrante.com\/revista\/wp-content\/uploads\/2025\/02\/laguna-de-ipala-chiquimula-1-300x300.jpg 300w, https:\/\/soymigrante.com\/revista\/wp-content\/uploads\/2025\/02\/laguna-de-ipala-chiquimula-1-150x150.jpg 150w, https:\/\/soymigrante.com\/revista\/wp-content\/uploads\/2025\/02\/laguna-de-ipala-chiquimula-1-768x768.jpg 768w, https:\/\/soymigrante.com\/revista\/wp-content\/uploads\/2025\/02\/laguna-de-ipala-chiquimula-1-75x75.webp 75w, https:\/\/soymigrante.com\/revista\/wp-content\/uploads\/2025\/02\/laguna-de-ipala-chiquimula-1-750x750.webp 750w\" sizes=\"(max-width: 775px) 100vw, 775px\" \/>\n            <\/div>\n        <\/div><div class=\"eael-entry-wrapper\"><header class=\"eael-entry-header\"><h2 class=\"eael-entry-title\"><a class=\"eael-grid-post-link\" href=\"https:\/\/soymigrante.com\/revista\/el-volcan-y-laguna-de-ipala-ubicacion-caracteristicas-y-consejos-para-su-ascenso\/\" title=\"Ipala: la laguna dentro de un volc\u00e1n con el mismo nombre en Chiquimula\">Ipala: la laguna dentro de un volc\u00e1n con el mismo nombre en Chiquimula<\/a><\/h2><\/header><div class=\"eael-entry-content\">\n                        <div class=\"eael-grid-post-excerpt\"><a href=\"https:\/\/soymigrante.com\/revista\/el-volcan-y-laguna-de-ipala-ubicacion-caracteristicas-y-consejos-para-su-ascenso\/\" class=\"eael-post-elements-readmore-btn\">CONOCE SU HISTORIA <\/a><\/div>\n                    <\/div><\/div><\/div>\n        <\/div>\n    <\/article><\/div>\n            <div class=\"clearfix\"><\/div>\n        <\/div>\t\t\t\t<\/div>\n\t\t\t\t\t<\/div>\n\t\t\t\t<\/div>\n\t\t<div data-particle_enable=\"false\" data-particle-mobile-disabled=\"false\" class=\"elementor-element elementor-element-9cf5e99 e-flex e-con-boxed e-con e-parent\" data-id=\"9cf5e99\" data-element_type=\"container\" data-e-type=\"container\">\n\t\t\t\t\t<div class=\"e-con-inner\">\n\t\t\t\t<div class=\"elementor-element elementor-element-b72544e elementor-widget elementor-widget-heading\" data-id=\"b72544e\" data-element_type=\"widget\" data-e-type=\"widget\" data-widget_type=\"heading.default\">\n\t\t\t\t\t<h3 class=\"elementor-heading-title elementor-size-default\">Ciudad de Guatemala y alrededores<\/h3>\t\t\t\t<\/div>\n\t\t\t\t\t<\/div>\n\t\t\t\t<\/div>\n\t\t<div data-particle_enable=\"false\" data-particle-mobile-disabled=\"false\" class=\"elementor-element elementor-element-abfeb96 e-flex e-con-boxed e-con e-parent\" data-id=\"abfeb96\" data-element_type=\"container\" data-e-type=\"container\">\n\t\t\t\t\t<div class=\"e-con-inner\">\n\t\t\t\t<div class=\"elementor-element elementor-element-71f5643 elementor-widget elementor-widget-text-editor\" data-id=\"71f5643\" data-element_type=\"widget\" data-e-type=\"widget\" data-widget_type=\"text-editor.default\">\n\t\t\t\t\t\t\t\t\t<div><strong>1. Kaminaljuy\u00fa (Ciudad de Guatemala)<\/strong><\/div><div>\u2022Principal atractivo: Mont\u00edculos y vestigios de la antigua ciudad maya.<\/div><div><strong>\u2022Tarifa: Q5 nacionales, Q50 extranjeros.<\/strong><\/div><div>\u00a0<\/div><div><strong>2.Museo Nacional de Arqueolog\u00eda y Etnolog\u00eda (Zona 13)<\/strong><\/div><div>\u2022Atractivo: Colecci\u00f3n arqueol\u00f3gica m\u00e1s grande del pa\u00eds.<\/div><div><strong>\u2022Tarifa: Q5 nacionales, Q60 extranjeros.<\/strong><\/div><div>\u00a0<\/div><div><strong>3.Museo Popol Vuh y Museo Ixchel (Universidad Francisco Marroqu\u00edn)<\/strong><\/div><div>\u2022Tarifa combinada: Aproximadamente<strong> Q35 a Q50 nacionales, Q80 extranjeros.<\/strong><\/div><div>\u00a0<\/div><div><strong>4.Parque Nacional Naciones Unidas (Villa Nueva)<\/strong><\/div><div>\u2022Atractivo: R\u00e9plicas de sitios arqueol\u00f3gicos, senderos, \u00e1reas verdes.<\/div><div><strong>\u2022Tarifa: Q10 nacionales, Q40 extranjeros.<\/strong><\/div>\t\t\t\t\t\t\t\t<\/div>\n\t\t\t\t\t<\/div>\n\t\t\t\t<\/div>\n\t\t<div data-particle_enable=\"false\" data-particle-mobile-disabled=\"false\" class=\"elementor-element elementor-element-d68f5c0 e-flex e-con-boxed e-con e-parent\" data-id=\"d68f5c0\" data-element_type=\"container\" data-e-type=\"container\">\n\t\t\t\t\t<div class=\"e-con-inner\">\n\t\t\t\t<div class=\"elementor-element elementor-element-370908f elementor-grid-eael-col-1 elementor-grid-tablet-eael-col-2 elementor-grid-mobile-eael-col-1 elementor-invisible elementor-widget elementor-widget-eael-post-grid\" data-id=\"370908f\" data-element_type=\"widget\" data-e-type=\"widget\" data-settings=\"{&quot;eael_post_grid_columns&quot;:&quot;eael-col-1&quot;,&quot;_animation&quot;:&quot;rollIn&quot;,&quot;eael_post_grid_columns_tablet&quot;:&quot;eael-col-2&quot;,&quot;eael_post_grid_columns_mobile&quot;:&quot;eael-col-1&quot;}\" data-widget_type=\"eael-post-grid.default\">\n\t\t\t\t\t<div id=\"eael-post-grid-370908f\" class=\"eael-post-grid-container\">\n            <div class=\"eael-post-grid eael-post-appender eael-post-appender-370908f eael-post-grid-style-one\" data-layout-mode=\"masonry\"><article class=\"eael-grid-post  eael-post-grid-column eael-pg-post-8824 category-guate-nuestra\" data-id=\"8824\">\n        <div class=\"eael-grid-post-holder\">\n            <div class=\"eael-grid-post-holder-inner\"><div class=\"eael-entry-media\"><div class=\"eael-entry-overlay fade-in\"><i class=\"far fa-hand-pointer\" aria-hidden=\"true\"><\/i><a href=\"https:\/\/soymigrante.com\/revista\/cinco-parques-tematicos-en-retalhuleu-que-si-o-si-debes-visitar\/\"><\/a><\/div><div class=\"eael-entry-thumbnail eael-image-ratio\">\n                <img loading=\"lazy\" decoding=\"async\" width=\"1024\" height=\"1024\" src=\"https:\/\/soymigrante.com\/revista\/wp-content\/uploads\/2024\/09\/IMG_2712-copia-1024x1024.webp\" class=\"attachment-large size-large wp-image-8839\" alt=\"Torre de la Independencia en la Ciudad de M\u00e9xico, s\u00edmbolo de historia y cultura mexicana. Ubicaci\u00f3n central, rodeada de \u00e1reas verdes y edificios tradicionales, ideal para visitantes y residentes.\" srcset=\"https:\/\/soymigrante.com\/revista\/wp-content\/uploads\/2024\/09\/IMG_2712-copia-1024x1024.webp 1024w, https:\/\/soymigrante.com\/revista\/wp-content\/uploads\/2024\/09\/IMG_2712-copia-300x300.webp 300w, https:\/\/soymigrante.com\/revista\/wp-content\/uploads\/2024\/09\/IMG_2712-copia-150x150.webp 150w, https:\/\/soymigrante.com\/revista\/wp-content\/uploads\/2024\/09\/IMG_2712-copia-768x768.webp 768w, https:\/\/soymigrante.com\/revista\/wp-content\/uploads\/2024\/09\/IMG_2712-copia-1536x1536.webp 1536w, https:\/\/soymigrante.com\/revista\/wp-content\/uploads\/2024\/09\/IMG_2712-copia.webp 1920w, https:\/\/soymigrante.com\/revista\/wp-content\/uploads\/2024\/09\/IMG_2712-copia-75x75.webp 75w, https:\/\/soymigrante.com\/revista\/wp-content\/uploads\/2024\/09\/IMG_2712-copia-750x750.webp 750w, https:\/\/soymigrante.com\/revista\/wp-content\/uploads\/2024\/09\/IMG_2712-copia-1140x1140.jpg 1140w\" sizes=\"(max-width: 1024px) 100vw, 1024px\" \/>\n            <\/div>\n        <\/div><div class=\"eael-entry-wrapper\"><header class=\"eael-entry-header\"><h2 class=\"eael-entry-title\"><a class=\"eael-grid-post-link\" href=\"https:\/\/soymigrante.com\/revista\/cinco-parques-tematicos-en-retalhuleu-que-si-o-si-debes-visitar\/\" title=\"Cinco parques tem\u00e1ticos en Retalhuleu, que s\u00ed o s\u00ed debes visitar\">Cinco parques tem\u00e1ticos en Retalhuleu, que s\u00ed o s\u00ed debes visitar<\/a><\/h2><\/header><div class=\"eael-entry-content\">\n                        <div class=\"eael-grid-post-excerpt\"><a href=\"https:\/\/soymigrante.com\/revista\/cinco-parques-tematicos-en-retalhuleu-que-si-o-si-debes-visitar\/\" class=\"eael-post-elements-readmore-btn\">CONOCE SU HISTORIA <\/a><\/div>\n                    <\/div><\/div><\/div>\n        <\/div>\n    <\/article><\/div>\n            <div class=\"clearfix\"><\/div>\n        <\/div>\t\t\t\t<\/div>\n\t\t\t\t\t<\/div>\n\t\t\t\t<\/div>\n\t\t<div data-particle_enable=\"false\" data-particle-mobile-disabled=\"false\" class=\"elementor-element elementor-element-c195d96 e-flex e-con-boxed e-con e-parent\" data-id=\"c195d96\" data-element_type=\"container\" data-e-type=\"container\">\n\t\t\t\t\t<div class=\"e-con-inner\">\n\t\t\t\t<div class=\"elementor-element elementor-element-77264cd elementor-widget elementor-widget-heading\" data-id=\"77264cd\" data-element_type=\"widget\" data-e-type=\"widget\" data-widget_type=\"heading.default\">\n\t\t\t\t\t<h3 class=\"elementor-heading-title elementor-size-default\">Chiquimula, Jalapa, Zacapa y oriente<\/h3>\t\t\t\t<\/div>\n\t\t\t\t\t<\/div>\n\t\t\t\t<\/div>\n\t\t<div data-particle_enable=\"false\" data-particle-mobile-disabled=\"false\" class=\"elementor-element elementor-element-a4e9900 e-flex e-con-boxed e-con e-parent\" data-id=\"a4e9900\" data-element_type=\"container\" data-e-type=\"container\">\n\t\t\t\t\t<div class=\"e-con-inner\">\n\t\t\t\t<div class=\"elementor-element elementor-element-f9eee80 elementor-widget elementor-widget-text-editor\" data-id=\"f9eee80\" data-element_type=\"widget\" data-e-type=\"widget\" data-widget_type=\"text-editor.default\">\n\t\t\t\t\t\t\t\t\t<div><strong>1. Volc\u00e1n Jumay (Jalapa)<\/strong><\/div><div>\u2022Atractivo: Caminatas en clima templado y vistas del oriente.<\/div><div><strong>\u2022Tarifa: Gratuito.<\/strong><\/div><div>\u00a0<\/div><div><strong>2.Parque Chat\u00fan (Esquipulas)<\/strong><\/div><div>\u2022Atractivo: Parque acu\u00e1tico privado, actividades al aire libre, canopy, lagunas y \u00e1reas verdes.<\/div><div><strong>\u2022Tarifa: Desde Q40 hasta Q100 seg\u00fan actividades.<\/strong><\/div>\t\t\t\t\t\t\t\t<\/div>\n\t\t\t\t\t<\/div>\n\t\t\t\t<\/div>\n\t\t<div data-particle_enable=\"false\" data-particle-mobile-disabled=\"false\" class=\"elementor-element elementor-element-7fa6053 e-flex e-con-boxed e-con e-parent\" data-id=\"7fa6053\" data-element_type=\"container\" data-e-type=\"container\">\n\t\t\t\t\t<div class=\"e-con-inner\">\n\t\t\t\t<div class=\"elementor-element elementor-element-78375cb elementor-grid-eael-col-1 elementor-grid-tablet-eael-col-2 elementor-grid-mobile-eael-col-1 elementor-invisible elementor-widget elementor-widget-eael-post-grid\" data-id=\"78375cb\" data-element_type=\"widget\" data-e-type=\"widget\" data-settings=\"{&quot;eael_post_grid_columns&quot;:&quot;eael-col-1&quot;,&quot;_animation&quot;:&quot;rollIn&quot;,&quot;eael_post_grid_columns_tablet&quot;:&quot;eael-col-2&quot;,&quot;eael_post_grid_columns_mobile&quot;:&quot;eael-col-1&quot;}\" data-widget_type=\"eael-post-grid.default\">\n\t\t\t\t\t<div id=\"eael-post-grid-78375cb\" class=\"eael-post-grid-container\">\n            <div class=\"eael-post-grid eael-post-appender eael-post-appender-78375cb eael-post-grid-style-one\" data-layout-mode=\"masonry\"><article class=\"eael-grid-post  eael-post-grid-column eael-pg-post-21453 category-lugar-de-voces tags-volcanes-de-guatemala\" data-id=\"21453\">\n        <div class=\"eael-grid-post-holder\">\n            <div class=\"eael-grid-post-holder-inner\"><div class=\"eael-entry-media\"><div class=\"eael-entry-overlay fade-in\"><i class=\"far fa-hand-pointer\" aria-hidden=\"true\"><\/i><a href=\"https:\/\/soymigrante.com\/revista\/migrante-guatemalteco-antonio-marcos-relata-su-aventura-en-los-volcanes-acatenango-y-de-fuego\/\"><\/a><\/div><div class=\"eael-entry-thumbnail eael-image-ratio\">\n                <img loading=\"lazy\" decoding=\"async\" width=\"1024\" height=\"1024\" src=\"https:\/\/soymigrante.com\/revista\/wp-content\/uploads\/2025\/01\/marcos-acatenango-fuego-4-1024x1024.jpg\" class=\"attachment-large size-large wp-image-21455\" alt=\"Explorador de monta\u00f1a en la cima, mostrando entusiasmo con bandera de Houston TX, foto en la cumbre, aventura, inmigrante, comunidad, superaci\u00f3n, pasi\u00f3n por la vida.\" srcset=\"https:\/\/soymigrante.com\/revista\/wp-content\/uploads\/2025\/01\/marcos-acatenango-fuego-4-1024x1024.jpg 1024w, https:\/\/soymigrante.com\/revista\/wp-content\/uploads\/2025\/01\/marcos-acatenango-fuego-4-300x300.jpg 300w, https:\/\/soymigrante.com\/revista\/wp-content\/uploads\/2025\/01\/marcos-acatenango-fuego-4-150x150.jpg 150w, https:\/\/soymigrante.com\/revista\/wp-content\/uploads\/2025\/01\/marcos-acatenango-fuego-4-768x768.jpg 768w, https:\/\/soymigrante.com\/revista\/wp-content\/uploads\/2025\/01\/marcos-acatenango-fuego-4-75x75.webp 75w, https:\/\/soymigrante.com\/revista\/wp-content\/uploads\/2025\/01\/marcos-acatenango-fuego-4-750x750.webp 750w, https:\/\/soymigrante.com\/revista\/wp-content\/uploads\/2025\/01\/marcos-acatenango-fuego-4-1140x1140.webp 1140w, https:\/\/soymigrante.com\/revista\/wp-content\/uploads\/2025\/01\/marcos-acatenango-fuego-4.webp 1536w\" sizes=\"(max-width: 1024px) 100vw, 1024px\" \/>\n            <\/div>\n        <\/div><div class=\"eael-entry-wrapper\"><header class=\"eael-entry-header\"><h2 class=\"eael-entry-title\"><a class=\"eael-grid-post-link\" href=\"https:\/\/soymigrante.com\/revista\/migrante-guatemalteco-antonio-marcos-relata-su-aventura-en-los-volcanes-acatenango-y-de-fuego\/\" title=\"Migrante guatemalteco Antonio Marcos cuenta su experiencia en los volcanes Acatenango y de Fuego\">Migrante guatemalteco Antonio Marcos cuenta su experiencia en los volcanes Acatenango y de Fuego<\/a><\/h2><\/header><div class=\"eael-entry-content\">\n                        <div class=\"eael-grid-post-excerpt\"><a href=\"https:\/\/soymigrante.com\/revista\/migrante-guatemalteco-antonio-marcos-relata-su-aventura-en-los-volcanes-acatenango-y-de-fuego\/\" class=\"eael-post-elements-readmore-btn\">CONOCE SU HISTORIA <\/a><\/div>\n                    <\/div><\/div><\/div>\n        <\/div>\n    <\/article><\/div>\n            <div class=\"clearfix\"><\/div>\n        <\/div>\t\t\t\t<\/div>\n\t\t\t\t\t<\/div>\n\t\t\t\t<\/div>\n\t\t<div data-particle_enable=\"false\" data-particle-mobile-disabled=\"false\" class=\"elementor-element elementor-element-c38dd23 e-flex e-con-boxed e-con e-parent\" data-id=\"c38dd23\" data-element_type=\"container\" data-e-type=\"container\">\n\t\t\t\t\t<div class=\"e-con-inner\">\n\t\t\t\t<div class=\"elementor-element elementor-element-4b7f0ae elementor-widget elementor-widget-heading\" data-id=\"4b7f0ae\" data-element_type=\"widget\" data-e-type=\"widget\" data-widget_type=\"heading.default\">\n\t\t\t\t\t<h3 class=\"elementor-heading-title elementor-size-default\">Informaci\u00f3n adicional y recomendaciones<\/h3>\t\t\t\t<\/div>\n\t\t\t\t\t<\/div>\n\t\t\t\t<\/div>\n\t\t<div data-particle_enable=\"false\" data-particle-mobile-disabled=\"false\" class=\"elementor-element elementor-element-8899759 e-flex e-con-boxed e-con e-parent\" data-id=\"8899759\" data-element_type=\"container\" data-e-type=\"container\">\n\t\t\t\t\t<div class=\"e-con-inner\">\n\t\t\t\t<div class=\"elementor-element elementor-element-30abeee elementor-widget elementor-widget-text-editor\" data-id=\"30abeee\" data-element_type=\"widget\" data-e-type=\"widget\" data-widget_type=\"text-editor.default\">\n\t\t\t\t\t\t\t\t\t<div>\u2022 Entrada gratuita para ni\u00f1os menores de 7 a\u00f1os y adultos mayores con DPI (en sitios administrados por el INGUAT o el IDAEH).<\/div><div><a href=\"https:\/\/soymigrante.com\/revista\/5-destinos-turisticos-anorados-por-los-chapines-que-regresan-de-usa\/\" target=\"_blank\" rel=\"noopener\">\u2022Se recomienda llevar efectivo en quetzales, ya que muchos lugares no aceptan tarjeta.<\/a><\/div><div>\u2022Los precios pueden variar en feriados o si se visita con tour.<\/div><div>\u2022Algunos sitios requieren gu\u00eda autorizado, especialmente en parques arqueol\u00f3gicos.<\/div>\t\t\t\t\t\t\t\t<\/div>\n\t\t\t\t\t<\/div>\n\t\t\t\t<\/div>\n\t\t<div data-particle_enable=\"false\" data-particle-mobile-disabled=\"false\" class=\"elementor-element elementor-element-acd73e6 e-flex e-con-boxed e-con e-parent\" data-id=\"acd73e6\" data-element_type=\"container\" data-e-type=\"container\">\n\t\t\t\t\t<div class=\"e-con-inner\">\n\t\t\t\t<div class=\"elementor-element elementor-element-a8f29c3 elementor-widget elementor-widget-text-editor\" data-id=\"a8f29c3\" data-element_type=\"widget\" data-e-type=\"widget\" data-widget_type=\"text-editor.default\">\n\t\t\t\t\t\t\t\t\t<p><a href=\"https:\/\/soymigrante.com\/revista\/5-destinos-turisticos-anorados-por-los-chapines-que-regresan-de-usa\/\" target=\"_blank\" rel=\"noopener\">\u00a0Con tarifas razonables y escenarios naturales y culturales inigualables,<\/a> recorrer el pa\u00eds es una experiencia que conecta con las ra\u00edces mayas, la historia colonial y la biodiversidad que caracteriza a esta tierra del Quetzal.<\/p>\t\t\t\t\t\t\t\t<\/div>\n\t\t\t\t\t<\/div>\n\t\t\t\t<\/div>\n\t\t<div data-particle_enable=\"false\" data-particle-mobile-disabled=\"false\" class=\"elementor-element elementor-element-f6cd229 e-flex e-con-boxed e-con e-parent\" data-id=\"f6cd229\" data-element_type=\"container\" data-e-type=\"container\">\n\t\t\t\t\t<div class=\"e-con-inner\">\n\t\t\t\t<div class=\"elementor-element elementor-element-2905e17 elementor-widget elementor-widget-heading\" data-id=\"2905e17\" data-element_type=\"widget\" data-e-type=\"widget\" data-widget_type=\"heading.default\">\n\t\t\t\t\t<h2 class=\"elementor-heading-title elementor-size-default\">Conoce m\u00e1s de Guatemala, ac\u00e1...<\/h2>\t\t\t\t<\/div>\n\t\t\t\t\t<\/div>\n\t\t\t\t<\/div>\n\t\t<div data-particle_enable=\"false\" data-particle-mobile-disabled=\"false\" class=\"elementor-element elementor-element-a05019e e-flex e-con-boxed e-con e-parent\" data-id=\"a05019e\" data-element_type=\"container\" data-e-type=\"container\">\n\t\t\t\t\t<div class=\"e-con-inner\">\n\t\t\t\t<div class=\"elementor-element elementor-element-9aee8af elementor-grid-eael-col-3 elementor-grid-tablet-eael-col-2 elementor-grid-mobile-eael-col-1 elementor-invisible elementor-widget elementor-widget-eael-post-grid\" data-id=\"9aee8af\" data-element_type=\"widget\" data-e-type=\"widget\" data-settings=\"{&quot;eael_post_grid_columns&quot;:&quot;eael-col-3&quot;,&quot;_animation&quot;:&quot;rollIn&quot;,&quot;eael_post_grid_columns_tablet&quot;:&quot;eael-col-2&quot;,&quot;eael_post_grid_columns_mobile&quot;:&quot;eael-col-1&quot;}\" data-widget_type=\"eael-post-grid.default\">\n\t\t\t\t\t<div id=\"eael-post-grid-9aee8af\" class=\"eael-post-grid-container\">\n            <div class=\"eael-post-grid eael-post-appender eael-post-appender-9aee8af eael-post-grid-style-one\" data-layout-mode=\"masonry\"><article class=\"eael-grid-post  eael-post-grid-column eael-pg-post-26472 category-guate-nuestra\" data-id=\"26472\">\n        <div class=\"eael-grid-post-holder\">\n            <div class=\"eael-grid-post-holder-inner\"><div class=\"eael-entry-media\"><div class=\"eael-entry-overlay fade-in\"><i class=\"far fa-hand-pointer\" aria-hidden=\"true\"><\/i><a href=\"https:\/\/soymigrante.com\/revista\/cuando-se-descubrio-tikal-y-cual-era-su-nombre-prehispanico\/\"><\/a><\/div><div class=\"eael-entry-thumbnail \">\n                <img loading=\"lazy\" decoding=\"async\" width=\"766\" height=\"766\" src=\"https:\/\/soymigrante.com\/revista\/wp-content\/uploads\/2025\/02\/Boda-tikal--e1740608132635.webp\" class=\"attachment-large size-large wp-image-24930\" alt=\"Gran pir\u00e1mide maya en ruinas en un entorno selv\u00e1tico, s\u00edmbolo de la cultura ancestral y el turismo en M\u00e9xico.\" srcset=\"https:\/\/soymigrante.com\/revista\/wp-content\/uploads\/2025\/02\/Boda-tikal--e1740608132635.webp 766w, https:\/\/soymigrante.com\/revista\/wp-content\/uploads\/2025\/02\/Boda-tikal--e1740608132635-300x300.jpeg 300w, https:\/\/soymigrante.com\/revista\/wp-content\/uploads\/2025\/02\/Boda-tikal--e1740608132635-150x150.jpeg 150w, https:\/\/soymigrante.com\/revista\/wp-content\/uploads\/2025\/02\/Boda-tikal--e1740608132635-75x75.webp 75w, https:\/\/soymigrante.com\/revista\/wp-content\/uploads\/2025\/02\/Boda-tikal--e1740608132635-750x750.webp 750w\" sizes=\"(max-width: 766px) 100vw, 766px\" \/>\n            <\/div>\n        <\/div><div class=\"eael-entry-wrapper\"><header class=\"eael-entry-header\"><h2 class=\"eael-entry-title\"><a class=\"eael-grid-post-link\" href=\"https:\/\/soymigrante.com\/revista\/cuando-se-descubrio-tikal-y-cual-era-su-nombre-prehispanico\/\" title=\"\u00bfCu\u00e1ndo se descubri\u00f3 Tikal y cu\u00e1l era su nombre prehisp\u00e1nico?\">\u00bfCu\u00e1ndo se descubri\u00f3 Tikal y cu\u00e1l era su nombre prehisp\u00e1nico?<\/a><\/h2><\/header><div class=\"eael-entry-content\">\n                        <div class=\"eael-grid-post-excerpt\"><a href=\"https:\/\/soymigrante.com\/revista\/cuando-se-descubrio-tikal-y-cual-era-su-nombre-prehispanico\/\" class=\"eael-post-elements-readmore-btn\">CONOCE SU HISTORIA <\/a><\/div>\n                    <\/div><\/div><\/div>\n        <\/div>\n    <\/article><article class=\"eael-grid-post  eael-post-grid-column eael-pg-post-21370 category-guate-nuestra tags-volcanes-de-guatemala\" data-id=\"21370\">\n        <div class=\"eael-grid-post-holder\">\n            <div class=\"eael-grid-post-holder-inner\"><div class=\"eael-entry-media\"><div class=\"eael-entry-overlay fade-in\"><i class=\"far fa-hand-pointer\" aria-hidden=\"true\"><\/i><a href=\"https:\/\/soymigrante.com\/revista\/pensando-en-escalar-algun-volcan-de-guatemala-consejos-para-una-buena-experiencia\/\"><\/a><\/div><div class=\"eael-entry-thumbnail \">\n                <img loading=\"lazy\" decoding=\"async\" width=\"893\" height=\"893\" src=\"https:\/\/soymigrante.com\/revista\/wp-content\/uploads\/2025\/01\/escalar-volcanes-foto-Envato.webp\" class=\"attachment-large size-large wp-image-23544\" alt=\"Exploradora caminando en una monta\u00f1a volc\u00e1nica con equipo de senderismo, representando aventura y superaci\u00f3n.\" srcset=\"https:\/\/soymigrante.com\/revista\/wp-content\/uploads\/2025\/01\/escalar-volcanes-foto-Envato.webp 893w, https:\/\/soymigrante.com\/revista\/wp-content\/uploads\/2025\/01\/escalar-volcanes-foto-Envato-300x300.png 300w, https:\/\/soymigrante.com\/revista\/wp-content\/uploads\/2025\/01\/escalar-volcanes-foto-Envato-150x150.png 150w, https:\/\/soymigrante.com\/revista\/wp-content\/uploads\/2025\/01\/escalar-volcanes-foto-Envato-768x768.png 768w, https:\/\/soymigrante.com\/revista\/wp-content\/uploads\/2025\/01\/escalar-volcanes-foto-Envato-75x75.webp 75w, https:\/\/soymigrante.com\/revista\/wp-content\/uploads\/2025\/01\/escalar-volcanes-foto-Envato-750x750.webp 750w\" sizes=\"(max-width: 893px) 100vw, 893px\" \/>\n            <\/div>\n        <\/div><div class=\"eael-entry-wrapper\"><header class=\"eael-entry-header\"><h2 class=\"eael-entry-title\"><a class=\"eael-grid-post-link\" href=\"https:\/\/soymigrante.com\/revista\/pensando-en-escalar-algun-volcan-de-guatemala-consejos-para-una-buena-experiencia\/\" title=\"\u00bfPensando en escalar alg\u00fan volc\u00e1n de Guatemala? Consejos para  una buena experiencia\">\u00bfPensando en escalar alg\u00fan volc\u00e1n de Guatemala? Consejos para  una buena experiencia<\/a><\/h2><\/header><div class=\"eael-entry-content\">\n                        <div class=\"eael-grid-post-excerpt\"><a href=\"https:\/\/soymigrante.com\/revista\/pensando-en-escalar-algun-volcan-de-guatemala-consejos-para-una-buena-experiencia\/\" class=\"eael-post-elements-readmore-btn\">CONOCE SU HISTORIA <\/a><\/div>\n                    <\/div><\/div><\/div>\n        <\/div>\n    <\/article><article class=\"eael-grid-post  eael-post-grid-column eael-pg-post-10625 category-guate-nuestra\" data-id=\"10625\">\n        <div class=\"eael-grid-post-holder\">\n            <div class=\"eael-grid-post-holder-inner\"><div class=\"eael-entry-media\"><div class=\"eael-entry-overlay fade-in\"><i class=\"far fa-hand-pointer\" aria-hidden=\"true\"><\/i><a href=\"https:\/\/soymigrante.com\/revista\/aguateca-una-ciudad-maya-prehispanica-fortificada\/\"><\/a><\/div><div class=\"eael-entry-thumbnail \">\n                <img loading=\"lazy\" decoding=\"async\" width=\"1024\" height=\"1024\" src=\"https:\/\/soymigrante.com\/revista\/wp-content\/uploads\/2024\/10\/Aguateca-La-ciudad-maya-fortificada-en-el-corazon-de-Peten-1-1-e1729630120727-1024x1024.webp\" class=\"attachment-large size-large wp-image-10627\" alt=\"Restauraci\u00f3n de ruinas mayas en un entorno selv\u00e1tico, destacando la historia y cultura antigua de M\u00e9xico y Centroam\u00e9rica.\" srcset=\"https:\/\/soymigrante.com\/revista\/wp-content\/uploads\/2024\/10\/Aguateca-La-ciudad-maya-fortificada-en-el-corazon-de-Peten-1-1-e1729630120727-1024x1024.webp 1024w, https:\/\/soymigrante.com\/revista\/wp-content\/uploads\/2024\/10\/Aguateca-La-ciudad-maya-fortificada-en-el-corazon-de-Peten-1-1-e1729630120727-300x300.webp 300w, https:\/\/soymigrante.com\/revista\/wp-content\/uploads\/2024\/10\/Aguateca-La-ciudad-maya-fortificada-en-el-corazon-de-Peten-1-1-e1729630120727-150x150.webp 150w, https:\/\/soymigrante.com\/revista\/wp-content\/uploads\/2024\/10\/Aguateca-La-ciudad-maya-fortificada-en-el-corazon-de-Peten-1-1-e1729630120727-768x768.webp 768w, https:\/\/soymigrante.com\/revista\/wp-content\/uploads\/2024\/10\/Aguateca-La-ciudad-maya-fortificada-en-el-corazon-de-Peten-1-1-e1729630120727-75x75.webp 75w, https:\/\/soymigrante.com\/revista\/wp-content\/uploads\/2024\/10\/Aguateca-La-ciudad-maya-fortificada-en-el-corazon-de-Peten-1-1-e1729630120727-750x750.webp 750w, https:\/\/soymigrante.com\/revista\/wp-content\/uploads\/2024\/10\/Aguateca-La-ciudad-maya-fortificada-en-el-corazon-de-Peten-1-1-e1729630120727-1140x1140.webp 1140w, https:\/\/soymigrante.com\/revista\/wp-content\/uploads\/2024\/10\/Aguateca-La-ciudad-maya-fortificada-en-el-corazon-de-Peten-1-1-e1729630120727.webp 1440w\" sizes=\"(max-width: 1024px) 100vw, 1024px\" \/>\n            <\/div>\n        <\/div><div class=\"eael-entry-wrapper\"><header class=\"eael-entry-header\"><h2 class=\"eael-entry-title\"><a class=\"eael-grid-post-link\" href=\"https:\/\/soymigrante.com\/revista\/aguateca-una-ciudad-maya-prehispanica-fortificada\/\" title=\"Aguateca, la impresionante ciudad maya fortificada en Pet\u00e9n\">Aguateca, la impresionante ciudad maya fortificada en Pet\u00e9n<\/a><\/h2><\/header><div class=\"eael-entry-content\">\n                        <div class=\"eael-grid-post-excerpt\"><a href=\"https:\/\/soymigrante.com\/revista\/aguateca-una-ciudad-maya-prehispanica-fortificada\/\" class=\"eael-post-elements-readmore-btn\">CONOCE SU HISTORIA <\/a><\/div>\n                    <\/div><\/div><\/div>\n        <\/div>\n    <\/article><\/div>\n            <div class=\"clearfix\"><\/div>\n        <\/div>\t\t\t\t<\/div>\n\t\t\t\t\t<\/div>\n\t\t\t\t<\/div>\n\t\t\t\t<\/div>\n\t\t","protected":false},"excerpt":{"rendered":"<p>Las tarifas de ingreso a los centros tur\u00edsticos de Guatemala son variadas, pero ac\u00e1 hay una gu\u00eda por regiones y atractivos. Guatemala es un pa\u00eds rico en patrimonio cultural, historia maya, naturaleza exuberante y paisajes espectaculares. Cada a\u00f1o, miles de visitantes locales y extranjeros recorren sus parques arqueol\u00f3gicos, \u00e1reas protegidas, lagos, volcanes y museos. Para [&hellip;]<\/p>\n","protected":false},"author":19,"featured_media":24930,"comment_status":"open","ping_status":"open","sticky":false,"template":"","format":"standard","meta":{"_acf_changed":false,"_eb_attr":"","footnotes":""},"categories":[58],"tags":[],"class_list":["post-37849","post","type-post","status-publish","format-standard","has-post-thumbnail","hentry","category-guate-nuestra"],"acf":[],"aioseo_notices":[],"aioseo_head":"\n\t\t<!-- All in One SEO Pro 4.9.6.2 - aioseo.com -->\n\t<meta name=\"description\" content=\"Aguateca es una de las ciudades mayas menos conocidas pero de las m\u00e1s impresionantes debido a su ubicaci\u00f3n en un maciso defensivo. Fue abandonada s\u00fabitamente\" \/>\n\t<meta name=\"robots\" content=\"max-snippet:-1, max-image-preview:large, max-video-preview:-1\" \/>\n\t<meta name=\"author\" content=\"Marysabel Aldana\"\/>\n\t<link rel=\"canonical\" href=\"https:\/\/soymigrante.com\/revista\/aguateca-una-ciudad-maya-prehispanica-fortificada\/\" \/>\n\t<meta name=\"generator\" content=\"All in One SEO Pro (AIOSEO) 4.9.6.2\" \/>\n\n\t\t<link rel=\"preconnect\" href=\"https:\/\/fonts.googleapis.com\" crossorigin>\n<link rel=\"preconnect\" href=\"https:\/\/fonts.gstatic.com\" crossorigin>\n\t\t<meta property=\"og:locale\" content=\"es_ES\" \/>\n\t\t<meta property=\"og:site_name\" content=\"SoyMigrante.com REVISTA \u2013 Nuestra misi\u00f3n es reconocer y dignificar al migrante.\" \/>\n\t\t<meta property=\"og:type\" content=\"article\" \/>\n\t\t<meta property=\"og:title\" content=\"Aguateca, la impresionante ciudad maya fortificada\" \/>\n\t\t<meta property=\"og:description\" content=\"Aguateca es una de las ciudades mayas menos conocidas pero de las m\u00e1s impresionantes debido a su ubicaci\u00f3n en un maciso defensivo. Fue abandonada s\u00fabitamente\" \/>\n\t\t<meta property=\"og:url\" content=\"https:\/\/soymigrante.com\/revista\/aguateca-una-ciudad-maya-prehispanica-fortificada\/\" \/>\n\t\t<meta property=\"og:image\" content=\"https:\/\/soymigrante.com\/revista\/wp-content\/uploads\/2024\/10\/Aguateca-La-ciudad-maya-fortificada-en-el-corazon-de-Peten-1-1-e1729630120727.webp\" \/>\n\t\t<meta property=\"og:image:secure_url\" content=\"https:\/\/soymigrante.com\/revista\/wp-content\/uploads\/2024\/10\/Aguateca-La-ciudad-maya-fortificada-en-el-corazon-de-Peten-1-1-e1729630120727.webp\" \/>\n\t\t<meta property=\"og:image:width\" content=\"1440\" \/>\n\t\t<meta property=\"og:image:height\" content=\"1440\" \/>\n\t\t<meta property=\"article:published_time\" content=\"2024-10-23T15:31:55+00:00\" \/>\n\t\t<meta property=\"article:modified_time\" content=\"2025-03-04T19:54:43+00:00\" \/>\n\t\t<meta property=\"article:publisher\" content=\"https:\/\/www.facebook.com\/soymigrantecom\" \/>\n\t\t<meta name=\"twitter:card\" content=\"summary_large_image\" \/>\n\t\t<meta name=\"twitter:site\" content=\"@SoyMigrante_com\" \/>\n\t\t<meta name=\"twitter:title\" content=\"Aguateca, la impresionante ciudad maya fortificada\" \/>\n\t\t<meta name=\"twitter:description\" content=\"Aguateca es una de las ciudades mayas menos conocidas pero de las m\u00e1s impresionantes debido a su ubicaci\u00f3n en un maciso defensivo. Fue abandonada s\u00fabitamente\" \/>\n\t\t<meta name=\"twitter:creator\" content=\"@SoyMigrante_com\" \/>\n\t\t<meta name=\"twitter:image\" content=\"https:\/\/soymigrante.com\/revista\/wp-content\/uploads\/2024\/10\/Aguateca-La-ciudad-maya-fortificada-en-el-corazon-de-Peten-1-1-e1729630120727.webp\" \/>\n\t\t<!-- All in One SEO Pro -->\r\n\t\t<title>Aguateca, la impresionante ciudad maya fortificada<\/title>\n\n","aioseo_head_json":{"title":"Aguateca, la impresionante ciudad maya fortificada","description":"Aguateca es una de las ciudades mayas menos conocidas pero de las m\u00e1s impresionantes debido a su ubicaci\u00f3n en un maciso defensivo. Fue abandonada s\u00fabitamente","canonical_url":"https:\/\/soymigrante.com\/revista\/aguateca-una-ciudad-maya-prehispanica-fortificada\/","robots":"max-snippet:-1, max-image-preview:large, max-video-preview:-1","keywords":"","webmasterTools":{"miscellaneous":"&lt;link rel=\"preconnect\" href=\"https:\/\/fonts.googleapis.com\" crossorigin&gt;\n&lt;link rel=\"preconnect\" href=\"https:\/\/fonts.gstatic.com\" crossorigin&gt;"},"schema":null,"og:locale":"es_ES","og:site_name":"SoyMigrante.com REVISTA \u2013 Nuestra misi\u00f3n es reconocer y dignificar al migrante.","og:type":"article","og:title":"Aguateca, la impresionante ciudad maya fortificada","og:description":"Aguateca es una de las ciudades mayas menos conocidas pero de las m\u00e1s impresionantes debido a su ubicaci\u00f3n en un maciso defensivo. Fue abandonada s\u00fabitamente","og:url":"https:\/\/soymigrante.com\/revista\/aguateca-una-ciudad-maya-prehispanica-fortificada\/","og:image":"https:\/\/soymigrante.com\/revista\/wp-content\/uploads\/2024\/10\/Aguateca-La-ciudad-maya-fortificada-en-el-corazon-de-Peten-1-1-e1729630120727.webp","og:image:secure_url":"https:\/\/soymigrante.com\/revista\/wp-content\/uploads\/2024\/10\/Aguateca-La-ciudad-maya-fortificada-en-el-corazon-de-Peten-1-1-e1729630120727.webp","og:image:width":1440,"og:image:height":1440,"article:published_time":"2024-10-23T15:31:55+00:00","article:modified_time":"2025-03-04T19:54:43+00:00","article:publisher":"https:\/\/www.facebook.com\/soymigrantecom","twitter:card":"summary_large_image","twitter:site":"@SoyMigrante_com","twitter:title":"Aguateca, la impresionante ciudad maya fortificada","twitter:description":"Aguateca es una de las ciudades mayas menos conocidas pero de las m\u00e1s impresionantes debido a su ubicaci\u00f3n en un maciso defensivo. Fue abandonada s\u00fabitamente","twitter:creator":"@SoyMigrante_com","twitter:image":"https:\/\/soymigrante.com\/revista\/wp-content\/uploads\/2024\/10\/Aguateca-La-ciudad-maya-fortificada-en-el-corazon-de-Peten-1-1-e1729630120727.webp"},"aioseo_meta_data":{"post_id":"37849","title":null,"description":"Hay muchos destinos tur\u00edsticos gratuitos en Guatemala, pero hay algunos parques o reservas que tienen un cobro por persona. Estos son algunos puntos.","keywords":null,"keyphrases":{"focus":{"keyphrase":"centros tur\u00edsticos","score":60,"analysis":{"keyphraseInTitle":{"score":9,"maxScore":9,"error":0},"keyphraseInDescription":{"score":3,"maxScore":9,"error":1},"keyphraseLength":{"score":9,"maxScore":9,"error":0,"length":3},"keyphraseInURL":{"score":5,"maxScore":5,"error":0},"keyphraseInIntroduction":{"score":3,"maxScore":9,"error":1},"keyphraseInSubHeadings":{"score":3,"maxScore":9,"error":1},"keyphraseInImageAlt":{"score":9,"maxScore":9,"error":0},"keywordDensity":{"score":0,"type":"low","maxScore":9,"error":1}}},"additional":[{"keyphrase":"Guatemala","score":100,"analysis":{"keyphraseInDescription":{"score":9,"maxScore":9,"error":0},"keyphraseLength":{"score":9,"maxScore":9,"error":0,"length":1},"keyphraseInIntroduction":{"score":9,"maxScore":9,"error":0},"keyphraseInImageAlt":{"score":9,"maxScore":9,"error":0},"keywordDensity":{"type":"best","score":9,"maxScore":9,"error":0}}}]},"primary_term":null,"canonical_url":null,"og_title":null,"og_description":null,"og_object_type":"default","og_image_type":"default","og_image_url":null,"og_image_width":null,"og_image_height":null,"og_image_custom_url":null,"og_image_custom_fields":null,"og_video":"","og_custom_url":null,"og_article_section":null,"og_article_tags":null,"twitter_use_og":false,"twitter_card":"default","twitter_image_type":"default","twitter_image_url":null,"twitter_image_custom_url":null,"twitter_image_custom_fields":null,"twitter_title":null,"twitter_description":null,"schema":{"blockGraphs":[],"customGraphs":[],"default":{"data":{"Article":[],"Course":[],"Dataset":[],"FAQPage":[],"Movie":[],"Person":[],"Product":[],"ProductReview":[],"Car":[],"Recipe":[],"Service":[],"SoftwareApplication":[],"WebPage":[]},"graphName":"none","isEnabled":true},"graphs":[]},"schema_type":"default","schema_type_options":null,"pillar_content":false,"robots_default":true,"robots_noindex":false,"robots_noarchive":false,"robots_nosnippet":false,"robots_nofollow":false,"robots_noimageindex":false,"robots_noodp":false,"robots_notranslate":false,"robots_max_snippet":"-1","robots_max_videopreview":"-1","robots_max_imagepreview":"large","priority":null,"frequency":"default","local_seo":null,"seo_analyzer_scan_date":"2025-10-09 06:14:13","breadcrumb_settings":null,"limit_modified_date":false,"reviewed_by":"0","open_ai":null,"ai":{"faqs":[],"keyPoints":[],"titles":[],"descriptions":[],"socialPosts":{"email":[],"linkedin":[],"twitter":[],"facebook":[],"instagram":[]}},"created":"2025-06-26 16:59:41","updated":"2026-02-05 01:23:32"},"aioseo_breadcrumb":"<div class=\"aioseo-breadcrumbs\"><span class=\"aioseo-breadcrumb\">\n\t<a href=\"https:\/\/soymigrante.com\/revista\" title=\"Home\">Home<\/a>\n<\/span><span class=\"aioseo-breadcrumb-separator\">\u00bb<\/span><span class=\"aioseo-breadcrumb\">\n\t<a href=\"https:\/\/soymigrante.com\/revista\/category\/guate-nuestra\/\" title=\"Guate Nuestra\">Guate Nuestra<\/a>\n<\/span><span class=\"aioseo-breadcrumb-separator\">\u00bb<\/span><span class=\"aioseo-breadcrumb\">\n\tTarifas de ingreso a centros tur\u00edsticos de Guatemala\n<\/span><\/div>","aioseo_breadcrumb_json":[{"label":"Home","link":"https:\/\/soymigrante.com\/revista"},{"label":"Guate Nuestra","link":"https:\/\/soymigrante.com\/revista\/category\/guate-nuestra\/"},{"label":"Tarifas de ingreso a centros tur\u00edsticos de Guatemala","link":"https:\/\/soymigrante.com\/revista\/tarifas-de-ingreso-a-centros-turisticos-de-guatemala\/"}],"_links":{"self":[{"href":"https:\/\/soymigrante.com\/revista\/wp-json\/wp\/v2\/posts\/37849","targetHints":{"allow":["GET"]}}],"collection":[{"href":"https:\/\/soymigrante.com\/revista\/wp-json\/wp\/v2\/posts"}],"about":[{"href":"https:\/\/soymigrante.com\/revista\/wp-json\/wp\/v2\/types\/post"}],"author":[{"embeddable":true,"href":"https:\/\/soymigrante.com\/revista\/wp-json\/wp\/v2\/users\/19"}],"replies":[{"embeddable":true,"href":"https:\/\/soymigrante.com\/revista\/wp-json\/wp\/v2\/comments?post=37849"}],"version-history":[{"count":20,"href":"https:\/\/soymigrante.com\/revista\/wp-json\/wp\/v2\/posts\/37849\/revisions"}],"predecessor-version":[{"id":37909,"href":"https:\/\/soymigrante.com\/revista\/wp-json\/wp\/v2\/posts\/37849\/revisions\/37909"}],"wp:featuredmedia":[{"embeddable":true,"href":"https:\/\/soymigrante.com\/revista\/wp-json\/wp\/v2\/media\/24930"}],"wp:attachment":[{"href":"https:\/\/soymigrante.com\/revista\/wp-json\/wp\/v2\/media?parent=37849"}],"wp:term":[{"taxonomy":"category","embeddable":true,"href":"https:\/\/soymigrante.com\/revista\/wp-json\/wp\/v2\/categories?post=37849"},{"taxonomy":"post_tag","embeddable":true,"href":"https:\/\/soymigrante.com\/revista\/wp-json\/wp\/v2\/tags?post=37849"}],"curies":[{"name":"wp","href":"https:\/\/api.w.org\/{rel}","templated":true}]}}