{"id":378,"date":"2025-03-16T17:03:23","date_gmt":"2025-03-16T23:03:23","guid":{"rendered":"https:\/\/soymigrante.wpengine.com\/?p=378"},"modified":"2025-03-17T10:31:41","modified_gmt":"2025-03-17T16:31:41","slug":"chapines-nos-dicen-pero-de-donde-proviene-esta-expresion","status":"publish","type":"post","link":"https:\/\/soymigrante.com\/revista\/chapines-nos-dicen-pero-de-donde-proviene-esta-expresion\/","title":{"rendered":"\u00bfQu\u00e9 significa la palabra chap\u00edn y de donde viene?"},"content":{"rendered":"\t\t<div data-elementor-type=\"wp-post\" data-elementor-id=\"378\" class=\"elementor elementor-378\" data-elementor-post-type=\"post\">\n\t\t\t\t<div data-particle_enable=\"false\" data-particle-mobile-disabled=\"false\" class=\"elementor-element elementor-element-9175d4d e-flex e-con-boxed e-con e-parent\" data-id=\"9175d4d\" data-element_type=\"container\" data-e-type=\"container\">\n\t\t\t\t\t<div class=\"e-con-inner\">\n\t\t\t\t<div class=\"elementor-element elementor-element-27744cc elementor-widget elementor-widget-heading\" data-id=\"27744cc\" data-element_type=\"widget\" data-e-type=\"widget\" data-widget_type=\"heading.default\">\n\t\t\t\t\t<h2 class=\"elementor-heading-title elementor-size-default\">El t\u00e9rmino chap\u00edn o chapines es aplicado como gentilicio popular para referirse a los guatemaltecos. \u00bfDe d\u00f3nde proviene? Un texto del siglo XIX puede aclarar algo de su origen y explicaci\u00f3n.<\/h2>\t\t\t\t<\/div>\n\t\t\t\t\t<\/div>\n\t\t\t\t<\/div>\n\t\t<div data-particle_enable=\"false\" data-particle-mobile-disabled=\"false\" class=\"elementor-element elementor-element-44bf641 e-flex e-con-boxed e-con e-parent\" data-id=\"44bf641\" data-element_type=\"container\" data-e-type=\"container\">\n\t\t\t\t\t<div class=\"e-con-inner\">\n\t\t\t\t<div class=\"elementor-element elementor-element-c797553 elementor-widget elementor-widget-text-editor\" data-id=\"c797553\" data-element_type=\"widget\" data-e-type=\"widget\" data-widget_type=\"text-editor.default\">\n\t\t\t\t\t\t\t\t\t<p><span style=\"color: var( --e-global-color-text ); text-align: var(--text-align);\">El historiador y novelista guatemalteco Jos\u00e9 Milla (1822-1882) escribi\u00f3 una descripci\u00f3n del &#8220;chap\u00edn&#8221; all\u00e1 por 1850 y la public\u00f3 en un peri\u00f3dico local. Con cierto humor pero tambi\u00e9n basado en observaciones, concret\u00f3 este concepto que despu\u00e9s apareci\u00f3 en su libro\u00a0<\/span><span style=\"color: var( --e-global-color-text ); text-align: var(--text-align);\">\u201cCuadros de Costumbres\u201d.<\/span><\/p><p><span style=\"color: var( --e-global-color-text ); text-align: var(--text-align);\">Su motivaci\u00f3n para hacer tal retraro fue el temor a que desapareciera el conjunto de caracter\u00edsticas del &#8220;chap\u00edn&#8221;. M\u00e1s de 150 a\u00f1os despu\u00e9s, hay caracter\u00edsticas con las que quiz\u00e1s y tan solo quiz\u00e1s m\u00e1s de un guatemalteco se identifique, incluso aunque est\u00e9 lejos de su patria.<\/span><\/p>\t\t\t\t\t\t\t\t<\/div>\n\t\t\t\t\t<\/div>\n\t\t\t\t<\/div>\n\t\t<div data-particle_enable=\"false\" data-particle-mobile-disabled=\"false\" class=\"elementor-element elementor-element-454e5f3 e-flex e-con-boxed e-con e-parent\" data-id=\"454e5f3\" data-element_type=\"container\" data-e-type=\"container\">\n\t\t\t\t\t<div class=\"e-con-inner\">\n\t\t\t\t<div class=\"elementor-element elementor-element-ef006ec elementor-widget elementor-widget-image\" data-id=\"ef006ec\" data-element_type=\"widget\" data-e-type=\"widget\" data-widget_type=\"image.default\">\n\t\t\t\t\t\t\t\t\t\t\t\t<figure class=\"wp-caption\">\n\t\t\t\t\t\t\t\t\t\t<img fetchpriority=\"high\" decoding=\"async\" width=\"720\" height=\"579\" src=\"https:\/\/soymigrante.com\/revista\/wp-content\/uploads\/2025\/03\/el-chapin.webp\" class=\"attachment-large size-large wp-image-28444\" alt=\"Guatemaltecos en una marcha por derechos humanos en Nueva York, portando banderas y una pancarta que representa a la comunidad guatemalteca en el extranjero, promoviendo la solidaridad y cultura migrante.\" srcset=\"https:\/\/soymigrante.com\/revista\/wp-content\/uploads\/2025\/03\/el-chapin.webp 720w, https:\/\/soymigrante.com\/revista\/wp-content\/uploads\/2025\/03\/el-chapin-300x241.jpg 300w\" sizes=\"(max-width: 720px) 100vw, 720px\" title=\"El chap\u00edn hace sentir su presencia est\u00e9 dond e eest\u00e9. Chapines participan en el desfile de la Hispanicad en 2024. \u2013 SoyMigrante.com REVISTA\" \/>\t\t\t\t\t\t\t\t\t\t\t<figcaption class=\"widget-image-caption wp-caption-text\">El chap\u00edn hace sentir su presencia est\u00e9 dond e eest\u00e9. Chapines participan en el desfile de la Hispanicad en 2024.<\/figcaption>\n\t\t\t\t\t\t\t\t\t\t<\/figure>\n\t\t\t\t\t\t\t\t\t<\/div>\n\t\t\t\t\t<\/div>\n\t\t\t\t<\/div>\n\t\t<div data-particle_enable=\"false\" data-particle-mobile-disabled=\"false\" class=\"elementor-element elementor-element-0ce5159 e-flex e-con-boxed e-con e-parent\" data-id=\"0ce5159\" data-element_type=\"container\" data-e-type=\"container\">\n\t\t\t\t\t<div class=\"e-con-inner\">\n\t\t\t\t<div class=\"elementor-element elementor-element-0179daa elementor-widget elementor-widget-heading\" data-id=\"0179daa\" data-element_type=\"widget\" data-e-type=\"widget\" data-widget_type=\"heading.default\">\n\t\t\t\t\t<h3 class=\"elementor-heading-title elementor-size-default\">El chap\u00edn: cualidades y defectos<\/h3>\t\t\t\t<\/div>\n\t\t\t\t\t<\/div>\n\t\t\t\t<\/div>\n\t\t<div data-particle_enable=\"false\" data-particle-mobile-disabled=\"false\" class=\"elementor-element elementor-element-9cd4182 e-flex e-con-boxed e-con e-parent\" data-id=\"9cd4182\" data-element_type=\"container\" data-e-type=\"container\">\n\t\t\t\t\t<div class=\"e-con-inner\">\n\t\t\t\t<div class=\"elementor-element elementor-element-d468751 elementor-widget elementor-widget-text-editor\" data-id=\"d468751\" data-element_type=\"widget\" data-e-type=\"widget\" data-widget_type=\"text-editor.default\">\n\t\t\t\t\t\t\t\t\t<p><span style=\"color: var( --e-global-color-text ); text-align: var(--text-align);\">\u201cEl tipo del verdadero y genuino chap\u00edn, tal como exist\u00eda a principios del presente siglo, va desapareciendo, poco a poco, y tal vez de aqu\u00ed a alg\u00fan tiempo se habr\u00e1 perdido enteramente. Conviene, pues, apresurarse a bosquejarlo antes de que se borre por completo, como se aprovechan los instantes para retratar a un moribundo cuyo recuerdo se quiere conservar. El chap\u00edn es un conjunto de buenas cualidades y defectos, pareci\u00e9ndose en esto a los dem\u00e1s individuos de la raza humana; pero con la diferencia de que sus virtudes y sus faltas tienen cierto car\u00e1cter peculiar, resultado de circunstancias especiales.<\/span><\/p><p>El chap\u00edn es hospitalario, servicial, piadoso, inteligente; y si bien por lo general no est\u00e1 dotado del talento de la iniciativa, es singularmente apto para imitar lo que otros hayan inventado. Es sufrido y no le falta valor en los peligros.\u00a0<\/p><p>Es novelero y se alucina con facilidad; pero pasadas las primeras impresiones, su buen juicio natural, analiza y discute, y si se encuentra, como sucede con frecuencia, que rindi\u00f3 el homenaje de su f\u00e1cil admiraci\u00f3n a un objeto poco digno, le vuelve la espalda sin ceremonia y se venga de su propia ligereza en el que ha sido su \u00eddolo de ayer.\u00a0<\/p>\t\t\t\t\t\t\t\t<\/div>\n\t\t\t\t\t<\/div>\n\t\t\t\t<\/div>\n\t\t<div data-particle_enable=\"false\" data-particle-mobile-disabled=\"false\" class=\"elementor-element elementor-element-3384352 e-flex e-con-boxed e-con e-parent\" data-id=\"3384352\" data-element_type=\"container\" data-e-type=\"container\">\n\t\t\t\t\t<div class=\"e-con-inner\">\n\t\t\t\t<div class=\"elementor-element elementor-element-e38a271 elementor-widget elementor-widget-image\" data-id=\"e38a271\" data-element_type=\"widget\" data-e-type=\"widget\" data-widget_type=\"image.default\">\n\t\t\t\t\t\t\t\t\t\t\t\t<figure class=\"wp-caption\">\n\t\t\t\t\t\t\t\t\t\t<img decoding=\"async\" width=\"768\" height=\"512\" src=\"https:\/\/soymigrante.com\/revista\/wp-content\/uploads\/2025\/03\/el-chapin-1-1024x683.jpg\" class=\"attachment-large size-large wp-image-28448\" alt=\"Vendedores ambulantes en la calle tocando m\u00fasica en un entorno urbano colonial en M\u00e9xico.\" srcset=\"https:\/\/soymigrante.com\/revista\/wp-content\/uploads\/2025\/03\/el-chapin-1-1024x683.jpg 1024w, https:\/\/soymigrante.com\/revista\/wp-content\/uploads\/2025\/03\/el-chapin-1-300x200.jpg 300w, https:\/\/soymigrante.com\/revista\/wp-content\/uploads\/2025\/03\/el-chapin-1-768x512.jpg 768w, https:\/\/soymigrante.com\/revista\/wp-content\/uploads\/2025\/03\/el-chapin-1-1536x1024.jpg 1536w, https:\/\/soymigrante.com\/revista\/wp-content\/uploads\/2025\/03\/el-chapin-1-2048x1365.jpg 2048w, https:\/\/soymigrante.com\/revista\/wp-content\/uploads\/2025\/03\/el-chapin-1-750x500.webp 750w, https:\/\/soymigrante.com\/revista\/wp-content\/uploads\/2025\/03\/el-chapin-1-1140x760.webp 1140w, https:\/\/soymigrante.com\/revista\/wp-content\/uploads\/2025\/03\/el-chapin-1.webp 1920w\" sizes=\"(max-width: 768px) 100vw, 768px\" title=\"Jos\u00e9 Milla describe al chap\u00edn como alegre y muy amigo de las celebraciones. \u2013 SoyMigrante.com REVISTA\" \/>\t\t\t\t\t\t\t\t\t\t\t<figcaption class=\"widget-image-caption wp-caption-text\">M\u00fasicos y artistas callejeros en actividad en la ciudad colonial, mostrando cultura y tradici\u00f3n mexicana.<\/figcaption>\n\t\t\t\t\t\t\t\t\t\t<\/figure>\n\t\t\t\t\t\t\t\t\t<\/div>\n\t\t\t\t\t<\/div>\n\t\t\t\t<\/div>\n\t\t<div data-particle_enable=\"false\" data-particle-mobile-disabled=\"false\" class=\"elementor-element elementor-element-a780c34 e-flex e-con-boxed e-con e-parent\" data-id=\"a780c34\" data-element_type=\"container\" data-e-type=\"container\">\n\t\t\t\t\t<div class=\"e-con-inner\">\n\t\t\t\t<div class=\"elementor-element elementor-element-22ca375 elementor-widget elementor-widget-heading\" data-id=\"22ca375\" data-element_type=\"widget\" data-e-type=\"widget\" data-widget_type=\"heading.default\">\n\t\t\t\t\t<h3 class=\"elementor-heading-title elementor-size-default\">Seg\u00fan Milla, el Chap\u00edn tambi\u00e9n es...<\/h3>\t\t\t\t<\/div>\n\t\t\t\t\t<\/div>\n\t\t\t\t<\/div>\n\t\t<div data-particle_enable=\"false\" data-particle-mobile-disabled=\"false\" class=\"elementor-element elementor-element-c4b5073 e-flex e-con-boxed e-con e-parent\" data-id=\"c4b5073\" data-element_type=\"container\" data-e-type=\"container\">\n\t\t\t\t\t<div class=\"e-con-inner\">\n\t\t\t\t<div class=\"elementor-element elementor-element-07b131f elementor-widget elementor-widget-text-editor\" data-id=\"07b131f\" data-element_type=\"widget\" data-e-type=\"widget\" data-widget_type=\"text-editor.default\">\n\t\t\t\t\t\t\t\t\t<p><span style=\"color: var( --e-global-color-text ); text-align: var(--text-align);\">Es ap\u00e1tico y costumbrero; no concurre a las citas, y si lo hace, es siempre tarde; se ocupa de los negocios ajenos un poco m\u00e1s de lo que fuera necesario y tiene una asombrosa facilidad para encontrar el lado rid\u00edculo a los hombres y a las cosas.<\/span><\/p><p>El verdadero chap\u00edn ama a su patria ardientemente, entendiendo con frecuencia por patria la capital donde ha nacido; y est\u00e1 tan adherido a ella, como la tortuga al carapacho que la cubre. Para \u00e9l, Guatemala es mejor que Par\u00eds; no cambiar\u00eda el chocolate por el t\u00e9 ni por el caf\u00e9 (en lo cual tal vez tiene raz\u00f3n). Le gustan m\u00e1s los tamales que un volov\u00e1n y prefiere un plato de pepi\u00e1n al m\u00e1s suculento roastbeef.<\/p><p>Va siempre a los toros por diciembre, monta a caballo desde mediados de agosto hasta el fin del mes; se extas\u00eda viendo arder castillos de p\u00f3lvora; cree que los pa\u00f1etes de Quetzaltenango y los brichos de Totonicap\u00e1n pueden competir con los mejores pa\u00f1os franceses y con los galones espa\u00f1oles; y en cuanto a m\u00fasica, no cambiar\u00eda los sonecitos de Pascua por todas las \u00f3peras de Verdi. Habla un castellano antiqu\u00edsimo: vos, hab\u00eds, ten\u00e9, and\u00e1; y su conversaci\u00f3n est\u00e1 salpicada de provincialismos, algunos de ellos tan expresivos como pintorescos.<\/p><p>Come a las dos de la tarde, se afeita jueves y domingo, a no ser que tenga catarro, que entonces no lo hace as\u00ed le maten; ha cumplido cincuenta primaveras y le llaman todav\u00eda \u201cni\u00f1o fulano\u201d; concurre hace quince a\u00f1os a una tertulia, donde tiene unos amores cr\u00f3nicos que durar\u00e1n hasta que ella o \u00e9l bajen a la sepultura. Tales son, con otros que omito, por no alargar m\u00e1s este bosquejo, los rasgos principales que constituyen al chap\u00edn leg\u00edtimo; del cual, como tengo dicho, apenas quedan ya unas pocas muestras.<\/p>\t\t\t\t\t\t\t\t<\/div>\n\t\t\t\t\t<\/div>\n\t\t\t\t<\/div>\n\t\t<div data-particle_enable=\"false\" data-particle-mobile-disabled=\"false\" class=\"elementor-element elementor-element-9a97e09 e-flex e-con-boxed e-con e-parent\" data-id=\"9a97e09\" data-element_type=\"container\" data-e-type=\"container\">\n\t\t\t\t\t<div class=\"e-con-inner\">\n\t\t\t\t<div class=\"elementor-element elementor-element-c1da1d0 elementor-grid-eael-col-1 elementor-grid-tablet-eael-col-2 elementor-grid-mobile-eael-col-1 elementor-widget elementor-widget-eael-post-grid\" data-id=\"c1da1d0\" data-element_type=\"widget\" data-e-type=\"widget\" data-settings=\"{&quot;eael_post_grid_columns&quot;:&quot;eael-col-1&quot;,&quot;eael_post_grid_columns_tablet&quot;:&quot;eael-col-2&quot;,&quot;eael_post_grid_columns_mobile&quot;:&quot;eael-col-1&quot;}\" data-widget_type=\"eael-post-grid.default\">\n\t\t\t\t\t<div id=\"eael-post-grid-c1da1d0\" class=\"eael-post-grid-container\">\n            <div class=\"eael-post-grid eael-post-appender eael-post-appender-c1da1d0 eael-post-grid-style-one\" data-layout-mode=\"masonry\"><article class=\"eael-grid-post  eael-post-grid-column eael-pg-post-3568 category-guate-nuestra\" data-id=\"3568\">\n        <div class=\"eael-grid-post-holder\">\n            <div class=\"eael-grid-post-holder-inner\"><div class=\"eael-entry-media\"><div class=\"eael-entry-overlay fade-in\"><i class=\"far fa-hand-pointer\" aria-hidden=\"true\"><\/i><a href=\"https:\/\/soymigrante.com\/revista\/guatemaltequismos-que-superan-fronteras\/\"><\/a><\/div><div class=\"eael-entry-thumbnail eael-image-ratio\">\n                <img decoding=\"async\" width=\"1024\" height=\"768\" src=\"https:\/\/soymigrante.com\/revista\/wp-content\/uploads\/2023\/11\/20230329_113556-1024x768.webp\" class=\"attachment-large size-large wp-image-3569\" alt=\"20 palabras chapinas que no conocen fronteras\" srcset=\"https:\/\/soymigrante.com\/revista\/wp-content\/uploads\/2023\/11\/20230329_113556-1024x768.webp 1024w, https:\/\/soymigrante.com\/revista\/wp-content\/uploads\/2023\/11\/20230329_113556-300x225.webp 300w, https:\/\/soymigrante.com\/revista\/wp-content\/uploads\/2023\/11\/20230329_113556-768x576.jpg 768w, https:\/\/soymigrante.com\/revista\/wp-content\/uploads\/2023\/11\/20230329_113556-1536x1152.jpg 1536w, https:\/\/soymigrante.com\/revista\/wp-content\/uploads\/2023\/11\/20230329_113556-2048x1536.jpg 2048w, https:\/\/soymigrante.com\/revista\/wp-content\/uploads\/2023\/11\/20230329_113556-750x563.jpg 750w, https:\/\/soymigrante.com\/revista\/wp-content\/uploads\/2023\/11\/20230329_113556-1140x855.jpg 1140w, https:\/\/soymigrante.com\/revista\/wp-content\/uploads\/2023\/11\/20230329_113556-scaled.webp 1920w\" sizes=\"(max-width: 1024px) 100vw, 1024px\" \/>\n            <\/div>\n        <\/div><div class=\"eael-entry-wrapper\"><header class=\"eael-entry-header\"><h2 class=\"eael-entry-title\"><a class=\"eael-grid-post-link\" href=\"https:\/\/soymigrante.com\/revista\/guatemaltequismos-que-superan-fronteras\/\" title=\"20 palabras chapinas que no conocen fronteras\">20 palabras chapinas que no conocen fronteras<\/a><\/h2><\/header><div class=\"eael-entry-content\">\n                        <div class=\"eael-grid-post-excerpt\"><a href=\"https:\/\/soymigrante.com\/revista\/guatemaltequismos-que-superan-fronteras\/\" class=\"eael-post-elements-readmore-btn\">CONOCE SU HISTORIA <\/a><\/div>\n                    <\/div><\/div><\/div>\n        <\/div>\n    <\/article><\/div>\n            <div class=\"clearfix\"><\/div>\n        <\/div>\t\t\t\t<\/div>\n\t\t\t\t\t<\/div>\n\t\t\t\t<\/div>\n\t\t<div data-particle_enable=\"false\" data-particle-mobile-disabled=\"false\" class=\"elementor-element elementor-element-7048efe e-flex e-con-boxed e-con e-parent\" data-id=\"7048efe\" data-element_type=\"container\" data-e-type=\"container\">\n\t\t\t\t\t<div class=\"e-con-inner\">\n\t\t\t\t<div class=\"elementor-element elementor-element-fe24137 elementor-widget elementor-widget-heading\" data-id=\"fe24137\" data-element_type=\"widget\" data-e-type=\"widget\" data-widget_type=\"heading.default\">\n\t\t\t\t\t<h3 class=\"elementor-heading-title elementor-size-default\">El chap\u00edn dice \"vos\"<\/h3>\t\t\t\t<\/div>\n\t\t\t\t\t<\/div>\n\t\t\t\t<\/div>\n\t\t<div data-particle_enable=\"false\" data-particle-mobile-disabled=\"false\" class=\"elementor-element elementor-element-ce378e6 e-flex e-con-boxed e-con e-parent\" data-id=\"ce378e6\" data-element_type=\"container\" data-e-type=\"container\">\n\t\t\t\t\t<div class=\"e-con-inner\">\n\t\t\t\t<div class=\"elementor-element elementor-element-2fa52ad elementor-widget elementor-widget-text-editor\" data-id=\"2fa52ad\" data-element_type=\"widget\" data-e-type=\"widget\" data-widget_type=\"text-editor.default\">\n\t\t\t\t\t\t\t\t\t<p><span style=\"color: var( --e-global-color-text ); text-align: var(--text-align);\">Va siempre a los toros por diciembre, monta a caballo desde mediados de agosto hasta el fin del mes; se extas\u00eda viendo arder castillos de p\u00f3lvora; cree que los pa\u00f1etes de Quetzaltenango y los brichos de Totonicap\u00e1n pueden competir con los mejores pa\u00f1os franceses y con los galones espa\u00f1oles; y en cuanto a m\u00fasica, no cambiar\u00eda los sonecitos de Pascua por todas las \u00f3peras de Verdi. Habla un castellano antiqu\u00edsimo: vos, hab\u00eds, ten\u00e9, and\u00e1; y su conversaci\u00f3n est\u00e1 salpicada de provincialismos, algunos de ellos tan expresivos como pintorescos.<\/span><\/p><p>Come a las dos de la tarde, se afeita jueves y domingo, a no ser que tenga catarro, que entonces no lo hace as\u00ed le maten; ha cumplido cincuenta primaveras y le llaman todav\u00eda \u201cni\u00f1o fulano\u201d; concurre hace quince a\u00f1os a una tertulia, donde tiene unos amores cr\u00f3nicos que durar\u00e1n hasta que ella o \u00e9l bajen a la sepultura. Tales son, con otros que omito, por no alargar m\u00e1s este bosquejo, los rasgos principales que constituyen al chap\u00edn leg\u00edtimo; del cual, como tengo dicho, apenas quedan ya unas pocas muestras.<\/p>\t\t\t\t\t\t\t\t<\/div>\n\t\t\t\t\t<\/div>\n\t\t\t\t<\/div>\n\t\t<div data-particle_enable=\"false\" data-particle-mobile-disabled=\"false\" class=\"elementor-element elementor-element-c98525f e-flex e-con-boxed e-con e-parent\" data-id=\"c98525f\" data-element_type=\"container\" data-e-type=\"container\">\n\t\t\t\t\t<div class=\"e-con-inner\">\n\t\t\t\t<div class=\"elementor-element elementor-element-c8463b2 elementor-widget elementor-widget-heading\" data-id=\"c8463b2\" data-element_type=\"widget\" data-e-type=\"widget\" data-widget_type=\"heading.default\">\n\t\t\t\t\t<h2 class=\"elementor-heading-title elementor-size-default\">Talento y sabor chap\u00edn sin fronteras<\/h2>\t\t\t\t<\/div>\n\t\t\t\t\t<\/div>\n\t\t\t\t<\/div>\n\t\t<div data-particle_enable=\"false\" data-particle-mobile-disabled=\"false\" class=\"elementor-element elementor-element-50e2587 e-flex e-con-boxed e-con e-parent\" data-id=\"50e2587\" data-element_type=\"container\" data-e-type=\"container\">\n\t\t\t\t\t<div class=\"e-con-inner\">\n\t\t\t\t<div class=\"elementor-element elementor-element-d518695 elementor-grid-eael-col-3 elementor-grid-tablet-eael-col-2 elementor-grid-mobile-eael-col-1 elementor-widget elementor-widget-eael-post-grid\" data-id=\"d518695\" data-element_type=\"widget\" data-e-type=\"widget\" data-settings=\"{&quot;eael_post_grid_columns&quot;:&quot;eael-col-3&quot;,&quot;eael_post_grid_columns_tablet&quot;:&quot;eael-col-2&quot;,&quot;eael_post_grid_columns_mobile&quot;:&quot;eael-col-1&quot;}\" data-widget_type=\"eael-post-grid.default\">\n\t\t\t\t\t<div id=\"eael-post-grid-d518695\" class=\"eael-post-grid-container\">\n            <div class=\"eael-post-grid eael-post-appender eael-post-appender-d518695 eael-post-grid-style-one\" data-layout-mode=\"masonry\"><article class=\"eael-grid-post  eael-post-grid-column eael-pg-post-10280 category-bienestar\" data-id=\"10280\">\n        <div class=\"eael-grid-post-holder\">\n            <div class=\"eael-grid-post-holder-inner\"><div class=\"eael-entry-media\"><div class=\"eael-entry-overlay fade-in\"><i class=\"far fa-hand-pointer\" aria-hidden=\"true\"><\/i><a href=\"https:\/\/soymigrante.com\/revista\/diez-opciones-para-incluir-ingredientes-chapines-en-tu-nutricion-en-usa\/\"><\/a><\/div><div class=\"eael-entry-thumbnail \">\n                <img loading=\"lazy\" decoding=\"async\" width=\"1024\" height=\"1024\" src=\"https:\/\/soymigrante.com\/revista\/wp-content\/uploads\/2024\/10\/feature-comida-guatemalteca-1024x1024.jpg\" class=\"attachment-large size-large wp-image-10316\" alt=\"Deliciosa comida tradicional mexicana con arroz, pollo y pico de gallo, resaltando la gastronom\u00eda y cultura mexicana en SoyMigrante.com REVISTA.\" srcset=\"https:\/\/soymigrante.com\/revista\/wp-content\/uploads\/2024\/10\/feature-comida-guatemalteca-1024x1024.jpg 1024w, https:\/\/soymigrante.com\/revista\/wp-content\/uploads\/2024\/10\/feature-comida-guatemalteca-300x300.webp 300w, https:\/\/soymigrante.com\/revista\/wp-content\/uploads\/2024\/10\/feature-comida-guatemalteca-150x150.webp 150w, https:\/\/soymigrante.com\/revista\/wp-content\/uploads\/2024\/10\/feature-comida-guatemalteca-768x768.jpg 768w, https:\/\/soymigrante.com\/revista\/wp-content\/uploads\/2024\/10\/feature-comida-guatemalteca-1536x1536.jpg 1536w, https:\/\/soymigrante.com\/revista\/wp-content\/uploads\/2024\/10\/feature-comida-guatemalteca-75x75.webp 75w, https:\/\/soymigrante.com\/revista\/wp-content\/uploads\/2024\/10\/feature-comida-guatemalteca-750x750.webp 750w, https:\/\/soymigrante.com\/revista\/wp-content\/uploads\/2024\/10\/feature-comida-guatemalteca-1140x1140.jpg 1140w, https:\/\/soymigrante.com\/revista\/wp-content\/uploads\/2024\/10\/feature-comida-guatemalteca.webp 1920w\" sizes=\"(max-width: 1024px) 100vw, 1024px\" \/>\n            <\/div>\n        <\/div><div class=\"eael-entry-wrapper\"><header class=\"eael-entry-header\"><h2 class=\"eael-entry-title\"><a class=\"eael-grid-post-link\" href=\"https:\/\/soymigrante.com\/revista\/diez-opciones-para-incluir-ingredientes-chapines-en-tu-nutricion-en-usa\/\" title=\"Diez opciones para incluir ingredientes chapines en tu nutrici\u00f3n en USA\">Diez opciones para incluir ingredientes chapines en tu nutrici\u00f3n en USA<\/a><\/h2><\/header><div class=\"eael-entry-content\">\n                        <div class=\"eael-grid-post-excerpt\"><a href=\"https:\/\/soymigrante.com\/revista\/diez-opciones-para-incluir-ingredientes-chapines-en-tu-nutricion-en-usa\/\" class=\"eael-post-elements-readmore-btn\">CONOCE SU HISTORIA <\/a><\/div>\n                    <\/div><\/div><\/div>\n        <\/div>\n    <\/article><article class=\"eael-grid-post  eael-post-grid-column eael-pg-post-5824 category-recetas-guatemaltecas\" data-id=\"5824\">\n        <div class=\"eael-grid-post-holder\">\n            <div class=\"eael-grid-post-holder-inner\"><div class=\"eael-entry-media\"><div class=\"eael-entry-overlay fade-in\"><i class=\"far fa-hand-pointer\" aria-hidden=\"true\"><\/i><a href=\"https:\/\/soymigrante.com\/revista\/receta-de-paches-quezaltecos-de-papa-que-delicia\/\"><\/a><\/div><div class=\"eael-entry-thumbnail \">\n                <img loading=\"lazy\" decoding=\"async\" width=\"1024\" height=\"681\" src=\"https:\/\/soymigrante.com\/revista\/wp-content\/uploads\/2024\/04\/receta-para-elaborar-paches-de-papa-xela-3-1024x681.webp\" class=\"attachment-large size-large wp-image-5825\" alt=\"receta para elaborar paches de papa xela. Recetas chapinas: Paches quezaltecos de papa \u00a1Qu\u00e9 delicia!\" srcset=\"https:\/\/soymigrante.com\/revista\/wp-content\/uploads\/2024\/04\/receta-para-elaborar-paches-de-papa-xela-3-1024x681.webp 1024w, https:\/\/soymigrante.com\/revista\/wp-content\/uploads\/2024\/04\/receta-para-elaborar-paches-de-papa-xela-3-300x200.webp 300w, https:\/\/soymigrante.com\/revista\/wp-content\/uploads\/2024\/04\/receta-para-elaborar-paches-de-papa-xela-3-768x511.webp 768w, https:\/\/soymigrante.com\/revista\/wp-content\/uploads\/2024\/04\/receta-para-elaborar-paches-de-papa-xela-3.webp 1920w\" sizes=\"(max-width: 1024px) 100vw, 1024px\" \/>\n            <\/div>\n        <\/div><div class=\"eael-entry-wrapper\"><header class=\"eael-entry-header\"><h2 class=\"eael-entry-title\"><a class=\"eael-grid-post-link\" href=\"https:\/\/soymigrante.com\/revista\/receta-de-paches-quezaltecos-de-papa-que-delicia\/\" title=\"Recetas chapinas: Paches quezaltecos de papa \u00a1Qu\u00e9 delicia!\">Recetas chapinas: Paches quezaltecos de papa \u00a1Qu\u00e9 delicia!<\/a><\/h2><\/header><div class=\"eael-entry-content\">\n                        <div class=\"eael-grid-post-excerpt\"><a href=\"https:\/\/soymigrante.com\/revista\/receta-de-paches-quezaltecos-de-papa-que-delicia\/\" class=\"eael-post-elements-readmore-btn\">CONOCE SU HISTORIA <\/a><\/div>\n                    <\/div><\/div><\/div>\n        <\/div>\n    <\/article><article class=\"eael-grid-post  eael-post-grid-column eael-pg-post-774 category-exitos tags-california\" data-id=\"774\">\n        <div class=\"eael-grid-post-holder\">\n            <div class=\"eael-grid-post-holder-inner\"><div class=\"eael-entry-media\"><div class=\"eael-entry-overlay fade-in\"><i class=\"far fa-hand-pointer\" aria-hidden=\"true\"><\/i><a href=\"https:\/\/soymigrante.com\/revista\/asi-nacio-un-nucleo-de-sabor-guatemalteco-en-el-corazon-de-los-angeles\/\"><\/a><\/div><div class=\"eael-entry-thumbnail \">\n                <img loading=\"lazy\" decoding=\"async\" width=\"736\" height=\"1024\" src=\"https:\/\/soymigrante.com\/revista\/wp-content\/uploads\/2023\/03\/1-EXITOS-RESTAURANTE-PUCHICA-LA-FERNANDO-LURSSEN-1-736x1024.jpg\" class=\"attachment-large size-large wp-image-775\" alt=\"Restaurante guatemalteco P\u00fachica en Los Angeles\" srcset=\"https:\/\/soymigrante.com\/revista\/wp-content\/uploads\/2023\/03\/1-EXITOS-RESTAURANTE-PUCHICA-LA-FERNANDO-LURSSEN-1-736x1024.jpg 736w, https:\/\/soymigrante.com\/revista\/wp-content\/uploads\/2023\/03\/1-EXITOS-RESTAURANTE-PUCHICA-LA-FERNANDO-LURSSEN-1-216x300.webp 216w, https:\/\/soymigrante.com\/revista\/wp-content\/uploads\/2023\/03\/1-EXITOS-RESTAURANTE-PUCHICA-LA-FERNANDO-LURSSEN-1.webp 750w\" sizes=\"(max-width: 736px) 100vw, 736px\" \/>\n            <\/div>\n        <\/div><div class=\"eael-entry-wrapper\"><header class=\"eael-entry-header\"><h2 class=\"eael-entry-title\"><a class=\"eael-grid-post-link\" href=\"https:\/\/soymigrante.com\/revista\/asi-nacio-un-nucleo-de-sabor-guatemalteco-en-el-corazon-de-los-angeles\/\" title=\"As\u00ed naci\u00f3 el restaurante guatemalteco Puchica, un n\u00facleo de sabor chap\u00edn en el coraz\u00f3n de Los Angeles\">As\u00ed naci\u00f3 el restaurante guatemalteco Puchica, un n\u00facleo de sabor chap\u00edn en el coraz\u00f3n de Los Angeles<\/a><\/h2><\/header><div class=\"eael-entry-content\">\n                        <div class=\"eael-grid-post-excerpt\"><a href=\"https:\/\/soymigrante.com\/revista\/asi-nacio-un-nucleo-de-sabor-guatemalteco-en-el-corazon-de-los-angeles\/\" class=\"eael-post-elements-readmore-btn\">CONOCE SU HISTORIA <\/a><\/div>\n                    <\/div><\/div><\/div>\n        <\/div>\n    <\/article><\/div>\n            <div class=\"clearfix\"><\/div>\n        <\/div>\t\t\t\t<\/div>\n\t\t\t\t\t<\/div>\n\t\t\t\t<\/div>\n\t\t\t\t<\/div>\n\t\t","protected":false},"excerpt":{"rendered":"<p>El t\u00e9rmino chap\u00edn o chapines es aplicado como gentilicio popular para referirse a los guatemaltecos. \u00bfDe d\u00f3nde proviene? Un texto del siglo XIX puede aclarar algo de su origen y explicaci\u00f3n. El historiador y novelista guatemalteco Jos\u00e9 Milla (1822-1882) escribi\u00f3 una descripci\u00f3n del &#8220;chap\u00edn&#8221; all\u00e1 por 1850 y la public\u00f3 en un peri\u00f3dico local. Con [&hellip;]<\/p>\n","protected":false},"author":1,"featured_media":11993,"comment_status":"open","ping_status":"open","sticky":false,"template":"","format":"standard","meta":{"_acf_changed":false,"_eb_attr":"","footnotes":""},"categories":[58],"tags":[],"class_list":["post-378","post","type-post","status-publish","format-standard","has-post-thumbnail","hentry","category-guate-nuestra"],"acf":[],"aioseo_notices":[],"aioseo_head":"\n\t\t<!-- All in One SEO Pro 4.9.6.2 - aioseo.com -->\n\t<meta name=\"description\" content=\"El restaurante guatemalteco P\u00fachica es ya un referente de la gastronom\u00eda popular chapina y naci\u00f3 de una conjunci\u00f3n de circunstancias, seg\u00fan cuenta su fundador, Fernando L\u00fcrsen. Hace 7 a\u00f1os, Fernando L\u00fcrssen, originario de San Francisco Zapotitl\u00e1n, Suchitep\u00e9quez, Guatemala no pensaba que los sabores y aromas de la comida cotidiana de su pa\u00eds fueran a convertirse\" \/>\n\t<meta name=\"robots\" content=\"max-snippet:-1, max-image-preview:large, max-video-preview:-1\" \/>\n\t<meta name=\"author\" content=\"SoyMigrante.com REVISTA\"\/>\n\t<link rel=\"canonical\" href=\"https:\/\/soymigrante.com\/revista\/asi-nacio-un-nucleo-de-sabor-guatemalteco-en-el-corazon-de-los-angeles\/\" \/>\n\t<meta name=\"generator\" content=\"All in One SEO Pro (AIOSEO) 4.9.6.2\" \/>\n\n\t\t<link rel=\"preconnect\" href=\"https:\/\/fonts.googleapis.com\" crossorigin>\n<link rel=\"preconnect\" href=\"https:\/\/fonts.gstatic.com\" crossorigin>\n\t\t<meta property=\"og:locale\" content=\"es_ES\" \/>\n\t\t<meta property=\"og:site_name\" content=\"SoyMigrante.com REVISTA \u2013 Nuestra misi\u00f3n es reconocer y dignificar al migrante.\" \/>\n\t\t<meta property=\"og:type\" content=\"article\" \/>\n\t\t<meta property=\"og:title\" content=\"As\u00ed naci\u00f3 el restaurante guatemalteco Puchica, un n\u00facleo de sabor chap\u00edn en el coraz\u00f3n de Los Angeles\" \/>\n\t\t<meta property=\"og:description\" content=\"El restaurante guatemalteco P\u00fachica es ya un referente de la gastronom\u00eda popular chapina y naci\u00f3 de una conjunci\u00f3n de circunstancias, seg\u00fan cuenta su fundador, Fernando L\u00fcrsen. Hace 7 a\u00f1os, Fernando L\u00fcrssen, originario de San Francisco Zapotitl\u00e1n, Suchitep\u00e9quez, Guatemala no pensaba que los sabores y aromas de la comida cotidiana de su pa\u00eds fueran a convertirse\" \/>\n\t\t<meta property=\"og:url\" content=\"https:\/\/soymigrante.com\/revista\/asi-nacio-un-nucleo-de-sabor-guatemalteco-en-el-corazon-de-los-angeles\/\" \/>\n\t\t<meta property=\"og:image\" content=\"https:\/\/soymigrante.com\/revista\/wp-content\/uploads\/2023\/03\/1-EXITOS-RESTAURANTE-PUCHICA-LA-FERNANDO-LURSSEN-1.webp\" \/>\n\t\t<meta property=\"og:image:secure_url\" content=\"https:\/\/soymigrante.com\/revista\/wp-content\/uploads\/2023\/03\/1-EXITOS-RESTAURANTE-PUCHICA-LA-FERNANDO-LURSSEN-1.webp\" \/>\n\t\t<meta property=\"og:image:width\" content=\"750\" \/>\n\t\t<meta property=\"og:image:height\" content=\"1043\" \/>\n\t\t<meta property=\"article:published_time\" content=\"2023-05-26T00:17:30+00:00\" \/>\n\t\t<meta property=\"article:modified_time\" content=\"2026-03-11T20:40:17+00:00\" \/>\n\t\t<meta property=\"article:publisher\" content=\"https:\/\/www.facebook.com\/soymigrantecom\" \/>\n\t\t<meta name=\"twitter:card\" content=\"summary_large_image\" \/>\n\t\t<meta name=\"twitter:site\" content=\"@SoyMigrante_com\" \/>\n\t\t<meta name=\"twitter:title\" content=\"As\u00ed naci\u00f3 el restaurante guatemalteco Puchica, un n\u00facleo de sabor chap\u00edn en el coraz\u00f3n de Los Angeles\" \/>\n\t\t<meta name=\"twitter:description\" content=\"El restaurante guatemalteco P\u00fachica es ya un referente de la gastronom\u00eda popular chapina y naci\u00f3 de una conjunci\u00f3n de circunstancias, seg\u00fan cuenta su fundador, Fernando L\u00fcrsen. Hace 7 a\u00f1os, Fernando L\u00fcrssen, originario de San Francisco Zapotitl\u00e1n, Suchitep\u00e9quez, Guatemala no pensaba que los sabores y aromas de la comida cotidiana de su pa\u00eds fueran a convertirse\" \/>\n\t\t<meta name=\"twitter:creator\" content=\"@SoyMigrante_com\" \/>\n\t\t<meta name=\"twitter:image\" content=\"https:\/\/soymigrante.com\/revista\/wp-content\/uploads\/2023\/03\/1-EXITOS-RESTAURANTE-PUCHICA-LA-FERNANDO-LURSSEN-1.webp\" \/>\n\t\t<!-- All in One SEO Pro -->\r\n\t\t<title>As\u00ed naci\u00f3 el restaurante guatemalteco Puchica, un n\u00facleo de sabor chap\u00edn en el coraz\u00f3n de Los Angeles<\/title>\n\n","aioseo_head_json":{"title":"As\u00ed naci\u00f3 el restaurante guatemalteco Puchica, un n\u00facleo de sabor chap\u00edn en el coraz\u00f3n de Los Angeles","description":"El restaurante guatemalteco P\u00fachica es ya un referente de la gastronom\u00eda popular chapina y naci\u00f3 de una conjunci\u00f3n de circunstancias, seg\u00fan cuenta su fundador, Fernando L\u00fcrsen. Hace 7 a\u00f1os, Fernando L\u00fcrssen, originario de San Francisco Zapotitl\u00e1n, Suchitep\u00e9quez, Guatemala no pensaba que los sabores y aromas de la comida cotidiana de su pa\u00eds fueran a convertirse","canonical_url":"https:\/\/soymigrante.com\/revista\/asi-nacio-un-nucleo-de-sabor-guatemalteco-en-el-corazon-de-los-angeles\/","robots":"max-snippet:-1, max-image-preview:large, max-video-preview:-1","keywords":"","webmasterTools":{"miscellaneous":"&lt;link rel=\"preconnect\" href=\"https:\/\/fonts.googleapis.com\" crossorigin&gt;\n&lt;link rel=\"preconnect\" href=\"https:\/\/fonts.gstatic.com\" crossorigin&gt;"},"schema":null,"og:locale":"es_ES","og:site_name":"SoyMigrante.com REVISTA \u2013 Nuestra misi\u00f3n es reconocer y dignificar al migrante.","og:type":"article","og:title":"As\u00ed naci\u00f3 el restaurante guatemalteco Puchica, un n\u00facleo de sabor chap\u00edn en el coraz\u00f3n de Los Angeles","og:description":"El restaurante guatemalteco P\u00fachica es ya un referente de la gastronom\u00eda popular chapina y naci\u00f3 de una conjunci\u00f3n de circunstancias, seg\u00fan cuenta su fundador, Fernando L\u00fcrsen. Hace 7 a\u00f1os, Fernando L\u00fcrssen, originario de San Francisco Zapotitl\u00e1n, Suchitep\u00e9quez, Guatemala no pensaba que los sabores y aromas de la comida cotidiana de su pa\u00eds fueran a convertirse","og:url":"https:\/\/soymigrante.com\/revista\/asi-nacio-un-nucleo-de-sabor-guatemalteco-en-el-corazon-de-los-angeles\/","og:image":"https:\/\/soymigrante.com\/revista\/wp-content\/uploads\/2023\/03\/1-EXITOS-RESTAURANTE-PUCHICA-LA-FERNANDO-LURSSEN-1.webp","og:image:secure_url":"https:\/\/soymigrante.com\/revista\/wp-content\/uploads\/2023\/03\/1-EXITOS-RESTAURANTE-PUCHICA-LA-FERNANDO-LURSSEN-1.webp","og:image:width":750,"og:image:height":1043,"article:published_time":"2023-05-26T00:17:30+00:00","article:modified_time":"2026-03-11T20:40:17+00:00","article:publisher":"https:\/\/www.facebook.com\/soymigrantecom","twitter:card":"summary_large_image","twitter:site":"@SoyMigrante_com","twitter:title":"As\u00ed naci\u00f3 el restaurante guatemalteco Puchica, un n\u00facleo de sabor chap\u00edn en el coraz\u00f3n de Los Angeles","twitter:description":"El restaurante guatemalteco P\u00fachica es ya un referente de la gastronom\u00eda popular chapina y naci\u00f3 de una conjunci\u00f3n de circunstancias, seg\u00fan cuenta su fundador, Fernando L\u00fcrsen. Hace 7 a\u00f1os, Fernando L\u00fcrssen, originario de San Francisco Zapotitl\u00e1n, Suchitep\u00e9quez, Guatemala no pensaba que los sabores y aromas de la comida cotidiana de su pa\u00eds fueran a convertirse","twitter:creator":"@SoyMigrante_com","twitter:image":"https:\/\/soymigrante.com\/revista\/wp-content\/uploads\/2023\/03\/1-EXITOS-RESTAURANTE-PUCHICA-LA-FERNANDO-LURSSEN-1.webp"},"aioseo_meta_data":{"post_id":"378","title":null,"description":"Al guatemalteco se le suele llamar por el t\u00e9rmino \"chap\u00edn\" \u00bfqu\u00e9 significa y de d\u00f3nde viene esta expresi\u00f3n tan familiar y coloquial que supera fronteras?","keywords":null,"keyphrases":{"focus":{"keyphrase":"Chapines","score":63,"analysis":{"keyphraseInTitle":{"score":3,"maxScore":9,"error":1},"keyphraseInDescription":{"score":3,"maxScore":9,"error":1},"keyphraseLength":{"score":9,"maxScore":9,"error":0,"length":1},"keyphraseInURL":{"score":5,"maxScore":5,"error":0}}},"additional":[{"keyphrase":"Chap\u00edn","score":100,"analysis":{"keyphraseInDescription":{"score":9,"maxScore":9,"error":0},"keyphraseLength":{"score":9,"maxScore":9,"error":0,"length":2}}},{"keyphrase":"Guatemalteco","score":100,"analysis":{"keyphraseInDescription":{"score":9,"maxScore":9,"error":0},"keyphraseLength":{"score":9,"maxScore":9,"error":0,"length":1}}}]},"primary_term":null,"canonical_url":null,"og_title":null,"og_description":null,"og_object_type":"default","og_image_type":"default","og_image_url":null,"og_image_width":null,"og_image_height":null,"og_image_custom_url":null,"og_image_custom_fields":null,"og_video":"","og_custom_url":null,"og_article_section":null,"og_article_tags":null,"twitter_use_og":false,"twitter_card":"default","twitter_image_type":"default","twitter_image_url":null,"twitter_image_custom_url":null,"twitter_image_custom_fields":null,"twitter_title":null,"twitter_description":null,"schema":{"blockGraphs":[],"customGraphs":[],"default":{"data":{"Article":[],"Course":[],"Dataset":[],"FAQPage":[],"Movie":[],"Person":[],"Product":[],"ProductReview":[],"Car":[],"Recipe":[],"Service":[],"SoftwareApplication":[],"WebPage":[]},"graphName":"BlogPosting","isEnabled":true},"graphs":[]},"schema_type":"default","schema_type_options":null,"pillar_content":false,"robots_default":true,"robots_noindex":false,"robots_noarchive":false,"robots_nosnippet":false,"robots_nofollow":false,"robots_noimageindex":false,"robots_noodp":false,"robots_notranslate":false,"robots_max_snippet":"-1","robots_max_videopreview":"-1","robots_max_imagepreview":"large","priority":null,"frequency":"default","local_seo":null,"seo_analyzer_scan_date":"2025-10-09 03:31:06","breadcrumb_settings":null,"limit_modified_date":false,"reviewed_by":null,"open_ai":"{\"title\":{\"suggestions\":[],\"usage\":0},\"description\":{\"suggestions\":[],\"usage\":0}}","ai":null,"created":"2023-08-17 09:54:29","updated":"2026-02-04 22:16:48"},"aioseo_breadcrumb":"<div class=\"aioseo-breadcrumbs\"><span class=\"aioseo-breadcrumb\">\n\t<a href=\"https:\/\/soymigrante.com\/revista\" title=\"Home\">Home<\/a>\n<\/span><span class=\"aioseo-breadcrumb-separator\">\u00bb<\/span><span class=\"aioseo-breadcrumb\">\n\t<a href=\"https:\/\/soymigrante.com\/revista\/category\/guate-nuestra\/\" title=\"Guate Nuestra\">Guate Nuestra<\/a>\n<\/span><span class=\"aioseo-breadcrumb-separator\">\u00bb<\/span><span class=\"aioseo-breadcrumb\">\n\t\u00bfQu\u00e9 significa la palabra chap\u00edn y de donde viene?\n<\/span><\/div>","aioseo_breadcrumb_json":[{"label":"Home","link":"https:\/\/soymigrante.com\/revista"},{"label":"Guate Nuestra","link":"https:\/\/soymigrante.com\/revista\/category\/guate-nuestra\/"},{"label":"\u00bfQu\u00e9 significa la palabra chap\u00edn y de donde viene?","link":"https:\/\/soymigrante.com\/revista\/chapines-nos-dicen-pero-de-donde-proviene-esta-expresion\/"}],"_links":{"self":[{"href":"https:\/\/soymigrante.com\/revista\/wp-json\/wp\/v2\/posts\/378","targetHints":{"allow":["GET"]}}],"collection":[{"href":"https:\/\/soymigrante.com\/revista\/wp-json\/wp\/v2\/posts"}],"about":[{"href":"https:\/\/soymigrante.com\/revista\/wp-json\/wp\/v2\/types\/post"}],"author":[{"embeddable":true,"href":"https:\/\/soymigrante.com\/revista\/wp-json\/wp\/v2\/users\/1"}],"replies":[{"embeddable":true,"href":"https:\/\/soymigrante.com\/revista\/wp-json\/wp\/v2\/comments?post=378"}],"version-history":[{"count":0,"href":"https:\/\/soymigrante.com\/revista\/wp-json\/wp\/v2\/posts\/378\/revisions"}],"wp:featuredmedia":[{"embeddable":true,"href":"https:\/\/soymigrante.com\/revista\/wp-json\/wp\/v2\/media\/11993"}],"wp:attachment":[{"href":"https:\/\/soymigrante.com\/revista\/wp-json\/wp\/v2\/media?parent=378"}],"wp:term":[{"taxonomy":"category","embeddable":true,"href":"https:\/\/soymigrante.com\/revista\/wp-json\/wp\/v2\/categories?post=378"},{"taxonomy":"post_tag","embeddable":true,"href":"https:\/\/soymigrante.com\/revista\/wp-json\/wp\/v2\/tags?post=378"}],"curies":[{"name":"wp","href":"https:\/\/api.w.org\/{rel}","templated":true}]}}