{"id":37799,"date":"2025-06-25T16:00:19","date_gmt":"2025-06-25T22:00:19","guid":{"rendered":"https:\/\/soymigrante.com\/revista\/?p=37799"},"modified":"2025-08-27T09:38:44","modified_gmt":"2025-08-27T15:38:44","slug":"como-afecta-a-los-adolescentes-la-ausencia-paterna","status":"publish","type":"post","link":"https:\/\/soymigrante.com\/revista\/como-afecta-a-los-adolescentes-la-ausencia-paterna\/","title":{"rendered":"\u00bfC\u00f3mo afecta a los adolescentes la ausencia paterna ?"},"content":{"rendered":"\t\t<div data-elementor-type=\"wp-post\" data-elementor-id=\"37799\" class=\"elementor elementor-37799\" data-elementor-post-type=\"post\">\n\t\t\t\t<div data-particle_enable=\"false\" data-particle-mobile-disabled=\"false\" class=\"elementor-element elementor-element-fbbe2bc e-flex e-con-boxed e-con e-parent\" data-id=\"fbbe2bc\" data-element_type=\"container\" data-e-type=\"container\">\n\t\t\t\t\t<div class=\"e-con-inner\">\n\t\t\t\t<div class=\"elementor-element elementor-element-4f0ff1c elementor-widget elementor-widget-heading\" data-id=\"4f0ff1c\" data-element_type=\"widget\" data-e-type=\"widget\" data-widget_type=\"heading.default\">\n\t\t\t\t\t<h2 class=\"elementor-heading-title elementor-size-default\"><span style=\"font-size: 31.2px\">En algunas familias, el padre est\u00e1 ausente por fallecimiento, separaci\u00f3n, abandono o migraci\u00f3n: estudio analiza efectos emocionales en adolescentes y plantea algunas alternativas.<\/span><\/h2>\t\t\t\t<\/div>\n\t\t\t\t\t<\/div>\n\t\t\t\t<\/div>\n\t\t<div data-particle_enable=\"false\" data-particle-mobile-disabled=\"false\" class=\"elementor-element elementor-element-561be88 e-flex e-con-boxed e-con e-parent\" data-id=\"561be88\" data-element_type=\"container\" data-e-type=\"container\">\n\t\t\t\t\t<div class=\"e-con-inner\">\n\t\t\t\t<div class=\"elementor-element elementor-element-b548ae5 elementor-widget elementor-widget-text-editor\" data-id=\"b548ae5\" data-element_type=\"widget\" data-e-type=\"widget\" data-widget_type=\"text-editor.default\">\n\t\t\t\t\t\t\t\t\t<p>La ausencia paterna en la familia es un fen\u00f3meno social, lamentablemente, muy frecuente que traee siempre consecuencias significativas en el desarrollo adolescente.\u00a0 Seg\u00fan estimaciones estad\u00edsticas, hasta un 25% de hogares enfrenta esta situaci\u00f3n, por diversas causas. En Guatemala, seg\u00fan estad\u00edsticas del Instituto Nacional de Estad\u00edstica un 17% de hogares son encabezados por una mujer.<\/p><p>Y es que la figura de Pap\u00e1 es fundamental para el desarrollo integral de la persona, porque proporciona un modelo de referencia y apoyo emocional, seg\u00fan analiza el estudio\u00a0<a href=\"https:\/\/repository.ucc.edu.co\/server\/api\/core\/bitstreams\/facd936e-f7fb-4878-8319-38bc70e5343c\/content\"> Efectos de la Ausencia Paterna en Adolescentes Latinoamericanos,<\/a> efectuado por expertos de la Universidad Cooperativa de Colombia en 2023.<\/p><p>La ausencia, sea por migraci\u00f3n, separaci\u00f3n o muerte, genera un vac\u00edo emocional que impacta negativamente diversas \u00e1reas de la vida de los adolescentes, incluyendo la salud mental, el rendimiento acad\u00e9mico y el comportamiento de riesgo. \u00bfC\u00f3mo observar estos efectos y tratar de reducir el da\u00f1o? Eso se detalla a continuaci\u00f3n.<\/p>\t\t\t\t\t\t\t\t<\/div>\n\t\t\t\t\t<\/div>\n\t\t\t\t<\/div>\n\t\t<div data-particle_enable=\"false\" data-particle-mobile-disabled=\"false\" class=\"elementor-element elementor-element-57e666d e-flex e-con-boxed e-con e-parent\" data-id=\"57e666d\" data-element_type=\"container\" data-e-type=\"container\">\n\t\t\t\t\t<div class=\"e-con-inner\">\n\t\t\t\t<div class=\"elementor-element elementor-element-5b5d2ee elementor-widget elementor-widget-image\" data-id=\"5b5d2ee\" data-element_type=\"widget\" data-e-type=\"widget\" data-widget_type=\"image.default\">\n\t\t\t\t\t\t\t\t\t\t\t\t<figure class=\"wp-caption\">\n\t\t\t\t\t\t\t\t\t\t<img fetchpriority=\"high\" decoding=\"async\" width=\"768\" height=\"549\" src=\"https:\/\/soymigrante.com\/revista\/wp-content\/uploads\/2025\/06\/ausencia-paterna.webp\" class=\"attachment-large size-large wp-image-37803\" alt=\"Disfruta de una imagen de una mujer y dos ni\u00f1os en un ambiente urbano, simbolizando la comunidad y la cultura migrante en Espa\u00f1a, ideal para contenido de SoyMigrante.com REVISTA sobre migraci\u00f3n y derechos.\" srcset=\"https:\/\/soymigrante.com\/revista\/wp-content\/uploads\/2025\/06\/ausencia-paterna.webp 1024w, https:\/\/soymigrante.com\/revista\/wp-content\/uploads\/2025\/06\/ausencia-paterna-300x214.jpg 300w, https:\/\/soymigrante.com\/revista\/wp-content\/uploads\/2025\/06\/ausencia-paterna-768x549.jpg 768w, https:\/\/soymigrante.com\/revista\/wp-content\/uploads\/2025\/06\/ausencia-paterna-120x86.jpg 120w, https:\/\/soymigrante.com\/revista\/wp-content\/uploads\/2025\/06\/ausencia-paterna-350x250.jpg 350w, https:\/\/soymigrante.com\/revista\/wp-content\/uploads\/2025\/06\/ausencia-paterna-750x536.jpg 750w\" sizes=\"(max-width: 768px) 100vw, 768px\" title=\"Es importante y fundamental que la madre aborde la realidad de la ausencia del padre pero aclarar a sus hijos que eso nunca reduce su valor ni sus capacidades: que son personas valiosas y cuentan con ella, as\u00ed como con otras figuras de la familia para confiar y dar cari\u00f1o. No es recomentable hablar mal del padre, sobre todo si la ausencia es por un divorcio. \u2013 SoyMigrante.com REVISTA\" \/>\t\t\t\t\t\t\t\t\t\t\t<figcaption class=\"widget-image-caption wp-caption-text\">Ni\u00f1a y ni\u00f1o con mujer sonriendo en un entorno urbano, mostrando uni\u00f3n familiar y diversidad cultural en Espa\u00f1a, relevante para temas de migraci\u00f3n y comunidad en SoyMigrante.com REVISTA.<\/figcaption>\n\t\t\t\t\t\t\t\t\t\t<\/figure>\n\t\t\t\t\t\t\t\t\t<\/div>\n\t\t\t\t\t<\/div>\n\t\t\t\t<\/div>\n\t\t<div data-particle_enable=\"false\" data-particle-mobile-disabled=\"false\" class=\"elementor-element elementor-element-ec6b733 e-flex e-con-boxed e-con e-parent\" data-id=\"ec6b733\" data-element_type=\"container\" data-e-type=\"container\">\n\t\t\t\t\t<div class=\"e-con-inner\">\n\t\t\t\t<div class=\"elementor-element elementor-element-452f2a5 elementor-widget elementor-widget-heading\" data-id=\"452f2a5\" data-element_type=\"widget\" data-e-type=\"widget\" data-widget_type=\"heading.default\">\n\t\t\t\t\t<h3 class=\"elementor-heading-title elementor-size-default\">\u00bfQu\u00e9 es la ausencia paterna? <\/h3>\t\t\t\t<\/div>\n\t\t\t\t\t<\/div>\n\t\t\t\t<\/div>\n\t\t<div data-particle_enable=\"false\" data-particle-mobile-disabled=\"false\" class=\"elementor-element elementor-element-1653d86 e-flex e-con-boxed e-con e-parent\" data-id=\"1653d86\" data-element_type=\"container\" data-e-type=\"container\">\n\t\t\t\t\t<div class=\"e-con-inner\">\n\t\t\t\t<div class=\"elementor-element elementor-element-c636ed0 elementor-widget elementor-widget-text-editor\" data-id=\"c636ed0\" data-element_type=\"widget\" data-e-type=\"widget\" data-widget_type=\"text-editor.default\">\n\t\t\t\t\t\t\t\t\t<p>La ausencia paterna se entiende como la falta tanto f\u00edsica como afectiva del padre desde el nacimiento o desde la ni\u00f1ez temprana (menores de seis a\u00f1os), ya sea por muerte, separaci\u00f3n, abandono o migraci\u00f3n a otro pa\u00eds.rse del castigo f\u00edsico: no es una forma de corregir efectiva.<\/p>\t\t\t\t\t\t\t\t<\/div>\n\t\t\t\t\t<\/div>\n\t\t\t\t<\/div>\n\t\t<div data-particle_enable=\"false\" data-particle-mobile-disabled=\"false\" class=\"elementor-element elementor-element-eb5496c e-flex e-con-boxed e-con e-parent\" data-id=\"eb5496c\" data-element_type=\"container\" data-e-type=\"container\">\n\t\t\t\t\t<div class=\"e-con-inner\">\n\t\t\t\t<div class=\"elementor-element elementor-element-bb32373 elementor-widget elementor-widget-heading\" data-id=\"bb32373\" data-element_type=\"widget\" data-e-type=\"widget\" data-widget_type=\"heading.default\">\n\t\t\t\t\t<h3 class=\"elementor-heading-title elementor-size-default\">\u00bfQu\u00e9 implica la ausencia paterna en el bienestar de la persona adolescente?<\/h3>\t\t\t\t<\/div>\n\t\t\t\t\t<\/div>\n\t\t\t\t<\/div>\n\t\t<div data-particle_enable=\"false\" data-particle-mobile-disabled=\"false\" class=\"elementor-element elementor-element-11f4613 e-flex e-con-boxed e-con e-parent\" data-id=\"11f4613\" data-element_type=\"container\" data-e-type=\"container\">\n\t\t\t\t\t<div class=\"e-con-inner\">\n\t\t\t\t<div class=\"elementor-element elementor-element-65add70 elementor-widget elementor-widget-text-editor\" data-id=\"65add70\" data-element_type=\"widget\" data-e-type=\"widget\" data-widget_type=\"text-editor.default\">\n\t\t\t\t\t\t\t\t\t<p>Disminuci\u00f3n de Autoestima y Problemas Emocionales: La ausencia paterna se asocia con &#8220;niveles m\u00e1s bajos de autoestima y una mayor propensi\u00f3n a la ansiedad y la depresi\u00f3n&#8221;. Es decir, el joven o la joven tiene la sensaci\u00f3n de no valer lo suficiente, de que otros son m\u00e1s valiosos. Esto a su vez trae temores, inequietudes y sensaci\u00f3n de impotencia para resolver sus problemas.\u00a0<\/p><p>Varios estudios psicol\u00f3gicos en pa\u00edses de Am\u00e9rica Latina muetran que &#8220;los adolescentes sin padre ten\u00edan niveles m\u00e1s bajos de autoestima en comparaci\u00f3n con aquellos que ten\u00edan una figura paterna presente&#8221;.<\/p><p>Roles anticipados: La ausencia paterna puede generar desaf\u00edos en la construcci\u00f3n de la identidad personal. Los adolescentes varones, por ejemplo, &#8220;pueden sentir la necesidad de asumir un papel de proveedores prematuros, lo que puede tener implicaciones negativas en su desarrollo emocional y acad\u00e9mico&#8221;. Se dedican por ejemplo a trabajar y dejan de lado sus metas acad\u00e9micas.<\/p>\t\t\t\t\t\t\t\t<\/div>\n\t\t\t\t\t<\/div>\n\t\t\t\t<\/div>\n\t\t<div data-particle_enable=\"false\" data-particle-mobile-disabled=\"false\" class=\"elementor-element elementor-element-fec6556 e-flex e-con-boxed e-con e-parent\" data-id=\"fec6556\" data-element_type=\"container\" data-e-type=\"container\">\n\t\t\t\t\t<div class=\"e-con-inner\">\n\t\t\t\t<div class=\"elementor-element elementor-element-03400a0 elementor-widget elementor-widget-video\" data-id=\"03400a0\" data-element_type=\"widget\" data-e-type=\"widget\" data-settings=\"{&quot;youtube_url&quot;:&quot;https:\\\/\\\/www.youtube.com\\\/watch?v=oXhW-GLft6U&quot;,&quot;video_type&quot;:&quot;youtube&quot;,&quot;controls&quot;:&quot;yes&quot;}\" data-widget_type=\"video.default\">\n\t\t\t\t\t\t\t<div class=\"elementor-wrapper elementor-open-inline\">\n\t\t\t<div class=\"elementor-video\"><\/div>\t\t<\/div>\n\t\t\t\t\t\t<\/div>\n\t\t\t\t\t<\/div>\n\t\t\t\t<\/div>\n\t\t<div data-particle_enable=\"false\" data-particle-mobile-disabled=\"false\" class=\"elementor-element elementor-element-d995f27 e-flex e-con-boxed e-con e-parent\" data-id=\"d995f27\" data-element_type=\"container\" data-e-type=\"container\">\n\t\t\t\t\t<div class=\"e-con-inner\">\n\t\t\t\t<div class=\"elementor-element elementor-element-0fd049d elementor-widget elementor-widget-heading\" data-id=\"0fd049d\" data-element_type=\"widget\" data-e-type=\"widget\" data-widget_type=\"heading.default\">\n\t\t\t\t\t<h3 class=\"elementor-heading-title elementor-size-default\">\u00bfImpacta la ausencia paterna en el desempe\u00f1o escolar? <\/h3>\t\t\t\t<\/div>\n\t\t\t\t\t<\/div>\n\t\t\t\t<\/div>\n\t\t<div data-particle_enable=\"false\" data-particle-mobile-disabled=\"false\" class=\"elementor-element elementor-element-4ef3d41 e-flex e-con-boxed e-con e-parent\" data-id=\"4ef3d41\" data-element_type=\"container\" data-e-type=\"container\">\n\t\t\t\t\t<div class=\"e-con-inner\">\n\t\t\t\t<div class=\"elementor-element elementor-element-15ec611 elementor-widget elementor-widget-text-editor\" data-id=\"15ec611\" data-element_type=\"widget\" data-e-type=\"widget\" data-widget_type=\"text-editor.default\">\n\t\t\t\t\t\t\t\t\t<p>Los estudios indican que los adolescentes con ausencia paterna tienden a presentar un &#8220;rendimiento acad\u00e9mico m\u00e1s bajo y una mayor probabilidad de abandonar los estudios&#8221;.<\/p><p>La falta de apoyo y orientaci\u00f3n paterna puede dificultar el desarrollo de habilidades de estudio, la motivaci\u00f3n y la perseverancia en los adolescentes&#8221;\u00a0<\/p>\t\t\t\t\t\t\t\t<\/div>\n\t\t\t\t\t<\/div>\n\t\t\t\t<\/div>\n\t\t<div data-particle_enable=\"false\" data-particle-mobile-disabled=\"false\" class=\"elementor-element elementor-element-8dda1da e-flex e-con-boxed e-con e-parent\" data-id=\"8dda1da\" data-element_type=\"container\" data-e-type=\"container\">\n\t\t\t\t\t<div class=\"e-con-inner\">\n\t\t\t\t<div class=\"elementor-element elementor-element-50c3cdd elementor-widget elementor-widget-heading\" data-id=\"50c3cdd\" data-element_type=\"widget\" data-e-type=\"widget\" data-widget_type=\"heading.default\">\n\t\t\t\t\t<h3 class=\"elementor-heading-title elementor-size-default\">\u00bfQu\u00e9 conductas riesgosas se asocian a la ausencia paterna?<\/h3>\t\t\t\t<\/div>\n\t\t\t\t\t<\/div>\n\t\t\t\t<\/div>\n\t\t<div data-particle_enable=\"false\" data-particle-mobile-disabled=\"false\" class=\"elementor-element elementor-element-f5c0acc e-flex e-con-boxed e-con e-parent\" data-id=\"f5c0acc\" data-element_type=\"container\" data-e-type=\"container\">\n\t\t\t\t\t<div class=\"e-con-inner\">\n\t\t\t\t<div class=\"elementor-element elementor-element-5a3babc elementor-widget elementor-widget-text-editor\" data-id=\"5a3babc\" data-element_type=\"widget\" data-e-type=\"widget\" data-widget_type=\"text-editor.default\">\n\t\t\t\t\t\t\t\t\t<p>En culturas donde el padre es visto como protector y gu\u00eda, la ausencia puede generar &#8220;sentimientos de vulnerabilidad&#8221; y tambi\u00e9n de exclusi\u00f3n.\u00a0<\/p><p>Se ha observado un &#8220;mayor riesgo de involucrarse en comportamientos de riesgo, como el consumo de drogas y el inicio temprano de la actividad sexual&#8221;.\u00a0<\/p><p>Los j\u00f3venes tambi\u00e9n se ven m\u00e1s expuestos a encontrar figuras de &#8220;autoridad&#8221; fuera de la casa o a ser v\u00edctimas pasivas de abusos o bullying, porque &#8220;creen que no tienen qui\u00e9n los defienda&#8221; y por ello existe el peligro de que se unan a pandillas. O que conviertan esa vulnerabilidad en un resentimiento agresivo.<\/p>\t\t\t\t\t\t\t\t<\/div>\n\t\t\t\t\t<\/div>\n\t\t\t\t<\/div>\n\t\t<div data-particle_enable=\"false\" data-particle-mobile-disabled=\"false\" class=\"elementor-element elementor-element-cbc9a69 e-flex e-con-boxed e-con e-parent\" data-id=\"cbc9a69\" data-element_type=\"container\" data-e-type=\"container\">\n\t\t\t\t\t<div class=\"e-con-inner\">\n\t\t\t\t<div class=\"elementor-element elementor-element-830bdc4 elementor-widget elementor-widget-video\" data-id=\"830bdc4\" data-element_type=\"widget\" data-e-type=\"widget\" data-settings=\"{&quot;youtube_url&quot;:&quot;https:\\\/\\\/www.youtube.com\\\/watch?v=uhK7I7zmcnQ&quot;,&quot;video_type&quot;:&quot;youtube&quot;,&quot;controls&quot;:&quot;yes&quot;}\" data-widget_type=\"video.default\">\n\t\t\t\t\t\t\t<div class=\"elementor-wrapper elementor-open-inline\">\n\t\t\t<div class=\"elementor-video\"><\/div>\t\t<\/div>\n\t\t\t\t\t\t<\/div>\n\t\t\t\t\t<\/div>\n\t\t\t\t<\/div>\n\t\t<div data-particle_enable=\"false\" data-particle-mobile-disabled=\"false\" class=\"elementor-element elementor-element-19b3943 e-flex e-con-boxed e-con e-parent\" data-id=\"19b3943\" data-element_type=\"container\" data-e-type=\"container\">\n\t\t\t\t\t<div class=\"e-con-inner\">\n\t\t\t\t<div class=\"elementor-element elementor-element-a3b785c elementor-widget elementor-widget-heading\" data-id=\"a3b785c\" data-element_type=\"widget\" data-e-type=\"widget\" data-widget_type=\"heading.default\">\n\t\t\t\t\t<h3 class=\"elementor-heading-title elementor-size-default\">\u00bfQu\u00e9 se aconseja ante esta situaci\u00f3n?<\/h3>\t\t\t\t<\/div>\n\t\t\t\t\t<\/div>\n\t\t\t\t<\/div>\n\t\t<div data-particle_enable=\"false\" data-particle-mobile-disabled=\"false\" class=\"elementor-element elementor-element-b32f85b e-flex e-con-boxed e-con e-parent\" data-id=\"b32f85b\" data-element_type=\"container\" data-e-type=\"container\">\n\t\t\t\t\t<div class=\"e-con-inner\">\n\t\t\t\t<div class=\"elementor-element elementor-element-242f551 elementor-widget elementor-widget-text-editor\" data-id=\"242f551\" data-element_type=\"widget\" data-e-type=\"widget\" data-widget_type=\"text-editor.default\">\n\t\t\t\t\t\t\t\t\t<p>Cada situaci\u00f3n, cada caso, cada familia tiene un car\u00e1cter \u00fanico. La ausencia de padre en s\u00ed suele ser una situaci\u00f3n dif\u00edcil de cambiar, pero la madre y otros familiares pueden ayudar. La calidad de las relaciones con &#8220;madres, abuelos u otros adultos significativos&#8221; puede &#8220;mitigar los impactos negativos de la ausencia paterna&#8221;, indica el Estudio.<\/p><p>La figura materna &#8220;a menudo asume un rol doble en la crianza de los hijos cuando el padre est\u00e1 ausente&#8221; y una &#8220;relaci\u00f3n materna s\u00f3lida puede ayudar a compensar algunos de los desaf\u00edos que los adolescentes enfrentan&#8221;.<\/p><p>Los abuelos tambi\u00e9n &#8220;pueden ofrecer apoyo emocional, cuidado y orientaci\u00f3n&#8221;.<\/p><p>Recomendaciones clave:<\/p><p>Promoci\u00f3n de Relaciones Sustitutas S\u00f3lidas: Fomentar\u00a0 las relaciones positivas con figuras maternas, abuelos y otros adultos significativos (un pastor, un sacerdote, un l\u00edder comunitario \u00edntegro) para mitigar los efectos negativos.<\/p><p>El sitio <a href=\"https:\/\/parentry.com\/raising-a-boy-without-a-father-7-tips-for-single-moms\">Parentry.com<\/a> recomenda acciones concretas para los ni\u00f1os y j\u00f3venes en esta situaci\u00f3n:<\/p><ol><li><b>Inculcar responsabilidades y participaci\u00f3n en tareas del hogar.<\/b><\/li><li><b>Evite clonar a su hijo: no es una versi\u00f3n miniatura de ninguno de los dos padres. Es otra persona, en crecimiento y formaci\u00f3n.<\/b><\/li><li><b>Fomenta la independencia de tu hijo o hija.<\/b><\/li><li><b>Abstenerse del castigo f\u00edsico: no es una forma de corregir efectiva.<\/b><\/li><li><b>Evite inculcar ideas err\u00f3neas o emociones equivocadas.<\/b><\/li><li><b>Cultivar la valent\u00eda y la capacidad de enfrentar retos.<\/b><\/li><li><b>Respetar la individualidad, los gustos y habilidades\u00a0<\/b><\/li><\/ol>\t\t\t\t\t\t\t\t<\/div>\n\t\t\t\t\t<\/div>\n\t\t\t\t<\/div>\n\t\t<div data-particle_enable=\"false\" data-particle-mobile-disabled=\"false\" class=\"elementor-element elementor-element-0994b25 e-flex e-con-boxed e-con e-parent\" data-id=\"0994b25\" data-element_type=\"container\" data-e-type=\"container\">\n\t\t\t\t\t<div class=\"e-con-inner\">\n\t\t\t\t<div class=\"elementor-element elementor-element-2262e40 elementor-widget elementor-widget-heading\" data-id=\"2262e40\" data-element_type=\"widget\" data-e-type=\"widget\" data-widget_type=\"heading.default\">\n\t\t\t\t\t<h2 class=\"elementor-heading-title elementor-size-default\">M\u00e1s razones y datos para mejorar<\/h2>\t\t\t\t<\/div>\n\t\t\t\t\t<\/div>\n\t\t\t\t<\/div>\n\t\t<div data-particle_enable=\"false\" data-particle-mobile-disabled=\"false\" class=\"elementor-element elementor-element-13a8add e-flex e-con-boxed e-con e-parent\" data-id=\"13a8add\" data-element_type=\"container\" data-e-type=\"container\">\n\t\t\t\t\t<div class=\"e-con-inner\">\n\t\t\t\t<div class=\"elementor-element elementor-element-e73c688 elementor-grid-eael-col-3 elementor-grid-tablet-eael-col-2 elementor-grid-mobile-eael-col-1 elementor-invisible elementor-widget elementor-widget-eael-post-grid\" data-id=\"e73c688\" data-element_type=\"widget\" data-e-type=\"widget\" data-settings=\"{&quot;eael_post_grid_columns&quot;:&quot;eael-col-3&quot;,&quot;_animation&quot;:&quot;rollIn&quot;,&quot;eael_post_grid_columns_tablet&quot;:&quot;eael-col-2&quot;,&quot;eael_post_grid_columns_mobile&quot;:&quot;eael-col-1&quot;}\" data-widget_type=\"eael-post-grid.default\">\n\t\t\t\t\t<div id=\"eael-post-grid-e73c688\" class=\"eael-post-grid-container\">\n            <div class=\"eael-post-grid eael-post-appender eael-post-appender-e73c688 eael-post-grid-style-one\" data-layout-mode=\"masonry\"><article class=\"eael-grid-post  eael-post-grid-column eael-pg-post-30635 category-en-familia tags-en-familia\" data-id=\"30635\">\n        <div class=\"eael-grid-post-holder\">\n            <div class=\"eael-grid-post-holder-inner\"><div class=\"eael-entry-media\"><div class=\"eael-entry-overlay fade-in\"><i class=\"far fa-hand-pointer\" aria-hidden=\"true\"><\/i><a href=\"https:\/\/soymigrante.com\/revista\/apoyo-a-familias-monoparentales-recursos-para-padres-solteros\/\"><\/a><\/div><div class=\"eael-entry-thumbnail \">\n                <img decoding=\"async\" width=\"1024\" height=\"1024\" src=\"https:\/\/soymigrante.com\/revista\/wp-content\/uploads\/2025\/04\/Apoyo-a-familias-monoparentales-recursos-para-padres-solteros3-e1744319723955-1024x1024.jpeg\" class=\"attachment-large size-large wp-image-30636\" alt=\"Padre e hija en parque, sonriendo, celebraci\u00f3n de v\u00ednculos familiares y alegr\u00eda.\" srcset=\"https:\/\/soymigrante.com\/revista\/wp-content\/uploads\/2025\/04\/Apoyo-a-familias-monoparentales-recursos-para-padres-solteros3-e1744319723955-1024x1024.jpeg 1024w, https:\/\/soymigrante.com\/revista\/wp-content\/uploads\/2025\/04\/Apoyo-a-familias-monoparentales-recursos-para-padres-solteros3-e1744319723955-300x300.jpeg 300w, https:\/\/soymigrante.com\/revista\/wp-content\/uploads\/2025\/04\/Apoyo-a-familias-monoparentales-recursos-para-padres-solteros3-e1744319723955-150x150.jpeg 150w, https:\/\/soymigrante.com\/revista\/wp-content\/uploads\/2025\/04\/Apoyo-a-familias-monoparentales-recursos-para-padres-solteros3-e1744319723955-768x768.jpeg 768w, https:\/\/soymigrante.com\/revista\/wp-content\/uploads\/2025\/04\/Apoyo-a-familias-monoparentales-recursos-para-padres-solteros3-e1744319723955-75x75.webp 75w, https:\/\/soymigrante.com\/revista\/wp-content\/uploads\/2025\/04\/Apoyo-a-familias-monoparentales-recursos-para-padres-solteros3-e1744319723955-750x750.webp 750w, https:\/\/soymigrante.com\/revista\/wp-content\/uploads\/2025\/04\/Apoyo-a-familias-monoparentales-recursos-para-padres-solteros3-e1744319723955.webp 1050w\" sizes=\"(max-width: 1024px) 100vw, 1024px\" \/>\n            <\/div>\n        <\/div><div class=\"eael-entry-wrapper\"><header class=\"eael-entry-header\"><h2 class=\"eael-entry-title\"><a class=\"eael-grid-post-link\" href=\"https:\/\/soymigrante.com\/revista\/apoyo-a-familias-monoparentales-recursos-para-padres-solteros\/\" title=\"Apoyo a familias monoparentales: recursos para padres solteros\">Apoyo a familias monoparentales: recursos para padres solteros<\/a><\/h2><\/header><div class=\"eael-entry-content\">\n                        <div class=\"eael-grid-post-excerpt\"><a href=\"https:\/\/soymigrante.com\/revista\/apoyo-a-familias-monoparentales-recursos-para-padres-solteros\/\" class=\"eael-post-elements-readmore-btn\">CONOCE SU HISTORIA <\/a><\/div>\n                    <\/div><\/div><\/div>\n        <\/div>\n    <\/article><article class=\"eael-grid-post  eael-post-grid-column eael-pg-post-9097 category-bienestar\" data-id=\"9097\">\n        <div class=\"eael-grid-post-holder\">\n            <div class=\"eael-grid-post-holder-inner\"><div class=\"eael-entry-media\"><div class=\"eael-entry-overlay fade-in\"><i class=\"far fa-hand-pointer\" aria-hidden=\"true\"><\/i><a href=\"https:\/\/soymigrante.com\/revista\/como-apoyar-a-menores-en-caso-de-ausencia-de-padres-migrantes\/\"><\/a><\/div><div class=\"eael-entry-thumbnail \">\n                <img decoding=\"async\" width=\"1024\" height=\"1024\" src=\"https:\/\/soymigrante.com\/revista\/wp-content\/uploads\/2024\/09\/park-holding-hands-and-back-of-child-parent-and-2023-11-27-05-05-44-utc-1024x1024.jpg\" class=\"attachment-large size-large wp-image-21817\" alt=\"Manos entrelazadas de diferentes generaciones, simbolizando uni\u00f3n y apoyo en la comunidad migrante.\" srcset=\"https:\/\/soymigrante.com\/revista\/wp-content\/uploads\/2024\/09\/park-holding-hands-and-back-of-child-parent-and-2023-11-27-05-05-44-utc-1024x1024.jpg 1024w, https:\/\/soymigrante.com\/revista\/wp-content\/uploads\/2024\/09\/park-holding-hands-and-back-of-child-parent-and-2023-11-27-05-05-44-utc-300x300.jpg 300w, https:\/\/soymigrante.com\/revista\/wp-content\/uploads\/2024\/09\/park-holding-hands-and-back-of-child-parent-and-2023-11-27-05-05-44-utc-150x150.jpg 150w, https:\/\/soymigrante.com\/revista\/wp-content\/uploads\/2024\/09\/park-holding-hands-and-back-of-child-parent-and-2023-11-27-05-05-44-utc-768x768.jpg 768w, https:\/\/soymigrante.com\/revista\/wp-content\/uploads\/2024\/09\/park-holding-hands-and-back-of-child-parent-and-2023-11-27-05-05-44-utc-1536x1536.jpg 1536w, https:\/\/soymigrante.com\/revista\/wp-content\/uploads\/2024\/09\/park-holding-hands-and-back-of-child-parent-and-2023-11-27-05-05-44-utc-75x75.webp 75w, https:\/\/soymigrante.com\/revista\/wp-content\/uploads\/2024\/09\/park-holding-hands-and-back-of-child-parent-and-2023-11-27-05-05-44-utc-750x750.webp 750w, https:\/\/soymigrante.com\/revista\/wp-content\/uploads\/2024\/09\/park-holding-hands-and-back-of-child-parent-and-2023-11-27-05-05-44-utc-1140x1140.webp 1140w, https:\/\/soymigrante.com\/revista\/wp-content\/uploads\/2024\/09\/park-holding-hands-and-back-of-child-parent-and-2023-11-27-05-05-44-utc.webp 1717w\" sizes=\"(max-width: 1024px) 100vw, 1024px\" \/>\n            <\/div>\n        <\/div><div class=\"eael-entry-wrapper\"><header class=\"eael-entry-header\"><h2 class=\"eael-entry-title\"><a class=\"eael-grid-post-link\" href=\"https:\/\/soymigrante.com\/revista\/como-apoyar-a-menores-en-caso-de-ausencia-de-padres-migrantes\/\" title=\"C\u00f3mo apoyar a menores en caso de ausencia de padres migrantes\">C\u00f3mo apoyar a menores en caso de ausencia de padres migrantes<\/a><\/h2><\/header><div class=\"eael-entry-content\">\n                        <div class=\"eael-grid-post-excerpt\"><a href=\"https:\/\/soymigrante.com\/revista\/como-apoyar-a-menores-en-caso-de-ausencia-de-padres-migrantes\/\" class=\"eael-post-elements-readmore-btn\">CONOCE SU HISTORIA <\/a><\/div>\n                    <\/div><\/div><\/div>\n        <\/div>\n    <\/article><article class=\"eael-grid-post  eael-post-grid-column eael-pg-post-1413 category-en-familia\" data-id=\"1413\">\n        <div class=\"eael-grid-post-holder\">\n            <div class=\"eael-grid-post-holder-inner\"><div class=\"eael-entry-media\"><div class=\"eael-entry-overlay fade-in\"><i class=\"far fa-hand-pointer\" aria-hidden=\"true\"><\/i><a href=\"https:\/\/soymigrante.com\/revista\/consejos-para-parejas-migrantes-no-discutir-o-tratar-temas-delicados-frente-a-los-hijos\/\"><\/a><\/div><div class=\"eael-entry-thumbnail \">\n                <img loading=\"lazy\" decoding=\"async\" width=\"1024\" height=\"659\" src=\"https:\/\/soymigrante.com\/revista\/wp-content\/uploads\/2023\/06\/Las-discusiones-de-padres-frente-a-los-hijos-son-inconvenientes-y-daninas-2-1024x659.webp\" class=\"attachment-large size-large wp-image-1418\" alt=\"\" srcset=\"https:\/\/soymigrante.com\/revista\/wp-content\/uploads\/2023\/06\/Las-discusiones-de-padres-frente-a-los-hijos-son-inconvenientes-y-daninas-2-1024x659.webp 1024w, https:\/\/soymigrante.com\/revista\/wp-content\/uploads\/2023\/06\/Las-discusiones-de-padres-frente-a-los-hijos-son-inconvenientes-y-daninas-2-300x193.webp 300w, https:\/\/soymigrante.com\/revista\/wp-content\/uploads\/2023\/06\/Las-discusiones-de-padres-frente-a-los-hijos-son-inconvenientes-y-daninas-2-768x494.webp 768w, https:\/\/soymigrante.com\/revista\/wp-content\/uploads\/2023\/06\/Las-discusiones-de-padres-frente-a-los-hijos-son-inconvenientes-y-daninas-2-750x483.webp 750w, https:\/\/soymigrante.com\/revista\/wp-content\/uploads\/2023\/06\/Las-discusiones-de-padres-frente-a-los-hijos-son-inconvenientes-y-daninas-2-1140x734.webp 1140w, https:\/\/soymigrante.com\/revista\/wp-content\/uploads\/2023\/06\/Las-discusiones-de-padres-frente-a-los-hijos-son-inconvenientes-y-daninas-2.webp 1345w\" sizes=\"(max-width: 1024px) 100vw, 1024px\" \/>\n            <\/div>\n        <\/div><div class=\"eael-entry-wrapper\"><header class=\"eael-entry-header\"><h2 class=\"eael-entry-title\"><a class=\"eael-grid-post-link\" href=\"https:\/\/soymigrante.com\/revista\/consejos-para-parejas-migrantes-no-discutir-o-tratar-temas-delicados-frente-a-los-hijos\/\" title=\"Claves para abordar temas y situaciones dif\u00edciles en pareja\">Claves para abordar temas y situaciones dif\u00edciles en pareja<\/a><\/h2><\/header><div class=\"eael-entry-content\">\n                        <div class=\"eael-grid-post-excerpt\"><a href=\"https:\/\/soymigrante.com\/revista\/consejos-para-parejas-migrantes-no-discutir-o-tratar-temas-delicados-frente-a-los-hijos\/\" class=\"eael-post-elements-readmore-btn\">CONOCE SU HISTORIA <\/a><\/div>\n                    <\/div><\/div><\/div>\n        <\/div>\n    <\/article><\/div>\n            <div class=\"clearfix\"><\/div>\n        <\/div>\t\t\t\t<\/div>\n\t\t\t\t\t<\/div>\n\t\t\t\t<\/div>\n\t\t\t\t<\/div>\n\t\t","protected":false},"excerpt":{"rendered":"<p>En algunas familias, el padre est\u00e1 ausente por fallecimiento, separaci\u00f3n, abandono o migraci\u00f3n: estudio analiza efectos emocionales en adolescentes y plantea algunas alternativas. La ausencia paterna en la familia es un fen\u00f3meno social, lamentablemente, muy frecuente que traee siempre consecuencias significativas en el desarrollo adolescente.\u00a0 Seg\u00fan estimaciones estad\u00edsticas, hasta un 25% de hogares enfrenta esta [&hellip;]<\/p>\n","protected":false},"author":7,"featured_media":37800,"comment_status":"open","ping_status":"open","sticky":false,"template":"","format":"standard","meta":{"_acf_changed":false,"_eb_attr":"","footnotes":""},"categories":[259],"tags":[260],"class_list":["post-37799","post","type-post","status-publish","format-standard","has-post-thumbnail","hentry","category-salud-emocional","tag-salud-emocional"],"acf":[],"aioseo_notices":[],"aioseo_head":"\n\t\t<!-- All in One SEO Pro 4.9.6.2 - aioseo.com -->\n\t<meta name=\"description\" content=\"Nunca faltan dificultades, imprevistos y cambios sobre todo en la vida de familias migrantes. El psic\u00f3logo y orientador familiar guatemalteco Roberto L\u00f3pez brinda algunas claves sencillas para enfrentar con di\u00e1logo y asertividad estos momentos. \u00bfQu\u00e9 ocurre cuando los padres hablan de problemas econ\u00f3micos o dificultades de la vida migrante, en presencia de ni\u00f1os? Esto puede\" \/>\n\t<meta name=\"robots\" content=\"max-snippet:-1, max-image-preview:large, max-video-preview:-1\" \/>\n\t<meta name=\"author\" content=\"Gustavo Montenegro\"\/>\n\t<link rel=\"canonical\" href=\"https:\/\/soymigrante.com\/revista\/consejos-para-parejas-migrantes-no-discutir-o-tratar-temas-delicados-frente-a-los-hijos\/\" \/>\n\t<meta name=\"generator\" content=\"All in One SEO Pro (AIOSEO) 4.9.6.2\" \/>\n\n\t\t<link rel=\"preconnect\" href=\"https:\/\/fonts.googleapis.com\" crossorigin>\n<link rel=\"preconnect\" href=\"https:\/\/fonts.gstatic.com\" crossorigin>\n\t\t<meta property=\"og:locale\" content=\"es_ES\" \/>\n\t\t<meta property=\"og:site_name\" content=\"SoyMigrante.com REVISTA \u2013 Nuestra misi\u00f3n es reconocer y dignificar al migrante.\" \/>\n\t\t<meta property=\"og:type\" content=\"article\" \/>\n\t\t<meta property=\"og:title\" content=\"Claves para abordar temas y situaciones dif\u00edciles en pareja\" \/>\n\t\t<meta property=\"og:description\" content=\"Nunca faltan dificultades, imprevistos y cambios sobre todo en la vida de familias migrantes. El psic\u00f3logo y orientador familiar guatemalteco Roberto L\u00f3pez brinda algunas claves sencillas para enfrentar con di\u00e1logo y asertividad estos momentos. \u00bfQu\u00e9 ocurre cuando los padres hablan de problemas econ\u00f3micos o dificultades de la vida migrante, en presencia de ni\u00f1os? Esto puede\" \/>\n\t\t<meta property=\"og:url\" content=\"https:\/\/soymigrante.com\/revista\/consejos-para-parejas-migrantes-no-discutir-o-tratar-temas-delicados-frente-a-los-hijos\/\" \/>\n\t\t<meta property=\"og:image\" content=\"https:\/\/soymigrante.com\/revista\/wp-content\/uploads\/2023\/06\/Las-discusiones-de-padres-frente-a-los-hijos-son-inconvenientes-y-daninas-2.webp\" \/>\n\t\t<meta property=\"og:image:secure_url\" content=\"https:\/\/soymigrante.com\/revista\/wp-content\/uploads\/2023\/06\/Las-discusiones-de-padres-frente-a-los-hijos-son-inconvenientes-y-daninas-2.webp\" \/>\n\t\t<meta property=\"og:image:width\" content=\"1345\" \/>\n\t\t<meta property=\"og:image:height\" content=\"866\" \/>\n\t\t<meta property=\"article:published_time\" content=\"2023-06-16T17:44:03+00:00\" \/>\n\t\t<meta property=\"article:modified_time\" content=\"2025-08-28T05:44:02+00:00\" \/>\n\t\t<meta property=\"article:publisher\" content=\"https:\/\/www.facebook.com\/soymigrantecom\" \/>\n\t\t<meta name=\"twitter:card\" content=\"summary_large_image\" \/>\n\t\t<meta name=\"twitter:site\" content=\"@SoyMigrante_com\" \/>\n\t\t<meta name=\"twitter:title\" content=\"Claves para abordar temas y situaciones dif\u00edciles en pareja\" \/>\n\t\t<meta name=\"twitter:description\" content=\"Nunca faltan dificultades, imprevistos y cambios sobre todo en la vida de familias migrantes. El psic\u00f3logo y orientador familiar guatemalteco Roberto L\u00f3pez brinda algunas claves sencillas para enfrentar con di\u00e1logo y asertividad estos momentos. \u00bfQu\u00e9 ocurre cuando los padres hablan de problemas econ\u00f3micos o dificultades de la vida migrante, en presencia de ni\u00f1os? Esto puede\" \/>\n\t\t<meta name=\"twitter:creator\" content=\"@SoyMigrante_com\" \/>\n\t\t<meta name=\"twitter:image\" content=\"https:\/\/soymigrante.com\/revista\/wp-content\/uploads\/2023\/06\/Las-discusiones-de-padres-frente-a-los-hijos-son-inconvenientes-y-daninas-2.webp\" \/>\n\t\t<!-- All in One SEO Pro -->\r\n\t\t<title>Claves para abordar temas y situaciones dif\u00edciles en pareja<\/title>\n\n","aioseo_head_json":{"title":"Claves para abordar temas y situaciones dif\u00edciles en pareja","description":"Nunca faltan dificultades, imprevistos y cambios sobre todo en la vida de familias migrantes. El psic\u00f3logo y orientador familiar guatemalteco Roberto L\u00f3pez brinda algunas claves sencillas para enfrentar con di\u00e1logo y asertividad estos momentos. \u00bfQu\u00e9 ocurre cuando los padres hablan de problemas econ\u00f3micos o dificultades de la vida migrante, en presencia de ni\u00f1os? Esto puede","canonical_url":"https:\/\/soymigrante.com\/revista\/consejos-para-parejas-migrantes-no-discutir-o-tratar-temas-delicados-frente-a-los-hijos\/","robots":"max-snippet:-1, max-image-preview:large, max-video-preview:-1","keywords":"","webmasterTools":{"miscellaneous":"&lt;link rel=\"preconnect\" href=\"https:\/\/fonts.googleapis.com\" crossorigin&gt;\n&lt;link rel=\"preconnect\" href=\"https:\/\/fonts.gstatic.com\" crossorigin&gt;"},"schema":null,"og:locale":"es_ES","og:site_name":"SoyMigrante.com REVISTA \u2013 Nuestra misi\u00f3n es reconocer y dignificar al migrante.","og:type":"article","og:title":"Claves para abordar temas y situaciones dif\u00edciles en pareja","og:description":"Nunca faltan dificultades, imprevistos y cambios sobre todo en la vida de familias migrantes. El psic\u00f3logo y orientador familiar guatemalteco Roberto L\u00f3pez brinda algunas claves sencillas para enfrentar con di\u00e1logo y asertividad estos momentos. \u00bfQu\u00e9 ocurre cuando los padres hablan de problemas econ\u00f3micos o dificultades de la vida migrante, en presencia de ni\u00f1os? Esto puede","og:url":"https:\/\/soymigrante.com\/revista\/consejos-para-parejas-migrantes-no-discutir-o-tratar-temas-delicados-frente-a-los-hijos\/","og:image":"https:\/\/soymigrante.com\/revista\/wp-content\/uploads\/2023\/06\/Las-discusiones-de-padres-frente-a-los-hijos-son-inconvenientes-y-daninas-2.webp","og:image:secure_url":"https:\/\/soymigrante.com\/revista\/wp-content\/uploads\/2023\/06\/Las-discusiones-de-padres-frente-a-los-hijos-son-inconvenientes-y-daninas-2.webp","og:image:width":1345,"og:image:height":866,"article:published_time":"2023-06-16T17:44:03+00:00","article:modified_time":"2025-08-28T05:44:02+00:00","article:publisher":"https:\/\/www.facebook.com\/soymigrantecom","twitter:card":"summary_large_image","twitter:site":"@SoyMigrante_com","twitter:title":"Claves para abordar temas y situaciones dif\u00edciles en pareja","twitter:description":"Nunca faltan dificultades, imprevistos y cambios sobre todo en la vida de familias migrantes. El psic\u00f3logo y orientador familiar guatemalteco Roberto L\u00f3pez brinda algunas claves sencillas para enfrentar con di\u00e1logo y asertividad estos momentos. \u00bfQu\u00e9 ocurre cuando los padres hablan de problemas econ\u00f3micos o dificultades de la vida migrante, en presencia de ni\u00f1os? Esto puede","twitter:creator":"@SoyMigrante_com","twitter:image":"https:\/\/soymigrante.com\/revista\/wp-content\/uploads\/2023\/06\/Las-discusiones-de-padres-frente-a-los-hijos-son-inconvenientes-y-daninas-2.webp"},"aioseo_meta_data":{"post_id":"37799","title":null,"description":"En algunas familias, el padre est\u00e1 ausente por fallecimiento, separaci\u00f3n o migraci\u00f3n: estudio analiza efectos emocionales en adolescentes y plantea acciones.","keywords":null,"keyphrases":{"focus":{"keyphrase":"Ausencia paterna","score":91,"analysis":{"keyphraseInTitle":{"score":9,"maxScore":9,"error":0},"keyphraseInDescription":{"score":3,"maxScore":9,"error":1},"keyphraseLength":{"score":9,"maxScore":9,"error":0,"length":2},"keyphraseInURL":{"score":5,"maxScore":5,"error":0},"keyphraseInIntroduction":{"score":9,"maxScore":9,"error":0},"keyphraseInSubHeadings":{"score":9,"maxScore":9,"error":0},"keyphraseInImageAlt":{"score":9,"maxScore":9,"error":0},"keywordDensity":{"type":"best","score":9,"maxScore":9,"error":0}}},"additional":[{"keyphrase":"Adolescentes","score":73,"analysis":{"keyphraseInDescription":{"score":9,"maxScore":9,"error":0},"keyphraseLength":{"score":9,"maxScore":9,"error":0,"length":1},"keyphraseInIntroduction":{"score":3,"maxScore":9,"error":1},"keyphraseInImageAlt":{"score":3,"maxScore":9,"error":1},"keywordDensity":{"type":"best","score":9,"maxScore":9,"error":0}}},{"keyphrase":"Familia","score":87,"analysis":{"keyphraseInDescription":{"score":3,"maxScore":9,"error":1},"keyphraseLength":{"score":9,"maxScore":9,"error":0,"length":1},"keyphraseInIntroduction":{"score":9,"maxScore":9,"error":0},"keyphraseInImageAlt":{"score":9,"maxScore":9,"error":0},"keywordDensity":{"type":"best","score":9,"maxScore":9,"error":0}}},{"keyphrase":"Pap\u00e1","score":40,"analysis":{"keyphraseInDescription":{"score":3,"maxScore":9,"error":1},"keyphraseLength":{"score":9,"maxScore":9,"error":0,"length":1},"keyphraseInIntroduction":{"score":3,"maxScore":9,"error":1},"keyphraseInImageAlt":{"score":3,"maxScore":9,"error":1},"keywordDensity":{"score":0,"type":"low","maxScore":9,"error":1}}}]},"primary_term":null,"canonical_url":null,"og_title":null,"og_description":null,"og_object_type":"default","og_image_type":"default","og_image_url":null,"og_image_width":null,"og_image_height":null,"og_image_custom_url":null,"og_image_custom_fields":null,"og_video":"","og_custom_url":null,"og_article_section":null,"og_article_tags":null,"twitter_use_og":false,"twitter_card":"default","twitter_image_type":"default","twitter_image_url":null,"twitter_image_custom_url":null,"twitter_image_custom_fields":null,"twitter_title":null,"twitter_description":null,"schema":{"blockGraphs":[],"customGraphs":[],"default":{"data":{"Article":[],"Course":[],"Dataset":[],"FAQPage":[],"Movie":[],"Person":[],"Product":[],"ProductReview":[],"Car":[],"Recipe":[],"Service":[],"SoftwareApplication":[],"WebPage":[]},"graphName":"none","isEnabled":true},"graphs":[]},"schema_type":"default","schema_type_options":null,"pillar_content":false,"robots_default":true,"robots_noindex":false,"robots_noarchive":false,"robots_nosnippet":false,"robots_nofollow":false,"robots_noimageindex":false,"robots_noodp":false,"robots_notranslate":false,"robots_max_snippet":"-1","robots_max_videopreview":"-1","robots_max_imagepreview":"large","priority":null,"frequency":"default","local_seo":null,"seo_analyzer_scan_date":"2025-10-09 06:12:21","breadcrumb_settings":null,"limit_modified_date":false,"reviewed_by":"0","open_ai":null,"ai":{"faqs":[],"keyPoints":[],"titles":[],"descriptions":[],"socialPosts":{"email":[],"linkedin":[],"twitter":[],"facebook":[],"instagram":[]}},"created":"2025-06-25 21:22:09","updated":"2026-02-05 01:19:31"},"aioseo_breadcrumb":"<div class=\"aioseo-breadcrumbs\"><span class=\"aioseo-breadcrumb\">\n\t<a href=\"https:\/\/soymigrante.com\/revista\" title=\"Home\">Home<\/a>\n<\/span><span class=\"aioseo-breadcrumb-separator\">\u00bb<\/span><span class=\"aioseo-breadcrumb\">\n\t<a href=\"https:\/\/soymigrante.com\/revista\/category\/bienestar\/\" title=\"Bienestar\">Bienestar<\/a>\n<\/span><span class=\"aioseo-breadcrumb-separator\">\u00bb<\/span><span class=\"aioseo-breadcrumb\">\n\t<a href=\"https:\/\/soymigrante.com\/revista\/category\/bienestar\/salud-emocional\/\" title=\"Salud Emocional\">Salud Emocional<\/a>\n<\/span><span class=\"aioseo-breadcrumb-separator\">\u00bb<\/span><span class=\"aioseo-breadcrumb\">\n\t\u00bfC\u00f3mo afecta a los adolescentes la ausencia paterna ?\n<\/span><\/div>","aioseo_breadcrumb_json":[{"label":"Home","link":"https:\/\/soymigrante.com\/revista"},{"label":"Bienestar","link":"https:\/\/soymigrante.com\/revista\/category\/bienestar\/"},{"label":"Salud Emocional","link":"https:\/\/soymigrante.com\/revista\/category\/bienestar\/salud-emocional\/"},{"label":"\u00bfC\u00f3mo afecta a los adolescentes la ausencia paterna ?","link":"https:\/\/soymigrante.com\/revista\/como-afecta-a-los-adolescentes-la-ausencia-paterna\/"}],"_links":{"self":[{"href":"https:\/\/soymigrante.com\/revista\/wp-json\/wp\/v2\/posts\/37799","targetHints":{"allow":["GET"]}}],"collection":[{"href":"https:\/\/soymigrante.com\/revista\/wp-json\/wp\/v2\/posts"}],"about":[{"href":"https:\/\/soymigrante.com\/revista\/wp-json\/wp\/v2\/types\/post"}],"author":[{"embeddable":true,"href":"https:\/\/soymigrante.com\/revista\/wp-json\/wp\/v2\/users\/7"}],"replies":[{"embeddable":true,"href":"https:\/\/soymigrante.com\/revista\/wp-json\/wp\/v2\/comments?post=37799"}],"version-history":[{"count":6,"href":"https:\/\/soymigrante.com\/revista\/wp-json\/wp\/v2\/posts\/37799\/revisions"}],"predecessor-version":[{"id":42830,"href":"https:\/\/soymigrante.com\/revista\/wp-json\/wp\/v2\/posts\/37799\/revisions\/42830"}],"wp:featuredmedia":[{"embeddable":true,"href":"https:\/\/soymigrante.com\/revista\/wp-json\/wp\/v2\/media\/37800"}],"wp:attachment":[{"href":"https:\/\/soymigrante.com\/revista\/wp-json\/wp\/v2\/media?parent=37799"}],"wp:term":[{"taxonomy":"category","embeddable":true,"href":"https:\/\/soymigrante.com\/revista\/wp-json\/wp\/v2\/categories?post=37799"},{"taxonomy":"post_tag","embeddable":true,"href":"https:\/\/soymigrante.com\/revista\/wp-json\/wp\/v2\/tags?post=37799"}],"curies":[{"name":"wp","href":"https:\/\/api.w.org\/{rel}","templated":true}]}}