{"id":37766,"date":"2025-06-25T15:13:32","date_gmt":"2025-06-25T21:13:32","guid":{"rendered":"https:\/\/soymigrante.com\/revista\/?p=37766"},"modified":"2025-06-25T15:13:41","modified_gmt":"2025-06-25T21:13:41","slug":"migrantes-guatemaltecos-festejan-avance-de-seleccion-en-copa-oro","status":"publish","type":"post","link":"https:\/\/soymigrante.com\/revista\/migrantes-guatemaltecos-festejan-avance-de-seleccion-en-copa-oro\/","title":{"rendered":"Migrantes guatemaltecos festejan avance de Selecci\u00f3n en Copa Oro"},"content":{"rendered":"\t\t<div data-elementor-type=\"wp-post\" data-elementor-id=\"37766\" class=\"elementor elementor-37766\" data-elementor-post-type=\"post\">\n\t\t\t\t<div data-particle_enable=\"false\" data-particle-mobile-disabled=\"false\" class=\"elementor-element elementor-element-9bc8923 e-flex e-con-boxed e-con e-parent\" data-id=\"9bc8923\" data-element_type=\"container\" data-e-type=\"container\">\n\t\t\t\t\t<div class=\"e-con-inner\">\n\t\t\t\t<div class=\"elementor-element elementor-element-991d335 elementor-widget elementor-widget-heading\" data-id=\"991d335\" data-element_type=\"widget\" data-e-type=\"widget\" data-widget_type=\"heading.default\">\n\t\t\t\t\t<h2 class=\"elementor-heading-title elementor-size-default\">Los migrantes guatemaltecos celebraron en el estadio, en las casas y en las redes, tras avanzar en la Copa Oro.<\/h2>\t\t\t\t<\/div>\n\t\t\t\t\t<\/div>\n\t\t\t\t<\/div>\n\t\t<div data-particle_enable=\"false\" data-particle-mobile-disabled=\"false\" class=\"elementor-element elementor-element-930c97f e-flex e-con-boxed e-con e-parent\" data-id=\"930c97f\" data-element_type=\"container\" data-e-type=\"container\">\n\t\t\t\t\t<div class=\"e-con-inner\">\n\t\t\t\t<div class=\"elementor-element elementor-element-3fbc4c7 elementor-widget elementor-widget-text-editor\" data-id=\"3fbc4c7\" data-element_type=\"widget\" data-e-type=\"widget\" data-widget_type=\"text-editor.default\">\n\t\t\t\t\t\t\t\t\t<p><a href=\"https:\/\/soymigrante.com\/revista\/mynor-osorio-es-gerente-de-mantenimiento-de-edificio-hincha-y-actor-en-new-york\/\" target=\"_blank\" rel=\"noopener\">El coraz\u00f3n de los migrantes guatemaltecos lati\u00f3 con fuerza en redes sociales este martes por la noche,<\/a> cuando la Selecci\u00f3n Nacional logr\u00f3 imponerse 3\u20112 ante Guadalupe en Houston, asegurando su pase a los cuartos de final de la Copa Oro 2025. La vibrante celebraci\u00f3n virtual refleja la intensa conexi\u00f3n emocional entre la poblaci\u00f3n guatemalteca y el combinado nacional.<\/p>\t\t\t\t\t\t\t\t<\/div>\n\t\t\t\t\t<\/div>\n\t\t\t\t<\/div>\n\t\t<div data-particle_enable=\"false\" data-particle-mobile-disabled=\"false\" class=\"elementor-element elementor-element-015f5c9 e-flex e-con-boxed e-con e-parent\" data-id=\"015f5c9\" data-element_type=\"container\" data-e-type=\"container\">\n\t\t\t\t\t<div class=\"e-con-inner\">\n\t\t\t\t<div class=\"elementor-element elementor-element-f041f5f elementor-widget elementor-widget-heading\" data-id=\"f041f5f\" data-element_type=\"widget\" data-e-type=\"widget\" data-widget_type=\"heading.default\">\n\t\t\t\t\t<h3 class=\"elementor-heading-title elementor-size-default\">Reacci\u00f3n inmediata: orgullo e inundaci\u00f3n de memes<\/h3>\t\t\t\t<\/div>\n\t\t\t\t\t<\/div>\n\t\t\t\t<\/div>\n\t\t<div data-particle_enable=\"false\" data-particle-mobile-disabled=\"false\" class=\"elementor-element elementor-element-242e582 e-flex e-con-boxed e-con e-parent\" data-id=\"242e582\" data-element_type=\"container\" data-e-type=\"container\">\n\t\t\t\t\t<div class=\"e-con-inner\">\n\t\t\t\t<div class=\"elementor-element elementor-element-16dbba3 elementor-widget elementor-widget-text-editor\" data-id=\"16dbba3\" data-element_type=\"widget\" data-e-type=\"widget\" data-widget_type=\"text-editor.default\">\n\t\t\t\t\t\t\t\t\t<p>Desde el pitazo final, Twitter, Facebook e Instagram se vieron inundados de publicaciones expresando orgullo, emoci\u00f3n y humor chap\u00edn. <a href=\"https:\/\/soymigrante.com\/revista\/mynor-osorio-es-gerente-de-mantenimiento-de-edificio-hincha-y-actor-en-new-york\/\" target=\"_blank\" rel=\"noopener\">Los memes no se hicieron esperar, con plantillas creativas que alud\u00edan a \u201cGuate devolvi\u00e9ndole el golpe\u201d<\/a> y a la hist\u00f3rica remontada como si se viviera un cl\u00e1sico centroamericano.<\/p><p>En TikTok, algunos usuarios compartieron celebraciones familiares frente al televisor, con aplausos y c\u00e1nticos de \u201c\u00a1Vamos Guate!\u201d que resonaron en toda la comunidad guatemalteca, dentro y fuera del pa\u00eds.<\/p>\t\t\t\t\t\t\t\t<\/div>\n\t\t\t\t\t<\/div>\n\t\t\t\t<\/div>\n\t\t<div data-particle_enable=\"false\" data-particle-mobile-disabled=\"false\" class=\"elementor-element elementor-element-e9f3335 e-flex e-con-boxed e-con e-parent\" data-id=\"e9f3335\" data-element_type=\"container\" data-e-type=\"container\">\n\t\t\t\t\t<div class=\"e-con-inner\">\n\t\t\t\t<div class=\"elementor-element elementor-element-2ee8b7c elementor-invisible elementor-widget elementor-widget-facebook-embed\" data-id=\"2ee8b7c\" data-element_type=\"widget\" data-e-type=\"widget\" data-settings=\"{&quot;_animation&quot;:&quot;zoomInDown&quot;}\" data-widget_type=\"facebook-embed.default\">\n\t\t\t\t\t<div style=\"min-height: 1px\" class=\"elementor-facebook-widget fb-video\" data-href=\"https:\/\/www.facebook.com\/fam.marcos.2025\/videos\/737508275472623\" data-show-text=\"false\" data-allowfullscreen=\"false\" data-autoplay=\"false\" data-show-captions=\"false\"><\/div>\t\t\t\t<\/div>\n\t\t\t\t\t<\/div>\n\t\t\t\t<\/div>\n\t\t<div data-particle_enable=\"false\" data-particle-mobile-disabled=\"false\" class=\"elementor-element elementor-element-c0941c0 e-flex e-con-boxed e-con e-parent\" data-id=\"c0941c0\" data-element_type=\"container\" data-e-type=\"container\">\n\t\t\t\t\t<div class=\"e-con-inner\">\n\t\t\t\t<div class=\"elementor-element elementor-element-3575eed elementor-widget elementor-widget-heading\" data-id=\"3575eed\" data-element_type=\"widget\" data-e-type=\"widget\" data-widget_type=\"heading.default\">\n\t\t\t\t\t<h3 class=\"elementor-heading-title elementor-size-default\">Destellos sobre la cancha: juego heroico y figura emergente<\/h3>\t\t\t\t<\/div>\n\t\t\t\t\t<\/div>\n\t\t\t\t<\/div>\n\t\t<div data-particle_enable=\"false\" data-particle-mobile-disabled=\"false\" class=\"elementor-element elementor-element-0fb0a95 e-flex e-con-boxed e-con e-parent\" data-id=\"0fb0a95\" data-element_type=\"container\" data-e-type=\"container\">\n\t\t\t\t\t<div class=\"e-con-inner\">\n\t\t\t\t<div class=\"elementor-element elementor-element-a0cdb73 elementor-widget elementor-widget-text-editor\" data-id=\"a0cdb73\" data-element_type=\"widget\" data-e-type=\"widget\" data-widget_type=\"text-editor.default\">\n\t\t\t\t\t\t\t\t\t<p>El triunfo se ciment\u00f3 con una exhibici\u00f3n de coraz\u00f3n: Jos\u00e9 Pinto inaugur\u00f3 el marcador desde el punto penal, Olger Escobar (18 a\u00f1os, de Boston) puso el 2\u20110 con un espectacular globito, y Rubio Rubin sell\u00f3 la victoria con un tanto de pecho. El apoyo en Houston fue tan fuerte que muchos describieron el estadio como \u201csucursal de Guatemala\u201d.<\/p>\t\t\t\t\t\t\t\t<\/div>\n\t\t\t\t\t<\/div>\n\t\t\t\t<\/div>\n\t\t<div data-particle_enable=\"false\" data-particle-mobile-disabled=\"false\" class=\"elementor-element elementor-element-bc40ba2 e-flex e-con-boxed e-con e-parent\" data-id=\"bc40ba2\" data-element_type=\"container\" data-e-type=\"container\">\n\t\t\t\t\t<div class=\"e-con-inner\">\n\t\t\t\t<div class=\"elementor-element elementor-element-154876a elementor-invisible elementor-widget elementor-widget-facebook-embed\" data-id=\"154876a\" data-element_type=\"widget\" data-e-type=\"widget\" data-settings=\"{&quot;_animation&quot;:&quot;zoomInDown&quot;}\" data-widget_type=\"facebook-embed.default\">\n\t\t\t\t\t<div style=\"min-height: 1px\" class=\"elementor-facebook-widget fb-video\" data-href=\"https:\/\/www.facebook.com\/fam.marcos.2025\/videos\/739371058557257\" data-show-text=\"false\" data-allowfullscreen=\"false\" data-autoplay=\"false\" data-show-captions=\"false\"><\/div>\t\t\t\t<\/div>\n\t\t\t\t\t<\/div>\n\t\t\t\t<\/div>\n\t\t<div data-particle_enable=\"false\" data-particle-mobile-disabled=\"false\" class=\"elementor-element elementor-element-28f69fe e-flex e-con-boxed e-con e-parent\" data-id=\"28f69fe\" data-element_type=\"container\" data-e-type=\"container\">\n\t\t\t\t\t<div class=\"e-con-inner\">\n\t\t\t\t<div class=\"elementor-element elementor-element-bfc31a0 elementor-widget elementor-widget-heading\" data-id=\"bfc31a0\" data-element_type=\"widget\" data-e-type=\"widget\" data-widget_type=\"heading.default\">\n\t\t\t\t\t<h3 class=\"elementor-heading-title elementor-size-default\">Fans: el verdadero motor del triunfo<\/h3>\t\t\t\t<\/div>\n\t\t\t\t\t<\/div>\n\t\t\t\t<\/div>\n\t\t<div data-particle_enable=\"false\" data-particle-mobile-disabled=\"false\" class=\"elementor-element elementor-element-535d2e9 e-flex e-con-boxed e-con e-parent\" data-id=\"535d2e9\" data-element_type=\"container\" data-e-type=\"container\">\n\t\t\t\t\t<div class=\"e-con-inner\">\n\t\t\t\t<div class=\"elementor-element elementor-element-a92ccb6 elementor-widget elementor-widget-text-editor\" data-id=\"a92ccb6\" data-element_type=\"widget\" data-e-type=\"widget\" data-widget_type=\"text-editor.default\">\n\t\t\t\t\t\t\t\t\t<p><a href=\"https:\/\/soymigrante.com\/revista\/mynor-osorio-es-gerente-de-mantenimiento-de-edificio-hincha-y-actor-en-new-york\/\" target=\"_blank\" rel=\"noopener\">El impacto de los aficionados fue resaltado por medios internacionales<\/a>: \u201cCada partido se siente como un partido de local\u2026 nos dan ese extra empuj\u00f3n\u201d, coment\u00f3 Nathaniel M\u00e9ndez\u2011Laing tras la goleada. La hinchada envi\u00f3 miles de mensajes de \u00e1nimo y llen\u00f3 los estadios estadounidenses con banderas azul y blanco, tambores y c\u00e1nticos tradicionales.<\/p>\t\t\t\t\t\t\t\t<\/div>\n\t\t\t\t\t<\/div>\n\t\t\t\t<\/div>\n\t\t<div data-particle_enable=\"false\" data-particle-mobile-disabled=\"false\" class=\"elementor-element elementor-element-73595b0 e-flex e-con-boxed e-con e-parent\" data-id=\"73595b0\" data-element_type=\"container\" data-e-type=\"container\">\n\t\t\t\t\t<div class=\"e-con-inner\">\n\t\t\t\t<div class=\"elementor-element elementor-element-52c08df elementor-invisible elementor-widget elementor-widget-facebook-embed\" data-id=\"52c08df\" data-element_type=\"widget\" data-e-type=\"widget\" data-settings=\"{&quot;_animation&quot;:&quot;zoomInDown&quot;}\" data-widget_type=\"facebook-embed.default\">\n\t\t\t\t\t<div style=\"min-height: 1px\" class=\"elementor-facebook-widget fb-post\" data-href=\"https:\/\/www.facebook.com\/photo\/?fbid=1192826692648773&#038;set=a.701919721739475\" data-show-text=\"false\"><\/div>\t\t\t\t<\/div>\n\t\t\t\t\t<\/div>\n\t\t\t\t<\/div>\n\t\t<div data-particle_enable=\"false\" data-particle-mobile-disabled=\"false\" class=\"elementor-element elementor-element-053a13f e-flex e-con-boxed e-con e-parent\" data-id=\"053a13f\" data-element_type=\"container\" data-e-type=\"container\">\n\t\t\t\t\t<div class=\"e-con-inner\">\n\t\t\t\t<div class=\"elementor-element elementor-element-f94575b elementor-widget elementor-widget-heading\" data-id=\"f94575b\" data-element_type=\"widget\" data-e-type=\"widget\" data-widget_type=\"heading.default\">\n\t\t\t\t\t<h3 class=\"elementor-heading-title elementor-size-default\">Pr\u00f3ximo reto: \u00bfCanad\u00e1 o curiosidad renovada?<\/h3>\t\t\t\t<\/div>\n\t\t\t\t\t<\/div>\n\t\t\t\t<\/div>\n\t\t<div data-particle_enable=\"false\" data-particle-mobile-disabled=\"false\" class=\"elementor-element elementor-element-7586829 e-flex e-con-boxed e-con e-parent\" data-id=\"7586829\" data-element_type=\"container\" data-e-type=\"container\">\n\t\t\t\t\t<div class=\"e-con-inner\">\n\t\t\t\t<div class=\"elementor-element elementor-element-5ba2858 elementor-widget elementor-widget-text-editor\" data-id=\"5ba2858\" data-element_type=\"widget\" data-e-type=\"widget\" data-widget_type=\"text-editor.default\">\n\t\t\t\t\t\t\t\t\t<p>Con el triunfo, Guatemala finaliz\u00f3 segunda del Grupo C con seis puntos, detr\u00e1s de Panam\u00e1. En cuartos de final se enfrentar\u00e1n al l\u00edder del Grupo B: Canad\u00e1, que se consagr\u00f3 con victoria sobre El Salvador. El partido ser\u00e1 el domingo en Minneapolis, aunque hora y estadio a\u00fan ser\u00e1n confirmados por CONCACAF.<\/p><p><a href=\"https:\/\/soymigrante.com\/revista\/mynor-osorio-es-gerente-de-mantenimiento-de-edificio-hincha-y-actor-en-new-york\/\" target=\"_blank\" rel=\"noopener\">En resumen, las redes sociales se convirtieron en el altavoz del orgullo nacional<\/a>: emojis de coraz\u00f3n azul, mensajes de apoyo incondicional y memes picosos acompa\u00f1aron a la selecci\u00f3n en su camino a cuartos. Ahora, la mirada se dirige con esperanza hacia el duelo con Canad\u00e1, con el mismo fervor y \u00e1nimo que llevaron al equipo a conquistar Houston.<\/p>\t\t\t\t\t\t\t\t<\/div>\n\t\t\t\t\t<\/div>\n\t\t\t\t<\/div>\n\t\t<div data-particle_enable=\"false\" data-particle-mobile-disabled=\"false\" class=\"elementor-element elementor-element-4d3daea e-flex e-con-boxed e-con e-parent\" data-id=\"4d3daea\" data-element_type=\"container\" data-e-type=\"container\">\n\t\t\t\t\t<div class=\"e-con-inner\">\n\t\t\t\t<div class=\"elementor-element elementor-element-4869e32 elementor-invisible elementor-widget elementor-widget-facebook-embed\" data-id=\"4869e32\" data-element_type=\"widget\" data-e-type=\"widget\" data-settings=\"{&quot;_animation&quot;:&quot;zoomInDown&quot;}\" data-widget_type=\"facebook-embed.default\">\n\t\t\t\t\t<div style=\"min-height: 1px\" class=\"elementor-facebook-widget fb-video\" data-href=\"https:\/\/www.facebook.com\/watch\/?ref=search&#038;v=1251633769851051&#038;external_log_id=acae63df-76b4-452c-9168-4a15d9bb4bfb&#038;q=guatemala%20vrs%20guadalupe%20desde%20el%20estadio\" data-show-text=\"false\" data-allowfullscreen=\"false\" data-autoplay=\"false\" data-show-captions=\"false\"><\/div>\t\t\t\t<\/div>\n\t\t\t\t\t<\/div>\n\t\t\t\t<\/div>\n\t\t<div data-particle_enable=\"false\" data-particle-mobile-disabled=\"false\" class=\"elementor-element elementor-element-6a5a8fb e-flex e-con-boxed e-con e-parent\" data-id=\"6a5a8fb\" data-element_type=\"container\" data-e-type=\"container\">\n\t\t\t\t\t<div class=\"e-con-inner\">\n\t\t\t\t<div class=\"elementor-element elementor-element-5879f4f elementor-widget elementor-widget-heading\" data-id=\"5879f4f\" data-element_type=\"widget\" data-e-type=\"widget\" data-widget_type=\"heading.default\">\n\t\t\t\t\t<h2 class=\"elementor-heading-title elementor-size-default\">Esto te puede interesar...<\/h2>\t\t\t\t<\/div>\n\t\t\t\t\t<\/div>\n\t\t\t\t<\/div>\n\t\t<div data-particle_enable=\"false\" data-particle-mobile-disabled=\"false\" class=\"elementor-element elementor-element-1b5ba8d e-flex e-con-boxed e-con e-parent\" data-id=\"1b5ba8d\" data-element_type=\"container\" data-e-type=\"container\">\n\t\t\t\t\t<div class=\"e-con-inner\">\n\t\t\t\t<div class=\"elementor-element elementor-element-1495647 elementor-grid-eael-col-3 elementor-grid-tablet-eael-col-2 elementor-grid-mobile-eael-col-1 elementor-invisible elementor-widget elementor-widget-eael-post-grid\" data-id=\"1495647\" data-element_type=\"widget\" data-e-type=\"widget\" data-settings=\"{&quot;eael_post_grid_columns&quot;:&quot;eael-col-3&quot;,&quot;_animation&quot;:&quot;rollIn&quot;,&quot;eael_post_grid_columns_tablet&quot;:&quot;eael-col-2&quot;,&quot;eael_post_grid_columns_mobile&quot;:&quot;eael-col-1&quot;}\" data-widget_type=\"eael-post-grid.default\">\n\t\t\t\t\t<div id=\"eael-post-grid-1495647\" class=\"eael-post-grid-container\">\n            <div class=\"eael-post-grid eael-post-appender eael-post-appender-1495647 eael-post-grid-style-one\" data-layout-mode=\"masonry\"><article class=\"eael-grid-post  eael-post-grid-column eael-pg-post-7169 category-exitos-guatemala\" data-id=\"7169\">\n        <div class=\"eael-grid-post-holder\">\n            <div class=\"eael-grid-post-holder-inner\"><div class=\"eael-entry-media\"><div class=\"eael-entry-overlay fade-in\"><i class=\"far fa-hand-pointer\" aria-hidden=\"true\"><\/i><a href=\"https:\/\/soymigrante.com\/revista\/el-sueno-de-la-familia-solis-tiene-madera-futbol-y-fe-en-dios\/\"><\/a><\/div><div class=\"eael-entry-thumbnail \">\n                <img fetchpriority=\"high\" decoding=\"async\" width=\"1016\" height=\"1016\" src=\"https:\/\/soymigrante.com\/revista\/wp-content\/uploads\/2024\/06\/familia-solis-hamilton-alex-sonia-y-jared-1.webp\" class=\"attachment-large size-large wp-image-30395\" alt=\"Personas migrantes en un campo deportivo en la tarde, mostrando integraci\u00f3n y comunidad.\" srcset=\"https:\/\/soymigrante.com\/revista\/wp-content\/uploads\/2024\/06\/familia-solis-hamilton-alex-sonia-y-jared-1.webp 1016w, https:\/\/soymigrante.com\/revista\/wp-content\/uploads\/2024\/06\/familia-solis-hamilton-alex-sonia-y-jared-1-300x300.jpg 300w, https:\/\/soymigrante.com\/revista\/wp-content\/uploads\/2024\/06\/familia-solis-hamilton-alex-sonia-y-jared-1-150x150.jpg 150w, https:\/\/soymigrante.com\/revista\/wp-content\/uploads\/2024\/06\/familia-solis-hamilton-alex-sonia-y-jared-1-768x768.jpg 768w, https:\/\/soymigrante.com\/revista\/wp-content\/uploads\/2024\/06\/familia-solis-hamilton-alex-sonia-y-jared-1-75x75.webp 75w, https:\/\/soymigrante.com\/revista\/wp-content\/uploads\/2024\/06\/familia-solis-hamilton-alex-sonia-y-jared-1-750x750.webp 750w\" sizes=\"(max-width: 1016px) 100vw, 1016px\" \/>\n            <\/div>\n        <\/div><div class=\"eael-entry-wrapper\"><header class=\"eael-entry-header\"><h2 class=\"eael-entry-title\"><a class=\"eael-grid-post-link\" href=\"https:\/\/soymigrante.com\/revista\/el-sueno-de-la-familia-solis-tiene-madera-futbol-y-fe-en-dios\/\" title=\"Sue\u00f1o futbol\u00edstico de la familia Sol\u00eds en Missouri sigue creciendo con fe en Dios\">Sue\u00f1o futbol\u00edstico de la familia Sol\u00eds en Missouri sigue creciendo con fe en Dios<\/a><\/h2><\/header><div class=\"eael-entry-content\">\n                        <div class=\"eael-grid-post-excerpt\"><a href=\"https:\/\/soymigrante.com\/revista\/el-sueno-de-la-familia-solis-tiene-madera-futbol-y-fe-en-dios\/\" class=\"eael-post-elements-readmore-btn\">CONOCE SU HISTORIA <\/a><\/div>\n                    <\/div><\/div><\/div>\n        <\/div>\n    <\/article><article class=\"eael-grid-post  eael-post-grid-column eael-pg-post-29105 category-exitos-guatemala\" data-id=\"29105\">\n        <div class=\"eael-grid-post-holder\">\n            <div class=\"eael-grid-post-holder-inner\"><div class=\"eael-entry-media\"><div class=\"eael-entry-overlay fade-in\"><i class=\"far fa-hand-pointer\" aria-hidden=\"true\"><\/i><a href=\"https:\/\/soymigrante.com\/revista\/exfutbolista-y-entrenador-mazateco-miguel-coronado-forma-talentos-en-los-angeles\/\"><\/a><\/div><div class=\"eael-entry-thumbnail \">\n                <img decoding=\"async\" width=\"966\" height=\"966\" src=\"https:\/\/soymigrante.com\/revista\/wp-content\/uploads\/2025\/03\/miguel-coronado-migrante-futbolista-24.webp\" class=\"attachment-large size-large wp-image-29134\" alt=\"FOTO DE UN HOMBRE SONRIENTE Y CON MUY CABELLO RIZADO, VESTIDO CON UN TRAJE AZUL, EN UN EVENTO F\u00daTBOL Y FEMINISMO EN REVISTA SOYMIGRANTE.COM.\" srcset=\"https:\/\/soymigrante.com\/revista\/wp-content\/uploads\/2025\/03\/miguel-coronado-migrante-futbolista-24.webp 966w, https:\/\/soymigrante.com\/revista\/wp-content\/uploads\/2025\/03\/miguel-coronado-migrante-futbolista-24-300x300.jpg 300w, https:\/\/soymigrante.com\/revista\/wp-content\/uploads\/2025\/03\/miguel-coronado-migrante-futbolista-24-150x150.jpg 150w, https:\/\/soymigrante.com\/revista\/wp-content\/uploads\/2025\/03\/miguel-coronado-migrante-futbolista-24-768x768.jpg 768w, https:\/\/soymigrante.com\/revista\/wp-content\/uploads\/2025\/03\/miguel-coronado-migrante-futbolista-24-75x75.webp 75w, https:\/\/soymigrante.com\/revista\/wp-content\/uploads\/2025\/03\/miguel-coronado-migrante-futbolista-24-750x750.webp 750w\" sizes=\"(max-width: 966px) 100vw, 966px\" \/>\n            <\/div>\n        <\/div><div class=\"eael-entry-wrapper\"><header class=\"eael-entry-header\"><h2 class=\"eael-entry-title\"><a class=\"eael-grid-post-link\" href=\"https:\/\/soymigrante.com\/revista\/exfutbolista-y-entrenador-mazateco-miguel-coronado-forma-talentos-en-los-angeles\/\" title=\"Exfutbolista y entrenador mazateco Miguel Coronado forma talentos en Los Angeles\">Exfutbolista y entrenador mazateco Miguel Coronado forma talentos en Los Angeles<\/a><\/h2><\/header><div class=\"eael-entry-content\">\n                        <div class=\"eael-grid-post-excerpt\"><a href=\"https:\/\/soymigrante.com\/revista\/exfutbolista-y-entrenador-mazateco-miguel-coronado-forma-talentos-en-los-angeles\/\" class=\"eael-post-elements-readmore-btn\">CONOCE SU HISTORIA <\/a><\/div>\n                    <\/div><\/div><\/div>\n        <\/div>\n    <\/article><article class=\"eael-grid-post  eael-post-grid-column eael-pg-post-1766 category-exitos-guatemala tags-nueva-jersey\" data-id=\"1766\">\n        <div class=\"eael-grid-post-holder\">\n            <div class=\"eael-grid-post-holder-inner\"><div class=\"eael-entry-media\"><div class=\"eael-entry-overlay fade-in\"><i class=\"far fa-hand-pointer\" aria-hidden=\"true\"><\/i><a href=\"https:\/\/soymigrante.com\/revista\/osvaldo-sanan-migrante-guatemalteco-futbol\/\"><\/a><\/div><div class=\"eael-entry-thumbnail \">\n                <img decoding=\"async\" width=\"768\" height=\"1024\" src=\"https:\/\/soymigrante.com\/revista\/wp-content\/uploads\/2023\/07\/334131953_1213068632928628_5605940686833100766_n-1-768x1024.webp\" class=\"attachment-large size-large wp-image-1771\" alt=\"MIgrante guatemalteco Osvaldo San\u00e1n en New Jersey\" srcset=\"https:\/\/soymigrante.com\/revista\/wp-content\/uploads\/2023\/07\/334131953_1213068632928628_5605940686833100766_n-1-768x1024.webp 768w, https:\/\/soymigrante.com\/revista\/wp-content\/uploads\/2023\/07\/334131953_1213068632928628_5605940686833100766_n-1-225x300.webp 225w, https:\/\/soymigrante.com\/revista\/wp-content\/uploads\/2023\/07\/334131953_1213068632928628_5605940686833100766_n-1-1152x1536.webp 1152w, https:\/\/soymigrante.com\/revista\/wp-content\/uploads\/2023\/07\/334131953_1213068632928628_5605940686833100766_n-1-750x1000.webp 750w, https:\/\/soymigrante.com\/revista\/wp-content\/uploads\/2023\/07\/334131953_1213068632928628_5605940686833100766_n-1-1140x1520.webp 1140w, https:\/\/soymigrante.com\/revista\/wp-content\/uploads\/2023\/07\/334131953_1213068632928628_5605940686833100766_n-1.webp 1440w\" sizes=\"(max-width: 768px) 100vw, 768px\" \/>\n            <\/div>\n        <\/div><div class=\"eael-entry-wrapper\"><header class=\"eael-entry-header\"><h2 class=\"eael-entry-title\"><a class=\"eael-grid-post-link\" href=\"https:\/\/soymigrante.com\/revista\/osvaldo-sanan-migrante-guatemalteco-futbol\/\" title=\"Osvaldo San\u00e1n: un migrante guatemalteco con pasi\u00f3n por el f\u00fatbol\">Osvaldo San\u00e1n: un migrante guatemalteco con pasi\u00f3n por el f\u00fatbol<\/a><\/h2><\/header><div class=\"eael-entry-content\">\n                        <div class=\"eael-grid-post-excerpt\"><a href=\"https:\/\/soymigrante.com\/revista\/osvaldo-sanan-migrante-guatemalteco-futbol\/\" class=\"eael-post-elements-readmore-btn\">CONOCE SU HISTORIA <\/a><\/div>\n                    <\/div><\/div><\/div>\n        <\/div>\n    <\/article><\/div>\n            <div class=\"clearfix\"><\/div>\n        <\/div>\t\t\t\t<\/div>\n\t\t\t\t\t<\/div>\n\t\t\t\t<\/div>\n\t\t\t\t<\/div>\n\t\t","protected":false},"excerpt":{"rendered":"<p>Los migrantes guatemaltecos celebraron en el estadio, en las casas y en las redes, tras avanzar en la Copa Oro. El coraz\u00f3n de los migrantes guatemaltecos lati\u00f3 con fuerza en redes sociales este martes por la noche, cuando la Selecci\u00f3n Nacional logr\u00f3 imponerse 3\u20112 ante Guadalupe en Houston, asegurando su pase a los cuartos de [&hellip;]<\/p>\n","protected":false},"author":19,"featured_media":37796,"comment_status":"open","ping_status":"open","sticky":false,"template":"","format":"standard","meta":{"_acf_changed":false,"_eb_attr":"","footnotes":""},"categories":[54],"tags":[],"class_list":["post-37766","post","type-post","status-publish","format-standard","has-post-thumbnail","hentry","category-estamos-unidos"],"acf":[],"aioseo_notices":[],"aioseo_head":"\n\t\t<!-- All in One SEO Pro 4.9.6.2 - aioseo.com -->\n\t<meta name=\"description\" content=\"Desde Nueva Jersey, Osvaldo San\u00e1n vive con orgullo su origen guatemalteco, celebra los triunfos de su selecci\u00f3n y sue\u00f1a con reencontrarse con su familia\" \/>\n\t<meta name=\"robots\" content=\"max-snippet:-1, max-image-preview:large, max-video-preview:-1\" \/>\n\t<meta name=\"author\" content=\"Gustavo Montenegro\"\/>\n\t<link rel=\"canonical\" href=\"https:\/\/soymigrante.com\/revista\/osvaldo-sanan-migrante-guatemalteco-futbol\/\" \/>\n\t<meta name=\"generator\" content=\"All in One SEO Pro (AIOSEO) 4.9.6.2\" \/>\n\n\t\t<link rel=\"preconnect\" href=\"https:\/\/fonts.googleapis.com\" crossorigin>\n<link rel=\"preconnect\" href=\"https:\/\/fonts.gstatic.com\" crossorigin>\n\t\t<meta property=\"og:locale\" content=\"es_ES\" \/>\n\t\t<meta property=\"og:site_name\" content=\"SoyMigrante.com REVISTA \u2013 Nuestra misi\u00f3n es reconocer y dignificar al migrante.\" \/>\n\t\t<meta property=\"og:type\" content=\"article\" \/>\n\t\t<meta property=\"og:title\" content=\"Osvaldo San\u00e1n: un migrante guatemalteco con pasi\u00f3n por el f\u00fatbol\" \/>\n\t\t<meta property=\"og:description\" content=\"Desde Nueva Jersey, Osvaldo San\u00e1n vive con orgullo su origen guatemalteco, celebra los triunfos de su selecci\u00f3n y sue\u00f1a con reencontrarse con su familia\" \/>\n\t\t<meta property=\"og:url\" content=\"https:\/\/soymigrante.com\/revista\/osvaldo-sanan-migrante-guatemalteco-futbol\/\" \/>\n\t\t<meta property=\"og:image\" content=\"https:\/\/soymigrante.com\/revista\/wp-content\/uploads\/2023\/07\/334131953_1213068632928628_5605940686833100766_n-1.webp\" \/>\n\t\t<meta property=\"og:image:secure_url\" content=\"https:\/\/soymigrante.com\/revista\/wp-content\/uploads\/2023\/07\/334131953_1213068632928628_5605940686833100766_n-1.webp\" \/>\n\t\t<meta property=\"og:image:width\" content=\"1440\" \/>\n\t\t<meta property=\"og:image:height\" content=\"1920\" \/>\n\t\t<meta property=\"article:published_time\" content=\"2023-07-07T18:44:26+00:00\" \/>\n\t\t<meta property=\"article:modified_time\" content=\"2026-03-11T22:45:30+00:00\" \/>\n\t\t<meta property=\"article:publisher\" content=\"https:\/\/www.facebook.com\/soymigrantecom\" \/>\n\t\t<meta name=\"twitter:card\" content=\"summary_large_image\" \/>\n\t\t<meta name=\"twitter:site\" content=\"@SoyMigrante_com\" \/>\n\t\t<meta name=\"twitter:title\" content=\"Osvaldo San\u00e1n: un migrante guatemalteco con pasi\u00f3n por el f\u00fatbol\" \/>\n\t\t<meta name=\"twitter:description\" content=\"Desde Nueva Jersey, Osvaldo San\u00e1n vive con orgullo su origen guatemalteco, celebra los triunfos de su selecci\u00f3n y sue\u00f1a con reencontrarse con su familia\" \/>\n\t\t<meta name=\"twitter:creator\" content=\"@SoyMigrante_com\" \/>\n\t\t<meta name=\"twitter:image\" content=\"https:\/\/soymigrante.com\/revista\/wp-content\/uploads\/2023\/07\/334131953_1213068632928628_5605940686833100766_n-1.webp\" \/>\n\t\t<!-- All in One SEO Pro -->\r\n\t\t<title>Osvaldo San\u00e1n: un migrante guatemalteco con pasi\u00f3n por el f\u00fatbol<\/title>\n\n","aioseo_head_json":{"title":"Osvaldo San\u00e1n: un migrante guatemalteco con pasi\u00f3n por el f\u00fatbol","description":"Desde Nueva Jersey, Osvaldo San\u00e1n vive con orgullo su origen guatemalteco, celebra los triunfos de su selecci\u00f3n y sue\u00f1a con reencontrarse con su familia","canonical_url":"https:\/\/soymigrante.com\/revista\/osvaldo-sanan-migrante-guatemalteco-futbol\/","robots":"max-snippet:-1, max-image-preview:large, max-video-preview:-1","keywords":"","webmasterTools":{"miscellaneous":"&lt;link rel=\"preconnect\" href=\"https:\/\/fonts.googleapis.com\" crossorigin&gt;\n&lt;link rel=\"preconnect\" href=\"https:\/\/fonts.gstatic.com\" crossorigin&gt;"},"schema":null,"og:locale":"es_ES","og:site_name":"SoyMigrante.com REVISTA \u2013 Nuestra misi\u00f3n es reconocer y dignificar al migrante.","og:type":"article","og:title":"Osvaldo San\u00e1n: un migrante guatemalteco con pasi\u00f3n por el f\u00fatbol","og:description":"Desde Nueva Jersey, Osvaldo San\u00e1n vive con orgullo su origen guatemalteco, celebra los triunfos de su selecci\u00f3n y sue\u00f1a con reencontrarse con su familia","og:url":"https:\/\/soymigrante.com\/revista\/osvaldo-sanan-migrante-guatemalteco-futbol\/","og:image":"https:\/\/soymigrante.com\/revista\/wp-content\/uploads\/2023\/07\/334131953_1213068632928628_5605940686833100766_n-1.webp","og:image:secure_url":"https:\/\/soymigrante.com\/revista\/wp-content\/uploads\/2023\/07\/334131953_1213068632928628_5605940686833100766_n-1.webp","og:image:width":1440,"og:image:height":1920,"article:published_time":"2023-07-07T18:44:26+00:00","article:modified_time":"2026-03-11T22:45:30+00:00","article:publisher":"https:\/\/www.facebook.com\/soymigrantecom","twitter:card":"summary_large_image","twitter:site":"@SoyMigrante_com","twitter:title":"Osvaldo San\u00e1n: un migrante guatemalteco con pasi\u00f3n por el f\u00fatbol","twitter:description":"Desde Nueva Jersey, Osvaldo San\u00e1n vive con orgullo su origen guatemalteco, celebra los triunfos de su selecci\u00f3n y sue\u00f1a con reencontrarse con su familia","twitter:creator":"@SoyMigrante_com","twitter:image":"https:\/\/soymigrante.com\/revista\/wp-content\/uploads\/2023\/07\/334131953_1213068632928628_5605940686833100766_n-1.webp"},"aioseo_meta_data":{"post_id":"37766","title":"Migrantes chapines festejan avance de Selecci\u00f3n en Copa Oro","description":"Los migrantes guatemaltecos celebraron en el estadio, en las casas y en las redes, tras avanzar a cuartos de final en la copa Oro, que se desarrolla en USA.","keywords":null,"keyphrases":{"focus":{"keyphrase":"migrantes","score":69,"analysis":{"keyphraseInTitle":{"score":9,"maxScore":9,"error":0},"keyphraseInDescription":{"score":9,"maxScore":9,"error":0},"keyphraseLength":{"score":9,"maxScore":9,"error":0,"length":1},"keyphraseInURL":{"score":5,"maxScore":5,"error":0},"keyphraseInIntroduction":{"score":9,"maxScore":9,"error":0},"keyphraseInSubHeadings":{"score":3,"maxScore":9,"error":1},"keyphraseInImageAlt":{"score":3,"maxScore":9,"error":1},"keywordDensity":{"score":0,"type":"low","maxScore":9,"error":1}}},"additional":[{"keyphrase":"guatemaltecos","score":67,"analysis":{"keyphraseInDescription":{"score":9,"maxScore":9,"error":0},"keyphraseLength":{"score":9,"maxScore":9,"error":0,"length":1},"keyphraseInIntroduction":{"score":9,"maxScore":9,"error":0},"keyphraseInImageAlt":{"score":3,"maxScore":9,"error":1},"keywordDensity":{"score":0,"type":"low","maxScore":9,"error":1}}},{"keyphrase":"copa oro","score":67,"analysis":{"keyphraseInDescription":{"score":9,"maxScore":9,"error":0},"keyphraseLength":{"score":9,"maxScore":9,"error":0,"length":2},"keyphraseInIntroduction":{"score":9,"maxScore":9,"error":0},"keyphraseInImageAlt":{"score":3,"maxScore":9,"error":1},"keywordDensity":{"score":0,"type":"low","maxScore":9,"error":1}}}]},"primary_term":null,"canonical_url":null,"og_title":null,"og_description":null,"og_object_type":"default","og_image_type":"default","og_image_url":null,"og_image_width":null,"og_image_height":null,"og_image_custom_url":null,"og_image_custom_fields":null,"og_video":"","og_custom_url":null,"og_article_section":null,"og_article_tags":null,"twitter_use_og":false,"twitter_card":"default","twitter_image_type":"default","twitter_image_url":null,"twitter_image_custom_url":null,"twitter_image_custom_fields":null,"twitter_title":null,"twitter_description":null,"schema":{"blockGraphs":[],"customGraphs":[],"default":{"data":{"Article":[],"Course":[],"Dataset":[],"FAQPage":[],"Movie":[],"Person":[],"Product":[],"ProductReview":[],"Car":[],"Recipe":[],"Service":[],"SoftwareApplication":[],"WebPage":[]},"graphName":"none","isEnabled":true},"graphs":[]},"schema_type":"default","schema_type_options":null,"pillar_content":false,"robots_default":true,"robots_noindex":false,"robots_noarchive":false,"robots_nosnippet":false,"robots_nofollow":false,"robots_noimageindex":false,"robots_noodp":false,"robots_notranslate":false,"robots_max_snippet":"-1","robots_max_videopreview":"-1","robots_max_imagepreview":"large","priority":null,"frequency":"default","local_seo":null,"seo_analyzer_scan_date":"2025-10-09 06:11:11","breadcrumb_settings":null,"limit_modified_date":false,"reviewed_by":"0","open_ai":"{\"title\":{\"suggestions\":[],\"usage\":0},\"description\":{\"suggestions\":[],\"usage\":0}}","ai":{"faqs":[],"keyPoints":[],"titles":[],"descriptions":[],"socialPosts":{"email":[],"linkedin":[],"twitter":[],"facebook":[],"instagram":[]}},"created":"2025-06-25 18:38:22","updated":"2026-02-05 01:19:31"},"aioseo_breadcrumb":"<div class=\"aioseo-breadcrumbs\"><span class=\"aioseo-breadcrumb\">\n\t<a href=\"https:\/\/soymigrante.com\/revista\" title=\"Home\">Home<\/a>\n<\/span><span class=\"aioseo-breadcrumb-separator\">\u00bb<\/span><span class=\"aioseo-breadcrumb\">\n\t<a href=\"https:\/\/soymigrante.com\/revista\/category\/estamos-unidos\/\" title=\"Estamos Unidos\">Estamos Unidos<\/a>\n<\/span><span class=\"aioseo-breadcrumb-separator\">\u00bb<\/span><span class=\"aioseo-breadcrumb\">\n\tMigrantes guatemaltecos festejan avance de Selecci\u00f3n en Copa Oro\n<\/span><\/div>","aioseo_breadcrumb_json":[{"label":"Home","link":"https:\/\/soymigrante.com\/revista"},{"label":"Estamos Unidos","link":"https:\/\/soymigrante.com\/revista\/category\/estamos-unidos\/"},{"label":"Migrantes guatemaltecos festejan avance de Selecci\u00f3n en Copa Oro","link":"https:\/\/soymigrante.com\/revista\/migrantes-guatemaltecos-festejan-avance-de-seleccion-en-copa-oro\/"}],"_links":{"self":[{"href":"https:\/\/soymigrante.com\/revista\/wp-json\/wp\/v2\/posts\/37766","targetHints":{"allow":["GET"]}}],"collection":[{"href":"https:\/\/soymigrante.com\/revista\/wp-json\/wp\/v2\/posts"}],"about":[{"href":"https:\/\/soymigrante.com\/revista\/wp-json\/wp\/v2\/types\/post"}],"author":[{"embeddable":true,"href":"https:\/\/soymigrante.com\/revista\/wp-json\/wp\/v2\/users\/19"}],"replies":[{"embeddable":true,"href":"https:\/\/soymigrante.com\/revista\/wp-json\/wp\/v2\/comments?post=37766"}],"version-history":[{"count":15,"href":"https:\/\/soymigrante.com\/revista\/wp-json\/wp\/v2\/posts\/37766\/revisions"}],"predecessor-version":[{"id":37798,"href":"https:\/\/soymigrante.com\/revista\/wp-json\/wp\/v2\/posts\/37766\/revisions\/37798"}],"wp:featuredmedia":[{"embeddable":true,"href":"https:\/\/soymigrante.com\/revista\/wp-json\/wp\/v2\/media\/37796"}],"wp:attachment":[{"href":"https:\/\/soymigrante.com\/revista\/wp-json\/wp\/v2\/media?parent=37766"}],"wp:term":[{"taxonomy":"category","embeddable":true,"href":"https:\/\/soymigrante.com\/revista\/wp-json\/wp\/v2\/categories?post=37766"},{"taxonomy":"post_tag","embeddable":true,"href":"https:\/\/soymigrante.com\/revista\/wp-json\/wp\/v2\/tags?post=37766"}],"curies":[{"name":"wp","href":"https:\/\/api.w.org\/{rel}","templated":true}]}}