{"id":37705,"date":"2025-06-26T04:00:00","date_gmt":"2025-06-26T10:00:00","guid":{"rendered":"https:\/\/soymigrante.com\/revista\/?p=37705"},"modified":"2025-06-26T09:00:09","modified_gmt":"2025-06-26T15:00:09","slug":"india-quiche-gaseosa-guatemalteca-occidente-tiene-99-anos","status":"publish","type":"post","link":"https:\/\/soymigrante.com\/revista\/india-quiche-gaseosa-guatemalteca-occidente-tiene-99-anos\/","title":{"rendered":"India Quich\u00e9 es una bebida guatemalteca de 99 a\u00f1os"},"content":{"rendered":"\t\t<div data-elementor-type=\"wp-post\" data-elementor-id=\"37705\" class=\"elementor elementor-37705\" data-elementor-post-type=\"post\">\n\t\t\t\t<div data-particle_enable=\"false\" data-particle-mobile-disabled=\"false\" class=\"elementor-element elementor-element-ff403d6 e-flex e-con-boxed e-con e-parent\" data-id=\"ff403d6\" data-element_type=\"container\" data-e-type=\"container\">\n\t\t\t\t\t<div class=\"e-con-inner\">\n\t\t\t\t<div class=\"elementor-element elementor-element-2321b26 elementor-widget elementor-widget-heading\" data-id=\"2321b26\" data-element_type=\"widget\" data-e-type=\"widget\" data-widget_type=\"heading.default\">\n\t\t\t\t\t<h2 class=\"elementor-heading-title elementor-size-default\">India Quich\u00e9 es una de las bebidas m\u00e1s conocidas de Guatemala, por su sabor y tradici\u00f3n. \n<\/h2>\t\t\t\t<\/div>\n\t\t\t\t\t<\/div>\n\t\t\t\t<\/div>\n\t\t<div data-particle_enable=\"false\" data-particle-mobile-disabled=\"false\" class=\"elementor-element elementor-element-5dfbb32 e-flex e-con-boxed e-con e-parent\" data-id=\"5dfbb32\" data-element_type=\"container\" data-e-type=\"container\">\n\t\t\t\t\t<div class=\"e-con-inner\">\n\t\t\t\t<div class=\"elementor-element elementor-element-c73024c elementor-widget elementor-widget-text-editor\" data-id=\"c73024c\" data-element_type=\"widget\" data-e-type=\"widget\" data-widget_type=\"text-editor.default\">\n\t\t\t\t\t\t\t\t\t<p>Para muchos guatemaltecos, el sabor de la infancia tiene nombre propio: <a href=\"https:\/\/www.facebook.com\/embotelladora.indiaquiche\" target=\"_blank\" rel=\"noopener\">India Quich\u00e9.<\/a> Esta bebida gaseosa, de un tono naranja y un sabor \u00fanico, ha marcado generaciones desde su creaci\u00f3n en 1926. Aunque no tiene la popularidad masiva de otras marcas internacionales, India Quich\u00e9 ha logrado mantenerse vigente como un s\u00edmbolo de identidad, sabor local y nostalgia.<\/p>\t\t\t\t\t\t\t\t<\/div>\n\t\t\t\t\t<\/div>\n\t\t\t\t<\/div>\n\t\t<div data-particle_enable=\"false\" data-particle-mobile-disabled=\"false\" class=\"elementor-element elementor-element-bec99b8 e-flex e-con-boxed e-con e-parent\" data-id=\"bec99b8\" data-element_type=\"container\" data-e-type=\"container\">\n\t\t\t\t\t<div class=\"e-con-inner\">\n\t\t\t\t<div class=\"elementor-element elementor-element-ff78acc elementor-widget elementor-widget-image\" data-id=\"ff78acc\" data-element_type=\"widget\" data-e-type=\"widget\" data-widget_type=\"image.default\">\n\t\t\t\t\t\t\t\t\t\t\t\t<figure class=\"wp-caption\">\n\t\t\t\t\t\t\t\t\t\t<img fetchpriority=\"high\" decoding=\"async\" width=\"768\" height=\"333\" src=\"https:\/\/soymigrante.com\/revista\/wp-content\/uploads\/2025\/06\/1926-india-quiche.webp\" class=\"attachment-large size-large wp-image-37813\" alt=\"Ingenier\u00eda y ciencia en la historia de la migraci\u00f3n en M\u00e9xico - Imagen hist\u00f3rica de cient\u00edficos trabajando en un laboratorio, resaltando la importancia del conocimiento en comunidades migrantes y su papel en el avance tecnol\u00f3gico.\" srcset=\"https:\/\/soymigrante.com\/revista\/wp-content\/uploads\/2025\/06\/1926-india-quiche.webp 984w, https:\/\/soymigrante.com\/revista\/wp-content\/uploads\/2025\/06\/1926-india-quiche-300x130.png 300w, https:\/\/soymigrante.com\/revista\/wp-content\/uploads\/2025\/06\/1926-india-quiche-768x333.png 768w, https:\/\/soymigrante.com\/revista\/wp-content\/uploads\/2025\/06\/1926-india-quiche-750x325.webp 750w\" sizes=\"(max-width: 768px) 100vw, 768px\" title=\"Don Meme Barrios comenz\u00f3 la embotelladora India Quich\u00e9 en 1926 con el af\u00e1n de ofrecer un sabor aut\u00e9ntico al p\u00fablico de Occidente. \u2013 SoyMigrante.com REVISTA\" \/>\t\t\t\t\t\t\t\t\t\t\t<figcaption class=\"widget-image-caption wp-caption-text\">Conoce en SoyMigrante.com REVISTA c\u00f3mo la innovaci\u00f3n cient\u00edfica ha influido en la historia y cultura de los migrantes en M\u00e9xico, destacando el papel de la ciencia en su integraci\u00f3n y desarrollo.<\/figcaption>\n\t\t\t\t\t\t\t\t\t\t<\/figure>\n\t\t\t\t\t\t\t\t\t<\/div>\n\t\t\t\t\t<\/div>\n\t\t\t\t<\/div>\n\t\t<div data-particle_enable=\"false\" data-particle-mobile-disabled=\"false\" class=\"elementor-element elementor-element-e72d72a e-flex e-con-boxed e-con e-parent\" data-id=\"e72d72a\" data-element_type=\"container\" data-e-type=\"container\">\n\t\t\t\t\t<div class=\"e-con-inner\">\n\t\t\t\t<div class=\"elementor-element elementor-element-ac23b56 elementor-widget elementor-widget-heading\" data-id=\"ac23b56\" data-element_type=\"widget\" data-e-type=\"widget\" data-widget_type=\"heading.default\">\n\t\t\t\t\t<h3 class=\"elementor-heading-title elementor-size-default\">Un origen orgullosamente guatemalteco<\/h3>\t\t\t\t<\/div>\n\t\t\t\t\t<\/div>\n\t\t\t\t<\/div>\n\t\t<div data-particle_enable=\"false\" data-particle-mobile-disabled=\"false\" class=\"elementor-element elementor-element-46747e8 e-flex e-con-boxed e-con e-parent\" data-id=\"46747e8\" data-element_type=\"container\" data-e-type=\"container\">\n\t\t\t\t\t<div class=\"e-con-inner\">\n\t\t\t\t<div class=\"elementor-element elementor-element-15f26aa elementor-widget elementor-widget-text-editor\" data-id=\"15f26aa\" data-element_type=\"widget\" data-e-type=\"widget\" data-widget_type=\"text-editor.default\">\n\t\t\t\t\t\t\t\t\t<p>La Embotelladora I<a href=\"https:\/\/www.facebook.com\/embotelladora.indiaquiche\" target=\"_blank\" rel=\"noopener\">ndia Quich\u00e9<\/a> naci\u00f3 en el <a href=\"https:\/\/soymigrante.com\/revista\/departamentos-de-guatemala-quiche-tierra-de-rios-arboles-montanas-y-el-popol-vuh\/\" target=\"_blank\" rel=\"noopener\">departamento de Quich\u00e9, Guatemala,<\/a> como una alternativa local. Comenz\u00f3 su producci\u00f3n en el a\u00f1o 1926, cuando fue fundada por Don Manuel Rodriguez L\u00f3pez, conocido popularmente como &#8220;Don Meme&#8221;, seg\u00fan indica el sitio web de esta empresa.<\/p>\n<p>Luego de varios a\u00f1os de operaci\u00f3n, Don Meme deleg\u00f3 el mando de la empresa a su hijo Jos\u00e9 Luis Rodriguez Barrios, qui\u00e9n con una visi\u00f3n empresarial indiscutible, logr\u00f3 realizar cambios trascendentales que contribuyeron a que la empresa aumentara su producci\u00f3n y presencia en el mercado: el objetivo sigue activo 99 a\u00f1os despu\u00e9s: ofrecer un producto nacional, con identidad propia, accesible y con un sabor inconfundible.<\/p>\n<p>La bebida debe su nombre a la combinaci\u00f3n de dos elementos clave: el orgullo ind\u00edgena representado por la palabra \u201cIndia\u201d, y la ubicaci\u00f3n geogr\u00e1fica del negocio, Quich\u00e9. Desde sus inicios, la marca ha estado asociada a valores de arraigo cultural y tradici\u00f3n.<\/p>\t\t\t\t\t\t\t\t<\/div>\n\t\t\t\t\t<\/div>\n\t\t\t\t<\/div>\n\t\t<div data-particle_enable=\"false\" data-particle-mobile-disabled=\"false\" class=\"elementor-element elementor-element-aefa944 e-flex e-con-boxed e-con e-parent\" data-id=\"aefa944\" data-element_type=\"container\" data-e-type=\"container\">\n\t\t\t\t\t<div class=\"e-con-inner\">\n\t\t\t\t<div class=\"elementor-element elementor-element-0582dc6 elementor-invisible elementor-widget elementor-widget-facebook-embed\" data-id=\"0582dc6\" data-element_type=\"widget\" data-e-type=\"widget\" data-settings=\"{&quot;_animation&quot;:&quot;zoomInDown&quot;}\" data-widget_type=\"facebook-embed.default\">\n\t\t\t\t\t<div style=\"min-height: 1px\" class=\"elementor-facebook-widget fb-post\" data-href=\"https:\/\/www.facebook.com\/photo.php?fbid=1044059364173376&#038;set=pb.100057079675319.-2207520000&#038;type=3\" data-show-text=\"false\"><\/div>\t\t\t\t<\/div>\n\t\t\t\t\t<\/div>\n\t\t\t\t<\/div>\n\t\t<div data-particle_enable=\"false\" data-particle-mobile-disabled=\"false\" class=\"elementor-element elementor-element-d846260 e-flex e-con-boxed e-con e-parent\" data-id=\"d846260\" data-element_type=\"container\" data-e-type=\"container\">\n\t\t\t\t\t<div class=\"e-con-inner\">\n\t\t\t\t<div class=\"elementor-element elementor-element-3db479b elementor-widget elementor-widget-heading\" data-id=\"3db479b\" data-element_type=\"widget\" data-e-type=\"widget\" data-widget_type=\"heading.default\">\n\t\t\t\t\t<h3 class=\"elementor-heading-title elementor-size-default\">El sabor caracter\u00edstico que conquist\u00f3 corazones<\/h3>\t\t\t\t<\/div>\n\t\t\t\t\t<\/div>\n\t\t\t\t<\/div>\n\t\t<div data-particle_enable=\"false\" data-particle-mobile-disabled=\"false\" class=\"elementor-element elementor-element-1ff338e e-flex e-con-boxed e-con e-parent\" data-id=\"1ff338e\" data-element_type=\"container\" data-e-type=\"container\">\n\t\t\t\t\t<div class=\"e-con-inner\">\n\t\t\t\t<div class=\"elementor-element elementor-element-5db3132 elementor-widget elementor-widget-text-editor\" data-id=\"5db3132\" data-element_type=\"widget\" data-e-type=\"widget\" data-widget_type=\"text-editor.default\">\n\t\t\t\t\t\t\t\t\t<p><a href=\"https:\/\/www.facebook.com\/embotelladora.indiaquiche\" target=\"_blank\" rel=\"noopener\">India Quich\u00e9<\/a> se diferencia por su color rojo brillante, su efervescencia moderada y su dulzura marcada con notas de cereza y vainilla. Aunque su receta exacta es un secreto, su sabor ha permanecido casi inalterable con el tiempo, lo que ha alimentado su valor nost\u00e1lgico para quienes crecieron bebi\u00e9ndola.<\/p><p>Durante d\u00e9cadas, fue la bebida infaltable en ferias, celebraciones patronales y reuniones familiares, especialmente en los departamentos del occidente del pa\u00eds. Su botella de vidrio retornable tambi\u00e9n es parte de la experiencia tradicional, que ha resistido en buena parte a la era del pl\u00e1stico.<\/p>\t\t\t\t\t\t\t\t<\/div>\n\t\t\t\t\t<\/div>\n\t\t\t\t<\/div>\n\t\t<div data-particle_enable=\"false\" data-particle-mobile-disabled=\"false\" class=\"elementor-element elementor-element-b970f45 e-flex e-con-boxed e-con e-parent\" data-id=\"b970f45\" data-element_type=\"container\" data-e-type=\"container\">\n\t\t\t\t\t<div class=\"e-con-inner\">\n\t\t\t\t<div class=\"elementor-element elementor-element-eb388fd elementor-widget elementor-widget-image\" data-id=\"eb388fd\" data-element_type=\"widget\" data-e-type=\"widget\" data-widget_type=\"image.default\">\n\t\t\t\t\t\t\t\t\t\t\t\t<figure class=\"wp-caption\">\n\t\t\t\t\t\t\t\t\t\t<img decoding=\"async\" width=\"768\" height=\"332\" src=\"https:\/\/soymigrante.com\/revista\/wp-content\/uploads\/2025\/06\/embotelladora-india-quiche.webp\" class=\"attachment-large size-large wp-image-37814\" alt=\"INDIA QUICHE, grupo de migrantes en foto hist\u00f3rica, en el contexto de revista SoyMigrante.com, resaltando temas de migraci\u00f3n y comunidad.\" srcset=\"https:\/\/soymigrante.com\/revista\/wp-content\/uploads\/2025\/06\/embotelladora-india-quiche.webp 984w, https:\/\/soymigrante.com\/revista\/wp-content\/uploads\/2025\/06\/embotelladora-india-quiche-300x130.png 300w, https:\/\/soymigrante.com\/revista\/wp-content\/uploads\/2025\/06\/embotelladora-india-quiche-768x332.png 768w, https:\/\/soymigrante.com\/revista\/wp-content\/uploads\/2025\/06\/embotelladora-india-quiche-750x325.webp 750w\" sizes=\"(max-width: 768px) 100vw, 768px\" title=\"El esp\u00edritu familiar y el af\u00e1n por la calidad fueron claves para popularizar las gaseosas India Quich\u00e9 en el Occidente guatemalteco. \u2013 SoyMigrante.com REVISTA\" \/>\t\t\t\t\t\t\t\t\t\t\t<figcaption class=\"widget-image-caption wp-caption-text\">Retrato de migrantes en M\u00e9xico frente a un local de India Quiche, mostrando la historia de la comunidad migrante en el pa\u00eds.<\/figcaption>\n\t\t\t\t\t\t\t\t\t\t<\/figure>\n\t\t\t\t\t\t\t\t\t<\/div>\n\t\t\t\t\t<\/div>\n\t\t\t\t<\/div>\n\t\t<div data-particle_enable=\"false\" data-particle-mobile-disabled=\"false\" class=\"elementor-element elementor-element-f6ce5f1 e-flex e-con-boxed e-con e-parent\" data-id=\"f6ce5f1\" data-element_type=\"container\" data-e-type=\"container\">\n\t\t\t\t\t<div class=\"e-con-inner\">\n\t\t\t\t<div class=\"elementor-element elementor-element-4acaeed elementor-widget elementor-widget-heading\" data-id=\"4acaeed\" data-element_type=\"widget\" data-e-type=\"widget\" data-widget_type=\"heading.default\">\n\t\t\t\t\t<h3 class=\"elementor-heading-title elementor-size-default\">Una historia de lucha y resistencia<\/h3>\t\t\t\t<\/div>\n\t\t\t\t\t<\/div>\n\t\t\t\t<\/div>\n\t\t<div data-particle_enable=\"false\" data-particle-mobile-disabled=\"false\" class=\"elementor-element elementor-element-52d93f1 e-flex e-con-boxed e-con e-parent\" data-id=\"52d93f1\" data-element_type=\"container\" data-e-type=\"container\">\n\t\t\t\t\t<div class=\"e-con-inner\">\n\t\t\t\t<div class=\"elementor-element elementor-element-f0bc935 elementor-widget elementor-widget-text-editor\" data-id=\"f0bc935\" data-element_type=\"widget\" data-e-type=\"widget\" data-widget_type=\"text-editor.default\">\n\t\t\t\t\t\t\t\t\t<p>A lo largo de los a\u00f1os, India Quich\u00e9 enfrent\u00f3 desaf\u00edos significativos, especialmente con la llegada de otras marcas de bebidas a Guatemala, que acapararon estanter\u00edas y dominaron la publicidad. Sin embargo, gracias a su sabor aut\u00e9ntico, una clientela fiel y una conexi\u00f3n emocional con los consumidores, India Quich\u00e9 logr\u00f3 sobrevivir.<\/p><p>Durante los a\u00f1os 80 y 90, cuando muchas marcas locales desaparecieron o fueron absorbidas por conglomerados internacionales, India Quich\u00e9 mantuvo su independencia y <a href=\"https:\/\/soymigrante.com\/revista\/departamentos-de-guatemala-quiche-tierra-de-rios-arboles-montanas-y-el-popol-vuh\/\" target=\"_blank\" rel=\"noopener\">continu\u00f3 operando desde su planta embotelladora en Santa Cruz del Quich\u00e9.<\/a><\/p>\t\t\t\t\t\t\t\t<\/div>\n\t\t\t\t\t<\/div>\n\t\t\t\t<\/div>\n\t\t<div data-particle_enable=\"false\" data-particle-mobile-disabled=\"false\" class=\"elementor-element elementor-element-1d4007e e-flex e-con-boxed e-con e-parent\" data-id=\"1d4007e\" data-element_type=\"container\" data-e-type=\"container\">\n\t\t\t\t\t<div class=\"e-con-inner\">\n\t\t\t\t<div class=\"elementor-element elementor-element-34ef29d elementor-widget elementor-widget-video\" data-id=\"34ef29d\" data-element_type=\"widget\" data-e-type=\"widget\" data-settings=\"{&quot;youtube_url&quot;:&quot;https:\\\/\\\/www.youtube.com\\\/watch?v=q6AcfvDFeNo&quot;,&quot;start&quot;:57,&quot;video_type&quot;:&quot;youtube&quot;,&quot;controls&quot;:&quot;yes&quot;}\" data-widget_type=\"video.default\">\n\t\t\t\t\t\t\t<div class=\"elementor-wrapper elementor-open-inline\">\n\t\t\t<div class=\"elementor-video\"><\/div>\t\t<\/div>\n\t\t\t\t\t\t<\/div>\n\t\t\t\t\t<\/div>\n\t\t\t\t<\/div>\n\t\t<div data-particle_enable=\"false\" data-particle-mobile-disabled=\"false\" class=\"elementor-element elementor-element-0d607b8 e-flex e-con-boxed e-con e-parent\" data-id=\"0d607b8\" data-element_type=\"container\" data-e-type=\"container\">\n\t\t\t\t\t<div class=\"e-con-inner\">\n\t\t\t\t<div class=\"elementor-element elementor-element-2b7e29d elementor-widget elementor-widget-heading\" data-id=\"2b7e29d\" data-element_type=\"widget\" data-e-type=\"widget\" data-widget_type=\"heading.default\">\n\t\t\t\t\t<h3 class=\"elementor-heading-title elementor-size-default\">\u00bfD\u00f3nde encontrar India Quich\u00e9 hoy?<\/h3>\t\t\t\t<\/div>\n\t\t\t\t\t<\/div>\n\t\t\t\t<\/div>\n\t\t<div data-particle_enable=\"false\" data-particle-mobile-disabled=\"false\" class=\"elementor-element elementor-element-4726ea1 e-flex e-con-boxed e-con e-parent\" data-id=\"4726ea1\" data-element_type=\"container\" data-e-type=\"container\">\n\t\t\t\t\t<div class=\"e-con-inner\">\n\t\t\t\t<div class=\"elementor-element elementor-element-bcc2172 elementor-widget elementor-widget-text-editor\" data-id=\"bcc2172\" data-element_type=\"widget\" data-e-type=\"widget\" data-widget_type=\"text-editor.default\">\n\t\t\t\t\t\t\t\t\t<p>Actualmente,<a href=\"https:\/\/www.facebook.com\/embotelladora.indiaquiche\" target=\"_blank\" rel=\"noopener\"> India Quich\u00e9<\/a> sigue siendo producida en Quich\u00e9. Se puede encontrar principalmente en tiendas de barrio, mercados locales y algunos supermercados del occidente del pa\u00eds. Tambi\u00e9n se ofrece en presentaciones retornables y de pl\u00e1stico, dependiendo del punto de venta.<\/p><p>En la ciudad de Guatemala, es m\u00e1s dif\u00edcil conseguirla, pero algunos restaurantes de comida t\u00edpica y tiendas especializadas en productos nacionales la incluyen como parte de su men\u00fa. Adem\u00e1s, en eventos culturales, festivales de comida y ferias patronales, suele aparecer como un invitado especial que evoca la esencia del interior del pa\u00eds.<\/p><p>En redes sociales, algunas cuentas dedicadas a la nostalgia guatemalteca frecuentemente comparten im\u00e1genes y an\u00e9cdotas relacionadas con India Quich\u00e9, y hay quienes incluso la env\u00edan a familiares en el extranjero como una muestra de cari\u00f1o y orgullo chap\u00edn.<\/p>\t\t\t\t\t\t\t\t<\/div>\n\t\t\t\t\t<\/div>\n\t\t\t\t<\/div>\n\t\t<div data-particle_enable=\"false\" data-particle-mobile-disabled=\"false\" class=\"elementor-element elementor-element-8935043 e-flex e-con-boxed e-con e-parent\" data-id=\"8935043\" data-element_type=\"container\" data-e-type=\"container\">\n\t\t\t\t\t<div class=\"e-con-inner\">\n\t\t\t\t<div class=\"elementor-element elementor-element-d64aa26 elementor-invisible elementor-widget elementor-widget-facebook-embed\" data-id=\"d64aa26\" data-element_type=\"widget\" data-e-type=\"widget\" data-settings=\"{&quot;_animation&quot;:&quot;zoomInDown&quot;}\" data-widget_type=\"facebook-embed.default\">\n\t\t\t\t\t<div style=\"min-height: 1px\" class=\"elementor-facebook-widget fb-post\" data-href=\"https:\/\/www.facebook.com\/photo.php?fbid=1139218411324137&#038;set=pb.100057079675319.-2207520000&#038;type=3\" data-show-text=\"false\"><\/div>\t\t\t\t<\/div>\n\t\t\t\t\t<\/div>\n\t\t\t\t<\/div>\n\t\t<div data-particle_enable=\"false\" data-particle-mobile-disabled=\"false\" class=\"elementor-element elementor-element-5bc9ea3 e-flex e-con-boxed e-con e-parent\" data-id=\"5bc9ea3\" data-element_type=\"container\" data-e-type=\"container\">\n\t\t\t\t\t<div class=\"e-con-inner\">\n\t\t\t\t<div class=\"elementor-element elementor-element-48cdeb5 elementor-widget elementor-widget-heading\" data-id=\"48cdeb5\" data-element_type=\"widget\" data-e-type=\"widget\" data-widget_type=\"heading.default\">\n\t\t\t\t\t<h3 class=\"elementor-heading-title elementor-size-default\">M\u00e1s all\u00e1 de la bebida: un s\u00edmbolo de identidad<\/h3>\t\t\t\t<\/div>\n\t\t\t\t\t<\/div>\n\t\t\t\t<\/div>\n\t\t<div data-particle_enable=\"false\" data-particle-mobile-disabled=\"false\" class=\"elementor-element elementor-element-516bb36 e-flex e-con-boxed e-con e-parent\" data-id=\"516bb36\" data-element_type=\"container\" data-e-type=\"container\">\n\t\t\t\t\t<div class=\"e-con-inner\">\n\t\t\t\t<div class=\"elementor-element elementor-element-2c2bb69 elementor-widget elementor-widget-text-editor\" data-id=\"2c2bb69\" data-element_type=\"widget\" data-e-type=\"widget\" data-widget_type=\"text-editor.default\">\n\t\t\t\t\t\t\t\t\t<p><a href=\"https:\/\/www.facebook.com\/embotelladora.indiaquiche\" target=\"_blank\" rel=\"noopener\">India Quich\u00e9<\/a> no es solo una gaseosa. Es un recuerdo l\u00edquido de las tardes soleadas en el parque, de los cumplea\u00f1os con pi\u00f1ata y de los almuerzos con pollo en salsa y arroz. Para los migrantes guatemaltecos en Estados Unidos, es tambi\u00e9n una conexi\u00f3n emocional con su tierra y su ni\u00f1ez.<\/p><p>En un mercado cada vez m\u00e1s globalizado, donde los sabores tienden a uniformarse, India Quich\u00e9 se ha mantenido como un acto de resistencia cultural. Su permanencia demuestra que lo aut\u00e9ntico a\u00fan tiene valor y que lo local puede seguir brillando, aunque sea en una escala m\u00e1s modesta.<\/p>\t\t\t\t\t\t\t\t<\/div>\n\t\t\t\t\t<\/div>\n\t\t\t\t<\/div>\n\t\t<div data-particle_enable=\"false\" data-particle-mobile-disabled=\"false\" class=\"elementor-element elementor-element-0e98be1 e-flex e-con-boxed e-con e-parent\" data-id=\"0e98be1\" data-element_type=\"container\" data-e-type=\"container\">\n\t\t\t\t\t<div class=\"e-con-inner\">\n\t\t\t\t<div class=\"elementor-element elementor-element-c5e72b8 elementor-invisible elementor-widget elementor-widget-facebook-embed\" data-id=\"c5e72b8\" data-element_type=\"widget\" data-e-type=\"widget\" data-settings=\"{&quot;_animation&quot;:&quot;zoomInDown&quot;}\" data-widget_type=\"facebook-embed.default\">\n\t\t\t\t\t<div style=\"min-height: 1px\" class=\"elementor-facebook-widget fb-post\" data-href=\"https:\/\/www.facebook.com\/photo.php?fbid=1155091626403482&#038;set=pb.100057079675319.-2207520000&#038;type=3\" data-show-text=\"false\"><\/div>\t\t\t\t<\/div>\n\t\t\t\t\t<\/div>\n\t\t\t\t<\/div>\n\t\t<div data-particle_enable=\"false\" data-particle-mobile-disabled=\"false\" class=\"elementor-element elementor-element-4af97d4 e-flex e-con-boxed e-con e-parent\" data-id=\"4af97d4\" data-element_type=\"container\" data-e-type=\"container\">\n\t\t\t\t\t<div class=\"e-con-inner\">\n\t\t\t\t<div class=\"elementor-element elementor-element-ff3e669 elementor-widget elementor-widget-heading\" data-id=\"ff3e669\" data-element_type=\"widget\" data-e-type=\"widget\" data-widget_type=\"heading.default\">\n\t\t\t\t\t<h3 class=\"elementor-heading-title elementor-size-default\">Un futuro con sabor a esperanza<\/h3>\t\t\t\t<\/div>\n\t\t\t\t\t<\/div>\n\t\t\t\t<\/div>\n\t\t<div data-particle_enable=\"false\" data-particle-mobile-disabled=\"false\" class=\"elementor-element elementor-element-e181ff0 e-flex e-con-boxed e-con e-parent\" data-id=\"e181ff0\" data-element_type=\"container\" data-e-type=\"container\">\n\t\t\t\t\t<div class=\"e-con-inner\">\n\t\t\t\t<div class=\"elementor-element elementor-element-80b0b74 elementor-widget elementor-widget-text-editor\" data-id=\"80b0b74\" data-element_type=\"widget\" data-e-type=\"widget\" data-widget_type=\"text-editor.default\">\n\t\t\t\t\t\t\t\t\t<p>Aunque su producci\u00f3n no es masiva y su presencia en redes y medios es casi inexistente, India Quich\u00e9 sigue viva gracias a la lealtad de sus consumidores. Algunas iniciativas locales han propuesto que se incluya en cat\u00e1logos de productos representativos del patrimonio gastron\u00f3mico guatemalteco, y hay quienes sue\u00f1an con verla expandirse a nuevos mercados.<\/p><p>Mientras tanto, <a href=\"https:\/\/www.facebook.com\/embotelladora.indiaquiche\" target=\"_blank\" rel=\"noopener\">India Quich\u00e9<\/a> contin\u00faa haciendo lo que mejor sabe: acompa\u00f1ar momentos sencillos pero memorables con su inconfundible sabor. Y eso, en un mundo cambiante, ya es un logro digno de reconocimiento.<\/p>\t\t\t\t\t\t\t\t<\/div>\n\t\t\t\t\t<\/div>\n\t\t\t\t<\/div>\n\t\t<div data-particle_enable=\"false\" data-particle-mobile-disabled=\"false\" class=\"elementor-element elementor-element-5d80814 e-flex e-con-boxed e-con e-parent\" data-id=\"5d80814\" data-element_type=\"container\" data-e-type=\"container\">\n\t\t\t\t\t<div class=\"e-con-inner\">\n\t\t\t\t<div class=\"elementor-element elementor-element-91c6032 elementor-widget elementor-widget-heading\" data-id=\"91c6032\" data-element_type=\"widget\" data-e-type=\"widget\" data-widget_type=\"heading.default\">\n\t\t\t\t\t<h2 class=\"elementor-heading-title elementor-size-default\">Esto te puede interesar...<\/h2>\t\t\t\t<\/div>\n\t\t\t\t\t<\/div>\n\t\t\t\t<\/div>\n\t\t<div data-particle_enable=\"false\" data-particle-mobile-disabled=\"false\" class=\"elementor-element elementor-element-2bcd9e5 e-flex e-con-boxed e-con e-parent\" data-id=\"2bcd9e5\" data-element_type=\"container\" data-e-type=\"container\">\n\t\t\t\t\t<div class=\"e-con-inner\">\n\t\t\t\t<div class=\"elementor-element elementor-element-f6fe804 elementor-grid-eael-col-3 elementor-grid-tablet-eael-col-2 elementor-grid-mobile-eael-col-1 elementor-invisible elementor-widget elementor-widget-eael-post-grid\" data-id=\"f6fe804\" data-element_type=\"widget\" data-e-type=\"widget\" data-settings=\"{&quot;eael_post_grid_columns&quot;:&quot;eael-col-3&quot;,&quot;_animation&quot;:&quot;rollIn&quot;,&quot;eael_post_grid_columns_tablet&quot;:&quot;eael-col-2&quot;,&quot;eael_post_grid_columns_mobile&quot;:&quot;eael-col-1&quot;}\" data-widget_type=\"eael-post-grid.default\">\n\t\t\t\t\t<div id=\"eael-post-grid-f6fe804\" class=\"eael-post-grid-container\">\n            <div class=\"eael-post-grid eael-post-appender eael-post-appender-f6fe804 eael-post-grid-style-one\" data-layout-mode=\"masonry\"><article class=\"eael-grid-post  eael-post-grid-column eael-pg-post-24495 category-guate-nuestra tags-departamentos-de-guatemala\" data-id=\"24495\">\n        <div class=\"eael-grid-post-holder\">\n            <div class=\"eael-grid-post-holder-inner\"><div class=\"eael-entry-media\"><div class=\"eael-entry-overlay fade-in\"><i class=\"far fa-hand-pointer\" aria-hidden=\"true\"><\/i><a href=\"https:\/\/soymigrante.com\/revista\/departamentos-de-guatemala-quiche-tierra-de-rios-arboles-montanas-y-el-popol-vuh\/\"><\/a><\/div><div class=\"eael-entry-thumbnail \">\n                <img decoding=\"async\" width=\"785\" height=\"786\" src=\"https:\/\/soymigrante.com\/revista\/wp-content\/uploads\/2024\/08\/Captura-de-pantalla-2024-08-28-143219.webp\" class=\"attachment-large size-large wp-image-8489\" alt=\"Fuego en las escaleras de una iglesia durante un ritual religioso en contexto migrante en Am\u00e9rica Latina.\" srcset=\"https:\/\/soymigrante.com\/revista\/wp-content\/uploads\/2024\/08\/Captura-de-pantalla-2024-08-28-143219.webp 785w, https:\/\/soymigrante.com\/revista\/wp-content\/uploads\/2024\/08\/Captura-de-pantalla-2024-08-28-143219-300x300.webp 300w, https:\/\/soymigrante.com\/revista\/wp-content\/uploads\/2024\/08\/Captura-de-pantalla-2024-08-28-143219-150x150.webp 150w, https:\/\/soymigrante.com\/revista\/wp-content\/uploads\/2024\/08\/Captura-de-pantalla-2024-08-28-143219-768x769.webp 768w, https:\/\/soymigrante.com\/revista\/wp-content\/uploads\/2024\/08\/Captura-de-pantalla-2024-08-28-143219-75x75.webp 75w, https:\/\/soymigrante.com\/revista\/wp-content\/uploads\/2024\/08\/Captura-de-pantalla-2024-08-28-143219-750x751.webp 750w\" sizes=\"(max-width: 785px) 100vw, 785px\" \/>\n            <\/div>\n        <\/div><div class=\"eael-entry-wrapper\"><header class=\"eael-entry-header\"><h2 class=\"eael-entry-title\"><a class=\"eael-grid-post-link\" href=\"https:\/\/soymigrante.com\/revista\/departamentos-de-guatemala-quiche-tierra-de-rios-arboles-montanas-y-el-popol-vuh\/\" title=\"Departamentos de Guatemala: Quich\u00e9, tierra de r\u00edos, \u00e1rboles, monta\u00f1as y cuna del Popol Vuh\">Departamentos de Guatemala: Quich\u00e9, tierra de r\u00edos, \u00e1rboles, monta\u00f1as y cuna del Popol Vuh<\/a><\/h2><\/header><div class=\"eael-entry-content\">\n                        <div class=\"eael-grid-post-excerpt\"><a href=\"https:\/\/soymigrante.com\/revista\/departamentos-de-guatemala-quiche-tierra-de-rios-arboles-montanas-y-el-popol-vuh\/\" class=\"eael-post-elements-readmore-btn\">CONOCE SU HISTORIA <\/a><\/div>\n                    <\/div><\/div><\/div>\n        <\/div>\n    <\/article><article class=\"eael-grid-post  eael-post-grid-column eael-pg-post-20100 category-guate-nuestra\" data-id=\"20100\">\n        <div class=\"eael-grid-post-holder\">\n            <div class=\"eael-grid-post-holder-inner\"><div class=\"eael-entry-media\"><div class=\"eael-entry-overlay fade-in\"><i class=\"far fa-hand-pointer\" aria-hidden=\"true\"><\/i><a href=\"https:\/\/soymigrante.com\/revista\/atol-de-elote-es-una-bebida-ancestral-que-endulza-muchas-tardes-guatemaltecas\/\"><\/a><\/div><div class=\"eael-entry-thumbnail \">\n                <img loading=\"lazy\" decoding=\"async\" width=\"1024\" height=\"722\" src=\"https:\/\/soymigrante.com\/revista\/wp-content\/uploads\/2025\/01\/atol-de-elote-1024x722.jpg\" class=\"attachment-large size-large wp-image-20124\" alt=\"Taz\u00f3n de crema de elote y canela en plato blanco, acompa\u00f1ada de ma\u00edz y canela en un fondo de madera rustic; gastronom\u00eda tradicional mexicana, bebida caliente, sabor aut\u00e9ntico.\" srcset=\"https:\/\/soymigrante.com\/revista\/wp-content\/uploads\/2025\/01\/atol-de-elote-1024x722.jpg 1024w, https:\/\/soymigrante.com\/revista\/wp-content\/uploads\/2025\/01\/atol-de-elote-300x212.jpg 300w, https:\/\/soymigrante.com\/revista\/wp-content\/uploads\/2025\/01\/atol-de-elote-768x542.jpg 768w, https:\/\/soymigrante.com\/revista\/wp-content\/uploads\/2025\/01\/atol-de-elote-1536x1084.jpg 1536w, https:\/\/soymigrante.com\/revista\/wp-content\/uploads\/2025\/01\/atol-de-elote-2048x1445.jpg 2048w, https:\/\/soymigrante.com\/revista\/wp-content\/uploads\/2025\/01\/atol-de-elote-120x86.webp 120w, https:\/\/soymigrante.com\/revista\/wp-content\/uploads\/2025\/01\/atol-de-elote-750x529.webp 750w, https:\/\/soymigrante.com\/revista\/wp-content\/uploads\/2025\/01\/atol-de-elote-1140x804.webp 1140w, https:\/\/soymigrante.com\/revista\/wp-content\/uploads\/2025\/01\/atol-de-elote-scaled.webp 1920w\" sizes=\"(max-width: 1024px) 100vw, 1024px\" \/>\n            <\/div>\n        <\/div><div class=\"eael-entry-wrapper\"><header class=\"eael-entry-header\"><h2 class=\"eael-entry-title\"><a class=\"eael-grid-post-link\" href=\"https:\/\/soymigrante.com\/revista\/atol-de-elote-es-una-bebida-ancestral-que-endulza-muchas-tardes-guatemaltecas\/\" title=\"Atol de elote es una bebida ancestral que endulza muchas tardes guatemaltecas\">Atol de elote es una bebida ancestral que endulza muchas tardes guatemaltecas<\/a><\/h2><\/header><div class=\"eael-entry-content\">\n                        <div class=\"eael-grid-post-excerpt\"><a href=\"https:\/\/soymigrante.com\/revista\/atol-de-elote-es-una-bebida-ancestral-que-endulza-muchas-tardes-guatemaltecas\/\" class=\"eael-post-elements-readmore-btn\">CONOCE SU HISTORIA <\/a><\/div>\n                    <\/div><\/div><\/div>\n        <\/div>\n    <\/article><article class=\"eael-grid-post  eael-post-grid-column eael-pg-post-8757 category-guate-nuestra\" data-id=\"8757\">\n        <div class=\"eael-grid-post-holder\">\n            <div class=\"eael-grid-post-holder-inner\"><div class=\"eael-entry-media\"><div class=\"eael-entry-overlay fade-in\"><i class=\"far fa-hand-pointer\" aria-hidden=\"true\"><\/i><a href=\"https:\/\/soymigrante.com\/revista\/asi-refleja-quiche-tierra-de-eternos-celajes-el-lente-de-peter-hernandez\/\"><\/a><\/div><div class=\"eael-entry-thumbnail \">\n                <img loading=\"lazy\" decoding=\"async\" width=\"1024\" height=\"1024\" src=\"https:\/\/soymigrante.com\/revista\/wp-content\/uploads\/2024\/09\/Peter-Hernandez-Quiche-soy-migrante6-1-1024x1024.webp\" class=\"attachment-large size-large wp-image-8818\" alt=\"Vestido tradicional mexicano con plumas y accesorios coloridos, en un desfile cultural en un pueblo hist\u00f3rico de M\u00e9xico.\" srcset=\"https:\/\/soymigrante.com\/revista\/wp-content\/uploads\/2024\/09\/Peter-Hernandez-Quiche-soy-migrante6-1-1024x1024.webp 1024w, https:\/\/soymigrante.com\/revista\/wp-content\/uploads\/2024\/09\/Peter-Hernandez-Quiche-soy-migrante6-1-300x300.webp 300w, https:\/\/soymigrante.com\/revista\/wp-content\/uploads\/2024\/09\/Peter-Hernandez-Quiche-soy-migrante6-1-150x150.webp 150w, https:\/\/soymigrante.com\/revista\/wp-content\/uploads\/2024\/09\/Peter-Hernandez-Quiche-soy-migrante6-1-768x768.webp 768w, https:\/\/soymigrante.com\/revista\/wp-content\/uploads\/2024\/09\/Peter-Hernandez-Quiche-soy-migrante6-1-1536x1536.webp 1536w, https:\/\/soymigrante.com\/revista\/wp-content\/uploads\/2024\/09\/Peter-Hernandez-Quiche-soy-migrante6-1-scaled.webp 1920w, https:\/\/soymigrante.com\/revista\/wp-content\/uploads\/2024\/09\/Peter-Hernandez-Quiche-soy-migrante6-1-75x75.webp 75w, https:\/\/soymigrante.com\/revista\/wp-content\/uploads\/2024\/09\/Peter-Hernandez-Quiche-soy-migrante6-1-750x750.webp 750w, https:\/\/soymigrante.com\/revista\/wp-content\/uploads\/2024\/09\/Peter-Hernandez-Quiche-soy-migrante6-1-1140x1140.webp 1140w\" sizes=\"(max-width: 1024px) 100vw, 1024px\" \/>\n            <\/div>\n        <\/div><div class=\"eael-entry-wrapper\"><header class=\"eael-entry-header\"><h2 class=\"eael-entry-title\"><a class=\"eael-grid-post-link\" href=\"https:\/\/soymigrante.com\/revista\/asi-refleja-quiche-tierra-de-eternos-celajes-el-lente-de-peter-hernandez\/\" title=\"As\u00ed refleja Quich\u00e9, tierra de eternos celajes,  el lente de Peter Hern\u00e1ndez\">As\u00ed refleja Quich\u00e9, tierra de eternos celajes,  el lente de Peter Hern\u00e1ndez<\/a><\/h2><\/header><div class=\"eael-entry-content\">\n                        <div class=\"eael-grid-post-excerpt\"><a href=\"https:\/\/soymigrante.com\/revista\/asi-refleja-quiche-tierra-de-eternos-celajes-el-lente-de-peter-hernandez\/\" class=\"eael-post-elements-readmore-btn\">CONOCE SU HISTORIA <\/a><\/div>\n                    <\/div><\/div><\/div>\n        <\/div>\n    <\/article><\/div>\n            <div class=\"clearfix\"><\/div>\n        <\/div>\t\t\t\t<\/div>\n\t\t\t\t\t<\/div>\n\t\t\t\t<\/div>\n\t\t\t\t<\/div>\n\t\t","protected":false},"excerpt":{"rendered":"<p>India Quich\u00e9 es una de las bebidas m\u00e1s conocidas de Guatemala, por su sabor y tradici\u00f3n. Para muchos guatemaltecos, el sabor de la infancia tiene nombre propio: India Quich\u00e9. Esta bebida gaseosa, de un tono naranja y un sabor \u00fanico, ha marcado generaciones desde su creaci\u00f3n en 1926. Aunque no tiene la popularidad masiva de [&hellip;]<\/p>\n","protected":false},"author":19,"featured_media":37706,"comment_status":"open","ping_status":"open","sticky":false,"template":"","format":"standard","meta":{"_acf_changed":false,"_eb_attr":"","footnotes":""},"categories":[58],"tags":[],"class_list":["post-37705","post","type-post","status-publish","format-standard","has-post-thumbnail","hentry","category-guate-nuestra"],"acf":[],"aioseo_notices":[],"aioseo_head":"\n\t\t<!-- All in One SEO Pro 4.9.6.2 - aioseo.com -->\n\t<meta name=\"description\" content=\"As\u00ed capta los paisajes admirables de Santa Cruz del Quich\u00e9 y alrededores el fot\u00f3grafo Peter Hern\u00e1ndez con cari\u00f1o y creatividad.\" \/>\n\t<meta name=\"robots\" content=\"max-snippet:-1, max-image-preview:large, max-video-preview:-1\" \/>\n\t<meta name=\"author\" content=\"Beatriz Tercero\"\/>\n\t<link rel=\"canonical\" href=\"https:\/\/soymigrante.com\/revista\/asi-refleja-quiche-tierra-de-eternos-celajes-el-lente-de-peter-hernandez\/\" \/>\n\t<meta name=\"generator\" content=\"All in One SEO Pro (AIOSEO) 4.9.6.2\" \/>\n\n\t\t<link rel=\"preconnect\" href=\"https:\/\/fonts.googleapis.com\" crossorigin>\n<link rel=\"preconnect\" href=\"https:\/\/fonts.gstatic.com\" crossorigin>\n\t\t<meta property=\"og:locale\" content=\"es_ES\" \/>\n\t\t<meta property=\"og:site_name\" content=\"SoyMigrante.com REVISTA \u2013 Nuestra misi\u00f3n es reconocer y dignificar al migrante.\" \/>\n\t\t<meta property=\"og:type\" content=\"article\" \/>\n\t\t<meta property=\"og:title\" content=\"Quich\u00e9 es retratado por el fot\u00f3grafo Peter Hern\u00e1ndez\" \/>\n\t\t<meta property=\"og:description\" content=\"As\u00ed capta los paisajes admirables de Santa Cruz del Quich\u00e9 y alrededores el fot\u00f3grafo Peter Hern\u00e1ndez con cari\u00f1o y creatividad.\" \/>\n\t\t<meta property=\"og:url\" content=\"https:\/\/soymigrante.com\/revista\/asi-refleja-quiche-tierra-de-eternos-celajes-el-lente-de-peter-hernandez\/\" \/>\n\t\t<meta property=\"og:image\" content=\"https:\/\/soymigrante.com\/revista\/wp-content\/uploads\/2024\/09\/Peter-Hernandez-Quiche-soy-migrante6-1-scaled.webp\" \/>\n\t\t<meta property=\"og:image:secure_url\" content=\"https:\/\/soymigrante.com\/revista\/wp-content\/uploads\/2024\/09\/Peter-Hernandez-Quiche-soy-migrante6-1-scaled.webp\" \/>\n\t\t<meta property=\"og:image:width\" content=\"1920\" \/>\n\t\t<meta property=\"og:image:height\" content=\"1920\" \/>\n\t\t<meta property=\"article:published_time\" content=\"2024-09-07T21:05:00+00:00\" \/>\n\t\t<meta property=\"article:modified_time\" content=\"2024-09-07T16:13:05+00:00\" \/>\n\t\t<meta property=\"article:publisher\" content=\"https:\/\/www.facebook.com\/soymigrantecom\" \/>\n\t\t<meta name=\"twitter:card\" content=\"summary_large_image\" \/>\n\t\t<meta name=\"twitter:site\" content=\"@SoyMigrante_com\" \/>\n\t\t<meta name=\"twitter:title\" content=\"Quich\u00e9 es retratado por el fot\u00f3grafo Peter Hern\u00e1ndez\" \/>\n\t\t<meta name=\"twitter:description\" content=\"As\u00ed capta los paisajes admirables de Santa Cruz del Quich\u00e9 y alrededores el fot\u00f3grafo Peter Hern\u00e1ndez con cari\u00f1o y creatividad.\" \/>\n\t\t<meta name=\"twitter:creator\" content=\"@SoyMigrante_com\" \/>\n\t\t<meta name=\"twitter:image\" content=\"https:\/\/soymigrante.com\/revista\/wp-content\/uploads\/2024\/09\/Peter-Hernandez-Quiche-soy-migrante6-1-scaled.webp\" \/>\n\t\t<!-- All in One SEO Pro -->\r\n\t\t<title>Quich\u00e9 es retratado por el fot\u00f3grafo Peter Hern\u00e1ndez<\/title>\n\n","aioseo_head_json":{"title":"Quich\u00e9 es retratado por el fot\u00f3grafo Peter Hern\u00e1ndez","description":"As\u00ed capta los paisajes admirables de Santa Cruz del Quich\u00e9 y alrededores el fot\u00f3grafo Peter Hern\u00e1ndez con cari\u00f1o y creatividad.","canonical_url":"https:\/\/soymigrante.com\/revista\/asi-refleja-quiche-tierra-de-eternos-celajes-el-lente-de-peter-hernandez\/","robots":"max-snippet:-1, max-image-preview:large, max-video-preview:-1","keywords":"","webmasterTools":{"miscellaneous":"&lt;link rel=\"preconnect\" href=\"https:\/\/fonts.googleapis.com\" crossorigin&gt;\n&lt;link rel=\"preconnect\" href=\"https:\/\/fonts.gstatic.com\" crossorigin&gt;"},"schema":null,"og:locale":"es_ES","og:site_name":"SoyMigrante.com REVISTA \u2013 Nuestra misi\u00f3n es reconocer y dignificar al migrante.","og:type":"article","og:title":"Quich\u00e9 es retratado por el fot\u00f3grafo Peter Hern\u00e1ndez","og:description":"As\u00ed capta los paisajes admirables de Santa Cruz del Quich\u00e9 y alrededores el fot\u00f3grafo Peter Hern\u00e1ndez con cari\u00f1o y creatividad.","og:url":"https:\/\/soymigrante.com\/revista\/asi-refleja-quiche-tierra-de-eternos-celajes-el-lente-de-peter-hernandez\/","og:image":"https:\/\/soymigrante.com\/revista\/wp-content\/uploads\/2024\/09\/Peter-Hernandez-Quiche-soy-migrante6-1-scaled.webp","og:image:secure_url":"https:\/\/soymigrante.com\/revista\/wp-content\/uploads\/2024\/09\/Peter-Hernandez-Quiche-soy-migrante6-1-scaled.webp","og:image:width":1920,"og:image:height":1920,"article:published_time":"2024-09-07T21:05:00+00:00","article:modified_time":"2024-09-07T16:13:05+00:00","article:publisher":"https:\/\/www.facebook.com\/soymigrantecom","twitter:card":"summary_large_image","twitter:site":"@SoyMigrante_com","twitter:title":"Quich\u00e9 es retratado por el fot\u00f3grafo Peter Hern\u00e1ndez","twitter:description":"As\u00ed capta los paisajes admirables de Santa Cruz del Quich\u00e9 y alrededores el fot\u00f3grafo Peter Hern\u00e1ndez con cari\u00f1o y creatividad.","twitter:creator":"@SoyMigrante_com","twitter:image":"https:\/\/soymigrante.com\/revista\/wp-content\/uploads\/2024\/09\/Peter-Hernandez-Quiche-soy-migrante6-1-scaled.webp"},"aioseo_meta_data":{"post_id":"37705","title":null,"description":"Est\u00e1 por cumplir un siglo de vida el refresco India Quich\u00e9, muy popular en el Occidente guatemalteco por su sabor aut\u00e9ntico y refrescante. Conoce m\u00e1s.","keywords":null,"keyphrases":{"focus":{"keyphrase":"India Quich\u00e9","score":91,"analysis":{"keyphraseInTitle":{"score":9,"maxScore":9,"error":0},"keyphraseInDescription":{"score":9,"maxScore":9,"error":0},"keyphraseLength":{"score":9,"maxScore":9,"error":0,"length":2},"keyphraseInURL":{"score":5,"maxScore":5,"error":0},"keyphraseInIntroduction":{"score":9,"maxScore":9,"error":0},"keyphraseInSubHeadings":{"score":3,"maxScore":9,"error":1},"keyphraseInImageAlt":{"score":9,"maxScore":9,"error":0},"keywordDensity":{"type":"best","score":9,"maxScore":9,"error":0}}},"additional":[{"keyphrase":"Guatemala","score":60,"analysis":{"keyphraseInDescription":{"score":3,"maxScore":9,"error":1},"keyphraseLength":{"score":9,"maxScore":9,"error":0,"length":1},"keyphraseInIntroduction":{"score":3,"maxScore":9,"error":1},"keyphraseInImageAlt":{"score":3,"maxScore":9,"error":1},"keywordDensity":{"type":"best","score":9,"maxScore":9,"error":0}}},{"keyphrase":"Gaseosa","score":67,"analysis":{"keyphraseInDescription":{"score":3,"maxScore":9,"error":1},"keyphraseLength":{"score":9,"maxScore":9,"error":0,"length":1},"keyphraseInIntroduction":{"score":9,"maxScore":9,"error":0},"keyphraseInImageAlt":{"score":9,"maxScore":9,"error":0},"keywordDensity":{"score":0,"type":"low","maxScore":9,"error":1}}},{"keyphrase":"Refresco","score":53,"analysis":{"keyphraseInDescription":{"score":9,"maxScore":9,"error":0},"keyphraseLength":{"score":9,"maxScore":9,"error":0,"length":1},"keyphraseInIntroduction":{"score":3,"maxScore":9,"error":1},"keyphraseInImageAlt":{"score":3,"maxScore":9,"error":1},"keywordDensity":{"score":0,"type":"low","maxScore":9,"error":1}}}]},"primary_term":null,"canonical_url":null,"og_title":null,"og_description":null,"og_object_type":"default","og_image_type":"default","og_image_url":null,"og_image_width":null,"og_image_height":null,"og_image_custom_url":null,"og_image_custom_fields":null,"og_video":"","og_custom_url":null,"og_article_section":null,"og_article_tags":null,"twitter_use_og":false,"twitter_card":"default","twitter_image_type":"default","twitter_image_url":null,"twitter_image_custom_url":null,"twitter_image_custom_fields":null,"twitter_title":null,"twitter_description":null,"schema":{"blockGraphs":[],"customGraphs":[],"default":{"data":{"Article":[],"Course":[],"Dataset":[],"FAQPage":[],"Movie":[],"Person":[],"Product":[],"ProductReview":[],"Car":[],"Recipe":[],"Service":[],"SoftwareApplication":[],"WebPage":[]},"graphName":"none","isEnabled":true},"graphs":[]},"schema_type":"default","schema_type_options":null,"pillar_content":false,"robots_default":true,"robots_noindex":false,"robots_noarchive":false,"robots_nosnippet":false,"robots_nofollow":false,"robots_noimageindex":false,"robots_noodp":false,"robots_notranslate":false,"robots_max_snippet":"-1","robots_max_videopreview":"-1","robots_max_imagepreview":"large","priority":null,"frequency":"default","local_seo":null,"seo_analyzer_scan_date":"2025-10-09 06:12:21","breadcrumb_settings":null,"limit_modified_date":false,"reviewed_by":"0","open_ai":"{\"title\":{\"suggestions\":[],\"usage\":0},\"description\":{\"suggestions\":[],\"usage\":0}}","ai":{"faqs":[],"keyPoints":[],"titles":[],"descriptions":[],"socialPosts":{"email":[],"linkedin":[],"twitter":[],"facebook":[],"instagram":[]}},"created":"2025-06-25 15:52:18","updated":"2026-02-05 01:23:31"},"aioseo_breadcrumb":"<div class=\"aioseo-breadcrumbs\"><span class=\"aioseo-breadcrumb\">\n\t<a href=\"https:\/\/soymigrante.com\/revista\" title=\"Home\">Home<\/a>\n<\/span><span class=\"aioseo-breadcrumb-separator\">\u00bb<\/span><span class=\"aioseo-breadcrumb\">\n\t<a href=\"https:\/\/soymigrante.com\/revista\/category\/guate-nuestra\/\" title=\"Guate Nuestra\">Guate Nuestra<\/a>\n<\/span><span class=\"aioseo-breadcrumb-separator\">\u00bb<\/span><span class=\"aioseo-breadcrumb\">\n\tIndia Quich\u00e9 es una bebida guatemalteca de 99 a\u00f1os\n<\/span><\/div>","aioseo_breadcrumb_json":[{"label":"Home","link":"https:\/\/soymigrante.com\/revista"},{"label":"Guate Nuestra","link":"https:\/\/soymigrante.com\/revista\/category\/guate-nuestra\/"},{"label":"India Quich\u00e9 es una bebida guatemalteca de 99 a\u00f1os","link":"https:\/\/soymigrante.com\/revista\/india-quiche-gaseosa-guatemalteca-occidente-tiene-99-anos\/"}],"_links":{"self":[{"href":"https:\/\/soymigrante.com\/revista\/wp-json\/wp\/v2\/posts\/37705","targetHints":{"allow":["GET"]}}],"collection":[{"href":"https:\/\/soymigrante.com\/revista\/wp-json\/wp\/v2\/posts"}],"about":[{"href":"https:\/\/soymigrante.com\/revista\/wp-json\/wp\/v2\/types\/post"}],"author":[{"embeddable":true,"href":"https:\/\/soymigrante.com\/revista\/wp-json\/wp\/v2\/users\/19"}],"replies":[{"embeddable":true,"href":"https:\/\/soymigrante.com\/revista\/wp-json\/wp\/v2\/comments?post=37705"}],"version-history":[{"count":29,"href":"https:\/\/soymigrante.com\/revista\/wp-json\/wp\/v2\/posts\/37705\/revisions"}],"predecessor-version":[{"id":37847,"href":"https:\/\/soymigrante.com\/revista\/wp-json\/wp\/v2\/posts\/37705\/revisions\/37847"}],"wp:featuredmedia":[{"embeddable":true,"href":"https:\/\/soymigrante.com\/revista\/wp-json\/wp\/v2\/media\/37706"}],"wp:attachment":[{"href":"https:\/\/soymigrante.com\/revista\/wp-json\/wp\/v2\/media?parent=37705"}],"wp:term":[{"taxonomy":"category","embeddable":true,"href":"https:\/\/soymigrante.com\/revista\/wp-json\/wp\/v2\/categories?post=37705"},{"taxonomy":"post_tag","embeddable":true,"href":"https:\/\/soymigrante.com\/revista\/wp-json\/wp\/v2\/tags?post=37705"}],"curies":[{"name":"wp","href":"https:\/\/api.w.org\/{rel}","templated":true}]}}