{"id":37700,"date":"2025-06-25T10:31:03","date_gmt":"2025-06-25T16:31:03","guid":{"rendered":"https:\/\/soymigrante.com\/revista\/?p=37700"},"modified":"2025-09-11T15:40:27","modified_gmt":"2025-09-11T21:40:27","slug":"crece-el-sueno-de-bayit-emprendimiento-de-luz-velasquez-en-soloma","status":"publish","type":"post","link":"https:\/\/soymigrante.com\/revista\/crece-el-sueno-de-bayit-emprendimiento-de-luz-velasquez-en-soloma\/","title":{"rendered":"Crece el sue\u00f1o de Bayit, emprendimiento de Luz Vel\u00e1squez en Soloma"},"content":{"rendered":"\t\t<div data-elementor-type=\"wp-post\" data-elementor-id=\"37700\" class=\"elementor elementor-37700\" data-elementor-post-type=\"post\">\n\t\t\t\t<div data-particle_enable=\"false\" data-particle-mobile-disabled=\"false\" class=\"elementor-element elementor-element-4f18eb4 e-flex e-con-boxed e-con e-parent\" data-id=\"4f18eb4\" data-element_type=\"container\" data-e-type=\"container\">\n\t\t\t\t\t<div class=\"e-con-inner\">\n\t\t\t\t<div class=\"elementor-element elementor-element-084d3af elementor-widget elementor-widget-heading\" data-id=\"084d3af\" data-element_type=\"widget\" data-e-type=\"widget\" data-widget_type=\"heading.default\">\n\t\t\t\t\t<h2 class=\"elementor-heading-title elementor-size-default\"><span>Luz Vel\u00e1squez fund\u00f3 tienda de variedades Bayit para poder cuidar a su hijo en San Pedro Soloma, Huehuetenango. Vende ropa infantil, productos naturales y tambi\u00e9n art\u00edculos de crochet que ella misma elabora. Y ahora abri\u00f3 su espacio digital en SoyMigrante.com MERCADO<\/span><\/h2>\t\t\t\t<\/div>\n\t\t\t\t\t<\/div>\n\t\t\t\t<\/div>\n\t\t<div data-particle_enable=\"false\" data-particle-mobile-disabled=\"false\" class=\"elementor-element elementor-element-7527e3c e-flex e-con-boxed e-con e-parent\" data-id=\"7527e3c\" data-element_type=\"container\" data-e-type=\"container\">\n\t\t\t\t\t<div class=\"e-con-inner\">\n\t\t\t\t<div class=\"elementor-element elementor-element-2250caa elementor-widget elementor-widget-text-editor\" data-id=\"2250caa\" data-element_type=\"widget\" data-e-type=\"widget\" data-widget_type=\"text-editor.default\">\n\t\t\t\t\t\t\t\t\t<p>En San Pedro Soloma, pueblo enclavado en la <a href=\"https:\/\/soymigrante.com\/revista\/llamas-de-los-cuchumatanes-migraron-hace-23-anos-a-guatemala\/\">Sierra de los Cuchumatanes<\/a>, Huehuetenango,\u00a0 la madre y emprendedora Luz Vel\u00e1squez ha transformado su necesidad en oportunidad. Su tienda <a href=\"https:\/\/soymigrante.com\/mercado\/marketplace\/bayit-variedades\/?srsltid=AfmBOooNTdNL5bmZ6oKPreN4x2rcAx1KlqlnYM4-1aQLcEFguM9jJaqz\">Variedades Bayit,<\/a> nacida de una necesidad familiar es hoy un ejemplo de creatividad y\u00a0<a href=\"https:\/\/soymigrante.com\/revista\/alan-tenenbaum-es-ejemplo-de-resiliencia-voluntad-y-superacion-sus-libros-estan-en-mercado\/\">resiliencia<\/a>: el amor de una madre como fuerza innovadora.<\/p><p>En <a href=\"https:\/\/soymigrante.com\/mercado\/marketplace\/bayit-variedades\/\">Variedades Bayit,<\/a> Luz vende prendas infantiles, accesorios de uso personal, algunos suplementos alimenticios y tambi\u00e9n encantadores art\u00edculos tejidos en crochet por ella misma.\u00a0 Ahora est\u00e1 presente en <a href=\"https:\/\/soymigrante.com\/mercado\/\">SoyMigrante.com MERCADO<\/a>, la comunidad digital que une a emprendedores y compradores de toda Guatemala, para potenciar el desarrollo de las comunidades, mejorar la econom\u00eda local y frenar la migraci\u00f3n. Y esta es la historia de Luz Vel\u00e1squez.<\/p>\t\t\t\t\t\t\t\t<\/div>\n\t\t\t\t\t<\/div>\n\t\t\t\t<\/div>\n\t\t<div data-particle_enable=\"false\" data-particle-mobile-disabled=\"false\" class=\"elementor-element elementor-element-f6db0f6 e-flex e-con-boxed e-con e-parent\" data-id=\"f6db0f6\" data-element_type=\"container\" data-e-type=\"container\">\n\t\t\t\t\t<div class=\"e-con-inner\">\n\t\t\t\t<div class=\"elementor-element elementor-element-b99e49f elementor-widget elementor-widget-html\" data-id=\"b99e49f\" data-element_type=\"widget\" data-e-type=\"widget\" data-widget_type=\"html.default\">\n\t\t\t\t\t<iframe width=\"560\" height=\"315\" src=\"https:\/\/www.youtube.com\/embed\/6mmce_81hLM?si=2M2SQFp0UTvIFXVg\" title=\"YouTube video player\" frameborder=\"0\" allow=\"accelerometer; autoplay; clipboard-write; encrypted-media; gyroscope; picture-in-picture; web-share\" referrerpolicy=\"strict-origin-when-cross-origin\" allowfullscreen><\/iframe>\t\t\t\t<\/div>\n\t\t\t\t\t<\/div>\n\t\t\t\t<\/div>\n\t\t<div data-particle_enable=\"false\" data-particle-mobile-disabled=\"false\" class=\"elementor-element elementor-element-c5d6b0a e-flex e-con-boxed e-con e-parent\" data-id=\"c5d6b0a\" data-element_type=\"container\" data-e-type=\"container\">\n\t\t\t\t\t<div class=\"e-con-inner\">\n\t\t\t\t<div class=\"elementor-element elementor-element-678e036 elementor-widget elementor-widget-image\" data-id=\"678e036\" data-element_type=\"widget\" data-e-type=\"widget\" data-widget_type=\"image.default\">\n\t\t\t\t\t\t\t\t\t\t\t\t<figure class=\"wp-caption\">\n\t\t\t\t\t\t\t\t\t\t\t<a href=\"https:\/\/soymigrante.com\/mercado\/marketplace\/seller\/profile\/artesaniasales\">\n\t\t\t\t\t\t\t<img fetchpriority=\"high\" decoding=\"async\" width=\"1024\" height=\"458\" src=\"https:\/\/soymigrante.com\/revista\/wp-content\/uploads\/2025\/06\/bayit-variedades-1024x458.png\" class=\"attachment-large size-large wp-image-37715\" alt=\"Envases de productos naturales y artesanales en SoyMigrante.com REVISTA, enfocados en temas de migrantes, comercio justo y productos tradicionales de Guatemala.\" srcset=\"https:\/\/soymigrante.com\/revista\/wp-content\/uploads\/2025\/06\/bayit-variedades-1024x458.png 1024w, https:\/\/soymigrante.com\/revista\/wp-content\/uploads\/2025\/06\/bayit-variedades-300x134.png 300w, https:\/\/soymigrante.com\/revista\/wp-content\/uploads\/2025\/06\/bayit-variedades-768x344.png 768w, https:\/\/soymigrante.com\/revista\/wp-content\/uploads\/2025\/06\/bayit-variedades-1536x687.png 1536w, https:\/\/soymigrante.com\/revista\/wp-content\/uploads\/2025\/06\/bayit-variedades-2048x916.png 2048w, https:\/\/soymigrante.com\/revista\/wp-content\/uploads\/2025\/06\/bayit-variedades-750x336.webp 750w, https:\/\/soymigrante.com\/revista\/wp-content\/uploads\/2025\/06\/bayit-variedades-1140x510.webp 1140w, https:\/\/soymigrante.com\/revista\/wp-content\/uploads\/2025\/06\/bayit-variedades.webp 1920w\" sizes=\"(max-width: 1024px) 100vw, 1024px\" title=\"Bayit variedades, la tienda digital de Luz Vel\u00e1squez seguir\u00e1 creciendo con productos artesanales. Por ahora solo distribuye suplementos alimenticios, pero ella espera innovar muy pronto. \u2013 SoyMigrante.com REVISTA\" \/>\t\t\t\t\t\t\t\t<\/a>\n\t\t\t\t\t\t\t\t\t\t\t<figcaption class=\"widget-image-caption wp-caption-text\">Variedad de envases de productos naturales y artesanales en SoyMigrante.com REVISTA, mostrando art\u00edculos hechos a mano, artesan\u00edas y alimentos tradicionales en un mercado en l\u00ednea.<\/figcaption>\n\t\t\t\t\t\t\t\t\t\t<\/figure>\n\t\t\t\t\t\t\t\t\t<\/div>\n\t\t\t\t\t<\/div>\n\t\t\t\t<\/div>\n\t\t<div data-particle_enable=\"false\" data-particle-mobile-disabled=\"false\" class=\"elementor-element elementor-element-bae20b1 e-flex e-con-boxed e-con e-parent\" data-id=\"bae20b1\" data-element_type=\"container\" data-e-type=\"container\">\n\t\t\t\t\t<div class=\"e-con-inner\">\n\t\t\t\t<div class=\"elementor-element elementor-element-e9bf74e elementor-widget elementor-widget-heading\" data-id=\"e9bf74e\" data-element_type=\"widget\" data-e-type=\"widget\" data-widget_type=\"heading.default\">\n\t\t\t\t\t<h3 class=\"elementor-heading-title elementor-size-default\">Necesidad vs Prioridad: ra\u00edz del emprendimiento<\/h3>\t\t\t\t<\/div>\n\t\t\t\t\t<\/div>\n\t\t\t\t<\/div>\n\t\t<div data-particle_enable=\"false\" data-particle-mobile-disabled=\"false\" class=\"elementor-element elementor-element-cdc073f e-flex e-con-boxed e-con e-parent\" data-id=\"cdc073f\" data-element_type=\"container\" data-e-type=\"container\">\n\t\t\t\t\t<div class=\"e-con-inner\">\n\t\t\t\t<div class=\"elementor-element elementor-element-c6cee37 elementor-widget elementor-widget-text-editor\" data-id=\"c6cee37\" data-element_type=\"widget\" data-e-type=\"widget\" data-widget_type=\"text-editor.default\">\n\t\t\t\t\t\t\t\t\t<p>\u201cYo trabajaba en un hospital\u2026 me consum\u00eda el tiempo y me dejaba muy poca oportunidad de cuidar a mi hijo.\u201d, cuenta Luz Vel\u00e1squez, nacida en San Pedro Soloma en 1997.\u00a0<\/p><p>Se gradu\u00f3 de diversificado como Perito en Administraci\u00f3n y emprendi\u00f3 la carrera universitaria de licenciatura Administraci\u00f3n de Empresas. Sin embargo no pudo continuar, por razones econ\u00f3micas y tambi\u00e9n porque deb\u00eda cuidar de su beb\u00e9. \u201cLa licenciatura la dej\u00e9 en el tercer semestre\u201d, relata.<\/p><p>Trabaj\u00f3 en un hospital local efectuando algunas labores como auxiliar de enfermer\u00eda. A veces hab\u00eda turnos largos, pero su hogar necesitaba el ingreso. Sin embargo decidi\u00f3 dejar ese empleo tras un par de accidentes dom\u00e9sticos de su hijo peque\u00f1o. Necesitaba <a href=\"https:\/\/soymigrante.com\/revista\/algunas-claves-sobre-el-cuidado-de-los-ninos-de-cero-a-5-anos\/\">cuidarlo<\/a>. \u201cUna vez se cay\u00f3 y se quebr\u00f3 un diente. En otra ocasi\u00f3n se quebr\u00f3 el dedito peque\u00f1o del pie. No ten\u00eda quien me lo viera a tiempo completo\u201d, relata Luz.<\/p>\t\t\t\t\t\t\t\t<\/div>\n\t\t\t\t\t<\/div>\n\t\t\t\t<\/div>\n\t\t<div data-particle_enable=\"false\" data-particle-mobile-disabled=\"false\" class=\"elementor-element elementor-element-bf71b92 e-flex e-con-boxed e-con e-parent\" data-id=\"bf71b92\" data-element_type=\"container\" data-e-type=\"container\">\n\t\t\t\t\t<div class=\"e-con-inner\">\n\t\t\t\t<div class=\"elementor-element elementor-element-ae56a45 elementor-widget elementor-widget-image\" data-id=\"ae56a45\" data-element_type=\"widget\" data-e-type=\"widget\" data-widget_type=\"image.default\">\n\t\t\t\t\t\t\t\t\t\t\t\t<figure class=\"wp-caption\">\n\t\t\t\t\t\t\t\t\t\t<img decoding=\"async\" width=\"1024\" height=\"681\" src=\"https:\/\/soymigrante.com\/revista\/wp-content\/uploads\/2025\/06\/emprendedora-luz-velasquez-variedades-bayit-en-san-pedro-soloma-1024x681.jpg\" class=\"attachment-large size-large wp-image-37720\" alt=\"Artesan\u00edas y comercio de migrantes mexicanos en Estados Unidos, ejemplo de emprendimiento, cultura y resiliencia. Reportaje en SoyMigrante.com REVISTA sobre historias migrantes y sus iniciativas.\" srcset=\"https:\/\/soymigrante.com\/revista\/wp-content\/uploads\/2025\/06\/emprendedora-luz-velasquez-variedades-bayit-en-san-pedro-soloma-1024x681.jpg 1024w, https:\/\/soymigrante.com\/revista\/wp-content\/uploads\/2025\/06\/emprendedora-luz-velasquez-variedades-bayit-en-san-pedro-soloma-300x200.jpg 300w, https:\/\/soymigrante.com\/revista\/wp-content\/uploads\/2025\/06\/emprendedora-luz-velasquez-variedades-bayit-en-san-pedro-soloma-768x511.jpg 768w, https:\/\/soymigrante.com\/revista\/wp-content\/uploads\/2025\/06\/emprendedora-luz-velasquez-variedades-bayit-en-san-pedro-soloma-1536x1022.jpg 1536w, https:\/\/soymigrante.com\/revista\/wp-content\/uploads\/2025\/06\/emprendedora-luz-velasquez-variedades-bayit-en-san-pedro-soloma-2048x1362.jpg 2048w, https:\/\/soymigrante.com\/revista\/wp-content\/uploads\/2025\/06\/emprendedora-luz-velasquez-variedades-bayit-en-san-pedro-soloma-750x499.webp 750w, https:\/\/soymigrante.com\/revista\/wp-content\/uploads\/2025\/06\/emprendedora-luz-velasquez-variedades-bayit-en-san-pedro-soloma-1140x758.webp 1140w, https:\/\/soymigrante.com\/revista\/wp-content\/uploads\/2025\/06\/emprendedora-luz-velasquez-variedades-bayit-en-san-pedro-soloma.webp 1920w\" sizes=\"(max-width: 1024px) 100vw, 1024px\" title=\"Luz Vel\u00e1squez tiene toda una variedad de art\u00edculos \u00fatiles en su tienda f\u00edsica en San Pedro Soloma, pero destacan las creaciones tejidas en crochet que ella misma elabora. (Foto Abel Ju\u00e1rez) \u2013 SoyMigrante.com REVISTA\" \/>\t\t\t\t\t\t\t\t\t\t\t<figcaption class=\"widget-image-caption wp-caption-text\">Una joven mexicana en su puesto de artesan\u00edas en Estados Unidos, promoviendo el arte y cultura migrante con productos hechos a mano, en un contexto de comunidad y esfuerzo.<\/figcaption>\n\t\t\t\t\t\t\t\t\t\t<\/figure>\n\t\t\t\t\t\t\t\t\t<\/div>\n\t\t\t\t\t<\/div>\n\t\t\t\t<\/div>\n\t\t<div data-particle_enable=\"false\" data-particle-mobile-disabled=\"false\" class=\"elementor-element elementor-element-ad2523c e-flex e-con-boxed e-con e-parent\" data-id=\"ad2523c\" data-element_type=\"container\" data-e-type=\"container\">\n\t\t\t\t\t<div class=\"e-con-inner\">\n\t\t\t\t<div class=\"elementor-element elementor-element-e9a0c49 elementor-widget elementor-widget-heading\" data-id=\"e9a0c49\" data-element_type=\"widget\" data-e-type=\"widget\" data-widget_type=\"heading.default\">\n\t\t\t\t\t<h3 class=\"elementor-heading-title elementor-size-default\">Camino de aprendizaje de Bayit<\/h3>\t\t\t\t<\/div>\n\t\t\t\t\t<\/div>\n\t\t\t\t<\/div>\n\t\t<div data-particle_enable=\"false\" data-particle-mobile-disabled=\"false\" class=\"elementor-element elementor-element-055cba8 e-flex e-con-boxed e-con e-parent\" data-id=\"055cba8\" data-element_type=\"container\" data-e-type=\"container\">\n\t\t\t\t\t<div class=\"e-con-inner\">\n\t\t\t\t<div class=\"elementor-element elementor-element-beff895 elementor-widget elementor-widget-text-editor\" data-id=\"beff895\" data-element_type=\"widget\" data-e-type=\"widget\" data-widget_type=\"text-editor.default\">\n\t\t\t\t\t\t\t\t\t<p>Fue entonces cuando naci\u00f3&nbsp;<a href=\"https:\/\/soymigrante.com\/mercado\/marketplace\/bayit-variedades\/?srsltid=AfmBOooNTdNL5bmZ6oKPreN4x2rcAx1KlqlnYM4-1aQLcEFguM9jJaqz\" target=\"_blank\">Bayit<\/a>, inicialmente como una tienda de ropa para hombres.&nbsp; Sin embargo, se dio cuenta que era dif\u00edcil complacer tantos gustos. Luego dio un giro a la ropa de mujeres, que funcion\u00f3 un poco mejor. As\u00ed lleg\u00f3 a un nicho de mercado m\u00e1s exitoso: la ropa de beb\u00e9s. \u201cMe di cuenta que no se encontraba ropa bonita, ropa importada para beb\u00e9s y ni\u00f1os peque\u00f1os.&nbsp; La gente me preguntaba y no ten\u00eda. As\u00ed me enfoqu\u00e9 en este segmento\u201d.<\/p>\n<p>Adem\u00e1s de la ropa, Luz incorpor\u00f3 a Bayit la venta de suplementos nutricionales bebibles, destinados al bienestar y la salud. \u201cYo ten\u00eda una amiga conocida que empez\u00f3 a publicar el producto. Hab\u00eda unas vitaminas para ni\u00f1os solubles en agua y le cay\u00f3 muy bien a mi ni\u00f1o\u201d.<\/p>\n<p>Luz agradece el apoyo de su hermano, que fue quien le dio el capital inicial para fundar Bayit. &#8220;Entonces \u00e9l lo financi\u00f3 y yo me enfoqu\u00e9 en las ventas&#8221;.&nbsp; El modelo de venta de Luz se basa en el testimonio. \u201cSe me dan las ventas cont\u00e1ndole a las personas c\u00f3mo es que funciona el producto&#8221;.<\/p>\t\t\t\t\t\t\t\t<\/div>\n\t\t\t\t\t<\/div>\n\t\t\t\t<\/div>\n\t\t<div data-particle_enable=\"false\" data-particle-mobile-disabled=\"false\" class=\"elementor-element elementor-element-c557a8f e-flex e-con-boxed e-con e-parent\" data-id=\"c557a8f\" data-element_type=\"container\" data-e-type=\"container\">\n\t\t\t\t\t<div class=\"e-con-inner\">\n\t\t\t\t<div class=\"elementor-element elementor-element-de0af0b elementor-align-center elementor-widget elementor-widget-global elementor-global-14402 elementor-widget-button\" data-id=\"de0af0b\" data-element_type=\"widget\" data-e-type=\"widget\" data-widget_type=\"button.default\">\n\t\t\t\t\t\t\t\t\t\t<a class=\"elementor-button elementor-button-link elementor-size-sm\" href=\"https:\/\/soymigrante.com\/mercado\/marketplace\/seller\/register\">\n\t\t\t\t\t\t<span class=\"elementor-button-content-wrapper\">\n\t\t\t\t\t\t<span class=\"elementor-button-icon\">\n\t\t\t\t<i aria-hidden=\"true\" class=\"fas fa-cart-arrow-down\"><\/i>\t\t\t<\/span>\n\t\t\t\t\t\t\t\t\t<span class=\"elementor-button-text\">\u00bfERES EMPRENDEDOR Y QUIERES ENTRAR AL COMERCIO DIGITAL? NO ESPERES M\u00c1S Y  ABRE TU TIENDA DIGITAL  EN SOYMIGRANTE.COM\/MERCADO <\/span>\n\t\t\t\t\t<\/span>\n\t\t\t\t\t<\/a>\n\t\t\t\t\t\t\t\t<\/div>\n\t\t\t\t\t<\/div>\n\t\t\t\t<\/div>\n\t\t<div data-particle_enable=\"false\" data-particle-mobile-disabled=\"false\" class=\"elementor-element elementor-element-6f4b8a7 e-flex e-con-boxed e-con e-parent\" data-id=\"6f4b8a7\" data-element_type=\"container\" data-e-type=\"container\">\n\t\t\t\t\t<div class=\"e-con-inner\">\n\t\t\t\t<div class=\"elementor-element elementor-element-abb48c4 elementor-widget elementor-widget-image\" data-id=\"abb48c4\" data-element_type=\"widget\" data-e-type=\"widget\" data-widget_type=\"image.default\">\n\t\t\t\t\t\t\t\t\t\t\t\t<figure class=\"wp-caption\">\n\t\t\t\t\t\t\t\t\t\t<img decoding=\"async\" width=\"1024\" height=\"681\" src=\"https:\/\/soymigrante.com\/revista\/wp-content\/uploads\/2025\/06\/emprendedora-luz-velasquez-variedades-Bayit-en-san-pedro-soloma-1-1024x681.jpg\" class=\"attachment-large size-large wp-image-37721\" alt=\"Compra y venta de productos en l\u00ednea para migrantes y sus comunidades en SoyMigrante.com REVISTA.\" srcset=\"https:\/\/soymigrante.com\/revista\/wp-content\/uploads\/2025\/06\/emprendedora-luz-velasquez-variedades-Bayit-en-san-pedro-soloma-1-1024x681.jpg 1024w, https:\/\/soymigrante.com\/revista\/wp-content\/uploads\/2025\/06\/emprendedora-luz-velasquez-variedades-Bayit-en-san-pedro-soloma-1-300x200.jpg 300w, https:\/\/soymigrante.com\/revista\/wp-content\/uploads\/2025\/06\/emprendedora-luz-velasquez-variedades-Bayit-en-san-pedro-soloma-1-768x511.jpg 768w, https:\/\/soymigrante.com\/revista\/wp-content\/uploads\/2025\/06\/emprendedora-luz-velasquez-variedades-Bayit-en-san-pedro-soloma-1-1536x1022.jpg 1536w, https:\/\/soymigrante.com\/revista\/wp-content\/uploads\/2025\/06\/emprendedora-luz-velasquez-variedades-Bayit-en-san-pedro-soloma-1-2048x1363.jpg 2048w, https:\/\/soymigrante.com\/revista\/wp-content\/uploads\/2025\/06\/emprendedora-luz-velasquez-variedades-Bayit-en-san-pedro-soloma-1-750x499.webp 750w, https:\/\/soymigrante.com\/revista\/wp-content\/uploads\/2025\/06\/emprendedora-luz-velasquez-variedades-Bayit-en-san-pedro-soloma-1-1140x758.webp 1140w, https:\/\/soymigrante.com\/revista\/wp-content\/uploads\/2025\/06\/emprendedora-luz-velasquez-variedades-Bayit-en-san-pedro-soloma-1-scaled.webp 1920w\" sizes=\"(max-width: 1024px) 100vw, 1024px\" title=\"Ahora Bayit ofrece sus productos a trav\u00e9s de su tienda digital en SoyMigrante.com MERCADO. &quot;Es una gran oportunidad y un  espacio tecnol\u00f3gico de primer nivel que los emprendedores no podr\u00edamos costear, pero es gratis&quot;, exclama Luz. \u2013 SoyMigrante.com REVISTA\" \/>\t\t\t\t\t\t\t\t\t\t\t<figcaption class=\"widget-image-caption wp-caption-text\">Mujer revisando una tienda en l\u00ednea en su tel\u00e9fono m\u00f3vil, mostrando c\u00f3mo las plataformas digitales apoyan a la comunidad migrante en la compra y venta de productos.<\/figcaption>\n\t\t\t\t\t\t\t\t\t\t<\/figure>\n\t\t\t\t\t\t\t\t\t<\/div>\n\t\t\t\t\t<\/div>\n\t\t\t\t<\/div>\n\t\t<div data-particle_enable=\"false\" data-particle-mobile-disabled=\"false\" class=\"elementor-element elementor-element-5c6b6ab e-flex e-con-boxed e-con e-parent\" data-id=\"5c6b6ab\" data-element_type=\"container\" data-e-type=\"container\">\n\t\t\t\t\t<div class=\"e-con-inner\">\n\t\t\t\t<div class=\"elementor-element elementor-element-f9e1efa elementor-widget elementor-widget-heading\" data-id=\"f9e1efa\" data-element_type=\"widget\" data-e-type=\"widget\" data-widget_type=\"heading.default\">\n\t\t\t\t\t<h3 class=\"elementor-heading-title elementor-size-default\">Por qu\u00e9 se decidi\u00f3 a entrar a MERCADO<\/h3>\t\t\t\t<\/div>\n\t\t\t\t\t<\/div>\n\t\t\t\t<\/div>\n\t\t<div data-particle_enable=\"false\" data-particle-mobile-disabled=\"false\" class=\"elementor-element elementor-element-0f529c0 e-flex e-con-boxed e-con e-parent\" data-id=\"0f529c0\" data-element_type=\"container\" data-e-type=\"container\">\n\t\t\t\t\t<div class=\"e-con-inner\">\n\t\t\t\t<div class=\"elementor-element elementor-element-3c037c2 elementor-widget elementor-widget-text-editor\" data-id=\"3c037c2\" data-element_type=\"widget\" data-e-type=\"widget\" data-widget_type=\"text-editor.default\">\n\t\t\t\t\t\t\t\t\t<p>Hasta ahora Luz ha dependido de las ventas presenciales.\u00a0 Experiment\u00f3 con venta por redes sociales, pero su alcance era limitado. \u201cMi p\u00fablico en redes eran mis amistades\u2026 pero estaba siempre la espinita esa de poder distribuirle a m\u00e1s personas, tener una plataforma, una p\u00e1gina web\u201d.<\/p><p><b>Fue entonces cuando su esposo le habl\u00f3 de <a href=\"https:\/\/soymigrante.com\/mercado\/\">SoyMigrante.com MERCADO<\/a>, la tienda digital impulsada por el emprendedor\u00a0 tecnol\u00f3gico guatemalteco Marcos Antil. Luz le respondi\u00f3: &#8220;Solo tengo Q3 mil para pagar que me hagan la p\u00e1gina web&#8221;.\u00a0 Y su esposo le respondi\u00f3: \u2014Entrar a MERCADO<a href=\"https:\/\/soymigrante.com\/mercado\/marketplace\/seller\/register\" data-wplink-edit=\"true\"> es gratis<\/a>. No debes pagar nada por abrir tu tienda. &#8220;Entonces dije: \u00a1Ah, no se diga m\u00e1s!\u201d.<\/b><\/p><p>\u00a0\u201cTengo durmiendo un mont\u00f3n de producto ah\u00ed porque yo tambi\u00e9n hago cosas a crochet\u201d. Gracias al equipo de SoyMigrante.com, varias de sus piezas hechas a mano est\u00e1n siendo fotografiadas y preparadas para subir al sitio.\u00a0<\/p><p>Como coincidencia, Luz hab\u00eda asistido a dos capacitaciones impartidas por<a href=\"https:\/\/soymigrante.com\/revista\/un-tejido-de-una-abuela-maya-es-tan-valioso-como-un-software-de-silicon-valley-marcos-antil-en-foro-de-industria-creativa\/\"> Marcos Antil<\/a>, fundador de SoyMigrante.com.\u00a0 \u201cTiene el mensaje de que nada es imposible\u2026 eso es lo que hay que aprender\u201d.\u00a0<\/p><p>A sus 28 a\u00f1os, con dos hijos peque\u00f1os y un gran sue\u00f1o de salir adelante, Luz se siente inspirada. \u201cA veces hay d\u00edas que podr\u00eda quedarse uno tirado, por el des\u00e1nimo: pero mis hijos me dan la raz\u00f3n para seguir esforz\u00e1ndonos. Ellos son la inspiraci\u00f3n\u201d.<\/p>\t\t\t\t\t\t\t\t<\/div>\n\t\t\t\t\t<\/div>\n\t\t\t\t<\/div>\n\t\t<div data-particle_enable=\"false\" data-particle-mobile-disabled=\"false\" class=\"elementor-element elementor-element-82ace7e e-flex e-con-boxed e-con e-parent\" data-id=\"82ace7e\" data-element_type=\"container\" data-e-type=\"container\">\n\t\t\t\t\t<div class=\"e-con-inner\">\n\t\t\t\t<div class=\"elementor-element elementor-element-b58b3d8 elementor-invisible elementor-widget elementor-widget-testimonial\" data-id=\"b58b3d8\" data-element_type=\"widget\" data-e-type=\"widget\" data-settings=\"{&quot;_animation&quot;:&quot;rotateInUpRight&quot;}\" data-widget_type=\"testimonial.default\">\n\t\t\t\t\t\t\t<div class=\"elementor-testimonial-wrapper\">\n\t\t\t\t\t\t\t<div class=\"elementor-testimonial-content\">\"Solo hab\u00eda vendido por Facebook pero el alcance es limitado y no facilitan el pago o el transporte. Mi esposo me habl\u00f3 de SoyMigrante MERCADO y yo le respond\u00ed: 'Pero solo tengo Q3 mil para pagar que alguien me haga una tienda digital'. Y \u00e9l me respondi\u00f3: -\u00a1Es gratis! No tienes que pagar nada por abrir tu tienda. Entonces yo exclam\u00e9 \u00a1No se diga m\u00e1s! Y abr\u00ed Bayit en MERCADO\"\n<\/div>\n\t\t\t\n\t\t\t\t\t\t<div class=\"elementor-testimonial-meta elementor-has-image elementor-testimonial-image-position-aside\">\n\t\t\t\t<div class=\"elementor-testimonial-meta-inner\">\n\t\t\t\t\t\t\t\t\t\t\t<div class=\"elementor-testimonial-image\">\n\t\t\t\t\t\t\t<img loading=\"lazy\" decoding=\"async\" width=\"1920\" height=\"1920\" src=\"https:\/\/soymigrante.com\/revista\/wp-content\/uploads\/2025\/06\/emprendedora-luz-velasquez-MERCADO-soloma-fotos-abel-juarez-COPIA-1.webp\" class=\"attachment-full size-full wp-image-37723\" alt=\"Artesan\u00edas hechas a mano en mercado local, mujer mostrando productos de crochet y manualidades, cultura y tradici\u00f3n en comunidad inmigrante, alegr\u00eda y creatividad en el comercio artesanal.\" title=\"emprendedora luz velasquez MERCADO soloma fotos abel juarez COPIA \u2013 SoyMigrante.com REVISTA\" srcset=\"https:\/\/soymigrante.com\/revista\/wp-content\/uploads\/2025\/06\/emprendedora-luz-velasquez-MERCADO-soloma-fotos-abel-juarez-COPIA-1.webp 1920w, https:\/\/soymigrante.com\/revista\/wp-content\/uploads\/2025\/06\/emprendedora-luz-velasquez-MERCADO-soloma-fotos-abel-juarez-COPIA-1-300x300.jpg 300w, https:\/\/soymigrante.com\/revista\/wp-content\/uploads\/2025\/06\/emprendedora-luz-velasquez-MERCADO-soloma-fotos-abel-juarez-COPIA-1-1024x1024.jpg 1024w, https:\/\/soymigrante.com\/revista\/wp-content\/uploads\/2025\/06\/emprendedora-luz-velasquez-MERCADO-soloma-fotos-abel-juarez-COPIA-1-150x150.jpg 150w, https:\/\/soymigrante.com\/revista\/wp-content\/uploads\/2025\/06\/emprendedora-luz-velasquez-MERCADO-soloma-fotos-abel-juarez-COPIA-1-768x768.jpg 768w, https:\/\/soymigrante.com\/revista\/wp-content\/uploads\/2025\/06\/emprendedora-luz-velasquez-MERCADO-soloma-fotos-abel-juarez-COPIA-1-1536x1536.jpg 1536w, https:\/\/soymigrante.com\/revista\/wp-content\/uploads\/2025\/06\/emprendedora-luz-velasquez-MERCADO-soloma-fotos-abel-juarez-COPIA-1-2048x2048.jpg 2048w, https:\/\/soymigrante.com\/revista\/wp-content\/uploads\/2025\/06\/emprendedora-luz-velasquez-MERCADO-soloma-fotos-abel-juarez-COPIA-1-75x75.webp 75w, https:\/\/soymigrante.com\/revista\/wp-content\/uploads\/2025\/06\/emprendedora-luz-velasquez-MERCADO-soloma-fotos-abel-juarez-COPIA-1-750x750.webp 750w, https:\/\/soymigrante.com\/revista\/wp-content\/uploads\/2025\/06\/emprendedora-luz-velasquez-MERCADO-soloma-fotos-abel-juarez-COPIA-1-1140x1140.webp 1140w\" sizes=\"(max-width: 1920px) 100vw, 1920px\" \/>\t\t\t\t\t\t<\/div>\n\t\t\t\t\t\n\t\t\t\t\t\t\t\t\t\t<div class=\"elementor-testimonial-details\">\n\t\t\t\t\t\t\t\t\t\t\t\t\t\t<div class=\"elementor-testimonial-name\">Luz Vel\u00e1squez<\/div>\n\t\t\t\t\t\t\t\t\t\t\t\t\t\t\t\t\t\t\t\t\t\t<div class=\"elementor-testimonial-job\">Madre y emprendedora guatemalteca\nde San Pedro Soloma, Huehuetenango.<\/div>\n\t\t\t\t\t\t\t\t\t\t\t\t\t<\/div>\n\t\t\t\t\t\t\t\t\t<\/div>\n\t\t\t<\/div>\n\t\t\t\t\t<\/div>\n\t\t\t\t\t\t<\/div>\n\t\t\t\t\t<\/div>\n\t\t\t\t<\/div>\n\t\t<div data-particle_enable=\"false\" data-particle-mobile-disabled=\"false\" class=\"elementor-element elementor-element-a292d33 e-flex e-con-boxed e-con e-parent\" data-id=\"a292d33\" data-element_type=\"container\" data-e-type=\"container\">\n\t\t\t\t\t<div class=\"e-con-inner\">\n\t\t\t\t<div class=\"elementor-element elementor-element-c999367 elementor-align-center elementor-widget elementor-widget-global elementor-global-14402 elementor-widget-button\" data-id=\"c999367\" data-element_type=\"widget\" data-e-type=\"widget\" data-widget_type=\"button.default\">\n\t\t\t\t\t\t\t\t\t\t<a class=\"elementor-button elementor-button-link elementor-size-sm\" href=\"https:\/\/soymigrante.com\/mercado\/marketplace\/seller\/register\">\n\t\t\t\t\t\t<span class=\"elementor-button-content-wrapper\">\n\t\t\t\t\t\t<span class=\"elementor-button-icon\">\n\t\t\t\t<i aria-hidden=\"true\" class=\"fas fa-cart-arrow-down\"><\/i>\t\t\t<\/span>\n\t\t\t\t\t\t\t\t\t<span class=\"elementor-button-text\">\u00bfERES EMPRENDEDOR Y QUIERES ENTRAR AL COMERCIO DIGITAL? NO ESPERES M\u00c1S Y  ABRE TU TIENDA DIGITAL  EN SOYMIGRANTE.COM\/MERCADO <\/span>\n\t\t\t\t\t<\/span>\n\t\t\t\t\t<\/a>\n\t\t\t\t\t\t\t\t<\/div>\n\t\t\t\t\t<\/div>\n\t\t\t\t<\/div>\n\t\t\t\t<\/div>\n\t\t","protected":false},"excerpt":{"rendered":"<p>Luz Vel\u00e1squez fund\u00f3 tienda de variedades Bayit para poder cuidar a su hijo en San Pedro Soloma, Huehuetenango. Vende ropa infantil, productos naturales y tambi\u00e9n art\u00edculos de crochet que ella misma elabora. Y ahora abri\u00f3 su espacio digital en SoyMigrante.com MERCADO En San Pedro Soloma, pueblo enclavado en la Sierra de los Cuchumatanes, Huehuetenango,\u00a0 la [&hellip;]<\/p>\n","protected":false},"author":7,"featured_media":37702,"comment_status":"open","ping_status":"open","sticky":false,"template":"","format":"standard","meta":{"_acf_changed":false,"_eb_attr":"","footnotes":""},"categories":[58],"tags":[130],"class_list":["post-37700","post","type-post","status-publish","format-standard","has-post-thumbnail","hentry","category-guate-nuestra","tag-mercado-emprendedores"],"acf":[],"aioseo_notices":[],"aioseo_head":"\n\t\t<!-- All in One SEO Pro 4.9.6.2 - aioseo.com -->\n\t<meta name=\"description\" content=\"Su empleo no permit\u00eda a Luz Vel\u00e1squez cuidar de su hijo de 2 a\u00f1os. Se convirti\u00f3 en emprendedora: fund\u00f3 tienda Bayit que ahora est\u00e1en SoyMigrante.com MERCADO\" \/>\n\t<meta name=\"robots\" content=\"max-snippet:-1, max-image-preview:large, max-video-preview:-1\" \/>\n\t<meta name=\"author\" content=\"Gustavo Montenegro\"\/>\n\t<link rel=\"canonical\" href=\"https:\/\/soymigrante.com\/revista\/crece-el-sueno-de-bayit-emprendimiento-de-luz-velasquez-en-soloma\/\" \/>\n\t<meta name=\"generator\" content=\"All in One SEO Pro (AIOSEO) 4.9.6.2\" \/>\n\n\t\t<link rel=\"preconnect\" href=\"https:\/\/fonts.googleapis.com\" crossorigin>\n<link rel=\"preconnect\" href=\"https:\/\/fonts.gstatic.com\" crossorigin>\n\t\t<meta property=\"og:locale\" content=\"es_ES\" \/>\n\t\t<meta property=\"og:site_name\" content=\"SoyMigrante.com REVISTA \u2013 Nuestra misi\u00f3n es reconocer y dignificar al migrante.\" \/>\n\t\t<meta property=\"og:type\" content=\"article\" \/>\n\t\t<meta property=\"og:title\" content=\"El sue\u00f1o de Bayit, emprendimiento de Luz Vel\u00e1squez en Soloma\" \/>\n\t\t<meta property=\"og:description\" content=\"Su empleo no permit\u00eda a Luz Vel\u00e1squez cuidar de su hijo de 2 a\u00f1os. Se convirti\u00f3 en emprendedora: fund\u00f3 tienda Bayit que ahora est\u00e1en SoyMigrante.com MERCADO\" \/>\n\t\t<meta property=\"og:url\" content=\"https:\/\/soymigrante.com\/revista\/crece-el-sueno-de-bayit-emprendimiento-de-luz-velasquez-en-soloma\/\" \/>\n\t\t<meta property=\"og:image\" content=\"https:\/\/soymigrante.com\/revista\/wp-content\/uploads\/2025\/06\/emprendedora-luz-velasquez-MERCADO-soloma-fotos-abel-juarez-COPIA.webp\" \/>\n\t\t<meta property=\"og:image:secure_url\" content=\"https:\/\/soymigrante.com\/revista\/wp-content\/uploads\/2025\/06\/emprendedora-luz-velasquez-MERCADO-soloma-fotos-abel-juarez-COPIA.webp\" \/>\n\t\t<meta property=\"og:image:width\" content=\"1920\" \/>\n\t\t<meta property=\"og:image:height\" content=\"1920\" \/>\n\t\t<meta property=\"article:published_time\" content=\"2025-06-25T16:31:03+00:00\" \/>\n\t\t<meta property=\"article:modified_time\" content=\"2025-09-11T21:40:27+00:00\" \/>\n\t\t<meta property=\"article:publisher\" content=\"https:\/\/www.facebook.com\/soymigrantecom\" \/>\n\t\t<meta name=\"twitter:card\" content=\"summary_large_image\" \/>\n\t\t<meta name=\"twitter:site\" content=\"@SoyMigrante_com\" \/>\n\t\t<meta name=\"twitter:title\" content=\"El sue\u00f1o de Bayit, emprendimiento de Luz Vel\u00e1squez en Soloma\" \/>\n\t\t<meta name=\"twitter:description\" content=\"Su empleo no permit\u00eda a Luz Vel\u00e1squez cuidar de su hijo de 2 a\u00f1os. Se convirti\u00f3 en emprendedora: fund\u00f3 tienda Bayit que ahora est\u00e1en SoyMigrante.com MERCADO\" \/>\n\t\t<meta name=\"twitter:creator\" content=\"@SoyMigrante_com\" \/>\n\t\t<meta name=\"twitter:image\" content=\"https:\/\/soymigrante.com\/revista\/wp-content\/uploads\/2025\/06\/emprendedora-luz-velasquez-MERCADO-soloma-fotos-abel-juarez-COPIA.webp\" \/>\n\t\t<!-- All in One SEO Pro -->\r\n\t\t<title>El sue\u00f1o de Bayit, emprendimiento de Luz Vel\u00e1squez en Soloma<\/title>\n\n","aioseo_head_json":{"title":"El sue\u00f1o de Bayit, emprendimiento de Luz Vel\u00e1squez en Soloma","description":"Su empleo no permit\u00eda a Luz Vel\u00e1squez cuidar de su hijo de 2 a\u00f1os. Se convirti\u00f3 en emprendedora: fund\u00f3 tienda Bayit que ahora est\u00e1en SoyMigrante.com MERCADO","canonical_url":"https:\/\/soymigrante.com\/revista\/crece-el-sueno-de-bayit-emprendimiento-de-luz-velasquez-en-soloma\/","robots":"max-snippet:-1, max-image-preview:large, max-video-preview:-1","keywords":"","webmasterTools":{"miscellaneous":"&lt;link rel=\"preconnect\" href=\"https:\/\/fonts.googleapis.com\" crossorigin&gt;\n&lt;link rel=\"preconnect\" href=\"https:\/\/fonts.gstatic.com\" crossorigin&gt;"},"schema":null,"og:locale":"es_ES","og:site_name":"SoyMigrante.com REVISTA \u2013 Nuestra misi\u00f3n es reconocer y dignificar al migrante.","og:type":"article","og:title":"El sue\u00f1o de Bayit, emprendimiento de Luz Vel\u00e1squez en Soloma","og:description":"Su empleo no permit\u00eda a Luz Vel\u00e1squez cuidar de su hijo de 2 a\u00f1os. Se convirti\u00f3 en emprendedora: fund\u00f3 tienda Bayit que ahora est\u00e1en SoyMigrante.com MERCADO","og:url":"https:\/\/soymigrante.com\/revista\/crece-el-sueno-de-bayit-emprendimiento-de-luz-velasquez-en-soloma\/","og:image":"https:\/\/soymigrante.com\/revista\/wp-content\/uploads\/2025\/06\/emprendedora-luz-velasquez-MERCADO-soloma-fotos-abel-juarez-COPIA.webp","og:image:secure_url":"https:\/\/soymigrante.com\/revista\/wp-content\/uploads\/2025\/06\/emprendedora-luz-velasquez-MERCADO-soloma-fotos-abel-juarez-COPIA.webp","og:image:width":1920,"og:image:height":1920,"article:published_time":"2025-06-25T16:31:03+00:00","article:modified_time":"2025-09-11T21:40:27+00:00","article:publisher":"https:\/\/www.facebook.com\/soymigrantecom","twitter:card":"summary_large_image","twitter:site":"@SoyMigrante_com","twitter:title":"El sue\u00f1o de Bayit, emprendimiento de Luz Vel\u00e1squez en Soloma","twitter:description":"Su empleo no permit\u00eda a Luz Vel\u00e1squez cuidar de su hijo de 2 a\u00f1os. Se convirti\u00f3 en emprendedora: fund\u00f3 tienda Bayit que ahora est\u00e1en SoyMigrante.com MERCADO","twitter:creator":"@SoyMigrante_com","twitter:image":"https:\/\/soymigrante.com\/revista\/wp-content\/uploads\/2025\/06\/emprendedora-luz-velasquez-MERCADO-soloma-fotos-abel-juarez-COPIA.webp"},"aioseo_meta_data":{"post_id":"37700","title":"El sue\u00f1o de Bayit, emprendimiento de Luz Vel\u00e1squez en Soloma","description":"Su empleo no permit\u00eda a Luz Vel\u00e1squez cuidar de su hijo de 2 a\u00f1os. Se convirti\u00f3 en emprendedora: fund\u00f3 tienda Bayit que ahora est\u00e1en SoyMigrante.com MERCADO","keywords":null,"keyphrases":{"focus":{"keyphrase":"Emprendedora","score":63,"analysis":{"keyphraseInTitle":{"score":3,"maxScore":9,"error":1},"keyphraseInDescription":{"score":9,"maxScore":9,"error":0},"keyphraseLength":{"score":9,"maxScore":9,"error":0,"length":1},"keyphraseInURL":{"score":1,"maxScore":5,"error":1},"keyphraseInIntroduction":{"score":9,"maxScore":9,"error":0},"keyphraseInSubHeadings":{"score":3,"maxScore":9,"error":1},"keyphraseInImageAlt":{"score":9,"maxScore":9,"error":0},"keywordDensity":{"score":0,"type":"low","maxScore":9,"error":1}}},"additional":[{"keyphrase":"SoyMigrante.com MERCADO","score":87,"analysis":{"keyphraseInDescription":{"score":9,"maxScore":9,"error":0},"keyphraseLength":{"score":9,"maxScore":9,"error":0,"length":2},"keyphraseInIntroduction":{"score":3,"maxScore":9,"error":1},"keyphraseInImageAlt":{"score":9,"maxScore":9,"error":0},"keywordDensity":{"type":"best","score":9,"maxScore":9,"error":0}}},{"keyphrase":"Tienda","score":100,"analysis":{"keyphraseInDescription":{"score":9,"maxScore":9,"error":0},"keyphraseLength":{"score":9,"maxScore":9,"error":0,"length":1},"keyphraseInIntroduction":{"score":9,"maxScore":9,"error":0},"keyphraseInImageAlt":{"score":9,"maxScore":9,"error":0},"keywordDensity":{"type":"best","score":9,"maxScore":9,"error":0}}}]},"primary_term":null,"canonical_url":null,"og_title":null,"og_description":null,"og_object_type":"default","og_image_type":"default","og_image_url":null,"og_image_width":null,"og_image_height":null,"og_image_custom_url":null,"og_image_custom_fields":null,"og_video":"","og_custom_url":null,"og_article_section":null,"og_article_tags":null,"twitter_use_og":false,"twitter_card":"default","twitter_image_type":"default","twitter_image_url":null,"twitter_image_custom_url":null,"twitter_image_custom_fields":null,"twitter_title":null,"twitter_description":null,"schema":{"blockGraphs":[],"customGraphs":[],"default":{"data":{"Article":[],"Course":[],"Dataset":[],"FAQPage":[],"Movie":[],"Person":[],"Product":[],"ProductReview":[],"Car":[],"Recipe":[],"Service":[],"SoftwareApplication":[],"WebPage":[]},"graphName":"none","isEnabled":true},"graphs":[]},"schema_type":"default","schema_type_options":null,"pillar_content":false,"robots_default":true,"robots_noindex":false,"robots_noarchive":false,"robots_nosnippet":false,"robots_nofollow":false,"robots_noimageindex":false,"robots_noodp":false,"robots_notranslate":false,"robots_max_snippet":"-1","robots_max_videopreview":"-1","robots_max_imagepreview":"large","priority":null,"frequency":"default","local_seo":null,"seo_analyzer_scan_date":"2025-10-09 06:11:11","breadcrumb_settings":null,"limit_modified_date":false,"reviewed_by":"0","open_ai":"{\"title\":{\"suggestions\":[],\"usage\":0},\"description\":{\"suggestions\":[],\"usage\":0}}","ai":null,"created":"2025-06-25 15:01:49","updated":"2026-02-05 01:19:31"},"aioseo_breadcrumb":"<div class=\"aioseo-breadcrumbs\"><span class=\"aioseo-breadcrumb\">\n\t<a href=\"https:\/\/soymigrante.com\/revista\" title=\"Home\">Home<\/a>\n<\/span><span class=\"aioseo-breadcrumb-separator\">\u00bb<\/span><span class=\"aioseo-breadcrumb\">\n\t<a href=\"https:\/\/soymigrante.com\/revista\/category\/guate-nuestra\/\" title=\"Guate Nuestra\">Guate Nuestra<\/a>\n<\/span><span class=\"aioseo-breadcrumb-separator\">\u00bb<\/span><span class=\"aioseo-breadcrumb\">\n\tCrece el sue\u00f1o de Bayit, emprendimiento de Luz Vel\u00e1squez en Soloma\n<\/span><\/div>","aioseo_breadcrumb_json":[{"label":"Home","link":"https:\/\/soymigrante.com\/revista"},{"label":"Guate Nuestra","link":"https:\/\/soymigrante.com\/revista\/category\/guate-nuestra\/"},{"label":"Crece el sue\u00f1o de Bayit, emprendimiento de Luz Vel\u00e1squez en Soloma","link":"https:\/\/soymigrante.com\/revista\/crece-el-sueno-de-bayit-emprendimiento-de-luz-velasquez-en-soloma\/"}],"_links":{"self":[{"href":"https:\/\/soymigrante.com\/revista\/wp-json\/wp\/v2\/posts\/37700","targetHints":{"allow":["GET"]}}],"collection":[{"href":"https:\/\/soymigrante.com\/revista\/wp-json\/wp\/v2\/posts"}],"about":[{"href":"https:\/\/soymigrante.com\/revista\/wp-json\/wp\/v2\/types\/post"}],"author":[{"embeddable":true,"href":"https:\/\/soymigrante.com\/revista\/wp-json\/wp\/v2\/users\/7"}],"replies":[{"embeddable":true,"href":"https:\/\/soymigrante.com\/revista\/wp-json\/wp\/v2\/comments?post=37700"}],"version-history":[{"count":27,"href":"https:\/\/soymigrante.com\/revista\/wp-json\/wp\/v2\/posts\/37700\/revisions"}],"predecessor-version":[{"id":44480,"href":"https:\/\/soymigrante.com\/revista\/wp-json\/wp\/v2\/posts\/37700\/revisions\/44480"}],"wp:featuredmedia":[{"embeddable":true,"href":"https:\/\/soymigrante.com\/revista\/wp-json\/wp\/v2\/media\/37702"}],"wp:attachment":[{"href":"https:\/\/soymigrante.com\/revista\/wp-json\/wp\/v2\/media?parent=37700"}],"wp:term":[{"taxonomy":"category","embeddable":true,"href":"https:\/\/soymigrante.com\/revista\/wp-json\/wp\/v2\/categories?post=37700"},{"taxonomy":"post_tag","embeddable":true,"href":"https:\/\/soymigrante.com\/revista\/wp-json\/wp\/v2\/tags?post=37700"}],"curies":[{"name":"wp","href":"https:\/\/api.w.org\/{rel}","templated":true}]}}