{"id":37662,"date":"2025-06-24T18:18:11","date_gmt":"2025-06-25T00:18:11","guid":{"rendered":"https:\/\/soymigrante.com\/revista\/?p=37662"},"modified":"2025-06-24T19:25:32","modified_gmt":"2025-06-25T01:25:32","slug":"ya-no-se-necesita-cita-para-atencion-en-consulados-de-guatemala-solo-paciencia","status":"publish","type":"post","link":"https:\/\/soymigrante.com\/revista\/ya-no-se-necesita-cita-para-atencion-en-consulados-de-guatemala-solo-paciencia\/","title":{"rendered":"Ya no se necesita cita para atenci\u00f3n en Consulados de Guatemala (solo paciencia)"},"content":{"rendered":"\t\t<div data-elementor-type=\"wp-post\" data-elementor-id=\"37662\" class=\"elementor elementor-37662\" data-elementor-post-type=\"post\">\n\t\t\t\t<div data-particle_enable=\"false\" data-particle-mobile-disabled=\"false\" class=\"elementor-element elementor-element-8435eb5 e-flex e-con-boxed e-con e-parent\" data-id=\"8435eb5\" data-element_type=\"container\" data-e-type=\"container\">\n\t\t\t\t\t<div class=\"e-con-inner\">\n\t\t\t\t<div class=\"elementor-element elementor-element-59d41bd elementor-widget elementor-widget-heading\" data-id=\"59d41bd\" data-element_type=\"widget\" data-e-type=\"widget\" data-widget_type=\"heading.default\">\n\t\t\t\t\t<h2 class=\"elementor-heading-title elementor-size-default\">Los consulados de Guatemala en EE. UU. ya atienden sin cita para facilitar tramites claves. <\/h2>\t\t\t\t<\/div>\n\t\t\t\t\t<\/div>\n\t\t\t\t<\/div>\n\t\t<div data-particle_enable=\"false\" data-particle-mobile-disabled=\"false\" class=\"elementor-element elementor-element-19e4da8 e-flex e-con-boxed e-con e-parent\" data-id=\"19e4da8\" data-element_type=\"container\" data-e-type=\"container\">\n\t\t\t\t\t<div class=\"e-con-inner\">\n\t\t\t\t<div class=\"elementor-element elementor-element-37694a3 elementor-widget elementor-widget-text-editor\" data-id=\"37694a3\" data-element_type=\"widget\" data-e-type=\"widget\" data-widget_type=\"text-editor.default\">\n\t\t\t\t\t\t\t\t\t<p><a href=\"https:\/\/www.minex.gob.gt\/\" target=\"_blank\" rel=\"noopener\">El Ministerio de Relaciones Exteriores de Guatemala<\/a> anunci\u00f3 una serie de acciones destinadas a mejorar la atenci\u00f3n consular en Estados Unidos, entre ellas, la habilitaci\u00f3n gradual del servicio sin necesidad de cita previa para tr\u00e1mites fundamentales como la emisi\u00f3n de pasaportes, el Documento Personal de Identificaci\u00f3n (DPI) y la Tarjeta de Identificaci\u00f3n Consular Guatemalteca (TICG).<\/p><p>La decisi\u00f3n responde a las dificultades que han enfrentado miles de guatemaltecos para conseguir una cita a trav\u00e9s del sistema en l\u00ednea, ya sea por desconocimiento tecnol\u00f3gico o por haber sido v\u00edctimas de terceros que lucran ilegalmente ofreciendo estos espacios, incluso en las cercan\u00edas de las sedes consulares.<\/p>\t\t\t\t\t\t\t\t<\/div>\n\t\t\t\t\t<\/div>\n\t\t\t\t<\/div>\n\t\t<div data-particle_enable=\"false\" data-particle-mobile-disabled=\"false\" class=\"elementor-element elementor-element-bd47efb e-flex e-con-boxed e-con e-parent\" data-id=\"bd47efb\" data-element_type=\"container\" data-e-type=\"container\">\n\t\t\t\t\t<div class=\"e-con-inner\">\n\t\t\t\t<div class=\"elementor-element elementor-element-6752ea5 elementor-grid-eael-col-1 elementor-grid-tablet-eael-col-2 elementor-grid-mobile-eael-col-1 elementor-invisible elementor-widget elementor-widget-eael-post-grid\" data-id=\"6752ea5\" data-element_type=\"widget\" data-e-type=\"widget\" data-settings=\"{&quot;eael_post_grid_columns&quot;:&quot;eael-col-1&quot;,&quot;_animation&quot;:&quot;rollIn&quot;,&quot;eael_post_grid_columns_tablet&quot;:&quot;eael-col-2&quot;,&quot;eael_post_grid_columns_mobile&quot;:&quot;eael-col-1&quot;}\" data-widget_type=\"eael-post-grid.default\">\n\t\t\t\t\t<div id=\"eael-post-grid-6752ea5\" class=\"eael-post-grid-container\">\n            <div class=\"eael-post-grid eael-post-appender eael-post-appender-6752ea5 eael-post-grid-style-one\" data-layout-mode=\"masonry\"><article class=\"eael-grid-post  eael-post-grid-column eael-pg-post-5445 category-recursos-migratorios\" data-id=\"5445\">\n        <div class=\"eael-grid-post-holder\">\n            <div class=\"eael-grid-post-holder-inner\"><div class=\"eael-entry-media\"><div class=\"eael-entry-overlay fade-in\"><i class=\"far fa-hand-pointer\" aria-hidden=\"true\"><\/i><a href=\"https:\/\/soymigrante.com\/revista\/consulado-de-guatemala-en-maryland-area-de-washington-dc\/\"><\/a><\/div><div class=\"eael-entry-thumbnail eael-image-ratio\">\n                <img fetchpriority=\"high\" decoding=\"async\" width=\"1024\" height=\"682\" src=\"https:\/\/soymigrante.com\/revista\/wp-content\/uploads\/2024\/03\/Consulad-guatemala-maryland-1-1024x682.webp\" class=\"attachment-large size-large wp-image-5447\" alt=\"Consulad guatemala maryland (1)\" srcset=\"https:\/\/soymigrante.com\/revista\/wp-content\/uploads\/2024\/03\/Consulad-guatemala-maryland-1-1024x682.webp 1024w, https:\/\/soymigrante.com\/revista\/wp-content\/uploads\/2024\/03\/Consulad-guatemala-maryland-1-300x200.webp 300w, https:\/\/soymigrante.com\/revista\/wp-content\/uploads\/2024\/03\/Consulad-guatemala-maryland-1-768x512.webp 768w, https:\/\/soymigrante.com\/revista\/wp-content\/uploads\/2024\/03\/Consulad-guatemala-maryland-1-1536x1023.webp 1536w, https:\/\/soymigrante.com\/revista\/wp-content\/uploads\/2024\/03\/Consulad-guatemala-maryland-1-750x500.webp 750w, https:\/\/soymigrante.com\/revista\/wp-content\/uploads\/2024\/03\/Consulad-guatemala-maryland-1-1140x760.webp 1140w, https:\/\/soymigrante.com\/revista\/wp-content\/uploads\/2024\/03\/Consulad-guatemala-maryland-1-600x400.webp 600w, https:\/\/soymigrante.com\/revista\/wp-content\/uploads\/2024\/03\/Consulad-guatemala-maryland-1.webp 1600w\" sizes=\"(max-width: 1024px) 100vw, 1024px\" \/>\n            <\/div>\n        <\/div><div class=\"eael-entry-wrapper\"><header class=\"eael-entry-header\"><h2 class=\"eael-entry-title\"><a class=\"eael-grid-post-link\" href=\"https:\/\/soymigrante.com\/revista\/consulado-de-guatemala-en-maryland-area-de-washington-dc\/\" title=\"Consulado de Guatemala en Maryland: ubicaci\u00f3n y horario\">Consulado de Guatemala en Maryland: ubicaci\u00f3n y horario<\/a><\/h2><\/header><div class=\"eael-entry-content\">\n                        <div class=\"eael-grid-post-excerpt\"><a href=\"https:\/\/soymigrante.com\/revista\/consulado-de-guatemala-en-maryland-area-de-washington-dc\/\" class=\"eael-post-elements-readmore-btn\">CONOCE SU HISTORIA <\/a><\/div>\n                    <\/div><\/div><\/div>\n        <\/div>\n    <\/article><\/div>\n            <div class=\"clearfix\"><\/div>\n        <\/div>\t\t\t\t<\/div>\n\t\t\t\t\t<\/div>\n\t\t\t\t<\/div>\n\t\t<div data-particle_enable=\"false\" data-particle-mobile-disabled=\"false\" class=\"elementor-element elementor-element-4e98690 e-flex e-con-boxed e-con e-parent\" data-id=\"4e98690\" data-element_type=\"container\" data-e-type=\"container\">\n\t\t\t\t\t<div class=\"e-con-inner\">\n\t\t\t\t<div class=\"elementor-element elementor-element-c890638 elementor-widget elementor-widget-heading\" data-id=\"c890638\" data-element_type=\"widget\" data-e-type=\"widget\" data-widget_type=\"heading.default\">\n\t\t\t\t\t<h3 class=\"elementor-heading-title elementor-size-default\">Atenci\u00f3n sin cita avanza en casi toda la red consular<\/h3>\t\t\t\t<\/div>\n\t\t\t\t\t<\/div>\n\t\t\t\t<\/div>\n\t\t<div data-particle_enable=\"false\" data-particle-mobile-disabled=\"false\" class=\"elementor-element elementor-element-9b6fe94 e-flex e-con-boxed e-con e-parent\" data-id=\"9b6fe94\" data-element_type=\"container\" data-e-type=\"container\">\n\t\t\t\t\t<div class=\"e-con-inner\">\n\t\t\t\t<div class=\"elementor-element elementor-element-2db63eb elementor-widget elementor-widget-text-editor\" data-id=\"2db63eb\" data-element_type=\"widget\" data-e-type=\"widget\" data-widget_type=\"text-editor.default\">\n\t\t\t\t\t\t\t\t\t<p>Seg\u00fan el comunicado oficial emitido el 23 de junio de 2025, el plan inici\u00f3 como un proyecto piloto, y a la fecha <a href=\"https:\/\/www.minex.gob.gt\/\" target=\"_blank\" rel=\"noopener\">21 de los 25 consulados guatemaltecos en territorio estadounidense ya permiten atenci\u00f3n sin cita<\/a>, al menos para algunos de sus servicios.<\/p><p>El pr\u00f3ximo mi\u00e9rcoles 25 de junio, se sumar\u00e1 el Consulado de Raleigh, Carolina del Norte, elevando el n\u00famero total a 22 consulados con esta modalidad.<\/p>\t\t\t\t\t\t\t\t<\/div>\n\t\t\t\t\t<\/div>\n\t\t\t\t<\/div>\n\t\t<div data-particle_enable=\"false\" data-particle-mobile-disabled=\"false\" class=\"elementor-element elementor-element-22235df e-flex e-con-boxed e-con e-parent\" data-id=\"22235df\" data-element_type=\"container\" data-e-type=\"container\">\n\t\t\t\t\t<div class=\"e-con-inner\">\n\t\t\t\t<div class=\"elementor-element elementor-element-3910a76 elementor-invisible elementor-widget elementor-widget-facebook-embed\" data-id=\"3910a76\" data-element_type=\"widget\" data-e-type=\"widget\" data-settings=\"{&quot;_animation&quot;:&quot;zoomInDown&quot;}\" data-widget_type=\"facebook-embed.default\">\n\t\t\t\t\t<div style=\"min-height: 1px\" class=\"elementor-facebook-widget fb-post\" data-href=\"https:\/\/www.facebook.com\/photo\/?fbid=1060230052915737&#038;set=pcb.1060230072915735\" data-show-text=\"false\"><\/div>\t\t\t\t<\/div>\n\t\t\t\t\t<\/div>\n\t\t\t\t<\/div>\n\t\t<div data-particle_enable=\"false\" data-particle-mobile-disabled=\"false\" class=\"elementor-element elementor-element-b1a14fd e-flex e-con-boxed e-con e-parent\" data-id=\"b1a14fd\" data-element_type=\"container\" data-e-type=\"container\">\n\t\t\t\t\t<div class=\"e-con-inner\">\n\t\t\t\t<div class=\"elementor-element elementor-element-eb078ca elementor-widget elementor-widget-text-editor\" data-id=\"eb078ca\" data-element_type=\"widget\" data-e-type=\"widget\" data-widget_type=\"text-editor.default\">\n\t\t\t\t\t\t\t\t\t<div><strong>La implementaci\u00f3n ha sido progresiva:<\/strong><\/div><div>\u202210 de mayo: Consulado en Miami, Florida.<\/div><div>\u202215 de mayo: Se unieron 10 consulados m\u00e1s.<\/div><div>\u202227 de mayo: Otros 5 consulados.<\/div><div>\u20222 de junio: Se agregaron 3 m\u00e1s.<\/div><div>\u20229 de junio: Se integraron 2 consulados adicionales.<\/div>\t\t\t\t\t\t\t\t<\/div>\n\t\t\t\t\t<\/div>\n\t\t\t\t<\/div>\n\t\t<div data-particle_enable=\"false\" data-particle-mobile-disabled=\"false\" class=\"elementor-element elementor-element-3a4df38 e-flex e-con-boxed e-con e-parent\" data-id=\"3a4df38\" data-element_type=\"container\" data-e-type=\"container\">\n\t\t\t\t\t<div class=\"e-con-inner\">\n\t\t\t\t<div class=\"elementor-element elementor-element-be7039b elementor-grid-eael-col-1 elementor-grid-tablet-eael-col-2 elementor-grid-mobile-eael-col-1 elementor-invisible elementor-widget elementor-widget-eael-post-grid\" data-id=\"be7039b\" data-element_type=\"widget\" data-e-type=\"widget\" data-settings=\"{&quot;eael_post_grid_columns&quot;:&quot;eael-col-1&quot;,&quot;_animation&quot;:&quot;rollIn&quot;,&quot;eael_post_grid_columns_tablet&quot;:&quot;eael-col-2&quot;,&quot;eael_post_grid_columns_mobile&quot;:&quot;eael-col-1&quot;}\" data-widget_type=\"eael-post-grid.default\">\n\t\t\t\t\t<div id=\"eael-post-grid-be7039b\" class=\"eael-post-grid-container\">\n            <div class=\"eael-post-grid eael-post-appender eael-post-appender-be7039b eael-post-grid-style-one\" data-layout-mode=\"masonry\"><article class=\"eael-grid-post  eael-post-grid-column eael-pg-post-5440 category-recursos-migratorios\" data-id=\"5440\">\n        <div class=\"eael-grid-post-holder\">\n            <div class=\"eael-grid-post-holder-inner\"><div class=\"eael-entry-media\"><div class=\"eael-entry-overlay fade-in\"><i class=\"far fa-hand-pointer\" aria-hidden=\"true\"><\/i><a href=\"https:\/\/soymigrante.com\/revista\/consulado-de-guatemala-denver-colorado-servicios\/\"><\/a><\/div><div class=\"eael-entry-thumbnail eael-image-ratio\">\n                <img decoding=\"async\" width=\"1024\" height=\"478\" src=\"https:\/\/soymigrante.com\/revista\/wp-content\/uploads\/2024\/03\/Denver-Colorado-consulado-Guatemala-1024x478.webp\" class=\"attachment-large size-large wp-image-5442\" alt=\"Denver, Colorado, consulado Guatemala\" srcset=\"https:\/\/soymigrante.com\/revista\/wp-content\/uploads\/2024\/03\/Denver-Colorado-consulado-Guatemala-1024x478.webp 1024w, https:\/\/soymigrante.com\/revista\/wp-content\/uploads\/2024\/03\/Denver-Colorado-consulado-Guatemala-300x140.webp 300w, https:\/\/soymigrante.com\/revista\/wp-content\/uploads\/2024\/03\/Denver-Colorado-consulado-Guatemala-768x359.webp 768w, https:\/\/soymigrante.com\/revista\/wp-content\/uploads\/2024\/03\/Denver-Colorado-consulado-Guatemala-1536x717.webp 1536w, https:\/\/soymigrante.com\/revista\/wp-content\/uploads\/2024\/03\/Denver-Colorado-consulado-Guatemala-750x350.webp 750w, https:\/\/soymigrante.com\/revista\/wp-content\/uploads\/2024\/03\/Denver-Colorado-consulado-Guatemala-1140x532.webp 1140w, https:\/\/soymigrante.com\/revista\/wp-content\/uploads\/2024\/03\/Denver-Colorado-consulado-Guatemala.webp 1920w\" sizes=\"(max-width: 1024px) 100vw, 1024px\" \/>\n            <\/div>\n        <\/div><div class=\"eael-entry-wrapper\"><header class=\"eael-entry-header\"><h2 class=\"eael-entry-title\"><a class=\"eael-grid-post-link\" href=\"https:\/\/soymigrante.com\/revista\/consulado-de-guatemala-denver-colorado-servicios\/\" title=\"Consulado de Guatemala en Denver, Colorado: ubicaci\u00f3n y horario\">Consulado de Guatemala en Denver, Colorado: ubicaci\u00f3n y horario<\/a><\/h2><\/header><div class=\"eael-entry-content\">\n                        <div class=\"eael-grid-post-excerpt\"><a href=\"https:\/\/soymigrante.com\/revista\/consulado-de-guatemala-denver-colorado-servicios\/\" class=\"eael-post-elements-readmore-btn\">CONOCE SU HISTORIA <\/a><\/div>\n                    <\/div><\/div><\/div>\n        <\/div>\n    <\/article><\/div>\n            <div class=\"clearfix\"><\/div>\n        <\/div>\t\t\t\t<\/div>\n\t\t\t\t\t<\/div>\n\t\t\t\t<\/div>\n\t\t<div data-particle_enable=\"false\" data-particle-mobile-disabled=\"false\" class=\"elementor-element elementor-element-7318e49 e-flex e-con-boxed e-con e-parent\" data-id=\"7318e49\" data-element_type=\"container\" data-e-type=\"container\">\n\t\t\t\t\t<div class=\"e-con-inner\">\n\t\t\t\t<div class=\"elementor-element elementor-element-7ad3047 elementor-widget elementor-widget-heading\" data-id=\"7ad3047\" data-element_type=\"widget\" data-e-type=\"widget\" data-widget_type=\"heading.default\">\n\t\t\t\t\t<h3 class=\"elementor-heading-title elementor-size-default\">Fortalecimiento consular y ajustes internos<\/h3>\t\t\t\t<\/div>\n\t\t\t\t\t<\/div>\n\t\t\t\t<\/div>\n\t\t<div data-particle_enable=\"false\" data-particle-mobile-disabled=\"false\" class=\"elementor-element elementor-element-d6a44ee e-flex e-con-boxed e-con e-parent\" data-id=\"d6a44ee\" data-element_type=\"container\" data-e-type=\"container\">\n\t\t\t\t\t<div class=\"e-con-inner\">\n\t\t\t\t<div class=\"elementor-element elementor-element-979e01e elementor-widget elementor-widget-text-editor\" data-id=\"979e01e\" data-element_type=\"widget\" data-e-type=\"widget\" data-widget_type=\"text-editor.default\">\n\t\t\t\t\t\t\t\t\t<p><a href=\"https:\/\/www.minex.gob.gt\/\" target=\"_blank\" rel=\"noopener\">La Canciller\u00eda guatemalteca tambi\u00e9n inform\u00f3 que esta transformaci\u00f3n ha sido acompa\u00f1ada de acciones estructurales para fortalecer la atenci\u00f3n<\/a>, como la contrataci\u00f3n de m\u00e1s personal, readecuaci\u00f3n de espacios en las sedes y cambios en las ubicaciones de algunos consulados.<\/p><p>A pesar del avance,<a href=\"https:\/\/www.minex.gob.gt\/\" target=\"_blank\" rel=\"noopener\"> el Ministerio reconoci\u00f3 que todav\u00eda existen retos log\u00edsticos.<\/a> El 23 de junio, los consulados generales de Los \u00c1ngeles y Atlanta enfrentaron un desborde de usuarios, debido a informaci\u00f3n no oficial que circul\u00f3 entre la comunidad, anunciando falsamente que todos los consulados atender\u00edan sin cita. Esta situaci\u00f3n provoc\u00f3 largas filas y descontento.<\/p>\t\t\t\t\t\t\t\t<\/div>\n\t\t\t\t\t<\/div>\n\t\t\t\t<\/div>\n\t\t<div data-particle_enable=\"false\" data-particle-mobile-disabled=\"false\" class=\"elementor-element elementor-element-ea34e31 e-flex e-con-boxed e-con e-parent\" data-id=\"ea34e31\" data-element_type=\"container\" data-e-type=\"container\">\n\t\t\t\t\t<div class=\"e-con-inner\">\n\t\t\t\t<div class=\"elementor-element elementor-element-1eca9f5 elementor-grid-eael-col-1 elementor-grid-tablet-eael-col-2 elementor-grid-mobile-eael-col-1 elementor-invisible elementor-widget elementor-widget-eael-post-grid\" data-id=\"1eca9f5\" data-element_type=\"widget\" data-e-type=\"widget\" data-settings=\"{&quot;eael_post_grid_columns&quot;:&quot;eael-col-1&quot;,&quot;_animation&quot;:&quot;rollIn&quot;,&quot;eael_post_grid_columns_tablet&quot;:&quot;eael-col-2&quot;,&quot;eael_post_grid_columns_mobile&quot;:&quot;eael-col-1&quot;}\" data-widget_type=\"eael-post-grid.default\">\n\t\t\t\t\t<div id=\"eael-post-grid-1eca9f5\" class=\"eael-post-grid-container\">\n            <div class=\"eael-post-grid eael-post-appender eael-post-appender-1eca9f5 eael-post-grid-style-one\" data-layout-mode=\"masonry\"><article class=\"eael-grid-post  eael-post-grid-column eael-pg-post-5412 category-recursos-migratorios\" data-id=\"5412\">\n        <div class=\"eael-grid-post-holder\">\n            <div class=\"eael-grid-post-holder-inner\"><div class=\"eael-entry-media\"><div class=\"eael-entry-overlay fade-in\"><i class=\"far fa-hand-pointer\" aria-hidden=\"true\"><\/i><a href=\"https:\/\/soymigrante.com\/revista\/consulado-de-guatemala-seattle-ubicacion-contacto\/\"><\/a><\/div><div class=\"eael-entry-thumbnail eael-image-ratio\">\n                <img decoding=\"async\" width=\"1024\" height=\"502\" src=\"https:\/\/soymigrante.com\/revista\/wp-content\/uploads\/2024\/03\/Consulado-General-de-Guatemala-en-Seattle-1024x502.webp\" class=\"attachment-large size-large wp-image-5414\" alt=\"Consulado General de Guatemala en Seattle\" srcset=\"https:\/\/soymigrante.com\/revista\/wp-content\/uploads\/2024\/03\/Consulado-General-de-Guatemala-en-Seattle-1024x502.webp 1024w, https:\/\/soymigrante.com\/revista\/wp-content\/uploads\/2024\/03\/Consulado-General-de-Guatemala-en-Seattle-300x147.webp 300w, https:\/\/soymigrante.com\/revista\/wp-content\/uploads\/2024\/03\/Consulado-General-de-Guatemala-en-Seattle-768x376.webp 768w, https:\/\/soymigrante.com\/revista\/wp-content\/uploads\/2024\/03\/Consulado-General-de-Guatemala-en-Seattle-1536x753.webp 1536w, https:\/\/soymigrante.com\/revista\/wp-content\/uploads\/2024\/03\/Consulado-General-de-Guatemala-en-Seattle-750x368.webp 750w, https:\/\/soymigrante.com\/revista\/wp-content\/uploads\/2024\/03\/Consulado-General-de-Guatemala-en-Seattle-1140x559.webp 1140w, https:\/\/soymigrante.com\/revista\/wp-content\/uploads\/2024\/03\/Consulado-General-de-Guatemala-en-Seattle.webp 1600w\" sizes=\"(max-width: 1024px) 100vw, 1024px\" \/>\n            <\/div>\n        <\/div><div class=\"eael-entry-wrapper\"><header class=\"eael-entry-header\"><h2 class=\"eael-entry-title\"><a class=\"eael-grid-post-link\" href=\"https:\/\/soymigrante.com\/revista\/consulado-de-guatemala-seattle-ubicacion-contacto\/\" title=\"Consulado de Guatemala en Seattle: ubicaci\u00f3n y horario\">Consulado de Guatemala en Seattle: ubicaci\u00f3n y horario<\/a><\/h2><\/header><div class=\"eael-entry-content\">\n                        <div class=\"eael-grid-post-excerpt\"><a href=\"https:\/\/soymigrante.com\/revista\/consulado-de-guatemala-seattle-ubicacion-contacto\/\" class=\"eael-post-elements-readmore-btn\">CONOCE SU HISTORIA <\/a><\/div>\n                    <\/div><\/div><\/div>\n        <\/div>\n    <\/article><\/div>\n            <div class=\"clearfix\"><\/div>\n        <\/div>\t\t\t\t<\/div>\n\t\t\t\t\t<\/div>\n\t\t\t\t<\/div>\n\t\t<div data-particle_enable=\"false\" data-particle-mobile-disabled=\"false\" class=\"elementor-element elementor-element-7ec5e3d e-flex e-con-boxed e-con e-parent\" data-id=\"7ec5e3d\" data-element_type=\"container\" data-e-type=\"container\">\n\t\t\t\t\t<div class=\"e-con-inner\">\n\t\t\t\t<div class=\"elementor-element elementor-element-a87dc86 elementor-widget elementor-widget-heading\" data-id=\"a87dc86\" data-element_type=\"widget\" data-e-type=\"widget\" data-widget_type=\"heading.default\">\n\t\t\t\t\t<h3 class=\"elementor-heading-title elementor-size-default\">Llamado a informarse por canales oficiales<\/h3>\t\t\t\t<\/div>\n\t\t\t\t\t<\/div>\n\t\t\t\t<\/div>\n\t\t<div data-particle_enable=\"false\" data-particle-mobile-disabled=\"false\" class=\"elementor-element elementor-element-a2d5827 e-flex e-con-boxed e-con e-parent\" data-id=\"a2d5827\" data-element_type=\"container\" data-e-type=\"container\">\n\t\t\t\t\t<div class=\"e-con-inner\">\n\t\t\t\t<div class=\"elementor-element elementor-element-8723b7c elementor-widget elementor-widget-text-editor\" data-id=\"8723b7c\" data-element_type=\"widget\" data-e-type=\"widget\" data-widget_type=\"text-editor.default\">\n\t\t\t\t\t\t\t\t\t<p><a href=\"https:\/\/www.minex.gob.gt\/\" target=\"_blank\" rel=\"noopener\">El Ministerio reiter\u00f3 que todas las decisiones sobre la habilitaci\u00f3n de atenci\u00f3n sin cita deben ser comunicadas \u00fanicamente por medios oficiales<\/a>, y pide a la comunidad guatemalteca no dejarse llevar por rumores o anuncios no verificados que podr\u00edan generar confusi\u00f3n o afectar la calidad del servicio.<\/p><p>\u201cEstas acciones tienen como objetivo principal facilitar el acceso a servicios consulares y mejorar la experiencia de nuestros connacionales en el extranjero, especialmente en momentos en que la pol\u00edtica antiinmigrante en Estados Unidos ha generado temor y menor afluencia en algunas sedes\u201d, puntualiza el comunicado.<\/p>\t\t\t\t\t\t\t\t<\/div>\n\t\t\t\t\t<\/div>\n\t\t\t\t<\/div>\n\t\t<div data-particle_enable=\"false\" data-particle-mobile-disabled=\"false\" class=\"elementor-element elementor-element-30404d9 e-flex e-con-boxed e-con e-parent\" data-id=\"30404d9\" data-element_type=\"container\" data-e-type=\"container\">\n\t\t\t\t\t<div class=\"e-con-inner\">\n\t\t\t\t<div class=\"elementor-element elementor-element-b65dc3a elementor-grid-eael-col-1 elementor-grid-tablet-eael-col-2 elementor-grid-mobile-eael-col-1 elementor-invisible elementor-widget elementor-widget-eael-post-grid\" data-id=\"b65dc3a\" data-element_type=\"widget\" data-e-type=\"widget\" data-settings=\"{&quot;eael_post_grid_columns&quot;:&quot;eael-col-1&quot;,&quot;_animation&quot;:&quot;rollIn&quot;,&quot;eael_post_grid_columns_tablet&quot;:&quot;eael-col-2&quot;,&quot;eael_post_grid_columns_mobile&quot;:&quot;eael-col-1&quot;}\" data-widget_type=\"eael-post-grid.default\">\n\t\t\t\t\t<div id=\"eael-post-grid-b65dc3a\" class=\"eael-post-grid-container\">\n            <div class=\"eael-post-grid eael-post-appender eael-post-appender-b65dc3a eael-post-grid-style-one\" data-layout-mode=\"masonry\"><article class=\"eael-grid-post  eael-post-grid-column eael-pg-post-5402 category-recursos-migratorios\" data-id=\"5402\">\n        <div class=\"eael-grid-post-holder\">\n            <div class=\"eael-grid-post-holder-inner\"><div class=\"eael-entry-media\"><div class=\"eael-entry-overlay fade-in\"><i class=\"far fa-hand-pointer\" aria-hidden=\"true\"><\/i><a href=\"https:\/\/soymigrante.com\/revista\/consulado-de-guatemala-en-atlanta-hoarios-ubicacion\/\"><\/a><\/div><div class=\"eael-entry-thumbnail eael-image-ratio\">\n                <img loading=\"lazy\" decoding=\"async\" width=\"1024\" height=\"576\" src=\"https:\/\/soymigrante.com\/revista\/wp-content\/uploads\/2024\/03\/Consulado-de-Guatemala-en-Atlanta-1024x576.webp\" class=\"attachment-large size-large wp-image-5403\" alt=\"Consulado de Guatemala en Atlanta\" srcset=\"https:\/\/soymigrante.com\/revista\/wp-content\/uploads\/2024\/03\/Consulado-de-Guatemala-en-Atlanta-1024x576.webp 1024w, https:\/\/soymigrante.com\/revista\/wp-content\/uploads\/2024\/03\/Consulado-de-Guatemala-en-Atlanta-300x169.webp 300w, https:\/\/soymigrante.com\/revista\/wp-content\/uploads\/2024\/03\/Consulado-de-Guatemala-en-Atlanta-768x432.webp 768w, https:\/\/soymigrante.com\/revista\/wp-content\/uploads\/2024\/03\/Consulado-de-Guatemala-en-Atlanta-1536x864.webp 1536w, https:\/\/soymigrante.com\/revista\/wp-content\/uploads\/2024\/03\/Consulado-de-Guatemala-en-Atlanta-750x422.webp 750w, https:\/\/soymigrante.com\/revista\/wp-content\/uploads\/2024\/03\/Consulado-de-Guatemala-en-Atlanta-1140x641.webp 1140w, https:\/\/soymigrante.com\/revista\/wp-content\/uploads\/2024\/03\/Consulado-de-Guatemala-en-Atlanta.webp 1920w\" sizes=\"(max-width: 1024px) 100vw, 1024px\" \/>\n            <\/div>\n        <\/div><div class=\"eael-entry-wrapper\"><header class=\"eael-entry-header\"><h2 class=\"eael-entry-title\"><a class=\"eael-grid-post-link\" href=\"https:\/\/soymigrante.com\/revista\/consulado-de-guatemala-en-atlanta-hoarios-ubicacion\/\" title=\"Consulado de Guatemala en Atlanta: Ubicaci\u00f3n y horario\">Consulado de Guatemala en Atlanta: Ubicaci\u00f3n y horario<\/a><\/h2><\/header><div class=\"eael-entry-content\">\n                        <div class=\"eael-grid-post-excerpt\"><a href=\"https:\/\/soymigrante.com\/revista\/consulado-de-guatemala-en-atlanta-hoarios-ubicacion\/\" class=\"eael-post-elements-readmore-btn\">CONOCE SU HISTORIA <\/a><\/div>\n                    <\/div><\/div><\/div>\n        <\/div>\n    <\/article><\/div>\n            <div class=\"clearfix\"><\/div>\n        <\/div>\t\t\t\t<\/div>\n\t\t\t\t\t<\/div>\n\t\t\t\t<\/div>\n\t\t<div data-particle_enable=\"false\" data-particle-mobile-disabled=\"false\" class=\"elementor-element elementor-element-324e29f e-flex e-con-boxed e-con e-parent\" data-id=\"324e29f\" data-element_type=\"container\" data-e-type=\"container\">\n\t\t\t\t\t<div class=\"e-con-inner\">\n\t\t\t\t<div class=\"elementor-element elementor-element-df6df20 elementor-widget elementor-widget-text-editor\" data-id=\"df6df20\" data-element_type=\"widget\" data-e-type=\"widget\" data-widget_type=\"text-editor.default\">\n\t\t\t\t\t\t\t\t\t<div><strong>Lo que debes saber si eres guatemalteco en EE.\u202fUU.:<\/strong><\/div><div>\u2022<a href=\"https:\/\/www.minex.gob.gt\/\" target=\"_blank\" rel=\"noopener\">Verifica si tu consulado ya est\u00e1 atendiendo sin cita.<\/a> La informaci\u00f3n actualizada se publica en las redes oficiales del Ministerio de Relaciones Exteriores y de cada consulado.<\/div><div>\u2022Evita pagar por citas a personas ajenas al sistema consular. El tr\u00e1mite es gratuito y debe hacerse en l\u00ednea o directamente en las sedes habilitadas.<\/div><div>\u2022Inf\u00f3rmate con antelaci\u00f3n sobre qu\u00e9 servicios est\u00e1n disponibles sin cita y cu\u00e1les a\u00fan requieren programaci\u00f3n.<\/div><div>\u2022Acude temprano si decides hacer tu tr\u00e1mite sin cita, especialmente en consulados de alta demanda como Los \u00c1ngeles, Houston o Nueva York.<\/div>\t\t\t\t\t\t\t\t<\/div>\n\t\t\t\t\t<\/div>\n\t\t\t\t<\/div>\n\t\t<div data-particle_enable=\"false\" data-particle-mobile-disabled=\"false\" class=\"elementor-element elementor-element-f383a09 e-flex e-con-boxed e-con e-parent\" data-id=\"f383a09\" data-element_type=\"container\" data-e-type=\"container\">\n\t\t\t\t\t<div class=\"e-con-inner\">\n\t\t\t\t<div class=\"elementor-element elementor-element-4fd2df6 elementor-widget elementor-widget-text-editor\" data-id=\"4fd2df6\" data-element_type=\"widget\" data-e-type=\"widget\" data-widget_type=\"text-editor.default\">\n\t\t\t\t\t\t\t\t\t<p><a href=\"https:\/\/www.minex.gob.gt\/\" target=\"_blank\" rel=\"noopener\">El Ministerio indic\u00f3 que el plan continuar\u00e1 hasta abarcar toda la red consular, con ajustes seg\u00fan el comportamiento y necesidades de cada ciudad.<\/a> Mientras tanto, se mantiene el compromiso de mejorar continuamente el acceso a documentos fundamentales para la identidad y regularizaci\u00f3n de los guatemaltecos en el extranjero.<\/p>\t\t\t\t\t\t\t\t<\/div>\n\t\t\t\t\t<\/div>\n\t\t\t\t<\/div>\n\t\t<div data-particle_enable=\"false\" data-particle-mobile-disabled=\"false\" class=\"elementor-element elementor-element-c4f6b8f e-flex e-con-boxed e-con e-parent\" data-id=\"c4f6b8f\" data-element_type=\"container\" data-e-type=\"container\">\n\t\t\t\t\t<div class=\"e-con-inner\">\n\t\t\t\t<div class=\"elementor-element elementor-element-fd6ce08 elementor-widget elementor-widget-heading\" data-id=\"fd6ce08\" data-element_type=\"widget\" data-e-type=\"widget\" data-widget_type=\"heading.default\">\n\t\t\t\t\t<h2 class=\"elementor-heading-title elementor-size-default\">Estos temas te pueden interesar...<\/h2>\t\t\t\t<\/div>\n\t\t\t\t\t<\/div>\n\t\t\t\t<\/div>\n\t\t<div data-particle_enable=\"false\" data-particle-mobile-disabled=\"false\" class=\"elementor-element elementor-element-aa16dbc e-flex e-con-boxed e-con e-parent\" data-id=\"aa16dbc\" data-element_type=\"container\" data-e-type=\"container\">\n\t\t\t\t\t<div class=\"e-con-inner\">\n\t\t\t\t<div class=\"elementor-element elementor-element-af23e3e elementor-grid-eael-col-3 elementor-grid-tablet-eael-col-2 elementor-grid-mobile-eael-col-1 elementor-invisible elementor-widget elementor-widget-eael-post-grid\" data-id=\"af23e3e\" data-element_type=\"widget\" data-e-type=\"widget\" data-settings=\"{&quot;eael_post_grid_columns&quot;:&quot;eael-col-3&quot;,&quot;_animation&quot;:&quot;rollIn&quot;,&quot;eael_post_grid_columns_tablet&quot;:&quot;eael-col-2&quot;,&quot;eael_post_grid_columns_mobile&quot;:&quot;eael-col-1&quot;}\" data-widget_type=\"eael-post-grid.default\">\n\t\t\t\t\t<div id=\"eael-post-grid-af23e3e\" class=\"eael-post-grid-container\">\n            <div class=\"eael-post-grid eael-post-appender eael-post-appender-af23e3e eael-post-grid-style-one\" data-layout-mode=\"masonry\"><article class=\"eael-grid-post  eael-post-grid-column eael-pg-post-5382 category-recursos-migratorios\" data-id=\"5382\">\n        <div class=\"eael-grid-post-holder\">\n            <div class=\"eael-grid-post-holder-inner\"><div class=\"eael-entry-media\"><div class=\"eael-entry-overlay fade-in\"><i class=\"far fa-hand-pointer\" aria-hidden=\"true\"><\/i><a href=\"https:\/\/soymigrante.com\/revista\/consulado-de-guatemala-en-arizona-ubicacion-contacto\/\"><\/a><\/div><div class=\"eael-entry-thumbnail \">\n                <img loading=\"lazy\" decoding=\"async\" width=\"1024\" height=\"461\" src=\"https:\/\/soymigrante.com\/revista\/wp-content\/uploads\/2024\/03\/431618205_806800268152735_8938447495997108845_n-1024x461.webp\" class=\"attachment-large size-large wp-image-5385\" alt=\"Consulado Tucson Arizona EEUU\" srcset=\"https:\/\/soymigrante.com\/revista\/wp-content\/uploads\/2024\/03\/431618205_806800268152735_8938447495997108845_n-1024x461.webp 1024w, https:\/\/soymigrante.com\/revista\/wp-content\/uploads\/2024\/03\/431618205_806800268152735_8938447495997108845_n-300x135.webp 300w, https:\/\/soymigrante.com\/revista\/wp-content\/uploads\/2024\/03\/431618205_806800268152735_8938447495997108845_n-768x346.webp 768w, https:\/\/soymigrante.com\/revista\/wp-content\/uploads\/2024\/03\/431618205_806800268152735_8938447495997108845_n-1536x692.webp 1536w, https:\/\/soymigrante.com\/revista\/wp-content\/uploads\/2024\/03\/431618205_806800268152735_8938447495997108845_n-750x338.webp 750w, https:\/\/soymigrante.com\/revista\/wp-content\/uploads\/2024\/03\/431618205_806800268152735_8938447495997108845_n-1140x513.webp 1140w, https:\/\/soymigrante.com\/revista\/wp-content\/uploads\/2024\/03\/431618205_806800268152735_8938447495997108845_n.webp 1920w\" sizes=\"(max-width: 1024px) 100vw, 1024px\" \/>\n            <\/div>\n        <\/div><div class=\"eael-entry-wrapper\"><header class=\"eael-entry-header\"><h2 class=\"eael-entry-title\"><a class=\"eael-grid-post-link\" href=\"https:\/\/soymigrante.com\/revista\/consulado-de-guatemala-en-arizona-ubicacion-contacto\/\" title=\"Consulados de Guatemala en Arizona: Ubicaci\u00f3n y horarios\">Consulados de Guatemala en Arizona: Ubicaci\u00f3n y horarios<\/a><\/h2><\/header><div class=\"eael-entry-content\">\n                        <div class=\"eael-grid-post-excerpt\"><a href=\"https:\/\/soymigrante.com\/revista\/consulado-de-guatemala-en-arizona-ubicacion-contacto\/\" class=\"eael-post-elements-readmore-btn\">CONOCE SU HISTORIA <\/a><\/div>\n                    <\/div><\/div><\/div>\n        <\/div>\n    <\/article><article class=\"eael-grid-post  eael-post-grid-column eael-pg-post-5377 category-recursos-migratorios\" data-id=\"5377\">\n        <div class=\"eael-grid-post-holder\">\n            <div class=\"eael-grid-post-holder-inner\"><div class=\"eael-entry-media\"><div class=\"eael-entry-overlay fade-in\"><i class=\"far fa-hand-pointer\" aria-hidden=\"true\"><\/i><a href=\"https:\/\/soymigrante.com\/revista\/consulados-de-guatemala-en-california-ubicacion-y-horarios\/\"><\/a><\/div><div class=\"eael-entry-thumbnail \">\n                <img loading=\"lazy\" decoding=\"async\" width=\"1024\" height=\"768\" src=\"https:\/\/soymigrante.com\/revista\/wp-content\/uploads\/2024\/03\/Consulados-de-Guatemala-en-California-2-1024x768.webp\" class=\"attachment-large size-large wp-image-5378\" alt=\"Consulados de Guatemala en California (2)\" srcset=\"https:\/\/soymigrante.com\/revista\/wp-content\/uploads\/2024\/03\/Consulados-de-Guatemala-en-California-2-1024x768.webp 1024w, https:\/\/soymigrante.com\/revista\/wp-content\/uploads\/2024\/03\/Consulados-de-Guatemala-en-California-2-300x225.webp 300w, https:\/\/soymigrante.com\/revista\/wp-content\/uploads\/2024\/03\/Consulados-de-Guatemala-en-California-2-768x576.webp 768w, https:\/\/soymigrante.com\/revista\/wp-content\/uploads\/2024\/03\/Consulados-de-Guatemala-en-California-2-1536x1152.webp 1536w, https:\/\/soymigrante.com\/revista\/wp-content\/uploads\/2024\/03\/Consulados-de-Guatemala-en-California-2-750x563.webp 750w, https:\/\/soymigrante.com\/revista\/wp-content\/uploads\/2024\/03\/Consulados-de-Guatemala-en-California-2-1140x855.webp 1140w, https:\/\/soymigrante.com\/revista\/wp-content\/uploads\/2024\/03\/Consulados-de-Guatemala-en-California-2.webp 1920w\" sizes=\"(max-width: 1024px) 100vw, 1024px\" \/>\n            <\/div>\n        <\/div><div class=\"eael-entry-wrapper\"><header class=\"eael-entry-header\"><h2 class=\"eael-entry-title\"><a class=\"eael-grid-post-link\" href=\"https:\/\/soymigrante.com\/revista\/consulados-de-guatemala-en-california-ubicacion-y-horarios\/\" title=\"Consulados de Guatemala en California: ubicaci\u00f3n y horarios\">Consulados de Guatemala en California: ubicaci\u00f3n y horarios<\/a><\/h2><\/header><div class=\"eael-entry-content\">\n                        <div class=\"eael-grid-post-excerpt\"><a href=\"https:\/\/soymigrante.com\/revista\/consulados-de-guatemala-en-california-ubicacion-y-horarios\/\" class=\"eael-post-elements-readmore-btn\">CONOCE SU HISTORIA <\/a><\/div>\n                    <\/div><\/div><\/div>\n        <\/div>\n    <\/article><article class=\"eael-grid-post  eael-post-grid-column eael-pg-post-5361 category-recursos-migratorios\" data-id=\"5361\">\n        <div class=\"eael-grid-post-holder\">\n            <div class=\"eael-grid-post-holder-inner\"><div class=\"eael-entry-media\"><div class=\"eael-entry-overlay fade-in\"><i class=\"far fa-hand-pointer\" aria-hidden=\"true\"><\/i><a href=\"https:\/\/soymigrante.com\/revista\/consulados-de-guatemala-en-texas-estados-unidos\/\"><\/a><\/div><div class=\"eael-entry-thumbnail \">\n                <img loading=\"lazy\" decoding=\"async\" width=\"1024\" height=\"680\" src=\"https:\/\/soymigrante.com\/revista\/wp-content\/uploads\/2024\/03\/Consulados-de-Guatemala-en-Texas-1024x680.webp\" class=\"attachment-large size-large wp-image-5362\" alt=\"Consulados de Guatemala en Texas\" srcset=\"https:\/\/soymigrante.com\/revista\/wp-content\/uploads\/2024\/03\/Consulados-de-Guatemala-en-Texas-1024x680.webp 1024w, https:\/\/soymigrante.com\/revista\/wp-content\/uploads\/2024\/03\/Consulados-de-Guatemala-en-Texas-300x199.webp 300w, https:\/\/soymigrante.com\/revista\/wp-content\/uploads\/2024\/03\/Consulados-de-Guatemala-en-Texas-768x510.webp 768w, https:\/\/soymigrante.com\/revista\/wp-content\/uploads\/2024\/03\/Consulados-de-Guatemala-en-Texas-1536x1020.webp 1536w, https:\/\/soymigrante.com\/revista\/wp-content\/uploads\/2024\/03\/Consulados-de-Guatemala-en-Texas-750x498.webp 750w, https:\/\/soymigrante.com\/revista\/wp-content\/uploads\/2024\/03\/Consulados-de-Guatemala-en-Texas-1140x757.webp 1140w, https:\/\/soymigrante.com\/revista\/wp-content\/uploads\/2024\/03\/Consulados-de-Guatemala-en-Texas.webp 1600w\" sizes=\"(max-width: 1024px) 100vw, 1024px\" \/>\n            <\/div>\n        <\/div><div class=\"eael-entry-wrapper\"><header class=\"eael-entry-header\"><h2 class=\"eael-entry-title\"><a class=\"eael-grid-post-link\" href=\"https:\/\/soymigrante.com\/revista\/consulados-de-guatemala-en-texas-estados-unidos\/\" title=\"Consulados de Guatemala en Texas: ubicaci\u00f3n y contacto\">Consulados de Guatemala en Texas: ubicaci\u00f3n y contacto<\/a><\/h2><\/header><div class=\"eael-entry-content\">\n                        <div class=\"eael-grid-post-excerpt\"><a href=\"https:\/\/soymigrante.com\/revista\/consulados-de-guatemala-en-texas-estados-unidos\/\" class=\"eael-post-elements-readmore-btn\">CONOCE SU HISTORIA <\/a><\/div>\n                    <\/div><\/div><\/div>\n        <\/div>\n    <\/article><\/div>\n            <div class=\"clearfix\"><\/div>\n        <\/div>\t\t\t\t<\/div>\n\t\t\t\t\t<\/div>\n\t\t\t\t<\/div>\n\t\t\t\t<\/div>\n\t\t","protected":false},"excerpt":{"rendered":"<p>Los consulados de Guatemala en EE. UU. ya atienden sin cita para facilitar tramites claves. El Ministerio de Relaciones Exteriores de Guatemala anunci\u00f3 una serie de acciones destinadas a mejorar la atenci\u00f3n consular en Estados Unidos, entre ellas, la habilitaci\u00f3n gradual del servicio sin necesidad de cita previa para tr\u00e1mites fundamentales como la emisi\u00f3n de [&hellip;]<\/p>\n","protected":false},"author":19,"featured_media":37663,"comment_status":"open","ping_status":"open","sticky":false,"template":"","format":"standard","meta":{"_acf_changed":false,"_eb_attr":"","footnotes":""},"categories":[59],"tags":[],"class_list":["post-37662","post","type-post","status-publish","format-standard","has-post-thumbnail","hentry","category-recursos-migratorios"],"acf":[],"aioseo_notices":[],"aioseo_head":"\n\t\t<!-- All in One SEO Pro 4.9.6.2 - aioseo.com -->\n\t<meta name=\"description\" content=\"El Ministerio de Relaciones Exteriores de Guatemala (Minex), tiene cuatro sedes consulares en el estado de Texas para atender de lunes a viernes y en jornadas sabatinas tr\u00e1mites migratorios de guatemaltecos. Paisano guatemalteco, s\u00ed est\u00e1 en Texas o alguna ciudad de este estado y necesita ayuda del consulado de Guatemala es necesario que conozca la Guatemala tiene cuatro sedes consulares en Texas para asistir a los guatemaltecos radicados en ese estado de EE. UU.\" \/>\n\t<meta name=\"robots\" content=\"max-snippet:-1, max-image-preview:large, max-video-preview:-1\" \/>\n\t<meta name=\"author\" content=\"Mynor Toc\"\/>\n\t<link rel=\"canonical\" href=\"https:\/\/soymigrante.com\/revista\/consulados-de-guatemala-en-texas-estados-unidos\/\" \/>\n\t<meta name=\"generator\" content=\"All in One SEO Pro (AIOSEO) 4.9.6.2\" \/>\n\n\t\t<link rel=\"preconnect\" href=\"https:\/\/fonts.googleapis.com\" crossorigin>\n<link rel=\"preconnect\" href=\"https:\/\/fonts.gstatic.com\" crossorigin>\n\t\t<meta property=\"og:locale\" content=\"es_ES\" \/>\n\t\t<meta property=\"og:site_name\" content=\"SoyMigrante.com REVISTA \u2013 Nuestra misi\u00f3n es reconocer y dignificar al migrante.\" \/>\n\t\t<meta property=\"og:type\" content=\"article\" \/>\n\t\t<meta property=\"og:title\" content=\"Consulados de Guatemala en Texas: ubicaci\u00f3n y contacto\" \/>\n\t\t<meta property=\"og:description\" content=\"El Ministerio de Relaciones Exteriores de Guatemala (Minex), tiene cuatro sedes consulares en el estado de Texas para atender de lunes a viernes y en jornadas sabatinas tr\u00e1mites migratorios de guatemaltecos. Paisano guatemalteco, s\u00ed est\u00e1 en Texas o alguna ciudad de este estado y necesita ayuda del consulado de Guatemala es necesario que conozca la Guatemala tiene cuatro sedes consulares en Texas para asistir a los guatemaltecos radicados en ese estado de EE. UU.\" \/>\n\t\t<meta property=\"og:url\" content=\"https:\/\/soymigrante.com\/revista\/consulados-de-guatemala-en-texas-estados-unidos\/\" \/>\n\t\t<meta property=\"og:image\" content=\"https:\/\/soymigrante.com\/revista\/wp-content\/uploads\/2024\/03\/Consulados-de-Guatemala-en-Texas.webp\" \/>\n\t\t<meta property=\"og:image:secure_url\" content=\"https:\/\/soymigrante.com\/revista\/wp-content\/uploads\/2024\/03\/Consulados-de-Guatemala-en-Texas.webp\" \/>\n\t\t<meta property=\"og:image:width\" content=\"1600\" \/>\n\t\t<meta property=\"og:image:height\" content=\"1063\" \/>\n\t\t<meta property=\"article:published_time\" content=\"2024-03-13T14:20:07+00:00\" \/>\n\t\t<meta property=\"article:modified_time\" content=\"2024-03-15T05:04:15+00:00\" \/>\n\t\t<meta property=\"article:publisher\" content=\"https:\/\/www.facebook.com\/soymigrantecom\" \/>\n\t\t<meta name=\"twitter:card\" content=\"summary_large_image\" \/>\n\t\t<meta name=\"twitter:site\" content=\"@SoyMigrante_com\" \/>\n\t\t<meta name=\"twitter:title\" content=\"Consulados de Guatemala en Texas: ubicaci\u00f3n y contacto\" \/>\n\t\t<meta name=\"twitter:description\" content=\"El Ministerio de Relaciones Exteriores de Guatemala (Minex), tiene cuatro sedes consulares en el estado de Texas para atender de lunes a viernes y en jornadas sabatinas tr\u00e1mites migratorios de guatemaltecos. Paisano guatemalteco, s\u00ed est\u00e1 en Texas o alguna ciudad de este estado y necesita ayuda del consulado de Guatemala es necesario que conozca la Guatemala tiene cuatro sedes consulares en Texas para asistir a los guatemaltecos radicados en ese estado de EE. UU.\" \/>\n\t\t<meta name=\"twitter:creator\" content=\"@SoyMigrante_com\" \/>\n\t\t<meta name=\"twitter:image\" content=\"https:\/\/soymigrante.com\/revista\/wp-content\/uploads\/2024\/03\/Consulados-de-Guatemala-en-Texas.webp\" \/>\n\t\t<!-- All in One SEO Pro -->\r\n\t\t<title>Consulados de Guatemala en Texas: ubicaci\u00f3n y contacto<\/title>\n\n","aioseo_head_json":{"title":"Consulados de Guatemala en Texas: ubicaci\u00f3n y contacto","description":"El Ministerio de Relaciones Exteriores de Guatemala (Minex), tiene cuatro sedes consulares en el estado de Texas para atender de lunes a viernes y en jornadas sabatinas tr\u00e1mites migratorios de guatemaltecos. Paisano guatemalteco, s\u00ed est\u00e1 en Texas o alguna ciudad de este estado y necesita ayuda del consulado de Guatemala es necesario que conozca la Guatemala tiene cuatro sedes consulares en Texas para asistir a los guatemaltecos radicados en ese estado de EE. UU.","canonical_url":"https:\/\/soymigrante.com\/revista\/consulados-de-guatemala-en-texas-estados-unidos\/","robots":"max-snippet:-1, max-image-preview:large, max-video-preview:-1","keywords":"","webmasterTools":{"miscellaneous":"&lt;link rel=\"preconnect\" href=\"https:\/\/fonts.googleapis.com\" crossorigin&gt;\n&lt;link rel=\"preconnect\" href=\"https:\/\/fonts.gstatic.com\" crossorigin&gt;"},"schema":null,"og:locale":"es_ES","og:site_name":"SoyMigrante.com REVISTA \u2013 Nuestra misi\u00f3n es reconocer y dignificar al migrante.","og:type":"article","og:title":"Consulados de Guatemala en Texas: ubicaci\u00f3n y contacto","og:description":"El Ministerio de Relaciones Exteriores de Guatemala (Minex), tiene cuatro sedes consulares en el estado de Texas para atender de lunes a viernes y en jornadas sabatinas tr\u00e1mites migratorios de guatemaltecos. Paisano guatemalteco, s\u00ed est\u00e1 en Texas o alguna ciudad de este estado y necesita ayuda del consulado de Guatemala es necesario que conozca la Guatemala tiene cuatro sedes consulares en Texas para asistir a los guatemaltecos radicados en ese estado de EE. UU.","og:url":"https:\/\/soymigrante.com\/revista\/consulados-de-guatemala-en-texas-estados-unidos\/","og:image":"https:\/\/soymigrante.com\/revista\/wp-content\/uploads\/2024\/03\/Consulados-de-Guatemala-en-Texas.webp","og:image:secure_url":"https:\/\/soymigrante.com\/revista\/wp-content\/uploads\/2024\/03\/Consulados-de-Guatemala-en-Texas.webp","og:image:width":1600,"og:image:height":1063,"article:published_time":"2024-03-13T14:20:07+00:00","article:modified_time":"2024-03-15T05:04:15+00:00","article:publisher":"https:\/\/www.facebook.com\/soymigrantecom","twitter:card":"summary_large_image","twitter:site":"@SoyMigrante_com","twitter:title":"Consulados de Guatemala en Texas: ubicaci\u00f3n y contacto","twitter:description":"El Ministerio de Relaciones Exteriores de Guatemala (Minex), tiene cuatro sedes consulares en el estado de Texas para atender de lunes a viernes y en jornadas sabatinas tr\u00e1mites migratorios de guatemaltecos. Paisano guatemalteco, s\u00ed est\u00e1 en Texas o alguna ciudad de este estado y necesita ayuda del consulado de Guatemala es necesario que conozca la Guatemala tiene cuatro sedes consulares en Texas para asistir a los guatemaltecos radicados en ese estado de EE. UU.","twitter:creator":"@SoyMigrante_com","twitter:image":"https:\/\/soymigrante.com\/revista\/wp-content\/uploads\/2024\/03\/Consulados-de-Guatemala-en-Texas.webp"},"aioseo_meta_data":{"post_id":"37662","title":"Consulados de Guatemala en USA atienden sin cita previa","description":"Para tr\u00e1mites de documentos claves, los consulados de Guatemala en Estados Unidos ya no necesitan de cita electr\u00f3nica.","keywords":null,"keyphrases":{"focus":{"keyphrase":"Consulados de Guatemala","score":91,"analysis":{"keyphraseInTitle":{"score":9,"maxScore":9,"error":0},"keyphraseInDescription":{"score":9,"maxScore":9,"error":0},"keyphraseLength":{"score":9,"maxScore":9,"error":0,"length":3},"keyphraseInURL":{"score":5,"maxScore":5,"error":0},"keyphraseInIntroduction":{"score":3,"maxScore":9,"error":1},"keyphraseInSubHeadings":{"score":9,"maxScore":9,"error":0},"keyphraseInImageAlt":{"score":9,"maxScore":9,"error":0},"keywordDensity":{"type":"best","score":9,"maxScore":9,"error":0}}},"additional":[{"keyphrase":"Consulados","score":87,"analysis":{"keyphraseInDescription":{"score":9,"maxScore":9,"error":0},"keyphraseLength":{"score":9,"maxScore":9,"error":0,"length":1},"keyphraseInIntroduction":{"score":3,"maxScore":9,"error":1},"keyphraseInImageAlt":{"score":9,"maxScore":9,"error":0},"keywordDensity":{"type":"best","score":9,"maxScore":9,"error":0}}},{"keyphrase":"Guatemala","score":100,"analysis":{"keyphraseInDescription":{"score":9,"maxScore":9,"error":0},"keyphraseLength":{"score":9,"maxScore":9,"error":0,"length":1},"keyphraseInIntroduction":{"score":9,"maxScore":9,"error":0},"keyphraseInImageAlt":{"score":9,"maxScore":9,"error":0},"keywordDensity":{"type":"best","score":9,"maxScore":9,"error":0}}},{"keyphrase":"EE. UU.","score":40,"analysis":{"keyphraseInDescription":{"score":3,"maxScore":9,"error":1},"keyphraseLength":{"score":9,"maxScore":9,"error":0,"length":2},"keyphraseInIntroduction":{"score":3,"maxScore":9,"error":1},"keyphraseInImageAlt":{"score":3,"maxScore":9,"error":1},"keywordDensity":{"score":0,"type":"low","maxScore":9,"error":1}}}]},"primary_term":null,"canonical_url":null,"og_title":null,"og_description":null,"og_object_type":"default","og_image_type":"default","og_image_url":null,"og_image_width":null,"og_image_height":null,"og_image_custom_url":null,"og_image_custom_fields":null,"og_video":"","og_custom_url":null,"og_article_section":null,"og_article_tags":null,"twitter_use_og":false,"twitter_card":"default","twitter_image_type":"default","twitter_image_url":null,"twitter_image_custom_url":null,"twitter_image_custom_fields":null,"twitter_title":null,"twitter_description":null,"schema":{"blockGraphs":[],"customGraphs":[],"default":{"data":{"Article":[],"Course":[],"Dataset":[],"FAQPage":[],"Movie":[],"Person":[],"Product":[],"ProductReview":[],"Car":[],"Recipe":[],"Service":[],"SoftwareApplication":[],"WebPage":[]},"graphName":"none","isEnabled":true},"graphs":[]},"schema_type":"default","schema_type_options":null,"pillar_content":false,"robots_default":true,"robots_noindex":false,"robots_noarchive":false,"robots_nosnippet":false,"robots_nofollow":false,"robots_noimageindex":false,"robots_noodp":false,"robots_notranslate":false,"robots_max_snippet":"-1","robots_max_videopreview":"-1","robots_max_imagepreview":"large","priority":null,"frequency":"default","local_seo":null,"seo_analyzer_scan_date":"2025-10-09 06:09:15","breadcrumb_settings":null,"limit_modified_date":false,"reviewed_by":"0","open_ai":"{\"title\":{\"suggestions\":[],\"usage\":0},\"description\":{\"suggestions\":[],\"usage\":0}}","ai":null,"created":"2025-06-24 20:36:24","updated":"2026-02-05 01:19:30"},"aioseo_breadcrumb":"<div class=\"aioseo-breadcrumbs\"><span class=\"aioseo-breadcrumb\">\n\t<a href=\"https:\/\/soymigrante.com\/revista\" title=\"Home\">Home<\/a>\n<\/span><span class=\"aioseo-breadcrumb-separator\">\u00bb<\/span><span class=\"aioseo-breadcrumb\">\n\t<a href=\"https:\/\/soymigrante.com\/revista\/category\/recursos-migratorios\/\" title=\"Recursos Migratorios\">Recursos Migratorios<\/a>\n<\/span><span class=\"aioseo-breadcrumb-separator\">\u00bb<\/span><span class=\"aioseo-breadcrumb\">\n\tYa no se necesita cita para atenci\u00f3n en Consulados de Guatemala (solo paciencia)\n<\/span><\/div>","aioseo_breadcrumb_json":[{"label":"Home","link":"https:\/\/soymigrante.com\/revista"},{"label":"Recursos Migratorios","link":"https:\/\/soymigrante.com\/revista\/category\/recursos-migratorios\/"},{"label":"Ya no se necesita cita para atenci\u00f3n en Consulados de Guatemala (solo paciencia)","link":"https:\/\/soymigrante.com\/revista\/ya-no-se-necesita-cita-para-atencion-en-consulados-de-guatemala-solo-paciencia\/"}],"_links":{"self":[{"href":"https:\/\/soymigrante.com\/revista\/wp-json\/wp\/v2\/posts\/37662","targetHints":{"allow":["GET"]}}],"collection":[{"href":"https:\/\/soymigrante.com\/revista\/wp-json\/wp\/v2\/posts"}],"about":[{"href":"https:\/\/soymigrante.com\/revista\/wp-json\/wp\/v2\/types\/post"}],"author":[{"embeddable":true,"href":"https:\/\/soymigrante.com\/revista\/wp-json\/wp\/v2\/users\/19"}],"replies":[{"embeddable":true,"href":"https:\/\/soymigrante.com\/revista\/wp-json\/wp\/v2\/comments?post=37662"}],"version-history":[{"count":17,"href":"https:\/\/soymigrante.com\/revista\/wp-json\/wp\/v2\/posts\/37662\/revisions"}],"predecessor-version":[{"id":37682,"href":"https:\/\/soymigrante.com\/revista\/wp-json\/wp\/v2\/posts\/37662\/revisions\/37682"}],"wp:featuredmedia":[{"embeddable":true,"href":"https:\/\/soymigrante.com\/revista\/wp-json\/wp\/v2\/media\/37663"}],"wp:attachment":[{"href":"https:\/\/soymigrante.com\/revista\/wp-json\/wp\/v2\/media?parent=37662"}],"wp:term":[{"taxonomy":"category","embeddable":true,"href":"https:\/\/soymigrante.com\/revista\/wp-json\/wp\/v2\/categories?post=37662"},{"taxonomy":"post_tag","embeddable":true,"href":"https:\/\/soymigrante.com\/revista\/wp-json\/wp\/v2\/tags?post=37662"}],"curies":[{"name":"wp","href":"https:\/\/api.w.org\/{rel}","templated":true}]}}