{"id":37636,"date":"2025-06-25T04:00:00","date_gmt":"2025-06-25T10:00:00","guid":{"rendered":"https:\/\/soymigrante.com\/revista\/?p=37636"},"modified":"2025-06-24T22:40:13","modified_gmt":"2025-06-25T04:40:13","slug":"politica-migratoria-2025-divide-opiniones-segun-estudio-del-pew-center","status":"publish","type":"post","link":"https:\/\/soymigrante.com\/revista\/politica-migratoria-2025-divide-opiniones-segun-estudio-del-pew-center\/","title":{"rendered":"Pol\u00edtica migratoria en EE.\u202fUU. divide opiniones seg\u00fan estudio del Pew Center"},"content":{"rendered":"\t\t<div data-elementor-type=\"wp-post\" data-elementor-id=\"37636\" class=\"elementor elementor-37636\" data-elementor-post-type=\"post\">\n\t\t\t\t<div data-particle_enable=\"false\" data-particle-mobile-disabled=\"false\" class=\"elementor-element elementor-element-aca9756 e-flex e-con-boxed e-con e-parent\" data-id=\"aca9756\" data-element_type=\"container\" data-e-type=\"container\">\n\t\t\t\t\t<div class=\"e-con-inner\">\n\t\t\t\t<div class=\"elementor-element elementor-element-fc01258 elementor-widget elementor-widget-heading\" data-id=\"fc01258\" data-element_type=\"widget\" data-e-type=\"widget\" data-widget_type=\"heading.default\">\n\t\t\t\t\t<h2 class=\"elementor-heading-title elementor-size-default\">Una encuesta del Pew Research Center, revela que la pol\u00edtica migratoria frente a las medidas implementadas del gobierno de Trump, se divide.  \n<\/h2>\t\t\t\t<\/div>\n\t\t\t\t\t<\/div>\n\t\t\t\t<\/div>\n\t\t<div data-particle_enable=\"false\" data-particle-mobile-disabled=\"false\" class=\"elementor-element elementor-element-7078732 e-flex e-con-boxed e-con e-parent\" data-id=\"7078732\" data-element_type=\"container\" data-e-type=\"container\">\n\t\t\t\t\t<div class=\"e-con-inner\">\n\t\t\t\t<div class=\"elementor-element elementor-element-fff711c elementor-widget elementor-widget-text-editor\" data-id=\"fff711c\" data-element_type=\"widget\" data-e-type=\"widget\" data-widget_type=\"text-editor.default\">\n\t\t\t\t\t\t\t\t\t<p>La pol\u00edtica migratoria del gobierno del presidente Donald Trump, vigente desde enero de 2025, se ha convertido en un tema que genera controversia.<a href=\"https:\/\/www.pewresearch.org\/politics\/2025\/06\/17\/americans-have-mixed-to-negative-views-of-trump-administration-immigration-actions\/\" target=\"_blank\" rel=\"noopener\"> Una encuesta reciente del Pew Research Center,<\/a> realizada entre el 2 y 8 de junio de 2025, revela una opini\u00f3n p\u00fablica \u201cmixta a negativa\u201d frente a las medidas implementadas. Estos son algunos datos reflejados en dicho estudio.<\/p><p>El Pew Research Center es un centro de investigaci\u00f3n independiente, sin fines de lucro, con sede en Washington, D.C. que informa al p\u00fablico sobre temas, actitudes y tendencias que dan forma al mundo. Se dedica a la investigaci\u00f3n basada en datos, incluyendo encuestas de opini\u00f3n p\u00fablica. No toma posiciones sobre pol\u00edticas gubernamentales, solo describe escenarios y actitudes ciudadanas.<\/p>\t\t\t\t\t\t\t\t<\/div>\n\t\t\t\t\t<\/div>\n\t\t\t\t<\/div>\n\t\t<div data-particle_enable=\"false\" data-particle-mobile-disabled=\"false\" class=\"elementor-element elementor-element-92c07ee e-flex e-con-boxed e-con e-parent\" data-id=\"92c07ee\" data-element_type=\"container\" data-e-type=\"container\">\n\t\t\t\t\t<div class=\"e-con-inner\">\n\t\t\t\t<div class=\"elementor-element elementor-element-ca75afd elementor-widget elementor-widget-heading\" data-id=\"ca75afd\" data-element_type=\"widget\" data-e-type=\"widget\" data-widget_type=\"heading.default\">\n\t\t\t\t\t<h3 class=\"elementor-heading-title elementor-size-default\">Visi\u00f3n general: \u00bfqu\u00e9 piensa Estados Unidos de las acciones migratorias actuales?<\/h3>\t\t\t\t<\/div>\n\t\t\t\t\t<\/div>\n\t\t\t\t<\/div>\n\t\t<div data-particle_enable=\"false\" data-particle-mobile-disabled=\"false\" class=\"elementor-element elementor-element-84cb9b1 e-flex e-con-boxed e-con e-parent\" data-id=\"84cb9b1\" data-element_type=\"container\" data-e-type=\"container\">\n\t\t\t\t\t<div class=\"e-con-inner\">\n\t\t\t\t<div class=\"elementor-element elementor-element-e346ebe elementor-widget elementor-widget-text-editor\" data-id=\"e346ebe\" data-element_type=\"widget\" data-e-type=\"widget\" data-widget_type=\"text-editor.default\">\n\t\t\t\t\t\t\t\t\t<p>Seg\u00fan el an\u00e1lisis de <a href=\"https:\/\/www.pewresearch.org\/politics\/2025\/06\/17\/americans-have-mixed-to-negative-views-of-trump-administration-immigration-actions\/\" target=\"_blank\" rel=\"noopener\">Pew<\/a>, un 47\u202f% de los estadounidenses desaprueba el enfoque migratorio de la administraci\u00f3n, frente a un 42\u202f% que lo aprueba. El sondeo incluy\u00f3 a 5,044 adultos, abarcando g\u00e9nero, raza, filiaci\u00f3n pol\u00edtica y otros factores, lo que lo convierte en una muestra representativa.<\/p>\t\t\t\t\t\t\t\t<\/div>\n\t\t\t\t\t<\/div>\n\t\t\t\t<\/div>\n\t\t<div data-particle_enable=\"false\" data-particle-mobile-disabled=\"false\" class=\"elementor-element elementor-element-21ba1e5 e-flex e-con-boxed e-con e-parent\" data-id=\"21ba1e5\" data-element_type=\"container\" data-e-type=\"container\">\n\t\t\t\t\t<div class=\"e-con-inner\">\n\t\t\t\t<div class=\"elementor-element elementor-element-3dbe6b0 elementor-widget elementor-widget-heading\" data-id=\"3dbe6b0\" data-element_type=\"widget\" data-e-type=\"widget\" data-widget_type=\"heading.default\">\n\t\t\t\t\t<h3 class=\"elementor-heading-title elementor-size-default\">Medidas espec\u00edficas con fuerte rechazo<\/h3>\t\t\t\t<\/div>\n\t\t\t\t\t<\/div>\n\t\t\t\t<\/div>\n\t\t<div data-particle_enable=\"false\" data-particle-mobile-disabled=\"false\" class=\"elementor-element elementor-element-4695673 e-flex e-con-boxed e-con e-parent\" data-id=\"4695673\" data-element_type=\"container\" data-e-type=\"container\">\n\t\t\t\t\t<div class=\"e-con-inner\">\n\t\t\t\t<div class=\"elementor-element elementor-element-c97e5ca elementor-widget elementor-widget-text-editor\" data-id=\"c97e5ca\" data-element_type=\"widget\" data-e-type=\"widget\" data-widget_type=\"text-editor.default\">\n\t\t\t\t\t\t\t\t\t<div><a href=\"https:\/\/www.pewresearch.org\/politics\/2025\/06\/17\/americans-have-mixed-to-negative-views-of-trump-administration-immigration-actions\/\" target=\"_blank\" rel=\"noopener\">El estudio muestra que:<\/a><\/div><div>\u202260\u202f% desaprueba la suspensi\u00f3n de la mayor\u00eda de solicitudes de asilo, con solo un 39\u202f% que las respalda.<\/div><div>\u202259\u202f% se opone al fin del Estatus de Protecci\u00f3n Temporal (TPS), frente a un 39\u202f% que lo acepta.<\/div><div>\u202254\u202f% rechaza las redadas de ICE en centros de trabajo, mientras un 45\u202f% las aprueba.<\/div><div>\u00a0<\/div><div>Estas cifras reflejan una desaprobaci\u00f3n clara de las medidas m\u00e1s visibles de la gesti\u00f3n migratoria.<\/div>\t\t\t\t\t\t\t\t<\/div>\n\t\t\t\t\t<\/div>\n\t\t\t\t<\/div>\n\t\t<div data-particle_enable=\"false\" data-particle-mobile-disabled=\"false\" class=\"elementor-element elementor-element-d3fcc5f e-flex e-con-boxed e-con e-parent\" data-id=\"d3fcc5f\" data-element_type=\"container\" data-e-type=\"container\">\n\t\t\t\t\t<div class=\"e-con-inner\">\n\t\t\t\t<div class=\"elementor-element elementor-element-9e0a920 elementor-grid-eael-col-1 elementor-grid-tablet-eael-col-2 elementor-grid-mobile-eael-col-1 elementor-invisible elementor-widget elementor-widget-eael-post-grid\" data-id=\"9e0a920\" data-element_type=\"widget\" data-e-type=\"widget\" data-settings=\"{&quot;eael_post_grid_columns&quot;:&quot;eael-col-1&quot;,&quot;_animation&quot;:&quot;rollIn&quot;,&quot;eael_post_grid_columns_tablet&quot;:&quot;eael-col-2&quot;,&quot;eael_post_grid_columns_mobile&quot;:&quot;eael-col-1&quot;}\" data-widget_type=\"eael-post-grid.default\">\n\t\t\t\t\t<div id=\"eael-post-grid-9e0a920\" class=\"eael-post-grid-container\">\n            <div class=\"eael-post-grid eael-post-appender eael-post-appender-9e0a920 eael-post-grid-style-one\" data-layout-mode=\"masonry\"><article class=\"eael-grid-post  eael-post-grid-column eael-pg-post-1308 category-estamos-unidos\" data-id=\"1308\">\n        <div class=\"eael-grid-post-holder\">\n            <div class=\"eael-grid-post-holder-inner\"><div class=\"eael-entry-media\"><div class=\"eael-entry-overlay fade-in\"><i class=\"far fa-hand-pointer\" aria-hidden=\"true\"><\/i><a href=\"https:\/\/soymigrante.com\/revista\/voto-de-migrantes-guatemaltecos-impulsa-organizacion\/\"><\/a><\/div><div class=\"eael-entry-thumbnail eael-image-ratio\">\n                <img fetchpriority=\"high\" decoding=\"async\" width=\"940\" height=\"627\" src=\"https:\/\/soymigrante.com\/revista\/wp-content\/uploads\/2023\/06\/voto-en-el-extranjero.webp\" class=\"attachment-large size-large wp-image-1330\" alt=\"voto en el extranjero\" srcset=\"https:\/\/soymigrante.com\/revista\/wp-content\/uploads\/2023\/06\/voto-en-el-extranjero.webp 940w, https:\/\/soymigrante.com\/revista\/wp-content\/uploads\/2023\/06\/voto-en-el-extranjero-300x200.webp 300w, https:\/\/soymigrante.com\/revista\/wp-content\/uploads\/2023\/06\/voto-en-el-extranjero-768x512.webp 768w, https:\/\/soymigrante.com\/revista\/wp-content\/uploads\/2023\/06\/voto-en-el-extranjero-750x500.webp 750w, https:\/\/soymigrante.com\/revista\/wp-content\/uploads\/2023\/06\/voto-en-el-extranjero-600x400.webp 600w\" sizes=\"(max-width: 940px) 100vw, 940px\" \/>\n            <\/div>\n        <\/div><div class=\"eael-entry-wrapper\"><header class=\"eael-entry-header\"><h2 class=\"eael-entry-title\"><a class=\"eael-grid-post-link\" href=\"https:\/\/soymigrante.com\/revista\/voto-de-migrantes-guatemaltecos-impulsa-organizacion\/\" title=\"\u00bfCu\u00e1ntos migrantes guatemaltecos empadronados hay en ciudades de Estados Unidos?\">\u00bfCu\u00e1ntos migrantes guatemaltecos empadronados hay en ciudades de Estados Unidos?<\/a><\/h2><\/header><div class=\"eael-entry-content\">\n                        <div class=\"eael-grid-post-excerpt\"><a href=\"https:\/\/soymigrante.com\/revista\/voto-de-migrantes-guatemaltecos-impulsa-organizacion\/\" class=\"eael-post-elements-readmore-btn\">CONOCE SU HISTORIA <\/a><\/div>\n                    <\/div><\/div><\/div>\n        <\/div>\n    <\/article><\/div>\n            <div class=\"clearfix\"><\/div>\n        <\/div>\t\t\t\t<\/div>\n\t\t\t\t\t<\/div>\n\t\t\t\t<\/div>\n\t\t<div data-particle_enable=\"false\" data-particle-mobile-disabled=\"false\" class=\"elementor-element elementor-element-a100fb3 e-flex e-con-boxed e-con e-parent\" data-id=\"a100fb3\" data-element_type=\"container\" data-e-type=\"container\">\n\t\t\t\t\t<div class=\"e-con-inner\">\n\t\t\t\t<div class=\"elementor-element elementor-element-ed626c9 elementor-widget elementor-widget-heading\" data-id=\"ed626c9\" data-element_type=\"widget\" data-e-type=\"widget\" data-widget_type=\"heading.default\">\n\t\t\t\t\t<h3 class=\"elementor-heading-title elementor-size-default\">Aprobaci\u00f3n dividida seg\u00fan partido<\/h3>\t\t\t\t<\/div>\n\t\t\t\t\t<\/div>\n\t\t\t\t<\/div>\n\t\t<div data-particle_enable=\"false\" data-particle-mobile-disabled=\"false\" class=\"elementor-element elementor-element-d63d710 e-flex e-con-boxed e-con e-parent\" data-id=\"d63d710\" data-element_type=\"container\" data-e-type=\"container\">\n\t\t\t\t\t<div class=\"e-con-inner\">\n\t\t\t\t<div class=\"elementor-element elementor-element-043391d elementor-widget elementor-widget-text-editor\" data-id=\"043391d\" data-element_type=\"widget\" data-e-type=\"widget\" data-widget_type=\"text-editor.default\">\n\t\t\t\t\t\t\t\t\t<div>Pew tambi\u00e9n subraya un fuerte sesgo partidista:<\/div><div>\u2022Entre los republicanos, el 78\u202f% aprueba el enfoque del gobierno, con un 51\u202f% manifestando aprobaci\u00f3n fuerte y solo un 12\u202f% en contra.<\/div><div>\u2022En contraste, el 81\u202f% de los dem\u00f3cratas lo desaprueba, de los cuales el 63\u202f% lo hace de forma intensa.\u00a0<\/div><div>La divisi\u00f3n de opiniones seg\u00fan la preferencia pol\u00edtica se nota claramente en los porcentajes del Pew.<\/div>\t\t\t\t\t\t\t\t<\/div>\n\t\t\t\t\t<\/div>\n\t\t\t\t<\/div>\n\t\t<div data-particle_enable=\"false\" data-particle-mobile-disabled=\"false\" class=\"elementor-element elementor-element-789d7db e-flex e-con-boxed e-con e-parent\" data-id=\"789d7db\" data-element_type=\"container\" data-e-type=\"container\">\n\t\t\t\t\t<div class=\"e-con-inner\">\n\t\t\t\t<div class=\"elementor-element elementor-element-f947437 elementor-widget elementor-widget-heading\" data-id=\"f947437\" data-element_type=\"widget\" data-e-type=\"widget\" data-widget_type=\"heading.default\">\n\t\t\t\t\t<h3 class=\"elementor-heading-title elementor-size-default\">Repercusiones econ\u00f3micas y en la delincuencia<\/h3>\t\t\t\t<\/div>\n\t\t\t\t\t<\/div>\n\t\t\t\t<\/div>\n\t\t<div data-particle_enable=\"false\" data-particle-mobile-disabled=\"false\" class=\"elementor-element elementor-element-02fc51e e-flex e-con-boxed e-con e-parent\" data-id=\"02fc51e\" data-element_type=\"container\" data-e-type=\"container\">\n\t\t\t\t\t<div class=\"e-con-inner\">\n\t\t\t\t<div class=\"elementor-element elementor-element-1de7f7e elementor-widget elementor-widget-text-editor\" data-id=\"1de7f7e\" data-element_type=\"widget\" data-e-type=\"widget\" data-widget_type=\"text-editor.default\">\n\t\t\t\t\t\t\t\t\t<div>Los<a href=\"https:\/\/www.pewresearch.org\/politics\/2025\/06\/17\/americans-have-mixed-to-negative-views-of-trump-administration-immigration-actions\/\" target=\"_blank\" rel=\"noopener\"> encuestados tambi\u00e9n expresan preocupaci\u00f3n por consecuencias m\u00e1s all\u00e1 del \u00e1mbito migratorio<\/a>:<\/div><div>\u202253\u202f% cree que las medidas costar\u00e1n dinero a los contribuyentes (solo 29\u202f% opina lo contrario).<\/div><div>\u202246\u202f% considera que debilitar\u00e1n la econom\u00eda (frente al 34\u202f% que piensa que la fortalecer\u00e1n).<\/div><div>\u2022En cuanto al crimen, el 41\u202f% anticipa una reducci\u00f3n delictiva, el 20\u202f% piensa que aumentar\u00e1 y el 37\u202f% cree que no cambiar\u00e1 mucho.<\/div>\t\t\t\t\t\t\t\t<\/div>\n\t\t\t\t\t<\/div>\n\t\t\t\t<\/div>\n\t\t<div data-particle_enable=\"false\" data-particle-mobile-disabled=\"false\" class=\"elementor-element elementor-element-b54f907 e-flex e-con-boxed e-con e-parent\" data-id=\"b54f907\" data-element_type=\"container\" data-e-type=\"container\">\n\t\t\t\t\t<div class=\"e-con-inner\">\n\t\t\t\t<div class=\"elementor-element elementor-element-adb11a2 elementor-grid-eael-col-1 elementor-grid-tablet-eael-col-2 elementor-grid-mobile-eael-col-1 elementor-invisible elementor-widget elementor-widget-eael-post-grid\" data-id=\"adb11a2\" data-element_type=\"widget\" data-e-type=\"widget\" data-settings=\"{&quot;eael_post_grid_columns&quot;:&quot;eael-col-1&quot;,&quot;_animation&quot;:&quot;rollIn&quot;,&quot;eael_post_grid_columns_tablet&quot;:&quot;eael-col-2&quot;,&quot;eael_post_grid_columns_mobile&quot;:&quot;eael-col-1&quot;}\" data-widget_type=\"eael-post-grid.default\">\n\t\t\t\t\t<div id=\"eael-post-grid-adb11a2\" class=\"eael-post-grid-container\">\n            <div class=\"eael-post-grid eael-post-appender eael-post-appender-adb11a2 eael-post-grid-style-one\" data-layout-mode=\"masonry\"><article class=\"eael-grid-post  eael-post-grid-column eael-pg-post-4542 category-lugar-de-voces\" data-id=\"4542\">\n        <div class=\"eael-grid-post-holder\">\n            <div class=\"eael-grid-post-holder-inner\"><div class=\"eael-entry-media\"><div class=\"eael-entry-overlay fade-in\"><i class=\"far fa-hand-pointer\" aria-hidden=\"true\"><\/i><a href=\"https:\/\/soymigrante.com\/revista\/migracion-jovenes-guatemaltecos-falta-oportunidades-necesitamos-desarrollo\/\"><\/a><\/div><div class=\"eael-entry-thumbnail eael-image-ratio\">\n                <img decoding=\"async\" width=\"1024\" height=\"534\" src=\"https:\/\/soymigrante.com\/revista\/wp-content\/uploads\/2024\/01\/Captura-de-pantalla-2024-01-22-182700-1024x534.webp\" class=\"attachment-large size-large wp-image-4543\" alt=\"Los migrantes indocumentados se exponen a los abusos y cr\u00edmenes de grupos del narcotr\u00e1fico, al riesgo de morir en el cruce del desierto y tambi\u00e9n a ser detenidos por autoridades migratorias de EE.UU:\" srcset=\"https:\/\/soymigrante.com\/revista\/wp-content\/uploads\/2024\/01\/Captura-de-pantalla-2024-01-22-182700-1024x534.webp 1024w, https:\/\/soymigrante.com\/revista\/wp-content\/uploads\/2024\/01\/Captura-de-pantalla-2024-01-22-182700-300x157.webp 300w, https:\/\/soymigrante.com\/revista\/wp-content\/uploads\/2024\/01\/Captura-de-pantalla-2024-01-22-182700-768x401.webp 768w, https:\/\/soymigrante.com\/revista\/wp-content\/uploads\/2024\/01\/Captura-de-pantalla-2024-01-22-182700-750x391.webp 750w, https:\/\/soymigrante.com\/revista\/wp-content\/uploads\/2024\/01\/Captura-de-pantalla-2024-01-22-182700-1140x595.webp 1140w, https:\/\/soymigrante.com\/revista\/wp-content\/uploads\/2024\/01\/Captura-de-pantalla-2024-01-22-182700.webp 1288w\" sizes=\"(max-width: 1024px) 100vw, 1024px\" \/>\n            <\/div>\n        <\/div><div class=\"eael-entry-wrapper\"><header class=\"eael-entry-header\"><h2 class=\"eael-entry-title\"><a class=\"eael-grid-post-link\" href=\"https:\/\/soymigrante.com\/revista\/migracion-jovenes-guatemaltecos-falta-oportunidades-necesitamos-desarrollo\/\" title=\"El trabajo y la migraci\u00f3n de los j\u00f3venes guatemaltecos\">El trabajo y la migraci\u00f3n de los j\u00f3venes guatemaltecos<\/a><\/h2><\/header><div class=\"eael-entry-content\">\n                        <div class=\"eael-grid-post-excerpt\"><a href=\"https:\/\/soymigrante.com\/revista\/migracion-jovenes-guatemaltecos-falta-oportunidades-necesitamos-desarrollo\/\" class=\"eael-post-elements-readmore-btn\">CONOCE SU HISTORIA <\/a><\/div>\n                    <\/div><\/div><\/div>\n        <\/div>\n    <\/article><\/div>\n            <div class=\"clearfix\"><\/div>\n        <\/div>\t\t\t\t<\/div>\n\t\t\t\t\t<\/div>\n\t\t\t\t<\/div>\n\t\t<div data-particle_enable=\"false\" data-particle-mobile-disabled=\"false\" class=\"elementor-element elementor-element-786803b e-flex e-con-boxed e-con e-parent\" data-id=\"786803b\" data-element_type=\"container\" data-e-type=\"container\">\n\t\t\t\t\t<div class=\"e-con-inner\">\n\t\t\t\t<div class=\"elementor-element elementor-element-72b4854 elementor-widget elementor-widget-heading\" data-id=\"72b4854\" data-element_type=\"widget\" data-e-type=\"widget\" data-widget_type=\"heading.default\">\n\t\t\t\t\t<h3 class=\"elementor-heading-title elementor-size-default\">Mayor\u00eda respalda dar rutas de legalizaci\u00f3n<\/h3>\t\t\t\t<\/div>\n\t\t\t\t\t<\/div>\n\t\t\t\t<\/div>\n\t\t<div data-particle_enable=\"false\" data-particle-mobile-disabled=\"false\" class=\"elementor-element elementor-element-a0bce8c e-flex e-con-boxed e-con e-parent\" data-id=\"a0bce8c\" data-element_type=\"container\" data-e-type=\"container\">\n\t\t\t\t\t<div class=\"e-con-inner\">\n\t\t\t\t<div class=\"elementor-element elementor-element-af76607 elementor-widget elementor-widget-text-editor\" data-id=\"af76607\" data-element_type=\"widget\" data-e-type=\"widget\" data-widget_type=\"text-editor.default\">\n\t\t\t\t\t\t\t\t\t<p>Pese al ambiente de endurecimiento, el apoyo a una v\u00eda legal para las personas sin permiso sigue siendo fuerte: 65\u202f% de los participantes est\u00e1n a favor de proporcionar una forma de legalizaci\u00f3n para permanecer en el pa\u00b4is, y un 36\u202f% respalda que <a href=\"https:\/\/www.pewresearch.org\/politics\/2025\/06\/17\/americans-have-mixed-to-negative-views-of-trump-administration-immigration-actions\/\" target=\"_blank\" rel=\"noopener\">puedan optar a la ciudadan\u00eda, si cumplen ciertos requisitos.<\/a><\/p>\t\t\t\t\t\t\t\t<\/div>\n\t\t\t\t\t<\/div>\n\t\t\t\t<\/div>\n\t\t<div data-particle_enable=\"false\" data-particle-mobile-disabled=\"false\" class=\"elementor-element elementor-element-77b00d3 e-flex e-con-boxed e-con e-parent\" data-id=\"77b00d3\" data-element_type=\"container\" data-e-type=\"container\">\n\t\t\t\t\t<div class=\"e-con-inner\">\n\t\t\t\t<div class=\"elementor-element elementor-element-ca7cfe9 elementor-widget elementor-widget-heading\" data-id=\"ca7cfe9\" data-element_type=\"widget\" data-e-type=\"widget\" data-widget_type=\"heading.default\">\n\t\t\t\t\t<h3 class=\"elementor-heading-title elementor-size-default\">Una pol\u00edtica bajo la lupa<\/h3>\t\t\t\t<\/div>\n\t\t\t\t\t<\/div>\n\t\t\t\t<\/div>\n\t\t<div data-particle_enable=\"false\" data-particle-mobile-disabled=\"false\" class=\"elementor-element elementor-element-4d05d63 e-flex e-con-boxed e-con e-parent\" data-id=\"4d05d63\" data-element_type=\"container\" data-e-type=\"container\">\n\t\t\t\t\t<div class=\"e-con-inner\">\n\t\t\t\t<div class=\"elementor-element elementor-element-e11a5aa elementor-widget elementor-widget-text-editor\" data-id=\"e11a5aa\" data-element_type=\"widget\" data-e-type=\"widget\" data-widget_type=\"text-editor.default\">\n\t\t\t\t\t\t\t\t\t<p><a href=\"https:\/\/www.pewresearch.org\/politics\/2025\/06\/17\/americans-have-mixed-to-negative-views-of-trump-administration-immigration-actions\/\" target=\"_blank\" rel=\"noopener\">La encuesta del Pew Research Center deja en evidencia una realidad compleja:<\/a> el gobierno ejecuta una estrategia migratoria fuerte a trav\u00e9s de varias medidas \u2014suspensi\u00f3n del asilo, eliminaci\u00f3n del TPS, deportaciones y redadas, seg\u00fan detalla el an\u00e1lisis\u2014, pero esta enfrenta un rechazo mayoritario en la sociedad.&nbsp;<\/p>\t\t\t\t\t\t\t\t<\/div>\n\t\t\t\t\t<\/div>\n\t\t\t\t<\/div>\n\t\t<div data-particle_enable=\"false\" data-particle-mobile-disabled=\"false\" class=\"elementor-element elementor-element-3efab29 e-flex e-con-boxed e-con e-parent\" data-id=\"3efab29\" data-element_type=\"container\" data-e-type=\"container\">\n\t\t\t\t\t<div class=\"e-con-inner\">\n\t\t\t\t<div class=\"elementor-element elementor-element-78bde34 elementor-widget elementor-widget-heading\" data-id=\"78bde34\" data-element_type=\"widget\" data-e-type=\"widget\" data-widget_type=\"heading.default\">\n\t\t\t\t\t<h2 class=\"elementor-heading-title elementor-size-default\">Conoce estos temas que te pueden interesar...<\/h2>\t\t\t\t<\/div>\n\t\t\t\t\t<\/div>\n\t\t\t\t<\/div>\n\t\t<div data-particle_enable=\"false\" data-particle-mobile-disabled=\"false\" class=\"elementor-element elementor-element-496d8e1 e-flex e-con-boxed e-con e-parent\" data-id=\"496d8e1\" data-element_type=\"container\" data-e-type=\"container\">\n\t\t\t\t\t<div class=\"e-con-inner\">\n\t\t\t\t<div class=\"elementor-element elementor-element-fd55eca elementor-grid-eael-col-3 elementor-grid-tablet-eael-col-2 elementor-grid-mobile-eael-col-1 elementor-invisible elementor-widget elementor-widget-eael-post-grid\" data-id=\"fd55eca\" data-element_type=\"widget\" data-e-type=\"widget\" data-settings=\"{&quot;eael_post_grid_columns&quot;:&quot;eael-col-3&quot;,&quot;_animation&quot;:&quot;rollIn&quot;,&quot;eael_post_grid_columns_tablet&quot;:&quot;eael-col-2&quot;,&quot;eael_post_grid_columns_mobile&quot;:&quot;eael-col-1&quot;}\" data-widget_type=\"eael-post-grid.default\">\n\t\t\t\t\t<div id=\"eael-post-grid-fd55eca\" class=\"eael-post-grid-container\">\n            <div class=\"eael-post-grid eael-post-appender eael-post-appender-fd55eca eael-post-grid-style-one\" data-layout-mode=\"masonry\"><article class=\"eael-grid-post  eael-post-grid-column eael-pg-post-10600 category-estamos-unidos\" data-id=\"10600\">\n        <div class=\"eael-grid-post-holder\">\n            <div class=\"eael-grid-post-holder-inner\"><div class=\"eael-entry-media\"><div class=\"eael-entry-overlay fade-in\"><i class=\"far fa-hand-pointer\" aria-hidden=\"true\"><\/i><a href=\"https:\/\/soymigrante.com\/revista\/guatemaltecos-son-el-6-de-la-fuerza-laboral-migrante-hispana-en-ee-uu\/\"><\/a><\/div><div class=\"eael-entry-thumbnail \">\n                <img decoding=\"async\" width=\"842\" height=\"842\" src=\"https:\/\/soymigrante.com\/revista\/wp-content\/uploads\/2024\/10\/guatemaltecos-desfile-hispanidad.webp\" class=\"attachment-large size-large wp-image-10609\" alt=\"Guatemaltecos en una manifestaci\u00f3n en la ciudad de Nueva York con la bandera de Guatemala. Participaci\u00f3n en eventos culturales y sociales de la comunidad migrante en EE.UU.\" srcset=\"https:\/\/soymigrante.com\/revista\/wp-content\/uploads\/2024\/10\/guatemaltecos-desfile-hispanidad.webp 842w, https:\/\/soymigrante.com\/revista\/wp-content\/uploads\/2024\/10\/guatemaltecos-desfile-hispanidad-300x300.webp 300w, https:\/\/soymigrante.com\/revista\/wp-content\/uploads\/2024\/10\/guatemaltecos-desfile-hispanidad-150x150.webp 150w, https:\/\/soymigrante.com\/revista\/wp-content\/uploads\/2024\/10\/guatemaltecos-desfile-hispanidad-768x768.webp 768w, https:\/\/soymigrante.com\/revista\/wp-content\/uploads\/2024\/10\/guatemaltecos-desfile-hispanidad-75x75.webp 75w, https:\/\/soymigrante.com\/revista\/wp-content\/uploads\/2024\/10\/guatemaltecos-desfile-hispanidad-750x750.webp 750w\" sizes=\"(max-width: 842px) 100vw, 842px\" \/>\n            <\/div>\n        <\/div><div class=\"eael-entry-wrapper\"><header class=\"eael-entry-header\"><h2 class=\"eael-entry-title\"><a class=\"eael-grid-post-link\" href=\"https:\/\/soymigrante.com\/revista\/guatemaltecos-son-el-6-de-la-fuerza-laboral-migrante-hispana-en-ee-uu\/\" title=\"Guatemaltecos son el 6% de la fuerza laboral migrante hispana en EE.UU.\">Guatemaltecos son el 6% de la fuerza laboral migrante hispana en EE.UU.<\/a><\/h2><\/header><div class=\"eael-entry-content\">\n                        <div class=\"eael-grid-post-excerpt\"><a href=\"https:\/\/soymigrante.com\/revista\/guatemaltecos-son-el-6-de-la-fuerza-laboral-migrante-hispana-en-ee-uu\/\" class=\"eael-post-elements-readmore-btn\">CONOCE SU HISTORIA <\/a><\/div>\n                    <\/div><\/div><\/div>\n        <\/div>\n    <\/article><article class=\"eael-grid-post  eael-post-grid-column eael-pg-post-10100 category-guate-nuestra\" data-id=\"10100\">\n        <div class=\"eael-grid-post-holder\">\n            <div class=\"eael-grid-post-holder-inner\"><div class=\"eael-entry-media\"><div class=\"eael-entry-overlay fade-in\"><i class=\"far fa-hand-pointer\" aria-hidden=\"true\"><\/i><a href=\"https:\/\/soymigrante.com\/revista\/siete-expresiones-de-multiculturalidad-guatemalteca-ganan-fuerza-en-usa\/\"><\/a><\/div><div class=\"eael-entry-thumbnail \">\n                <img loading=\"lazy\" decoding=\"async\" width=\"1024\" height=\"1024\" src=\"https:\/\/soymigrante.com\/revista\/wp-content\/uploads\/2024\/10\/convite-rhode-island-migrante-2-1024x1024.jpg\" class=\"attachment-large size-large wp-image-10172\" alt=\"Colorido disfraz tradicional ind\u00edgena con plumas verdes en desfile cultural en Ciudad, celebraci\u00f3n de cultura y migraci\u00f3n en la revista SoyMigrante.com REVISTA.\" srcset=\"https:\/\/soymigrante.com\/revista\/wp-content\/uploads\/2024\/10\/convite-rhode-island-migrante-2-1024x1024.jpg 1024w, https:\/\/soymigrante.com\/revista\/wp-content\/uploads\/2024\/10\/convite-rhode-island-migrante-2-300x300.jpg 300w, https:\/\/soymigrante.com\/revista\/wp-content\/uploads\/2024\/10\/convite-rhode-island-migrante-2-150x150.jpg 150w, https:\/\/soymigrante.com\/revista\/wp-content\/uploads\/2024\/10\/convite-rhode-island-migrante-2-768x768.jpg 768w, https:\/\/soymigrante.com\/revista\/wp-content\/uploads\/2024\/10\/convite-rhode-island-migrante-2-75x75.jpg 75w, https:\/\/soymigrante.com\/revista\/wp-content\/uploads\/2024\/10\/convite-rhode-island-migrante-2-750x750.jpg 750w, https:\/\/soymigrante.com\/revista\/wp-content\/uploads\/2024\/10\/convite-rhode-island-migrante-2-1140x1140.jpg 1140w, https:\/\/soymigrante.com\/revista\/wp-content\/uploads\/2024\/10\/convite-rhode-island-migrante-2.jpg 1366w\" sizes=\"(max-width: 1024px) 100vw, 1024px\" \/>\n            <\/div>\n        <\/div><div class=\"eael-entry-wrapper\"><header class=\"eael-entry-header\"><h2 class=\"eael-entry-title\"><a class=\"eael-grid-post-link\" href=\"https:\/\/soymigrante.com\/revista\/siete-expresiones-de-multiculturalidad-guatemalteca-ganan-fuerza-en-usa\/\" title=\"Siete expresiones de multiculturalidad guatemalteca ganan fuerza en USA\">Siete expresiones de multiculturalidad guatemalteca ganan fuerza en USA<\/a><\/h2><\/header><div class=\"eael-entry-content\">\n                        <div class=\"eael-grid-post-excerpt\"><a href=\"https:\/\/soymigrante.com\/revista\/siete-expresiones-de-multiculturalidad-guatemalteca-ganan-fuerza-en-usa\/\" class=\"eael-post-elements-readmore-btn\">CONOCE SU HISTORIA <\/a><\/div>\n                    <\/div><\/div><\/div>\n        <\/div>\n    <\/article><article class=\"eael-grid-post  eael-post-grid-column eael-pg-post-7108 category-estamos-unidos\" data-id=\"7108\">\n        <div class=\"eael-grid-post-holder\">\n            <div class=\"eael-grid-post-holder-inner\"><div class=\"eael-entry-media\"><div class=\"eael-entry-overlay fade-in\"><i class=\"far fa-hand-pointer\" aria-hidden=\"true\"><\/i><a href=\"https:\/\/soymigrante.com\/revista\/migrantes-guatemaltecos-en-40-estados-de-ee-uu-se-unen-en-busca-de-un-tps\/\"><\/a><\/div><div class=\"eael-entry-thumbnail \">\n                <img loading=\"lazy\" decoding=\"async\" width=\"857\" height=\"857\" src=\"https:\/\/soymigrante.com\/revista\/wp-content\/uploads\/2024\/06\/Captura-de-pantalla-2024-06-24-002314.webp\" class=\"attachment-large size-large wp-image-7117\" alt=\"Guatemaltecos migrantes en manifestaci\u00f3n por derechos laborales en Washington, protestando por TPS y justicia migratoria en EE. UU. y Guatemala.\" srcset=\"https:\/\/soymigrante.com\/revista\/wp-content\/uploads\/2024\/06\/Captura-de-pantalla-2024-06-24-002314.webp 857w, https:\/\/soymigrante.com\/revista\/wp-content\/uploads\/2024\/06\/Captura-de-pantalla-2024-06-24-002314-300x300.webp 300w, https:\/\/soymigrante.com\/revista\/wp-content\/uploads\/2024\/06\/Captura-de-pantalla-2024-06-24-002314-150x150.webp 150w, https:\/\/soymigrante.com\/revista\/wp-content\/uploads\/2024\/06\/Captura-de-pantalla-2024-06-24-002314-768x768.webp 768w, https:\/\/soymigrante.com\/revista\/wp-content\/uploads\/2024\/06\/Captura-de-pantalla-2024-06-24-002314-75x75.webp 75w, https:\/\/soymigrante.com\/revista\/wp-content\/uploads\/2024\/06\/Captura-de-pantalla-2024-06-24-002314-750x750.webp 750w\" sizes=\"(max-width: 857px) 100vw, 857px\" \/>\n            <\/div>\n        <\/div><div class=\"eael-entry-wrapper\"><header class=\"eael-entry-header\"><h2 class=\"eael-entry-title\"><a class=\"eael-grid-post-link\" href=\"https:\/\/soymigrante.com\/revista\/migrantes-guatemaltecos-en-40-estados-de-ee-uu-se-unen-en-busca-de-un-tps\/\" title=\"Migrantes guatemaltecos en 40 Estados de EE.UU. unen esfuerzos por un TPS\">Migrantes guatemaltecos en 40 Estados de EE.UU. unen esfuerzos por un TPS<\/a><\/h2><\/header><div class=\"eael-entry-content\">\n                        <div class=\"eael-grid-post-excerpt\"><a href=\"https:\/\/soymigrante.com\/revista\/migrantes-guatemaltecos-en-40-estados-de-ee-uu-se-unen-en-busca-de-un-tps\/\" class=\"eael-post-elements-readmore-btn\">CONOCE SU HISTORIA <\/a><\/div>\n                    <\/div><\/div><\/div>\n        <\/div>\n    <\/article><\/div>\n            <div class=\"clearfix\"><\/div>\n        <\/div>\t\t\t\t<\/div>\n\t\t\t\t\t<\/div>\n\t\t\t\t<\/div>\n\t\t\t\t<\/div>\n\t\t","protected":false},"excerpt":{"rendered":"<p>Una encuesta del Pew Research Center, revela que la pol\u00edtica migratoria frente a las medidas implementadas del gobierno de Trump, se divide. La pol\u00edtica migratoria del gobierno del presidente Donald Trump, vigente desde enero de 2025, se ha convertido en un tema que genera controversia. Una encuesta reciente del Pew Research Center, realizada entre el [&hellip;]<\/p>\n","protected":false},"author":19,"featured_media":37637,"comment_status":"open","ping_status":"open","sticky":false,"template":"","format":"standard","meta":{"_acf_changed":false,"_eb_attr":"","footnotes":""},"categories":[54],"tags":[],"class_list":["post-37636","post","type-post","status-publish","format-standard","has-post-thumbnail","hentry","category-estamos-unidos"],"acf":[],"aioseo_notices":[],"aioseo_head":"\n\t\t<!-- All in One SEO Pro 4.9.6.2 - aioseo.com -->\n\t<meta name=\"description\" content=\"L\u00edderes migrantes suman esfuerzos para recaudar firmas y apoyos a favor del otorgamiento del Estatus de Protecci\u00f3n Temporal (TPS) a favor de miles de compatriotas,\" \/>\n\t<meta name=\"robots\" content=\"max-snippet:-1, max-image-preview:large, max-video-preview:-1\" \/>\n\t<meta name=\"author\" content=\"Gustavo Montenegro\"\/>\n\t<link rel=\"canonical\" href=\"https:\/\/soymigrante.com\/revista\/migrantes-guatemaltecos-en-40-estados-de-ee-uu-se-unen-en-busca-de-un-tps\/\" \/>\n\t<meta name=\"generator\" content=\"All in One SEO Pro (AIOSEO) 4.9.6.2\" \/>\n\n\t\t<link rel=\"preconnect\" href=\"https:\/\/fonts.googleapis.com\" crossorigin>\n<link rel=\"preconnect\" href=\"https:\/\/fonts.gstatic.com\" crossorigin>\n\t\t<meta property=\"og:locale\" content=\"es_ES\" \/>\n\t\t<meta property=\"og:site_name\" content=\"SoyMigrante.com REVISTA \u2013 Nuestra misi\u00f3n es reconocer y dignificar al migrante.\" \/>\n\t\t<meta property=\"og:type\" content=\"article\" \/>\n\t\t<meta property=\"og:title\" content=\"Guatemaltecos en 40 Estados de USA se unen por un TPS\" \/>\n\t\t<meta property=\"og:description\" content=\"L\u00edderes migrantes suman esfuerzos para recaudar firmas y apoyos a favor del otorgamiento del Estatus de Protecci\u00f3n Temporal (TPS) a favor de miles de compatriotas,\" \/>\n\t\t<meta property=\"og:url\" content=\"https:\/\/soymigrante.com\/revista\/migrantes-guatemaltecos-en-40-estados-de-ee-uu-se-unen-en-busca-de-un-tps\/\" \/>\n\t\t<meta property=\"og:image\" content=\"https:\/\/soymigrante.com\/revista\/wp-content\/uploads\/2024\/06\/Captura-de-pantalla-2024-06-24-002314.webp\" \/>\n\t\t<meta property=\"og:image:secure_url\" content=\"https:\/\/soymigrante.com\/revista\/wp-content\/uploads\/2024\/06\/Captura-de-pantalla-2024-06-24-002314.webp\" \/>\n\t\t<meta property=\"og:image:width\" content=\"857\" \/>\n\t\t<meta property=\"og:image:height\" content=\"857\" \/>\n\t\t<meta property=\"article:published_time\" content=\"2024-06-24T06:09:40+00:00\" \/>\n\t\t<meta property=\"article:modified_time\" content=\"2024-11-06T15:56:42+00:00\" \/>\n\t\t<meta property=\"article:publisher\" content=\"https:\/\/www.facebook.com\/soymigrantecom\" \/>\n\t\t<meta name=\"twitter:card\" content=\"summary_large_image\" \/>\n\t\t<meta name=\"twitter:site\" content=\"@SoyMigrante_com\" \/>\n\t\t<meta name=\"twitter:title\" content=\"Guatemaltecos en 40 Estados de USA se unen por un TPS\" \/>\n\t\t<meta name=\"twitter:description\" content=\"L\u00edderes migrantes suman esfuerzos para recaudar firmas y apoyos a favor del otorgamiento del Estatus de Protecci\u00f3n Temporal (TPS) a favor de miles de compatriotas,\" \/>\n\t\t<meta name=\"twitter:creator\" content=\"@SoyMigrante_com\" \/>\n\t\t<meta name=\"twitter:image\" content=\"https:\/\/soymigrante.com\/revista\/wp-content\/uploads\/2024\/06\/Captura-de-pantalla-2024-06-24-002314.webp\" \/>\n\t\t<!-- All in One SEO Pro -->\r\n\t\t<title>Guatemaltecos en 40 Estados de USA se unen por un TPS<\/title>\n\n","aioseo_head_json":{"title":"Guatemaltecos en 40 Estados de USA se unen por un TPS","description":"L\u00edderes migrantes suman esfuerzos para recaudar firmas y apoyos a favor del otorgamiento del Estatus de Protecci\u00f3n Temporal (TPS) a favor de miles de compatriotas,","canonical_url":"https:\/\/soymigrante.com\/revista\/migrantes-guatemaltecos-en-40-estados-de-ee-uu-se-unen-en-busca-de-un-tps\/","robots":"max-snippet:-1, max-image-preview:large, max-video-preview:-1","keywords":"","webmasterTools":{"miscellaneous":"&lt;link rel=\"preconnect\" href=\"https:\/\/fonts.googleapis.com\" crossorigin&gt;\n&lt;link rel=\"preconnect\" href=\"https:\/\/fonts.gstatic.com\" crossorigin&gt;"},"schema":null,"og:locale":"es_ES","og:site_name":"SoyMigrante.com REVISTA \u2013 Nuestra misi\u00f3n es reconocer y dignificar al migrante.","og:type":"article","og:title":"Guatemaltecos en 40 Estados de USA se unen por un TPS","og:description":"L\u00edderes migrantes suman esfuerzos para recaudar firmas y apoyos a favor del otorgamiento del Estatus de Protecci\u00f3n Temporal (TPS) a favor de miles de compatriotas,","og:url":"https:\/\/soymigrante.com\/revista\/migrantes-guatemaltecos-en-40-estados-de-ee-uu-se-unen-en-busca-de-un-tps\/","og:image":"https:\/\/soymigrante.com\/revista\/wp-content\/uploads\/2024\/06\/Captura-de-pantalla-2024-06-24-002314.webp","og:image:secure_url":"https:\/\/soymigrante.com\/revista\/wp-content\/uploads\/2024\/06\/Captura-de-pantalla-2024-06-24-002314.webp","og:image:width":857,"og:image:height":857,"article:published_time":"2024-06-24T06:09:40+00:00","article:modified_time":"2024-11-06T15:56:42+00:00","article:publisher":"https:\/\/www.facebook.com\/soymigrantecom","twitter:card":"summary_large_image","twitter:site":"@SoyMigrante_com","twitter:title":"Guatemaltecos en 40 Estados de USA se unen por un TPS","twitter:description":"L\u00edderes migrantes suman esfuerzos para recaudar firmas y apoyos a favor del otorgamiento del Estatus de Protecci\u00f3n Temporal (TPS) a favor de miles de compatriotas,","twitter:creator":"@SoyMigrante_com","twitter:image":"https:\/\/soymigrante.com\/revista\/wp-content\/uploads\/2024\/06\/Captura-de-pantalla-2024-06-24-002314.webp"},"aioseo_meta_data":{"post_id":"37636","title":"Pew Center: Pol\u00edtica migratoria en USAdivide opiniones","description":"Encuesta del Pew Research Center, revela que la mitad de la poblaci\u00f3n no est\u00e1 de acuerdo con la actual pol\u00edtica migratoria implementada este 2025.","keywords":null,"keyphrases":{"focus":{"keyphrase":"Pol\u00edtica migratoria","score":69,"analysis":{"keyphraseInTitle":{"score":9,"maxScore":9,"error":0},"keyphraseInDescription":{"score":9,"maxScore":9,"error":0},"keyphraseLength":{"score":9,"maxScore":9,"error":0,"length":3},"keyphraseInURL":{"score":5,"maxScore":5,"error":0},"keyphraseInIntroduction":{"score":9,"maxScore":9,"error":0},"keyphraseInSubHeadings":{"score":3,"maxScore":9,"error":1},"keyphraseInImageAlt":{"score":3,"maxScore":9,"error":1},"keywordDensity":{"score":0,"type":"low","maxScore":9,"error":1}}},"additional":[{"keyphrase":"Pol\u00edtica migratoria","score":67,"analysis":{"keyphraseInDescription":{"score":9,"maxScore":9,"error":0},"keyphraseLength":{"score":9,"maxScore":9,"error":0,"length":3},"keyphraseInIntroduction":{"score":9,"maxScore":9,"error":0},"keyphraseInImageAlt":{"score":3,"maxScore":9,"error":1},"keywordDensity":{"score":0,"type":"low","maxScore":9,"error":1}}}]},"primary_term":null,"canonical_url":null,"og_title":null,"og_description":null,"og_object_type":"default","og_image_type":"default","og_image_url":null,"og_image_width":null,"og_image_height":null,"og_image_custom_url":null,"og_image_custom_fields":null,"og_video":"","og_custom_url":null,"og_article_section":null,"og_article_tags":null,"twitter_use_og":false,"twitter_card":"default","twitter_image_type":"default","twitter_image_url":null,"twitter_image_custom_url":null,"twitter_image_custom_fields":null,"twitter_title":null,"twitter_description":null,"schema":{"blockGraphs":[],"customGraphs":[],"default":{"data":{"Article":[],"Course":[],"Dataset":[],"FAQPage":[],"Movie":[],"Person":[],"Product":[],"ProductReview":[],"Car":[],"Recipe":[],"Service":[],"SoftwareApplication":[],"WebPage":[]},"graphName":"none","isEnabled":true},"graphs":[]},"schema_type":"default","schema_type_options":null,"pillar_content":false,"robots_default":true,"robots_noindex":false,"robots_noarchive":false,"robots_nosnippet":false,"robots_nofollow":false,"robots_noimageindex":false,"robots_noodp":false,"robots_notranslate":false,"robots_max_snippet":"-1","robots_max_videopreview":"-1","robots_max_imagepreview":"large","priority":null,"frequency":"default","local_seo":null,"seo_analyzer_scan_date":"2025-10-09 06:11:10","breadcrumb_settings":null,"limit_modified_date":false,"reviewed_by":"0","open_ai":"{\"title\":{\"suggestions\":[],\"usage\":0},\"description\":{\"suggestions\":[],\"usage\":0}}","ai":null,"created":"2025-06-24 19:10:46","updated":"2026-02-05 01:19:30"},"aioseo_breadcrumb":"<div class=\"aioseo-breadcrumbs\"><span class=\"aioseo-breadcrumb\">\n\t<a href=\"https:\/\/soymigrante.com\/revista\" title=\"Home\">Home<\/a>\n<\/span><span class=\"aioseo-breadcrumb-separator\">\u00bb<\/span><span class=\"aioseo-breadcrumb\">\n\t<a href=\"https:\/\/soymigrante.com\/revista\/category\/estamos-unidos\/\" title=\"Estamos Unidos\">Estamos Unidos<\/a>\n<\/span><span class=\"aioseo-breadcrumb-separator\">\u00bb<\/span><span class=\"aioseo-breadcrumb\">\n\tPol\u00edtica migratoria en EE.\u202fUU. divide opiniones seg\u00fan estudio del Pew Center\n<\/span><\/div>","aioseo_breadcrumb_json":[{"label":"Home","link":"https:\/\/soymigrante.com\/revista"},{"label":"Estamos Unidos","link":"https:\/\/soymigrante.com\/revista\/category\/estamos-unidos\/"},{"label":"Pol\u00edtica migratoria en EE.\u202fUU. divide opiniones seg\u00fan estudio del Pew Center","link":"https:\/\/soymigrante.com\/revista\/politica-migratoria-2025-divide-opiniones-segun-estudio-del-pew-center\/"}],"_links":{"self":[{"href":"https:\/\/soymigrante.com\/revista\/wp-json\/wp\/v2\/posts\/37636","targetHints":{"allow":["GET"]}}],"collection":[{"href":"https:\/\/soymigrante.com\/revista\/wp-json\/wp\/v2\/posts"}],"about":[{"href":"https:\/\/soymigrante.com\/revista\/wp-json\/wp\/v2\/types\/post"}],"author":[{"embeddable":true,"href":"https:\/\/soymigrante.com\/revista\/wp-json\/wp\/v2\/users\/19"}],"replies":[{"embeddable":true,"href":"https:\/\/soymigrante.com\/revista\/wp-json\/wp\/v2\/comments?post=37636"}],"version-history":[{"count":21,"href":"https:\/\/soymigrante.com\/revista\/wp-json\/wp\/v2\/posts\/37636\/revisions"}],"predecessor-version":[{"id":37693,"href":"https:\/\/soymigrante.com\/revista\/wp-json\/wp\/v2\/posts\/37636\/revisions\/37693"}],"wp:featuredmedia":[{"embeddable":true,"href":"https:\/\/soymigrante.com\/revista\/wp-json\/wp\/v2\/media\/37637"}],"wp:attachment":[{"href":"https:\/\/soymigrante.com\/revista\/wp-json\/wp\/v2\/media?parent=37636"}],"wp:term":[{"taxonomy":"category","embeddable":true,"href":"https:\/\/soymigrante.com\/revista\/wp-json\/wp\/v2\/categories?post=37636"},{"taxonomy":"post_tag","embeddable":true,"href":"https:\/\/soymigrante.com\/revista\/wp-json\/wp\/v2\/tags?post=37636"}],"curies":[{"name":"wp","href":"https:\/\/api.w.org\/{rel}","templated":true}]}}