{"id":37511,"date":"2025-06-23T15:21:06","date_gmt":"2025-06-23T21:21:06","guid":{"rendered":"https:\/\/soymigrante.com\/revista\/?p=37511"},"modified":"2025-06-23T21:47:49","modified_gmt":"2025-06-24T03:47:49","slug":"hispanos-marcan-auge-del-emprendimiento-en-usa-segun-oficina-del-censo","status":"publish","type":"post","link":"https:\/\/soymigrante.com\/revista\/hispanos-marcan-auge-del-emprendimiento-en-usa-segun-oficina-del-censo\/","title":{"rendered":"Hispanos lideran cifras de emprendimiento en USA, seg\u00fan oficina del Censo"},"content":{"rendered":"\t\t<div data-elementor-type=\"wp-post\" data-elementor-id=\"37511\" class=\"elementor elementor-37511\" data-elementor-post-type=\"post\">\n\t\t\t\t<div data-particle_enable=\"false\" data-particle-mobile-disabled=\"false\" class=\"elementor-element elementor-element-df11ce8 e-flex e-con-boxed e-con e-parent\" data-id=\"df11ce8\" data-element_type=\"container\" data-e-type=\"container\">\n\t\t\t\t\t<div class=\"e-con-inner\">\n\t\t\t\t<div class=\"elementor-element elementor-element-b6e442a elementor-widget elementor-widget-heading\" data-id=\"b6e442a\" data-element_type=\"widget\" data-e-type=\"widget\" data-widget_type=\"heading.default\">\n\t\t\t\t\t<h2 class=\"elementor-heading-title elementor-size-default\">Los hispanos lideran con creatividad el emprendimiento en Estados Unidos, por sus ganas de salir adelante. Cifras de la oficina del Censo reflejan que al menos 10% de trabajadores hispanos encuestados est\u00e1n autoempleados.<\/h2>\t\t\t\t<\/div>\n\t\t\t\t\t<\/div>\n\t\t\t\t<\/div>\n\t\t<div data-particle_enable=\"false\" data-particle-mobile-disabled=\"false\" class=\"elementor-element elementor-element-4ade3a6 e-flex e-con-boxed e-con e-parent\" data-id=\"4ade3a6\" data-element_type=\"container\" data-e-type=\"container\">\n\t\t\t\t\t<div class=\"e-con-inner\">\n\t\t\t\t<div class=\"elementor-element elementor-element-5c7d4ae elementor-widget elementor-widget-text-editor\" data-id=\"5c7d4ae\" data-element_type=\"widget\" data-e-type=\"widget\" data-widget_type=\"text-editor.default\">\n\t\t\t\t\t\t\t\t\t<p>Un nuevo informe del <a href=\"https:\/\/www.census.gov\/library\/stories\/2025\/06\/hispanic-self-employment.html?utm_campaign=20250618aco&amp;utm_medium=email&amp;utm_source=govdelivery\" target=\"_blank\" rel=\"noopener\">Censo de la Encuesta de la Comunidad Estadounidense (ACS,<\/a> por sus siglas en ingl\u00e9s) revela que la comunidad hispana en Estados Unidos est\u00e1 marcando un r\u00e9cord en emprendimiento, con tasas de autoempleo superiores al promedio nacional en todas las franjas de edad, niveles educativos y estados civiles.<\/p>\t\t\t\t\t\t\t\t<\/div>\n\t\t\t\t\t<\/div>\n\t\t\t\t<\/div>\n\t\t<div data-particle_enable=\"false\" data-particle-mobile-disabled=\"false\" class=\"elementor-element elementor-element-df5d6ea e-flex e-con-boxed e-con e-parent\" data-id=\"df5d6ea\" data-element_type=\"container\" data-e-type=\"container\">\n\t\t\t\t\t<div class=\"e-con-inner\">\n\t\t\t\t<div class=\"elementor-element elementor-element-1d2edad elementor-widget elementor-widget-heading\" data-id=\"1d2edad\" data-element_type=\"widget\" data-e-type=\"widget\" data-widget_type=\"heading.default\">\n\t\t\t\t\t<h3 class=\"elementor-heading-title elementor-size-default\">\u00bfPor qu\u00e9 crecen los emprendimientos latinos?<\/h3>\t\t\t\t<\/div>\n\t\t\t\t\t<\/div>\n\t\t\t\t<\/div>\n\t\t<div data-particle_enable=\"false\" data-particle-mobile-disabled=\"false\" class=\"elementor-element elementor-element-d2c3ce0 e-flex e-con-boxed e-con e-parent\" data-id=\"d2c3ce0\" data-element_type=\"container\" data-e-type=\"container\">\n\t\t\t\t\t<div class=\"e-con-inner\">\n\t\t\t\t<div class=\"elementor-element elementor-element-0a3581f elementor-widget elementor-widget-text-editor\" data-id=\"0a3581f\" data-element_type=\"widget\" data-e-type=\"widget\" data-widget_type=\"text-editor.default\">\n\t\t\t\t\t\t\t\t\t<p>Seg\u00fan la <a href=\"https:\/\/www.census.gov\/library\/stories\/2025\/06\/hispanic-self-employment.html?utm_campaign=20250618aco&amp;utm_medium=email&amp;utm_source=govdelivery\" target=\"_blank\" rel=\"noopener\">Encuesta de la Comunidad Estadounidense (ACS) del 2023,<\/a> el 10\u202f% de los trabajadores hispanos son autoempleados, un porcentaje m\u00e1s alto que el de los no hispanos, que alcanzan el 9,6\u202f%. Esta tendencia se observa en todos los grupos etarios entre 16 y 64 a\u00f1os, lo que demuestra una adopci\u00f3n generalizada de la iniciativa emprendedora.<\/p><p>Adem\u00e1s, los trabajadores hispanos tienen una presencia mayoritaria en el sector privado (75,9\u202f% frente a 73,1\u202f% entre no hispanos) y menor en el sector p\u00fablico, lo que evidencia su papel dinamizador del capitalismo de base.<\/p><p>Los datos tambi\u00e9n distinguen entre nacidos en EE.UU. y migrantes: los hispanos nacidos en el extranjero alcanzan un notable 14,1\u202f% de autoempleo, por encima del 11,9\u202f% de sus pares no hispanos nacidos fuera del pa\u00eds. En contraste, entre los nacidos en EE.UU., el porcentaje hispano es menor (7\u202f%) comparado con el 9,3\u202f% del resto.<\/p>\t\t\t\t\t\t\t\t<\/div>\n\t\t\t\t\t<\/div>\n\t\t\t\t<\/div>\n\t\t<div data-particle_enable=\"false\" data-particle-mobile-disabled=\"false\" class=\"elementor-element elementor-element-dedb6fd e-flex e-con-boxed e-con e-parent\" data-id=\"dedb6fd\" data-element_type=\"container\" data-e-type=\"container\">\n\t\t\t\t\t<div class=\"e-con-inner\">\n\t\t\t\t<div class=\"elementor-element elementor-element-330f973 elementor-widget elementor-widget-image\" data-id=\"330f973\" data-element_type=\"widget\" data-e-type=\"widget\" data-widget_type=\"image.default\">\n\t\t\t\t\t\t\t\t\t\t\t\t<figure class=\"wp-caption\">\n\t\t\t\t\t\t\t\t\t\t<img fetchpriority=\"high\" decoding=\"async\" width=\"768\" height=\"512\" src=\"https:\/\/soymigrante.com\/revista\/wp-content\/uploads\/2025\/06\/Los-hispanos-lideran-con-creatividad-auge-del-emprendimiento-en-USA1-1024x682.jpeg\" class=\"attachment-large size-large wp-image-37530\" alt=\"Innovadores proyectos de energ\u00eda renovable y sostenibilidad en la revista SoyMigrante.com REVISTA.\" srcset=\"https:\/\/soymigrante.com\/revista\/wp-content\/uploads\/2025\/06\/Los-hispanos-lideran-con-creatividad-auge-del-emprendimiento-en-USA1-1024x682.jpeg 1024w, https:\/\/soymigrante.com\/revista\/wp-content\/uploads\/2025\/06\/Los-hispanos-lideran-con-creatividad-auge-del-emprendimiento-en-USA1-300x200.jpeg 300w, https:\/\/soymigrante.com\/revista\/wp-content\/uploads\/2025\/06\/Los-hispanos-lideran-con-creatividad-auge-del-emprendimiento-en-USA1-768x512.jpeg 768w, https:\/\/soymigrante.com\/revista\/wp-content\/uploads\/2025\/06\/Los-hispanos-lideran-con-creatividad-auge-del-emprendimiento-en-USA1-1536x1023.jpeg 1536w, https:\/\/soymigrante.com\/revista\/wp-content\/uploads\/2025\/06\/Los-hispanos-lideran-con-creatividad-auge-del-emprendimiento-en-USA1-750x500.webp 750w, https:\/\/soymigrante.com\/revista\/wp-content\/uploads\/2025\/06\/Los-hispanos-lideran-con-creatividad-auge-del-emprendimiento-en-USA1-1140x760.jpeg 1140w, https:\/\/soymigrante.com\/revista\/wp-content\/uploads\/2025\/06\/Los-hispanos-lideran-con-creatividad-auge-del-emprendimiento-en-USA1.webp 1600w\" sizes=\"(max-width: 768px) 100vw, 768px\" title=\"Los hispanos buscan alternativas para trabajar. (Foto: ENVATO) \u2013 SoyMigrante.com REVISTA\" \/>\t\t\t\t\t\t\t\t\t\t\t<figcaption class=\"widget-image-caption wp-caption-text\">Diversidad y talento en energ\u00edas limpias, j\u00f3venes innovadores y expertos en energ\u00eda solar en contenido destacado.<\/figcaption>\n\t\t\t\t\t\t\t\t\t\t<\/figure>\n\t\t\t\t\t\t\t\t\t<\/div>\n\t\t\t\t\t<\/div>\n\t\t\t\t<\/div>\n\t\t<div data-particle_enable=\"false\" data-particle-mobile-disabled=\"false\" class=\"elementor-element elementor-element-fda4ed9 e-flex e-con-boxed e-con e-parent\" data-id=\"fda4ed9\" data-element_type=\"container\" data-e-type=\"container\">\n\t\t\t\t\t<div class=\"e-con-inner\">\n\t\t\t\t<div class=\"elementor-element elementor-element-2ba7d53 elementor-widget elementor-widget-heading\" data-id=\"2ba7d53\" data-element_type=\"widget\" data-e-type=\"widget\" data-widget_type=\"heading.default\">\n\t\t\t\t\t<h3 class=\"elementor-heading-title elementor-size-default\">Un ecosistema creativo y diverso<\/h3>\t\t\t\t<\/div>\n\t\t\t\t\t<\/div>\n\t\t\t\t<\/div>\n\t\t<div data-particle_enable=\"false\" data-particle-mobile-disabled=\"false\" class=\"elementor-element elementor-element-6894fef e-flex e-con-boxed e-con e-parent\" data-id=\"6894fef\" data-element_type=\"container\" data-e-type=\"container\">\n\t\t\t\t\t<div class=\"e-con-inner\">\n\t\t\t\t<div class=\"elementor-element elementor-element-1fa5d39 elementor-widget elementor-widget-text-editor\" data-id=\"1fa5d39\" data-element_type=\"widget\" data-e-type=\"widget\" data-widget_type=\"text-editor.default\">\n\t\t\t\t\t\t\t\t\t<p>La respuesta emprendedora hispana no solo es amplia sino tambi\u00e9n creativa.<a href=\"https:\/\/www.census.gov\/library\/stories\/2025\/06\/hispanic-self-employment.html?utm_campaign=20250618aco&amp;utm_medium=email&amp;utm_source=govdelivery\" target=\"_blank\" rel=\"noopener\"> La ACS muestra que en algunos oficios de gran carga art\u00edstica y personal, como m\u00fasicos<\/a> (63\u202f% vs. 48,4\u202f%) y fot\u00f3grafos (48,2\u202f% vs. 57,2\u202f%), los hispanos lideran o mantienen cifras comparables a otros grupos. Este patr\u00f3n confirma c\u00f3mo la creatividad se convierte en motor de independencia profesional.<\/p>\t\t\t\t\t\t\t\t<\/div>\n\t\t\t\t\t<\/div>\n\t\t\t\t<\/div>\n\t\t<div data-particle_enable=\"false\" data-particle-mobile-disabled=\"false\" class=\"elementor-element elementor-element-183c485 e-flex e-con-boxed e-con e-parent\" data-id=\"183c485\" data-element_type=\"container\" data-e-type=\"container\">\n\t\t\t\t\t<div class=\"e-con-inner\">\n\t\t\t\t<div class=\"elementor-element elementor-element-77300de elementor-widget elementor-widget-heading\" data-id=\"77300de\" data-element_type=\"widget\" data-e-type=\"widget\" data-widget_type=\"heading.default\">\n\t\t\t\t\t<h3 class=\"elementor-heading-title elementor-size-default\">Contexto econ\u00f3mico y demogr\u00e1fico<\/h3>\t\t\t\t<\/div>\n\t\t\t\t\t<\/div>\n\t\t\t\t<\/div>\n\t\t<div data-particle_enable=\"false\" data-particle-mobile-disabled=\"false\" class=\"elementor-element elementor-element-d915947 e-flex e-con-boxed e-con e-parent\" data-id=\"d915947\" data-element_type=\"container\" data-e-type=\"container\">\n\t\t\t\t\t<div class=\"e-con-inner\">\n\t\t\t\t<div class=\"elementor-element elementor-element-296e4f9 elementor-widget elementor-widget-text-editor\" data-id=\"296e4f9\" data-element_type=\"widget\" data-e-type=\"widget\" data-widget_type=\"text-editor.default\">\n\t\t\t\t\t\t\t\t\t<p>Con los latinos representando el 19,4\u202f% de la poblaci\u00f3n nacional, cifra proyectada a crecer hasta 25\u202f% en 2050, su peso demogr\u00e1fico se est\u00e1 reflejando tambi\u00e9n en el plano econ\u00f3mico. <a href=\"https:\/\/www.census.gov\/library\/stories\/2025\/06\/hispanic-self-employment.html?utm_campaign=20250618aco&amp;utm_medium=email&amp;utm_source=govdelivery\" target=\"_blank\" rel=\"noopener\">En California, por ejemplo, el n\u00famero de trabajadores independientes latinos aument\u00f3 un 44\u202f% entre 2008 y 2022.<\/a><\/p><p>Aunque a\u00fan enfrentan retos estructurales \u2014como diferencias salariales y menor acceso a capital\u2014, estudios de McKinsey y Brookings destacan el potencial de los emprendedores latinos: en 2023 generaron el 36\u202f% de las nuevas empresas, casi el doble de su porcentaje en la poblaci\u00f3n general.<\/p>\t\t\t\t\t\t\t\t<\/div>\n\t\t\t\t\t<\/div>\n\t\t\t\t<\/div>\n\t\t<div data-particle_enable=\"false\" data-particle-mobile-disabled=\"false\" class=\"elementor-element elementor-element-42a8aaa e-flex e-con-boxed e-con e-parent\" data-id=\"42a8aaa\" data-element_type=\"container\" data-e-type=\"container\">\n\t\t\t\t\t<div class=\"e-con-inner\">\n\t\t\t\t<div class=\"elementor-element elementor-element-0e70cb0 elementor-widget elementor-widget-image\" data-id=\"0e70cb0\" data-element_type=\"widget\" data-e-type=\"widget\" data-widget_type=\"image.default\">\n\t\t\t\t\t\t\t\t\t\t\t\t<figure class=\"wp-caption\">\n\t\t\t\t\t\t\t\t\t\t<img decoding=\"async\" width=\"768\" height=\"512\" src=\"https:\/\/soymigrante.com\/revista\/wp-content\/uploads\/2025\/06\/Los-hispanos-lideran-con-creatividad-auge-del-emprendimiento-en-USA2-1024x682.jpeg\" class=\"attachment-large size-large wp-image-37535\" alt=\"Diversos j\u00f3venes profesionales en una reuni\u00f3n de trabajo, representando la comunidad migrante y la diversidad en el \u00e1mbito laboral.\" srcset=\"https:\/\/soymigrante.com\/revista\/wp-content\/uploads\/2025\/06\/Los-hispanos-lideran-con-creatividad-auge-del-emprendimiento-en-USA2-1024x682.jpeg 1024w, https:\/\/soymigrante.com\/revista\/wp-content\/uploads\/2025\/06\/Los-hispanos-lideran-con-creatividad-auge-del-emprendimiento-en-USA2-300x200.jpeg 300w, https:\/\/soymigrante.com\/revista\/wp-content\/uploads\/2025\/06\/Los-hispanos-lideran-con-creatividad-auge-del-emprendimiento-en-USA2-768x512.jpeg 768w, https:\/\/soymigrante.com\/revista\/wp-content\/uploads\/2025\/06\/Los-hispanos-lideran-con-creatividad-auge-del-emprendimiento-en-USA2-1536x1023.jpeg 1536w, https:\/\/soymigrante.com\/revista\/wp-content\/uploads\/2025\/06\/Los-hispanos-lideran-con-creatividad-auge-del-emprendimiento-en-USA2-750x500.webp 750w, https:\/\/soymigrante.com\/revista\/wp-content\/uploads\/2025\/06\/Los-hispanos-lideran-con-creatividad-auge-del-emprendimiento-en-USA2-1140x760.webp 1140w, https:\/\/soymigrante.com\/revista\/wp-content\/uploads\/2025\/06\/Los-hispanos-lideran-con-creatividad-auge-del-emprendimiento-en-USA2.webp 1600w\" sizes=\"(max-width: 768px) 100vw, 768px\" title=\"Los hispanos se caracterizan por su creatividad. (Foto: ENVATO) \u2013 SoyMigrante.com REVISTA\" \/>\t\t\t\t\t\t\t\t\t\t\t<figcaption class=\"widget-image-caption wp-caption-text\">Grupo de j\u00f3venes profesionales multicultural en una reuni\u00f3n de trabajo con gr\u00e1ficos y an\u00e1lisis.<\/figcaption>\n\t\t\t\t\t\t\t\t\t\t<\/figure>\n\t\t\t\t\t\t\t\t\t<\/div>\n\t\t\t\t\t<\/div>\n\t\t\t\t<\/div>\n\t\t<div data-particle_enable=\"false\" data-particle-mobile-disabled=\"false\" class=\"elementor-element elementor-element-f308ac4 e-flex e-con-boxed e-con e-parent\" data-id=\"f308ac4\" data-element_type=\"container\" data-e-type=\"container\">\n\t\t\t\t\t<div class=\"e-con-inner\">\n\t\t\t\t<div class=\"elementor-element elementor-element-692be81 elementor-widget elementor-widget-heading\" data-id=\"692be81\" data-element_type=\"widget\" data-e-type=\"widget\" data-widget_type=\"heading.default\">\n\t\t\t\t\t<h3 class=\"elementor-heading-title elementor-size-default\">\u00bfCreatividad con impacto?<\/h3>\t\t\t\t<\/div>\n\t\t\t\t\t<\/div>\n\t\t\t\t<\/div>\n\t\t<div data-particle_enable=\"false\" data-particle-mobile-disabled=\"false\" class=\"elementor-element elementor-element-2d440b6 e-flex e-con-boxed e-con e-parent\" data-id=\"2d440b6\" data-element_type=\"container\" data-e-type=\"container\">\n\t\t\t\t\t<div class=\"e-con-inner\">\n\t\t\t\t<div class=\"elementor-element elementor-element-bf5ac08 elementor-widget elementor-widget-text-editor\" data-id=\"bf5ac08\" data-element_type=\"widget\" data-e-type=\"widget\" data-widget_type=\"text-editor.default\">\n\t\t\t\t\t\t\t\t\t<p>Los emprendimientos hispanos suelen apostar por sectores de servicios creativos y de naturaleza personal, como restauraci\u00f3n, arte, moda o tecnolog\u00eda local \u2014\u00e1reas en las que el toque cultural marca la diferencia. <a href=\"https:\/\/www.census.gov\/library\/stories\/2025\/06\/hispanic-self-employment.html?utm_campaign=20250618aco&amp;utm_medium=email&amp;utm_source=govdelivery\" target=\"_blank\" rel=\"noopener\">El caso de Miami, con el 47\u202f% de su poblaci\u00f3n latina y mejor rendimiento econ\u00f3mico por empleado que su contraparte no latina<\/a>, es un ejemplo vivo del impacto cultural y creativo.<\/p>\t\t\t\t\t\t\t\t<\/div>\n\t\t\t\t\t<\/div>\n\t\t\t\t<\/div>\n\t\t<div data-particle_enable=\"false\" data-particle-mobile-disabled=\"false\" class=\"elementor-element elementor-element-0e0747e e-flex e-con-boxed e-con e-parent\" data-id=\"0e0747e\" data-element_type=\"container\" data-e-type=\"container\">\n\t\t\t\t\t<div class=\"e-con-inner\">\n\t\t\t\t<div class=\"elementor-element elementor-element-501bd9d elementor-widget elementor-widget-heading\" data-id=\"501bd9d\" data-element_type=\"widget\" data-e-type=\"widget\" data-widget_type=\"heading.default\">\n\t\t\t\t\t<h3 class=\"elementor-heading-title elementor-size-default\">El desaf\u00edo por delante<\/h3>\t\t\t\t<\/div>\n\t\t\t\t\t<\/div>\n\t\t\t\t<\/div>\n\t\t<div data-particle_enable=\"false\" data-particle-mobile-disabled=\"false\" class=\"elementor-element elementor-element-bbd970a e-flex e-con-boxed e-con e-parent\" data-id=\"bbd970a\" data-element_type=\"container\" data-e-type=\"container\">\n\t\t\t\t\t<div class=\"e-con-inner\">\n\t\t\t\t<div class=\"elementor-element elementor-element-9a6b778 elementor-widget elementor-widget-text-editor\" data-id=\"9a6b778\" data-element_type=\"widget\" data-e-type=\"widget\" data-widget_type=\"text-editor.default\">\n\t\t\t\t\t\t\t\t\t<p>A pesar de su dinamismo, los emprendedores latinos a\u00fan enfrentan un entorno complicado: los due\u00f1os hispanos ganan menos que sus pares, tienen menor incorporaci\u00f3n empresarial y dificultados para acceder a financiamiento. Sin embargo, la resiliencia cultural los impulsa a innovar constantemente.<\/p><p><a href=\"https:\/\/www.census.gov\/library\/stories\/2025\/06\/hispanic-self-employment.html?utm_campaign=20250618aco&amp;utm_medium=email&amp;utm_source=govdelivery\" target=\"_blank\" rel=\"noopener\">El estudio del Censo no s\u00f3lo retrata una tendencia hacia el autoempleo, tambi\u00e9n revela una comuni\u00f3n entre creatividad, talento cultural y esp\u00edritu emprendedor que define al surgiente empresariado latino.<\/a> Representan hoy una fuerza creciente que no solo aspira a sobrevivir, sino a construir, crear e inspirar.<\/p>\t\t\t\t\t\t\t\t<\/div>\n\t\t\t\t\t<\/div>\n\t\t\t\t<\/div>\n\t\t<div data-particle_enable=\"false\" data-particle-mobile-disabled=\"false\" class=\"elementor-element elementor-element-881de4b e-flex e-con-boxed e-con e-parent\" data-id=\"881de4b\" data-element_type=\"container\" data-e-type=\"container\">\n\t\t\t\t\t<div class=\"e-con-inner\">\n\t\t\t\t<div class=\"elementor-element elementor-element-d94f400 elementor-widget elementor-widget-heading\" data-id=\"d94f400\" data-element_type=\"widget\" data-e-type=\"widget\" data-widget_type=\"heading.default\">\n\t\t\t\t\t<h2 class=\"elementor-heading-title elementor-size-default\">Estos temas te pueden interesar...<\/h2>\t\t\t\t<\/div>\n\t\t\t\t\t<\/div>\n\t\t\t\t<\/div>\n\t\t<div data-particle_enable=\"false\" data-particle-mobile-disabled=\"false\" class=\"elementor-element elementor-element-c096323 e-flex e-con-boxed e-con e-parent\" data-id=\"c096323\" data-element_type=\"container\" data-e-type=\"container\">\n\t\t\t\t\t<div class=\"e-con-inner\">\n\t\t\t\t<div class=\"elementor-element elementor-element-952593e elementor-grid-eael-col-3 elementor-grid-tablet-eael-col-2 elementor-grid-mobile-eael-col-1 elementor-invisible elementor-widget elementor-widget-eael-post-grid\" data-id=\"952593e\" data-element_type=\"widget\" data-e-type=\"widget\" data-settings=\"{&quot;eael_post_grid_columns&quot;:&quot;eael-col-3&quot;,&quot;_animation&quot;:&quot;rollIn&quot;,&quot;eael_post_grid_columns_tablet&quot;:&quot;eael-col-2&quot;,&quot;eael_post_grid_columns_mobile&quot;:&quot;eael-col-1&quot;}\" data-widget_type=\"eael-post-grid.default\">\n\t\t\t\t\t<div id=\"eael-post-grid-952593e\" class=\"eael-post-grid-container\">\n            <div class=\"eael-post-grid eael-post-appender eael-post-appender-952593e eael-post-grid-style-one\" data-layout-mode=\"masonry\"><article class=\"eael-grid-post  eael-post-grid-column eael-pg-post-35884 category-exitos-guatemala\" data-id=\"35884\">\n        <div class=\"eael-grid-post-holder\">\n            <div class=\"eael-grid-post-holder-inner\"><div class=\"eael-entry-media\"><div class=\"eael-entry-overlay fade-in\"><i class=\"far fa-hand-pointer\" aria-hidden=\"true\"><\/i><a href=\"https:\/\/soymigrante.com\/revista\/abogada-guatemalteca-ana-gabriela-urizar-orienta-defiende-y-dignifica-a-migrantes-hispanos\/\"><\/a><\/div><div class=\"eael-entry-thumbnail \">\n                <img decoding=\"async\" width=\"1024\" height=\"1024\" src=\"https:\/\/soymigrante.com\/revista\/wp-content\/uploads\/2025\/06\/ana-gabriela-urizar-abogada-migratoria-guatemalteca-ny-1024x1024.png\" class=\"attachment-large size-large wp-image-35886\" alt=\"Migrante mujer profesional en oficina, libertad y empoderamiento, homenaje a la comunidad migrante en revista SoyMigrante.com.\" srcset=\"https:\/\/soymigrante.com\/revista\/wp-content\/uploads\/2025\/06\/ana-gabriela-urizar-abogada-migratoria-guatemalteca-ny-1024x1024.png 1024w, https:\/\/soymigrante.com\/revista\/wp-content\/uploads\/2025\/06\/ana-gabriela-urizar-abogada-migratoria-guatemalteca-ny-300x300.png 300w, https:\/\/soymigrante.com\/revista\/wp-content\/uploads\/2025\/06\/ana-gabriela-urizar-abogada-migratoria-guatemalteca-ny-150x150.png 150w, https:\/\/soymigrante.com\/revista\/wp-content\/uploads\/2025\/06\/ana-gabriela-urizar-abogada-migratoria-guatemalteca-ny-768x768.png 768w, https:\/\/soymigrante.com\/revista\/wp-content\/uploads\/2025\/06\/ana-gabriela-urizar-abogada-migratoria-guatemalteca-ny-75x75.webp 75w, https:\/\/soymigrante.com\/revista\/wp-content\/uploads\/2025\/06\/ana-gabriela-urizar-abogada-migratoria-guatemalteca-ny-750x750.webp 750w, https:\/\/soymigrante.com\/revista\/wp-content\/uploads\/2025\/06\/ana-gabriela-urizar-abogada-migratoria-guatemalteca-ny.webp 1120w\" sizes=\"(max-width: 1024px) 100vw, 1024px\" \/>\n            <\/div>\n        <\/div><div class=\"eael-entry-wrapper\"><header class=\"eael-entry-header\"><h2 class=\"eael-entry-title\"><a class=\"eael-grid-post-link\" href=\"https:\/\/soymigrante.com\/revista\/abogada-guatemalteca-ana-gabriela-urizar-orienta-defiende-y-dignifica-a-migrantes-hispanos\/\" title=\"Abogada guatemalteca Ana Gabriela Ur\u00edzar orienta, defiende y dignifica a migrantes hispanos\">Abogada guatemalteca Ana Gabriela Ur\u00edzar orienta, defiende y dignifica a migrantes hispanos<\/a><\/h2><\/header><div class=\"eael-entry-content\">\n                        <div class=\"eael-grid-post-excerpt\"><a href=\"https:\/\/soymigrante.com\/revista\/abogada-guatemalteca-ana-gabriela-urizar-orienta-defiende-y-dignifica-a-migrantes-hispanos\/\" class=\"eael-post-elements-readmore-btn\">CONOCE SU HISTORIA <\/a><\/div>\n                    <\/div><\/div><\/div>\n        <\/div>\n    <\/article><article class=\"eael-grid-post  eael-post-grid-column eael-pg-post-8042 category-lugar-de-voces\" data-id=\"8042\">\n        <div class=\"eael-grid-post-holder\">\n            <div class=\"eael-grid-post-holder-inner\"><div class=\"eael-entry-media\"><div class=\"eael-entry-overlay fade-in\"><i class=\"far fa-hand-pointer\" aria-hidden=\"true\"><\/i><a href=\"https:\/\/soymigrante.com\/revista\/honrar-siempre-honra-y-si-es-a-los-hispanos-aun-mas-juan-valdez\/\"><\/a><\/div><div class=\"eael-entry-thumbnail \">\n                <img loading=\"lazy\" decoding=\"async\" width=\"602\" height=\"611\" src=\"https:\/\/soymigrante.com\/revista\/wp-content\/uploads\/2024\/08\/migrante-juan-valdez-guatemalteco.webp\" class=\"attachment-large size-large wp-image-8044\" alt=\"Discurso de celebraci\u00f3n con presentadores en un evento oficial, vestido elegante y formal para revista SoyMigrante.com REVISTA sobre cultura y comunidad migrante en eventos sociales.\" srcset=\"https:\/\/soymigrante.com\/revista\/wp-content\/uploads\/2024\/08\/migrante-juan-valdez-guatemalteco.webp 602w, https:\/\/soymigrante.com\/revista\/wp-content\/uploads\/2024\/08\/migrante-juan-valdez-guatemalteco-296x300.webp 296w, https:\/\/soymigrante.com\/revista\/wp-content\/uploads\/2024\/08\/migrante-juan-valdez-guatemalteco-75x75.webp 75w\" sizes=\"(max-width: 602px) 100vw, 602px\" \/>\n            <\/div>\n        <\/div><div class=\"eael-entry-wrapper\"><header class=\"eael-entry-header\"><h2 class=\"eael-entry-title\"><a class=\"eael-grid-post-link\" href=\"https:\/\/soymigrante.com\/revista\/honrar-siempre-honra-y-si-es-a-los-hispanos-aun-mas-juan-valdez\/\" title=\"Honrar siempre honra y m\u00e1s si es a los guatemaltecos e hispanos: Juan Valdez\">Honrar siempre honra y m\u00e1s si es a los guatemaltecos e hispanos: Juan Valdez<\/a><\/h2><\/header><div class=\"eael-entry-content\">\n                        <div class=\"eael-grid-post-excerpt\"><a href=\"https:\/\/soymigrante.com\/revista\/honrar-siempre-honra-y-si-es-a-los-hispanos-aun-mas-juan-valdez\/\" class=\"eael-post-elements-readmore-btn\">CONOCE SU HISTORIA <\/a><\/div>\n                    <\/div><\/div><\/div>\n        <\/div>\n    <\/article><article class=\"eael-grid-post  eael-post-grid-column eael-pg-post-3572 category-bienestar\" data-id=\"3572\">\n        <div class=\"eael-grid-post-holder\">\n            <div class=\"eael-grid-post-holder-inner\"><div class=\"eael-entry-media\"><div class=\"eael-entry-overlay fade-in\"><i class=\"far fa-hand-pointer\" aria-hidden=\"true\"><\/i><a href=\"https:\/\/soymigrante.com\/revista\/hispanos-migrantes-emprendimientos-negocios-exito\/\"><\/a><\/div><div class=\"eael-entry-thumbnail \">\n                <img loading=\"lazy\" decoding=\"async\" width=\"819\" height=\"1024\" src=\"https:\/\/soymigrante.com\/revista\/wp-content\/uploads\/2024\/01\/Melissa-Prado-819x1024.webp\" class=\"attachment-large size-large wp-image-6103\" alt=\"Retrato de mujer con cabello rizado oscuro, sonriendo y vestida con atuendo blanco, en un entorno acogedor, promoviendo temas de migrantes y cultura en SoyMigrante.com REVISTA.\" srcset=\"https:\/\/soymigrante.com\/revista\/wp-content\/uploads\/2024\/01\/Melissa-Prado-819x1024.webp 819w, https:\/\/soymigrante.com\/revista\/wp-content\/uploads\/2024\/01\/Melissa-Prado-240x300.webp 240w, https:\/\/soymigrante.com\/revista\/wp-content\/uploads\/2024\/01\/Melissa-Prado-768x960.webp 768w, https:\/\/soymigrante.com\/revista\/wp-content\/uploads\/2024\/01\/Melissa-Prado-750x938.webp 750w, https:\/\/soymigrante.com\/revista\/wp-content\/uploads\/2024\/01\/Melissa-Prado.webp 1080w\" sizes=\"(max-width: 819px) 100vw, 819px\" \/>\n            <\/div>\n        <\/div><div class=\"eael-entry-wrapper\"><header class=\"eael-entry-header\"><h2 class=\"eael-entry-title\"><a class=\"eael-grid-post-link\" href=\"https:\/\/soymigrante.com\/revista\/hispanos-migrantes-emprendimientos-negocios-exito\/\" title=\"&#8220;Tener un negocio es romper reglas&#8221;: emprendedora Melissa Prado, hija de migrantes hispanos\">&#8220;Tener un negocio es romper reglas&#8221;: emprendedora Melissa Prado, hija de migrantes hispanos<\/a><\/h2><\/header><div class=\"eael-entry-content\">\n                        <div class=\"eael-grid-post-excerpt\"><a href=\"https:\/\/soymigrante.com\/revista\/hispanos-migrantes-emprendimientos-negocios-exito\/\" class=\"eael-post-elements-readmore-btn\">CONOCE SU HISTORIA <\/a><\/div>\n                    <\/div><\/div><\/div>\n        <\/div>\n    <\/article><\/div>\n            <div class=\"clearfix\"><\/div>\n        <\/div>\t\t\t\t<\/div>\n\t\t\t\t\t<\/div>\n\t\t\t\t<\/div>\n\t\t\t\t<\/div>\n\t\t","protected":false},"excerpt":{"rendered":"<p>Los hispanos lideran con creatividad el emprendimiento en Estados Unidos, por sus ganas de salir adelante. Cifras de la oficina del Censo reflejan que al menos 10% de trabajadores hispanos encuestados est\u00e1n autoempleados. Un nuevo informe del Censo de la Encuesta de la Comunidad Estadounidense (ACS, por sus siglas en ingl\u00e9s) revela que la comunidad [&hellip;]<\/p>\n","protected":false},"author":19,"featured_media":37580,"comment_status":"open","ping_status":"open","sticky":false,"template":"","format":"standard","meta":{"_acf_changed":false,"_eb_attr":"","footnotes":""},"categories":[54],"tags":[],"class_list":["post-37511","post","type-post","status-publish","format-standard","has-post-thumbnail","hentry","category-estamos-unidos"],"acf":[],"aioseo_notices":[],"aioseo_head":"\n\t\t<!-- All in One SEO Pro 4.9.6.2 - aioseo.com -->\n\t<meta name=\"description\" content=\"Apost\u00f3 por la belleza del cabello para crear su propia marca de productos que sigue en crecimiento. Pero no ha sido f\u00e1cil y por eso comparte hallazgos del camino que pueden servir a emprendedores migrantes. \u201cMi esp\u00edritu emprendedor viene de crecer en los barrios latinos de Los Angeles y estar rodeada de muchas personas migrantes.\" \/>\n\t<meta name=\"robots\" content=\"max-snippet:-1, max-image-preview:large, max-video-preview:-1\" \/>\n\t<meta name=\"author\" content=\"Marysabel Aldana\"\/>\n\t<link rel=\"canonical\" href=\"https:\/\/soymigrante.com\/revista\/hispanos-marcan-auge-del-emprendimiento-en-usa-segun-oficina-del-censo\/\" \/>\n\t<meta name=\"generator\" content=\"All in One SEO Pro (AIOSEO) 4.9.6.2\" \/>\n\n\t\t<link rel=\"preconnect\" href=\"https:\/\/fonts.googleapis.com\" crossorigin>\n<link rel=\"preconnect\" href=\"https:\/\/fonts.gstatic.com\" crossorigin>\n\t\t<meta property=\"og:locale\" content=\"es_ES\" \/>\n\t\t<meta property=\"og:site_name\" content=\"SoyMigrante.com REVISTA \u2013 Nuestra misi\u00f3n es reconocer y dignificar al migrante.\" \/>\n\t\t<meta property=\"og:type\" content=\"article\" \/>\n\t\t<meta property=\"og:title\" content=\"Hispanos lideran cifras de emprendimiento en Estados Unidos\" \/>\n\t\t<meta property=\"og:description\" content=\"Los hispanos encabezan los porcentajes de emprendimientos y autoempleo en Estados Unidos, por sus ganas de salir adelante. As\u00ed lo reporta la Oficina del Censo.\" \/>\n\t\t<meta property=\"og:url\" content=\"https:\/\/soymigrante.com\/revista\/hispanos-marcan-auge-del-emprendimiento-en-usa-segun-oficina-del-censo\/\" \/>\n\t\t<meta property=\"og:image\" content=\"https:\/\/soymigrante.com\/revista\/wp-content\/uploads\/2025\/06\/professional-male-technician-mechanic-man-working-2025-03-26-01-49-44-utc-scaled.webp\" \/>\n\t\t<meta property=\"og:image:secure_url\" content=\"https:\/\/soymigrante.com\/revista\/wp-content\/uploads\/2025\/06\/professional-male-technician-mechanic-man-working-2025-03-26-01-49-44-utc-scaled.webp\" \/>\n\t\t<meta property=\"og:image:width\" content=\"1920\" \/>\n\t\t<meta property=\"og:image:height\" content=\"1920\" \/>\n\t\t<meta property=\"article:published_time\" content=\"2025-06-23T21:21:06+00:00\" \/>\n\t\t<meta property=\"article:modified_time\" content=\"2025-06-24T03:47:49+00:00\" \/>\n\t\t<meta property=\"article:publisher\" content=\"https:\/\/www.facebook.com\/soymigrantecom\" \/>\n\t\t<meta name=\"twitter:card\" content=\"summary_large_image\" \/>\n\t\t<meta name=\"twitter:site\" content=\"@SoyMigrante_com\" \/>\n\t\t<meta name=\"twitter:title\" content=\"Hispanos lideran cifras de emprendimiento en Estados Unidos\" \/>\n\t\t<meta name=\"twitter:description\" content=\"Los hispanos encabezan los porcentajes de emprendimientos y autoempleo en Estados Unidos, por sus ganas de salir adelante. As\u00ed lo reporta la Oficina del Censo.\" \/>\n\t\t<meta name=\"twitter:creator\" content=\"@SoyMigrante_com\" \/>\n\t\t<meta name=\"twitter:image\" content=\"https:\/\/soymigrante.com\/revista\/wp-content\/uploads\/2025\/06\/professional-male-technician-mechanic-man-working-2025-03-26-01-49-44-utc-scaled.webp\" \/>\n\t\t<!-- All in One SEO Pro -->\r\n\t\t<title>Hispanos lideran cifras de emprendimiento en Estados Unidos<\/title>\n\n","aioseo_head_json":{"title":"Hispanos lideran cifras de emprendimiento en Estados Unidos","description":"Los hispanos encabezan los porcentajes de emprendimientos y autoempleo en Estados Unidos, por sus ganas de salir adelante. As\u00ed lo reporta la Oficina del Censo.","canonical_url":"https:\/\/soymigrante.com\/revista\/hispanos-marcan-auge-del-emprendimiento-en-usa-segun-oficina-del-censo\/","robots":"max-snippet:-1, max-image-preview:large, max-video-preview:-1","keywords":"","webmasterTools":{"miscellaneous":"&lt;link rel=\"preconnect\" href=\"https:\/\/fonts.googleapis.com\" crossorigin&gt;\n&lt;link rel=\"preconnect\" href=\"https:\/\/fonts.gstatic.com\" crossorigin&gt;"},"schema":null,"og:locale":"es_ES","og:site_name":"SoyMigrante.com REVISTA \u2013 Nuestra misi\u00f3n es reconocer y dignificar al migrante.","og:type":"article","og:title":"Hispanos lideran cifras de emprendimiento en Estados Unidos","og:description":"Los hispanos encabezan los porcentajes de emprendimientos y autoempleo en Estados Unidos, por sus ganas de salir adelante. As\u00ed lo reporta la Oficina del Censo.","og:url":"https:\/\/soymigrante.com\/revista\/hispanos-marcan-auge-del-emprendimiento-en-usa-segun-oficina-del-censo\/","og:image":"https:\/\/soymigrante.com\/revista\/wp-content\/uploads\/2025\/06\/professional-male-technician-mechanic-man-working-2025-03-26-01-49-44-utc-scaled.webp","og:image:secure_url":"https:\/\/soymigrante.com\/revista\/wp-content\/uploads\/2025\/06\/professional-male-technician-mechanic-man-working-2025-03-26-01-49-44-utc-scaled.webp","og:image:width":1920,"og:image:height":1920,"article:published_time":"2025-06-23T21:21:06+00:00","article:modified_time":"2025-06-24T03:47:49+00:00","article:publisher":"https:\/\/www.facebook.com\/soymigrantecom","twitter:card":"summary_large_image","twitter:site":"@SoyMigrante_com","twitter:title":"Hispanos lideran cifras de emprendimiento en Estados Unidos","twitter:description":"Los hispanos encabezan los porcentajes de emprendimientos y autoempleo en Estados Unidos, por sus ganas de salir adelante. As\u00ed lo reporta la Oficina del Censo.","twitter:creator":"@SoyMigrante_com","twitter:image":"https:\/\/soymigrante.com\/revista\/wp-content\/uploads\/2025\/06\/professional-male-technician-mechanic-man-working-2025-03-26-01-49-44-utc-scaled.webp"},"aioseo_meta_data":{"post_id":"37511","title":"Hispanos lideran cifras de emprendimiento en Estados Unidos","description":"Los hispanos encabezan los porcentajes de emprendimientos y autoempleo en Estados Unidos, por sus ganas de salir adelante. As\u00ed lo reporta la Oficina del Censo.","keywords":null,"keyphrases":{"focus":{"keyphrase":"Hispanos","score":91,"analysis":{"keyphraseInTitle":{"score":9,"maxScore":9,"error":0},"keyphraseInDescription":{"score":9,"maxScore":9,"error":0},"keyphraseLength":{"score":9,"maxScore":9,"error":0,"length":1},"keyphraseInURL":{"score":5,"maxScore":5,"error":0},"keyphraseInIntroduction":{"score":3,"maxScore":9,"error":1},"keyphraseInSubHeadings":{"score":9,"maxScore":9,"error":0},"keyphraseInImageAlt":{"score":9,"maxScore":9,"error":0},"keywordDensity":{"type":"best","score":9,"maxScore":9,"error":0}}},"additional":[{"keyphrase":"Hispanos","score":87,"analysis":{"keyphraseInDescription":{"score":9,"maxScore":9,"error":0},"keyphraseLength":{"score":9,"maxScore":9,"error":0,"length":1},"keyphraseInIntroduction":{"score":3,"maxScore":9,"error":1},"keyphraseInImageAlt":{"score":9,"maxScore":9,"error":0},"keywordDensity":{"type":"best","score":9,"maxScore":9,"error":0}}},{"keyphrase":"emprendimiento","score":73,"analysis":{"keyphraseInDescription":{"score":3,"maxScore":9,"error":1},"keyphraseLength":{"score":9,"maxScore":9,"error":0,"length":1},"keyphraseInIntroduction":{"score":9,"maxScore":9,"error":0},"keyphraseInImageAlt":{"score":3,"maxScore":9,"error":1},"keywordDensity":{"type":"best","score":9,"maxScore":9,"error":0}}}]},"primary_term":null,"canonical_url":null,"og_title":null,"og_description":null,"og_object_type":"default","og_image_type":"default","og_image_url":null,"og_image_width":null,"og_image_height":null,"og_image_custom_url":null,"og_image_custom_fields":null,"og_video":"","og_custom_url":null,"og_article_section":null,"og_article_tags":null,"twitter_use_og":false,"twitter_card":"default","twitter_image_type":"default","twitter_image_url":null,"twitter_image_custom_url":null,"twitter_image_custom_fields":null,"twitter_title":null,"twitter_description":null,"schema":{"blockGraphs":[],"customGraphs":[],"default":{"data":{"Article":[],"Course":[],"Dataset":[],"FAQPage":[],"Movie":[],"Person":[],"Product":[],"ProductReview":[],"Car":[],"Recipe":[],"Service":[],"SoftwareApplication":[],"WebPage":[]},"graphName":"none","isEnabled":true},"graphs":[]},"schema_type":"default","schema_type_options":null,"pillar_content":false,"robots_default":true,"robots_noindex":false,"robots_noarchive":false,"robots_nosnippet":false,"robots_nofollow":false,"robots_noimageindex":false,"robots_noodp":false,"robots_notranslate":false,"robots_max_snippet":"-1","robots_max_videopreview":"-1","robots_max_imagepreview":"large","priority":null,"frequency":"default","local_seo":null,"seo_analyzer_scan_date":"2025-10-09 06:07:20","breadcrumb_settings":null,"limit_modified_date":false,"reviewed_by":"0","open_ai":"{\"title\":{\"suggestions\":[],\"usage\":0},\"description\":{\"suggestions\":[],\"usage\":0}}","ai":null,"created":"2025-06-23 17:56:17","updated":"2026-02-05 01:19:29"},"aioseo_breadcrumb":"<div class=\"aioseo-breadcrumbs\"><span class=\"aioseo-breadcrumb\">\n\t<a href=\"https:\/\/soymigrante.com\/revista\" title=\"Home\">Home<\/a>\n<\/span><span class=\"aioseo-breadcrumb-separator\">\u00bb<\/span><span class=\"aioseo-breadcrumb\">\n\t<a href=\"https:\/\/soymigrante.com\/revista\/category\/estamos-unidos\/\" title=\"Estamos Unidos\">Estamos Unidos<\/a>\n<\/span><span class=\"aioseo-breadcrumb-separator\">\u00bb<\/span><span class=\"aioseo-breadcrumb\">\n\tHispanos lideran cifras de emprendimiento en USA, seg\u00fan oficina del Censo\n<\/span><\/div>","aioseo_breadcrumb_json":[{"label":"Home","link":"https:\/\/soymigrante.com\/revista"},{"label":"Estamos Unidos","link":"https:\/\/soymigrante.com\/revista\/category\/estamos-unidos\/"},{"label":"Hispanos lideran cifras de emprendimiento en USA, seg\u00fan oficina del Censo","link":"https:\/\/soymigrante.com\/revista\/hispanos-marcan-auge-del-emprendimiento-en-usa-segun-oficina-del-censo\/"}],"_links":{"self":[{"href":"https:\/\/soymigrante.com\/revista\/wp-json\/wp\/v2\/posts\/37511","targetHints":{"allow":["GET"]}}],"collection":[{"href":"https:\/\/soymigrante.com\/revista\/wp-json\/wp\/v2\/posts"}],"about":[{"href":"https:\/\/soymigrante.com\/revista\/wp-json\/wp\/v2\/types\/post"}],"author":[{"embeddable":true,"href":"https:\/\/soymigrante.com\/revista\/wp-json\/wp\/v2\/users\/19"}],"replies":[{"embeddable":true,"href":"https:\/\/soymigrante.com\/revista\/wp-json\/wp\/v2\/comments?post=37511"}],"version-history":[{"count":31,"href":"https:\/\/soymigrante.com\/revista\/wp-json\/wp\/v2\/posts\/37511\/revisions"}],"predecessor-version":[{"id":37601,"href":"https:\/\/soymigrante.com\/revista\/wp-json\/wp\/v2\/posts\/37511\/revisions\/37601"}],"wp:featuredmedia":[{"embeddable":true,"href":"https:\/\/soymigrante.com\/revista\/wp-json\/wp\/v2\/media\/37580"}],"wp:attachment":[{"href":"https:\/\/soymigrante.com\/revista\/wp-json\/wp\/v2\/media?parent=37511"}],"wp:term":[{"taxonomy":"category","embeddable":true,"href":"https:\/\/soymigrante.com\/revista\/wp-json\/wp\/v2\/categories?post=37511"},{"taxonomy":"post_tag","embeddable":true,"href":"https:\/\/soymigrante.com\/revista\/wp-json\/wp\/v2\/tags?post=37511"}],"curies":[{"name":"wp","href":"https:\/\/api.w.org\/{rel}","templated":true}]}}