{"id":37480,"date":"2025-06-23T10:02:17","date_gmt":"2025-06-23T16:02:17","guid":{"rendered":"https:\/\/soymigrante.com\/revista\/?p=37480"},"modified":"2025-10-03T14:45:02","modified_gmt":"2025-10-03T20:45:02","slug":"migrante-bilma-dalila-pedro-desde-nueva-generacion-maya-a-nueva-york","status":"publish","type":"post","link":"https:\/\/soymigrante.com\/revista\/migrante-bilma-dalila-pedro-desde-nueva-generacion-maya-a-nueva-york\/","title":{"rendered":"Migrante Bilma Dalila Pedro: desde Nueva Generaci\u00f3n Maya a Nueva York"},"content":{"rendered":"\t\t<div data-elementor-type=\"wp-post\" data-elementor-id=\"37480\" class=\"elementor elementor-37480\" data-elementor-post-type=\"post\">\n\t\t\t\t<div data-particle_enable=\"false\" data-particle-mobile-disabled=\"false\" class=\"elementor-element elementor-element-374b79a e-flex e-con-boxed e-con e-parent\" data-id=\"374b79a\" data-element_type=\"container\" data-e-type=\"container\">\n\t\t\t\t\t<div class=\"e-con-inner\">\n\t\t\t\t<div class=\"elementor-element elementor-element-e47c1bb elementor-widget elementor-widget-heading\" data-id=\"e47c1bb\" data-element_type=\"widget\" data-e-type=\"widget\" data-widget_type=\"heading.default\">\n\t\t\t\t\t<h2 class=\"elementor-heading-title elementor-size-default\"><span style=\"font-size: 31.2px\">\"Si Dios me trajo aqu\u00ed, \u00e9l sabr\u00e1 cu\u00e1nto tiempo me tendr\u00e1\", dice Dalila Pedro, migrante guatemalteca maya q'anjob'al en Southampton, Nueva York. Labora como cajera de una helader\u00eda, pero ha descubierto su gran pasi\u00f3n: el arte.<\/span><\/h2>\t\t\t\t<\/div>\n\t\t\t\t<div class=\"elementor-element elementor-element-8f12037 elementor-widget elementor-widget-html\" data-id=\"8f12037\" data-element_type=\"widget\" data-e-type=\"widget\" data-widget_type=\"html.default\">\n\t\t\t\t\t<div id=\"buzzsprout-player-17383584\"><\/div><script src=\"https:\/\/www.buzzsprout.com\/2444168\/episodes\/17383584-dalila-pedro-pinta-un-nuevo-camino-migrante-en-southampton-nueva-york.js?container_id=buzzsprout-player-17383584&player=small\" type=\"text\/javascript\" charset=\"utf-8\"><\/script>\t\t\t\t<\/div>\n\t\t\t\t\t<\/div>\n\t\t\t\t<\/div>\n\t\t<div data-particle_enable=\"false\" data-particle-mobile-disabled=\"false\" class=\"elementor-element elementor-element-806efac e-flex e-con-boxed e-con e-parent\" data-id=\"806efac\" data-element_type=\"container\" data-e-type=\"container\">\n\t\t\t\t\t<div class=\"e-con-inner\">\n\t\t\t\t<div class=\"elementor-element elementor-element-af2f82a elementor-widget elementor-widget-text-editor\" data-id=\"af2f82a\" data-element_type=\"widget\" data-e-type=\"widget\" data-widget_type=\"text-editor.default\">\n\t\t\t\t\t\t\t\t\t<p>Desde la aldea Nueva Generaci\u00f3n Maya, en Barillas, Huehuetenango, hasta las calles de Nueva York, la historia de Bilma Dalila Pedro es un recorrido marcado por la migraci\u00f3n, el trabajo, el amor a la cultura <a href=\"https:\/\/soymigrante.com\/revista\/el-pueblo-qanjobal-tiene-el-corazon-en-jolom-konob\/\">q&#8217;anjob&#8217;al <\/a>y el arte como forma de expresi\u00f3n sin fronteras. Labora en las ma\u00f1anas como ni\u00f1era y por las tardes-noches como cajera.<\/p><p>\u201cLo que m\u00e1s recuerdo y m\u00e1s extra\u00f1o de la vida en mi pueblo es la libertad\u201d, dice Dalila en entrevista con SoyMigrante.com, recordando aquellos d\u00edas en su aldea Nueva Generaci\u00f3n en que pod\u00eda decidir si visitaba a su abuela paterna o materna, a unos cu\u00e1ndos pasos.\u00a0<\/p><p>Esta comunicaci\u00f3n constante es la ra\u00edz de su amor por su idioma, el maya q&#8217;anjob&#8217;al.\u00a0 Y esta es su historia migrante en Estados Unidos.<\/p>\t\t\t\t\t\t\t\t<\/div>\n\t\t\t\t\t<\/div>\n\t\t\t\t<\/div>\n\t\t<div data-particle_enable=\"false\" data-particle-mobile-disabled=\"false\" class=\"elementor-element elementor-element-c23ced8 e-flex e-con-boxed e-con e-parent\" data-id=\"c23ced8\" data-element_type=\"container\" data-e-type=\"container\">\n\t\t\t\t\t<div class=\"e-con-inner\">\n\t\t\t\t<div class=\"elementor-element elementor-element-4464660 elementor-widget elementor-widget-image\" data-id=\"4464660\" data-element_type=\"widget\" data-e-type=\"widget\" data-widget_type=\"image.default\">\n\t\t\t\t\t\t\t\t\t\t\t\t<figure class=\"wp-caption\">\n\t\t\t\t\t\t\t\t\t\t<img fetchpriority=\"high\" decoding=\"async\" width=\"1024\" height=\"819\" src=\"https:\/\/soymigrante.com\/revista\/wp-content\/uploads\/2025\/06\/migrante-guatemalteca-dalila-pedro-en-nueva-york-2-1024x819.jpg\" class=\"attachment-large size-large wp-image-37488\" alt=\"Joven mujer en parque con \u00e1rboles verdes, usando sudadera de los Seahawks y jeans rotos, disfrutando del d\u00eda en un entorno natural, promueve vida activa y cultura de migrantes en EE.UU.\" srcset=\"https:\/\/soymigrante.com\/revista\/wp-content\/uploads\/2025\/06\/migrante-guatemalteca-dalila-pedro-en-nueva-york-2-1024x819.jpg 1024w, https:\/\/soymigrante.com\/revista\/wp-content\/uploads\/2025\/06\/migrante-guatemalteca-dalila-pedro-en-nueva-york-2-300x240.jpg 300w, https:\/\/soymigrante.com\/revista\/wp-content\/uploads\/2025\/06\/migrante-guatemalteca-dalila-pedro-en-nueva-york-2-768x615.jpg 768w, https:\/\/soymigrante.com\/revista\/wp-content\/uploads\/2025\/06\/migrante-guatemalteca-dalila-pedro-en-nueva-york-2-1536x1229.jpg 1536w, https:\/\/soymigrante.com\/revista\/wp-content\/uploads\/2025\/06\/migrante-guatemalteca-dalila-pedro-en-nueva-york-2-2048x1639.jpg 2048w, https:\/\/soymigrante.com\/revista\/wp-content\/uploads\/2025\/06\/migrante-guatemalteca-dalila-pedro-en-nueva-york-2-750x600.webp 750w, https:\/\/soymigrante.com\/revista\/wp-content\/uploads\/2025\/06\/migrante-guatemalteca-dalila-pedro-en-nueva-york-2-1140x912.webp 1140w, https:\/\/soymigrante.com\/revista\/wp-content\/uploads\/2025\/06\/migrante-guatemalteca-dalila-pedro-en-nueva-york-2-scaled.webp 1920w\" sizes=\"(max-width: 1024px) 100vw, 1024px\" title=\"Bilma Dalila Pedro es originaria de la aldea Nueva Generaci\u00f3n Maya, Barillas, Huehuetenango. Su idioma materno es el maya q&#039;anjob&#039;al pero hoy tambi\u00e9n domina el espa\u00f1ol e ingl\u00e9s con certificados biling\u00fces emitidos por el sistema escolar de Southampton, New York. \u2013 SoyMigrante.com REVISTA\" \/>\t\t\t\t\t\t\t\t\t\t\t<figcaption class=\"widget-image-caption wp-caption-text\">Joven migrante disfrutando de un d\u00eda al aire libre en el parque, s\u00edmbolo de integraci\u00f3n y bienestar en su comunidad.<\/figcaption>\n\t\t\t\t\t\t\t\t\t\t<\/figure>\n\t\t\t\t\t\t\t\t\t<\/div>\n\t\t\t\t\t<\/div>\n\t\t\t\t<\/div>\n\t\t<div data-particle_enable=\"false\" data-particle-mobile-disabled=\"false\" class=\"elementor-element elementor-element-a8f875c e-flex e-con-boxed e-con e-parent\" data-id=\"a8f875c\" data-element_type=\"container\" data-e-type=\"container\">\n\t\t\t\t\t<div class=\"e-con-inner\">\n\t\t\t\t<div class=\"elementor-element elementor-element-41cea77 elementor-widget elementor-widget-heading\" data-id=\"41cea77\" data-element_type=\"widget\" data-e-type=\"widget\" data-widget_type=\"heading.default\">\n\t\t\t\t\t<h3 class=\"elementor-heading-title elementor-size-default\">Nueva historia en el estado de Nueva York<\/h3>\t\t\t\t<\/div>\n\t\t\t\t\t<\/div>\n\t\t\t\t<\/div>\n\t\t<div data-particle_enable=\"false\" data-particle-mobile-disabled=\"false\" class=\"elementor-element elementor-element-9ab1405 e-flex e-con-boxed e-con e-parent\" data-id=\"9ab1405\" data-element_type=\"container\" data-e-type=\"container\">\n\t\t\t\t\t<div class=\"e-con-inner\">\n\t\t\t\t<div class=\"elementor-element elementor-element-c7bf9d2 elementor-widget elementor-widget-text-editor\" data-id=\"c7bf9d2\" data-element_type=\"widget\" data-e-type=\"widget\" data-widget_type=\"text-editor.default\">\n\t\t\t\t\t\t\t\t\t<p>Dalila lleg\u00f3 a Estados Unidos cuando ten\u00eda 16 a\u00f1os, directamente a Nueva York. Recuerda que eso ocurri\u00f3 a eso de las 2 de la ma\u00f1ana,m recuerda.\u00a0<\/p><p>\u201cFue todo tan diferente. Me sorprendieron las luces brillantes en la oscuridad. Este es el final del largo camino que hemos tenido&#8221;, fue su primer pensamiento. Pero era el inicio de un nuevo cap\u00edtulo.\u00a0<\/p><p>Dalila enfrent\u00f3 m\u00faltiples desaf\u00edos en su nueva vida, empezando por el idioma. \u201cYo no hablaba bien el espa\u00f1ol cuando llegu\u00e9 ac\u00e1. Solo q&#8217;anjob&#8217;al. Imag\u00ednese, ahora ten\u00eda que <a href=\"https:\/\/soymigrante.com\/revista\/migrante-idioma-ingles-aprendizaje-claves-reto-oportunidad\/\">aprender ingl\u00e9s.<\/a> Fue s\u00faper dif\u00edcil tener que echarle ganas el doble, pero lo he logrado\u201d.\u00a0<\/p><p>Iniciativas de educaci\u00f3n multicultural en Southampton contribuyeron a que Dalila tuviera oportunidad de aprender ingl\u00e9s sin perder su idioma.\u00a0 En 2023 obtuvo el <a href=\"https:\/\/www.27east.com\/southampton-press\/southampton-schools-sets-new-bar-for-world-language-initiatives-2195338\/\">primer certificado de aprendizaje biling\u00fce ingl\u00e9s-q&#8217;anjob&#8217;al <\/a>emitido en esa ciudad, un proyecto que busca extenderse a m\u00e1s idiomas en el \u00e1mbito estudiantil.\u00a0<\/p>\t\t\t\t\t\t\t\t<\/div>\n\t\t\t\t\t<\/div>\n\t\t\t\t<\/div>\n\t\t<div data-particle_enable=\"false\" data-particle-mobile-disabled=\"false\" class=\"elementor-element elementor-element-b99d761 e-flex e-con-boxed e-con e-parent\" data-id=\"b99d761\" data-element_type=\"container\" data-e-type=\"container\">\n\t\t\t\t\t<div class=\"e-con-inner\">\n\t\t\t\t<div class=\"elementor-element elementor-element-9e7c736 elementor-widget elementor-widget-image\" data-id=\"9e7c736\" data-element_type=\"widget\" data-e-type=\"widget\" data-widget_type=\"image.default\">\n\t\t\t\t\t\t\t\t\t\t\t\t<figure class=\"wp-caption\">\n\t\t\t\t\t\t\t\t\t\t\t<a href=\"https:\/\/www.27east.com\/southampton-press\/southampton-schools-sets-new-bar-for-world-language-initiatives-2195338\/\">\n\t\t\t\t\t\t\t<img decoding=\"async\" width=\"1024\" height=\"768\" src=\"https:\/\/soymigrante.com\/revista\/wp-content\/uploads\/2025\/06\/migrante-guatemalteca-bilma-dalila-pedro-en-nueva-york-1024x768.jpg\" class=\"attachment-large size-large wp-image-37490\" alt=\"Arte periodista de migraci\u00f3n en portada de revista SoyMigrante.com, joven latina en outfit tradicional maya, promoviendo aprendizaje de idiomas, inclusi\u00f3n cultural, educaci\u00f3n y diversidad en la regi\u00f3n de Southampton, UK.\" srcset=\"https:\/\/soymigrante.com\/revista\/wp-content\/uploads\/2025\/06\/migrante-guatemalteca-bilma-dalila-pedro-en-nueva-york-1024x768.jpg 1024w, https:\/\/soymigrante.com\/revista\/wp-content\/uploads\/2025\/06\/migrante-guatemalteca-bilma-dalila-pedro-en-nueva-york-300x225.jpg 300w, https:\/\/soymigrante.com\/revista\/wp-content\/uploads\/2025\/06\/migrante-guatemalteca-bilma-dalila-pedro-en-nueva-york-768x576.jpg 768w, https:\/\/soymigrante.com\/revista\/wp-content\/uploads\/2025\/06\/migrante-guatemalteca-bilma-dalila-pedro-en-nueva-york-750x563.webp 750w, https:\/\/soymigrante.com\/revista\/wp-content\/uploads\/2025\/06\/migrante-guatemalteca-bilma-dalila-pedro-en-nueva-york.webp 1080w\" sizes=\"(max-width: 1024px) 100vw, 1024px\" title=\"Recorte del art\u00edculo de Southampton Press en  el cual fue entrevistada Dalila Pedro, quien luci\u00f3 con orgullo su indumentaria maya q&#039;anjob&#039;al. La nota registra la certificaci\u00f3n biling\u00fce ingl\u00e9s-q&#039;anjob&#039;al que le fue otorgada por el sistema educativo local, cuyo programa promueve la multiculturalidad como riqueza para Estados Unidos. \u2013 SoyMigrante.com REVISTA\" \/>\t\t\t\t\t\t\t\t<\/a>\n\t\t\t\t\t\t\t\t\t\t\t<figcaption class=\"widget-image-caption wp-caption-text\">SoyMigrante.com REVISTA - Portada destacando iniciativas de idioma y cultura para estudiantes inmigrantes en Southampton, promoviendo diversidad, inclusi\u00f3n y programas de ense\u00f1anza de idiomas en la comunidad migrante.<\/figcaption>\n\t\t\t\t\t\t\t\t\t\t<\/figure>\n\t\t\t\t\t\t\t\t\t<\/div>\n\t\t\t\t\t<\/div>\n\t\t\t\t<\/div>\n\t\t<div data-particle_enable=\"false\" data-particle-mobile-disabled=\"false\" class=\"elementor-element elementor-element-ce42448 e-flex e-con-boxed e-con e-parent\" data-id=\"ce42448\" data-element_type=\"container\" data-e-type=\"container\">\n\t\t\t\t\t<div class=\"e-con-inner\">\n\t\t\t\t<div class=\"elementor-element elementor-element-9eb50f5 elementor-widget elementor-widget-heading\" data-id=\"9eb50f5\" data-element_type=\"widget\" data-e-type=\"widget\" data-widget_type=\"heading.default\">\n\t\t\t\t\t<h3 class=\"elementor-heading-title elementor-size-default\">Ahora es oficialmente triling\u00fce<\/h3>\t\t\t\t<\/div>\n\t\t\t\t\t<\/div>\n\t\t\t\t<\/div>\n\t\t<div data-particle_enable=\"false\" data-particle-mobile-disabled=\"false\" class=\"elementor-element elementor-element-790f48b e-flex e-con-boxed e-con e-parent\" data-id=\"790f48b\" data-element_type=\"container\" data-e-type=\"container\">\n\t\t\t\t\t<div class=\"e-con-inner\">\n\t\t\t\t<div class=\"elementor-element elementor-element-beef7f6 elementor-widget elementor-widget-text-editor\" data-id=\"beef7f6\" data-element_type=\"widget\" data-e-type=\"widget\" data-widget_type=\"text-editor.default\">\n\t\t\t\t\t\t\t\t\t<p>En un art\u00edculo publicado por <a href=\"https:\/\/www.27east.com\/southampton-press\/southampton-schools-sets-new-bar-for-world-language-initiatives-2195338\/\">Southampton Press, Dalila relat\u00f3 en agosto de 2023<\/a>, que comenz\u00f3 a aprender espa\u00f1ol en la escuela en Guatemala hasta el cuarto grado de primaria, pero por su pronunciaci\u00f3n sol\u00eda sufrir de<a href=\"https:\/\/soymigrante.com\/revista\/como-detectar-y-prevenir-acoso-escolar-bullying-contra-ninos-migrantes\/\"> bullying.<\/a>\u00a0 Pero esto fortaleci\u00f3 su inter\u00e9s por aprender espa\u00f1ol e ingl\u00e9s.<\/p><p>Eso s\u00ed, la nostalgia por su comunidad sigue latente. Aunque ten\u00eda a algunos familiares en NY,\u00a0 el desarraigo fue profundo. \u201cFue dif\u00edcil porque ten\u00eda amigas, amigos, compa\u00f1eros de la escuela. Pr\u00e1cticamente no conoc\u00eda a nadie\u201d.<\/p><p>Pero a pesar de las dificultades, Bilma Dalila logr\u00f3 graduarse de High School aquel 2023 y luego ingres\u00f3 al College, donde se enfoc\u00f3 en perfeccionar su ingl\u00e9s. En el camino, a trav\u00e9s de cursos optativos, descubri\u00f3 algo inesperado pero maravilloso y colorido: el arte.\u00a0<\/p><p>\u201cNunca me interes\u00f3 el arte en Guatemala. En realidad no lo conoc\u00eda. <a href=\"https:\/\/soymigrante.com\/revista\/__trashed-3\/\">Mi gran sue\u00f1o<\/a> all\u00e1 era llegar a ser abogada\u201d, confiesa. Pero al recibir clases de arte, un nuevo horizonte se abri\u00f3. \u201cLe agarr\u00e9 gusto a eso de mezclar colores, de pintar, de imaginar. Ya no quiero parar de pintar\u201d. Se puede ver sus trabajos en <a href=\"https:\/\/www.facebook.com\/profile.php?id=100069668681931\">su perfil de Facebook Art in the Hamptons.<\/a><\/p>\t\t\t\t\t\t\t\t<\/div>\n\t\t\t\t\t<\/div>\n\t\t\t\t<\/div>\n\t\t<div data-particle_enable=\"false\" data-particle-mobile-disabled=\"false\" class=\"elementor-element elementor-element-6f8b441 e-flex e-con-boxed e-con e-parent\" data-id=\"6f8b441\" data-element_type=\"container\" data-e-type=\"container\">\n\t\t\t\t\t<div class=\"e-con-inner\">\n\t\t\t\t<div class=\"elementor-element elementor-element-5931d05 elementor-arrows-position-inside elementor-pagination-position-outside elementor-widget elementor-widget-image-carousel\" data-id=\"5931d05\" data-element_type=\"widget\" data-e-type=\"widget\" data-settings=\"{&quot;slides_to_show&quot;:&quot;1&quot;,&quot;navigation&quot;:&quot;both&quot;,&quot;autoplay&quot;:&quot;yes&quot;,&quot;pause_on_hover&quot;:&quot;yes&quot;,&quot;pause_on_interaction&quot;:&quot;yes&quot;,&quot;autoplay_speed&quot;:5000,&quot;infinite&quot;:&quot;yes&quot;,&quot;effect&quot;:&quot;slide&quot;,&quot;speed&quot;:500}\" data-widget_type=\"image-carousel.default\">\n\t\t\t\t\t\t\t<div class=\"elementor-image-carousel-wrapper swiper\" role=\"region\" aria-roledescription=\"carousel\" aria-label=\"Carrusel de im\u00e1genes\" dir=\"ltr\">\n\t\t\t<div class=\"elementor-image-carousel swiper-wrapper\" aria-live=\"off\">\n\t\t\t\t\t\t\t\t<div class=\"swiper-slide\" role=\"group\" aria-roledescription=\"slide\" aria-label=\"1 de 5\"><a data-elementor-open-lightbox=\"yes\" data-elementor-lightbox-slideshow=\"5931d05\" data-elementor-lightbox-title=\"migrante guatemalteca dalila pedro en nueva york 8\" data-elementor-lightbox-description=\"Una pintura impresionista que muestra a una figura caminando con paraguas en un camino rodeado de \u00e1rboles con hojas rojas en pleno oto\u00f1o, reflej\u00e1ndose en el suelo h\u00famedo, transmitiendo la serenidad y belleza de la estaci\u00f3n oto\u00f1al, perfecta para temas de naturaleza, arte y cultura en la revista SoyMigrante.com.\" data-e-action-hash=\"#elementor-action%3Aaction%3Dlightbox%26settings%3DeyJpZCI6Mzc0OTEsInVybCI6Imh0dHBzOlwvXC9zb3ltaWdyYW50ZS5jb21cL3JldmlzdGFcL3dwLWNvbnRlbnRcL3VwbG9hZHNcLzIwMjVcLzA2XC9taWdyYW50ZS1ndWF0ZW1hbHRlY2EtZGFsaWxhLXBlZHJvLWVuLW51ZXZhLXlvcmstOC53ZWJwIiwic2xpZGVzaG93IjoiNTkzMWQwNSJ9\" href=\"https:\/\/www.instagram.com\/art_in_the_hamptons\/\"><figure class=\"swiper-slide-inner\"><img decoding=\"async\" class=\"swiper-slide-image\" src=\"https:\/\/soymigrante.com\/revista\/wp-content\/uploads\/2025\/06\/migrante-guatemalteca-dalila-pedro-en-nueva-york-8.webp\" alt=\"Personaje caminando en sendero rodeado de \u00e1rboles con hojas en tonos rojos, sendero h\u00famedo con reflejos, ambiente oto\u00f1al, pintura art\u00edstica en estilo impresionista, evocando tranquilidad y belleza natural.\" \/><\/figure><\/a><\/div><div class=\"swiper-slide\" role=\"group\" aria-roledescription=\"slide\" aria-label=\"2 de 5\"><a data-elementor-open-lightbox=\"yes\" data-elementor-lightbox-slideshow=\"5931d05\" data-elementor-lightbox-title=\"Pinturas de la migrante guatemalteca dalila pedro en nueva york 3\" data-elementor-lightbox-description=\"Pinturas de la migrante guatemalteca dalila pedro en nueva york 3\" data-e-action-hash=\"#elementor-action%3Aaction%3Dlightbox%26settings%3DeyJpZCI6Mzc0OTIsInVybCI6Imh0dHBzOlwvXC9zb3ltaWdyYW50ZS5jb21cL3JldmlzdGFcL3dwLWNvbnRlbnRcL3VwbG9hZHNcLzIwMjVcLzA2XC9taWdyYW50ZS1ndWF0ZW1hbHRlY2EtZGFsaWxhLXBlZHJvLWVuLW51ZXZhLXlvcmstNi53ZWJwIiwic2xpZGVzaG93IjoiNTkzMWQwNSJ9\" href=\"https:\/\/www.instagram.com\/art_in_the_hamptons\/\"><figure class=\"swiper-slide-inner\"><img decoding=\"async\" class=\"swiper-slide-image\" src=\"https:\/\/soymigrante.com\/revista\/wp-content\/uploads\/2025\/06\/migrante-guatemalteca-dalila-pedro-en-nueva-york-6.webp\" alt=\"Cargando una pintura de playa al \u00f3leo en un jard\u00edn, destacando arte y cultura migrante en SoyMigrante.com REVISTA para promover comunidades creativas y diversidad cultural.\" \/><\/figure><\/a><\/div><div class=\"swiper-slide\" role=\"group\" aria-roledescription=\"slide\" aria-label=\"3 de 5\"><a data-elementor-open-lightbox=\"yes\" data-elementor-lightbox-slideshow=\"5931d05\" data-elementor-lightbox-title=\"Pinturas de la migrante guatemalteca dalila pedro en nueva york 3\" data-elementor-lightbox-description=\"Una pintura de un loro en un lienzo, exhibida en un caballete de madera, simboliza la riqueza cultural y la expresi\u00f3n art\u00edstica en la tem\u00e1tica de migraci\u00f3n de SoyMigrante.com.\" data-e-action-hash=\"#elementor-action%3Aaction%3Dlightbox%26settings%3DeyJpZCI6Mzc0OTMsInVybCI6Imh0dHBzOlwvXC9zb3ltaWdyYW50ZS5jb21cL3JldmlzdGFcL3dwLWNvbnRlbnRcL3VwbG9hZHNcLzIwMjVcLzA2XC9taWdyYW50ZS1ndWF0ZW1hbHRlY2EtZGFsaWxhLXBlZHJvLWVuLW51ZXZhLXlvcmstMy53ZWJwIiwic2xpZGVzaG93IjoiNTkzMWQwNSJ9\" href=\"https:\/\/www.instagram.com\/art_in_the_hamptons\/\"><figure class=\"swiper-slide-inner\"><img decoding=\"async\" class=\"swiper-slide-image\" src=\"https:\/\/soymigrante.com\/revista\/wp-content\/uploads\/2025\/06\/migrante-guatemalteca-dalila-pedro-en-nueva-york-3.webp\" alt=\"Un lien de la revue SoyMigrante.com mostrant una pintura colorida de un loro con detalles vivos y llamativos, mostrando el arte y cultura latinoamericana en el contexto migratorio.\" \/><\/figure><\/a><\/div><div class=\"swiper-slide\" role=\"group\" aria-roledescription=\"slide\" aria-label=\"4 de 5\"><a data-elementor-open-lightbox=\"yes\" data-elementor-lightbox-slideshow=\"5931d05\" data-elementor-lightbox-title=\"Pinturas de la migrante guatemalteca dalila pedro en nueva york 3\" data-elementor-lightbox-description=\"Una pintura que representa un campo con flores de colores en un d\u00eda soleado, transmitiendo serenidad y belleza natural, ideal para art\u00edculos sobre naturaleza, biodiversidad y bienestar.\" data-e-action-hash=\"#elementor-action%3Aaction%3Dlightbox%26settings%3DeyJpZCI6Mzc0OTQsInVybCI6Imh0dHBzOlwvXC9zb3ltaWdyYW50ZS5jb21cL3JldmlzdGFcL3dwLWNvbnRlbnRcL3VwbG9hZHNcLzIwMjVcLzA2XC9taWdyYW50ZS1ndWF0ZW1hbHRlY2EtZGFsaWxhLXBlZHJvLWVuLW51ZXZhLXlvcmstMi53ZWJwIiwic2xpZGVzaG93IjoiNTkzMWQwNSJ9\" href=\"https:\/\/www.instagram.com\/art_in_the_hamptons\/\"><figure class=\"swiper-slide-inner\"><img decoding=\"async\" class=\"swiper-slide-image\" src=\"https:\/\/soymigrante.com\/revista\/wp-content\/uploads\/2025\/06\/migrante-guatemalteca-dalila-pedro-en-nueva-york-2.webp\" alt=\"Flores silvestres moradas y blancas en pradera bajo cielo azul con nubes blancas y dispersas.\" \/><\/figure><\/a><\/div><div class=\"swiper-slide\" role=\"group\" aria-roledescription=\"slide\" aria-label=\"5 de 5\"><a data-elementor-open-lightbox=\"yes\" data-elementor-lightbox-slideshow=\"5931d05\" data-elementor-lightbox-title=\"Pinturas de la migrante guatemalteca dalila pedro en nueva york 3\" data-elementor-lightbox-description=\"Una pintura de un paisaje monta\u00f1oso con r\u00edo, \u00e1rboles y un cielo azul, que evoca tranquilidad y conexi\u00f3n con la naturaleza, perfecta para contenidos relacionados con viajes, ecolog\u00eda y cultura en Am\u00e9rica Latina.\" data-e-action-hash=\"#elementor-action%3Aaction%3Dlightbox%26settings%3DeyJpZCI6Mzc0OTUsInVybCI6Imh0dHBzOlwvXC9zb3ltaWdyYW50ZS5jb21cL3JldmlzdGFcL3dwLWNvbnRlbnRcL3VwbG9hZHNcLzIwMjVcLzA2XC9taWdyYW50ZS1ndWF0ZW1hbHRlY2EtZGFsaWxhLXBlZHJvLWVuLW51ZXZhLXlvcmstMS53ZWJwIiwic2xpZGVzaG93IjoiNTkzMWQwNSJ9\" href=\"https:\/\/www.instagram.com\/art_in_the_hamptons\/\"><figure class=\"swiper-slide-inner\"><img decoding=\"async\" class=\"swiper-slide-image\" src=\"https:\/\/soymigrante.com\/revista\/wp-content\/uploads\/2025\/06\/migrante-guatemalteca-dalila-pedro-en-nueva-york-1.webp\" alt=\"R\u00edo serpenteando entre monta\u00f1as verdes con un cielo azul y nubes, simbolizando la naturaleza y la belleza del paisaje en una ilustraci\u00f3n vibrante.\" \/><\/figure><\/a><\/div>\t\t\t<\/div>\n\t\t\t\t\t\t\t\t\t\t\t\t<div class=\"elementor-swiper-button elementor-swiper-button-prev\" role=\"button\" tabindex=\"0\">\n\t\t\t\t\t\t<i aria-hidden=\"true\" class=\"eicon-chevron-left\"><\/i>\t\t\t\t\t<\/div>\n\t\t\t\t\t<div class=\"elementor-swiper-button elementor-swiper-button-next\" role=\"button\" tabindex=\"0\">\n\t\t\t\t\t\t<i aria-hidden=\"true\" class=\"eicon-chevron-right\"><\/i>\t\t\t\t\t<\/div>\n\t\t\t\t\n\t\t\t\t\t\t\t\t\t<div class=\"swiper-pagination\"><\/div>\n\t\t\t\t\t\t\t\t\t<\/div>\n\t\t\t\t\t\t<\/div>\n\t\t\t\t\t<\/div>\n\t\t\t\t<\/div>\n\t\t<div data-particle_enable=\"false\" data-particle-mobile-disabled=\"false\" class=\"elementor-element elementor-element-b1b3336 e-flex e-con-boxed e-con e-parent\" data-id=\"b1b3336\" data-element_type=\"container\" data-e-type=\"container\">\n\t\t\t\t\t<div class=\"e-con-inner\">\n\t\t\t\t<div class=\"elementor-element elementor-element-9c4a63b elementor-widget elementor-widget-heading\" data-id=\"9c4a63b\" data-element_type=\"widget\" data-e-type=\"widget\" data-widget_type=\"heading.default\">\n\t\t\t\t\t<h3 class=\"elementor-heading-title elementor-size-default\">Inspiraci\u00f3n sin fronteras<\/h3>\t\t\t\t<\/div>\n\t\t\t\t\t<\/div>\n\t\t\t\t<\/div>\n\t\t<div data-particle_enable=\"false\" data-particle-mobile-disabled=\"false\" class=\"elementor-element elementor-element-360748a e-flex e-con-boxed e-con e-parent\" data-id=\"360748a\" data-element_type=\"container\" data-e-type=\"container\">\n\t\t\t\t\t<div class=\"e-con-inner\">\n\t\t\t\t<div class=\"elementor-element elementor-element-0f66ac6 elementor-widget elementor-widget-text-editor\" data-id=\"0f66ac6\" data-element_type=\"widget\" data-e-type=\"widget\" data-widget_type=\"text-editor.default\">\n\t\t\t\t\t\t\t\t\t<p>Con apoyo de una profesora, que incluso le prestaba materiales para practicar en casa, Dalila comenz\u00f3 a desarrollar su estilo.\u00a0<\/p><p>\u201cNo es pasatiempo, es expresi\u00f3n y un proyecto con futuro. Actualmente el arte no es mi ocupaci\u00f3n de tiempo coimpleto pero sue\u00f1o con un d\u00eda poder presentar mi oabra a m\u00e1s personas.\u201d, afirma. Ha logrado exponer algunos de sus cuadros en una iglesia, un sal\u00f3n de belleza y ahora busca espacios en centros culturales, <a href=\"https:\/\/www.facebook.com\/profile.php?id=100069668681931\">aunque sus redes sociales son su m\u00e1s amplia galer\u00eda.<\/a><\/p><p>Y es que la rutina laboral de Dalila no deja mucho espacio libre: trabaja como ni\u00f1era por las ma\u00f1anas y como cajera en una helader\u00eda por las tardes.<\/p><p>\u00a0\u201cEn el <a href=\"https:\/\/soymigrante.com\/revista\/algunas-claves-sobre-el-cuidado-de-los-ninos-de-cero-a-5-anos\/\">cuidado de ni\u00f1os <\/a>entro a las 8, salgo a las 4 de la tarde, paso por el apartamento a comer algo, cambiarme ropa y a las 5 estoy en el otro trabajo. En temporada de verano, como ahora salgo hasta a la una de la ma\u00f1ana&#8221;, relata.\u00a0<\/p><p>La situaci\u00f3n <a href=\"https:\/\/soymigrante.com\/revista\/todo-migrante-tiene-derechos-la-union-americana-de-libertades-civiles-recomienda\/\">migratoria <\/a>actual en Estados Unidos le genera inquietud, pero la fe es de gran ayuda para estar tranquila. \u201c\u201cTodo est\u00e1 fuerte. Solo puedo confiar en que Dios me puso aqu\u00ed y solo el sabe que va a pasar en el futuro. Si Dios dice te quedas aqu\u00ed en NY trabajando, as\u00ed va a ser. Yo solamente espero su voluntad.\u201d<\/p>\t\t\t\t\t\t\t\t<\/div>\n\t\t\t\t\t<\/div>\n\t\t\t\t<\/div>\n\t\t<div data-particle_enable=\"false\" data-particle-mobile-disabled=\"false\" class=\"elementor-element elementor-element-aa5c9a6 e-flex e-con-boxed e-con e-parent\" data-id=\"aa5c9a6\" data-element_type=\"container\" data-e-type=\"container\">\n\t\t\t\t\t<div class=\"e-con-inner\">\n\t\t\t\t<div class=\"elementor-element elementor-element-70d46b7 elementor-arrows-position-inside elementor-pagination-position-outside elementor-widget elementor-widget-image-carousel\" data-id=\"70d46b7\" data-element_type=\"widget\" data-e-type=\"widget\" data-settings=\"{&quot;slides_to_show&quot;:&quot;1&quot;,&quot;effect&quot;:&quot;fade&quot;,&quot;navigation&quot;:&quot;both&quot;,&quot;autoplay&quot;:&quot;yes&quot;,&quot;pause_on_hover&quot;:&quot;yes&quot;,&quot;pause_on_interaction&quot;:&quot;yes&quot;,&quot;autoplay_speed&quot;:5000,&quot;infinite&quot;:&quot;yes&quot;,&quot;speed&quot;:500}\" data-widget_type=\"image-carousel.default\">\n\t\t\t\t\t\t\t<div class=\"elementor-image-carousel-wrapper swiper\" role=\"region\" aria-roledescription=\"carousel\" aria-label=\"Carrusel de im\u00e1genes\" dir=\"ltr\">\n\t\t\t<div class=\"elementor-image-carousel swiper-wrapper\" aria-live=\"off\">\n\t\t\t\t\t\t\t\t<div class=\"swiper-slide\" role=\"group\" aria-roledescription=\"slide\" aria-label=\"1 de 5\"><figure class=\"swiper-slide-inner\"><img decoding=\"async\" class=\"swiper-slide-image\" src=\"https:\/\/soymigrante.com\/revista\/wp-content\/uploads\/2025\/06\/Captura-de-pantalla-2025-06-23-113646-1024x640.png\" alt=\"Migrantes en Am\u00e9rica, mapeo de la migraci\u00f3n en Estados Unidos y Am\u00e9rica Central, enfoque en la comunidad hispana y temas de emigraci\u00f3n y migraci\u00f3n en la revista SoyMigrante.com.\" \/><figcaption class=\"elementor-image-carousel-caption\">Visualizaci\u00f3n de Google Earth: se marca la localizaci\u00f3n de la aldea Nueva Generaci\u00f3n Maya, Barillas, Huehuetenango, y la ciudad de Southampton, estado de Nueva York. (Google Earth)<\/figcaption><\/figure><\/div><div class=\"swiper-slide\" role=\"group\" aria-roledescription=\"slide\" aria-label=\"2 de 5\"><figure class=\"swiper-slide-inner\"><img decoding=\"async\" class=\"swiper-slide-image\" src=\"https:\/\/soymigrante.com\/revista\/wp-content\/uploads\/2025\/06\/migrante-guatemalteca-dalila-pedro-en-nueva-york-3.jpg\" alt=\"Bosque tropical verde con camino y torre de comunicaci\u00f3n en la vegetaci\u00f3n, zona rural rodeada de naturaleza, vistas a\u00e9reas de paisaje natural en Centroam\u00e9rica.\" \/><figcaption class=\"elementor-image-carousel-caption\">Paisaje natural en Centroam\u00e9rica con \u00e1reas verdes, caminos rurales y torre de comunicaci\u00f3n, reflejando la biodiversidad y conectividad en pa\u00edses latinoamericanos.<\/figcaption><\/figure><\/div><div class=\"swiper-slide\" role=\"group\" aria-roledescription=\"slide\" aria-label=\"3 de 5\"><figure class=\"swiper-slide-inner\"><img decoding=\"async\" class=\"swiper-slide-image\" src=\"https:\/\/soymigrante.com\/revista\/wp-content\/uploads\/2025\/06\/migrante-guatemalteca-dalila-pedro-en-nueva-york-4.webp\" alt=\"Vista a\u00e9rea de un pueblo rural en un entorno natural, representando la vida de migrantes y comunidades en los sitios de residencia en M\u00e9xico y el mundo.\" \/><figcaption class=\"elementor-image-carousel-caption\">Paisaje de un pueblo rural rodeado de naturaleza, en contexto de migraci\u00f3n y comunidades mexicanas, reflejando la vida cotidiana y v\u00ednculos culturales.<\/figcaption><\/figure><\/div><div class=\"swiper-slide\" role=\"group\" aria-roledescription=\"slide\" aria-label=\"4 de 5\"><figure class=\"swiper-slide-inner\"><img decoding=\"async\" class=\"swiper-slide-image\" src=\"https:\/\/soymigrante.com\/revista\/wp-content\/uploads\/2025\/06\/migrante-guatemalteca-dalila-pedro-en-nueva-york-5-1024x768.jpg\" alt=\"* &quot;R\u00f3tulo en N.G.M. que dice Yo amo N.G.M. en medio de la naturaleza en una v\u00eda rural.&quot;.\" \/><figcaption class=\"elementor-image-carousel-caption\">* \"Cartel de bienvenida en N.G.M. que expresa amor y orgullo en un entorno natural y pintoresco.\".<\/figcaption><\/figure><\/div><div class=\"swiper-slide\" role=\"group\" aria-roledescription=\"slide\" aria-label=\"5 de 5\"><figure class=\"swiper-slide-inner\"><img decoding=\"async\" class=\"swiper-slide-image\" src=\"https:\/\/soymigrante.com\/revista\/wp-content\/uploads\/2025\/06\/migrante-guatemalteca-dalila-pedro-en-nueva-york-6-1024x768.jpg\" alt=\"Paisaje de la entrada a Nueva Generaci\u00f3n Maya en un camino rodeado de vegetaci\u00f3n y monta\u00f1as, con cartel verde y cielo despejado.\" \/><figcaption class=\"elementor-image-carousel-caption\">Bienvenida a la comunidad Nueva Generaci\u00f3n Maya en un entorno natural de monta\u00f1a, ideal para quienes buscan cultura y naturaleza en una zona rural de M\u00e9xico.<\/figcaption><\/figure><\/div>\t\t\t<\/div>\n\t\t\t\t\t\t\t\t\t\t\t\t<div class=\"elementor-swiper-button elementor-swiper-button-prev\" role=\"button\" tabindex=\"0\">\n\t\t\t\t\t\t<i aria-hidden=\"true\" class=\"eicon-chevron-left\"><\/i>\t\t\t\t\t<\/div>\n\t\t\t\t\t<div class=\"elementor-swiper-button elementor-swiper-button-next\" role=\"button\" tabindex=\"0\">\n\t\t\t\t\t\t<i aria-hidden=\"true\" class=\"eicon-chevron-right\"><\/i>\t\t\t\t\t<\/div>\n\t\t\t\t\n\t\t\t\t\t\t\t\t\t<div class=\"swiper-pagination\"><\/div>\n\t\t\t\t\t\t\t\t\t<\/div>\n\t\t\t\t\t\t<\/div>\n\t\t\t\t\t<\/div>\n\t\t\t\t<\/div>\n\t\t<div data-particle_enable=\"false\" data-particle-mobile-disabled=\"false\" class=\"elementor-element elementor-element-5477867 e-flex e-con-boxed e-con e-parent\" data-id=\"5477867\" data-element_type=\"container\" data-e-type=\"container\">\n\t\t\t\t\t<div class=\"e-con-inner\">\n\t\t\t\t<div class=\"elementor-element elementor-element-80c8794 elementor-widget elementor-widget-google_maps\" data-id=\"80c8794\" data-element_type=\"widget\" data-e-type=\"widget\" data-widget_type=\"google_maps.default\">\n\t\t\t\t\t\t\t<div class=\"elementor-custom-embed\">\n\t\t\t<iframe loading=\"lazy\"\n\t\t\t\t\tsrc=\"https:\/\/maps.google.com\/maps?q=Nueva%20Generacion%20Maya%2C%20Barillas&#038;t=m&#038;z=10&#038;output=embed&#038;iwloc=near\"\n\t\t\t\t\ttitle=\"Nueva Generacion Maya, Barillas\"\n\t\t\t\t\taria-label=\"Nueva Generacion Maya, Barillas\"\n\t\t\t><\/iframe>\n\t\t<\/div>\n\t\t\t\t\t\t<\/div>\n\t\t\t\t\t<\/div>\n\t\t\t\t<\/div>\n\t\t<div data-particle_enable=\"false\" data-particle-mobile-disabled=\"false\" class=\"elementor-element elementor-element-3258a07 e-flex e-con-boxed e-con e-parent\" data-id=\"3258a07\" data-element_type=\"container\" data-e-type=\"container\">\n\t\t\t\t\t<div class=\"e-con-inner\">\n\t\t\t\t<div class=\"elementor-element elementor-element-a263132 elementor-widget elementor-widget-heading\" data-id=\"a263132\" data-element_type=\"widget\" data-e-type=\"widget\" data-widget_type=\"heading.default\">\n\t\t\t\t\t<h3 class=\"elementor-heading-title elementor-size-default\">Orgullo por las ra\u00edces a miles de kil\u00f3metros<\/h3>\t\t\t\t<\/div>\n\t\t\t\t\t<\/div>\n\t\t\t\t<\/div>\n\t\t<div data-particle_enable=\"false\" data-particle-mobile-disabled=\"false\" class=\"elementor-element elementor-element-55d05ee e-flex e-con-boxed e-con e-parent\" data-id=\"55d05ee\" data-element_type=\"container\" data-e-type=\"container\">\n\t\t\t\t\t<div class=\"e-con-inner\">\n\t\t\t\t<div class=\"elementor-element elementor-element-e05cdd4 elementor-widget elementor-widget-text-editor\" data-id=\"e05cdd4\" data-element_type=\"widget\" data-e-type=\"widget\" data-widget_type=\"text-editor.default\">\n\t\t\t\t\t\t\t\t\t<p>Dalila reconoce su identidad maya q\u2019anjob\u2019al como un ancla en medio del entorno multicultural de Nueva York. \u201cNunca hemos hecho el q\u2019anjob\u2019al a un lado. A\u00fan ahora, hablando espa\u00f1ol e ingl\u00e9s sigo conversando con mi familia Pedro en nuestro idioma. Me hace sentir bien, orgullosa de qui\u00e9n soy y de d\u00f3nde vengo\u201d.<\/p><p>En un video grabado en 2023 por Southampton Press, Dalila sigue exponiendo, en idioma q&#8217;anjob&#8217;al el orgullo por su identidad y la alegr\u00eda de ver su cultura valorada a\u00a0 \u00a0miles de kil\u00f3metros de su natal Barillas y su aldea Nueva Generaci\u00f3n Maya, nombre que parece describir esta nueva etapa de su vida, como una nueva generaci\u00f3n maya migrante en Estados Unidos.<\/p>\t\t\t\t\t\t\t\t<\/div>\n\t\t\t\t\t<\/div>\n\t\t\t\t<\/div>\n\t\t<div data-particle_enable=\"false\" data-particle-mobile-disabled=\"false\" class=\"elementor-element elementor-element-96c5a33 e-flex e-con-boxed e-con e-parent\" data-id=\"96c5a33\" data-element_type=\"container\" data-e-type=\"container\">\n\t\t\t\t\t<div class=\"e-con-inner\">\n\t\t\t\t<div class=\"elementor-element elementor-element-57185e5 elementor-widget elementor-widget-html\" data-id=\"57185e5\" data-element_type=\"widget\" data-e-type=\"widget\" data-widget_type=\"html.default\">\n\t\t\t\t\t<iframe title=\"vimeo-player\" src=\"https:\/\/player.vimeo.com\/video\/858708600?h=19e6ceadb2\" width=\"640\" height=\"360\" frameborder=\"0\"    allowfullscreen><\/iframe>\t\t\t\t<\/div>\n\t\t\t\t\t<\/div>\n\t\t\t\t<\/div>\n\t\t<div data-particle_enable=\"false\" data-particle-mobile-disabled=\"false\" class=\"elementor-element elementor-element-27bf955 e-flex e-con-boxed e-con e-parent\" data-id=\"27bf955\" data-element_type=\"container\" data-e-type=\"container\">\n\t\t\t\t\t<div class=\"e-con-inner\">\n\t\t\t\t<div class=\"elementor-element elementor-element-5961923 elementor-widget elementor-widget-facebook-page\" data-id=\"5961923\" data-element_type=\"widget\" data-e-type=\"widget\" data-widget_type=\"facebook-page.default\">\n\t\t\t\t\t<div class=\"elementor-facebook-widget fb-page\" data-href=\"https:\/\/www.facebook.com\/profile.php?id=100069668681931\" data-tabs=\"timeline\" data-height=\"500px\" data-width=\"500px\" data-small-header=\"false\" data-hide-cover=\"false\" data-show-facepile=\"true\" data-hide-cta=\"false\" style=\"min-height: 1px;height:500px\"><\/div>\t\t\t\t<\/div>\n\t\t\t\t\t<\/div>\n\t\t\t\t<\/div>\n\t\t<div data-particle_enable=\"false\" data-particle-mobile-disabled=\"false\" class=\"elementor-element elementor-element-1c3cfcc e-flex e-con-boxed e-con e-parent\" data-id=\"1c3cfcc\" data-element_type=\"container\" data-e-type=\"container\">\n\t\t\t\t\t<div class=\"e-con-inner\">\n\t\t\t\t<div class=\"elementor-element elementor-element-626b472 elementor-widget elementor-widget-heading\" data-id=\"626b472\" data-element_type=\"widget\" data-e-type=\"widget\" data-widget_type=\"heading.default\">\n\t\t\t\t\t<h2 class=\"elementor-heading-title elementor-size-default\">Migrantes enriquecen a EE.UU. con expresiones multiculturales<\/h2>\t\t\t\t<\/div>\n\t\t\t\t\t<\/div>\n\t\t\t\t<\/div>\n\t\t<div data-particle_enable=\"false\" data-particle-mobile-disabled=\"false\" class=\"elementor-element elementor-element-23948e9 e-flex e-con-boxed e-con e-parent\" data-id=\"23948e9\" data-element_type=\"container\" data-e-type=\"container\">\n\t\t\t\t\t<div class=\"e-con-inner\">\n\t\t\t\t<div class=\"elementor-element elementor-element-9c56880 elementor-grid-eael-col-3 elementor-grid-tablet-eael-col-2 elementor-grid-mobile-eael-col-1 elementor-invisible elementor-widget elementor-widget-eael-post-grid\" data-id=\"9c56880\" data-element_type=\"widget\" data-e-type=\"widget\" data-settings=\"{&quot;eael_post_grid_columns&quot;:&quot;eael-col-3&quot;,&quot;_animation&quot;:&quot;rollIn&quot;,&quot;eael_post_grid_columns_tablet&quot;:&quot;eael-col-2&quot;,&quot;eael_post_grid_columns_mobile&quot;:&quot;eael-col-1&quot;}\" data-widget_type=\"eael-post-grid.default\">\n\t\t\t\t\t<div id=\"eael-post-grid-9c56880\" class=\"eael-post-grid-container\">\n            <div class=\"eael-post-grid eael-post-appender eael-post-appender-9c56880 eael-post-grid-style-two\" data-layout-mode=\"masonry\"><article class=\"eael-grid-post  eael-post-grid-column eael-pg-post-9584 category-estamos-unidos\" data-id=\"9584\">\n    <div class=\"eael-grid-post-holder\">\n        <div class=\"eael-grid-post-holder-inner\"><div class=\"eael-entry-media\"><div class=\"eael-entry-overlay fade-in\"><i class=\"far fa-hand-pointer\" aria-hidden=\"true\"><\/i><a href=\"https:\/\/soymigrante.com\/revista\/emocion-nostalgia-y-creatividad-bailan-con-el-convite-guatemala-rhode-island\/\"><\/a><\/div><div class=\"eael-entry-thumbnail \">\n                            <img decoding=\"async\" width=\"1024\" height=\"1024\" src=\"https:\/\/soymigrante.com\/revista\/wp-content\/uploads\/2024\/09\/convite-guatemala-rhode-island-1024x1024.webp\" class=\"attachment-large size-large wp-image-9600\" alt=\"Vistiendo disfraces tradicionales de baile folkl\u00f3rico mexicano con colores vibrantes y accesorios llamativos en una celebraci\u00f3n cultural.\" srcset=\"https:\/\/soymigrante.com\/revista\/wp-content\/uploads\/2024\/09\/convite-guatemala-rhode-island-1024x1024.webp 1024w, https:\/\/soymigrante.com\/revista\/wp-content\/uploads\/2024\/09\/convite-guatemala-rhode-island-300x300.webp 300w, https:\/\/soymigrante.com\/revista\/wp-content\/uploads\/2024\/09\/convite-guatemala-rhode-island-150x150.webp 150w, https:\/\/soymigrante.com\/revista\/wp-content\/uploads\/2024\/09\/convite-guatemala-rhode-island-768x768.webp 768w, https:\/\/soymigrante.com\/revista\/wp-content\/uploads\/2024\/09\/convite-guatemala-rhode-island-75x75.webp 75w, https:\/\/soymigrante.com\/revista\/wp-content\/uploads\/2024\/09\/convite-guatemala-rhode-island-750x750.webp 750w, https:\/\/soymigrante.com\/revista\/wp-content\/uploads\/2024\/09\/convite-guatemala-rhode-island-1140x1140.webp 1140w, https:\/\/soymigrante.com\/revista\/wp-content\/uploads\/2024\/09\/convite-guatemala-rhode-island.webp 1536w\" sizes=\"(max-width: 1024px) 100vw, 1024px\" \/>\n                            <\/div>\n                    <\/div><div class=\"eael-entry-wrapper\"><header class=\"eael-entry-header\"><h2 class=\"eael-entry-title\"><a class=\"eael-grid-post-link\" href=\"https:\/\/soymigrante.com\/revista\/emocion-nostalgia-y-creatividad-bailan-con-el-convite-guatemala-rhode-island\/\" title=\"Emoci\u00f3n, nostalgia y creatividad bailan con el Convite Guatemala Rhode Island\">Emoci\u00f3n, nostalgia y creatividad bailan con el Convite Guatemala Rhode Island<\/a><\/h2><\/header><div class=\"eael-entry-content\">\n                                <div class=\"eael-grid-post-excerpt\"><a href=\"https:\/\/soymigrante.com\/revista\/emocion-nostalgia-y-creatividad-bailan-con-el-convite-guatemala-rhode-island\/\" class=\"eael-post-elements-readmore-btn\">CONOCE SU HISTORIA <\/a><\/div>\n                            <\/div><\/div><\/div>\n    <\/div>\n<\/article><article class=\"eael-grid-post  eael-post-grid-column eael-pg-post-3639 category-exitos\" data-id=\"3639\">\n    <div class=\"eael-grid-post-holder\">\n        <div class=\"eael-grid-post-holder-inner\"><div class=\"eael-entry-media\"><div class=\"eael-entry-overlay fade-in\"><i class=\"far fa-hand-pointer\" aria-hidden=\"true\"><\/i><a href=\"https:\/\/soymigrante.com\/revista\/migrante-awal-marimba-tradicion-guatemala-washington\/\"><\/a><\/div><div class=\"eael-entry-thumbnail \">\n                            <img loading=\"lazy\" decoding=\"async\" width=\"1024\" height=\"714\" src=\"https:\/\/soymigrante.com\/revista\/wp-content\/uploads\/2023\/12\/grupo-maya-awal-e1701797039856-1024x714.webp\" class=\"attachment-large size-large wp-image-3659\" alt=\"\" srcset=\"https:\/\/soymigrante.com\/revista\/wp-content\/uploads\/2023\/12\/grupo-maya-awal-e1701797039856-1024x714.webp 1024w, https:\/\/soymigrante.com\/revista\/wp-content\/uploads\/2023\/12\/grupo-maya-awal-e1701797039856-300x209.webp 300w, https:\/\/soymigrante.com\/revista\/wp-content\/uploads\/2023\/12\/grupo-maya-awal-e1701797039856-768x535.webp 768w, https:\/\/soymigrante.com\/revista\/wp-content\/uploads\/2023\/12\/grupo-maya-awal-e1701797039856-750x523.webp 750w, https:\/\/soymigrante.com\/revista\/wp-content\/uploads\/2023\/12\/grupo-maya-awal-e1701797039856.webp 1030w\" sizes=\"(max-width: 1024px) 100vw, 1024px\" \/>\n                            <\/div>\n                    <\/div><div class=\"eael-entry-wrapper\"><header class=\"eael-entry-header\"><h2 class=\"eael-entry-title\"><a class=\"eael-grid-post-link\" href=\"https:\/\/soymigrante.com\/revista\/migrante-awal-marimba-tradicion-guatemala-washington\/\" title=\"Familias migrantes integran una sola en Danza Awal\">Familias migrantes integran una sola en Danza Awal<\/a><\/h2><\/header><div class=\"eael-entry-content\">\n                                <div class=\"eael-grid-post-excerpt\"><a href=\"https:\/\/soymigrante.com\/revista\/migrante-awal-marimba-tradicion-guatemala-washington\/\" class=\"eael-post-elements-readmore-btn\">CONOCE SU HISTORIA <\/a><\/div>\n                            <\/div><\/div><\/div>\n    <\/div>\n<\/article><article class=\"eael-grid-post  eael-post-grid-column eael-pg-post-1694 category-exitos tags-nueva-jersey\" data-id=\"1694\">\n    <div class=\"eael-grid-post-holder\">\n        <div class=\"eael-grid-post-holder-inner\"><div class=\"eael-entry-media\"><div class=\"eael-entry-overlay fade-in\"><i class=\"far fa-hand-pointer\" aria-hidden=\"true\"><\/i><a href=\"https:\/\/soymigrante.com\/revista\/alfredo-canastuj-marimba-guatemalteca-eeuu\/\"><\/a><\/div><div class=\"eael-entry-thumbnail \">\n                            <img loading=\"lazy\" decoding=\"async\" width=\"1024\" height=\"682\" src=\"https:\/\/soymigrante.com\/revista\/wp-content\/uploads\/2023\/07\/Alfredo-portador-del-talento-1024x682.webp\" class=\"attachment-large size-large wp-image-1705\" alt=\"Alfredo portador del talento\" srcset=\"https:\/\/soymigrante.com\/revista\/wp-content\/uploads\/2023\/07\/Alfredo-portador-del-talento-1024x682.webp 1024w, https:\/\/soymigrante.com\/revista\/wp-content\/uploads\/2023\/07\/Alfredo-portador-del-talento-300x200.webp 300w, https:\/\/soymigrante.com\/revista\/wp-content\/uploads\/2023\/07\/Alfredo-portador-del-talento-768x512.webp 768w, https:\/\/soymigrante.com\/revista\/wp-content\/uploads\/2023\/07\/Alfredo-portador-del-talento-1536x1023.webp 1536w, https:\/\/soymigrante.com\/revista\/wp-content\/uploads\/2023\/07\/Alfredo-portador-del-talento-750x500.webp 750w, https:\/\/soymigrante.com\/revista\/wp-content\/uploads\/2023\/07\/Alfredo-portador-del-talento-1140x760.webp 1140w, https:\/\/soymigrante.com\/revista\/wp-content\/uploads\/2023\/07\/Alfredo-portador-del-talento-600x400.webp 600w, https:\/\/soymigrante.com\/revista\/wp-content\/uploads\/2023\/07\/Alfredo-portador-del-talento.webp 1600w\" sizes=\"(max-width: 1024px) 100vw, 1024px\" \/>\n                            <\/div>\n                    <\/div><div class=\"eael-entry-wrapper\"><header class=\"eael-entry-header\"><h2 class=\"eael-entry-title\"><a class=\"eael-grid-post-link\" href=\"https:\/\/soymigrante.com\/revista\/alfredo-canastuj-marimba-guatemalteca-eeuu\/\" title=\"Rey K&#8217;ich\u00e9 migrante hace vibrar la marimba en Estados Unidos\">Rey K&#8217;ich\u00e9 migrante hace vibrar la marimba en Estados Unidos<\/a><\/h2><\/header><div class=\"eael-entry-content\">\n                                <div class=\"eael-grid-post-excerpt\"><a href=\"https:\/\/soymigrante.com\/revista\/alfredo-canastuj-marimba-guatemalteca-eeuu\/\" class=\"eael-post-elements-readmore-btn\">CONOCE SU HISTORIA <\/a><\/div>\n                            <\/div><\/div><\/div>\n    <\/div>\n<\/article><\/div>\n            <div class=\"clearfix\"><\/div>\n        <\/div>\t\t\t\t<\/div>\n\t\t\t\t\t<\/div>\n\t\t\t\t<\/div>\n\t\t\t\t<\/div>\n\t\t","protected":false},"excerpt":{"rendered":"<p>&#8220;Si Dios me trajo aqu\u00ed, \u00e9l sabr\u00e1 cu\u00e1nto tiempo me tendr\u00e1&#8221;, dice Dalila Pedro, migrante guatemalteca maya q&#8217;anjob&#8217;al en Southampton, Nueva York. Labora como cajera de una helader\u00eda, pero ha descubierto su gran pasi\u00f3n: el arte. Desde la aldea Nueva Generaci\u00f3n Maya, en Barillas, Huehuetenango, hasta las calles de Nueva York, la historia de Bilma [&hellip;]<\/p>\n","protected":false},"author":7,"featured_media":37513,"comment_status":"open","ping_status":"open","sticky":false,"template":"","format":"standard","meta":{"_acf_changed":false,"_eb_attr":"","footnotes":""},"categories":[50,274],"tags":[],"class_list":["post-37480","post","type-post","status-publish","format-standard","has-post-thumbnail","hentry","category-exitos","category-guatemala"],"acf":[],"aioseo_notices":[],"aioseo_head":"\n\t\t<!-- All in One SEO Pro 4.9.6.2 - aioseo.com -->\n\t<meta name=\"description\" content=\"Alfredo Canastuj, originario de Barranech\u00e9, toca la marimba en EE.UU., uniendo a guatemaltecos y conquistando corazones estadounidenses con su m\u00fasica.\" \/>\n\t<meta name=\"robots\" content=\"max-snippet:-1, max-image-preview:large, max-video-preview:-1\" \/>\n\t<meta name=\"author\" content=\"Diana Batz\"\/>\n\t<link rel=\"canonical\" href=\"https:\/\/soymigrante.com\/revista\/alfredo-canastuj-marimba-guatemalteca-eeuu\/\" \/>\n\t<meta name=\"generator\" content=\"All in One SEO Pro (AIOSEO) 4.9.6.2\" \/>\n\n\t\t<link rel=\"preconnect\" href=\"https:\/\/fonts.googleapis.com\" crossorigin>\n<link rel=\"preconnect\" href=\"https:\/\/fonts.gstatic.com\" crossorigin>\n\t\t<meta property=\"og:locale\" content=\"es_ES\" \/>\n\t\t<meta property=\"og:site_name\" content=\"SoyMigrante.com REVISTA \u2013 Nuestra misi\u00f3n es reconocer y dignificar al migrante.\" \/>\n\t\t<meta property=\"og:type\" content=\"article\" \/>\n\t\t<meta property=\"og:title\" content=\"Rey K\u2019ich\u00e9 migrante hace vibrar la marimba en Estados Unidos\" \/>\n\t\t<meta property=\"og:description\" content=\"Alfredo Canastuj, originario de Barranech\u00e9, toca la marimba en EE.UU., uniendo a guatemaltecos y conquistando corazones estadounidenses con su m\u00fasica.\" \/>\n\t\t<meta property=\"og:url\" content=\"https:\/\/soymigrante.com\/revista\/alfredo-canastuj-marimba-guatemalteca-eeuu\/\" \/>\n\t\t<meta property=\"og:image\" content=\"https:\/\/soymigrante.com\/revista\/wp-content\/uploads\/2023\/07\/Alfredo-portador-del-talento.webp\" \/>\n\t\t<meta property=\"og:image:secure_url\" content=\"https:\/\/soymigrante.com\/revista\/wp-content\/uploads\/2023\/07\/Alfredo-portador-del-talento.webp\" \/>\n\t\t<meta property=\"og:image:width\" content=\"1600\" \/>\n\t\t<meta property=\"og:image:height\" content=\"1066\" \/>\n\t\t<meta property=\"article:published_time\" content=\"2023-07-04T15:52:19+00:00\" \/>\n\t\t<meta property=\"article:modified_time\" content=\"2026-03-11T22:44:15+00:00\" \/>\n\t\t<meta property=\"article:publisher\" content=\"https:\/\/www.facebook.com\/soymigrantecom\" \/>\n\t\t<meta name=\"twitter:card\" content=\"summary_large_image\" \/>\n\t\t<meta name=\"twitter:site\" content=\"@SoyMigrante_com\" \/>\n\t\t<meta name=\"twitter:title\" content=\"Rey K\u2019ich\u00e9 migrante hace vibrar la marimba en Estados Unidos\" \/>\n\t\t<meta name=\"twitter:description\" content=\"Alfredo Canastuj, originario de Barranech\u00e9, toca la marimba en EE.UU., uniendo a guatemaltecos y conquistando corazones estadounidenses con su m\u00fasica.\" \/>\n\t\t<meta name=\"twitter:creator\" content=\"@SoyMigrante_com\" \/>\n\t\t<meta name=\"twitter:image\" content=\"https:\/\/soymigrante.com\/revista\/wp-content\/uploads\/2023\/07\/Alfredo-portador-del-talento.webp\" \/>\n\t\t<!-- All in One SEO Pro -->\r\n\t\t<title>Rey K\u2019ich\u00e9 migrante hace vibrar la marimba en Estados Unidos<\/title>\n\n","aioseo_head_json":{"title":"Rey K\u2019ich\u00e9 migrante hace vibrar la marimba en Estados Unidos","description":"Alfredo Canastuj, originario de Barranech\u00e9, toca la marimba en EE.UU., uniendo a guatemaltecos y conquistando corazones estadounidenses con su m\u00fasica.","canonical_url":"https:\/\/soymigrante.com\/revista\/alfredo-canastuj-marimba-guatemalteca-eeuu\/","robots":"max-snippet:-1, max-image-preview:large, max-video-preview:-1","keywords":"","webmasterTools":{"miscellaneous":"&lt;link rel=\"preconnect\" href=\"https:\/\/fonts.googleapis.com\" crossorigin&gt;\n&lt;link rel=\"preconnect\" href=\"https:\/\/fonts.gstatic.com\" crossorigin&gt;"},"schema":null,"og:locale":"es_ES","og:site_name":"SoyMigrante.com REVISTA \u2013 Nuestra misi\u00f3n es reconocer y dignificar al migrante.","og:type":"article","og:title":"Rey K\u2019ich\u00e9 migrante hace vibrar la marimba en Estados Unidos","og:description":"Alfredo Canastuj, originario de Barranech\u00e9, toca la marimba en EE.UU., uniendo a guatemaltecos y conquistando corazones estadounidenses con su m\u00fasica.","og:url":"https:\/\/soymigrante.com\/revista\/alfredo-canastuj-marimba-guatemalteca-eeuu\/","og:image":"https:\/\/soymigrante.com\/revista\/wp-content\/uploads\/2023\/07\/Alfredo-portador-del-talento.webp","og:image:secure_url":"https:\/\/soymigrante.com\/revista\/wp-content\/uploads\/2023\/07\/Alfredo-portador-del-talento.webp","og:image:width":1600,"og:image:height":1066,"article:published_time":"2023-07-04T15:52:19+00:00","article:modified_time":"2026-03-11T22:44:15+00:00","article:publisher":"https:\/\/www.facebook.com\/soymigrantecom","twitter:card":"summary_large_image","twitter:site":"@SoyMigrante_com","twitter:title":"Rey K\u2019ich\u00e9 migrante hace vibrar la marimba en Estados Unidos","twitter:description":"Alfredo Canastuj, originario de Barranech\u00e9, toca la marimba en EE.UU., uniendo a guatemaltecos y conquistando corazones estadounidenses con su m\u00fasica.","twitter:creator":"@SoyMigrante_com","twitter:image":"https:\/\/soymigrante.com\/revista\/wp-content\/uploads\/2023\/07\/Alfredo-portador-del-talento.webp"},"aioseo_meta_data":{"post_id":"37480","title":"Migrante Dalila Pedro: de Nueva Generaci\u00f3n Maya a Nueva York","description":"Bilma Dalila Pedro, q'anjob'al, de Barillas, Huehuetenango, tiene dos trabajos: ni\u00f1era y cajera en NY. Pero al estudiar ingl\u00e9s hall\u00f3 su gran pas\u00ed\u00f3n: la pintura.","keywords":null,"keyphrases":{"focus":{"keyphrase":"Migrante","score":74,"analysis":{"keyphraseInTitle":{"score":9,"maxScore":9,"error":0},"keyphraseInDescription":{"score":3,"maxScore":9,"error":1},"keyphraseLength":{"score":9,"maxScore":9,"error":0,"length":1},"keyphraseInURL":{"score":5,"maxScore":5,"error":0},"keyphraseInIntroduction":{"score":3,"maxScore":9,"error":1},"keyphraseInSubHeadings":{"score":3,"maxScore":9,"error":1},"keyphraseInImageAlt":{"score":9,"maxScore":9,"error":0},"keywordDensity":{"type":"best","score":9,"maxScore":9,"error":0}}},"additional":[{"keyphrase":"guatemalteca","score":53,"analysis":{"keyphraseInDescription":{"score":3,"maxScore":9,"error":1},"keyphraseLength":{"score":9,"maxScore":9,"error":0,"length":1},"keyphraseInIntroduction":{"score":3,"maxScore":9,"error":1},"keyphraseInImageAlt":{"score":9,"maxScore":9,"error":0},"keywordDensity":{"score":0,"type":"low","maxScore":9,"error":1}}},{"keyphrase":"maya","score":87,"analysis":{"keyphraseInDescription":{"score":3,"maxScore":9,"error":1},"keyphraseLength":{"score":9,"maxScore":9,"error":0,"length":1},"keyphraseInIntroduction":{"score":9,"maxScore":9,"error":0},"keyphraseInImageAlt":{"score":9,"maxScore":9,"error":0},"keywordDensity":{"type":"best","score":9,"maxScore":9,"error":0}}},{"keyphrase":"Guatemala","score":53,"analysis":{"keyphraseInDescription":{"score":3,"maxScore":9,"error":1},"keyphraseLength":{"score":9,"maxScore":9,"error":0,"length":1},"keyphraseInIntroduction":{"score":3,"maxScore":9,"error":1},"keyphraseInImageAlt":{"score":9,"maxScore":9,"error":0},"keywordDensity":{"score":0,"type":"low","maxScore":9,"error":1}}}]},"primary_term":null,"canonical_url":null,"og_title":null,"og_description":null,"og_object_type":"default","og_image_type":"default","og_image_url":null,"og_image_width":null,"og_image_height":null,"og_image_custom_url":null,"og_image_custom_fields":null,"og_video":"","og_custom_url":null,"og_article_section":null,"og_article_tags":null,"twitter_use_og":false,"twitter_card":"default","twitter_image_type":"default","twitter_image_url":null,"twitter_image_custom_url":null,"twitter_image_custom_fields":null,"twitter_title":null,"twitter_description":null,"schema":{"blockGraphs":[],"customGraphs":[],"default":{"data":{"Article":[],"Course":[],"Dataset":[],"FAQPage":[],"Movie":[],"Person":[],"Product":[],"ProductReview":[],"Car":[],"Recipe":[],"Service":[],"SoftwareApplication":[],"WebPage":[]},"graphName":"none","isEnabled":true},"graphs":[]},"schema_type":"default","schema_type_options":null,"pillar_content":false,"robots_default":true,"robots_noindex":false,"robots_noarchive":false,"robots_nosnippet":false,"robots_nofollow":false,"robots_noimageindex":false,"robots_noodp":false,"robots_notranslate":false,"robots_max_snippet":"-1","robots_max_videopreview":"-1","robots_max_imagepreview":"large","priority":null,"frequency":"default","local_seo":null,"seo_analyzer_scan_date":"2025-10-09 06:07:18","breadcrumb_settings":null,"limit_modified_date":false,"reviewed_by":"0","open_ai":"{\"title\":{\"suggestions\":[],\"usage\":0},\"description\":{\"suggestions\":[],\"usage\":0}}","ai":null,"created":"2025-06-23 16:02:12","updated":"2026-02-05 01:17:21"},"aioseo_breadcrumb":"<div class=\"aioseo-breadcrumbs\"><span class=\"aioseo-breadcrumb\">\n\t<a href=\"https:\/\/soymigrante.com\/revista\" title=\"Home\">Home<\/a>\n<\/span><span class=\"aioseo-breadcrumb-separator\">\u00bb<\/span><span class=\"aioseo-breadcrumb\">\n\t<a href=\"https:\/\/soymigrante.com\/revista\/category\/exitos\/\" title=\"\u00c9xitos\">\u00c9xitos<\/a>\n<\/span><span class=\"aioseo-breadcrumb-separator\">\u00bb<\/span><span class=\"aioseo-breadcrumb\">\n\t<a href=\"https:\/\/soymigrante.com\/revista\/category\/exitos\/guatemala\/\" title=\"Guatemala\">Guatemala<\/a>\n<\/span><span class=\"aioseo-breadcrumb-separator\">\u00bb<\/span><span class=\"aioseo-breadcrumb\">\n\tMigrante Bilma Dalila Pedro: desde Nueva Generaci\u00f3n Maya a Nueva York\n<\/span><\/div>","aioseo_breadcrumb_json":[{"label":"Home","link":"https:\/\/soymigrante.com\/revista"},{"label":"\u00c9xitos","link":"https:\/\/soymigrante.com\/revista\/category\/exitos\/"},{"label":"Guatemala","link":"https:\/\/soymigrante.com\/revista\/category\/exitos\/guatemala\/"},{"label":"Migrante Bilma Dalila Pedro: desde Nueva Generaci\u00f3n Maya a Nueva York","link":"https:\/\/soymigrante.com\/revista\/migrante-bilma-dalila-pedro-desde-nueva-generacion-maya-a-nueva-york\/"}],"_links":{"self":[{"href":"https:\/\/soymigrante.com\/revista\/wp-json\/wp\/v2\/posts\/37480","targetHints":{"allow":["GET"]}}],"collection":[{"href":"https:\/\/soymigrante.com\/revista\/wp-json\/wp\/v2\/posts"}],"about":[{"href":"https:\/\/soymigrante.com\/revista\/wp-json\/wp\/v2\/types\/post"}],"author":[{"embeddable":true,"href":"https:\/\/soymigrante.com\/revista\/wp-json\/wp\/v2\/users\/7"}],"replies":[{"embeddable":true,"href":"https:\/\/soymigrante.com\/revista\/wp-json\/wp\/v2\/comments?post=37480"}],"version-history":[{"count":27,"href":"https:\/\/soymigrante.com\/revista\/wp-json\/wp\/v2\/posts\/37480\/revisions"}],"predecessor-version":[{"id":46675,"href":"https:\/\/soymigrante.com\/revista\/wp-json\/wp\/v2\/posts\/37480\/revisions\/46675"}],"wp:featuredmedia":[{"embeddable":true,"href":"https:\/\/soymigrante.com\/revista\/wp-json\/wp\/v2\/media\/37513"}],"wp:attachment":[{"href":"https:\/\/soymigrante.com\/revista\/wp-json\/wp\/v2\/media?parent=37480"}],"wp:term":[{"taxonomy":"category","embeddable":true,"href":"https:\/\/soymigrante.com\/revista\/wp-json\/wp\/v2\/categories?post=37480"},{"taxonomy":"post_tag","embeddable":true,"href":"https:\/\/soymigrante.com\/revista\/wp-json\/wp\/v2\/tags?post=37480"}],"curies":[{"name":"wp","href":"https:\/\/api.w.org\/{rel}","templated":true}]}}