{"id":3738,"date":"2023-12-08T13:26:11","date_gmt":"2023-12-08T19:26:11","guid":{"rendered":"https:\/\/soymigrante.com\/revista\/?p=3738"},"modified":"2024-11-30T13:28:52","modified_gmt":"2024-11-30T19:28:52","slug":"tradiciones-de-fin-de-ano-encienden-la-nostalgia-migrante","status":"publish","type":"post","link":"https:\/\/soymigrante.com\/revista\/tradiciones-de-fin-de-ano-encienden-la-nostalgia-migrante\/","title":{"rendered":"Tradiciones y recuerdos de diciembre en Guatemala encienden nostalgia migrante"},"content":{"rendered":"\t\t<div data-elementor-type=\"wp-post\" data-elementor-id=\"3738\" class=\"elementor elementor-3738\" data-elementor-post-type=\"post\">\n\t\t\t\t\t\t<section data-particle_enable=\"false\" data-particle-mobile-disabled=\"false\" class=\"elementor-section elementor-top-section elementor-element elementor-element-c19941c elementor-section-boxed elementor-section-height-default elementor-section-height-default\" data-id=\"c19941c\" data-element_type=\"section\" data-e-type=\"section\">\n\t\t\t\t\t\t<div class=\"elementor-container elementor-column-gap-default\">\n\t\t\t\t\t<div class=\"elementor-column elementor-col-100 elementor-top-column elementor-element elementor-element-8bdc5af\" data-id=\"8bdc5af\" data-element_type=\"column\" data-e-type=\"column\">\n\t\t\t<div class=\"elementor-widget-wrap elementor-element-populated\">\n\t\t\t\t\t\t<div class=\"elementor-element elementor-element-ab6f5c8 elementor-widget elementor-widget-heading\" data-id=\"ab6f5c8\" data-element_type=\"widget\" data-e-type=\"widget\" data-widget_type=\"heading.default\">\n\t\t\t\t\t<h1 class=\"elementor-heading-title elementor-size-default\">Son sonidos y recuerdos atesorados en la memoria y el coraz\u00f3n; vivencias de pueblo y barrio, sonrisas con familia y amigos. Estas son algunas tradiciones decembrinas que migrantes guatemaltecos llevan en el alma.<\/h1>\t\t\t\t<\/div>\n\t\t\t\t\t<\/div>\n\t\t<\/div>\n\t\t\t\t\t<\/div>\n\t\t<\/section>\n\t\t\t\t<section data-particle_enable=\"false\" data-particle-mobile-disabled=\"false\" class=\"elementor-section elementor-top-section elementor-element elementor-element-d28f1fa elementor-section-boxed elementor-section-height-default elementor-section-height-default\" data-id=\"d28f1fa\" data-element_type=\"section\" data-e-type=\"section\">\n\t\t\t\t\t\t<div class=\"elementor-container elementor-column-gap-default\">\n\t\t\t\t\t<div class=\"elementor-column elementor-col-100 elementor-top-column elementor-element elementor-element-5c646b0\" data-id=\"5c646b0\" data-element_type=\"column\" data-e-type=\"column\">\n\t\t\t<div class=\"elementor-widget-wrap elementor-element-populated\">\n\t\t\t\t\t\t<div class=\"elementor-element elementor-element-174b8e5 elementor-widget elementor-widget-video\" data-id=\"174b8e5\" data-element_type=\"widget\" data-e-type=\"widget\" data-settings=\"{&quot;video_type&quot;:&quot;hosted&quot;,&quot;controls&quot;:&quot;yes&quot;}\" data-widget_type=\"video.default\">\n\t\t\t\t\t\t\t<div class=\"e-hosted-video elementor-wrapper elementor-open-inline\">\n\t\t\t\t\t<video class=\"elementor-video\" src=\"https:\/\/soymigrante.com\/revista\/wp-content\/uploads\/2023\/12\/407594541_24310078031940408_9198886233661007267_n.mp4\" controls=\"\" preload=\"metadata\" controlsList=\"nodownload\"><\/video>\n\t\t\t\t<\/div>\n\t\t\t\t\t\t<\/div>\n\t\t\t\t\t<\/div>\n\t\t<\/div>\n\t\t\t\t\t<\/div>\n\t\t<\/section>\n\t\t\t\t<section data-particle_enable=\"false\" data-particle-mobile-disabled=\"false\" class=\"elementor-section elementor-top-section elementor-element elementor-element-c745169 elementor-section-boxed elementor-section-height-default elementor-section-height-default\" data-id=\"c745169\" data-element_type=\"section\" data-e-type=\"section\">\n\t\t\t\t\t\t<div class=\"elementor-container elementor-column-gap-default\">\n\t\t\t\t\t<div class=\"elementor-column elementor-col-100 elementor-top-column elementor-element elementor-element-534b610\" data-id=\"534b610\" data-element_type=\"column\" data-e-type=\"column\">\n\t\t\t<div class=\"elementor-widget-wrap elementor-element-populated\">\n\t\t\t\t\t\t<div class=\"elementor-element elementor-element-715d9bb elementor-widget elementor-widget-text-editor\" data-id=\"715d9bb\" data-element_type=\"widget\" data-e-type=\"widget\" data-widget_type=\"text-editor.default\">\n\t\t\t\t\t\t\t\t\t<p style=\"text-align: center;\">Fogarones 2023 en la colonia Jocotales, Chinautla, cerca del mercado y la parada de buses. Video cortes\u00eda de Juan Marcos Morales.<\/p>\t\t\t\t\t\t\t\t<\/div>\n\t\t\t\t\t<\/div>\n\t\t<\/div>\n\t\t\t\t\t<\/div>\n\t\t<\/section>\n\t\t\t\t<section data-particle_enable=\"false\" data-particle-mobile-disabled=\"false\" class=\"elementor-section elementor-top-section elementor-element elementor-element-9548d88 elementor-section-boxed elementor-section-height-default elementor-section-height-default\" data-id=\"9548d88\" data-element_type=\"section\" data-e-type=\"section\">\n\t\t\t\t\t\t<div class=\"elementor-container elementor-column-gap-default\">\n\t\t\t\t\t<div class=\"elementor-column elementor-col-100 elementor-top-column elementor-element elementor-element-7a4105e\" data-id=\"7a4105e\" data-element_type=\"column\" data-e-type=\"column\">\n\t\t\t<div class=\"elementor-widget-wrap elementor-element-populated\">\n\t\t\t\t\t\t<div class=\"elementor-element elementor-element-477e062 elementor-widget elementor-widget-heading\" data-id=\"477e062\" data-element_type=\"widget\" data-e-type=\"widget\" data-widget_type=\"heading.default\">\n\t\t\t\t\t<h2 class=\"elementor-heading-title elementor-size-default\">Los fogarones y la quema del diablo<\/h2>\t\t\t\t<\/div>\n\t\t\t\t\t<\/div>\n\t\t<\/div>\n\t\t\t\t\t<\/div>\n\t\t<\/section>\n\t\t\t\t<section data-particle_enable=\"false\" data-particle-mobile-disabled=\"false\" class=\"elementor-section elementor-top-section elementor-element elementor-element-c09e231 elementor-section-boxed elementor-section-height-default elementor-section-height-default\" data-id=\"c09e231\" data-element_type=\"section\" data-e-type=\"section\">\n\t\t\t\t\t\t<div class=\"elementor-container elementor-column-gap-default\">\n\t\t\t\t\t<div class=\"elementor-column elementor-col-100 elementor-top-column elementor-element elementor-element-e18ad78\" data-id=\"e18ad78\" data-element_type=\"column\" data-e-type=\"column\">\n\t\t\t<div class=\"elementor-widget-wrap elementor-element-populated\">\n\t\t\t\t\t\t<div class=\"elementor-element elementor-element-6742f25 elementor-widget elementor-widget-text-editor\" data-id=\"6742f25\" data-element_type=\"widget\" data-e-type=\"widget\" data-widget_type=\"text-editor.default\">\n\t\t\t\t\t\t\t\t\t<p>A las 6 de la tarde, despues de ansiosa espera (sobre todo de los ni\u00f1os), se encienten fogarones, que anta\u00f1o pod\u00edan llegar a ser enormes. Claro, hoy existen cuestionamientos y consideraciones de orden ambiental y de salud.\u00a0<\/p><p>Anta\u00f1o lo que m\u00e1s preocupaba estaba en las advertencias de los padres: &#8220;No te vay\u00e1s a quemar&#8221;, &#8220;Cuidado con los cohetes&#8221;, &#8220;No se est\u00e9n lanzando silbadores&#8221;: otro juego pirot\u00e9cnico hoy prohibido por su peligrosidad y porque su vuelo descontrolado causaba m\u00e1s de un incendio en ese d\u00eda.\u00a0<\/p><p>El origen de este evento era una \u00e9poca en la que no exist\u00eda iluminaci\u00f3n p\u00fablica ni electricidad, pero hab\u00eda que iluminar el paso del rezado de la Virgen de Concepci\u00f3n, cuya fiesta se celebra el 8 de diciembre. As\u00ed que con puro fuego se encend\u00eda el camino y de paso se ahuyentaba al diablo. Por si no fuera poco el humo de la basura quemada, las abuelitas, a esa hora, esparc\u00edan humo de incienso por la casa, para ahuyentar los malos esp\u00edritus.<\/p><p>Encender un fuego en la calle en cualquier ciudad de Estados Unidos es simplemente impensable. En localidades de Guatemala se efect\u00faan quemas de pi\u00f1atas de diablo gigantes y de personajes impopulares, pero tambi\u00e9n hay casas donde todav\u00eda basta una peque\u00f1a caja con papeles viejos.<\/p>\t\t\t\t\t\t\t\t<\/div>\n\t\t\t\t\t<\/div>\n\t\t<\/div>\n\t\t\t\t\t<\/div>\n\t\t<\/section>\n\t\t\t\t<section data-particle_enable=\"false\" data-particle-mobile-disabled=\"false\" class=\"elementor-section elementor-top-section elementor-element elementor-element-56be817 elementor-section-boxed elementor-section-height-default elementor-section-height-default\" data-id=\"56be817\" data-element_type=\"section\" data-e-type=\"section\">\n\t\t\t\t\t\t<div class=\"elementor-container elementor-column-gap-default\">\n\t\t\t\t\t<div class=\"elementor-column elementor-col-100 elementor-top-column elementor-element elementor-element-8678589\" data-id=\"8678589\" data-element_type=\"column\" data-e-type=\"column\">\n\t\t\t<div class=\"elementor-widget-wrap elementor-element-populated\">\n\t\t\t\t\t\t<div class=\"elementor-element elementor-element-3e63eec elementor-widget elementor-widget-heading\" data-id=\"3e63eec\" data-element_type=\"widget\" data-e-type=\"widget\" data-widget_type=\"heading.default\">\n\t\t\t\t\t<h2 class=\"elementor-heading-title elementor-size-default\">El rezado de la Inmaculada Virgen de Concepci\u00f3n, con todo y \"torito\" <\/h2>\t\t\t\t<\/div>\n\t\t\t\t\t<\/div>\n\t\t<\/div>\n\t\t\t\t\t<\/div>\n\t\t<\/section>\n\t\t\t\t<section data-particle_enable=\"false\" data-particle-mobile-disabled=\"false\" class=\"elementor-section elementor-top-section elementor-element elementor-element-3455945 elementor-section-boxed elementor-section-height-default elementor-section-height-default\" data-id=\"3455945\" data-element_type=\"section\" data-e-type=\"section\">\n\t\t\t\t\t\t<div class=\"elementor-container elementor-column-gap-default\">\n\t\t\t\t\t<div class=\"elementor-column elementor-col-100 elementor-top-column elementor-element elementor-element-01aaf86\" data-id=\"01aaf86\" data-element_type=\"column\" data-e-type=\"column\">\n\t\t\t<div class=\"elementor-widget-wrap elementor-element-populated\">\n\t\t\t\t\t\t<div class=\"elementor-element elementor-element-ffcfbb4 elementor-widget elementor-widget-video\" data-id=\"ffcfbb4\" data-element_type=\"widget\" data-e-type=\"widget\" data-settings=\"{&quot;youtube_url&quot;:&quot;https:\\\/\\\/www.youtube.com\\\/watch?v=Wn4DVUAKtD0&quot;,&quot;start&quot;:225,&quot;video_type&quot;:&quot;youtube&quot;,&quot;controls&quot;:&quot;yes&quot;}\" data-widget_type=\"video.default\">\n\t\t\t\t\t\t\t<div class=\"elementor-wrapper elementor-open-inline\">\n\t\t\t<div class=\"elementor-video\"><\/div>\t\t<\/div>\n\t\t\t\t\t\t<\/div>\n\t\t\t\t\t<\/div>\n\t\t<\/div>\n\t\t\t\t\t<\/div>\n\t\t<\/section>\n\t\t\t\t<section data-particle_enable=\"false\" data-particle-mobile-disabled=\"false\" class=\"elementor-section elementor-top-section elementor-element elementor-element-0b245c0 elementor-section-boxed elementor-section-height-default elementor-section-height-default\" data-id=\"0b245c0\" data-element_type=\"section\" data-e-type=\"section\">\n\t\t\t\t\t\t<div class=\"elementor-container elementor-column-gap-default\">\n\t\t\t\t\t<div class=\"elementor-column elementor-col-100 elementor-top-column elementor-element elementor-element-091bae7\" data-id=\"091bae7\" data-element_type=\"column\" data-e-type=\"column\">\n\t\t\t<div class=\"elementor-widget-wrap elementor-element-populated\">\n\t\t\t\t\t\t<div class=\"elementor-element elementor-element-c31d4c9 elementor-widget elementor-widget-text-editor\" data-id=\"c31d4c9\" data-element_type=\"widget\" data-e-type=\"widget\" data-widget_type=\"text-editor.default\">\n\t\t\t\t\t\t\t\t\t<p>El dogma de la Inmaculada Concepci\u00f3n de la Virgen Mar\u00eda fue declarado el 8 de diciembre de 1854 por el papa P\u00edo IX, pero la celebraci\u00f3n popular de dicho misterio de Fe pr\u00e1cticamente acompa\u00f1a a la Iglesia Cat\u00f3lica desde sus or\u00edgenes. La madre de Cristo deb\u00eda ser pur\u00edsima y por eso fue preservada del pecado original desde el momento mismo de su concepci\u00f3n.<\/p><p>La devoci\u00f3n a la Virgen de Concepci\u00f3n lleg\u00f3 a\u00a0 Am\u00e9rica gracias, sobre todo, a los frailes franciscanos, que la tienen como patrona. Es un festejo de vida, de esperanza y de alegr\u00eda popular. Por ello, nueve meses despu\u00e9s se festeja la Natividad de Mar\u00eda, el 8 de septiembre.<\/p><p>Las procesiones de la Virgen de Concepci\u00f3n, en pueblos, barrios, ciudades de Guatemala son siempre festivas. Acompa\u00f1a la banda con marchas cl\u00e1sicas o versiones de sones populares como La Sanjuanerita, Maricumbia o El Grito. Quema de ametralladoras, bombas a\u00e9reas y vistosos &#8220;toritos&#8221; acompa\u00f1an a las sagradas im\u00e1genes en su camino, pero sobre todo al final de su recorridoi.<\/p>\t\t\t\t\t\t\t\t<\/div>\n\t\t\t\t\t<\/div>\n\t\t<\/div>\n\t\t\t\t\t<\/div>\n\t\t<\/section>\n\t\t\t\t<section data-particle_enable=\"false\" data-particle-mobile-disabled=\"false\" class=\"elementor-section elementor-top-section elementor-element elementor-element-98021dd elementor-section-boxed elementor-section-height-default elementor-section-height-default\" data-id=\"98021dd\" data-element_type=\"section\" data-e-type=\"section\">\n\t\t\t\t\t\t<div class=\"elementor-container elementor-column-gap-default\">\n\t\t\t\t\t<div class=\"elementor-column elementor-col-100 elementor-top-column elementor-element elementor-element-a09bf5b\" data-id=\"a09bf5b\" data-element_type=\"column\" data-e-type=\"column\">\n\t\t\t<div class=\"elementor-widget-wrap elementor-element-populated\">\n\t\t\t\t\t\t<div class=\"elementor-element elementor-element-37c8261 elementor-widget elementor-widget-heading\" data-id=\"37c8261\" data-element_type=\"widget\" data-e-type=\"widget\" data-widget_type=\"heading.default\">\n\t\t\t\t\t<h2 class=\"elementor-heading-title elementor-size-default\"><a href=\"https:\/\/www.youtube.com\/watch?v=8kGIpjOZaeY\">Fiesta de la Virgen de Guadalupe<\/a><\/h2>\t\t\t\t<\/div>\n\t\t\t\t\t<\/div>\n\t\t<\/div>\n\t\t\t\t\t<\/div>\n\t\t<\/section>\n\t\t\t\t<section data-particle_enable=\"false\" data-particle-mobile-disabled=\"false\" class=\"elementor-section elementor-top-section elementor-element elementor-element-a15b3a8 elementor-section-boxed elementor-section-height-default elementor-section-height-default\" data-id=\"a15b3a8\" data-element_type=\"section\" data-e-type=\"section\">\n\t\t\t\t\t\t<div class=\"elementor-container elementor-column-gap-default\">\n\t\t\t\t\t<div class=\"elementor-column elementor-col-100 elementor-top-column elementor-element elementor-element-e353fb7\" data-id=\"e353fb7\" data-element_type=\"column\" data-e-type=\"column\">\n\t\t\t<div class=\"elementor-widget-wrap elementor-element-populated\">\n\t\t\t\t\t\t<div class=\"elementor-element elementor-element-0b359da elementor-widget elementor-widget-video\" data-id=\"0b359da\" data-element_type=\"widget\" data-e-type=\"widget\" data-settings=\"{&quot;youtube_url&quot;:&quot;https:\\\/\\\/www.youtube.com\\\/watch?v=8kGIpjOZaeY&quot;,&quot;start&quot;:476,&quot;video_type&quot;:&quot;youtube&quot;,&quot;controls&quot;:&quot;yes&quot;}\" data-widget_type=\"video.default\">\n\t\t\t\t\t\t\t<div class=\"elementor-wrapper elementor-open-inline\">\n\t\t\t<div class=\"elementor-video\"><\/div>\t\t<\/div>\n\t\t\t\t\t\t<\/div>\n\t\t\t\t\t<\/div>\n\t\t<\/div>\n\t\t\t\t\t<\/div>\n\t\t<\/section>\n\t\t\t\t<section data-particle_enable=\"false\" data-particle-mobile-disabled=\"false\" class=\"elementor-section elementor-top-section elementor-element elementor-element-fbdb85f elementor-section-boxed elementor-section-height-default elementor-section-height-default\" data-id=\"fbdb85f\" data-element_type=\"section\" data-e-type=\"section\">\n\t\t\t\t\t\t<div class=\"elementor-container elementor-column-gap-default\">\n\t\t\t\t\t<div class=\"elementor-column elementor-col-100 elementor-top-column elementor-element elementor-element-66749e2\" data-id=\"66749e2\" data-element_type=\"column\" data-e-type=\"column\">\n\t\t\t<div class=\"elementor-widget-wrap elementor-element-populated\">\n\t\t\t\t\t\t<div class=\"elementor-element elementor-element-3a3f3a0 elementor-widget elementor-widget-text-editor\" data-id=\"3a3f3a0\" data-element_type=\"widget\" data-e-type=\"widget\" data-widget_type=\"text-editor.default\">\n\t\t\t\t\t\t\t\t\t<p>Es un festejo religioso que integra identidades y manifiesta la multiculturalidad guatemalteca: miles de ni\u00f1os son ataviados con indumentarias de etnias mayas para acudir a venerar a la Virgen de Guadalupe, aparecida en 1531 al ind\u00edgena mexicano San Juan Diego.<\/p><p>El Santuario de Guadalupe de la zona 1 es el n\u00facleo de este festejo; sin embargo en parroquias y templos de todo el pa\u00eds, los padres acuden con ni\u00f1os y ni\u00f1as para pedir bendici\u00f3n y orar por su futuro. Tambi\u00e9n suele haber una procesi\u00f3n festiva, acompa\u00f1ada de vendedores de antojitos t\u00edpicos, juguetes artesanales y tambores. Los puestos de fotograf\u00edas con fondos de paisajes o la efigie de la guadalupana son tambi\u00e9n parte del paisaje de esta devoci\u00f3n.<\/p>\t\t\t\t\t\t\t\t<\/div>\n\t\t\t\t\t<\/div>\n\t\t<\/div>\n\t\t\t\t\t<\/div>\n\t\t<\/section>\n\t\t\t\t<section data-particle_enable=\"false\" data-particle-mobile-disabled=\"false\" class=\"elementor-section elementor-top-section elementor-element elementor-element-86a9cef elementor-section-boxed elementor-section-height-default elementor-section-height-default\" data-id=\"86a9cef\" data-element_type=\"section\" data-e-type=\"section\">\n\t\t\t\t\t\t<div class=\"elementor-container elementor-column-gap-default\">\n\t\t\t\t\t<div class=\"elementor-column elementor-col-100 elementor-top-column elementor-element elementor-element-afad952\" data-id=\"afad952\" data-element_type=\"column\" data-e-type=\"column\">\n\t\t\t<div class=\"elementor-widget-wrap elementor-element-populated\">\n\t\t\t\t\t\t<div class=\"elementor-element elementor-element-23ba33c elementor-widget elementor-widget-heading\" data-id=\"23ba33c\" data-element_type=\"widget\" data-e-type=\"widget\" data-widget_type=\"heading.default\">\n\t\t\t\t\t<h2 class=\"elementor-heading-title elementor-size-default\">Infaltable ida a mercados navide\u00f1os<\/h2>\t\t\t\t<\/div>\n\t\t\t\t\t<\/div>\n\t\t<\/div>\n\t\t\t\t\t<\/div>\n\t\t<\/section>\n\t\t\t\t<section data-particle_enable=\"false\" data-particle-mobile-disabled=\"false\" class=\"elementor-section elementor-top-section elementor-element elementor-element-658ed65 elementor-section-boxed elementor-section-height-default elementor-section-height-default\" data-id=\"658ed65\" data-element_type=\"section\" data-e-type=\"section\">\n\t\t\t\t\t\t<div class=\"elementor-container elementor-column-gap-default\">\n\t\t\t\t\t<div class=\"elementor-column elementor-col-100 elementor-top-column elementor-element elementor-element-1cc632d\" data-id=\"1cc632d\" data-element_type=\"column\" data-e-type=\"column\">\n\t\t\t<div class=\"elementor-widget-wrap elementor-element-populated\">\n\t\t\t\t\t\t<div class=\"elementor-element elementor-element-1873bd7 elementor-widget elementor-widget-video\" data-id=\"1873bd7\" data-element_type=\"widget\" data-e-type=\"widget\" data-settings=\"{&quot;youtube_url&quot;:&quot;https:\\\/\\\/www.youtube.com\\\/watch?v=3N_OiQqWWrM&quot;,&quot;start&quot;:740,&quot;show_image_overlay&quot;:&quot;yes&quot;,&quot;image_overlay&quot;:{&quot;url&quot;:&quot;https:\\\/\\\/soymigrante.com\\\/revista\\\/wp-content\\\/uploads\\\/2023\\\/12\\\/mercadito.jpg&quot;,&quot;id&quot;:3742,&quot;size&quot;:&quot;&quot;,&quot;alt&quot;:&quot;&quot;,&quot;source&quot;:&quot;library&quot;},&quot;video_type&quot;:&quot;youtube&quot;,&quot;controls&quot;:&quot;yes&quot;}\" data-widget_type=\"video.default\">\n\t\t\t\t\t\t\t<div class=\"elementor-wrapper elementor-open-inline\">\n\t\t\t<div class=\"elementor-video\"><\/div>\t\t\t\t<div class=\"elementor-custom-embed-image-overlay\" style=\"background-image: url(https:\/\/soymigrante.com\/revista\/wp-content\/uploads\/2023\/12\/mercadito.webp);\">\n\t\t\t\t\t\t\t\t\t\t\t\t\t\t\t\t<div class=\"elementor-custom-embed-play\" role=\"button\" aria-label=\"Reproducir v\u00eddeo\" tabindex=\"0\">\n\t\t\t\t\t\t\t<i aria-hidden=\"true\" class=\"eicon-play\"><\/i>\t\t\t\t\t\t<\/div>\n\t\t\t\t\t\t\t\t\t<\/div>\n\t\t\t\t\t<\/div>\n\t\t\t\t\t\t<\/div>\n\t\t\t\t\t<\/div>\n\t\t<\/div>\n\t\t\t\t\t<\/div>\n\t\t<\/section>\n\t\t\t\t<section data-particle_enable=\"false\" data-particle-mobile-disabled=\"false\" class=\"elementor-section elementor-top-section elementor-element elementor-element-f28d885 elementor-section-boxed elementor-section-height-default elementor-section-height-default\" data-id=\"f28d885\" data-element_type=\"section\" data-e-type=\"section\">\n\t\t\t\t\t\t<div class=\"elementor-container elementor-column-gap-default\">\n\t\t\t\t\t<div class=\"elementor-column elementor-col-100 elementor-top-column elementor-element elementor-element-49f470c\" data-id=\"49f470c\" data-element_type=\"column\" data-e-type=\"column\">\n\t\t\t<div class=\"elementor-widget-wrap elementor-element-populated\">\n\t\t\t\t\t\t<div class=\"elementor-element elementor-element-11903ce elementor-widget elementor-widget-text-editor\" data-id=\"11903ce\" data-element_type=\"widget\" data-e-type=\"widget\" data-widget_type=\"text-editor.default\">\n\t\t\t\t\t\t\t\t\t<p>Es diciembre y se instalan puestos de mercado con productos de \u00e9poca, para cada gusto y finalidad.<br>Productos para elaborar Nacimientos: figuras de pastores y vendedores, misterios, bueyes y mulas, ovejas, casitas de cart\u00f3n o de barro, musgo, paja, pashte, papel con textura de ladrillo, paisajes con escenas de tierra santa para el fondo, bricho, bombitas.<\/p><p>Decoraciones para \u00e1rboles: Luces de 20 hasta 500 focos, tradicionales o led, con m\u00fasica y sin m\u00fasica; adornos de todo tipo, tiras brillantes, listones; guirnaldas para la puerta de la casa. Los \u00e1rboles, hay artificiales y tambi\u00e9n naturales de pinabete cultivado. Desde hace a\u00f1os se prohibi\u00f3 la venta de ramillas, para proteger a la especie.<\/p><p>Para ambientar la casa: Tiras de manzanilla, chiribiscos en color natural o pintados de plateado, gusanos de pino, ovejas hechas con tuzas de maiz.<\/p><p>Y los infaltables juegos pirot\u00e9cnicos: cohetillos, canchinflines, estrellitas y toda una gama de luces de p\u00f3lvora hechas en china, que se elevan, crujen y crean la magia de un instante. &#8220;No quemen el dinero&#8221;, suelen decir los adultos mayores.<\/p>\t\t\t\t\t\t\t\t<\/div>\n\t\t\t\t\t<\/div>\n\t\t<\/div>\n\t\t\t\t\t<\/div>\n\t\t<\/section>\n\t\t\t\t<section data-particle_enable=\"false\" data-particle-mobile-disabled=\"false\" class=\"elementor-section elementor-top-section elementor-element elementor-element-67a39b3 elementor-section-boxed elementor-section-height-default elementor-section-height-default\" data-id=\"67a39b3\" data-element_type=\"section\" data-e-type=\"section\">\n\t\t\t\t\t\t<div class=\"elementor-container elementor-column-gap-default\">\n\t\t\t\t\t<div class=\"elementor-column elementor-col-100 elementor-top-column elementor-element elementor-element-99eac2e\" data-id=\"99eac2e\" data-element_type=\"column\" data-e-type=\"column\">\n\t\t\t<div class=\"elementor-widget-wrap elementor-element-populated\">\n\t\t\t\t\t\t<div class=\"elementor-element elementor-element-54ff12a elementor-widget elementor-widget-heading\" data-id=\"54ff12a\" data-element_type=\"widget\" data-e-type=\"widget\" data-widget_type=\"heading.default\">\n\t\t\t\t\t<h2 class=\"elementor-heading-title elementor-size-default\">El \u00e1rbol Gallo en el Obelisco<\/h2>\t\t\t\t<\/div>\n\t\t\t\t\t<\/div>\n\t\t<\/div>\n\t\t\t\t\t<\/div>\n\t\t<\/section>\n\t\t\t\t<section data-particle_enable=\"false\" data-particle-mobile-disabled=\"false\" class=\"elementor-section elementor-top-section elementor-element elementor-element-901fc93 elementor-section-boxed elementor-section-height-default elementor-section-height-default\" data-id=\"901fc93\" data-element_type=\"section\" data-e-type=\"section\">\n\t\t\t\t\t\t<div class=\"elementor-container elementor-column-gap-default\">\n\t\t\t\t\t<div class=\"elementor-column elementor-col-100 elementor-top-column elementor-element elementor-element-074663b\" data-id=\"074663b\" data-element_type=\"column\" data-e-type=\"column\">\n\t\t\t<div class=\"elementor-widget-wrap elementor-element-populated\">\n\t\t\t\t\t\t<div class=\"elementor-element elementor-element-7b1ce9f elementor-widget elementor-widget-video\" data-id=\"7b1ce9f\" data-element_type=\"widget\" data-e-type=\"widget\" data-settings=\"{&quot;youtube_url&quot;:&quot;https:\\\/\\\/www.youtube.com\\\/watch?v=G_7Eipe5-nA&quot;,&quot;video_type&quot;:&quot;youtube&quot;,&quot;controls&quot;:&quot;yes&quot;}\" data-widget_type=\"video.default\">\n\t\t\t\t\t\t\t<div class=\"elementor-wrapper elementor-open-inline\">\n\t\t\t<div class=\"elementor-video\"><\/div>\t\t<\/div>\n\t\t\t\t\t\t<\/div>\n\t\t\t\t\t<\/div>\n\t\t<\/div>\n\t\t\t\t\t<\/div>\n\t\t<\/section>\n\t\t\t\t<section data-particle_enable=\"false\" data-particle-mobile-disabled=\"false\" class=\"elementor-section elementor-top-section elementor-element elementor-element-ff79d1f elementor-section-boxed elementor-section-height-default elementor-section-height-default\" data-id=\"ff79d1f\" data-element_type=\"section\" data-e-type=\"section\">\n\t\t\t\t\t\t<div class=\"elementor-container elementor-column-gap-default\">\n\t\t\t\t\t<div class=\"elementor-column elementor-col-100 elementor-top-column elementor-element elementor-element-7803e75\" data-id=\"7803e75\" data-element_type=\"column\" data-e-type=\"column\">\n\t\t\t<div class=\"elementor-widget-wrap elementor-element-populated\">\n\t\t\t\t\t\t<div class=\"elementor-element elementor-element-1e2ac71 elementor-widget elementor-widget-text-editor\" data-id=\"1e2ac71\" data-element_type=\"widget\" data-e-type=\"widget\" data-widget_type=\"text-editor.default\">\n\t\t\t\t\t\t\t\t\t<p>El \u00e1rbol de Navidad es sin duda un \u00edcono de la \u00e9poca. En much\u00edsimos hogares guatemaltecos, dentro y fuera del pa\u00eds, se elabora esta decoraci\u00f3n. Pero en el pa\u00eds, sin duda alguna, el enorme \u00e1rbol de 45 metros de alto construido por la Cervecer\u00eda Centroamericana desde 1985 es punto de reuni\u00f3n familiar, de paseo decembrino y de recuerdo para muchos migrantes que alguna vez acudieron.<\/p><p>El \u00e1rbol ha evolucionado hasta tener luces que danzan al comp\u00e1s de la m\u00fasica. Asimismo hay \u00e1rboles instalados en al menos 30 centros urbanos del pa\u00eds, sobre todo cabeceras departamentales.\u00a0<\/p>\t\t\t\t\t\t\t\t<\/div>\n\t\t\t\t\t<\/div>\n\t\t<\/div>\n\t\t\t\t\t<\/div>\n\t\t<\/section>\n\t\t\t\t<section data-particle_enable=\"false\" data-particle-mobile-disabled=\"false\" class=\"elementor-section elementor-top-section elementor-element elementor-element-5090e20 elementor-section-boxed elementor-section-height-default elementor-section-height-default\" data-id=\"5090e20\" data-element_type=\"section\" data-e-type=\"section\">\n\t\t\t\t\t\t<div class=\"elementor-container elementor-column-gap-default\">\n\t\t\t\t\t<div class=\"elementor-column elementor-col-100 elementor-top-column elementor-element elementor-element-40e8aff\" data-id=\"40e8aff\" data-element_type=\"column\" data-e-type=\"column\">\n\t\t\t<div class=\"elementor-widget-wrap elementor-element-populated\">\n\t\t\t\t\t\t<div class=\"elementor-element elementor-element-0e4117e elementor-widget elementor-widget-heading\" data-id=\"0e4117e\" data-element_type=\"widget\" data-e-type=\"widget\" data-widget_type=\"heading.default\">\n\t\t\t\t\t<h2 class=\"elementor-heading-title elementor-size-default\">Las posadas recuerdan a Mar\u00eda y Jos\u00e9, migrantes en Bel\u00e9n<\/h2>\t\t\t\t<\/div>\n\t\t\t\t\t<\/div>\n\t\t<\/div>\n\t\t\t\t\t<\/div>\n\t\t<\/section>\n\t\t\t\t<section data-particle_enable=\"false\" data-particle-mobile-disabled=\"false\" class=\"elementor-section elementor-top-section elementor-element elementor-element-8e94832 elementor-section-boxed elementor-section-height-default elementor-section-height-default\" data-id=\"8e94832\" data-element_type=\"section\" data-e-type=\"section\">\n\t\t\t\t\t\t<div class=\"elementor-container elementor-column-gap-default\">\n\t\t\t\t\t<div class=\"elementor-column elementor-col-100 elementor-top-column elementor-element elementor-element-5a6619c\" data-id=\"5a6619c\" data-element_type=\"column\" data-e-type=\"column\">\n\t\t\t<div class=\"elementor-widget-wrap elementor-element-populated\">\n\t\t\t\t\t\t<div class=\"elementor-element elementor-element-e10730e elementor-widget elementor-widget-facebook-embed\" data-id=\"e10730e\" data-element_type=\"widget\" data-e-type=\"widget\" data-widget_type=\"facebook-embed.default\">\n\t\t\t\t\t<div style=\"min-height: 1px\" class=\"elementor-facebook-widget fb-post\" data-href=\"https:\/\/www.facebook.com\/josealejandropnv\/videos\/383140337400192\" data-show-text=\"false\"><\/div>\t\t\t\t<\/div>\n\t\t\t\t\t<\/div>\n\t\t<\/div>\n\t\t\t\t\t<\/div>\n\t\t<\/section>\n\t\t\t\t<section data-particle_enable=\"false\" data-particle-mobile-disabled=\"false\" class=\"elementor-section elementor-top-section elementor-element elementor-element-9e73def elementor-section-boxed elementor-section-height-default elementor-section-height-default\" data-id=\"9e73def\" data-element_type=\"section\" data-e-type=\"section\">\n\t\t\t\t\t\t<div class=\"elementor-container elementor-column-gap-default\">\n\t\t\t\t\t<div class=\"elementor-column elementor-col-100 elementor-top-column elementor-element elementor-element-48566d9\" data-id=\"48566d9\" data-element_type=\"column\" data-e-type=\"column\">\n\t\t\t<div class=\"elementor-widget-wrap elementor-element-populated\">\n\t\t\t\t\t\t<div class=\"elementor-element elementor-element-4988470 elementor-widget elementor-widget-text-editor\" data-id=\"4988470\" data-element_type=\"widget\" data-e-type=\"widget\" data-widget_type=\"text-editor.default\">\n\t\t\t\t\t\t\t\t\t<p>&#8220;En el nombre del cielo yo os pido posada&#8221;, es una de las l\u00edneas que se cantan cuando Jos\u00e9 y Mar\u00eda, migrantes en Bel\u00e9n, piden posada en alguna casa: una tradici\u00f3n que lleg\u00f3 a Guatemala con los franciscanos, pero fue el Santo Hermano Pedro de San Jos\u00e9 de Betancur quien impuls\u00f3 con m\u00e1s fuerza.<\/p><p>Se trata de un recorrido de los &#8220;se\u00f1ores&#8221; por las calles de colonias, municipios y aldeas, de casa en casa. Se canta para que les den entrada y despu\u00e9s viene un peque\u00f1o refrigerio que pueden ser panes, chuchitos, tamales, acompa\u00f1ados con ponche de frutas, caf\u00e9 o chocolate. Cada familia y cada pueblo le da su sabor especial a esta convivencia que representa la recepci\u00f3n de Jes\u00fas y de la Sagrada Familia en el Coraz\u00f3n.<\/p>\t\t\t\t\t\t\t\t<\/div>\n\t\t\t\t\t<\/div>\n\t\t<\/div>\n\t\t\t\t\t<\/div>\n\t\t<\/section>\n\t\t\t\t<section data-particle_enable=\"false\" data-particle-mobile-disabled=\"false\" class=\"elementor-section elementor-top-section elementor-element elementor-element-efde410 elementor-section-boxed elementor-section-height-default elementor-section-height-default\" data-id=\"efde410\" data-element_type=\"section\" data-e-type=\"section\">\n\t\t\t\t\t\t<div class=\"elementor-container elementor-column-gap-default\">\n\t\t\t\t\t<div class=\"elementor-column elementor-col-100 elementor-top-column elementor-element elementor-element-a206223\" data-id=\"a206223\" data-element_type=\"column\" data-e-type=\"column\">\n\t\t\t<div class=\"elementor-widget-wrap elementor-element-populated\">\n\t\t\t\t\t\t<div class=\"elementor-element elementor-element-d9e6a56 elementor-widget elementor-widget-heading\" data-id=\"d9e6a56\" data-element_type=\"widget\" data-e-type=\"widget\" data-widget_type=\"heading.default\">\n\t\t\t\t\t<h2 class=\"elementor-heading-title elementor-size-default\">Los \"cuetes\" a las 12 de la noche del 24 o las 0 horas del 25 de diciembre<\/h2>\t\t\t\t<\/div>\n\t\t\t\t\t<\/div>\n\t\t<\/div>\n\t\t\t\t\t<\/div>\n\t\t<\/section>\n\t\t\t\t<section data-particle_enable=\"false\" data-particle-mobile-disabled=\"false\" class=\"elementor-section elementor-top-section elementor-element elementor-element-75abe6a elementor-section-boxed elementor-section-height-default elementor-section-height-default\" data-id=\"75abe6a\" data-element_type=\"section\" data-e-type=\"section\">\n\t\t\t\t\t\t<div class=\"elementor-container elementor-column-gap-default\">\n\t\t\t\t\t<div class=\"elementor-column elementor-col-100 elementor-top-column elementor-element elementor-element-4b55b08\" data-id=\"4b55b08\" data-element_type=\"column\" data-e-type=\"column\">\n\t\t\t<div class=\"elementor-widget-wrap elementor-element-populated\">\n\t\t\t\t\t\t<div class=\"elementor-element elementor-element-3e1d735 elementor-widget elementor-widget-video\" data-id=\"3e1d735\" data-element_type=\"widget\" data-e-type=\"widget\" data-settings=\"{&quot;youtube_url&quot;:&quot;https:\\\/\\\/www.youtube.com\\\/watch?v=XMzNHK_ARhc&quot;,&quot;video_type&quot;:&quot;youtube&quot;,&quot;controls&quot;:&quot;yes&quot;}\" data-widget_type=\"video.default\">\n\t\t\t\t\t\t\t<div class=\"elementor-wrapper elementor-open-inline\">\n\t\t\t<div class=\"elementor-video\"><\/div>\t\t<\/div>\n\t\t\t\t\t\t<\/div>\n\t\t\t\t\t<\/div>\n\t\t<\/div>\n\t\t\t\t\t<\/div>\n\t\t<\/section>\n\t\t\t\t<section data-particle_enable=\"false\" data-particle-mobile-disabled=\"false\" class=\"elementor-section elementor-top-section elementor-element elementor-element-0b5a3e8 elementor-section-boxed elementor-section-height-default elementor-section-height-default\" data-id=\"0b5a3e8\" data-element_type=\"section\" data-e-type=\"section\">\n\t\t\t\t\t\t<div class=\"elementor-container elementor-column-gap-default\">\n\t\t\t\t\t<div class=\"elementor-column elementor-col-100 elementor-top-column elementor-element elementor-element-d5a08a4\" data-id=\"d5a08a4\" data-element_type=\"column\" data-e-type=\"column\">\n\t\t\t<div class=\"elementor-widget-wrap elementor-element-populated\">\n\t\t\t\t\t\t<div class=\"elementor-element elementor-element-3b977a3 elementor-widget elementor-widget-text-editor\" data-id=\"3b977a3\" data-element_type=\"widget\" data-e-type=\"widget\" data-widget_type=\"text-editor.default\">\n\t\t\t\t\t\t\t\t\t<p>Los migrantes suelen sorprenderse, sobre todo en sus primeros tiempos de estad\u00eda en EE.UU, cuando a las 12 de la noche de la Nochebuena, no hay mayor ruido de fuegos artificiales. En Guatemala esa es la hora de algarab\u00eda, explosiones, quema de ametralladoras, estrellitas y toda clase de p\u00f3lvora. Se celebra el nacimiento del Ni\u00f1o Jes\u00fas en Bel\u00e9n, una conmemoraci\u00f3n de esperanza y uni\u00f3n familiar.\u00a0<\/p><p>Justo all\u00ed radica la profunda nostalgia que se desata, sobre todo en quienes dejaron a sus padres, c\u00f3nyuges o hijos en Guatemala para buscar un mejor futuro laboral en Estados Unidos.\u00a0<\/p>\t\t\t\t\t\t\t\t<\/div>\n\t\t\t\t\t<\/div>\n\t\t<\/div>\n\t\t\t\t\t<\/div>\n\t\t<\/section>\n\t\t\t\t<\/div>\n\t\t","protected":false},"excerpt":{"rendered":"<p>Son sonidos y recuerdos atesorados en la memoria y el coraz\u00f3n; vivencias de pueblo y barrio, sonrisas con familia y amigos. Estas son algunas tradiciones decembrinas que migrantes guatemaltecos llevan en el alma. https:\/\/soymigrante.com\/revista\/wp-content\/uploads\/2023\/12\/407594541_24310078031940408_9198886233661007267_n.mp4 Fogarones 2023 en la colonia Jocotales, Chinautla, cerca del mercado y la parada de buses. Video cortes\u00eda de Juan Marcos Morales. [&hellip;]<\/p>\n","protected":false},"author":7,"featured_media":15152,"comment_status":"open","ping_status":"open","sticky":false,"template":"","format":"standard","meta":{"_acf_changed":false,"_eb_attr":"","footnotes":""},"categories":[58],"tags":[],"class_list":["post-3738","post","type-post","status-publish","format-standard","has-post-thumbnail","hentry","category-guate-nuestra"],"acf":[],"aioseo_notices":[],"aioseo_head":"\n\t\t<!-- All in One SEO Pro 4.9.6.2 - aioseo.com -->\n\t<meta name=\"description\" content=\"Son sonidos y recuerdos atesorados en la memoria y el coraz\u00f3n; vivencias de pueblo y barrio, sonrisas con familia y amigos. Estas son algunas tradiciones decembrinas que migrantes guatemaltecos llevan en el alma. Fogarones 2023 en la colonia Jocotales, Chinautla, cerca del mercado y la parada de buses. Video cortes\u00eda de Juan Marcos Morales. Los\" \/>\n\t<meta name=\"robots\" content=\"max-snippet:-1, max-image-preview:large, max-video-preview:-1\" \/>\n\t<meta name=\"author\" content=\"Gustavo Montenegro\"\/>\n\t<link rel=\"canonical\" href=\"https:\/\/soymigrante.com\/revista\/tradiciones-de-fin-de-ano-encienden-la-nostalgia-migrante\/\" \/>\n\t<meta name=\"generator\" content=\"All in One SEO Pro (AIOSEO) 4.9.6.2\" \/>\n\n\t\t<link rel=\"preconnect\" href=\"https:\/\/fonts.googleapis.com\" crossorigin>\n<link rel=\"preconnect\" href=\"https:\/\/fonts.gstatic.com\" crossorigin>\n\t\t<meta property=\"og:locale\" content=\"es_ES\" \/>\n\t\t<meta property=\"og:site_name\" content=\"SoyMigrante.com REVISTA \u2013 Nuestra misi\u00f3n es reconocer y dignificar al migrante.\" \/>\n\t\t<meta property=\"og:type\" content=\"article\" \/>\n\t\t<meta property=\"og:title\" content=\"Tradiciones y recuerdos de diciembre en Guatemala encienden nostalgia migrante\" \/>\n\t\t<meta property=\"og:description\" content=\"Son sonidos y recuerdos atesorados en la memoria y el coraz\u00f3n; vivencias de pueblo y barrio, sonrisas con familia y amigos. Estas son algunas tradiciones decembrinas que migrantes guatemaltecos llevan en el alma. Fogarones 2023 en la colonia Jocotales, Chinautla, cerca del mercado y la parada de buses. Video cortes\u00eda de Juan Marcos Morales. Los\" \/>\n\t\t<meta property=\"og:url\" content=\"https:\/\/soymigrante.com\/revista\/tradiciones-de-fin-de-ano-encienden-la-nostalgia-migrante\/\" \/>\n\t\t<meta property=\"og:image\" content=\"https:\/\/soymigrante.com\/revista\/wp-content\/uploads\/2024\/11\/virgen-concepcion-quema-diablo-oscar-rivas-4-1.webp\" \/>\n\t\t<meta property=\"og:image:secure_url\" content=\"https:\/\/soymigrante.com\/revista\/wp-content\/uploads\/2024\/11\/virgen-concepcion-quema-diablo-oscar-rivas-4-1.webp\" \/>\n\t\t<meta property=\"og:image:width\" content=\"1338\" \/>\n\t\t<meta property=\"og:image:height\" content=\"1338\" \/>\n\t\t<meta property=\"article:published_time\" content=\"2023-12-08T19:26:11+00:00\" \/>\n\t\t<meta property=\"article:modified_time\" content=\"2024-11-30T19:28:52+00:00\" \/>\n\t\t<meta property=\"article:publisher\" content=\"https:\/\/www.facebook.com\/soymigrantecom\" \/>\n\t\t<meta name=\"twitter:card\" content=\"summary_large_image\" \/>\n\t\t<meta name=\"twitter:site\" content=\"@SoyMigrante_com\" \/>\n\t\t<meta name=\"twitter:title\" content=\"Tradiciones y recuerdos de diciembre en Guatemala encienden nostalgia migrante\" \/>\n\t\t<meta name=\"twitter:description\" content=\"Son sonidos y recuerdos atesorados en la memoria y el coraz\u00f3n; vivencias de pueblo y barrio, sonrisas con familia y amigos. Estas son algunas tradiciones decembrinas que migrantes guatemaltecos llevan en el alma. Fogarones 2023 en la colonia Jocotales, Chinautla, cerca del mercado y la parada de buses. Video cortes\u00eda de Juan Marcos Morales. Los\" \/>\n\t\t<meta name=\"twitter:creator\" content=\"@SoyMigrante_com\" \/>\n\t\t<meta name=\"twitter:image\" content=\"https:\/\/soymigrante.com\/revista\/wp-content\/uploads\/2024\/11\/virgen-concepcion-quema-diablo-oscar-rivas-4-1.webp\" \/>\n\t\t<!-- All in One SEO Pro -->\r\n\t\t<title>Tradiciones y recuerdos de diciembre en Guatemala encienden nostalgia migrante<\/title>\n\n","aioseo_head_json":{"title":"Tradiciones y recuerdos de diciembre en Guatemala encienden nostalgia migrante","description":"Son sonidos y recuerdos atesorados en la memoria y el coraz\u00f3n; vivencias de pueblo y barrio, sonrisas con familia y amigos. Estas son algunas tradiciones decembrinas que migrantes guatemaltecos llevan en el alma. Fogarones 2023 en la colonia Jocotales, Chinautla, cerca del mercado y la parada de buses. Video cortes\u00eda de Juan Marcos Morales. Los","canonical_url":"https:\/\/soymigrante.com\/revista\/tradiciones-de-fin-de-ano-encienden-la-nostalgia-migrante\/","robots":"max-snippet:-1, max-image-preview:large, max-video-preview:-1","keywords":"","webmasterTools":{"miscellaneous":"&lt;link rel=\"preconnect\" href=\"https:\/\/fonts.googleapis.com\" crossorigin&gt;\n&lt;link rel=\"preconnect\" href=\"https:\/\/fonts.gstatic.com\" crossorigin&gt;"},"schema":null,"og:locale":"es_ES","og:site_name":"SoyMigrante.com REVISTA \u2013 Nuestra misi\u00f3n es reconocer y dignificar al migrante.","og:type":"article","og:title":"Tradiciones y recuerdos de diciembre en Guatemala encienden nostalgia migrante","og:description":"Son sonidos y recuerdos atesorados en la memoria y el coraz\u00f3n; vivencias de pueblo y barrio, sonrisas con familia y amigos. Estas son algunas tradiciones decembrinas que migrantes guatemaltecos llevan en el alma. Fogarones 2023 en la colonia Jocotales, Chinautla, cerca del mercado y la parada de buses. Video cortes\u00eda de Juan Marcos Morales. Los","og:url":"https:\/\/soymigrante.com\/revista\/tradiciones-de-fin-de-ano-encienden-la-nostalgia-migrante\/","og:image":"https:\/\/soymigrante.com\/revista\/wp-content\/uploads\/2024\/11\/virgen-concepcion-quema-diablo-oscar-rivas-4-1.webp","og:image:secure_url":"https:\/\/soymigrante.com\/revista\/wp-content\/uploads\/2024\/11\/virgen-concepcion-quema-diablo-oscar-rivas-4-1.webp","og:image:width":1338,"og:image:height":1338,"article:published_time":"2023-12-08T19:26:11+00:00","article:modified_time":"2024-11-30T19:28:52+00:00","article:publisher":"https:\/\/www.facebook.com\/soymigrantecom","twitter:card":"summary_large_image","twitter:site":"@SoyMigrante_com","twitter:title":"Tradiciones y recuerdos de diciembre en Guatemala encienden nostalgia migrante","twitter:description":"Son sonidos y recuerdos atesorados en la memoria y el coraz\u00f3n; vivencias de pueblo y barrio, sonrisas con familia y amigos. Estas son algunas tradiciones decembrinas que migrantes guatemaltecos llevan en el alma. Fogarones 2023 en la colonia Jocotales, Chinautla, cerca del mercado y la parada de buses. Video cortes\u00eda de Juan Marcos Morales. Los","twitter:creator":"@SoyMigrante_com","twitter:image":"https:\/\/soymigrante.com\/revista\/wp-content\/uploads\/2024\/11\/virgen-concepcion-quema-diablo-oscar-rivas-4-1.webp"},"aioseo_meta_data":{"post_id":"3738","title":null,"description":null,"keywords":null,"keyphrases":{"focus":{"keyphrase":"Guatemala","score":58,"analysis":{"keyphraseInTitle":{"score":9,"maxScore":9,"error":0},"keyphraseInDescription":{"score":9,"maxScore":9,"error":0},"keyphraseLength":{"score":9,"maxScore":9,"error":0,"length":1},"keyphraseInURL":{"score":1,"maxScore":5,"error":1},"keyphraseInIntroduction":{"score":3,"maxScore":9,"error":1},"keyphraseInSubHeadings":{"score":3,"maxScore":9,"error":1},"keyphraseInImageAlt":[],"keywordDensity":{"score":0,"type":"low","maxScore":9,"error":1}}},"additional":[]},"primary_term":null,"canonical_url":null,"og_title":null,"og_description":null,"og_object_type":"default","og_image_type":"default","og_image_url":null,"og_image_width":null,"og_image_height":null,"og_image_custom_url":null,"og_image_custom_fields":null,"og_video":"","og_custom_url":null,"og_article_section":null,"og_article_tags":null,"twitter_use_og":false,"twitter_card":"default","twitter_image_type":"default","twitter_image_url":null,"twitter_image_custom_url":null,"twitter_image_custom_fields":null,"twitter_title":null,"twitter_description":null,"schema":{"blockGraphs":[],"customGraphs":[],"default":{"data":{"Article":[],"Course":[],"Dataset":[],"FAQPage":[],"Movie":[],"Person":[],"Product":[],"ProductReview":[],"Car":[],"Recipe":[],"Service":[],"SoftwareApplication":[],"WebPage":[]},"graphName":"Article","isEnabled":true},"graphs":[]},"schema_type":"default","schema_type_options":null,"pillar_content":false,"robots_default":true,"robots_noindex":false,"robots_noarchive":false,"robots_nosnippet":false,"robots_nofollow":false,"robots_noimageindex":false,"robots_noodp":false,"robots_notranslate":false,"robots_max_snippet":"-1","robots_max_videopreview":"-1","robots_max_imagepreview":"large","priority":null,"frequency":"default","local_seo":null,"seo_analyzer_scan_date":"2025-10-08 20:47:18","breadcrumb_settings":null,"limit_modified_date":false,"reviewed_by":null,"open_ai":"{\"title\":{\"suggestions\":[],\"usage\":0},\"description\":{\"suggestions\":[],\"usage\":0}}","ai":null,"created":"2023-12-08 17:37:27","updated":"2026-02-04 10:03:14"},"aioseo_breadcrumb":"<div class=\"aioseo-breadcrumbs\"><span class=\"aioseo-breadcrumb\">\n\t<a href=\"https:\/\/soymigrante.com\/revista\" title=\"Home\">Home<\/a>\n<\/span><span class=\"aioseo-breadcrumb-separator\">\u00bb<\/span><span class=\"aioseo-breadcrumb\">\n\t<a href=\"https:\/\/soymigrante.com\/revista\/category\/guate-nuestra\/\" title=\"Guate Nuestra\">Guate Nuestra<\/a>\n<\/span><span class=\"aioseo-breadcrumb-separator\">\u00bb<\/span><span class=\"aioseo-breadcrumb\">\n\tTradiciones y recuerdos de diciembre en Guatemala encienden nostalgia migrante\n<\/span><\/div>","aioseo_breadcrumb_json":[{"label":"Home","link":"https:\/\/soymigrante.com\/revista"},{"label":"Guate Nuestra","link":"https:\/\/soymigrante.com\/revista\/category\/guate-nuestra\/"},{"label":"Tradiciones y recuerdos de diciembre en Guatemala encienden nostalgia migrante","link":"https:\/\/soymigrante.com\/revista\/tradiciones-de-fin-de-ano-encienden-la-nostalgia-migrante\/"}],"_links":{"self":[{"href":"https:\/\/soymigrante.com\/revista\/wp-json\/wp\/v2\/posts\/3738","targetHints":{"allow":["GET"]}}],"collection":[{"href":"https:\/\/soymigrante.com\/revista\/wp-json\/wp\/v2\/posts"}],"about":[{"href":"https:\/\/soymigrante.com\/revista\/wp-json\/wp\/v2\/types\/post"}],"author":[{"embeddable":true,"href":"https:\/\/soymigrante.com\/revista\/wp-json\/wp\/v2\/users\/7"}],"replies":[{"embeddable":true,"href":"https:\/\/soymigrante.com\/revista\/wp-json\/wp\/v2\/comments?post=3738"}],"version-history":[{"count":0,"href":"https:\/\/soymigrante.com\/revista\/wp-json\/wp\/v2\/posts\/3738\/revisions"}],"wp:featuredmedia":[{"embeddable":true,"href":"https:\/\/soymigrante.com\/revista\/wp-json\/wp\/v2\/media\/15152"}],"wp:attachment":[{"href":"https:\/\/soymigrante.com\/revista\/wp-json\/wp\/v2\/media?parent=3738"}],"wp:term":[{"taxonomy":"category","embeddable":true,"href":"https:\/\/soymigrante.com\/revista\/wp-json\/wp\/v2\/categories?post=3738"},{"taxonomy":"post_tag","embeddable":true,"href":"https:\/\/soymigrante.com\/revista\/wp-json\/wp\/v2\/tags?post=3738"}],"curies":[{"name":"wp","href":"https:\/\/api.w.org\/{rel}","templated":true}]}}