{"id":3726,"date":"2023-12-07T13:13:29","date_gmt":"2023-12-07T19:13:29","guid":{"rendered":"https:\/\/soymigrante.com\/revista\/?p=3726"},"modified":"2024-07-31T06:37:11","modified_gmt":"2024-07-31T12:37:11","slug":"7-aprendizajes-vitales-de-pablo-higueros-migrante-y-experto-financiero","status":"publish","type":"post","link":"https:\/\/soymigrante.com\/revista\/7-aprendizajes-vitales-de-pablo-higueros-migrante-y-experto-financiero\/","title":{"rendered":"7 aprendizajes vitales de Pablo Higueros, migrante y experto financiero"},"content":{"rendered":"\t\t<div data-elementor-type=\"wp-post\" data-elementor-id=\"3726\" class=\"elementor elementor-3726\" data-elementor-post-type=\"post\">\n\t\t\t\t\t\t<section data-particle_enable=\"false\" data-particle-mobile-disabled=\"false\" class=\"elementor-section elementor-top-section elementor-element elementor-element-4e60f11 elementor-section-boxed elementor-section-height-default elementor-section-height-default\" data-id=\"4e60f11\" data-element_type=\"section\" data-e-type=\"section\">\n\t\t\t\t\t\t<div class=\"elementor-container elementor-column-gap-default\">\n\t\t\t\t\t<div class=\"elementor-column elementor-col-100 elementor-top-column elementor-element elementor-element-f2edae4\" data-id=\"f2edae4\" data-element_type=\"column\" data-e-type=\"column\">\n\t\t\t<div class=\"elementor-widget-wrap elementor-element-populated\">\n\t\t\t\t\t\t<div class=\"elementor-element elementor-element-2fefc3c elementor-widget elementor-widget-heading\" data-id=\"2fefc3c\" data-element_type=\"widget\" data-e-type=\"widget\" data-widget_type=\"heading.default\">\n\t\t\t\t\t<h1 class=\"elementor-heading-title elementor-size-default\">Detr\u00e1s del \u00e9xito del migrante guatemalteco Pablo Higueros hay pasajes dif\u00edciles, experiencias,  mucho trabajo y fe en Dios. Es experto en seguros, finanzas e impuestos, pero tambi\u00e9n en ayudar a otros guatemaltecos en Texas.<\/h1>\t\t\t\t<\/div>\n\t\t\t\t\t<\/div>\n\t\t<\/div>\n\t\t\t\t\t<\/div>\n\t\t<\/section>\n\t\t\t\t<section data-particle_enable=\"false\" data-particle-mobile-disabled=\"false\" class=\"elementor-section elementor-top-section elementor-element elementor-element-71f077f elementor-section-boxed elementor-section-height-default elementor-section-height-default\" data-id=\"71f077f\" data-element_type=\"section\" data-e-type=\"section\">\n\t\t\t\t\t\t<div class=\"elementor-container elementor-column-gap-default\">\n\t\t\t\t\t<div class=\"elementor-column elementor-col-100 elementor-top-column elementor-element elementor-element-1c6662d\" data-id=\"1c6662d\" data-element_type=\"column\" data-e-type=\"column\">\n\t\t\t<div class=\"elementor-widget-wrap elementor-element-populated\">\n\t\t\t\t\t\t<div class=\"elementor-element elementor-element-7f2aa0a elementor-widget elementor-widget-image\" data-id=\"7f2aa0a\" data-element_type=\"widget\" data-e-type=\"widget\" data-widget_type=\"image.default\">\n\t\t\t\t\t\t\t\t\t\t\t\t<figure class=\"wp-caption\">\n\t\t\t\t\t\t\t\t\t\t<img fetchpriority=\"high\" decoding=\"async\" width=\"768\" height=\"587\" src=\"https:\/\/soymigrante.com\/revista\/wp-content\/uploads\/2023\/12\/pablo-sentado-1024x782.webp\" class=\"attachment-large size-large wp-image-3729\" alt=\"Pablo Higueros Durini aprendi\u00f3 que las metas requieren siempre de aprendizajes y que los aprendizajes a menudo no son f\u00e1ciles porque requieren de un cambio personal. Fotografia FB\" srcset=\"https:\/\/soymigrante.com\/revista\/wp-content\/uploads\/2023\/12\/pablo-sentado-1024x782.webp 1024w, https:\/\/soymigrante.com\/revista\/wp-content\/uploads\/2023\/12\/pablo-sentado-300x229.webp 300w, https:\/\/soymigrante.com\/revista\/wp-content\/uploads\/2023\/12\/pablo-sentado-768x587.webp 768w, https:\/\/soymigrante.com\/revista\/wp-content\/uploads\/2023\/12\/pablo-sentado-750x573.jpg 750w, https:\/\/soymigrante.com\/revista\/wp-content\/uploads\/2023\/12\/pablo-sentado.webp 1067w\" sizes=\"(max-width: 768px) 100vw, 768px\" title=\"Pablo Higueros Durini aprendi\u00f3 que las metas requieren siempre de aprendizajes y que los aprendizajes a menudo no son f\u00e1ciles porque requieren de un cambio personal. Fotografia FB \u2013 SoyMigrante.com REVISTA\" \/>\t\t\t\t\t\t\t\t\t\t\t<figcaption class=\"widget-image-caption wp-caption-text\">Pablo Higueros Durini aprendi\u00f3 que las metas requieren siempre de aprendizajes y que los aprendizajes a menudo no son f\u00e1ciles porque requieren de un cambio personal. Fotografia FB<\/figcaption>\n\t\t\t\t\t\t\t\t\t\t<\/figure>\n\t\t\t\t\t\t\t\t\t<\/div>\n\t\t\t\t\t<\/div>\n\t\t<\/div>\n\t\t\t\t\t<\/div>\n\t\t<\/section>\n\t\t\t\t<section data-particle_enable=\"false\" data-particle-mobile-disabled=\"false\" class=\"elementor-section elementor-top-section elementor-element elementor-element-ce35487 elementor-section-boxed elementor-section-height-default elementor-section-height-default\" data-id=\"ce35487\" data-element_type=\"section\" data-e-type=\"section\">\n\t\t\t\t\t\t<div class=\"elementor-container elementor-column-gap-default\">\n\t\t\t\t\t<div class=\"elementor-column elementor-col-100 elementor-top-column elementor-element elementor-element-3e15378\" data-id=\"3e15378\" data-element_type=\"column\" data-e-type=\"column\">\n\t\t\t<div class=\"elementor-widget-wrap elementor-element-populated\">\n\t\t\t\t\t\t<div class=\"elementor-element elementor-element-f042cfa elementor-widget elementor-widget-heading\" data-id=\"f042cfa\" data-element_type=\"widget\" data-e-type=\"widget\" data-widget_type=\"heading.default\">\n\t\t\t\t\t<h2 class=\"elementor-heading-title elementor-size-default\">Aprendizaje 1: El amor es poderoso y sin fronteras<\/h2>\t\t\t\t<\/div>\n\t\t\t\t\t<\/div>\n\t\t<\/div>\n\t\t\t\t\t<\/div>\n\t\t<\/section>\n\t\t\t\t<section data-particle_enable=\"false\" data-particle-mobile-disabled=\"false\" class=\"elementor-section elementor-top-section elementor-element elementor-element-b97020e elementor-section-boxed elementor-section-height-default elementor-section-height-default\" data-id=\"b97020e\" data-element_type=\"section\" data-e-type=\"section\">\n\t\t\t\t\t\t<div class=\"elementor-container elementor-column-gap-default\">\n\t\t\t\t\t<div class=\"elementor-column elementor-col-100 elementor-top-column elementor-element elementor-element-8dcaa0b\" data-id=\"8dcaa0b\" data-element_type=\"column\" data-e-type=\"column\">\n\t\t\t<div class=\"elementor-widget-wrap elementor-element-populated\">\n\t\t\t\t\t\t<div class=\"elementor-element elementor-element-3b9632e elementor-widget elementor-widget-text-editor\" data-id=\"3b9632e\" data-element_type=\"widget\" data-e-type=\"widget\" data-widget_type=\"text-editor.default\">\n\t\t\t\t\t\t\t\t\t<p>Pablo Higueros Durini migr\u00f3 de Quetzaltenango a Estados Unidos en 1999. Realmente no quer\u00eda ir, no ten\u00eda metas, &#8220;estaba peleado con la vida&#8221; cuenta. Su mam\u00e1 hab\u00eda migrado cuando \u00e9l ten\u00eda 3 a\u00f1os y Pablo se cri\u00f3 en casa de su abuelita. Realiz\u00f3 la traves\u00eda por M\u00e9xico y lleg\u00f3 a la frontera de Texas, en donde fue detenido.<\/p><p>&#8220;Yo ten\u00eda 17 a\u00f1os, pero ya hab\u00eda crecido y no me creyeron que era menor de edad&#8221;.\u00a0<span style=\"color: var( --e-global-color-text );\">Lo llovaron a una centro de detenci\u00f3n de adultos donde estuvo casi 3 meses. Al presentarse ante una jueza, esta le pidi\u00f3 comprobar su edad. &#8220;Lo \u00fanico que se me ocurri\u00f3 fue \u00a1mi abuelita!&#8221;&#8221;, cuenta Pablo.\u00a0 Desde el juzgado de<\/span><span style=\"color: var( --e-global-color-text );\">\u00a0Texas la llamaron a Quetzaltenango. Ella contest\u00f3.\u00a0 &#8220;Do\u00f1a Consuelo. \u00bfC\u00f3mo est\u00e1? Mire, yo soy una juez de migraci\u00f3n. Y tengo aqu\u00ed enfrente a su nieto&#8221;, le dijeron. Mi abuela se puso a llorar. Se\u00f1ora, solo necesito que me diga la fecha de nacimiento de su nieto. Ah s\u00ed, marzo 25 del a\u00f1o de 1982. El amor de mi mam\u00e1 me llev\u00f3 a EE.UU. y el amor de mi abuela me dio mi libertad&#8221;.<\/span><\/p>\t\t\t\t\t\t\t\t<\/div>\n\t\t\t\t\t<\/div>\n\t\t<\/div>\n\t\t\t\t\t<\/div>\n\t\t<\/section>\n\t\t\t\t<section data-particle_enable=\"false\" data-particle-mobile-disabled=\"false\" class=\"elementor-section elementor-top-section elementor-element elementor-element-9016807 elementor-section-boxed elementor-section-height-default elementor-section-height-default\" data-id=\"9016807\" data-element_type=\"section\" data-e-type=\"section\">\n\t\t\t\t\t\t<div class=\"elementor-container elementor-column-gap-default\">\n\t\t\t\t\t<div class=\"elementor-column elementor-col-100 elementor-top-column elementor-element elementor-element-72841a1\" data-id=\"72841a1\" data-element_type=\"column\" data-e-type=\"column\">\n\t\t\t<div class=\"elementor-widget-wrap elementor-element-populated\">\n\t\t\t\t\t\t<div class=\"elementor-element elementor-element-c606160 elementor-widget elementor-widget-image\" data-id=\"c606160\" data-element_type=\"widget\" data-e-type=\"widget\" data-settings=\"{&quot;motion_fx_motion_fx_mouse&quot;:&quot;yes&quot;,&quot;motion_fx_tilt_effect&quot;:&quot;yes&quot;,&quot;motion_fx_tilt_speed&quot;:{&quot;unit&quot;:&quot;px&quot;,&quot;size&quot;:4,&quot;sizes&quot;:[]}}\" data-widget_type=\"image.default\">\n\t\t\t\t\t\t\t\t\t\t\t\t<figure class=\"wp-caption\">\n\t\t\t\t\t\t\t\t\t\t\t<a href=\"https:\/\/soymigrante.com\/revista\/wp-content\/uploads\/2023\/12\/pablo-con-su-abuelita.jpg\" data-elementor-open-lightbox=\"yes\" data-elementor-lightbox-title=\"SIEMPRE EN EL CORAZ\u00d3N Foto familiar de Pablo, a la derecha, en compa\u00f1\u00eda de su querida abuelita Consuelo, con quien vivi\u00f3 parte de su ni\u00f1ez y adolescencia en Quetzaltenango.\" data-elementor-lightbox-description=\"SIEMPRE EN EL CORAZ\u00d3N  Foto familiar de Pablo, a la derecha, en compa\u00f1\u00eda de su querida abuelita Consuelo, con quien vivi\u00f3 parte de su ni\u00f1ez y adolescencia en Quetzaltenango.\" data-e-action-hash=\"#elementor-action%3Aaction%3Dlightbox%26settings%3DeyJpZCI6MzczMCwidXJsIjoiaHR0cHM6XC9cL3NveW1pZ3JhbnRlLmNvbVwvcmV2aXN0YVwvd3AtY29udGVudFwvdXBsb2Fkc1wvMjAyM1wvMTJcL3BhYmxvLWNvbi1zdS1hYnVlbGl0YS53ZWJwIn0%3D\">\n\t\t\t\t\t\t\t<img decoding=\"async\" width=\"768\" height=\"611\" src=\"https:\/\/soymigrante.com\/revista\/wp-content\/uploads\/2023\/12\/pablo-con-su-abuelita-1024x815.webp\" class=\"attachment-large size-large wp-image-3730\" alt=\"\" srcset=\"https:\/\/soymigrante.com\/revista\/wp-content\/uploads\/2023\/12\/pablo-con-su-abuelita-1024x815.webp 1024w, https:\/\/soymigrante.com\/revista\/wp-content\/uploads\/2023\/12\/pablo-con-su-abuelita-300x239.webp 300w, https:\/\/soymigrante.com\/revista\/wp-content\/uploads\/2023\/12\/pablo-con-su-abuelita-768x611.webp 768w, https:\/\/soymigrante.com\/revista\/wp-content\/uploads\/2023\/12\/pablo-con-su-abuelita-750x597.webp 750w, https:\/\/soymigrante.com\/revista\/wp-content\/uploads\/2023\/12\/pablo-con-su-abuelita.webp 1044w\" sizes=\"(max-width: 768px) 100vw, 768px\" title=\"SIEMPRE EN EL CORAZ\u00d3N Foto familiar de Pablo, a la derecha, en compa\u00f1\u00eda de su querida abuelita Consuelo, con quien vivi\u00f3 parte de su ni\u00f1ez y adolescencia en Quetzaltenango. \u2013 SoyMigrante.com REVISTA\" \/>\t\t\t\t\t\t\t\t<\/a>\n\t\t\t\t\t\t\t\t\t\t\t<figcaption class=\"widget-image-caption wp-caption-text\">SIEMPRE EN EL CORAZ\u00d3N  Foto familiar de Pablo, a la derecha, en compa\u00f1\u00eda de su querida abuelita Consuelo, con quien vivi\u00f3 parte de su ni\u00f1ez y adolescencia en Quetzaltenango.<\/figcaption>\n\t\t\t\t\t\t\t\t\t\t<\/figure>\n\t\t\t\t\t\t\t\t\t<\/div>\n\t\t\t\t\t<\/div>\n\t\t<\/div>\n\t\t\t\t\t<\/div>\n\t\t<\/section>\n\t\t\t\t<section data-particle_enable=\"false\" data-particle-mobile-disabled=\"false\" class=\"elementor-section elementor-top-section elementor-element elementor-element-1502ab9 elementor-section-boxed elementor-section-height-default elementor-section-height-default\" data-id=\"1502ab9\" data-element_type=\"section\" data-e-type=\"section\">\n\t\t\t\t\t\t<div class=\"elementor-container elementor-column-gap-default\">\n\t\t\t\t\t<div class=\"elementor-column elementor-col-100 elementor-top-column elementor-element elementor-element-8a0d29b\" data-id=\"8a0d29b\" data-element_type=\"column\" data-e-type=\"column\">\n\t\t\t<div class=\"elementor-widget-wrap elementor-element-populated\">\n\t\t\t\t\t\t<div class=\"elementor-element elementor-element-02b8fb7 elementor-widget elementor-widget-heading\" data-id=\"02b8fb7\" data-element_type=\"widget\" data-e-type=\"widget\" data-widget_type=\"heading.default\">\n\t\t\t\t\t<h2 class=\"elementor-heading-title elementor-size-default\">Aprendizaje 2: El cambio siempre llega <\/h2>\t\t\t\t<\/div>\n\t\t\t\t\t<\/div>\n\t\t<\/div>\n\t\t\t\t\t<\/div>\n\t\t<\/section>\n\t\t\t\t<section data-particle_enable=\"false\" data-particle-mobile-disabled=\"false\" class=\"elementor-section elementor-top-section elementor-element elementor-element-c09df40 elementor-section-boxed elementor-section-height-default elementor-section-height-default\" data-id=\"c09df40\" data-element_type=\"section\" data-e-type=\"section\">\n\t\t\t\t\t\t<div class=\"elementor-container elementor-column-gap-default\">\n\t\t\t\t\t<div class=\"elementor-column elementor-col-100 elementor-top-column elementor-element elementor-element-068f3e2\" data-id=\"068f3e2\" data-element_type=\"column\" data-e-type=\"column\">\n\t\t\t<div class=\"elementor-widget-wrap elementor-element-populated\">\n\t\t\t\t\t\t<div class=\"elementor-element elementor-element-0adf8b6 elementor-widget elementor-widget-text-editor\" data-id=\"0adf8b6\" data-element_type=\"widget\" data-e-type=\"widget\" data-widget_type=\"text-editor.default\">\n\t\t\t\t\t\t\t\t\t<p><span style=\"color: var( --e-global-color-text );\">Pablo es hoy un exitoso asesor de seguros, finanzas e impuestos. Pero la construcci\u00f3n de esta ruta no fue f\u00e1cil ni corta. Como a tantos migrantes, s<\/span><span style=\"color: var( --e-global-color-text );\">e le dificult\u00f3 integrarse a una nueva cultura, a un nuevo idioma.\u00a0 Finalmente, legaliz\u00f3 su situaci\u00f3n migratoria y se integr\u00f3 a una vida laboral.\u00a0 Conoci\u00f3 a su esposa Ang\u00e9lica con quien hace exitoso equipo en su empresa de asesor\u00eda. Sin embargo, antes de 2019 esto no parec\u00eda posible.<\/span><\/p><p><span style=\"color: var( --e-global-color-text );\">&#8220;<\/span><span style=\"color: var( --e-global-color-text );\">En 2017 conoc\u00ed a un amigo salvadore\u00f1o que trabajaba en finanzas. Buscaba socios y nos propuso empezar a trabajar con \u00e9l, pero yo no quise, ni Ange. Yo ten\u00eda un buen trabajo, como operador de un l\u00e1ser en una f\u00e1brica de metales. Ganaba bien: hasta US$35 por hora&#8221;, cuenta.\u00a0<\/span><\/p><p><span style=\"color: var( --e-global-color-text );\">&#8220;Un domingo tuve un accidente laboral; se me disloc\u00f3 el hombro al tratar de\u00a0sostener una plancha de metal. Pens\u00e9 que pod\u00eda solo. El diagn\u00f3stico fue que quiz\u00e1 no podr\u00eda seguir laborando en la misma industria.\u00a0<\/span><span style=\"color: var( --e-global-color-text );\">Yo pens\u00e9 \u00a1Dios M\u00edo!, que voy a hacer. Me preocup\u00e9 pensando\u00a0 como iba a mantener a mi familia.<\/span><\/p><div>\u00a0<\/div>\t\t\t\t\t\t\t\t<\/div>\n\t\t\t\t\t<\/div>\n\t\t<\/div>\n\t\t\t\t\t<\/div>\n\t\t<\/section>\n\t\t\t\t<section data-particle_enable=\"false\" data-particle-mobile-disabled=\"false\" class=\"elementor-section elementor-top-section elementor-element elementor-element-3bdf1a7 elementor-section-boxed elementor-section-height-default elementor-section-height-default\" data-id=\"3bdf1a7\" data-element_type=\"section\" data-e-type=\"section\">\n\t\t\t\t\t\t<div class=\"elementor-container elementor-column-gap-default\">\n\t\t\t\t\t<div class=\"elementor-column elementor-col-100 elementor-top-column elementor-element elementor-element-4e54c97\" data-id=\"4e54c97\" data-element_type=\"column\" data-e-type=\"column\">\n\t\t\t<div class=\"elementor-widget-wrap elementor-element-populated\">\n\t\t\t\t\t\t<div class=\"elementor-element elementor-element-55ef8ce elementor-widget elementor-widget-heading\" data-id=\"55ef8ce\" data-element_type=\"widget\" data-e-type=\"widget\" data-widget_type=\"heading.default\">\n\t\t\t\t\t<h2 class=\"elementor-heading-title elementor-size-default\">Aprendizaje 3. Dios nunca te abandona<\/h2>\t\t\t\t<\/div>\n\t\t\t\t\t<\/div>\n\t\t<\/div>\n\t\t\t\t\t<\/div>\n\t\t<\/section>\n\t\t\t\t<section data-particle_enable=\"false\" data-particle-mobile-disabled=\"false\" class=\"elementor-section elementor-top-section elementor-element elementor-element-af63fed elementor-section-boxed elementor-section-height-default elementor-section-height-default\" data-id=\"af63fed\" data-element_type=\"section\" data-e-type=\"section\">\n\t\t\t\t\t\t<div class=\"elementor-container elementor-column-gap-default\">\n\t\t\t\t\t<div class=\"elementor-column elementor-col-100 elementor-top-column elementor-element elementor-element-71db0af\" data-id=\"71db0af\" data-element_type=\"column\" data-e-type=\"column\">\n\t\t\t<div class=\"elementor-widget-wrap elementor-element-populated\">\n\t\t\t\t\t\t<div class=\"elementor-element elementor-element-fae3734 elementor-widget elementor-widget-text-editor\" data-id=\"fae3734\" data-element_type=\"widget\" data-e-type=\"widget\" data-widget_type=\"text-editor.default\">\n\t\t\t\t\t\t\t\t\t<p>Pablo ya ten\u00eda una fe, conoc\u00eda la palabra de Dios. Pero en aquel momento en el hospital, con un dolor fuert\u00edsimo a pesar de los analg\u00e9sicos, no sab\u00eda qu\u00e9 hacer. &#8220;Me sal\u00ed del cuarto, entr\u00e9 al ba\u00f1o. Ca\u00ed de rodillas y empec\u00e9 a clamar a Dios. Le dije que ten\u00eda miedo porque no sab\u00eda c\u00f3mo iba a poder trabajar para mantener a mi familia&#8221;. Y en aquel momento, cuenta que sinti\u00f3 un fuerte fr\u00edo en la espalda.<\/p><p>&#8220;Sent\u00ed una voz en el cerebro que me dec\u00eda: Est\u00e1s sufriendo porque quer\u00e9s. Ah\u00ed tienes a Boris, el amigo salvadore\u00f1o que te ofreci\u00f3 una oporunidad&#8221;.\u00a0 Ah\u00ed me calm\u00e9, respir\u00e9 y me d\u00ed cuenta que hab\u00eda una opci\u00f3n para seguir adelante.<\/p>\t\t\t\t\t\t\t\t<\/div>\n\t\t\t\t\t<\/div>\n\t\t<\/div>\n\t\t\t\t\t<\/div>\n\t\t<\/section>\n\t\t\t\t<section data-particle_enable=\"false\" data-particle-mobile-disabled=\"false\" class=\"elementor-section elementor-top-section elementor-element elementor-element-fb111c3 elementor-section-boxed elementor-section-height-default elementor-section-height-default\" data-id=\"fb111c3\" data-element_type=\"section\" data-e-type=\"section\">\n\t\t\t\t\t\t<div class=\"elementor-container elementor-column-gap-default\">\n\t\t\t\t\t<div class=\"elementor-column elementor-col-100 elementor-top-column elementor-element elementor-element-70d1e66\" data-id=\"70d1e66\" data-element_type=\"column\" data-e-type=\"column\">\n\t\t\t<div class=\"elementor-widget-wrap elementor-element-populated\">\n\t\t\t\t\t\t<div class=\"elementor-element elementor-element-c497364 elementor-invisible elementor-widget elementor-widget-image\" data-id=\"c497364\" data-element_type=\"widget\" data-e-type=\"widget\" data-settings=\"{&quot;_animation&quot;:&quot;slideInUp&quot;}\" data-widget_type=\"image.default\">\n\t\t\t\t\t\t\t\t\t\t\t\t<figure class=\"wp-caption\">\n\t\t\t\t\t\t\t\t\t\t<img decoding=\"async\" width=\"768\" height=\"574\" src=\"https:\/\/soymigrante.com\/revista\/wp-content\/uploads\/2023\/12\/pablo-con-bandera.webp\" class=\"attachment-large size-large wp-image-3731\" alt=\"\" srcset=\"https:\/\/soymigrante.com\/revista\/wp-content\/uploads\/2023\/12\/pablo-con-bandera.webp 861w, https:\/\/soymigrante.com\/revista\/wp-content\/uploads\/2023\/12\/pablo-con-bandera-300x224.webp 300w, https:\/\/soymigrante.com\/revista\/wp-content\/uploads\/2023\/12\/pablo-con-bandera-768x574.webp 768w, https:\/\/soymigrante.com\/revista\/wp-content\/uploads\/2023\/12\/pablo-con-bandera-750x560.webp 750w\" sizes=\"(max-width: 768px) 100vw, 768px\" title=\"Pablo luce con orgullo una bandera guatemalteca, junto a su esposa Ang\u00e9lica, quien es de origen mexicano. Esto fue durante una convenci\u00f3n  de seguros y finanzas en Las Vegas Nevada. \u2013 SoyMigrante.com REVISTA\" \/>\t\t\t\t\t\t\t\t\t\t\t<figcaption class=\"widget-image-caption wp-caption-text\">Pablo luce con orgullo una bandera guatemalteca, junto a su esposa Ang\u00e9lica, quien es de origen mexicano. Esto fue durante una convenci\u00f3n  de seguros y finanzas en Las Vegas Nevada.<\/figcaption>\n\t\t\t\t\t\t\t\t\t\t<\/figure>\n\t\t\t\t\t\t\t\t\t<\/div>\n\t\t\t\t\t<\/div>\n\t\t<\/div>\n\t\t\t\t\t<\/div>\n\t\t<\/section>\n\t\t\t\t<section data-particle_enable=\"false\" data-particle-mobile-disabled=\"false\" class=\"elementor-section elementor-top-section elementor-element elementor-element-acb84b2 elementor-section-boxed elementor-section-height-default elementor-section-height-default\" data-id=\"acb84b2\" data-element_type=\"section\" data-e-type=\"section\">\n\t\t\t\t\t\t<div class=\"elementor-container elementor-column-gap-default\">\n\t\t\t\t\t<div class=\"elementor-column elementor-col-100 elementor-top-column elementor-element elementor-element-cae2757\" data-id=\"cae2757\" data-element_type=\"column\" data-e-type=\"column\">\n\t\t\t<div class=\"elementor-widget-wrap elementor-element-populated\">\n\t\t\t\t\t\t<div class=\"elementor-element elementor-element-0682e32 elementor-widget elementor-widget-heading\" data-id=\"0682e32\" data-element_type=\"widget\" data-e-type=\"widget\" data-widget_type=\"heading.default\">\n\t\t\t\t\t<h2 class=\"elementor-heading-title elementor-size-default\">Aprendizaje 4: Siempre hay algo nuevo para aprender y crecer<\/h2>\t\t\t\t<\/div>\n\t\t\t\t\t<\/div>\n\t\t<\/div>\n\t\t\t\t\t<\/div>\n\t\t<\/section>\n\t\t\t\t<section data-particle_enable=\"false\" data-particle-mobile-disabled=\"false\" class=\"elementor-section elementor-top-section elementor-element elementor-element-0592ffa elementor-section-boxed elementor-section-height-default elementor-section-height-default\" data-id=\"0592ffa\" data-element_type=\"section\" data-e-type=\"section\">\n\t\t\t\t\t\t<div class=\"elementor-container elementor-column-gap-default\">\n\t\t\t\t\t<div class=\"elementor-column elementor-col-100 elementor-top-column elementor-element elementor-element-0e8e01d\" data-id=\"0e8e01d\" data-element_type=\"column\" data-e-type=\"column\">\n\t\t\t<div class=\"elementor-widget-wrap elementor-element-populated\">\n\t\t\t\t\t\t<div class=\"elementor-element elementor-element-0c86197 elementor-widget elementor-widget-text-editor\" data-id=\"0c86197\" data-element_type=\"widget\" data-e-type=\"widget\" data-widget_type=\"text-editor.default\">\n\t\t\t\t\t\t\t\t\t<p><span style=\"color: var( --e-global-color-text );\">&#8220;Al hablar con Boris me dijo: \u00bfquieres trabajar conmigo? Me lo tienes que demostrar. Saqu\u00e9 una licenciatura en seguros de vida, esa es la puerta. Tengo mi propia empresa con la cual logr\u00e9 hacer contratos con varias compa\u00f1\u00edas de seguros. Manejamos seguros de vida, seguros m\u00e9dicos, reparaciones de cr\u00e9dito.<\/span><\/p><p>Per hubo algo m\u00e1s: la gente ven\u00eda, recib\u00eda asesor\u00eda y me contaban: Tengo problemas con mis impuestos. Yo no sab\u00eda nada de eso, pero como te digo &#8220;soy shute&#8221; y me puse a investigar y aprender sobre como asesorar impuestos y la gente empez\u00f3 a ahorrarse dinero tambi\u00e9n&#8221;<\/p>\t\t\t\t\t\t\t\t<\/div>\n\t\t\t\t\t<\/div>\n\t\t<\/div>\n\t\t\t\t\t<\/div>\n\t\t<\/section>\n\t\t\t\t<section data-particle_enable=\"false\" data-particle-mobile-disabled=\"false\" class=\"elementor-section elementor-top-section elementor-element elementor-element-5a95db3 elementor-section-boxed elementor-section-height-default elementor-section-height-default\" data-id=\"5a95db3\" data-element_type=\"section\" data-e-type=\"section\">\n\t\t\t\t\t\t<div class=\"elementor-container elementor-column-gap-default\">\n\t\t\t\t\t<div class=\"elementor-column elementor-col-100 elementor-top-column elementor-element elementor-element-9736ca8\" data-id=\"9736ca8\" data-element_type=\"column\" data-e-type=\"column\">\n\t\t\t<div class=\"elementor-widget-wrap elementor-element-populated\">\n\t\t\t\t\t\t<div class=\"elementor-element elementor-element-0311574 elementor-invisible elementor-widget elementor-widget-facebook-embed\" data-id=\"0311574\" data-element_type=\"widget\" data-e-type=\"widget\" data-settings=\"{&quot;_animation&quot;:&quot;zoomInDown&quot;}\" data-widget_type=\"facebook-embed.default\">\n\t\t\t\t\t<div style=\"min-height: 1px\" class=\"elementor-facebook-widget fb-post\" data-href=\"https:\/\/www.facebook.com\/reel\/674561158078980\" data-show-text=\"false\"><\/div>\t\t\t\t<\/div>\n\t\t\t\t\t<\/div>\n\t\t<\/div>\n\t\t\t\t\t<\/div>\n\t\t<\/section>\n\t\t\t\t<section data-particle_enable=\"false\" data-particle-mobile-disabled=\"false\" class=\"elementor-section elementor-top-section elementor-element elementor-element-9782a7a elementor-section-boxed elementor-section-height-default elementor-section-height-default\" data-id=\"9782a7a\" data-element_type=\"section\" data-e-type=\"section\">\n\t\t\t\t\t\t<div class=\"elementor-container elementor-column-gap-default\">\n\t\t\t\t\t<div class=\"elementor-column elementor-col-100 elementor-top-column elementor-element elementor-element-73592d2\" data-id=\"73592d2\" data-element_type=\"column\" data-e-type=\"column\">\n\t\t\t<div class=\"elementor-widget-wrap elementor-element-populated\">\n\t\t\t\t\t\t<div class=\"elementor-element elementor-element-71e337c elementor-widget elementor-widget-heading\" data-id=\"71e337c\" data-element_type=\"widget\" data-e-type=\"widget\" data-widget_type=\"heading.default\">\n\t\t\t\t\t<h2 class=\"elementor-heading-title elementor-size-default\">Aprendizaje 5: Tenemos talento pero igual hay que trabajar duro<\/h2>\t\t\t\t<\/div>\n\t\t\t\t\t<\/div>\n\t\t<\/div>\n\t\t\t\t\t<\/div>\n\t\t<\/section>\n\t\t\t\t<section data-particle_enable=\"false\" data-particle-mobile-disabled=\"false\" class=\"elementor-section elementor-top-section elementor-element elementor-element-b1956b0 elementor-section-boxed elementor-section-height-default elementor-section-height-default\" data-id=\"b1956b0\" data-element_type=\"section\" data-e-type=\"section\">\n\t\t\t\t\t\t<div class=\"elementor-container elementor-column-gap-default\">\n\t\t\t\t\t<div class=\"elementor-column elementor-col-100 elementor-top-column elementor-element elementor-element-ff31511\" data-id=\"ff31511\" data-element_type=\"column\" data-e-type=\"column\">\n\t\t\t<div class=\"elementor-widget-wrap elementor-element-populated\">\n\t\t\t\t\t\t<div class=\"elementor-element elementor-element-5d23469 elementor-widget elementor-widget-text-editor\" data-id=\"5d23469\" data-element_type=\"widget\" data-e-type=\"widget\" data-widget_type=\"text-editor.default\">\n\t\t\t\t\t\t\t\t\t<p>L<span style=\"color: var( --e-global-color-text );\">&#8220;Aqu\u00ed en Estados Unidos puedes triunfar, pero uno mismo se pone sus limitaciones. Lo m\u00e1s dif\u00edcil para m\u00ed al principio fue creer que yo pod\u00eda. No tienes que ser suoper inteligente ni reinventar la rueda. Es como armar un rompecabezas de mil piezas: pero si empiezas a conocer el sistema, empiezas a poner las piezas de las esquinas y las de alrededor. Esos lados rectos son el sistema y luego puedes ir armando el resto.<\/span><\/p><p>&#8220;Al principio mi esposa no estaba muy convencida de entrar al tema de seguros y finanzas. Pero poco a poco, ella tambi\u00e9n empez\u00f3 a trabajar en esto. Ahora te puedo decir que yo soy el que habla, el que hace el marketing y ella es la que mantiene todo avanzando y funcionando.\u00a0 Hoy en d\u00eda este somos exitosos gracias al esfuerzo de los 2.\u00a0<\/p><p>\u00a0<\/p>\t\t\t\t\t\t\t\t<\/div>\n\t\t\t\t\t<\/div>\n\t\t<\/div>\n\t\t\t\t\t<\/div>\n\t\t<\/section>\n\t\t\t\t<section data-particle_enable=\"false\" data-particle-mobile-disabled=\"false\" class=\"elementor-section elementor-top-section elementor-element elementor-element-7855ba8 elementor-section-boxed elementor-section-height-default elementor-section-height-default\" data-id=\"7855ba8\" data-element_type=\"section\" data-e-type=\"section\">\n\t\t\t\t\t\t<div class=\"elementor-container elementor-column-gap-default\">\n\t\t\t\t\t<div class=\"elementor-column elementor-col-100 elementor-top-column elementor-element elementor-element-5d3e16a\" data-id=\"5d3e16a\" data-element_type=\"column\" data-e-type=\"column\">\n\t\t\t<div class=\"elementor-widget-wrap elementor-element-populated\">\n\t\t\t\t\t\t<div class=\"elementor-element elementor-element-2202f4b elementor-invisible elementor-widget elementor-widget-image\" data-id=\"2202f4b\" data-element_type=\"widget\" data-e-type=\"widget\" data-settings=\"{&quot;_animation&quot;:&quot;rotateInUpRight&quot;}\" data-widget_type=\"image.default\">\n\t\t\t\t\t\t\t\t\t\t\t\t<figure class=\"wp-caption\">\n\t\t\t\t\t\t\t\t\t\t<img loading=\"lazy\" decoding=\"async\" width=\"768\" height=\"783\" src=\"https:\/\/soymigrante.com\/revista\/wp-content\/uploads\/2023\/12\/pablo-durini2.webp\" class=\"attachment-large size-large wp-image-3728\" alt=\"\" srcset=\"https:\/\/soymigrante.com\/revista\/wp-content\/uploads\/2023\/12\/pablo-durini2.webp 998w, https:\/\/soymigrante.com\/revista\/wp-content\/uploads\/2023\/12\/pablo-durini2-294x300.webp 294w, https:\/\/soymigrante.com\/revista\/wp-content\/uploads\/2023\/12\/pablo-durini2-768x783.webp 768w, https:\/\/soymigrante.com\/revista\/wp-content\/uploads\/2023\/12\/pablo-durini2-75x75.webp 75w, https:\/\/soymigrante.com\/revista\/wp-content\/uploads\/2023\/12\/pablo-durini2-750x765.webp 750w\" sizes=\"(max-width: 768px) 100vw, 768px\" title=\"Avatar de las redes sociales de Pablo Higueros, un migrante guatemalteco y experto financiero cuyo mayor \u00e9xito est\u00e1 en la atenci\u00f3n a cada cliente . Su actitud positiva se alimenta a diario de servicio a los dem\u00e1s. \u2013 SoyMigrante.com REVISTA\" \/>\t\t\t\t\t\t\t\t\t\t\t<figcaption class=\"widget-image-caption wp-caption-text\">Avatar de las redes sociales de Pablo Higueros, un migrante guatemalteco y experto financiero cuyo mayor \u00e9xito est\u00e1 en la atenci\u00f3n a cada cliente . Su actitud positiva se alimenta a diario de servicio a los dem\u00e1s.<\/figcaption>\n\t\t\t\t\t\t\t\t\t\t<\/figure>\n\t\t\t\t\t\t\t\t\t<\/div>\n\t\t\t\t\t<\/div>\n\t\t<\/div>\n\t\t\t\t\t<\/div>\n\t\t<\/section>\n\t\t\t\t<section data-particle_enable=\"false\" data-particle-mobile-disabled=\"false\" class=\"elementor-section elementor-top-section elementor-element elementor-element-e1495d2 elementor-section-boxed elementor-section-height-default elementor-section-height-default\" data-id=\"e1495d2\" data-element_type=\"section\" data-e-type=\"section\">\n\t\t\t\t\t\t<div class=\"elementor-container elementor-column-gap-default\">\n\t\t\t\t\t<div class=\"elementor-column elementor-col-100 elementor-top-column elementor-element elementor-element-c7e3d0d\" data-id=\"c7e3d0d\" data-element_type=\"column\" data-e-type=\"column\">\n\t\t\t<div class=\"elementor-widget-wrap elementor-element-populated\">\n\t\t\t\t\t\t<div class=\"elementor-element elementor-element-bf5fd56 elementor-widget elementor-widget-heading\" data-id=\"bf5fd56\" data-element_type=\"widget\" data-e-type=\"widget\" data-widget_type=\"heading.default\">\n\t\t\t\t\t<h2 class=\"elementor-heading-title elementor-size-default\">Aprendizaje 6: Ser guatemalteco tiene un gran significado en Estados Unidos<\/h2>\t\t\t\t<\/div>\n\t\t\t\t\t<\/div>\n\t\t<\/div>\n\t\t\t\t\t<\/div>\n\t\t<\/section>\n\t\t\t\t<section data-particle_enable=\"false\" data-particle-mobile-disabled=\"false\" class=\"elementor-section elementor-top-section elementor-element elementor-element-c84ad7b elementor-section-boxed elementor-section-height-default elementor-section-height-default\" data-id=\"c84ad7b\" data-element_type=\"section\" data-e-type=\"section\">\n\t\t\t\t\t\t<div class=\"elementor-container elementor-column-gap-default\">\n\t\t\t\t\t<div class=\"elementor-column elementor-col-100 elementor-top-column elementor-element elementor-element-0f88efe\" data-id=\"0f88efe\" data-element_type=\"column\" data-e-type=\"column\">\n\t\t\t<div class=\"elementor-widget-wrap elementor-element-populated\">\n\t\t\t\t\t\t<div class=\"elementor-element elementor-element-2c676b7 elementor-widget elementor-widget-text-editor\" data-id=\"2c676b7\" data-element_type=\"widget\" data-e-type=\"widget\" data-widget_type=\"text-editor.default\">\n\t\t\t\t\t\t\t\t\t<p><span style=\"color: var( --e-global-color-text );\">&#8220;Aqui en Estados Unidos el guatemalteco tiene mucha oportunidad, porque tiene una buena fama: de ser dedicado, responsable: ser una m\u00e1quina para trabajar&#8221;, cuenta Pablo, quien valora los recuerdos, sabores, paisajes que lleva en la memoria y el coraz\u00f3n.\u00a0<\/span><\/p><p><span style=\"color: var( --e-global-color-text );\">&#8220;Cuando viajo por trabajo y convenciones a la ciudad que voy busco un restaurante guatemalteco. Primero para disfrutar el sabor pero tambi\u00e9n para conversar. Y para aprender, como los guatemaltecos somos famosos por ser unas m\u00e1quinas para trabajar. Pero nuestro problema es que nos aislamos, nos metemos en una esquinita. Y eso a veces oculta nuestro potencial. Tenemos que salir, ser seguros, decidirnos&#8230; y tambi\u00e9n pagar impuestos, porque eso es clave a la hora de meterse a tramitar una legalizaci\u00f3n&#8221;.<\/span><\/p>\t\t\t\t\t\t\t\t<\/div>\n\t\t\t\t\t<\/div>\n\t\t<\/div>\n\t\t\t\t\t<\/div>\n\t\t<\/section>\n\t\t\t\t<section data-particle_enable=\"false\" data-particle-mobile-disabled=\"false\" class=\"elementor-section elementor-top-section elementor-element elementor-element-4615157 elementor-section-boxed elementor-section-height-default elementor-section-height-default\" data-id=\"4615157\" data-element_type=\"section\" data-e-type=\"section\">\n\t\t\t\t\t\t<div class=\"elementor-container elementor-column-gap-default\">\n\t\t\t\t\t<div class=\"elementor-column elementor-col-100 elementor-top-column elementor-element elementor-element-647be23\" data-id=\"647be23\" data-element_type=\"column\" data-e-type=\"column\">\n\t\t\t<div class=\"elementor-widget-wrap elementor-element-populated\">\n\t\t\t\t\t\t<div class=\"elementor-element elementor-element-80310a0 elementor-widget__width-auto elementor-widget elementor-widget-facebook-embed\" data-id=\"80310a0\" data-element_type=\"widget\" data-e-type=\"widget\" data-widget_type=\"facebook-embed.default\">\n\t\t\t\t\t<div style=\"min-height: 1px\" class=\"elementor-facebook-widget fb-post\" data-href=\"https:\/\/fb.watch\/oNPpbnyZ3z\/\" data-show-text=\"false\"><\/div>\t\t\t\t<\/div>\n\t\t\t\t\t<\/div>\n\t\t<\/div>\n\t\t\t\t\t<\/div>\n\t\t<\/section>\n\t\t\t\t<section data-particle_enable=\"false\" data-particle-mobile-disabled=\"false\" class=\"elementor-section elementor-top-section elementor-element elementor-element-2fe18af elementor-section-boxed elementor-section-height-default elementor-section-height-default\" data-id=\"2fe18af\" data-element_type=\"section\" data-e-type=\"section\">\n\t\t\t\t\t\t<div class=\"elementor-container elementor-column-gap-default\">\n\t\t\t\t\t<div class=\"elementor-column elementor-col-100 elementor-top-column elementor-element elementor-element-1e30753\" data-id=\"1e30753\" data-element_type=\"column\" data-e-type=\"column\">\n\t\t\t<div class=\"elementor-widget-wrap elementor-element-populated\">\n\t\t\t\t\t\t<div class=\"elementor-element elementor-element-06ed368 elementor-widget elementor-widget-heading\" data-id=\"06ed368\" data-element_type=\"widget\" data-e-type=\"widget\" data-widget_type=\"heading.default\">\n\t\t\t\t\t<h2 class=\"elementor-heading-title elementor-size-default\">Aprendizaje 7: El servicio a los dem\u00e1s es devolver lo recibido <\/h2>\t\t\t\t<\/div>\n\t\t\t\t\t<\/div>\n\t\t<\/div>\n\t\t\t\t\t<\/div>\n\t\t<\/section>\n\t\t\t\t<section data-particle_enable=\"false\" data-particle-mobile-disabled=\"false\" class=\"elementor-section elementor-top-section elementor-element elementor-element-736ca32 elementor-section-boxed elementor-section-height-default elementor-section-height-default\" data-id=\"736ca32\" data-element_type=\"section\" data-e-type=\"section\">\n\t\t\t\t\t\t<div class=\"elementor-container elementor-column-gap-default\">\n\t\t\t\t\t<div class=\"elementor-column elementor-col-100 elementor-top-column elementor-element elementor-element-3486d2a\" data-id=\"3486d2a\" data-element_type=\"column\" data-e-type=\"column\">\n\t\t\t<div class=\"elementor-widget-wrap elementor-element-populated\">\n\t\t\t\t\t\t<div class=\"elementor-element elementor-element-a9c3605 elementor-widget elementor-widget-text-editor\" data-id=\"a9c3605\" data-element_type=\"widget\" data-e-type=\"widget\" data-widget_type=\"text-editor.default\">\n\t\t\t\t\t\t\t\t\t<p>Pablo Higueros tambi\u00e9n suele aconsejar, gratuitamente, a familias migrantes hispanas que pueden aplicar a ciertos procesos de residencia o permisos laborales.<\/p><p>&#8220;Cuando yo arregl\u00e9 mi situaci\u00f3n legal migratoria aprend\u00ed mucho tambi\u00e9n. Conoc\u00ed a familias sin papeles, que ten\u00edan opciones y que viv\u00edan con miedo. La ley en Estados Unidos te da muchas oportunidades, pero la gente no las conoce. Entonces empec\u00e9 a ayudarles. Siempre les aclaro y les digo yo no soy abogado y por eso lo que doy no es un consejo legal y no cobro. Lo hago como un servicio social.<\/p>\t\t\t\t\t\t\t\t<\/div>\n\t\t\t\t\t<\/div>\n\t\t<\/div>\n\t\t\t\t\t<\/div>\n\t\t<\/section>\n\t\t\t\t<section data-particle_enable=\"false\" data-particle-mobile-disabled=\"false\" class=\"elementor-section elementor-top-section elementor-element elementor-element-093f5f8 elementor-section-boxed elementor-section-height-default elementor-section-height-default\" data-id=\"093f5f8\" data-element_type=\"section\" data-e-type=\"section\">\n\t\t\t\t\t\t<div class=\"elementor-container elementor-column-gap-default\">\n\t\t\t\t\t<div class=\"elementor-column elementor-col-100 elementor-top-column elementor-element elementor-element-dfd7d57\" data-id=\"dfd7d57\" data-element_type=\"column\" data-e-type=\"column\">\n\t\t\t<div class=\"elementor-widget-wrap elementor-element-populated\">\n\t\t\t\t\t\t<div class=\"elementor-element elementor-element-fab46be elementor-widget elementor-widget-facebook-page\" data-id=\"fab46be\" data-element_type=\"widget\" data-e-type=\"widget\" data-widget_type=\"facebook-page.default\">\n\t\t\t\t\t<div class=\"elementor-facebook-widget fb-page\" data-href=\"https:\/\/www.facebook.com\/pablo.higuerosdurini\/videos\" data-tabs=\"timeline\" data-height=\"500px\" data-width=\"500px\" data-small-header=\"true\" data-hide-cover=\"false\" data-show-facepile=\"true\" data-hide-cta=\"false\" style=\"min-height: 1px;height:500px\"><\/div>\t\t\t\t<\/div>\n\t\t\t\t\t<\/div>\n\t\t<\/div>\n\t\t\t\t\t<\/div>\n\t\t<\/section>\n\t\t\t\t<section data-particle_enable=\"false\" data-particle-mobile-disabled=\"false\" class=\"elementor-section elementor-top-section elementor-element elementor-element-876a211 elementor-section-boxed elementor-section-height-default elementor-section-height-default\" data-id=\"876a211\" data-element_type=\"section\" data-e-type=\"section\">\n\t\t\t\t\t\t<div class=\"elementor-container elementor-column-gap-default\">\n\t\t\t\t\t<div class=\"elementor-column elementor-col-100 elementor-top-column elementor-element elementor-element-46e604f\" data-id=\"46e604f\" data-element_type=\"column\" data-e-type=\"column\">\n\t\t\t<div class=\"elementor-widget-wrap elementor-element-populated\">\n\t\t\t\t\t\t<div class=\"elementor-element elementor-element-cad8194 elementor-widget elementor-widget-heading\" data-id=\"cad8194\" data-element_type=\"widget\" data-e-type=\"widget\" data-widget_type=\"heading.default\">\n\t\t\t\t\t<h2 class=\"elementor-heading-title elementor-size-default\">\u00bfQuieres m\u00e1s historias de inspiraci\u00f3n? <\/h2>\t\t\t\t<\/div>\n\t\t\t\t\t<\/div>\n\t\t<\/div>\n\t\t\t\t\t<\/div>\n\t\t<\/section>\n\t\t\t\t<section data-particle_enable=\"false\" data-particle-mobile-disabled=\"false\" class=\"elementor-section elementor-top-section elementor-element elementor-element-5cb2e38 elementor-section-boxed elementor-section-height-default elementor-section-height-default\" data-id=\"5cb2e38\" data-element_type=\"section\" data-e-type=\"section\">\n\t\t\t\t\t\t<div class=\"elementor-container elementor-column-gap-default\">\n\t\t\t\t\t<div class=\"elementor-column elementor-col-100 elementor-top-column elementor-element elementor-element-4b94752\" data-id=\"4b94752\" data-element_type=\"column\" data-e-type=\"column\">\n\t\t\t<div class=\"elementor-widget-wrap elementor-element-populated\">\n\t\t\t\t\t\t<div class=\"elementor-element elementor-element-8458e74 elementor-grid-eael-col-4 elementor-grid-tablet-eael-col-2 elementor-grid-mobile-eael-col-1 elementor-widget elementor-widget-eael-post-grid\" data-id=\"8458e74\" data-element_type=\"widget\" data-e-type=\"widget\" data-settings=\"{&quot;eael_post_grid_columns&quot;:&quot;eael-col-4&quot;,&quot;eael_post_grid_columns_tablet&quot;:&quot;eael-col-2&quot;,&quot;eael_post_grid_columns_mobile&quot;:&quot;eael-col-1&quot;}\" data-widget_type=\"eael-post-grid.default\">\n\t\t\t\t\t<div id=\"eael-post-grid-8458e74\" class=\"eael-post-grid-container\">\n            <div class=\"eael-post-grid eael-post-appender eael-post-appender-8458e74 eael-post-grid-style-three\" data-layout-mode=\"masonry\"><article class=\"eael-grid-post  eael-post-grid-column eael-pg-post-5013 category-exitos\" data-id=\"5013\">\n        <div class=\"eael-grid-post-holder\">\n            <div class=\"eael-grid-post-holder-inner\"><div class=\"eael-entry-media\"><div class=\"eael-entry-overlay fade-in\"><i class=\"fas fa-long-arrow-alt-right\" aria-hidden=\"true\"><\/i><a href=\"https:\/\/soymigrante.com\/revista\/migrante-guatemalteco-industria-herreria\/\"><\/a><\/div><div class=\"eael-entry-thumbnail \">\n                 <img loading=\"lazy\" decoding=\"async\" width=\"300\" height=\"259\" src=\"https:\/\/soymigrante.com\/revista\/wp-content\/uploads\/2024\/02\/diego-manuel-6-66-300x259.webp\" class=\"attachment-medium size-medium wp-image-5015\" alt=\"Diego Manuel migrante herrero en Alabama\" srcset=\"https:\/\/soymigrante.com\/revista\/wp-content\/uploads\/2024\/02\/diego-manuel-6-66-300x259.webp 300w, https:\/\/soymigrante.com\/revista\/wp-content\/uploads\/2024\/02\/diego-manuel-6-66-1024x884.webp 1024w, https:\/\/soymigrante.com\/revista\/wp-content\/uploads\/2024\/02\/diego-manuel-6-66-768x663.webp 768w, https:\/\/soymigrante.com\/revista\/wp-content\/uploads\/2024\/02\/diego-manuel-6-66.webp 1090w\" sizes=\"(max-width: 300px) 100vw, 300px\" \/>\n             <\/div>\n        <\/div><div class=\"eael-entry-wrapper\"><header class=\"eael-entry-header\"><h2 class=\"eael-entry-title\"><a class=\"eael-grid-post-link\" href=\"https:\/\/soymigrante.com\/revista\/migrante-guatemalteco-industria-herreria\/\" title=\"Voluntad migrante de acero: Diego Manuel arranc\u00f3 su \u00e9xito desde cero\">Voluntad migrante de acero: Diego Manuel arranc\u00f3 su \u00e9xito desde cero<\/a><\/h2><\/header><div class=\"eael-entry-content\">\n                        <div class=\"eael-grid-post-excerpt\"><p>Originario de Santa Eulalia, Huehuetenango, Diego Manuel no sab\u00eda de...<\/p><a href=\"https:\/\/soymigrante.com\/revista\/migrante-guatemalteco-industria-herreria\/\" class=\"eael-post-elements-readmore-btn\">Leer m\u00e1s<\/a><\/div>\n                    <\/div><\/div><\/div>\n        <\/div>\n    <\/article><article class=\"eael-grid-post  eael-post-grid-column eael-pg-post-53345 category-exitos-guatemala tags-danzas-de-guatemala\" data-id=\"53345\">\n        <div class=\"eael-grid-post-holder\">\n            <div class=\"eael-grid-post-holder-inner\"><div class=\"eael-entry-media\"><div class=\"eael-entry-overlay fade-in\"><i class=\"fas fa-long-arrow-alt-right\" aria-hidden=\"true\"><\/i><a href=\"https:\/\/soymigrante.com\/revista\/vilma-tzoc-y-sus-hijas-hacen-brillar-las-danzas-mayas-guatemaltecas-en-nueva-york\/\"><\/a><\/div><div class=\"eael-entry-thumbnail \">\n                 <img loading=\"lazy\" decoding=\"async\" width=\"300\" height=\"300\" src=\"https:\/\/soymigrante.com\/revista\/wp-content\/uploads\/2026\/03\/Vilma-tzoc-e-hijas-grupo-danza-folclorica-multicultural-en-brooklyn-nueva-york-2-300x300.jpeg\" class=\"attachment-medium size-medium wp-image-53346\" alt=\"Vilma tzoc e hijas grupo danza folclorica multicultural en brooklyn nueva york 2\" srcset=\"https:\/\/soymigrante.com\/revista\/wp-content\/uploads\/2026\/03\/Vilma-tzoc-e-hijas-grupo-danza-folclorica-multicultural-en-brooklyn-nueva-york-2-300x300.jpeg 300w, https:\/\/soymigrante.com\/revista\/wp-content\/uploads\/2026\/03\/Vilma-tzoc-e-hijas-grupo-danza-folclorica-multicultural-en-brooklyn-nueva-york-2-150x150.jpeg 150w, https:\/\/soymigrante.com\/revista\/wp-content\/uploads\/2026\/03\/Vilma-tzoc-e-hijas-grupo-danza-folclorica-multicultural-en-brooklyn-nueva-york-2-768x768.jpeg 768w, https:\/\/soymigrante.com\/revista\/wp-content\/uploads\/2026\/03\/Vilma-tzoc-e-hijas-grupo-danza-folclorica-multicultural-en-brooklyn-nueva-york-2-75x75.jpeg 75w, https:\/\/soymigrante.com\/revista\/wp-content\/uploads\/2026\/03\/Vilma-tzoc-e-hijas-grupo-danza-folclorica-multicultural-en-brooklyn-nueva-york-2-750x750.jpeg 750w, https:\/\/soymigrante.com\/revista\/wp-content\/uploads\/2026\/03\/Vilma-tzoc-e-hijas-grupo-danza-folclorica-multicultural-en-brooklyn-nueva-york-2.jpeg 819w\" sizes=\"(max-width: 300px) 100vw, 300px\" \/>\n             <\/div>\n        <\/div><div class=\"eael-entry-wrapper\"><header class=\"eael-entry-header\"><h2 class=\"eael-entry-title\"><a class=\"eael-grid-post-link\" href=\"https:\/\/soymigrante.com\/revista\/vilma-tzoc-y-sus-hijas-hacen-brillar-las-danzas-mayas-guatemaltecas-en-nueva-york\/\" title=\"Vilma Tzoc y sus hijas hacen brillar las danzas mayas guatemaltecas en Nueva York\">Vilma Tzoc y sus hijas hacen brillar las danzas mayas guatemaltecas en Nueva York<\/a><\/h2><\/header><div class=\"eael-entry-content\">\n                        <div class=\"eael-grid-post-excerpt\"><p>Vilma Tzoc, originaria de San Juan Argueta, Solol\u00e1 y sus...<\/p><a href=\"https:\/\/soymigrante.com\/revista\/vilma-tzoc-y-sus-hijas-hacen-brillar-las-danzas-mayas-guatemaltecas-en-nueva-york\/\" class=\"eael-post-elements-readmore-btn\">Leer m\u00e1s<\/a><\/div>\n                    <\/div><\/div><\/div>\n        <\/div>\n    <\/article><article class=\"eael-grid-post  eael-post-grid-column eael-pg-post-1261 category-exitos-guatemala tags-texas\" data-id=\"1261\">\n        <div class=\"eael-grid-post-holder\">\n            <div class=\"eael-grid-post-holder-inner\"><div class=\"eael-entry-media\"><div class=\"eael-entry-overlay fade-in\"><i class=\"fas fa-long-arrow-alt-right\" aria-hidden=\"true\"><\/i><a href=\"https:\/\/soymigrante.com\/revista\/esposos-migrantes-estilistas-guatemaltecos\/\"><\/a><\/div><div class=\"eael-entry-thumbnail \">\n                 <img loading=\"lazy\" decoding=\"async\" width=\"300\" height=\"135\" src=\"https:\/\/soymigrante.com\/revista\/wp-content\/uploads\/2023\/06\/Ambos-son-migrantes-guatemaltecos-que-decidieron-trabajar-y-emprender-su-negocio-en-la-localidad-de-Totonicapan-300x135.webp\" class=\"attachment-medium size-medium wp-image-1266\" alt=\"Un lugar que atiende a toda una localidad\" srcset=\"https:\/\/soymigrante.com\/revista\/wp-content\/uploads\/2023\/06\/Ambos-son-migrantes-guatemaltecos-que-decidieron-trabajar-y-emprender-su-negocio-en-la-localidad-de-Totonicapan-300x135.webp 300w, https:\/\/soymigrante.com\/revista\/wp-content\/uploads\/2023\/06\/Ambos-son-migrantes-guatemaltecos-que-decidieron-trabajar-y-emprender-su-negocio-en-la-localidad-de-Totonicapan-1024x461.jpg 1024w, https:\/\/soymigrante.com\/revista\/wp-content\/uploads\/2023\/06\/Ambos-son-migrantes-guatemaltecos-que-decidieron-trabajar-y-emprender-su-negocio-en-la-localidad-de-Totonicapan-768x345.jpg 768w, https:\/\/soymigrante.com\/revista\/wp-content\/uploads\/2023\/06\/Ambos-son-migrantes-guatemaltecos-que-decidieron-trabajar-y-emprender-su-negocio-en-la-localidad-de-Totonicapan-1536x691.jpg 1536w, https:\/\/soymigrante.com\/revista\/wp-content\/uploads\/2023\/06\/Ambos-son-migrantes-guatemaltecos-que-decidieron-trabajar-y-emprender-su-negocio-en-la-localidad-de-Totonicapan-2048x921.jpg 2048w, https:\/\/soymigrante.com\/revista\/wp-content\/uploads\/2023\/06\/Ambos-son-migrantes-guatemaltecos-que-decidieron-trabajar-y-emprender-su-negocio-en-la-localidad-de-Totonicapan-750x337.webp 750w, https:\/\/soymigrante.com\/revista\/wp-content\/uploads\/2023\/06\/Ambos-son-migrantes-guatemaltecos-que-decidieron-trabajar-y-emprender-su-negocio-en-la-localidad-de-Totonicapan-1140x513.jpg 1140w, https:\/\/soymigrante.com\/revista\/wp-content\/uploads\/2023\/06\/Ambos-son-migrantes-guatemaltecos-que-decidieron-trabajar-y-emprender-su-negocio-en-la-localidad-de-Totonicapan-scaled.webp 1920w\" sizes=\"(max-width: 300px) 100vw, 300px\" \/>\n             <\/div>\n        <\/div><div class=\"eael-entry-wrapper\"><header class=\"eael-entry-header\"><h2 class=\"eael-entry-title\"><a class=\"eael-grid-post-link\" href=\"https:\/\/soymigrante.com\/revista\/esposos-migrantes-estilistas-guatemaltecos\/\" title=\"Viaje migrante &#8220;de al pelo&#8221;, de ida y vuelta, de Totonicap\u00e1n a Texas\">Viaje migrante &#8220;de al pelo&#8221;, de ida y vuelta, de Totonicap\u00e1n a Texas<\/a><\/h2><\/header><div class=\"eael-entry-content\">\n                        <div class=\"eael-grid-post-excerpt\"><p>Los esposos Zapeta Vel\u00e1squez lograron, como migrantes en Texas, ganarse...<\/p><a href=\"https:\/\/soymigrante.com\/revista\/esposos-migrantes-estilistas-guatemaltecos\/\" class=\"eael-post-elements-readmore-btn\">Leer m\u00e1s<\/a><\/div>\n                    <\/div><\/div><\/div>\n        <\/div>\n    <\/article><article class=\"eael-grid-post  eael-post-grid-column eael-pg-post-32026 category-exitos-guatemala\" data-id=\"32026\">\n        <div class=\"eael-grid-post-holder\">\n            <div class=\"eael-grid-post-holder-inner\"><div class=\"eael-entry-media\"><div class=\"eael-entry-overlay fade-in\"><i class=\"fas fa-long-arrow-alt-right\" aria-hidden=\"true\"><\/i><a href=\"https:\/\/soymigrante.com\/revista\/migrante-guatemalteco-julio-veras-miami-vende-casas-bienes-raices-historia\/\"><\/a><\/div><div class=\"eael-entry-thumbnail \">\n                 <img loading=\"lazy\" decoding=\"async\" width=\"300\" height=\"300\" src=\"https:\/\/soymigrante.com\/revista\/wp-content\/uploads\/2025\/04\/julio-veras-guatemalteco-miami-real-estate-300x300.png\" class=\"attachment-medium size-medium wp-image-32027\" alt=\"Casa moderna con plano de vivienda en dise\u00f1o arquitect\u00f3nico y un hombre sonriendo y dando un pulgar arriba.\" srcset=\"https:\/\/soymigrante.com\/revista\/wp-content\/uploads\/2025\/04\/julio-veras-guatemalteco-miami-real-estate-300x300.png 300w, https:\/\/soymigrante.com\/revista\/wp-content\/uploads\/2025\/04\/julio-veras-guatemalteco-miami-real-estate-1024x1024.png 1024w, https:\/\/soymigrante.com\/revista\/wp-content\/uploads\/2025\/04\/julio-veras-guatemalteco-miami-real-estate-150x150.png 150w, https:\/\/soymigrante.com\/revista\/wp-content\/uploads\/2025\/04\/julio-veras-guatemalteco-miami-real-estate-768x768.png 768w, https:\/\/soymigrante.com\/revista\/wp-content\/uploads\/2025\/04\/julio-veras-guatemalteco-miami-real-estate-75x75.png 75w, https:\/\/soymigrante.com\/revista\/wp-content\/uploads\/2025\/04\/julio-veras-guatemalteco-miami-real-estate-750x750.png 750w, https:\/\/soymigrante.com\/revista\/wp-content\/uploads\/2025\/04\/julio-veras-guatemalteco-miami-real-estate.png 1120w\" sizes=\"(max-width: 300px) 100vw, 300px\" \/>\n             <\/div>\n        <\/div><div class=\"eael-entry-wrapper\"><header class=\"eael-entry-header\"><h2 class=\"eael-entry-title\"><a class=\"eael-grid-post-link\" href=\"https:\/\/soymigrante.com\/revista\/migrante-guatemalteco-julio-veras-miami-vende-casas-bienes-raices-historia\/\" title=\"Vend\u00eda ollas de casa en casa y ahora vende casas: Julio Veras, emprendedor en Miami\">Vend\u00eda ollas de casa en casa y ahora vende casas: Julio Veras, emprendedor en Miami<\/a><\/h2><\/header><div class=\"eael-entry-content\">\n                        <div class=\"eael-grid-post-excerpt\"><p>El guatemalteco Julio Veras lleva 35 a\u00f1os en Estados Unidos....<\/p><a href=\"https:\/\/soymigrante.com\/revista\/migrante-guatemalteco-julio-veras-miami-vende-casas-bienes-raices-historia\/\" class=\"eael-post-elements-readmore-btn\">Leer m\u00e1s<\/a><\/div>\n                    <\/div><\/div><\/div>\n        <\/div>\n    <\/article><\/div>\n            <div class=\"clearfix\"><\/div>\n        <\/div>            <div class=\"eael-load-more-button-wrap eael-force-hide\">\n                <button class=\"eael-load-more-button\" id=\"eael-load-more-btn-8458e74\" data-widget-id=\"8458e74\" data-widget=\"8458e74\" data-page-id=\"3726\" data-template=\"{&quot;dir&quot;:&quot;lite&quot;,&quot;file_name&quot;:&quot;three.php&quot;,&quot;name&quot;:&quot;Post-Grid&quot;}\" data-class=\"Essential_Addons_Elementor\\Elements\\Post_Grid\" data-layout=\"masonry\" data-page=\"1\" data-args=\"orderby=title&amp;order=desc&amp;ignore_sticky_posts=1&amp;post_status=publish&amp;posts_per_page=4&amp;offset=8&amp;post_type=post&amp;tax_query%5B0%5D%5Btaxonomy%5D=category&amp;tax_query%5B0%5D%5Bfield%5D=term_id&amp;tax_query%5B0%5D%5Bterms%5D%5B0%5D=50&amp;tax_query%5Brelation%5D=AND\" data-max-page=\"76\">\n                    <span class=\"eael-btn-loader button__loader\"><\/span>\n                    <span class=\"eael_load_more_text\">Cargar m\u00e1s<\/span>\n                <\/button>\n            <\/div>\n            \t\t\t\t<\/div>\n\t\t\t\t\t<\/div>\n\t\t<\/div>\n\t\t\t\t\t<\/div>\n\t\t<\/section>\n\t\t\t\t<\/div>\n\t\t","protected":false},"excerpt":{"rendered":"<p>Detr\u00e1s del \u00e9xito del migrante guatemalteco Pablo Higueros hay pasajes dif\u00edciles, experiencias, mucho trabajo y fe en Dios. Es experto en seguros, finanzas e impuestos, pero tambi\u00e9n en ayudar a otros guatemaltecos en Texas. Pablo Higueros Durini aprendi\u00f3 que las metas requieren siempre de aprendizajes y que los aprendizajes a menudo no son f\u00e1ciles porque [&hellip;]<\/p>\n","protected":false},"author":7,"featured_media":3727,"comment_status":"open","ping_status":"open","sticky":false,"template":"","format":"standard","meta":{"_acf_changed":false,"_eb_attr":"","footnotes":""},"categories":[50],"tags":[],"class_list":["post-3726","post","type-post","status-publish","format-standard","has-post-thumbnail","hentry","category-exitos"],"acf":[],"aioseo_notices":[],"aioseo_head":"\n\t\t<!-- All in One SEO Pro 4.9.6.2 - aioseo.com -->\n\t<meta name=\"description\" content=\"El guatemalteco Julio Veras fue jardinero, vendedor ambulante, lavaplatos y m\u00e1s antes de llegar a los bienes ra\u00edces. Su historia nigrante inspira altas metas.\" \/>\n\t<meta name=\"robots\" content=\"max-snippet:-1, max-image-preview:large, max-video-preview:-1\" \/>\n\t<meta name=\"author\" content=\"Gustavo Montenegro\"\/>\n\t<link rel=\"canonical\" href=\"https:\/\/soymigrante.com\/revista\/migrante-guatemalteco-julio-veras-miami-vende-casas-bienes-raices-historia\/\" \/>\n\t<meta name=\"generator\" content=\"All in One SEO Pro (AIOSEO) 4.9.6.2\" \/>\n\n\t\t<link rel=\"preconnect\" href=\"https:\/\/fonts.googleapis.com\" crossorigin>\n<link rel=\"preconnect\" href=\"https:\/\/fonts.gstatic.com\" crossorigin>\n\t\t<meta property=\"og:locale\" content=\"es_ES\" \/>\n\t\t<meta property=\"og:site_name\" content=\"SoyMigrante.com REVISTA \u2013 Nuestra misi\u00f3n es reconocer y dignificar al migrante.\" \/>\n\t\t<meta property=\"og:type\" content=\"article\" \/>\n\t\t<meta property=\"og:title\" content=\"Julio Veras guatemalteco experto en bienes ra\u00edces en Miami\" \/>\n\t\t<meta property=\"og:description\" content=\"El guatemalteco Julio Veras fue jardinero, vendedor ambulante, lavaplatos y m\u00e1s antes de llegar a los bienes ra\u00edces. Su historia nigrante inspira altas metas.\" \/>\n\t\t<meta property=\"og:url\" content=\"https:\/\/soymigrante.com\/revista\/migrante-guatemalteco-julio-veras-miami-vende-casas-bienes-raices-historia\/\" \/>\n\t\t<meta property=\"og:image\" content=\"https:\/\/soymigrante.com\/revista\/wp-content\/uploads\/2025\/04\/julio-veras-guatemalteco-miami-real-estate.png\" \/>\n\t\t<meta property=\"og:image:secure_url\" content=\"https:\/\/soymigrante.com\/revista\/wp-content\/uploads\/2025\/04\/julio-veras-guatemalteco-miami-real-estate.png\" \/>\n\t\t<meta property=\"og:image:width\" content=\"1120\" \/>\n\t\t<meta property=\"og:image:height\" content=\"1120\" \/>\n\t\t<meta property=\"article:published_time\" content=\"2025-04-28T17:05:39+00:00\" \/>\n\t\t<meta property=\"article:modified_time\" content=\"2025-10-03T20:49:01+00:00\" \/>\n\t\t<meta property=\"article:publisher\" content=\"https:\/\/www.facebook.com\/soymigrantecom\" \/>\n\t\t<meta name=\"twitter:card\" content=\"summary_large_image\" \/>\n\t\t<meta name=\"twitter:site\" content=\"@SoyMigrante_com\" \/>\n\t\t<meta name=\"twitter:title\" content=\"Julio Veras guatemalteco experto en bienes ra\u00edces en Miami\" \/>\n\t\t<meta name=\"twitter:description\" content=\"El guatemalteco Julio Veras fue jardinero, vendedor ambulante, lavaplatos y m\u00e1s antes de llegar a los bienes ra\u00edces. Su historia nigrante inspira altas metas.\" \/>\n\t\t<meta name=\"twitter:creator\" content=\"@SoyMigrante_com\" \/>\n\t\t<meta name=\"twitter:image\" content=\"https:\/\/soymigrante.com\/revista\/wp-content\/uploads\/2025\/04\/julio-veras-guatemalteco-miami-real-estate.png\" \/>\n\t\t<!-- All in One SEO Pro -->\r\n\t\t<title>Julio Veras guatemalteco experto en bienes ra\u00edces en Miami<\/title>\n\n","aioseo_head_json":{"title":"Julio Veras guatemalteco experto en bienes ra\u00edces en Miami","description":"El guatemalteco Julio Veras fue jardinero, vendedor ambulante, lavaplatos y m\u00e1s antes de llegar a los bienes ra\u00edces. Su historia nigrante inspira altas metas.","canonical_url":"https:\/\/soymigrante.com\/revista\/migrante-guatemalteco-julio-veras-miami-vende-casas-bienes-raices-historia\/","robots":"max-snippet:-1, max-image-preview:large, max-video-preview:-1","keywords":"","webmasterTools":{"miscellaneous":"&lt;link rel=\"preconnect\" href=\"https:\/\/fonts.googleapis.com\" crossorigin&gt;\n&lt;link rel=\"preconnect\" href=\"https:\/\/fonts.gstatic.com\" crossorigin&gt;"},"schema":null,"og:locale":"es_ES","og:site_name":"SoyMigrante.com REVISTA \u2013 Nuestra misi\u00f3n es reconocer y dignificar al migrante.","og:type":"article","og:title":"Julio Veras guatemalteco experto en bienes ra\u00edces en Miami","og:description":"El guatemalteco Julio Veras fue jardinero, vendedor ambulante, lavaplatos y m\u00e1s antes de llegar a los bienes ra\u00edces. Su historia nigrante inspira altas metas.","og:url":"https:\/\/soymigrante.com\/revista\/migrante-guatemalteco-julio-veras-miami-vende-casas-bienes-raices-historia\/","og:image":"https:\/\/soymigrante.com\/revista\/wp-content\/uploads\/2025\/04\/julio-veras-guatemalteco-miami-real-estate.png","og:image:secure_url":"https:\/\/soymigrante.com\/revista\/wp-content\/uploads\/2025\/04\/julio-veras-guatemalteco-miami-real-estate.png","og:image:width":1120,"og:image:height":1120,"article:published_time":"2025-04-28T17:05:39+00:00","article:modified_time":"2025-10-03T20:49:01+00:00","article:publisher":"https:\/\/www.facebook.com\/soymigrantecom","twitter:card":"summary_large_image","twitter:site":"@SoyMigrante_com","twitter:title":"Julio Veras guatemalteco experto en bienes ra\u00edces en Miami","twitter:description":"El guatemalteco Julio Veras fue jardinero, vendedor ambulante, lavaplatos y m\u00e1s antes de llegar a los bienes ra\u00edces. Su historia nigrante inspira altas metas.","twitter:creator":"@SoyMigrante_com","twitter:image":"https:\/\/soymigrante.com\/revista\/wp-content\/uploads\/2025\/04\/julio-veras-guatemalteco-miami-real-estate.png"},"aioseo_meta_data":{"post_id":"3726","title":null,"description":null,"keywords":[],"keyphrases":{"focus":{"keyphrase":"Migrante","score":74,"analysis":{"keyphraseInTitle":{"score":9,"maxScore":9,"error":0},"keyphraseInDescription":{"score":9,"maxScore":9,"error":0},"keyphraseLength":{"score":9,"maxScore":9,"error":0,"length":1},"keyphraseInURL":{"score":5,"maxScore":5,"error":0},"keyphraseInIntroduction":{"score":3,"maxScore":9,"error":1},"keyphraseInSubHeadings":{"score":3,"maxScore":9,"error":1},"keyphraseInImageAlt":{"score":3,"maxScore":9,"error":1},"keywordDensity":{"type":"best","score":9,"maxScore":9,"error":0}}},"additional":[]},"primary_term":null,"canonical_url":null,"og_title":null,"og_description":null,"og_object_type":"default","og_image_type":"default","og_image_url":null,"og_image_width":null,"og_image_height":null,"og_image_custom_url":null,"og_image_custom_fields":null,"og_video":"","og_custom_url":null,"og_article_section":null,"og_article_tags":[],"twitter_use_og":false,"twitter_card":"default","twitter_image_type":"default","twitter_image_url":null,"twitter_image_custom_url":null,"twitter_image_custom_fields":null,"twitter_title":null,"twitter_description":null,"schema":{"blockGraphs":[],"customGraphs":[],"default":{"data":{"Article":[],"Course":[],"Dataset":[],"FAQPage":[],"Movie":[],"Person":[],"Product":[],"ProductReview":[],"Car":[],"Recipe":[],"Service":[],"SoftwareApplication":[],"WebPage":[]},"graphName":"BlogPosting","isEnabled":true},"graphs":[]},"schema_type":"default","schema_type_options":null,"pillar_content":false,"robots_default":true,"robots_noindex":false,"robots_noarchive":false,"robots_nosnippet":false,"robots_nofollow":false,"robots_noimageindex":false,"robots_noodp":false,"robots_notranslate":false,"robots_max_snippet":"-1","robots_max_videopreview":"-1","robots_max_imagepreview":"large","priority":null,"frequency":"default","local_seo":null,"seo_analyzer_scan_date":"2025-10-08 20:47:18","breadcrumb_settings":null,"limit_modified_date":false,"reviewed_by":null,"open_ai":null,"ai":null,"created":"2023-12-07 18:01:29","updated":"2026-02-04 10:03:14"},"aioseo_breadcrumb":"<div class=\"aioseo-breadcrumbs\"><span class=\"aioseo-breadcrumb\">\n\t<a href=\"https:\/\/soymigrante.com\/revista\" title=\"Home\">Home<\/a>\n<\/span><span class=\"aioseo-breadcrumb-separator\">\u00bb<\/span><span class=\"aioseo-breadcrumb\">\n\t<a href=\"https:\/\/soymigrante.com\/revista\/category\/exitos\/\" title=\"\u00c9xitos\">\u00c9xitos<\/a>\n<\/span><span class=\"aioseo-breadcrumb-separator\">\u00bb<\/span><span class=\"aioseo-breadcrumb\">\n\t7 aprendizajes vitales de Pablo Higueros, migrante y experto financiero\n<\/span><\/div>","aioseo_breadcrumb_json":[{"label":"Home","link":"https:\/\/soymigrante.com\/revista"},{"label":"\u00c9xitos","link":"https:\/\/soymigrante.com\/revista\/category\/exitos\/"},{"label":"7 aprendizajes vitales de Pablo Higueros, migrante y experto financiero","link":"https:\/\/soymigrante.com\/revista\/7-aprendizajes-vitales-de-pablo-higueros-migrante-y-experto-financiero\/"}],"_links":{"self":[{"href":"https:\/\/soymigrante.com\/revista\/wp-json\/wp\/v2\/posts\/3726","targetHints":{"allow":["GET"]}}],"collection":[{"href":"https:\/\/soymigrante.com\/revista\/wp-json\/wp\/v2\/posts"}],"about":[{"href":"https:\/\/soymigrante.com\/revista\/wp-json\/wp\/v2\/types\/post"}],"author":[{"embeddable":true,"href":"https:\/\/soymigrante.com\/revista\/wp-json\/wp\/v2\/users\/7"}],"replies":[{"embeddable":true,"href":"https:\/\/soymigrante.com\/revista\/wp-json\/wp\/v2\/comments?post=3726"}],"version-history":[{"count":0,"href":"https:\/\/soymigrante.com\/revista\/wp-json\/wp\/v2\/posts\/3726\/revisions"}],"wp:featuredmedia":[{"embeddable":true,"href":"https:\/\/soymigrante.com\/revista\/wp-json\/wp\/v2\/media\/3727"}],"wp:attachment":[{"href":"https:\/\/soymigrante.com\/revista\/wp-json\/wp\/v2\/media?parent=3726"}],"wp:term":[{"taxonomy":"category","embeddable":true,"href":"https:\/\/soymigrante.com\/revista\/wp-json\/wp\/v2\/categories?post=3726"},{"taxonomy":"post_tag","embeddable":true,"href":"https:\/\/soymigrante.com\/revista\/wp-json\/wp\/v2\/tags?post=3726"}],"curies":[{"name":"wp","href":"https:\/\/api.w.org\/{rel}","templated":true}]}}