{"id":3696,"date":"2023-12-06T08:28:25","date_gmt":"2023-12-06T14:28:25","guid":{"rendered":"https:\/\/soymigrante.com\/revista\/?p=3696"},"modified":"2024-07-29T09:29:44","modified_gmt":"2024-07-29T15:29:44","slug":"reconocen-aporte-de-migrantes-guatemaltecos-en-oklahoma","status":"publish","type":"post","link":"https:\/\/soymigrante.com\/revista\/reconocen-aporte-de-migrantes-guatemaltecos-en-oklahoma\/","title":{"rendered":"Reconocen aporte de migrantes guatemaltecos en Oklahoma"},"content":{"rendered":"\t\t<div data-elementor-type=\"wp-post\" data-elementor-id=\"3696\" class=\"elementor elementor-3696\" data-elementor-post-type=\"post\">\n\t\t\t\t\t\t<section data-particle_enable=\"false\" data-particle-mobile-disabled=\"false\" class=\"elementor-section elementor-top-section elementor-element elementor-element-09e8459 elementor-section-boxed elementor-section-height-default elementor-section-height-default\" data-id=\"09e8459\" data-element_type=\"section\" data-e-type=\"section\">\n\t\t\t\t\t\t<div class=\"elementor-container elementor-column-gap-default\">\n\t\t\t\t\t<div class=\"elementor-column elementor-col-100 elementor-top-column elementor-element elementor-element-ea7250a\" data-id=\"ea7250a\" data-element_type=\"column\" data-e-type=\"column\">\n\t\t\t<div class=\"elementor-widget-wrap elementor-element-populated\">\n\t\t\t\t\t\t<div class=\"elementor-element elementor-element-44b1724 elementor-widget elementor-widget-heading\" data-id=\"44b1724\" data-element_type=\"widget\" data-e-type=\"widget\" data-widget_type=\"heading.default\">\n\t\t\t\t\t<h1 class=\"elementor-heading-title elementor-size-default\">Son empresarios, l\u00edderes, artistas y profesionales migrantes guatemaltecos que contribuyen al desarrollo econ\u00f3mico y cultural en Oklahoma, Estados Unidos con su trabajo y dedicaci\u00f3n. La Asociaci\u00f3n Guatemaltecos en Oklahoma Asociaci\u00f3n (GOA) organiz\u00f3 la gala anual.\n<\/h1>\t\t\t\t<\/div>\n\t\t\t\t\t<\/div>\n\t\t<\/div>\n\t\t\t\t\t<\/div>\n\t\t<\/section>\n\t\t\t\t<section data-particle_enable=\"false\" data-particle-mobile-disabled=\"false\" class=\"elementor-section elementor-top-section elementor-element elementor-element-cd0b225 elementor-section-boxed elementor-section-height-default elementor-section-height-default\" data-id=\"cd0b225\" data-element_type=\"section\" data-e-type=\"section\">\n\t\t\t\t\t\t<div class=\"elementor-container elementor-column-gap-default\">\n\t\t\t\t\t<div class=\"elementor-column elementor-col-100 elementor-top-column elementor-element elementor-element-9b7fa3d\" data-id=\"9b7fa3d\" data-element_type=\"column\" data-e-type=\"column\">\n\t\t\t<div class=\"elementor-widget-wrap elementor-element-populated\">\n\t\t\t\t\t\t<div class=\"elementor-element elementor-element-2e14ab2 elementor-widget elementor-widget-video\" data-id=\"2e14ab2\" data-element_type=\"widget\" data-e-type=\"widget\" data-settings=\"{&quot;youtube_url&quot;:&quot;https:\\\/\\\/www.youtube.com\\\/watch?app=desktop&amp;v=K_hc8ACgpDk&amp;fbclid=IwAR32yOT83KZGHoSE0GG2Hd1SUKu6o8yRDeYqPliDWGXafLOijrKuT5oSbcI&quot;,&quot;autoplay&quot;:&quot;yes&quot;,&quot;video_type&quot;:&quot;youtube&quot;,&quot;controls&quot;:&quot;yes&quot;}\" data-widget_type=\"video.default\">\n\t\t\t\t\t\t\t<div class=\"elementor-wrapper elementor-open-inline\">\n\t\t\t<div class=\"elementor-video\"><\/div>\t\t<\/div>\n\t\t\t\t\t\t<\/div>\n\t\t\t\t\t<\/div>\n\t\t<\/div>\n\t\t\t\t\t<\/div>\n\t\t<\/section>\n\t\t\t\t<section data-particle_enable=\"false\" data-particle-mobile-disabled=\"false\" class=\"elementor-section elementor-top-section elementor-element elementor-element-49b8764 elementor-section-boxed elementor-section-height-default elementor-section-height-default\" data-id=\"49b8764\" data-element_type=\"section\" data-e-type=\"section\">\n\t\t\t\t\t\t<div class=\"elementor-container elementor-column-gap-default\">\n\t\t\t\t\t<div class=\"elementor-column elementor-col-100 elementor-top-column elementor-element elementor-element-3597185\" data-id=\"3597185\" data-element_type=\"column\" data-e-type=\"column\">\n\t\t\t<div class=\"elementor-widget-wrap elementor-element-populated\">\n\t\t\t\t\t\t<div class=\"elementor-element elementor-element-91df2a1 elementor-widget elementor-widget-heading\" data-id=\"91df2a1\" data-element_type=\"widget\" data-e-type=\"widget\" data-widget_type=\"heading.default\">\n\t\t\t\t\t<h2 class=\"elementor-heading-title elementor-size-default\">Gran aporte y talento guatemalteco \n<\/h2>\t\t\t\t<\/div>\n\t\t\t\t\t<\/div>\n\t\t<\/div>\n\t\t\t\t\t<\/div>\n\t\t<\/section>\n\t\t\t\t<section data-particle_enable=\"false\" data-particle-mobile-disabled=\"false\" class=\"elementor-section elementor-top-section elementor-element elementor-element-44478d7 elementor-section-boxed elementor-section-height-default elementor-section-height-default\" data-id=\"44478d7\" data-element_type=\"section\" data-e-type=\"section\">\n\t\t\t\t\t\t<div class=\"elementor-container elementor-column-gap-default\">\n\t\t\t\t\t<div class=\"elementor-column elementor-col-100 elementor-top-column elementor-element elementor-element-f05888d\" data-id=\"f05888d\" data-element_type=\"column\" data-e-type=\"column\">\n\t\t\t<div class=\"elementor-widget-wrap elementor-element-populated\">\n\t\t\t\t\t\t<div class=\"elementor-element elementor-element-cb8ebdc elementor-widget elementor-widget-text-editor\" data-id=\"cb8ebdc\" data-element_type=\"widget\" data-e-type=\"widget\" data-widget_type=\"text-editor.default\">\n\t\t\t\t\t\t\t\t\t<p><span style=\"font-weight: 400;\">M\u00e1s de 25 mil guatemaltecos contribuyen al desarrollo econ\u00f3mico y cultural del estado de Oklahoma. A trav\u00e9s de la asociaci\u00f3n guatemaltecos en Oklahoma presidida por Hilda De le\u00f3n promueven el evento Gala Excelencia (GOA) como plataforma para reconocer y resaltar los \u00e9xitos y triunfos en el estado. \u201cNuestro objetivo es inspirar y motivar a otros en nuestra comunidad para alcanzar todo su potencial\u201d dijo Luidgi Del Cid.<\/span><\/p><p><span style=\"font-weight: 400;\">La presidenta Hilda De Le\u00f3n es tambi\u00e9n una inmigrante guatemalteca que busca promover junto a (GOA) la identidad, riqueza y diversidad del arte, m\u00fasica, cultura y patrimonio de los migrantes guatemaltecos residentes en el estado de Oklahoma.<\/span><\/p><p><span style=\"font-weight: 400;\"> \u201cHay una frase que dice: lo que no se nombra no existe.<\/span><span style=\"font-weight: 400; color: var( --e-global-color-text );\">\u00a0Por eso es importante dar a conocer a nuestros l\u00edderes comunitarios, nombrarles por que son reales y existen, felicitarles por que hacen nuestra vida en Oklahoma sea m\u00e1s accesible y alegre\u201d agreg\u00f3 Hilda De Le\u00f3n presidenta (GOA).<\/span><\/p><p><span style=\"font-weight: 400;\">Los espacios que unen a la comunidad migrante guatemalteca son aquellos emprendimientos, grupos y l\u00edderes que brindan un servicio o ponen en alto a su pa\u00eds. \u201cPodemos ir a ese lugar que nos gu\u00ede y recuerde nuestra patria, olores, sabores y colores\u201d. Crear un espacio de confianza y sobre todo respeto ha sido uno de objetivos de (GOA).\u00a0<\/span><\/p><p><span style=\"font-weight: 400;\">En la velada Hilda mencion\u00f3: \u201cDespu\u00e9s de muchos a\u00f1os en diferentes premios, galas, eventos y nominados latinos decidimos con la asociaci\u00f3n guatemaltecos en Oklahoma que deber\u00edamos tener nuestra propia noche de premiaci\u00f3n. Despu\u00e9s de diez a\u00f1os, hoy es una realidad. Esta actividad deja una marca en nuestros corazones\u201d.<\/span><\/p><p><span style=\"font-weight: 400;\">El evento cont\u00f3 con siete categor\u00edas: salud, Artes Culinarias, Artes Esc\u00e9nicas, Educaci\u00f3n, aliado Comunitario, Emprendedores, L\u00edder Comunitario \u201cReconozco el sacrificio que conlleva servir, es porque tambi\u00e9n la familia de las personas premiadas merece un reconocimiento\u201d.<\/span><\/p>\t\t\t\t\t\t\t\t<\/div>\n\t\t\t\t\t<\/div>\n\t\t<\/div>\n\t\t\t\t\t<\/div>\n\t\t<\/section>\n\t\t\t\t<section data-particle_enable=\"false\" data-particle-mobile-disabled=\"false\" class=\"elementor-section elementor-top-section elementor-element elementor-element-1a17cc9 elementor-section-boxed elementor-section-height-default elementor-section-height-default\" data-id=\"1a17cc9\" data-element_type=\"section\" data-e-type=\"section\">\n\t\t\t\t\t\t<div class=\"elementor-container elementor-column-gap-default\">\n\t\t\t\t\t<div class=\"elementor-column elementor-col-100 elementor-top-column elementor-element elementor-element-5aeb52d\" data-id=\"5aeb52d\" data-element_type=\"column\" data-e-type=\"column\">\n\t\t\t<div class=\"elementor-widget-wrap elementor-element-populated\">\n\t\t\t\t\t\t<div class=\"elementor-element elementor-element-b85e6ec elementor-widget elementor-widget-image\" data-id=\"b85e6ec\" data-element_type=\"widget\" data-e-type=\"widget\" data-widget_type=\"image.default\">\n\t\t\t\t\t\t\t\t\t\t\t\t<figure class=\"wp-caption\">\n\t\t\t\t\t\t\t\t\t\t<img fetchpriority=\"high\" decoding=\"async\" width=\"768\" height=\"512\" src=\"https:\/\/soymigrante.com\/revista\/wp-content\/uploads\/2023\/12\/directiva-guatemaltecos-en-Oklahoma-768x512.webp\" class=\"attachment-medium_large size-medium_large wp-image-3697\" alt=\"El lanzamiento de la premiaci\u00f3n ha sido bajo un equipo de trabajo conformado por migrantes guatemaltecos comprometidos con la comunidad y orgullosos del patrimonio guatemalteco. Buscan \u00e9xitos y triunfos con la organizaci\u00f3n sin fines de lucro.\" srcset=\"https:\/\/soymigrante.com\/revista\/wp-content\/uploads\/2023\/12\/directiva-guatemaltecos-en-Oklahoma-768x512.webp 768w, https:\/\/soymigrante.com\/revista\/wp-content\/uploads\/2023\/12\/directiva-guatemaltecos-en-Oklahoma-300x200.webp 300w, https:\/\/soymigrante.com\/revista\/wp-content\/uploads\/2023\/12\/directiva-guatemaltecos-en-Oklahoma-1024x683.webp 1024w, https:\/\/soymigrante.com\/revista\/wp-content\/uploads\/2023\/12\/directiva-guatemaltecos-en-Oklahoma-1536x1024.webp 1536w, https:\/\/soymigrante.com\/revista\/wp-content\/uploads\/2023\/12\/directiva-guatemaltecos-en-Oklahoma-750x500.jpeg 750w, https:\/\/soymigrante.com\/revista\/wp-content\/uploads\/2023\/12\/directiva-guatemaltecos-en-Oklahoma-1140x760.jpeg 1140w, https:\/\/soymigrante.com\/revista\/wp-content\/uploads\/2023\/12\/directiva-guatemaltecos-en-Oklahoma-600x400.jpeg 600w, https:\/\/soymigrante.com\/revista\/wp-content\/uploads\/2023\/12\/directiva-guatemaltecos-en-Oklahoma.webp 1920w\" sizes=\"(max-width: 768px) 100vw, 768px\" title=\"directiva guatemaltecos en Oklahoma \u2013 SoyMigrante.com REVISTA\" \/>\t\t\t\t\t\t\t\t\t\t\t<figcaption class=\"widget-image-caption wp-caption-text\">El lanzamiento de la premiaci\u00f3n ha sido bajo un equipo de trabajo conformado por migrantes guatemaltecos comprometidos con la comunidad y orgullosos del patrimonio guatemalteco. Buscan \u00e9xitos y triunfos con la organizaci\u00f3n sin fines de lucro. <\/figcaption>\n\t\t\t\t\t\t\t\t\t\t<\/figure>\n\t\t\t\t\t\t\t\t\t<\/div>\n\t\t\t\t\t<\/div>\n\t\t<\/div>\n\t\t\t\t\t<\/div>\n\t\t<\/section>\n\t\t\t\t<section data-particle_enable=\"false\" data-particle-mobile-disabled=\"false\" class=\"elementor-section elementor-top-section elementor-element elementor-element-6329fd5 elementor-section-boxed elementor-section-height-default elementor-section-height-default\" data-id=\"6329fd5\" data-element_type=\"section\" data-e-type=\"section\">\n\t\t\t\t\t\t<div class=\"elementor-container elementor-column-gap-default\">\n\t\t\t\t\t<div class=\"elementor-column elementor-col-100 elementor-top-column elementor-element elementor-element-0f9d9d5\" data-id=\"0f9d9d5\" data-element_type=\"column\" data-e-type=\"column\">\n\t\t\t<div class=\"elementor-widget-wrap elementor-element-populated\">\n\t\t\t\t\t\t<div class=\"elementor-element elementor-element-90bbd3a elementor-widget elementor-widget-text-editor\" data-id=\"90bbd3a\" data-element_type=\"widget\" data-e-type=\"widget\" data-widget_type=\"text-editor.default\">\n\t\t\t\t\t\t\t\t\t<p><span style=\"font-weight: 400;\">La presidenta de (GOA) culmin\u00f3 \u201cMuchas gracias por creer en mis sue\u00f1os que, aunque parezcan locuras van desde mi coraz\u00f3n y desde el amor que le tengo a ese rinconcito: las brisas, Sibilia, donde viene mi ra\u00edz y en donde seguramente en sue\u00f1os viajo para platicar con las abuelas y abuelos y contarles que desde este pa\u00eds lejano a\u00fan bailamos marimba y aun comemos tamales con sal\u201d.<\/span><\/p><p><span style=\"font-weight: 400;\">Las primeras siete personas premiadas son la semilla en Oklahoma. Para el a\u00f1o 2024 esperan ver el crecimiento de m\u00e1s profesionales, l\u00edderes y empresarios migrantes guatemaltecos \u201cVienen a mi mente en este momento son: Jarvis de Le\u00f3n el primer abogado y Limayre Gramajo la primera Doctora. Podemos so\u00f1ar en grande, pensar en senadores, gobernadores, cient\u00edficos y artistas de origen guatemalteco\u201d<\/span><\/p>\t\t\t\t\t\t\t\t<\/div>\n\t\t\t\t\t<\/div>\n\t\t<\/div>\n\t\t\t\t\t<\/div>\n\t\t<\/section>\n\t\t\t\t<section data-particle_enable=\"false\" data-particle-mobile-disabled=\"false\" class=\"elementor-section elementor-top-section elementor-element elementor-element-01d9986 elementor-section-boxed elementor-section-height-default elementor-section-height-default\" data-id=\"01d9986\" data-element_type=\"section\" data-e-type=\"section\">\n\t\t\t\t\t\t<div class=\"elementor-container elementor-column-gap-default\">\n\t\t\t\t\t<div class=\"elementor-column elementor-col-100 elementor-top-column elementor-element elementor-element-60f3ca2\" data-id=\"60f3ca2\" data-element_type=\"column\" data-e-type=\"column\">\n\t\t\t<div class=\"elementor-widget-wrap elementor-element-populated\">\n\t\t\t\t\t\t<div class=\"elementor-element elementor-element-08ca731 elementor-arrows-position-inside elementor-pagination-position-outside elementor-widget elementor-widget-image-carousel\" data-id=\"08ca731\" data-element_type=\"widget\" data-e-type=\"widget\" data-settings=\"{&quot;slides_to_show&quot;:&quot;1&quot;,&quot;navigation&quot;:&quot;both&quot;,&quot;autoplay&quot;:&quot;yes&quot;,&quot;pause_on_hover&quot;:&quot;yes&quot;,&quot;pause_on_interaction&quot;:&quot;yes&quot;,&quot;autoplay_speed&quot;:5000,&quot;infinite&quot;:&quot;yes&quot;,&quot;effect&quot;:&quot;slide&quot;,&quot;speed&quot;:500}\" data-widget_type=\"image-carousel.default\">\n\t\t\t\t\t\t\t<div class=\"elementor-image-carousel-wrapper swiper\" role=\"region\" aria-roledescription=\"carousel\" aria-label=\"Carrusel de im\u00e1genes\" dir=\"ltr\">\n\t\t\t<div class=\"elementor-image-carousel swiper-wrapper\" aria-live=\"off\">\n\t\t\t\t\t\t\t\t<div class=\"swiper-slide\" role=\"group\" aria-roledescription=\"slide\" aria-label=\"1 de 6\"><figure class=\"swiper-slide-inner\"><img decoding=\"async\" class=\"swiper-slide-image\" src=\"https:\/\/soymigrante.com\/revista\/wp-content\/uploads\/2023\/12\/Hilda-1-768x768.webp\" alt=\"Hilda De Le\u00f3n es migrante guatemalteca originaria de Sibilia Quetzaltenango. Su objetivo es trascender y promover un pedazo de su tierra.\" \/><figcaption class=\"elementor-image-carousel-caption\">Hilda De Le\u00f3n es migrante guatemalteca originaria de Sibilia Quetzaltenango. Su objetivo es trascender y promover un pedazo  de su tierra.  <\/figcaption><\/figure><\/div><div class=\"swiper-slide\" role=\"group\" aria-roledescription=\"slide\" aria-label=\"2 de 6\"><figure class=\"swiper-slide-inner\"><img decoding=\"async\" class=\"swiper-slide-image\" src=\"https:\/\/soymigrante.com\/revista\/wp-content\/uploads\/2023\/12\/Evento-Eterna-primavera-1-768x768.webp\" alt=\"El evento Eterna Primavera se lleva a cabo en v\u00edsperas de la independencia en Guatemala\" \/><figcaption class=\"elementor-image-carousel-caption\">El evento Eterna Primavera se lleva a cabo en v\u00edsperas de la independencia en Guatemala<\/figcaption><\/figure><\/div><div class=\"swiper-slide\" role=\"group\" aria-roledescription=\"slide\" aria-label=\"3 de 6\"><figure class=\"swiper-slide-inner\"><img decoding=\"async\" class=\"swiper-slide-image\" src=\"https:\/\/soymigrante.com\/revista\/wp-content\/uploads\/2023\/12\/Evento-dia-de-la-hispanidad-cultural-1-768x768.webp\" alt=\"Hilda Participa y promueve varios eventos en Oklahoma\" \/><figcaption class=\"elementor-image-carousel-caption\">Hilda Participa y promueve varios eventos en Oklahoma<\/figcaption><\/figure><\/div><div class=\"swiper-slide\" role=\"group\" aria-roledescription=\"slide\" aria-label=\"4 de 6\"><figure class=\"swiper-slide-inner\"><img decoding=\"async\" class=\"swiper-slide-image\" src=\"https:\/\/soymigrante.com\/revista\/wp-content\/uploads\/2023\/12\/Evento-en-Oklahoma-1-768x768.webp\" alt=\"Varios eventos se promueven en Oklahoma a trav\u00e9s de la asociaci\u00f3n Guatemaltecos en Oklahoma\" \/><figcaption class=\"elementor-image-carousel-caption\">Varios eventos se promueven en Oklahoma a trav\u00e9s de la asociaci\u00f3n Guatemaltecos en Oklahoma <\/figcaption><\/figure><\/div><div class=\"swiper-slide\" role=\"group\" aria-roledescription=\"slide\" aria-label=\"5 de 6\"><figure class=\"swiper-slide-inner\"><img decoding=\"async\" class=\"swiper-slide-image\" src=\"https:\/\/soymigrante.com\/revista\/wp-content\/uploads\/2023\/12\/Evento-de-premiacion-1-1-768x768.webp\" alt=\"La directiva del evento Gala Excelencia GOA inaugural.\" \/><figcaption class=\"elementor-image-carousel-caption\">La directiva del evento  Gala Excelencia GOA inaugural.\n<\/figcaption><\/figure><\/div><div class=\"swiper-slide\" role=\"group\" aria-roledescription=\"slide\" aria-label=\"6 de 6\"><figure class=\"swiper-slide-inner\"><img decoding=\"async\" class=\"swiper-slide-image\" src=\"https:\/\/soymigrante.com\/revista\/wp-content\/uploads\/2023\/12\/invitados-especiales-1-768x768.jpg\" alt=\"Reinas y madrinas invitadas al evento La directiva del evento Gala Excelencia GOA inaugural.\" \/><figcaption class=\"elementor-image-carousel-caption\">Reinas y madrinas invitadas al evento La directiva del evento  Gala Excelencia GOA inaugural.\n<\/figcaption><\/figure><\/div>\t\t\t<\/div>\n\t\t\t\t\t\t\t\t\t\t\t\t<div class=\"elementor-swiper-button elementor-swiper-button-prev\" role=\"button\" tabindex=\"0\">\n\t\t\t\t\t\t<i aria-hidden=\"true\" class=\"eicon-chevron-left\"><\/i>\t\t\t\t\t<\/div>\n\t\t\t\t\t<div class=\"elementor-swiper-button elementor-swiper-button-next\" role=\"button\" tabindex=\"0\">\n\t\t\t\t\t\t<i aria-hidden=\"true\" class=\"eicon-chevron-right\"><\/i>\t\t\t\t\t<\/div>\n\t\t\t\t\n\t\t\t\t\t\t\t\t\t<div class=\"swiper-pagination\"><\/div>\n\t\t\t\t\t\t\t\t\t<\/div>\n\t\t\t\t\t\t<\/div>\n\t\t\t\t\t<\/div>\n\t\t<\/div>\n\t\t\t\t\t<\/div>\n\t\t<\/section>\n\t\t\t\t<section data-particle_enable=\"false\" data-particle-mobile-disabled=\"false\" class=\"elementor-section elementor-top-section elementor-element elementor-element-357d2cd elementor-section-boxed elementor-section-height-default elementor-section-height-default\" data-id=\"357d2cd\" data-element_type=\"section\" data-e-type=\"section\">\n\t\t\t\t\t\t<div class=\"elementor-container elementor-column-gap-default\">\n\t\t\t\t\t<div class=\"elementor-column elementor-col-100 elementor-top-column elementor-element elementor-element-1d6646b\" data-id=\"1d6646b\" data-element_type=\"column\" data-e-type=\"column\">\n\t\t\t<div class=\"elementor-widget-wrap elementor-element-populated\">\n\t\t\t\t\t\t<div class=\"elementor-element elementor-element-a156aaa elementor-widget elementor-widget-text-editor\" data-id=\"a156aaa\" data-element_type=\"widget\" data-e-type=\"widget\" data-widget_type=\"text-editor.default\">\n\t\t\t\t\t\t\t\t\t<h2><span style=\"font-weight: 400;\"><strong>\u201c<\/strong>Es por eso que nombrar lo que no existe para que exista es importante: organizaciones y personas l\u00edderes comunitarias son fundamentales para que estos sue\u00f1os pronto se vuelvan realidad y nuestros j\u00f3venes sepan que no importa su condici\u00f3n legal o econ\u00f3mica, estamos aqu\u00ed para apoyarles y para que cumplan sus metas<strong>\u201d\u00a0<\/strong> \u00a0 \u00a0 \u00a0<\/span><\/h2><h2><span style=\"font-weight: 400;\">\u00a0 \u00a0 \u00a0 \u00a0<strong>Hilda De\u00a0<\/strong><\/span>Le\u00f3n<\/h2>\t\t\t\t\t\t\t\t<\/div>\n\t\t\t\t\t<\/div>\n\t\t<\/div>\n\t\t\t\t\t<\/div>\n\t\t<\/section>\n\t\t\t\t<section data-particle_enable=\"false\" data-particle-mobile-disabled=\"false\" class=\"elementor-section elementor-top-section elementor-element elementor-element-5a5c160 elementor-section-boxed elementor-section-height-default elementor-section-height-default\" data-id=\"5a5c160\" data-element_type=\"section\" data-e-type=\"section\">\n\t\t\t\t\t\t<div class=\"elementor-container elementor-column-gap-default\">\n\t\t\t\t\t<div class=\"elementor-column elementor-col-100 elementor-top-column elementor-element elementor-element-19547c6\" data-id=\"19547c6\" data-element_type=\"column\" data-e-type=\"column\">\n\t\t\t<div class=\"elementor-widget-wrap elementor-element-populated\">\n\t\t\t\t\t\t<div class=\"elementor-element elementor-element-ae276ef elementor-widget elementor-widget-heading\" data-id=\"ae276ef\" data-element_type=\"widget\" data-e-type=\"widget\" data-widget_type=\"heading.default\">\n\t\t\t\t\t<h2 class=\"elementor-heading-title elementor-size-default\">Premiados Gala Excelencia Awardees 2023\n<\/h2>\t\t\t\t<\/div>\n\t\t\t\t\t<\/div>\n\t\t<\/div>\n\t\t\t\t\t<\/div>\n\t\t<\/section>\n\t\t\t\t<section data-particle_enable=\"false\" data-particle-mobile-disabled=\"false\" class=\"elementor-section elementor-top-section elementor-element elementor-element-4cfecad elementor-section-boxed elementor-section-height-default elementor-section-height-default\" data-id=\"4cfecad\" data-element_type=\"section\" data-e-type=\"section\">\n\t\t\t\t\t\t<div class=\"elementor-container elementor-column-gap-default\">\n\t\t\t\t\t<div class=\"elementor-column elementor-col-100 elementor-top-column elementor-element elementor-element-ba2d29f\" data-id=\"ba2d29f\" data-element_type=\"column\" data-e-type=\"column\">\n\t\t\t<div class=\"elementor-widget-wrap elementor-element-populated\">\n\t\t\t\t\t\t<div class=\"elementor-element elementor-element-64e86e0 elementor-widget elementor-widget-image\" data-id=\"64e86e0\" data-element_type=\"widget\" data-e-type=\"widget\" data-widget_type=\"image.default\">\n\t\t\t\t\t\t\t\t\t\t\t\t<figure class=\"wp-caption\">\n\t\t\t\t\t\t\t\t\t\t<img decoding=\"async\" width=\"768\" height=\"432\" src=\"https:\/\/soymigrante.com\/revista\/wp-content\/uploads\/2023\/12\/Galardones-1024x576.webp\" class=\"attachment-large size-large wp-image-3710\" alt=\"Seis migrantes guatemaltecos y una local fueron reconocidos por el aporte a la comunidad guatemalteca radicada en Oklahoma\" srcset=\"https:\/\/soymigrante.com\/revista\/wp-content\/uploads\/2023\/12\/Galardones-1024x576.webp 1024w, https:\/\/soymigrante.com\/revista\/wp-content\/uploads\/2023\/12\/Galardones-300x169.webp 300w, https:\/\/soymigrante.com\/revista\/wp-content\/uploads\/2023\/12\/Galardones-768x432.webp 768w, https:\/\/soymigrante.com\/revista\/wp-content\/uploads\/2023\/12\/Galardones-1536x864.webp 1536w, https:\/\/soymigrante.com\/revista\/wp-content\/uploads\/2023\/12\/Galardones-750x422.webp 750w, https:\/\/soymigrante.com\/revista\/wp-content\/uploads\/2023\/12\/Galardones-1140x641.webp 1140w, https:\/\/soymigrante.com\/revista\/wp-content\/uploads\/2023\/12\/Galardones.webp 1920w\" sizes=\"(max-width: 768px) 100vw, 768px\" title=\"Galardones \u2013 SoyMigrante.com REVISTA\" \/>\t\t\t\t\t\t\t\t\t\t\t<figcaption class=\"widget-image-caption wp-caption-text\">Seis migrantes guatemaltecos y una local fueron reconocidos por el aporte a la comunidad guatemalteca radicada en Oklahoma<\/figcaption>\n\t\t\t\t\t\t\t\t\t\t<\/figure>\n\t\t\t\t\t\t\t\t\t<\/div>\n\t\t\t\t\t<\/div>\n\t\t<\/div>\n\t\t\t\t\t<\/div>\n\t\t<\/section>\n\t\t\t\t<section data-particle_enable=\"false\" data-particle-mobile-disabled=\"false\" class=\"elementor-section elementor-top-section elementor-element elementor-element-2cf4720 elementor-section-boxed elementor-section-height-default elementor-section-height-default\" data-id=\"2cf4720\" data-element_type=\"section\" data-e-type=\"section\">\n\t\t\t\t\t\t<div class=\"elementor-container elementor-column-gap-default\">\n\t\t\t\t\t<div class=\"elementor-column elementor-col-100 elementor-top-column elementor-element elementor-element-4c6449d\" data-id=\"4c6449d\" data-element_type=\"column\" data-e-type=\"column\">\n\t\t\t<div class=\"elementor-widget-wrap elementor-element-populated\">\n\t\t\t\t\t\t<div class=\"elementor-element elementor-element-82bef57 elementor-widget elementor-widget-heading\" data-id=\"82bef57\" data-element_type=\"widget\" data-e-type=\"widget\" data-widget_type=\"heading.default\">\n\t\t\t\t\t<h2 class=\"elementor-heading-title elementor-size-default\">Benvenuto Barrios \/ Marimba Estrella Chapina \nCategor\u00eda Artes esc\u00e9nicas \n<\/h2>\t\t\t\t<\/div>\n\t\t\t\t\t<\/div>\n\t\t<\/div>\n\t\t\t\t\t<\/div>\n\t\t<\/section>\n\t\t\t\t<section data-particle_enable=\"false\" data-particle-mobile-disabled=\"false\" class=\"elementor-section elementor-top-section elementor-element elementor-element-c20f939 elementor-section-boxed elementor-section-height-default elementor-section-height-default\" data-id=\"c20f939\" data-element_type=\"section\" data-e-type=\"section\">\n\t\t\t\t\t\t<div class=\"elementor-container elementor-column-gap-default\">\n\t\t\t\t\t<div class=\"elementor-column elementor-col-100 elementor-top-column elementor-element elementor-element-204e68d\" data-id=\"204e68d\" data-element_type=\"column\" data-e-type=\"column\">\n\t\t\t<div class=\"elementor-widget-wrap elementor-element-populated\">\n\t\t\t\t\t\t<div class=\"elementor-element elementor-element-1df28ec elementor-arrows-position-inside elementor-pagination-position-outside elementor-widget elementor-widget-image-carousel\" data-id=\"1df28ec\" data-element_type=\"widget\" data-e-type=\"widget\" data-settings=\"{&quot;slides_to_show&quot;:&quot;1&quot;,&quot;navigation&quot;:&quot;both&quot;,&quot;autoplay&quot;:&quot;yes&quot;,&quot;pause_on_hover&quot;:&quot;yes&quot;,&quot;pause_on_interaction&quot;:&quot;yes&quot;,&quot;autoplay_speed&quot;:5000,&quot;infinite&quot;:&quot;yes&quot;,&quot;effect&quot;:&quot;slide&quot;,&quot;speed&quot;:500}\" data-widget_type=\"image-carousel.default\">\n\t\t\t\t\t\t\t<div class=\"elementor-image-carousel-wrapper swiper\" role=\"region\" aria-roledescription=\"carousel\" aria-label=\"Carrusel de im\u00e1genes\" dir=\"ltr\">\n\t\t\t<div class=\"elementor-image-carousel swiper-wrapper\" aria-live=\"off\">\n\t\t\t\t\t\t\t\t<div class=\"swiper-slide\" role=\"group\" aria-roledescription=\"slide\" aria-label=\"1 de 2\"><figure class=\"swiper-slide-inner\"><img decoding=\"async\" class=\"swiper-slide-image\" src=\"https:\/\/soymigrante.com\/revista\/wp-content\/uploads\/2023\/12\/Benvenuto-Barrios-768x768.webp\" alt=\"Benvenuto Barrios\" \/><\/figure><\/div><div class=\"swiper-slide\" role=\"group\" aria-roledescription=\"slide\" aria-label=\"2 de 2\"><figure class=\"swiper-slide-inner\"><img decoding=\"async\" class=\"swiper-slide-image\" src=\"https:\/\/soymigrante.com\/revista\/wp-content\/uploads\/2023\/12\/Benvenuto-768x768.webp\" alt=\"Benvenuto\" \/><\/figure><\/div>\t\t\t<\/div>\n\t\t\t\t\t\t\t\t\t\t\t\t<div class=\"elementor-swiper-button elementor-swiper-button-prev\" role=\"button\" tabindex=\"0\">\n\t\t\t\t\t\t<i aria-hidden=\"true\" class=\"eicon-chevron-left\"><\/i>\t\t\t\t\t<\/div>\n\t\t\t\t\t<div class=\"elementor-swiper-button elementor-swiper-button-next\" role=\"button\" tabindex=\"0\">\n\t\t\t\t\t\t<i aria-hidden=\"true\" class=\"eicon-chevron-right\"><\/i>\t\t\t\t\t<\/div>\n\t\t\t\t\n\t\t\t\t\t\t\t\t\t<div class=\"swiper-pagination\"><\/div>\n\t\t\t\t\t\t\t\t\t<\/div>\n\t\t\t\t\t\t<\/div>\n\t\t\t\t\t<\/div>\n\t\t<\/div>\n\t\t\t\t\t<\/div>\n\t\t<\/section>\n\t\t\t\t<section data-particle_enable=\"false\" data-particle-mobile-disabled=\"false\" class=\"elementor-section elementor-top-section elementor-element elementor-element-752ef4c elementor-section-boxed elementor-section-height-default elementor-section-height-default\" data-id=\"752ef4c\" data-element_type=\"section\" data-e-type=\"section\">\n\t\t\t\t\t\t<div class=\"elementor-container elementor-column-gap-default\">\n\t\t\t\t\t<div class=\"elementor-column elementor-col-100 elementor-top-column elementor-element elementor-element-0f847f6\" data-id=\"0f847f6\" data-element_type=\"column\" data-e-type=\"column\">\n\t\t\t<div class=\"elementor-widget-wrap elementor-element-populated\">\n\t\t\t\t\t\t<div class=\"elementor-element elementor-element-52682cd elementor-widget elementor-widget-text-editor\" data-id=\"52682cd\" data-element_type=\"widget\" data-e-type=\"widget\" data-widget_type=\"text-editor.default\">\n\t\t\t\t\t\t\t\t\t<p><span style=\"font-weight: 400;\">La Marimba Estrella Chapina fue fundada en 1997 por Benvenuto Barrios. Es el primer grupo que representa la m\u00fasica de Guatemala en Oklahoma. La marimba es, de hecho, el instrumento nacional de Guatemala y ha sido parte importante de las celebraciones festivas durante cientos de a\u00f1os. La primera marimba fue tra\u00edda por las Hermanas Carmelitas de Oklahoma en 1968. Benvenuto lleg\u00f3 en 1965 a los Estados Unidos con una visa gracias a las Hermanas Carmelitas.<\/span><\/p><p><span style=\"font-weight: 400;\">\u201cNo ha sido tan f\u00e1cil, este pa\u00eds ha sido una salvaci\u00f3n ha habido experiencias buenas y malas. Estoy agradecido y orgulloso de representar a Guatemala con la m\u00fasica. Le doy gracias a Dios primero porque me ha ayudado. La m\u00fasica me tiene vivo, me inspira y hago presentaciones con la marimba ac\u00e1 en el estado\u201d.\u00a0<\/span><\/p>\t\t\t\t\t\t\t\t<\/div>\n\t\t\t\t\t<\/div>\n\t\t<\/div>\n\t\t\t\t\t<\/div>\n\t\t<\/section>\n\t\t\t\t<section data-particle_enable=\"false\" data-particle-mobile-disabled=\"false\" class=\"elementor-section elementor-top-section elementor-element elementor-element-c516d8b elementor-section-boxed elementor-section-height-default elementor-section-height-default\" data-id=\"c516d8b\" data-element_type=\"section\" data-e-type=\"section\">\n\t\t\t\t\t\t<div class=\"elementor-container elementor-column-gap-default\">\n\t\t\t\t\t<div class=\"elementor-column elementor-col-100 elementor-top-column elementor-element elementor-element-47de4f3\" data-id=\"47de4f3\" data-element_type=\"column\" data-e-type=\"column\">\n\t\t\t<div class=\"elementor-widget-wrap elementor-element-populated\">\n\t\t\t\t\t\t<div class=\"elementor-element elementor-element-c6be1da elementor-widget elementor-widget-heading\" data-id=\"c6be1da\" data-element_type=\"widget\" data-e-type=\"widget\" data-widget_type=\"heading.default\">\n\t\t\t\t\t<h2 class=\"elementor-heading-title elementor-size-default\">Saidy Herrera \/ Sociedad de historia en Oklahoma \nCategor\u00eda L\u00edder Comunitario\n<\/h2>\t\t\t\t<\/div>\n\t\t\t\t\t<\/div>\n\t\t<\/div>\n\t\t\t\t\t<\/div>\n\t\t<\/section>\n\t\t\t\t<section data-particle_enable=\"false\" data-particle-mobile-disabled=\"false\" class=\"elementor-section elementor-top-section elementor-element elementor-element-4953f08 elementor-section-boxed elementor-section-height-default elementor-section-height-default\" data-id=\"4953f08\" data-element_type=\"section\" data-e-type=\"section\">\n\t\t\t\t\t\t<div class=\"elementor-container elementor-column-gap-default\">\n\t\t\t\t\t<div class=\"elementor-column elementor-col-100 elementor-top-column elementor-element elementor-element-1e44ec1\" data-id=\"1e44ec1\" data-element_type=\"column\" data-e-type=\"column\">\n\t\t\t<div class=\"elementor-widget-wrap elementor-element-populated\">\n\t\t\t\t\t\t<div class=\"elementor-element elementor-element-13bdb58 elementor-arrows-position-inside elementor-pagination-position-outside elementor-widget elementor-widget-image-carousel\" data-id=\"13bdb58\" data-element_type=\"widget\" data-e-type=\"widget\" data-settings=\"{&quot;slides_to_show&quot;:&quot;1&quot;,&quot;navigation&quot;:&quot;both&quot;,&quot;autoplay&quot;:&quot;yes&quot;,&quot;pause_on_hover&quot;:&quot;yes&quot;,&quot;pause_on_interaction&quot;:&quot;yes&quot;,&quot;autoplay_speed&quot;:5000,&quot;infinite&quot;:&quot;yes&quot;,&quot;effect&quot;:&quot;slide&quot;,&quot;speed&quot;:500}\" data-widget_type=\"image-carousel.default\">\n\t\t\t\t\t\t\t<div class=\"elementor-image-carousel-wrapper swiper\" role=\"region\" aria-roledescription=\"carousel\" aria-label=\"Carrusel de im\u00e1genes\" dir=\"ltr\">\n\t\t\t<div class=\"elementor-image-carousel swiper-wrapper\" aria-live=\"off\">\n\t\t\t\t\t\t\t\t<div class=\"swiper-slide\" role=\"group\" aria-roledescription=\"slide\" aria-label=\"1 de 2\"><figure class=\"swiper-slide-inner\"><img decoding=\"async\" class=\"swiper-slide-image\" src=\"https:\/\/soymigrante.com\/revista\/wp-content\/uploads\/2023\/12\/Saidy-Orellana-768x768.webp\" alt=\"Saidy Orellana\" \/><\/figure><\/div><div class=\"swiper-slide\" role=\"group\" aria-roledescription=\"slide\" aria-label=\"2 de 2\"><figure class=\"swiper-slide-inner\"><img decoding=\"async\" class=\"swiper-slide-image\" src=\"https:\/\/soymigrante.com\/revista\/wp-content\/uploads\/2023\/12\/Saidy-768x768.webp\" alt=\"Saidy\" \/><\/figure><\/div>\t\t\t<\/div>\n\t\t\t\t\t\t\t\t\t\t\t\t<div class=\"elementor-swiper-button elementor-swiper-button-prev\" role=\"button\" tabindex=\"0\">\n\t\t\t\t\t\t<i aria-hidden=\"true\" class=\"eicon-chevron-left\"><\/i>\t\t\t\t\t<\/div>\n\t\t\t\t\t<div class=\"elementor-swiper-button elementor-swiper-button-next\" role=\"button\" tabindex=\"0\">\n\t\t\t\t\t\t<i aria-hidden=\"true\" class=\"eicon-chevron-right\"><\/i>\t\t\t\t\t<\/div>\n\t\t\t\t\n\t\t\t\t\t\t\t\t\t<div class=\"swiper-pagination\"><\/div>\n\t\t\t\t\t\t\t\t\t<\/div>\n\t\t\t\t\t\t<\/div>\n\t\t\t\t\t<\/div>\n\t\t<\/div>\n\t\t\t\t\t<\/div>\n\t\t<\/section>\n\t\t\t\t<section data-particle_enable=\"false\" data-particle-mobile-disabled=\"false\" class=\"elementor-section elementor-top-section elementor-element elementor-element-b70d270 elementor-section-boxed elementor-section-height-default elementor-section-height-default\" data-id=\"b70d270\" data-element_type=\"section\" data-e-type=\"section\">\n\t\t\t\t\t\t<div class=\"elementor-container elementor-column-gap-default\">\n\t\t\t\t\t<div class=\"elementor-column elementor-col-100 elementor-top-column elementor-element elementor-element-653de6b\" data-id=\"653de6b\" data-element_type=\"column\" data-e-type=\"column\">\n\t\t\t<div class=\"elementor-widget-wrap elementor-element-populated\">\n\t\t\t\t\t\t<div class=\"elementor-element elementor-element-3b7da80 elementor-widget elementor-widget-text-editor\" data-id=\"3b7da80\" data-element_type=\"widget\" data-e-type=\"widget\" data-widget_type=\"text-editor.default\">\n\t\t\t\t\t\t\t\t\t<p><span style=\"font-weight: 400;\">Saidy Herrera Orellana, nacida y educada en Guatemala en una rica mezcla de culturas, es la Oficial Multicultural en la Sociedad Hist\u00f3rica de Oklahoma, dedicada a promover la diversa herencia de Oklahoma y crear conexiones entre comunidades hist\u00f3ricamente marginadas. Reconocida como educadora, defensora de derechos y l\u00edder comunitaria, tiene una Licenciatura en Log\u00edstica y Operaciones, una certificaci\u00f3n de Ingenier\u00eda, y otros programas de la Universidad de Oklahoma. Actualmente est\u00e1 cursando un certificado en Periodismo Moderno en NYU. Fue Mrs. Guatemala- Oklahoma.<\/span><\/p><p><span style=\"font-weight: 400;\">\u201cCon mucha satisfacci\u00f3n represent\u00f3 a Guatemala alrededor del estado en los diferentes espacios. Cont\u00e9 lo que significa ser guatemalteco en Oklahoma. Estoy honrada de ser reconocida como una de los guatemaltecos de excelencia por la trayectoria a lo largo de los a\u00f1os\u201d.<\/span><\/p>\t\t\t\t\t\t\t\t<\/div>\n\t\t\t\t\t<\/div>\n\t\t<\/div>\n\t\t\t\t\t<\/div>\n\t\t<\/section>\n\t\t\t\t<section data-particle_enable=\"false\" data-particle-mobile-disabled=\"false\" class=\"elementor-section elementor-top-section elementor-element elementor-element-916244f elementor-section-boxed elementor-section-height-default elementor-section-height-default\" data-id=\"916244f\" data-element_type=\"section\" data-e-type=\"section\">\n\t\t\t\t\t\t<div class=\"elementor-container elementor-column-gap-default\">\n\t\t\t\t\t<div class=\"elementor-column elementor-col-100 elementor-top-column elementor-element elementor-element-6d630b0\" data-id=\"6d630b0\" data-element_type=\"column\" data-e-type=\"column\">\n\t\t\t<div class=\"elementor-widget-wrap elementor-element-populated\">\n\t\t\t\t\t\t<div class=\"elementor-element elementor-element-0951f03 elementor-widget elementor-widget-heading\" data-id=\"0951f03\" data-element_type=\"widget\" data-e-type=\"widget\" data-widget_type=\"heading.default\">\n\t\t\t\t\t<h2 class=\"elementor-heading-title elementor-size-default\">Ver\u00f3nica Zelada \/ Propietaria Caf\u00e9 Kacao \nCategor\u00eda Artes Culinarias <\/h2>\t\t\t\t<\/div>\n\t\t\t\t\t<\/div>\n\t\t<\/div>\n\t\t\t\t\t<\/div>\n\t\t<\/section>\n\t\t\t\t<section data-particle_enable=\"false\" data-particle-mobile-disabled=\"false\" class=\"elementor-section elementor-top-section elementor-element elementor-element-6d891ba elementor-section-boxed elementor-section-height-default elementor-section-height-default\" data-id=\"6d891ba\" data-element_type=\"section\" data-e-type=\"section\">\n\t\t\t\t\t\t<div class=\"elementor-container elementor-column-gap-default\">\n\t\t\t\t\t<div class=\"elementor-column elementor-col-100 elementor-top-column elementor-element elementor-element-e95aa78\" data-id=\"e95aa78\" data-element_type=\"column\" data-e-type=\"column\">\n\t\t\t<div class=\"elementor-widget-wrap elementor-element-populated\">\n\t\t\t\t\t\t<div class=\"elementor-element elementor-element-537c0e9 elementor-arrows-position-inside elementor-pagination-position-outside elementor-widget elementor-widget-image-carousel\" data-id=\"537c0e9\" data-element_type=\"widget\" data-e-type=\"widget\" data-settings=\"{&quot;slides_to_show&quot;:&quot;1&quot;,&quot;navigation&quot;:&quot;both&quot;,&quot;autoplay&quot;:&quot;yes&quot;,&quot;pause_on_hover&quot;:&quot;yes&quot;,&quot;pause_on_interaction&quot;:&quot;yes&quot;,&quot;autoplay_speed&quot;:5000,&quot;infinite&quot;:&quot;yes&quot;,&quot;effect&quot;:&quot;slide&quot;,&quot;speed&quot;:500}\" data-widget_type=\"image-carousel.default\">\n\t\t\t\t\t\t\t<div class=\"elementor-image-carousel-wrapper swiper\" role=\"region\" aria-roledescription=\"carousel\" aria-label=\"Carrusel de im\u00e1genes\" dir=\"ltr\">\n\t\t\t<div class=\"elementor-image-carousel swiper-wrapper\" aria-live=\"off\">\n\t\t\t\t\t\t\t\t<div class=\"swiper-slide\" role=\"group\" aria-roledescription=\"slide\" aria-label=\"1 de 2\"><figure class=\"swiper-slide-inner\"><img decoding=\"async\" class=\"swiper-slide-image\" src=\"https:\/\/soymigrante.com\/revista\/wp-content\/uploads\/2023\/12\/Veronica-Zelada--768x768.webp\" alt=\"Ver\u00f3nica Zelada\" \/><\/figure><\/div><div class=\"swiper-slide\" role=\"group\" aria-roledescription=\"slide\" aria-label=\"2 de 2\"><figure class=\"swiper-slide-inner\"><img decoding=\"async\" class=\"swiper-slide-image\" src=\"https:\/\/soymigrante.com\/revista\/wp-content\/uploads\/2023\/12\/cafe-768x768.webp\" alt=\"cafe\" \/><\/figure><\/div>\t\t\t<\/div>\n\t\t\t\t\t\t\t\t\t\t\t\t<div class=\"elementor-swiper-button elementor-swiper-button-prev\" role=\"button\" tabindex=\"0\">\n\t\t\t\t\t\t<i aria-hidden=\"true\" class=\"eicon-chevron-left\"><\/i>\t\t\t\t\t<\/div>\n\t\t\t\t\t<div class=\"elementor-swiper-button elementor-swiper-button-next\" role=\"button\" tabindex=\"0\">\n\t\t\t\t\t\t<i aria-hidden=\"true\" class=\"eicon-chevron-right\"><\/i>\t\t\t\t\t<\/div>\n\t\t\t\t\n\t\t\t\t\t\t\t\t\t<div class=\"swiper-pagination\"><\/div>\n\t\t\t\t\t\t\t\t\t<\/div>\n\t\t\t\t\t\t<\/div>\n\t\t\t\t\t<\/div>\n\t\t<\/div>\n\t\t\t\t\t<\/div>\n\t\t<\/section>\n\t\t\t\t<section data-particle_enable=\"false\" data-particle-mobile-disabled=\"false\" class=\"elementor-section elementor-top-section elementor-element elementor-element-d50a21b elementor-section-boxed elementor-section-height-default elementor-section-height-default\" data-id=\"d50a21b\" data-element_type=\"section\" data-e-type=\"section\">\n\t\t\t\t\t\t<div class=\"elementor-container elementor-column-gap-default\">\n\t\t\t\t\t<div class=\"elementor-column elementor-col-100 elementor-top-column elementor-element elementor-element-7d08571\" data-id=\"7d08571\" data-element_type=\"column\" data-e-type=\"column\">\n\t\t\t<div class=\"elementor-widget-wrap elementor-element-populated\">\n\t\t\t\t\t\t<div class=\"elementor-element elementor-element-a022fa9 elementor-widget elementor-widget-text-editor\" data-id=\"a022fa9\" data-element_type=\"widget\" data-e-type=\"widget\" data-widget_type=\"text-editor.default\">\n\t\t\t\t\t\t\t\t\t<p><span style=\"font-weight: 400;\">Desde sus ra\u00edces en Guatemala, donde desempe\u00f1\u00f3 un papel crucial en la crianza de sus hermanos, hasta su salto a lo desconocido en Estados Unidos, su trayecto se ha caracterizado por el coraje y la pasi\u00f3n por la gastronom\u00eda. A trav\u00e9s de Cafe Kacao, su innovadora fusi\u00f3n de sabores centroamericanos y sudamericanos con los favoritos del brunch estadounidense no solo ha cosechado elogios, sino que tambi\u00e9n ha creado un centro comunitario, fomentando el crecimiento econ\u00f3mico y el esp\u00edritu de solidaridad.<\/span><\/p><p><span style=\"font-weight: 400;\">\u201cMe siento muy orgullosa por la nominaci\u00f3n. Con caf\u00e9 Kacao tenemos doce a\u00f1os de haber iniciado. Fue ponerle ruedas a un sue\u00f1o que se volvi\u00f3 realidad. Ha sido una experiencia bien fuerte, cuando sal\u00ed de mi pa\u00eds no era un sue\u00f1o, era una forma de escapar de la pobreza, situaciones familiares. Pero Dios instal\u00f3 un sue\u00f1o en mi coraz\u00f3n. Seguir\u00e9 representado nuestra gastronom\u00eda en todo Estados Unidos\u201d<\/span><\/p>\t\t\t\t\t\t\t\t<\/div>\n\t\t\t\t\t<\/div>\n\t\t<\/div>\n\t\t\t\t\t<\/div>\n\t\t<\/section>\n\t\t\t\t<section data-particle_enable=\"false\" data-particle-mobile-disabled=\"false\" class=\"elementor-section elementor-top-section elementor-element elementor-element-3d6caf3 elementor-section-boxed elementor-section-height-default elementor-section-height-default\" data-id=\"3d6caf3\" data-element_type=\"section\" data-e-type=\"section\">\n\t\t\t\t\t\t<div class=\"elementor-container elementor-column-gap-default\">\n\t\t\t\t\t<div class=\"elementor-column elementor-col-100 elementor-top-column elementor-element elementor-element-4b942a1\" data-id=\"4b942a1\" data-element_type=\"column\" data-e-type=\"column\">\n\t\t\t<div class=\"elementor-widget-wrap elementor-element-populated\">\n\t\t\t\t\t\t<div class=\"elementor-element elementor-element-d627049 elementor-widget elementor-widget-heading\" data-id=\"d627049\" data-element_type=\"widget\" data-e-type=\"widget\" data-widget_type=\"heading.default\">\n\t\t\t\t\t<h2 class=\"elementor-heading-title elementor-size-default\">Carrie Fox \/ Aliado comunitario \nCategor\u00eda Aliado comunitario \n<\/h2>\t\t\t\t<\/div>\n\t\t\t\t\t<\/div>\n\t\t<\/div>\n\t\t\t\t\t<\/div>\n\t\t<\/section>\n\t\t\t\t<section data-particle_enable=\"false\" data-particle-mobile-disabled=\"false\" class=\"elementor-section elementor-top-section elementor-element elementor-element-41d5d9a elementor-section-boxed elementor-section-height-default elementor-section-height-default\" data-id=\"41d5d9a\" data-element_type=\"section\" data-e-type=\"section\">\n\t\t\t\t\t\t<div class=\"elementor-container elementor-column-gap-default\">\n\t\t\t\t\t<div class=\"elementor-column elementor-col-100 elementor-top-column elementor-element elementor-element-bc3c7cf\" data-id=\"bc3c7cf\" data-element_type=\"column\" data-e-type=\"column\">\n\t\t\t<div class=\"elementor-widget-wrap elementor-element-populated\">\n\t\t\t\t\t\t<div class=\"elementor-element elementor-element-1a503bd elementor-arrows-position-inside elementor-pagination-position-outside elementor-widget elementor-widget-image-carousel\" data-id=\"1a503bd\" data-element_type=\"widget\" data-e-type=\"widget\" data-settings=\"{&quot;slides_to_show&quot;:&quot;1&quot;,&quot;navigation&quot;:&quot;both&quot;,&quot;autoplay&quot;:&quot;yes&quot;,&quot;pause_on_hover&quot;:&quot;yes&quot;,&quot;pause_on_interaction&quot;:&quot;yes&quot;,&quot;autoplay_speed&quot;:5000,&quot;infinite&quot;:&quot;yes&quot;,&quot;effect&quot;:&quot;slide&quot;,&quot;speed&quot;:500}\" data-widget_type=\"image-carousel.default\">\n\t\t\t\t\t\t\t<div class=\"elementor-image-carousel-wrapper swiper\" role=\"region\" aria-roledescription=\"carousel\" aria-label=\"Carrusel de im\u00e1genes\" dir=\"ltr\">\n\t\t\t<div class=\"elementor-image-carousel swiper-wrapper\" aria-live=\"off\">\n\t\t\t\t\t\t\t\t<div class=\"swiper-slide\" role=\"group\" aria-roledescription=\"slide\" aria-label=\"1 de 2\"><figure class=\"swiper-slide-inner\"><img decoding=\"async\" class=\"swiper-slide-image\" src=\"https:\/\/soymigrante.com\/revista\/wp-content\/uploads\/2023\/12\/Carrie-Fox--768x768.jpg\" alt=\"Carrie Fox\" \/><\/figure><\/div><div class=\"swiper-slide\" role=\"group\" aria-roledescription=\"slide\" aria-label=\"2 de 2\"><figure class=\"swiper-slide-inner\"><img decoding=\"async\" class=\"swiper-slide-image\" src=\"https:\/\/soymigrante.com\/revista\/wp-content\/uploads\/2023\/12\/Carrie-fox-768x768.webp\" alt=\"Carrie fox\" \/><\/figure><\/div>\t\t\t<\/div>\n\t\t\t\t\t\t\t\t\t\t\t\t<div class=\"elementor-swiper-button elementor-swiper-button-prev\" role=\"button\" tabindex=\"0\">\n\t\t\t\t\t\t<i aria-hidden=\"true\" class=\"eicon-chevron-left\"><\/i>\t\t\t\t\t<\/div>\n\t\t\t\t\t<div class=\"elementor-swiper-button elementor-swiper-button-next\" role=\"button\" tabindex=\"0\">\n\t\t\t\t\t\t<i aria-hidden=\"true\" class=\"eicon-chevron-right\"><\/i>\t\t\t\t\t<\/div>\n\t\t\t\t\n\t\t\t\t\t\t\t\t\t<div class=\"swiper-pagination\"><\/div>\n\t\t\t\t\t\t\t\t\t<\/div>\n\t\t\t\t\t\t<\/div>\n\t\t\t\t\t<\/div>\n\t\t<\/div>\n\t\t\t\t\t<\/div>\n\t\t<\/section>\n\t\t\t\t<section data-particle_enable=\"false\" data-particle-mobile-disabled=\"false\" class=\"elementor-section elementor-top-section elementor-element elementor-element-8b0bc6e elementor-section-boxed elementor-section-height-default elementor-section-height-default\" data-id=\"8b0bc6e\" data-element_type=\"section\" data-e-type=\"section\">\n\t\t\t\t\t\t<div class=\"elementor-container elementor-column-gap-default\">\n\t\t\t\t\t<div class=\"elementor-column elementor-col-100 elementor-top-column elementor-element elementor-element-bef0c32\" data-id=\"bef0c32\" data-element_type=\"column\" data-e-type=\"column\">\n\t\t\t<div class=\"elementor-widget-wrap elementor-element-populated\">\n\t\t\t\t\t\t<div class=\"elementor-element elementor-element-21bef93 elementor-widget elementor-widget-text-editor\" data-id=\"21bef93\" data-element_type=\"widget\" data-e-type=\"widget\" data-widget_type=\"text-editor.default\">\n\t\t\t\t\t\t\t\t\t<p><span style=\"font-weight: 400;\">Es residente de Oklahoma City durante 50 a\u00f1os, descubri\u00f3 su pasi\u00f3n por la ense\u00f1anza a trav\u00e9s de las artes marciales, eventualmente hizo de eso su carrera despu\u00e9s de ense\u00f1ar clases universitarias de historia. La Escuela Charter ASTEC se convirti\u00f3 en una experiencia transformadora, exponi\u00e9ndose a diversas culturas y fomentando su amor por ense\u00f1ar geograf\u00eda. Ahora, en el Centro de Historia de Oklahoma, Carrie contin\u00faa su dedicaci\u00f3n honrando los or\u00edgenes de sus antiguos alumnos y fortaleciendo v\u00ednculos con la comunidad guatemalteca.<\/span><\/p>\t\t\t\t\t\t\t\t<\/div>\n\t\t\t\t\t<\/div>\n\t\t<\/div>\n\t\t\t\t\t<\/div>\n\t\t<\/section>\n\t\t\t\t<section data-particle_enable=\"false\" data-particle-mobile-disabled=\"false\" class=\"elementor-section elementor-top-section elementor-element elementor-element-4418b33 elementor-section-boxed elementor-section-height-default elementor-section-height-default\" data-id=\"4418b33\" data-element_type=\"section\" data-e-type=\"section\">\n\t\t\t\t\t\t<div class=\"elementor-container elementor-column-gap-default\">\n\t\t\t\t\t<div class=\"elementor-column elementor-col-100 elementor-top-column elementor-element elementor-element-d1dae0f\" data-id=\"d1dae0f\" data-element_type=\"column\" data-e-type=\"column\">\n\t\t\t<div class=\"elementor-widget-wrap elementor-element-populated\">\n\t\t\t\t\t\t<div class=\"elementor-element elementor-element-7826cf3 elementor-widget elementor-widget-heading\" data-id=\"7826cf3\" data-element_type=\"widget\" data-e-type=\"widget\" data-widget_type=\"heading.default\">\n\t\t\t\t\t<h2 class=\"elementor-heading-title elementor-size-default\">Brenda Estrada \/ Maestra Escuela primaria Esperanza\nCategor\u00eda Educaci\u00f3n\n<\/h2>\t\t\t\t<\/div>\n\t\t\t\t\t<\/div>\n\t\t<\/div>\n\t\t\t\t\t<\/div>\n\t\t<\/section>\n\t\t\t\t<section data-particle_enable=\"false\" data-particle-mobile-disabled=\"false\" class=\"elementor-section elementor-top-section elementor-element elementor-element-7e00795 elementor-section-boxed elementor-section-height-default elementor-section-height-default\" data-id=\"7e00795\" data-element_type=\"section\" data-e-type=\"section\">\n\t\t\t\t\t\t<div class=\"elementor-container elementor-column-gap-default\">\n\t\t\t\t\t<div class=\"elementor-column elementor-col-100 elementor-top-column elementor-element elementor-element-b9840ce\" data-id=\"b9840ce\" data-element_type=\"column\" data-e-type=\"column\">\n\t\t\t<div class=\"elementor-widget-wrap elementor-element-populated\">\n\t\t\t\t\t\t<div class=\"elementor-element elementor-element-f0567ff elementor-arrows-position-inside elementor-pagination-position-outside elementor-widget elementor-widget-image-carousel\" data-id=\"f0567ff\" data-element_type=\"widget\" data-e-type=\"widget\" data-settings=\"{&quot;slides_to_show&quot;:&quot;1&quot;,&quot;navigation&quot;:&quot;both&quot;,&quot;autoplay&quot;:&quot;yes&quot;,&quot;pause_on_hover&quot;:&quot;yes&quot;,&quot;pause_on_interaction&quot;:&quot;yes&quot;,&quot;autoplay_speed&quot;:5000,&quot;infinite&quot;:&quot;yes&quot;,&quot;effect&quot;:&quot;slide&quot;,&quot;speed&quot;:500}\" data-widget_type=\"image-carousel.default\">\n\t\t\t\t\t\t\t<div class=\"elementor-image-carousel-wrapper swiper\" role=\"region\" aria-roledescription=\"carousel\" aria-label=\"Carrusel de im\u00e1genes\" dir=\"ltr\">\n\t\t\t<div class=\"elementor-image-carousel swiper-wrapper\" aria-live=\"off\">\n\t\t\t\t\t\t\t\t<div class=\"swiper-slide\" role=\"group\" aria-roledescription=\"slide\" aria-label=\"1 de 2\"><figure class=\"swiper-slide-inner\"><img decoding=\"async\" class=\"swiper-slide-image\" src=\"https:\/\/soymigrante.com\/revista\/wp-content\/uploads\/2023\/12\/Brenda-Estrada-768x768.webp\" alt=\"Brenda Estrada\" \/><\/figure><\/div><div class=\"swiper-slide\" role=\"group\" aria-roledescription=\"slide\" aria-label=\"2 de 2\"><figure class=\"swiper-slide-inner\"><img decoding=\"async\" class=\"swiper-slide-image\" src=\"https:\/\/soymigrante.com\/revista\/wp-content\/uploads\/2023\/12\/Brenda-768x768.webp\" alt=\"Brenda\" \/><\/figure><\/div>\t\t\t<\/div>\n\t\t\t\t\t\t\t\t\t\t\t\t<div class=\"elementor-swiper-button elementor-swiper-button-prev\" role=\"button\" tabindex=\"0\">\n\t\t\t\t\t\t<i aria-hidden=\"true\" class=\"eicon-chevron-left\"><\/i>\t\t\t\t\t<\/div>\n\t\t\t\t\t<div class=\"elementor-swiper-button elementor-swiper-button-next\" role=\"button\" tabindex=\"0\">\n\t\t\t\t\t\t<i aria-hidden=\"true\" class=\"eicon-chevron-right\"><\/i>\t\t\t\t\t<\/div>\n\t\t\t\t\n\t\t\t\t\t\t\t\t\t<div class=\"swiper-pagination\"><\/div>\n\t\t\t\t\t\t\t\t\t<\/div>\n\t\t\t\t\t\t<\/div>\n\t\t\t\t\t<\/div>\n\t\t<\/div>\n\t\t\t\t\t<\/div>\n\t\t<\/section>\n\t\t\t\t<section data-particle_enable=\"false\" data-particle-mobile-disabled=\"false\" class=\"elementor-section elementor-top-section elementor-element elementor-element-1242d2b elementor-section-boxed elementor-section-height-default elementor-section-height-default\" data-id=\"1242d2b\" data-element_type=\"section\" data-e-type=\"section\">\n\t\t\t\t\t\t<div class=\"elementor-container elementor-column-gap-default\">\n\t\t\t\t\t<div class=\"elementor-column elementor-col-100 elementor-top-column elementor-element elementor-element-ae87c48\" data-id=\"ae87c48\" data-element_type=\"column\" data-e-type=\"column\">\n\t\t\t<div class=\"elementor-widget-wrap elementor-element-populated\">\n\t\t\t\t\t\t<div class=\"elementor-element elementor-element-c9b3466 elementor-widget elementor-widget-text-editor\" data-id=\"c9b3466\" data-element_type=\"widget\" data-e-type=\"widget\" data-widget_type=\"text-editor.default\">\n\t\t\t\t\t\t\t\t\t<p><span style=\"font-weight: 400;\">Es una educadora apasionada y dedicada, con 17 a\u00f1os de experiencia es maestra de ingl\u00e9s como segundo idioma. Graduada de la Universidad de Oklahoma y con una maestr\u00eda en Educaci\u00f3n de la UCO, su objetivo es brindar a sus estudiantes hispanohablantes las herramientas necesarias para triunfar en su educaci\u00f3n, tal como ella recibi\u00f3 apoyo en su propio viaje educativo. Brenda, actualmente en la escuela primaria Esperanza, est\u00e1 comprometida a inspirar a sus alumnos a alcanzar sus metas con esfuerzo y dedicaci\u00f3n, mientras equilibra su vida familiar con dos hijos, William de 8 a\u00f1os y Daniel de 4 a\u00f1os, junto a su esposo desde 2013.<\/span><\/p><p><span style=\"font-weight: 400;\">\u201cHa sido importante mantener mis ra\u00edces hispanas, mis pap\u00e1s siempre nos hablaron espa\u00f1ol nos inculcaron que nuestro pa\u00eds es importante. Ten\u00eda 13 a\u00f1os cuando llegu\u00e9. Es un honor que nuestra propia cultura reconozca el trabajo que uno hace diariamente. No es f\u00e1cil, este trabajo es una vocaci\u00f3n. Muchas gracias por tomarnos en cuenta\u201d.<\/span><\/p>\t\t\t\t\t\t\t\t<\/div>\n\t\t\t\t\t<\/div>\n\t\t<\/div>\n\t\t\t\t\t<\/div>\n\t\t<\/section>\n\t\t\t\t<section data-particle_enable=\"false\" data-particle-mobile-disabled=\"false\" class=\"elementor-section elementor-top-section elementor-element elementor-element-c6243cb elementor-section-boxed elementor-section-height-default elementor-section-height-default\" data-id=\"c6243cb\" data-element_type=\"section\" data-e-type=\"section\">\n\t\t\t\t\t\t<div class=\"elementor-container elementor-column-gap-default\">\n\t\t\t\t\t<div class=\"elementor-column elementor-col-100 elementor-top-column elementor-element elementor-element-7b1d2d4\" data-id=\"7b1d2d4\" data-element_type=\"column\" data-e-type=\"column\">\n\t\t\t<div class=\"elementor-widget-wrap elementor-element-populated\">\n\t\t\t\t\t\t<div class=\"elementor-element elementor-element-03f604c elementor-widget elementor-widget-heading\" data-id=\"03f604c\" data-element_type=\"widget\" data-e-type=\"widget\" data-widget_type=\"heading.default\">\n\t\t\t\t\t<h2 class=\"elementor-heading-title elementor-size-default\">Am\u00edlcar De Le\u00f3n \/ Feria Latina Super Marquet\nCategor\u00eda Emprendedor\n<\/h2>\t\t\t\t<\/div>\n\t\t\t\t\t<\/div>\n\t\t<\/div>\n\t\t\t\t\t<\/div>\n\t\t<\/section>\n\t\t\t\t<section data-particle_enable=\"false\" data-particle-mobile-disabled=\"false\" class=\"elementor-section elementor-top-section elementor-element elementor-element-098f612 elementor-section-boxed elementor-section-height-default elementor-section-height-default\" data-id=\"098f612\" data-element_type=\"section\" data-e-type=\"section\">\n\t\t\t\t\t\t<div class=\"elementor-container elementor-column-gap-default\">\n\t\t\t\t\t<div class=\"elementor-column elementor-col-100 elementor-top-column elementor-element elementor-element-f2e6b8d\" data-id=\"f2e6b8d\" data-element_type=\"column\" data-e-type=\"column\">\n\t\t\t<div class=\"elementor-widget-wrap elementor-element-populated\">\n\t\t\t\t\t\t<div class=\"elementor-element elementor-element-ea2b671 elementor-arrows-position-inside elementor-pagination-position-outside elementor-widget elementor-widget-image-carousel\" data-id=\"ea2b671\" data-element_type=\"widget\" data-e-type=\"widget\" data-settings=\"{&quot;slides_to_show&quot;:&quot;1&quot;,&quot;navigation&quot;:&quot;both&quot;,&quot;autoplay&quot;:&quot;yes&quot;,&quot;pause_on_hover&quot;:&quot;yes&quot;,&quot;pause_on_interaction&quot;:&quot;yes&quot;,&quot;autoplay_speed&quot;:5000,&quot;infinite&quot;:&quot;yes&quot;,&quot;effect&quot;:&quot;slide&quot;,&quot;speed&quot;:500}\" data-widget_type=\"image-carousel.default\">\n\t\t\t\t\t\t\t<div class=\"elementor-image-carousel-wrapper swiper\" role=\"region\" aria-roledescription=\"carousel\" aria-label=\"Carrusel de im\u00e1genes\" dir=\"ltr\">\n\t\t\t<div class=\"elementor-image-carousel swiper-wrapper\" aria-live=\"off\">\n\t\t\t\t\t\t\t\t<div class=\"swiper-slide\" role=\"group\" aria-roledescription=\"slide\" aria-label=\"1 de 2\"><figure class=\"swiper-slide-inner\"><img decoding=\"async\" class=\"swiper-slide-image\" src=\"https:\/\/soymigrante.com\/revista\/wp-content\/uploads\/2023\/12\/Maria-De-Leon-feria-latina-768x768.webp\" alt=\"Am\u00edlcar De Le\u00f3n\" \/><\/figure><\/div><div class=\"swiper-slide\" role=\"group\" aria-roledescription=\"slide\" aria-label=\"2 de 2\"><figure class=\"swiper-slide-inner\"><img decoding=\"async\" class=\"swiper-slide-image\" src=\"https:\/\/soymigrante.com\/revista\/wp-content\/uploads\/2023\/12\/feria-768x768.webp\" alt=\"feria\" \/><\/figure><\/div>\t\t\t<\/div>\n\t\t\t\t\t\t\t\t\t\t\t\t<div class=\"elementor-swiper-button elementor-swiper-button-prev\" role=\"button\" tabindex=\"0\">\n\t\t\t\t\t\t<i aria-hidden=\"true\" class=\"eicon-chevron-left\"><\/i>\t\t\t\t\t<\/div>\n\t\t\t\t\t<div class=\"elementor-swiper-button elementor-swiper-button-next\" role=\"button\" tabindex=\"0\">\n\t\t\t\t\t\t<i aria-hidden=\"true\" class=\"eicon-chevron-right\"><\/i>\t\t\t\t\t<\/div>\n\t\t\t\t\n\t\t\t\t\t\t\t\t\t<div class=\"swiper-pagination\"><\/div>\n\t\t\t\t\t\t\t\t\t<\/div>\n\t\t\t\t\t\t<\/div>\n\t\t\t\t\t<\/div>\n\t\t<\/div>\n\t\t\t\t\t<\/div>\n\t\t<\/section>\n\t\t\t\t<section data-particle_enable=\"false\" data-particle-mobile-disabled=\"false\" class=\"elementor-section elementor-top-section elementor-element elementor-element-1f5be12 elementor-section-boxed elementor-section-height-default elementor-section-height-default\" data-id=\"1f5be12\" data-element_type=\"section\" data-e-type=\"section\">\n\t\t\t\t\t\t<div class=\"elementor-container elementor-column-gap-default\">\n\t\t\t\t\t<div class=\"elementor-column elementor-col-100 elementor-top-column elementor-element elementor-element-4f7ca53\" data-id=\"4f7ca53\" data-element_type=\"column\" data-e-type=\"column\">\n\t\t\t<div class=\"elementor-widget-wrap elementor-element-populated\">\n\t\t\t\t\t\t<div class=\"elementor-element elementor-element-3fe9dcc elementor-widget elementor-widget-text-editor\" data-id=\"3fe9dcc\" data-element_type=\"widget\" data-e-type=\"widget\" data-widget_type=\"text-editor.default\">\n\t\t\t\t\t\t\t\t\t<p><span style=\"font-weight: 400;\">La Feria Latina fundada en Oklahoma City por emprendedores latinoamericanos en enero de 2006, ha ganado progresivamente la preferencia de sus clientes al mantener altos est\u00e1ndares de calidad y precios justos, impulsando su \u00e9xito con la b\u00fasqueda constante de nuevos productos para un mercado en crecimiento. Este \u00e9xito se atribuye a la dedicaci\u00f3n de sus colaboradores, quienes con entusiasmo contribuyen a alcanzar metas compartidas, reflejando su gratitud mediante eventos promocionales, sorteos y contribuciones altruistas, como parte de su compromiso con la comunidad.<\/span><\/p><p><span style=\"font-weight: 400;\">\u201cLa idea fue establecer un mercado latino donde todos puedan identificarse. No tengo palabras porque uno no trabaja para recibir reconocimientos es m\u00e1s para servirle a la gente y Dios nos da una oportunidad para estar en la tierra y hacer lo que nos gusta, es un talento. Agradezco el reconocimiento, s\u00e9 que no ha sido f\u00e1cil\u201d.<\/span><\/p>\t\t\t\t\t\t\t\t<\/div>\n\t\t\t\t\t<\/div>\n\t\t<\/div>\n\t\t\t\t\t<\/div>\n\t\t<\/section>\n\t\t\t\t<section data-particle_enable=\"false\" data-particle-mobile-disabled=\"false\" class=\"elementor-section elementor-top-section elementor-element elementor-element-13188ed elementor-section-boxed elementor-section-height-default elementor-section-height-default\" data-id=\"13188ed\" data-element_type=\"section\" data-e-type=\"section\">\n\t\t\t\t\t\t<div class=\"elementor-container elementor-column-gap-default\">\n\t\t\t\t\t<div class=\"elementor-column elementor-col-100 elementor-top-column elementor-element elementor-element-7b0e143\" data-id=\"7b0e143\" data-element_type=\"column\" data-e-type=\"column\">\n\t\t\t<div class=\"elementor-widget-wrap elementor-element-populated\">\n\t\t\t\t\t\t<div class=\"elementor-element elementor-element-bd8fc5d elementor-widget elementor-widget-heading\" data-id=\"bd8fc5d\" data-element_type=\"widget\" data-e-type=\"widget\" data-widget_type=\"heading.default\">\n\t\t\t\t\t<h2 class=\"elementor-heading-title elementor-size-default\">Eduardo Barrios \/ OU Health Medical center\nCategor\u00eda Salud\n<\/h2>\t\t\t\t<\/div>\n\t\t\t\t\t<\/div>\n\t\t<\/div>\n\t\t\t\t\t<\/div>\n\t\t<\/section>\n\t\t\t\t<section data-particle_enable=\"false\" data-particle-mobile-disabled=\"false\" class=\"elementor-section elementor-top-section elementor-element elementor-element-24ddb90 elementor-section-boxed elementor-section-height-default elementor-section-height-default\" data-id=\"24ddb90\" data-element_type=\"section\" data-e-type=\"section\">\n\t\t\t\t\t\t<div class=\"elementor-container elementor-column-gap-default\">\n\t\t\t\t\t<div class=\"elementor-column elementor-col-100 elementor-top-column elementor-element elementor-element-058966a\" data-id=\"058966a\" data-element_type=\"column\" data-e-type=\"column\">\n\t\t\t<div class=\"elementor-widget-wrap elementor-element-populated\">\n\t\t\t\t\t\t<div class=\"elementor-element elementor-element-bfc55e6 elementor-arrows-position-inside elementor-pagination-position-outside elementor-widget elementor-widget-image-carousel\" data-id=\"bfc55e6\" data-element_type=\"widget\" data-e-type=\"widget\" data-settings=\"{&quot;slides_to_show&quot;:&quot;1&quot;,&quot;navigation&quot;:&quot;both&quot;,&quot;autoplay&quot;:&quot;yes&quot;,&quot;pause_on_hover&quot;:&quot;yes&quot;,&quot;pause_on_interaction&quot;:&quot;yes&quot;,&quot;autoplay_speed&quot;:5000,&quot;infinite&quot;:&quot;yes&quot;,&quot;effect&quot;:&quot;slide&quot;,&quot;speed&quot;:500}\" data-widget_type=\"image-carousel.default\">\n\t\t\t\t\t\t\t<div class=\"elementor-image-carousel-wrapper swiper\" role=\"region\" aria-roledescription=\"carousel\" aria-label=\"Carrusel de im\u00e1genes\" dir=\"ltr\">\n\t\t\t<div class=\"elementor-image-carousel swiper-wrapper\" aria-live=\"off\">\n\t\t\t\t\t\t\t\t<div class=\"swiper-slide\" role=\"group\" aria-roledescription=\"slide\" aria-label=\"1 de 2\"><figure class=\"swiper-slide-inner\"><img decoding=\"async\" class=\"swiper-slide-image\" src=\"https:\/\/soymigrante.com\/revista\/wp-content\/uploads\/2023\/12\/Eduardo-Barrios--768x768.webp\" alt=\"Eduardo Barrios\" \/><\/figure><\/div><div class=\"swiper-slide\" role=\"group\" aria-roledescription=\"slide\" aria-label=\"2 de 2\"><figure class=\"swiper-slide-inner\"><img decoding=\"async\" class=\"swiper-slide-image\" src=\"https:\/\/soymigrante.com\/revista\/wp-content\/uploads\/2023\/12\/Eduardo--768x768.webp\" alt=\"Eduardo\" \/><\/figure><\/div>\t\t\t<\/div>\n\t\t\t\t\t\t\t\t\t\t\t\t<div class=\"elementor-swiper-button elementor-swiper-button-prev\" role=\"button\" tabindex=\"0\">\n\t\t\t\t\t\t<i aria-hidden=\"true\" class=\"eicon-chevron-left\"><\/i>\t\t\t\t\t<\/div>\n\t\t\t\t\t<div class=\"elementor-swiper-button elementor-swiper-button-next\" role=\"button\" tabindex=\"0\">\n\t\t\t\t\t\t<i aria-hidden=\"true\" class=\"eicon-chevron-right\"><\/i>\t\t\t\t\t<\/div>\n\t\t\t\t\n\t\t\t\t\t\t\t\t\t<div class=\"swiper-pagination\"><\/div>\n\t\t\t\t\t\t\t\t\t<\/div>\n\t\t\t\t\t\t<\/div>\n\t\t\t\t\t<\/div>\n\t\t<\/div>\n\t\t\t\t\t<\/div>\n\t\t<\/section>\n\t\t\t\t<section data-particle_enable=\"false\" data-particle-mobile-disabled=\"false\" class=\"elementor-section elementor-top-section elementor-element elementor-element-ff696b6 elementor-section-boxed elementor-section-height-default elementor-section-height-default\" data-id=\"ff696b6\" data-element_type=\"section\" data-e-type=\"section\">\n\t\t\t\t\t\t<div class=\"elementor-container elementor-column-gap-default\">\n\t\t\t\t\t<div class=\"elementor-column elementor-col-100 elementor-top-column elementor-element elementor-element-e087b0c\" data-id=\"e087b0c\" data-element_type=\"column\" data-e-type=\"column\">\n\t\t\t<div class=\"elementor-widget-wrap elementor-element-populated\">\n\t\t\t\t\t\t<div class=\"elementor-element elementor-element-bb01370 elementor-widget elementor-widget-text-editor\" data-id=\"bb01370\" data-element_type=\"widget\" data-e-type=\"widget\" data-widget_type=\"text-editor.default\">\n\t\t\t\t\t\t\t\t\t<p><span style=\"font-weight: 400;\">Eduardo Barrios es hijo de inmigrantes guatemaltecos, se gradu\u00f3 de la Universidad de Oklahoma y tiene t\u00edtulos en Ciencias de la Salud y el Ejercicio, as\u00ed como en Im\u00e1genes M\u00e9dicas y Ciencias de la Radiaci\u00f3n. Ejerce su profesi\u00f3n como tecn\u00f3logo certificado en rayos X especializado en Radiolog\u00eda Intervencionista. El encuentra satisfacci\u00f3n en ayudar a los pacientes y en superar barreras ling\u00fc\u00edsticas en el cuidado de la salud.<\/span><\/p><p><span style=\"font-weight: 400;\">\u201cFui el primero que me gradu\u00e9 de mi familia. Cont\u00f3 con el apoyo de muchas personas, es muy importante porque menos del 2% son guatemaltecos en mi departamento. La representaci\u00f3n es significativa para la comunidad como para los pacientes. Muchas gracias por premiarme este a\u00f1o\u201d.<\/span><\/p>\t\t\t\t\t\t\t\t<\/div>\n\t\t\t\t\t<\/div>\n\t\t<\/div>\n\t\t\t\t\t<\/div>\n\t\t<\/section>\n\t\t\t\t<section data-particle_enable=\"false\" data-particle-mobile-disabled=\"false\" class=\"elementor-section elementor-top-section elementor-element elementor-element-2fe9d22 elementor-section-boxed elementor-section-height-default elementor-section-height-default\" data-id=\"2fe9d22\" data-element_type=\"section\" data-e-type=\"section\">\n\t\t\t\t\t\t<div class=\"elementor-container elementor-column-gap-default\">\n\t\t\t\t\t<div class=\"elementor-column elementor-col-100 elementor-top-column elementor-element elementor-element-6c844ee\" data-id=\"6c844ee\" data-element_type=\"column\" data-e-type=\"column\">\n\t\t\t<div class=\"elementor-widget-wrap elementor-element-populated\">\n\t\t\t\t\t\t<div class=\"elementor-element elementor-element-dcb0fea elementor-testimonial--skin-default elementor-testimonial--layout-image_inline elementor-testimonial--align-center elementor-arrows-yes elementor-pagination-type-bullets elementor-widget elementor-widget-testimonial-carousel\" data-id=\"dcb0fea\" data-element_type=\"widget\" data-e-type=\"widget\" data-settings=\"{&quot;show_arrows&quot;:&quot;yes&quot;,&quot;pagination&quot;:&quot;bullets&quot;,&quot;speed&quot;:500,&quot;autoplay&quot;:&quot;yes&quot;,&quot;autoplay_speed&quot;:5000,&quot;loop&quot;:&quot;yes&quot;,&quot;pause_on_hover&quot;:&quot;yes&quot;,&quot;pause_on_interaction&quot;:&quot;yes&quot;,&quot;space_between&quot;:{&quot;unit&quot;:&quot;px&quot;,&quot;size&quot;:10,&quot;sizes&quot;:[]},&quot;space_between_tablet&quot;:{&quot;unit&quot;:&quot;px&quot;,&quot;size&quot;:10,&quot;sizes&quot;:[]},&quot;space_between_mobile&quot;:{&quot;unit&quot;:&quot;px&quot;,&quot;size&quot;:10,&quot;sizes&quot;:[]}}\" data-widget_type=\"testimonial-carousel.default\">\n\t\t\t\t\t\t\t\t\t\t<div class=\"elementor-main-swiper swiper\" role=\"region\" aria-roledescription=\"carousel\" aria-label=\"Diapositivas\">\n\t\t\t\t<div class=\"swiper-wrapper\">\n\t\t\t\t\t\t\t\t\t\t\t<div class=\"swiper-slide\" role=\"group\" aria-roledescription=\"slide\">\n\t\t\t\t\t\t\t\t\t<div class=\"elementor-testimonial\">\n\t\t\t\t\t\t\t<div class=\"elementor-testimonial__content\">\n\t\t\t\t\t<div class=\"elementor-testimonial__text\">\n\t\t\t\t\t\t\u201cQue la inmigraci\u00f3n y el dinero no sea un obst\u00e1culo e impedimento para las personas que hemos sido indocumentadas y que no hemos tenido ni el privilegio ni todo el dinero disponible y a\u00fan as\u00ed hemos logrado parte de nuestros sue\u00f1os\u201d\n\t\t\t\t\t<\/div>\n\t\t\t\t\t\t\t\t\t<\/div>\n\t\t\t\t\t\t<div class=\"elementor-testimonial__footer\">\n\t\t\t\t\t\t\t\t\t<div class=\"elementor-testimonial__image\">\n\t\t\t\t\t\t<img decoding=\"async\" src=\"https:\/\/soymigrante.com\/revista\/wp-content\/uploads\/2023\/12\/invitados-especiales-e1701829344319.webp\" alt=\"Hilda De Le\u00f3n \">\n\t\t\t\t\t\t\t\t\t\t\t<\/div>\n\t\t\t\t\t\t\t\t<cite class=\"elementor-testimonial__cite\"><span class=\"elementor-testimonial__name\">Hilda De Le\u00f3n <\/span><span class=\"elementor-testimonial__title\">Presidenta (GOA) Migrante guatemalteca<\/span><\/cite>\t\t\t<\/div>\n\t\t<\/div>\n\t\t\t\t\t\t\t\t<\/div>\n\t\t\t\t\t\t\t\t\t<\/div>\n\t\t\t\t\t\t\t<\/div>\n\t\t\t\t\t\t\t\t<\/div>\n\t\t\t\t\t<\/div>\n\t\t<\/div>\n\t\t\t\t\t<\/div>\n\t\t<\/section>\n\t\t\t\t<section data-particle_enable=\"false\" data-particle-mobile-disabled=\"false\" class=\"elementor-section elementor-top-section elementor-element elementor-element-0d35a72 elementor-section-boxed elementor-section-height-default elementor-section-height-default\" data-id=\"0d35a72\" data-element_type=\"section\" data-e-type=\"section\">\n\t\t\t\t\t\t<div class=\"elementor-container elementor-column-gap-default\">\n\t\t\t\t\t<div class=\"elementor-column elementor-col-100 elementor-top-column elementor-element elementor-element-7071332\" data-id=\"7071332\" data-element_type=\"column\" data-e-type=\"column\">\n\t\t\t<div class=\"elementor-widget-wrap elementor-element-populated\">\n\t\t\t\t\t\t<div class=\"elementor-element elementor-element-70e14df elementor-widget elementor-widget-heading\" data-id=\"70e14df\" data-element_type=\"widget\" data-e-type=\"widget\" data-widget_type=\"heading.default\">\n\t\t\t\t\t<h2 class=\"elementor-heading-title elementor-size-default\">Para leer m\u00e1s...<\/h2>\t\t\t\t<\/div>\n\t\t\t\t\t<\/div>\n\t\t<\/div>\n\t\t\t\t\t<\/div>\n\t\t<\/section>\n\t\t\t\t<section data-particle_enable=\"false\" data-particle-mobile-disabled=\"false\" class=\"elementor-section elementor-top-section elementor-element elementor-element-9bd64fc elementor-section-boxed elementor-section-height-default elementor-section-height-default\" data-id=\"9bd64fc\" data-element_type=\"section\" data-e-type=\"section\">\n\t\t\t\t\t\t<div class=\"elementor-container elementor-column-gap-default\">\n\t\t\t\t\t<div class=\"elementor-column elementor-col-100 elementor-top-column elementor-element elementor-element-62ca210\" data-id=\"62ca210\" data-element_type=\"column\" data-e-type=\"column\">\n\t\t\t<div class=\"elementor-widget-wrap elementor-element-populated\">\n\t\t\t\t\t\t<div class=\"elementor-element elementor-element-2e33f84 elementor-grid-eael-col-4 elementor-grid-tablet-eael-col-2 elementor-grid-mobile-eael-col-1 elementor-widget elementor-widget-eael-post-grid\" data-id=\"2e33f84\" data-element_type=\"widget\" data-e-type=\"widget\" data-settings=\"{&quot;eael_post_grid_columns&quot;:&quot;eael-col-4&quot;,&quot;eael_post_grid_columns_tablet&quot;:&quot;eael-col-2&quot;,&quot;eael_post_grid_columns_mobile&quot;:&quot;eael-col-1&quot;}\" data-widget_type=\"eael-post-grid.default\">\n\t\t\t\t\t<div id=\"eael-post-grid-2e33f84\" class=\"eael-post-grid-container\">\n            <div class=\"eael-post-grid eael-post-appender eael-post-appender-2e33f84 eael-post-grid-style-one\" data-layout-mode=\"masonry\"><article class=\"eael-grid-post  eael-post-grid-column eael-pg-post-3220 category-exitos-guatemala\" data-id=\"3220\">\n        <div class=\"eael-grid-post-holder\">\n            <div class=\"eael-grid-post-holder-inner\"><div class=\"eael-entry-media\"><div class=\"eael-entry-overlay fade-in\"><i class=\"fas fa-long-arrow-alt-right\" aria-hidden=\"true\"><\/i><a href=\"https:\/\/soymigrante.com\/revista\/el-sueno-migrante-de-yara-reynolds-se-dibuja-con-sombrero\/\"><\/a><\/div><div class=\"eael-entry-thumbnail \">\n                <img decoding=\"async\" width=\"300\" height=\"300\" src=\"https:\/\/soymigrante.com\/revista\/wp-content\/uploads\/2023\/11\/yara-reynolds-sombreros-6-300x300.jpg\" class=\"attachment-medium size-medium wp-image-30122\" alt=\"Sombreros de charro artesanales hechos a mano en diversos colores y dise\u00f1os para celebraci\u00f3n y cultura mexicana.\" srcset=\"https:\/\/soymigrante.com\/revista\/wp-content\/uploads\/2023\/11\/yara-reynolds-sombreros-6-300x300.jpg 300w, https:\/\/soymigrante.com\/revista\/wp-content\/uploads\/2023\/11\/yara-reynolds-sombreros-6-150x150.jpg 150w, https:\/\/soymigrante.com\/revista\/wp-content\/uploads\/2023\/11\/yara-reynolds-sombreros-6-768x768.jpg 768w, https:\/\/soymigrante.com\/revista\/wp-content\/uploads\/2023\/11\/yara-reynolds-sombreros-6-75x75.webp 75w, https:\/\/soymigrante.com\/revista\/wp-content\/uploads\/2023\/11\/yara-reynolds-sombreros-6-750x750.webp 750w, https:\/\/soymigrante.com\/revista\/wp-content\/uploads\/2023\/11\/yara-reynolds-sombreros-6.webp 978w\" sizes=\"(max-width: 300px) 100vw, 300px\" \/>\n            <\/div>\n        <\/div><div class=\"eael-entry-wrapper\"><header class=\"eael-entry-header\"><h2 class=\"eael-entry-title\"><a class=\"eael-grid-post-link\" href=\"https:\/\/soymigrante.com\/revista\/el-sueno-migrante-de-yara-reynolds-se-dibuja-con-sombrero\/\" title=\"El sue\u00f1o migrante de Yara crea y luce creativos sombrero y zapatos en Alabama\">El sue\u00f1o migrante de Yara crea y luce creativos sombrero y zapatos en Alabama<\/a><\/h2><\/header><\/div><\/div>\n        <\/div>\n    <\/article><article class=\"eael-grid-post  eael-post-grid-column eael-pg-post-3605 category-estamos-unidos\" data-id=\"3605\">\n        <div class=\"eael-grid-post-holder\">\n            <div class=\"eael-grid-post-holder-inner\"><div class=\"eael-entry-media\"><div class=\"eael-entry-overlay fade-in\"><i class=\"fas fa-long-arrow-alt-right\" aria-hidden=\"true\"><\/i><a href=\"https:\/\/soymigrante.com\/revista\/migrante-rene-corado-documental-el-lustrador-en-guatemala\/\"><\/a><\/div><div class=\"eael-entry-thumbnail \">\n                <img loading=\"lazy\" decoding=\"async\" width=\"300\" height=\"257\" src=\"https:\/\/soymigrante.com\/revista\/wp-content\/uploads\/2023\/12\/anti1-1-300x257.webp\" class=\"attachment-medium size-medium wp-image-3789\" alt=\"\" srcset=\"https:\/\/soymigrante.com\/revista\/wp-content\/uploads\/2023\/12\/anti1-1-300x257.webp 300w, https:\/\/soymigrante.com\/revista\/wp-content\/uploads\/2023\/12\/anti1-1-768x658.webp 768w, https:\/\/soymigrante.com\/revista\/wp-content\/uploads\/2023\/12\/anti1-1-750x643.jpg 750w, https:\/\/soymigrante.com\/revista\/wp-content\/uploads\/2023\/12\/anti1-1.webp 827w\" sizes=\"(max-width: 300px) 100vw, 300px\" \/>\n            <\/div>\n        <\/div><div class=\"eael-entry-wrapper\"><header class=\"eael-entry-header\"><h2 class=\"eael-entry-title\"><a class=\"eael-grid-post-link\" href=\"https:\/\/soymigrante.com\/revista\/migrante-rene-corado-documental-el-lustrador-en-guatemala\/\" title=\"Con 2 premios se estren\u00f3 documental El Lustrador del migrante Ren\u00e9 Corado\">Con 2 premios se estren\u00f3 documental El Lustrador del migrante Ren\u00e9 Corado<\/a><\/h2><\/header><\/div><\/div>\n        <\/div>\n    <\/article><article class=\"eael-grid-post  eael-post-grid-column eael-pg-post-3663 category-estamos-unidos tags-remesas-migrantes\" data-id=\"3663\">\n        <div class=\"eael-grid-post-holder\">\n            <div class=\"eael-grid-post-holder-inner\"><div class=\"eael-entry-media\"><div class=\"eael-entry-overlay fade-in\"><i class=\"fas fa-long-arrow-alt-right\" aria-hidden=\"true\"><\/i><a href=\"https:\/\/soymigrante.com\/revista\/remesas-migrantes-guatemaltecos-noviembre-superan-2023\/\"><\/a><\/div><div class=\"eael-entry-thumbnail \">\n                <img loading=\"lazy\" decoding=\"async\" width=\"300\" height=\"217\" src=\"https:\/\/soymigrante.com\/revista\/wp-content\/uploads\/2023\/12\/DOLARITOS-TRABAJADOR-e1701789218849-300x217.webp\" class=\"attachment-medium size-medium wp-image-3665\" alt=\"\" srcset=\"https:\/\/soymigrante.com\/revista\/wp-content\/uploads\/2023\/12\/DOLARITOS-TRABAJADOR-e1701789218849-300x217.webp 300w, https:\/\/soymigrante.com\/revista\/wp-content\/uploads\/2023\/12\/DOLARITOS-TRABAJADOR-e1701789218849-768x555.webp 768w, https:\/\/soymigrante.com\/revista\/wp-content\/uploads\/2023\/12\/DOLARITOS-TRABAJADOR-e1701789218849-120x86.webp 120w, https:\/\/soymigrante.com\/revista\/wp-content\/uploads\/2023\/12\/DOLARITOS-TRABAJADOR-e1701789218849-750x542.webp 750w, https:\/\/soymigrante.com\/revista\/wp-content\/uploads\/2023\/12\/DOLARITOS-TRABAJADOR-e1701789218849.webp 855w\" sizes=\"(max-width: 300px) 100vw, 300px\" \/>\n            <\/div>\n        <\/div><div class=\"eael-entry-wrapper\"><header class=\"eael-entry-header\"><h2 class=\"eael-entry-title\"><a class=\"eael-grid-post-link\" href=\"https:\/\/soymigrante.com\/revista\/remesas-migrantes-guatemaltecos-noviembre-superan-2023\/\" title=\"Migrantes guatemaltecos igualan remesas de 2022 en solo 11 meses de 2023\">Migrantes guatemaltecos igualan remesas de 2022 en solo 11 meses de 2023<\/a><\/h2><\/header><\/div><\/div>\n        <\/div>\n    <\/article><article class=\"eael-grid-post  eael-post-grid-column eael-pg-post-3582 category-exitos\" data-id=\"3582\">\n        <div class=\"eael-grid-post-holder\">\n            <div class=\"eael-grid-post-holder-inner\"><div class=\"eael-entry-media\"><div class=\"eael-entry-overlay fade-in\"><i class=\"fas fa-long-arrow-alt-right\" aria-hidden=\"true\"><\/i><a href=\"https:\/\/soymigrante.com\/revista\/musico-actor-guatemalteco-migrante-en-nueva-york-domingo-lemus\/\"><\/a><\/div><div class=\"eael-entry-thumbnail \">\n                <img loading=\"lazy\" decoding=\"async\" width=\"300\" height=\"265\" src=\"https:\/\/soymigrante.com\/revista\/wp-content\/uploads\/2023\/12\/minguito-300x265.webp\" class=\"attachment-medium size-medium wp-image-3599\" alt=\"\" srcset=\"https:\/\/soymigrante.com\/revista\/wp-content\/uploads\/2023\/12\/minguito-300x265.webp 300w, https:\/\/soymigrante.com\/revista\/wp-content\/uploads\/2023\/12\/minguito-768x678.webp 768w, https:\/\/soymigrante.com\/revista\/wp-content\/uploads\/2023\/12\/minguito-750x662.jpg 750w, https:\/\/soymigrante.com\/revista\/wp-content\/uploads\/2023\/12\/minguito.webp 855w\" sizes=\"(max-width: 300px) 100vw, 300px\" \/>\n            <\/div>\n        <\/div><div class=\"eael-entry-wrapper\"><header class=\"eael-entry-header\"><h2 class=\"eael-entry-title\"><a class=\"eael-grid-post-link\" href=\"https:\/\/soymigrante.com\/revista\/musico-actor-guatemalteco-migrante-en-nueva-york-domingo-lemus\/\" title=\"\u201cTodos somos migrantes\u201d: Domingo Lemus, cineasta y m\u00fasico en NY\">\u201cTodos somos migrantes\u201d: Domingo Lemus, cineasta y m\u00fasico en NY<\/a><\/h2><\/header><\/div><\/div>\n        <\/div>\n    <\/article><\/div>\n            <div class=\"clearfix\"><\/div>\n        <\/div>            <div class=\"eael-load-more-button-wrap eael-force-hide\">\n                <button class=\"eael-load-more-button\" id=\"eael-load-more-btn-2e33f84\" data-widget-id=\"2e33f84\" data-widget=\"2e33f84\" data-page-id=\"3696\" data-template=\"{&quot;dir&quot;:&quot;lite&quot;,&quot;file_name&quot;:&quot;one.php&quot;,&quot;name&quot;:&quot;Post-Grid&quot;}\" data-class=\"Essential_Addons_Elementor\\Elements\\Post_Grid\" data-layout=\"masonry\" data-page=\"1\" data-args=\"orderby=date&amp;order=desc&amp;ignore_sticky_posts=1&amp;post_status=publish&amp;posts_per_page=4&amp;offset=0&amp;post_type=any&amp;post__in%5B0%5D=3605&amp;post__in%5B1%5D=3469&amp;post__in%5B2%5D=3663&amp;post__in%5B3%5D=3049&amp;post__in%5B4%5D=3582&amp;post__in%5B5%5D=3220\" data-max-page=\"2\">\n                    <span class=\"eael-btn-loader button__loader\"><\/span>\n                    <span class=\"eael_load_more_text\">Cargar m\u00e1s<\/span>\n                <\/button>\n            <\/div>\n            \t\t\t\t<\/div>\n\t\t\t\t\t<\/div>\n\t\t<\/div>\n\t\t\t\t\t<\/div>\n\t\t<\/section>\n\t\t\t\t<\/div>\n\t\t","protected":false},"excerpt":{"rendered":"<p>Son empresarios, l\u00edderes, artistas y profesionales migrantes guatemaltecos que contribuyen al desarrollo econ\u00f3mico y cultural en Oklahoma, Estados Unidos con su trabajo y dedicaci\u00f3n. La Asociaci\u00f3n Guatemaltecos en Oklahoma Asociaci\u00f3n (GOA) organiz\u00f3 la gala anual. https:\/\/www.youtube.com\/watch?app=desktop&#038;v=K_hc8ACgpDk&#038;fbclid=IwAR32yOT83KZGHoSE0GG2Hd1SUKu6o8yRDeYqPliDWGXafLOijrKuT5oSbcI Gran aporte y talento guatemalteco M\u00e1s de 25 mil guatemaltecos contribuyen al desarrollo econ\u00f3mico y cultural del estado de [&hellip;]<\/p>\n","protected":false},"author":10,"featured_media":3688,"comment_status":"open","ping_status":"open","sticky":false,"template":"","format":"standard","meta":{"_acf_changed":false,"_eb_attr":"","footnotes":""},"categories":[54],"tags":[],"class_list":["post-3696","post","type-post","status-publish","format-standard","has-post-thumbnail","hentry","category-estamos-unidos"],"acf":[],"aioseo_notices":[],"aioseo_head":"\n\t\t<!-- All in One SEO Pro 4.9.6.2 - aioseo.com -->\n\t<meta name=\"description\" content=\"\u201cMi vida ha sido migrante casi desde que nac\u00ed\u201d, dice el guatemalteco Domingo Lemus, cuyo rostro se hizo ic\u00f3nico por la pel\u00edcula &quot;Puro Mula&quot;, de 2011, pero cuyo talento musical, creativo y f\u00edlmico crece en EE.UU al trabajar en producciones de cine y TV. En cada llegada o salida de Guatemala, vibran emociones en la\" \/>\n\t<meta name=\"robots\" content=\"max-snippet:-1, max-image-preview:large, max-video-preview:-1\" \/>\n\t<meta name=\"author\" content=\"Diana Batz\"\/>\n\t<link rel=\"canonical\" href=\"https:\/\/soymigrante.com\/revista\/reconocen-aporte-de-migrantes-guatemaltecos-en-oklahoma\/\" \/>\n\t<meta name=\"generator\" content=\"All in One SEO Pro (AIOSEO) 4.9.6.2\" \/>\n\n\t\t<link rel=\"preconnect\" href=\"https:\/\/fonts.googleapis.com\" crossorigin>\n<link rel=\"preconnect\" href=\"https:\/\/fonts.gstatic.com\" crossorigin>\n\t\t<meta property=\"og:locale\" content=\"es_ES\" \/>\n\t\t<meta property=\"og:site_name\" content=\"SoyMigrante.com REVISTA \u2013 Nuestra misi\u00f3n es reconocer y dignificar al migrante.\" \/>\n\t\t<meta property=\"og:type\" content=\"article\" \/>\n\t\t<meta property=\"og:title\" content=\"Reconocen el aporte de migrantes guatemaltecos en Oklahoma\" \/>\n\t\t<meta property=\"og:description\" content=\"Son empresarios, l\u00edderes, artistas y profesionales migrantes guatemaltecos que contribuyen al desarrollo econ\u00f3mico y cultural en Oklahoma, Estados Unidos con su trabajo y dedicaci\u00f3n. La Asociaci\u00f3n Guatemaltecos en Oklahoma Asociaci\u00f3n (GOA) organiz\u00f3 la gala anual. Gran aporte y talento guatemalteco M\u00e1s de 25 mil guatemaltecos contribuyen al desarrollo econ\u00f3mico y cultural del estado de Oklahoma. L\u00edderes, artistas y empresarios migrantes guatemaltecos son reconocidos con el galard\u00f3n gala excelencia Awardees 2023.\" \/>\n\t\t<meta property=\"og:url\" content=\"https:\/\/soymigrante.com\/revista\/reconocen-aporte-de-migrantes-guatemaltecos-en-oklahoma\/\" \/>\n\t\t<meta property=\"og:image\" content=\"https:\/\/soymigrante.com\/revista\/wp-content\/uploads\/2023\/12\/Galardonados-.webp\" \/>\n\t\t<meta property=\"og:image:secure_url\" content=\"https:\/\/soymigrante.com\/revista\/wp-content\/uploads\/2023\/12\/Galardonados-.webp\" \/>\n\t\t<meta property=\"og:image:width\" content=\"1920\" \/>\n\t\t<meta property=\"og:image:height\" content=\"1080\" \/>\n\t\t<meta property=\"article:published_time\" content=\"2023-12-06T14:28:25+00:00\" \/>\n\t\t<meta property=\"article:modified_time\" content=\"2024-07-29T15:29:44+00:00\" \/>\n\t\t<meta property=\"article:publisher\" content=\"https:\/\/www.facebook.com\/soymigrantecom\" \/>\n\t\t<meta name=\"twitter:card\" content=\"summary_large_image\" \/>\n\t\t<meta name=\"twitter:site\" content=\"@SoyMigrante_com\" \/>\n\t\t<meta name=\"twitter:title\" content=\"Reconocen el aporte de migrantes guatemaltecos en Oklahoma\" \/>\n\t\t<meta name=\"twitter:description\" content=\"Son empresarios, l\u00edderes, artistas y profesionales migrantes guatemaltecos que contribuyen al desarrollo econ\u00f3mico y cultural en Oklahoma, Estados Unidos con su trabajo y dedicaci\u00f3n. La Asociaci\u00f3n Guatemaltecos en Oklahoma Asociaci\u00f3n (GOA) organiz\u00f3 la gala anual. Gran aporte y talento guatemalteco M\u00e1s de 25 mil guatemaltecos contribuyen al desarrollo econ\u00f3mico y cultural del estado de Oklahoma. L\u00edderes, artistas y empresarios migrantes guatemaltecos son reconocidos con el galard\u00f3n gala excelencia Awardees 2023.\" \/>\n\t\t<meta name=\"twitter:creator\" content=\"@SoyMigrante_com\" \/>\n\t\t<meta name=\"twitter:image\" content=\"https:\/\/soymigrante.com\/revista\/wp-content\/uploads\/2023\/12\/Galardonados-.webp\" \/>\n\t\t<!-- All in One SEO Pro -->\r\n\t\t<title>Reconocen el aporte de migrantes guatemaltecos en Oklahoma<\/title>\n\n","aioseo_head_json":{"title":"Reconocen el aporte de migrantes guatemaltecos en Oklahoma","description":"Son empresarios, l\u00edderes, artistas y profesionales migrantes guatemaltecos que contribuyen al desarrollo econ\u00f3mico y cultural en Oklahoma, Estados Unidos con su trabajo y dedicaci\u00f3n. La Asociaci\u00f3n Guatemaltecos en Oklahoma Asociaci\u00f3n (GOA) organiz\u00f3 la gala anual. Gran aporte y talento guatemalteco M\u00e1s de 25 mil guatemaltecos contribuyen al desarrollo econ\u00f3mico y cultural del estado de Oklahoma. L\u00edderes, artistas y empresarios migrantes guatemaltecos son reconocidos con el galard\u00f3n gala excelencia Awardees 2023.","canonical_url":"https:\/\/soymigrante.com\/revista\/reconocen-aporte-de-migrantes-guatemaltecos-en-oklahoma\/","robots":"max-snippet:-1, max-image-preview:large, max-video-preview:-1","keywords":"","webmasterTools":{"miscellaneous":"&lt;link rel=\"preconnect\" href=\"https:\/\/fonts.googleapis.com\" crossorigin&gt;\n&lt;link rel=\"preconnect\" href=\"https:\/\/fonts.gstatic.com\" crossorigin&gt;"},"schema":null,"og:locale":"es_ES","og:site_name":"SoyMigrante.com REVISTA \u2013 Nuestra misi\u00f3n es reconocer y dignificar al migrante.","og:type":"article","og:title":"Reconocen el aporte de migrantes guatemaltecos en Oklahoma","og:description":"Son empresarios, l\u00edderes, artistas y profesionales migrantes guatemaltecos que contribuyen al desarrollo econ\u00f3mico y cultural en Oklahoma, Estados Unidos con su trabajo y dedicaci\u00f3n. La Asociaci\u00f3n Guatemaltecos en Oklahoma Asociaci\u00f3n (GOA) organiz\u00f3 la gala anual. Gran aporte y talento guatemalteco M\u00e1s de 25 mil guatemaltecos contribuyen al desarrollo econ\u00f3mico y cultural del estado de Oklahoma. L\u00edderes, artistas y empresarios migrantes guatemaltecos son reconocidos con el galard\u00f3n gala excelencia Awardees 2023.","og:url":"https:\/\/soymigrante.com\/revista\/reconocen-aporte-de-migrantes-guatemaltecos-en-oklahoma\/","og:image":"https:\/\/soymigrante.com\/revista\/wp-content\/uploads\/2023\/12\/Galardonados-.webp","og:image:secure_url":"https:\/\/soymigrante.com\/revista\/wp-content\/uploads\/2023\/12\/Galardonados-.webp","og:image:width":1920,"og:image:height":1080,"article:published_time":"2023-12-06T14:28:25+00:00","article:modified_time":"2024-07-29T15:29:44+00:00","article:publisher":"https:\/\/www.facebook.com\/soymigrantecom","twitter:card":"summary_large_image","twitter:site":"@SoyMigrante_com","twitter:title":"Reconocen el aporte de migrantes guatemaltecos en Oklahoma","twitter:description":"Son empresarios, l\u00edderes, artistas y profesionales migrantes guatemaltecos que contribuyen al desarrollo econ\u00f3mico y cultural en Oklahoma, Estados Unidos con su trabajo y dedicaci\u00f3n. La Asociaci\u00f3n Guatemaltecos en Oklahoma Asociaci\u00f3n (GOA) organiz\u00f3 la gala anual. Gran aporte y talento guatemalteco M\u00e1s de 25 mil guatemaltecos contribuyen al desarrollo econ\u00f3mico y cultural del estado de Oklahoma. L\u00edderes, artistas y empresarios migrantes guatemaltecos son reconocidos con el galard\u00f3n gala excelencia Awardees 2023.","twitter:creator":"@SoyMigrante_com","twitter:image":"https:\/\/soymigrante.com\/revista\/wp-content\/uploads\/2023\/12\/Galardonados-.webp"},"aioseo_meta_data":{"post_id":"3696","title":"Reconocen el aporte de migrantes guatemaltecos en Oklahoma","description":"#post_excerpt L\u00edderes, artistas y empresarios migrantes guatemaltecos son reconocidos con el galard\u00f3n gala excelencia Awardees 2023.","keywords":[],"keyphrases":{"focus":{"keyphrase":"Migrantes","score":69,"analysis":{"keyphraseInTitle":{"score":9,"maxScore":9,"error":0},"keyphraseInDescription":{"score":9,"maxScore":9,"error":0},"keyphraseLength":{"score":9,"maxScore":9,"error":0,"length":1},"keyphraseInURL":{"score":5,"maxScore":5,"error":0},"keyphraseInIntroduction":{"score":3,"maxScore":9,"error":1},"keyphraseInSubHeadings":{"score":3,"maxScore":9,"error":1},"keyphraseInImageAlt":{"score":9,"maxScore":9,"error":0},"keywordDensity":{"score":0,"type":"low","maxScore":9,"error":1}}},"additional":[]},"primary_term":null,"canonical_url":null,"og_title":null,"og_description":null,"og_object_type":"default","og_image_type":"default","og_image_url":null,"og_image_width":null,"og_image_height":null,"og_image_custom_url":null,"og_image_custom_fields":null,"og_video":"","og_custom_url":null,"og_article_section":null,"og_article_tags":[],"twitter_use_og":false,"twitter_card":"default","twitter_image_type":"default","twitter_image_url":null,"twitter_image_custom_url":null,"twitter_image_custom_fields":null,"twitter_title":null,"twitter_description":null,"schema":{"blockGraphs":[],"customGraphs":[],"default":{"data":{"Article":[],"Course":[],"Dataset":[],"FAQPage":[],"Movie":[],"Person":[],"Product":[],"ProductReview":[],"Car":[],"Recipe":[],"Service":[],"SoftwareApplication":[],"WebPage":[]},"graphName":"BlogPosting","isEnabled":true},"graphs":[]},"schema_type":"default","schema_type_options":null,"pillar_content":false,"robots_default":true,"robots_noindex":false,"robots_noarchive":false,"robots_nosnippet":false,"robots_nofollow":false,"robots_noimageindex":false,"robots_noodp":false,"robots_notranslate":false,"robots_max_snippet":"-1","robots_max_videopreview":"-1","robots_max_imagepreview":"large","priority":null,"frequency":"default","local_seo":null,"seo_analyzer_scan_date":"2025-10-08 20:47:17","breadcrumb_settings":null,"limit_modified_date":false,"reviewed_by":null,"open_ai":null,"ai":null,"created":"2023-12-06 00:41:34","updated":"2026-02-04 10:03:14"},"aioseo_breadcrumb":"<div class=\"aioseo-breadcrumbs\"><span class=\"aioseo-breadcrumb\">\n\t<a href=\"https:\/\/soymigrante.com\/revista\" title=\"Home\">Home<\/a>\n<\/span><span class=\"aioseo-breadcrumb-separator\">\u00bb<\/span><span class=\"aioseo-breadcrumb\">\n\t<a href=\"https:\/\/soymigrante.com\/revista\/category\/estamos-unidos\/\" title=\"Estamos Unidos\">Estamos Unidos<\/a>\n<\/span><span class=\"aioseo-breadcrumb-separator\">\u00bb<\/span><span class=\"aioseo-breadcrumb\">\n\tReconocen aporte de migrantes guatemaltecos en Oklahoma\n<\/span><\/div>","aioseo_breadcrumb_json":[{"label":"Home","link":"https:\/\/soymigrante.com\/revista"},{"label":"Estamos Unidos","link":"https:\/\/soymigrante.com\/revista\/category\/estamos-unidos\/"},{"label":"Reconocen aporte de migrantes guatemaltecos en Oklahoma","link":"https:\/\/soymigrante.com\/revista\/reconocen-aporte-de-migrantes-guatemaltecos-en-oklahoma\/"}],"_links":{"self":[{"href":"https:\/\/soymigrante.com\/revista\/wp-json\/wp\/v2\/posts\/3696","targetHints":{"allow":["GET"]}}],"collection":[{"href":"https:\/\/soymigrante.com\/revista\/wp-json\/wp\/v2\/posts"}],"about":[{"href":"https:\/\/soymigrante.com\/revista\/wp-json\/wp\/v2\/types\/post"}],"author":[{"embeddable":true,"href":"https:\/\/soymigrante.com\/revista\/wp-json\/wp\/v2\/users\/10"}],"replies":[{"embeddable":true,"href":"https:\/\/soymigrante.com\/revista\/wp-json\/wp\/v2\/comments?post=3696"}],"version-history":[{"count":0,"href":"https:\/\/soymigrante.com\/revista\/wp-json\/wp\/v2\/posts\/3696\/revisions"}],"wp:featuredmedia":[{"embeddable":true,"href":"https:\/\/soymigrante.com\/revista\/wp-json\/wp\/v2\/media\/3688"}],"wp:attachment":[{"href":"https:\/\/soymigrante.com\/revista\/wp-json\/wp\/v2\/media?parent=3696"}],"wp:term":[{"taxonomy":"category","embeddable":true,"href":"https:\/\/soymigrante.com\/revista\/wp-json\/wp\/v2\/categories?post=3696"},{"taxonomy":"post_tag","embeddable":true,"href":"https:\/\/soymigrante.com\/revista\/wp-json\/wp\/v2\/tags?post=3696"}],"curies":[{"name":"wp","href":"https:\/\/api.w.org\/{rel}","templated":true}]}}