{"id":36943,"date":"2025-06-23T06:56:59","date_gmt":"2025-06-23T12:56:59","guid":{"rendered":"https:\/\/soymigrante.com\/revista\/?p=36943"},"modified":"2025-06-23T06:57:02","modified_gmt":"2025-06-23T12:57:02","slug":"haz-que-tu-lenguaje-corporal-sea-tu-aliado-durante-una-entrevista-de-trabajo","status":"publish","type":"post","link":"https:\/\/soymigrante.com\/revista\/haz-que-tu-lenguaje-corporal-sea-tu-aliado-durante-una-entrevista-de-trabajo\/","title":{"rendered":"Haz que tu lenguaje corporal sea tu aliado durante una entrevista de trabajo"},"content":{"rendered":"\t\t<div data-elementor-type=\"wp-post\" data-elementor-id=\"36943\" class=\"elementor elementor-36943\" data-elementor-post-type=\"post\">\n\t\t\t\t<div data-particle_enable=\"false\" data-particle-mobile-disabled=\"false\" class=\"elementor-element elementor-element-f61a955 e-flex e-con-boxed e-con e-parent\" data-id=\"f61a955\" data-element_type=\"container\" data-e-type=\"container\">\n\t\t\t\t\t<div class=\"e-con-inner\">\n\t\t\t\t<div class=\"elementor-element elementor-element-e5536db elementor-widget elementor-widget-heading\" data-id=\"e5536db\" data-element_type=\"widget\" data-e-type=\"widget\" data-widget_type=\"heading.default\">\n\t\t\t\t\t<h2 class=\"elementor-heading-title elementor-size-default\">El lenguaje corporal es un aliado secreto e importante en las entrevistas de trabajo. \n<\/h2>\t\t\t\t<\/div>\n\t\t\t\t\t<\/div>\n\t\t\t\t<\/div>\n\t\t<div data-particle_enable=\"false\" data-particle-mobile-disabled=\"false\" class=\"elementor-element elementor-element-9484c57 e-flex e-con-boxed e-con e-parent\" data-id=\"9484c57\" data-element_type=\"container\" data-e-type=\"container\">\n\t\t\t\t\t<div class=\"e-con-inner\">\n\t\t\t\t<div class=\"elementor-element elementor-element-236486e elementor-widget elementor-widget-text-editor\" data-id=\"236486e\" data-element_type=\"widget\" data-e-type=\"widget\" data-widget_type=\"text-editor.default\">\n\t\t\t\t\t\t\t\t\t<p>En un proceso de selecci\u00f3n laboral, cada detalle cuenta. <a href=\"https:\/\/soymigrante.com\/revista\/entrevista-de-trabajo-claves-como-actuar-responder\/\" target=\"_blank\" rel=\"noopener\">Las palabras, la experiencia y el curr\u00edculum importan, pero hay un elemento que muchas personas pasan por alto y que puede ser decisivo<\/a>: el lenguaje corporal. Esta forma silenciosa de comunicaci\u00f3n dice mucho sobre qui\u00e9nes somos, c\u00f3mo manejamos la presi\u00f3n y qu\u00e9 tan seguros estamos de nuestras habilidades.<\/p><p>Expertos en recursos humanos coinciden en que el lenguaje corporal puede reforzar o debilitar el mensaje verbal durante una entrevista. \u201cMuchas veces los reclutadores ya han tomado una decisi\u00f3n preliminar sobre un candidato en los primeros cinco minutos de conversaci\u00f3n, y en ese lapso lo que m\u00e1s pesa es la impresi\u00f3n visual y corporal\u201d, afirma Ana Luc\u00eda G\u00f3mez, asesora en empleabilidad y desarrollo profesional.<\/p>\t\t\t\t\t\t\t\t<\/div>\n\t\t\t\t\t<\/div>\n\t\t\t\t<\/div>\n\t\t<div data-particle_enable=\"false\" data-particle-mobile-disabled=\"false\" class=\"elementor-element elementor-element-726c9ce e-flex e-con-boxed e-con e-parent\" data-id=\"726c9ce\" data-element_type=\"container\" data-e-type=\"container\">\n\t\t\t\t\t<div class=\"e-con-inner\">\n\t\t\t\t<div class=\"elementor-element elementor-element-d654882 elementor-widget elementor-widget-heading\" data-id=\"d654882\" data-element_type=\"widget\" data-e-type=\"widget\" data-widget_type=\"heading.default\">\n\t\t\t\t\t<h3 class=\"elementor-heading-title elementor-size-default\">\u00bfQu\u00e9 es el lenguaje corporal?<\/h3>\t\t\t\t<\/div>\n\t\t\t\t\t<\/div>\n\t\t\t\t<\/div>\n\t\t<div data-particle_enable=\"false\" data-particle-mobile-disabled=\"false\" class=\"elementor-element elementor-element-a22ef80 e-flex e-con-boxed e-con e-parent\" data-id=\"a22ef80\" data-element_type=\"container\" data-e-type=\"container\">\n\t\t\t\t\t<div class=\"e-con-inner\">\n\t\t\t\t<div class=\"elementor-element elementor-element-f89de5b elementor-widget elementor-widget-text-editor\" data-id=\"f89de5b\" data-element_type=\"widget\" data-e-type=\"widget\" data-widget_type=\"text-editor.default\">\n\t\t\t\t\t\t\t\t\t<p><a href=\"https:\/\/soymigrante.com\/revista\/entrevista-de-trabajo-claves-como-actuar-responder\/\" target=\"_blank\" rel=\"noopener\">El lenguaje corporal incluye todos aquellos gestos, posturas, movimientos y expresiones que hacemos sin hablar:<\/a> la manera en que nos sentamos, miramos, saludamos o incluso c\u00f3mo colocamos las manos. Aunque suele ser inconsciente, este tipo de comunicaci\u00f3n transmite emociones como seguridad, nerviosismo, empat\u00eda o desinter\u00e9s.<\/p><p>En una entrevista de trabajo, donde el objetivo es convencer al empleador de que somos la persona ideal para el puesto, una postura incorrecta, evitar la mirada o mostrar tensi\u00f3n excesiva pueden ser interpretados como se\u00f1ales de inseguridad o falta de preparaci\u00f3n.<\/p>\t\t\t\t\t\t\t\t<\/div>\n\t\t\t\t\t<\/div>\n\t\t\t\t<\/div>\n\t\t<div data-particle_enable=\"false\" data-particle-mobile-disabled=\"false\" class=\"elementor-element elementor-element-1a583cd e-flex e-con-boxed e-con e-parent\" data-id=\"1a583cd\" data-element_type=\"container\" data-e-type=\"container\">\n\t\t\t\t\t<div class=\"e-con-inner\">\n\t\t\t\t<div class=\"elementor-element elementor-element-149254b elementor-grid-eael-col-1 elementor-grid-tablet-eael-col-2 elementor-grid-mobile-eael-col-1 elementor-invisible elementor-widget elementor-widget-eael-post-grid\" data-id=\"149254b\" data-element_type=\"widget\" data-e-type=\"widget\" data-settings=\"{&quot;eael_post_grid_columns&quot;:&quot;eael-col-1&quot;,&quot;_animation&quot;:&quot;rollIn&quot;,&quot;eael_post_grid_columns_tablet&quot;:&quot;eael-col-2&quot;,&quot;eael_post_grid_columns_mobile&quot;:&quot;eael-col-1&quot;}\" data-widget_type=\"eael-post-grid.default\">\n\t\t\t\t\t<div id=\"eael-post-grid-149254b\" class=\"eael-post-grid-container\">\n            <div class=\"eael-post-grid eael-post-appender eael-post-appender-149254b eael-post-grid-style-one\" data-layout-mode=\"masonry\"><article class=\"eael-grid-post  eael-post-grid-column eael-pg-post-9493 category-bienestar\" data-id=\"9493\">\n        <div class=\"eael-grid-post-holder\">\n            <div class=\"eael-grid-post-holder-inner\"><div class=\"eael-entry-media\"><div class=\"eael-entry-overlay fade-in\"><i class=\"far fa-hand-pointer\" aria-hidden=\"true\"><\/i><a href=\"https:\/\/soymigrante.com\/revista\/cuanto-mantienes-enfocada-tu-atencion-en-el-trabajo\/\"><\/a><\/div><div class=\"eael-entry-thumbnail eael-image-ratio\">\n                <img fetchpriority=\"high\" decoding=\"async\" width=\"637\" height=\"637\" src=\"https:\/\/soymigrante.com\/revista\/wp-content\/uploads\/2024\/09\/trabajo-enfoque-rendimiento-1-2.webp\" class=\"attachment-large size-large wp-image-9609\" alt=\"Carpintero trabajando en taller con herramientas el\u00e9ctricas, enfoque en empleo y habilidades para migrantes en la construcci\u00f3n.\" srcset=\"https:\/\/soymigrante.com\/revista\/wp-content\/uploads\/2024\/09\/trabajo-enfoque-rendimiento-1-2.webp 637w, https:\/\/soymigrante.com\/revista\/wp-content\/uploads\/2024\/09\/trabajo-enfoque-rendimiento-1-2-300x300.webp 300w, https:\/\/soymigrante.com\/revista\/wp-content\/uploads\/2024\/09\/trabajo-enfoque-rendimiento-1-2-150x150.webp 150w, https:\/\/soymigrante.com\/revista\/wp-content\/uploads\/2024\/09\/trabajo-enfoque-rendimiento-1-2-75x75.webp 75w\" sizes=\"(max-width: 637px) 100vw, 637px\" \/>\n            <\/div>\n        <\/div><div class=\"eael-entry-wrapper\"><header class=\"eael-entry-header\"><h2 class=\"eael-entry-title\"><a class=\"eael-grid-post-link\" href=\"https:\/\/soymigrante.com\/revista\/cuanto-mantienes-enfocada-tu-atencion-en-el-trabajo\/\" title=\"\u00bfCu\u00e1nto mantienes enfocada tu atenci\u00f3n en el trabajo?\">\u00bfCu\u00e1nto mantienes enfocada tu atenci\u00f3n en el trabajo?<\/a><\/h2><\/header><div class=\"eael-entry-content\">\n                        <div class=\"eael-grid-post-excerpt\"><a href=\"https:\/\/soymigrante.com\/revista\/cuanto-mantienes-enfocada-tu-atencion-en-el-trabajo\/\" class=\"eael-post-elements-readmore-btn\">CONOCE SU HISTORIA <\/a><\/div>\n                    <\/div><\/div><\/div>\n        <\/div>\n    <\/article><\/div>\n            <div class=\"clearfix\"><\/div>\n        <\/div>\t\t\t\t<\/div>\n\t\t\t\t\t<\/div>\n\t\t\t\t<\/div>\n\t\t<div data-particle_enable=\"false\" data-particle-mobile-disabled=\"false\" class=\"elementor-element elementor-element-455437c e-flex e-con-boxed e-con e-parent\" data-id=\"455437c\" data-element_type=\"container\" data-e-type=\"container\">\n\t\t\t\t\t<div class=\"e-con-inner\">\n\t\t\t\t<div class=\"elementor-element elementor-element-a99336f elementor-widget elementor-widget-heading\" data-id=\"a99336f\" data-element_type=\"widget\" data-e-type=\"widget\" data-widget_type=\"heading.default\">\n\t\t\t\t\t<h3 class=\"elementor-heading-title elementor-size-default\">Claves para proyectar seguridad y confianza<\/h3>\t\t\t\t<\/div>\n\t\t\t\t\t<\/div>\n\t\t\t\t<\/div>\n\t\t<div data-particle_enable=\"false\" data-particle-mobile-disabled=\"false\" class=\"elementor-element elementor-element-5e91ef0 e-flex e-con-boxed e-con e-parent\" data-id=\"5e91ef0\" data-element_type=\"container\" data-e-type=\"container\">\n\t\t\t\t\t<div class=\"e-con-inner\">\n\t\t\t\t<div class=\"elementor-element elementor-element-1e30901 elementor-widget elementor-widget-text-editor\" data-id=\"1e30901\" data-element_type=\"widget\" data-e-type=\"widget\" data-widget_type=\"text-editor.default\">\n\t\t\t\t\t\t\t\t\t<p>Varios elementos del lenguaje corporal pueden jugar a favor del aspirante si son bien manejados:<\/p>\t\t\t\t\t\t\t\t<\/div>\n\t\t\t\t\t<\/div>\n\t\t\t\t<\/div>\n\t\t<div data-particle_enable=\"false\" data-particle-mobile-disabled=\"false\" class=\"elementor-element elementor-element-e59b655 e-flex e-con-boxed e-con e-parent\" data-id=\"e59b655\" data-element_type=\"container\" data-e-type=\"container\">\n\t\t\t\t\t<div class=\"e-con-inner\">\n\t\t\t\t<div class=\"elementor-element elementor-element-c3e01a7 elementor-widget elementor-widget-text-editor\" data-id=\"c3e01a7\" data-element_type=\"widget\" data-e-type=\"widget\" data-widget_type=\"text-editor.default\">\n\t\t\t\t\t\t\t\t\t<p><strong>1. La primera impresi\u00f3n empieza antes de hablar<\/strong><\/p><p>Desde que el candidato entra a la sala o se conecta a una entrevista virtual, el lenguaje corporal comienza a hablar por \u00e9l o ella. Una postura erguida pero relajada, un saludo firme (o un gesto amable con la mano en caso de entrevistas virtuales), <a href=\"https:\/\/soymigrante.com\/revista\/entrevista-de-trabajo-claves-como-actuar-responder\/\" target=\"_blank\" rel=\"noopener\">y una sonrisa genuina pueden generar una percepci\u00f3n positiva inmediata.<\/a><\/p>\t\t\t\t\t\t\t\t<\/div>\n\t\t\t\t\t<\/div>\n\t\t\t\t<\/div>\n\t\t<div data-particle_enable=\"false\" data-particle-mobile-disabled=\"false\" class=\"elementor-element elementor-element-39a42d4 e-flex e-con-boxed e-con e-parent\" data-id=\"39a42d4\" data-element_type=\"container\" data-e-type=\"container\">\n\t\t\t\t\t<div class=\"e-con-inner\">\n\t\t\t\t<div class=\"elementor-element elementor-element-4287b76 elementor-widget elementor-widget-text-editor\" data-id=\"4287b76\" data-element_type=\"widget\" data-e-type=\"widget\" data-widget_type=\"text-editor.default\">\n\t\t\t\t\t\t\t\t\t<p><strong>2. Contacto visual<\/strong><\/p><p>Mirar a los ojos del entrevistador (sin ser invasivo) es fundamental. Transmite atenci\u00f3n, respeto y sinceridad. Evitar la mirada puede interpretarse como timidez excesiva o incluso falta de transparencia.<\/p>\t\t\t\t\t\t\t\t<\/div>\n\t\t\t\t\t<\/div>\n\t\t\t\t<\/div>\n\t\t<div data-particle_enable=\"false\" data-particle-mobile-disabled=\"false\" class=\"elementor-element elementor-element-8dc5a20 e-flex e-con-boxed e-con e-parent\" data-id=\"8dc5a20\" data-element_type=\"container\" data-e-type=\"container\">\n\t\t\t\t\t<div class=\"e-con-inner\">\n\t\t\t\t<div class=\"elementor-element elementor-element-cd2df43 elementor-widget elementor-widget-text-editor\" data-id=\"cd2df43\" data-element_type=\"widget\" data-e-type=\"widget\" data-widget_type=\"text-editor.default\">\n\t\t\t\t\t\t\t\t\t<p><strong>3. Manos visibles y expresivas<\/strong><\/p><p>Mantener las manos sobre la mesa o en el regazo de forma natural ayuda a comunicar honestidad. Gestos suaves y congruentes con el discurso pueden reforzar lo que se dice. Por el contrario, esconder las manos, jugar con objetos o cruzar los brazos puede interpretarse como se\u00f1al de incomodidad o desinter\u00e9s.<\/p>\t\t\t\t\t\t\t\t<\/div>\n\t\t\t\t\t<\/div>\n\t\t\t\t<\/div>\n\t\t<div data-particle_enable=\"false\" data-particle-mobile-disabled=\"false\" class=\"elementor-element elementor-element-e9e91c3 e-flex e-con-boxed e-con e-parent\" data-id=\"e9e91c3\" data-element_type=\"container\" data-e-type=\"container\">\n\t\t\t\t\t<div class=\"e-con-inner\">\n\t\t\t\t<div class=\"elementor-element elementor-element-2f1d4c3 elementor-widget elementor-widget-text-editor\" data-id=\"2f1d4c3\" data-element_type=\"widget\" data-e-type=\"widget\" data-widget_type=\"text-editor.default\">\n\t\t\t\t\t\t\t\t\t<p><strong>4. Postura corporal<\/strong><\/p><p>Estar demasiado r\u00edgido puede mostrar tensi\u00f3n, mientras que una postura demasiado relajada puede parecer informal o poco profesional. Lo ideal es sentarse derecho, con los hombros ligeramente hacia atr\u00e1s, sin tensar el cuerpo.<\/p>\t\t\t\t\t\t\t\t<\/div>\n\t\t\t\t\t<\/div>\n\t\t\t\t<\/div>\n\t\t<div data-particle_enable=\"false\" data-particle-mobile-disabled=\"false\" class=\"elementor-element elementor-element-cf1e4e5 e-flex e-con-boxed e-con e-parent\" data-id=\"cf1e4e5\" data-element_type=\"container\" data-e-type=\"container\">\n\t\t\t\t\t<div class=\"e-con-inner\">\n\t\t\t\t<div class=\"elementor-element elementor-element-c3706fb elementor-widget elementor-widget-text-editor\" data-id=\"c3706fb\" data-element_type=\"widget\" data-e-type=\"widget\" data-widget_type=\"text-editor.default\">\n\t\t\t\t\t\t\t\t\t<p><strong>5. Evitar movimientos nerviosos<\/strong><\/p><p><a href=\"https:\/\/soymigrante.com\/revista\/entrevista-de-trabajo-claves-como-actuar-responder\/\" target=\"_blank\" rel=\"noopener\">Balancearse, mover repetidamente una pierna, jugar con el cabello o tocarse la cara son se\u00f1ales frecuentes de ansiedad.<\/a> Aprender a controlarlos puede marcar una gran diferencia en la percepci\u00f3n del entrevistador.<\/p>\t\t\t\t\t\t\t\t<\/div>\n\t\t\t\t\t<\/div>\n\t\t\t\t<\/div>\n\t\t<div data-particle_enable=\"false\" data-particle-mobile-disabled=\"false\" class=\"elementor-element elementor-element-0ee94f8 e-flex e-con-boxed e-con e-parent\" data-id=\"0ee94f8\" data-element_type=\"container\" data-e-type=\"container\">\n\t\t\t\t\t<div class=\"e-con-inner\">\n\t\t\t\t<div class=\"elementor-element elementor-element-b7284d7 elementor-grid-eael-col-1 elementor-grid-tablet-eael-col-2 elementor-grid-mobile-eael-col-1 elementor-invisible elementor-widget elementor-widget-eael-post-grid\" data-id=\"b7284d7\" data-element_type=\"widget\" data-e-type=\"widget\" data-settings=\"{&quot;eael_post_grid_columns&quot;:&quot;eael-col-1&quot;,&quot;_animation&quot;:&quot;rollIn&quot;,&quot;eael_post_grid_columns_tablet&quot;:&quot;eael-col-2&quot;,&quot;eael_post_grid_columns_mobile&quot;:&quot;eael-col-1&quot;}\" data-widget_type=\"eael-post-grid.default\">\n\t\t\t\t\t<div id=\"eael-post-grid-b7284d7\" class=\"eael-post-grid-container\">\n            <div class=\"eael-post-grid eael-post-appender eael-post-appender-b7284d7 eael-post-grid-style-one\" data-layout-mode=\"masonry\"><article class=\"eael-grid-post  eael-post-grid-column eael-pg-post-10382 category-bienestar\" data-id=\"10382\">\n        <div class=\"eael-grid-post-holder\">\n            <div class=\"eael-grid-post-holder-inner\"><div class=\"eael-entry-media\"><div class=\"eael-entry-overlay fade-in\"><i class=\"far fa-hand-pointer\" aria-hidden=\"true\"><\/i><a href=\"https:\/\/soymigrante.com\/revista\/compromiso-con-el-trabajo-hay-que-saber-ser-realista-y-eficiente\/\"><\/a><\/div><div class=\"eael-entry-thumbnail eael-image-ratio\">\n                <img decoding=\"async\" width=\"1024\" height=\"1024\" src=\"https:\/\/soymigrante.com\/revista\/wp-content\/uploads\/2024\/10\/Compromiso-con-el-trabajo-como-ser-realista-y-eficiente-3-e1729026140507-1024x1024.jpg\" class=\"attachment-large size-large wp-image-10383\" alt=\"Soymigrante.com revista, mujer joven estudiando en casa con auriculares y laptop, tem\u00e1tica migrante y trabajo desde casa, recursos para inmigrantes y comunidad migrante, actualizaci\u00f3n sobre migraci\u00f3n y derechos.\" srcset=\"https:\/\/soymigrante.com\/revista\/wp-content\/uploads\/2024\/10\/Compromiso-con-el-trabajo-como-ser-realista-y-eficiente-3-e1729026140507-1024x1024.jpg 1024w, https:\/\/soymigrante.com\/revista\/wp-content\/uploads\/2024\/10\/Compromiso-con-el-trabajo-como-ser-realista-y-eficiente-3-e1729026140507-300x300.jpg 300w, https:\/\/soymigrante.com\/revista\/wp-content\/uploads\/2024\/10\/Compromiso-con-el-trabajo-como-ser-realista-y-eficiente-3-e1729026140507-150x150.jpg 150w, https:\/\/soymigrante.com\/revista\/wp-content\/uploads\/2024\/10\/Compromiso-con-el-trabajo-como-ser-realista-y-eficiente-3-e1729026140507-768x768.jpg 768w, https:\/\/soymigrante.com\/revista\/wp-content\/uploads\/2024\/10\/Compromiso-con-el-trabajo-como-ser-realista-y-eficiente-3-e1729026140507-1536x1536.jpg 1536w, https:\/\/soymigrante.com\/revista\/wp-content\/uploads\/2024\/10\/Compromiso-con-el-trabajo-como-ser-realista-y-eficiente-3-e1729026140507-75x75.webp 75w, https:\/\/soymigrante.com\/revista\/wp-content\/uploads\/2024\/10\/Compromiso-con-el-trabajo-como-ser-realista-y-eficiente-3-e1729026140507-750x750.webp 750w, https:\/\/soymigrante.com\/revista\/wp-content\/uploads\/2024\/10\/Compromiso-con-el-trabajo-como-ser-realista-y-eficiente-3-e1729026140507-1140x1140.webp 1140w, https:\/\/soymigrante.com\/revista\/wp-content\/uploads\/2024\/10\/Compromiso-con-el-trabajo-como-ser-realista-y-eficiente-3-e1729026140507-2048x2048.jpg 2048w, https:\/\/soymigrante.com\/revista\/wp-content\/uploads\/2024\/10\/Compromiso-con-el-trabajo-como-ser-realista-y-eficiente-3-e1729026140507.webp 1920w\" sizes=\"(max-width: 1024px) 100vw, 1024px\" \/>\n            <\/div>\n        <\/div><div class=\"eael-entry-wrapper\"><header class=\"eael-entry-header\"><h2 class=\"eael-entry-title\"><a class=\"eael-grid-post-link\" href=\"https:\/\/soymigrante.com\/revista\/compromiso-con-el-trabajo-hay-que-saber-ser-realista-y-eficiente\/\" title=\"Compromiso con el trabajo: hay que saber ser realista y eficiente\">Compromiso con el trabajo: hay que saber ser realista y eficiente<\/a><\/h2><\/header><div class=\"eael-entry-content\">\n                        <div class=\"eael-grid-post-excerpt\"><a href=\"https:\/\/soymigrante.com\/revista\/compromiso-con-el-trabajo-hay-que-saber-ser-realista-y-eficiente\/\" class=\"eael-post-elements-readmore-btn\">CONOCE SU HISTORIA <\/a><\/div>\n                    <\/div><\/div><\/div>\n        <\/div>\n    <\/article><\/div>\n            <div class=\"clearfix\"><\/div>\n        <\/div>\t\t\t\t<\/div>\n\t\t\t\t\t<\/div>\n\t\t\t\t<\/div>\n\t\t<div data-particle_enable=\"false\" data-particle-mobile-disabled=\"false\" class=\"elementor-element elementor-element-d176c13 e-flex e-con-boxed e-con e-parent\" data-id=\"d176c13\" data-element_type=\"container\" data-e-type=\"container\">\n\t\t\t\t\t<div class=\"e-con-inner\">\n\t\t\t\t<div class=\"elementor-element elementor-element-ebfd7ff elementor-widget elementor-widget-heading\" data-id=\"ebfd7ff\" data-element_type=\"widget\" data-e-type=\"widget\" data-widget_type=\"heading.default\">\n\t\t\t\t\t<h3 class=\"elementor-heading-title elementor-size-default\">\u00bfY en entrevistas virtuales?<\/h3>\t\t\t\t<\/div>\n\t\t\t\t\t<\/div>\n\t\t\t\t<\/div>\n\t\t<div data-particle_enable=\"false\" data-particle-mobile-disabled=\"false\" class=\"elementor-element elementor-element-097f3e9 e-flex e-con-boxed e-con e-parent\" data-id=\"097f3e9\" data-element_type=\"container\" data-e-type=\"container\">\n\t\t\t\t\t<div class=\"e-con-inner\">\n\t\t\t\t<div class=\"elementor-element elementor-element-0be3e57 elementor-widget elementor-widget-text-editor\" data-id=\"0be3e57\" data-element_type=\"widget\" data-e-type=\"widget\" data-widget_type=\"text-editor.default\">\n\t\t\t\t\t\t\t\t\t<div>Con el auge del trabajo remoto, muchas entrevistas ahora se hacen por videollamada. Esto tambi\u00e9n cambia la din\u00e1mica del lenguaje corporal. En este formato, se recomienda:<\/div><div>\u2022Mirar a la c\u00e1mara, no a la pantalla, para simular el contacto visual.<\/div><div>\u2022Asegurar buena iluminaci\u00f3n y encuadre, que permita ver el rostro y parte del torso.<\/div><div>\u2022Evitar distracciones (como mirar el celular) o moverse en exceso.<\/div><div>\u2022Cuidar la postura y gestos, tal como se har\u00eda en una entrevista presencial.<\/div>\t\t\t\t\t\t\t\t<\/div>\n\t\t\t\t\t<\/div>\n\t\t\t\t<\/div>\n\t\t<div data-particle_enable=\"false\" data-particle-mobile-disabled=\"false\" class=\"elementor-element elementor-element-3c73c71 e-flex e-con-boxed e-con e-parent\" data-id=\"3c73c71\" data-element_type=\"container\" data-e-type=\"container\">\n\t\t\t\t\t<div class=\"e-con-inner\">\n\t\t\t\t<div class=\"elementor-element elementor-element-9a880ff elementor-widget elementor-widget-heading\" data-id=\"9a880ff\" data-element_type=\"widget\" data-e-type=\"widget\" data-widget_type=\"heading.default\">\n\t\t\t\t\t<h3 class=\"elementor-heading-title elementor-size-default\">Lo que los reclutadores notan<\/h3>\t\t\t\t<\/div>\n\t\t\t\t\t<\/div>\n\t\t\t\t<\/div>\n\t\t<div data-particle_enable=\"false\" data-particle-mobile-disabled=\"false\" class=\"elementor-element elementor-element-f7cebb4 e-flex e-con-boxed e-con e-parent\" data-id=\"f7cebb4\" data-element_type=\"container\" data-e-type=\"container\">\n\t\t\t\t\t<div class=\"e-con-inner\">\n\t\t\t\t<div class=\"elementor-element elementor-element-badb3e3 elementor-widget elementor-widget-text-editor\" data-id=\"badb3e3\" data-element_type=\"widget\" data-e-type=\"widget\" data-widget_type=\"text-editor.default\">\n\t\t\t\t\t\t\t\t\t<div>Seg\u00fan un estudio de <a href=\"https:\/\/auth.careerbuilder.com\/Account\/Login\" target=\"_blank\" rel=\"noopener\">CareerBuilder<\/a>, el 67\u202f% de los empleadores admiti\u00f3 que el contacto visual deficiente es una de las razones m\u00e1s comunes para descartar a un candidato. Adem\u00e1s, el 26\u202f% se\u00f1al\u00f3 que una mala postura corporal es se\u00f1al de falta de inter\u00e9s o profesionalismo.<\/div><div>\u00a0<\/div><div><a href=\"https:\/\/soymigrante.com\/revista\/entrevista-de-trabajo-claves-como-actuar-responder\/\" target=\"_blank\" rel=\"noopener\">Otros aspectos del lenguaje corporal que generan alertas negativas,<\/a> seg\u00fan especialistas en reclutamiento, incluyen:<\/div><div>\u2022Sonre\u00edr demasiado o nada en absoluto.<\/div><div>\u2022Encogerse de hombros al responder.<\/div><div>\u2022Tocarse constantemente la cara o el cabello.<\/div><div>\u2022Cruzar los brazos durante toda la entrevista.<\/div>\t\t\t\t\t\t\t\t<\/div>\n\t\t\t\t\t<\/div>\n\t\t\t\t<\/div>\n\t\t<div data-particle_enable=\"false\" data-particle-mobile-disabled=\"false\" class=\"elementor-element elementor-element-ebec86b e-flex e-con-boxed e-con e-parent\" data-id=\"ebec86b\" data-element_type=\"container\" data-e-type=\"container\">\n\t\t\t\t\t<div class=\"e-con-inner\">\n\t\t\t\t<div class=\"elementor-element elementor-element-98d6626 elementor-grid-eael-col-1 elementor-grid-tablet-eael-col-2 elementor-grid-mobile-eael-col-1 elementor-invisible elementor-widget elementor-widget-eael-post-grid\" data-id=\"98d6626\" data-element_type=\"widget\" data-e-type=\"widget\" data-settings=\"{&quot;eael_post_grid_columns&quot;:&quot;eael-col-1&quot;,&quot;_animation&quot;:&quot;rollIn&quot;,&quot;eael_post_grid_columns_tablet&quot;:&quot;eael-col-2&quot;,&quot;eael_post_grid_columns_mobile&quot;:&quot;eael-col-1&quot;}\" data-widget_type=\"eael-post-grid.default\">\n\t\t\t\t\t<div id=\"eael-post-grid-98d6626\" class=\"eael-post-grid-container\">\n            <div class=\"eael-post-grid eael-post-appender eael-post-appender-98d6626 eael-post-grid-style-one\" data-layout-mode=\"masonry\"><article class=\"eael-grid-post  eael-post-grid-column eael-pg-post-30034 category-bienestar\" data-id=\"30034\">\n        <div class=\"eael-grid-post-holder\">\n            <div class=\"eael-grid-post-holder-inner\"><div class=\"eael-entry-media\"><div class=\"eael-entry-overlay fade-in\"><i class=\"far fa-hand-pointer\" aria-hidden=\"true\"><\/i><a href=\"https:\/\/soymigrante.com\/revista\/entrevista-de-trabajo-claves-como-actuar-responder\/\"><\/a><\/div><div class=\"eael-entry-thumbnail eael-image-ratio\">\n                <img decoding=\"async\" width=\"1024\" height=\"673\" src=\"https:\/\/soymigrante.com\/revista\/wp-content\/uploads\/2025\/04\/Como-responder-a-una-cita-de-trabajo-que-decir-y-que-evitar1-1024x673.jpeg\" class=\"attachment-large size-large wp-image-30035\" alt=\"Profesional mujer en entrevista laboral en una reuni\u00f3n de negocios para la publicaci\u00f3n de SoyMigrante.com REVISTA.\" \/>\n            <\/div>\n        <\/div><div class=\"eael-entry-wrapper\"><header class=\"eael-entry-header\"><h2 class=\"eael-entry-title\"><a class=\"eael-grid-post-link\" href=\"https:\/\/soymigrante.com\/revista\/entrevista-de-trabajo-claves-como-actuar-responder\/\" title=\"\u00bfTienes una entrevista de trabajo? algunas claves sobre c\u00f3mo actuar y responder\">\u00bfTienes una entrevista de trabajo? algunas claves sobre c\u00f3mo actuar y responder<\/a><\/h2><\/header><div class=\"eael-entry-content\">\n                        <div class=\"eael-grid-post-excerpt\"><a href=\"https:\/\/soymigrante.com\/revista\/entrevista-de-trabajo-claves-como-actuar-responder\/\" class=\"eael-post-elements-readmore-btn\">CONOCE SU HISTORIA <\/a><\/div>\n                    <\/div><\/div><\/div>\n        <\/div>\n    <\/article><\/div>\n            <div class=\"clearfix\"><\/div>\n        <\/div>\t\t\t\t<\/div>\n\t\t\t\t\t<\/div>\n\t\t\t\t<\/div>\n\t\t<div data-particle_enable=\"false\" data-particle-mobile-disabled=\"false\" class=\"elementor-element elementor-element-b6cfa2b e-flex e-con-boxed e-con e-parent\" data-id=\"b6cfa2b\" data-element_type=\"container\" data-e-type=\"container\">\n\t\t\t\t\t<div class=\"e-con-inner\">\n\t\t\t\t<div class=\"elementor-element elementor-element-9b929e3 elementor-widget elementor-widget-heading\" data-id=\"9b929e3\" data-element_type=\"widget\" data-e-type=\"widget\" data-widget_type=\"heading.default\">\n\t\t\t\t\t<h3 class=\"elementor-heading-title elementor-size-default\">Entrenar la comunicaci\u00f3n no verbal<\/h3>\t\t\t\t<\/div>\n\t\t\t\t\t<\/div>\n\t\t\t\t<\/div>\n\t\t<div data-particle_enable=\"false\" data-particle-mobile-disabled=\"false\" class=\"elementor-element elementor-element-f447f8b e-flex e-con-boxed e-con e-parent\" data-id=\"f447f8b\" data-element_type=\"container\" data-e-type=\"container\">\n\t\t\t\t\t<div class=\"e-con-inner\">\n\t\t\t\t<div class=\"elementor-element elementor-element-812bd15 elementor-widget elementor-widget-text-editor\" data-id=\"812bd15\" data-element_type=\"widget\" data-e-type=\"widget\" data-widget_type=\"text-editor.default\">\n\t\t\t\t\t\t\t\t\t<div>As\u00ed como se puede preparar una entrevista repasando preguntas comunes, tambi\u00e9n es posible entrenar el lenguaje corporal. Algunas recomendaciones incluyen:<\/div><div>\u2022Practicar frente al espejo o grabarse en video para observar expresiones y gestos.<\/div><div>\u2022Pedir retroalimentaci\u00f3n a amigos o profesionales sobre la postura y los movimientos.<\/div><div>\u2022Realizar ejercicios de respiraci\u00f3n y relajaci\u00f3n antes de la entrevista, para reducir la tensi\u00f3n corporal.<\/div><div>\u00a0<\/div><div>La consultora en imagen y comunicaci\u00f3n, Claudia Molina, sugiere que \u201c<em>no se trata de fingir una actitud que no se tiene, sino de alinear lo que se dice con lo que se muestra. Cuando el lenguaje corporal y el discurso coinciden, el mensaje es m\u00e1s poderoso y aut\u00e9ntico<\/em>\u201d.<\/div>\t\t\t\t\t\t\t\t<\/div>\n\t\t\t\t\t<\/div>\n\t\t\t\t<\/div>\n\t\t<div data-particle_enable=\"false\" data-particle-mobile-disabled=\"false\" class=\"elementor-element elementor-element-f8e8f89 e-flex e-con-boxed e-con e-parent\" data-id=\"f8e8f89\" data-element_type=\"container\" data-e-type=\"container\">\n\t\t\t\t\t<div class=\"e-con-inner\">\n\t\t\t\t<div class=\"elementor-element elementor-element-9630cd8 elementor-widget elementor-widget-text-editor\" data-id=\"9630cd8\" data-element_type=\"widget\" data-e-type=\"widget\" data-widget_type=\"text-editor.default\">\n\t\t\t\t\t\t\t\t\t<p><a href=\"https:\/\/soymigrante.com\/revista\/entrevista-de-trabajo-claves-como-actuar-responder\/\" target=\"_blank\" rel=\"noopener\">En el mundo laboral actual, donde las oportunidades son cada vez m\u00e1s competitivas, prestar atenci\u00f3n al lenguaje corporal puede ser un diferencial clave.<\/a> No basta con tener un buen curr\u00edculum o experiencia: la forma en que nos presentamos ante los dem\u00e1s tambi\u00e9n comunica lo que somos capaces de hacer.<\/p><p>Cuidar los gestos, la postura, la mirada y la expresi\u00f3n emocional es parte del proceso de mostrarnos seguros, preparados y listos para asumir nuevos retos. En definitiva, el cuerpo tambi\u00e9n habla, y saber qu\u00e9 dice puede abrirnos muchas puertas.<\/p>\t\t\t\t\t\t\t\t<\/div>\n\t\t\t\t\t<\/div>\n\t\t\t\t<\/div>\n\t\t<div data-particle_enable=\"false\" data-particle-mobile-disabled=\"false\" class=\"elementor-element elementor-element-142f6f6 e-flex e-con-boxed e-con e-parent\" data-id=\"142f6f6\" data-element_type=\"container\" data-e-type=\"container\">\n\t\t\t\t\t<div class=\"e-con-inner\">\n\t\t\t\t<div class=\"elementor-element elementor-element-e93db24 elementor-widget elementor-widget-heading\" data-id=\"e93db24\" data-element_type=\"widget\" data-e-type=\"widget\" data-widget_type=\"heading.default\">\n\t\t\t\t\t<h2 class=\"elementor-heading-title elementor-size-default\">Conoce estos temas que te pueden interesar...<\/h2>\t\t\t\t<\/div>\n\t\t\t\t\t<\/div>\n\t\t\t\t<\/div>\n\t\t<div data-particle_enable=\"false\" data-particle-mobile-disabled=\"false\" class=\"elementor-element elementor-element-37b27dc e-flex e-con-boxed e-con e-parent\" data-id=\"37b27dc\" data-element_type=\"container\" data-e-type=\"container\">\n\t\t\t\t\t<div class=\"e-con-inner\">\n\t\t\t\t<div class=\"elementor-element elementor-element-6051862 elementor-grid-eael-col-3 elementor-grid-tablet-eael-col-2 elementor-grid-mobile-eael-col-1 elementor-invisible elementor-widget elementor-widget-eael-post-grid\" data-id=\"6051862\" data-element_type=\"widget\" data-e-type=\"widget\" data-settings=\"{&quot;eael_post_grid_columns&quot;:&quot;eael-col-3&quot;,&quot;_animation&quot;:&quot;rollIn&quot;,&quot;eael_post_grid_columns_tablet&quot;:&quot;eael-col-2&quot;,&quot;eael_post_grid_columns_mobile&quot;:&quot;eael-col-1&quot;}\" data-widget_type=\"eael-post-grid.default\">\n\t\t\t\t\t<div id=\"eael-post-grid-6051862\" class=\"eael-post-grid-container\">\n            <div class=\"eael-post-grid eael-post-appender eael-post-appender-6051862 eael-post-grid-style-one\" data-layout-mode=\"masonry\"><article class=\"eael-grid-post  eael-post-grid-column eael-pg-post-11956 category-bienestar\" data-id=\"11956\">\n        <div class=\"eael-grid-post-holder\">\n            <div class=\"eael-grid-post-holder-inner\"><div class=\"eael-entry-media\"><div class=\"eael-entry-overlay fade-in\"><i class=\"far fa-hand-pointer\" aria-hidden=\"true\"><\/i><a href=\"https:\/\/soymigrante.com\/revista\/un-buen-resume-es-clave-para-conseguir-un-mejor-trabajo\/\"><\/a><\/div><div class=\"eael-entry-thumbnail \">\n                <img loading=\"lazy\" decoding=\"async\" width=\"881\" height=\"881\" src=\"https:\/\/soymigrante.com\/revista\/wp-content\/uploads\/2024\/11\/resume-curriculum-envato.webp\" class=\"attachment-large size-large wp-image-12345\" alt=\"Resumen de curr\u00edculum vitae en papel con taza de caf\u00e9 en mano, enfoque en migrantes y trabajo, en un entorno de oficina laboral.\" srcset=\"https:\/\/soymigrante.com\/revista\/wp-content\/uploads\/2024\/11\/resume-curriculum-envato.webp 881w, https:\/\/soymigrante.com\/revista\/wp-content\/uploads\/2024\/11\/resume-curriculum-envato-300x300.webp 300w, https:\/\/soymigrante.com\/revista\/wp-content\/uploads\/2024\/11\/resume-curriculum-envato-150x150.webp 150w, https:\/\/soymigrante.com\/revista\/wp-content\/uploads\/2024\/11\/resume-curriculum-envato-768x768.jpg 768w, https:\/\/soymigrante.com\/revista\/wp-content\/uploads\/2024\/11\/resume-curriculum-envato-75x75.webp 75w, https:\/\/soymigrante.com\/revista\/wp-content\/uploads\/2024\/11\/resume-curriculum-envato-750x750.webp 750w\" sizes=\"(max-width: 881px) 100vw, 881px\" \/>\n            <\/div>\n        <\/div><div class=\"eael-entry-wrapper\"><header class=\"eael-entry-header\"><h2 class=\"eael-entry-title\"><a class=\"eael-grid-post-link\" href=\"https:\/\/soymigrante.com\/revista\/un-buen-resume-es-clave-para-conseguir-un-mejor-trabajo\/\" title=\"Un buen &#8220;resume&#8221; es clave para conseguir un mejor trabajo\">Un buen &#8220;resume&#8221; es clave para conseguir un mejor trabajo<\/a><\/h2><\/header><div class=\"eael-entry-content\">\n                        <div class=\"eael-grid-post-excerpt\"><a href=\"https:\/\/soymigrante.com\/revista\/un-buen-resume-es-clave-para-conseguir-un-mejor-trabajo\/\" class=\"eael-post-elements-readmore-btn\">CONOCE SU HISTORIA <\/a><\/div>\n                    <\/div><\/div><\/div>\n        <\/div>\n    <\/article><article class=\"eael-grid-post  eael-post-grid-column eael-pg-post-8187 category-bienestar\" data-id=\"8187\">\n        <div class=\"eael-grid-post-holder\">\n            <div class=\"eael-grid-post-holder-inner\"><div class=\"eael-entry-media\"><div class=\"eael-entry-overlay fade-in\"><i class=\"far fa-hand-pointer\" aria-hidden=\"true\"><\/i><a href=\"https:\/\/soymigrante.com\/revista\/aunque-tu-trabajo-en-ee-uu-sea-extenuante-recuerda-que-tus-hijos-aprenden-jugando\/\"><\/a><\/div><div class=\"eael-entry-thumbnail \">\n                <img loading=\"lazy\" decoding=\"async\" width=\"1024\" height=\"1024\" src=\"https:\/\/soymigrante.com\/revista\/wp-content\/uploads\/2024\/08\/padres-jugando-con-sus-hijos-soy-migrante-1-scaled-e1724182673371-1024x1024.webp\" class=\"attachment-large size-large wp-image-8197\" alt=\"Hombre y ni\u00f1a jugando a un juego de apilamiento con bloques de madera en un ambiente familiar y acogedor.\" srcset=\"https:\/\/soymigrante.com\/revista\/wp-content\/uploads\/2024\/08\/padres-jugando-con-sus-hijos-soy-migrante-1-scaled-e1724182673371-1024x1024.webp 1024w, https:\/\/soymigrante.com\/revista\/wp-content\/uploads\/2024\/08\/padres-jugando-con-sus-hijos-soy-migrante-1-scaled-e1724182673371-300x300.webp 300w, https:\/\/soymigrante.com\/revista\/wp-content\/uploads\/2024\/08\/padres-jugando-con-sus-hijos-soy-migrante-1-scaled-e1724182673371-150x150.webp 150w, https:\/\/soymigrante.com\/revista\/wp-content\/uploads\/2024\/08\/padres-jugando-con-sus-hijos-soy-migrante-1-scaled-e1724182673371-768x768.webp 768w, https:\/\/soymigrante.com\/revista\/wp-content\/uploads\/2024\/08\/padres-jugando-con-sus-hijos-soy-migrante-1-scaled-e1724182673371-1536x1536.webp 1536w, https:\/\/soymigrante.com\/revista\/wp-content\/uploads\/2024\/08\/padres-jugando-con-sus-hijos-soy-migrante-1-scaled-e1724182673371-75x75.webp 75w, https:\/\/soymigrante.com\/revista\/wp-content\/uploads\/2024\/08\/padres-jugando-con-sus-hijos-soy-migrante-1-scaled-e1724182673371-750x750.webp 750w, https:\/\/soymigrante.com\/revista\/wp-content\/uploads\/2024\/08\/padres-jugando-con-sus-hijos-soy-migrante-1-scaled-e1724182673371-1140x1140.webp 1140w, https:\/\/soymigrante.com\/revista\/wp-content\/uploads\/2024\/08\/padres-jugando-con-sus-hijos-soy-migrante-1-scaled-e1724182673371.webp 1728w\" sizes=\"(max-width: 1024px) 100vw, 1024px\" \/>\n            <\/div>\n        <\/div><div class=\"eael-entry-wrapper\"><header class=\"eael-entry-header\"><h2 class=\"eael-entry-title\"><a class=\"eael-grid-post-link\" href=\"https:\/\/soymigrante.com\/revista\/aunque-tu-trabajo-en-ee-uu-sea-extenuante-recuerda-que-tus-hijos-aprenden-jugando\/\" title=\"Aunque tu trabajo en EE. UU. sea extenuante, recuerda que tus hijos aprenden jugando\">Aunque tu trabajo en EE. UU. sea extenuante, recuerda que tus hijos aprenden jugando<\/a><\/h2><\/header><div class=\"eael-entry-content\">\n                        <div class=\"eael-grid-post-excerpt\"><a href=\"https:\/\/soymigrante.com\/revista\/aunque-tu-trabajo-en-ee-uu-sea-extenuante-recuerda-que-tus-hijos-aprenden-jugando\/\" class=\"eael-post-elements-readmore-btn\">CONOCE SU HISTORIA <\/a><\/div>\n                    <\/div><\/div><\/div>\n        <\/div>\n    <\/article><article class=\"eael-grid-post  eael-post-grid-column eael-pg-post-2181 category-recursos-migratorios\" data-id=\"2181\">\n        <div class=\"eael-grid-post-holder\">\n            <div class=\"eael-grid-post-holder-inner\"><div class=\"eael-entry-media\"><div class=\"eael-entry-overlay fade-in\"><i class=\"far fa-hand-pointer\" aria-hidden=\"true\"><\/i><a href=\"https:\/\/soymigrante.com\/revista\/proceso-asilo-trabajo-estados-unidos\/\"><\/a><\/div><div class=\"eael-entry-thumbnail \">\n                <img loading=\"lazy\" decoding=\"async\" width=\"1024\" height=\"1024\" src=\"https:\/\/soymigrante.com\/revista\/wp-content\/uploads\/2023\/08\/un-hombre-hispano-trabaja-en-una-obra-de-construccion-en-estados-unidos-y-piensa-en-su-familia-1024x1024.jpg\" class=\"attachment-large size-large wp-image-33190\" alt=\"Camarero de construcci\u00f3n con casco en obra, trabajando en un sitio de construcci\u00f3n al atardecer para promover la inversi\u00f3n y oportunidades para migrantes en el sector de la construcci\u00f3n en Am\u00e9rica Latina.\" srcset=\"https:\/\/soymigrante.com\/revista\/wp-content\/uploads\/2023\/08\/un-hombre-hispano-trabaja-en-una-obra-de-construccion-en-estados-unidos-y-piensa-en-su-familia-1024x1024.jpg 1024w, https:\/\/soymigrante.com\/revista\/wp-content\/uploads\/2023\/08\/un-hombre-hispano-trabaja-en-una-obra-de-construccion-en-estados-unidos-y-piensa-en-su-familia-300x300.jpg 300w, https:\/\/soymigrante.com\/revista\/wp-content\/uploads\/2023\/08\/un-hombre-hispano-trabaja-en-una-obra-de-construccion-en-estados-unidos-y-piensa-en-su-familia-150x150.jpg 150w, https:\/\/soymigrante.com\/revista\/wp-content\/uploads\/2023\/08\/un-hombre-hispano-trabaja-en-una-obra-de-construccion-en-estados-unidos-y-piensa-en-su-familia-768x768.jpg 768w, https:\/\/soymigrante.com\/revista\/wp-content\/uploads\/2023\/08\/un-hombre-hispano-trabaja-en-una-obra-de-construccion-en-estados-unidos-y-piensa-en-su-familia-75x75.webp 75w, https:\/\/soymigrante.com\/revista\/wp-content\/uploads\/2023\/08\/un-hombre-hispano-trabaja-en-una-obra-de-construccion-en-estados-unidos-y-piensa-en-su-familia-750x750.jpg 750w, https:\/\/soymigrante.com\/revista\/wp-content\/uploads\/2023\/08\/un-hombre-hispano-trabaja-en-una-obra-de-construccion-en-estados-unidos-y-piensa-en-su-familia.webp 1120w\" sizes=\"(max-width: 1024px) 100vw, 1024px\" \/>\n            <\/div>\n        <\/div><div class=\"eael-entry-wrapper\"><header class=\"eael-entry-header\"><h2 class=\"eael-entry-title\"><a class=\"eael-grid-post-link\" href=\"https:\/\/soymigrante.com\/revista\/proceso-asilo-trabajo-estados-unidos\/\" title=\"Asilo y permiso de trabajo tienen conexi\u00f3n, explica abogada experta en migraci\u00f3n\">Asilo y permiso de trabajo tienen conexi\u00f3n, explica abogada experta en migraci\u00f3n<\/a><\/h2><\/header><div class=\"eael-entry-content\">\n                        <div class=\"eael-grid-post-excerpt\"><a href=\"https:\/\/soymigrante.com\/revista\/proceso-asilo-trabajo-estados-unidos\/\" class=\"eael-post-elements-readmore-btn\">CONOCE SU HISTORIA <\/a><\/div>\n                    <\/div><\/div><\/div>\n        <\/div>\n    <\/article><\/div>\n            <div class=\"clearfix\"><\/div>\n        <\/div>\t\t\t\t<\/div>\n\t\t\t\t\t<\/div>\n\t\t\t\t<\/div>\n\t\t\t\t<\/div>\n\t\t","protected":false},"excerpt":{"rendered":"<p>El lenguaje corporal es un aliado secreto e importante en las entrevistas de trabajo. En un proceso de selecci\u00f3n laboral, cada detalle cuenta. Las palabras, la experiencia y el curr\u00edculum importan, pero hay un elemento que muchas personas pasan por alto y que puede ser decisivo: el lenguaje corporal. Esta forma silenciosa de comunicaci\u00f3n dice [&hellip;]<\/p>\n","protected":false},"author":19,"featured_media":36944,"comment_status":"open","ping_status":"open","sticky":false,"template":"","format":"standard","meta":{"_acf_changed":false,"_eb_attr":"","footnotes":""},"categories":[55],"tags":[],"class_list":["post-36943","post","type-post","status-publish","format-standard","has-post-thumbnail","hentry","category-bienestar"],"acf":[],"aioseo_notices":[],"aioseo_head":"\n\t\t<!-- All in One SEO Pro 4.9.6.2 - aioseo.com -->\n\t<meta name=\"description\" content=\"Descubre c\u00f3mo el tr\u00e1mite de asilo puede conducir a un permiso laboral en EE.UU., seg\u00fan lo expuso la experta abogada de origen guatemalteco Marlene Markowitz\" \/>\n\t<meta name=\"robots\" content=\"max-snippet:-1, max-image-preview:large, max-video-preview:-1\" \/>\n\t<meta name=\"author\" content=\"Diana Batz\"\/>\n\t<link rel=\"canonical\" href=\"https:\/\/soymigrante.com\/revista\/proceso-asilo-trabajo-estados-unidos\/\" \/>\n\t<meta name=\"generator\" content=\"All in One SEO Pro (AIOSEO) 4.9.6.2\" \/>\n\n\t\t<link rel=\"preconnect\" href=\"https:\/\/fonts.googleapis.com\" crossorigin>\n<link rel=\"preconnect\" href=\"https:\/\/fonts.gstatic.com\" crossorigin>\n\t\t<meta property=\"og:locale\" content=\"es_ES\" \/>\n\t\t<meta property=\"og:site_name\" content=\"SoyMigrante.com REVISTA \u2013 Nuestra misi\u00f3n es reconocer y dignificar al migrante.\" \/>\n\t\t<meta property=\"og:type\" content=\"article\" \/>\n\t\t<meta property=\"og:title\" content=\"Solicitando asilo y trabajo en Estados Unidos\" \/>\n\t\t<meta property=\"og:description\" content=\"Descubre c\u00f3mo el tr\u00e1mite de asilo puede conducir a un permiso laboral en EE.UU., seg\u00fan lo expuso la experta abogada de origen guatemalteco Marlene Markowitz\" \/>\n\t\t<meta property=\"og:url\" content=\"https:\/\/soymigrante.com\/revista\/proceso-asilo-trabajo-estados-unidos\/\" \/>\n\t\t<meta property=\"og:image\" content=\"https:\/\/soymigrante.com\/revista\/wp-content\/uploads\/2023\/08\/un-hombre-hispano-trabaja-en-una-obra-de-construccion-en-estados-unidos-y-piensa-en-su-familia.webp\" \/>\n\t\t<meta property=\"og:image:secure_url\" content=\"https:\/\/soymigrante.com\/revista\/wp-content\/uploads\/2023\/08\/un-hombre-hispano-trabaja-en-una-obra-de-construccion-en-estados-unidos-y-piensa-en-su-familia.webp\" \/>\n\t\t<meta property=\"og:image:width\" content=\"1120\" \/>\n\t\t<meta property=\"og:image:height\" content=\"1120\" \/>\n\t\t<meta property=\"article:published_time\" content=\"2023-08-12T19:28:55+00:00\" \/>\n\t\t<meta property=\"article:modified_time\" content=\"2025-05-12T17:52:07+00:00\" \/>\n\t\t<meta property=\"article:publisher\" content=\"https:\/\/www.facebook.com\/soymigrantecom\" \/>\n\t\t<meta name=\"twitter:card\" content=\"summary_large_image\" \/>\n\t\t<meta name=\"twitter:site\" content=\"@SoyMigrante_com\" \/>\n\t\t<meta name=\"twitter:title\" content=\"Solicitando asilo y trabajo en Estados Unidos\" \/>\n\t\t<meta name=\"twitter:description\" content=\"Descubre c\u00f3mo el tr\u00e1mite de asilo puede conducir a un permiso laboral en EE.UU., seg\u00fan lo expuso la experta abogada de origen guatemalteco Marlene Markowitz\" \/>\n\t\t<meta name=\"twitter:creator\" content=\"@SoyMigrante_com\" \/>\n\t\t<meta name=\"twitter:image\" content=\"https:\/\/soymigrante.com\/revista\/wp-content\/uploads\/2023\/08\/un-hombre-hispano-trabaja-en-una-obra-de-construccion-en-estados-unidos-y-piensa-en-su-familia.webp\" \/>\n\t\t<!-- All in One SEO Pro -->\r\n\t\t<title>Solicitando asilo y trabajo en Estados Unidos<\/title>\n\n","aioseo_head_json":{"title":"Solicitando asilo y trabajo en Estados Unidos","description":"Descubre c\u00f3mo el tr\u00e1mite de asilo puede conducir a un permiso laboral en EE.UU., seg\u00fan lo expuso la experta abogada de origen guatemalteco Marlene Markowitz","canonical_url":"https:\/\/soymigrante.com\/revista\/proceso-asilo-trabajo-estados-unidos\/","robots":"max-snippet:-1, max-image-preview:large, max-video-preview:-1","keywords":"","webmasterTools":{"miscellaneous":"&lt;link rel=\"preconnect\" href=\"https:\/\/fonts.googleapis.com\" crossorigin&gt;\n&lt;link rel=\"preconnect\" href=\"https:\/\/fonts.gstatic.com\" crossorigin&gt;"},"schema":null,"og:locale":"es_ES","og:site_name":"SoyMigrante.com REVISTA \u2013 Nuestra misi\u00f3n es reconocer y dignificar al migrante.","og:type":"article","og:title":"Solicitando asilo y trabajo en Estados Unidos","og:description":"Descubre c\u00f3mo el tr\u00e1mite de asilo puede conducir a un permiso laboral en EE.UU., seg\u00fan lo expuso la experta abogada de origen guatemalteco Marlene Markowitz","og:url":"https:\/\/soymigrante.com\/revista\/proceso-asilo-trabajo-estados-unidos\/","og:image":"https:\/\/soymigrante.com\/revista\/wp-content\/uploads\/2023\/08\/un-hombre-hispano-trabaja-en-una-obra-de-construccion-en-estados-unidos-y-piensa-en-su-familia.webp","og:image:secure_url":"https:\/\/soymigrante.com\/revista\/wp-content\/uploads\/2023\/08\/un-hombre-hispano-trabaja-en-una-obra-de-construccion-en-estados-unidos-y-piensa-en-su-familia.webp","og:image:width":1120,"og:image:height":1120,"article:published_time":"2023-08-12T19:28:55+00:00","article:modified_time":"2025-05-12T17:52:07+00:00","article:publisher":"https:\/\/www.facebook.com\/soymigrantecom","twitter:card":"summary_large_image","twitter:site":"@SoyMigrante_com","twitter:title":"Solicitando asilo y trabajo en Estados Unidos","twitter:description":"Descubre c\u00f3mo el tr\u00e1mite de asilo puede conducir a un permiso laboral en EE.UU., seg\u00fan lo expuso la experta abogada de origen guatemalteco Marlene Markowitz","twitter:creator":"@SoyMigrante_com","twitter:image":"https:\/\/soymigrante.com\/revista\/wp-content\/uploads\/2023\/08\/un-hombre-hispano-trabaja-en-una-obra-de-construccion-en-estados-unidos-y-piensa-en-su-familia.webp"},"aioseo_meta_data":{"post_id":"36943","title":"Haz de tu lenguaje corporal un aliado en entrevista de trabjo","description":"El cuerpo tambi\u00e9n puede hablar bien de t\u00ed m\u00e1s all\u00e1 de laspalabras. Estas son algunas sugerencias \u00fatiles para una entrevista laboral.","keywords":null,"keyphrases":{"focus":{"keyphrase":"lenguaje corporal","score":74,"analysis":{"keyphraseInTitle":{"score":9,"maxScore":9,"error":0},"keyphraseInDescription":{"score":3,"maxScore":9,"error":1},"keyphraseLength":{"score":9,"maxScore":9,"error":0,"length":2},"keyphraseInURL":{"score":5,"maxScore":5,"error":0},"keyphraseInIntroduction":{"score":9,"maxScore":9,"error":0},"keyphraseInSubHeadings":{"score":3,"maxScore":9,"error":1},"keyphraseInImageAlt":{"score":3,"maxScore":9,"error":1},"keywordDensity":{"type":"best","score":9,"maxScore":9,"error":0}}},"additional":[{"keyphrase":"entrevista","score":73,"analysis":{"keyphraseInDescription":{"score":9,"maxScore":9,"error":0},"keyphraseLength":{"score":9,"maxScore":9,"error":0,"length":1},"keyphraseInIntroduction":{"score":3,"maxScore":9,"error":1},"keyphraseInImageAlt":{"score":3,"maxScore":9,"error":1},"keywordDensity":{"type":"best","score":9,"maxScore":9,"error":0}}},{"keyphrase":"trabajo","score":73,"analysis":{"keyphraseInDescription":{"score":3,"maxScore":9,"error":1},"keyphraseLength":{"score":9,"maxScore":9,"error":0,"length":1},"keyphraseInIntroduction":{"score":3,"maxScore":9,"error":1},"keyphraseInImageAlt":{"score":9,"maxScore":9,"error":0},"keywordDensity":{"type":"best","score":9,"maxScore":9,"error":0}}}]},"primary_term":null,"canonical_url":null,"og_title":null,"og_description":null,"og_object_type":"default","og_image_type":"default","og_image_url":null,"og_image_width":null,"og_image_height":null,"og_image_custom_url":null,"og_image_custom_fields":null,"og_video":"","og_custom_url":null,"og_article_section":null,"og_article_tags":null,"twitter_use_og":false,"twitter_card":"default","twitter_image_type":"default","twitter_image_url":null,"twitter_image_custom_url":null,"twitter_image_custom_fields":null,"twitter_title":null,"twitter_description":null,"schema":{"blockGraphs":[],"customGraphs":[],"default":{"data":{"Article":[],"Course":[],"Dataset":[],"FAQPage":[],"Movie":[],"Person":[],"Product":[],"ProductReview":[],"Car":[],"Recipe":[],"Service":[],"SoftwareApplication":[],"WebPage":[]},"graphName":"none","isEnabled":true},"graphs":[]},"schema_type":"default","schema_type_options":null,"pillar_content":false,"robots_default":true,"robots_noindex":false,"robots_noarchive":false,"robots_nosnippet":false,"robots_nofollow":false,"robots_noimageindex":false,"robots_noodp":false,"robots_notranslate":false,"robots_max_snippet":"-1","robots_max_videopreview":"-1","robots_max_imagepreview":"large","priority":null,"frequency":"default","local_seo":null,"seo_analyzer_scan_date":"2025-10-09 06:07:18","breadcrumb_settings":null,"limit_modified_date":false,"reviewed_by":"0","open_ai":"{\"title\":{\"suggestions\":[],\"usage\":0},\"description\":{\"suggestions\":[],\"usage\":0}}","ai":null,"created":"2025-06-20 19:07:18","updated":"2026-02-05 01:17:20"},"aioseo_breadcrumb":"<div class=\"aioseo-breadcrumbs\"><span class=\"aioseo-breadcrumb\">\n\t<a href=\"https:\/\/soymigrante.com\/revista\" title=\"Home\">Home<\/a>\n<\/span><span class=\"aioseo-breadcrumb-separator\">\u00bb<\/span><span class=\"aioseo-breadcrumb\">\n\t<a href=\"https:\/\/soymigrante.com\/revista\/category\/bienestar\/\" title=\"Bienestar\">Bienestar<\/a>\n<\/span><span class=\"aioseo-breadcrumb-separator\">\u00bb<\/span><span class=\"aioseo-breadcrumb\">\n\tHaz que tu lenguaje corporal sea tu aliado durante una entrevista de trabajo\n<\/span><\/div>","aioseo_breadcrumb_json":[{"label":"Home","link":"https:\/\/soymigrante.com\/revista"},{"label":"Bienestar","link":"https:\/\/soymigrante.com\/revista\/category\/bienestar\/"},{"label":"Haz que tu lenguaje corporal sea tu aliado durante una entrevista de trabajo","link":"https:\/\/soymigrante.com\/revista\/haz-que-tu-lenguaje-corporal-sea-tu-aliado-durante-una-entrevista-de-trabajo\/"}],"_links":{"self":[{"href":"https:\/\/soymigrante.com\/revista\/wp-json\/wp\/v2\/posts\/36943","targetHints":{"allow":["GET"]}}],"collection":[{"href":"https:\/\/soymigrante.com\/revista\/wp-json\/wp\/v2\/posts"}],"about":[{"href":"https:\/\/soymigrante.com\/revista\/wp-json\/wp\/v2\/types\/post"}],"author":[{"embeddable":true,"href":"https:\/\/soymigrante.com\/revista\/wp-json\/wp\/v2\/users\/19"}],"replies":[{"embeddable":true,"href":"https:\/\/soymigrante.com\/revista\/wp-json\/wp\/v2\/comments?post=36943"}],"version-history":[{"count":14,"href":"https:\/\/soymigrante.com\/revista\/wp-json\/wp\/v2\/posts\/36943\/revisions"}],"predecessor-version":[{"id":37466,"href":"https:\/\/soymigrante.com\/revista\/wp-json\/wp\/v2\/posts\/36943\/revisions\/37466"}],"wp:featuredmedia":[{"embeddable":true,"href":"https:\/\/soymigrante.com\/revista\/wp-json\/wp\/v2\/media\/36944"}],"wp:attachment":[{"href":"https:\/\/soymigrante.com\/revista\/wp-json\/wp\/v2\/media?parent=36943"}],"wp:term":[{"taxonomy":"category","embeddable":true,"href":"https:\/\/soymigrante.com\/revista\/wp-json\/wp\/v2\/categories?post=36943"},{"taxonomy":"post_tag","embeddable":true,"href":"https:\/\/soymigrante.com\/revista\/wp-json\/wp\/v2\/tags?post=36943"}],"curies":[{"name":"wp","href":"https:\/\/api.w.org\/{rel}","templated":true}]}}