{"id":36892,"date":"2025-06-20T15:26:30","date_gmt":"2025-06-20T21:26:30","guid":{"rendered":"https:\/\/soymigrante.com\/revista\/?p=36892"},"modified":"2025-06-20T15:28:05","modified_gmt":"2025-06-20T21:28:05","slug":"latinoamerica-avanza-en-emprendimiento-e-innovacion-foro-economico-mundial","status":"publish","type":"post","link":"https:\/\/soymigrante.com\/revista\/latinoamerica-avanza-en-emprendimiento-e-innovacion-foro-economico-mundial\/","title":{"rendered":"Latinoam\u00e9rica avanza en emprendimiento e innovaci\u00f3n: Foro Econ\u00f3mico Mundial"},"content":{"rendered":"\t\t<div data-elementor-type=\"wp-post\" data-elementor-id=\"36892\" class=\"elementor elementor-36892\" data-elementor-post-type=\"post\">\n\t\t\t\t<div data-particle_enable=\"false\" data-particle-mobile-disabled=\"false\" class=\"elementor-element elementor-element-cd0d1d2 e-flex e-con-boxed e-con e-parent\" data-id=\"cd0d1d2\" data-element_type=\"container\" data-e-type=\"container\">\n\t\t\t\t\t<div class=\"e-con-inner\">\n\t\t\t\t<div class=\"elementor-element elementor-element-f2e0711 elementor-widget elementor-widget-heading\" data-id=\"f2e0711\" data-element_type=\"widget\" data-e-type=\"widget\" data-widget_type=\"heading.default\">\n\t\t\t\t\t<h2 class=\"elementor-heading-title elementor-size-default\">Latinoam\u00e9rica es la regi\u00f3n donde se apuesta por la inversi\u00f3n y soluciones que buscan transformar el futuro.<\/h2>\t\t\t\t<\/div>\n\t\t\t\t\t<\/div>\n\t\t\t\t<\/div>\n\t\t<div data-particle_enable=\"false\" data-particle-mobile-disabled=\"false\" class=\"elementor-element elementor-element-23acacb e-flex e-con-boxed e-con e-parent\" data-id=\"23acacb\" data-element_type=\"container\" data-e-type=\"container\">\n\t\t\t\t\t<div class=\"e-con-inner\">\n\t\t\t\t<div class=\"elementor-element elementor-element-d66530f elementor-widget elementor-widget-text-editor\" data-id=\"d66530f\" data-element_type=\"widget\" data-e-type=\"widget\" data-widget_type=\"text-editor.default\">\n\t\t\t\t\t\t\t\t\t<p>En medio de una crisis clim\u00e1tica que avanza con rapidez y golpea con mayor fuerza a los pa\u00edses en desarrollo, <a href=\"https:\/\/www.weforum.org\/stories\/2025\/06\/latin-america-climatech-climate-innovation-and-investment\/?utm_source=instagram&amp;utm_medium=social&amp;fbclid=PAQ0xDSwLCPi5leHRuA2FlbQIxMAABpysUA-CkR3XE5iH9r4ZqG4nXByoNfRyetJdzh6qXNC3P3qsqYh0wEmJ-8qho_aem_dO6R4NLxWQm3LfMhoBtjQg\" target=\"_blank\" rel=\"noopener\">Latinoam\u00e9rica se posiciona como un territorio f\u00e9rtil para la innovaci\u00f3n clim\u00e1tica, mejor conocida como climatech.<\/a> A pesar de representar solo el 2\u202f% del capital global de riesgo, la regi\u00f3n est\u00e1 viendo emerger un ecosistema vibrante de emprendimientos con soluciones concretas para los retos ambientales que enfrentan millones de personas.<\/p>\n<p>Los emprendimientos clim\u00e1ticos en Am\u00e9rica Latina est\u00e1n enfocados en encontrar soluciones reales a problemas que van desde la escasez de agua, la eficiencia energ\u00e9tica, la producci\u00f3n agr\u00edcola sostenible y la reducci\u00f3n de emisiones, hasta el monitoreo del cambio clim\u00e1tico en tiempo real.<a href=\"https:\/\/www.weforum.org\/stories\/2025\/06\/latin-america-climatech-climate-innovation-and-investment\/?utm_source=instagram&amp;utm_medium=social&amp;fbclid=PAQ0xDSwLCPi5leHRuA2FlbQIxMAABpysUA-CkR3XE5iH9r4ZqG4nXByoNfRyetJdzh6qXNC3P3qsqYh0wEmJ-8qho_aem_dO6R4NLxWQm3LfMhoBtjQg\" target=\"_blank\" rel=\"noopener\"> Lejos de ser ideas de laboratorio sin aplicaci\u00f3n, se trata de propuestas ancladas en las necesidades urgentes de comunidades, empresas y gobiernos.<\/a><\/p>\t\t\t\t\t\t\t\t<\/div>\n\t\t\t\t\t<\/div>\n\t\t\t\t<\/div>\n\t\t<div data-particle_enable=\"false\" data-particle-mobile-disabled=\"false\" class=\"elementor-element elementor-element-589f130 e-flex e-con-boxed e-con e-parent\" data-id=\"589f130\" data-element_type=\"container\" data-e-type=\"container\">\n\t\t\t\t\t<div class=\"e-con-inner\">\n\t\t\t\t<div class=\"elementor-element elementor-element-b40cf18 elementor-widget elementor-widget-heading\" data-id=\"b40cf18\" data-element_type=\"widget\" data-e-type=\"widget\" data-widget_type=\"heading.default\">\n\t\t\t\t\t<h3 class=\"elementor-heading-title elementor-size-default\">Ciudades que lideran la transformaci\u00f3n<\/h3>\t\t\t\t<\/div>\n\t\t\t\t\t<\/div>\n\t\t\t\t<\/div>\n\t\t<div data-particle_enable=\"false\" data-particle-mobile-disabled=\"false\" class=\"elementor-element elementor-element-a0326db e-flex e-con-boxed e-con e-parent\" data-id=\"a0326db\" data-element_type=\"container\" data-e-type=\"container\">\n\t\t\t\t\t<div class=\"e-con-inner\">\n\t\t\t\t<div class=\"elementor-element elementor-element-48f55fa elementor-widget elementor-widget-text-editor\" data-id=\"48f55fa\" data-element_type=\"widget\" data-e-type=\"widget\" data-widget_type=\"text-editor.default\">\n\t\t\t\t\t\t\t\t\t<p>Entre los centros urbanos m\u00e1s activos en innovaci\u00f3n clim\u00e1tica est\u00e1n S\u00e3o Paulo, Ciudad de M\u00e9xico, Bogot\u00e1, Santiago y Buenos Aires.<a href=\"https:\/\/www.weforum.org\/stories\/2025\/06\/latin-america-climatech-climate-innovation-and-investment\/?utm_source=instagram&amp;utm_medium=social&amp;fbclid=PAQ0xDSwLCPi5leHRuA2FlbQIxMAABpysUA-CkR3XE5iH9r4ZqG4nXByoNfRyetJdzh6qXNC3P3qsqYh0wEmJ-8qho_aem_dO6R4NLxWQm3LfMhoBtjQg\" target=\"_blank\" rel=\"noopener\"> Estas ciudades figuran entre los 100 principales cl\u00fasteres de startups a nivel mundial.<\/a> En estos espacios, las ideas tecnol\u00f3gicas encuentran entornos propicios para desarrollarse gracias a la existencia de universidades, redes de inversi\u00f3n, incubadoras, y \u2014cada vez m\u00e1s\u2014 pol\u00edticas p\u00fablicas que favorecen la experimentaci\u00f3n y la sostenibilidad.<\/p>\t\t\t\t\t\t\t\t<\/div>\n\t\t\t\t\t<\/div>\n\t\t\t\t<\/div>\n\t\t<div data-particle_enable=\"false\" data-particle-mobile-disabled=\"false\" class=\"elementor-element elementor-element-e377269 e-flex e-con-boxed e-con e-parent\" data-id=\"e377269\" data-element_type=\"container\" data-e-type=\"container\">\n\t\t\t\t\t<div class=\"e-con-inner\">\n\t\t\t\t<div class=\"elementor-element elementor-element-663fcd5 elementor-grid-eael-col-1 elementor-grid-tablet-eael-col-2 elementor-grid-mobile-eael-col-1 elementor-invisible elementor-widget elementor-widget-eael-post-grid\" data-id=\"663fcd5\" data-element_type=\"widget\" data-e-type=\"widget\" data-settings=\"{&quot;eael_post_grid_columns&quot;:&quot;eael-col-1&quot;,&quot;_animation&quot;:&quot;rollIn&quot;,&quot;eael_post_grid_columns_tablet&quot;:&quot;eael-col-2&quot;,&quot;eael_post_grid_columns_mobile&quot;:&quot;eael-col-1&quot;}\" data-widget_type=\"eael-post-grid.default\">\n\t\t\t\t\t<div id=\"eael-post-grid-663fcd5\" class=\"eael-post-grid-container\">\n            <div class=\"eael-post-grid eael-post-appender eael-post-appender-663fcd5 eael-post-grid-style-one\" data-layout-mode=\"masonry\"><article class=\"eael-grid-post  eael-post-grid-column eael-pg-post-9908 category-bienestar\" data-id=\"9908\">\n        <div class=\"eael-grid-post-holder\">\n            <div class=\"eael-grid-post-holder-inner\"><div class=\"eael-entry-media\"><div class=\"eael-entry-overlay fade-in\"><i class=\"far fa-hand-pointer\" aria-hidden=\"true\"><\/i><a href=\"https:\/\/soymigrante.com\/revista\/como-cultivar-el-orgullo-cultural-latino-a-tus-hijos-en-estados-unidos\/\"><\/a><\/div><div class=\"eael-entry-thumbnail eael-image-ratio\">\n                <img fetchpriority=\"high\" decoding=\"async\" width=\"1024\" height=\"1024\" src=\"https:\/\/soymigrante.com\/revista\/wp-content\/uploads\/2024\/10\/orgullo-latino-en-usa-soy-migrante-1024x1024.webp\" class=\"attachment-large size-large wp-image-9912\" alt=\"Manifestaciones culturales y tradicionales de Guatemala en SoyMigrante.com REVISTA, diversidad, comunidad y orgullo nacional.\" srcset=\"https:\/\/soymigrante.com\/revista\/wp-content\/uploads\/2024\/10\/orgullo-latino-en-usa-soy-migrante-1024x1024.webp 1024w, https:\/\/soymigrante.com\/revista\/wp-content\/uploads\/2024\/10\/orgullo-latino-en-usa-soy-migrante-300x300.webp 300w, https:\/\/soymigrante.com\/revista\/wp-content\/uploads\/2024\/10\/orgullo-latino-en-usa-soy-migrante-150x150.webp 150w, https:\/\/soymigrante.com\/revista\/wp-content\/uploads\/2024\/10\/orgullo-latino-en-usa-soy-migrante-768x768.webp 768w, https:\/\/soymigrante.com\/revista\/wp-content\/uploads\/2024\/10\/orgullo-latino-en-usa-soy-migrante-75x75.webp 75w, https:\/\/soymigrante.com\/revista\/wp-content\/uploads\/2024\/10\/orgullo-latino-en-usa-soy-migrante-750x750.webp 750w, https:\/\/soymigrante.com\/revista\/wp-content\/uploads\/2024\/10\/orgullo-latino-en-usa-soy-migrante-1140x1140.webp 1140w, https:\/\/soymigrante.com\/revista\/wp-content\/uploads\/2024\/10\/orgullo-latino-en-usa-soy-migrante.webp 1463w\" sizes=\"(max-width: 1024px) 100vw, 1024px\" \/>\n            <\/div>\n        <\/div><div class=\"eael-entry-wrapper\"><header class=\"eael-entry-header\"><h2 class=\"eael-entry-title\"><a class=\"eael-grid-post-link\" href=\"https:\/\/soymigrante.com\/revista\/como-cultivar-el-orgullo-cultural-latino-a-tus-hijos-en-estados-unidos\/\" title=\"C\u00f3mo cultivar el orgullo cultural latino a tus hijos en Estados Unidos\">C\u00f3mo cultivar el orgullo cultural latino a tus hijos en Estados Unidos<\/a><\/h2><\/header><div class=\"eael-entry-content\">\n                        <div class=\"eael-grid-post-excerpt\"><a href=\"https:\/\/soymigrante.com\/revista\/como-cultivar-el-orgullo-cultural-latino-a-tus-hijos-en-estados-unidos\/\" class=\"eael-post-elements-readmore-btn\">CONOCE SU HISTORIA <\/a><\/div>\n                    <\/div><\/div><\/div>\n        <\/div>\n    <\/article><\/div>\n            <div class=\"clearfix\"><\/div>\n        <\/div>\t\t\t\t<\/div>\n\t\t\t\t\t<\/div>\n\t\t\t\t<\/div>\n\t\t<div data-particle_enable=\"false\" data-particle-mobile-disabled=\"false\" class=\"elementor-element elementor-element-fd977a7 e-flex e-con-boxed e-con e-parent\" data-id=\"fd977a7\" data-element_type=\"container\" data-e-type=\"container\">\n\t\t\t\t\t<div class=\"e-con-inner\">\n\t\t\t\t<div class=\"elementor-element elementor-element-f4ae3c6 elementor-widget elementor-widget-heading\" data-id=\"f4ae3c6\" data-element_type=\"widget\" data-e-type=\"widget\" data-widget_type=\"heading.default\">\n\t\t\t\t\t<h3 class=\"elementor-heading-title elementor-size-default\">Startups que est\u00e1n cambiando la narrativa<\/h3>\t\t\t\t<\/div>\n\t\t\t\t\t<\/div>\n\t\t\t\t<\/div>\n\t\t<div data-particle_enable=\"false\" data-particle-mobile-disabled=\"false\" class=\"elementor-element elementor-element-2710026 e-flex e-con-boxed e-con e-parent\" data-id=\"2710026\" data-element_type=\"container\" data-e-type=\"container\">\n\t\t\t\t\t<div class=\"e-con-inner\">\n\t\t\t\t<div class=\"elementor-element elementor-element-5572c6b elementor-widget elementor-widget-text-editor\" data-id=\"5572c6b\" data-element_type=\"widget\" data-e-type=\"widget\" data-widget_type=\"text-editor.default\">\n\t\t\t\t\t\t\t\t\t<p><a href=\"https:\/\/www.weforum.org\/stories\/2025\/06\/latin-america-climatech-climate-innovation-and-investment\/?utm_source=instagram&amp;utm_medium=social&amp;fbclid=PAQ0xDSwLCPi5leHRuA2FlbQIxMAABpysUA-CkR3XE5iH9r4ZqG4nXByoNfRyetJdzh6qXNC3P3qsqYh0wEmJ-8qho_aem_dO6R4NLxWQm3LfMhoBtjQg\" target=\"_blank\" rel=\"noopener\">Una de las startups m\u00e1s reconocidas es Kilimo, una empresa que naci\u00f3 en Argentina y que utiliza inteligencia artificial para optimizar el uso del agua en la agricultura.<\/a> Su tecnolog\u00eda permite a los agricultores reducir el consumo de agua hasta en un 30\u202f% sin afectar la producci\u00f3n. Adem\u00e1s, Kilimo ha creado un modelo de incentivo clim\u00e1tico: grandes empresas, como Microsoft o Coca-Cola, pagan por las reducciones de consumo de agua de los agricultores para compensar su huella h\u00eddrica. Es una soluci\u00f3n que vincula sostenibilidad con oportunidad econ\u00f3mica.<\/p><p>Otra historia destacada es la de Suncast, en Chile, que utiliza modelos predictivos basados en inteligencia artificial para anticipar cu\u00e1nta energ\u00eda producir\u00e1n paneles solares y turbinas e\u00f3licas. Esta predicci\u00f3n no solo mejora la eficiencia energ\u00e9tica, sino que tambi\u00e9n reduce costos operativos al permitir limpiezas programadas m\u00e1s eficaces y decisiones inteligentes sobre mantenimiento.<\/p><p>Ambas compa\u00f1\u00edas comparten una caracter\u00edstica com\u00fan: nacieron en econom\u00edas en desarrollo con contextos complejos, <a href=\"https:\/\/www.weforum.org\/stories\/2025\/06\/latin-america-climatech-climate-innovation-and-investment\/?utm_source=instagram&amp;utm_medium=social&amp;fbclid=PAQ0xDSwLCPi5leHRuA2FlbQIxMAABpysUA-CkR3XE5iH9r4ZqG4nXByoNfRyetJdzh6qXNC3P3qsqYh0wEmJ-8qho_aem_dO6R4NLxWQm3LfMhoBtjQg\" target=\"_blank\" rel=\"noopener\">pero sus soluciones tienen aplicabilidad en cualquier parte del mundo donde se busquen estrategias inteligentes y rentables contra el cambio clim\u00e1tico.<\/a><\/p>\t\t\t\t\t\t\t\t<\/div>\n\t\t\t\t\t<\/div>\n\t\t\t\t<\/div>\n\t\t<div data-particle_enable=\"false\" data-particle-mobile-disabled=\"false\" class=\"elementor-element elementor-element-252fbc4 e-flex e-con-boxed e-con e-parent\" data-id=\"252fbc4\" data-element_type=\"container\" data-e-type=\"container\">\n\t\t\t\t\t<div class=\"e-con-inner\">\n\t\t\t\t<div class=\"elementor-element elementor-element-9ac43ea elementor-grid-eael-col-1 elementor-grid-tablet-eael-col-2 elementor-grid-mobile-eael-col-1 elementor-invisible elementor-widget elementor-widget-eael-post-grid\" data-id=\"9ac43ea\" data-element_type=\"widget\" data-e-type=\"widget\" data-settings=\"{&quot;eael_post_grid_columns&quot;:&quot;eael-col-1&quot;,&quot;_animation&quot;:&quot;rollIn&quot;,&quot;eael_post_grid_columns_tablet&quot;:&quot;eael-col-2&quot;,&quot;eael_post_grid_columns_mobile&quot;:&quot;eael-col-1&quot;}\" data-widget_type=\"eael-post-grid.default\">\n\t\t\t\t\t<div id=\"eael-post-grid-9ac43ea\" class=\"eael-post-grid-container\">\n            <div class=\"eael-post-grid eael-post-appender eael-post-appender-9ac43ea eael-post-grid-style-one\" data-layout-mode=\"masonry\"><article class=\"eael-grid-post  eael-post-grid-column eael-pg-post-1387 category-guate-nuestra\" data-id=\"1387\">\n        <div class=\"eael-grid-post-holder\">\n            <div class=\"eael-grid-post-holder-inner\"><div class=\"eael-entry-media\"><div class=\"eael-entry-overlay fade-in\"><i class=\"far fa-hand-pointer\" aria-hidden=\"true\"><\/i><a href=\"https:\/\/soymigrante.com\/revista\/siete-amaneceres-increibles-fotografiados-en-guatemala\/\"><\/a><\/div><div class=\"eael-entry-thumbnail eael-image-ratio\">\n                <img decoding=\"async\" width=\"1024\" height=\"684\" src=\"https:\/\/soymigrante.com\/revista\/wp-content\/uploads\/2023\/06\/Vistas-de-amaneceres-en-Guatemala-por-el-fotografo-Abel-Juarez-3-1024x684.webp\" class=\"attachment-large size-large wp-image-1390\" alt=\"Vistas de amaneceres en Guatemala por el fot\u00f3grafo Abel Ju\u00e1rez (3)\" srcset=\"https:\/\/soymigrante.com\/revista\/wp-content\/uploads\/2023\/06\/Vistas-de-amaneceres-en-Guatemala-por-el-fotografo-Abel-Juarez-3-1024x684.webp 1024w, https:\/\/soymigrante.com\/revista\/wp-content\/uploads\/2023\/06\/Vistas-de-amaneceres-en-Guatemala-por-el-fotografo-Abel-Juarez-3-300x200.webp 300w, https:\/\/soymigrante.com\/revista\/wp-content\/uploads\/2023\/06\/Vistas-de-amaneceres-en-Guatemala-por-el-fotografo-Abel-Juarez-3-768x513.webp 768w, https:\/\/soymigrante.com\/revista\/wp-content\/uploads\/2023\/06\/Vistas-de-amaneceres-en-Guatemala-por-el-fotografo-Abel-Juarez-3-1536x1025.webp 1536w, https:\/\/soymigrante.com\/revista\/wp-content\/uploads\/2023\/06\/Vistas-de-amaneceres-en-Guatemala-por-el-fotografo-Abel-Juarez-3-750x501.webp 750w, https:\/\/soymigrante.com\/revista\/wp-content\/uploads\/2023\/06\/Vistas-de-amaneceres-en-Guatemala-por-el-fotografo-Abel-Juarez-3-1140x761.webp 1140w, https:\/\/soymigrante.com\/revista\/wp-content\/uploads\/2023\/06\/Vistas-de-amaneceres-en-Guatemala-por-el-fotografo-Abel-Juarez-3-600x400.webp 600w, https:\/\/soymigrante.com\/revista\/wp-content\/uploads\/2023\/06\/Vistas-de-amaneceres-en-Guatemala-por-el-fotografo-Abel-Juarez-3.webp 1600w\" sizes=\"(max-width: 1024px) 100vw, 1024px\" \/>\n            <\/div>\n        <\/div><div class=\"eael-entry-wrapper\"><header class=\"eael-entry-header\"><h2 class=\"eael-entry-title\"><a class=\"eael-grid-post-link\" href=\"https:\/\/soymigrante.com\/revista\/siete-amaneceres-increibles-fotografiados-en-guatemala\/\" title=\"Solamente en Guatemala: 5 amaneceres y 2 atardeceres incre\u00edbles\">Solamente en Guatemala: 5 amaneceres y 2 atardeceres incre\u00edbles<\/a><\/h2><\/header><div class=\"eael-entry-content\">\n                        <div class=\"eael-grid-post-excerpt\"><a href=\"https:\/\/soymigrante.com\/revista\/siete-amaneceres-increibles-fotografiados-en-guatemala\/\" class=\"eael-post-elements-readmore-btn\">CONOCE SU HISTORIA <\/a><\/div>\n                    <\/div><\/div><\/div>\n        <\/div>\n    <\/article><\/div>\n            <div class=\"clearfix\"><\/div>\n        <\/div>\t\t\t\t<\/div>\n\t\t\t\t\t<\/div>\n\t\t\t\t<\/div>\n\t\t<div data-particle_enable=\"false\" data-particle-mobile-disabled=\"false\" class=\"elementor-element elementor-element-7c1fadc e-flex e-con-boxed e-con e-parent\" data-id=\"7c1fadc\" data-element_type=\"container\" data-e-type=\"container\">\n\t\t\t\t\t<div class=\"e-con-inner\">\n\t\t\t\t<div class=\"elementor-element elementor-element-38cd105 elementor-widget elementor-widget-heading\" data-id=\"38cd105\" data-element_type=\"widget\" data-e-type=\"widget\" data-widget_type=\"heading.default\">\n\t\t\t\t\t<h3 class=\"elementor-heading-title elementor-size-default\">Una oportunidad para toda Latinoam\u00e9rica <\/h3>\t\t\t\t<\/div>\n\t\t\t\t\t<\/div>\n\t\t\t\t<\/div>\n\t\t<div data-particle_enable=\"false\" data-particle-mobile-disabled=\"false\" class=\"elementor-element elementor-element-a00e2e2 e-flex e-con-boxed e-con e-parent\" data-id=\"a00e2e2\" data-element_type=\"container\" data-e-type=\"container\">\n\t\t\t\t\t<div class=\"e-con-inner\">\n\t\t\t\t<div class=\"elementor-element elementor-element-8ce771e elementor-widget elementor-widget-text-editor\" data-id=\"8ce771e\" data-element_type=\"widget\" data-e-type=\"widget\" data-widget_type=\"text-editor.default\">\n\t\t\t\t\t\t\t\t\t<p><a href=\"https:\/\/www.weforum.org\/stories\/2025\/06\/latin-america-climatech-climate-innovation-and-investment\/?utm_source=instagram&amp;utm_medium=social&amp;fbclid=PAQ0xDSwLCPi5leHRuA2FlbQIxMAABpysUA-CkR3XE5iH9r4ZqG4nXByoNfRyetJdzh6qXNC3P3qsqYh0wEmJ-8qho_aem_dO6R4NLxWQm3LfMhoBtjQg\" target=\"_blank\" rel=\"noopener\">Los expertos coinciden en que Latinoam\u00e9rica no solo tiene el potencial de resolver sus propios problemas clim\u00e1ticos,<\/a> sino que tambi\u00e9n puede exportar soluciones al resto del mundo, especialmente a pa\u00edses del Sur Global que enfrentan desaf\u00edos similares.<\/p><p>\u201cSi logran consolidar pol\u00edticas p\u00fablicas que fomenten la innovaci\u00f3n, atraer m\u00e1s capital y fortalecer la colaboraci\u00f3n entre universidades, gobiernos y sector privado, estas startups pueden escalar y convertirse en l\u00edderes globales del cambio clim\u00e1tico\u201d, se\u00f1ala la publicaci\u00f3n del <a href=\"https:\/\/www.weforum.org\/stories\/2025\/06\/latin-america-climatech-climate-innovation-and-investment\/?utm_source=instagram&amp;utm_medium=social&amp;fbclid=PAQ0xDSwLCPi5leHRuA2FlbQIxMAABpysUA-CkR3XE5iH9r4ZqG4nXByoNfRyetJdzh6qXNC3P3qsqYh0wEmJ-8qho_aem_dO6R4NLxWQm3LfMhoBtjQg\" target=\"_blank\" rel=\"noopener\">Foro Econ\u00f3mico Mundial.<\/a><\/p><p>Adem\u00e1s, la regi\u00f3n cuenta con una ventaja geogr\u00e1fica y ecol\u00f3gica: su rica biodiversidad, extensos recursos naturales y ecosistemas \u00fanicos son tanto un riesgo como una oportunidad. Proteger estos activos mediante innovaci\u00f3n puede convertirse en una ventaja competitiva.<\/p>\t\t\t\t\t\t\t\t<\/div>\n\t\t\t\t\t<\/div>\n\t\t\t\t<\/div>\n\t\t<div data-particle_enable=\"false\" data-particle-mobile-disabled=\"false\" class=\"elementor-element elementor-element-d7cf06c e-flex e-con-boxed e-con e-parent\" data-id=\"d7cf06c\" data-element_type=\"container\" data-e-type=\"container\">\n\t\t\t\t\t<div class=\"e-con-inner\">\n\t\t\t\t<div class=\"elementor-element elementor-element-d591d52 elementor-grid-eael-col-1 elementor-grid-tablet-eael-col-2 elementor-grid-mobile-eael-col-1 elementor-invisible elementor-widget elementor-widget-eael-post-grid\" data-id=\"d591d52\" data-element_type=\"widget\" data-e-type=\"widget\" data-settings=\"{&quot;eael_post_grid_columns&quot;:&quot;eael-col-1&quot;,&quot;_animation&quot;:&quot;rollIn&quot;,&quot;eael_post_grid_columns_tablet&quot;:&quot;eael-col-2&quot;,&quot;eael_post_grid_columns_mobile&quot;:&quot;eael-col-1&quot;}\" data-widget_type=\"eael-post-grid.default\">\n\t\t\t\t\t<div id=\"eael-post-grid-d591d52\" class=\"eael-post-grid-container\">\n            <div class=\"eael-post-grid eael-post-appender eael-post-appender-d591d52 eael-post-grid-style-one\" data-layout-mode=\"masonry\"><article class=\"eael-grid-post  eael-post-grid-column eael-pg-post-21861 category-guate-nuestra tags-mercado-emprendedores\" data-id=\"21861\">\n        <div class=\"eael-grid-post-holder\">\n            <div class=\"eael-grid-post-holder-inner\"><div class=\"eael-entry-media\"><div class=\"eael-entry-overlay fade-in\"><i class=\"far fa-hand-pointer\" aria-hidden=\"true\"><\/i><a href=\"https:\/\/soymigrante.com\/revista\/a-b-galeria-de-geovani-batz-colorido-creatividad-y-tradicion-de-totonicapan-esta-en-mercado\/\"><\/a><\/div><div class=\"eael-entry-thumbnail eael-image-ratio\">\n                <img decoding=\"async\" width=\"921\" height=\"921\" src=\"https:\/\/soymigrante.com\/revista\/wp-content\/uploads\/2025\/01\/Geovani-Batz-e-hijo-1.webp\" class=\"attachment-large size-large wp-image-21905\" alt=\"Profesionales m\u00fasicos latinoamericanos en un evento cultural, tocando instrumentos tradicionales y participando en actividades art\u00edsticas en un entorno vibrante y colorido.\" srcset=\"https:\/\/soymigrante.com\/revista\/wp-content\/uploads\/2025\/01\/Geovani-Batz-e-hijo-1.webp 921w, https:\/\/soymigrante.com\/revista\/wp-content\/uploads\/2025\/01\/Geovani-Batz-e-hijo-1-300x300.jpeg 300w, https:\/\/soymigrante.com\/revista\/wp-content\/uploads\/2025\/01\/Geovani-Batz-e-hijo-1-150x150.jpeg 150w, https:\/\/soymigrante.com\/revista\/wp-content\/uploads\/2025\/01\/Geovani-Batz-e-hijo-1-768x768.jpeg 768w, https:\/\/soymigrante.com\/revista\/wp-content\/uploads\/2025\/01\/Geovani-Batz-e-hijo-1-75x75.webp 75w, https:\/\/soymigrante.com\/revista\/wp-content\/uploads\/2025\/01\/Geovani-Batz-e-hijo-1-750x750.webp 750w\" sizes=\"(max-width: 921px) 100vw, 921px\" \/>\n            <\/div>\n        <\/div><div class=\"eael-entry-wrapper\"><header class=\"eael-entry-header\"><h2 class=\"eael-entry-title\"><a class=\"eael-grid-post-link\" href=\"https:\/\/soymigrante.com\/revista\/a-b-galeria-de-geovani-batz-colorido-creatividad-y-tradicion-de-totonicapan-esta-en-mercado\/\" title=\"B A Galer\u00eda de Geovani Batz: colorido, creatividad y tradici\u00f3n de Totonicap\u00e1n est\u00e1 en MERCADO\">B A Galer\u00eda de Geovani Batz: colorido, creatividad y tradici\u00f3n de Totonicap\u00e1n est\u00e1 en MERCADO<\/a><\/h2><\/header><div class=\"eael-entry-content\">\n                        <div class=\"eael-grid-post-excerpt\"><a href=\"https:\/\/soymigrante.com\/revista\/a-b-galeria-de-geovani-batz-colorido-creatividad-y-tradicion-de-totonicapan-esta-en-mercado\/\" class=\"eael-post-elements-readmore-btn\">CONOCE SU HISTORIA <\/a><\/div>\n                    <\/div><\/div><\/div>\n        <\/div>\n    <\/article><\/div>\n            <div class=\"clearfix\"><\/div>\n        <\/div>\t\t\t\t<\/div>\n\t\t\t\t\t<\/div>\n\t\t\t\t<\/div>\n\t\t<div data-particle_enable=\"false\" data-particle-mobile-disabled=\"false\" class=\"elementor-element elementor-element-bf30b11 e-flex e-con-boxed e-con e-parent\" data-id=\"bf30b11\" data-element_type=\"container\" data-e-type=\"container\">\n\t\t\t\t\t<div class=\"e-con-inner\">\n\t\t\t\t<div class=\"elementor-element elementor-element-8694139 elementor-widget elementor-widget-heading\" data-id=\"8694139\" data-element_type=\"widget\" data-e-type=\"widget\" data-widget_type=\"heading.default\">\n\t\t\t\t\t<h3 class=\"elementor-heading-title elementor-size-default\">\u00bfQu\u00e9 sigue para el ecosistema latinoamericano?<\/h3>\t\t\t\t<\/div>\n\t\t\t\t\t<\/div>\n\t\t\t\t<\/div>\n\t\t<div data-particle_enable=\"false\" data-particle-mobile-disabled=\"false\" class=\"elementor-element elementor-element-6d5b672 e-flex e-con-boxed e-con e-parent\" data-id=\"6d5b672\" data-element_type=\"container\" data-e-type=\"container\">\n\t\t\t\t\t<div class=\"e-con-inner\">\n\t\t\t\t<div class=\"elementor-element elementor-element-149e07a elementor-widget elementor-widget-text-editor\" data-id=\"149e07a\" data-element_type=\"widget\" data-e-type=\"widget\" data-widget_type=\"text-editor.default\">\n\t\t\t\t\t\t\t\t\t<div>Para que la promesa de la innovaci\u00f3n clim\u00e1tica se convierta en realidad, los analistas destacan varios pasos clave:<\/div><div><strong>1.M\u00e1s inversi\u00f3n estrat\u00e9gica<\/strong>: los fondos p\u00fablicos deben alinearse con metas clim\u00e1ticas concretas.<\/div><div><strong>2.Educaci\u00f3n t\u00e9cnica e inclusiva:<\/strong> se necesita talento especializado, pero tambi\u00e9n accesible, que incluya a comunidades rurales e ind\u00edgenas.<\/div><div><strong>3.Escalabilidad:<\/strong> muchas startups a\u00fan operan en fase piloto o regional. Apoyarlas en su expansi\u00f3n es esencial.<\/div><div><strong>4.Alianzas multinacionales:<\/strong> vincular esfuerzos con pa\u00edses africanos o del sudeste asi\u00e1tico puede abrir nuevos mercados y aprendizajes compartidos.<\/div>\t\t\t\t\t\t\t\t<\/div>\n\t\t\t\t\t<\/div>\n\t\t\t\t<\/div>\n\t\t<div data-particle_enable=\"false\" data-particle-mobile-disabled=\"false\" class=\"elementor-element elementor-element-4af5d07 e-flex e-con-boxed e-con e-parent\" data-id=\"4af5d07\" data-element_type=\"container\" data-e-type=\"container\">\n\t\t\t\t\t<div class=\"e-con-inner\">\n\t\t\t\t<div class=\"elementor-element elementor-element-d088628 elementor-widget elementor-widget-text-editor\" data-id=\"d088628\" data-element_type=\"widget\" data-e-type=\"widget\" data-widget_type=\"text-editor.default\">\n\t\t\t\t\t\t\t\t\t<p>En una regi\u00f3n acostumbrada a lidiar con terremotos, sequ\u00edas, inundaciones y pobreza, la creatividad ha sido siempre una herramienta de supervivencia. <a href=\"https:\/\/www.weforum.org\/stories\/2025\/06\/latin-america-climatech-climate-innovation-and-investment\/?utm_source=instagram&amp;utm_medium=social&amp;fbclid=PAQ0xDSwLCPi5leHRuA2FlbQIxMAABpysUA-CkR3XE5iH9r4ZqG4nXByoNfRyetJdzh6qXNC3P3qsqYh0wEmJ-8qho_aem_dO6R4NLxWQm3LfMhoBtjQg\" target=\"_blank\" rel=\"noopener\">Hoy, esa creatividad se convierte en una palanca de cambio global, gracias a la innovaci\u00f3n clim\u00e1tica.<\/a><\/p>\t\t\t\t\t\t\t\t<\/div>\n\t\t\t\t\t<\/div>\n\t\t\t\t<\/div>\n\t\t<div data-particle_enable=\"false\" data-particle-mobile-disabled=\"false\" class=\"elementor-element elementor-element-8c8e9fa e-flex e-con-boxed e-con e-parent\" data-id=\"8c8e9fa\" data-element_type=\"container\" data-e-type=\"container\">\n\t\t\t\t\t<div class=\"e-con-inner\">\n\t\t\t\t<div class=\"elementor-element elementor-element-de99aba elementor-widget elementor-widget-heading\" data-id=\"de99aba\" data-element_type=\"widget\" data-e-type=\"widget\" data-widget_type=\"heading.default\">\n\t\t\t\t\t<h2 class=\"elementor-heading-title elementor-size-default\">Conoce otros temas que te pueden gustar...<\/h2>\t\t\t\t<\/div>\n\t\t\t\t\t<\/div>\n\t\t\t\t<\/div>\n\t\t<div data-particle_enable=\"false\" data-particle-mobile-disabled=\"false\" class=\"elementor-element elementor-element-b0bc799 e-flex e-con-boxed e-con e-parent\" data-id=\"b0bc799\" data-element_type=\"container\" data-e-type=\"container\">\n\t\t\t\t\t<div class=\"e-con-inner\">\n\t\t\t\t<div class=\"elementor-element elementor-element-55973e6 elementor-grid-eael-col-3 elementor-grid-tablet-eael-col-2 elementor-grid-mobile-eael-col-1 elementor-invisible elementor-widget elementor-widget-eael-post-grid\" data-id=\"55973e6\" data-element_type=\"widget\" data-e-type=\"widget\" data-settings=\"{&quot;eael_post_grid_columns&quot;:&quot;eael-col-3&quot;,&quot;_animation&quot;:&quot;rollIn&quot;,&quot;eael_post_grid_columns_tablet&quot;:&quot;eael-col-2&quot;,&quot;eael_post_grid_columns_mobile&quot;:&quot;eael-col-1&quot;}\" data-widget_type=\"eael-post-grid.default\">\n\t\t\t\t\t<div id=\"eael-post-grid-55973e6\" class=\"eael-post-grid-container\">\n            <div class=\"eael-post-grid eael-post-appender eael-post-appender-55973e6 eael-post-grid-style-one\" data-layout-mode=\"masonry\"><article class=\"eael-grid-post  eael-post-grid-column eael-pg-post-21003 category-guate-nuestra tags-mercado-emprendedores\" data-id=\"21003\">\n        <div class=\"eael-grid-post-holder\">\n            <div class=\"eael-grid-post-holder-inner\"><div class=\"eael-entry-media\"><div class=\"eael-entry-overlay fade-in\"><i class=\"far fa-hand-pointer\" aria-hidden=\"true\"><\/i><a href=\"https:\/\/soymigrante.com\/revista\/bolsas-pulseras-y-collares-raices-surgen-con-la-creatividad-y-amor-familiar-de-silvia-flores\/\"><\/a><\/div><div class=\"eael-entry-thumbnail \">\n                <img loading=\"lazy\" decoding=\"async\" width=\"721\" height=\"721\" src=\"https:\/\/soymigrante.com\/revista\/wp-content\/uploads\/2025\/01\/silvia-patricia-raices-1.webp\" class=\"attachment-large size-large wp-image-21004\" alt=\"Artesan\u00edas y joyer\u00eda de migrantes en exclusivo mercado con enfoque en cultura y tradici\u00f3n.\" srcset=\"https:\/\/soymigrante.com\/revista\/wp-content\/uploads\/2025\/01\/silvia-patricia-raices-1.webp 721w, https:\/\/soymigrante.com\/revista\/wp-content\/uploads\/2025\/01\/silvia-patricia-raices-1-300x300.jpg 300w, https:\/\/soymigrante.com\/revista\/wp-content\/uploads\/2025\/01\/silvia-patricia-raices-1-150x150.jpg 150w, https:\/\/soymigrante.com\/revista\/wp-content\/uploads\/2025\/01\/silvia-patricia-raices-1-75x75.webp 75w\" sizes=\"(max-width: 721px) 100vw, 721px\" \/>\n            <\/div>\n        <\/div><div class=\"eael-entry-wrapper\"><header class=\"eael-entry-header\"><h2 class=\"eael-entry-title\"><a class=\"eael-grid-post-link\" href=\"https:\/\/soymigrante.com\/revista\/bolsas-pulseras-y-collares-raices-surgen-con-la-creatividad-y-amor-familiar-de-silvia-flores\/\" title=\"Bolsas, pulseras y collares Ra\u00edces surgen con la creatividad y amor familiar de Silvia Flores\">Bolsas, pulseras y collares Ra\u00edces surgen con la creatividad y amor familiar de Silvia Flores<\/a><\/h2><\/header><div class=\"eael-entry-content\">\n                        <div class=\"eael-grid-post-excerpt\"><a href=\"https:\/\/soymigrante.com\/revista\/bolsas-pulseras-y-collares-raices-surgen-con-la-creatividad-y-amor-familiar-de-silvia-flores\/\" class=\"eael-post-elements-readmore-btn\">CONOCE SU HISTORIA <\/a><\/div>\n                    <\/div><\/div><\/div>\n        <\/div>\n    <\/article><article class=\"eael-grid-post  eael-post-grid-column eael-pg-post-10940 category-guate-nuestra tags-mercado-emprendedores\" data-id=\"10940\">\n        <div class=\"eael-grid-post-holder\">\n            <div class=\"eael-grid-post-holder-inner\"><div class=\"eael-entry-media\"><div class=\"eael-entry-overlay fade-in\"><i class=\"far fa-hand-pointer\" aria-hidden=\"true\"><\/i><a href=\"https:\/\/soymigrante.com\/revista\/black-and-white-piezas-artesanales-de-mostacilla-e-ingenio\/\"><\/a><\/div><div class=\"eael-entry-thumbnail \">\n                <img loading=\"lazy\" decoding=\"async\" width=\"736\" height=\"736\" src=\"https:\/\/soymigrante.com\/revista\/wp-content\/uploads\/2024\/10\/Mostacilla-feature.webp\" class=\"attachment-large size-large wp-image-10943\" alt=\"Amuletos tradicionales de Guatemala hechos a mano con mostacillas representando cultura y protecci\u00f3n.\" srcset=\"https:\/\/soymigrante.com\/revista\/wp-content\/uploads\/2024\/10\/Mostacilla-feature.webp 736w, https:\/\/soymigrante.com\/revista\/wp-content\/uploads\/2024\/10\/Mostacilla-feature-300x300.webp 300w, https:\/\/soymigrante.com\/revista\/wp-content\/uploads\/2024\/10\/Mostacilla-feature-150x150.webp 150w, https:\/\/soymigrante.com\/revista\/wp-content\/uploads\/2024\/10\/Mostacilla-feature-75x75.webp 75w\" sizes=\"(max-width: 736px) 100vw, 736px\" \/>\n            <\/div>\n        <\/div><div class=\"eael-entry-wrapper\"><header class=\"eael-entry-header\"><h2 class=\"eael-entry-title\"><a class=\"eael-grid-post-link\" href=\"https:\/\/soymigrante.com\/revista\/black-and-white-piezas-artesanales-de-mostacilla-e-ingenio\/\" title=\"KLB Studio: mujeres mayas de Solol\u00e1 elaboran accesorios originales con mostacilla y creatividad\">KLB Studio: mujeres mayas de Solol\u00e1 elaboran accesorios originales con mostacilla y creatividad<\/a><\/h2><\/header><div class=\"eael-entry-content\">\n                        <div class=\"eael-grid-post-excerpt\"><a href=\"https:\/\/soymigrante.com\/revista\/black-and-white-piezas-artesanales-de-mostacilla-e-ingenio\/\" class=\"eael-post-elements-readmore-btn\">CONOCE SU HISTORIA <\/a><\/div>\n                    <\/div><\/div><\/div>\n        <\/div>\n    <\/article><article class=\"eael-grid-post  eael-post-grid-column eael-pg-post-10384 category-guate-nuestra\" data-id=\"10384\">\n        <div class=\"eael-grid-post-holder\">\n            <div class=\"eael-grid-post-holder-inner\"><div class=\"eael-entry-media\"><div class=\"eael-entry-overlay fade-in\"><i class=\"far fa-hand-pointer\" aria-hidden=\"true\"><\/i><a href=\"https:\/\/soymigrante.com\/revista\/historias-creatividad-y-economia-se-integran-en-el-ingenio-artesanal-de-guatemala\/\"><\/a><\/div><div class=\"eael-entry-thumbnail \">\n                <img loading=\"lazy\" decoding=\"async\" width=\"640\" height=\"640\" src=\"https:\/\/soymigrante.com\/revista\/wp-content\/uploads\/2024\/10\/artesanias-guatemala-4.webp\" class=\"attachment-large size-large wp-image-10407\" alt=\"Mano sosteniendo una escultura de barro que representa una taza con una hoja decorativa, s\u00edmbolo de la cultura y artesan\u00eda latinoamericana.\" srcset=\"https:\/\/soymigrante.com\/revista\/wp-content\/uploads\/2024\/10\/artesanias-guatemala-4.webp 640w, https:\/\/soymigrante.com\/revista\/wp-content\/uploads\/2024\/10\/artesanias-guatemala-4-300x300.webp 300w, https:\/\/soymigrante.com\/revista\/wp-content\/uploads\/2024\/10\/artesanias-guatemala-4-150x150.webp 150w, https:\/\/soymigrante.com\/revista\/wp-content\/uploads\/2024\/10\/artesanias-guatemala-4-75x75.webp 75w\" sizes=\"(max-width: 640px) 100vw, 640px\" \/>\n            <\/div>\n        <\/div><div class=\"eael-entry-wrapper\"><header class=\"eael-entry-header\"><h2 class=\"eael-entry-title\"><a class=\"eael-grid-post-link\" href=\"https:\/\/soymigrante.com\/revista\/historias-creatividad-y-economia-se-integran-en-el-ingenio-artesanal-de-guatemala\/\" title=\"Historias, creatividad y econom\u00eda se integran en el ingenio artesanal de Guatemala\">Historias, creatividad y econom\u00eda se integran en el ingenio artesanal de Guatemala<\/a><\/h2><\/header><div class=\"eael-entry-content\">\n                        <div class=\"eael-grid-post-excerpt\"><a href=\"https:\/\/soymigrante.com\/revista\/historias-creatividad-y-economia-se-integran-en-el-ingenio-artesanal-de-guatemala\/\" class=\"eael-post-elements-readmore-btn\">CONOCE SU HISTORIA <\/a><\/div>\n                    <\/div><\/div><\/div>\n        <\/div>\n    <\/article><\/div>\n            <div class=\"clearfix\"><\/div>\n        <\/div>\t\t\t\t<\/div>\n\t\t\t\t\t<\/div>\n\t\t\t\t<\/div>\n\t\t\t\t<\/div>\n\t\t","protected":false},"excerpt":{"rendered":"<p>Latinoam\u00e9rica es la regi\u00f3n donde se apuesta por la inversi\u00f3n y soluciones que buscan transformar el futuro. En medio de una crisis clim\u00e1tica que avanza con rapidez y golpea con mayor fuerza a los pa\u00edses en desarrollo, Latinoam\u00e9rica se posiciona como un territorio f\u00e9rtil para la innovaci\u00f3n clim\u00e1tica, mejor conocida como climatech. A pesar de [&hellip;]<\/p>\n","protected":false},"author":19,"featured_media":36936,"comment_status":"open","ping_status":"open","sticky":false,"template":"","format":"standard","meta":{"_acf_changed":false,"_eb_attr":"","footnotes":""},"categories":[54],"tags":[],"class_list":["post-36892","post","type-post","status-publish","format-standard","has-post-thumbnail","hentry","category-estamos-unidos"],"acf":[],"aioseo_notices":[],"aioseo_head":"\n\t\t<!-- All in One SEO Pro 4.9.6.2 - aioseo.com -->\n\t<meta name=\"description\" content=\"Historias personales y familiares, innovaci\u00f3n e identidad cultural se conjugan en cada art\u00edculo elaborado manualmente por emprendedores y artesanos de Guatemala.\" \/>\n\t<meta name=\"robots\" content=\"max-snippet:-1, max-image-preview:large, max-video-preview:-1\" \/>\n\t<meta name=\"author\" content=\"Gustavo Montenegro\"\/>\n\t<link rel=\"canonical\" href=\"https:\/\/soymigrante.com\/revista\/historias-creatividad-y-economia-se-integran-en-el-ingenio-artesanal-de-guatemala\/\" \/>\n\t<meta name=\"generator\" content=\"All in One SEO Pro (AIOSEO) 4.9.6.2\" \/>\n\n\t\t<link rel=\"preconnect\" href=\"https:\/\/fonts.googleapis.com\" crossorigin>\n<link rel=\"preconnect\" href=\"https:\/\/fonts.gstatic.com\" crossorigin>\n\t\t<meta property=\"og:locale\" content=\"es_ES\" \/>\n\t\t<meta property=\"og:site_name\" content=\"SoyMigrante.com REVISTA \u2013 Nuestra misi\u00f3n es reconocer y dignificar al migrante.\" \/>\n\t\t<meta property=\"og:type\" content=\"article\" \/>\n\t\t<meta property=\"og:title\" content=\"Ingenio guatemalteco brilla art\u00edculos elaborados a mano\" \/>\n\t\t<meta property=\"og:description\" content=\"Historias personales y familiares, innovaci\u00f3n e identidad cultural se conjugan en cada art\u00edculo elaborado manualmente por emprendedores y artesanos de Guatemala.\" \/>\n\t\t<meta property=\"og:url\" content=\"https:\/\/soymigrante.com\/revista\/historias-creatividad-y-economia-se-integran-en-el-ingenio-artesanal-de-guatemala\/\" \/>\n\t\t<meta property=\"og:image\" content=\"https:\/\/soymigrante.com\/revista\/wp-content\/uploads\/2024\/10\/artesanias-guatemala-4.webp\" \/>\n\t\t<meta property=\"og:image:secure_url\" content=\"https:\/\/soymigrante.com\/revista\/wp-content\/uploads\/2024\/10\/artesanias-guatemala-4.webp\" \/>\n\t\t<meta property=\"og:image:width\" content=\"640\" \/>\n\t\t<meta property=\"og:image:height\" content=\"640\" \/>\n\t\t<meta property=\"article:published_time\" content=\"2024-10-15T23:55:57+00:00\" \/>\n\t\t<meta property=\"article:modified_time\" content=\"2024-10-16T00:17:31+00:00\" \/>\n\t\t<meta property=\"article:publisher\" content=\"https:\/\/www.facebook.com\/soymigrantecom\" \/>\n\t\t<meta name=\"twitter:card\" content=\"summary_large_image\" \/>\n\t\t<meta name=\"twitter:site\" content=\"@SoyMigrante_com\" \/>\n\t\t<meta name=\"twitter:title\" content=\"Ingenio guatemalteco brilla art\u00edculos elaborados a mano\" \/>\n\t\t<meta name=\"twitter:description\" content=\"Historias personales y familiares, innovaci\u00f3n e identidad cultural se conjugan en cada art\u00edculo elaborado manualmente por emprendedores y artesanos de Guatemala.\" \/>\n\t\t<meta name=\"twitter:creator\" content=\"@SoyMigrante_com\" \/>\n\t\t<meta name=\"twitter:image\" content=\"https:\/\/soymigrante.com\/revista\/wp-content\/uploads\/2024\/10\/artesanias-guatemala-4.webp\" \/>\n\t\t<!-- All in One SEO Pro -->\r\n\t\t<title>Ingenio guatemalteco brilla art\u00edculos elaborados a mano<\/title>\n\n","aioseo_head_json":{"title":"Ingenio guatemalteco brilla art\u00edculos elaborados a mano","description":"Historias personales y familiares, innovaci\u00f3n e identidad cultural se conjugan en cada art\u00edculo elaborado manualmente por emprendedores y artesanos de Guatemala.","canonical_url":"https:\/\/soymigrante.com\/revista\/historias-creatividad-y-economia-se-integran-en-el-ingenio-artesanal-de-guatemala\/","robots":"max-snippet:-1, max-image-preview:large, max-video-preview:-1","keywords":"","webmasterTools":{"miscellaneous":"&lt;link rel=\"preconnect\" href=\"https:\/\/fonts.googleapis.com\" crossorigin&gt;\n&lt;link rel=\"preconnect\" href=\"https:\/\/fonts.gstatic.com\" crossorigin&gt;"},"schema":null,"og:locale":"es_ES","og:site_name":"SoyMigrante.com REVISTA \u2013 Nuestra misi\u00f3n es reconocer y dignificar al migrante.","og:type":"article","og:title":"Ingenio guatemalteco brilla art\u00edculos elaborados a mano","og:description":"Historias personales y familiares, innovaci\u00f3n e identidad cultural se conjugan en cada art\u00edculo elaborado manualmente por emprendedores y artesanos de Guatemala.","og:url":"https:\/\/soymigrante.com\/revista\/historias-creatividad-y-economia-se-integran-en-el-ingenio-artesanal-de-guatemala\/","og:image":"https:\/\/soymigrante.com\/revista\/wp-content\/uploads\/2024\/10\/artesanias-guatemala-4.webp","og:image:secure_url":"https:\/\/soymigrante.com\/revista\/wp-content\/uploads\/2024\/10\/artesanias-guatemala-4.webp","og:image:width":640,"og:image:height":640,"article:published_time":"2024-10-15T23:55:57+00:00","article:modified_time":"2024-10-16T00:17:31+00:00","article:publisher":"https:\/\/www.facebook.com\/soymigrantecom","twitter:card":"summary_large_image","twitter:site":"@SoyMigrante_com","twitter:title":"Ingenio guatemalteco brilla art\u00edculos elaborados a mano","twitter:description":"Historias personales y familiares, innovaci\u00f3n e identidad cultural se conjugan en cada art\u00edculo elaborado manualmente por emprendedores y artesanos de Guatemala.","twitter:creator":"@SoyMigrante_com","twitter:image":"https:\/\/soymigrante.com\/revista\/wp-content\/uploads\/2024\/10\/artesanias-guatemala-4.webp"},"aioseo_meta_data":{"post_id":"36892","title":"Emprendimiento crece en Latinoam\u00e9rica: Foro Econ\u00f3mico Mundial","description":"Apuesta por la inversi\u00f3n, emprendimiento y brindar soluciones pueden ser decisivas para la transformaci\u00f3n y el crecimiento de pa\u00edses de Latinoam\u00e9rica..","keywords":null,"keyphrases":{"focus":{"keyphrase":"Latinoam\u00e9rica","score":69,"analysis":{"keyphraseInTitle":{"score":9,"maxScore":9,"error":0},"keyphraseInDescription":{"score":9,"maxScore":9,"error":0},"keyphraseLength":{"score":9,"maxScore":9,"error":0,"length":2},"keyphraseInURL":{"score":5,"maxScore":5,"error":0},"keyphraseInIntroduction":{"score":9,"maxScore":9,"error":0},"keyphraseInSubHeadings":{"score":3,"maxScore":9,"error":1},"keyphraseInImageAlt":{"score":3,"maxScore":9,"error":1},"keywordDensity":{"score":0,"type":"low","maxScore":9,"error":1}}},"additional":[{"keyphrase":"Crecimiento","score":53,"analysis":{"keyphraseInDescription":{"score":9,"maxScore":9,"error":0},"keyphraseLength":{"score":9,"maxScore":9,"error":0,"length":1},"keyphraseInIntroduction":{"score":3,"maxScore":9,"error":1},"keyphraseInImageAlt":{"score":3,"maxScore":9,"error":1},"keywordDensity":{"score":0,"type":"low","maxScore":9,"error":1}}},{"keyphrase":"Emprendimiento","score":67,"analysis":{"keyphraseInDescription":{"score":9,"maxScore":9,"error":0},"keyphraseLength":{"score":9,"maxScore":9,"error":0,"length":1},"keyphraseInIntroduction":{"score":3,"maxScore":9,"error":1},"keyphraseInImageAlt":{"score":9,"maxScore":9,"error":0},"keywordDensity":{"score":0,"type":"low","maxScore":9,"error":1}}}]},"primary_term":null,"canonical_url":null,"og_title":null,"og_description":null,"og_object_type":"default","og_image_type":"default","og_image_url":null,"og_image_width":null,"og_image_height":null,"og_image_custom_url":null,"og_image_custom_fields":null,"og_video":"","og_custom_url":null,"og_article_section":null,"og_article_tags":null,"twitter_use_og":false,"twitter_card":"default","twitter_image_type":"default","twitter_image_url":null,"twitter_image_custom_url":null,"twitter_image_custom_fields":null,"twitter_title":null,"twitter_description":null,"schema":{"blockGraphs":[],"customGraphs":[],"default":{"data":{"Article":[],"Course":[],"Dataset":[],"FAQPage":[],"Movie":[],"Person":[],"Product":[],"ProductReview":[],"Car":[],"Recipe":[],"Service":[],"SoftwareApplication":[],"WebPage":[]},"graphName":"none","isEnabled":true},"graphs":[]},"schema_type":"default","schema_type_options":null,"pillar_content":false,"robots_default":true,"robots_noindex":false,"robots_noarchive":false,"robots_nosnippet":false,"robots_nofollow":false,"robots_noimageindex":false,"robots_noodp":false,"robots_notranslate":false,"robots_max_snippet":"-1","robots_max_videopreview":"-1","robots_max_imagepreview":"large","priority":null,"frequency":"default","local_seo":null,"seo_analyzer_scan_date":"2025-10-09 06:05:16","breadcrumb_settings":null,"limit_modified_date":false,"reviewed_by":"0","open_ai":"{\"title\":{\"suggestions\":[],\"usage\":0},\"description\":{\"suggestions\":[],\"usage\":0}}","ai":null,"created":"2025-06-20 17:55:47","updated":"2026-02-05 01:17:19"},"aioseo_breadcrumb":"<div class=\"aioseo-breadcrumbs\"><span class=\"aioseo-breadcrumb\">\n\t<a href=\"https:\/\/soymigrante.com\/revista\" title=\"Home\">Home<\/a>\n<\/span><span class=\"aioseo-breadcrumb-separator\">\u00bb<\/span><span class=\"aioseo-breadcrumb\">\n\t<a href=\"https:\/\/soymigrante.com\/revista\/category\/estamos-unidos\/\" title=\"Estamos Unidos\">Estamos Unidos<\/a>\n<\/span><span class=\"aioseo-breadcrumb-separator\">\u00bb<\/span><span class=\"aioseo-breadcrumb\">\n\tLatinoam\u00e9rica avanza en emprendimiento e innovaci\u00f3n: Foro Econ\u00f3mico Mundial\n<\/span><\/div>","aioseo_breadcrumb_json":[{"label":"Home","link":"https:\/\/soymigrante.com\/revista"},{"label":"Estamos Unidos","link":"https:\/\/soymigrante.com\/revista\/category\/estamos-unidos\/"},{"label":"Latinoam\u00e9rica avanza en emprendimiento e innovaci\u00f3n: Foro Econ\u00f3mico Mundial","link":"https:\/\/soymigrante.com\/revista\/latinoamerica-avanza-en-emprendimiento-e-innovacion-foro-economico-mundial\/"}],"_links":{"self":[{"href":"https:\/\/soymigrante.com\/revista\/wp-json\/wp\/v2\/posts\/36892","targetHints":{"allow":["GET"]}}],"collection":[{"href":"https:\/\/soymigrante.com\/revista\/wp-json\/wp\/v2\/posts"}],"about":[{"href":"https:\/\/soymigrante.com\/revista\/wp-json\/wp\/v2\/types\/post"}],"author":[{"embeddable":true,"href":"https:\/\/soymigrante.com\/revista\/wp-json\/wp\/v2\/users\/19"}],"replies":[{"embeddable":true,"href":"https:\/\/soymigrante.com\/revista\/wp-json\/wp\/v2\/comments?post=36892"}],"version-history":[{"count":18,"href":"https:\/\/soymigrante.com\/revista\/wp-json\/wp\/v2\/posts\/36892\/revisions"}],"predecessor-version":[{"id":37042,"href":"https:\/\/soymigrante.com\/revista\/wp-json\/wp\/v2\/posts\/36892\/revisions\/37042"}],"wp:featuredmedia":[{"embeddable":true,"href":"https:\/\/soymigrante.com\/revista\/wp-json\/wp\/v2\/media\/36936"}],"wp:attachment":[{"href":"https:\/\/soymigrante.com\/revista\/wp-json\/wp\/v2\/media?parent=36892"}],"wp:term":[{"taxonomy":"category","embeddable":true,"href":"https:\/\/soymigrante.com\/revista\/wp-json\/wp\/v2\/categories?post=36892"},{"taxonomy":"post_tag","embeddable":true,"href":"https:\/\/soymigrante.com\/revista\/wp-json\/wp\/v2\/tags?post=36892"}],"curies":[{"name":"wp","href":"https:\/\/api.w.org\/{rel}","templated":true}]}}